{"id":788,"date":"2013-11-25T13:51:23","date_gmt":"2013-11-25T12:51:23","guid":{"rendered":"http:\/\/www.analysedepratique.org\/?p=788"},"modified":"2015-01-12T14:56:28","modified_gmt":"2015-01-12T13:56:28","slug":"788","status":"publish","type":"post","link":"https:\/\/www.analysedepratique.org\/?p=788","title":{"rendered":"Documents et rapports"},"content":{"rendered":"<p>&nbsp;<\/p>\n<p>On trouvera dans cette bibliographie \u00e9volutive les r\u00e9f\u00e9rences de documents et rapports que nous estimons utiles pour toute personne d\u00e9sirant se documenter sur l&rsquo;analyse de pratiques professionnelles.<\/p>\n<p>Merci de nous signaler via la\u00a0<strong><a title=\"Contact\" href=\"http:\/\/www.analysedepratique.org\/?page_id=34\">page CONTACT<\/a><\/strong>\u00a0les documents et rapports non encore r\u00e9pertori\u00e9s ici en lien avec l\u2019analyse de pratiques professionnelles.<\/p>\n<p>&nbsp;<\/p>\n<p style=\"text-align: left;\"><strong>D&rsquo;autres ressources sont disponibles ici :<\/strong><br \/>\n&nbsp;<br \/>\n<a href=\"http:\/\/www.analysedepratique.org\/?p=244\" class=\"shortcode button  \" style=\"background-color: silver;\" target=\"\" onclick=\"\"><span style=\"color: #7b263c;\"><strong>Sites internet<\/strong><\/span><\/a>\n<a href=\"http:\/\/www.analysedepratique.org\/?p=778\" class=\"shortcode button  \" style=\"background-color: silver;\" target=\"\" onclick=\"\"> <span style=\"color: #7b263c;\"><strong>Livres<\/strong><\/span> <\/a>\n<a href=\"http:\/\/www.analysedepratique.org\/?p=784\" class=\"shortcode button  \" style=\"background-color: silver;\" target=\"\" onclick=\"\"> <span style=\"color: #7b263c;\"><strong>Revues<\/strong><\/span> <\/a>\n<a href=\"http:\/\/www.analysedepratique.org\/?p=265\" class=\"shortcode button  \" style=\"background-color: silver;\" target=\"\" onclick=\"\"> <span style=\"color: #7b263c;\"><strong>Articles<\/strong><\/span> <\/a>\n<p>&nbsp;<br \/>\n&nbsp;<br \/>\n&nbsp;<br \/>\n<b>Documents et rapports en lien avec l\u2019analyse de pratiques professionnelles<br \/>\n<\/b><b>\u00a0<\/b><\/p>\n<p align=\"left\"><i>Actes DESCO<\/i> (2002).<i> <\/i>Analyse de pratiques professionnelles et entr\u00e9e dans le m\u00e9tier. Versailles\u00a0: CRDP. T\u00e9l\u00e9chargeable sur <a href=\"http:\/\/eduscol.education.fr\/cid46625\/actes-du-seminairel-analyse-de-pratiques-professionnelles-et-l-entree-dans-le-metier-les-23-et-24-janvier-2002-a-paris.html\">http:\/\/eduscol.education.fr\/cid46625\/actes-du-seminairel-analyse-de-pratiques-professionnelles-et-l-entree-dans-le-metier-les-23-et-24-janvier-2002-a-paris.html<\/a><\/p>\n<p align=\"left\"><i>Actes DESCO<\/i> (2003).<i> <\/i>Analyse de pratiques et professionnalit\u00e9 des enseignants. Versailles\u00a0: CRDP. T\u00e9l\u00e9chargeable sur <a href=\"http:\/\/eduscol.education.fr\/cid46605\/actes-de-l-universite-d-automne-analyse-de-pratiques-et-professionnalite-des-enseignants-les-28-29-30-et-31-octobre-2002-a-paris.html\">http:\/\/eduscol.education.fr\/cid46605\/actes-de-l-universite-d-automne-analyse-de-pratiques-et-professionnalite-des-enseignants-les-28-29-30-et-31-octobre-2002-a-paris.html<\/a><\/p>\n<p><i>Actes du s\u00e9minaire des IUFM du P\u00f4le Sud-Est<\/i> (2001). Entretien de formation en visite de classe 24-25. Montpellier\u00a0: IUFM.<\/p>\n<p><i>Production du groupe de formation action\u00a0 <\/i>(1998-1999). \u00a0Analyse de Pratiques Professionnelles. Documents n\u00b01- 2 \u2013 3 &#8211; 4. Montpellier\u00a0: GFAPP CPC \u2013 34. T\u00e9l\u00e9chargeable sur <a href=\"http:\/\/probo.free.fr\/documents_collectifs\/docs_collectifs.htm\">http:\/\/probo.free.fr\/documents_collectifs\/docs_collectifs.htm<\/a><\/p>\n<p><i>Publications de l\u2019Universit\u00e9 Paul Val\u00e9ry <\/i>\u00a0(1992). Vincens, Cl., Fumat, Y., &amp; Porte, J. Analyser les Situations \u00c9ducatives. Montpellier, d\u00e9partement des sciences de l\u2019\u00e9ducation.<\/p>\n<p><i>Rapport de recherche <\/i>\u00a0(2001). Donnay,\u00a0 J. &amp;<i> al<\/i>. \u00a0Recherche sur le r\u00f4le des ma\u00eetres de stage dans la formation initiale des enseignants<i>.<\/i> Namur.<\/p>\n<p align=\"left\"><i>Rapport final de recherche sur diff\u00e9rents dispositifs d\u2019APP<\/i> \u00a0(2005). Analyse de pratiques professionnelles (APP). GFR, Universit\u00e9\u00a0de Reims. T\u00e9l\u00e9chargeable sur<br \/>\n<a href=\"http:\/\/www.univ-reims.fr\/gallery_files\/site\/1\/90\/4401\/5803\/5807\/5809.pdf\">http:\/\/www.univ-reims.fr\/gallery_files\/site\/1\/90\/4401\/5803\/5807\/5809.pdf<\/a><\/p>\n<div id=\"themify_builder_content-788\" data-postid=\"788\" class=\"themify_builder_content themify_builder_content-788 themify_builder themify_builder_front\">\n\n\t<\/div>\n<!-- \/themify_builder_content -->","protected":false},"excerpt":{"rendered":"<p>&nbsp; On trouvera dans cette bibliographie \u00e9volutive les r\u00e9f\u00e9rences de documents et rapports que nous estimons utiles pour toute personne d\u00e9sirant se documenter sur l&rsquo;analyse de pratiques professionnelles. Merci de nous signaler via la\u00a0page CONTACT\u00a0les documents et rapports non encore r\u00e9pertori\u00e9s ici en lien avec l\u2019analyse de pratiques professionnelles. &nbsp; D&rsquo;autres ressources sont disponibles ici [&hellip;]<\/p>\n","protected":false},"author":2,"featured_media":0,"comment_status":"open","ping_status":"open","sticky":false,"template":"","format":"standard","meta":{"_jetpack_newsletter_access":"","_jetpack_dont_email_post_to_subs":false,"_jetpack_newsletter_tier_id":0,"_jetpack_memberships_contains_paywalled_content":false,"_jetpack_memberships_contains_paid_content":false,"footnotes":""},"categories":[1,23],"tags":[],"class_list":["post-788","post","type-post","status-publish","format-standard","hentry","category-non-classe","category-ressources","has-post-title","no-post-date","has-post-category","has-post-tag","has-post-comment","has-post-author"],"jetpack_featured_media_url":"","jetpack_shortlink":"https:\/\/wp.me\/s3VXfJ-788","jetpack_sharing_enabled":true,"_links":{"self":[{"href":"https:\/\/www.analysedepratique.org\/index.php?rest_route=\/wp\/v2\/posts\/788","targetHints":{"allow":["GET"]}}],"collection":[{"href":"https:\/\/www.analysedepratique.org\/index.php?rest_route=\/wp\/v2\/posts"}],"about":[{"href":"https:\/\/www.analysedepratique.org\/index.php?rest_route=\/wp\/v2\/types\/post"}],"author":[{"embeddable":true,"href":"https:\/\/www.analysedepratique.org\/index.php?rest_route=\/wp\/v2\/users\/2"}],"replies":[{"embeddable":true,"href":"https:\/\/www.analysedepratique.org\/index.php?rest_route=%2Fwp%2Fv2%2Fcomments&post=788"}],"version-history":[{"count":32,"href":"https:\/\/www.analysedepratique.org\/index.php?rest_route=\/wp\/v2\/posts\/788\/revisions"}],"predecessor-version":[{"id":1557,"href":"https:\/\/www.analysedepratique.org\/index.php?rest_route=\/wp\/v2\/posts\/788\/revisions\/1557"}],"wp:attachment":[{"href":"https:\/\/www.analysedepratique.org\/index.php?rest_route=%2Fwp%2Fv2%2Fmedia&parent=788"}],"wp:term":[{"taxonomy":"category","embeddable":true,"href":"https:\/\/www.analysedepratique.org\/index.php?rest_route=%2Fwp%2Fv2%2Fcategories&post=788"},{"taxonomy":"post_tag","embeddable":true,"href":"https:\/\/www.analysedepratique.org\/index.php?rest_route=%2Fwp%2Fv2%2Ftags&post=788"}],"curies":[{"name":"wp","href":"https:\/\/api.w.org\/{rel}","templated":true}]}}