{"id":6100,"date":"2025-06-29T21:47:27","date_gmt":"2025-06-29T20:47:27","guid":{"rendered":"https:\/\/www.analysedepratique.org\/?p=6100"},"modified":"2026-04-01T16:53:20","modified_gmt":"2026-04-01T15:53:20","slug":"que-peut-apporter-lentretien-dexplicitation-en-analyse-de-la-pratique-professionnelle","status":"publish","type":"post","link":"https:\/\/www.analysedepratique.org\/?p=6100","title":{"rendered":"Que peut apporter l\u2019Entretien d\u2019Explicitation en analyse de la pratique professionnelle ?"},"content":{"rendered":"<p>&nbsp;<\/p>\n<h3 style=\"text-align: left;\" align=\"center\"><strong><em>Michaela Knuchel-Bossel<\/em><\/strong><\/h3>\n<p><em>Formatrice, animatrice, superviseure \u00e0 Bienne (Suisse)<\/em><br \/>\n<em><a href=\"mailto:mkb@superviseurs.ch\">mkb@superviseurs.ch<\/a><\/em><\/p>\n<h4><i><br \/>\nR\u00e9sum\u00e9<\/i><\/h4>\n<p>Cet article se penche sur trois entretiens d\u2019explicitation qui ont eu lieu durant des s\u00e9ances de supervision p\u00e9dagogique individuelle. A travers leurs transcriptions, il en montre le d\u00e9roulement. Il explore de quelle mani\u00e8re ce type d\u2019entretien peut apporter une plus-value \u00e0 l\u2019analyse de la pratique professionnelle et questionne ainsi sa pertinence dans ce contexte.<\/p>\n<h5><em>Mots-cl\u00e9s\u00a0<\/em><\/h5>\n<p>entretien d\u2019explicitation, supervision p\u00e9dagogique, analyse r\u00e9flexive<\/p>\n<h5><em>Cat\u00e9gorie d&rsquo;article\u00a0<\/em><\/h5>\n<p>Texte de r\u00e9flexion en lien avec des pratiques ; techniques et outils au service de l\u2019analyse de pratiques professionnelles<\/p>\n<h5><em>R\u00e9f\u00e9rencement\u00a0<\/em><\/h5>\n<p>Knuchel-Bossel, M. (2025). Que peut apporter l\u2019Entretien d\u2019Explicitation en analyse de la pratique professionnelle ? <em>Revue de l\u2019analyse de pratiques professionnelles<\/em>, 27, 79-105. https:\/\/www.analysedepratique.org\/?p=6100.<\/p>\n<hr class=\"shortcode hr light-gray\" style=\"border-width:1px;\" \/>\n<p><a href=\"http:\/\/www.analysedepratique.org\/wp-content\/uploads\/michaela-knuchel-bossel-revue-app-juillet2025.pdf\"><img loading=\"lazy\" decoding=\"async\" class=\"alignnone\" src=\"https:\/\/www.analysedepratique.org\/wp-content\/uploads\/download-icon.png\" alt=\"download-icon\" width=\"24\" height=\"29\" \/><\/a><a href=\"http:\/\/www.analysedepratique.org\/wp-content\/uploads\/michaela-knuchel-bossel-revue-app-juillet2025.pdf\">Article en PDF<\/a> \u00a0\u00a0\u00a0\u00a0 \u00a0 \u00a0 \u00a0 <a href=\"#co\"><img loading=\"lazy\" decoding=\"async\" src=\"https:\/\/www.analysedepratique.org\/wp-content\/uploads\/et-info-comment.png\" alt=\"et-info-comment\" width=\"30\" height=\"31\" \/><\/a>\u00a0<a href=\"#co\">Commentaires<\/a><\/p>\n<hr \/>\n<h5><strong>What can the Explanatory Interview contribute to the analysis of professional practice ?<\/strong><\/h5>\n<h5><em>Abstract<\/em><\/h5>\n<p style=\"text-align: justify;\">This article looks at three explanatory interviews that took place during individual pedagogical supervision sessions. Through their transcriptions, it shows how they unfolded. It explores how this type of interview can add value to the analysis of professional practice and questions its relevance in this context.<\/p>\n<h5><em>Keywords<\/em><\/h5>\n<p>explanatory interview, educational supervision, reflective analysis<\/p>\n<hr \/>\n<h5><strong>Qual \u00e9 a contribui\u00e7\u00e3o da entrevista explicativa para a an\u00e1lise da pr\u00e1tica profissional?\u00a0<\/strong><\/h5>\n<h5><em>Resumo<\/em><\/h5>\n<p style=\"text-align: justify;\">Este artigo analisa tr\u00eas entrevistas explicativas que ocorreram durante sess\u00f5es individuais de supervis\u00e3o pedag\u00f3gica. Por meio de suas transcri\u00e7\u00f5es, ele mostra como elas foram conduzidas. Ele explora como esse tipo de entrevista pode agregar valor \u00e0 an\u00e1lise da pr\u00e1tica profissional e questiona sua relev\u00e2ncia nesse contexto.<\/p>\n<h5><em>Palavras-chave<\/em><\/h5>\n<p>entrevista explicativa, supervis\u00e3o educacional, an\u00e1lise reflexiva<\/p>\n<hr \/>\n<p style=\"text-align: justify;\">[toc]<\/p>\n<h4><strong>1. Introduction<\/strong><\/h4>\n<p style=\"text-align: justify;\">L\u2019occasion s\u2019est pr\u00e9sent\u00e9e r\u00e9cemment d\u2019utiliser \u00e0 plusieurs reprises la technique de l\u2019Entretien d\u2019Explicitation (EdE dans la suite de l\u2019article) pour d\u00e9velopper de l\u2019analyse de la pratique professionnelle dans le cadre de supervisions p\u00e9dagogiques individuelles. Les effets produits par l\u2019utilisation de cette technique m\u2019ont interpell\u00e9e.<\/p>\n<p style=\"text-align: justify;\">Je suis animatrice certifi\u00e9e de groupes d\u2019analyse de pratiques professionnelles et superviseure dipl\u00f4m\u00e9e dans les domaines de l\u2019action sociale, \u00e9ducative, psychosociale, et de la sant\u00e9. J\u2019ai suivi les formations initiale (niveaux I et II) et avanc\u00e9es (niveau III) en EdE en Suisse et en France. Je suis \u00e9galement form\u00e9e \u00e0 la Pleine Conscience (MBCT<a href=\"#_ftn1\" name=\"_ftnref1\">[1]<\/a>) et \u00e0 l\u2019utilisation de la Pleine Conscience en formation (MBI<a href=\"#_ftn2\" name=\"_ftnref2\">[2]<\/a>). Mes interventions prennent place dans des contextes institutionnels divers tels que \u00e9coles, \u00e9coles sup\u00e9rieures, \u00e9coles professionnelles, centres d\u2019accueil pour requ\u00e9rants d\u2019asile et entreprises priv\u00e9es.<\/p>\n<p style=\"text-align: justify;\">Dans cet article, je vais me pencher sur trois EdE effectu\u00e9s dans une vis\u00e9e d\u2019analyse de la pratique dans le cadre de la supervision p\u00e9dagogique de deux jeunes femmes \u2013 appelons-les Sylvie et Alicia qui obtiendront un dipl\u00f4me d\u2019\u00e9ducatrice de l\u2019enfance. Je les remercie chaleureusement de m\u2019avoir autoris\u00e9e \u00e0 me baser sur leur v\u00e9cu en supervision pour cet article. Je tairai les noms de leurs institutions formatrices pour pr\u00e9server leur anonymat mais il s\u2019agit d\u2019\u00e9coles sup\u00e9rieures (ES) qui permettent aux professionnels titulaires d\u2019un certificat f\u00e9d\u00e9ral de capacit\u00e9 (CFC) ou d\u2019une qualification \u00e9quivalente d\u2019obtenir un dipl\u00f4me f\u00e9d\u00e9ral de degr\u00e9 tertiaire.<a href=\"#_ftn3\" name=\"_ftnref3\"><sup>[3]<\/sup><\/a> Elles travaillent les deux dans des institutions priv\u00e9es.<\/p>\n<p style=\"text-align: justify;\">Je vais dans cet article pr\u00e9ciser en quoi ma r\u00e9flexion porte sur l\u2019analyse de la pratique professionnelle en clarifiant d\u2019abord des questions de terminologie et en pr\u00e9sentant l\u2019EdE comme technique. J\u2019illustrerai mon propos avec l\u2019analyse de trois moments d\u2019EdE men\u00e9s en supervision puis je tenterai de d\u00e9gager les apports et plus-values que peut apporter l\u2019EdE \u00e0 l\u2019analyse de la pratique.<\/p>\n<h4><strong>2. Quelques \u00e9l\u00e9ments du contexte <\/strong><\/h4>\n<p style=\"text-align: justify;\">La supervision p\u00e9dagogique est un dispositif int\u00e9gr\u00e9 \u00e0 la formation d\u2019\u00e9ducation de l\u2019enfance des \u00e9coles fr\u00e9quent\u00e9es. Consid\u00e9r\u00e9e comme un acte de formation, elle vise \u00e0 d\u00e9velopper les comp\u00e9tences professionnelles et personnelles en promouvant une posture r\u00e9flexive sur sa pratique et ses relations, sur les valeurs individuelles et institutionnelles, sur ses \u00e9motions, ses r\u00e9f\u00e9rences th\u00e9oriques et son identit\u00e9 professionnelle. Les personnes en formation ont l\u2019obligation de suivre entre dix et vingt heures de supervision individuelle r\u00e9parties sur deux ans, accompagn\u00e9es par un superviseur dipl\u00f4m\u00e9 membre de l\u2019Association suisse des Superviseurs (ARS). L\u2019attestation de supervision leur permet d\u2019acc\u00e9der \u00e0 la proc\u00e9dure de qualification finale et \u00e0 l\u2019obtention du dipl\u00f4me<a href=\"#_ftn4\" name=\"_ftnref4\"><sup>[4]<\/sup><\/a>.<\/p>\n<p style=\"text-align: justify;\"><em>\u00ab\u00a0La supervision prend du sens lorsque le supervis\u00e9 renforce la conscience de lui-m\u00eame, de ses actes, de ses responsabilit\u00e9s, de son engagement, de sa volont\u00e9 \u00e0 coop\u00e9rer et de sa capacit\u00e9 \u00e0 cr\u00e9er des liens interpersonnels.\u00a0<\/em>\u00bb<a href=\"#_ftn5\" name=\"_ftnref5\"><sup>[5]<\/sup><\/a>. Cette affirmation est absolument pertinente dans le cadre d\u2019une supervision p\u00e9dagogique puisque le fait de prendre conscience de ses actes est lui-m\u00eame formateur en permettant de reproduire, d\u2019am\u00e9liorer ou de rectifier un acte inconscient et souvent automatique.<\/p>\n<h4><strong>3. De quoi parlons-nous ? questions de terminologie\u2026<\/strong><\/h4>\n<p style=\"text-align: justify;\"><em>L\u2019analyse de pratiques professionnelles<\/em><\/p>\n<p style=\"text-align: justify;\">Pourquoi ma r\u00e9flexion trouve-t-elle sa place dans la r\u00e9flexion g\u00e9n\u00e9rale sur la d\u00e9finition de l\u2019analyse de pratiques\u00a0? Ici m\u00eame, dans la Revue des Analyses de Pratiques professionnelles, plusieurs articles ont d\u00e9j\u00e0 abord\u00e9 la question des diff\u00e9rences et similitudes entre APP et supervision<a href=\"#_ftn6\" name=\"_ftnref6\"><sup>[6]<\/sup><\/a> ou encore d\u2019autres dispositifs d\u2019accompagnement comme le coaching. Sans entrer dans ce d\u00e9bat, je m\u2019inscris ici dans le cadre de \u00ab\u00a0l\u2019analyse de <u>la<\/u> pratique professionnelle\u00a0\u00bb, pratiqu\u00e9e en individuel et non pas en groupe. Quelles en sont les caract\u00e9ristiques\u00a0que je retiens\u00a0?<\/p>\n<ul style=\"text-align: justify;\">\n<li>L\u2019objet de l\u2019analyse est la pratique d\u2019un ou une professionnelle, ce qui veut dire que le point de d\u00e9part de la r\u00e9flexion sera toujours une situation et\/ou une r\u00e9flexion issues du domaine professionnel. Cependant, il est clair que la fronti\u00e8re entre le moi personnel et le moi professionnel est poreuse et que des \u00e9l\u00e9ments personnels peuvent s\u2019inviter dans la r\u00e9flexion\u00a0;<\/li>\n<li>Lorsque je consid\u00e8re la pratique professionnelle, je prends en compte l\u2019agir professionnel avec tout ce qui le sous-tend\u00a0: le r\u00e9f\u00e9rentiel, l\u2019exp\u00e9rience, les croyances, les valeurs, les intentions\u00a0;<\/li>\n<li>L\u2019analyse de la pratique professionnelle poursuit un but de formation. Ce n\u2019est pas l\u2019analyse pour la beaut\u00e9 de l\u2019analyse mais bien pour \u00eatre transf\u00e9r\u00e9e dans la pratique professionnelle\u00a0;<\/li>\n<li>La vis\u00e9e de l\u2019analyse est la prise de conscience de sa pratique et la prise de recul sur ce que la personne vit dans toute sa complexit\u00e9 et toute sa subjectivit\u00e9. \u00ab\u00a0<em>Ce processus d\u2019\u00e9mergence d\u2019une conscience permet d\u2019ouvrir la perspective d\u2019un \u00ab\u00a0penser autrement\u00a0\u00bb et donc de l\u2019\u00e9ventualit\u00e9 d\u2019un \u00ab\u00a0agir autrement\u00a0\u00bb<a href=\"#_ftn7\" name=\"_ftnref7\"><sup><strong>[7]<\/strong><\/sup><\/a>;<\/em><\/li>\n<li>Le fait qu\u2019il s\u2019agisse de supervisions individuelles exclut \u00e9videmment les nombreux apports du groupe. Je renvoie le lecteur \u00e0 trois articles qui ont pour objet l\u2019Entretien d\u2019Explicitation utilis\u00e9 en groupe<a href=\"#_ftn8\" name=\"_ftnref8\"><sup>[8]<\/sup><\/a>;<\/li>\n<\/ul>\n<p style=\"text-align: justify;\">Je me situe donc dans une d\u00e9marche d\u2019accompagnement individuel, mandat\u00e9e par une institution pour une \u00ab\u00a0supervision p\u00e9dagogique\u00a0\u00bb, dans laquelle j\u2019ai la libert\u00e9 de choisir de quelles techniques et outils je vais me servir pour faciliter la r\u00e9flexivit\u00e9 de la personne accompagn\u00e9e. L\u2019une de ces techniques est l\u2019EdE, mobilis\u00e9e \u00e0 certains moments particuliers que je d\u00e9crirai en d\u00e9tail.<\/p>\n<p style=\"text-align: justify;\"><em>L\u2019Entretien d\u2019Explicitation (EdE)<\/em><\/p>\n<p style=\"text-align: justify;\">L\u2019Entretien d\u2019Explicitation est une technique d\u2019entretien qui vise la verbalisation de l\u2019action non consciente et implicite afin de la rendre explicite et consciente. Pierre Vermersch (1994) a mod\u00e9lis\u00e9 l\u2019accompagnement pour permettre cette verbalisation \u00e0 l\u2019aide de diff\u00e9rents outils. Ceux-ci peuvent \u00eatre utilis\u00e9es dans ce qui \u00e9tait leur utilisation initiale, soit l\u2019entretien de recherche. Ils peuvent cependant \u00eatre utilis\u00e9s de mani\u00e8re cibl\u00e9e, dans un autre type d\u2019entretien (par exemple de supervision ou d\u2019APP) avec pour objectif d\u2019explorer un moment sp\u00e9cifi\u00e9 du discours de la personne accompagn\u00e9e. C\u2019est \u00e0 ce titre que le treizi\u00e8me s\u00e9minaire du Groupe de Formation \u00e0 et par l\u2019Analyse de Pratiques Professionnelles GFAPP<a href=\"#_ftn9\" name=\"_ftnref9\"><sup>[9]<\/sup><\/a> s\u2019est pench\u00e9 sur l\u2019int\u00e9gration de techniques issues de l\u2019EdE aux analyses de pratiques professionnelles. Quelques \u00e9l\u00e9ments qui suivent proviennent des r\u00e9flexions men\u00e9es durant ce s\u00e9minaire, dont je ne retiendrai que celles pertinentes dans le cadre d\u2019une supervision individuelle.<\/p>\n<p style=\"text-align: justify;\">La grille de lecture mod\u00e9lis\u00e9e par Vermersch, les satellites de l\u2019action, invite \u00e0 questionner le proc\u00e9dural essentiellement (les savoirs pratiques, le d\u00e9roulement des actions), mais \u00e9galement le contexte (les circonstances, l\u2019environnement), le d\u00e9claratif (les savoirs th\u00e9oriques et proc\u00e9duraux), l\u2019intentionnel (les buts, les finalit\u00e9s, les intentions) et les jugements (les \u00e9valuations subjectives, les opinions et croyances). Faingold (2020) propose d\u2019int\u00e9grer \u00e0 ce mod\u00e8le les \u00e9motions qui viennent colorer les diff\u00e9rents domaines \u00e0 questionner et qui permettent de s\u2019approcher des questions d\u2019identit\u00e9 professionnelle. Il semble \u00e9vident que dans une analyse de la pratique professionnelle ou une supervision, il y a un int\u00e9r\u00eat \u00e0 explorer ces domaines afin de permettre \u00e0 la personne accompagn\u00e9e d\u2019envisager les divers aspects qui ont pu jouer un r\u00f4le dans sa pratique. Et dans cette pratique, il s\u2019agit d\u2019effectuer un focus sur <u>une<\/u> action qui fera l\u2019objet d\u2019un \u00ab\u00a0petit EDE\u00a0\u00bb durant lequel pourront \u00e0 nouveau \u00eatre explor\u00e9s ces satellites de l\u2019action. Le moment choisi doit \u00eatre sp\u00e9cifi\u00e9 (situ\u00e9 \u00e0 un moment et dans un contexte pr\u00e9cis) et important voire d\u00e9terminant dans la pratique de la personne accompagn\u00e9e. \u00ab\u00a0La m\u00e9taphore du focus ou de la loupe que l\u2019on dirige sur un moment sp\u00e9cifi\u00e9 nous para\u00eet pertinente pour illustrer ce moment sp\u00e9cifi\u00e9 qui sera explicit\u00e9.\u00a0\u00bb <a href=\"#_ftn10\" name=\"_ftnref10\"><sup>[10]<\/sup><\/a><\/p>\n<p style=\"text-align: justify;\">Je reviendrai en fin d\u2019article sur la place de l\u2019EdE dans une d\u00e9marche de supervision mais je pr\u00e9cise encore une fois qu\u2019il est une technique parmi d\u2019autres que j\u2019utilise en supervision individuelle. Si la supervision est un processus qui s\u2019\u00e9tend sur une p\u00e9riode plus ou moins longue, l\u2019EdE ne repr\u00e9sente qu\u2019un \u00ab\u00a0outil de travail\u00a0\u00bb permettant l\u2019analyse de la pratique \u00e0 un moment donn\u00e9.<\/p>\n<p style=\"text-align: justify;\">Il me semble important d\u2019apporter quelques explications \u00e9l\u00e9mentaires sur les concepts et mani\u00e8res de faire en EdE dont il sera question par la suite.<\/p>\n<p style=\"text-align: justify;\"><em>L\u2019intervieweur est au service de l\u2019interview\u00e9<\/em> afin qu\u2019il prenne (peut-\u00eatre) conscience d\u2019un implicite, et non pas pour qu\u2019il plaque sa propre r\u00e9alit\u00e9 sur celle de l\u2019interview\u00e9. <em>L\u2019\u00e9vocation<\/em> est la position de parole que l\u2019on cherche \u00e0 obtenir de l\u2019interview\u00e9 (on parle d\u2019interview, d\u2019intervieweur (B dans les transcriptions) et d\u2019interview\u00e9 (A dans les transcriptions). C\u2019est une parole incarn\u00e9e qui n\u2019est pas un souvenir mais un \u00ab\u00a0rev\u00e9cu\u00a0\u00bb, et dont l\u2019effet est que l\u2019interview\u00e9 se sent davantage dans le moment d\u00e9crit que dans le moment pr\u00e9sent. Cette \u00e9vocation n\u00e9cessite un questionnement particulier sinon l\u2019interview\u00e9 sortira de cet \u00e9tat et l\u2019acc\u00e8s \u00e0 l\u2019implicite sera plus difficile. Ce sont <em>les effets perlocutoires<\/em> qui expliquent cette r\u00e9alit\u00e9\u00a0: la formulation des questions a des effets directs sur les r\u00e9ponses, par exemple inciter A \u00e0 r\u00e9fl\u00e9chir le fait sortir d\u2019\u00e9vocation. Les <em>relances<\/em> sous forme d\u2019onomatop\u00e9es, souvent accompagn\u00e9es de hochements de t\u00eate, ont pour but de montrer l\u2019\u00e9coute attentive, les reformulations et <em>r\u00e9p\u00e9titions en \u00e9cho<\/em> de s\u2019assurer de la compr\u00e9hension et d\u2019inciter \u00e0 poursuivre. Il n\u2019y a pas d\u2019interpr\u00e9tation du discours. La <em>fragmentation<\/em> vise \u00e0 d\u00e9composer l\u2019action en unit\u00e9s de plus en plus petites (on parle de granularit\u00e9 de l\u2019action) de mani\u00e8re \u00e0 en recr\u00e9er la chronologie fine.<\/p>\n<p style=\"text-align: justify;\">La premi\u00e8re situation est d\u00e9crite ici sans transcription, les deux suivantes sont pr\u00e9sent\u00e9es sous forme de transcriptions en tableaux \u00e0 trois colonnes, comme cela se fait traditionnellement en EdE\u00a0:<\/p>\n<p style=\"text-align: justify;\">Colonne No 1\u00a0: la locutrice A (interview\u00e9e) ou B (intervieweuse)<\/p>\n<p style=\"text-align: justify;\">Colonne No 2\u00a0: la transcription litt\u00e9rale, les paroles de A en italique. L\u2019utilisation de points de suspension sert \u00e0 montrer un ralentissement du discours<\/p>\n<p style=\"text-align: justify;\">Colonne No 3\u00a0: les remarques faites <em>a posteriori<\/em><\/p>\n<h4><strong>4. Les entretiens<\/strong><\/h4>\n<h6 style=\"text-align: justify;\"><strong>4.1. Sylvie : premi\u00e8re situation<\/strong><\/h6>\n<p style=\"text-align: justify;\">Avant la rencontre de supervision, Sylvie r\u00e9dige une description \u00e9crite de la situation, ce qui lui permet de r\u00e9fl\u00e9chir en amont \u00e0 ce qui la pr\u00e9occupe. Au d\u00e9but de la s\u00e9ance, je lui demande de me la narrer. Nous sommes vendredi et Sylvie accueille une fillette amen\u00e9e \u00e0 la cr\u00e8che par son papa. En voyant l\u2019\u00e9ducatrice, l\u2019enfant s\u2019accroche au cou de son papa en pleurant et en disant \u00ab\u00a0Peur Sylvie, peur\u00a0!\u00a0\u00bb. La jeune femme est boulevers\u00e9e par cette r\u00e9action et angoiss\u00e9e \u00e0 l\u2019id\u00e9e d\u2019avoir commis des erreurs avec l\u2019enfant, cela l\u2019interroge quant \u00e0 la pertinence de son choix professionnel et de sa formation, \u00e0 sa l\u00e9gitimit\u00e9 dans ce m\u00e9tier. En racontant sa situation, le souffle de Sylvie est court, son discours compos\u00e9 de phrases br\u00e8ves. Lorsque je lui demande ce qu\u2019elle a \u00e9prouv\u00e9 au moment de cette \u00ab\u00a0crise\u00a0\u00bb, elle ne sait pas, elle dit simplement avoir \u00e9t\u00e9 interpell\u00e9e par l\u2019attitude de l\u2019enfant. Je me dis que c\u2019est une situation \u00ab\u00a0parfaite\u00a0\u00bb pour un EdE\u00a0: un moment sp\u00e9cifi\u00e9, de l\u2019implicite, du non conscientis\u00e9. Je lui propose d\u2019aller explorer ce moment pr\u00e9cis avec un EdE, ce qu\u2019elle accepte. Cet entretien n\u2019a pas \u00e9t\u00e9 enregistr\u00e9, je me base par cons\u00e9quent sur les notes que j\u2019ai prises.<\/p>\n<p style=\"text-align: justify;\">Je commence par lui expliquer ce qu\u2019est l\u2019EdE, comment va se d\u00e9rouler l\u2019entretien, comment elle peut \u00eatre surprise par la formulation des questions, inhabituelle dans la communication courante (nous verrons quelques exemples dans les transcriptions suivantes). Je lui demande une premi\u00e8re fois son accord de mani\u00e8re \u00e0 conclure ce que Vermersch nomme le contrat d\u2019attelage\u00a0: \u00ab\u00a0<em>L\u2019accord sur les buts partag\u00e9s, que j\u2019ai nomm\u00e9 contrat d\u2019attelage, et qui se situe en amont de l\u2019entretien proprement dit. Ce contrat est la recherche d\u2019une clarification \u00e0 la question : qu&rsquo;est-ce qu\u2019on fait ensemble ? Quel est le v\u00e9cu vis\u00e9, ou au moins son type ?\u00a0\u00bb<\/em> (Vermersch, Expliciter N\u00b0 118, p.11)<\/p>\n<p style=\"text-align: justify;\">Vient ensuite \u00ab\u00a0<em>Le contrat de communication par la v\u00e9rification du consentement de la personne. Toute description de sa propre exp\u00e9rience, de ses actes, fait rentrer dans l\u2019intime, m\u00eame s\u2019il y a des degr\u00e9s diff\u00e9rents d\u2019implication. Le partage de l\u2019intime suppose que la personne y consente r\u00e9ellement (pas seulement un oui du bout des l\u00e8vres, mais que le non verbal soit congruent<\/em>\u00a0\u00bb (Vermersch, Expliciter N\u00b0 118, p.11). La formulation sp\u00e9cifique \u00ab\u00a0<em>je te propose, si tu en es d\u2019accord, de prendre le temps\u2026<\/em>\u00a0\u00bb vise \u00e0 obtenir cet accord de communication qui n\u2019est pourtant pas acquis. Il s\u2019agira, tout au long de l\u2019entretien, de s\u2019assurer que la personne supervis\u00e9e est toujours en accord avec le d\u00e9roulement de l\u2019entretien, le moment sp\u00e9cifi\u00e9 qui est explicit\u00e9, le soin que je prends d\u2019elle. Le sentiment de s\u00e9curit\u00e9 et de confiance est indispensable pour que la personne interview\u00e9e puisse entrer en \u00e9vocation. \u00ab\u00a0<em>Ma d\u00e9couverte de la m\u00e9moire concr\u00e8te et des conditions de sa mobilisation, a impos\u00e9 l\u2019acte d\u2019\u00e9vocation comme mode privil\u00e9gi\u00e9 d\u2019acc\u00e8s au pass\u00e9 personnel, il permet de faire revenir de nombreux d\u00e9tails et d\u2019op\u00e9rer le r\u00e9fl\u00e9chissement de ce qui n\u2019\u00e9tait dans le pass\u00e9 que conscience pr\u00e9-r\u00e9fl\u00e9chie ou conscience en acte.<\/em>\u00a0\u00bb (Vermersch, Expliciter N\u00b0 118, p. 11).<\/p>\n<p style=\"text-align: justify;\">J\u2019invite donc Sylvie \u00e0 entrer en \u00e9vocation avec la phrase suivante\u00a0:<\/p>\n<p style=\"text-align: justify;\"><em>\u00ab\u00a0Je vous propose, si vous en \u00eates d\u2019accord, de prendre le temps de laisser revenir le moment o\u00f9 la petite fille et son papa entrent dans la cr\u00e8che ce vendredi matin. Prenez tout votre temps, et lorsque vous \u00eates pr\u00eate, vous pouvez me faire un signe.<\/em>\u00a0\u00bb. Je l\u2019invite ensuite \u00e0 laisser revenir ce moment en la guidant \u00e0 l\u2019aide de suggestions telles que <em>\u00ab\u00a0il faisait peut-\u00eatre chaud, c\u2019\u00e9tait peut-\u00eatre bruyant ou silencieux, vous \u00e9tiez peut-\u00eatre seuls ou il y avait d\u2019autres personnes pr\u00e9sentes, etc.<\/em>\u00a0\u00bb de mani\u00e8re \u00e0 ce que l\u2019\u00e9vocation soit la plus \u00ab\u00a0reli\u00e9e\u00a0\u00bb possible \u00e0 ce vendredi pr\u00e9cis et non pas \u00e0 un vendredi quelconque. Sylvie d\u00e9crit ensuite le moment, sortant parfois de l\u2019\u00e9vocation, ce qui est perceptible \u00e0 l\u2019acc\u00e9l\u00e9ration de son d\u00e9bit. Je lui propose de ralentir, de laisser venir le moment, je l\u2019incite \u00e0 d\u00e9crire au pr\u00e9sent en la relan\u00e7ant au pr\u00e9sent \u00e9galement (l\u2019utilisation du pr\u00e9sent est facilitatrice d\u2019\u00e9vocation, de rem\u00e9moration, par opposition au souvenir qui se raconte au pass\u00e9). Faute d\u2019enregistrement de cet EdE, je ne peux donner d\u2019exemples pr\u00e9cis. Lorsqu\u2019elle arrive au moment o\u00f9 le papa devrait l\u00e2cher sa fille qui pleure et crie \u00ab\u00a0<em>peur Sylvie, peur\u00a0!<\/em>\u00a0\u00bb, je cherche \u00e0 d\u00e9composer le moment en unit\u00e9s d\u2019action plus petites (la fragmentation) de mani\u00e8re \u00e0 en recr\u00e9er la chronologie en lui demandant \u00ab\u00a0<em>et juste avant\u2026<\/em>\u00a0\u00bb ou \u00ab\u00a0<em>et juste apr\u00e8s\u2026\u00a0 qu\u2019est-ce que vous faites\u00a0?<\/em>\u00a0\u00bb jusqu\u2019\u00e0 ce que Sylvie d\u00e9crive l\u2019instant o\u00f9, voyant la d\u00e9tresse de l\u2019enfant, elle fait un grand pas en arri\u00e8re, ce qui permet \u00e0 la petite fille de se calmer presque instantan\u00e9ment. Elle demande ensuite \u00e0 une autre \u00e9ducatrice de la prendre en charge. Je v\u00e9rifie si elle est d\u2019accord que l\u2019EdE se termine l\u00e0. Elle est visiblement soulag\u00e9e, ce qui se voit \u00e0 travers sa respiration, nettement plus calme qu\u2019au d\u00e9but de l\u2019entretien.<\/p>\n<p style=\"text-align: justify;\">Dans la description initiale de cette situation (re\u00e7ue par courriel avant la rencontre), il n\u2019\u00e9tait pas question de ce pas en arri\u00e8re, dont Sylvie prend conscience durant l\u2019entretien. Elle se rem\u00e9more ce pas et, dans la suite de la s\u00e9ance de supervision, l\u2019identifie comme une strat\u00e9gie, acquise \u00e0 travers ses connaissances th\u00e9oriques (elle cite la cr\u00e9ation du lien dans la structure d\u2019accueil, le besoin de s\u00e9curit\u00e9, l\u2019empathie) et son exp\u00e9rience professionnelle (elle travaille depuis 3 ans dans cette cr\u00e8che), qui lui permet d\u2019offrir \u00e0 l\u2019enfant la distance n\u00e9cessaire \u00e0 sa s\u00e9curit\u00e9.<\/p>\n<h6 style=\"text-align: justify;\"><strong>4.2. Sylvie : deuxi\u00e8me situation<\/strong><\/h6>\n<p style=\"text-align: justify;\">La deuxi\u00e8me situation de Sylvie est enregistr\u00e9e ce qui en permet la transcription. Elle n\u2019a pas \u00e9t\u00e9 d\u00e9crite par \u00e9crit en amont.\u00a0 Sylvie est \u00e0 l\u2019\u00e9cole. Pour toutes sortes de raisons organisationnelles, elle y vit mal un manque de coh\u00e9rence, ce qui engendre chez elle une grande ins\u00e9curit\u00e9. Lors de cette journ\u00e9e de cours, l\u2019enseignante donne des explications au tableau \u00e0 propos d\u2019un travail que les \u00e9tudiants doivent rendre et pour lequel des consignes avaient d\u00e9j\u00e0 \u00e9t\u00e9 donn\u00e9es par \u00e9crit. Sylvie fait une crise d\u2019angoisse, se sent mal et doit se coucher pour ne pas perdre connaissance. Il lui importe de comprendre ce qui a men\u00e9 \u00e0 cette crise d\u2019angoisse car elle craint que cela puisse se reproduire dans sa pratique d\u2019\u00e9ducatrice, ce qui justifie pour moi que nous en parlions en supervision. A nouveau, ce moment sp\u00e9cifi\u00e9 se pr\u00eate \u00e0 un EdE.<\/p>\n<p>B = Intervieweuse<\/p>\n<table style=\"height: 278px;\" width=\"604\">\n<tbody>\n<tr style=\"height: 278px;\">\n<td style=\"border-style: solid; text-align: left; vertical-align: top; height: 222px;\" width=\"56\">B<\/td>\n<td style=\"border-style: solid; text-align: left; vertical-align: top; height: 222px;\" width=\"321\">Donc, si vous en \u00eates d\u2019accord, je vous propose de laisser venir le moment, il y a 2 semaines, l\u00e0 o\u00f9 vous avez fait cette crise d\u2019angoisse. On va pas forc\u00e9ment aller jusqu\u2019au moment o\u00f9 vous avez d\u00fb vous coucher, mais juste avant.<\/td>\n<td style=\"border-style: solid; width: 227px; text-align: left; vertical-align: top; height: 222px;\" width=\"227\">\n<p>Il me semble important, au moment du contrat de communication, de la rassurer sur l\u2019ampleur de l\u2019EdE.<\/p>\n<p>Il manque l\u2019invitation \u00e0 prendre le temps de laisser venir. De plus, l\u2019utilisation de l\u2019adverbe forc\u00e9ment diminue l\u2019effet perlocutoire que je souhaite : donner un sentiment de s\u00e9curit\u00e9 \u00e0 A<\/td>\n<\/tr>\n<\/tbody>\n<\/table>\n<p style=\"text-align: justify;\">Un malaise de ce type est un \u00e9v\u00e9nement difficile \u00e0 vivre et je ne veux pas que la peur de se le rem\u00e9morer soit un obstacle \u00e0 l\u2019\u00e9vocation. Le fait de lui garantir que nous nous arr\u00eaterons avant peut l\u2019y aider.<\/p>\n<p><em>A = Inter<\/em><em>view\u00e9e<\/em><\/p>\n<table width=\"604\">\n<tbody>\n<tr>\n<td style=\"border-style: solid; text-align: left; vertical-align: top;\" width=\"56\">A<\/td>\n<td style=\"border-style: solid; text-align: left; vertical-align: top;\" width=\"321\"><em>Euh\u2026 c\u2019\u00e9tait dans le module accompagn\u00e9 et c\u2019\u00e9tait vers la fin de la journ\u00e9e, vers 16h30. Du coup, l\u00e0, on avait encore le cours normal, il y avait tous les \u00e9l\u00e8ves qui \u00e9taient l\u00e0\u2026 donc tous les \u00e9l\u00e8ves sont encore l\u00e0\u2026 Encore l\u00e0\u2026 oui\u2026<\/em><\/td>\n<td style=\"border-style: solid; text-align: left; vertical-align: top;\" width=\"227\"><em>\u00a0<\/em><\/td>\n<\/tr>\n<\/tbody>\n<\/table>\n<p style=\"text-align: justify;\">On voit dans cette prise de parole qu\u2019au d\u00e9but, Sylvie n\u2019est pas en \u00e9vocation. Elle parle au pass\u00e9, utilise un adverbe qui indique la soudainet\u00e9 (\u00ab\u00a0du coup\u00a0\u00bb). Puis son discours ralentit, elle r\u00e9p\u00e8te ce qu\u2019elle a d\u00e9j\u00e0 dit, mais au pr\u00e9sent, r\u00e9p\u00e8te encore en ralentissant encore. Le m\u00eame ph\u00e9nom\u00e8ne se reproduit ensuite\u00a0:<\/p>\n<table width=\"604\">\n<tbody>\n<tr>\n<td style=\"border-style: solid; text-align: left; vertical-align: top;\" width=\"47\"><em>A\u00a0 <\/em><\/td>\n<td style=\"border-style: solid; text-align: left; vertical-align: top;\" width=\"331\"><em>En plein milieu du cours, euh\u2026 ils ont commenc\u00e9\u2026, enfin les \u00e9l\u00e8ves\u2026, enfin quelques \u00e9l\u00e8ves ont commenc\u00e9 \u00e0 poser des questions<\/em>.<\/td>\n<td style=\"border-style: solid; text-align: left; vertical-align: top;\" width=\"227\">Pass\u00e9 compos\u00e9<\/td>\n<\/tr>\n<tr>\n<td style=\"border-style: solid; text-align: left; vertical-align: top;\" width=\"47\">B<\/td>\n<td style=\"border-style: solid; text-align: left; vertical-align: top;\" width=\"331\">hmm, hmm<\/td>\n<td style=\"border-style: solid; text-align: left; vertical-align: top;\" width=\"227\">Onomatop\u00e9e qui montre l\u2019\u00e9coute<\/td>\n<\/tr>\n<tr>\n<td style=\"border-style: solid; text-align: left; vertical-align: top;\" width=\"47\"><em>A<\/em><\/td>\n<td style=\"border-style: solid; text-align: left; vertical-align: top;\" width=\"331\">\u00a0<em>Les \u00e9l\u00e8ves posent des questions, oui. Sur\u2026 ben sur l\u2019\u00e9valuation du module, du module, ouais\u2026 ouais du module\u2026<\/em><\/td>\n<td style=\"border-style: solid; text-align: left; vertical-align: top;\" width=\"227\">Pr\u00e9sent<\/td>\n<\/tr>\n<\/tbody>\n<\/table>\n<p style=\"text-align: justify;\">La relance se pr\u00e9sente sous la simple forme d\u2019une onomatop\u00e9e mais elle fonctionne comme un encouragement \u00e0 rester en \u00e9vocation et \u00e0 laisser revenir le sujet du cours en question, ce qui se voit notamment \u00e0 l\u2019usage du pr\u00e9sent. Sylvie d\u00e9crit ensuite assez rapidement la suite des \u00e9v\u00e9nements qui m\u00e8nent \u00e0 la crise d\u2019angoisse jusqu\u2019\u00e0 ma proposition de fragmentation.<\/p>\n<table width=\"604\">\n<tbody>\n<tr>\n<td style=\"border-style: solid; text-align: left; vertical-align: top;\" width=\"47\">B<\/td>\n<td style=\"border-style: solid; text-align: left; vertical-align: top;\" width=\"331\">Alors si vous en \u00eates d\u2019accord, on va revenir sur l\u2019un ou l\u2019autre moment<\/td>\n<td style=\"border-style: solid; text-align: left; vertical-align: top;\" width=\"227\"><em>\u00a0<\/em>\u00ab L\u2019un ou l\u2019autre moment \u00bb ouvre les possibles quant au choix du moment, mais je n\u2019ouvre pas ces possibles \u00e0 A. R\u00e9trospectivement je me dis que j\u2019aurais d\u00fb lui demander quel moment lui paraissait important et qu\u2019elle aurait souhait\u00e9 approfondir.<\/td>\n<\/tr>\n<tr>\n<td style=\"border-style: solid; text-align: left; vertical-align: top;\" width=\"47\"><em>A<\/em><\/td>\n<td style=\"border-style: solid; text-align: left; vertical-align: top;\" width=\"331\"><em>Hmm, hmm<\/em><\/td>\n<td style=\"border-style: solid; text-align: left; vertical-align: top;\" width=\"227\">Son accord n\u2019est pas vraiment explicite\u2026 refl\u00e8te-t-il une r\u00e9ticence parce que je d\u00e9cide du moment \u00e0 expliciter\u00a0?<\/td>\n<\/tr>\n<tr>\n<td style=\"border-style: solid; text-align: left; vertical-align: top;\" width=\"47\">B<\/td>\n<td style=\"border-style: solid; text-align: left; vertical-align: top;\" width=\"331\">donc au moment o\u00f9 l\u2019enseignante revient apr\u00e8s la pause. Vous \u00eates assise&#8230;<\/td>\n<td style=\"border-style: solid; text-align: left; vertical-align: top;\" width=\"227\">J\u2019essaie de replacer A en \u00e9vocation en situant le moment au pr\u00e9sent<\/td>\n<\/tr>\n<tr>\n<td style=\"border-style: solid; text-align: left; vertical-align: top;\" width=\"47\"><em>A\u00a0<\/em><\/td>\n<td style=\"border-style: solid; text-align: left; vertical-align: top;\" width=\"331\"><em>Oui\u2026<\/em><\/td>\n<td style=\"border-style: solid; text-align: left; vertical-align: top;\" width=\"227\"><em>\u00a0<\/em><\/td>\n<\/tr>\n<tr>\n<td style=\"border-style: solid; text-align: left; vertical-align: top;\" width=\"47\">B<\/td>\n<td style=\"border-style: solid; text-align: left; vertical-align: top;\" width=\"331\">Et puis vous \u00eates plus tout \u00e0 fait sereine<\/td>\n<td style=\"border-style: solid; text-align: left; vertical-align: top;\" width=\"227\">Je reprends les mots qu\u2019elle a utilis\u00e9s auparavant<\/td>\n<\/tr>\n<tr>\n<td style=\"border-style: solid; text-align: left; vertical-align: top;\" width=\"47\"><em>A<\/em><\/td>\n<td style=\"border-style: solid; text-align: left; vertical-align: top;\" width=\"331\"><em>Non\u2026<\/em><\/td>\n<td style=\"border-style: solid; text-align: left; vertical-align: top;\" width=\"227\"><em>\u00a0<\/em><\/td>\n<\/tr>\n<tr>\n<td style=\"border-style: solid; text-align: left; vertical-align: top;\" width=\"47\">B<\/td>\n<td style=\"border-style: solid; text-align: left; vertical-align: top;\" width=\"331\">Donc il faut qu\u2019on remonte un petit peu avant, au moment des questions des \u00e9l\u00e8ves<\/td>\n<td style=\"border-style: solid; text-align: left; vertical-align: top;\" width=\"227\"><em>\u00a0<\/em>Mon intention est d\u2019explorer pourquoi et quand A perd sa s\u00e9r\u00e9nit\u00e9<\/td>\n<\/tr>\n<tr>\n<td style=\"border-style: solid; text-align: left; vertical-align: top;\" width=\"47\"><em>A<\/em><\/td>\n<td style=\"border-style: solid; text-align: left; vertical-align: top;\" width=\"331\"><em>oui\u2026 d\u2019accord\u2026<\/em><\/td>\n<td style=\"border-style: solid; text-align: left; vertical-align: top;\" width=\"227\">Accord explicite<\/td>\n<\/tr>\n<tr>\n<td style=\"border-style: solid; text-align: left; vertical-align: top;\" width=\"47\">B<\/td>\n<td style=\"border-style: solid; text-align: left; vertical-align: top;\" width=\"331\">donc au moment avant que les \u00e9l\u00e8ves posent des questions, vous \u00eates sereine.<\/td>\n<td style=\"border-style: solid; text-align: left; vertical-align: top;\" width=\"227\"><em>\u00a0<\/em><\/td>\n<\/tr>\n<tr>\n<td style=\"border-style: solid; text-align: left; vertical-align: top;\" width=\"47\"><em>A\u00a0<\/em><\/td>\n<td style=\"border-style: solid; text-align: left; vertical-align: top;\" width=\"331\"><em>Oui<\/em><\/td>\n<td style=\"border-style: solid; text-align: left; vertical-align: top;\" width=\"227\"><em>\u00a0<\/em><\/td>\n<\/tr>\n<tr>\n<td style=\"border-style: solid; text-align: left; vertical-align: top;\" width=\"47\">B<\/td>\n<td style=\"border-style: solid; text-align: left; vertical-align: top;\" width=\"331\">Qu\u2019est-ce que vous entendez comme question\u00a0?<\/td>\n<td style=\"border-style: solid; text-align: left; vertical-align: top;\" width=\"227\">Ma question a pour effet perlocutoire de ramener A \u00e0 une activit\u00e9 cognitive\u00a0:\u00a0 retrouver le contenu de questions pos\u00e9es, alors que mon intention \u00e9tait de la faire se rem\u00e9morer des sons<\/td>\n<\/tr>\n<tr>\n<td style=\"border-style: solid; text-align: left; vertical-align: top;\" width=\"47\"><em>A<\/em><\/td>\n<td style=\"border-style: solid; text-align: left; vertical-align: top;\" width=\"331\"><em>je sais plus\u2026euh\u2026 c\u2019\u00e9tait des questions li\u00e9es au contenu<\/em><\/td>\n<td style=\"border-style: solid; text-align: left; vertical-align: top;\" width=\"227\">A sort d\u2019\u00e9vocation, cons\u00e9quence de ma question pr\u00e9c\u00e9dente<\/td>\n<\/tr>\n<tr>\n<td style=\"border-style: solid; text-align: left; vertical-align: top;\" width=\"47\">B<\/td>\n<td style=\"border-style: solid; text-align: left; vertical-align: top;\" width=\"331\">Il y a par exemple une question que vous entendez\u2026 une question qui est li\u00e9e au contenu\u2026<\/td>\n<td style=\"border-style: solid; text-align: left; vertical-align: top;\" width=\"227\">J\u2019essaie de susciter \u00e0 nouveau l\u2019audition, non pas la r\u00e9flexion, mais en vain<\/td>\n<\/tr>\n<tr>\n<td style=\"border-style: solid; text-align: left; vertical-align: top;\" width=\"47\"><em>A<\/em><\/td>\n<td style=\"border-style: solid; text-align: left; vertical-align: top;\" width=\"331\"><em>hmm, hmm\u2026 c\u2019est dur\u2026 mais il y avait la question des axes prioritaires, par rapport \u00e0 \u00e7a surtout [\u2026] euh il y avait les questions \u2026 un peu\u2026 euh\u2026 des liens, des liens th\u00e9oriques \u00e0 faire et du plan d\u2019action qu\u2019on allait mettre en place.<\/em><\/td>\n<td style=\"border-style: solid; text-align: left; vertical-align: top;\" width=\"227\"><em>\u00a0<\/em><\/td>\n<\/tr>\n<tr>\n<td style=\"border-style: solid; text-align: left; vertical-align: top;\" width=\"47\">B<\/td>\n<td style=\"border-style: solid; text-align: left; vertical-align: top;\" width=\"331\">Alors on va essayer de se remettre dans ce moment-l\u00e0. Essayez de visualiser o\u00f9 vous \u00eates assise, comment sont plac\u00e9s les \u00e9l\u00e8ves autour de vous dans la classe, o\u00f9 sont assis\u2026 o\u00f9 est assis l\u2019\u00e9l\u00e8ve qui pose la premi\u00e8re question.<\/td>\n<td style=\"border-style: solid; text-align: left; vertical-align: top;\" width=\"227\">Voyant l\u2019\u00e9chec de mes tentatives, j\u2019aide A \u00e0 se remettre en \u00e9vocation mais malheureusement sans lui demander son accord explicite.<\/td>\n<\/tr>\n<\/tbody>\n<\/table>\n<p style=\"text-align: justify;\">\u00c0 travers cet \u00e9change, nous voyons que le maintien en \u00e9vocation est difficile, probablement en raison du contenu th\u00e9orique et rationnel de la situation \u00e0 ce moment-l\u00e0. Une des conditions au maintien en \u00e9vocation est d\u2019\u00e9viter \u00ab\u00a0d\u2019enclencher\u00a0\u00bb le raisonnement, la r\u00e9flexion th\u00e9orique. Cependant, je per\u00e7ois dans sa description un moment-cl\u00e9 sur lequel nous pourrions diriger notre loupe. Il me semble important de signaler ici que j\u2019aurais pu demander \u00e0 Sylvie d\u2019identifier elle-m\u00eame le moment important pour elle, ainsi que c\u2019est le cas dans l\u2019entretien de d\u00e9cryptage de sens de Faingold (2020). Je n\u2019y ai malheureusement pas pens\u00e9 dans l\u2019instant. Deux parties se distinguent dans la description qui m\u00e8nent au malaise\u00a0: avant la pause, apr\u00e8s la pause. Avant la pause, l\u2019enseignante r\u00e9pond \u00e0 des questions d\u2019\u00e9l\u00e8ves\u00a0:<\/p>\n<table width=\"595\">\n<tbody>\n<tr>\n<td style=\"border-style: solid; text-align: left; vertical-align: top;\" width=\"57\"><em>A<\/em><\/td>\n<td style=\"border-style: solid; text-align: left; vertical-align: top;\" width=\"312\"><em>Oh non, encore un truc sur l\u2019\u00e9valuation, on est encore l\u00e0\u2026<\/em><\/td>\n<td style=\"border-style: solid; text-align: left; vertical-align: top;\" width=\"227\">A soupire, montre des signes d\u2019agacement<\/td>\n<\/tr>\n<tr>\n<td style=\"border-style: solid; text-align: left; vertical-align: top;\" width=\"57\">B<\/td>\n<td style=\"border-style: solid; text-align: left; vertical-align: top;\" width=\"312\">D\u2019accord<\/td>\n<td style=\"border-style: solid; text-align: left; vertical-align: top;\" width=\"227\">Je valide<\/td>\n<\/tr>\n<tr>\n<td style=\"border-style: solid; text-align: left; vertical-align: top;\" width=\"57\"><em>A<\/em><\/td>\n<td style=\"border-style: solid; text-align: left; vertical-align: top;\" width=\"312\"><em>Encore un truc sur l\u2019\u00e9valuation\u2026 ouais\u2026 ouais\u2026 \u00e7a va\u2026 \u00e7a va\u2026<\/em><\/td>\n<td style=\"border-style: solid; text-align: left; vertical-align: top;\" width=\"227\">A est en \u00e9vocation. Sa voix est basse, son \u00e9locution lente<\/td>\n<\/tr>\n<tr>\n<td style=\"border-style: solid; text-align: left; vertical-align: top;\" width=\"57\">B<\/td>\n<td style=\"border-style: solid; text-align: left; vertical-align: top;\" width=\"312\">D\u2019accord\u2026 Euh\u2026 et puis qu\u2019est-ce que \u00e7a vous fait dans votre corps de vous dire \u00e7a\u00a0?<\/td>\n<td style=\"border-style: solid; text-align: left; vertical-align: top;\" width=\"227\"><\/td>\n<\/tr>\n<tr>\n<td style=\"border-style: solid; text-align: left; vertical-align: top;\" width=\"57\"><em>A<\/em><\/td>\n<td style=\"border-style: solid; text-align: left; vertical-align: top;\" width=\"312\"><em>je sais pas, \u00e7a me contracte un peu\u2026 <\/em><\/td>\n<td style=\"border-style: solid; text-align: left; vertical-align: top;\" width=\"227\">\n<p>Elle montre sa r\u00e9gion abdominale.<\/p>\n<p>Cette premi\u00e8re expression d\u2019une sensation physique, avec ce sentiment de contraction, va se pr\u00e9ciser\u00a0par la suite<\/td>\n<\/tr>\n<tr>\n<td style=\"border-style: solid; text-align: left; vertical-align: top;\" width=\"57\">B<\/td>\n<td style=\"border-style: solid; text-align: left; vertical-align: top;\" width=\"312\">\u00c7a vous contracte\u2026 d\u2019accord\u2026 est-ce que cette contraction reste\u00a0?<\/td>\n<td style=\"border-style: solid; text-align: left; vertical-align: top;\" width=\"227\">\n<p>J\u2019essaie de faire rester A dans ce moment, avec cette sensation de contraction.<\/p>\n<p>Question ferm\u00e9e, avec pour effet logique une r\u00e9ponse laconique<\/td>\n<\/tr>\n<tr>\n<td style=\"border-style: solid; text-align: left; vertical-align: top;\" width=\"57\"><em>A<\/em><\/td>\n<td style=\"border-style: solid; text-align: left; vertical-align: top;\" width=\"312\"><em>Oui\u2026<\/em><\/td>\n<td style=\"border-style: solid; text-align: left; vertical-align: top;\" width=\"227\"><em>\u00a0<\/em><\/td>\n<\/tr>\n<tr>\n<td style=\"border-style: solid; text-align: left; vertical-align: top;\" width=\"57\">B<\/td>\n<td style=\"border-style: solid; text-align: left; vertical-align: top;\" width=\"312\">D\u2019accord\u2026 Est-ce que juste apr\u00e8s vous faites quelque chose dans cette situation\u00a0?<\/td>\n<td style=\"border-style: solid; text-align: left; vertical-align: top;\" width=\"227\">Question ferm\u00e9e, avec pour effet logique une r\u00e9ponse laconique<\/td>\n<\/tr>\n<tr>\n<td style=\"border-style: solid; text-align: left; vertical-align: top;\" width=\"57\"><em>A<\/em><\/td>\n<td style=\"border-style: solid; text-align: left; vertical-align: top;\" width=\"312\"><em>Bah quoi, c\u2019est pas pr\u00e9cis (la r\u00e9ponse de l\u2019enseignante), enfin par exemple cette question sur les axes l\u00e0\u2026 et ben sa r\u00e9ponse elle \u00e9tait tr\u00e8s tr\u00e8s vague parce que \u2026 elle-m\u00eame elle \u00e9tait pas\u2026 enfin elle nous a m\u00eame dit qu\u2019en fait elle \u00e9tait pas au clair sur l\u2019\u00e9valuation<\/em><\/td>\n<td style=\"border-style: solid; text-align: left; vertical-align: top;\" width=\"227\">Sortie d\u2019\u00e9vocation<\/td>\n<\/tr>\n<tr>\n<td style=\"border-style: solid; text-align: left; vertical-align: top;\" width=\"57\">B<\/td>\n<td style=\"border-style: solid; text-align: left; vertical-align: top;\" width=\"312\">D\u2019accord\u2026 et qu\u2019est-ce que \u00e7a vous fait, \u00e7a\u00a0?&#8230; Vous le sentez mais o\u00f9 dans votre corps\u00a0? Qu\u2019est-ce qui se passe dans votre corps \u00e0 ce moment-l\u00e0\u00a0?<\/td>\n<td style=\"border-style: solid; text-align: left; vertical-align: top;\" width=\"227\">Plusieurs questions en une intervention<\/td>\n<\/tr>\n<tr>\n<td style=\"border-style: solid; text-align: left; vertical-align: top;\" width=\"57\"><em>A<\/em><\/td>\n<td style=\"border-style: solid; text-align: left; vertical-align: top;\" width=\"312\"><em>je crois que la boule elle est l\u00e0, mais elle monte pas. C\u2019est pas\u2026<\/em><\/td>\n<td style=\"border-style: solid; text-align: left; vertical-align: top;\" width=\"227\">Elle montre son estomac<\/td>\n<\/tr>\n<tr>\n<td style=\"border-style: solid; text-align: left; vertical-align: top;\" width=\"57\">B<\/td>\n<td style=\"border-style: solid; text-align: left; vertical-align: top;\" width=\"312\">Donc avant vous \u00e9tiez contract\u00e9e&#8230; et maintenant vous avez la boule\u2026 Qu\u2019est-ce que vous vous dites\u00a0?<\/td>\n<td style=\"border-style: solid; text-align: left; vertical-align: top;\" width=\"227\"><em>\u00a0<\/em><\/td>\n<\/tr>\n<tr>\n<td style=\"border-style: solid; text-align: left; vertical-align: top;\" width=\"57\"><em>A<\/em><\/td>\n<td style=\"border-style: solid; text-align: left; vertical-align: top;\" width=\"312\"><em>Bah\u2026 que je me suis peut-\u00eatre foir\u00e9e quoi. Enfin qu\u2019est-ce que\u2026 c\u2019est pas\u2026 je sais pas ce que j\u2019ai\u2026 c\u2019\u00e9tait peut-\u00eatre pas ce qui \u00e9tait attendu\u2026<\/em><\/td>\n<td style=\"border-style: solid; text-align: left; vertical-align: top;\" width=\"227\">Expression d\u2019une croyance, peut-\u00eatre un message qui structure la r\u00e9action de stress qui suivra<\/td>\n<\/tr>\n<tr>\n<td style=\"border-style: solid; text-align: left; vertical-align: top;\" width=\"57\">B<\/td>\n<td style=\"border-style: solid; text-align: left; vertical-align: top;\" width=\"312\">Donc \u00e0 ce moment-l\u00e0, vous vous dites\u2026 vous faites le lien avec ce que vous avez d\u00e9j\u00e0 fait. Votre boule \u00e0 ce moment-l\u00e0, qu\u2019est-ce qu\u2019elle fait\u00a0?<\/td>\n<td style=\"border-style: solid; text-align: left; vertical-align: top;\" width=\"227\">D\u2019abord je veux reformuler ce que A se dit, puis je d\u00e9tourne son attention vers le lien avec son travail. Finalement, je reviens au corps.<\/td>\n<\/tr>\n<tr>\n<td style=\"border-style: solid; text-align: left; vertical-align: top;\" width=\"57\"><em>A<\/em><\/td>\n<td style=\"border-style: solid; text-align: left; vertical-align: top;\" width=\"312\"><em>ouais\u2026 elle commence \u00e0 monter\u2026 elle commence \u00e0 monter\u2026<\/em><\/td>\n<td style=\"border-style: solid; text-align: left; vertical-align: top;\" width=\"227\">Heureusement, A ne retient que la derni\u00e8re question et r\u00e9pond en montrant la direction de son \u0153sophage<\/td>\n<\/tr>\n<tr>\n<td style=\"border-style: solid; text-align: left; vertical-align: top;\" width=\"57\">B<\/td>\n<td style=\"border-style: solid; text-align: left; vertical-align: top;\" width=\"312\">Et puis qu\u2019est-ce que vous faites\u00a0?<\/td>\n<td style=\"border-style: solid; text-align: left; vertical-align: top;\" width=\"227\"><em>\u00a0<\/em><\/td>\n<\/tr>\n<tr>\n<td style=\"border-style: solid; text-align: left; vertical-align: top;\" width=\"57\"><em>A<\/em><\/td>\n<td style=\"border-style: solid; text-align: left; vertical-align: top;\" width=\"312\"><em>je crois que\u2026 je baisse la t\u00eate<\/em><\/td>\n<td style=\"border-style: solid; text-align: left; vertical-align: top;\" width=\"227\"><\/td>\n<\/tr>\n<tr>\n<td style=\"border-style: solid; text-align: left; vertical-align: top;\" width=\"57\">B<\/td>\n<td style=\"border-style: solid; text-align: left; vertical-align: top;\" width=\"312\">Vous baissez la t\u00eate. Et puis qu\u2019est-ce que vous faites juste apr\u00e8s avoir baiss\u00e9 la t\u00eate\u00a0?<\/td>\n<td style=\"border-style: solid; text-align: left; vertical-align: top;\" width=\"227\"><\/td>\n<\/tr>\n<tr>\n<td style=\"border-style: solid; text-align: left; vertical-align: top;\" width=\"57\"><em>A<\/em><\/td>\n<td style=\"border-style: solid; text-align: left; vertical-align: top;\" width=\"312\"><em>je souris <\/em><\/td>\n<td style=\"border-style: solid; text-align: left; vertical-align: top;\" width=\"227\"><em>\u00a0<\/em><\/td>\n<\/tr>\n<tr>\n<td style=\"border-style: solid; text-align: left; vertical-align: top;\" width=\"57\">B<\/td>\n<td style=\"border-style: solid; text-align: left; vertical-align: top;\" width=\"312\">Vous souriez\u2026 et qu\u2019est-ce que ce sourire il a comme effet chez vous\u00a0?<\/td>\n<td style=\"border-style: solid; text-align: left; vertical-align: top;\" width=\"227\">Je cherche \u00e0 faire d\u00e9crire une sensation physique, parce que je vois un rel\u00e2chement dans le corps de A<\/td>\n<\/tr>\n<tr>\n<td style=\"border-style: solid; text-align: left; vertical-align: top;\" width=\"57\"><em>A<\/em><\/td>\n<td style=\"border-style: solid; text-align: left; vertical-align: top;\" width=\"312\"><em>c\u2019est pour cacher<\/em><\/td>\n<td style=\"border-style: solid; text-align: left; vertical-align: top;\" width=\"227\">A interpr\u00e8te ma question en comprenant le mot \u00ab\u00a0effet\u00a0\u00bb comme une demande d\u2019intention<\/td>\n<\/tr>\n<tr>\n<td style=\"border-style: solid; text-align: left; vertical-align: top;\" width=\"57\">B<\/td>\n<td style=\"border-style: solid; text-align: left; vertical-align: top;\" width=\"312\">Hmm, hmm<\/td>\n<td style=\"border-style: solid; text-align: left; vertical-align: top;\" width=\"227\"><em>\u00a0<\/em><\/td>\n<\/tr>\n<tr>\n<td style=\"border-style: solid; text-align: left; vertical-align: top;\" width=\"57\"><em>A<\/em><\/td>\n<td style=\"border-style: solid; text-align: left; vertical-align: top;\" width=\"312\"><em>Le sourire c\u2019est pour cacher.<\/em><\/td>\n<td style=\"border-style: solid; text-align: left; vertical-align: top;\" width=\"227\"><em>\u00a0<\/em><\/td>\n<\/tr>\n<tr>\n<td style=\"border-style: solid; text-align: left; vertical-align: top;\" width=\"57\">B<\/td>\n<td style=\"border-style: solid; text-align: left; vertical-align: top;\" width=\"312\">Hmm, hmm<\/td>\n<td style=\"border-style: solid; text-align: left; vertical-align: top;\" width=\"227\"><em>\u00a0<\/em><\/td>\n<\/tr>\n<tr>\n<td style=\"border-style: solid; text-align: left; vertical-align: top;\" width=\"57\"><em>A<\/em><\/td>\n<td style=\"border-style: solid; text-align: left; vertical-align: top;\" width=\"312\"><em>Et en m\u00eame temps \u00e7a me d\u00e9tend<\/em><\/td>\n<td style=\"border-style: solid; text-align: left; vertical-align: top;\" width=\"227\">Je pourrais questionner cette d\u00e9tente pour ancrer cette sensation<\/td>\n<\/tr>\n<\/tbody>\n<\/table>\n<p style=\"text-align: justify;\">Durant cet \u00e9change, nous assistons \u00e0 la prise de conscience de la naissance de la boule (qui va aussi jouer un r\u00f4le dans la deuxi\u00e8me partie) et de la strat\u00e9gie mise en place pour se d\u00e9tendre, baisser la t\u00eate et sourire. Sylvie est en \u00e9vocation, lorsqu\u2019elle parle de son sourire, elle sourit et se d\u00e9tend visiblement, ses \u00e9paules se rel\u00e2chent, sa respiration s\u2019apaise.<\/p>\n<p style=\"text-align: justify;\">Pendant la pause, Sylvie sort du b\u00e2timent, elle se sent moins contract\u00e9e. L\u2019enseignante revient en classe. Dans la partie qui suit, on peut constater que Sylvie n\u2019est pas toujours en \u00e9vocation, en grande partie en raison de l\u2019effet perlocutoire de mes questions qui ont pour effet de lui faire chercher des informations de l\u2019ordre du cognitif.<\/p>\n<table width=\"595\">\n<tbody>\n<tr>\n<td style=\"text-align: left; vertical-align: top; border-style: solid;\" width=\"57\">B<\/td>\n<td style=\"text-align: left; vertical-align: top; border-style: solid;\" width=\"312\">Comment \u00e7a se passe pour vous\u00a0?<\/td>\n<td style=\"text-align: left; vertical-align: top; border-style: solid;\" width=\"227\">Appel aux sensations et\/ou aux \u00e9motions<\/td>\n<\/tr>\n<tr>\n<td style=\"text-align: left; vertical-align: top; border-style: solid;\" width=\"57\"><em>A<\/em><\/td>\n<td style=\"text-align: left; vertical-align: top; border-style: solid;\" width=\"312\"><em>Bah\u2026 l\u00e0\u2026 il y a la boule qui remonte quoi. [\u2026]<\/em><\/td>\n<td style=\"text-align: left; vertical-align: top; border-style: solid;\" width=\"227\">La r\u00e9ponse donne une information sur la manifestation physique<\/td>\n<\/tr>\n<tr>\n<td style=\"text-align: left; vertical-align: top; border-style: solid;\" width=\"57\">B<\/td>\n<td style=\"text-align: left; vertical-align: top; border-style: solid;\" width=\"312\">Donc l\u2019enseignante elle est devant vous et puis elle donne des informations qui vont\u2026 est-ce que ces informations vont dans le sens de ce que vous avez fait ou pas\u00a0?<\/td>\n<td style=\"text-align: left; vertical-align: top; border-style: solid;\" width=\"227\">Avec cette question, je l\u2019invite \u00e0 parcourir cognitivement le travail d\u00e9j\u00e0 effectu\u00e9 et \u00e0 le comparer avec les informations donn\u00e9es.<\/td>\n<\/tr>\n<tr>\n<td style=\"text-align: left; vertical-align: top; border-style: solid;\" width=\"57\"><em>A\u00a0<\/em><\/td>\n<td style=\"text-align: left; vertical-align: top; border-style: solid;\" width=\"312\"><em>oui et non. Oui et non. En fait elles m\u2019ont\u2026 elles m\u2019ont perturb\u00e9e sur le moment, ouais, ben sur le moment, oui. Enfin non, du coup sur le moment non\u2026. J\u2019ai vraiment cru que j\u2019\u00e9tais \u00e0 c\u00f4t\u00e9 de la plaque.<\/em><\/td>\n<td style=\"text-align: left; vertical-align: top; border-style: solid;\" width=\"227\">A n\u2019est pas en \u00e9vocation. Elle exprime une croyance qui joue probablement un r\u00f4le dans la crise d\u2019angoisse<\/td>\n<\/tr>\n<tr>\n<td style=\"text-align: left; vertical-align: top; border-style: solid;\" width=\"57\">B<\/td>\n<td style=\"text-align: left; vertical-align: top; border-style: solid;\" width=\"312\">D\u2019accord. Sur le moment vous avez pens\u00e9\u2026 oui\u2026 oui\u2026 Donc vous vous dites que vous \u00eates \u00e0 c\u00f4t\u00e9 de la plaque. Et qu\u2019est-ce que vous vous dites encore \u00e0 ce moment-l\u00e0\u00a0?<\/td>\n<td style=\"text-align: left; vertical-align: top; border-style: solid;\" width=\"227\">Je questionne A sur son dialogue int\u00e9rieur<\/td>\n<\/tr>\n<tr>\n<td style=\"text-align: left; vertical-align: top; border-style: solid;\" width=\"57\"><em>A<\/em><\/td>\n<td style=\"text-align: left; vertical-align: top; border-style: solid;\" width=\"312\"><em>Ah je me dis, je sais pas\u2026 mince quoi. Je me dis\u2026 euh tout \u00e7a pour \u00e7a. Ouais<\/em><\/td>\n<td style=\"text-align: left; vertical-align: top; border-style: solid;\" width=\"227\"><\/td>\n<\/tr>\n<tr>\n<td style=\"text-align: left; vertical-align: top; border-style: solid;\" width=\"57\">B<\/td>\n<td style=\"text-align: left; vertical-align: top; border-style: solid;\" width=\"312\">Et qu\u2019est-ce que \u00e7a vous fait, \u00e7a\u00a0?<\/td>\n<td style=\"text-align: left; vertical-align: top; border-style: solid;\" width=\"227\">Appel aux sensations\/\u00e9motions<\/td>\n<\/tr>\n<tr>\n<td style=\"text-align: left; vertical-align: top; border-style: solid;\" width=\"57\"><em>A<\/em><\/td>\n<td style=\"text-align: left; vertical-align: top; border-style: solid;\" width=\"312\"><em>ah ouais, je sais pas, \u00e7a monte quoi. Je me dis que j\u2019avais fait tout \u00e7a et qu\u2019au final quand elle a expliqu\u00e9, j\u2019ai pas compris, quoi.<\/em><\/td>\n<td style=\"text-align: left; vertical-align: top; border-style: solid;\" width=\"227\">La boule est perceptible, Sylvie montre qu\u2019elle est en chemin vers sa gorge. En m\u00eame temps elle poursuit son dialogue int\u00e9rieur<\/td>\n<\/tr>\n<tr>\n<td style=\"text-align: left; vertical-align: top; border-style: solid;\" width=\"57\">B<\/td>\n<td style=\"text-align: left; vertical-align: top; border-style: solid;\" width=\"312\">Donc vous dites que \u2026 vous vous dites \u00e0 ce moment-l\u00e0 que vous n\u2019avez rien compris. Et que vous \u00eates \u00e0 c\u00f4t\u00e9 de la plaque. Euh\u2026. Juste \u00e0 ce moment-l\u00e0, qu\u2019est-ce que vous faites\u00a0? Faites -moi\u2026 comment vous \u00e9tiez dans votre corps \u00e0 ce moment-l\u00e0\u00a0? Essayez de sentir la temp\u00e9rature. Qu\u2019est-ce que vous regardez\u00a0? Qu\u2019est-ce que vous entendez\u00a0?<\/td>\n<td style=\"text-align: left; vertical-align: top; border-style: solid;\" width=\"227\">Lorsque je pose la 1<sup>\u00e8re<\/sup> question (qu\u2019est-ce que vous faites\u00a0?), je vois que A n\u2019est pas en \u00e9vocation. Je cherche \u00e0 l\u2019y ramener en faisant appel \u00e0 ses sensations physiques. Mais je ne lui demande pas l\u2019autorisation de le faire\u00a0!<\/td>\n<\/tr>\n<tr>\n<td style=\"text-align: left; vertical-align: top; border-style: solid;\" width=\"57\"><em>A <\/em><\/td>\n<td style=\"text-align: left; vertical-align: top; border-style: solid;\" width=\"312\"><em>Bah\u2026 je regardais ma feuille, je regardais le tableau<\/em><\/td>\n<td style=\"text-align: left; vertical-align: top; border-style: solid;\" width=\"227\">A n\u2019entre pas en \u00e9vocation. Parce que je ne lui ai pas demand\u00e9 son accord\u00a0?<\/td>\n<\/tr>\n<tr>\n<td style=\"text-align: left; vertical-align: top; border-style: solid;\" width=\"57\">B<\/td>\n<td style=\"text-align: left; vertical-align: top; border-style: solid;\" width=\"312\">D\u2019accord. Vous regardez votre feuille. Vous fixez votre feuille.<\/td>\n<td style=\"text-align: left; vertical-align: top; border-style: solid;\" width=\"227\">Relance en \u00e9cho au pr\u00e9sent<\/td>\n<\/tr>\n<tr>\n<td style=\"text-align: left; vertical-align: top; border-style: solid;\" width=\"57\"><em>A<\/em><\/td>\n<td style=\"text-align: left; vertical-align: top; border-style: solid;\" width=\"312\"><em>ouais, je suis fix\u00e9e sur ce qu\u2019elle dit en fait. <\/em><\/td>\n<td style=\"text-align: left; vertical-align: top; border-style: solid;\" width=\"227\">\u00c9vocation<\/td>\n<\/tr>\n<tr>\n<td style=\"text-align: left; vertical-align: top; border-style: solid;\" width=\"57\">B<\/td>\n<td style=\"text-align: left; vertical-align: top; border-style: solid;\" width=\"312\">Vous \u00eates fix\u00e9e sur ce qu\u2019elle dit. Concr\u00e8tement \u00e7a veut dire quoi\u00a0?<\/td>\n<td style=\"text-align: left; vertical-align: top; border-style: solid;\" width=\"227\">Je cherche \u00e0 comprendre ce que A veut dire lorsqu\u2019elle dit \u00ab\u00a0je suis fix\u00e9e\u00a0\u00bb. S\u2019agit-il d\u2019une \u00ab\u00a0fixation\u00a0\u00bb cognitive\u00a0? Y a-t-il d\u2019un regard qui ne peut se d\u00e9tacher du tableau\u00a0? de la feuille\u00a0?<\/td>\n<\/tr>\n<tr>\n<td style=\"text-align: left; vertical-align: top; border-style: solid;\" width=\"57\"><em>A<\/em><\/td>\n<td style=\"text-align: left; vertical-align: top; border-style: solid;\" width=\"312\"><em>je suis fix\u00e9e sur son sch\u00e9ma au tableau, enfin\u2026 j\u2019essayais de faire des liens avec mes propres trucs, enfin mon propre dossier. L\u00e0 j\u2019ai cogit\u00e9 quoi<\/em><\/td>\n<td style=\"text-align: left; vertical-align: top; border-style: solid;\" width=\"227\">D\u2019abord en \u00e9vocation puis activit\u00e9 cognitive en lien avec son travail<\/td>\n<\/tr>\n<tr>\n<td style=\"text-align: left; vertical-align: top; border-style: solid;\" width=\"57\">B<\/td>\n<td style=\"text-align: left; vertical-align: top; border-style: solid;\" width=\"312\">Donc vous r\u00e9fl\u00e9chissez \u00e0 \u00e7a. Donc vous n\u2019\u00eates pas en sid\u00e9ration, vous r\u00e9fl\u00e9chissez, vous \u00eates tr\u00e8s active par rapport \u00e0\u2026 \u00e0 faire des liens entre ce qu\u2019elle vous dit et puis votre propre dossier<\/td>\n<td style=\"text-align: left; vertical-align: top; border-style: solid;\" width=\"227\">Je suis consciente \u00e0 ce moment-l\u00e0 que la question pos\u00e9e incite Sylvie \u00e0 rester dans le domaine de la r\u00e9flexion<\/td>\n<\/tr>\n<tr>\n<td style=\"text-align: left; vertical-align: top; border-style: solid;\" width=\"57\"><em>A\u00a0 <\/em><\/td>\n<td style=\"text-align: left; vertical-align: top; border-style: solid;\" width=\"312\"><em>ouais<\/em><\/td>\n<td style=\"text-align: left; vertical-align: top; border-style: solid;\" width=\"227\"><\/td>\n<\/tr>\n<tr>\n<td style=\"text-align: left; vertical-align: top; border-style: solid;\" width=\"57\">B<\/td>\n<td style=\"text-align: left; vertical-align: top; border-style: solid;\" width=\"312\">La boule elle est o\u00f9 \u00e0 ce moment-l\u00e0\u00a0?<\/td>\n<td style=\"text-align: left; vertical-align: top; border-style: solid;\" width=\"227\">Appel aux sensations physiques<\/td>\n<\/tr>\n<tr>\n<td style=\"text-align: left; vertical-align: top; border-style: solid;\" width=\"57\"><em>A<\/em><\/td>\n<td style=\"text-align: left; vertical-align: top; border-style: solid;\" width=\"312\"><em>elle commence\u2026 elle monte\u2026 elle \u2026 elle\u2026commence \u00e0 monter.<\/em><\/td>\n<td style=\"text-align: left; vertical-align: top; border-style: solid;\" width=\"227\">Evocation. A montre sa gorge<\/td>\n<\/tr>\n<tr>\n<td style=\"text-align: left; vertical-align: top; border-style: solid;\" width=\"57\">B<\/td>\n<td style=\"text-align: left; vertical-align: top; border-style: solid;\" width=\"312\">Ouais. Mais tant que vous r\u00e9fl\u00e9chissez elle n\u2019est pas encore dans la gorge\u00a0?<\/td>\n<td style=\"text-align: left; vertical-align: top; border-style: solid;\" width=\"227\">Appel au raisonnement mais \u00e9galement aux sensations physiques.<\/td>\n<\/tr>\n<tr>\n<td style=\"text-align: left; vertical-align: top; border-style: solid;\" width=\"57\"><em>A<\/em><\/td>\n<td style=\"text-align: left; vertical-align: top; border-style: solid;\" width=\"312\"><em>non non<\/em><\/td>\n<td style=\"text-align: left; vertical-align: top; border-style: solid;\" width=\"227\"><\/td>\n<\/tr>\n<tr>\n<td style=\"text-align: left; vertical-align: top; border-style: solid;\" width=\"57\">B<\/td>\n<td style=\"text-align: left; vertical-align: top; border-style: solid;\" width=\"312\">Alors qu\u2019est-ce qui se passe juste apr\u00e8s\u00a0?<\/td>\n<td style=\"text-align: left; vertical-align: top; border-style: solid;\" width=\"227\"><\/td>\n<\/tr>\n<tr>\n<td style=\"text-align: left; vertical-align: top; border-style: solid;\" width=\"57\"><em>A\u00a0<\/em><\/td>\n<td style=\"text-align: left; vertical-align: top; border-style: solid;\" width=\"312\"><em>apr\u00e8s il y a encore des questions. C\u2019est toujours en lien avec ce sch\u00e9ma que j\u2019ai pas compris<\/em><\/td>\n<td style=\"text-align: left; vertical-align: top; border-style: solid;\" width=\"227\">Pas en \u00e9vocation<\/td>\n<\/tr>\n<tr>\n<td style=\"text-align: left; vertical-align: top; border-style: solid;\" width=\"57\">B<\/td>\n<td style=\"text-align: left; vertical-align: top; border-style: solid;\" width=\"312\">Hmm hmm<\/td>\n<td style=\"text-align: left; vertical-align: top; border-style: solid;\" width=\"227\"><\/td>\n<\/tr>\n<tr>\n<td style=\"text-align: left; vertical-align: top; border-style: solid;\" width=\"57\"><em>A<\/em><\/td>\n<td style=\"text-align: left; vertical-align: top; border-style: solid;\" width=\"312\"><em>et l\u00e0 du coup \u00e7a monte dans la gorge.<\/em><\/td>\n<td style=\"text-align: left; vertical-align: top; border-style: solid;\" width=\"227\"><\/td>\n<\/tr>\n<tr>\n<td style=\"text-align: left; vertical-align: top; border-style: solid;\" width=\"57\">B<\/td>\n<td style=\"text-align: left; vertical-align: top; border-style: solid;\" width=\"312\">Donc ce sch\u00e9ma que vous n\u2019avez pas compris. Quand vous le regardez au tableau\u2026 maintenant vous regardez ce sch\u00e9ma au tableau. Vous regardez votre feuille. Et qu\u2019est-ce qui se passe pour vous\u00a0?<\/td>\n<td style=\"text-align: left; vertical-align: top; border-style: solid;\" width=\"227\">Avec mes reformulations, j\u2019essaie de faire revenir ce moment pr\u00e9cis<\/td>\n<\/tr>\n<tr>\n<td style=\"text-align: left; vertical-align: top; border-style: solid;\" width=\"57\"><em>A<\/em><\/td>\n<td style=\"text-align: left; vertical-align: top; border-style: solid;\" width=\"312\"><em>je sais pas, \u00e7a monte\u2026 \u00e7a monte.<\/em><\/td>\n<td style=\"text-align: left; vertical-align: top; border-style: solid;\" width=\"227\">A respire de mani\u00e8re saccad\u00e9e au rythme de ses mots<\/td>\n<\/tr>\n<tr>\n<td style=\"text-align: left; vertical-align: top; border-style: solid;\" width=\"57\">B<\/td>\n<td style=\"text-align: left; vertical-align: top; border-style: solid;\" width=\"312\">Aussi\u2026 m\u00eame maintenant\u00a0?<\/td>\n<td style=\"text-align: left; vertical-align: top; border-style: solid;\" width=\"227\">Je cherche en m\u00eame temps \u00e0 m\u2019assurer qu\u2019elle est en \u00e9vocation et que la sensation ne devient pas insupportable<\/td>\n<\/tr>\n<tr>\n<td style=\"text-align: left; vertical-align: top; border-style: solid;\" width=\"57\"><em>A\u00a0 <\/em><\/td>\n<td style=\"text-align: left; vertical-align: top; border-style: solid;\" width=\"312\"><em>oui. Non, maintenant moins\u2026 maintenant moins\u2026<\/em><\/td>\n<td style=\"text-align: left; vertical-align: top; border-style: solid;\" width=\"227\">Visiblement la tension diminue, sa respiration ralentit et son corps montre un rel\u00e2chement musculaire.<\/td>\n<\/tr>\n<\/tbody>\n<\/table>\n<p style=\"text-align: justify;\">Je propose de terminer l\u2019EdE pour ne pas aller jusqu\u2019au moment du malaise. Sylvie d\u00e9crit rapidement la suite\u00a0: \u00e0 la fin de la le\u00e7on, l\u2019\u00e9l\u00e8ve assise \u00e0 c\u00f4t\u00e9 d\u2019elle lui demande comment elle va, sa question sera le d\u00e9clencheur de son malaise, tout devient noir, bourdonne, et elle doit se coucher.<\/p>\n<p style=\"text-align: justify;\">Dans l\u2019intention de poser clairement que nous ne sommes plus en EdE et que nous sommes dans la supervision en tant que telle, je propose de revenir sur certains moments de l\u2019EdE qui pourraient \u00eatre utiles dans le cadre de sa pratique. Sylvie prend conscience que la boule qu\u2019elle sent monter de son estomac \u00e0 sa gorge est le pr\u00e9curseur de son malaise alors que son regard alterne entre sa feuille et le tableau. Durant l\u2019EdE, Sylvie d\u00e9crit le sch\u00e9ma de l\u2019enseignante au tableau qui s\u2019av\u00e8re \u00eatre une sorte de sch\u00e9ma heuristique (<em>mindmap<\/em>), dont elle dit qu\u2019il n\u2019est pas organis\u00e9. Elle le compare \u00e0 la structure qu\u2019elle a donn\u00e9e \u00e0 son travail et estime que cette comparaison montre \u00ab\u00a0qu\u2019elle est \u00e0 c\u00f4t\u00e9 de la plaque\u00a0\u00bb. Dans la discussion qui suit, nous parlons du sch\u00e9ma heuristique, \u00e9minemment personnel puisqu\u2019en lien avec la structure mentale de l\u2019auteur, exemple d\u2019une organisation possible du contenu de la r\u00e9flexion mais pas obligatoirement pertinente pour une autre personne. Cette distinction ne lui est pas inconnue et elle reconna\u00eet \u00e0 ce moment-l\u00e0 que ce qu\u2019elle a d\u00e9j\u00e0 fait n\u2019est pas erron\u00e9, qu\u2019elle ne s\u2019est pas tromp\u00e9e dans sa compr\u00e9hension des consignes (elle sera d\u2019ailleurs lou\u00e9e pour la qualit\u00e9 de son travail\u00a0!). Elle r\u00e9alise \u00e0 ce moment-l\u00e0 que le stress s\u2019est install\u00e9 \u00e0 l\u2019insu de sa r\u00e9flexion, alors que son regard presque fr\u00e9n\u00e9tique entre sa feuille et le tableau ne montrait que les diff\u00e9rences existantes sur la forme, non sur le fond.<\/p>\n<p style=\"text-align: justify;\">Lorsque je lui ai demand\u00e9, lors d\u2019une rencontre suivante, si les deux EdE que nous avions men\u00e9s lui avaient apport\u00e9 quelque chose, elle situe tr\u00e8s pr\u00e9cis\u00e9ment les b\u00e9n\u00e9fices\u00a0:<\/p>\n<p style=\"text-align: justify;\">\u00ab\u00a0\u00c7a me permet de prendre conscience de petits d\u00e9tails dont je n\u2019avais pas conscience. Et \u00e7a me permet de trouver des solutions\u00a0\u00bb. Le fait d\u2019avoir baiss\u00e9 la t\u00eate et souri durant la le\u00e7on, alors que la situation n\u2019avait rien de comique, et du sentiment de d\u00e9tente qu\u2019elle a ressenti, a \u00e9t\u00e9 identifi\u00e9 comme une strat\u00e9gie qu\u2019elle peut mettre en place dans d\u2019autres circonstances.<\/p>\n<p style=\"text-align: justify;\">La relation avec l\u2019enfant de la premi\u00e8re situation s\u2019est beaucoup am\u00e9lior\u00e9e : \u00ab\u00a0\u00e7a va beaucoup mieux, elle est in love de moi\u00a0!\u00a0\u00bb. Elle arrive mieux \u00e0 prendre de la distance, notamment en clarifiant ce qui d\u00e9pend d\u2019elle et son pouvoir d\u2019agir, l\u00e0 o\u00f9 elle peut exercer une influence et l\u00e0 o\u00f9 elle n\u2019a aucun contr\u00f4le.<\/p>\n<p style=\"text-align: justify;\">Quant aux apports de la deuxi\u00e8me situation, \u00ab\u00a0\u00c7a me permet d\u2019\u00eatre dans le moment pr\u00e9sent, de m\u2019observer, de sentir o\u00f9 dans le corps il se passe quelque chose, j\u2019y suis plus attentive.\u00a0\u00bb Les moments de stress intense tels que ce malaise lui font craindre qu\u2019ils puissent impacter sa pratique, c\u2019est pourquoi elle montre un grand int\u00e9r\u00eat \u00e0 ma\u00eetriser ses r\u00e9actions physiques et \u00e9motionnelles. Durant les s\u00e9ances de supervision, nous avons exp\u00e9riment\u00e9 quelques techniques de pleine conscience et de relaxation, tel que l\u2019espace de respiration.<\/p>\n<h6 style=\"text-align: justify;\"><strong>4.3. Alicia : troisi\u00e8me situation<\/strong><\/h6>\n<p style=\"text-align: justify;\">Alicia s\u2019occupe d\u2019un enfant TSA<a href=\"#_ftn11\" name=\"_ftnref11\"><sup>[11]<\/sup><\/a>. Ce n\u2019est pas la premi\u00e8re fois qu\u2019il est question de lui dans les rencontres de supervision, son accompagnement soulevant diverses difficult\u00e9s. Alicia n\u2019est pas seule \u00e0 s\u2019occuper de lui et avec ses coll\u00e8gues, elles ont \u00e9labor\u00e9 un protocole de contrainte \u00e0 mettre en place pour que l\u2019enfant reste tranquille durant la sieste, souvent probl\u00e9matique. La situation qui va faire l\u2019objet de l\u2019EdE concerne justement un moment sp\u00e9cifi\u00e9 de sieste. Alicia raconte que l\u2019enfant va d\u2019abord se coucher sur le lit, accepte d\u2019\u00eatre couvert d\u2019un plaid avant de le rejeter et de mettre litt\u00e9ralement les pieds contre le mur. Alicia le retourne et le contraint, comme pr\u00e9vu par le protocole, en passant un bras par-dessus son corps. L\u2019enfant donne des coups de pied puis mord Alicia dans le bras qui, \u00ab\u00a0par r\u00e9flexe\u00a0\u00bb, lui donne une tape sur la t\u00eate. Elle s\u2019en veut beaucoup de ce geste qui remet en question son choix professionnel. Cette expression \u00ab\u00a0par r\u00e9flexe\u00a0\u00bb m\u2019alerte car elle laisse entendre qu\u2019il s\u2019est jou\u00e9 quelque chose de non-conscient. Je lui propose alors un EdE pour explorer plus pr\u00e9cis\u00e9ment ce moment-l\u00e0. Ce qui sous-tend mon souhait d\u2019EdE, c\u2019est que ce qu\u2019Alicia qualifie de r\u00e9flexe est certainement motiv\u00e9 par des pens\u00e9es, des \u00e9motions non conscientes qui jouent un r\u00f4le dans le d\u00e9clenchement de ce geste et qui, amen\u00e9es \u00e0 la conscience, peuvent \u00e9viter sa reproduction. Je lui propose un EdE, lui explique son int\u00e9r\u00eat, lui en pr\u00e9sente le d\u00e9roulement et lui demande son accord initial (contrat d\u2019attelage). Puis selon la formule consacr\u00e9e (je vous propose, si vous en \u00eates d\u2019accord, de prendre le temps de laisser revenir\u2026) je d\u00e9bute l\u2019EdE. Je la guide dans l\u2019\u00e9vocation en l\u2019incitant (de mani\u00e8re ouverte) \u00e0 revivre les sensations physiques, visuelles, auditives du contexte dans lequel prend place la situation.<\/p>\n<table width=\"604\">\n<tbody>\n<tr>\n<td style=\"border-style: solid; text-align: left; vertical-align: top;\" width=\"66\">B<\/td>\n<td style=\"border-style: solid; text-align: left; vertical-align: top;\" width=\"312\"><em>\u00a0<\/em>C&rsquo;est dans la p\u00e9nombre. Il est dans son lit, vous \u00eates assise, lui \u00e0 votre droite.<\/td>\n<td style=\"border-style: solid; text-align: left; vertical-align: top;\" width=\"227\">Je relance au pr\u00e9sent pour inciter \u00e0 entrer en \u00e9vocation<\/td>\n<\/tr>\n<tr>\n<td style=\"border-style: solid; text-align: left; vertical-align: top;\" width=\"66\"><em>A\u00a0<\/em><\/td>\n<td style=\"border-style: solid; text-align: left; vertical-align: top;\" width=\"312\"><em>\u00a0Il vient de mettre les pieds au mur. J&rsquo;allais essayer de descendre ses pieds.<\/em><\/td>\n<td style=\"border-style: solid; text-align: left; vertical-align: top;\" width=\"227\">Elle r\u00e9pond \u00e0 l\u2019imparfait<\/td>\n<\/tr>\n<tr>\n<td style=\"border-style: solid; text-align: left; vertical-align: top;\" width=\"66\">B<\/td>\n<td style=\"border-style: solid; text-align: left; vertical-align: top;\" width=\"312\"><em>\u00a0<\/em>Et \u00e0 ce moment-l\u00e0, il vous donne un coup de pied. Qu&rsquo;est-ce qui se passe \u00e0 ce moment-l\u00e0 ?<\/td>\n<td style=\"border-style: solid; text-align: left; vertical-align: top;\" width=\"227\">J\u2019insiste au pr\u00e9sent<\/td>\n<\/tr>\n<tr>\n<td style=\"border-style: solid; text-align: left; vertical-align: top;\" width=\"66\"><em>A<\/em><\/td>\n<td style=\"border-style: solid; text-align: left; vertical-align: top;\" width=\"312\"><em>\u00a0Apr\u00e8s je reprends le plaid pour euh\u2026 lui mettre sur les jambes. Pour reprendre le plaid. Pour qu&rsquo;il\u2026 qu&rsquo;il arr\u00eate de\u2026 de lancer ses pieds contre moi en fait. Et euh\u2026 bah\u2026 c&rsquo;est\u2026 il reste pas tranquille, alors je me mets sur euh\u2026 je me mets juste ici, je me mets sur le c\u00f4t\u00e9 de lui euh\u2026 en fait sur son c\u00f4t\u00e9 droit. Pour le remonter dans le lit. Jusque-l\u00e0 j&rsquo;\u00e9tais assise et en fait bah\u2026 j&rsquo;\u00e9tais assise jusque-l\u00e0 dans le lit et je le remets sur le bord du lit pour mettre ses pieds\u2026 pour qu&rsquo;ils soient derri\u00e8re moi, comme \u00e7a, en fait ses pieds<\/em> (Alicia mime la situation)<em>. Et puis c&rsquo;est ce qu&rsquo;on fait quand on essaie de le tenir un peu tranquille en fait, je me\u2026 je me mets comme \u00e7a, un petit peu sur lui, juste sur ses jambes. Juste pour coincer un petit peu ses jambes. Et l\u00e0 en fait, il essaie de m&rsquo;attraper avec les bras, enfin de me tirer les cheveux ou de me passer sur mon visage en tout cas, quelque chose au visage. Alors je lui prends le bras pour qu&rsquo;il arr\u00eate de me griffer, je lui pose le bras sur un c\u00f4t\u00e9 de lui comme \u00e7a. Et l\u00e0 en fait il se tourne et il me mord.<\/em><\/td>\n<td style=\"border-style: solid; text-align: left; vertical-align: top;\" width=\"227\">\n<p>Entr\u00e9e en \u00e9vocation<\/p>\n<p>&nbsp;<\/p>\n<p>&nbsp;<\/p>\n<p>&nbsp;<\/p>\n<p>&nbsp;<\/p>\n<p>&nbsp;<\/p>\n<p>&nbsp;<\/p>\n<p>&nbsp;<\/p>\n<p>Souvenir du protocole \u00e0 appliquer dans ce cas<\/p>\n<p>&nbsp;<\/p>\n<p>Son discours est rapide, ce qui me fait penser que A n\u2019est pas en \u00e9vocation. Mais l\u2019encha\u00eenement pr\u00e9cis des gestes pourrait me laisser penser le contraire.<\/td>\n<\/tr>\n<\/tbody>\n<\/table>\n<p style=\"text-align: justify;\">Durant cette description, je per\u00e7ois qu\u2019Alicia n\u2019est pas toujours en \u00e9vocation. Cependant, je ne l\u2019interromps pas car son r\u00e9cit est nettement plus pr\u00e9cis que dans la pr\u00e9sentation initiale de la situation. Je me trouve donc partag\u00e9e entre l\u2019envie de l\u2019interrompre avec une relance-type en EdE comme \u00ab\u00a0Attends, attends\u2026 j\u2019ai besoin de comprendre\u2026\u00a0\u00bb et celle de la laisser poursuivre sa description. Je pense que je me suis d\u00e9j\u00e0 pr\u00e9par\u00e9e \u00e0 fragmenter le moment juste avant la morsure. Je lui propose donc d\u2019aller en profondeur.<\/p>\n<table width=\"604\">\n<tbody>\n<tr>\n<td style=\"border-style: solid; text-align: left; vertical-align: top;\" width=\"66\">B<\/td>\n<td style=\"border-style: solid; text-align: left; vertical-align: top;\" width=\"312\">Juste \u00e0 ce moment-l\u00e0, si on revient juste avant, qu&rsquo;est-ce qui se passe juste avant que vous lui preniez le bras ?<\/td>\n<td style=\"border-style: solid; text-align: left; vertical-align: top;\" width=\"227\">Reconstitution de la chronologie<\/td>\n<\/tr>\n<tr>\n<td style=\"border-style: solid; text-align: left; vertical-align: top;\" width=\"66\"><em>A\u00a0<\/em><\/td>\n<td style=\"border-style: solid; text-align: left; vertical-align: top;\" width=\"312\"><em>\u00a0On va dire\u2026 il essaie de m&rsquo;attraper le visage en fait. Il essaie d&rsquo;attraper le visage.<\/em><\/td>\n<td style=\"border-style: solid; text-align: left; vertical-align: top;\" width=\"227\"><\/td>\n<\/tr>\n<tr>\n<td style=\"border-style: solid; text-align: left; vertical-align: top;\" width=\"66\">B<\/td>\n<td style=\"border-style: solid; text-align: left; vertical-align: top;\" width=\"312\"><em>\u00a0<\/em>Et puis c&rsquo;est\u2026 c&rsquo;est o\u00f9 ? Et puis qu&rsquo;est-ce que vous sentez ? Vous avez mal ?<\/td>\n<td style=\"border-style: solid; text-align: left; vertical-align: top;\" width=\"227\">Je lui pose une s\u00e9rie de questions ce qui ne lui permet pas de r\u00e9pondre \u00e0 la premi\u00e8re.<\/td>\n<\/tr>\n<tr>\n<td style=\"border-style: solid; text-align: left; vertical-align: top;\" width=\"66\"><em>A<\/em><\/td>\n<td style=\"border-style: solid; text-align: left; vertical-align: top;\" width=\"312\"><em>\u00a0\u00c7a vous griffe. \u00c7a vous griffe.<\/em><\/td>\n<td style=\"border-style: solid; text-align: left; vertical-align: top;\" width=\"227\">\u00c9tonnante, cette formulation impersonnelle\u00a0!<\/td>\n<\/tr>\n<tr>\n<td style=\"border-style: solid; text-align: left; vertical-align: top;\" width=\"66\">B<\/td>\n<td style=\"border-style: solid; text-align: left; vertical-align: top;\" width=\"312\"><em>\u00a0<\/em>Est-ce que vous avez \u00e9prouv\u00e9 un sentiment de danger ou non, de l&rsquo;agacement ?<\/td>\n<td style=\"border-style: solid; text-align: left; vertical-align: top;\" width=\"227\">D\u2019une part, je ne questionne pas le fait de la griffure, d\u2019autre part je lui sugg\u00e8re des r\u00e9ponses.<\/td>\n<\/tr>\n<tr>\n<td style=\"border-style: solid; text-align: left; vertical-align: top;\" width=\"66\"><em>A\u00a0<\/em><\/td>\n<td style=\"border-style: solid; text-align: left; vertical-align: top;\" width=\"312\"><em>\u00a0De l&rsquo;agacement. <\/em><\/td>\n<td style=\"border-style: solid; text-align: left; vertical-align: top;\" width=\"227\"><\/td>\n<\/tr>\n<tr>\n<td style=\"border-style: solid; text-align: left; vertical-align: top;\" width=\"66\">B<\/td>\n<td style=\"border-style: solid; text-align: left; vertical-align: top;\" width=\"312\">Vous avez \u00e9prouv\u00e9 de l&rsquo;agacement \u00e0 ce moment-l\u00e0. Et\u2026 euh\u2026 il se\u2026 il se manifeste o\u00f9 dans votre corps cet agacement ?<\/td>\n<td style=\"border-style: solid; text-align: left; vertical-align: top;\" width=\"227\">Appel aux sensations physiques<\/td>\n<\/tr>\n<tr>\n<td style=\"border-style: solid; text-align: left; vertical-align: top;\" width=\"66\"><em>A\u00a0<\/em><\/td>\n<td style=\"border-style: solid; text-align: left; vertical-align: top;\" width=\"312\"><em>\u00a0C&rsquo;est une esp\u00e8ce d&rsquo;agitation du corps. <\/em><\/td>\n<td style=\"border-style: solid; text-align: left; vertical-align: top;\" width=\"227\"><\/td>\n<\/tr>\n<tr>\n<td style=\"border-style: solid; text-align: left; vertical-align: top;\" width=\"66\">B<\/td>\n<td style=\"border-style: solid; text-align: left; vertical-align: top;\" width=\"312\"><em>\u00a0<\/em>C&rsquo;est une agitation de votre corps.<\/td>\n<td style=\"border-style: solid; text-align: left; vertical-align: top;\" width=\"227\">Echo<\/td>\n<\/tr>\n<tr>\n<td style=\"border-style: solid; text-align: left; vertical-align: top;\" width=\"66\"><em>A\u00a0<\/em><\/td>\n<td style=\"border-style: solid; text-align: left; vertical-align: top;\" width=\"312\"><em>\u00a0Euh\u2026 de\u2026 pas envie d&rsquo;\u00eatre touch\u00e9e.<\/em><\/td>\n<td style=\"border-style: solid; text-align: left; vertical-align: top;\" width=\"227\">Son corps montre \u00e0 cet instant du d\u00e9go\u00fbt, avec les traits du visage qui forment le masque du d\u00e9go\u00fbt et son corps qui esquisse un frisson<\/td>\n<\/tr>\n<tr>\n<td style=\"border-style: solid; text-align: left; vertical-align: top;\" width=\"66\">B<\/td>\n<td style=\"border-style: solid; text-align: left; vertical-align: top;\" width=\"312\">Vous avez pas envie d&rsquo;\u00eatre touch\u00e9e \u00e0 ce moment-l\u00e0.<\/td>\n<td style=\"border-style: solid; text-align: left; vertical-align: top;\" width=\"227\">Echo<\/td>\n<\/tr>\n<tr>\n<td style=\"border-style: solid; text-align: left; vertical-align: top;\" width=\"66\"><em>A\u00a0<\/em><\/td>\n<td style=\"border-style: solid; text-align: left; vertical-align: top;\" width=\"312\"><em>\u00a0Et\u2026 euh\u2026 bah je lui prends la main pour qu&rsquo;il arr\u00eate\u2026 parce que je fais plusieurs fois\u2026 en fait avec la main, du coup c&rsquo;est pour \u00e7a que je lui prends la main.<\/em><\/td>\n<td style=\"border-style: solid; text-align: left; vertical-align: top;\" width=\"227\"><\/td>\n<\/tr>\n<tr>\n<td style=\"border-style: solid; text-align: left; vertical-align: top;\" width=\"66\">B<\/td>\n<td style=\"border-style: solid; text-align: left; vertical-align: top;\" width=\"312\"><em>\u00a0<\/em>Et vous avez\u2026 vous lui prenez vraiment la main dans votre main ?<\/td>\n<td style=\"border-style: solid; text-align: left; vertical-align: top;\" width=\"227\">Je voudrais qu\u2019elle explicite son geste<\/td>\n<\/tr>\n<tr>\n<td style=\"border-style: solid; text-align: left; vertical-align: top;\" width=\"66\"><em>A\u00a0<\/em><\/td>\n<td style=\"border-style: solid; text-align: left; vertical-align: top;\" width=\"312\"><em>\u00a0Euh\u2026 en fait si on imagine sa main qui est comme \u00e7a, je le prends comme \u00e7a, en fait, je mets les doigts dans sa main. Dans sa paume. Et je tiens le poignet. Donc je fais comme \u00e7a pour la\u2026 pour la remettre \u00e0 c\u00f4t\u00e9 de lui en fait, puisque lui il est couch\u00e9 donc sur le dos plus ou moins. Je suis quand m\u00eame assez proche de lui hein puisque je suis sur son bassin. Et puis en fait euh\u2026 l\u00e0 il se tourne la t\u00eate, c&rsquo;est vraiment l\u00e0 qu&rsquo;il fait \u00e7a en fait. Il va me mordre \u2026\u00e0\u2026 \u00e0 ce niveau-l\u00e0, tu vois par l\u00e0. Du coup, mord l&rsquo;avant-bras. L&rsquo;avant-bras qui tient sa main.<\/em><\/td>\n<td style=\"border-style: solid; text-align: left; vertical-align: top;\" width=\"227\">Elle accompagne sa description de gestes<\/td>\n<\/tr>\n<tr>\n<td style=\"border-style: solid; text-align: left; vertical-align: top;\" width=\"66\">B<\/td>\n<td style=\"border-style: solid; text-align: left; vertical-align: top;\" width=\"312\">D&rsquo;accord. Donc on est \u00e0 ce moment-l\u00e0. Qu&rsquo;est-ce qui se passe juste apr\u00e8s ?<\/td>\n<td style=\"border-style: solid; text-align: left; vertical-align: top;\" width=\"227\"><\/td>\n<\/tr>\n<tr>\n<td style=\"border-style: solid; text-align: left; vertical-align: top;\" width=\"66\"><em>A<\/em><\/td>\n<td style=\"border-style: solid; text-align: left; vertical-align: top;\" width=\"312\"><em>\u00a0Bah l\u00e0 je me redresse. Et puis\u2026 un moment o\u00f9 je me dis\u2026 je me redresse comme \u00e7a et en fait c&rsquo;est avec la main droite que je lui tape la t\u00eate. C&rsquo;est vrai<\/em>. (marque son \u00e9tonnement). <em>Donc je garde quand m\u00eame sa main. <\/em><\/td>\n<td style=\"border-style: solid; text-align: left; vertical-align: top;\" width=\"227\">\n<p>J\u2019aurais pu explorer le \u00ab\u00a0je me dis\u2026\u00a0\u00bb<\/p>\n<p>Elle prend conscience qu\u2019elle n\u2019a pas l\u00e2ch\u00e9 la main qui cherchait \u00e0 la griffer et qu\u2019elle utilise la main droite pour lui donner une tape sur la t\u00eate<\/td>\n<\/tr>\n<tr>\n<td style=\"border-style: solid; text-align: left; vertical-align: top;\" width=\"66\">B<\/td>\n<td style=\"border-style: solid; text-align: left; vertical-align: top;\" width=\"312\">Vous gardez sa main et c&rsquo;est avec la main droite que vous lui donnez une tape sur la t\u00eate.<\/td>\n<td style=\"border-style: solid; text-align: left; vertical-align: top;\" width=\"227\">Echo<\/td>\n<\/tr>\n<tr>\n<td style=\"border-style: solid; text-align: left; vertical-align: top;\" width=\"66\"><em>A\u00a0<\/em><\/td>\n<td style=\"border-style: solid; text-align: left; vertical-align: top;\" width=\"312\"><em>\u00a0Et puis l\u00e0 il me l\u00e2che et puis apr\u00e8s je me l\u00e8ve. Je me suis lev\u00e9e, je me suis \u00e9loign\u00e9e en fait.<\/em><\/td>\n<td style=\"border-style: solid; text-align: left; vertical-align: top;\" width=\"227\"><\/td>\n<\/tr>\n<\/tbody>\n<\/table>\n<p style=\"text-align: justify;\">Nous voyons ce qu\u2019apporte la fragmentation, l\u2019exploration toujours plus pr\u00e9cise du moment.<\/p>\n<ul style=\"text-align: justify;\">\n<li>Quel ressenti corporel\u00a0? de l\u2019agitation.<\/li>\n<li>Quel sentiment\u00a0? de l\u2019agacement \u00e0 \u00eatre touch\u00e9e par l\u2019enfant.<\/li>\n<li>Quel bras fait quoi\u00a0? Alicia pensait qu\u2019elle avait l\u00e2ch\u00e9 le bras de l\u2019enfant et donn\u00e9 la tape de la m\u00eame main. En fait, elle a maintenu sa prise et accompli son geste de l\u2019autre main.<\/li>\n<\/ul>\n<p style=\"text-align: justify;\">\u00a0Allons encore plus loin\u00a0:<\/p>\n<table width=\"604\">\n<tbody>\n<tr>\n<td style=\"border-style: solid; text-align: left; vertical-align: top;\" width=\"66\">B<\/td>\n<td style=\"border-style: solid; text-align: left; vertical-align: top;\" width=\"312\">Et puis si on revient un tout petit peu en arri\u00e8re, donc vous \u00eates\u2026 il vous a mordu, vous avez immobilis\u00e9 la\u2026 la main avec votre main gauche. Est-ce que vous vous dites quelque chose ?<\/td>\n<td style=\"border-style: solid; text-align: left; vertical-align: top;\" width=\"227\"><\/td>\n<\/tr>\n<tr>\n<td style=\"border-style: solid; text-align: left; vertical-align: top;\" width=\"66\"><em>A\u00a0<\/em><\/td>\n<td style=\"border-style: solid; text-align: left; vertical-align: top;\" width=\"312\"><em>\u00a0Et o\u00f9\u2026, je me dis que\u2026 je me dis\u2026 l\u00e2che-moi\u00a0! en fait, c&rsquo;est vraiment \u00e7a. L\u00e2che-moi\u00a0! L\u00e2che-moi\u00a0! Mais c&rsquo;est bizarre que j&rsquo;enl\u00e8ve pas la main, j&rsquo;enl\u00e8ve pas la main gauche en fait. <\/em><\/td>\n<td style=\"border-style: solid; text-align: left; vertical-align: top;\" width=\"227\">\n<p>Evocation<\/p>\n<p>Je devrais explorer quelle est son intention en n\u2019enlevant pas la main<\/td>\n<\/tr>\n<tr>\n<td style=\"border-style: solid; text-align: left; vertical-align: top;\" width=\"66\">B<\/td>\n<td style=\"border-style: solid; text-align: left; vertical-align: top;\" width=\"312\">Vous avez pas l\u00e2ch\u00e9. Est-ce que vous \u00eates d\u00e9s\u00e9quilibr\u00e9e par le fait de lui tenir la main ?<\/td>\n<td style=\"border-style: solid; text-align: left; vertical-align: top;\" width=\"227\"><\/td>\n<\/tr>\n<tr>\n<td style=\"border-style: solid; text-align: left; vertical-align: top;\" width=\"66\"><em>A\u00a0<\/em><\/td>\n<td style=\"border-style: solid; text-align: left; vertical-align: top;\" width=\"312\"><em>\u00a0Non, parce que je suis\u2026 en\u2026 en fait je me l\u00e8ve comme \u00e7a pour lui mettre une claque sur la t\u00eate, parce que jusque-l\u00e0 je suis appuy\u00e9e sur mon bras droit en fait. Donc pas lui \u00e9craser les jambes, juste bloquer mais pas lui \u00e9craser.<\/em><\/td>\n<td style=\"border-style: solid; text-align: left; vertical-align: top;\" width=\"227\">\n<p>A mime les gestes<\/p>\n<p>Je devrais v\u00e9rifier l\u2019\u00e9ventuel lien avec le protocole dans le fait de juste bloquer les jambes<\/td>\n<\/tr>\n<tr>\n<td style=\"border-style: solid; text-align: left; vertical-align: top;\" width=\"66\">B<\/td>\n<td style=\"border-style: solid; text-align: left; vertical-align: top;\" width=\"312\">Donc c&rsquo;est pas la main gauche qui vous d\u00e9s\u00e9quilibre mais vous devez, si je comprends bien, vous devez\u2026<\/td>\n<td style=\"border-style: solid; text-align: left; vertical-align: top;\" width=\"227\">Je verbalise ce que j\u2019ai compris de ses gestes<\/td>\n<\/tr>\n<tr>\n<td style=\"border-style: solid; text-align: left; vertical-align: top;\" width=\"66\"><em>A\u00a0<\/em><\/td>\n<td style=\"border-style: solid; text-align: left; vertical-align: top;\" width=\"312\"><em>\u00a0Je vais me redresser. Pour\u2026 pour faire \u00e7a. Pour faire ce geste de la main droite. <\/em><\/td>\n<td style=\"border-style: solid; text-align: left; vertical-align: top;\" width=\"227\"><\/td>\n<\/tr>\n<tr>\n<td style=\"border-style: solid; text-align: left; vertical-align: top;\" width=\"66\">B<\/td>\n<td style=\"border-style: solid; text-align: left; vertical-align: top;\" width=\"312\"><em>\u00a0<\/em>Ce geste il veut dire pour vous \u00ab\u00a0l\u00e2che-moi maintenant\u00a0\u00bb. Qu&rsquo;est-ce qu&rsquo;il veut\u2026 ? Est-ce qu&rsquo;il y a une autre\u2026 est-ce qui se passe autre chose en vous \u00e0 ce moment-l\u00e0 ?<\/td>\n<td style=\"border-style: solid; text-align: left; vertical-align: top;\" width=\"227\">Appel \u00e0 interpr\u00e9tation<\/td>\n<\/tr>\n<tr>\n<td style=\"border-style: solid; text-align: left; vertical-align: top;\" width=\"66\"><em>A\u00a0<\/em><\/td>\n<td style=\"border-style: solid; text-align: left; vertical-align: top;\" width=\"312\"><em>\u00a0Moi j&rsquo;ai vraiment cette impression que c&rsquo;est l&rsquo;envie qu&rsquo;il l\u00e2che.<\/em><\/td>\n<td style=\"border-style: solid; text-align: left; vertical-align: top;\" width=\"227\">Tout son corps montre ce besoin d\u2019\u00eatre l\u00e2ch\u00e9e<\/td>\n<\/tr>\n<tr>\n<td style=\"border-style: solid; text-align: left; vertical-align: top;\" width=\"66\">B<\/td>\n<td style=\"border-style: solid; text-align: left; vertical-align: top;\" width=\"312\">Est-ce que c&rsquo;est en lien avec l&rsquo;agacement de tout \u00e0 l&rsquo;heure ?<\/td>\n<td style=\"border-style: solid; text-align: left; vertical-align: top;\" width=\"227\">La question portant sur le lien la fait sortir d\u2019\u00e9vocation<\/td>\n<\/tr>\n<tr>\n<td style=\"border-style: solid; text-align: left; vertical-align: top;\" width=\"66\"><em>A\u00a0<\/em><\/td>\n<td style=\"border-style: solid; text-align: left; vertical-align: top;\" width=\"312\"><em>\u00a0Oui, je pense que c&rsquo;est possible. C&rsquo;est\u2026 en fait un peu\u2026 une\u2026 une peur qui\u2026 qui\u2026 qui arrive. On va dire voil\u00e0, parce que\u2026 parce que je voulais pas arriver quelque part, c&rsquo;est un peu \u00e7a, j&rsquo;ai plus envie qu&rsquo;on me touche. Puis l\u00e0 en fait c&rsquo;est le pire toucher, on va dire \u00e7a comme \u00e7a. Donc oui, c&rsquo;est peut-\u00eatre le r\u00e9sultat de \u00e7a.<\/em><\/td>\n<td style=\"border-style: solid; text-align: left; vertical-align: top;\" width=\"227\">Mais elle se remet directement en \u00e9vocation et laisse \u00e9merger la peur qu\u2019elle verbalise pour la premi\u00e8re fois. Elle prend conscience qu\u2019elle n\u2019a pas d\u2019intention si ce n\u2019est celle de ne plus \u00eatre touch\u00e9e, d\u2019autant plus que ce toucher m\u00e8ne \u00e0 une morsure.<\/td>\n<\/tr>\n<tr>\n<td style=\"border-style: solid; text-align: left; vertical-align: top;\" width=\"66\">B<\/td>\n<td style=\"border-style: solid; text-align: left; vertical-align: top;\" width=\"312\">Et puis qu&rsquo;est-ce qui se passe juste apr\u00e8s cette tape sur la t\u00eate ?<\/td>\n<td style=\"border-style: solid; text-align: left; vertical-align: top;\" width=\"227\"><\/td>\n<\/tr>\n<tr>\n<td style=\"border-style: solid; text-align: left; vertical-align: top;\" width=\"66\"><em>A<\/em><\/td>\n<td style=\"border-style: solid; text-align: left; vertical-align: top;\" width=\"312\"><em>\u00a0Bah apr\u00e8s il me l\u00e2che directement.<\/em><\/td>\n<td style=\"border-style: solid; text-align: left; vertical-align: top;\" width=\"227\"><\/td>\n<\/tr>\n<\/tbody>\n<\/table>\n<p style=\"text-align: justify;\"><em><br \/>\n<\/em>Ensuite Alicia l\u00e2che l\u2019enfant et sort de la pi\u00e8ce. Revenons aux prises de conscience\u00a0:<\/p>\n<ul style=\"text-align: justify;\">\n<li>Quelle pens\u00e9e\u00a0? \u00ab\u00a0L\u00e2che-moi\u00a0!\u00a0\u00bb<\/li>\n<li>Quelle \u00e9motion\u00a0? la peur<\/li>\n<li>Quel ressenti\u00a0? plus envie d\u2019\u00eatre touch\u00e9e, c\u2019est le pire toucher<\/li>\n<\/ul>\n<p style=\"text-align: justify;\">Dans la discussion qui suit, Alicia cite ces diff\u00e9rentes prises de conscience,\u00a0\u00ab\u00a0J&rsquo;en \u00e9tais pas consciente mais \u00e7a m&rsquo;\u00e9tonne pas vraiment\u00a0\u00bb. L\u2019enfant TSA l\u2019avait d\u00e9j\u00e0 gri\u00e8vement mordue auparavant, il est donc logique qu\u2019elle \u00e9prouve de la peur. D\u2019ailleurs, elle pr\u00e9cise qu\u2019elle n\u2019a pas retir\u00e9 son bras, ce qui aurait pu \u00e0 nouveau provoquer un arrachement de peau. Ce qu\u2019elle rel\u00e8ve aussi, c\u2019est qu\u2019elle n\u2019a pas pens\u00e9 \u00e0 ex\u00e9cuter le geste pr\u00e9conis\u00e9 face \u00e0 un mordeur, soit de lui pincer le nez.<\/p>\n<p style=\"text-align: justify;\">Elle reconna\u00eet les pens\u00e9es, les ressentis, les \u00e9motions mais pas l\u2019encha\u00eenement.<\/p>\n<p style=\"text-align: justify;\">Lorsque nous recr\u00e9ons la chronologie des \u00e9v\u00e9nements qui se d\u00e9roulent en quelques secondes\u00a0:<\/p>\n<ul style=\"text-align: justify;\">\n<li>L\u2019enfant se d\u00e9bat et refuse de rester couch\u00e9<\/li>\n<li>L\u2019agacement<\/li>\n<li>L\u2019agitation dans le corps<\/li>\n<li>La contrainte<\/li>\n<li>La morsure<\/li>\n<li>La pens\u00e9e \u00ab\u00a0L\u00e2che-moi\u00a0\u00bb<\/li>\n<li>La peur<\/li>\n<li>Le ressenti<\/li>\n<li>La tape<\/li>\n<\/ul>\n<p style=\"text-align: justify;\">Nous interrogeons la pertinence de qualifier la tape de r\u00e9flexe.\u00a0 Lorsque je demande comment Alicia se repr\u00e9sente un r\u00e9flexe, elle cite en exemple le r\u00e9flexe rotulien<a href=\"#_ftn12\" name=\"_ftnref12\"><sup>[12]<\/sup><\/a>.\u00a0 Or la physiologie d\u00e9finit le r\u00e9flexe comme \u00ab\u00a0r\u00e9action automatique, involontaire et imm\u00e9diate (d&rsquo;un organisme vivant) \u00e0 une stimulation.\u00a0\u00bb<a href=\"#_ftn13\" name=\"_ftnref13\"><sup>[13]<\/sup><\/a>. Lorsqu\u2019on consid\u00e8re la chronologie des \u00e9v\u00e9nements, on est loin de cette d\u00e9finition dans laquelle il n\u2019y ni volont\u00e9 ni intention. Or il y a une intention derri\u00e8re le geste d\u2019Alicia\u00a0: il faut \u00e0 tout prix que l\u2019enfant cesse de la mordre\u00a0! La peur mais \u00e9galement une sorte d\u2019aversion font qu\u2019elle ne peut plus supporter son contact.<\/p>\n<p style=\"text-align: justify;\">Lors de la s\u00e9ance de supervision suivante, je demande \u00e0 Alicia ce que l\u2019EdE lui a apport\u00e9. \u00ab\u00a0\u00e7a n\u2019a pas \u00e9t\u00e9 agr\u00e9able\u00a0!\u00a0\u00bb Elle mentionne la peur de prendre conscience \u00ab\u00a0d\u2019avoir fait faux\u00a0\u00bb, mais que \u00ab\u00a0il faut le dire en supervision, c\u2019est une question d\u2019int\u00e9grit\u00e9\u00a0\u00bb. Elle ajoute \u00ab\u00a0il faut seulement faire un entretien comme \u00e7a si on est pr\u00eat \u00e0 voir quelque chose qu\u2019on ne veut pas voir\u00a0\u00bb.<\/p>\n<p style=\"text-align: justify;\">Suite \u00e0 l\u2019EdE et \u00e0 un \u00e9pisode dangereux o\u00f9 l\u2019enfant s\u2019est enfui, elle a demand\u00e9 \u00e0 son sup\u00e9rieur d\u2019interrompre ce mandat, qui courait en principe jusqu\u2019\u00e0 fin juin 2025, ce qui a \u00e9t\u00e9 accept\u00e9. Elle vit mal ce qu\u2019elle consid\u00e8re comme un \u00e9chec et un abandon, mais est en m\u00eame temps soulag\u00e9e \u00e0 l\u2019id\u00e9e d\u2019avoir fait ce qu\u2019il fallait pour se pr\u00e9server.<\/p>\n<h4><strong>5. L\u2019Entretien d\u2019Explicitation en analyse de la pratique<\/strong><\/h4>\n<p style=\"text-align: justify;\">Revenons \u00e0 ces trois situations travaill\u00e9es en analyse de la pratique qui ont fait l\u2019objet d\u2019un EdE.<\/p>\n<h6 style=\"text-align: justify;\"><strong>5.1. Le choix des moments explicit\u00e9s durant le d\u00e9roulement de l\u2019APP<\/strong><\/h6>\n<p style=\"text-align: justify;\">Une des questions essentielles me semble \u00eatre celle du choix du moment qui sera explicit\u00e9. Qu\u2019est-ce qui me pousse \u00e0 choisir un instant plut\u00f4t qu\u2019un autre\u00a0? Est-il plus pertinent\u00a0? Les autres ne le sont-ils pas\u00a0? Je voudrais me pencher sur diff\u00e9rents \u00e9l\u00e9ments qui guident mon action. Il me semble important de pr\u00e9ciser ici que toutes mes d\u00e9cisions ne sont pas r\u00e9fl\u00e9chies, qu\u2019il me manque beaucoup d\u2019exp\u00e9rience en explicitation ce qui se refl\u00e8te dans la pauvret\u00e9 de mes relances.<\/p>\n<p style=\"text-align: justify;\">Dans la mythologie grecque, si Chronos est le dieu du temps physique, celui qui s\u2019\u00e9coule et peut \u00eatre mesur\u00e9, Kairos est le dieu du temps favorable, de l\u2019opportunit\u00e9. Il est repr\u00e9sent\u00e9 comme un jeune \u00e9ph\u00e8be ail\u00e9 avec une longue m\u00e8che sur le front. Son temps est subjectif, ressenti, il correspond \u00e0 une perception int\u00e9rieure qui peut \u00eatre confirm\u00e9e par l\u2019environnement, ou encore selon Wikipedia <em>\u00ab Le Kairos [\u2026] pourrait \u00eatre consid\u00e9r\u00e9 comme une autre dimension du temps cr\u00e9ant de la profondeur dans l\u2019instant. Une porte sur une autre perception de l\u2019univers, de l\u2019\u00e9v\u00e9nement, de soi. \u00bb<a href=\"#_ftn14\" name=\"_ftnref14\"><sup><strong>[14]<\/strong><\/sup><\/a> <\/em><\/p>\n<p style=\"text-align: justify;\">Jalabert (2010) souligne le c\u00f4t\u00e9 impr\u00e9visible du Kairos :<\/p>\n<p style=\"text-align: justify;\"><em>Kair\u00f3s est ce temps multiple et prot\u00e9iforme, changeant et contrast\u00e9, qui a fini par d\u00e9signer en grec moderne le temps, au sens m\u00e9t\u00e9orologique. L\u2019impr\u00e9visible par excellence ! Pr\u00eater attention au kair\u00f3s, c\u2019est en ce sens s\u2019attendre \u00e0 l\u2019impr\u00e9visible, \u00eatre \u00e0 l\u2019aff\u00fbt de ce que l\u2019on ne peut quoi qu\u2019il en soit pas pr\u00e9voir mais dont on sait qu\u2019il est toujours susceptible de surgir. Pr\u00e9voir l\u2019impr\u00e9visible en somme, sans que cela lui retire pour autant son absolue singularit\u00e9, et donc sa part illimit\u00e9e de surprise. (p.6) <\/em><\/p>\n<p style=\"text-align: justify;\">Son temps est celui du moment \u00e0 saisir. Lorsque passe Kairos, on a trois possibilit\u00e9s\u00a0: soit on ne le voit pas, soit on le voit mais on ne fait rien, soit on le voit et on l\u2019attrape par sa m\u00e8che. Ainsi \u00ab saisir Kairos \u00bb, c\u2019est \u00eatre r\u00e9ceptif \u00e0 ce qui (se) passe, c\u2019est savoir attendre et passer \u00e0 l\u2019action.<\/p>\n<p style=\"text-align: justify;\">La supervision s\u2019inscrit dans le Chronos et se compose d\u2019une succession de moments \u2013 de kairos \u2013 qui tous pourraient \u00eatre d\u00e9velopp\u00e9s, explicit\u00e9s, r\u00e9fl\u00e9chis et en ce sens ils correspondent bien \u00e0 ce que Jalabert mentionne comme \u00e9tant toujours pr\u00eat \u00e0 surgir.<\/p>\n<p style=\"text-align: justify;\">Parfois, le choix de ce moment est \u00e9vident. Dans sa premi\u00e8re situation, Sylvie montre une vive \u00e9motion en la d\u00e9crivant, elle est proche des larmes qui se mettent vraiment \u00e0 couler au moment du \u00ab peur Sylvie, peur \u00bb. J\u2019ai \u00e0 cet instant l\u2019intuition qu\u2019un EdE pourrait r\u00e9v\u00e9ler quelque chose de ce qui s\u2019est jou\u00e9 pour Sylvie. Je n\u2019ai aucune id\u00e9e de ce que cela pourrait \u00eatre (Je me souviens de Mireille Snoeckx, ma premi\u00e8re formatrice en explicitation, qui disait qu\u2019il ne fallait pas avoir d\u2019attentes, mais des intentions lorsqu\u2019on m\u00e8ne un EdE. Mon intention est toujours de mener un EdE qui permettra peut-\u00eatre la conscientisation d\u2019une pratique et pas d\u2019obtenir \u00e0 tout prix le succ\u00e8s d\u2019une conscientisation). Le moment d\u00e9crit est d\u00e9j\u00e0 relativement court et la fragmentation se fait \u00ab tout naturellement \u00bb jusqu\u2019au geste d\u00e9terminant, le grand pas en arri\u00e8re. Les \u00e9tapes qui y m\u00e8nent permettent de mettre \u00e0 jour la chronologie des perceptions et des actions. Sylvie voit l\u2019enfant en panique, apeur\u00e9e par sa pr\u00e9sence. Elle pourrait avoir une attitude tout autre que celle de mettre une distance physique en elles, ce qu\u2019elle relie \u00e0 un r\u00e9f\u00e9rentiel th\u00e9orique dont elle prendra conscience par la suite. Ce moment rev\u00eat pour moi une dimension formatrice : La situation comprend des \u00e9l\u00e9ments dont Sylvie se sert pour orienter son action. Non conscients sur le moment, ces \u00e9l\u00e9ments sont ce que Vial &amp; Caparros-Mencacci (2007) appellent des \u00ab\u00a0<em>habilet\u00e9s en situation\u00a0: la plupart des actions g\u00e9n\u00e9ratrices de changement concernent le domaine immense de l\u2019intelligence que l\u2019on nomme \u2018connaissance implicite\u2019<\/em>\u00a0\u00bb. (p. 191). Les auteurs vont plus loin en disant que<\/p>\n<p style=\"text-align: justify; padding-left: 40px;\"><em>\u00ab\u00a0L\u2019autre enjeu est que la plupart du temps, [\u2026], l\u2019acteur professionnel ne d\u00e9roule pas une action selon un protocole \u00e9tabli d\u2019avance et finalis\u00e9e sur un objectif\u00a0: il <\/em>habite l\u2019action<em> qu\u2019il est en train de faire\u00a0; il est lui, en action. L\u2019action n\u2019est pas pos\u00e9e devant lui, comme un champ \u00e0 parcourir, il ne la surplombe pas pour la contr\u00f4ler par une \u00ab\u00a0position m\u00e9ta\u00a0\u00bb, il est pris avec ce qu\u2019il r\u00e9alise, il se r\u00e9alise en tant que professionnel par cette action.\u00a0\u00bb (p. 192)<\/em><\/p>\n<p style=\"text-align: justify;\">L\u2019EdE permet la red\u00e9couverte d\u2019une connaissance en acte, certes non consciente sur le moment, mais en r\u00e9alit\u00e9 \u00ab\u00a0fond\u00e9e\u00a0\u00bb, c\u2019est-\u00e0-dire reposant sur des fondations, et \u00e9tayant l\u2019action. Cette red\u00e9couverte permet \u00e0 Sylvie de relativiser l\u2019implication de cette situation sur son identit\u00e9 et son orientation professionnelles car elle lui redonne une impression de contr\u00f4le \u00e0 travers la conscience qu\u2019elle a acquise de sa posture professionnelle.<\/p>\n<p style=\"text-align: justify;\">Parfois le moment \u00e0 expliciter se d\u00e9gage de la description de la situation, comme dans la deuxi\u00e8me situation de Sylvie. Il peut s\u2019agit d\u2019un simple mouvement, baisser la t\u00eate en souriant, ou d\u2019une succession de mouvements, le regard qui alterne fr\u00e9n\u00e9tiquement entre le tableau et la feuille. L\u2019int\u00e9r\u00eat r\u00e9side alors dans la fragmentation de ces moments pour en d\u00e9couvrir la motivation, l\u2019intentionnalit\u00e9, les effets. L\u2019EdE vise \u00e0 accompagner l\u2019Autre de mani\u00e8re \u00e0 produire \u00ab\u00a0une avanc\u00e9e dans la compr\u00e9hension de ce qui a fait probl\u00e8me\u00a0\u00bb (Vial &amp; Caparros-Mencacci, 2007, p. 224).<\/p>\n<p style=\"text-align: justify;\">Pour Alicia, je pr\u00e9sumais que le choix du moment \u00e0 expliciter pourrait permettre de d\u00e9construire la qualification de r\u00e9flexe, soit pour moi la construction m\u00eame du probl\u00e8me. Vial &amp; Caparros-Mencacci (2007) voient l\u2019action de l\u2019accompagnateur dans le fait de mettre en sc\u00e8ne<\/p>\n<p style=\"text-align: justify; padding-left: 40px;\"><em>\u00ab\u00a0une attention port\u00e9e \u00e0 ces contenus qui s\u2019imposent comme des agencements m\u00e9connus [\u2026] comme d\u00e9rangement du conscientis\u00e9, du volontaire, du coh\u00e9rent, du ma\u00eetris\u00e9 [\u2026] une d\u00e9construction du niveau manifeste des ph\u00e9nom\u00e8nes. Au travers de cette d\u00e9construction se r\u00e9v\u00e8lent des liens in\u00e9dits.\u00a0\u00bb (p. 232-233)<\/em><\/p>\n<p style=\"text-align: justify;\">Alicia a une repr\u00e9sentation physiologique du r\u00e9flexe. Comme la jambe ne peut s\u2019emp\u00eacher de bouger au coup port\u00e9 sous la rotule, elle se voit de m\u00eame dans l\u2019impossibilit\u00e9 de contr\u00f4ler le geste qu\u2019elle consid\u00e8re pourtant comme une faute professionnelle. L\u2019EdE permet de d\u00e9construire cette repr\u00e9sentation en fondant son geste sur des actions, des ressentis, des \u00e9motions, des connaissances et de l\u2019exp\u00e9rience. Ainsi, le geste ne reste pas un r\u00e9flexe involontaire et automatique mais devient un objet de r\u00e9flexion, de qu\u00eate de sens. La conscientisation \u00e0 travers l\u2019EdE (re)donne un sentiment de contr\u00f4le possible de l\u2019action. C\u2019est en effet la peur du r\u00e9flexe incontr\u00f4lable qui pousse Alicia \u00e0 remettre en question sa l\u00e9gitimit\u00e9 dans ce m\u00e9tier d\u2019\u00e9ducatrice d\u2019enfants TSA.<\/p>\n<h6 style=\"text-align: justify;\"><strong>5.2. Le travail d\u2019explicitation men\u00e9 dans ces trois situations<\/strong><\/h6>\n<p style=\"text-align: justify;\">Je voudrais maintenant m\u2019interroger sur ce que j\u2019ai men\u00e9 avec les deux personnes supervis\u00e9es\u00a0: \u00e9taient-ce vraiment des entretiens d\u2019explicitation\u00a0? je pense que c\u2019est le cas.<\/p>\n<p style=\"text-align: justify;\">Gestes, mouvements, pens\u00e9es, dialogue int\u00e9rieur, voil\u00e0 entre autres ce dont il \u00e9tait question dans les EdE men\u00e9s. Mais l\u00e9gitimit\u00e9, identit\u00e9 professionnelle, \u00e9motions, ressenti y avaient \u00e9galement leur place et ce n\u2019est pas ce que l\u2019on questionne en EdE. Ce n\u2019est pas qu\u2019on cherche \u00e0 les \u00e9viter, mais on cherche \u00e0 ramener la personne interview\u00e9e \u00e0 l\u2019action, \u00e0 la chronologie.\u00a0 Cependant, comme \u00e9voqu\u00e9 plus haut, Faingold th\u00e9matise l\u2019\u00e9motion dans son entretien de d\u00e9cryptage de sens\u00a0:<\/p>\n<p style=\"text-align: justify;\"><em>\u00ab\u00a0L\u2019entretien de d\u00e9cryptage de sens vise l\u2019\u00e9mergence du sens crypt\u00e9 dont l\u2019\u00e9motion est le signe. Au plan m\u00e9thodologique, il reprend de l\u2019explicitation l\u2019accompagnement vers une position de parole incarn\u00e9e, \u00e0 partir d\u2019une situation sp\u00e9cifi\u00e9e. Mais, alors que l\u2019entretien d\u2019explicitation vise la description de l\u2019activit\u00e9 dans son d\u00e9roul\u00e9 temporel, l\u2019aide au d\u00e9cryptage consiste \u00e0 effectuer un arr\u00eat sur image sur des instants-graines de sens qui se d\u00e9tachent par une coloration \u00e9motionnelle sp\u00e9cifique sur le fond du v\u00e9cu \u00e9voqu\u00e9.\u00a0\u00bb (p. 16)<\/em><\/p>\n<p style=\"text-align: justify;\">Ce n\u2019est pas ce que j\u2019ai fait dans mes entretiens, je n\u2019ai pas cherch\u00e9 les graines de sens, du moins pas consciemment. J\u2019aurais peut-\u00eatre d\u00fb\u2026 mais n\u2019\u00e9tant pas famili\u00e8re de la technique, je n\u2019y ai m\u00eame pas pens\u00e9, et je n\u2019en aurais en aucune cas ma\u00eetris\u00e9 les \u00e9tapes sans les r\u00e9viser auparavant. Si, durant les EdE, je suis bien all\u00e9e chercher parfois\u00a0les \u00e9motions qui ont color\u00e9 les actions avec des relances comme\u00a0\u00ab\u00a0qu\u2019est-ce qui se passe en vous \u00e0 ce moment-l\u00e0\u00a0?\u00a0\u00bb, c\u2019est l\u2019accompagnement ult\u00e9rieur qui a port\u00e9 sur la l\u00e9gitimit\u00e9, sur l\u2019identit\u00e9 professionnelle. Je crois qu\u2019en suivant Faingold, je peux affirmer que j\u2019ai cherch\u00e9 \u00e0 laisser sa place \u00e0 la personne accompagn\u00e9e, \u00e0 la mettre en s\u00e9curit\u00e9, \u00e0 pr\u00e9server son statut de \u00ab\u00a0supervis\u00e9e\u00a0\u00bb et non \u00ab\u00a0d\u2019interview\u00e9e\u00a0\u00bb. J\u2019ai commis quelques maladresses en induisant certaines r\u00e9ponses (\u00ab\u00a0<em>Est-ce que vous avez \u00e9prouv\u00e9 un sentiment de danger ou non, de l&rsquo;agacement ?)<\/em>, en orientant l\u2019attention vers le cognitif (\u00ab\u00a0<em>Donc vous n\u2019\u00eates pas en sid\u00e9ration, vous r\u00e9fl\u00e9chissez, vous \u00eates tr\u00e8s active par rapport \u00e0\u2026 \u00e0 faire des liens entre ce qu\u2019elle vous dit et puis votre propre dossier.\u00a0\u00bb)<\/em> mais j\u2019ai aussi accompagn\u00e9 les supervis\u00e9es dans la d\u00e9construction de ce qui a pos\u00e9 probl\u00e8me et sa reconstruction avec un sens retrouv\u00e9, ce qui est davantage l\u2019objet de la supervision que de l\u2019EdE. A plusieurs reprises, j\u2019ai \u00e9t\u00e9 consciente de cette ambigu\u00eft\u00e9 entre superviseure et intervieweuse\u00a0et je me souviens m\u2019\u00eatre pos\u00e9 la question \u00ab\u00a0tu es qui, l\u00e0, maintenant\u00a0? qu\u2019est-ce que tu cherches\u00a0\u00e0 faire\u00a0?\u00a0\u00bb. C\u2019est une position qui n\u2019est pas toujours confortable et le dilemme se r\u00e9sout \u2013 il doit se r\u00e9soudre \u2013 rapidement dans le fil de l\u2019entretien. Faingold pr\u00e9conise d\u2019\u00eatre extr\u00eamement prudent lorsque l\u2019entretien de d\u00e9cryptage de sens porte sur des \u00e9motions n\u00e9gatives pour ne pas aggraver le probl\u00e8me. Nous avons pu voir au cours des transcriptions que l\u2019\u00e9vocation fait revivre les \u00e9motions (le soulagement apr\u00e8s le sourire) et les ressentis corporels (la boule qui monte). C\u2018est la raison pour laquelle j\u2019avais propos\u00e9 \u00e0 Sylvie d\u2019arr\u00eater l\u2019EdE avant son malaise. Aucune des trois situations n\u2019a men\u00e9 \u00e0 une expression douloureuse des \u00e9motions mais c\u2019est un aspect auquel il est essentiel de porter attention.<\/p>\n<h4><strong> Les apports de l\u2019EdE<\/strong><\/h4>\n<p style=\"text-align: justify;\">A travers trois entretiens d\u2019explicitation int\u00e9gr\u00e9s \u00e0 des supervisions, j\u2019ai voulu r\u00e9fl\u00e9chir \u00e0 la place que pouvait avoir l\u2019EdE dans la supervision &#8211; et plus largement en APP &#8211; et la r\u00e9daction de ces lignes m\u2019a permis de clarifier cette question.<\/p>\n<ol style=\"text-align: justify;\">\n<li>Les objectifs de l\u2019EdE\u00a0 (Aider l\u2019intervieweur \u00e0 s\u2019informer, aider la personne interview\u00e9e \u00e0 s\u2019auto-informer, lui apprendre \u00e0 s\u2019auto-informer) repr\u00e9sentent une partie des objectifs de la supervision (p\u00e9dagogique). Pour rappel, il s\u2019agit dans la supervision de d\u00e9velopper les comp\u00e9tences professionnelles et personnelles en promouvant une posture r\u00e9flexive sur sa pratique et ses relations, sur les valeurs individuelles et institutionnelles, sur ses \u00e9motions, ses r\u00e9f\u00e9rences th\u00e9oriques et son identit\u00e9 professionnelle. L\u2019EdE, en ce centrant sur l\u2019action dans toute sa complexit\u00e9, permet une description fine de celle-ci et des prises de conscience de ce qui \u00e9tait implicite. En ce sens, il me semble que l\u2019EdE contribue au d\u00e9veloppement de la posture r\u00e9flexive sur sa pratique et qu\u2019il enrichit par cons\u00e9quent la d\u00e9marche d\u2019analyse de la pratique\u00a0;<\/li>\n<li>L\u2019EdE en supervision et APP ne se suffit pourtant pas \u00e0 lui-m\u00eame. Ses apports doivent \u00eatre mis en perspective dans le cheminement r\u00e9flexif de la personne accompagn\u00e9e. Il s\u2019agit de s\u2019interroger sur ce que la personne va faire de ses prises de conscience, comment elle les interpr\u00e8te, comment elle va les int\u00e9grer \u00e0 sa pratique. Ainsi l\u2019EdE est une technique \u00e0 mettre en \u0153uvre \u00e0 bon escient dans le processus d\u2019accompagnement \u00e0 l\u2019analyse\u00a0;<\/li>\n<li>Une grande prudence est de mise. Alicia l\u2019exprime sans d\u00e9tours\u00a0: \u00ab\u00a0il faut seulement faire un entretien comme \u00e7a si on est pr\u00eat \u00e0 voir quelque chose qu\u2019on ne veut pas voir\u00a0\u00bb. Si la personne supervis\u00e9e n\u2019a pas la maturit\u00e9 pour faire face \u00e0 ce dont elle prendra \u00e9ventuellement conscience, il vaut mieux s\u2019abstenir de ce type d\u2019entretien. J\u2019ai envie d\u2019ajouter aussi que le lien de confiance entre superviseur.e et supervis\u00e9.e est d\u00e9terminant dans la disposition \u00e0 accepter, \u00e0 se laisser aller \u00e0 un EdE\u00a0;<\/li>\n<li>Le sentiment de s\u00e9curit\u00e9 de la personne supervis\u00e9e est absolument essentiel. Les contrats d\u2019attelage et de confiance y contribuent, mais nous avons vu dans les transcriptions que l\u2019absence d\u2019accord pour fragmenter une action en cours d\u2019EdE a pour effet de faire sortir d\u2019\u00e9vocation\u00a0;<\/li>\n<li>Comme pour tout EdE, la ma\u00eetrise de la technique est essentielle. Prise de court par la possibilit\u00e9 \u2013 ou la n\u00e9cessit\u00e9 \u2013 de mener un EdE, parce que la situation s\u2019y pr\u00eatait, parce qu\u2019il y avait quelque chose que je pressentais, je n\u2019\u00e9tais pas pr\u00e9par\u00e9e \u00e0 mener un entretien en utilisant tous les outils que je connais mais que je n\u2019avais pas en t\u00eate. Il y a de l\u2019imm\u00e9diatet\u00e9 dans la prise de d\u00e9cision de mener l\u2019entretien mais \u00e9galement dans l\u2019encha\u00eenement des relances et des questions. J\u2019aurais pu aller plus loin, explorer d\u2019autres aspects qui auraient certainement men\u00e9 \u00e0 d\u2019autres d\u00e9couvertes. Pourtant malgr\u00e9 mes lacunes, mes erreurs et mes h\u00e9sitations, prises de consciences de l\u2019implicite il y a eues\u00a0!<\/li>\n<li>Pourtant l\u2019EdE ne reste qu\u2019un des outils mis en place dans mes supervisions. Il me semble important de l\u2019utiliser \u00e0 bon escient, pour qu\u2019il ne devienne pas un instrument de recherche qui irait au-del\u00e0 des objectifs de la supervision\u00a0;<\/li>\n<\/ol>\n<p style=\"text-align: justify;\">Quelles sont finalement les plus-values que je peux voir dans l\u2019utilisation de l\u2019Ede au service de l\u2019analyse de la pratique professionnelle\u00a0? je distinguerai deux dimensions. Examinons d\u2019abord ce qu\u2019apporte la technique de l\u2019EdE\u00a0:<\/p>\n<ul style=\"text-align: justify;\">\n<li>Elle m\u2019incite, en tant que superviseure, \u00e0 \u00eatre encore plus attentive \u00e0 la personne supervis\u00e9e, \u00e0 rep\u00e9rer les moindres manifestations physiques comme autant d\u2019indices \u00e0 explorer\u00a0;<\/li>\n<li>Elle m\u2019incite \u00e0 une rigueur que je n\u2019applique pas toujours avec d\u2019autres techniques o\u00f9 je m\u2019autorise plus de cr\u00e9ativit\u00e9 et de libert\u00e9. Cette rigueur, je le sens bien, me fait du bien car elle me donne un cadre s\u00e9curisant qui se refl\u00e8te certainement sur le processus\u00a0;<\/li>\n<li>Elle permet l\u2019exploration d\u2019unit\u00e9s d\u2019action plus fines que le \u00ab\u00a0simple\u00a0\u00bb questionnement habituel et de ce fait permet la mise \u00e0 jour d\u2019\u00e9l\u00e9ments non conscients\u00a0;<\/li>\n<\/ul>\n<p style=\"text-align: justify;\">La deuxi\u00e8me dimension concerne les effets de l\u2019EdE dans l\u2019analyse de la pratique et le processus de supervision, puisque c\u2019est dans ce contexte qu\u2019a lieu l\u2019EdE\u00a0:<\/p>\n<ul style=\"text-align: justify;\">\n<li>La prise de conscience d\u2019\u00e9l\u00e9ments non conscients permet \u00e0 son tour une mise en perspective et une analyse de la pratique professionnelle et un \u00e9ventuel investissement futur dans la pratique\u00a0; la prise de conscience permet d\u2019identifier des strat\u00e9gies, des mani\u00e8res d\u2019agir qui sont susceptibles d\u2019\u00eatre reproduites. Elles permettent ainsi de clarifier le pouvoir d\u2019agir ;<\/li>\n<li>La prise de conscience permet de relativiser la port\u00e9e d\u2019une (micro)action en la reliant \u00e0 un r\u00e9f\u00e9rentiel, une exp\u00e9rience, des croyances, des sentiments et donc de devenir contr\u00f4lable. Elle produit de ce fait un sentiment de professionnalisation et de confiance en soi\u00a0;<\/li>\n<li>L\u2019EdE permet de se relier \u00e0 ses sensations physiques qui sont autant d\u2019indices de ce qui se passe \u00e0 l\u2019int\u00e9rieur de la personne et qui pourrait d\u00e9clencher une action\u00a0;<\/li>\n<li>Il se cr\u00e9e un lien \u00e9troit entre intervieweur et interview\u00e9 dans un EdE. Ce lien g\u00e9n\u00e8re \u00e0 mon avis de la confiance\u00a0;<\/li>\n<\/ul>\n<h4><strong> Conclusion<\/strong><\/h4>\n<p style=\"text-align: justify;\">Dans cet article, j\u2019ai men\u00e9 une r\u00e9flexion \u00e0 propos de trois <em>EdE<\/em> \u00e0 vis\u00e9e d\u2019<em>analyse de la pratique<\/em> dans un contexte de <em>supervision p\u00e9dagogique<\/em>. Apr\u00e8s avoir clarifi\u00e9 les concepts utilis\u00e9s en l\u2019occurrence dans le cadre d\u2019un accompagnement individuel, les transcriptions ont permis de voir comment, au travers de divers outils de l\u2019EdE, une prise de conscience fine peut se faire, qu\u2019elle soit au niveau d\u2019un geste (les situations de Sylvie) ou d\u2019un encha\u00eenement de ressentis et de pens\u00e9es (situation d\u2019Alicia).\u00a0 J\u2019ai ensuite cherch\u00e9 \u00e0 faire \u00e9merger les apports et plus-values de cette technique si elle est mise en place dans la supervision et de quelle mani\u00e8re elle peut contribuer \u00e0 l\u2019analyse de la pratique professionnelle.<\/p>\n<p style=\"text-align: justify;\">Au moment de conclure, je voudrais vous parler encore de Sylvie qui m\u2019a dit, lors de notre r\u00e9cente rencontre de supervision, qu\u2019elle \u00e9tait heureuse d\u2019avoir particip\u00e9 de mani\u00e8re aussi pertinente aux derni\u00e8res APP v\u00e9cues \u00e0 l\u2019\u00e9cole. Lorsque je lui ai demand\u00e9 \u00e0 quoi elle attribuait cela, elle m\u2019a r\u00e9pondu que c\u2019\u00e9taient les diff\u00e9rentes prises de conscience durant les supervisions qui lui donnaient confiance. Voil\u00e0 un nouveau chantier\u00a0: Existe-t-il un lien entre Conscience et Confiance\u00a0?<\/p>\n<p style=\"text-align: justify;\">Je me suis form\u00e9e \u00e0 l\u2019Entretien d\u2019Explicitation en 2015 et me souviens du ressenti qui m\u2019a \u00e0 plusieurs reprises submerg\u00e9e \u00e0 l\u2019\u00e9poque et que j\u2019\u00e9prouve encore aujourd\u2019hui\u00a0: Il y a de la magie dans ces entretiens\u00a0!<\/p>\n<h4><strong>R\u00e9f\u00e9rences bibliographiques<\/strong><\/h4>\n<p>Bousquet, B. &amp; Knuchel-Bossel, M. (2023). Compte-rendu du s\u00e9minaire GFAPP No 14 des 13 et 14 mai 2023.\u00a0<em>Revue de l\u2019analyse de pratiques professionnelles<\/em>, 24, 78-82.\u00a0<a href=\"https:\/\/www.analysedepratique.org\/?p=5623\">https:\/\/www.analysedepratique.org\/?p=5623<\/a>.<\/p>\n<p>Collectif. (2019). Echanges en lien avec l\u2019utilisation de techniques de l\u2019entretien d\u2019explicitation en APP. <em>Revue de l\u2019analyse de pratiques professionnelles<\/em>, 14, 120-129. <a href=\"https:\/\/www.analysedepratique.org\/?p=3192\">https:\/\/www.analysedepratique.org\/?p=3192<\/a><em>.<\/em><\/p>\n<p>Faingold, N. (2020). <em>Les entretiens de d\u00e9cryptage. De l\u2019explicitation \u00e0 l\u2019\u00e9mergence du sens. <\/em>L\u2019Harmattan.<\/p>\n<p>Jalabert, R. (2010). Kairos : un concept opportun pour l\u2019\u00e9ducation et la formation ? in<br \/>\n<em>Actes du congr\u00e8s de l\u2019Actualit\u00e9 de la recherche en \u00e9ducation et en formation (AREF)<\/em>,<br \/>\nUniversit\u00e9 de Gen\u00e8ve, septembre 2010 <a href=\"https:\/\/plone.unige.ch\/aref2010\/communications-orales\/premiers-auteurs-en-j\/Kairos.pdf\/view\">https:\/\/plone.unige.ch\/aref2010\/communications-orales\/premiers-auteurs-en-j\/Kairos.pdf\/view<\/a>.<\/p>\n<p>Knuchel-Bossel, M &amp; Coste, A.M. (2021). Compte-rendu du s\u00e9minaire GFAPP des 26 et 27\u00a0juin \u00e0 Lyon\u00a0: int\u00e9gration de techniques issues de l\u2019Entretien d\u2019Explicitation \u00e0 l\u2019Analyse de pratiques professionnelles.\u00a0<em>Revue de l\u2019analyse de pratiques professionnelles<\/em>, 21, 142-152.\u00a0<a href=\"https:\/\/www.analysedepratique.org\/?p=5181\">https:\/\/www.analysedepratique.org\/?p=5181<\/a>.<\/p>\n<p>Lamy, M. (2014). Quels liens entre l\u2019Entretien d\u2019Explicitation (EDE) et les analyses de pratiques professionnelles (APP) en groupe ? <em>Revue de l\u2019analyse de pratiques professionnelles,\u00a0<\/em>2, pp 50-58.\u00a0<a href=\"https:\/\/www.analysedepratique.org\/?p=?p=1103\">https:\/\/www.analysedepratique.org\/?p=?p=1103<\/a>.<\/p>\n<p>Thi\u00e9baud, M. (2020). Analyse de pratiques &lt;-&gt; supervision. Similitudes, diff\u00e9rences\u00a0: quelques r\u00e9flexions pour aider \u00e0 s\u2019y rep\u00e9rer.\u00a0<em>Revue de l\u2019analyse de pratiques professionnelles<\/em>, No 16, pp. 81-103. <a href=\"https:\/\/www.analysedepratique.org\/?p=3631\">https:\/\/www.analysedepratique.org\/?p=3631<\/a>.<\/p>\n<p>Vacher, Y. (2022). ARPPEGE : pr\u00e9sentation g\u00e9n\u00e9rale du dispositif et du protocole.\u00a0 <em>Revue de l\u2019analyse de pratiques professionnelles<\/em>, 22, 4-19. <a href=\"https:\/\/www.analysedepratique.org\/?p=5292\">https:\/\/www.analysedepratique.org\/?p=5292<\/a>.<\/p>\n<p>Vermersch, P. (1994). <em>L\u2019entretien d\u2019explicitation<\/em>. ESF Editeur.<\/p>\n<p>Vermersch, P.\u00a0 (2018). Dimensions\u00a0\u00a0 existentielles\u00a0\u00a0 et\u00a0\u00a0\u00a0\u00a0\u00a0\u00a0\u00a0\u00a0 cognitives\u00a0\u00a0\u00a0\u00a0\u00a0\u00a0 de\u00a0\u00a0\u00a0\u00a0\u00a0\u00a0\u00a0 la subjectivit\u00e9,\u00a0 cons\u00e9quences\u00a0\u00a0\u00a0\u00a0\u00a0\u00a0\u00a0\u00a0\u00a0\u00a0 m\u00e9thodologiques. <em>Expliciter<\/em>, No 118. <a href=\"https:\/\/www.expliciter.org\/wp-content\/uploads\/2022\/05\/118-expliciter-mars-2018.pdf\">https:\/\/www.expliciter.org\/wp-content\/uploads\/2022\/05\/118-expliciter-mars-2018.pdf<\/a>.<\/p>\n<p>Vial, M. &amp; Caparros-Mencacci, N. (2007). <em>L\u2019accompagnement professionnel\u00a0? M\u00e9thode \u00e0 l\u2019usage des praticiens exer\u00e7ant une fonction \u00e9ducative<\/em>. De Boeck sup\u00e9rieur.<\/p>\n<p>&nbsp;<\/p>\n<p><b><\/b><a href=\"#\" class=\"shortcode button  \" style=\"background-color: silver;\" target=\"\" onclick=\"\"> Haut de page<\/a>\n<p>&nbsp;<\/p>\n<h4><strong>Notes<\/strong><\/h4>\n<p><a href=\"#_ftnref1\" name=\"_ftn1\">[1]<\/a> MBCT : Mindfulness Based Cognitive Therapy<\/p>\n<p><a href=\"#_ftnref2\" name=\"_ftn2\">[2]<\/a> MBI : Mindfulness Based Interventions<\/p>\n<p><a href=\"#_ftnref3\" name=\"_ftn3\">[3]<\/a> Secr\u00e9tariat d\u2019\u00e9tat \u00e0 la Formation, \u00e0 la recherche et \u00e0 l\u2019Innovation SEFRI <a href=\"https:\/\/www.sbfi.admin.ch\/\">https:\/\/www.sbfi.admin.ch\/<\/a><\/p>\n<p><a href=\"#_ftnref4\" name=\"_ftn4\">[4]<\/a> Directive relative \u00e0 la supervision des \u00e9tudiant.e.s des fili\u00e8res de formation ES.<\/p>\n<p><a href=\"#_ftnref5\" name=\"_ftn5\">[5]<\/a> https:\/\/superviseurs.ch\/supervision\/<\/p>\n<p><a href=\"#_ftnref6\" name=\"_ftn6\">[6]<\/a> Thi\u00e9baud, 2020<\/p>\n<p><a href=\"#_ftnref7\" name=\"_ftn7\">[7]<\/a> Vacher, 2022,\u00a0 p.8<\/p>\n<p><a href=\"#_ftnref8\" name=\"_ftn8\">[8]<\/a> Knuchel-Coste, 2021\u00a0; collectif, 2019\u00a0;\u00a0 Lamy, 2014<\/p>\n<p><a href=\"#_ftnref9\" name=\"_ftn9\">[9]<\/a> S\u00e9minaire de Lyon, 26 et 27 juin 2021<\/p>\n<p><a href=\"#_ftnref10\" name=\"_ftn10\">[10]<\/a> Knuchel-Bossel M., Coste A.-M, 2021<\/p>\n<p><a href=\"#_ftnref11\" name=\"_ftn11\">[11]<\/a> Pr\u00e9sentant des Troubles du Spectre Autistique<\/p>\n<p><a href=\"#_ftnref12\" name=\"_ftn12\">[12]<\/a> La percussion du ligament rotulien (ou patellaire) entra\u00eene l&rsquo;extension de la jambe par contraction du\u00a0<a href=\"https:\/\/fr.wikipedia.org\/wiki\/Quadriceps\">quadriceps<\/a>.<\/p>\n<p><a href=\"#_ftnref13\" name=\"_ftn13\">[13]<\/a> Dictionnaires Le Robert<\/p>\n<p><a href=\"#_ftnref14\" name=\"_ftn14\">[14]<\/a> https:\/\/fr.wikipedia.org\/wiki\/Kairos<\/p>\n<h4><\/h4>\n<p><a href=\"#_ftnref1\" name=\"_ftn1\"><\/a><\/p>\n<p>&nbsp;<\/p>\n<p><a href=\"#_ftnref1\" name=\"_ftn1\"><\/a><\/p>\n<p><a href=\"#_ftnref1\" name=\"_ftn1\"><\/a><\/p>\n<div id=\"themify_builder_content-6100\" data-postid=\"6100\" class=\"themify_builder_content themify_builder_content-6100 themify_builder themify_builder_front\">\n\n\t<\/div>\n<!-- \/themify_builder_content -->","protected":false},"excerpt":{"rendered":"<p>&nbsp; Michaela Knuchel-Bossel Formatrice, animatrice, superviseure \u00e0 Bienne (Suisse) mkb@superviseurs.ch R\u00e9sum\u00e9 Cet article se penche sur trois entretiens d\u2019explicitation qui ont eu lieu durant des s\u00e9ances de supervision p\u00e9dagogique individuelle. A travers leurs transcriptions, il en montre le d\u00e9roulement. Il explore de quelle mani\u00e8re ce type d\u2019entretien peut apporter une plus-value \u00e0 l\u2019analyse de la [&hellip;]<\/p>\n","protected":false},"author":2,"featured_media":0,"comment_status":"open","ping_status":"open","sticky":false,"template":"","format":"standard","meta":{"_jetpack_newsletter_access":"","_jetpack_dont_email_post_to_subs":false,"_jetpack_newsletter_tier_id":0,"_jetpack_memberships_contains_paywalled_content":false,"_jetpack_memberships_contains_paid_content":false,"footnotes":""},"categories":[370,10,197],"tags":[141,390,665],"class_list":["post-6100","post","type-post","status-publish","format-standard","hentry","category-michele-knuchel-bossel","category-1texte","category-techniques-et-outils","tag-analyse-reflexive","tag-entretien-dexplicitation","tag-supervision-pedagogique","has-post-title","no-post-date","has-post-category","has-post-tag","has-post-comment","has-post-author"],"jetpack_featured_media_url":"","jetpack_shortlink":"https:\/\/wp.me\/p3VXfJ-1Ao","jetpack_sharing_enabled":true,"_links":{"self":[{"href":"https:\/\/www.analysedepratique.org\/index.php?rest_route=\/wp\/v2\/posts\/6100","targetHints":{"allow":["GET"]}}],"collection":[{"href":"https:\/\/www.analysedepratique.org\/index.php?rest_route=\/wp\/v2\/posts"}],"about":[{"href":"https:\/\/www.analysedepratique.org\/index.php?rest_route=\/wp\/v2\/types\/post"}],"author":[{"embeddable":true,"href":"https:\/\/www.analysedepratique.org\/index.php?rest_route=\/wp\/v2\/users\/2"}],"replies":[{"embeddable":true,"href":"https:\/\/www.analysedepratique.org\/index.php?rest_route=%2Fwp%2Fv2%2Fcomments&post=6100"}],"version-history":[{"count":16,"href":"https:\/\/www.analysedepratique.org\/index.php?rest_route=\/wp\/v2\/posts\/6100\/revisions"}],"predecessor-version":[{"id":6259,"href":"https:\/\/www.analysedepratique.org\/index.php?rest_route=\/wp\/v2\/posts\/6100\/revisions\/6259"}],"wp:attachment":[{"href":"https:\/\/www.analysedepratique.org\/index.php?rest_route=%2Fwp%2Fv2%2Fmedia&parent=6100"}],"wp:term":[{"taxonomy":"category","embeddable":true,"href":"https:\/\/www.analysedepratique.org\/index.php?rest_route=%2Fwp%2Fv2%2Fcategories&post=6100"},{"taxonomy":"post_tag","embeddable":true,"href":"https:\/\/www.analysedepratique.org\/index.php?rest_route=%2Fwp%2Fv2%2Ftags&post=6100"}],"curies":[{"name":"wp","href":"https:\/\/api.w.org\/{rel}","templated":true}]}}