{"id":6074,"date":"2025-06-29T07:57:58","date_gmt":"2025-06-29T06:57:58","guid":{"rendered":"https:\/\/www.analysedepratique.org\/?p=6074"},"modified":"2025-07-08T11:29:59","modified_gmt":"2025-07-08T10:29:59","slug":"editorial-numero-27","status":"publish","type":"post","link":"https:\/\/www.analysedepratique.org\/?p=6074","title":{"rendered":"Editorial &#8211; num\u00e9ro 27"},"content":{"rendered":"<p>&nbsp;<\/p>\n<p>Ch\u00e8res lectrices, chers lecteurs,<br \/>\nCh\u00e8re abonn\u00e9es, chers abonn\u00e9s<\/p>\n<p>&nbsp;<\/p>\n<p style=\"text-align: justify;\">Juste avant de partir en vacances, l\u2019\u00e9quipe de la Revue est heureuse de vous pr\u00e9senter son nouveau num\u00e9ro varia. La pr\u00e9sente parution est riche et vari\u00e9e. Pas moins de six articles proposent de nouveaux \u00e9clairages sur l\u2019analyse de pratiques professionnelles (APP).<\/p>\n<p>Nous avons aussi le plaisir de vous informer que la Revue semble toujours r\u00e9pondre \u00e0 l\u2019int\u00e9r\u00eat des personnes actives dans le champ de l\u2019APP\u00a0: en avril dernier, le compteur de visites sur notre site internet a d\u00e9nombr\u00e9 qu\u2019il y a eu 1 million de pages visit\u00e9es depuis octobre 2013, date du lancement de la revue. Nous n\u2019avions pas imagin\u00e9 \u00e0 l\u2019\u00e9poque qu\u2019elle rencontrerait un tel succ\u00e8s\u00a0!<\/p>\n<p>Dans le premier article ce num\u00e9ro 27, K\u00e9vin Toupin et Nolhan Bansard proposent de revenir sur\u00a0l\u2019usage des apports th\u00e9oriques dans les pratiques de supervision en APP. Ces apports th\u00e9oriques sont issus de la psychanalyse. Vous pourrez ainsi d\u00e9couvrir la mani\u00e8re dont peuvent \u00eatre mobilis\u00e9s des concepts issus de ce champ scientifique en supervision, et plus largement dans les groupes d\u2019APP, \u00e0 condition de bien les maitriser.<\/p>\n<p style=\"text-align: justify;\">Nir-Haim Zalts nous invite quant \u00e0 lui \u00e0 explorer la place des \u00e9motions dans la pratique et comment les mettre en analyse dans le cadre d\u2019un dispositif d\u2019APP avec des enseignant\u00b7e\u00b7s et des membres de direction d\u2019\u00e9cole. Il met ainsi en \u00e9vidence la dynamique en jeu et les effets de l\u2019expression et du partage de ce registre \u00e9motionnel en groupe de pairs.<\/p>\n<p style=\"text-align: justify;\">Marc Thi\u00e9baud aborde l\u2019utilisation de rep\u00e8res pour prendre en compte la complexit\u00e9 des processus collectifs dans la facilitation de d\u00e9marches d\u2019APP et de co-vision. Il se r\u00e9f\u00e8re notamment au mod\u00e8le des cl\u00e9s de la coop\u00e9ration qu\u2019il a d\u00e9velopp\u00e9 et exp\u00e9riment\u00e9 avec J\u00fcrg Bichsel depuis plus de 20 ans et il en montre diff\u00e9rents types d\u2019utilisations possibles.<\/p>\n<p style=\"text-align: justify;\">Anne Chimchirian et Marc Thi\u00e9baud nous invitent \u00e0 porter notre attention \u00e0 un jeu de cartes r\u00e9flexives \u00e0 destination des animateurs et animatrices. \u00a0Quoi de plus int\u00e9ressant que d&rsquo;avoir en tant que facilitateur ou facilitatrice de groupes d&rsquo;APP un outil et surtout une m\u00e9thode pour r\u00e9fl\u00e9chir sur sa propre pratique d&rsquo;animation !<\/p>\n<p style=\"text-align: justify;\">Anne-Claude Hinault propose un article dont l\u2019originalit\u00e9 r\u00e9side dans la nature de l\u2019APP, \u00e0 la fois fin et moyen. L\u2019auteure, qui est sociologue, y pr\u00e9sente en effet une facette peu document\u00e9e de l\u2019APP. Ainsi, dans le travail r\u00e9alis\u00e9, l\u2019APP est non seulement une fin pour aider les professionnel\u00b7le\u00b7s \u00e0 appr\u00e9hender leur pratique mais c\u2019est aussi un moyen de cr\u00e9er un mat\u00e9riau utilis\u00e9 pour construire l\u2019analyse sociologique d\u2019un nouveau m\u00e9tier.<\/p>\n<p style=\"text-align: justify;\">Mich\u00e8le Knuchel-Bossel\u00a0partage pour terminer sa r\u00e9flexion et sa pratique autour de la technique d\u2019entretien d\u2019explication (EdE) au service de l\u2019analyse de pratiques et de la supervision professionnelles. Elle y analyse trois EdE qu\u2019elle a d\u00e9velopp\u00e9s ainsi que la mani\u00e8re dont elle a conduit ces temps d\u2019accompagnement, avec une authenticit\u00e9 qui la caract\u00e9rise et qui nourrit la r\u00e9flexion.<\/p>\n<p style=\"text-align: justify;\">Nous avons aussi le plaisir de vous informer de la publication d\u2019un nouveau num\u00e9ro th\u00e9matique \u00e0 l\u2019automne prochain. Vous pourrez y lire des articles sur les effets de l\u2019APP et quelques t\u00e9moignages d\u2019animateurs et animatrices qui viennent une fois de plus mettre en \u00e9vidence les nombreux effets positifs produits par les dispositifs d\u2019analyse de pratiques.<\/p>\n<p><strong>Appel \u00e0 contribution<\/strong> : merci aux personnes int\u00e9ress\u00e9es de prendre contact avec nous ou de nous envoyer un projet de texte (tous les d\u00e9tails pour une publication sont disponibles sur le site internet de la Revue \u00e0 la page <a href=\"https:\/\/www.analysedepratique.org\/?page_id=37\">PUBLIER<\/a>).<\/p>\n<p>Chers lecteurs, ch\u00e8res lectrices, il ne nous reste plus qu\u2019\u00e0 vous souhaiter une bonne lecture et un excellent \u00e9t\u00e9.<\/p>\n<p>&nbsp;<\/p>\n<p>L\u2019\u00e9quipe de la <em>Revue de l\u2019analyse de pratiques professionnelles \u2013 Regards crois\u00e9s<\/em><\/p>\n<p>&nbsp;<\/p>\n<h3><\/h3>\n<p>&nbsp;<\/p>\n<p>&nbsp;<\/p>\n<div id=\"themify_builder_content-6074\" data-postid=\"6074\" class=\"themify_builder_content themify_builder_content-6074 themify_builder themify_builder_front\">\n\n\t<\/div>\n<!-- \/themify_builder_content -->","protected":false},"excerpt":{"rendered":"<p>&nbsp; Ch\u00e8res lectrices, chers lecteurs, Ch\u00e8re abonn\u00e9es, chers abonn\u00e9s &nbsp; Juste avant de partir en vacances, l\u2019\u00e9quipe de la Revue est heureuse de vous pr\u00e9senter son nouveau num\u00e9ro varia. La pr\u00e9sente parution est riche et vari\u00e9e. Pas moins de six articles proposent de nouveaux \u00e9clairages sur l\u2019analyse de pratiques professionnelles (APP). Nous avons aussi le [&hellip;]<\/p>\n","protected":false},"author":2,"featured_media":0,"comment_status":"open","ping_status":"open","sticky":false,"template":"","format":"standard","meta":{"_jetpack_newsletter_access":"","_jetpack_dont_email_post_to_subs":false,"_jetpack_newsletter_tier_id":0,"_jetpack_memberships_contains_paywalled_content":false,"_jetpack_memberships_contains_paid_content":false,"footnotes":""},"categories":[40],"tags":[],"class_list":["post-6074","post","type-post","status-publish","format-standard","hentry","category-editorial","has-post-title","no-post-date","has-post-category","has-post-tag","has-post-comment","has-post-author"],"jetpack_featured_media_url":"","jetpack_shortlink":"https:\/\/wp.me\/p3VXfJ-1zY","jetpack_sharing_enabled":true,"_links":{"self":[{"href":"https:\/\/www.analysedepratique.org\/index.php?rest_route=\/wp\/v2\/posts\/6074","targetHints":{"allow":["GET"]}}],"collection":[{"href":"https:\/\/www.analysedepratique.org\/index.php?rest_route=\/wp\/v2\/posts"}],"about":[{"href":"https:\/\/www.analysedepratique.org\/index.php?rest_route=\/wp\/v2\/types\/post"}],"author":[{"embeddable":true,"href":"https:\/\/www.analysedepratique.org\/index.php?rest_route=\/wp\/v2\/users\/2"}],"replies":[{"embeddable":true,"href":"https:\/\/www.analysedepratique.org\/index.php?rest_route=%2Fwp%2Fv2%2Fcomments&post=6074"}],"version-history":[{"count":9,"href":"https:\/\/www.analysedepratique.org\/index.php?rest_route=\/wp\/v2\/posts\/6074\/revisions"}],"predecessor-version":[{"id":6150,"href":"https:\/\/www.analysedepratique.org\/index.php?rest_route=\/wp\/v2\/posts\/6074\/revisions\/6150"}],"wp:attachment":[{"href":"https:\/\/www.analysedepratique.org\/index.php?rest_route=%2Fwp%2Fv2%2Fmedia&parent=6074"}],"wp:term":[{"taxonomy":"category","embeddable":true,"href":"https:\/\/www.analysedepratique.org\/index.php?rest_route=%2Fwp%2Fv2%2Fcategories&post=6074"},{"taxonomy":"post_tag","embeddable":true,"href":"https:\/\/www.analysedepratique.org\/index.php?rest_route=%2Fwp%2Fv2%2Ftags&post=6074"}],"curies":[{"name":"wp","href":"https:\/\/api.w.org\/{rel}","templated":true}]}}