{"id":6072,"date":"2025-06-29T07:44:50","date_gmt":"2025-06-29T06:44:50","guid":{"rendered":"https:\/\/www.analysedepratique.org\/?p=6072"},"modified":"2025-08-26T07:19:00","modified_gmt":"2025-08-26T06:19:00","slug":"numero-27-juillet-2025","status":"publish","type":"post","link":"https:\/\/www.analysedepratique.org\/?p=6072","title":{"rendered":"Num\u00e9ro 27 &#8211; juillet 2025"},"content":{"rendered":"<p>&nbsp;<\/p>\n<hr \/>\n<p style=\"text-align: center;\"><strong><span style=\"color: #821212;\">Votre soutien est pr\u00e9cieux !<\/span><\/strong><\/p>\n<p style=\"text-align: center;\"><span style=\"color: #821212;\">Vous appr\u00e9ciez les articles publi\u00e9s dans la revue ?<\/span><\/p>\n<p style=\"text-align: center;\"><span style=\"color: #821212;\">Les t\u00e2ches requises pour la parution de la revue sont assur\u00e9es b\u00e9n\u00e9volement, cependant<\/span><br \/>\n<span style=\"color: #821212;\">des frais doivent \u00eatre assum\u00e9s pour la diffusion et l&rsquo;h\u00e9bergement des textes sur Internet.<\/span><\/p>\n<p style=\"text-align: center;\"><span style=\"color: #821212;\">Si vous souhaitez soutenir l&rsquo;existence de la revue, vous avez la possibilit\u00e9<\/span><br \/>\n<span style=\"color: #821212;\">de faire parvenir un don, m\u00eame modeste, via la page\u00a0\u00a0<a style=\"color: #821212;\" href=\"http:\/\/www.analysedepratique.org\/?page_id=27\">SOUTIEN<\/a>.<\/span><\/p>\n<p style=\"text-align: center;\"><span style=\"color: #821212;\">En tant que donateur, vous recevrez un acc\u00e8s \u00e0 chaque num\u00e9ro paru en fichier PDF int\u00e9gral.\u00a0<\/span><\/p>\n<hr \/>\n<p>&nbsp;<\/p>\n<p style=\"text-align: left;\"><strong>\u00a0<\/strong><\/p>\n<p><a href=\"https:\/\/www.analysedepratique.org\/?p=6074\">Editorial<\/a><\/p>\n<p><a href=\"https:\/\/www.analysedepratique.org\/?p=6080\">K\u00e9vin Toupin et Nolhan Bansard<\/a><\/p>\n<p><em>Usages des apports th\u00e9oriques et apports des usages th\u00e9oriques en analyse des pratiques et supervision<\/em><\/p>\n<p><a href=\"https:\/\/www.analysedepratique.org\/?p=6084\">Nir-Haim Zalts<\/a><\/p>\n<p><em>Le travail de la conscience des \u00e9motions dans les groupes d\u2019APP et d\u2019\u00e9change d\u2019exp\u00e9riences<\/em><\/p>\n<p><a href=\"https:\/\/www.analysedepratique.org\/?p=6086\">Marc Thi\u00e9baud<\/a><\/p>\n<p><em>Coop\u00e9ration dans les d\u00e9marches d\u2019analyse de pratiques et de co-vision. Rep\u00e8res pour prendre en compte la complexit\u00e9 des dynamiques collectives<\/em><\/p>\n<p><a href=\"https:\/\/www.analysedepratique.org\/?p=6096\">Anne Chimchirian et Marc Thi\u00e9baud<\/a><\/p>\n<p><em>Les cartes r\u00e9flexives : un outil autonomisant pour d\u00e9velopper la r\u00e9flexivit\u00e9 chez l\u2019intervenant en analyse de pratiques<\/em><\/p>\n<p><a href=\"https:\/\/www.analysedepratique.org\/?p=6102\">Anne-Claude Hinault<\/a><\/p>\n<p><em>R\u00e9v\u00e9ler et soutenir le m\u00e9tier.\u00a0Retour d\u2019exp\u00e9rience sur un dispositif d\u2019analyse sociologique des pratiques avec des conseill\u00e8res France services<\/em><\/p>\n<p><a href=\"https:\/\/www.analysedepratique.org\/?p=6100\">Michaela Knuchel-Bossel<\/a><\/p>\n<p><em>Que peut apporter l\u2019Entretien d\u2019explicitation en analyse de la pratique professionnelle ?<\/em><\/p>\n<p>&nbsp;<\/p>\n<p>&nbsp;<\/p>\n<p>&nbsp;<\/p>\n<p>&nbsp;<\/p>\n<div id=\"themify_builder_content-6072\" data-postid=\"6072\" class=\"themify_builder_content themify_builder_content-6072 themify_builder themify_builder_front\">\n\n\t<\/div>\n<!-- \/themify_builder_content -->","protected":false},"excerpt":{"rendered":"<p>&nbsp; Votre soutien est pr\u00e9cieux ! Vous appr\u00e9ciez les articles publi\u00e9s dans la revue ? Les t\u00e2ches requises pour la parution de la revue sont assur\u00e9es b\u00e9n\u00e9volement, cependant des frais doivent \u00eatre assum\u00e9s pour la diffusion et l&rsquo;h\u00e9bergement des textes sur Internet. Si vous souhaitez soutenir l&rsquo;existence de la revue, vous avez la possibilit\u00e9 de [&hellip;]<\/p>\n","protected":false},"author":2,"featured_media":0,"comment_status":"open","ping_status":"open","sticky":false,"template":"","format":"standard","meta":{"_jetpack_newsletter_access":"","_jetpack_dont_email_post_to_subs":false,"_jetpack_newsletter_tier_id":0,"_jetpack_memberships_contains_paywalled_content":false,"_jetpack_memberships_contains_paid_content":false,"footnotes":""},"categories":[1],"tags":[],"class_list":["post-6072","post","type-post","status-publish","format-standard","hentry","category-non-classe","has-post-title","no-post-date","has-post-category","has-post-tag","has-post-comment","has-post-author"],"jetpack_featured_media_url":"","jetpack_shortlink":"https:\/\/wp.me\/p3VXfJ-1zW","jetpack_sharing_enabled":true,"_links":{"self":[{"href":"https:\/\/www.analysedepratique.org\/index.php?rest_route=\/wp\/v2\/posts\/6072","targetHints":{"allow":["GET"]}}],"collection":[{"href":"https:\/\/www.analysedepratique.org\/index.php?rest_route=\/wp\/v2\/posts"}],"about":[{"href":"https:\/\/www.analysedepratique.org\/index.php?rest_route=\/wp\/v2\/types\/post"}],"author":[{"embeddable":true,"href":"https:\/\/www.analysedepratique.org\/index.php?rest_route=\/wp\/v2\/users\/2"}],"replies":[{"embeddable":true,"href":"https:\/\/www.analysedepratique.org\/index.php?rest_route=%2Fwp%2Fv2%2Fcomments&post=6072"}],"version-history":[{"count":7,"href":"https:\/\/www.analysedepratique.org\/index.php?rest_route=\/wp\/v2\/posts\/6072\/revisions"}],"predecessor-version":[{"id":6190,"href":"https:\/\/www.analysedepratique.org\/index.php?rest_route=\/wp\/v2\/posts\/6072\/revisions\/6190"}],"wp:attachment":[{"href":"https:\/\/www.analysedepratique.org\/index.php?rest_route=%2Fwp%2Fv2%2Fmedia&parent=6072"}],"wp:term":[{"taxonomy":"category","embeddable":true,"href":"https:\/\/www.analysedepratique.org\/index.php?rest_route=%2Fwp%2Fv2%2Fcategories&post=6072"},{"taxonomy":"post_tag","embeddable":true,"href":"https:\/\/www.analysedepratique.org\/index.php?rest_route=%2Fwp%2Fv2%2Ftags&post=6072"}],"curies":[{"name":"wp","href":"https:\/\/api.w.org\/{rel}","templated":true}]}}