{"id":5908,"date":"2024-08-19T21:24:39","date_gmt":"2024-08-19T20:24:39","guid":{"rendered":"https:\/\/www.analysedepratique.org\/?p=5908"},"modified":"2024-10-16T14:38:46","modified_gmt":"2024-10-16T13:38:46","slug":"editorial-numero-26","status":"publish","type":"post","link":"https:\/\/www.analysedepratique.org\/?p=5908","title":{"rendered":"Editorial &#8211; num\u00e9ro 26"},"content":{"rendered":"<p>&nbsp;<\/p>\n<p>Ch\u00e8res lectrices, chers lecteurs,<br \/>\nCh\u00e8re abonn\u00e9es, chers abonn\u00e9s<\/p>\n<p>&nbsp;<\/p>\n<p style=\"text-align: justify;\">L\u2019\u00e9quipe de la Revue est heureuse de vous pr\u00e9senter son nouveau num\u00e9ro. Si le dernier avait pour th\u00e8me \u00ab<em>\u00a0Analyse de pratiques professionnelles : dix regards sur une d\u00e9cennie \u00e9coul\u00e9e\u00a0<\/em>\u00bb, la pr\u00e9sente parution est plus vari\u00e9e. Ainsi vous d\u00e9couvrirez dans les sept articles propos\u00e9s diff\u00e9rents \u00e9clairages sur l\u2019analyse de pratiques professionnelles (APP).<\/p>\n<p style=\"text-align: justify;\">Yann Vacher \u00e9tudie la place du jugement en APP. Apr\u00e8s avoir d\u00e9fini le concept dans le contexte sp\u00e9cifique de l\u2019analyse de pratiques, il tente de pr\u00e9ciser les conditions de son apparition ainsi que les opportunit\u00e9s qui s\u2019offrent de travailler sur cet \u00ab\u00a0objet sensible\u00a0\u00bb.<\/p>\n<p style=\"text-align: justify;\">Marco Ferreira Valente pour sa part nous pr\u00e9sente le contexte dans lequel il a \u00e9t\u00e9 amen\u00e9 \u00e0 \u00e9laborer un dispositif d\u2019APP. C\u2019est l\u2019occasion pour lui de pr\u00e9ciser la logique d\u2019accompagnement et la posture clinique qui en sont au fondement. L\u2019analyse du cadre relationnel et de l\u2019utilisation de l\u2019\u00e9crit dans les APP est suivie par la pr\u00e9sentation des diff\u00e9rentes phases du dispositif.<\/p>\n<p style=\"text-align: justify;\">Francis Loser, Laurence Bachmann, Sophie Rodari et Anne Ronchi dans leur contribution, qui \u00e9claire les r\u00e9sultats d\u2019une recherche-action, cherchent \u00e0 cerner comment les \u00e9motions et les mouvements corporels participent, lors des temps d\u2019analyse en APP, au processus r\u00e9flexif engag\u00e9 par les participant\u00b7e\u00b7s.<\/p>\n<p style=\"text-align: justify;\">Marc Thi\u00e9baud propose dans son article la synth\u00e8se de cinq interviews r\u00e9alis\u00e9es sur la question des informations dont les directions ont besoin pour mettre en place un groupe d\u2019APP et r\u00e9unir les conditions qui en favorisent le succ\u00e8s. Les r\u00e9sultats de ces interviews sont pris comme support de r\u00e9flexion pour ouvrir sur de nouvelles questions en lien avec les sources d\u2019information disponibles.<\/p>\n<p style=\"text-align: justify;\">Aziz Tlemceni pr\u00e9sente un dispositif d\u2019analyse des pratiques pour les \u00e9tudiants infirmiers, orient\u00e9 par la psychanalyse et pens\u00e9 pour leur permettre d\u2019\u00e9veiller leur capacit\u00e9 d\u2019analyse des enjeux relationnels se d\u00e9ployant sur leurs lieux de stage. Il \u00e9tudie l\u2019int\u00e9r\u00eat et les effets de ce dispositif dans la formation de ces \u00e9tudiants.<\/p>\n<p style=\"text-align: justify;\">Lennize Pereira Paulo, Marie-Paule Vannier et Virginie L\u00e9tin nous proposent de poursuivre une r\u00e9flexion entam\u00e9e dans un article du n\u00b023 de la revue. Ils d\u00e9crivent ainsi les r\u00e9sultats d\u2019une recherche portant sur les effets, en termes de d\u00e9veloppement professionnel et personnel, rapport\u00e9s par les participant\u00b7e\u00b7s au Groupe d\u2019Analyse de Pratique-Expertise Patient\u00b7e qu\u2019ils ont con\u00e7u.<\/p>\n<p style=\"text-align: justify;\">Enfin, Marc Thi\u00e9baud produit une note de lecture sur le r\u00e9cent ouvrage \u00ab <em>Devenir intervenant en Analyse des Pratiques avec une vision syst\u00e9mique <\/em>\u00bb \u00e9crit par Anne Chimchirian. Il en expose les principaux contenus, ses apports cl\u00e9s et ce qui l\u2019a particuli\u00e8rement nourri et inspir\u00e9 dans sa lecture.<\/p>\n<p style=\"text-align: justify;\">Nous vous souhaitons beaucoup de plaisir dans la d\u00e9couverte de ce nouveau num\u00e9ro et nous rappelons aux lecteurs et lectrices int\u00e9ress\u00e9\u00b7e\u00b7s \u00e0 apporter leur contribution \u00e0 la Revue que nous avons toujours besoin de nouveaux articles et de soutien. Depuis plus de 10 ans, la Revue de l\u2019APP est une entreprise solidaire, port\u00e9e par l\u2019engagement de la petite \u00e9quipe responsable de sa publication, par les personnes qui accompagnent la finalisation des textes et bien s\u00fbr par les 140 auteur\u00b7e\u00b7s et co-auteur\u00b7e\u00b7s qui y ont \u00e0 ce jour publi\u00e9 un article.<\/p>\n<p>&nbsp;<\/p>\n<p>L\u2019\u00e9quipe de la <em>Revue de l\u2019analyse de pratiques professionnelles \u2013 Regards crois\u00e9s<\/em><\/p>\n<p>&nbsp;<\/p>\n<h3><\/h3>\n<p>&nbsp;<\/p>\n<p>&nbsp;<\/p>\n<div id=\"themify_builder_content-5908\" data-postid=\"5908\" class=\"themify_builder_content themify_builder_content-5908 themify_builder themify_builder_front\">\n\n\t<\/div>\n<!-- \/themify_builder_content -->","protected":false},"excerpt":{"rendered":"<p>&nbsp; Ch\u00e8res lectrices, chers lecteurs, Ch\u00e8re abonn\u00e9es, chers abonn\u00e9s &nbsp; L\u2019\u00e9quipe de la Revue est heureuse de vous pr\u00e9senter son nouveau num\u00e9ro. Si le dernier avait pour th\u00e8me \u00ab\u00a0Analyse de pratiques professionnelles : dix regards sur une d\u00e9cennie \u00e9coul\u00e9e\u00a0\u00bb, la pr\u00e9sente parution est plus vari\u00e9e. Ainsi vous d\u00e9couvrirez dans les sept articles propos\u00e9s diff\u00e9rents \u00e9clairages [&hellip;]<\/p>\n","protected":false},"author":2,"featured_media":0,"comment_status":"open","ping_status":"open","sticky":false,"template":"","format":"standard","meta":{"_jetpack_newsletter_access":"","_jetpack_dont_email_post_to_subs":false,"_jetpack_newsletter_tier_id":0,"_jetpack_memberships_contains_paywalled_content":false,"_jetpack_memberships_contains_paid_content":false,"footnotes":""},"categories":[40],"tags":[],"class_list":["post-5908","post","type-post","status-publish","format-standard","hentry","category-editorial","has-post-title","no-post-date","has-post-category","has-post-tag","has-post-comment","has-post-author"],"jetpack_featured_media_url":"","jetpack_shortlink":"https:\/\/wp.me\/p3VXfJ-1xi","jetpack_sharing_enabled":true,"_links":{"self":[{"href":"https:\/\/www.analysedepratique.org\/index.php?rest_route=\/wp\/v2\/posts\/5908","targetHints":{"allow":["GET"]}}],"collection":[{"href":"https:\/\/www.analysedepratique.org\/index.php?rest_route=\/wp\/v2\/posts"}],"about":[{"href":"https:\/\/www.analysedepratique.org\/index.php?rest_route=\/wp\/v2\/types\/post"}],"author":[{"embeddable":true,"href":"https:\/\/www.analysedepratique.org\/index.php?rest_route=\/wp\/v2\/users\/2"}],"replies":[{"embeddable":true,"href":"https:\/\/www.analysedepratique.org\/index.php?rest_route=%2Fwp%2Fv2%2Fcomments&post=5908"}],"version-history":[{"count":4,"href":"https:\/\/www.analysedepratique.org\/index.php?rest_route=\/wp\/v2\/posts\/5908\/revisions"}],"predecessor-version":[{"id":6011,"href":"https:\/\/www.analysedepratique.org\/index.php?rest_route=\/wp\/v2\/posts\/5908\/revisions\/6011"}],"wp:attachment":[{"href":"https:\/\/www.analysedepratique.org\/index.php?rest_route=%2Fwp%2Fv2%2Fmedia&parent=5908"}],"wp:term":[{"taxonomy":"category","embeddable":true,"href":"https:\/\/www.analysedepratique.org\/index.php?rest_route=%2Fwp%2Fv2%2Fcategories&post=5908"},{"taxonomy":"post_tag","embeddable":true,"href":"https:\/\/www.analysedepratique.org\/index.php?rest_route=%2Fwp%2Fv2%2Ftags&post=5908"}],"curies":[{"name":"wp","href":"https:\/\/api.w.org\/{rel}","templated":true}]}}