{"id":5905,"date":"2024-08-19T21:21:28","date_gmt":"2024-08-19T20:21:28","guid":{"rendered":"https:\/\/www.analysedepratique.org\/?p=5905"},"modified":"2024-10-19T07:40:01","modified_gmt":"2024-10-19T06:40:01","slug":"numero-26-octobre-2024","status":"publish","type":"post","link":"https:\/\/www.analysedepratique.org\/?p=5905","title":{"rendered":"Num\u00e9ro 26 &#8211; octobre 2024"},"content":{"rendered":"<p>&nbsp;<\/p>\n<hr \/>\n<p style=\"text-align: center;\"><strong><span style=\"color: #821212;\">Votre soutien est pr\u00e9cieux !<\/span><\/strong><\/p>\n<p style=\"text-align: center;\"><span style=\"color: #821212;\">Vous appr\u00e9ciez les articles publi\u00e9s dans la revue ?<\/span><\/p>\n<p style=\"text-align: center;\"><span style=\"color: #821212;\">Les t\u00e2ches requises pour la parution de la revue sont assur\u00e9es b\u00e9n\u00e9volement, cependant<\/span><br \/>\n<span style=\"color: #821212;\">des frais doivent \u00eatre assum\u00e9s pour la diffusion et l&rsquo;h\u00e9bergement des textes sur Internet.<\/span><\/p>\n<p style=\"text-align: center;\"><span style=\"color: #821212;\">Si vous souhaitez soutenir l&rsquo;existence de la revue, vous avez la possibilit\u00e9<\/span><br \/>\n<span style=\"color: #821212;\">de faire parvenir un don, m\u00eame modeste, via la page\u00a0\u00a0<a style=\"color: #821212;\" href=\"http:\/\/www.analysedepratique.org\/?page_id=27\">SOUTIEN<\/a>.<\/span><\/p>\n<p style=\"text-align: center;\"><span style=\"color: #821212;\">En tant que donateur, vous recevrez un acc\u00e8s \u00e0 chaque num\u00e9ro paru en fichier PDF int\u00e9gral.\u00a0<\/span><\/p>\n<hr \/>\n<p>&nbsp;<\/p>\n<p style=\"text-align: left;\"><strong>\u00a0<\/strong><\/p>\n<p><a href=\"https:\/\/www.analysedepratique.org\/?p=5908\">Editorial<\/a><\/p>\n<p><a href=\"https:\/\/www.analysedepratique.org\/?p=5910\">Yann Vacher<\/a><\/p>\n<p><em>Une r\u00e9flexion quant \u00e0 la place du jugement en APP<\/em><\/p>\n<p><a href=\"https:\/\/www.analysedepratique.org\/?p=5921\">Marco Ferreira Valente<\/a><\/p>\n<p class=\"titre-article\"><em><span lang=\"FR\" style=\"font-family: 'Lucida Sans Unicode',sans-serif;\">Analyse de pratiques professionnelles et posture clinique d\u2019accompagnement <\/span><\/em><\/p>\n<p><a href=\"https:\/\/www.analysedepratique.org\/?p=5922\">Francis Loser, Laurence Bachmann, Sophie Rodari et Anne Ronchi<\/a><\/p>\n<p><em>Analyse des pratiques professionnelles avec des responsables d\u2019institutions socio-sanitaires et \u00e9ducatives : quand le mouvement corporel et \u00e9motionnel t\u00e9moigne du processus r\u00e9flexif engag\u00e9<\/em><\/p>\n<p><a href=\"https:\/\/www.analysedepratique.org\/?p=5988\">Marc Thi\u00e9baud<\/a><\/p>\n<p><em>Quelles informations et quels rep\u00e8res pour aider des directions \u00e0 mettre en place des analyses de pratiques ? A quelles sources peuvent-elles se r\u00e9f\u00e9rer ?<\/em><\/p>\n<p><a href=\"https:\/\/www.analysedepratique.org\/?p=5953\">Aziz Tlemceni<\/a><\/p>\n<p><em>Le Groupe d&rsquo;Analyse des Pratiques pour les \u00c9tudiants : une ouverture sur la clinique relationnelle dans le soin infirmier<\/em><\/p>\n<p><a href=\"https:\/\/www.analysedepratique.org\/?p=5969\">Lennize Pereira Paulo, Marie-Paule Vannier et Virginie L\u00e9tin<\/a><\/p>\n<p><em>Etude des effets des Groupes d\u2019Analyse de Pratiques-Expertise Patient (GAP-ExP) sur les participant.es : r\u00e9sultats d\u2019enqu\u00eate<\/em><\/p>\n<p><a href=\"https:\/\/www.analysedepratique.org\/?p=5927\">Marc Thi\u00e9baud<\/a><\/p>\n<p><em>Note de lecture d\u2019un ouvrage : \u00abDevenir intervenant en Analyse des Pratiques avec une approche syst\u00e9mique\u00bb<\/em><\/p>\n<p>&nbsp;<\/p>\n<p>&nbsp;<\/p>\n<p>&nbsp;<\/p>\n<p>&nbsp;<\/p>\n<div id=\"themify_builder_content-5905\" data-postid=\"5905\" class=\"themify_builder_content themify_builder_content-5905 themify_builder themify_builder_front\">\n\n\t<\/div>\n<!-- \/themify_builder_content -->","protected":false},"excerpt":{"rendered":"<p>&nbsp; Votre soutien est pr\u00e9cieux ! Vous appr\u00e9ciez les articles publi\u00e9s dans la revue ? Les t\u00e2ches requises pour la parution de la revue sont assur\u00e9es b\u00e9n\u00e9volement, cependant des frais doivent \u00eatre assum\u00e9s pour la diffusion et l&rsquo;h\u00e9bergement des textes sur Internet. Si vous souhaitez soutenir l&rsquo;existence de la revue, vous avez la possibilit\u00e9 de [&hellip;]<\/p>\n","protected":false},"author":2,"featured_media":0,"comment_status":"open","ping_status":"open","sticky":false,"template":"","format":"standard","meta":{"_jetpack_newsletter_access":"","_jetpack_dont_email_post_to_subs":false,"_jetpack_newsletter_tier_id":0,"_jetpack_memberships_contains_paywalled_content":false,"_jetpack_memberships_contains_paid_content":false,"footnotes":""},"categories":[1],"tags":[],"class_list":["post-5905","post","type-post","status-publish","format-standard","hentry","category-non-classe","has-post-title","no-post-date","has-post-category","has-post-tag","has-post-comment","has-post-author"],"jetpack_featured_media_url":"","jetpack_shortlink":"https:\/\/wp.me\/p3VXfJ-1xf","jetpack_sharing_enabled":true,"_links":{"self":[{"href":"https:\/\/www.analysedepratique.org\/index.php?rest_route=\/wp\/v2\/posts\/5905","targetHints":{"allow":["GET"]}}],"collection":[{"href":"https:\/\/www.analysedepratique.org\/index.php?rest_route=\/wp\/v2\/posts"}],"about":[{"href":"https:\/\/www.analysedepratique.org\/index.php?rest_route=\/wp\/v2\/types\/post"}],"author":[{"embeddable":true,"href":"https:\/\/www.analysedepratique.org\/index.php?rest_route=\/wp\/v2\/users\/2"}],"replies":[{"embeddable":true,"href":"https:\/\/www.analysedepratique.org\/index.php?rest_route=%2Fwp%2Fv2%2Fcomments&post=5905"}],"version-history":[{"count":13,"href":"https:\/\/www.analysedepratique.org\/index.php?rest_route=\/wp\/v2\/posts\/5905\/revisions"}],"predecessor-version":[{"id":6051,"href":"https:\/\/www.analysedepratique.org\/index.php?rest_route=\/wp\/v2\/posts\/5905\/revisions\/6051"}],"wp:attachment":[{"href":"https:\/\/www.analysedepratique.org\/index.php?rest_route=%2Fwp%2Fv2%2Fmedia&parent=5905"}],"wp:term":[{"taxonomy":"category","embeddable":true,"href":"https:\/\/www.analysedepratique.org\/index.php?rest_route=%2Fwp%2Fv2%2Fcategories&post=5905"},{"taxonomy":"post_tag","embeddable":true,"href":"https:\/\/www.analysedepratique.org\/index.php?rest_route=%2Fwp%2Fv2%2Ftags&post=5905"}],"curies":[{"name":"wp","href":"https:\/\/api.w.org\/{rel}","templated":true}]}}