{"id":5735,"date":"2024-02-15T11:35:30","date_gmt":"2024-02-15T10:35:30","guid":{"rendered":"https:\/\/www.analysedepratique.org\/?p=5735"},"modified":"2024-03-31T17:30:12","modified_gmt":"2024-03-31T16:30:12","slug":"numero-25-mars-2024","status":"publish","type":"post","link":"https:\/\/www.analysedepratique.org\/?p=5735","title":{"rendered":"Num\u00e9ro 25 anniversaire &#8211; mars 2024"},"content":{"rendered":"<p>&nbsp;<\/p>\n<hr \/>\n<p style=\"text-align: center;\"><strong><span style=\"color: #821212;\">Votre soutien est pr\u00e9cieux !<\/span><\/strong><\/p>\n<p style=\"text-align: center;\"><span style=\"color: #821212;\">Vous appr\u00e9ciez les articles publi\u00e9s dans la revue ?<\/span><\/p>\n<p style=\"text-align: center;\"><span style=\"color: #821212;\">Les t\u00e2ches requises pour la parution de la revue sont assur\u00e9es b\u00e9n\u00e9volement, cependant<\/span><br \/>\n<span style=\"color: #821212;\">des frais doivent \u00eatre assum\u00e9s pour la diffusion et l&rsquo;h\u00e9bergement des textes sur Internet.<\/span><\/p>\n<p style=\"text-align: center;\"><span style=\"color: #821212;\">Si vous souhaitez soutenir l&rsquo;existence de la revue, vous avez la possibilit\u00e9<\/span><br \/>\n<span style=\"color: #821212;\">de faire parvenir un don, m\u00eame modeste, via la page\u00a0\u00a0<a style=\"color: #821212;\" href=\"http:\/\/www.analysedepratique.org\/?page_id=27\">SOUTIEN<\/a>.<\/span><\/p>\n<p style=\"text-align: center;\"><span style=\"color: #821212;\">En tant que donateur, vous recevrez un acc\u00e8s \u00e0 chaque num\u00e9ro paru en fichier PDF int\u00e9gral.\u00a0<\/span><\/p>\n<hr \/>\n<p>&nbsp;<\/p>\n<h3><strong><em>Analyse de pratiques professionnelles : dix regards sur une d\u00e9cennie \u00e9coul\u00e9e<\/em><\/strong><\/h3>\n<p style=\"text-align: left;\"><strong>\u00a0<\/strong><\/p>\n<p><a href=\"https:\/\/www.analysedepratique.org\/?p=5737\">Editorial<\/a><\/p>\n<p><a href=\"https:\/\/www.analysedepratique.org\/?p=5739\">Marc Thi\u00e9baud<\/a><\/p>\n<p><em>Le d\u00e9veloppement des analyses de pratiques professionnelles : quelques \u00e9l\u00e9ments de r\u00e9trospective 2013 &#8211; 2023 <\/em><\/p>\n<p><a href=\"https:\/\/www.analysedepratique.org\/?p=5742\">Yann Vacher<\/a><\/p>\n<p><em>10 ans d\u2019un chercheur-formateur en APP : t\u00e9moignage et analyse de quelques \u00e9volutions v\u00e9cues<\/em><\/p>\n<p><a href=\"https:\/\/www.analysedepratique.org\/?p=5747\">Denis Loizon<\/a><\/p>\n<p><em>20 ans d\u2019APP dans un parcours de formateur et de chercheur nourri par des r\u00e9f\u00e9rences multiples<\/em><\/p>\n<p><a href=\"https:\/\/www.analysedepratique.org\/?p=5749\">Michaela Knuchel-Bossel<\/a><\/p>\n<p><em>Du macram\u00e9 \u00e0 la dentelle<\/em><\/p>\n<p><a href=\"https:\/\/www.analysedepratique.org\/?p=5755\">J\u00fcrg Bichsel<\/a><\/p>\n<p><em>D\u2019une animation tr\u00e8s structur\u00e9e \u00e0 une fluidit\u00e9 cr\u00e9ative<\/em><\/p>\n<p><a href=\"https:\/\/www.analysedepratique.org\/?p=5758\">Anne Chimchirian<\/a><\/p>\n<p><em>Positionnement d\u2019intervenant en analyse de pratiques : \u00e9volution v\u00e9cue sur une quinzaine d\u2019ann\u00e9es<\/em><\/p>\n<p><a href=\"https:\/\/www.analysedepratique.org\/?p=5764\">Fr\u00e9d\u00e9rique Rebetez<\/a><\/p>\n<p><em>Regard sur l\u2019\u00e9volution v\u00e9cue durant 18 ans dans l\u2019animation d\u2019analyses de pratiques\u00a0professionnelles<\/em><\/p>\n<p><a href=\"https:\/\/www.analysedepratique.org\/?p=5761\">Emilie Gr\u00e9goire<\/a><\/p>\n<p><em>Analyse r\u00e9flexive et acceptation de soi<\/em><\/p>\n<p><a href=\"https:\/\/www.analysedepratique.org\/?p=5752\">Suzanne Guillemette<\/a><\/p>\n<p><em>Posture de la personne animatrice-accompagnatrice de l\u2019APP, regard crois\u00e9 au travers d\u2019une recherche-action longitudinale<\/em><\/p>\n<p><a href=\"https:\/\/www.analysedepratique.org\/?p=5745\">Patrick Robo<\/a><\/p>\n<p><em>Une d\u00e9cennie autour de la Revue de l\u2019analyse de pratiques professionnelles &#8211; regards crois\u00e9s et de l\u2019APP<\/em><\/p>\n<p>&nbsp;<\/p>\n<p><em>R\u00e9f\u00e9rencement<\/em><\/p>\n<p>Collectif (2024). Analyse de pratiques professionnelles : dix regards sur une d\u00e9cennie \u00e9coul\u00e9e.<em><strong>\u00a0<\/strong>Revue de l\u2019analyse de pratiques professionnelles<\/em>. No 25. 117 pages. <a href=\"https:\/\/www.analysedepratique.org\/?p=5735\">https:\/\/www.analysedepratique.org\/?p=5735<\/a>.<\/p>\n<div id=\"themify_builder_content-5735\" data-postid=\"5735\" class=\"themify_builder_content themify_builder_content-5735 themify_builder themify_builder_front\">\n\n\t<\/div>\n<!-- \/themify_builder_content -->","protected":false},"excerpt":{"rendered":"<p>&nbsp; Votre soutien est pr\u00e9cieux ! Vous appr\u00e9ciez les articles publi\u00e9s dans la revue ? Les t\u00e2ches requises pour la parution de la revue sont assur\u00e9es b\u00e9n\u00e9volement, cependant des frais doivent \u00eatre assum\u00e9s pour la diffusion et l&rsquo;h\u00e9bergement des textes sur Internet. Si vous souhaitez soutenir l&rsquo;existence de la revue, vous avez la possibilit\u00e9 de [&hellip;]<\/p>\n","protected":false},"author":2,"featured_media":0,"comment_status":"open","ping_status":"open","sticky":false,"template":"","format":"standard","meta":{"_jetpack_newsletter_access":"","_jetpack_dont_email_post_to_subs":false,"_jetpack_newsletter_tier_id":0,"_jetpack_memberships_contains_paywalled_content":false,"_jetpack_memberships_contains_paid_content":false,"footnotes":""},"categories":[1],"tags":[],"class_list":["post-5735","post","type-post","status-publish","format-standard","hentry","category-non-classe","has-post-title","no-post-date","has-post-category","has-post-tag","has-post-comment","has-post-author"],"jetpack_featured_media_url":"","jetpack_shortlink":"https:\/\/wp.me\/p3VXfJ-1uv","jetpack_sharing_enabled":true,"_links":{"self":[{"href":"https:\/\/www.analysedepratique.org\/index.php?rest_route=\/wp\/v2\/posts\/5735","targetHints":{"allow":["GET"]}}],"collection":[{"href":"https:\/\/www.analysedepratique.org\/index.php?rest_route=\/wp\/v2\/posts"}],"about":[{"href":"https:\/\/www.analysedepratique.org\/index.php?rest_route=\/wp\/v2\/types\/post"}],"author":[{"embeddable":true,"href":"https:\/\/www.analysedepratique.org\/index.php?rest_route=\/wp\/v2\/users\/2"}],"replies":[{"embeddable":true,"href":"https:\/\/www.analysedepratique.org\/index.php?rest_route=%2Fwp%2Fv2%2Fcomments&post=5735"}],"version-history":[{"count":22,"href":"https:\/\/www.analysedepratique.org\/index.php?rest_route=\/wp\/v2\/posts\/5735\/revisions"}],"predecessor-version":[{"id":5901,"href":"https:\/\/www.analysedepratique.org\/index.php?rest_route=\/wp\/v2\/posts\/5735\/revisions\/5901"}],"wp:attachment":[{"href":"https:\/\/www.analysedepratique.org\/index.php?rest_route=%2Fwp%2Fv2%2Fmedia&parent=5735"}],"wp:term":[{"taxonomy":"category","embeddable":true,"href":"https:\/\/www.analysedepratique.org\/index.php?rest_route=%2Fwp%2Fv2%2Fcategories&post=5735"},{"taxonomy":"post_tag","embeddable":true,"href":"https:\/\/www.analysedepratique.org\/index.php?rest_route=%2Fwp%2Fv2%2Ftags&post=5735"}],"curies":[{"name":"wp","href":"https:\/\/api.w.org\/{rel}","templated":true}]}}