{"id":5611,"date":"2023-10-03T06:44:44","date_gmt":"2023-10-03T05:44:44","guid":{"rendered":"https:\/\/www.analysedepratique.org\/?p=5611"},"modified":"2023-11-30T11:16:55","modified_gmt":"2023-11-30T10:16:55","slug":"editorial-numero-thematique-24","status":"publish","type":"post","link":"https:\/\/www.analysedepratique.org\/?p=5611","title":{"rendered":"Editorial &#8211; num\u00e9ro 24"},"content":{"rendered":"<p>&nbsp;<\/p>\n<p>Ch\u00e8res abonn\u00e9es, chers abonn\u00e9s,<\/p>\n<p style=\"text-align: justify;\">Ce nouveau num\u00e9ro de la revue de l\u2019analyse de pratiques professionnelles vous propose six textes vari\u00e9s.<\/p>\n<p style=\"text-align: justify;\">Analyser les pratiques professionnelles s\u2019exp\u00e9rimente au travers de d\u00e9marches riches et diverses. Cette vari\u00e9t\u00e9 ouvre \u00e0 de nombreuses perspectives et permet de moduler les mises en \u0153uvre en s\u2019adaptant au besoin des groupes et des \u00e9quipes.<\/p>\n<p style=\"text-align: justify;\">Ainsi, Dominique Bonnet t\u00e9moigne de son parcours professionnel et des diff\u00e9rentes exp\u00e9riences qui l\u2019ont amen\u00e9e \u00e0 l\u2019animation de groupes d\u2019analyse de pratiques professionnelles (APP). Elle explicite comment, en s\u2019appuyant sur ses comp\u00e9tences, postures et app\u00e9tences initialement pr\u00e9sentes, elle a pu les enrichir ou en construire d\u2019autres et elle \u00e9voque comment la notion de r\u00e9flexivit\u00e9 s\u2019est r\u00e9v\u00e9l\u00e9e pr\u00e9pond\u00e9rante et pr\u00e9gnante tout au long de son cheminement professionnel.<\/p>\n<p style=\"text-align: justify;\">St\u00e9phane Michaud et C\u00e9line Jayet nous exposent leur exp\u00e9rience de co-animation d\u2019un groupe d\u2019APP. Ils analysent et pr\u00e9sentent de mani\u00e8re tr\u00e8s pr\u00e9cise les enjeux, les d\u00e9fis, les opportunit\u00e9s, et aussi les fragilit\u00e9s et les limites du dispositif investi.<\/p>\n<p style=\"text-align: justify;\">H\u00e9l\u00e8ne Belou reprend la technique des trois colonnes de Patrick Robo, en y ajoutant une quatri\u00e8me colonne, pr\u00e9sentant la synth\u00e8se du r\u00e9fl\u00e9chissement du narrateur. Ce point d\u2019\u00e9tape suppl\u00e9mentaire permet ainsi une prise de conscience de son cheminement. L\u2019article pr\u00e9sente les arguments de ce dispositif, son d\u00e9roul\u00e9 ainsi que les r\u00e9flexions des b\u00e9n\u00e9ficiaires et de l\u2019auteure (animatrice et participante \u00e0 la fois) qui l\u2019ont utilis\u00e9.<\/p>\n<p style=\"text-align: justify;\">L\u2019article de Caroline Bell \u00e9voque l\u2019usage de la vid\u00e9oscopie comme outil permettant d\u2019engager \u00e0 l\u2019analyse des pratiques professionnelles. Il pr\u00e9sente son utilisation dans l\u2019accompagnement d\u2019\u00e9tudiant.e.s-stagiaires, en pr\u00e9cisant les dispositifs mis en \u0153uvre et les enjeux li\u00e9s \u00e0 la construction du savoir-analyser r\u00e9flexif des futur.e.s professionnel.le.s. Cette d\u00e9marche est ici associ\u00e9e \u00e0 des entretiens d\u2019explicitation et d\u2019auto-confrontation crois\u00e9e.<\/p>\n<p style=\"text-align: justify;\">Nadine Faingold montre comment elle n\u2019a cess\u00e9 d\u2019exp\u00e9rimenter diff\u00e9rents dispositifs r\u00e9flexifs d\u2019analyse des pratiques. L\u2019entretien d\u2019explicitation de Pierre Vermersch, les niveaux logiques de Robert Dilts en PNL et la d\u00e9couverte du mod\u00e8le IFS (<em>Internal Family Systems<\/em>) des parties de soi de Richard C. Schwartz ont jalonn\u00e9 et nourri son cheminement, jusqu\u2019\u00e0 la mise au point de l\u2019approche de la cartographie \u00e9motionnelle.<\/p>\n<p style=\"text-align: justify;\">Ce num\u00e9ro comprend \u00e9galement le compte-rendu du dernier s\u00e9minaire du r\u00e9seau du Groupe de Formation \u00e0 et par l&rsquo;Analyse de Pratiques Professionnelles (GFAPP) qui s\u2019est tenu \u00e0 Lyon en mai dernier, co-\u00e9crit par Blandine Bousquet et Mich\u00e8le Knuchel-Bossel. La th\u00e9matique concernait l\u2019implication des participant.e.s et de l\u2019animatrice ou animateur en analyse de pratiques professionnelles.<\/p>\n<p style=\"text-align: justify;\">Nous terminerons par l\u2019annonce de la prochaine publication d\u2019un num\u00e9ro \u00e9v\u00e9nement. En effet, dix ann\u00e9es se sont maintenant \u00e9coul\u00e9es depuis la parution du premier num\u00e9ro de la revue le 30 septembre 2013. Comment f\u00eater mieux cela qu\u2019en vous proposant pour la fin de cette ann\u00e9e un num\u00e9ro 25 anniversaire\u00a0? Il comprendra une dizaine d\u2019articles pr\u00e9sentant le t\u00e9moignage de leurs auteur.e.s sur leur parcours et le d\u00e9veloppement de leurs r\u00e9flexions en APP durant cette d\u00e9cennie pass\u00e9e.<\/p>\n<p style=\"text-align: justify;\">Souhaitons longue vie \u00e0 la revue de l\u2019analyse de pratiques professionnelles, en rappelant qu\u2019elle ne peut vivre et s\u2019\u00e9panouir que par vos contributions en textes et par votre soutien financier (voir les liens \u00ab\u00a0<a href=\"https:\/\/www.analysedepratique.org\/?page_id=37\">PUBLIER<\/a> \u00bb et \u00ab\u00a0<a href=\"https:\/\/www.analysedepratique.org\/?page_id=27\">SOUTIEN<\/a> \u00bb sur le site internet de la revue).<\/p>\n<p style=\"text-align: justify;\">Merci d\u2019avance \u00e0 vous\u00a0!<\/p>\n<p>&nbsp;<\/p>\n<p>Pour l\u2019\u00e9quipe de la revue de l\u2019APP<\/p>\n<p>Caroline Bell<\/p>\n<p>Coordinatrice du num\u00e9ro 24<\/p>\n<p>&nbsp;<\/p>\n<p>&nbsp;<\/p>\n<div id=\"themify_builder_content-5611\" data-postid=\"5611\" class=\"themify_builder_content themify_builder_content-5611 themify_builder themify_builder_front\">\n\n\t<\/div>\n<!-- \/themify_builder_content -->","protected":false},"excerpt":{"rendered":"<p>&nbsp; Ch\u00e8res abonn\u00e9es, chers abonn\u00e9s, Ce nouveau num\u00e9ro de la revue de l\u2019analyse de pratiques professionnelles vous propose six textes vari\u00e9s. Analyser les pratiques professionnelles s\u2019exp\u00e9rimente au travers de d\u00e9marches riches et diverses. Cette vari\u00e9t\u00e9 ouvre \u00e0 de nombreuses perspectives et permet de moduler les mises en \u0153uvre en s\u2019adaptant au besoin des groupes et [&hellip;]<\/p>\n","protected":false},"author":2,"featured_media":0,"comment_status":"open","ping_status":"open","sticky":false,"template":"","format":"standard","meta":{"_jetpack_newsletter_access":"","_jetpack_dont_email_post_to_subs":false,"_jetpack_newsletter_tier_id":0,"_jetpack_memberships_contains_paywalled_content":false,"_jetpack_memberships_contains_paid_content":false,"footnotes":""},"categories":[40],"tags":[],"class_list":["post-5611","post","type-post","status-publish","format-standard","hentry","category-editorial","has-post-title","no-post-date","has-post-category","has-post-tag","has-post-comment","has-post-author"],"jetpack_featured_media_url":"","jetpack_shortlink":"https:\/\/wp.me\/p3VXfJ-1sv","jetpack_sharing_enabled":true,"_links":{"self":[{"href":"https:\/\/www.analysedepratique.org\/index.php?rest_route=\/wp\/v2\/posts\/5611","targetHints":{"allow":["GET"]}}],"collection":[{"href":"https:\/\/www.analysedepratique.org\/index.php?rest_route=\/wp\/v2\/posts"}],"about":[{"href":"https:\/\/www.analysedepratique.org\/index.php?rest_route=\/wp\/v2\/types\/post"}],"author":[{"embeddable":true,"href":"https:\/\/www.analysedepratique.org\/index.php?rest_route=\/wp\/v2\/users\/2"}],"replies":[{"embeddable":true,"href":"https:\/\/www.analysedepratique.org\/index.php?rest_route=%2Fwp%2Fv2%2Fcomments&post=5611"}],"version-history":[{"count":5,"href":"https:\/\/www.analysedepratique.org\/index.php?rest_route=\/wp\/v2\/posts\/5611\/revisions"}],"predecessor-version":[{"id":5720,"href":"https:\/\/www.analysedepratique.org\/index.php?rest_route=\/wp\/v2\/posts\/5611\/revisions\/5720"}],"wp:attachment":[{"href":"https:\/\/www.analysedepratique.org\/index.php?rest_route=%2Fwp%2Fv2%2Fmedia&parent=5611"}],"wp:term":[{"taxonomy":"category","embeddable":true,"href":"https:\/\/www.analysedepratique.org\/index.php?rest_route=%2Fwp%2Fv2%2Fcategories&post=5611"},{"taxonomy":"post_tag","embeddable":true,"href":"https:\/\/www.analysedepratique.org\/index.php?rest_route=%2Fwp%2Fv2%2Ftags&post=5611"}],"curies":[{"name":"wp","href":"https:\/\/api.w.org\/{rel}","templated":true}]}}