{"id":5609,"date":"2023-10-03T06:41:22","date_gmt":"2023-10-03T05:41:22","guid":{"rendered":"https:\/\/www.analysedepratique.org\/?p=5609"},"modified":"2023-10-03T08:03:48","modified_gmt":"2023-10-03T07:03:48","slug":"numero-24-octobre-2023","status":"publish","type":"post","link":"https:\/\/www.analysedepratique.org\/?p=5609","title":{"rendered":"Num\u00e9ro 24 &#8211; octobre 2023"},"content":{"rendered":"<p>&nbsp;<\/p>\n<hr \/>\n<p style=\"text-align: center;\"><span style=\"color: #821212;\">Vous appr\u00e9ciez les articles publi\u00e9s dans la revue ?<\/span><\/p>\n<p style=\"text-align: center;\"><span style=\"color: #821212;\">Les t\u00e2ches requises pour la parution de la revue sont assur\u00e9es b\u00e9n\u00e9volement, cependant<\/span><br \/>\n<span style=\"color: #821212;\">des frais doivent \u00eatre assum\u00e9s pour la diffusion et l&rsquo;h\u00e9bergement des textes sur Internet.<\/span><\/p>\n<p style=\"text-align: center;\"><span style=\"color: #821212;\">Si vous souhaitez soutenir l&rsquo;existence de la revue, vous avez la possibilit\u00e9<\/span><br \/>\n<span style=\"color: #821212;\">de faire parvenir un don, m\u00eame modeste, via la page\u00a0\u00a0<a style=\"color: #821212;\" href=\"http:\/\/www.analysedepratique.org\/?page_id=27\">SOUTIEN<\/a>.<\/span><\/p>\n<p style=\"text-align: center;\"><span style=\"color: #821212;\">En tant que donateur, vous recevrez un acc\u00e8s \u00e0 chaque num\u00e9ro paru en fichier PDF int\u00e9gral.\u00a0<\/span><\/p>\n<hr \/>\n<p style=\"text-align: center;\"><strong>\u00a0<\/strong><\/p>\n<p><a href=\"https:\/\/www.analysedepratique.org\/?p=5611\">Editorial<\/a><\/p>\n<p><a href=\"https:\/\/www.analysedepratique.org\/?p=5613\">Dominique Bonnet<\/a><\/p>\n<p><em>Un long chemin professionnel pour arriver \u00e0 l\u2019animation de s\u00e9ances d\u2019analyse de pratiques professionnelles<br \/>\n<\/em><\/p>\n<p><a href=\"https:\/\/www.analysedepratique.org\/?p=5615\">St\u00e9phane Michaud et C\u00e9line Jayet<\/a><\/p>\n<p><em>Exp\u00e9rience de co-animation d\u2019un groupe d\u2019analyse de pratiques professionnelles (APP) : questionnements et r\u00e9flexions quant aux enjeux, d\u00e9fis et opportunit\u00e9s <\/em><\/p>\n<p><a href=\"https:\/\/www.analysedepratique.org\/?p=5617\">H\u00e9l\u00e8ne Belou<\/a><\/p>\n<p><em>\u00ab Quatre colonnes \u00bb pour co-analyser des pratiques professionnelles : retour d\u2019exp\u00e9rience<\/em><\/p>\n<p><a href=\"https:\/\/www.analysedepratique.org\/?p=5619\">Caroline Bell<\/a><\/p>\n<p><em>Analyser ses pratiques avec la vid\u00e9oscopie : la confrontation crois\u00e9e<\/em><\/p>\n<p><a href=\"https:\/\/www.analysedepratique.org\/?p=5621\">Nadine Faingold<\/a><\/p>\n<p><em>D\u00e9centration et prise de conscience en analyse de pratiques professionnelles<\/em><\/p>\n<p><a href=\"https:\/\/www.analysedepratique.org\/?p=5623\">Blandine Bousquet et Mich\u00e8le Knuchel-Bossel<\/a><\/p>\n<p><em>Compte rendu du s\u00e9minaire GFAPP N\u00b0 14 des 13 et 14 mai 2023<\/em><\/p>\n<p>&nbsp;<\/p>\n<p>&nbsp;<\/p>\n<div id=\"themify_builder_content-5609\" data-postid=\"5609\" class=\"themify_builder_content themify_builder_content-5609 themify_builder themify_builder_front\">\n\n\t<\/div>\n<!-- \/themify_builder_content -->","protected":false},"excerpt":{"rendered":"<p>&nbsp; Vous appr\u00e9ciez les articles publi\u00e9s dans la revue ? Les t\u00e2ches requises pour la parution de la revue sont assur\u00e9es b\u00e9n\u00e9volement, cependant des frais doivent \u00eatre assum\u00e9s pour la diffusion et l&rsquo;h\u00e9bergement des textes sur Internet. Si vous souhaitez soutenir l&rsquo;existence de la revue, vous avez la possibilit\u00e9 de faire parvenir un don, m\u00eame [&hellip;]<\/p>\n","protected":false},"author":2,"featured_media":0,"comment_status":"open","ping_status":"open","sticky":false,"template":"","format":"standard","meta":{"_jetpack_newsletter_access":"","_jetpack_dont_email_post_to_subs":false,"_jetpack_newsletter_tier_id":0,"_jetpack_memberships_contains_paywalled_content":false,"_jetpack_memberships_contains_paid_content":false,"footnotes":""},"categories":[1],"tags":[],"class_list":["post-5609","post","type-post","status-publish","format-standard","hentry","category-non-classe","has-post-title","no-post-date","has-post-category","has-post-tag","has-post-comment","has-post-author"],"jetpack_featured_media_url":"","jetpack_shortlink":"https:\/\/wp.me\/p3VXfJ-1st","jetpack_sharing_enabled":true,"_links":{"self":[{"href":"https:\/\/www.analysedepratique.org\/index.php?rest_route=\/wp\/v2\/posts\/5609","targetHints":{"allow":["GET"]}}],"collection":[{"href":"https:\/\/www.analysedepratique.org\/index.php?rest_route=\/wp\/v2\/posts"}],"about":[{"href":"https:\/\/www.analysedepratique.org\/index.php?rest_route=\/wp\/v2\/types\/post"}],"author":[{"embeddable":true,"href":"https:\/\/www.analysedepratique.org\/index.php?rest_route=\/wp\/v2\/users\/2"}],"replies":[{"embeddable":true,"href":"https:\/\/www.analysedepratique.org\/index.php?rest_route=%2Fwp%2Fv2%2Fcomments&post=5609"}],"version-history":[{"count":3,"href":"https:\/\/www.analysedepratique.org\/index.php?rest_route=\/wp\/v2\/posts\/5609\/revisions"}],"predecessor-version":[{"id":5630,"href":"https:\/\/www.analysedepratique.org\/index.php?rest_route=\/wp\/v2\/posts\/5609\/revisions\/5630"}],"wp:attachment":[{"href":"https:\/\/www.analysedepratique.org\/index.php?rest_route=%2Fwp%2Fv2%2Fmedia&parent=5609"}],"wp:term":[{"taxonomy":"category","embeddable":true,"href":"https:\/\/www.analysedepratique.org\/index.php?rest_route=%2Fwp%2Fv2%2Fcategories&post=5609"},{"taxonomy":"post_tag","embeddable":true,"href":"https:\/\/www.analysedepratique.org\/index.php?rest_route=%2Fwp%2Fv2%2Ftags&post=5609"}],"curies":[{"name":"wp","href":"https:\/\/api.w.org\/{rel}","templated":true}]}}