{"id":5490,"date":"2022-11-19T20:34:16","date_gmt":"2022-11-19T19:34:16","guid":{"rendered":"https:\/\/www.analysedepratique.org\/?p=5490"},"modified":"2023-10-16T10:49:05","modified_gmt":"2023-10-16T09:49:05","slug":"quand-le-distanciel-sinvite-au-sein-dun-seminaire-universitaire-danalyse-de-pratiques-professionnelles-oriente-vers-lelaboration-dun-objet-symbolique","status":"publish","type":"post","link":"https:\/\/www.analysedepratique.org\/?p=5490","title":{"rendered":"Quand le distanciel s\u2019invite au sein d\u2019un s\u00e9minaire universitaire d\u2019Analyse de Pratiques Professionnelles orient\u00e9 vers l\u2019\u00e9laboration d\u2019un objet symbolique"},"content":{"rendered":"<p>&nbsp;<\/p>\n<table style=\"height: 100px; width: 599px;\" border=\"0\" width=\"599\" cellspacing=\"0\" cellpadding=\"0\">\n<tbody>\n<tr style=\"height: 100px;\">\n<td style=\"width: 284px; height: 100px;\" valign=\"top\" width=\"319\">\n<h3><em><strong>St\u00e9phanie Mauduit<\/strong><\/em><\/h3>\n<p><em>Cadre de sant\u00e9 &#8211; Ing\u00e9nieure p\u00e9dagogique<br \/>\n<\/em><em><a href=\"mailto:stephanie.mauduit92@gmail.com\">stephanie.mauduit92@gmail.com<\/a><\/em><\/td>\n<td style=\"width: 313px; height: 100px;\" valign=\"top\" width=\"307\">\n<h3><em><strong>Bernard Alix<\/strong><\/em><\/h3>\n<p><em>Chef de Projet CNFT,<br \/>\nPr\u00e9sident de la Maison du Travail Enseignant Universit\u00e9 Paris X et CNAM<br \/>\n<\/em><em><a href=\"mailto:alix_bernard@orange.fr\">alix_bernard@orange.fr<\/a><\/em><\/td>\n<\/tr>\n<\/tbody>\n<\/table>\n<h3><em><strong>Soulayman Abdoul Vagabou<\/strong><\/em><\/h3>\n<p><em>Formateur &#8211; ing\u00e9nieur p\u00e9dagogique<br \/>\n<\/em><em><a href=\"mailto:soulayman368@hotmail.fr\">soulayman368@hotmail.fr<\/a>\u00a0<\/em><\/p>\n<p>&nbsp;<\/p>\n<h4><em><br \/>\nR\u00e9sum\u00e9<\/em><\/h4>\n<p style=\"text-align: justify;\">Cet article pr\u00e9sente un s\u00e9minaire \u201cAnalyse de Pratiques\u201d mis en place par Bernard Alix au sein de l\u2019Universit\u00e9 de Paris Nanterre pour les \u00e9tudiants de Master 1 et 2 Ing\u00e9nierie p\u00e9dagogique en formation pour adultes. Ce dispositif, initialement organis\u00e9 en pr\u00e9sentiel, a subi des modifications en 2018 pour que des \u00e9tudiants en formation \u00e0 distance puissent y participer. Il se caract\u00e9rise par des s\u00e9ances d\u2019analyse de pratiques en distanciel enrichies de contrepoints mobilisant des concepts philosophiques, sociologiques et p\u00e9dagogiques. En fin de s\u00e9minaire, les \u00e9tudiants doivent cr\u00e9er un objet symbolique repr\u00e9sentant leur cheminement professionnel et intellectuel. Le contexte a amen\u00e9 le dispositif \u00e0 \u00e9voluer vers l\u2019hybridation num\u00e9rique avec des am\u00e9nagements pour sauvegarder la qualit\u00e9 d\u2019accompagnement dont il sera question.<\/p>\n<h5><em>Mots-cl\u00e9s\u00a0<\/em><\/h5>\n<p>s\u00e9minaire, philosophie, symbole, ph\u00e9nom\u00e9nologie, distanciel<\/p>\n<h5><em>Cat\u00e9gorie d&rsquo;article\u00a0<\/em><\/h5>\n<p>Exp\u00e9rience pratique<\/p>\n<h5><em>R\u00e9f\u00e9rencement\u00a0<\/em><\/h5>\n<p style=\"text-align: justify;\">Mauduit, S., Alix, B. &amp; Abdoul Vagabou, S (2022). Quand le distanciel s\u2019invite au sein d\u2019un s\u00e9minaire APP orient\u00e9 vers l\u2019\u00e9laboration d\u2019un objet symbolique. <em>Revue de l\u2019analyse de pratiques professionnelles,<\/em> 23, 112-133. <a href=\"http:\/\/www.analysedepratique.org\/?p=5490\">http:\/\/www.analysedepratique.org\/?p=5490<\/a>.<\/p>\n<hr class=\"shortcode hr light-gray\" style=\"border-width:1px;\" \/> <a href=\"http:\/\/www.analysedepratique.org\/wp-content\/uploads\/mauduit-alix-abdoul-vagabou-revue-app-novembre2022.pdf\"><img loading=\"lazy\" decoding=\"async\" class=\"alignnone\" src=\"https:\/\/www.analysedepratique.org\/wp-content\/uploads\/download-icon.png\" alt=\"download-icon\" width=\"24\" height=\"29\" \/><\/a>\u00a0<a href=\"http:\/\/www.analysedepratique.org\/wp-content\/uploads\/mauduit-alix-abdoul-vagabou-revue-app-novembre2022.pdf\">Article en PDF<\/a>\u00a0\u00a0\u00a0 \u00a0\u00a0 \u00a0\u00a0 \u00a0\u00a0 <a href=\"#co\"><img loading=\"lazy\" decoding=\"async\" src=\"https:\/\/www.analysedepratique.org\/wp-content\/uploads\/et-info-comment.png\" alt=\"et-info-comment\" width=\"30\" height=\"31\" \/><\/a>\u00a0<a href=\"#co\">Commentaires<\/a><\/p>\n<p>&nbsp;<\/p>\n<hr \/>\n<h5><strong>When the distanciel invites itself within a university seminar of Professional Practice Analysis oriented towards the elaboration of a symbolic object<\/strong><\/h5>\n<h5><em>Abstract<\/em><\/h5>\n<p style=\"text-align: justify;\">This article presents a seminar \u00ab\u00a0Analysis of Practices\u00a0\u00bb set up by Bernard Alix at the University of Paris Nanterre for students of Master 1 and 2 Educational Engineering in adult education. This programme, initially organised in person, was modified in 2018 so that distance learning students could participate. It is characterised by remote sessions of analysis of practices enriched by counterpoints mobilising philosophical, sociological and pedagogical concepts. At the end of the seminar, the students have to create a symbolic object representing their professional and intellectual journey. The context has led the system to evolve towards digital hybridization with adjustments to safeguard the quality of support that will be discussed.<\/p>\n<h5><em>Keywords<\/em><\/h5>\n<p>seminar, philosophy, symbol, phenomenology, distance learning<\/p>\n<hr \/>\n<h5><strong><em>Quando o ensino \u00e0 dist\u00e2ncia entra em jogo num semin\u00e1rio universit\u00e1rio sobre a An\u00e1lise da Pr\u00e1tica Profissional com vista \u00e0 elabora\u00e7\u00e3o de um objeto simb\u00f3lico<\/em><\/strong><\/h5>\n<h5><em>Resumo<\/em><\/h5>\n<p style=\"text-align: justify;\">Este artigo apresenta um semin\u00e1rio de \u00ab\u00a0An\u00e1lise da Pr\u00e1tica\u00a0\u00bb criado por Bernard Alix na Universidade de Paris Nanterre para estudantes de Mestrado 1 e 2 em Engenharia Educacional na educa\u00e7\u00e3o de adultos. Inicialmente organizado como um semin\u00e1rio presencial, foi modificado em 2018 para permitir a participa\u00e7\u00e3o de estudantes de ensino \u00e0 dist\u00e2ncia. Caracteriza-se por sess\u00f5es \u00e0 dist\u00e2ncia de an\u00e1lise de pr\u00e1ticas, enriquecidas por contrapontos que recorrem a conceitos filos\u00f3ficos, sociol\u00f3gicos e pedag\u00f3gicos. No final do semin\u00e1rio, os estudantes s\u00e3o convidados a criar um objeto simb\u00f3lico que represente o seu desenvolvimento profissional e intelectual. O contexto levou o sistema a evoluir para uma hibrida\u00e7\u00e3o digital, com ajustamentos para salvaguardar a qualidade do apoio que ser\u00e3o discutidos.<\/p>\n<h5><em>Palavras-chave<\/em><\/h5>\n<p>semin\u00e1rio, filosofia, s\u00edmbolo, fenomenologia, ensino \u00e0 dist\u00e2ncia<\/p>\n<hr \/>\n<p>&nbsp;<\/p>\n<p style=\"text-align: justify;\">[toc]<\/p>\n<p style=\"text-align: justify;\">Dans un contexte de changement, d\u2019innovation et de pand\u00e9mie Covid-19 qui remettent en question les structures et l\u2019organisation de l\u2019action humaine, des \u00e9volutions sont n\u00e9cessaires. L\u2019univers de la formation est au c\u0153ur de ces pr\u00e9occupations puisqu\u2019il fait face \u00e0 des contraintes multiples. Ainsi, la p\u00e9dagogie et \u201cl\u2019agir en comp\u00e9tence\u201d se repensent, les postures d\u2019accompagnement se questionnent et s\u2019enrichissent.\u00a0Deux questions se posent alors :<\/p>\n<p style=\"text-align: justify;\"><em>Comment accompagner la transformation des dispositions et des postures des personnes issues des m\u00e9tiers de la formation ?<\/em><\/p>\n<p style=\"text-align: justify;\"><em>Comment garantir une m\u00eame qualit\u00e9 de formation face aux contraintes organisationnelles induites par ce contexte ?<\/em><\/p>\n<p style=\"text-align: justify;\">Ces diff\u00e9rentes contraintes (pand\u00e9mie Covid-19, optimisation des co\u00fbts de formation, etc.) ont ainsi amen\u00e9 \u00e0 modifier des formations habituellement organis\u00e9es en pr\u00e9sentiel en hybridation p\u00e9dagogique<a href=\"#_ftn1\" name=\"_ftnref1\"><sup>[1]<\/sup><\/a> ou en tout distanciel. Ceci pose la question du processus de socialisation et d\u2019identification professionnelle des apprenants au sein du dispositif de formation. Le processus de socialisation professionnelle comporte en effet diff\u00e9rentes phases (Hugues, 1958) :<\/p>\n<ul style=\"text-align: justify;\">\n<li>une phase d\u2019immersion dans la culture professionnelle qui permet au sujet de naviguer entre r\u00e9alit\u00e9 et id\u00e9alisation du m\u00e9tier,<\/li>\n<li>une phase d\u2019identification au groupe de r\u00e9f\u00e9rence qui l\u2019am\u00e8ne \u00e0 trouver une coh\u00e9rence dans cette dualit\u00e9 au travers des normes, valeurs et mod\u00e8les comportementaux du groupe de r\u00e9f\u00e9rence,<\/li>\n<li>une phase de conversion ultime o\u00f9 le sujet ajuste sa conception de soi avec les possibilit\u00e9s que lui offre la profession.<\/li>\n<\/ul>\n<p style=\"text-align: justify;\">Un m\u00e9canisme de recomposition des mod\u00e8les s\u2019op\u00e8re alors par le sujet qui ne sera plus dans une qu\u00eate d\u2019identit\u00e9 id\u00e9alis\u00e9e, impr\u00e9gn\u00e9e de repr\u00e9sentations iconographiques mais dans une qu\u00eate de recomposition biographique, lui permettant de s\u2019inscrire davantage dans le r\u00e9el (Dubar, 2000). Ainsi, l\u2019analyse de pratiques professionnelles (APP) semble s\u2019imposer comme un dispositif socialisateur et moteur d\u2019identification professionnelle. Elle offre en effet un espace ouvert, orient\u00e9 sur la pratique, questionnant les attitudes et comportements professionnels, les repr\u00e9sentations, les convictions, les valeurs et les normes. C\u2019est en g\u00e9n\u00e9rant un climat socio-affectif favorable, des postures objectives accueillant inconditionnellement la parole de l\u2019autre que s\u2019op\u00e9rera une dynamique coop\u00e9rative permettant de se d\u00e9velopper dans son identit\u00e9 professionnelle (Goffman, 1968).<\/p>\n<p style=\"text-align: justify;\">Face \u00e0 la pand\u00e9mie, l\u2019organisation des s\u00e9ances d\u2019APP au sein des dispositifs de formation ont d\u00fb s&rsquo;adapter en tenant compte des gestes barri\u00e8res pour subsister. Le distanciel s\u2019est alors invit\u00e9, ce qui a g\u00e9n\u00e9r\u00e9 des bouleversements et des r\u00e9flexions p\u00e9dagogiques pour garantir des modalit\u00e9s identiques.<\/p>\n<p style=\"text-align: justify;\">Dans cet article, nous souhaitons explorer l\u2019Unit\u00e9 d\u2019Enseignement (UE) \u00ab\u00a0Analyse des pratiques\u00a0\u00bb que nous<a href=\"#_ftn2\" name=\"_ftnref2\"><sup>[2]<\/sup><\/a> avons v\u00e9cu en tant qu\u2019\u00e9tudiants en Master 2 Ing\u00e9nierie P\u00e9dagogique en Formation pour Adultes (IPFA) au sein de l\u2019Universit\u00e9 Paris Nanterre en 2019. Cette UE, organis\u00e9e sous forme de s\u00e9minaire, avait fait l\u2019objet d\u2019une transformation en hybridation num\u00e9rique bien avant la pand\u00e9mie.<\/p>\n<p style=\"text-align: justify;\">Pour ce faire, nous avons tous deux fait appel \u00e0 Bernard Alix, responsable de l\u2019Unit\u00e9 d\u2019Enseignement \u00ab\u00a0Analyse des pratiques\u00a0\u00bb dont il est question.<\/p>\n<p style=\"text-align: justify;\">R\u00e9dig\u00e9 de nos six mains, l\u2019article pr\u00e9sente le parcours de B. Alix, puis la singularit\u00e9 de son s\u00e9minaire APP, ainsi que l\u2019\u00e9volution en hybridation num\u00e9rique de son dispositif. Nous conclurons en t\u00e9moignant de notre v\u00e9cu en tant que participants et narrateurs de s\u00e9ance ainsi que des transformations induites par le distanciel.<\/p>\n<h4 style=\"text-align: justify;\"><strong>1. Bernard Alix, un parcours atypique au service d\u2019un dispositif inaccoutum\u00e9<\/strong><\/h4>\n<p style=\"text-align: justify;\">Avant de d\u00e9crire le s\u00e9minaire, il nous a sembl\u00e9 opportun de d\u00e9crire tout d\u2019abord le parcours de B. Alix. Son r\u00e9cit biographique permet en effet de mieux comprendre ce qui nourrit la singularit\u00e9 de son accompagnement et de la construction de son dispositif influenc\u00e9e par la d\u00e9marche philosophique.<\/p>\n<p style=\"text-align: justify;\">Originaire de Quiberon, B. Alix fait le choix risqu\u00e9 d\u2019une orientation scolaire dans le champ technique pour quitter le pensionnat et la privation de son autonomie pour revenir vivre dans sa terre d\u2019origine.<\/p>\n<p style=\"text-align: justify;\">Ne manifestant aucune disposition pour l\u2019univers de la microm\u00e9canique, il d\u00e9couvre pourtant l\u2019int\u00e9r\u00eat pour l\u2019automatisme. Parall\u00e8lement, son go\u00fbt pour la litt\u00e9rature \u00e9merge. C\u2019est par le biais d&rsquo;\u00e9v\u00e9nements et de rencontres qu\u2019il d\u00e9couvre la philosophie apr\u00e8s l\u2019obtention du baccalaur\u00e9at. Son initiation \u00e0 la logique de l\u2019automatisme va l\u2019amener ensuite \u00e0 questionner les th\u00e9ories de l\u2019auto-organisation au travers du champ de la biologie port\u00e9e par les th\u00e9ories de la complexit\u00e9 d\u00e9velopp\u00e9es par Atlan<a href=\"#_ftn3\" name=\"_ftnref3\"><sup>[3]<\/sup><\/a> (Atlan, 1972) ou encore les syst\u00e8mes autopo\u00ef\u00e9tiques<a href=\"#_ftn4\" name=\"_ftnref4\"><sup>[4]<\/sup><\/a> conceptualis\u00e9s par Varela<a href=\"#_ftn5\" name=\"_ftnref5\"><sup>[5]<\/sup><\/a> (Varela, 1989). Il va rapprocher les logiques formelles var\u00e9lienne et h\u00e9g\u00e9lienne<a href=\"#_ftn6\" name=\"_ftnref6\"><sup>[6]<\/sup><\/a>, toutes deux inscrites dans une logique d\u2019auto-d\u00e9ploiement des syst\u00e8mes, qu\u2019ils soient biologiques ou philosophiques.<\/p>\n<p style=\"text-align: justify;\">La double influence de Varela et de Hegel construit son rapport au monde, qui sera toujours per\u00e7u dans un couplage au r\u00e9el. Cela le conduit \u00e0 incarner ses r\u00e9flexions au sein du Centre Nationale de la Fonction Publique Territoriale (CNFPT) o\u00f9 il se professionnalise autour des pratiques de formation des adultes. Sa rencontre, d\u00e9but 90, avec H\u00e9l\u00e8ne Trocm\u00e9-Fabre<a href=\"#_ftn7\" name=\"_ftnref7\"><sup>[7]<\/sup><\/a>, p\u00e9dagogue influenc\u00e9e par les travaux de Varela sera d\u00e9terminante dans la conception que se forge Bernard Alix de l\u2019activit\u00e9 d\u2019apprendre jamais \u00e9loign\u00e9e d\u2019une d\u00e9marche existentielle, voire spirituelle (Trocm\u00e9-Fabre, 1997).<\/p>\n<p style=\"text-align: justify;\">Son int\u00e9r\u00eat pour le d\u00e9veloppement de l\u2019autonomie et de l\u2019autoformation le rapproche de Philippe Carr\u00e9 qui s\u2019oriente plus particuli\u00e8rement sur l\u2019Apprenance en milieu professionnel. Celui-ci l\u2019invite \u00e0 enseigner au sein de l\u2019Universit\u00e9 de Nanterre aupr\u00e8s d\u2019\u00e9tudiants se destinant au m\u00e9tier de formateur par un Certificat Pr\u00e9paratoire o\u00f9 il animera un cours portant sur la construction de s\u00e9quences p\u00e9dagogiques ainsi que des groupes de paroles sur le th\u00e8me du rapport au savoir. Puis, c\u2019est dans le cadre d\u2019un DESS en partenariat avec Paris X et le CNAM qu\u2019il va exp\u00e9rimenter la mise en place d\u2019un s\u00e9minaire d\u2019APP au d\u00e9but des ann\u00e9es 2000. Il va ensuite accompagner des \u00e9tudiants de la licence au Master 2 au sein de l\u2019\u00e9quipe Apprenance de l\u2019Universit\u00e9 de Paris Nanterre et les enseignants chercheurs de Paris X dans cette m\u00eame d\u00e9marche.<\/p>\n<p style=\"text-align: justify;\">Ce cheminement dans l\u2019accompagnement r\u00e9flexif des pratiques professionnelles aura \u00e9t\u00e9 pr\u00e9c\u00e9d\u00e9 par un travail analytique personnel, n\u00e9cessaire selon lui, pour s\u2019engager aupr\u00e8s de tels collectifs d\u2019analysants. L\u2019\u00e9criture de plusieurs articles depuis 1994 ont scand\u00e9 son propre parcours r\u00e9flexif autour des questions de l\u2019autonomie en formation et plus pr\u00e9cis\u00e9ment sur les racines philosophiques de l\u2019Apprenance (Alix, 2016).<\/p>\n<p style=\"text-align: justify;\">Ce d\u00e9tour biographique se justifie pour montrer la coh\u00e9rence et l\u2019enchev\u00eatrement entre la conception d\u2019un dispositif et ce qui constitue profond\u00e9ment son concepteur (Sch\u00f6n, D-A, 1994). La pr\u00e9sentation des composantes de ce s\u00e9minaire, tant sur le plan m\u00e9thodologique, th\u00e9orique, que sur le plan du style d\u2019animation, n\u2019est rien d\u2019autre que le fruit de ce parcours qui aura facilit\u00e9 l\u2019\u00e9mergence de certaines dispositions ou ressources propices \u00e0 la mise en \u0153uvre d\u2019un tel s\u00e9minaire. Nous rel\u00e8verons trois points. Premi\u00e8rement, le d\u00e9sir d\u2019autonomie qui vient \u00e0 la rencontre de l\u2019\u00e9mancipation, fondement de l&rsquo;\u00c9ducation Permanente qui vise \u00e0 se donner ses propres normes dans l\u2019espace. Deuxi\u00e8mement, ce parcours est port\u00e9 par une forte r\u00e9sonance entre Hegel et Varela, \u00e0 savoir la recherche du d\u00e9passement de la dualit\u00e9, du clivage entre le sujet et l\u2019objet, l\u2019individu et son environnement, l\u2019action et la r\u00e9flexion, la pratique et la th\u00e9orie. Troisi\u00e8mement, la logique du don et du contre-don identifi\u00e9e par Mauss (Mauss, 2007). L\u2019accompagnement d\u2019\u00e9tudiants ou de professionnels exige de s\u2019inscrire en effet dans le don, le partage g\u00e9n\u00e9reux, le d\u00e9sir d\u2019\u00e9veiller autrui non dans la recherche de pouvoir ou d\u2019emprise mais dans l\u2019autorit\u00e9 qui rel\u00e8ve quant \u00e0 elle de la capacit\u00e9 \u00e0 accro\u00eetre la puissance d\u2019exister, d\u2019apprendre, d\u2019agir d\u2019autrui. Le contre don est alors au rendez-vous et les productions symboliques cr\u00e9\u00e9es par les participants en sont la d\u00e9monstration.<\/p>\n<h4 style=\"text-align: justify;\"><strong>2. Les apports singuliers du s\u00e9minaire en master 2 IPFA<a href=\"#_ftn8\" name=\"_ftnref8\"><sup>[8]<\/sup><\/a><\/strong><\/h4>\n<p style=\"text-align: justify;\">Pens\u00e9 comme un moteur du d\u00e9veloppement des \u00e9tudiants dans leur parcours de professionnalisation par la m\u00e9diation r\u00e9flexive, le s\u00e9minaire m\u00e9rite d\u2019\u00eatre abord\u00e9 dans ses diff\u00e9rents aspects : son organisation, la sp\u00e9cificit\u00e9 de son approche et enfin, la posture singuli\u00e8re qui s\u2019op\u00e8re lors des s\u00e9ances.<\/p>\n<h6 style=\"text-align: justify;\"><strong>2.1 Son aspect organisationnel<\/strong><\/h6>\n<p style=\"text-align: justify;\">La dur\u00e9e du s\u00e9minaire est de dix-huit heures au cours du semestre deux du Master 2. Il valide trois ECTS<a href=\"#_ftn9\" name=\"_ftnref9\"><sup>[9]<\/sup><\/a>. La note validant cette unit\u00e9 d\u2019enseignement est attribu\u00e9e collectivement, elle se base sur la participation continue du groupe, la contribution aux diff\u00e9rentes activit\u00e9s et productions individuelles ou collectives.<\/p>\n<p style=\"text-align: justify;\">Le s\u00e9minaire d\u00e9bute par un temps de rencontre du groupe avec B. Alix en accordant pleinement \u00e0 chacun un statut de sujet et en posant les conditions d\u2019\u00e9mergence d\u2019un groupe contenant. Ce temps est destin\u00e9 \u00e0 pr\u00e9parer les apprenants \u00e0 la dimension ph\u00e9nom\u00e9nologique<a href=\"#_ftn10\" name=\"_ftnref10\"><sup>[10]<\/sup><\/a> par la mobilisation notamment d\u2019un partage de r\u00e9f\u00e9rences existentielles propre \u00e0 chacun. Il leur permet \u00e9galement de se projeter dans l\u2019unit\u00e9 d\u2019enseignement au travers de la pr\u00e9sentation des modalit\u00e9s d\u2019organisation et d\u2019\u00e9valuation.<\/p>\n<p style=\"text-align: justify;\">Le s\u00e9minaire se d\u00e9roule ensuite en quatre \u00e9tapes\u00a0:<\/p>\n<ul style=\"text-align: justify;\">\n<li>\u00c9tape 1\u00a0: participation du groupe \u00e0 quatre ou cinq s\u00e9ances d\u2019APP,<\/li>\n<li>\u00c9tape 2\u00a0: \u00e9laboration d\u2019un objet symbolique collectif en groupes de deux \u00e0 trois \u00e9tudiants,<\/li>\n<li>\u00c9tape 3\u00a0: pr\u00e9sentation et interpr\u00e9tation des objets symboliques r\u00e9alis\u00e9s,<\/li>\n<li>\u00c9tape 4\u00a0: \u00e9laboration d\u2019un travail r\u00e9dactionnel individuel de r\u00e9flexion sur le s\u00e9minaire.<\/li>\n<\/ul>\n<p style=\"text-align: justify;\">Le travail r\u00e9flexif est conduit de bout en bout par un processus d\u2019accompagnement et de progression du groupe dans le travail relatif \u00e0 la ph\u00e9nom\u00e9nologie.<\/p>\n<h6 style=\"text-align: justify;\"><strong>2.2 L\u2019approche ph\u00e9nom\u00e9nologique<\/strong><\/h6>\n<p style=\"text-align: justify;\">Le dispositif APP du s\u00e9minaire s\u2019adosse \u00e0 un protocole classique des s\u00e9ances d\u2019APP int\u00e9gr\u00e9es au c\u0153ur du s\u00e9minaire pour guider la distanciation des \u00e9tudiants. Chaque s\u00e9ance comporte les cinq phases du dispositif GEASE<a href=\"#_ftn11\" name=\"_ftnref11\"><sup>[11]<\/sup><\/a> agr\u00e9ment\u00e9es d\u2019une sixi\u00e8me d\u00e9nomm\u00e9e le \u00ab\u00a0contrepoint\u00a0\u00bb. Le but de cette derni\u00e8re phase est de permettre au groupe de d\u00e9passer la d\u00e9construction de la situation particuli\u00e8re par une mont\u00e9e en g\u00e9n\u00e9ralit\u00e9. Des r\u00e9f\u00e9rences th\u00e9oriques viennent agr\u00e9menter la r\u00e9flexion des participants dans le champ de la psychosociologie, de la sociologie, de l\u2019ing\u00e9nierie p\u00e9dagogique et de la philosophie Cette derni\u00e8re phase laisse la possibilit\u00e9 aux participants de conceptualiser autrement leur pratique afin que \u201cle r\u00e9el se pense pour chacun\u201d et non que \u00ab le r\u00e9el soit pens\u00e9\u00a0\u00bb de fa\u00e7on surplombante. A partir du travail de d\u00e9construction de la situation par le groupe, la mobilisation de concepts ou de ressources du champ de la symbolique artistique optimise la pens\u00e9e collective. Le contrepoint peut \u00eatre \u00e9galement anim\u00e9 par un participant volontaire. L\u2019\u00e9laboration des contrepoints propos\u00e9s par B. Alix vise \u00e0 \u201cjouer\u201d avec diff\u00e9rents concepts et mat\u00e9riaux symboliques pour probl\u00e9matiser les situations et en extraire la lumi\u00e8re qui peut en \u00eatre faite.<\/p>\n<p style=\"text-align: justify;\">La cr\u00e9ation d\u2019objets symboliques par les participants (ex : bo\u00eete, peinture, vid\u00e9o) vient mobiliser ensuite l\u2019imaginaire, non pour illustrer des r\u00e9flexions mais pour d\u00e9voiler les structures intentionnelles qui pr\u00e9sident \u00e0 leur rapport au monde et leur agir. \u00c0 partir de ce que les \u00e9tudiants ont envie d\u2019extraire des questionnements ayant \u00e9merg\u00e9s durant les s\u00e9ances d\u2019analyse de situations, ils interpellent et construisent l\u2019agir en comp\u00e9tence mobilis\u00e9 dans l\u2019exercice de leurs m\u00e9tiers pour d\u00e9velopper leurs comp\u00e9tences au sein des organisations.<\/p>\n<p style=\"text-align: justify;\">L\u2019enjeu d\u2019une approche ph\u00e9nom\u00e9nologique est de faire passer la conscience pr\u00e9r\u00e9flexive (Vermersch, 1999), ou naturelle des professionnels dans la conduite de leurs actions \u00e0 une conscience r\u00e9flexive. Celle-ci reviendra ensuite sur elle-m\u00eame (sur ses perceptions par exemple), sans qu\u2019il s\u2019agisse de d\u00e9crypter le monde en ext\u00e9riorit\u00e9 dans l\u2019illusion d\u2019une objectivit\u00e9 distanci\u00e9e. La d\u00e9marche ph\u00e9nom\u00e9nologique pense le ph\u00e9nom\u00e8ne non comme ce qui appara\u00eet, mais comme l&rsquo;appara\u00eetre de la chose comme seule source de connaissance. Il y a ainsi une corr\u00e9lation, qui n\u2019est pas une identit\u00e9 car il existe une distinction entre mon v\u00e9cu de la chose et la chose telle qu\u2019elle est. La conscience est donc imm\u00e9diatement en rapport avec l\u2019objet.<\/p>\n<p style=\"text-align: justify;\">Le propre de la conscience est \u201cde rendre pr\u00e9sent\u201d. La perception, par exemple, est une donation de la chose-m\u00eame. Elle met le sujet en rapport avec la r\u00e9alit\u00e9. Une chose n\u2019est pourtant pas simplement donn\u00e9e car c\u2019est la conscience qui la fait appara\u00eetre. Ainsi pour Merleau Ponty, les choses parlent car \u00ab <em>percevoir c\u2019est \u00e9couter cette parole, la chose s\u2019exprime en moi, je suis le lieu de l\u2019expression de la chose\u00a0\u00bb.<\/em> La perception est une connaissance, voire une co-\u00e9mergence de la chose et du sujet. L\u2019esprit et le monde se d\u00e9terminent donc mutuellement (Merleau-Ponty, 2005)<\/p>\n<p style=\"text-align: justify;\">Aujourd\u2019hui, B. Alix poursuit ses pratiques d\u2019accompagnement en accordant une place importante au registre de l\u2019imaginaire dans la construction des repr\u00e9sentations. L\u2019imaginaire doit alors \u00eatre compris comme leur <em>plan d\u2019immanence<\/em><a href=\"#_ftn12\" name=\"_ftnref12\"><sup>[12]<\/sup><\/a>. Les pratiques des professionnels ne peuvent donc \u00e9voluer uniquement par l\u2019appropriation des seuls concepts\u00a0; c\u2019est la transformation de l\u2019imaginaire qui sera la condition de l\u2019\u00e9volution de leurs pratiques. C\u2019est ce qui am\u00e8ne B. Alix \u00e0 accompagner la clarification et la transformation des repr\u00e9sentations par l\u2019imaginaire afin de questionner et faire \u00e9voluer la pratique des participants, notamment concernant leurs postures. L\u2019objet symbolique permet en effet d\u2019approfondir une question en passant par la m\u00e9taphore, puis par la r\u00e9sonance des symboles qui sont produits\/interpr\u00e9t\u00e9s par le collectif. L\u2019imaginaire du groupe vient donc enrichir ses repr\u00e9sentations en faisant \u00e9merger un symbole qui sera interpr\u00e9t\u00e9 ensuite par les participants.<\/p>\n<h6 style=\"text-align: justify;\"><strong>2.3 La posture d\u2019accompagnement guid\u00e9e par la philosophie<\/strong><\/h6>\n<p style=\"text-align: justify;\">Pour accompagner le d\u00e9veloppement professionnel des \u00e9tudiants, B. Alix s\u2019appuie sur ses convictions philosophiques, construites \u00e0 l\u2019\u00e9preuve du r\u00e9el, pour guider le groupe. C\u2019est par exemple une invitation kantienne<a href=\"#_ftn13\" name=\"_ftnref13\"><sup>[13]<\/sup><\/a> qui vient orienter sa d\u00e9marche pour faire \u00e9merger l\u2019autonomie de chaque participant. Il postule en effet que chaque sujet est un \u00ab\u00a0sujet moral\u00a0\u00bb au sein du groupe, chacun doit \u00eatre alors en capacit\u00e9 de se transcender par sa propre norme, trop souvent v\u00e9cue dans la dynamique d\u2019un syst\u00e8me de valeurs incorpor\u00e9 de fa\u00e7on pr\u00e9r\u00e9flexive.<\/p>\n<p style=\"text-align: justify;\">L\u2019enjeu est alors d\u2019identifier le sujet de l\u2019analyse de pratiques, de le reconna\u00eetre de fa\u00e7on g\u00e9n\u00e9rale, de le confronter aux autres, sans en faire des idoles, comme le sugg\u00e9rait Nietzsche (Nietzsche, 1983), afin de faire advenir une v\u00e9ritable \u00e9thique professionnelle. Pour cela, B. Alix consid\u00e8re l\u2019alt\u00e9rit\u00e9 de chaque individu en leur offrant la possibilit\u00e9 de prendre le statut de sujet d\u00e8s la premi\u00e8re rencontre.<\/p>\n<p style=\"text-align: justify;\">Les consignes de d\u00e9part visent donc \u00e0 leur donner ce statut en\u00a0:<\/p>\n<ul style=\"text-align: justify;\">\n<li>Proposant aux participants de ne pas dire ce qu\u2019ils n\u2019ont pas envie de dire ou de r\u00e9pondre s\u2019ils ne le d\u00e9sirent pas,<\/li>\n<li>Donnant \u00e0 chacun une libert\u00e9 de parole et garantissant un cadre de non-jugement dans le groupe,<\/li>\n<li>Proposant aux participants de formuler les interpr\u00e9tations sous forme d\u2019hypoth\u00e8ses\u00a0: <em>\u00ab\u00a0on peut penser que\u2026\u00a0\u00bb, \u00ab\u00a0il semblerait que\u2026\u00a0\u00bb <\/em>afin d&rsquo;\u00e9viter tout ph\u00e9nom\u00e8ne d\u2019opposition ou de domination au sein du groupe,<\/li>\n<li>Adoptant l\u2019objectivit\u00e9 comme m\u00e9thode d\u2019analyse\u00a0; on neutralise temporairement les biais cognitifs comme par exemple : le biais de confirmation, le biais de disponibilit\u00e9, l\u2019effet halo ou m\u00eame l\u2019effet Duning-Kruger<a href=\"#_ftn14\" name=\"_ftnref14\"><sup>[14]<\/sup><\/a> qui aboutissent \u00e0 la distorsion de la r\u00e9alit\u00e9 par rapport \u00e0 une pens\u00e9e logique et rationnelle.<\/li>\n<\/ul>\n<p style=\"text-align: justify;\">De plus, B. Alix veille \u00e0 la circularit\u00e9 de la parole du groupe en faisant \u00e9merger la parole au centre du collectif dont chacun est situ\u00e9 \u00e0 la p\u00e9riph\u00e9rie. Ainsi, chaque membre pourra porter la singularit\u00e9 de sa parole qui sera respect\u00e9e et port\u00e9e par le groupe. C\u2019est la position de chacun en tant que sujet qui favorise l\u2019\u00e9mancipation du sujet. C\u2019est l\u2019\u00e9thique que B. Alix porte \u00e0 autrui.<\/p>\n<p style=\"text-align: justify;\">L\u2019une des principales avanc\u00e9es de la ph\u00e9nom\u00e9nologie \u00e0 prendre en compte dans notre champ de pratiques de la formation r\u00e9side en effet, selon B. Alix, dans la dimension \u00e9thique de la pens\u00e9e critique de Levinas (Levinas, 2006). Celui-ci place toujours l\u2019individu dans la reconstitution de signification et non dans la simple interpr\u00e9tation d\u2019un monde donn\u00e9. En affirmant qu&rsquo;\u201d<em>autrui n\u2019est pas du monde<\/em>\u201d, il revendique, avec force, qu\u2019il faut sortir de l\u2019\u00eatre et que la conscience n\u2019est plus souveraine.<\/p>\n<p style=\"text-align: justify;\">De par sa nudit\u00e9 et sa vuln\u00e9rabilit\u00e9, autrui interpelle celui qui le consid\u00e8re en tant que sujet en pr\u00e9sentant la dimension de son infinitude non au-del\u00e0 du monde mais dans le monde, l\u00e0 o\u00f9 il (autrui) appara\u00eet et engage ma responsabilit\u00e9 \u00e0 son \u00e9gard sans aucune r\u00e9ciprocit\u00e9. L\u2019\u00e9thique des acteurs de la formation d\u2019adultes est alors vigoureusement questionn\u00e9e dans leur activit\u00e9 d\u2019accompagnement des apprenants. L\u2019analyse de pratiques est notamment le lieu de cette exp\u00e9rience d\u2019autrui dans sa pleine alt\u00e9rit\u00e9 dans la mesure o\u00f9 le dispositif et la posture de facilitateur seront port\u00e9s par une v\u00e9ritable m\u00e9diation \u00e0 l\u2019oppos\u00e9 de toute forme d\u2019interm\u00e9diation.<\/p>\n<h4 style=\"text-align: justify;\"><strong>3. L\u2019invitation du distanciel, une opportunit\u00e9 de d\u00e9veloppement<\/strong><\/h4>\n<p style=\"text-align: justify;\">Depuis 2020, le s\u00e9minaire se d\u00e9roulait en pr\u00e9sentiel, mais en 2018, le s\u00e9minaire a d\u00fb \u00eatre adapt\u00e9 pour \u00eatre mis au profit d\u2019\u00e9tudiants en Master 2 IPFA en formation exclusivement \u00e0 distance. En effet, cette nouvelle promotion (que nous nommerons M2@) a \u00e9t\u00e9 ins\u00e9r\u00e9e pour certaines unit\u00e9s d\u2019enseignement au dispositif originel (que nous nommerons M2). Le s\u00e9minaire a donc d\u00fb \u00eatre adapt\u00e9 pour que les \u00e9tudiants de M2@ soient inclus au s\u00e9minaire.<\/p>\n<p style=\"text-align: justify;\">B. Alix a saisi cette opportunit\u00e9 pour penser autrement son offre p\u00e9dagogique. Il a tout d\u2019abord r\u00e9alis\u00e9 un \u00e9tat des lieux du s\u00e9minaire pr\u00e9sentiel. Ceci lui a permis de repenser le processus de formation en diff\u00e9rentes s\u00e9quences permettant une hybridation num\u00e9rique. La promotion M2 \u00e9tant de dix-huit \u00e9tudiants et de M2@ de sept \u00e9tudiants, ils ont pu \u00eatre r\u00e9unis \u00e0 diff\u00e9rents moments du processus.<\/p>\n<p style=\"text-align: justify;\">Le tableau suivant fait \u00e9tat de la transformation qui a \u00e9t\u00e9 r\u00e9alis\u00e9e\u00a0:<\/p>\n<table width=\"605\">\n<tbody>\n<tr>\n<td style=\"border-style: solid; text-align: left; vertical-align: top;\" width=\"296\"><strong>S\u00e9quences habituelles<\/strong><\/td>\n<td style=\"border-style: solid; text-align: left; vertical-align: top;\" width=\"309\"><strong>Adaptations\/transformations r\u00e9alis\u00e9es<\/strong><\/td>\n<\/tr>\n<tr>\n<td style=\"border-style: solid; text-align: left; vertical-align: top;\" width=\"296\">\n<p>Les \u00e9tudiants rencontrent B. Alix qui\u00a0:<\/p>\n<p>\u21d2 Pr\u00e9sente le s\u00e9minaire,<\/p>\n<p>\u21d2 Pr\u00e9pare les participants \u00e0 la dimension ph\u00e9nom\u00e9nologique.<\/p>\n<p>Objectif : constitution d\u2019un groupe contenant<\/td>\n<td style=\"border-style: solid; text-align: left; vertical-align: top;\" width=\"309\">\n<p>Le contenu est le m\u00eame.<\/p>\n<p>Le temps est en pr\u00e9sentiel pour les M2 et en distanciel synchrone pour les M2@.<\/td>\n<\/tr>\n<tr>\n<td style=\"border-style: solid; text-align: left; vertical-align: top;\" width=\"296\">Les \u00e9tudiants participent \u00e0 quatre ou cinq s\u00e9ances d\u2019APP anim\u00e9es par B. Alix.<\/td>\n<td style=\"border-style: solid; text-align: left; vertical-align: top;\" width=\"309\">\n<p>Les \u00e9tapes sont les m\u00eames.<\/p>\n<p>Le temps est en pr\u00e9sentiel pour les deux premi\u00e8res s\u00e9ances pour les M2 et en distanciel pour les M2@.<\/p>\n<p>Les s\u00e9ances suivantes sont toutes r\u00e9alis\u00e9es en distanciel en r\u00e9unissant les M2 et M2@.<\/td>\n<\/tr>\n<tr>\n<td style=\"border-style: solid; text-align: left; vertical-align: top;\" width=\"296\">Les \u00e9tudiants \u00e9laborent un objet symbolique en groupe de deux \u00e0 trois \u00e9tudiants<\/td>\n<td style=\"border-style: solid; text-align: left; vertical-align: top;\" width=\"309\">\n<p>L\u2019\u00e9laboration est identique.<\/p>\n<p>Les groupes sont constitu\u00e9s des M2 et M2@, ils \u00e9laborent leur objet et le d\u00e9posent sous forme de photographie ou de vid\u00e9o sur la plateforme Moodle.<\/td>\n<\/tr>\n<tr>\n<td style=\"border-style: solid; text-align: left; vertical-align: top;\" width=\"296\">\n<p>Une interpr\u00e9tation spontan\u00e9e est r\u00e9alis\u00e9e par les autres \u00e9tudiants,<\/p>\n<p>L\u2019intention des concepteurs de l\u2019objet est pr\u00e9sent\u00e9e,<\/p>\n<p>Une mise en r\u00e9sonance des diff\u00e9rents objets symboliques est r\u00e9alis\u00e9e en lien avec la posture d\u2019accompagnement et le m\u00e9tier de formateur en pr\u00e9sentiel.<\/p>\n<p>Un contrepoint final (ajout\u00e9 \u00e0 celui des s\u00e9ances) vient conclure l\u2019ensemble du s\u00e9minaire.<\/td>\n<td style=\"border-style: solid; text-align: left; vertical-align: top;\" width=\"309\">\n<p>L\u2019interpr\u00e9tation spontan\u00e9e est r\u00e9alis\u00e9e sous forme de forum,<\/p>\n<p>La pr\u00e9sentation de l\u2019intention des concepteurs est r\u00e9alis\u00e9e en pr\u00e9sentiel pour les M2 et en distanciel synchrone pour les M2@,<\/p>\n<p>La mise en r\u00e9sonance est r\u00e9alis\u00e9e avec les m\u00eames modalit\u00e9s dans un autre temps,<\/p>\n<p>Le contrepoint final est r\u00e9alis\u00e9 sous forme orale puis sous forme r\u00e9dig\u00e9e.<\/td>\n<\/tr>\n<tr>\n<td style=\"border-style: solid; text-align: left; vertical-align: top;\" width=\"296\">Les \u00e9tudiants \u00e9laborent un travail r\u00e9dactionnel individuel de r\u00e9flexion sur le s\u00e9minaire et la production de sch\u00e8mes d\u2019action (Sonntag, 2002)<a href=\"#_ftn15\" name=\"_ftnref15\"><sup>[15]<\/sup><\/a>.<\/td>\n<td style=\"border-style: solid; text-align: left; vertical-align: top;\" width=\"309\">Les modalit\u00e9s sont les m\u00eames, le document est d\u00e9pos\u00e9 sur la plateforme Moodle.<\/td>\n<\/tr>\n<\/tbody>\n<\/table>\n<p>&nbsp;<\/p>\n<p style=\"text-align: justify;\">Concernant les s\u00e9ances d\u2019APP \u00e0 distance, des am\u00e9nagements ont \u00e9t\u00e9 n\u00e9cessaires. Les diff\u00e9rentes phases ont \u00e9t\u00e9 adapt\u00e9es avec le souci de maintenir voire d\u2019accro\u00eetre la qualit\u00e9 du dispositif qui se r\u00e9partit en 6 temps :<\/p>\n<ol style=\"text-align: justify;\">\n<li><strong><em>Le choix de la situation<\/em><\/strong> : elle s\u2019effectue en pr\u00e9sentiel ou distanciel. Les personnes d\u00e9sirant pr\u00e9senter une situation se proposent, le groupe choisi apr\u00e8s discussion quelle sera la situation pr\u00e9sent\u00e9e.<\/li>\n<li><strong><em>Le r\u00e9cit par le narrateur<\/em><\/strong> : la situation est pr\u00e9sent\u00e9e sous forme d\u2019enregistrement audio ou vid\u00e9o de dix minutes, il d\u00e9pose celle-ci sur la plateforme Moodle de l\u2019universit\u00e9.<\/li>\n<li><strong><em>La phase de questions <\/em><\/strong><em>:<\/em> accessible sur la plateforme, le groupe visionne la vid\u00e9o et pose ses questions de clarification sur le forum d\u00e9di\u00e9 \u00e0 cet effet. Cette phase dure cinq jours. Le narrateur r\u00e9pond aux questions au fur et \u00e0 mesure via le forum. Le groupe suit les \u00e9changes au fur et \u00e0 mesure et intervient tout au long du processus de questionnement.<\/li>\n<li><strong><em>La phase d\u2019hypoth\u00e8ses <\/em><\/strong>: B. Alix propose aux \u00e9tudiants de r\u00e9aliser cette phase en deux groupes distincts pour optimiser les \u00e9changes (les M2 et M2@ sont dans un m\u00eame groupe). Ils se r\u00e9unissent donc en visio \u00e0 deux moments diff\u00e9rents car le narrateur et l\u2019animateur sont pr\u00e9sents \u00e0 ces deux temps. Le narrateur et l\u2019animateur pr\u00e9sentent tout d\u2019abord de nouveau la situation. Les hypoth\u00e8ses de compr\u00e9hension sont ensuite propos\u00e9es par le groupe.<\/li>\n<li><strong><em>Le retour au narrateur<\/em><\/strong>. Le temps final de retour au groupe et au narrateur se r\u00e9alise en fin de cette s\u00e9ance.<\/li>\n<li><strong><em>Le contrepoint de la situation : <\/em><\/strong>propos\u00e9 par B. Alix, il peut se pr\u00e9senter de diff\u00e9rentes mani\u00e8res ; sous forme de document r\u00e9dig\u00e9 ou de PowerPoint sonoris\u00e9 \u00e0 r\u00e9cup\u00e9rer sur la plateforme ou sous forme de classe virtuelle organis\u00e9e au d\u00e9but de la future s\u00e9ance.<\/li>\n<\/ol>\n<p style=\"text-align: justify;\">Les diff\u00e9rentes phases de la s\u00e9ance sont donc \u00e9chelonn\u00e9es sur une semaine.<\/p>\n<h4 style=\"text-align: justify;\"><strong>4. Notre exp\u00e9rience, une convergence de points de vue<\/strong><\/h4>\n<p style=\"text-align: justify;\">Cette derni\u00e8re partie a pour vocation de pr\u00e9senter l\u2019analyse que nous faisons du dispositif. Les deux premi\u00e8res parties traiteront de notre exp\u00e9rience de l\u2019analyse de pratiques en tant qu\u2019\u00e9tudiants du Master 2 IPFA car nous avons tous deux \u00e9t\u00e9 participants et narrateurs de s\u00e9ance. La troisi\u00e8me partie fera l\u2019objet de l\u2019analyse crois\u00e9e que nous en avons faite \u00e0 trois.<\/p>\n<p style=\"text-align: justify;\">Nous avons choisi d\u2019orienter notre retour d&rsquo;exp\u00e9rience vers la probl\u00e9matique abord\u00e9e : <em>l\u2019accompagnement de la transformation des dispositions et des postures des personnes issues des m\u00e9tiers de la formation et la garantie d\u2019une m\u00eame qualit\u00e9 de formation face aux contraintes organisationnelles induites par ce contexte.<\/em><\/p>\n<h6 style=\"text-align: justify;\"><strong>4.1 La mont\u00e9e en g\u00e9n\u00e9ralit\u00e9 a de multiples vertus\u00a0<\/strong><\/h6>\n<p style=\"text-align: justify;\">Tout d\u2019abord, nous retenons que la participation \u00e0 des s\u00e9ances d\u2019APP a \u00e9lev\u00e9 notre r\u00e9flexion au-del\u00e0 d\u2019une simple \u00e9tude de cas gr\u00e2ce aux phases suivantes :<\/p>\n<ul style=\"text-align: justify;\">\n<li><em>La phase d\u2019exposition et la phase de clarification<\/em> car elles ont permis au groupe d\u2019accueillir et d\u2019explorer la situation avec empathie, sans interpr\u00e9tation et avec le souci de favoriser la meilleure explication possible du contexte, ce qui permet \u00e0 l\u2019exposant d\u2019\u00eatre s\u00e9curis\u00e9 dans cette phase de \u201cmise \u00e0 nu\u201d. Nous avons observ\u00e9 en effet que les \u00e9coutants sont ouverts et r\u00e9ceptifs face au r\u00e9cit porteur d\u2019affectivit\u00e9 mais aussi \u00e0 l\u2019\u00e9coute de leurs propres \u00e9motions en se laissant perturb\u00e9s par le propos qu\u2019ils accueillent. Cette posture fondatrice de la d\u00e9marche ph\u00e9nom\u00e9nologique demande \u00e0 mettre entre parenth\u00e8ses la tentation de trouver imm\u00e9diatement du sens pour compenser les perturbations engendr\u00e9es par l\u2019expos\u00e9.<\/li>\n<li><em>La phase d\u2019hypoth\u00e8ses<\/em> nous a permis d\u2019interpr\u00e9ter\u00a0librement mais en neutralit\u00e9 la situation en s\u2019appuyant sur les diff\u00e9rents mat\u00e9riaux \u00e9merg\u00e9s tels que le ressenti, les valeurs, l\u2019exp\u00e9rience ou les connaissances. Il s\u2019agit ici de produire du sens, sans porter des jugements de v\u00e9rit\u00e9, mais en s\u2019inscrivant dans la construction d\u2019une interpr\u00e9tation collective.<\/li>\n<\/ul>\n<p style=\"padding-left: 40px; text-align: justify;\">Ces deux phases permettent selon nous, de mener une r\u00e9flexion sur notre propre processus de pens\u00e9e que nous pouvons appeler la m\u00e9tacognition. Cette phase de r\u00e9flexivit\u00e9 nous apprend \u00e0 \u00e9couter soigneusement le r\u00e9cit de l\u2019autre, la chronologie des faits\u00a0ainsi que le sens que l\u2019apprenant donne \u00e0 son histoire. Les s\u00e9ances offrent \u00e9galement la possibilit\u00e9 de questionner la perception des situations que nous vivons, notamment dans notre capacit\u00e9 \u00e0 reformuler ce que l\u2019on ressent \u00e0 l\u2019instant T et de mettre en mots ce qui \u00e9tait souvent invisible \u00e0 nos yeux. Elles d\u00e9veloppent \u00e9galement notre ma\u00eetrise de la r\u00e9solution de probl\u00e8mes en nous permettant notamment de s\u00e9lectionner l\u2019heuristique qui se rapproche le plus de la situation.<\/p>\n<ul style=\"text-align: justify;\">\n<li><em>Le contrepoint<\/em> nous a permis de mieux appr\u00e9hender les concepts qui nous paraissaient auparavant insaisissables. En effet, selon Raymond Aron : \u201c<em>le concept nous sert \u00e0 saisir certains ph\u00e9nom\u00e8nes et \u00e0 voir clair dans notre pens\u00e9e\u201d <\/em>(Aron, 1955). Par exemple, B. Alix insistait sur la question de la perception de la r\u00e9alit\u00e9 en mobilisant l\u2019histoire de la philosophie de la perception. Il pouvait nous parler du concept de conatus chez Spinoza (Spinoza, 2004) pour \u00e9voquer l\u2019effort d\u2019une formatrice dans l\u2019accompagnement de sa stagiaire en difficult\u00e9, notamment sa capacit\u00e9 \u00e0 pers\u00e9v\u00e9rer dans son \u00eatre en suivant son cheminement int\u00e9rieur tout en questionnant sa posture \u00e9thique de formatrice. Dans une autre situation, il a r\u00e9pondu \u00e0 une interrogation d\u2019une participante sur un reproche assez classique que l\u2019on entend aupr\u00e8s des salari\u00e9s face \u00e0 l\u2019institution. La critique est la suivante : elle consid\u00e8re l\u2019institution en d\u00e9connection du terrain et dans l&rsquo;incapacit\u00e9 de comprendre ce que chacun vit au quotidien dans son activit\u00e9. Ici encore, B. Alix monte en g\u00e9n\u00e9ralit\u00e9 en mobilisant les cat\u00e9gories de l\u2019analyse des institutions pour d\u00e9gager notamment les paradoxes dans lesquels se retrouvent les professionnels dans leur activit\u00e9 emp\u00each\u00e9e pour r\u00e9pondre aux demandes de leur environnement.\u00a0Il pouvait citer le sociologue Erving Goffman (Goffman, 1968) qui analyse l&rsquo;alt\u00e9rit\u00e9 et les \u00e9changes dirigeants-dirig\u00e9s en expliquant que les \u00e9changes entre les deux groupes sont restreints car ils ont des repr\u00e9sentations totalement erron\u00e9es des activit\u00e9s que chacun exerce. Parfois, ils peuvent instituer des \u00ab barri\u00e8res \u00bb entre ces groupes qui peuvent \u00eatre institu\u00e9es par l\u2019institution ou les individus eux-m\u00eames. Ces barri\u00e8res et ces \u00ab limitations de contact \u00bb entre les deux groupes, entretiennent des images st\u00e9r\u00e9otyp\u00e9es et antagonistes entre eux. De nouveau, la mont\u00e9e en g\u00e9n\u00e9ralit\u00e9 nous pousse \u00e0 d\u00e9passer nos raisonnements instinctifs et encourage \u00e0 nous questionner sur l\u2019image que nous avons de l\u2019institution ou de ce que l\u2019on nomme \u201cle terrain\u201d.<\/li>\n<\/ul>\n<p style=\"text-align: justify;\">Enfin, la participation \u00e0 des s\u00e9ances d\u2019analyse de pratiques nous a form\u00e9s \u00e0 l\u2019esprit critique, une comp\u00e9tence qui nous semble fondamentale pour \u0153uvrer dans le milieu de la formation pour adultes. Ses b\u00e9n\u00e9fices sont d&rsquo;\u00e9tendre notamment notre capacit\u00e9 \u00e0 r\u00e9soudre des probl\u00e8mes complexes, \u00e0 travailler sur des projets ouverts en collaboration, \u00e0 focaliser notre attention sur notre environnement de travail, \u00e0 nouer des relations avec les autres, \u00e0 nous mettre \u00e0 leur place, \u00e0 communiquer, \u00e0 d\u00e9battre efficacement sur les normes ou les crit\u00e8res de m\u00e9tiers et \u00e0 r\u00e9fl\u00e9chir de mani\u00e8re ind\u00e9pendante et objective. Ce sont des comp\u00e9tences recherch\u00e9es sur le march\u00e9 de la formation\u00a0; les \u00e9quipes p\u00e9dagogiques accordent en effet de la valeur \u00e0 ces profils qui peuvent correspondre \u00e0 des postes de direction.<\/p>\n<h6 style=\"text-align: justify;\"><strong>4.2 La temporalit\u00e9 du distanciel, un v\u00e9ritable alli\u00e9 de la r\u00e9flexivit\u00e9<\/strong><\/h6>\n<p style=\"text-align: justify;\">Ayant particip\u00e9 avant la formation en Master 2 \u00e0 des s\u00e9ances d\u2019APP en tant que narratrice et membre du groupe, St\u00e9phanie a \u00e9t\u00e9 surprise de l\u2019effet g\u00e9n\u00e9r\u00e9 par le dispositif d\u2019analyse de pratiques mis en place par B. Alix en distanciel. La situation qu\u2019elle a choisie de pr\u00e9senter \u00e9tait une situation r\u00e9currente qui s&rsquo;invitait r\u00e9guli\u00e8rement dans son quotidien professionnel de formatrice en Institut de formation en soins infirmiers. Les perspectives de r\u00e9solution de ce type de situation \u00e9taient toujours les m\u00eames, \u00e0 savoir confronter l\u2019\u00e9tudiant(e) \u00e0 ses difficult\u00e9s comportementales en tant que stagiaire dans un collectif de travail n\u00e9cessitant une grande collaboration. \u00c9thiquement parlant, ce type d\u2019accompagnement n\u2019\u00e9tait pas id\u00e9al car il pr\u00e9sentait une certaine violence pour l\u2019\u00e9tudiant(e) qui doit faire face \u00e0 une certaine r\u00e9alit\u00e9 qu\u2019il\/elle ne comprend pas toujours.<\/p>\n<p style=\"text-align: justify;\">Plusieurs \u00e9l\u00e9ments ont \u00e9t\u00e9 favorables au travail de d\u00e9construction de la situation :<\/p>\n<ul style=\"text-align: justify;\">\n<li>La pr\u00e9sentation de l\u2019enregistrement vid\u00e9o de dix minutes permet de clarifier sa pr\u00e9sentation en amont pour qu\u2019elle soit claire et concise.<\/li>\n<li>Les questions de clarification qui interrogent en profondeur la situation puisqu\u2019elles s\u2019\u00e9chelonnent sur cinq jours. Le\/la narrateur(trice) a donc le temps de cheminer et d\u2019optimiser son explicitation de la situation. Il\/elle va \u201crevivre\u201d la situation pendant tout ce temps. Habituellement, la phase de clarification par les questions dure vingt \u00e0 trente minutes environ. Le temps d\u2019abstraction est potentialis\u00e9.<\/li>\n<li>Les hypoth\u00e8ses de compr\u00e9hension sont r\u00e9alis\u00e9es en distanciel en pr\u00e9sence de deux groupes diff\u00e9rents, ce qui permet au narrateur(trice) d\u2019approfondir l\u2019abstraction par l\u2019approche diff\u00e9renci\u00e9e et compl\u00e9mentaire des deux groupes, ce qui permet une analyse en profondeur de la situation.<\/li>\n<\/ul>\n<p style=\"text-align: justify;\">Pour St\u00e9phanie, le dispositif tel qu\u2019il est con\u00e7u lui a permis de comprendre qu\u2019elle \u00e9tait souvent d\u00e9positaire de la vuln\u00e9rabilit\u00e9 et de l\u2019incompr\u00e9hension de l\u2019\u00e9tudiant(e), ce qui la mettait le plus souvent en conflit de valeurs (accompagnement\/confrontation \u00e0 la r\u00e9alit\u00e9). L\u2019APP a \u00e9t\u00e9 d\u00e9terminante dans l\u2019\u00e9volution de sa pratique puisqu\u2019elle a pu mettre en place des actions concr\u00e8tes. R\u00e9alis\u00e9e \u00e0 partir de l\u2019explication de l\u2019\u00e9tudiante, une prise de note \u00e0 partir d\u2019un support \u00e9crit a \u00e9t\u00e9 utilis\u00e9e. Celle-ci a \u00e9t\u00e9 consid\u00e9r\u00e9e comme le m\u00e9dia interm\u00e9diaire de la parole de l\u2019autre. Le document final a \u00e9t\u00e9 pr\u00e9sent\u00e9 \u00e0 l\u2019\u00e9tudiante concern\u00e9e et lui a \u00e9t\u00e9 remis en fin de s\u00e9ance.\u00a0Cette pratique a eu un effet tr\u00e8s positif sur l\u2019\u00e9tudiante qui a pu faire \u00e9voluer son regard sur elle-m\u00eame. Gr\u00e2ce \u00e0 l\u2019adaptation de cette pratique, St\u00e9phanie a pu rester dans une d\u00e9marche d\u2019accompagnement bienveillante et l\u2019\u00e9tudiante a pu poursuivre son parcours de mani\u00e8re plus conscientis\u00e9e.<\/p>\n<h6 style=\"text-align: justify;\"><strong>4.3 Ce que le distanciel transforme au sein du s\u00e9minaire<\/strong><\/h6>\n<p style=\"text-align: justify;\"><em>Il potentialise le sentiment de \u201cl\u00e2cher prise\u201d des participants et de l\u2019animateur\u00a0:<\/em><\/p>\n<p style=\"text-align: justify;\">Les premi\u00e8res s\u00e9ances virtuelles ont \u00e9t\u00e9 exclusivement r\u00e9alis\u00e9es en audio pour des questions de r\u00e9seau internet. Le \u201cchat\u201d<a href=\"#_ftn16\" name=\"_ftnref16\"><sup>[16]<\/sup><\/a>\u00a0a donc \u00e9t\u00e9 utilis\u00e9 pour r\u00e9guler les \u00e9changes et la prise de parole, ce qui a modifi\u00e9 la dynamique d\u2019animation. L\u2019animateur avait en effet moins de lisibilit\u00e9 sur ce qui se passe d\u2019habitude face au groupe et a d\u00fb accepter que le groupe soit encore plus \u00ab\u00a0indisponible\u00a0\u00bb, selon l\u2019expression d\u2019Hartmut Rosa (Rosa, 2020), car il n\u2019a pas le contr\u00f4le par le regard. Le distanciel accentue l\u2019absence d&rsquo;interaction visuelle vis-\u00e0-vis des participants, la communication non verbale \u00e9tant totalement exclue avec uniquement l\u2019audio. L\u2019attention se focalise donc davantage sur la parole de l\u2019autre, comme une s\u00e9ance en pr\u00e9sentiel qui aurait lieu les yeux band\u00e9s. Ceci potentialise selon nous l\u2019\u00e9coute et la libert\u00e9 de parole \u00ab sans le regard des autres \u00bb.<\/p>\n<p style=\"text-align: justify;\"><em>Il potentialise le sentiment d\u2019intimit\u00e9\u00a0:<\/em><\/p>\n<p style=\"text-align: justify;\">En visioconf\u00e9rence, l\u2019animateur n\u2019a pas la m\u00eame influence sur le groupe qu\u2019en pr\u00e9sentiel ; les rapports sont, semble-t-il, plus distants du fait de la d\u00e9mat\u00e9rialisation. Chacun chez soi, les participants semblent avoir un sentiment d\u2019intimit\u00e9 plus important, peut-\u00eatre un sentiment de s\u00e9curit\u00e9 optimis\u00e9 : ils peuvent se d\u00e9connecter, fermer le son, le microphone et se retrouver dans une \u201cbulle\u201d ou une \u201czone s\u00e9curitaire\u201d qui est leur environnement propre. Les participants n\u2019\u00e9tant plus d\u2019une certaine mani\u00e8re dans l\u2019espace universitaire mais dans leur environnement personnel, leurs comportements se trouvent davantage d\u00e9termin\u00e9s par une identit\u00e9 personnelle.<\/p>\n<p style=\"text-align: justify;\"><em>Il transforme le rapport des participants \u00e0 leur propre image\u00a0:<\/em><\/p>\n<p style=\"text-align: justify;\">L\u2019image de soi qui appara\u00eet \u00e0 l\u2019\u00e9cran peut \u00eatre v\u00e9cue comme une certaine contrainte pour les participants du fait de l\u2019objectivation de soi \u00e0 soi-m\u00eame, ce que le pr\u00e9sentiel n\u2019introduit pas. Chacun est donc r\u00e9duit \u00e0 son visage comme portant un masque, ce qui peut placer le participant en tant qu\u2019objet sous son propre regard et celui d\u2019autrui qu\u2019il ne per\u00e7oit pas. Si la situation en distanciel prot\u00e8ge, comme l\u2019id\u00e9e de \u201cbarri\u00e8re\u201d vu pr\u00e9c\u00e9demment, cette derni\u00e8re peut aussi agresser. Elle peut \u00e9galement placer certains dans la position passive d\u2019un \u201c\u00eatre pour autrui\u201d, la parole d&rsquo;autrui \u00e9tant en effet moins contrainte par l\u2019outil virtuel.<\/p>\n<p style=\"text-align: justify;\">Le respect des r\u00e8gles de prises de paroles exige donc une vigilance bien plus grande en distanciel audio (cam\u00e9ra \u00e9teinte) d\u2019autant plus que le non-verbal, qui ne se r\u00e9duit pas \u00e0 l\u2019expression du visage, n\u2019est plus une ressource pour appr\u00e9cier la r\u00e9ception du message.<\/p>\n<p style=\"text-align: justify;\"><em>Il transforme la dynamique de groupe\u00a0:<\/em><\/p>\n<p style=\"text-align: justify;\">Le collectif qui se caract\u00e9rise toujours par sa dimension virtuelle \u00e0 la diff\u00e9rence des individus est plus difficile \u00e0 faire \u00e9merger au-del\u00e0 de son niveau d\u2019agr\u00e9gat du fait de la distance inter-transactionnelle si le collectif ne s\u2019est pas constitu\u00e9 en pr\u00e9sentiel pr\u00e9c\u00e9demment. La pens\u00e9e collective se construit par les interactions et les interpr\u00e9tations propos\u00e9es mais la dynamique de groupe ralentie par l\u2019isolement physique rend difficile l\u2019unit\u00e9 collective. De ce fait, les attitudes de retrait sont plus difficiles \u00e0 anticiper pour l\u2019animateur et la dynamique de groupe \u00e0 soutenir sans le non-verbal. Le risque de d\u00e9crochage est \u00e9galement plus grand.<\/p>\n<p style=\"text-align: justify;\">Certes le dispositif est en distanciel mais les r\u00e8gles de bonne conduite s\u2019appliquent, de ce fait il est fortement conseill\u00e9 de constituer des petits groupes (inf\u00e9rieurs \u00e0 quinze personnes) afin de garantir l\u2019application d\u2019un cadre formel respectant les r\u00e8gles \u00e9thiques qui s\u2019appliquent \u00e0 un groupe en analyse de pratiques (non-jugement, engagement, confidentialit\u00e9\u2026).<\/p>\n<p style=\"text-align: justify;\"><em>Il n\u00e9cessite un agir en comp\u00e9tence de l\u2019animateur et des participants dans un environnement num\u00e9rique\u00a0:<\/em><\/p>\n<p style=\"text-align: justify;\">Le passage d\u2019un dispositif pr\u00e9sentiel en distanciel ne se r\u00e9duit pas \u00e0 une simple d\u00e9clinaison m\u00e9canique du dispositif d\u2019origine dans un environnement num\u00e9rique. Pour qu\u2019un dispositif num\u00e9rique soit une ressource d\u2019apprentissage, la clarification des composantes des activit\u00e9s p\u00e9dagogiques est essentielle pour identifier les freins ou les plus-values de la mobilisation du support num\u00e9rique mobilis\u00e9. Par exemple, il ne suffit pas de transformer l\u2019exposition du r\u00e9cit d\u2019une pratique en pr\u00e9sentiel par une pr\u00e9sentation diff\u00e9rente \u00e0 l\u2019aide d\u2019une vid\u00e9o. Il s\u2019agit d\u2019identifier les conditions qui vont favoriser cette nouvelle activit\u00e9. L\u2019animateur doit \u00eatre \u00e9galement conscient des effets g\u00e9n\u00e9r\u00e9s par l\u2019usage de chacun des outils (sondage, vid\u00e9o, documents de pr\u00e9sentation ppt, etc.) utilis\u00e9s lors des s\u00e9ances et d\u2019en \u00eatre garant dans un contexte favorisant leur d\u00e9veloppement professionnel.<\/p>\n<p style=\"text-align: justify;\">C\u2019est de l\u2019agir en comp\u00e9tence pour analyser des apprenants dont il est question.\u00a0 Ainsi les six moments du protocole de l\u2019analyse de pratiques (\u00e9coute de l\u2019exposant, clarification de la situation, construction des hypoth\u00e8ses, retour sur les hypoth\u00e8ses, mont\u00e9e en g\u00e9n\u00e9ralit\u00e9) demandent la mobilisation de postures diff\u00e9rentes par les apprenants.<\/p>\n<p style=\"text-align: justify;\">Quoi qu&rsquo;il en soit, l\u2019essentiel est la capacit\u00e9 de contenance du collectif par l\u2019animateur, plus difficile en situation de distanciel, afin de pouvoir faciliter cette activit\u00e9 de \u201ctenir conseil\u201d, propos\u00e9 par Lhotellier (2001) Les moments d\u2019inclusion sont alors pr\u00e9cieux \u00e0 ma\u00eetriser.<\/p>\n<h4 style=\"text-align: justify;\"><strong>5. Conclusion<\/strong><\/h4>\n<p style=\"text-align: justify;\">Un s\u00e9minaire d\u2019analyse de pratiques conduit partiellement en distanciel n\u00e9cessite donc de questionner les conditions de possibilit\u00e9 favorisant l\u2019\u00e9mergence d\u2019un environnement capacitant (Sen, 2004) pour ce type de dispositif r\u00e9flexif. Identifier les facteurs de conversion et d\u2019obstacles qui permettront de transformer les dispositions et les ressources des participants en pouvoir d\u2019expression, d\u2019analyse et de construction d\u2019une pens\u00e9e collective portant sur une situation professionnelle, voire la transformation de l\u2019imaginaire des participants qui s\u2019y engagent librement est donc une activit\u00e9 n\u00e9cessaire et pr\u00e9alable de l\u2019animateur en tenant en compte des caract\u00e9ristiques du public impliqu\u00e9 dans cette d\u00e9marche, notamment en mati\u00e8re de ma\u00eetrise des usages num\u00e9riques.<\/p>\n<p style=\"text-align: justify;\">Animer un s\u00e9minaire en distanciel mobilise donc pour l\u2019animateur un temps plus important de pr\u00e9paration, mais aussi de production de ressources en synchrone ou en asynchrone, ce que les commanditaires ne per\u00e7oivent pas toujours. Il est \u00e0 remarquer que l\u2019improvisation en distanciel est moins ais\u00e9e. R\u00e9aliser un contrepoint expos\u00e9 en pr\u00e9sentiel laisse une marge de man\u0153uvre, d\u2019adaptation \u00e0 l\u2019auditoire, bien plus grande que sur un contrepoint port\u00e9 par un diaporama comment\u00e9 et d\u00e9pos\u00e9 sur une plateforme. L\u2019interaction de l&rsquo;enseignant et des participants permet en effet de r\u00e9aliser des \u00e9changes empathiques, d\u2019avoir une attention focalis\u00e9e les uns envers les autres de mani\u00e8re \u00e0 ce que la dynamique de groupe puisse garder sa m\u00eame intensit\u00e9.<\/p>\n<p style=\"text-align: justify;\">C\u2019est donc ce couplage entre l\u2019animateur et les participants qui ne se construit pas avec les m\u00eames ressources que celles qui sont utilis\u00e9es en pr\u00e9sentiel. Ce qui fait principalement d\u00e9faut dans le distanciel, c\u2019est la pr\u00e9sence du corps, ce manque d\u2019incarnation qui renvoie notamment \u00e0 ce visage qui ne peut se r\u00e9duire \u00e0 une simple image objet, mais qui par sa pleine alt\u00e9rit\u00e9 en pr\u00e9sence exige une pleine reconnaissance. Dans ce cas, le tout distanciel ne comporte-t-il pas des risques, notamment en termes de limitation de la transformation identitaire ?<\/p>\n<p style=\"text-align: justify;\">Se former est un acte de libert\u00e9, si le distanciel rend possible la rupture avec l\u2019enfermement des soci\u00e9t\u00e9s disciplinaires obnubil\u00e9es par la ma\u00eetrise des corps pour mieux les oublier, les soci\u00e9t\u00e9s de contr\u00f4le sur lesquelles nous ouvrent les dispositifs en distanciel ne doivent pas pour autant favoriser l\u2019ali\u00e9nation des apprenants par des modalit\u00e9s de contr\u00f4les de leurs apprentissages (donn\u00e9es de tracking<a href=\"#_ftn17\" name=\"_ftnref17\"><sup>[17]<\/sup><\/a>, enregistrement\u2026). L\u2019outil pourrait nous y inviter.<\/p>\n<p style=\"text-align: justify;\">L\u2019analyse des pratiques a pour vocation l\u2019\u00e9mancipation des participants par la r\u00e9flexivit\u00e9\u00a0; l\u2019instrumentalisation des espaces de formation par les outils num\u00e9riques est donc un point de vigilance de chaque instant.<\/p>\n<p><strong>R\u00e9f\u00e9rences bibliographiques<\/strong><\/p>\n<p>Alix, B. (2016). Les racines philosophiques de l\u2019Apprenance. In <em>Autour de l\u2019Apprenance, revue Education permanente<\/em> n\u00b010, 73-80.<br \/>\n<a href=\"http:\/\/www.education-permanente.fr\/public\/articles\/articles.php\">http:\/\/www.education-permanente.fr\/public\/articles\/articles.php<\/a>.<\/p>\n<p>Aron, R. (1955). <em>L\u2019opium des intellectuels<\/em>. Editions<a href=\"https:\/\/fr.wikipedia.org\/wiki\/Calmann-L%C3%A9vy\"> Calmann-L\u00e9vy<\/a>.<\/p>\n<p>Atlan, H. (2006). <em>L\u2019organisation biologique et la th\u00e9orie de l\u2019information<\/em>. Editions Hermann, Seuil.<\/p>\n<p>Deleuze, G. (1991). \u201c2. Le plan d&rsquo;immanence\u00a0\u00bb In. Qu&rsquo;est-ce<em> que la philosophie ? <\/em>\u00c9ditions de minuit.<\/p>\n<p>Dubar, C. (2000). <em>La crise des identit\u00e9s, L&rsquo;interpr\u00e9tation d&rsquo;une mutation<\/em>. Le lien social. Editions PUF.<\/p>\n<p>Fumat Y., Etienne R., Vincens C. (2003). <em>Analyser les situations \u00e9ducatives<\/em>. Editions ESF.<\/p>\n<p>Goffman, E. (1968) \u201cAsiles. \u00c9tudes sur la condition sociale des malades mentaux\u201d. Pr\u00e9sentation de Robert Castel, traduction fran\u00e7aise. Editions de Minuit.<\/p>\n<p>Rosa, H. (2020). <em>Rendre le monde indisponible.<\/em> Editions La D\u00e9couverte.<\/p>\n<p>Hegel, GWF. (1982). <em>La philosophie de l&rsquo;esprit<\/em>, traduction Planty-Bonjour. Editions PUF.<\/p>\n<p>Hugues, E.C. (1958). <em>Men at their Work<\/em>. Editions The Free Press.<\/p>\n<p>Kant, E. (1985). <em>Fondements de la m\u00e9taphysique des m\u0153urs<\/em>. In <em>\u0152uvres philosophiques <\/em>II. \u00c9ditions Gallimard\/Biblioth\u00e8que De La Pl\u00e9iade, N\u00b0 317.<\/p>\n<p>Kruger, J. Dunning, D. (2009). Unskilled and Unaware of It: How Difficulties in Recognizing One&rsquo;s Own Incompetence Lead to Inflated Self-Assessments. In <em>Psychology,\u00a0 n\u00b0 1, 30-46. <\/em><a href=\"https:\/\/www.researchgate.net\/publication\/12688660_Unskilled_and_Unaware_of_It_How_Difficulties_in_Recognizing_One%27s_Own_Incompetence_Lead_to_Inflated_Self-Assessments\">https:\/\/www.researchgate.net\/publication\/12688660_Unskilled_and_Unaware_of_It_How_Difficulties_in_Recognizing_One%27s_Own_Incompetence_Lead_to_Inflated_Self-Assessments<\/a><\/p>\n<p>Levinas, E. (2006). <em>Totalit\u00e9 et infini &#8211; Essai Sur L&rsquo;ext\u00e9riorit\u00e9<\/em>. Edition Lgf\/Le Livre De Poche.<\/p>\n<p>Lhotellier, A. (2001). <em>Tenir conseil, D\u00e9lib\u00e9rer pour agir<\/em>. Collection Perspective soignante. Editions Seli Arslan.<\/p>\n<p>Mauss, M. (2007). <em>Essai sur le don. Forme et raison de l&rsquo;\u00e9change dans les soci\u00e9t\u00e9s archa\u00efques.<\/em> Editions PUF. Collection Quadrige Grands textes.<\/p>\n<p>Merleau-Ponty, M. (2005). <em>Ph\u00e9nom\u00e9nologie de la perception<\/em>. \u00c9ditions Gallimard.<\/p>\n<p>Nietzsche, F. (1983). <em>Cr\u00e9puscule des idoles<\/em>. In Profil formation, Editions Hatier.<\/p>\n<p>Peraya, D., Charlier, B. &amp; Deschryver, N. (2014). Une premi\u00e8re approche de l&rsquo;hybridation. In <em>Education et formation<\/em>, N\u00b0 301, pp. 15-34. <a href=\"https:\/\/archive-ouverte.unige.ch\/unige:37049\">https:\/\/archive-ouverte.unige.ch\/unige:37049<\/a><\/p>\n<p>Sch\u00f6n, D-A. (1994). <em>Le praticien r\u00e9flexif. \u00c0 la recherche du savoir cach\u00e9 dans l\u2019agir professionnel<\/em>. Editions Logiques.<\/p>\n<p>Sen, A. (2004). Elements of a Theory of Human Rights. In <em>Philosophy Public Affairs<\/em>. Vol32, pp\u00a0315-429. <a href=\"https:\/\/onlinelibrary.wiley.com\/toc\/10884963\/2004\/32\/4\">https:\/\/onlinelibrary.wiley.com\/toc\/10884963\/2004\/32\/4<\/a><\/p>\n<p>Sonntag, M. (2002). Le sch\u00e9ma d&rsquo;action : outil de figuration des repr\u00e9sentations dans l&rsquo;analyse des pratiques professionnelles. In <em>Revue fran\u00e7aise de p\u00e9dagogie<\/em> n\u00b0 138, pp. 29-38.<\/p>\n<p>Spinoza, B. (2004). <em>Trait\u00e9 de la r\u00e9forme de l\u2019entendement<\/em>. Traduction B. Rousset. Collection Les philosophiques. Editions Vrin.<\/p>\n<p>Trocm\u00e9- Fabre, H. (1997). <em>Apprendre aujourd&rsquo;hui, dans une Universit\u00e9 apprenante<\/em>. Congr\u00e8s de Locarno, 30 avril &#8211; 2 mai 1997 : Annexes au document de synth\u00e8se CIRET-UNESCO <a href=\"https:\/\/ciret-transdisciplinarity.org\/locarno\/loca5c8.php\">https:\/\/ciret-transdisciplinarity.org\/locarno\/loca5c8.php<\/a><\/p>\n<p>Varela, J. F. (1989). <em>Autonomie et connaissance : Essai sur le vivant<\/em>. \u00c9ditions du Seuil.<\/p>\n<p>Vermersch, P. (1999). Introspection as practice. In <em>Journal of Consciousness Studies<\/em>, Volume 6, Numbers 2-3. Publisher : Imprint Academic.<\/p>\n<p>&nbsp;<\/p>\n<p><strong>Annexe 1 : exemple de travail \u00e9labor\u00e9 en fin de s\u00e9minaire<\/strong><\/p>\n<p style=\"text-align: justify;\">Le travail \u00e9crit individuel de fin de s\u00e9minaire avait pour finalit\u00e9 de symboliser notre pens\u00e9e. Au travers des situations de formation pr\u00e9sent\u00e9es et v\u00e9cues, j\u2019ai choisi d\u2019\u00e9laborer un <strong><em>sch\u00e9ma type<\/em><\/strong> permettant de mieux circonscrire les th\u00e8mes abord\u00e9s. Aussi, j\u2019ai identifi\u00e9, dans chacune des situations rencontr\u00e9es, trois param\u00e8tres \u00e0 prendre en compte\u00a0: un apprenant, un accompagnement et un espace d\u2019apprentissage qui l\u00e9gitime la pr\u00e9sence des deux protagonistes et qui d\u00e9termine \u00e9galement l\u2019enjeu qui se jouera entre eux.<\/p>\n<p style=\"text-align: justify;\">Il existe \u00e9galement, dans les situations complexes, une zone que j\u2019appellerais \u00ab\u00a0zone critique\u00a0\u00bb car elle se situe hors de l\u2019espace d\u2019apprentissage.<\/p>\n<p style=\"text-align: justify;\">Dans cette zone, l\u2019espace intime de l\u2019apprenant ou\/et de l\u2019accompagnant peut s\u2019inviter ; il peut alors y avoir une perte de contr\u00f4le dans l\u2019accompagnement p\u00e9dagogique et la situation peut \u00ab \u00e9chapper \u00bb alors au cadre institutionnel.<\/p>\n<p style=\"text-align: justify;\">Dans une situation d\u2019accompagnement en formation, la cible est de viser l\u2019apprentissage. Il est \u00e0 noter que l\u2019apprentissage appartient \u00e0 l\u2019apprenant car il d\u00e9finit son projet, ses aspirations \u00e0 devenir. Ce n\u2019est jamais le projet de l\u2019accompagnant en tant que tel, sinon celui-ci risquerait de ne pas prendre corps pour l\u2019int\u00e9ress\u00e9. L\u2019enjeu de l\u2019accompagnant est donc de s\u2019int\u00e9resser au projet de l\u2019apprenant afin de mieux comprendre si celui-ci est r\u00e9ellement identifi\u00e9, sinc\u00e8re et authentique, s\u2019il comporte des objectifs fix\u00e9s, atteignables et r\u00e9alistes, s\u2019il fait l\u2019objet d\u2019un socle d\u2019acquisition solide pour se r\u00e9aliser.<\/p>\n<p style=\"text-align: justify;\"><strong><em>Dans la premi\u00e8re situation<\/em><\/strong> que nous avons analys\u00e9e lors du s\u00e9minaire, une dynamique particuli\u00e8re s\u2019est install\u00e9e entre le formateur stagiaire et l\u2019\u00e9tudiant. Alors que le formateur essaie de repositionner l\u2019\u00e9tudiante dans son apprentissage et le cadre institutionnel (car il conseille \u00e0 l\u2019\u00e9tudiante de parler \u00e0 sa formatrice r\u00e9f\u00e9rente des difficult\u00e9s rencontr\u00e9es), celle-ci tente d\u2019emmener le formateur dans son espace personnel et intime qui semble au centre de ses pr\u00e9occupations. La situation a donc tendance \u00e0 s\u2019\u00e9loigner du cadre institutionnel puisque l\u2019\u00e9tudiante ne d\u00e9sire ni de l\u2019aide de la part des autres formateurs, ni de la structure, elle choisit en effet de solliciter \u00e0 plusieurs reprises le formateur qui ne travaille pas au sein de l\u2019\u00e9tablissement. Un <strong><em>deuxi\u00e8me sch\u00e9ma<\/em><\/strong> a donc \u00e9t\u00e9 \u00e9labor\u00e9 pour symboliser \u00ab ce qui se joue \u00bb. C\u2019est une grille de lecture qui pourrait peut-\u00eatre aider \u00e0 r\u00e9aliser une premi\u00e8re analyse de la situation. L\u2019enjeu de cette situation pour l\u2019\u00e9tudiante se situe en effet dans le fait de r\u00e9interroger sa zone d\u2019apprentissage et de r\u00e9int\u00e9grer son projet si la priorit\u00e9 est toujours de mise.<\/p>\n<p style=\"text-align: justify;\"><strong><em>La deuxi\u00e8me situation<\/em><\/strong> est le r\u00e9cit de vie d\u2019un \u00e9tudiant en M2 IPFA\u00a0: il a environ 30 ans et poss\u00e8de un parcours scolaire atypique, car son orientation n\u2019a pas \u00e9t\u00e9 choisie initialement (parcours professionnel SEGPA dans le b\u00e2timent malgr\u00e9 de bons r\u00e9sultats scolaires, bac pro puis licence de sociologie\u2026).<\/p>\n<p style=\"text-align: justify;\">Un <strong><em>troisi\u00e8me sch\u00e9ma<\/em><\/strong> a donc \u00e9t\u00e9 r\u00e9alis\u00e9 et adapt\u00e9 autour du fait que le cadre institutionnel n\u2019a pas offert au sujet un cadre d\u2019apprentissage adapt\u00e9 et satisfaisant en regard de l\u2019orientation forc\u00e9e. Il a d\u00fb cr\u00e9er un espace d\u2019apprentissage informel dans lequel il s\u2019est immerg\u00e9 (lecture\u2026). Son parcours s\u2019est donc tourn\u00e9 vers l\u2019\u00ab autodidactie\u00a0\u00bb. La pratique sportive autor\u00e9gul\u00e9e, la culture familiale, la rencontre avec des professeurs ayant un discours atypique ont sembl\u00e9 d\u00e9terminantes pour lui, ce qui lui a permis de r\u00e9int\u00e9grer son projet initial de faire des \u00e9tudes.<\/p>\n<p style=\"text-align: justify;\"><strong>Sch\u00e9ma type<\/strong><\/p>\n<p style=\"text-align: justify;\"><strong> <a href=\"https:\/\/www.analysedepratique.org\/wp-content\/uploads\/mauduit-alix-abdoul-vagabou-1.png\" rel=\"prettyPhoto[5490]\"><img loading=\"lazy\" decoding=\"async\" class=\"size-full wp-image-5546 aligncenter\" src=\"https:\/\/www.analysedepratique.org\/wp-content\/uploads\/mauduit-alix-abdoul-vagabou-1.png\" alt=\"\" width=\"485\" height=\"430\" srcset=\"https:\/\/www.analysedepratique.org\/wp-content\/uploads\/mauduit-alix-abdoul-vagabou-1.png 485w, https:\/\/www.analysedepratique.org\/wp-content\/uploads\/mauduit-alix-abdoul-vagabou-1-300x266.png 300w\" sizes=\"auto, (max-width: 485px) 100vw, 485px\" \/><\/a><\/strong><\/p>\n<p style=\"text-align: justify;\"><strong>Sch\u00e9ma situation 1<\/strong><strong><a href=\"https:\/\/www.analysedepratique.org\/wp-content\/uploads\/mauduit-alix-abdoul-vagabou-2.png\" rel=\"prettyPhoto[5490]\"><img loading=\"lazy\" decoding=\"async\" class=\"size-full wp-image-5547 aligncenter\" src=\"https:\/\/www.analysedepratique.org\/wp-content\/uploads\/mauduit-alix-abdoul-vagabou-2.png\" alt=\"\" width=\"389\" height=\"353\" srcset=\"https:\/\/www.analysedepratique.org\/wp-content\/uploads\/mauduit-alix-abdoul-vagabou-2.png 389w, https:\/\/www.analysedepratique.org\/wp-content\/uploads\/mauduit-alix-abdoul-vagabou-2-300x272.png 300w\" sizes=\"auto, (max-width: 389px) 100vw, 389px\" \/><\/a><\/strong><\/p>\n<p style=\"text-align: justify;\"><strong>\u00a0<\/strong><strong>Sch\u00e9ma situation 2<\/strong><\/p>\n<p style=\"text-align: center;\"><a href=\"https:\/\/www.analysedepratique.org\/wp-content\/uploads\/mauduit-alix-abdoul-vagabou-3.png\" rel=\"prettyPhoto[5490]\"><img loading=\"lazy\" decoding=\"async\" class=\"alignnone size-full wp-image-5548\" src=\"https:\/\/www.analysedepratique.org\/wp-content\/uploads\/mauduit-alix-abdoul-vagabou-3.png\" alt=\"\" width=\"351\" height=\"344\" srcset=\"https:\/\/www.analysedepratique.org\/wp-content\/uploads\/mauduit-alix-abdoul-vagabou-3.png 351w, https:\/\/www.analysedepratique.org\/wp-content\/uploads\/mauduit-alix-abdoul-vagabou-3-300x294.png 300w\" sizes=\"auto, (max-width: 351px) 100vw, 351px\" \/><\/a><\/p>\n<p style=\"text-align: justify;\"><strong>Les images d\u00e9gag\u00e9es<\/strong><\/p>\n<p style=\"text-align: justify;\"><strong><em>L\u2019accompagnant, un funambule<\/em><\/strong><\/p>\n<p style=\"text-align: justify;\">De ces situations rencontr\u00e9es ou v\u00e9cues, je d\u00e9sire en extraire ma repr\u00e9sentation de l\u2019accompagnateur en formation que je vois \u00ab comme un funambule \u00bb.<\/p>\n<p style=\"text-align: justify;\">Il doit en effet trouver le fil qui le conduit jusqu\u2019\u00e0 l\u2019autre et adapter la meilleure attitude, la meilleure posture et le meilleur \u00e9quilibre parfois inconfortable sur le fil pour avancer. Il peut y avoir des obstacles (la hi\u00e9rarchie, les autres coll\u00e8gues, les r\u00e8gles, les contraintes&#8230;) avec lesquelles l\u2019accompagnant devra composer ou qu\u2019il devra d\u00e9tourner.<\/p>\n<p style=\"text-align: justify;\">Il est souvent seul en action face \u00e0 l\u2019apprenant mais ne doit pas pour autant s\u2019isoler.<\/p>\n<p style=\"text-align: justify;\">La lune, qui peut ici repr\u00e9senter les ressources externes de l\u2019\u00e9tudiant, peuvent \u00eatre activ\u00e9es pour d\u00e9velopper sa r\u00e9flexivit\u00e9 L\u2019accompagnant poss\u00e8de \u00e9galement des ressources internes (sa r\u00e9flexion, son empathie, ses valeurs\u2026) qui lui permettront de rester en \u00e9quilibre. Il devra sans cesse r\u00e9fl\u00e9chir \u00e0 ses actions, \u00e0 son \u00e9quilibre avec l\u2019autre. Il devra composer avec ses propres \u00e9motions.<\/p>\n<p style=\"text-align: justify;\"><strong><em> <a href=\"https:\/\/www.analysedepratique.org\/wp-content\/uploads\/mauduit-alix-abdoul-vagabou-4.png\" rel=\"prettyPhoto[5490]\"><img loading=\"lazy\" decoding=\"async\" class=\"alignnone size-full wp-image-5549\" src=\"https:\/\/www.analysedepratique.org\/wp-content\/uploads\/mauduit-alix-abdoul-vagabou-4.png\" alt=\"\" width=\"150\" height=\"192\" \/>\u00a0\u00a0\u00a0\u00a0\u00a0\u00a0\u00a0\u00a0\u00a0\u00a0\u00a0 <\/a><a href=\"https:\/\/www.analysedepratique.org\/wp-content\/uploads\/mauduit-alix-abdoul-vagabou-5.png\" rel=\"prettyPhoto[5490]\"><img loading=\"lazy\" decoding=\"async\" class=\"alignnone size-full wp-image-5550\" src=\"https:\/\/www.analysedepratique.org\/wp-content\/uploads\/mauduit-alix-abdoul-vagabou-5.png\" alt=\"\" width=\"152\" height=\"193\" \/><\/a><\/em><\/strong><\/p>\n<p style=\"text-align: justify;\"><strong><em>\u00a0<\/em><\/strong><strong><em>L\u2019accompagnateur, un \u00eatre r\u00e9flexif\u00a0<\/em><\/strong><\/p>\n<p style=\"text-align: justify;\">L\u2019accompagnant doit donc \u00eatre en r\u00e9fl\u00e9chissement avec lui-m\u00eame et avec son environnement.\u00a0 C\u2019est cette prise de recul, quand elle est possible, qui l&rsquo;aidera \u00e0 rester proche du sens\u00a0qu\u2019il donne \u00e0 sa pratique. Il doit \u00e9galement savoir s\u2019enrichir de la pratique des autres pour\u00a0questionner la sienne. Cette r\u00e9flexion doit \u00eatre \u00e0 mon sens accompagn\u00e9e, elle ne va pas de soi et ne s\u2019improvise\u00a0pas. Je pense qu\u2019en tant qu\u2019ing\u00e9nieure p\u00e9dagogique, il est important de n\u00e9gocier la mise\u00a0en place d\u2019une supervision de formateur ou des s\u00e9ances d\u2019APP. L\u2019ing\u00e9nieur p\u00e9dagogique doit identifier dans ce cas une personne ressource form\u00e9e pour ce type d\u2019accompagnement de groupe. Si la supervision ou l\u2019APP ne sont pas possibles, je pense qu\u2019il est essentiel de permettre aux formateurs de s\u2019inscrire\u00a0dans une communaut\u00e9 de pratique, cela appartient aussi \u00e0 l\u2019ing\u00e9nieur p\u00e9dagogique de favoriser le d\u00e9veloppement de cet espace professionnel que je symboliserais comme un jardin \u00e0 cultiver et \u00e0 entretenir.<\/p>\n<p>&nbsp;<\/p>\n<a href=\"#\" class=\"shortcode button  \" style=\"background-color: silver;\" target=\"\" onclick=\"\"> Haut de page<\/a>\n<p>&nbsp;<\/p>\n<p style=\"text-align: justify;\"><a href=\"#_ftnref1\" name=\"_ftn1\"><\/a><\/p>\n<p style=\"text-align: justify;\"><a href=\"#_ftnref1\" name=\"_ftn1\"><\/a><\/p>\n<h4 style=\"text-align: justify;\"><strong>Notes<\/strong><\/h4>\n<p><a href=\"#_ftnref1\" name=\"_ftn1\"><sup>[1]<\/sup><\/a> Hybridation p\u00e9dagogique\u00a0: \u00ab dispositifs de formation qui articulent, \u00e0 des degr\u00e9s divers, des phases de formation en pr\u00e9sentiel et d\u2019autres organis\u00e9es \u00e0 distance\u00a0\u00bb (Peraya, Charlier &amp; Deschryver, 2014).<\/p>\n<p><a href=\"#_ftnref2\" name=\"_ftn2\"><sup>[2]<\/sup><\/a> Il est question ici de Soulayman Abdoul Vagabou et St\u00e9phanie Mauduit tous deux \u00e9tudiants de Master 1 et 2 Ing\u00e9nierie p\u00e9dagogique en formation pour adultes.<\/p>\n<p><a href=\"#_ftnref3\" name=\"_ftn3\"><sup>[3]<\/sup><\/a> Henri Atlan est\u00a0intellectuel, m\u00e9decin biologiste, philosophe et \u00e9crivain fran\u00e7ais. Il est aussi professeur \u00e9m\u00e9rite de biophysique. Ses travaux interrogent la nature complexe des relations entre la science et l&rsquo;\u00e9thique.<\/p>\n<p><a href=\"#_ftnref4\" name=\"_ftn4\"><sup>[4]<\/sup><\/a> Autopo\u00ef\u00e8se : \u201csyst\u00e8mes qui produisent et reproduisent les \u00e9l\u00e9ments dont ils sont constitu\u00e9s par le biais de ces \u00e9l\u00e9ments eux-m\u00eames\u201d Luhman (1985).<\/p>\n<p><a href=\"#_ftnref5\" name=\"_ftn5\"><sup>[5]<\/sup><\/a> Francisco Varela (1946-2001) est un penseur d\u2019origine chilienne. Sa sp\u00e9cialit\u00e9 initiale est la biologie th\u00e9orique, mais il est reconnu pour ses travaux visionnaires sur les neurosciences cognitives, la th\u00e9orie de la connaissance, la philosophie de l\u2019esprit, ainsi que l\u2019\u00e9thique et la spiritualit\u00e9.<\/p>\n<p><a href=\"#_ftnref6\" name=\"_ftn6\"><sup>[6]<\/sup><\/a> Georges Wilhelm Friedrich Hegel (1770-1831) est un philosophe allemand. Il pr\u00e9sente la philosophie comme un syst\u00e8me unissant tous les savoirs suivant une logique dialectique. Il englobe l&rsquo;ensemble des domaines philosophiques, dont la m\u00e9taphysique et l&rsquo;ontologie, la philosophie de l&rsquo;art et de la religion, la philosophie de la nature, la philosophie de l&rsquo;histoire, la philosophie morale et politique ou la philosophie du droit.<\/p>\n<p><a href=\"#_ftnref7\" name=\"_ftn7\"><sup>[7]<\/sup><\/a> H\u00e9l\u00e8ne Trocm\u00e9-Fabre :\u00a0 sp\u00e9cialiste de la p\u00e9dagogie et de l\u2019apprentissage, elle a cr\u00e9\u00e9 le terme d\u2019Apprenance qu\u2019elle d\u00e9finit comme l\u2019attitude qui favorise l\u2019engagement dans l\u2019apprentissage.<\/p>\n<p><a href=\"#_ftnref8\" name=\"_ftn8\"><sup>[8]<\/sup><\/a> IPFA\u00a0: ing\u00e9nierie p\u00e9dagogique en formation pour adultes.<\/p>\n<p><a href=\"#_ftnref9\" name=\"_ftn9\"><sup>[9]<\/sup><\/a> ECTS\u00a0(European Credits Transfer System) : il s\u2019agit du syst\u00e8me europ\u00e9en de transfert et d\u2019accumulation de cr\u00e9dits au sein de l\u2019enseignement sup\u00e9rieure.<\/p>\n<p><a href=\"#_ftnref10\" name=\"_ftn10\"><sup>[10]<\/sup><\/a>\u00a0 La ph\u00e9nom\u00e9nologie au sens H\u00e9g\u00e9lien (Hegel, 1805).<\/p>\n<p><a href=\"#_ftnref11\" name=\"_ftn11\"><sup>[11]<\/sup><\/a> GEASE\u00a0: groupes d\u2019entra\u00eenement \u00e0 l\u2019analyse de situations \u00e9ducatives (Fumat, Etienne, Vincens, 2003).<\/p>\n<p><a href=\"#_ftnref12\" name=\"_ftn12\"><sup>[12]<\/sup><\/a> Plan d\u2019immanence : l\u2019immanence pour Deleuze signifie que les concepts et leur signification peuvent \u00eatre compris seulement \u00e0 partir des rapports que la philosophie va instaurer entre eux-m\u00eames alors que la science va recourir \u00e0 l\u2019exp\u00e9rience pour d\u00e9finir le contenu du concept. (Deleuze, 1991).<\/p>\n<p><a href=\"#_ftnref13\" name=\"_ftn13\"><sup>[13]<\/sup><\/a> La r\u00e9f\u00e9rence est faite \u00e0 l\u2019\u201cimp\u00e9ratif cat\u00e9gorique\u00a0\u00bb de Kant (Kant, 1985).<\/p>\n<p><a href=\"#_ftnref14\" name=\"_ftn14\"><sup>[14]<\/sup><\/a> L\u2019effet Dunning Kruger met en lumi\u00e8re la difficult\u00e9 m\u00e9tacognitive des personnes ne poss\u00e9dant aucune qualification et ne reconnaissant pas leur incomp\u00e9tence sur un sujet. (Kruger, Dunning, D. 2000).<\/p>\n<p><a href=\"#_ftnref15\" name=\"_ftn15\"><sup>[15]<\/sup><\/a> Cf. Annexe 1 : exemple de travail de r\u00e9flexion sur le s\u00e9minaire<\/p>\n<p><a href=\"#_ftnref16\" name=\"_ftn16\"><sup>[16]<\/sup><\/a> chat : transmission en temps r\u00e9el des messages textuels de l&rsquo;exp\u00e9diteur au destinataire via une plateforme d\u2019\u00e9changes.<\/p>\n<p><a href=\"#_ftnref17\" name=\"_ftn17\"><sup>[17]<\/sup><\/a> Tracking : m\u00e9thode d\u2019observation du comportement d\u2019apprentissage d\u2019un apprenant par l\u2019analyse des donn\u00e9es du logiciel utilis\u00e9.<\/p>\n<p>&nbsp;<\/p>\n<p style=\"text-align: justify;\">\n<div id=\"themify_builder_content-5490\" data-postid=\"5490\" class=\"themify_builder_content themify_builder_content-5490 themify_builder themify_builder_front\">\n\n\t<\/div>\n<!-- \/themify_builder_content -->","protected":false},"excerpt":{"rendered":"<p>&nbsp; St\u00e9phanie Mauduit Cadre de sant\u00e9 &#8211; Ing\u00e9nieure p\u00e9dagogique stephanie.mauduit92@gmail.com Bernard Alix Chef de Projet CNFT, Pr\u00e9sident de la Maison du Travail Enseignant Universit\u00e9 Paris X et CNAM alix_bernard@orange.fr Soulayman Abdoul Vagabou Formateur &#8211; ing\u00e9nieur p\u00e9dagogique soulayman368@hotmail.fr\u00a0 &nbsp; R\u00e9sum\u00e9 Cet article pr\u00e9sente un s\u00e9minaire \u201cAnalyse de Pratiques\u201d mis en place par Bernard Alix au sein [&hellip;]<\/p>\n","protected":false},"author":2,"featured_media":0,"comment_status":"open","ping_status":"open","sticky":false,"template":"","format":"standard","meta":{"_jetpack_newsletter_access":"","_jetpack_dont_email_post_to_subs":false,"_jetpack_newsletter_tier_id":0,"_jetpack_memberships_contains_paywalled_content":false,"_jetpack_memberships_contains_paid_content":false,"footnotes":""},"categories":[524,18,525,238],"tags":[515,585,583,179,584],"class_list":["post-5490","post","type-post","status-publish","format-standard","hentry","category-bernard-alix","category-9experience","category-soulayman-abdoul-vagabou","category-stephanie-mauduit","tag-distanciel","tag-phenomenologie","tag-philosophie","tag-seminaire","tag-symbole","has-post-title","no-post-date","has-post-category","has-post-tag","has-post-comment","has-post-author"],"jetpack_featured_media_url":"","jetpack_shortlink":"https:\/\/wp.me\/p3VXfJ-1qy","jetpack_sharing_enabled":true,"_links":{"self":[{"href":"https:\/\/www.analysedepratique.org\/index.php?rest_route=\/wp\/v2\/posts\/5490","targetHints":{"allow":["GET"]}}],"collection":[{"href":"https:\/\/www.analysedepratique.org\/index.php?rest_route=\/wp\/v2\/posts"}],"about":[{"href":"https:\/\/www.analysedepratique.org\/index.php?rest_route=\/wp\/v2\/types\/post"}],"author":[{"embeddable":true,"href":"https:\/\/www.analysedepratique.org\/index.php?rest_route=\/wp\/v2\/users\/2"}],"replies":[{"embeddable":true,"href":"https:\/\/www.analysedepratique.org\/index.php?rest_route=%2Fwp%2Fv2%2Fcomments&post=5490"}],"version-history":[{"count":10,"href":"https:\/\/www.analysedepratique.org\/index.php?rest_route=\/wp\/v2\/posts\/5490\/revisions"}],"predecessor-version":[{"id":5713,"href":"https:\/\/www.analysedepratique.org\/index.php?rest_route=\/wp\/v2\/posts\/5490\/revisions\/5713"}],"wp:attachment":[{"href":"https:\/\/www.analysedepratique.org\/index.php?rest_route=%2Fwp%2Fv2%2Fmedia&parent=5490"}],"wp:term":[{"taxonomy":"category","embeddable":true,"href":"https:\/\/www.analysedepratique.org\/index.php?rest_route=%2Fwp%2Fv2%2Fcategories&post=5490"},{"taxonomy":"post_tag","embeddable":true,"href":"https:\/\/www.analysedepratique.org\/index.php?rest_route=%2Fwp%2Fv2%2Ftags&post=5490"}],"curies":[{"name":"wp","href":"https:\/\/api.w.org\/{rel}","templated":true}]}}