{"id":5484,"date":"2022-11-19T20:24:23","date_gmt":"2022-11-19T19:24:23","guid":{"rendered":"https:\/\/www.analysedepratique.org\/?p=5484"},"modified":"2023-10-16T10:47:49","modified_gmt":"2023-10-16T09:47:49","slug":"note-de-lecture-a-la-rencontre-dun-attracteur-etrange-quest-la-reflexivite-et-son-application-dans-le-dispositif-arppege","status":"publish","type":"post","link":"https:\/\/www.analysedepratique.org\/?p=5484","title":{"rendered":"Note de lecture : \u00e0 la rencontre d\u2019un \u00ab attracteur \u00e9trange \u00bb qu\u2019est la r\u00e9flexivit\u00e9, et son application dans le dispositif ARPPEGE"},"content":{"rendered":"<p>&nbsp;<\/p>\n<h3><em><strong>Jean Chocat<\/strong><\/em><\/h3>\n<p><em>Cadre de sant\u00e9 \u2013 Formateur en soins infirmiers et en pratiques tutorales<\/em><br \/>\n<em>Limoges<\/em><br \/>\n<em><a href=\"mailto:Jean.chocat@orange.fr\">Jean.chocat@orange.fr<\/a><\/em><\/p>\n<p>&nbsp;<\/p>\n<h4><i>R\u00e9sum\u00e9<\/i><\/h4>\n<p style=\"text-align: justify;\">Au printemps 2022, est parue la seconde \u00e9dition de l\u2019ouvrage de Yann Vacher, faisant suite \u00e0 une premi\u00e8re \u00e9dition de 2015 et s\u2019intitulant <em>Construire une pratique r\u00e9flexive\u00a0: comprendre et agir<\/em>. Cette note de lecture met en avant toute la richesse et la port\u00e9e de ce travail de publication, qui retrace un travail de recherche autour de la d\u00e9marche r\u00e9flexive et de son application dans le cadre d\u2019un dispositif d\u2019analyse de pratiques professionnelles, le dispositif ARPPEGE.<\/p>\n<h5><em>Mots-cl\u00e9s\u00a0<\/em><\/h5>\n<p>r\u00e9flexivit\u00e9, ARPPEGE, recherche<\/p>\n<h5><em>Cat\u00e9gorie d&rsquo;article\u00a0<\/em><\/h5>\n<p>Compte-rendu<\/p>\n<h5><em>R\u00e9f\u00e9rencement\u00a0<\/em><\/h5>\n<p style=\"text-align: justify;\">Chocat, J. (2022). Note de lecture : \u00e0 la rencontre d\u2019un \u00ab attracteur \u00e9trange \u00bb qu\u2019est la r\u00e9flexivit\u00e9, et son application dans le dispositif ARPPEGE. <em>Revue de l\u2019analyse de pratiques professionnelles<\/em>, 23, 134-140. <u><a href=\"https:\/\/www.analysedepratique.org\/?p=5484\">https:\/\/www.analysedepratique.org\/?p=5484<\/a><\/u>.<\/p>\n<hr class=\"shortcode hr light-gray\" style=\"border-width:1px;\" \/>\n<p><a href=\"http:\/\/www.analysedepratique.org\/wp-content\/uploads\/jean-chocat-revue-app-novembre2022.pdf\"><img loading=\"lazy\" decoding=\"async\" class=\"alignnone\" src=\"https:\/\/www.analysedepratique.org\/wp-content\/uploads\/download-icon.png\" alt=\"download-icon\" width=\"24\" height=\"29\" \/><\/a><a href=\"http:\/\/www.analysedepratique.org\/wp-content\/uploads\/jean-chocat-revue-app-novembre2022.pdf\">Article en PDF<\/a> \u00a0\u00a0 \u00a0\u00a0 \u00a0\u00a0 \u00a0\u00a0 <a href=\"#co\"><img loading=\"lazy\" decoding=\"async\" src=\"https:\/\/www.analysedepratique.org\/wp-content\/uploads\/et-info-comment.png\" alt=\"et-info-comment\" width=\"30\" height=\"31\" \/><\/a>\u00a0<a href=\"#co\">Commentaires<\/a><\/p>\n<hr \/>\n<h5><em><strong>Reading note : encountering the \u00ab\u00a0strange attractor\u00a0\u00bb of reflexivity, and its application in the ARPPEGE system<\/strong><\/em><\/h5>\n<h5><em>Abstract<\/em><\/h5>\n<p style=\"text-align: justify;\">In the spring of 2022, the second edition of Yann Vacher&rsquo;s book was published, following a first edition in 2015 entitled <em>Construire une pratique r\u00e9flexive : comprendre et agir<\/em> (Building a reflective practice: understanding and acting). This reading note highlights the richness and scope of this publication, which traces a research project on the reflective approach and its application in the framework of a professional practice analysis system, the ARPPEGE system.<\/p>\n<h5><em>Keywords<\/em><\/h5>\n<p>reflexivity, ARPPEGE, research<\/p>\n<hr \/>\n<h5><strong><em>Nota para o leitor: um encontro com o \u00ab\u00a0atrativo estranho\u00a0\u00bb da reflexividade e a sua aplica\u00e7\u00e3o no sistema ARPPEGE<\/em><\/strong><\/h5>\n<h5><em>Resumo<\/em><\/h5>\n<p style=\"text-align: justify;\">Na primavera de 2022, foi publicada a segunda edi\u00e7\u00e3o do livro de Yann Vacher, em seguida \u00e0 primeira edi\u00e7\u00e3o de 2015, intitulada \u00ab\u00a0Construire une pratique r\u00e9flexive: comprendre et agir\u00a0\u00bb. Esta nota de leitura destaca a riqueza e o alcance dessa publica\u00e7\u00e3o, que retra\u00e7a um projeto de investiga\u00e7\u00e3o sobre a abordagem reflexiva e a sua aplica\u00e7\u00e3o num dispositivo de an\u00e1lise das pr\u00e1ticas profissionais, o dispositivo ARPPEGE.<\/p>\n<h5><em>Palavras-chave<\/em><\/h5>\n<p>reflexividade, ARPPEGE, pesquisa<\/p>\n<hr \/>\n<p>&nbsp;<\/p>\n<p style=\"text-align: justify;\">[toc]<\/p>\n<p style=\"text-align: justify;\">Nul besoin de pr\u00e9senter \u00e0 nouveau Yann Vacher, chercheur et formateur \u00e0 l\u2019universit\u00e9 de Corte en Corse et auteur de nombreux articles et conf\u00e9rences autour de la r\u00e9flexivit\u00e9 et l\u2019analyse de la pratique professionnelle (A.P.P.). Il a notamment coordonn\u00e9 le dernier num\u00e9ro th\u00e9matique paru dans notre revue qui pr\u00e9sente le dispositif ARPPEGE (analyse r\u00e9flexive de pratiques professionnelles en groupe d\u2019\u00e9change\u00a0; Vacher 2022a).<\/p>\n<p style=\"text-align: justify;\">Le regard qu\u2019il porte sur l\u2019approche en formation par l\u2019A.P.P. et qui mobilise une d\u00e9marche r\u00e9flexive, est toujours pour nous, praticiens en A.P.P., la source d\u2019une r\u00e9flexion sur nos pratiques d\u2019animateurs de groupe et nous donne \u00e0 entrevoir de multiples applications possibles. Ainsi, c\u2019est avec un grand plaisir qu\u2019une note de lecture lui est consacr\u00e9e dans ce num\u00e9ro. Elle fait suite \u00e0 son dernier ouvrage paru au printemps\u00a02022, en tant que seconde \u00e9dition d\u2019un pr\u00e9c\u00e9dent livre paru en 2015 (voir la note de lecture de Thi\u00e9baud, 2015) et intitul\u00e9 <em>Construire une pratique r\u00e9flexive\u00a0: comprendre et agir<\/em> (Vacher, 2022b). Ce travail de publication est cons\u00e9cutif \u00e0 un travail de th\u00e8se soutenue en 2010 qui portait sur la <em>Pratique r\u00e9flexive et professionnalisation au c\u0153ur de la formation des enseignants stagiaires\u00a0: quelle op\u00e9rationnalisation pour r\u00e9duire les tensions\u00a0? Un exemple \u00e0 l\u2019IUFM de Corse.<\/em><\/p>\n<p style=\"text-align: justify;\">Il semble primordial de stipuler en avant-propos qu\u2019une simple note de lecture ne pourrait suffire compte tenu de la richesse de cet ouvrage. Ainsi, nous aborderons dans un premier chapitre l\u2019int\u00e9r\u00eat de cette seconde \u00e9dition. Nous poursuivrons notre \u00e9tude par la pr\u00e9sentation de la port\u00e9e de son travail de recherche pour l\u2019A.P.P. et, pour conclure, par deux r\u00e9flexions que nous a inspir\u00e9 la lecture attentive de la seconde \u00e9dition de son ouvrage.<\/p>\n<h4 style=\"text-align: justify;\"><strong>1.\u00a0\u00a0 Une seconde \u00e9dition\u00a0: vers une logique de pr\u00e9cision et de compl\u00e9mentarit\u00e9<\/strong><\/h4>\n<p style=\"text-align: justify;\">Quel est l\u2019int\u00e9r\u00eat de cette seconde \u00e9dition et pour quelle plus-value\u00a0? \u00c9tait-elle n\u00e9cessaire et surtout utile\u00a0? Oui, tant le contenu de l\u2019ouvrage nous donne \u00e0 voir la port\u00e9e du travail de recherche pour nous, praticiens en A.P.P.<\/p>\n<p style=\"text-align: justify;\">Quelles sont les raisons alors pour cette seconde \u00e9dition\u00a0? Dans son introduction, l\u2019auteur en mentionne l\u2019int\u00e9r\u00eat. Il \u00e9voque (p.\u00a07-8)\u00a0: \u00ab\u00a0<em>Depuis la premi\u00e8re \u00e9dition de cet ouvrage, l\u2019usage des concepts de pratique r\u00e9flexive et de r\u00e9flexivit\u00e9 n\u2019a cess\u00e9 sa progression\u2026 cette seconde \u00e9dition s\u2019est pr\u00e9sent\u00e9e comme l\u2019opportunit\u00e9 de tenter de r\u00e9pondre \u00e0 ces lacunes. Mais ce travail d\u2019actualisation n\u2019est pas le seul produit de cette volont\u00e9 de clarification, c\u2019est aussi le fruit d\u2019une maturation des concepts et leur confrontation \u00e0 de multiples situations.<\/em>\u00a0\u00bb L\u2019auteur se positionne ainsi dans une d\u00e9marche visant \u00e0 \u00ab\u00a0<em>l\u2019exploration plus pouss\u00e9e des processus et objets de la r\u00e9flexivit\u00e9\u00a0<\/em>\u00bb.<\/p>\n<p style=\"text-align: justify;\">Ainsi, il appara\u00eet nettement chez l\u2019auteur cette volont\u00e9 de ne pas fixer cette d\u00e9marche r\u00e9flexive dans un tout qui serait \u00e0 jamais ancr\u00e9 dans des certitudes\u00a0! C\u2019est par un questionnement permanent, une recherche plus pouss\u00e9e autour de la r\u00e9flexivit\u00e9 et la port\u00e9e du dispositif ARPPEGE qui font que cette seconde \u00e9dition apporte des \u00e9l\u00e9ments compl\u00e9mentaires \u00e0 la compr\u00e9hension. Et, malgr\u00e9 la densit\u00e9 de l\u2019\u00e9tude, c\u2019est avant tout une vision pragmatique que nous propose l\u2019auteur et celle-ci peut nous servir d\u2019appui dans nos pratiques en A.P.P. De quoi nous inciter \u00e0 nous \u00ab\u00a0replonger\u00a0\u00bb dans une seconde lecture attentive\u00a0!<\/p>\n<h4 style=\"text-align: justify;\"><strong>2.\u00a0\u00a0 Au travers de son ouvrage, quelle est la port\u00e9e du travail de Yann Vacher sur la d\u00e9marche r\u00e9flexive et l\u2019A.P.P.\u00a0?<\/strong><\/h4>\n<p style=\"text-align: justify;\">Il existe depuis quelques ann\u00e9es dans nos r\u00e9f\u00e9rentiels de formation, une forme d\u2019injonction \u00e0 former de futurs praticiens r\u00e9flexifs avec le positionnement de dispositifs d\u2019A.P.P. La question de l\u2019alternance int\u00e9grative y prend alors tout son sens, en instaurant un cadre d\u2019application se situant entre les diff\u00e9rents temps et lieux de formation. La multiplicit\u00e9 des savoirs convoqu\u00e9s dans nos pratiques professionnelles est ainsi remise en perspective pour \u00eatre r\u00e9interrog\u00e9e \u00e0 distance de l\u2019activit\u00e9, et ce, pour une plus grande efficience de cette derni\u00e8re.<\/p>\n<p style=\"text-align: justify;\">Cependant, comme vient \u00e0 l\u2019\u00e9voquer l\u2019auteur, la seule injonction ou l\u2019int\u00e9r\u00eat que l\u2019on peut porter \u00e0 cette approche en formation ne suffit pas \u00e0 en faire un dispositif suffisamment porteur de r\u00e9sultats. Il \u00e9voque la n\u00e9cessit\u00e9 d\u2019aller au-del\u00e0 de l\u2019improvisation dans nos pratiques d\u2019analyse, et la n\u00e9cessit\u00e9 de conduire des d\u00e9marches de recherche et de clarification sur lesquelles vient s\u2019appuyer la mise en application des dispositifs d\u2019A.P.P. Partant de ce constat, l\u2019auteur nous apporte alors un cadre \u00e0 la compr\u00e9hension n\u00e9cessaire pour nos pratiques en A.P.P.<\/p>\n<p style=\"text-align: justify;\">Avant de pr\u00e9senter ces points de rep\u00e8re, je souhaiterais retranscrire les impressions que j\u2019ai eues \u00e0 la lecture de l\u2019ouvrage.<\/p>\n<p style=\"text-align: justify;\">Elles se pr\u00e9sentent comme une forme de r\u00e9fl\u00e9chissement \u00e0 l\u2019\u0153uvre, car l\u2019\u00e9tude de son chapitre autour de la r\u00e9flexivit\u00e9 m\u2019a conduit naturellement \u00e0 l\u2019appliquer au fil de ma lecture. Ce sont celles de densit\u00e9, de clart\u00e9 et de complexit\u00e9 dans la pr\u00e9sentation de la d\u00e9marche r\u00e9flexive et du dispositif ARPPEGE. Ce qui nous engage en tant que lecteur dans une \u00e9tude attentive allant au-del\u00e0 d\u2019une simple lecture. Il devient alors un outil de travail \u00e0 reprendre au fil des r\u00e9flexions et des questionnements qui \u00e9mergent au fur et \u00e0 mesure. Un aller-retour permanent entre l\u2019auteur et le lecteur.<\/p>\n<p style=\"text-align: justify;\">Qu\u2019en est-il de cette impression de densit\u00e9 et de clart\u00e9\u00a0?<\/p>\n<ul style=\"text-align: justify;\">\n<li>Densit\u00e9, au sens qu\u2019au terme de la lecture du chapitre\u00a01 portant sur comment d\u00e9finir la pratique r\u00e9flexive, l\u2019ensemble des points relatif \u00e0 cette pratique se veut exhaustif et soutenu par la r\u00e9f\u00e9rence \u00e0 de nombreux auteurs ayant travaill\u00e9 sur cette question. Cependant, le travail va au-del\u00e0 d\u2019une simple \u00e9num\u00e9ration de r\u00e9f\u00e9rences. Il appara\u00eet une mise en dialogue autour de cette r\u00e9flexivit\u00e9, avec un cheminement qui am\u00e8ne l\u2019auteur en tant que praticien chercheur \u00e0 mobiliser son exp\u00e9rience faite en formation, \u00e0 argumenter un cadre compr\u00e9hensif \u00e0 cette d\u00e9marche r\u00e9flexive. Ce cadre venant ensuite comme base d\u2019appui au dispositif d\u2019analyse ARPPEGE et \u00e0 son \u00e9tude dans le travail de recherche conduit en th\u00e8se. Ainsi, d\u2019une simple repr\u00e9sentation que je pouvais avoir de cette r\u00e9flexivit\u00e9, une compr\u00e9hension plus approfondie est venue la remplacer. Je me suis m\u00eame invit\u00e9 \u00e0 l\u2019appliquer en situation d\u2019accompagnement d\u2019\u00e9tudiants dans l\u2019analyse de leurs pratiques professionnelles.<\/li>\n<li>Clart\u00e9 et complexit\u00e9\u00a0: comme \u00e9voqu\u00e9 pr\u00e9c\u00e9demment, la premi\u00e8re lecture du travail vous indique clairement qu\u2019il faudra s\u2019engager dans une lecture attentive, rythm\u00e9e par l\u2019\u00e9mergence de nombreux questionnements et des mises en liens significatifs entre le lecteur, sa pratique et celle de l\u2019auteur. De cette complexit\u00e9 per\u00e7ue en premi\u00e8re lecture est n\u00e9e une compr\u00e9hension au fil de multiples allers-retours. C\u2019est une v\u00e9ritable rencontre entre un auteur-chercheur et le lecteur, qui aurait pu transformer cette note de lecture en un entretien avec l\u2019auteur autour de questions qui \u00e9mergent au fil de la lecture. Ces multiples lectures attentives montrent clairement la logique sous-jacente que suit l\u2019auteur et la coh\u00e9rence dans la pr\u00e9sentation de cette d\u00e9marche r\u00e9flexive. Il y a alors une mise en d\u00e9bat, une confrontation d\u2019un concept avec sa r\u00e9alit\u00e9 dans son application au sein de groupes en A.P.P. J\u2019en retiendrai une tout particuli\u00e8rement, celle d\u2019approche multir\u00e9fl\u00e9chie. Une approche qui me semble int\u00e9ressante en formation initiale et qui redonne au temps d\u2019A.P.P. la place accord\u00e9e au sujet professionnel dans toute sa singularit\u00e9, en tenant compte du niveau et des acquisitions des participants \u00e0 des temps d\u2019analyse. Elle sera pr\u00e9sent\u00e9e plus loin dans cette note de lecture.<\/li>\n<\/ul>\n<p style=\"text-align: justify;\">J\u2019en viens \u00e0 pr\u00e9senter trois points qui me semblent essentiels, m\u00eame si d\u2019autres auraient pu faire partie de cette note de lecture. Ils sont en rapport avec ma position d\u2019animateur en A.P.P.<\/p>\n<ul style=\"text-align: justify;\">\n<li>Le premier point est relatif \u00e0 la d\u00e9finition de la r\u00e9flexivit\u00e9 et est d\u00e9velopp\u00e9 \u00e0 partir de l\u2019\u00e9tude de nombreux auteurs (Joannaert, Lafortune et Deaudelin, Holborn, Piaget, Sch\u00f6n, etc.), sans qu\u2019il y ait de divergences relev\u00e9es. Elles viennent se compl\u00e9ter, se pr\u00e9ciser. Ainsi, Yann Vacher en propose un cadre compr\u00e9hensif suffisamment explicite et op\u00e9rationnel, qui pourrait venir \u00e9tayer les dispositifs d\u2019analyse \u00e0 vis\u00e9e r\u00e9flexifs. Pour quelle d\u00e9finition de cette approche r\u00e9flexive\u00a0? C\u2019est une r\u00e9flexion \u00e9tay\u00e9e par soi, sur soi et en r\u00e9ponse avec la rencontre d\u2019un sujet et d\u2019un environnement, ayant pour finalit\u00e9 en retour la question de la performance du professionnel en situation et son d\u00e9veloppement. Pour ce faire, la d\u00e9marche r\u00e9flexive se structure autour de trois temps\u00a0: un processus de r\u00e9fl\u00e9chissement (ce qui me vient en premi\u00e8re intention de la situation v\u00e9cue, les faits, les impressions, le v\u00e9cu, etc.), puis de r\u00e9flexion sur ce r\u00e9fl\u00e9chissement et une m\u00e9tar\u00e9flexion venant porter un regard compr\u00e9hensif sur ce que nous engageons dans le processus de r\u00e9flexion. Cette d\u00e9marche s\u2019appuie \u00e0 partir d\u2019un regard distanci\u00e9 sur soi en situation, \u00e9tay\u00e9e par une approche r\u00e9fl\u00e9chie et dialogique, d\u00e9veloppant ainsi une \u00ab\u00a0\u00e9pist\u00e9mologie professionnelle personnelle\u00a0\u00bb. Un exemple est propos\u00e9 par l\u2019auteur et concr\u00e9tise cette d\u00e9marche et cette pratique r\u00e9flexive. Cependant, la situation v\u00e9cue est par nature complexe et l\u2019auteur stipule qu\u2019il serait illusoire de vouloir l\u2019appr\u00e9hender dans une d\u00e9marche de compr\u00e9hension totalement objective et exhaustive. De plus, elle engage le sujet \u00e0 \u00ab\u00a0agir en assumant ses responsabilit\u00e9s\u00a0\u00bb. Ainsi, cela am\u00e8ne \u00e0 s\u2019interroger sur la place accord\u00e9e au sujet en tant qu\u2019acteur de sa r\u00e9ussite et le poids port\u00e9 d\u2019un point de vue psychique sur cette forme d\u2019injonction \u00e0 \u00eatre soi et \u00e0 \u00eatre performant. Cela me renvoie tout naturellement \u00e0 l\u2019\u00e9tude d\u2019Ehrenberg (2000) dans son ouvrage <em>La\u00a0Fatigue d\u2019\u00eatre soi\u00a0: d\u00e9pression et soci\u00e9t\u00e9<\/em>, avec l\u2019ouverture possible vers une souffrance psychique inh\u00e9rente au manque de rep\u00e8res institutionnels pour prendre les bonnes d\u00e9cisions. Ainsi, cette pratique r\u00e9flexive ne pourrait-elle pas \u00eatre une aide pour d\u00e9velopper un soi professionnel suffisamment protecteur du sujet acteur dans sa pratique quotidienne, et de d\u00e9velopper par l\u00e0 m\u00eame son processus de professionnalisation\u00a0? C\u2019est une question que je mets en d\u00e9bat et elle traverse, me semble-t-il, l\u2019ensemble du travail de recherche pr\u00e9sent\u00e9.<\/li>\n<li>Le second point \u00e9tudie le cadre d\u2019analyse des situations v\u00e9cues et s\u2019appuie sur la d\u00e9marche r\u00e9flexive. Nous en pr\u00e9senterons deux essentiellement.\n<ul>\n<li>Ce travail d\u2019analyse se structure \u00e0 partir d\u2019une d\u00e9marche de mise \u00e0 distance de la situation v\u00e9cue. Cette mise \u00e0 distance permet d\u2019engager un travail de r\u00e9flexion portant sur les \u00e9l\u00e9ments significatifs \u00e9mergents et \u00e9tay\u00e9s par un cadre d\u2019analyse, pour un retour sur la pratique en vue de son am\u00e9lioration. L\u2019auteur rel\u00e8ve la place accord\u00e9e \u00e0 \u00ab\u00a0<em>des produits \u00e9mergents en parall\u00e8le de l\u2019activit\u00e9 de rationalisation. Ces \u00e9mergences s\u2019incarnent sous la forme de r\u00e9sonances, d\u2019\u00e9motions, d\u2019associations d\u2019id\u00e9es, de cr\u00e9ativit\u00e9, d\u2019intuition<\/em>\u00bb (p.\u00a036). Nous ne pouvons qu\u2019appuyer cette place accord\u00e9e \u00e0 la subjectivit\u00e9 en appui du travail r\u00e9flexif. Ainsi, le processus d\u2019analyse demeure toujours dans une vis\u00e9e commune de d\u00e9veloppement et d\u2019efficience du professionnel en situation d\u2019exercice et s\u2019inscrit dans une d\u00e9marche de d\u00e9veloppement.<\/li>\n<li>Sur quoi se base le travail r\u00e9flexif qui vise \u00e0 analyser et \u00e0 donner du sens\u00a0? Ou, comme l\u2019\u00e9voque l\u2019auteur, \u00e0 tendre vers une \u00ab\u00a0r\u00e9organisation \u00e9clairante des \u00e9l\u00e9ments \u00e0 partir des liens qui les unissent\u00a0\u00bb. Classiquement, en tant que praticiens en A.P.P., nous \u00e9voquons pr\u00e9f\u00e9rentiellement une approche multidimensionnelle et multir\u00e9f\u00e9rentielle d\u00e9velopp\u00e9e notamment par Ardoino. Cependant, malgr\u00e9 tout l\u2019int\u00e9r\u00eat de cette approche, il est \u00e9voqu\u00e9 toute la difficult\u00e9 pour les participants \u00e0 ma\u00eetriser au minimum l\u2019ensemble des dimensions pouvant \u00eatre convoqu\u00e9es durant la phase d\u2019expression des hypoth\u00e8ses compr\u00e9hensives. L\u2019auteur se positionne ainsi en faveur d\u2019une troisi\u00e8me approche (la seconde \u00e9tant celle propos\u00e9e par Altet, l\u2019approche plurielle), en l\u2019argumentant par le fait qu\u2019il est rare d\u2019avoir en pr\u00e9sence et en m\u00eame temps un panel d\u2019experts. Yann\u00a0Vacher nous apporte alors une vision, semble-t-il, plus r\u00e9aliste tout en demeurant pertinente et op\u00e9rationnelle. C\u2019est l\u2019approche multir\u00e9fl\u00e9chie. Il la pr\u00e9sente comme suit (p.\u00a045)\u00a0: \u00ab\u00a0Dans cette approche, la mati\u00e8re de la r\u00e9flexion se construit \u00e0 partir des savoirs issus des champs disciplinaires, scientifiques, et de l\u2019exp\u00e9rience, des r\u00e9f\u00e9rences qui les fondent, des perspectives propres au sujet qui r\u00e9alisent l\u2019analyse, des donn\u00e9es relatives aux conjectures dans lesquelles s\u2019inscrivent la situation d\u2019analys\u00e9e et enfin de l\u2019\u00e9tude du \u201c<em>voile de subjectivit\u00e9\u201d qui relie l\u2019ensemble et en \u00e9merge.<\/em>\u00bb Et il pr\u00e9cise (p.\u00a046) que le professionnel peut enclencher ce processus de multir\u00e9flexion en le faisant de \u00ab\u00a0<em>fa\u00e7on situ\u00e9e en fonction du niveau de ses propres ressources, de ce que ses interlocuteurs peuvent donner ou coconstruire dans les processus de formation ou d\u2019accompagnement et de sa capacit\u00e9 \u00e0 aller chercher de la connaissance pour amplifier, \u00e9clairer cette perspective g\u00e9n\u00e9rale<\/em>\u00a0\u00bb.<\/li>\n<\/ul>\n<\/li>\n<li>Le dernier point s\u2019int\u00e9resse tout particuli\u00e8rement au dispositif ARPPEGE. Vous y trouverez sa description dans le chapitre\u00a02 de l\u2019ouvrage ainsi qu\u2019une pr\u00e9sentation exhaustive dans le dernier num\u00e9ro th\u00e9matique de la Revue de l\u2019analyse de pratiques professionnelles. L\u2019auteur en pr\u00e9cise l\u2019ensemble des \u00e9tapes et en \u00e9tudie sa port\u00e9e lors du travail de recherche en th\u00e8se. Ce dispositif est int\u00e9ressant, mais peu habituel dans nos pratiques en A.P.P. o\u00f9, bien souvent, le GEASE ou d\u2019autres dispositifs proches sont dominants. Il accompagne les participants dans ce travail d\u2019analyse, en privil\u00e9giant un travail d\u2019\u00e9laboration progressif individuel, puis collectif avec une mise en confrontation, le \u00ab\u00a0chemin faisant\u00a0\u00bb son \u0153uvre\u00a0! Il cadre le travail d\u2019analyse et comme le montrent les r\u00e9sultats de la recherche et les retours d\u2019exp\u00e9rience, il am\u00e8ne un v\u00e9ritable travail d\u2019\u00e9laboration au b\u00e9n\u00e9fice de la pratique professionnelle. Il invite certainement le lecteur \u00e0 l\u2019exp\u00e9rimenter.<\/li>\n<\/ul>\n<h4 style=\"text-align: justify;\"><strong>3.\u00a0\u00a0 Pour quelques r\u00e9flexions compl\u00e9mentaires et critiques<\/strong><\/h4>\n<p style=\"text-align: justify;\">L\u2019\u00e9tude de cet ouvrage me conduit \u00e0 pr\u00e9senter deux r\u00e9flexions compl\u00e9mentaires.<\/p>\n<p style=\"text-align: justify;\">La premi\u00e8re r\u00e9flexion porte sur le positionnement de cette d\u00e9marche r\u00e9flexive dans nos programmes de formation et en quoi elle est un levier suffisamment puissant pour le d\u00e9veloppement de comp\u00e9tences professionnelles. Les r\u00e9sultats obtenus par l\u2019auteur dans son travail de th\u00e8se en d\u00e9montrent clairement sa port\u00e9e. Elle concourt \u00e0 positionner des points d\u2019ancrage dans nos programmes, en donnant du sens aux champs th\u00e9oriques enseign\u00e9s et en inscrivant l\u2019exp\u00e9rience professionnelle comme l\u2019une des ressources \u00e0 mettre en dialogue dans une vis\u00e9e didactique. Le bien-fond\u00e9 de l\u2019alternance int\u00e9grative se situe certainement \u00e0 ce niveau. Elle remet en question aussi la formation des animateurs en A.P.P., dans le sens de la n\u00e9cessit\u00e9 de se former \u00e0 la conduite de groupe en A.P.P.<\/p>\n<p style=\"text-align: justify;\">La seconde r\u00e9flexion s\u2019ouvre vers une autre lecture de cet int\u00e9r\u00eat r\u00e9flexif pour le sujet professionnel et qui est juste \u00e9voqu\u00e9 dans l\u2019ouvrage, \u00e0 savoir une lecture \u00e9thique de cette r\u00e9flexivit\u00e9. En quoi s\u2019inscrire dans cette r\u00e9flexivit\u00e9 concourt-il \u00e0 donner ou \u00e0 redonner du sens au travail qui se veut bien fait, en r\u00e9f\u00e9rence \u00e0 \u00ab\u00a0l\u2019esth\u00e9tisme\u00a0\u00bb de toute activit\u00e9 bien faite\u00a0? Conduire des temps d\u2019A.P.P. redonnerait ainsi une place \u00e0 l\u2019humanit\u00e9 attendue dans tous les milieux de travail et repositionnerait le professionnel comme \u00e9tant, non plus un simple ex\u00e9cutant, mais acteur de son travail, le nourrissant en retour d\u2019une gratification existentielle. La lecture de l\u2019ouvrage me redonne ainsi un espoir \u00e0 pouvoir d\u00e9passer les situations complexes auxquelles on est confront\u00e9 aujourd\u2019hui.<\/p>\n<h4 style=\"text-align: justify;\"><strong>4. Pour conclure une note de lecture qui n\u2019est que le commencement d\u2019une r\u00e9flexion<\/strong><\/h4>\n<p style=\"text-align: justify;\">Je vous invite \u00e0 accueillir le travail de Yann Vacher avec beaucoup d\u2019int\u00e9r\u00eat, voire de curiosit\u00e9 et \u00e0 d\u00e9couvrir une pens\u00e9e positive et dynamique. \u00c0 condition de ne pas rester sur des certitudes pr\u00e9\u00e9tablies, mais \u00e0 se laisser surprendre par des ouvertures possibles. On ne peut qu\u2019en ressortir grandi par ces possibilit\u00e9s qui s\u2019ouvrent pour nos pratiques, que l\u2019on soit animateur de groupe ou participant. Tout en sachant que cette r\u00e9flexivit\u00e9 n\u2019est pas r\u00e9serv\u00e9e uniquement au temps d\u2019A.P.P., mais fait partie d\u2019une forme d\u2019entr\u00e9e en relation avec soi-m\u00eame et avec les autres, en relation aussi avec son travail, comme dans notre quotidien de vie. Merci Yann, pour ton apport et s\u00fbrement vers d\u2019autres publications\u00a0?<\/p>\n<h4><strong>R\u00e9f\u00e9rences bibliographiques<\/strong><\/h4>\n<p>Ehrenberg, A. (2000). <em>La\u00a0Fatigue d\u2019\u00eatre soi\u00a0: d\u00e9pression et soci\u00e9t\u00e9. <\/em>Odile Jacob.<\/p>\n<p>Thi\u00e9baud, M. (2015). Lecture d\u2019un ouvrage r\u00e9cemment paru \u00ab Construire une pratique r\u00e9flexive \u00bb. Revue de l\u2019analyse de pratiques professionnelles, 5, 74-78. <a href=\"http:\/\/www.analysedepratique.org\/?p=1639\">http:\/\/www.analysedepratique.org\/?p=1639<\/a>.<\/p>\n<p>Vacher, Y. (coord.) (2022a). ARPPEGE. <em>Revue de l\u2019analyse de pratiques professionnelles.<\/em> No 22. <a href=\"https:\/\/www.analysedepratique.org\/?p=5278\">https:\/\/www.analysedepratique.org\/?p=5278<\/a>.<\/p>\n<p>Vacher, Y. (2015\/2022b).\u00a0<em>Construire une pratique r\u00e9flexive.\u00a0Comprendre et agir<\/em>. Bruxelles\u00a0: De Boeck.<\/p>\n<p>&nbsp;<\/p>\n<p style=\"text-align: left;\"><b><\/b><a href=\"#\" class=\"shortcode button  \" style=\"background-color: silver;\" target=\"\" onclick=\"\"> Haut de page<\/a>\n<p>&nbsp;<\/p>\n<p>&nbsp;<\/p>\n<p style=\"text-align: left;\"><a href=\"#_ftnref1\" name=\"_ftn1\"><\/a><\/p>\n<div id=\"themify_builder_content-5484\" data-postid=\"5484\" class=\"themify_builder_content themify_builder_content-5484 themify_builder themify_builder_front\">\n\n\t<\/div>\n<!-- \/themify_builder_content -->","protected":false},"excerpt":{"rendered":"<p>&nbsp; Jean Chocat Cadre de sant\u00e9 \u2013 Formateur en soins infirmiers et en pratiques tutorales Limoges Jean.chocat@orange.fr &nbsp; R\u00e9sum\u00e9 Au printemps 2022, est parue la seconde \u00e9dition de l\u2019ouvrage de Yann Vacher, faisant suite \u00e0 une premi\u00e8re \u00e9dition de 2015 et s\u2019intitulant Construire une pratique r\u00e9flexive\u00a0: comprendre et agir. Cette note de lecture met en [&hellip;]<\/p>\n","protected":false},"author":2,"featured_media":0,"comment_status":"open","ping_status":"open","sticky":false,"template":"","format":"standard","meta":{"_jetpack_newsletter_access":"","_jetpack_dont_email_post_to_subs":false,"_jetpack_newsletter_tier_id":0,"_jetpack_memberships_contains_paywalled_content":false,"_jetpack_memberships_contains_paid_content":false,"footnotes":""},"categories":[16,4],"tags":[466,577,31],"class_list":["post-5484","post","type-post","status-publish","format-standard","hentry","category-compte-rendu","category-chocat","tag-arppege","tag-recherche","tag-reflexivite","has-post-title","no-post-date","has-post-category","has-post-tag","has-post-comment","has-post-author"],"jetpack_featured_media_url":"","jetpack_shortlink":"https:\/\/wp.me\/p3VXfJ-1qs","jetpack_sharing_enabled":true,"_links":{"self":[{"href":"https:\/\/www.analysedepratique.org\/index.php?rest_route=\/wp\/v2\/posts\/5484","targetHints":{"allow":["GET"]}}],"collection":[{"href":"https:\/\/www.analysedepratique.org\/index.php?rest_route=\/wp\/v2\/posts"}],"about":[{"href":"https:\/\/www.analysedepratique.org\/index.php?rest_route=\/wp\/v2\/types\/post"}],"author":[{"embeddable":true,"href":"https:\/\/www.analysedepratique.org\/index.php?rest_route=\/wp\/v2\/users\/2"}],"replies":[{"embeddable":true,"href":"https:\/\/www.analysedepratique.org\/index.php?rest_route=%2Fwp%2Fv2%2Fcomments&post=5484"}],"version-history":[{"count":13,"href":"https:\/\/www.analysedepratique.org\/index.php?rest_route=\/wp\/v2\/posts\/5484\/revisions"}],"predecessor-version":[{"id":5712,"href":"https:\/\/www.analysedepratique.org\/index.php?rest_route=\/wp\/v2\/posts\/5484\/revisions\/5712"}],"wp:attachment":[{"href":"https:\/\/www.analysedepratique.org\/index.php?rest_route=%2Fwp%2Fv2%2Fmedia&parent=5484"}],"wp:term":[{"taxonomy":"category","embeddable":true,"href":"https:\/\/www.analysedepratique.org\/index.php?rest_route=%2Fwp%2Fv2%2Fcategories&post=5484"},{"taxonomy":"post_tag","embeddable":true,"href":"https:\/\/www.analysedepratique.org\/index.php?rest_route=%2Fwp%2Fv2%2Ftags&post=5484"}],"curies":[{"name":"wp","href":"https:\/\/api.w.org\/{rel}","templated":true}]}}