{"id":5453,"date":"2022-11-18T21:48:06","date_gmt":"2022-11-18T20:48:06","guid":{"rendered":"https:\/\/www.analysedepratique.org\/?p=5453"},"modified":"2023-11-30T11:15:57","modified_gmt":"2023-11-30T10:15:57","slug":"editorial-numero-thematique-23","status":"publish","type":"post","link":"https:\/\/www.analysedepratique.org\/?p=5453","title":{"rendered":"Editorial &#8211; num\u00e9ro 23"},"content":{"rendered":"<p>&nbsp;<\/p>\n<p>Ch\u00e8res abonn\u00e9es, chers abonn\u00e9s,<\/p>\n<p style=\"text-align: justify;\">Nous avons le plaisir de vous proposer ce nouveau num\u00e9ro varia qui comprend 8 textes. Sa publication s\u2019inscrit dans la continuit\u00e9 des productions de la Revue de l\u2019analyse de pratiques professionnelles &#8211; Regards crois\u00e9s. Vous y trouverez une grande vari\u00e9t\u00e9 d\u2019articles. Elle montre la richesse des dispositifs d\u2019APP avec des r\u00e9f\u00e9rences tr\u00e8s diff\u00e9rentes, dont deux textes avec une approche plus psychanalytique.<\/p>\n<p style=\"text-align: justify;\">Le premier concerne un entretien qu\u2019a men\u00e9 Bernard Delattre avec Fran\u00e7oise Bott\u00e9-Allain. Celle-ci rend compte d\u2019une recherche sur la place et les effets des groupes d\u2019analyse de pratiques pour les personnels de direction qui passent du statut d\u2019enseignant \u00e0 celui de chef d\u2019\u00e9tablissement. Les dispositifs d\u2019APP sont ainsi convoqu\u00e9s pour explorer les relations avec autrui mais aussi avec soi-m\u00eame, notamment le Soutien Au Soutien de Jacques L\u00e9vine, largement d\u00e9taill\u00e9 par Fran\u00e7oise Bott\u00e9-Allain.<\/p>\n<p style=\"text-align: justify;\">Pour poursuivre avec les r\u00e9f\u00e9rences \u00e0 la psychanalyse, le deuxi\u00e8me article \u00e9crit par Yves-F\u00e9lix Montagne montre comment cette r\u00e9f\u00e9rence particuli\u00e8re peut \u00eatre utilis\u00e9e par un groupe qui en maitrise bien les fondamentaux.<\/p>\n<p style=\"text-align: justify;\">Lennize Pereira Paulo, Marie-Paule Vannier et Florence Puch pr\u00e9sentent un dispositif relativement innovant d\u2019analyse de pratique dans lequel interviennent des patients dits \u00ab experts \u00bb aux c\u00f4t\u00e9s des soignants.<\/p>\n<p style=\"text-align: justify;\">Dans son article, Fr\u00e9d\u00e9ric Charrin retrace \u00e9tape par \u00e9tape, le cheminement tr\u00e8s personnel qui l\u2019a conduit \u00e0 la r\u00e9daction et \u00e0 l\u2019utilisation dans son institution d\u2019un guide m\u00e9thodologique pour animer les dispositifs d\u2019APP (guide qui est annex\u00e9 \u00e0 son article).<\/p>\n<p style=\"text-align: justify;\">Le temps post formation \u00e0 l\u2019analyse des pratiques professionnelle est interrog\u00e9 par un collectif d\u2019auteurs (Val\u00e9rie Chazalon, Sara Creissen, Magali Fontanille, Sabine Leroy, Matthieu Wailly et Serge Weber). Sur la base de r\u00e9cits \u00e9crits par les participants \u00e0 l\u2019issue d\u2019un stage d\u2019APP, il apparait que trois dimensions fortes se retrouvent dans tous les v\u00e9cus.<\/p>\n<p style=\"text-align: justify;\">Dans le dernier article, St\u00e9phanie Mauduit, Bernard Alix et Soulayman Abdoul Vagabou nous font part de leur nouvelle exp\u00e9rience : l\u2019utilisation du distanciel dans un s\u00e9minaire d\u2019analyse de pratiques en master. Les auteurs nous montrent avec beaucoup de pr\u00e9cision comment ils se sont adapt\u00e9s \u00e0 cette situation in\u00e9dite de formation \u00e0 distance.<\/p>\n<p style=\"text-align: justify;\">\u00c0 la fin de ce num\u00e9ro, le lecteur trouvera deux notes de lectures. Dans la premi\u00e8re note, Jean Chocat nous pr\u00e9sente sa vision singuli\u00e8re de la r\u00e9\u00e9dition de l\u2019ouvrage de Yann Vacher (Construire une pratique r\u00e9flexive).<\/p>\n<p style=\"text-align: justify;\">La seconde note propos\u00e9e par Denis Loizon met en \u00e9vidence plusieurs originalit\u00e9s de l\u2019ouvrage co-\u00e9crit par Sephora Boucenna, Marc Thiebaud et Yann Vacher (Comment accompagner avec l\u2019analyse de pratiques professionnelles ?).<\/p>\n<p style=\"text-align: justify;\">Nous vous souhaitons une excellente lecture. Que ce num\u00e9ro aide \u00e0 mieux comprendre la richesse et la diversit\u00e9 des dispositifs d\u2019APP au service de tous !<\/p>\n<p style=\"text-align: justify;\">Pour l\u2019\u00e9quipe de la revue de l\u2019APP<\/p>\n<p>Denis Loizon<\/p>\n<p>Coordinateur du num\u00e9ro 23<\/p>\n<p>&nbsp;<\/p>\n<div id=\"themify_builder_content-5453\" data-postid=\"5453\" class=\"themify_builder_content themify_builder_content-5453 themify_builder themify_builder_front\">\n\n\t<\/div>\n<!-- \/themify_builder_content -->","protected":false},"excerpt":{"rendered":"<p>&nbsp; Ch\u00e8res abonn\u00e9es, chers abonn\u00e9s, Nous avons le plaisir de vous proposer ce nouveau num\u00e9ro varia qui comprend 8 textes. Sa publication s\u2019inscrit dans la continuit\u00e9 des productions de la Revue de l\u2019analyse de pratiques professionnelles &#8211; Regards crois\u00e9s. Vous y trouverez une grande vari\u00e9t\u00e9 d\u2019articles. Elle montre la richesse des dispositifs d\u2019APP avec des [&hellip;]<\/p>\n","protected":false},"author":2,"featured_media":0,"comment_status":"open","ping_status":"open","sticky":false,"template":"","format":"standard","meta":{"_jetpack_newsletter_access":"","_jetpack_dont_email_post_to_subs":false,"_jetpack_newsletter_tier_id":0,"_jetpack_memberships_contains_paywalled_content":false,"_jetpack_memberships_contains_paid_content":false,"footnotes":""},"categories":[40],"tags":[],"class_list":["post-5453","post","type-post","status-publish","format-standard","hentry","category-editorial","has-post-title","no-post-date","has-post-category","has-post-tag","has-post-comment","has-post-author"],"jetpack_featured_media_url":"","jetpack_shortlink":"https:\/\/wp.me\/p3VXfJ-1pX","jetpack_sharing_enabled":true,"_links":{"self":[{"href":"https:\/\/www.analysedepratique.org\/index.php?rest_route=\/wp\/v2\/posts\/5453","targetHints":{"allow":["GET"]}}],"collection":[{"href":"https:\/\/www.analysedepratique.org\/index.php?rest_route=\/wp\/v2\/posts"}],"about":[{"href":"https:\/\/www.analysedepratique.org\/index.php?rest_route=\/wp\/v2\/types\/post"}],"author":[{"embeddable":true,"href":"https:\/\/www.analysedepratique.org\/index.php?rest_route=\/wp\/v2\/users\/2"}],"replies":[{"embeddable":true,"href":"https:\/\/www.analysedepratique.org\/index.php?rest_route=%2Fwp%2Fv2%2Fcomments&post=5453"}],"version-history":[{"count":3,"href":"https:\/\/www.analysedepratique.org\/index.php?rest_route=\/wp\/v2\/posts\/5453\/revisions"}],"predecessor-version":[{"id":5719,"href":"https:\/\/www.analysedepratique.org\/index.php?rest_route=\/wp\/v2\/posts\/5453\/revisions\/5719"}],"wp:attachment":[{"href":"https:\/\/www.analysedepratique.org\/index.php?rest_route=%2Fwp%2Fv2%2Fmedia&parent=5453"}],"wp:term":[{"taxonomy":"category","embeddable":true,"href":"https:\/\/www.analysedepratique.org\/index.php?rest_route=%2Fwp%2Fv2%2Fcategories&post=5453"},{"taxonomy":"post_tag","embeddable":true,"href":"https:\/\/www.analysedepratique.org\/index.php?rest_route=%2Fwp%2Fv2%2Ftags&post=5453"}],"curies":[{"name":"wp","href":"https:\/\/api.w.org\/{rel}","templated":true}]}}