{"id":5450,"date":"2022-11-18T21:46:11","date_gmt":"2022-11-18T20:46:11","guid":{"rendered":"https:\/\/www.analysedepratique.org\/?p=5450"},"modified":"2022-11-24T12:42:57","modified_gmt":"2022-11-24T11:42:57","slug":"numero-2-novembre-2023","status":"publish","type":"post","link":"https:\/\/www.analysedepratique.org\/?p=5450","title":{"rendered":"Num\u00e9ro 23 &#8211; novembre 2022"},"content":{"rendered":"<p>&nbsp;<\/p>\n<hr \/>\n<p style=\"text-align: center;\"><span style=\"color: #821212;\">Vous appr\u00e9ciez les articles publi\u00e9s dans la revue ?<\/span><\/p>\n<p style=\"text-align: center;\"><span style=\"color: #821212;\">Les t\u00e2ches requises pour la parution de la revue sont assur\u00e9es b\u00e9n\u00e9volement, cependant<\/span><br \/>\n<span style=\"color: #821212;\">des frais doivent \u00eatre assum\u00e9s pour la diffusion et l&rsquo;h\u00e9bergement des textes sur Internet.<\/span><\/p>\n<p style=\"text-align: center;\"><span style=\"color: #821212;\">Si vous souhaitez soutenir l&rsquo;existence de la revue, vous avez la possibilit\u00e9<\/span><br \/>\n<span style=\"color: #821212;\">de faire parvenir un don, m\u00eame modeste, via la page\u00a0\u00a0<a style=\"color: #821212;\" href=\"http:\/\/www.analysedepratique.org\/?page_id=27\">SOUTIEN<\/a>.<\/span><\/p>\n<p style=\"text-align: center;\"><span style=\"color: #821212;\">En tant que donateur, vous recevrez un acc\u00e8s \u00e0 chaque num\u00e9ro paru en fichier PDF int\u00e9gral.\u00a0<\/span><\/p>\n<hr \/>\n<p style=\"text-align: center;\"><strong>\u00a0<\/strong><\/p>\n<p><a href=\"https:\/\/www.analysedepratique.org\/?p=5453\">Editorial<\/a><\/p>\n<p><a href=\"https:\/\/www.analysedepratique.org\/?p=5458\">Fran\u00e7oise Bott\u00e9-Allain et Bernard Delattre <\/a><\/p>\n<p><em>Du Soutien au soutien chez des personnels de direction de l\u2019\u00c9ducation Nationale<\/em><\/p>\n<p><a href=\"https:\/\/www.analysedepratique.org\/?p=5465\">Yves-F\u00e9lix Montagne<\/a><\/p>\n<p><em>Tenir l\u2019orientation de la psychanalyse dans la conception et l\u2019animation des GPAP (Groupes de Parole et d\u2019Analyse de Pratique)<\/em><\/p>\n<p><a href=\"https:\/\/www.analysedepratique.org\/?p=5467\">Lennize Pereira Paulo, Marie-Paule Vannier et Florence Puch<\/a><\/p>\n<p><em>Groupe d\u2019Analyse de Pratique &#8211; Expertise Patient (GAP-ExP) : une innovation contributive \u00e0 la professionnalisation des patients<\/em><\/p>\n<p><a href=\"https:\/\/www.analysedepratique.org\/?p=5455\">Fr\u00e9d\u00e9ric Charrin<\/a><\/p>\n<p><em>Conception sur mesure d\u2019un guide d\u2019animation pour les APP dans une \u00e9cole sup\u00e9rieure<\/em><\/p>\n<p><a href=\"https:\/\/www.analysedepratique.org\/?p=5488\">Serge Weber, Val\u00e9rie Chazalon, Magali Fontanille, Sabine Leroy, Mathieu Wailly et Sara Creissen<\/a><\/p>\n<p><em>Formation \u00e0 l\u2019analyse de pratiques professionnelles et l\u2019apr\u00e8s : regards crois\u00e9s<\/em><\/p>\n<p><a href=\"https:\/\/www.analysedepratique.org\/?p=5490\">St\u00e9phanie Mauduit, Bernard Alix et Soulayman Abdoul Vagabou<\/a><\/p>\n<p><em>Quand le distanciel s\u2019invite au sein d\u2019un s\u00e9minaire universitaire d\u2019Analyse de Pratiques Professionnelles orient\u00e9 vers l\u2019\u00e9laboration d\u2019un objet symbolique<\/em><\/p>\n<p><a href=\"https:\/\/www.analysedepratique.org\/?p=5484\">Jean Chocat<\/a><\/p>\n<p><em>Note de lecture\u00a0: \u00e0 la rencontre d\u2019un \u00ab\u00a0attracteur \u00e9trange\u00a0\u00bb qu\u2019est la r\u00e9flexivit\u00e9, et son application dans le dispositif ARPPEGE<\/em><\/p>\n<p><a href=\"https:\/\/www.analysedepratique.org\/?p=5486\">Denis Loizon<\/a><\/p>\n<p><em>Note de lecture\u00a0: une \u00e9thique professionnelle qui vise le d\u00e9veloppement du pouvoir d\u2019agir dans les d\u00e9marches d\u2019APP<\/em><\/p>\n<p>&nbsp;<\/p>\n<p>&nbsp;<\/p>\n<div id=\"themify_builder_content-5450\" data-postid=\"5450\" class=\"themify_builder_content themify_builder_content-5450 themify_builder themify_builder_front\">\n\n\t<\/div>\n<!-- \/themify_builder_content -->","protected":false},"excerpt":{"rendered":"<p>&nbsp; Vous appr\u00e9ciez les articles publi\u00e9s dans la revue ? Les t\u00e2ches requises pour la parution de la revue sont assur\u00e9es b\u00e9n\u00e9volement, cependant des frais doivent \u00eatre assum\u00e9s pour la diffusion et l&rsquo;h\u00e9bergement des textes sur Internet. Si vous souhaitez soutenir l&rsquo;existence de la revue, vous avez la possibilit\u00e9 de faire parvenir un don, m\u00eame [&hellip;]<\/p>\n","protected":false},"author":2,"featured_media":0,"comment_status":"open","ping_status":"open","sticky":false,"template":"","format":"standard","meta":{"_jetpack_newsletter_access":"","_jetpack_dont_email_post_to_subs":false,"_jetpack_newsletter_tier_id":0,"_jetpack_memberships_contains_paywalled_content":false,"_jetpack_memberships_contains_paid_content":false,"footnotes":""},"categories":[1],"tags":[],"class_list":["post-5450","post","type-post","status-publish","format-standard","hentry","category-non-classe","has-post-title","no-post-date","has-post-category","has-post-tag","has-post-comment","has-post-author"],"jetpack_featured_media_url":"","jetpack_shortlink":"https:\/\/wp.me\/p3VXfJ-1pU","jetpack_sharing_enabled":true,"_links":{"self":[{"href":"https:\/\/www.analysedepratique.org\/index.php?rest_route=\/wp\/v2\/posts\/5450","targetHints":{"allow":["GET"]}}],"collection":[{"href":"https:\/\/www.analysedepratique.org\/index.php?rest_route=\/wp\/v2\/posts"}],"about":[{"href":"https:\/\/www.analysedepratique.org\/index.php?rest_route=\/wp\/v2\/types\/post"}],"author":[{"embeddable":true,"href":"https:\/\/www.analysedepratique.org\/index.php?rest_route=\/wp\/v2\/users\/2"}],"replies":[{"embeddable":true,"href":"https:\/\/www.analysedepratique.org\/index.php?rest_route=%2Fwp%2Fv2%2Fcomments&post=5450"}],"version-history":[{"count":6,"href":"https:\/\/www.analysedepratique.org\/index.php?rest_route=\/wp\/v2\/posts\/5450\/revisions"}],"predecessor-version":[{"id":5574,"href":"https:\/\/www.analysedepratique.org\/index.php?rest_route=\/wp\/v2\/posts\/5450\/revisions\/5574"}],"wp:attachment":[{"href":"https:\/\/www.analysedepratique.org\/index.php?rest_route=%2Fwp%2Fv2%2Fmedia&parent=5450"}],"wp:term":[{"taxonomy":"category","embeddable":true,"href":"https:\/\/www.analysedepratique.org\/index.php?rest_route=%2Fwp%2Fv2%2Fcategories&post=5450"},{"taxonomy":"post_tag","embeddable":true,"href":"https:\/\/www.analysedepratique.org\/index.php?rest_route=%2Fwp%2Fv2%2Ftags&post=5450"}],"curies":[{"name":"wp","href":"https:\/\/api.w.org\/{rel}","templated":true}]}}