{"id":5298,"date":"2022-03-07T13:22:19","date_gmt":"2022-03-07T12:22:19","guid":{"rendered":"https:\/\/www.analysedepratique.org\/?p=5298"},"modified":"2022-03-31T10:57:21","modified_gmt":"2022-03-31T09:57:21","slug":"le-journal-de-bord-reflexif-comme-adaptation-du-dispositif-arppege-pour-susciter-la-reflexivite-et-le-developpement-professionnel-des-conseilleres-pedagogiques-en-formation-continue","status":"publish","type":"post","link":"https:\/\/www.analysedepratique.org\/?p=5298","title":{"rendered":"Le journal de bord r\u00e9flexif\u00a0comme adaptation du dispositif ARPPEGE pour susciter la r\u00e9flexivit\u00e9 et le d\u00e9veloppement professionnel des conseill\u00e8res p\u00e9dagogiques en formation continue"},"content":{"rendered":"<p>&nbsp;<\/p>\n<table style=\"height: 95px;\" border=\"0\" width=\"667\" cellspacing=\"0\" cellpadding=\"0\">\n<tbody>\n<tr>\n<td valign=\"top\" width=\"319\">\n<h3><em><strong>Sylvie Normandeau<\/strong><\/em><\/h3>\n<p><em>Ressource professorale, Universit\u00e9 de Sherbrooke, Qu\u00e9bec, Canada<br \/>\n<\/em><em><a href=\"mailto:sylvie.normandeau@usherbrooke.ca\">sylvie.normandeau@usherbrooke.ca<\/a><\/em><\/td>\n<td valign=\"top\" width=\"307\">\n<h3><em><strong>Isabelle Vachon<\/strong><\/em><\/h3>\n<p><em>Ressource professorale, Universit\u00e9 de Sherbrooke, Qu\u00e9bec, Canada<\/em><br \/>\n<em><a href=\"mailto:isabelle.vachon@usherbrooke.ca\">isabelle.vachon@usherbrooke.ca<\/a><\/em><\/td>\n<\/tr>\n<\/tbody>\n<\/table>\n<p>&nbsp;<\/p>\n<h4><i>R\u00e9sum\u00e9<\/i><\/h4>\n<p style=\"text-align: justify;\">Cet article pr\u00e9sente la cr\u00e9ation et l\u2019analyse des effets d\u2019un journal de bord qui reprend les diff\u00e9rentes phases d&rsquo;une s\u00e9ance ARPPEGE (Vacher, 2015, 2022a). Cette innovation p\u00e9dagogique permet aux \u00e9tudiant(e)s d\u2019utiliser l\u2019\u00e9crit pour construire et d\u00e9velopper une pratique r\u00e9flexive, et ce en partant d\u2019une situation professionnelle v\u00e9cue qui les interroge. Cet article vise \u00e0 \u00e9clairer les sauts qualitatifs engendr\u00e9s par l\u2019\u00e9criture tout au long du dispositif, t\u00e9moignant tous d\u2019une analyse multir\u00e9fl\u00e9chie et syst\u00e9mique suscit\u00e9e par le processus (Vacher, 2015). Les textes produits par les \u00e9tudiants(e)s sont analys\u00e9s par une approche de th\u00e9orisation ancr\u00e9e. Cette derni\u00e8re permet de documenter les sauts qualitatifs et ainsi de mieux comprendre les effets du journal de bord sur le d\u00e9veloppement de la r\u00e9flexivit\u00e9 chez les \u00e9tudiants(e)s.<\/p>\n<h5><em>Mots-cl\u00e9s\u00a0<\/em><\/h5>\n<p>conseiller p\u00e9dagogique, journal de bord r\u00e9flexif, saut qualitatif, innovation p\u00e9dagogique, d\u00e9veloppement professionnel<\/p>\n<h5><em>Cat\u00e9gorie d&rsquo;article\u00a0<\/em><\/h5>\n<p>Travail de recherche, t\u00e9moignage<\/p>\n<h5><em>R\u00e9f\u00e9rencement\u00a0<\/em><\/h5>\n<p style=\"text-align: justify;\">Normandeau, S. et Vachon, I. (2022). Le Journal de bord r\u00e9flexif\u00a0comme adaptation du dispositif ARPPEGE pour susciter la r\u00e9flexivit\u00e9 et le d\u00e9veloppement professionnel des conseill\u00e8res p\u00e9dagogiques en formation continue. <em>Revue de l\u2019analyse de pratiques professionnelles<\/em>, 22, 20-38. <u>http:\/\/www.analysedepratique.org\/?p=5298<\/u>.<\/p>\n<hr class=\"shortcode hr light-gray\" style=\"border-width:1px;\" \/>\n<p><a href=\"http:\/\/www.analysedepratique.org\/wp-content\/uploads\/normandeau-vachon-revue-app-mars2022.pdf\"><img loading=\"lazy\" decoding=\"async\" class=\"alignnone\" src=\"https:\/\/www.analysedepratique.org\/wp-content\/uploads\/download-icon.png\" alt=\"download-icon\" width=\"24\" height=\"29\" \/><\/a><a href=\"http:\/\/www.analysedepratique.org\/wp-content\/uploads\/normandeau-vachon-revue-app-mars2022.pdf\">Article en PDF<\/a> \u00a0\u00a0 \u00a0 \u00a0 \u00a0 \u00a0\u00a0 <a href=\"#co\"><img loading=\"lazy\" decoding=\"async\" src=\"https:\/\/www.analysedepratique.org\/wp-content\/uploads\/et-info-comment.png\" alt=\"et-info-comment\" width=\"30\" height=\"31\" \/><\/a>\u00a0<a href=\"#co\">Commentaires<\/a><\/p>\n<hr \/>\n<h5><strong><em>The reflexive logbook as an adaptation of the ARPPEGE device to encourage reflexivity and professional development of educational advisors in continuing education&#8230;<\/em><\/strong><\/h5>\n<h5><em>Abstract<\/em><\/h5>\n<p style=\"text-align: justify;\">This article presents the creation and the analysis of the effects of a logbook that includes the different phases of an ARPPEGE session (Vacher 2015, 2022a). This pedagogical innovation allows students to use writing to build and develop a reflective practice, starting from a real-life professional situation that questions them. This article aims to shed light on the qualitative leaps generated by the writing throughout the process, all testifying to a multi-reflexive and systemic analysis generated by the process (Vacher, (2015). The texts produced by the students are analysed using a grounded theorising approach. The latter allows for the documentation of qualitative leaps and thus a better understanding of the effects of the logbook on the development of reflexivity among students.<\/p>\n<h5><em>Keywords<\/em><\/h5>\n<p>educational consultant, reflective logbook, qualitative leap, educational innovation, professional development<\/p>\n<hr \/>\n<p>&nbsp;<\/p>\n<p style=\"text-align: justify;\">[toc]<\/p>\n<h4><strong>1. Introduction <\/strong><\/h4>\n<p style=\"text-align: justify;\">Nous sommes deux ressources professorales du dipl\u00f4me d\u2019\u00e9tudes sup\u00e9rieures sp\u00e9cialis\u00e9es en conseillance p\u00e9dagogique de l\u2019Universit\u00e9 de Sherbrooke qui se forment au d\u00e9veloppement de la pratique r\u00e9flexive, notamment \u00e0 travers les diff\u00e9rents ateliers offerts par Yann Vacher, docteur en sciences de l\u2019\u00e9ducation et professeur agr\u00e9g\u00e9 \u00e0 l\u2019Universit\u00e9 de Corse. Le dispositif ARPPEGE (<strong>A<\/strong>nalyse <strong>R<\/strong>\u00e9flexive de <strong>P<\/strong>ratiques <strong>P<\/strong>rofessionnelles <strong>E<\/strong>n <strong>G<\/strong>roupe d\u2019<strong>E<\/strong>change) propos\u00e9 par Vacher (2015) nous interpelle puisqu\u2019il vise le d\u00e9veloppement professionnel qui est aussi l\u2019objectif principal du cours que nous enseignons. Le dispositif ARPPEGE vise le d\u00e9veloppement d\u2019une pratique r\u00e9flexive qui se d\u00e9finit comme\u00a0: <em>\u00ab une capacit\u00e9 \u00e0 d\u00e9velopper une r\u00e9flexion syst\u00e9matique, reproductible, \u00e9volutive et autonome pour agir, se transformer en vue d\u2019accepter la complexit\u00e9, de l\u2019affronter en acte et de l\u2019int\u00e9grer pour agir, se transformer \u00bb<\/em> (Vacher, 2015, p. 71). Nous nous sommes inspir\u00e9es de son dispositif pour cr\u00e9er un journal de bord qui reprend les diff\u00e9rentes phases v\u00e9cues lors d\u2019une s\u00e9ance ARPPEGE. Cette innovation p\u00e9dagogique permet aux \u00e9tudiants et \u00e9tudiantes d\u2019utiliser l\u2019\u00e9crit pour construire et d\u00e9velopper une pratique r\u00e9flexive, et ce, en partant d\u2019une situation professionnelle v\u00e9cue qui les interroge.<\/p>\n<p style=\"text-align: justify;\">Cette communication vise \u00e0 \u00e9clairer les sauts qualitatifs engendr\u00e9s par l\u2019\u00e9criture tout au long du dispositif. Ceux-ci pr\u00e9sents dans les \u00e9crits du journal de bord t\u00e9moignent d\u2019une analyse multir\u00e9fl\u00e9chie et syst\u00e9mique suscit\u00e9e par le processus\u2009; ils concourent au d\u00e9veloppement de la pratique r\u00e9flexive. Les textes produits par les \u00e9tudiantes<a href=\"#_ftn1\" name=\"_ftnref1\">[1]<\/a> seront analys\u00e9s par une approche de th\u00e9orisation ancr\u00e9e (Paill\u00e9, 1994) en \u00e9tablissant des liens entre le contenu des \u00e9crits et l\u2019analyse qui en \u00e9merge. La th\u00e9orisation obtenue permettra de documenter les sauts qualitatifs et ainsi de mieux comprendre les effets du journal de bord sur le d\u00e9veloppement de la r\u00e9flexivit\u00e9 chez les \u00e9tudiantes. Ces r\u00e9sultats nous fourniront \u00e9galement des cl\u00e9s pour mieux les soutenir dans ce processus d\u00e9veloppemental.<\/p>\n<h4 style=\"text-align: justify;\"><strong>2. Contexte <\/strong><\/h4>\n<p style=\"text-align: justify;\">Depuis 2008, un microprogramme de deuxi\u00e8me cycle en conseillance p\u00e9dagogique \u00e0 l\u2019universit\u00e9 de Sherbrooke a vu le jour afin d\u2019offrir aux CP un d\u00e9veloppement professionnel continu leur permettant de satisfaire aux exigences de la profession. En 2020, le microprogramme s\u2019est transform\u00e9 en dipl\u00f4me d\u2019\u00e9tudes sup\u00e9rieures sp\u00e9cialis\u00e9es (DESS) afin de mieux r\u00e9pondre \u00e0 la complexit\u00e9 croissante de la profession.<\/p>\n<p style=\"text-align: justify;\">Au quotidien, les conseill\u00e8res p\u00e9dagogiques \u0153uvrent dans des situations professionnelles\u00a0qualifi\u00e9es d\u2019embl\u00e9matiques \u00e0 savoir\u00a0: conseiller, former, accompagner, innover (Guillemette, Vachon, Guertin, 2019). Dans chacune de ces situations professionnelles, la prise de recul est pr\u00e9sente et y occupe un r\u00f4le essentiel. Dans le DESS, ces situations professionnelles sont exploit\u00e9es de fa\u00e7on \u00e0 \u00eatre en appui \u00e0 la formation. Les situations professionnelles en conseillance am\u00e8nent les CP \u00e0 mobiliser et \u00e0 combiner des ressources\u2009; ceci a pour effet d\u2019accro\u00eetre leur professionnalisation. Par professionnalisation, nous entendons <em>\u00ab un processus dynamique et continu qui permet de d\u00e9velopper sa pratique, seul ou en coll\u00e9gialit\u00e9, en ayant un objectif de d\u00e9veloppement professionnel li\u00e9 \u00e0 ses fonctions de travail \u00bb<\/em>. (Guillemette, Vachon et Guertin, 2019, p.63). Le d\u00e9veloppement professionnel continu des CP les conduit \u00e0 effectuer des prises de recul sur leur agir. Ces mises \u00e0 distance se font \u00ab <em>aussi bien par rapport aux situations rencontr\u00e9es que par rapport \u00e0 ses propres pratiques.<\/em> \u00bb (Le Boterf, 2007, p.102).<\/p>\n<p style=\"text-align: justify;\">Dans les cours du DESS en conseillance p\u00e9dagogique, plusieurs activit\u00e9s d\u2019apprentissage sont d\u00e9velopp\u00e9es pour favoriser le d\u00e9veloppement de la pratique r\u00e9flexive \u00e0 m\u00eame les situations professionnelles r\u00e9elles. <em>\u00ab La pratique r\u00e9flexive se caract\u00e9rise par la mobilisation compl\u00e9mentaire de trois modes d\u2019appr\u00e9hension du v\u00e9cu\u00a0: le r\u00e9fl\u00e9chissement, la r\u00e9flexion et la m\u00e9tar\u00e9flexion\u00a0\u00bb<\/em> (Vacher, 2015, p.\u00a051). Nous dispensons le cours\u00a0CNS-803, Intervention en d\u00e9veloppement professionnel. Une de nos intentions p\u00e9dagogiques est d\u2019accompagner les \u00e9tudiantes dans le d\u00e9passement de la r\u00e9flexion pour aller vers la r\u00e9flexivit\u00e9. \u00ab <em>La r\u00e9flexivit\u00e9 [\u2026] est \u00e0 la fois r\u00e9flexion sur la situation et r\u00e9flexion sur la r\u00e9flexion<\/em> \u00bb (Vacher,\u00a02011, p.68).<\/p>\n<p style=\"text-align: justify;\">Dans ce contexte, l\u2019\u00e9tudiante se prend elle-m\u00eame comme objet de r\u00e9flexion. Elle est invit\u00e9e \u00e0 d\u00e9laisser, pour un moment au moins, la r\u00e9solution des probl\u00e8mes rencontr\u00e9s afin de s\u2019orienter vers une analyse multir\u00e9fl\u00e9chie. Comme Vacher (2014) le mentionne, cette approche permet \u00e0 l\u2019\u00e9tudiante de se d\u00e9velopper en fonction des ressources qu\u2019elle poss\u00e8de. De plus, les possibilit\u00e9s d\u2019\u00e9change, d\u2019analyse et d\u2019interrogation de l\u2019analyse avec les autres \u00e9tudiantes deviennent des opportunit\u00e9s de vivre l\u2019approche favorisant l\u2019analyse multir\u00e9fl\u00e9chie. Cette approche \u00e9claire <em>\u00ab la complexit\u00e9 des strates de l\u2019analyse, mais aussi des liens qui les unissent \u00bb<\/em> Vacher,\u00a02014, p.31). Afin de r\u00e9aliser nos intentions p\u00e9dagogiques, nous avons retenu l\u2019analyse de pratiques professionnelles (APP) par le dispositif de Vacher (2015). Ce dispositif ARPPEGE nous permet de placer les \u00e9tudiantes au centre du processus d\u2019analyse de pratiques. Ainsi nous faisons la promotion d\u2019une valeur commune, ch\u00e8re \u00e0 notre pratique professorale\u00a0: la collaboration. Nous souhaitons que les \u00e9tudiantes du groupe apportent des \u00e9clairages diff\u00e9rents, exempts de jugements, d\u2019une m\u00eame situation, \u00e0 l\u2019\u00e9tudiante qui partage sa situation v\u00e9cue.<\/p>\n<p style=\"text-align: justify;\">Nous invitons les \u00e9tudiantes \u00e0 vivre le dispositif original lors d\u2019un cours d\u2019une dur\u00e9e de trois heures plac\u00e9es \u00e0 la fin de la session. Cette s\u00e9ance profite \u00e0 toutes les \u00e9tudiantes, quel que soit le r\u00f4le qu\u2019elles assument au cours de celle-ci soit\u00a0: l\u2019autoanalyse et la compr\u00e9hension du processus r\u00e9flexif \u00e0 travers les phases v\u00e9cues par l\u2019autre lors de la s\u00e9ance. Nous sommes conscientes qu\u2019une seule s\u00e9ance n\u2019est pas suffisante pour en retirer tous les effets\u2009; nous leur proposons donc de faire l\u2019exp\u00e9rience du journal de bord r\u00e9flexif adapt\u00e9 d\u2019ARPPEGE.<\/p>\n<p style=\"text-align: justify;\">Nous nous inspirons du courant humaniste (Marc et Cailleau, 2018). Nous croyons au potentiel de chacune et honorons l\u2019autonomie et la capacit\u00e9 des \u00e9tudiantes \u00e0 se professionnaliser dans un chemin qu\u2019elles d\u00e9cident de suivre.<\/p>\n<p style=\"text-align: justify;\">Le tableau ci-apr\u00e8s met en relation les diff\u00e9rentes phases du dispositif ARPPEGE tel que pr\u00e9sent\u00e9 par Vacher (2015) et l\u2019innovation p\u00e9dagogique que repr\u00e9sente le journal de bord r\u00e9flexif qui s\u2019en inspire.<\/p>\n<table style=\"width: 677px; border-style: solid;\" width=\"677\">\n<tbody>\n<tr>\n<td style=\"width: 111px; border-style: solid; text-align: left; vertical-align: top;\" width=\"113\">Phase et contenu du dispositif ARPPEGE<\/td>\n<td style=\"width: 58px; border-style: solid; text-align: left; vertical-align: top;\" width=\"57\">Dur\u00e9e<\/td>\n<td style=\"width: 131px; border-style: solid; text-align: left; vertical-align: top;\" width=\"131\">Phase et contenu du journal de bord r\u00e9flexif<\/td>\n<td style=\"width: 99px; border-style: solid; text-align: left; vertical-align: top;\" width=\"96\">Dur\u00e9e<\/td>\n<td style=\"width: 261px; border-style: solid; text-align: left; vertical-align: top;\" width=\"216\">\u00a0Innovation apport\u00e9e au dispositif original<\/td>\n<\/tr>\n<tr>\n<td style=\"width: 111px; border-style: solid; text-align: left; vertical-align: top;\" width=\"113\">Phase 0\u00a0: Pr\u00e9sentation de la s\u00e9ance\u00a0: objectif, principes et r\u00e8gles de fonctionne-ment<\/td>\n<td style=\"width: 58px; border-style: solid; text-align: left; vertical-align: top;\" width=\"57\">0-10\u2019<\/td>\n<td style=\"width: 131px; border-style: solid; text-align: left; vertical-align: top;\" width=\"131\">\n<p>Phase\u00a00\u00a0:<\/p>\n<p>Pr\u00e9sentation par vid\u00e9o du journal de bord et du cadre th\u00e9orique qui le soutient<\/td>\n<td style=\"width: 99px; border-style: solid; text-align: left; vertical-align: top;\" width=\"96\">2 capsules vid\u00e9o de 10\u2019<\/td>\n<td style=\"width: 261px; border-style: solid; text-align: left; vertical-align: top;\" width=\"216\">La pr\u00e9sentation du journal de bord se fait en individuel au moment choisi par l\u2019\u00e9tudiante lors de la premi\u00e8re semaine du cours<\/td>\n<\/tr>\n<tr>\n<td style=\"width: 111px; border-style: solid; text-align: left; vertical-align: top;\" width=\"113\">\n<p>Phase\u00a01\u00a0:<\/p>\n<p>R\u00e9cit d\u2019une situation ou d\u2019une pratique par l\u2019exposant<\/td>\n<td style=\"width: 58px; border-style: solid; text-align: left; vertical-align: top;\" width=\"57\">5-15\u2019<\/td>\n<td style=\"width: 131px; border-style: solid; text-align: left; vertical-align: top;\" width=\"131\">\n<p>Phase\u00a01\u00a0:<\/p>\n<p>\u00c9criture d\u2019un r\u00e9cit d\u2019une situation qui interroge ou qui pose probl\u00e8me<\/td>\n<td style=\"width: 99px; border-style: solid; text-align: left; vertical-align: top;\" width=\"96\">\n<p>\u00c0 r\u00e9diger avant la 2<sup>e<\/sup>\u00a0ren-contre<\/p>\n<p>(3 semaines)<\/td>\n<td style=\"width: 261px; border-style: solid; text-align: left; vertical-align: top;\" width=\"216\">Le r\u00e9cit se fait \u00e0 l\u2019\u00e9crit et vise \u00e0 donner \u00e0 l\u2019\u00e9tudiante un objet de r\u00e9flexion. Les \u00e9tudiantes ont parfois du mal \u00e0 fixer ce choix.<\/td>\n<\/tr>\n<tr>\n<td style=\"width: 111px; border-style: solid; text-align: left; vertical-align: top;\" rowspan=\"2\" width=\"113\">\n<p>Phase\u00a02\u00a0:<\/p>\n<p>Projection de chaque participant dans la situation de l\u2019exposant<\/p>\n<p>Le contenu de la phase reste strictement non partag\u00e9<\/td>\n<td style=\"width: 58px; border-style: solid; text-align: left; vertical-align: top;\" rowspan=\"2\" width=\"57\">5\u2019<\/td>\n<td style=\"width: 131px; border-style: solid; text-align: left; vertical-align: top;\" width=\"131\">\n<p>Phase\u00a02 a)<\/p>\n<p>Relecture du r\u00e9cit et int\u00e9gration de nouveaux passages pour y apporter des pr\u00e9cisions. Les passages ajout\u00e9s sont surlign\u00e9s en jaune.<\/td>\n<td style=\"width: 99px; border-style: solid; text-align: left; vertical-align: top;\" width=\"96\">\n<p>\u00c0 r\u00e9diger avant la 3<sup>e<\/sup>\u00a0rencontre<\/p>\n<p>(3 semaines)<\/td>\n<td style=\"width: 261px; border-style: solid; text-align: left; vertical-align: top;\" width=\"216\">Le premier jet est reconsid\u00e9r\u00e9 et des ajouts sont apport\u00e9s en fonction du contenu du cours, des \u00e9changes professionnels ou de cadres de r\u00e9f\u00e9rence et servent \u00e0 faire \u00e9merger des d\u00e9calages qui ont pu appara\u00eetre dans le r\u00e9cit entre la r\u00e9daction initiale et la relecture<\/td>\n<\/tr>\n<tr>\n<td style=\"width: 131px; border-style: solid; text-align: left; vertical-align: top;\" width=\"131\">Phase 2\u00a0b) Relecture du r\u00e9cit\u00a02a) et int\u00e9gration de nouveaux passages pour y apporter des pr\u00e9cisions. Les passages ajout\u00e9s sont surlign\u00e9s en vert.<\/td>\n<td style=\"width: 99px; border-style: solid; text-align: left; vertical-align: top;\" width=\"96\">\n<p>\u00c0 r\u00e9diger avant la 4<sup>e<\/sup>\u00a0rencontre<\/p>\n<p>(3 semaines)<\/td>\n<td style=\"width: 261px; border-style: solid; text-align: left; vertical-align: top;\" width=\"216\">Le deuxi\u00e8me r\u00e9cit est reconsid\u00e9r\u00e9 et des ajouts sont apport\u00e9s en fonction du contenu du cours, des \u00e9changes professionnels ou de cadres de r\u00e9f\u00e9rence et servent \u00e0 faire \u00e9merger des d\u00e9calages qui ont pu appara\u00eetre dans le r\u00e9cit entre la r\u00e9daction et la relecture<\/td>\n<\/tr>\n<tr>\n<td style=\"width: 111px; border-style: solid; text-align: left; vertical-align: top;\" width=\"113\">\n<p>Phase\u00a03\u00a0:<\/p>\n<p>Questionne-ment<\/td>\n<td style=\"width: 58px; border-style: solid; text-align: left; vertical-align: top;\" width=\"57\">30 \u00e0 40\u2019<\/td>\n<td style=\"width: 131px; border-style: solid; text-align: left; vertical-align: top;\" width=\"131\">\n<p>Phase 2\u00a0c)\u00a0:<\/p>\n<p>Remise du journal de bord \u00e0 la ressource professorale qui lui fera parvenir un enregistrement des questions exemptes de jugement pour clarifier son r\u00e9cit.<\/p>\n<p>L\u2019\u00e9tudiante prend connaissance des questions et r\u00e9\u00e9crit sa situation en ajoutant les informations demand\u00e9es.<\/td>\n<td style=\"width: 99px; border-style: solid; text-align: left; vertical-align: top;\" width=\"96\">\n<p>\u00c0 r\u00e9diger avant la 5<sup>e<\/sup>\u00a0rencontre<\/p>\n<p>(3 semaines)<\/p>\n<p>&nbsp;<\/td>\n<td style=\"width: 261px; border-style: solid; text-align: left; vertical-align: top;\" width=\"216\">\n<p>Le troisi\u00e8me r\u00e9cit est reconsid\u00e9r\u00e9 et des ajouts sont apport\u00e9s en fonction de la r\u00e9troaction<\/p>\n<p>(Questions exemptes de jugement pos\u00e9es par la ressource professorale) et contribue \u00e0 faire \u00e9merger des d\u00e9calages qui ont pu appara\u00eetre dans le r\u00e9cit entre la r\u00e9daction pr\u00e9c\u00e9dente,\u00a0la relecture et la r\u00e9\u00e9criture.<\/td>\n<\/tr>\n<tr>\n<td style=\"width: 111px; border-style: solid; text-align: left; vertical-align: top;\" width=\"113\">\n<p>Phase\u00a04\u00a0: Projection de chaque participant dans la situation de l\u2019exposant.<\/p>\n<p>Le contenu de la phase reste strictement non partag\u00e9<\/td>\n<td style=\"width: 58px; border-style: solid; text-align: left; vertical-align: top;\" width=\"57\">10\u2019<\/td>\n<td style=\"width: 131px; border-style: solid; text-align: left; vertical-align: top;\" width=\"131\"><\/td>\n<td style=\"width: 99px; border-style: solid; text-align: left; vertical-align: top;\" width=\"96\"><\/td>\n<td style=\"width: 261px; border-style: solid; text-align: left; vertical-align: top;\" width=\"216\"><\/td>\n<\/tr>\n<tr>\n<td style=\"width: 111px; border-style: solid; text-align: left; vertical-align: top;\" width=\"113\">\n<p>Phases\u00a05\u00a0et 5 bis<\/p>\n<p>&nbsp;<\/p>\n<p>Analyse et mise en perspective du contenu des phases\u00a02 et 4<\/p>\n<p>&nbsp;<\/p>\n<p>Pr\u00e9sentation neutralis\u00e9e des analyses de la phase 5<\/td>\n<td style=\"width: 58px; border-style: solid; text-align: left; vertical-align: top;\" width=\"57\">10 \u00e0 20\u2019<\/td>\n<td style=\"width: 131px; border-style: solid; text-align: left; vertical-align: top;\" width=\"131\">\n<p>Phase 3<\/p>\n<p>Analyse du contenu des phases 1,2 a), 2b) 2c. Identification des d\u00e9calages entre les \u00e9crits\u00a0: transformation, renforcement, approfondisse-ment\u00a0?<\/td>\n<td style=\"width: 99px; border-style: solid; text-align: left; vertical-align: top;\" width=\"96\">\u00c0 r\u00e9diger avant la 6<sup>e<\/sup>\u00a0rencontre (3semaines)<\/td>\n<td style=\"width: 261px; border-style: solid; text-align: left; vertical-align: top;\" width=\"216\">Identification des d\u00e9calages par les \u00e9tudiantes \u00e0 partir de leurs diff\u00e9rents \u00e9crits pour prendre conscience de leurs cadres d\u2019analyse et d\u2019intervention. Premi\u00e8re prise de conscience sur l\u2019\u00e9volution du r\u00e9cit et sur ce qu\u2019il d\u00e9voile de la fa\u00e7on de r\u00e9fl\u00e9chir des \u00e9tudiantes.<\/td>\n<\/tr>\n<tr>\n<td style=\"width: 111px; border-style: solid; text-align: left; vertical-align: top;\" width=\"113\">Phase 6\u00a0:<br \/>\nMod\u00e9lisation des hypoth\u00e8ses de compr\u00e9hen-sion de la situation ou pratique<\/td>\n<td style=\"width: 58px; border-style: solid; text-align: left; vertical-align: top;\" width=\"57\">30 \u00e0 40\u2019<\/td>\n<td style=\"width: 131px; border-style: solid; text-align: left; vertical-align: top;\" width=\"131\">\n<p>Phase 4<\/p>\n<p>Mod\u00e9lisation en dyade des hypoth\u00e8ses de compr\u00e9hension de la situation de chacune des \u00e9tudiantes.<\/td>\n<td style=\"width: 99px; border-style: solid; text-align: left; vertical-align: top;\" width=\"96\">\n<p>\u00c0 produire 1\u00a0semaine apr\u00e8s la fin de la session<\/p>\n<p>(4 semaines)<\/td>\n<td style=\"width: 261px; border-style: solid; text-align: left; vertical-align: top;\" width=\"216\">Les \u00e9tudiantes se choisissent mutuellement (dyade). Elles doivent coconstruire une repr\u00e9sentation de chacune de leur situation. Les consensus et les divergences doivent appara\u00eetre sur le mod\u00e8le de chacune. Identification des nouveaux d\u00e9calages qui \u00e9mergent des mod\u00e9lisations<\/td>\n<\/tr>\n<tr>\n<td style=\"width: 111px; border-style: solid; text-align: left; vertical-align: top;\" width=\"113\">\n<p>Phase 7<\/p>\n<p>Pr\u00e9sentation des mod\u00e8les<\/td>\n<td style=\"width: 58px; border-style: solid; text-align: left; vertical-align: top;\" width=\"57\">30 \u00e0 40\u2019<\/td>\n<td style=\"width: 131px; border-style: solid; text-align: left; vertical-align: top;\" width=\"131\"><\/td>\n<td style=\"width: 99px; border-style: solid; text-align: left; vertical-align: top;\" width=\"96\"><\/td>\n<td style=\"width: 261px; border-style: solid; text-align: left; vertical-align: top;\" width=\"216\"><\/td>\n<\/tr>\n<tr>\n<td style=\"width: 111px; border-style: solid; text-align: left; vertical-align: top;\" width=\"113\">\n<p>Phase 8<\/p>\n<p>M\u00e9ta-analyse du v\u00e9cu de la s\u00e9ance<\/td>\n<td style=\"width: 58px; border-style: solid; text-align: left; vertical-align: top;\" width=\"57\">10 \u00e0 20\u2019<\/td>\n<td style=\"width: 131px; border-style: solid; text-align: left; vertical-align: top;\" width=\"131\">\n<p>Phase 5<\/p>\n<p>Prise en compte des d\u00e9calages identifi\u00e9s \u00e0 la phase 3 et \u00e0 la phase 4 pour \u00e9noncer un objectif de d\u00e9veloppement professionnel en lien avec les prises de conscience produites par l\u2019identification de ces d\u00e9calages.<\/p>\n<p>Identification et explication des phases du journal les plus r\u00e9v\u00e9latrices.<\/td>\n<td style=\"width: 99px; border-style: solid; text-align: left; vertical-align: top;\" width=\"96\">\n<p>\u00c0 r\u00e9diger et \u00e0 remettre 1\u00a0semaine apr\u00e8s la fin de la session<\/p>\n<p>(4 semaines)<\/td>\n<td style=\"width: 261px; border-style: solid; text-align: left; vertical-align: top;\" width=\"216\">\n<p>Les \u00e9tudiantes se servent des diff\u00e9rentes phases du journal de bord pour formuler un objectif de d\u00e9veloppement professionnel.<\/p>\n<p>La formulation de cet objectif \u00e9merge des prises de conscience des phases les plus r\u00e9v\u00e9latrices pour les \u00e9tudiantes et des hypoth\u00e8ses qu\u2019elles en font.<\/p>\n<p>&nbsp;<\/p>\n<p>Les \u00e9tudiantes vivent une s\u00e9ance ARPPEGE lors de la derni\u00e8re rencontre et sont invit\u00e9es \u00e0 \u00e9changer sur leur compr\u00e9hension du concept de r\u00e9flexivit\u00e9 au regard de l\u2019exp\u00e9rimentation du journal de bord et de l\u2019exp\u00e9rience d\u2019une s\u00e9ance ARPPEGE de trois heures.<\/td>\n<\/tr>\n<\/tbody>\n<\/table>\n<p style=\"text-align: center;\"><em>Tableau\u00a01\u00a0: La mise en relation des phases du dispositif ARPPEGE et du journal de bord r\u00e9flexif adapt\u00e9 d\u2019ARPPEGE<\/em><\/p>\n<p style=\"text-align: justify;\">Par le biais de cette recherche sur l\u2019analyse des journaux de bord, nous souhaitons avoir un \u00e9clairage sur les sauts qualitatifs pouvant \u00eatre g\u00e9n\u00e9r\u00e9s ou non par l\u2019\u00e9criture du journal de bord.<\/p>\n<p style=\"text-align: justify;\">Un saut qualitatif est un passage vers un nouvel \u00e9tat ou une nouvelle situation, possiblement plus complexe, provoqu\u00e9 par l\u2019individu lui-m\u00eame (Reverso en ligne, s. d.). Selon nous, les sauts qualitatifs pr\u00e9sents dans les journaux de bord t\u00e9moignent d\u2019une analyse multir\u00e9fl\u00e9chie et syst\u00e9mique. Ces sauts qualitatifs r\u00e9alis\u00e9s par les \u00e9tudiantes sont engendr\u00e9s par l\u2019\u00e9criture et l\u2019analyse qu\u2019elles en font. Mais peut-\u00eatre sont-ils aussi g\u00e9n\u00e9r\u00e9s par la r\u00e9troaction \u00e9crite, exempte de jugement, que nous leur donnons \u00e0 mi-parcours de l\u2019\u00e9criture de leur journal de bord. Enfin, nous nous questionnons \u00e9galement sur les effets d\u2019un moment v\u00e9cu en dyade avec une autre \u00e9tudiante en fin d\u2019\u00e9criture du journal de bord pour mod\u00e9liser leur situation, \u00e0 tour de r\u00f4le. Ce moment est-il g\u00e9n\u00e9rateur de sauts qualitatifs ? Nous pensons que c\u2019est le cas. Les r\u00e9sultats de notre recherche fourniront des cl\u00e9s pour mieux soutenir les \u00e9tudiantes dans ce processus d\u00e9veloppemental qu\u2019est la pratique r\u00e9flexive.<\/p>\n<p style=\"text-align: justify;\">L\u2019objectif g\u00e9n\u00e9ral de recherche est d\u2019\u00e9valuer la pertinence de l\u2019utilisation du journal de bord r\u00e9flexif (adaptation du dispositif ARPPEGE) pour susciter la r\u00e9flexivit\u00e9 et soutenir les \u00e9tudiantes dans le passage de la r\u00e9solution de probl\u00e8mes \u00e0 l\u2019analyse multir\u00e9fl\u00e9chie. Les objectifs sp\u00e9cifiques sont\u00a0:<\/p>\n<p style=\"text-align: justify;\">a) Identifier les objets de r\u00e9flexion qui suscitent la r\u00e9flexivit\u00e9 des \u00e9tudiantes<\/p>\n<p style=\"text-align: justify;\">b) Identifier les d\u00e9calages et les d\u00e9clencheurs qui les produisent<\/p>\n<h4 style=\"text-align: justify;\"><strong>3. Quelques concepts<\/strong><\/h4>\n<p style=\"text-align: justify;\">La distinction entre la r\u00e9flexion et la r\u00e9flexivit\u00e9 repr\u00e9sente une difficult\u00e9 rep\u00e9r\u00e9e chez plusieurs de nos \u00e9tudiantes. La r\u00e9flexion est d\u00e9finie comme un processus cognitif centr\u00e9 sur l\u2019analyse d\u2019une situation alors que la r\u00e9flexivit\u00e9 ajoute \u00e0 cette analyse une r\u00e9flexion sur cette r\u00e9flexion (Donnay et Charlier, 2006). En effet, ces concepts sont le plus souvent confondus, ce qui provoque des obstacles \u00e0 la prise de recul de l\u2019agir comp\u00e9tent, qui <em>\u00ab\u00a0se manifeste par la mobilisation, la combinaison ou l\u2019adaptation d\u2019un faisceau de ressources dans une situation professionnelle donn\u00e9e afin d\u2019y poser des actions organis\u00e9es en un syst\u00e8me\u00a0\u00bb<\/em> (Guillemette, Vachon et Guertin, 2019, p.59). Notre objectif \u00e9tant de susciter le d\u00e9veloppement de la r\u00e9flexivit\u00e9, nous avons d\u00e9lib\u00e9r\u00e9ment choisi d\u2019innover en proposant aux \u00e9tudiantes le journal de bord r\u00e9flexif.<\/p>\n<p style=\"text-align: justify;\">L\u2019exp\u00e9rimentation d\u2019une d\u00e9marche r\u00e9flexive rend explicite le passage de la r\u00e9flexion \u00e0 la r\u00e9flexivit\u00e9 tout au long de la session. Les diff\u00e9rentes phases d\u2019\u00e9criture de ce journal permettent d\u2019observer les sauts qualitatifs qui s\u2019en d\u00e9gagent. Les \u00e9tudiantes sont amen\u00e9es \u00e0 prendre conscience des d\u00e9calages qui surviennent lors d\u2019un passage d\u2019une phase \u00e0 une autre. L\u2019analyse de ces d\u00e9calages incite chacune d\u2019elle \u00e0 se d\u00e9tourner de la recherche de solutions au probl\u00e8me et <em>\u00ab \u00e0 se prendre pour sujet d\u2019analyse \u00e0 travers l\u2019analyse de sa r\u00e9flexion \u00bb<\/em> (Vacher, 2015, p.26).<\/p>\n<p style=\"text-align: justify;\">Ultimement, ce travail les conduit \u00e0 identifier et \u00e0 rendre explicite un objectif de d\u00e9veloppement professionnel qui \u00e9merge de cette d\u00e9marche r\u00e9flexive.<\/p>\n<h6 style=\"text-align: justify;\"><strong>3.1 Le passage de la r\u00e9flexion \u00e0 la r\u00e9flexivit\u00e9 par la r\u00e9daction d\u2019un journal de bord <\/strong><\/h6>\n<p style=\"text-align: justify;\">Le r\u00e9fl\u00e9chissement envisag\u00e9 comme un sous-processus de la pratique r\u00e9flexive est le r\u00e9sultat de la mise en mot d\u2019une situation qui interpelle l\u2019\u00e9tudiante (Vacher, 2015). L\u2019\u00e9criture de ce premier jet participe selon Morisse (2014) \u00e0 une premi\u00e8re prise de conscience sur ce que l\u2019on conna\u00eet, ce que l\u2019on sait et ce que l\u2019on peut rendre explicite au regard de cette situation. Cette restitution par l\u2019\u00e9crit constitue la mati\u00e8re premi\u00e8re \u00e0 partir de laquelle la r\u00e9flexivit\u00e9 pourra se d\u00e9ployer.<\/p>\n<p style=\"text-align: justify;\">C\u2019est \u00e0 partir de cette premi\u00e8re trace \u00e9crite que l\u2019\u00e9tudiante pourra lors d\u2019une phase subs\u00e9quente de r\u00e9\u00e9criture \u00e9toffer son r\u00e9cit en ajoutant des d\u00e9tails qui \u00e9mergent \u00e0 la suite d\u2019\u00e9changes avec des coll\u00e8gues, du v\u00e9cu professionnel et des contenus de cours. Ces allers-retours entre l\u2019\u00e9criture, les exp\u00e9riences et la relecture suscitent une prise de recul sur la situation. L\u2019\u00e9tudiante est ainsi amen\u00e9e \u00e0 orienter sa r\u00e9flexion par l\u2019analyse de la mise en mots \u00e0 l\u2019\u00e9crit de la situation qui l\u2019interpelle. Cette mise \u00e0 distance favorise <em>\u00ab un travail d\u2019\u00e9lucidation, de clarification et d\u2019\u00e9laboration de sa propre pens\u00e9e \u00bb<\/em> (Morisse, 2014, p.21). La r\u00e9flexion suscit\u00e9e par ces prises de recul fait \u00e9merger des d\u00e9calages issus des \u00e9carts entre les diff\u00e9rents \u00e9crits. L\u2019\u00e9tude et la prise en compte de ces d\u00e9calages permettent aux \u00e9tudiantes de faire une nouvelle prise de recul sur cette r\u00e9flexion en explorant leur fa\u00e7on singuli\u00e8re d\u2019analyser en se prenant cette fois-ci comme objet de r\u00e9flexion. La m\u00e9tar\u00e9flexion sur la r\u00e9flexion am\u00e8ne l\u2019\u00e9tudiante \u00e0 exercer sa r\u00e9flexivit\u00e9.<\/p>\n<p style=\"text-align: justify;\">Le tableau suivant illustre les sous-processus du r\u00e9fl\u00e9chissement de la r\u00e9flexion, de la m\u00e9tar\u00e9flexion et les mati\u00e8res analys\u00e9es au sein de chacun.<\/p>\n<table style=\"width: 645px; border-style: solid;\" width=\"645\">\n<tbody>\n<tr>\n<td style=\"width: 631px; border-style: solid; text-align: left; vertical-align: top;\" colspan=\"4\" width=\"606\">\n<p style=\"text-align: center;\"><strong>Pratique r\u00e9flexive<\/strong><\/p>\n<p style=\"text-align: center;\">\u00ab\u00a0La pratique r\u00e9flexive se caract\u00e9rise par la mobilisation compl\u00e9mentaire de trois modes d\u2019appr\u00e9hension du v\u00e9cu\u00a0: le r\u00e9fl\u00e9chissement, la r\u00e9flexion et la m\u00e9tar\u00e9flexion \u00bb<br \/>\nVacher, 2015. p. 51).<\/p>\n<\/td>\n<\/tr>\n<tr>\n<td style=\"width: 139px; border-style: solid; text-align: left; vertical-align: top;\" width=\"144\">\n<p>Processus global<\/p>\n<p>&nbsp;<\/td>\n<td style=\"width: 156px; border-style: solid; text-align: left; vertical-align: top;\" width=\"156\">R\u00e9activit\u00e9 verbalis\u00e9e face \u00e0 la situation<\/td>\n<td style=\"width: 336px; border-style: solid; vertical-align: top; text-align: center;\" colspan=\"2\" width=\"306\">R\u00e9flexivit\u00e9<\/td>\n<\/tr>\n<tr>\n<td style=\"width: 139px; border-style: solid; text-align: left; vertical-align: top;\" width=\"144\">\u00a0Sous-processus et mati\u00e8re analys\u00e9e<\/td>\n<td style=\"width: 156px; border-style: solid; text-align: left; vertical-align: top;\" width=\"156\">\n<p>1- R\u00e9fl\u00e9chissement<\/p>\n<p>Mise en mot de la perception r\u00e9active de la situation (\u00e0 l\u2019\u00e9crit)<\/p>\n<p>&nbsp;<\/td>\n<td style=\"width: 162px; border-style: solid; text-align: left; vertical-align: top;\" width=\"134\">\n<p>2- R\u00e9flexion<\/p>\n<p>Analyse du contenu de la mise en mot \u00e0 l\u2019\u00e9crit et de la situation<\/td>\n<td style=\"width: 174px; border-style: solid; text-align: left; vertical-align: top;\" width=\"172\">\n<p>3- M\u00e9tar\u00e9flexion<\/p>\n<p>Analyse de la r\u00e9flexion<\/p>\n<p>R\u00e9flexion sur la r\u00e9flexion<\/p>\n<p>&nbsp;<\/td>\n<\/tr>\n<\/tbody>\n<\/table>\n<p style=\"text-align: center;\"><em>Tableau 2\u00a0: Articulation des processus de r\u00e9flexion dans la pratique r\u00e9flexive (Vacher 2015)<\/em><\/p>\n<h6><strong>3.2 Les d\u00e9calages et les sauts qualitatifs<\/strong><\/h6>\n<p style=\"text-align: justify;\">Les d\u00e9calages entre l\u2019\u00e9criture initiale et les r\u00e9\u00e9critures du journal de bord peuvent \u00eatre qualifi\u00e9s de sauts qualitatifs. Ces sauts qualitatifs peaufinent le r\u00e9cit des \u00e9tudiantes produit lors de diff\u00e9rentes prises de recul. Ils sont provoqu\u00e9s par la mise en perspective d\u2019une situation initialement identifi\u00e9e comme importante et l\u2019\u00e9volution de sa compr\u00e9hension au fil de la session.<\/p>\n<p style=\"text-align: justify;\">En effet, les changements que subit la description de la situation \u00e9nonc\u00e9e par les \u00e9tudiantes peuvent \u00eatre de trois ordres\u00a0:<\/p>\n<ul style=\"text-align: justify;\">\n<li>De la transformation\u00a0: modification majeure des \u00e9l\u00e9ments qui d\u00e9crivent la situation qui les interroge voire qui leur pose un probl\u00e8me. Ces transformations am\u00e8nent de nouvelles perspectives qui n\u2019avaient pas \u00e9t\u00e9 exploit\u00e9es initialement.<\/li>\n<li>Du renforcement\u00a0: maintien et intensification d\u2019une ou des perspectives d\u00e9j\u00e0 envisag\u00e9es dans le premier jet d\u2019\u00e9criture. Ce renforcement confirme et consolide les perspectives qui avaient \u00e9t\u00e9 d\u2019embl\u00e9e exprim\u00e9es d\u00e8s le premier jet.<\/li>\n<li>De l\u2019approfondissement\u00a0: pr\u00e9cision d\u2019un aspect d\u2019une ou des perspectives d\u00e9j\u00e0 \u00e9nonc\u00e9es. Cet approfondissement vient ainsi enrichir et nuancer les points de vue sur la situation et apporte une plus-value pour la compr\u00e9hension de la situation expos\u00e9e.<\/li>\n<\/ul>\n<p style=\"text-align: justify;\">L\u2019identification et l\u2019analyse de ces sauts qualitatifs sont source d\u2019apprentissage \u00e0 deux niveaux. Les \u00e9tudiantes sont guid\u00e9es par l\u2019\u00e9criture \u00e0 mieux comprendre \u00e0 un premier niveau leur situation, et ce par une analyse appuy\u00e9e par les cadres de r\u00e9f\u00e9rence et leur exp\u00e9rience respective. Elles pourront aussi \u00e0 un deuxi\u00e8me niveau \u00eatre conscientes de leur subjectivit\u00e9 et de leur unicit\u00e9 \u00e0 l\u2019\u00e9gard des choix qu\u2019elles priorisent (Altet, 2009). Elles d\u00e9couvrent que ces choix singuliers et personnels sont faits en fonction de leurs valeurs, de leurs croyances et de leur singularit\u00e9. L\u2019analyse de ces sauts qualitatifs les am\u00e8nera \u00e0 identifier un objectif de d\u00e9veloppement professionnel appuy\u00e9 par cette approche multir\u00e9fl\u00e9chie. <em>\u00a0<\/em>Dans ce proc\u00e9d\u00e9, la mati\u00e8re de la r\u00e9flexion se construit \u00e0 partir de savoirs issus des champs disciplinaires, scientifiques, de l\u2019exp\u00e9rience, des r\u00e9f\u00e9rences qui les fondent, des perspectives propres aux sujets qui r\u00e9alisent l\u2019analyse, des conjonctures dans lesquelles s\u2019inscrivent la situation analys\u00e9e et enfin de l\u2019\u00e9tude du <em>\u00ab voile de subjectivit\u00e9 qui relie l\u2019ensemble \u00bb<\/em> (Vacher, 2015, p. 39)<\/p>\n<h6 style=\"text-align: justify;\"><strong>3.3 La prise de conscience des besoins et l\u2019\u00e9nonc\u00e9 d\u2019un objectif de d\u00e9veloppement professionnel<\/strong><\/h6>\n<p style=\"text-align: justify;\">Toute cette d\u00e9marche r\u00e9flexive culmine par l\u2019identification d\u2019un objectif de d\u00e9veloppement professionnel. Cet objectif de d\u00e9veloppement professionnel doit \u00eatre <strong>s<\/strong>p\u00e9cifique, <strong>m<\/strong>esurable, <strong>a<\/strong>tteignable, <strong>r<\/strong>\u00e9aliste et d\u00e9fini dans le <strong>t<\/strong>emps\u2009; les \u00e9tudiantes le formulent en utilisant l\u2019acronyme S.M.A.R.T. (Doran, 1981). Notre intention en tant que ressources professorales est donc d\u2019amener nos \u00e9tudiantes \u00e0 exercer la prise de recul au regard de leur agir comp\u00e9tent et \u00e0 atteindre ainsi une des cibles de formation du cours. Nous soutenons leur engagement dans un processus de formation continue appuy\u00e9e par des besoins qu\u2019elles identifient dans leur journal de bord r\u00e9flexif.<\/p>\n<h4 style=\"text-align: justify;\"><strong>4. Aspects m\u00e9thodologiques<\/strong><\/h4>\n<p style=\"text-align: justify;\">Dans le cadre de nos travaux, nous retenons une m\u00e9thode d\u2019analyse qualitative\u00a0: l\u2019analyse par th\u00e9orisation ancr\u00e9e. Comme propos\u00e9 par Paill\u00e9 (1994), nous traitons l\u2019analyse sous l\u2019angle d\u2019\u00e9tapes d\u2019une d\u00e9marche it\u00e9rative plut\u00f4t que sous l\u2019angle d\u2019op\u00e9rations multiples de codage. Lors de cette d\u00e9marche, nous construisons et validons simultan\u00e9ment la r\u00e9alit\u00e9 observ\u00e9e et l\u2019analyse en \u00e9mergence, pour en faire une conceptualisation.<\/p>\n<p style=\"text-align: justify;\">Nous retenons, comme \u00e9chantillonnage, les journaux de bord de trois \u00e9tudiantes par groupe dans les quatre groupes o\u00f9 le dispositif ARPPEGE est v\u00e9cu et o\u00f9 nous proposons le journal de bord comme outil de r\u00e9flexion. Nous avons enseign\u00e9 \u00e0 un de ces groupes en 2019-2020 et nous enseignons aux groupes 2, 3 et 4, en 2020-2021. Le choix des journaux de bord se fait par une s\u00e9lection au hasard. Un formulaire d\u2019information et de consentement est sign\u00e9 par chacune des \u00e9tudiantes nous autorisant \u00e0 utiliser leur journal de bord \u00e0 des fins de recherche. Il y est pr\u00e9cis\u00e9 aussi que les \u00e9crits seront anonymis\u00e9s\u2009; ainsi il sera impossible d\u2019en retracer l\u2019auteur ou le milieu de pratique.<\/p>\n<p style=\"text-align: justify;\"><strong>Les \u00e9tapes d\u2019analyse<\/strong><\/p>\n<p style=\"text-align: justify;\">Six grandes \u00e9tapes marquent la progression d\u2019une analyse par th\u00e9orisation ancr\u00e9e selon Paill\u00e9 (1994)\u00a0: la codification, la cat\u00e9gorisation, la mise en relation, l\u2019int\u00e9gration, la mod\u00e9lisation et la th\u00e9orisation.<\/p>\n<p style=\"text-align: justify;\"><em><strong>a) La codification\u00a0 <\/strong><\/em><\/p>\n<p style=\"text-align: justify;\">\u00c0 cette \u00e9tape sont relev\u00e9s les \u00e9nonc\u00e9s relatifs aux sauts qualitatifs (d\u00e9calages) par une lecture attentive des journaux de bord. Puis, le corpus ressorti est questionn\u00e9 afin de qualifier l\u2019ensemble des \u00e9nonc\u00e9s par des mots et des expressions\u2009; il s\u2019agit de d\u00e9gager le plus fid\u00e8lement possible, et avec concision, le t\u00e9moignage de l\u2019\u00e9tudiante tout en \u00e9vitant de r\u00e9p\u00e9ter le verbatim.<\/p>\n<p style=\"text-align: justify;\"><em><strong>b) La cat\u00e9gorisation<\/strong><\/em><\/p>\n<p style=\"text-align: justify;\">Dans le passage de la codification \u00e0 la cat\u00e9gorisation, les journaux de bord sont codifi\u00e9s \u00e0 nouveau en recourant \u00e0 la cat\u00e9gorie. En relisant, les donn\u00e9es sont regroup\u00e9es, compar\u00e9es, questionn\u00e9es et classifi\u00e9es. Ensuite, nous faisons une nouvelle relecture des m\u00eames journaux de bord sans annotations pour y inscrire dans le passage la cat\u00e9gorie relev\u00e9e et non la transcription du codage con\u00e7u au d\u00e9part. \u00c0 cette \u00e9tape, les expressions employ\u00e9es ne correspondent plus tout \u00e0 fait aux \u00e9crits des \u00e9tudiantes, mais caract\u00e9risent le ph\u00e9nom\u00e8ne auquel il nous renvoie. La cat\u00e9gorisation n\u2019annule pas la codification, elle la place dans un contexte explicatif plus significatif.<\/p>\n<p style=\"text-align: justify;\"><em><strong>c) La mise en relation<\/strong><\/em><\/p>\n<p style=\"text-align: justify;\">La mise en relation permet d\u2019\u00e9tablir des liens pr\u00e9liminaires entre les cat\u00e9gories \u00e9labor\u00e9es lors de l\u2019\u00e9tape pr\u00e9c\u00e9dente afin de rendre compte de la complexit\u00e9 de l\u2019exercice demand\u00e9 aux \u00e9tudiantes dans la phase de l\u2019\u00e9criture du journal de bord. \u00c0 ce moment est partag\u00e9 un sch\u00e9ma des principales cat\u00e9gories mises en relation. Un court texte explicatif est produit pour compl\u00e9ter la sch\u00e9matisation.<\/p>\n<p style=\"text-align: justify;\"><strong><em>d) L\u2019int\u00e9gration<\/em> <\/strong><\/p>\n<p style=\"text-align: justify;\">Ici est identifi\u00e9 l\u2019objet d\u2019analyse retenu selon le ou les th\u00e8mes principaux qui en ressortent. Il s\u2019agit de mettre en exergue un th\u00e8me unificateur, un ph\u00e9nom\u00e8ne th\u00e9orique dans le but de le mod\u00e9liser \u00e0 l\u2019\u00e9tape suivante.<\/p>\n<p style=\"text-align: justify;\"><em><strong>e) La mod\u00e9lisation<\/strong><\/em><\/p>\n<p style=\"text-align: justify;\">\u00c0 cette \u00e9tape est reproduite le plus fid\u00e8lement possible l\u2019organisation des relations structurelles et fonctionnelles sp\u00e9cifiant l\u2019objet retenu. \u00c9galement sont mises en relief les caract\u00e9ristiques constitutives de cet objet ainsi que leurs manifestations. Elles sont situ\u00e9es dans le temps afin de rendre le mod\u00e8le dynamique. Enfin sont d\u00e9gag\u00e9s les processus en jeu pour montrer la complexit\u00e9 de l\u2019objet.<\/p>\n<p style=\"text-align: justify;\"><em><strong>f) La th\u00e9orisation<\/strong><\/em><\/p>\n<p style=\"text-align: justify;\">La th\u00e9orisation rend possible la mise \u00e0 jour du processus qui illustre le r\u00e9sultat ; elle nous permet de v\u00e9rifier la fiabilit\u00e9 de la th\u00e9orisation effectu\u00e9e.<\/p>\n<p style=\"text-align: justify;\">Selon nous, la consolidation a eu lieu en m\u00eame temps que son d\u00e9veloppement\u2009; toutefois on a cru bon de d\u00e9velopper un \u00e9chantillonnage th\u00e9orique avec une saturation des cat\u00e9gories, un raffinement des relations \u00e9tablies et la mise en \u00e9vidence de la complexit\u00e9 de l\u2019objet\/ph\u00e9nom\u00e8ne, de sa structure et de son processus.<\/p>\n<h4 style=\"text-align: justify;\"><strong>5. R\u00e9sultats et discussion <\/strong><\/h4>\n<p style=\"text-align: justify;\">La premi\u00e8re cat\u00e9gorisation du contenu des douze journaux de bord a fait ressortir vingt-huit objets de r\u00e9flexion diff\u00e9rents choisis par les \u00e9tudiantes. Ces objets de r\u00e9flexion ont \u00e9t\u00e9 d\u00e9gag\u00e9s lors de l\u2019\u00e9tape de codification \u00e0 partir de cent quarante et un extraits retenus puisqu\u2019ils d\u00e9crivaient un d\u00e9calage. Par la suite nous avons analys\u00e9 les cinq objets de r\u00e9flexion les plus souvent rapport\u00e9s par les \u00e9tudiantes. Ceci nous a amen\u00e9es \u00e0 \u00e9tudier 75\u00a0\u00e9nonc\u00e9s. Le tableau suivant pr\u00e9sente ces cinq objets de r\u00e9flexion, le nombre d\u2019\u00e9nonc\u00e9s et le pourcentage, le type de d\u00e9calage identifi\u00e9 et les d\u00e9clencheurs qui y sont associ\u00e9s.<\/p>\n<table style=\"border-style: solid; width: 614px;\" width=\"614\">\n<tbody>\n<tr>\n<td style=\"border-style: solid; text-align: left; vertical-align: top; width: 87px;\" width=\"85\">Objets de r\u00e9flexion<\/td>\n<td style=\"border-style: solid; text-align: left; vertical-align: top; width: 120px;\" width=\"123\">Nombre d\u2019\u00e9nonc\u00e9s et %<\/td>\n<td style=\"border-style: solid; text-align: left; vertical-align: top; width: 172px;\" width=\"170\">Type de d\u00e9calage<\/td>\n<td style=\"border-style: solid; text-align: left; vertical-align: top; width: 282px;\" width=\"236\">Les d\u00e9clencheurs<\/td>\n<\/tr>\n<tr>\n<td style=\"border-style: solid; text-align: left; vertical-align: top; width: 87px;\" width=\"85\">La situation<\/td>\n<td style=\"border-style: solid; text-align: left; vertical-align: top; width: 120px;\" width=\"123\">\n<p>23<\/p>\n<p>&nbsp;<\/p>\n<p>30,6%<\/td>\n<td style=\"border-style: solid; text-align: left; vertical-align: top; width: 172px;\" width=\"170\">\n<p>Transformation\u00a0: 10<\/p>\n<p>&nbsp;<\/p>\n<p>Approfondissement\u00a0: 9<\/p>\n<p>&nbsp;<\/p>\n<p>Renforcement\u00a0: 4<\/td>\n<td style=\"border-style: solid; text-align: left; vertical-align: top; width: 282px;\" width=\"236\">\n<p>Questions exemptes de jugement\u00a0: 4 fois<\/p>\n<p>Relecture et r\u00e9\u00e9criture\u00a0: 4 fois<\/p>\n<p>Les 6\u00a0phases du journal de bord\u00a0: 4 fois<\/p>\n<p>Contenu th\u00e9orique\u00a0: 3 fois<\/p>\n<p>D\u00e9clencheur inconnu\u00a0: 3 fois<\/p>\n<p>Temps\u00a0: 2 fois<\/p>\n<p>La phase de mod\u00e9lisation\u00a0: 2 fois<\/p>\n<p>Approche multir\u00e9fl\u00e9chie\u00a0: 1 fois<\/td>\n<\/tr>\n<tr>\n<td style=\"border-style: solid; text-align: left; vertical-align: top; width: 87px;\" width=\"85\">Les id\u00e9es<\/td>\n<td style=\"border-style: solid; text-align: left; vertical-align: top; width: 120px;\" width=\"123\">\n<p>12<\/p>\n<p>&nbsp;<\/p>\n<p>16%<\/p>\n<p>&nbsp;<\/p>\n<p>&nbsp;<\/td>\n<td style=\"border-style: solid; text-align: left; vertical-align: top; width: 172px;\" width=\"170\">\n<p>Transformation\u00a0: 6<\/p>\n<p>&nbsp;<\/p>\n<p>Renforcement\u00a0: 3<\/p>\n<p>&nbsp;<\/p>\n<p>Approfondissement\u00a03<\/p>\n<p>&nbsp;<\/td>\n<td style=\"border-style: solid; text-align: left; vertical-align: top; width: 282px;\" width=\"236\">\n<p>Contenu de cours\u00a0: 4 fois<\/p>\n<p>D\u00e9clencheur inconnu\u00a0: 3 fois<\/p>\n<p>Questions exemptes de jugement\u00a0: 2 fois<\/p>\n<p>Les 6\u00a0phases du journal de bord\u00a0: 2 fois<\/p>\n<p>Approche multir\u00e9fl\u00e9chie\u00a0: 1 fois<\/td>\n<\/tr>\n<tr>\n<td style=\"border-style: solid; text-align: left; vertical-align: top; width: 87px;\" width=\"85\">La vision<\/td>\n<td style=\"border-style: solid; text-align: left; vertical-align: top; width: 120px;\" width=\"123\">\n<p>12<\/p>\n<p>&nbsp;<\/p>\n<p>16%<\/td>\n<td style=\"border-style: solid; text-align: left; vertical-align: top; width: 172px;\" width=\"170\">\n<p>Transformation\u00a0: 9<\/p>\n<p>&nbsp;<\/p>\n<p>Approfondissement\u00a0:3<\/td>\n<td style=\"border-style: solid; text-align: left; vertical-align: top; width: 282px;\" width=\"236\">\n<p>Les 6\u00a0phases du journal de bord\u00a0:7 fois<\/p>\n<p>D\u00e9clencheur inconnu\u00a0: 2 fois<\/p>\n<p>Questions exemptes de jugement\u00a0: 2 fois<\/p>\n<p>Relecture et r\u00e9\u00e9criture\u00a0: 1 fois<\/td>\n<\/tr>\n<tr>\n<td style=\"border-style: solid; text-align: left; vertical-align: top; width: 87px;\" width=\"85\">La r\u00e9flexivit\u00e9 et l\u2019approche multir\u00e9fl\u00e9-chie<\/td>\n<td style=\"border-style: solid; text-align: left; vertical-align: top; width: 120px;\" width=\"123\">\n<p>10<\/p>\n<p>&nbsp;<\/p>\n<p>13,4%<\/td>\n<td style=\"border-style: solid; text-align: left; vertical-align: top; width: 172px;\" width=\"170\">\n<p>Transformation\u00a0: 5<\/p>\n<p>&nbsp;<\/p>\n<p>Approfondissement\u00a0: 5<\/td>\n<td style=\"border-style: solid; text-align: left; vertical-align: top; width: 282px;\" width=\"236\">\n<p>Relecture et r\u00e9\u00e9criture : 5 fois<\/p>\n<p>Les 6\u00a0phases du journal de bord\u00a0: 2 fois<\/p>\n<p>D\u00e9clencheur inconnu\u00a0: 2 fois<\/p>\n<p>La phase de mod\u00e9lisation : 1 fois<\/td>\n<\/tr>\n<\/tbody>\n<\/table>\n<p style=\"text-align: center;\"><em>Tableau 3\u00a0: Les objets de r\u00e9flexion, les types de d\u00e9calage et leurs d\u00e9clencheurs<\/em><\/p>\n<p style=\"text-align: justify;\">L\u2019analyse des donn\u00e9es nous am\u00e8ne \u00e0 constater que la situation est prise comme objet de r\u00e9flexion dans plus de 30% des \u00e9nonc\u00e9s. Une situation professionnelle comme le souligne Jonnaert (2006) fait r\u00e9f\u00e9rence aux conditions rencontr\u00e9es par les participantes qui susciteront des gestes professionnels et la mobilisation de ressources singuli\u00e8res. Le choix de cet objet de r\u00e9flexion permet de traiter la r\u00e9alit\u00e9 complexe que vivent les conseill\u00e8res p\u00e9dagogiques. \u00c0 ce titre, le mod\u00e8le de la situation p\u00e9dagogique tel que d\u00e9crit par Legendre (2005) renvoie aux sous-syst\u00e8mes qui interagissent le <strong>s<\/strong>ujet, l\u2019<strong>o<\/strong>bjet, le <strong>m<\/strong>ilieu et l\u2019<strong>a<\/strong>gent, appel\u00e9s SOMA et qui composent cette r\u00e9alit\u00e9 \u00e9rig\u00e9e en syst\u00e8me.<\/p>\n<p style=\"text-align: justify;\">Il est pertinent de souligner que le deuxi\u00e8me objet de r\u00e9flexion le plus utilis\u00e9 est la pratique de la conseill\u00e8re p\u00e9dagogique, consid\u00e9r\u00e9e comme l\u2019agent et qui, par le choix de gestes professionnels privil\u00e9gi\u00e9s, tente de r\u00e9pondre aux exigences de cette situation (Legendre, 2005\u2009; Potvin, 2016). Pour jongler avec cette complexit\u00e9, il leur faudra concevoir des repr\u00e9sentations abstraites de concepts, de notions, de th\u00e9ories, en somme des id\u00e9es et elles constituent le deuxi\u00e8me objet de r\u00e9flexion le plus \u00e9nonc\u00e9. Puis \u00e9merge leur vision qui s\u2019\u00e9labore et qui donne du sens \u00e0 leur pratique. Le dernier objet choisi est la r\u00e9flexivit\u00e9 et d\u00e9montre la volont\u00e9 de certaines participantes \u00e0 sortir de leur situation en termes de r\u00e9solution de probl\u00e8mes pour tendre vers l\u2019approche multir\u00e9fl\u00e9chie\u2009; celle-ci sous-tend la prise de recul face \u00e0 cette situation. Cette premi\u00e8re analyse nous permet de d\u00e9gager un premier constat. En laissant le choix de l\u2019objet de r\u00e9flexion aux \u00e9tudiantes, le journal de bord leur donne la possibilit\u00e9 d\u2019affronter la complexit\u00e9 des situations professionnelles dans lesquelles elles se retrouvent.<\/p>\n<p style=\"text-align: justify;\">Nous avons d\u00e9fini les d\u00e9calages comme \u00e9tant des progressions au regard des objets de r\u00e9flexion cibl\u00e9s par les \u00e9tudiantes. Ces d\u00e9calages surviennent \u00e0 diff\u00e9rents moments du journal de bord et sont comme mentionn\u00e9s pr\u00e9c\u00e9demment de trois ordres\u00a0:<\/p>\n<p style=\"text-align: justify;\">&#8211; de l\u2019ordre de la transformation,<\/p>\n<p style=\"text-align: justify;\">&#8211; de l\u2019ordre du renforcement,<\/p>\n<p style=\"text-align: justify;\">&#8211; de l\u2019ordre de l\u2019approfondissement.<\/p>\n<p style=\"text-align: justify;\">Nous constatons \u00e9galement que plus de la moiti\u00e9 des d\u00e9calages identifi\u00e9s par les participantes sont de l\u2019ordre de la transformation, ensuite l\u2019approfondissement avec 30% des \u00e9nonc\u00e9s qui s\u2019y rapportent et le renforcement avec 20% d\u2019identification. Un deuxi\u00e8me constat peut ainsi \u00eatre \u00e9nonc\u00e9\u00a0: les \u00e9tudiantes transforment leur compr\u00e9hension de leur situation, de leur pratique, de leurs id\u00e9es, de leur vision et du processus r\u00e9flexif lui-m\u00eame en faisant entrer dans leur r\u00e9flexion de nouveaux \u00e9l\u00e9ments qui n\u2019avaient pas \u00e9t\u00e9 envisag\u00e9s auparavant. Le journal de bord leur permet ainsi non seulement d\u2019affronter la complexit\u00e9, mais les soutient en transformant leur compr\u00e9hension qui les ouvre sur de nouvelles perspectives.<\/p>\n<p style=\"text-align: justify;\">La mod\u00e9lisation des donn\u00e9es recueillies nous a \u00e9galement permis de mettre en relation les d\u00e9calages identifi\u00e9s par les \u00e9tudiantes et les d\u00e9clencheurs. Au terme de cette analyse, on constate que le d\u00e9clencheur le plus souvent identifi\u00e9, et ce dans 25% des \u00e9nonc\u00e9s, est le dispositif du journal de bord et les six phases qui le composent.<\/p>\n<p style=\"text-align: justify;\">Le journal de bord tel que pr\u00e9sent\u00e9 aux \u00e9tudiantes leur permet de vivre un processus r\u00e9flexif progressif. Elles reconnaissent \u00e9galement qu\u2019elles doivent faire confiance \u00e0 ce dispositif qui les guide parfois m\u00eame sans qu\u2019elles s\u2019en rendent compte \u00e0 exp\u00e9rimenter une analyse r\u00e9flexive. Viennent ensuite comme d\u00e9clencheurs les plus reconnus par les \u00e9tudiantes\u00a0:\u00a0 la lecture, l\u2019\u00e9criture et la r\u00e9\u00e9criture de la situation qui les questionne ainsi que les contenus de cours. L\u2019\u00e9chelonnage dans le temps du dispositif (six mois), ne semble pas selon les donn\u00e9es recueillies entraver l\u2019acc\u00e8s \u00e0 la r\u00e9flexivit\u00e9, mais il contribue \u00e0 la r\u00e9ussite du processus.<br \/>\nNous avons \u00e9galement choisi d\u2019amener les \u00e9tudiantes \u00e0 prendre en compte le processus r\u00e9flexif v\u00e9cu au sein du journal de bord afin de libeller un objectif de d\u00e9veloppement professionnel. Cet objectif d\u00e9fini \u00e0 partir d\u2019une analyse r\u00e9flexive offre aux \u00e9tudiants l\u2019occasion d\u2019en p\u00e9renniser ses effets.<\/p>\n<p style=\"text-align: justify;\">La mod\u00e9lisation des donn\u00e9es recueillies nous a ainsi permis d\u2019apporter un \u00e9clairage au regard des objectifs que nous nous \u00e9tions fix\u00e9s\u00a0\u00e0 savoir l\u2019\u00e9valuation de la pertinence de l\u2019utilisation du journal de bord r\u00e9flexif pour susciter la r\u00e9flexivit\u00e9 et soutenir les \u00e9tudiantes dans le passage de la r\u00e9solution de probl\u00e8mes \u00e0 l\u2019analyse multir\u00e9fl\u00e9chie. Nous d\u00e9sirions alors identifier les objets de r\u00e9flexion choisis par les \u00e9tudiantes, analyser les d\u00e9calages produits et les d\u00e9clencheurs qui les provoquent.<\/p>\n<p style=\"text-align: justify;\">La figure suivante pr\u00e9sente la mod\u00e9lisation des r\u00e9sultats en cinq points de la mise en place du journal de bord jusqu\u2019\u00e0 la prise de conscience de la complexit\u00e9 des situations professionnelles. Ce cycle en cinq points guide les \u00e9tudiantes dans le choix d\u2019un objectif de d\u00e9veloppement professionnel qui assure la p\u00e9rennit\u00e9 du processus r\u00e9flexif exp\u00e9riment\u00e9 en les incitant \u00e0 s\u2019engager dans un processus de formation continue. Le cercle au centre de la figure t\u00e9moigne de cet engagement. Le passage de la r\u00e9flexion \u00e0 la r\u00e9flexivit\u00e9 est ainsi g\u00e9n\u00e9r\u00e9 par des d\u00e9clencheurs reli\u00e9s aux phases du journal de bord propos\u00e9, \u00e0 la relecture et la r\u00e9\u00e9criture et au contenu th\u00e9orique. Ces d\u00e9clencheurs produisent principalement des transformations et de l\u2019approfondissement des id\u00e9es, de la vision et des pratiques les conviant \u00e0 adopter une approche multir\u00e9fl\u00e9chie pour analyser les situations professionnelles complexes auxquelles elles sont confront\u00e9es.<\/p>\n<h4 style=\"text-align: justify;\"><strong>6. Conclusion <\/strong><\/h4>\n<p style=\"text-align: justify;\">Les difficult\u00e9s rencontr\u00e9es par les \u00e9tudiantes ont d\u00e9montr\u00e9 l\u2019importance de trouver des cl\u00e9s pour mieux les soutenir dans ce processus d\u00e9veloppemental qu\u2019est la pratique r\u00e9flexive. L\u2019exp\u00e9rimentation par les \u00e9tudiantes du journal de bord r\u00e9flexif nous renseigne sur les objets de r\u00e9flexion qui les conduisent \u00e0 identifier des d\u00e9calages et les d\u00e9clencheurs qui les produisent. L\u2019analyse des journaux de bord des conseill\u00e8res p\u00e9dagogiques nous permet de constater que l\u2019adaptation du dispositif ARPPEGE sous la forme d\u2019un journal de bord r\u00e9flexif personnel accompagne les conseill\u00e8res p\u00e9dagogiques dans l\u2019analyse r\u00e9flexive de leur pratique professionnelle.<\/p>\n<p style=\"text-align: justify;\">L\u2019adaptation du dispositif qui suppose l\u2019exp\u00e9rimentation individuelle \u00e0 l\u2019\u00e9crit et sur une plus longue p\u00e9riode n\u2019alt\u00e8re pas l\u2019acc\u00e8s au processus r\u00e9flexif. Nous pouvons \u00e0 ce titre \u00e9tablir des liens entre nos r\u00e9sultats et ceux obtenus avec le dispositif original (Vacher, 2022b). Les \u00e9tudiantes qui ont utilis\u00e9 le journal de bord r\u00e9flexif ont \u00e9t\u00e9 amen\u00e9es \u00e0 se d\u00e9gager peu \u00e0 peu de la r\u00e9solution du probl\u00e8me qu\u2019elles avaient choisi d\u2019aborder pour exp\u00e9rimenter l\u2019approche multir\u00e9fl\u00e9chie et l\u2019analyse des d\u00e9calages qu\u2019elle produit. L\u2019id\u00e9e de culminer avec la r\u00e9daction d\u2019un objectif de d\u00e9veloppement professionnel rend explicite l\u2019\u00e9volution des \u00e9tudiantes qui passent d\u2019une logique de r\u00e9solution de probl\u00e8mes \u00e0 une logique de d\u00e9veloppement professionnel (Vacher, 2022b).<\/p>\n<p><a href=\"https:\/\/www.analysedepratique.org\/wp-content\/uploads\/figure-normandeau-vachon-scaled.jpg\" rel=\"prettyPhoto[5298]\"><img loading=\"lazy\" decoding=\"async\" class=\"alignnone size-large wp-image-5346\" src=\"https:\/\/www.analysedepratique.org\/wp-content\/uploads\/figure-normandeau-vachon-931x1024.jpg\" alt=\"\" width=\"931\" height=\"1024\" srcset=\"https:\/\/www.analysedepratique.org\/wp-content\/uploads\/figure-normandeau-vachon-931x1024.jpg 931w, https:\/\/www.analysedepratique.org\/wp-content\/uploads\/figure-normandeau-vachon-273x300.jpg 273w, https:\/\/www.analysedepratique.org\/wp-content\/uploads\/figure-normandeau-vachon-768x844.jpg 768w, https:\/\/www.analysedepratique.org\/wp-content\/uploads\/figure-normandeau-vachon-1397x1536.jpg 1397w, https:\/\/www.analysedepratique.org\/wp-content\/uploads\/figure-normandeau-vachon-1863x2048.jpg 1863w\" sizes=\"auto, (max-width: 931px) 100vw, 931px\" \/><\/a><\/p>\n<p style=\"text-align: center;\"><em>Figure 1. La mod\u00e9lisation de l\u2019utilisation du journal de bord r\u00e9flexif<br \/>\npour susciter une analyse multir\u00e9fl\u00e9chie des situations professionnelles complexes<br \/>\ndes \u00e9tudiantes et conseill\u00e8res p\u00e9dagogiques. <\/em><\/p>\n<p>&nbsp;<\/p>\n<p style=\"text-align: justify;\">Les phases d\u2019\u00e9criture et de r\u00e9\u00e9criture poussent \u00e0 prendre du recul sur les situations professionnelles complexes auxquelles les \u00e9tudiantes sont confront\u00e9es en les incitant \u00e0 faire des allers-retours entre leur subjectivit\u00e9 et cette complexit\u00e9. Malgr\u00e9 le fait que nous ayons remarqu\u00e9 que le journal de bord r\u00e9flexif suscitait lors de sa pr\u00e9sentation aux \u00e9tudiantes des incompr\u00e9hensions et parfois m\u00eame de l\u2019anxi\u00e9t\u00e9, nous avons t\u00f4t fait de les rassurer, et ce, en leur offrant du soutien continu tout au long de la session et des p\u00e9riodes de r\u00e9daction.<\/p>\n<p style=\"text-align: justify;\">Nous avons montr\u00e9 notre volont\u00e9 et notre engagement \u00e0 leur fournir un climat s\u00e9curitaire leur permettant d\u2019exp\u00e9rimenter le dispositif en toute qui\u00e9tude. Les r\u00e9sultats obtenus avec cette recherche nous permettent de croire que l\u2019adaptation du dispositif original sous la forme du journal de bord s\u2019av\u00e8re une innovation p\u00e9dagogique qui guide les \u00e9tudiantes dans l\u2019analyse r\u00e9flexive de leur pratique.<\/p>\n<p style=\"text-align: justify;\">\u00c0 cet \u00e9gard, nous comptons poursuivre l\u2019exp\u00e9rimentation de ce dispositif avec d\u2019autres groupes de conseill\u00e8res et conseillers p\u00e9dagogiques. Nous pourrions ainsi d\u00e9velopper de nouvelles perspectives \u00e0 partir de deux orientations diff\u00e9rentes. La premi\u00e8re pourrait se pencher sur la place de l\u2019\u00e9valuation dans un tel processus qui s\u2019inscrit, rappelons-le, dans un parcours professionnalisant de deuxi\u00e8me cycle. La seconde porterait sur la validation de notre mod\u00e9lisation avec les \u00e9tudiantes par le biais d\u2019entrevues en vue d\u2019acc\u00e9der \u00e0 la complexit\u00e9 de leur exp\u00e9rience individuelle (Baribeau et Royer, 2012\u2009; Van der\u00a0Maren, 1995).<\/p>\n<p style=\"text-align: justify;\">N\u2019est-ce pas le propre des p\u00e9dagogues de la formation continue de placer les apprenants au centre de leur formation en utilisant leur parole et leurs exp\u00e9riences pour les mettre au service de leur d\u00e9veloppement professionnel ?<\/p>\n<h4><strong>R\u00e9f\u00e9rences bibliographiques<\/strong><\/h4>\n<p>Altet, M. (2009), De la psychop\u00e9dagogie \u00e0 l\u2019analyse plurielle de pratiques. Dans <em>40\u00a0ans des sciences de l\u2019\u00e9ducation. L\u2019\u00e2ge de la maturit\u00e9. (p.31-48). <\/em>Presses universitaires de Caen.<\/p>\n<p>Baribeau, C. et Royer, C. (2012). L\u2019entretien individuel en recherche qualitative\u00a0: usages et modes de pr\u00e9sentation dans la Revue des sciences de l\u2019\u00e9ducation. Revue des sciences de l\u2019\u00e9ducation, 38 (1), 23-45. doi\u00a0: 10,720\u20092\/1016748ar<\/p>\n<p>Commission royale d\u2019enque\u0302te sur l\u2019enseignement et Parent, A. M. (1963). <em>Rapport de la Commission royale d\u2019enque\u0302te sur l\u2019enseignement dans la province de Que\u0301bec<\/em>. Que\u0301bec, Canada\u00a0: [e\u0301diteur non identifie\u0301].<\/p>\n<p>Donnay, J. et Charlier, \u00c9. (2006). Apprendre par l\u2019analyse des pratiques\u00a0: initiation au compagnonnage r\u00e9flexif. Sherbrooke\u2009; Namur\u00a0: \u00c9ditions du CRP\u00a0: Presses universitaires de Namur.<\/p>\n<p>Doran, George T. \u00abThere\u2019s a s.m.a.r.t. way to write management`s goals and objectives\u00bb Management review, vol. 70, no11, p.35-36<\/p>\n<p>Guillemette, S., Vachon, I. et Guertin, D. (2019). <em>R\u00e9f\u00e9rentiel de l\u2019agir comp\u00e9tent en conseillance p\u00e9dagogique en soutien \u00e0 la r\u00e9ussite des \u00e9l\u00e8ves\u00a0: \u00e0 l\u2019intention des conseill\u00e8res et conseillers p\u00e9dagoqiques des commissions scolaires du Qu\u00e9bec. <\/em>Montr\u00e9al. \u00c9ditions JFD.<\/p>\n<p>Jonnaert, P. (2006). Actions et comp\u00e9tence, situation et probl\u00e9matisation. Dans Fabre, M. et al (dir.) 2006. <em>Situations de formation et probl\u00e9matisation. <\/em>(p.31-39). De Boeck.<\/p>\n<p>LeBoterf, G. (2007). <em>Professionnaliser, Le mod\u00e8le de la navigation professionnelle.<\/em> Editions d\u2019organisation Eyrolles.<\/p>\n<p>Legendre, R. (2005). <em>Dictionnaire actuel de l\u2019e\u0301ducation <\/em>(3<sup>e\u00a0<\/sup>e\u0301d.). Gue\u0301rin.<\/p>\n<p>Marc, E. et\u00a0Cailleau, X. (2018). Carl R. Rogers et la non-directivit\u00e9. Dans Fournier, M. (dir.) 2018. <em>Les Grands Penseurs de l\u2019\u00e9ducation<\/em>. (p.117-120). \u00c9ditions Sciences Humaines.\u00a0<a href=\"https:\/\/doi.org\/10.3917\/sh.fourn.2018.01.0117\">https:\/\/doi.org\/10.3917\/sh.fourn.2018.01.0117<\/a><\/p>\n<p>Morisse, M. (2014). Les dimensions r\u00e9flexive et professionnalisante de l\u2019\u00e9criture\u00a0: quelques consid\u00e9rations \u00e9pist\u00e9mologiques et m\u00e9thodologiques. Dans Morisse, M. et Lafortune, L. (dir.) (2014). <em>L\u2019\u00e9criture r\u00e9flexive objet de recherche et de professionnalisation. <\/em>(p.9-25). Presse de l\u2019Universit\u00e9 du Qu\u00e9bec.<\/p>\n<p>Paill\u00e9, P. (1994). L\u2019analyse par th\u00e9orisation ancr\u00e9e. <em>Cahiers de recherche sociologique<\/em>, (23), 147\u2013181. <a href=\"https:\/\/doi.org\/10.7202\/1002253ar\">https:\/\/doi.org\/10.7202\/1002253ar<\/a><\/p>\n<p>Potvin, P. (2016). <em>L\u2019alliance entre le savoir issu de la recherche et le savoir d\u2019exp\u00e9rience\u00a0: un regard sur le transfert des connaissances. <\/em>B\u00e9liveau \u00c9diteur.<\/p>\n<p>Reverso, (s.d.) Saut qualitatif. Dans <em>Reverso<\/em>. <a href=\"https:\/\/dictionnaire.reverso.net\/francais-definition\/faire+un+saut+qualitatif\">https:\/\/dictionnaire.reverso.net\/francais-definition\/faire+un+saut+qualitatif<\/a>.\u00a0\u00a0 Consult\u00e9 le 28\u00a0f\u00e9vrier 2021.<\/p>\n<p>Vacher, Y. (2011).\u00a0 La pratique r\u00e9flexive<em>.<\/em> <em>Recherche et formation<\/em> [En ligne], 66-78 | 2011, mis en ligne le 01\u00a0mars 2013, consult\u00e9 le 3-10-2021. URL\u00a0: <u>http:\/\/journals.openedition.org\/rechercheformation\/1133<\/u>\u2009; DOI\u00a0: 10,400\u20090\/rechercheformation.1133<\/p>\n<p>Vacher, Y. (2014). <em>Phase m\u00e9ta en APP\u2026 quels contenus, quelles fonctions<\/em> ? In Revue de l\u2019analyse de pratiques professionnelles, 4, pp. 23-34. <a href=\"http:\/\/www.analysedepratique.org\/?p=1379\">http:\/\/www.analysedepratique.org\/?p=1379<\/a>.<\/p>\n<p>Vacher, Y. (2015).\u00a0Construire une pratique r\u00e9flexive. Bruxelles\u00a0: De Boeck.<\/p>\n<p>Vacher, Y. (2022). ARPPEGE : pr\u00e9sentation g\u00e9n\u00e9rale du dispositif et du protocole. <em>Revue de l\u2019analyse de pratiques professionnelles<\/em>, 22, 4-19. <a href=\"https:\/\/www.analysedepratique.org\/?p=5292\">https:\/\/www.analysedepratique.org\/?p=5292<\/a>.<\/p>\n<p>Vacher, Y. (2022\u00a0b). ARPPEGE\u00a0: effets du dispositif. <em>Revue de l\u2019analyse de pratiques professionnelles<\/em>, 22, 39-51. <a href=\"https:\/\/www.analysedepratique.org\/?p=5303\">https:\/\/www.analysedepratique.org\/?p=5303<\/a>.<\/p>\n<p>Van der\u00a0Maren, J. M. (1995). <em>M\u00e9thodes de recherche pour l\u2019\u00e9ducation<\/em> (1re\u00a0\u00e9d.). De Boeck.<\/p>\n<p>&nbsp;<\/p>\n<a href=\"#\" class=\"shortcode button  \" style=\"background-color: silver;\" target=\"\" onclick=\"\"> Haut de page<\/a>\n<p>&nbsp;<\/p>\n<h4><strong>Note<\/strong><\/h4>\n<p><a href=\"#_ftnref1\" name=\"_ftn1\">[1]<\/a> Pour all\u00e9ger le texte et, compte tenu du fait que toutes les personnes du groupe concern\u00e9es sont de sexe f\u00e9minin, nous avons choisi de faire usage du f\u00e9minin \u00e0 titre g\u00e9n\u00e9rique. Nous tenons cependant \u00e0 pr\u00e9ciser que le m\u00e9tier n\u2019est cependant pas essentiellement f\u00e9minin.<\/p>\n<p>&nbsp;<\/p>\n<p>&nbsp;<\/p>\n<div id=\"themify_builder_content-5298\" data-postid=\"5298\" class=\"themify_builder_content themify_builder_content-5298 themify_builder themify_builder_front\">\n\n\t<\/div>\n<!-- \/themify_builder_content -->","protected":false},"excerpt":{"rendered":"<p>&nbsp; Sylvie Normandeau Ressource professorale, Universit\u00e9 de Sherbrooke, Qu\u00e9bec, Canada sylvie.normandeau@usherbrooke.ca Isabelle Vachon Ressource professorale, Universit\u00e9 de Sherbrooke, Qu\u00e9bec, Canada isabelle.vachon@usherbrooke.ca &nbsp; R\u00e9sum\u00e9 Cet article pr\u00e9sente la cr\u00e9ation et l\u2019analyse des effets d\u2019un journal de bord qui reprend les diff\u00e9rentes phases d&rsquo;une s\u00e9ance ARPPEGE (Vacher, 2015, 2022a). Cette innovation p\u00e9dagogique permet aux \u00e9tudiant(e)s d\u2019utiliser l\u2019\u00e9crit [&hellip;]<\/p>\n","protected":false},"author":2,"featured_media":0,"comment_status":"open","ping_status":"open","sticky":false,"template":"","format":"standard","meta":{"_jetpack_newsletter_access":"","_jetpack_dont_email_post_to_subs":false,"_jetpack_newsletter_tier_id":0,"_jetpack_memberships_contains_paywalled_content":false,"_jetpack_memberships_contains_paid_content":false,"footnotes":""},"categories":[565,564,19,13],"tags":[553,303,556,554,555],"class_list":["post-5298","post","type-post","status-publish","format-standard","hentry","category-isabelle-vachon","category-sylvie-normandeau","category-10temoignage","category-4travail","tag-conseiller-pedagogique","tag-developpement-professionnel","tag-innovation-pedagogique","tag-journal-de-bord-reflexif","tag-saut-qualitatif","has-post-title","no-post-date","has-post-category","has-post-tag","has-post-comment","has-post-author"],"jetpack_featured_media_url":"","jetpack_shortlink":"https:\/\/wp.me\/p3VXfJ-1ns","jetpack_sharing_enabled":true,"_links":{"self":[{"href":"https:\/\/www.analysedepratique.org\/index.php?rest_route=\/wp\/v2\/posts\/5298","targetHints":{"allow":["GET"]}}],"collection":[{"href":"https:\/\/www.analysedepratique.org\/index.php?rest_route=\/wp\/v2\/posts"}],"about":[{"href":"https:\/\/www.analysedepratique.org\/index.php?rest_route=\/wp\/v2\/types\/post"}],"author":[{"embeddable":true,"href":"https:\/\/www.analysedepratique.org\/index.php?rest_route=\/wp\/v2\/users\/2"}],"replies":[{"embeddable":true,"href":"https:\/\/www.analysedepratique.org\/index.php?rest_route=%2Fwp%2Fv2%2Fcomments&post=5298"}],"version-history":[{"count":15,"href":"https:\/\/www.analysedepratique.org\/index.php?rest_route=\/wp\/v2\/posts\/5298\/revisions"}],"predecessor-version":[{"id":5418,"href":"https:\/\/www.analysedepratique.org\/index.php?rest_route=\/wp\/v2\/posts\/5298\/revisions\/5418"}],"wp:attachment":[{"href":"https:\/\/www.analysedepratique.org\/index.php?rest_route=%2Fwp%2Fv2%2Fmedia&parent=5298"}],"wp:term":[{"taxonomy":"category","embeddable":true,"href":"https:\/\/www.analysedepratique.org\/index.php?rest_route=%2Fwp%2Fv2%2Fcategories&post=5298"},{"taxonomy":"post_tag","embeddable":true,"href":"https:\/\/www.analysedepratique.org\/index.php?rest_route=%2Fwp%2Fv2%2Ftags&post=5298"}],"curies":[{"name":"wp","href":"https:\/\/api.w.org\/{rel}","templated":true}]}}