{"id":5179,"date":"2021-11-01T18:25:29","date_gmt":"2021-11-01T17:25:29","guid":{"rendered":"https:\/\/www.analysedepratique.org\/?p=5179"},"modified":"2022-03-20T10:54:06","modified_gmt":"2022-03-20T09:54:06","slug":"integrer-une-nouvelle-personne-dans-un-groupe-dapp-quand-labc-de-lapp-est-presentee-par-les-participants","status":"publish","type":"post","link":"https:\/\/www.analysedepratique.org\/?p=5179","title":{"rendered":"Int\u00e9grer de nouvelles personnes dans un groupe d\u2019APP. Quand l\u2019ABC de l\u2019APP est pr\u00e9sent\u00e9 par les participants&#8230;"},"content":{"rendered":"<p>&nbsp;<\/p>\n<h3><\/h3>\n<h3><em><b><a href=\"http:\/\/www.analysedepratique.org\/?page_id=117#mt\">Marc Thi\u00e9baud<\/a><\/b><\/em><\/h3>\n<p><em>Psychologue, sp\u00e9cialiste de l&rsquo;accompagnement et de l&rsquo;animation de groupe, Suisse<br \/>\n<a href=\"mailto:thiebaud@formaction.ch\">thiebaud[arobase]formaction.ch<\/a><\/em><br \/>\n<em><br \/>\n<\/em><\/p>\n<h4><i>R\u00e9sum\u00e9<\/i><\/h4>\n<p style=\"text-align: justify;\">Comment int\u00e9grer de nouvelles personnes dans un groupe d\u2019analyse de pratiques professionnelles (APP)\u00a0? Ce texte \u00e9voque, \u00e0 partir des exp\u00e9riences de l\u2019auteur, en premier lieu le contexte dans lequel se produit ce renouvellement, les d\u00e9fis que cela pose et diff\u00e9rentes mani\u00e8res de proc\u00e9der. Il d\u00e9veloppe ensuite plus particuli\u00e8rement une modalit\u00e9 qui mobilise les participants pour parler de la d\u00e9marche v\u00e9cue dans les s\u00e9ances pr\u00e9c\u00e9dentes et il examine ce que ceux-ci expriment \u00e0 propos de l\u2019APP. Enfin, il d\u00e9gage quelques r\u00e9flexions concernant l\u2019int\u00e9gration de nouvelles personnes dans un groupe et la pr\u00e9sentation des \u00e9l\u00e9ments cl\u00e9s de l\u2019APP.<\/p>\n<h5><em>Mots-cl\u00e9s\u00a0<\/em><\/h5>\n<p class=\"Standard\" style=\"text-align: justify; line-height: normal; tab-stops: 21.3pt 35.4pt;\"><span lang=\"FR\" style=\"font-size: 10.0pt; font-family: 'Lucida Sans Unicode',sans-serif;\">renouvellement du groupe, accueil, confiance, d\u00e9marche d\u2019APP, accompagnement<\/span><\/p>\n<h5><em>Cat\u00e9gorie d&rsquo;article\u00a0<\/em><\/h5>\n<p>T\u00e9moignage ; texte de r\u00e9flexion en lien avec des pratiques<\/p>\n<h5><em>R\u00e9f\u00e9rencement\u00a0<\/em><\/h5>\n<p style=\"text-align: justify;\">Thi\u00e9baud, M. (2021). Int\u00e9grer de nouvelles personnes dans un groupe d\u2019APP. Quand l\u2019ABC de l\u2019APP est pr\u00e9sent\u00e9 par les participants&#8230; <em>Revue de l\u2019analyse de pratiques professionnelles<\/em>, No 21, pp. 124-141. <a href=\"http:\/\/www.analysedepratique.org\/?p=4624\">http:\/\/www.analysedepratique.org\/?p=5179<\/a>.<\/p>\n<hr class=\"shortcode hr light-gray\" style=\"border-width:1px;\" \/>\n<p class=\"alignnone\"><a href=\"http:\/\/www.analysedepratique.org\/wp-content\/uploads\/marc-thiebaud-revue-app-novembre2021.pdf\"><img loading=\"lazy\" decoding=\"async\" class=\"alignleft\" src=\"https:\/\/www.analysedepratique.org\/wp-content\/uploads\/download-icon.png\" alt=\"download-icon\" width=\"24\" height=\"29\" \/><\/a>\u00a0<a href=\"http:\/\/www.analysedepratique.org\/wp-content\/uploads\/marc-thiebaud-revue-app-novembre2021.pdf\">Article en PDF<\/a> \u00a0 \u00a0 \u00a0\u00a0 \u00a0\u00a0 \u00a0\u00a0 \u00a0\u00a0 \u00a0\u00a0 \u00a0\u00a0 \u00a0\u00a0 <a href=\"#co\"><img loading=\"lazy\" decoding=\"async\" src=\"https:\/\/www.analysedepratique.org\/wp-content\/uploads\/et-info-comment.png\" alt=\"et-info-comment\" width=\"30\" height=\"31\" \/><\/a>\u00a0<a href=\"#co\">Commentaires<\/a><\/p>\n<p>&nbsp;<\/p>\n<hr \/>\n<h5><em><strong>Integrating new people into a professional practice analysis (PPA) group. When the ABCs of PPA are presented by the participants\u2026\u00a0<\/strong><\/em><\/h5>\n<h5><em>Abstract<\/em><\/h5>\n<p style=\"text-align: justify;\">How to integrate new people into a professional practice analysis (PPA) group? Based on the author&rsquo;s own experiences, this text first discusses the context in which this renewal occurs, the challenges it poses and different ways of proceeding. It then focuses on a modality that mobilises participants to talk about the process they have experienced in previous sessions and examines what they say about PPA. Finally, some thoughts are offered on integrating new people into a group and presenting the key elements of PPA.<\/p>\n<h5><em>Keywords<\/em><\/h5>\n<p>group renewal, welcome, trust, PPA process, accompaniment<\/p>\n<hr \/>\n<p>&nbsp;<\/p>\n<p>[toc]<\/p>\n<p><a href=\"#_ftnref1\" name=\"_ftn1\"><\/a><\/p>\n<p style=\"text-align: justify;\">Deux questions sont \u00e0 l\u2019origine des \u00e9l\u00e9ments apport\u00e9s dans ce texte. Elles sont toutes deux li\u00e9es \u00e0 une r\u00e9alit\u00e9 que je rencontre assez souvent dans les groupes d\u2019analyse de pratiques professionnelles (APP) : d\u2019une ann\u00e9e \u00e0 l\u2019autre, la composition du groupe se renouvelle, une ou plusieurs personnes s\u2019en vont et sont remplac\u00e9es par d\u2019autres.<\/p>\n<ul style=\"text-align: justify;\">\n<li>Comment accueillir et int\u00e9grer les personnes nouvelles, de mani\u00e8re \u00e0 ce que la confiance d\u00e9velopp\u00e9e jusqu\u2019alors perdure ?<\/li>\n<li>Comment faire en sorte que ces personnes disposent d\u2019informations, concernant le d\u00e9roulement des APP dans le groupe, qui soient pertinentes et qui leur permettent de s\u2019y impliquer de fa\u00e7on optimale\u00a0?<\/li>\n<\/ul>\n<p style=\"text-align: justify;\">Ce texte est bas\u00e9 sur mes v\u00e9cus et mes observations en tant qu\u2019animateur en lien avec ces deux questions. Ci-apr\u00e8s, je pr\u00e9senterai tout d\u2019abord quelques \u00e9l\u00e9ments de contexte qui pr\u00e9cisent le type de situations et de groupes concern\u00e9s et j\u2019aborderai les d\u00e9fis qui se posent pour moi et pour le groupe. J\u2019exposerai ensuite diff\u00e9rentes d\u00e9marches que j\u2019ai mobilis\u00e9es durant ces 10 derni\u00e8res ann\u00e9es et les observations que j\u2019ai pu r\u00e9aliser \u00e0 cet \u00e9gard. Puis, je d\u00e9velopperai plus particuli\u00e8rement les modalit\u00e9s que je privil\u00e9gie actuellement le plus souvent et qui s\u2019appuient sur les ressources des participants. J\u2019\u00e9voquerai ce qu\u2019il en est r\u00e9sult\u00e9 et je r\u00e9sumerai notamment la mani\u00e8re dont les participants d\u00e9crivent leur exp\u00e9rience de l\u2019APP lorsqu\u2019ils sont sollicit\u00e9s pour ce faire (en relevant les mots qu\u2019ils utilisent le plus souvent\u00a0: leur ABC de l\u2019analyse de pratiques). Enfin, je conclurai avec quelques r\u00e9flexions relatives \u00e0 l\u2019int\u00e9gration de nouvelles personnes dans un groupe et \u00e0 la pr\u00e9sentation de la d\u00e9marche d\u2019APP.<\/p>\n<h4 style=\"text-align: justify;\"><strong>1. Contexte<\/strong><\/h4>\n<p style=\"text-align: justify;\">Les groupes que j\u2019anime sont constitu\u00e9s de professionnels qui se r\u00e9unissent habituellement chaque ann\u00e9e \u00e0 cinq ou six reprises, durant une demi-journ\u00e9e. Le plus souvent, nous d\u00e9finissons un engagement pour un an, avec un renouvellement qui peut \u00eatre d\u00e9cid\u00e9 d\u2019ann\u00e9e en ann\u00e9e (g\u00e9n\u00e9ralement, ce renouvellement se fait \u00e0 deux ou trois reprises avec les groupes que j\u2019anime). \u00c0 ce moment, il est fr\u00e9quent qu\u2019une ou l\u2019autre personne souhaite rejoindre le groupe, avec son accord. Cela se passe notamment lorsqu\u2019un participant quitte son poste et qu\u2019il est remplac\u00e9 par une personne qui souhaite b\u00e9n\u00e9ficier \u00e9galement des APP.<\/p>\n<p style=\"text-align: justify;\">Plusieurs cas de figures peuvent se pr\u00e9senter. Dans les trois premiers, en tant qu\u2019animateur, je ne connais pas la personne :<\/p>\n<ol style=\"text-align: justify;\">\n<li>cette personne ne conna\u00eet aucun membre du groupe ;<\/li>\n<li>elle conna\u00eet certains membres du groupe ;<\/li>\n<li>toutes les personnes se connaissent (soit parce qu\u2019elles se sont rencontr\u00e9es \u00e0 une autre occasion, soit parce qu\u2019elles travaillent dans une m\u00eame \u00e9quipe) ;<\/li>\n<li>tout le monde se conna\u00eet.<\/li>\n<\/ol>\n<p style=\"text-align: justify;\">Par ailleurs, d\u2019autres \u00e9l\u00e9ments sont \u00e0 prendre en consid\u00e9ration, en particulier : la connaissance et l\u2019exp\u00e9rience que la nouvelle personne a (ou n\u2019a pas) de l\u2019APP et l\u2019exp\u00e9rience qu\u2019elle a (ou n\u2019a pas) acquise dans sa pratique professionnelle (dans le cas par exemple d\u2019une r\u00e9cente prise de fonction).<\/p>\n<p style=\"text-align: justify;\">Les situations rencontr\u00e9es sont donc variables et elles influencent la nature des d\u00e9fis \u00e0 relever que j\u2019\u00e9voque ci-apr\u00e8s.<\/p>\n<h4 style=\"text-align: justify;\"><strong>2. D\u00e9fis<\/strong><\/h4>\n<p style=\"text-align: justify;\">Dans les groupes que j\u2019anime, habituellement, chaque s\u00e9ance d\u2019APP commence par un tour de table dans lequel les participants expriment leurs souhaits pour la rencontre, en une \u00e0 deux phrases. Parfois, dans ce tour de table, j\u2019invite les personnes \u00e0 dire en premier lieu un ressenti du moment (leur m\u00e9t\u00e9o int\u00e9rieure) et des besoins \u00e9ventuels sur un plan plus g\u00e9n\u00e9ral. Suite \u00e0 quoi nous d\u00e9finissons ensemble le programme, avec quelles personnes exposantes nous allons successivement travailler. Chaque s\u00e9quence d\u2019APP se d\u00e9roule, avec des variantes possibles, selon la d\u00e9marche pr\u00e9sent\u00e9e dans Thi\u00e9baud (2013) et Thi\u00e9baud et Vacher (2020).<\/p>\n<p style=\"text-align: justify;\">L\u2019int\u00e9gration d\u2019une nouvelle personne dans un groupe d\u2019APP implique de pr\u00e9voir des modifications par rapport au processus habituel de d\u00e9but de s\u00e9ance (au-del\u00e0 du simple bonjour d\u2019accueil de la nouvelle personne). En effet, les interactions en son sein sont in\u00e9vitablement chang\u00e9es de par la pr\u00e9sence d\u2019un nouveau membre. La confiance qui a pu s\u2019\u00e9tablir durant les rencontres pr\u00e9c\u00e9dentes est susceptible d\u2019\u00eatre affect\u00e9e, ce qui peut r\u00e9duire le degr\u00e9 de s\u00e9curit\u00e9 v\u00e9cu. Le groupe ne se r\u00e9duit pas \u00e0 un agr\u00e9gat ou une simple collection de personnes. S\u2019il peut garder une certaine permanence, il ne sera plus exactement le m\u00eame qu\u2019avant, sa dynamique relationnelle sera modifi\u00e9e, comme l\u2019ont montr\u00e9 les travaux en psychologie sociale (Anzieu, 1997), humaniste (Rogers, 2006) et syst\u00e9mique (Watzlawick, Helmick Beavin, &amp; Jackson, 1979).<\/p>\n<p style=\"text-align: justify;\">Par ailleurs, cette nouvelle personne devra apprendre \u00e0 conna\u00eetre les membres du groupe, d\u00e9couvrir l\u2019histoire et les liens d\u00e9velopp\u00e9s entre eux, apprivoiser la d\u00e9marche, les r\u00e8gles et les modalit\u00e9s de travail qu\u2019ils ont \u00e9labor\u00e9es et exp\u00e9riment\u00e9es ensemble depuis plusieurs s\u00e9ances, trouver sa place dans le groupe, surmonter certaines craintes l\u00e9gitimes face \u00e0 la nouveaut\u00e9 qui peuvent limiter sa capacit\u00e9 \u00e0 s\u2019exposer, etc.<\/p>\n<p style=\"text-align: justify;\">Au moment de la mise en place, lors de sa premi\u00e8re rencontre, un groupe d\u2019APP se constitue avec la clarification des attentes, la d\u00e9finition d\u2019objectifs concert\u00e9s, la d\u00e9finition en commun de r\u00e8gles de participation et d\u2019un cadre de s\u00e9curit\u00e9. La construction se poursuit ensuite au fil des s\u00e9ances. De mon exp\u00e9rience, celle-ci se fait notamment avec\u00a0:<\/p>\n<ul style=\"text-align: justify;\">\n<li>le partage des besoins et \u00e9motions par les participants,<\/li>\n<li>la connaissance r\u00e9ciproque qu\u2019ils d\u00e9veloppent entre eux,<\/li>\n<li>l\u2019attention port\u00e9e par chacun \u00e0 autrui (non-jugement),<\/li>\n<li>l\u2019expression de reconnaissance mutuelle,<\/li>\n<li>l\u2019accompagnement mutuel dans les APP,<\/li>\n<li>les exp\u00e9riences v\u00e9cues de reliance et d\u2019interconnexion.<\/li>\n<\/ul>\n<p style=\"text-align: justify;\">En suivant Rebetez (2015), je veille \u00e0 d\u00e9velopper \u00e0 cet effet une posture d\u2019accompagnement, \u00e0 favoriser un processus de travail qui permette \u00e0 tous les participants de s\u2019impliquer, \u00e0 faciliter avec eux les r\u00e9gulations n\u00e9cessaires et suis attentif aux v\u00e9cus de chacun.<\/p>\n<p style=\"text-align: justify;\">On peut consid\u00e9rer que l\u2019accueil d\u2019une nouvelle personne n\u00e9cessite un travail de reconstruction du groupe qui mobilisera peu ou prou les m\u00eames processus. Si cela peut \u00eatre une opportunit\u00e9 de renouvellement pour le groupe, cela repr\u00e9sente aussi un d\u00e9fi\u00a0: comment inscrire cette int\u00e9gration dans une articulation et une continuit\u00e9 avec tout ce qui a \u00e9t\u00e9 construit pr\u00e9c\u00e9demment au niveau de la dynamique collective. Comment faire pour qu\u2019il n\u2019y ait pas de \u00ab\u00a0rupture d\u2019\u00e9volution\u00a0\u00bb pour les autres participants\u00a0(cf les \u00e9tapes de constitution et d\u2019\u00e9volution d\u2019un groupe\u00a0; Gouze, 2005\u00a0; Thi\u00e9baud et vacher, 2018).<\/p>\n<p style=\"text-align: justify;\">Un autre aspect concerne la compr\u00e9hension et l\u2019apprentissage des modalit\u00e9s d\u2019APP par la nouvelle personne qui n\u00e9cessitent une \u00e9laboration qui peut \u00e9galement prendre du temps. Dans les groupes que j\u2019anime, ces modalit\u00e9s ne sont pas d\u00e9finies de mani\u00e8re immuable. Elles sont influenc\u00e9es par les v\u00e9cus du groupe. Je privil\u00e9gie en effet une approche \u00e9volutive, qui s\u2019inscrit dans une perspective d\u2019accompagnement, de r\u00e9flexivit\u00e9 et d\u2019intelligence collective (Thi\u00e9baud et Vacher, 2020).<\/p>\n<p style=\"text-align: justify;\">Une difficult\u00e9 ici consiste \u00e0 aider la personne nouvelle \u00e0 se rep\u00e9rer dans la d\u00e9marche d\u2019APP alors que le reste du groupe en a d\u00e9j\u00e0 d\u00e9velopp\u00e9 une certaine exp\u00e9rience et l\u2019a d\u00e9j\u00e0 ajust\u00e9e \u00e0 sa r\u00e9alit\u00e9. En d\u2019autres termes, il ne lui suffira pas d\u2019avoir connaissance d\u2019un protocole et d\u2019en suivre les consignes \u00e0 chaque \u00e9tape pour s\u2019y retrouver d\u2019embl\u00e9e. En effet, le travail \u00e9labor\u00e9 par le groupe, la mani\u00e8re dont celui-ci a ajust\u00e9 la d\u00e9marche d\u2019APP en fonction de ses r\u00e9alit\u00e9s peuvent lui manquer dans les premiers moments.<\/p>\n<p style=\"text-align: justify;\">L\u2019int\u00e9gration d\u2019une nouvelle personne et la reconstruction du groupe d\u2019APP peut donc \u00eatre vue comme un d\u00e9fi. Si je n\u2019ai pas rencontr\u00e9 de difficult\u00e9s particuli\u00e8res avec les groupes que j\u2019ai anim\u00e9s, cela demande \u00e0 chaque fois de l\u2019attention. Le d\u00e9fi est d\u2019autant moins ais\u00e9 \u00e0 relever si l\u2019on consid\u00e8re que, pour les participants qui ont d\u00e9j\u00e0 v\u00e9cu ensemble de nombreuses s\u00e9ances, il pourrait \u00eatre fastidieux d\u2019y consacrer trop de temps (sans compter qu\u2019au fil des ans, le groupe a d\u00e9j\u00e0 pu se renouveler \u00e0 plusieurs reprises, avec des personnes qui l\u2019ont successi-vement rejoint). Cela pourrait \u00eatre d\u2019ailleurs aussi g\u00eanant pour la nouvelle personne si elle a l\u2019impression de prendre trop de place parce que son arriv\u00e9e et son int\u00e9gration dans le groupe n\u00e9cessitent de pr\u00e9voir des activit\u00e9s et du temps avant la s\u00e9quence d\u2019APP proprement dite.<\/p>\n<h4 style=\"text-align: justify;\"><strong>3. Diff\u00e9rentes mani\u00e8res de proc\u00e9der pour int\u00e9grer une nouvelle personne dans un groupe d\u2019APP<\/strong><\/h4>\n<p style=\"text-align: justify;\">Compte tenu de la vari\u00e9t\u00e9 des situations que j\u2019ai bri\u00e8vement \u00e9voqu\u00e9e plus haut, je cherche \u00e0 ajuster \u00e0 chaque fois la mani\u00e8re de proc\u00e9der, en concertation avec les participants. Je m\u2019appuie pour ce faire sur les rep\u00e8res suivants (qui me servent d\u2019ailleurs pour toute r\u00e9gulation ; voir Thi\u00e9baud et Bichsel, 2019a) :<\/p>\n<ul style=\"text-align: justify;\">\n<li>le sens partag\u00e9 (\u00e0 quelles attentes, quels besoins cela r\u00e9pond-il ?),<\/li>\n<li>l\u2019organisation et la gestion du temps (quelle m\u00e9thode est la plus efficace\u00a0?),<\/li>\n<li>l\u2019implication (comment la mani\u00e8re de proc\u00e9der mobilise-t-elle les participants ?),<\/li>\n<li>les relations collectives (comment cela valorise-t-il les interactions et le climat de groupe\u00a0?),<\/li>\n<li>la production (quels apprentissages, quels b\u00e9n\u00e9fices en r\u00e9sultent dans le travail d\u2019APP ?),<\/li>\n<li>les processus de facilitation du groupe (comment favorisent-ils les r\u00e9gulations n\u00e9cessaires ?),<\/li>\n<li>les capacit\u00e9s r\u00e9flexives, le m\u00e9ta (comment cela aide-t-il la prise de recul dans le groupe ?).<\/li>\n<\/ul>\n<p style=\"text-align: justify;\">C\u2019est en consid\u00e9rant la combinaison et l\u2019\u00e9quilibre de ces diff\u00e9rents aspects que je cherche les moyens d\u2019int\u00e9grer les nouvelles personnes dans un groupe d\u2019APP. Au fil du temps, j\u2019ai exp\u00e9riment\u00e9, en concertation avec les participants, diff\u00e9rentes mani\u00e8res de proc\u00e9der que je d\u00e9cris successivement dans les lignes qui suivent. Je les ai regroup\u00e9es, pour simplifier, en cinq activit\u00e9s-types.<\/p>\n<h6 style=\"text-align: justify;\"><strong>3.1. Activit\u00e9 sp\u00e9cifique de reconstruction du groupe<\/strong><\/h6>\n<hr \/>\n<p style=\"text-align: justify;\">Cette activit\u00e9 consiste \u00e0 consacrer un moment en d\u00e9but de s\u00e9ance pour apprendre \u00e0 se conna\u00eetre avec la nouvelle personne. \u00c9tant donn\u00e9 que les autres membres du groupe ont d\u00e9j\u00e0 d\u00e9velopp\u00e9 des liens, je propose des activit\u00e9s cr\u00e9atives, de type brise-glace, qui permettent \u00e0 tous les participants d\u2019en b\u00e9n\u00e9ficier. Cela prend souvent la forme de brefs \u00e9changes (de deux minutes) en duos (ou en trios) sur des sujets divers tels que : \u00ab\u00a0mon ressenti du moment\u00a0\u00bb ; \u00ab\u00a0un souvenir plut\u00f4t enthousiasmant de la semaine pass\u00e9e\u00a0\u00bb ; \u00ab\u00a0mes attentes par rapport aux rencontres d\u2019APP \u00bb ou encore (en cinq minutes) \u00ab sept points que nous avons tous les deux (ou les trois) en commun\u00a0\u00bb (ce qui n\u00e9cessite une exploration, un questionnement, alors que les autres \u00e9changes proc\u00e8dent plut\u00f4t par une prise de parole chacun \u00e0 son tour)\u00a0;\u00a0etc.<br \/>\nEnsuite, les participants sont invit\u00e9s, dans le cercle du groupe, \u00e0 s\u2019exprimer \u00e0 tour de r\u00f4le : \u00ab\u00a0mon pr\u00e9nom et une qualit\u00e9 personnelle qui commence par la m\u00eame lettre que mon pr\u00e9nom \u00bb\u00a0; \u00ab\u00a0si j\u2019\u00e9tais un animal, je serais\u2026\u00a0\u00bb\u00a0; etc.<br \/>\nL\u2019ensemble dure g\u00e9n\u00e9ralement entre 20 et 30 minutes.<\/p>\n<hr \/>\n<p style=\"text-align: justify;\">Les sujets propos\u00e9s peuvent \u00eatre tr\u00e8s vari\u00e9s, adapt\u00e9s au groupe, avec une petite touche de surprise mais sans qu\u2019ils suscitent en principe de difficult\u00e9s particuli\u00e8res. L\u2019important est pour moi que tout le monde puisse \u00eatre mobilis\u00e9 au maximum et que le rythme soit rapide. Les \u00e9changes en duos ou en trios peuvent s\u2019effectuer sur 10 \u00e0 15 minutes, avec un tournus pour chaque sujet, ce qui permet \u00e0 la personne nouvelle de rencontrer quatre \u00e0 cinq membres du groupe. Ce format lib\u00e8re aussi la parole, qu\u2019il est plus facile de prendre ensuite face au groupe entier. Le tour de table en grand groupe permet \u00e0 chacun d\u2019entendre tout le monde et contribue \u00e0 d\u00e9velopper le sentiment d\u2019appartenance. Pour qu\u2019il ne soit pas chronophage, je pr\u00e9f\u00e8re limiter la prise de parole \u00e0 un ou deux mots ou une seule phrase. Cette mani\u00e8re de proc\u00e9der est efficace pour d\u00e9velopper les liens.<\/p>\n<p style=\"text-align: justify;\">Actuellement, j\u2019utilise assez rarement cette activit\u00e9 sp\u00e9cifique, sauf lorsqu\u2019il s\u2019agit d\u2019int\u00e9grer plusieurs nouvelles personnes simultan\u00e9ment. Quelle que soit sa forme, elle demande en effet de prendre du temps de s\u00e9ance qui n\u2019est pas d\u00e9di\u00e9 \u00e0 l\u2019APP proprement dite, d\u2019autant qu\u2019il est aussi n\u00e9cessaire de clarifier par la suite le d\u00e9roulement, les principes et les r\u00e8gles de l\u2019APP (cf point 3.3). Cette activit\u00e9 peut \u00eatre mise en parall\u00e8le avec celles qui sont souvent propos\u00e9es au d\u00e9marrage du groupe, lors de sa toute premi\u00e8re s\u00e9ance, d\u00e9di\u00e9e pour tout ou partie \u00e0 la constitution du groupe (voir diff\u00e9rents exemples dans les articles parus dans Thi\u00e9baud (coord., 2017). Durant mes premi\u00e8res ann\u00e9es d\u2019animation, j\u2019avais tendance \u00e0 consacrer une heure, voire l\u2019entier de la premi\u00e8re s\u00e9ance d\u2019APP pour cela. Actuellement, je prends g\u00e9n\u00e9ralement beaucoup moins de temps afin de le r\u00e9server pour l\u2019APP proprement dite.<\/p>\n<h6 style=\"text-align: justify;\"><strong>3.2. \u00c9change individuel avec la nouvelle personne avant la s\u00e9ance<\/strong><\/h6>\n<hr \/>\n<p style=\"text-align: justify;\">Il s\u2019agit d\u2019organiser par courriel un \u00e9change pr\u00e9alable entre la nouvelle personne et moi, qui peut se faire par t\u00e9l\u00e9phone, en visio ou parfois en pr\u00e9sentiel, selon ce qui est le plus pratique. Cet \u00e9change est informel. Il nous permet de faire connaissance et d\u2019aborder les questions que la personne peut avoir en vue de son int\u00e9gration dans le groupe.<\/p>\n<hr \/>\n<p style=\"text-align: justify;\">C\u2019est l\u2019occasion pour la personne de partager avec moi son exp\u00e9rience et de gagner en confiance avant la premi\u00e8re s\u00e9ance. En ce qui me concerne, je peux disposer ainsi, avant la s\u00e9ance, d\u2019\u00e9l\u00e9ments qui me seront utiles pour faciliter son accueil. Lorsque la nouvelle personne conna\u00eet d\u00e9j\u00e0 tous les membres du collectif ou la majorit\u00e9 d\u2019entre eux, cette mani\u00e8re de proc\u00e9der est efficace\u00a0: elle est v\u00e9cue comme s\u00e9curisante et elle demande peu de temps.<\/p>\n<h6 style=\"text-align: justify;\"><strong>3.3. Information sur la d\u00e9marche d\u2019analyse de pratiques<\/strong><\/h6>\n<hr \/>\n<p style=\"text-align: justify;\">Il s\u2019agit d\u2019assurer que la personne qui rejoint le groupe dispose des informations n\u00e9cessaires concernant le sens, les principes, les modalit\u00e9s et les r\u00e8gles de travail en APP tels que nous en avons convenu et les aspects d\u2019organisation pratique (dates, lieux, etc. des rencontres). Ces informations peuvent \u00eatre transmises de diff\u00e9rentes mani\u00e8res selon les groupes. Parfois, je profite \u00e0 cet effet de l\u2019\u00e9change individuel que je viens d\u2019\u00e9voquer dans le point 3.2 ou je propose \u00e0 la nouvelle personne de lire des documents en lien avec l\u2019APP (en g\u00e9n\u00e9ral ceux que j\u2019ai pr\u00e9c\u00e9demment distribu\u00e9s aux participants\u00a0; voir par exemple Thi\u00e9baud, 2001). D\u2019autres fois, je prends un moment, lors de son accueil dans le groupe pour rappeler la mani\u00e8re dont nous travaillons en APP et les r\u00e8gles adopt\u00e9es. Il arrive aussi qu\u2019un membre ou l\u2019autre du groupe se charge de l\u2019informer pr\u00e9alablement.<\/p>\n<hr \/>\n<p style=\"text-align: justify;\">Il est g\u00e9n\u00e9ralement utile que la nouvelle personne dispose des m\u00eames informations \u00e9crites que les autres participants, cela accro\u00eet son sentiment d\u2019appartenance au groupe. Avec un \u00e9change individuel pr\u00e9alable, le dialogue peut favoriser sa d\u00e9couverte et son appropriation de la d\u00e9marche. Lorsque l\u2019on prend du temps dans le groupe pour parler du dispositif d\u2019APP, la nouvelle personne peut \u00e9galement clarifier des questions \u00e9ventuelles qui l\u2019habitent. Cela peut par ailleurs servir de rappel utile pour tous les participants au moment de commencer une nouvelle ann\u00e9e de rencontres. Un inconv\u00e9nient pour moi dans cette fa\u00e7on de proc\u00e9der, c\u2019est que cela repose beaucoup sur moi en tant qu\u2019animateur. En ce sens, il peut \u00eatre int\u00e9ressant d\u2019identifier dans le groupe des participants susceptibles de donner des informations \u00e0 la nouvelle personne, ce qui est plus facile lorsqu\u2019ils se connaissent d\u00e9j\u00e0 ou travail dans la m\u00eame \u00e9quipe.<\/p>\n<h6 style=\"text-align: justify;\"><strong>3.4. Activit\u00e9 d\u2019int\u00e9gration minimaliste<\/strong><\/h6>\n<hr \/>\n<p style=\"text-align: justify;\">Une modalit\u00e9 minimale signifie pour moi qu\u2019aucune activit\u00e9 pr\u00e9alable \u00e0 la rencontre n\u2019est pr\u00e9vue et que nous convenons de ce qu\u2019il appara\u00eet utile de faire au d\u00e9but de la s\u00e9ance durant laquelle la nouvelle personne est int\u00e9gr\u00e9e. Dans ce cas, g\u00e9n\u00e9ralement, l\u2019accueil se fait de mani\u00e8re tr\u00e8s informelle. Assez souvent, des \u00e9changes ont d\u00e9j\u00e0 lieu \u00e0 l\u2019arriv\u00e9e et les personnes qui ne se connaissent pas se pr\u00e9sentent rapidement. Puis je rappelle nos r\u00e8gles et la s\u00e9ance d\u2019APP d\u00e9bute selon le processus habituel (voir le premier paragraphe du point 2 ci-dessus). J\u2019invite la nouvelle personne \u00e0 exprimer ses questions et besoins, en d\u00e9but et dans le cours de l\u2019APP et nous prenons le temps n\u00e9cessaire pour des clarifications lorsque cela est demand\u00e9. G\u00e9n\u00e9ralement, nous profitons ensuite de la pause en milieu de s\u00e9ance pour faire plus ample connaissance.<\/p>\n<hr \/>\n<p style=\"text-align: justify;\">J&rsquo;utilise cette mani\u00e8re de proc\u00e9der plus particuli\u00e8rement lorsque la nouvelle personne conna\u00eet tous les participants \u00e0 l\u2019APP parce qu\u2019elle travaille au quotidien dans la m\u00eame \u00e9quipe ou qu\u2019elle a eu de nombreuses autres occasions de les rencontrer. Il arrive d\u2019ailleurs que j\u2019apprenne en d\u00e9but de s\u00e9ance que cette personne a \u00e9t\u00e9 engag\u00e9e r\u00e9cemment dans l\u2019\u00e9quipe et qu\u2019elle rejoint les s\u00e9ances d\u2019APP. Assez souvent, j\u2019observe que quelqu\u2019un s\u2019est charg\u00e9 de l\u2019informer pr\u00e9alablement \u00e0 minima sur le d\u00e9roulement de l\u2019APP. Dans ce cas, on se pr\u00e9sente l\u2019un \u00e0 l\u2019autre en quelques mots puis la s\u00e9ance d\u00e9marre comme \u00e0 l\u2019accoutum\u00e9e.<\/p>\n<p style=\"text-align: justify;\">En appr\u00e9ciant sur le moment, en d\u00e9but de s\u00e9ance, ce qui est le plus appropri\u00e9, il en r\u00e9sulte souvent un gain de temps, dans la mesure o\u00f9 l\u2019on opte pour entrer plus rapidement dans l\u2019APP proprement dite. G\u00e9n\u00e9ralement, la nouvelle personne dit que cela lui convient bien et qu\u2019elle veut commencer par observer\u2026 ce qui ne l\u2019emp\u00eache pas tr\u00e8s rapidement d\u2019\u00eatre active dans l\u2019analyse, notamment d\u00e8s qu\u2019elle per\u00e7oit que les autres participants appr\u00e9cient le regard neuf qu\u2019elle peut apporter.<\/p>\n<p style=\"text-align: justify;\">Durant l\u2019APP, je prends ensuite un soin particulier pour introduire et expliquer chaque \u00e9tape. Avec le temps, j\u2019ai constat\u00e9 que les liens et la confiance peuvent se d\u00e9velopper tout aussi bien durant l\u2019APP, d\u00e8s le moment o\u00f9 l\u2019\u00e9coute est pr\u00e9sente dans le respect de la subjectivit\u00e9 de chacun. L\u2019important r\u00e9side dans les capacit\u00e9s de r\u00e9gulation pr\u00e9sentes dans le groupe, qui permettent \u00e0 n\u2019importe quel participant, \u00e0 tout moment, de dire s\u2019il y a un inconfort dans la communication, de demander une \u00ab\u00a0pause \u00bb dans le processus pour exprimer un besoin, clarifier une question, prendre un temps \u00ab m\u00e9ta \u00bb, etc. (voir Thi\u00e9baud et Bichsel, 2019a ; 2019b). Il arrive que la personne nouvelle demande par exemple une pr\u00e9cision au passage d\u2019une \u00e9tape \u00e0 l\u2019autre. Lors du bilan de l\u2019APP, elle s\u2019exprime sur ce qu\u2019elle a v\u00e9cu, comme les autres participants, et cela donne l\u2019occasion \u00e9ventuellement de clarifier encore un ou l\u2019autre aspect du processus d\u2019APP. G\u00e9n\u00e9ralement, elle dit qu\u2019elle a pu se l\u2019approprier suffisamment et qu\u2019elle n\u2019a pas besoin de davantage d\u2019informations pour la suite.<\/p>\n<p style=\"text-align: justify;\">De mon c\u00f4t\u00e9, j\u2019ai pris confiance dans la possibilit\u00e9 de consacrer tr\u00e8s peu de temps \u00e0 informer une nouvelle personne \u00e0 mesure que j\u2019ai eu l\u2019occasion d\u2019exp\u00e9rimenter l\u2019int\u00e9r\u00eat de travailler la constitution du groupe \u00e0 travers le processus d\u2019APP lui-m\u00eame, avec le dialogue qui s\u2019y d\u00e9veloppe et les \u00e9ventuels temps \u00ab\u00a0m\u00e9ta\u00a0\u00bb. Cette fa\u00e7on de faire peut d\u2019ailleurs \u00eatre utilis\u00e9e \u00e9galement pour le d\u00e9marrage initial d\u2019un groupe d\u2019APP. La premi\u00e8re fois que j\u2019ai eu l\u2019occasion de constater que le groupe l\u2019appr\u00e9ciait date de 1999 (et j\u2019ai rev\u00e9cu depuis lors souvent la m\u00eame exp\u00e9rience). J\u2019avais \u00e9t\u00e9 sollicit\u00e9 pour faire une pr\u00e9sentation d\u2019une heure sur l\u2019analyse de pratiques \u00e0 un groupe de personnes int\u00e9ress\u00e9es et j\u2019ai refus\u00e9, tout en proposant une alternative qui s\u2019inscrit dans une logique exp\u00e9rientielle (selon Kolb, 1984) : vivre une s\u00e9quence d\u2019APP puis en parler et y r\u00e9fl\u00e9chir ensemble. Ma proposition avait \u00e9t\u00e9 accept\u00e9e (avec une dur\u00e9e de 2h30 plut\u00f4t qu\u2019une heure !). Et elle m\u2019avait convaincu, de m\u00eame que les participants. Cela n\u00e9cessite cependant, \u00e0 mon sens, que les personnes se connaissent d\u00e9j\u00e0 pr\u00e9alablement, ce qui \u00e9tait le cas et qu\u2019il y ait un minimum de confiance et de respect d\u00e9j\u00e0 pr\u00e9sents.<\/p>\n<h6 style=\"text-align: justify;\"><strong>3.5. Activit\u00e9 d\u2019int\u00e9gration mobilisant les ressources de tous les participants<\/strong><\/h6>\n<hr \/>\n<p style=\"text-align: justify;\">Cette activit\u00e9 consiste \u00e0 inviter tous les participants, en d\u00e9but de s\u00e9ance, \u00e0 parler de leur v\u00e9cu en APP. J\u2019explique bri\u00e8vement, suite au bonjour d\u2019accueil de la nouvelle personne, que nous proc\u00e9derons \u00e0 deux tours de table\u00a0: le premier pour ce partage de v\u00e9cus et le second pour identifier, comme \u00e0 l\u2019accoutum\u00e9e, les souhaits de chacun pour la s\u00e9ance. Ensuite, une fois les choix faits pour le d\u00e9roulement de la s\u00e9ance, je rappelle les r\u00e8gles (ou je demande aux participants de le faire) puis je donne de tr\u00e8s br\u00e8ves indications sur le d\u00e9roulement de la premi\u00e8re analyse de pratiques en v\u00e9rifiant si la nouvelle personne a des questions. Je l\u2019invite \u00e0 nous questionner sans h\u00e9siter, selon besoin, dans le cours de la s\u00e9ance et au fur et \u00e0 mesure o\u00f9 je faciliterai le passage d\u2019une \u00e9tape \u00e0 l\u2019autre du processus.<\/p>\n<hr \/>\n<p style=\"text-align: justify;\">Pour introduire le premier tour de table propos\u00e9 (qui est le plus souvent nouveau pour tous les participants), je leur indique le but : \u00ab permettre \u00e0 la nouvelle personne de s\u2019informer sur le travail effectu\u00e9 en APP \u00bb\u00a0; puis j\u2019invite chacun \u00e0 r\u00e9fl\u00e9chir durant deux ou trois minutes pour identifier et noter, pour soi, \u00ab\u00a0des ingr\u00e9dients essentiels de l\u2019APP, selon les v\u00e9cus de chacun\u00a0\u00bb. Je peux varier cette consigne, notamment si ce n\u2019est pas la premi\u00e8re fois que le groupe accueille une nouvelle personne. Par exemple en leur demandant : \u00ab\u00a0qu\u2019est-ce qui favorise le succ\u00e8s d\u2019une APP selon mes v\u00e9cus \u00bb ou encore \u00ab\u00a0qu\u2019est-ce qui me motive \u00e0 participer \u00e0 des s\u00e9ances d\u2019APP pour une deuxi\u00e8me (ou troisi\u00e8me ann\u00e9e)\u00a0\u00bb. En ce qui concerne la nouvelle personne, je lui propose de dire ses attentes ou ses motivations \u00e0 rejoindre le groupe.<\/p>\n<p style=\"text-align: justify;\">Afin d\u2019assurer l\u2019efficacit\u00e9 de ce tour de table, je pr\u00e9cise que je demande \u00e0 chacun de dire\u00a0:<br \/>\n1) son pr\u00e9nom 2) quelque chose sur soi (en une phrase) et 3) un \u00e9l\u00e9ment cl\u00e9 de l\u2019APP (une phrase \u00e9galement). Je commence le tour en disant mon pr\u00e9nom et une chose sur moi, puis je passe le relai \u00e0 un des participants de mon choix et j\u2019invite chacun \u00e0 en faire de m\u00eame jusqu\u2019\u00e0 ce que tout le monde ait eu la parole. Je demande enfin au groupe si quelqu\u2019un souhaite apporter un compl\u00e9ment \u00e0 ce qui a \u00e9t\u00e9 partag\u00e9 sur les \u00e9l\u00e9ments cl\u00e9s v\u00e9cus dans l\u2018APP.<\/p>\n<p style=\"text-align: justify;\">J\u2019ai d\u00e9velopp\u00e9 cette activit\u00e9 au cours des 10 derni\u00e8res ann\u00e9es et c\u2019est celle que je privil\u00e9gie le plus souvent actuellement. Elle est tr\u00e8s appr\u00e9ci\u00e9e par le groupe. Les participants s\u2019expriment sans difficult\u00e9, avec spontan\u00e9it\u00e9, parfois avec humour, dans une dynamique qui permet \u00e0 la nouvelle personne de vivre l\u2019exp\u00e9rience de la qualit\u00e9 de relation et d\u2019\u00e9coute qui pr\u00e9vaut en APP. Apr\u00e8s avoir not\u00e9 plusieurs \u00e9l\u00e9ments durant le moment de r\u00e9flexion initiale, ils partagent, dans le tour de parole, un \u00e9l\u00e9ment qui n\u2019a pas \u00e9t\u00e9 encore mentionn\u00e9, tout en disant souvent qu\u2019ils rejoignent ce qui a d\u00e9j\u00e0 \u00e9t\u00e9 exprim\u00e9. Cette activit\u00e9 peut aussi \u00eatre adapt\u00e9e en fonction de chaque groupe, au niveau du d\u00e9tail des consignes. Parfois j\u2019invite \u00e0 \u00e9voquer une image ou \u00e0 utiliser une analogie pour s\u2019exprimer ou je propose des cartes telles que celles figurant dans le jeu Dixit comme support \u00e0 la parole (voir\u00a0: <a href=\"https:\/\/www.libellud.com\/dixit-resources\/\">https:\/\/www.libellud.com\/dixit-resources<\/a>).<\/p>\n<p style=\"text-align: justify;\">Cette mani\u00e8re de proc\u00e9der r\u00e9unit plusieurs avantages : elle mobilise tout le monde\u00a0; elle aide la personne nouvelle \u00e0 se sentir en communication avec chaque participant et \u00e0 s\u2019approprier une d\u00e9marche d\u2019APP que les autres participants ont d\u00e9j\u00e0 exp\u00e9riment\u00e9e durant plusieurs s\u00e9ances, sans que cela soit trop formel. Elle permet une circulation fluide et rapide de la parole. Avec le relais de personne \u00e0 personne, cela d\u00e9veloppe aussi des liens dans le groupe. Il en \u00e9merge une image globale des essentiels de l\u2019APP, chacun apportant de nouveaux \u00e9l\u00e9ments. Cette fa\u00e7on de proc\u00e9der prend par ailleurs peu de temps tout en offrant un rappel pour tout le monde, qui peut \u00eatre bienvenu au moment de commencer un nouveau cycle de s\u00e9ances. De mon c\u00f4t\u00e9, je constate que je n\u2019ai g\u00e9n\u00e9ralement rien \u00e0 ajouter \u00e0 ce qui a \u00e9t\u00e9 partag\u00e9, cela refl\u00e8te le travail que nous avons effectu\u00e9 ensemble. Parfois, j\u2019\u00e9voque un \u00e9l\u00e9ment concernant mon r\u00f4le\u00a0: je pr\u00e9cise ma posture de facilitateur.<\/p>\n<h4 style=\"text-align: justify;\"><strong>4. ABC de l\u2019APP : comment les participants pr\u00e9sentent l\u2019APP<\/strong><\/h4>\n<p style=\"text-align: justify;\">Au fil des ans, lors d\u2019une douzaine de s\u00e9ances v\u00e9cues avec l\u2019activit\u00e9 d\u2019int\u00e9gration mobilisant les ressources de tous les participants (cf. 3.5), j\u2019ai eu l\u2019occasion de noter les expressions qu\u2019ils ont employ\u00e9es pour parler de l\u2019APP. Ci-apr\u00e8s, j\u2019en donne des exemples et je r\u00e9sume les principaux \u00e9l\u00e9ments avec les mots et leur \u00e9tymologie ainsi que les notions qui reviennent le plus fr\u00e9quemment dans leur propos (\u00e9l\u00e9ments qui renvoient \u00e0 ce qui a \u00e9t\u00e9 r\u00e9alis\u00e9 et v\u00e9cu par les groupes concern\u00e9s durant les APP des ann\u00e9es pr\u00e9c\u00e9dentes).<\/p>\n<h6 style=\"text-align: justify;\"><strong>A<\/strong><\/h6>\n<p style=\"text-align: justify;\"><strong>Analyse<\/strong><\/p>\n<table style=\"width: 70%; border-collapse: collapse;\">\n<tbody>\n<tr>\n<td style=\"width: 100%;\">Du grec ancien, <em>analysis<\/em>, de <em>analu\u00f4,<\/em> \u00ab\u2009d\u00e9lier\u2009\u00bb, de <em>ana,<\/em> \u00ab\u2009en haut\u2009\u00bb et de <em>lu\u00f4,<\/em> \u00ab\u2009rel\u00e2cher\u2009\u00bb.<br \/>\n<em>\u00ab\u00a0C\u2019est la d\u00e9composition d\u2019un tout en ses parties. Le travail d\u2019analyse consiste \u00e0 discerner et \u00e0 examiner diff\u00e9rents constituants des situations, actions et v\u00e9cus et \u00e0 en d\u00e9plier la complexit\u00e9 qui d\u00e9passe la somme des parties. Par extension, l\u2019analyse aide \u00e0 mettre en lien et \u00e0 mod\u00e9liser.<\/em>\u00a0\u00bb (Thi\u00e9baud et Vacher, 2021, p.178).<\/td>\n<\/tr>\n<\/tbody>\n<\/table>\n<hr \/>\n<p style=\"text-align: justify;\">\u00ab\u00a0On peut analyser les situations qu\u2019on vit, aussi bien des probl\u00e8mes que des r\u00e9ussites.<br \/>\nJe repars avec des angles nouveaux, pas n\u00e9cessairement des solutions, mais un regard neuf.\u00a0\u00bb<\/p>\n<p style=\"text-align: justify;\">\u00ab\u00a0Ce qui me motive, c\u2019est que cela me permet de sortir le nez du guidon, d\u2019analyser et de voir les choses autrement, d\u2019ajuster ma place, de mieux comprendre ce que je fais.\u00a0\u00bb<\/p>\n<hr \/>\n<p style=\"text-align: justify;\">C\u2019est un \u00e9l\u00e9ment central de l\u2019APP qui revient chez les participants. Ils soulignent combien il est utile de r\u00e9server suffisamment de temps \u00e0 l\u2019\u00e9tape d\u2019analyse et de recherche de compr\u00e9hension. Celle-ci est synonyme pour eux de questionnement, de prise de conscience, d\u2019\u00e9largissement de la perspective, de prise de recul.<\/p>\n<p style=\"text-align: justify;\"><strong>Apprentissages<\/strong><\/p>\n<table style=\"width: 70%; border-collapse: collapse;\">\n<tbody>\n<tr>\n<td style=\"width: 100%;\">Action d\u2019apprendre. Du latin <em>Apprehendere<\/em>, de <em>ad<\/em>, \u00ab\u00a0\u00e0\u00a0\u00bb, et <em>prehendere<\/em>, \u00ab\u00a0prendre, saisir par l&rsquo;esprit\u00a0\u00bb.<\/td>\n<\/tr>\n<\/tbody>\n<\/table>\n<hr \/>\n<p style=\"text-align: justify;\">\u00ab\u00a0J\u2019apprends \u00e0 m\u2019interroger, \u00e0 voir plus large, je me r\u00e9jouis, cela me permet d\u2019avancer, de m\u2019enrichir.\u00a0\u00bb<\/p>\n<p style=\"text-align: justify;\">\u00ab\u00a0Un \u00e9l\u00e9ment cl\u00e9 pour moi\u00a0: on apprend les uns des autres, \u00e0 partir de nos diff\u00e9rentes visions et avec aussi des parall\u00e8les que l\u2019on peut faire entre nos v\u00e9cus. Cela me fait bouger, je peux me renouveler.\u00a0\u00bb<\/p>\n<hr \/>\n<p style=\"text-align: justify;\">Les participants mettent en lien g\u00e9n\u00e9ralement les apprentissages avec le d\u00e9veloppement d\u2019une meilleure capacit\u00e9 d\u2019agir, dans les situations professionnelles qu\u2019ils rencontrent. Ils \u00e9voquent qu\u2019ils apprennent par un travail d\u2019exploration collective. Ces \u00e9l\u00e9ments rejoignent les \u00e9crits portant sur le pouvoir d\u2019agir qui mettent en \u00e9vidence comment celui-ci peut \u00eatre stimul\u00e9 ou lib\u00e9r\u00e9 par des d\u00e9marches d\u2019analyse de pratiques (Boucenna, Thi\u00e9baud &amp; Vacher, 2022, \u00e0 para\u00eetre) ou d\u2019accompagnement de mani\u00e8re plus g\u00e9n\u00e9rale (Gregoire, 2019).<\/p>\n<p style=\"text-align: justify;\"><strong>Accompagnement<\/strong><\/p>\n<table style=\"width: 70%; border-collapse: collapse;\">\n<tbody>\n<tr>\n<td style=\"width: 100%;\">Du latin : de <em>ad<\/em>, \u00ab mouvement \u00bb et <em>cum pane<\/em> \u00ab avec pain \u00bb.<br \/>\n<em>\u00c9tymologiquement \u00ab ac-cum-pagnis : ac (vers), cum (avec), pagnis (pain), dotant l\u2019accompagnement d\u2019une double dimension de relation et de cheminement. [\u2026] Se joindre \u00e0 quelqu\u2019un (dimension relationnelle), pour aller o\u00f9 il va (dimension temporelle et op\u00e9rationnelle), en m\u00eame temps que lui : \u00e0 son rythme, \u00e0 sa mesure, \u00e0 sa port\u00e9e. Tel est le principe de base : l\u2019action se r\u00e8gle \u00e0 partir de l\u2019autre, de ce qu\u2019il est, de l\u00e0 o\u00f9 il en est.\u00a0\u00bb\u00a0 <\/em>(Paul, 2009, p.95).<\/td>\n<\/tr>\n<\/tbody>\n<\/table>\n<hr \/>\n<p style=\"text-align: justify;\">\u00ab Quelque chose d\u2019essentiel pour moi\u00a0: je me sens accompagn\u00e9e, soutenue, par le groupe.\u00a0\u00bb<\/p>\n<p style=\"text-align: justify;\">\u00ab Je peux compter sur le regard des autres, leurs questions me font avancer, cela me remet en question aussi parfois, mais ce ne sont pas des conseils, c\u2019est plut\u00f4t un accompagnement. \u00bb<\/p>\n<hr \/>\n<p style=\"text-align: justify;\">Analyse, apprentissage, accompagnement sont souvent reli\u00e9s, et cela appara\u00eet lorsque les participants s\u2019expriment en rebondissant sur la parole de l\u2019un ou l\u2019autre. L\u2019attention port\u00e9e \u00e0 la demande de la personne exposante, l\u2019\u00e9coute, la posture de questionnement, le partage d\u2019hypoth\u00e8ses de compr\u00e9hension et le travail en intelligence collective font partie des principes sur lesquels s\u2019appuient les APP que j\u2019anime (voir Thi\u00e9baud, 2018\u00a0; Thi\u00e9baud &amp; Vacher, 2020).<\/p>\n<h6 style=\"text-align: justify;\"><strong>B<\/strong><\/h6>\n<p style=\"text-align: justify;\"><strong>Bienveillance<\/strong><\/p>\n<table style=\"width: 70%; border-collapse: collapse;\">\n<tbody>\n<tr>\n<td style=\"width: 100%;\">De <em>bienvoillance<\/em>, \u00ab disposition favorable envers quelqu\u2019un \u00bb.<br \/>\n<em>\u00ab D&rsquo;apr\u00e8s le \u00ab\u00a0dictionnaire \u00e9tymologique de la langue fran\u00e7aise\u00a0\u00bb, par B. de Roquefort (1829), bienveillance ne vient pas de benevolentia mais bien de bona vigilantia, la bonne vigilance ou le fait de bien veiller. M\u00eame racine que veille, vigie, vigilance etc. Le sens de soin attentif, d&rsquo;attention soigneuse qui fait veiller. \u00bb<\/em>\u00a0 (Wikipedia).<\/td>\n<\/tr>\n<\/tbody>\n<\/table>\n<hr \/>\n<p style=\"text-align: justify;\">\u00ab\u00a0L\u2019\u00e9coute bienveillante.\u00a0\u00bb<\/p>\n<p style=\"text-align: justify;\">\u00ab \u00c7a peut nous toucher, nous remuer, nous questionner, d\u2019entendre les coll\u00e8gues, mais les \u00e9changes se font toujours dans la bienveillance. \u00bb<\/p>\n<hr \/>\n<p style=\"text-align: justify;\">Les participants \u00e9voquent souvent la bienveillance v\u00e9cue dans le groupe, qui n\u2019est pas de la gentillesse pour eux, mais une pr\u00e9sence \u00e0 l\u2019autre et \u00e0 ce qu\u2019il vit\u00a0; elle inclut de la remise en question. Il s\u2019agit de l\u2019accueil de l\u2019alt\u00e9rit\u00e9 et de l\u2019ouverture \u00e0 l\u2019autre et \u00e0 sa subjectivit\u00e9.<\/p>\n<p style=\"text-align: justify;\">Ils font aussi l\u2019exp\u00e9rience que la bienveillance n\u2019est pas seulement l\u00e0 pour les autres membres du groupe, elle peut \u00eatre \u00e9galement d\u00e9velopp\u00e9e \u00e0 l\u2019\u00e9gard de soi-m\u00eame (cf. la duret\u00e9 des jugements que l\u2019on peut porter sur soi\u00a0!).<\/p>\n<p style=\"text-align: justify;\"><strong>Besoins<\/strong><\/p>\n<table style=\"width: 70%; border-collapse: collapse;\">\n<tbody>\n<tr>\n<td style=\"width: 100%;\"><em>Avoir besoign de<\/em>\u00a0: \u00ab ressentir la n\u00e9cessit\u00e9 de \u00bb.<br \/>\nProven\u00e7al\u00a0: <em>besonh, bezonh<\/em>\u202f; italien\u00a0: <em>bisogno<\/em>\u202f; pays de Coire\u00a0: <em>basengs<\/em>\u202f; bas-latin\u00a0: <em>bisonium<\/em>\u202f; de <em>soin,<\/em> attention, application de l&rsquo;esprit \u00e0 une chose, \u00e0 faire quelque chose et d&rsquo;une pr\u00e9position <em>be,<\/em> qui fait difficult\u00e9. (Dictionnaire Littr\u00e9).<\/td>\n<\/tr>\n<\/tbody>\n<\/table>\n<hr \/>\n<p style=\"text-align: justify;\">\u00ab\u00a0Ces moments, c\u2019est pour moi un besoin. Pour sortir de mon travail, qui est finalement solitaire, pour me sentir moins seul et pouvoir partager. \u00bb<\/p>\n<p style=\"text-align: justify;\">\u00ab\u00a0Un \u00e9l\u00e9ment important pour moi, c\u2019est que je peux venir avec mes besoins et mes pr\u00e9occupations, ils sont accueillis et je peux trouver de l\u2019aide. \u00bb<\/p>\n<hr \/>\n<p style=\"text-align: justify;\">En lien avec la place de l\u2019accompagnement dans l\u2019APP, l\u2019accueil des besoins de chacun est reconnu comme un \u00e9l\u00e9ment important par les participants. Ce qui est frappant par ailleurs, c\u2019est la valeur qu\u2019ils accordent progressivement \u00e0 cet espace, qui devient consid\u00e9r\u00e9 comme n\u00e9cessaire.<\/p>\n<p style=\"text-align: justify;\"><strong>Bulle d\u2019oxyg\u00e8ne &#8211; Bouff\u00e9e d\u2019oxyg\u00e8ne<\/strong><\/p>\n<table style=\"width: 70%; border-collapse: collapse;\">\n<tbody>\n<tr>\n<td style=\"width: 100%;\">Bulle : sph\u00e8re de gaz ou d&rsquo;air.<br \/>\nFigur\u00e9\u00a0: lieu o\u00f9 l&rsquo;on se sent en s\u00e9curit\u00e9, prot\u00e9g\u00e9 des \u00e9l\u00e9ments ext\u00e9rieurs.<br \/>\nBulle d\u2019oxyg\u00e8ne\u00a0: moment de r\u00e9pit et de ressourcement.<br \/>\nBouff\u00e9e d&rsquo;oxyg\u00e8ne\u00a0: sensation de pouvoir respirer de nouveau apr\u00e8s un sentiment d&rsquo;\u00e9touffement.<br \/>\n(Dictionnaire fran\u00e7ais des synonymes).<\/td>\n<\/tr>\n<\/tbody>\n<\/table>\n<hr \/>\n<p style=\"text-align: justify;\">\u00ab\u00a0C\u2019est comme une bulle d\u2019oxyg\u00e8ne, je peux d\u00e9poser ce qui est lourd, cela m\u2019\u00e9vite de le ramener \u00e0 la maison \u00bb<\/p>\n<p style=\"text-align: justify;\">\u00ab\u00a0C\u2019est une bouff\u00e9e d\u2019oxyg\u00e8ne, parfois, je suis surcharg\u00e9 et je me dis que je n\u2019aurai pas le temps de venir, mais je viens quand m\u00eame, je me rends disponible, et je ressors ressourc\u00e9, j\u2019ai pu me poser, r\u00e9fl\u00e9chir, me recentrer. \u00bb<\/p>\n<hr \/>\n<p style=\"text-align: justify;\">Ces deux expressions reviennent souvent dans les propos des participants. Elles mettent en \u00e9vidence l\u2019importance que peut prendre le groupe comme espace de ressourcement. Cela a pris de l\u2019ampleur ces derniers temps, les professionnels souffrent davantage dans leur qualit\u00e9 de vie au travail et ont de moins en moins de temps pour souffler, \u00ab se poser \u00bb, dans le quotidien. J\u2019ai constat\u00e9 d\u2019ailleurs que des offres d\u2019aide au bien-\u00eatre dans le travail intitul\u00e9es \u00ab bulle d\u2019oxyg\u00e8ne \u00bb sont apparues depuis 2020 sur Internet. De mani\u00e8re plus g\u00e9n\u00e9rale, cela rejoint aussi la r\u00e9flexion d\u00e9velopp\u00e9e par Vachon (2021) sur le sens que prennent les analyses de pratiques professionnelles au regard d\u2019une d\u00e9marche de qualit\u00e9 de vie au travail.<\/p>\n<h6 style=\"text-align: justify;\"><strong>C<\/strong><\/h6>\n<p style=\"text-align: justify;\"><strong>Cadre<\/strong><\/p>\n<table style=\"width: 70%; border-collapse: collapse;\">\n<tbody>\n<tr>\n<td style=\"width: 100%;\">Du latin <em>quadrum<\/em>\u00a0: \u00ab\u00a0carr\u00e9\u00a0\u00bb.<br \/>\n<em>Quadre<\/em>\u00a0: bordure (formant un carr\u00e9 \u00e0 l&rsquo;origine).<br \/>\nD\u00e9signe un objet d\u00e9limitant (bordure de bois, de m\u00e9tal, etc., qui entoure un tableau ou tout autre objet qu&rsquo;elle prot\u00e8ge.<br \/>\nPar extension\u00a0: assemblage qui compose une charpente, une structure. (Dictionnaire de la langue fran\u00e7aise).<\/td>\n<\/tr>\n<\/tbody>\n<\/table>\n<hr \/>\n<p style=\"text-align: justify;\">\u00ab\u00a0Le cadre, les \u00e9tapes, cela nous aide \u00e0 r\u00e9fl\u00e9chir. \u00bb<\/p>\n<p style=\"text-align: justify;\">\u00ab Je me sens en s\u00e9curit\u00e9, il y a un cadre et en m\u00eame temps je me sens libre. \u00bb<\/p>\n<hr \/>\n<p style=\"text-align: justify;\">Le cadre renvoie pour les participants en premier lieu au processus de travail par \u00e9tapes. Ils \u00e9voquent le fait qu\u2019il structure la r\u00e9flexion et aide le groupe \u00e0 prendre le temps d\u2019analyser les pratiques sans \u00ab tomber \u00bb dans leur habitude de juger et conseiller des pistes d\u2019action. Par ailleurs, il est mis en lien avec les aspects de s\u00e9curit\u00e9 et de confiance, comme beaucoup d\u2019\u00e9crits dans le domaine le soulignent (voir par exemple Rebetez, 2014 ou Gr\u00e9goire, 2014). Il est parfois associ\u00e9 au r\u00f4le de l\u2019animateur, mais pas syst\u00e9matiquement, ce qui me fait penser que les participants se le sont d\u2019une certaine mani\u00e8re appropri\u00e9.<\/p>\n<p style=\"text-align: justify;\"><strong>Communication<\/strong><\/p>\n<table style=\"width: 70%; border-collapse: collapse;\">\n<tbody>\n<tr>\n<td style=\"width: 100%;\">Du latin <em>communicatio<\/em> (\u00ab\u00a0communication, mise en commun\u00a0\u00bb), de <em>communis<\/em> (\u00ab\u00a0commun\u00a0\u00bb).<br \/>\n\u00ab\u00a0<em>L\u2019\u00e9tymologie illustre la polys\u00e9mie du terme qui peut signifier tour \u00e0 tour \u00ab avoir part \u00bb, \u00ab partager \u00bb,<br \/>\n\u00ab participer de quelque chose \u00bb, \u00ab \u00eatre en rapport mutuel, en communion avec quelqu\u2019un \u00bb,<br \/>\n\u00ab transmettre \u00bb, \u00ab propager \u00bb, \u00ab faire partager \u00bb<\/em>. (Bornand et Leguy, 2013, p.43).<\/td>\n<\/tr>\n<\/tbody>\n<\/table>\n<hr \/>\n<p style=\"text-align: justify;\">\u00ab\u00a0L\u2019analyse de pratiques, c\u2019est un moment de communication, de partage qui est riche en \u00e9coute et \u00e9motions.\u00a0\u00bb<\/p>\n<p style=\"text-align: justify;\">\u00ab\u00a0Un ingr\u00e9dient, c\u2019est que cela se passe dans la collaboration, dans la communication, dans l\u2019\u00e9change, je me sens reli\u00e9e \u00e0 mes coll\u00e8gues qui font le m\u00eame travail que moi. \u00bb<\/p>\n<hr \/>\n<p style=\"text-align: justify;\">Cet aspect de communication est souvent li\u00e9 au partage d\u2019\u00e9motions dans le groupe. Il ouvre parfois pour les participants sur le d\u00e9veloppement d\u2019un pouvoir d\u2019agir collectif. Il renvoie par ailleurs \u00e0 la dynamique collective qui pr\u00e9vaut dans les APP que j\u2019anime. Des liens plus ou moins \u00e9troits apparaissent entre apprentissage, communication et exp\u00e9rience du travail en collectif. En effet, d\u2019une part, comme cela a \u00e9t\u00e9 \u00e9voqu\u00e9, les apprentissages se d\u00e9veloppent dans l\u2019interaction. D\u2019autre part, le processus v\u00e9cu d\u2019analyse en groupe est source de d\u00e9veloppement de nouvelles capacit\u00e9s \u00e0 travailler en collectif, que les participants (Boucenna, Thi\u00e9baud &amp; Vacher, 2022, \u00e0 para\u00eetre).<\/p>\n<p style=\"text-align: justify;\"><strong>Confiance<\/strong><\/p>\n<table style=\"width: 70%; border-collapse: collapse;\">\n<tbody>\n<tr>\n<td style=\"width: 100%;\">Du latin <em>confidere<\/em> : cum, \u00ab avec \u00bb et fidere \u00ab fier \u00bb.<br \/>\n<em>\u00ab\u00a0Au sens strict du terme, la confiance renvoie \u00e0 l\u2019id\u00e9e qu\u2019on peut se fier \u00e0 quelqu\u2019un ou \u00e0 quelque chose. L\u2019\u00e9tymologie du mot montre par ailleurs les liens \u00e9troits qui existent entre la confiance, la foi, la fid\u00e9lit\u00e9, la confidence. <\/em><em>A la diff\u00e9rence de la foi, la confiance n\u2019est jamais un pur \u00ab\u00a0don\u00a0\u00bb : elle est quelque chose que l\u2019on construit, pour soi et pour l\u2019autre\u00a0; quelque chose que l\u2019on \u00ab fait \u00bb et que, parfois, l\u2019on \u00ab d\u00e9fait \u00bb. [\u2026] La confiance na\u00eet du lien \u2013 les tout premiers liens, les liens avec les parents et les proches. Mais sa v\u00e9ritable force r\u00e9side dans le fait que, m\u00eame si elle demeure \u00e0 jamais fragile, elle engendre toujours du lien.<\/em>\u00a0\u00bb (Marzano, 2010, p.53).<\/td>\n<\/tr>\n<\/tbody>\n<\/table>\n<hr \/>\n<p style=\"text-align: justify;\">\u00ab C\u2019est un endroit o\u00f9 je me sens en confiance, il y a la confidentialit\u00e9. \u00bb<\/p>\n<p style=\"text-align: justify;\">\u00ab On est ensemble, on est en confiance, on vit les m\u00eames choses, on peut compter les uns sur les autres, on est plus fort face aux difficult\u00e9s. Et on se revoit r\u00e9guli\u00e8rement dans le m\u00eame groupe, on peut ainsi suivre d\u2019une fois \u00e0 l\u2019autre comment cela \u00e9volue. \u00bb<\/p>\n<hr \/>\n<p style=\"text-align: justify;\">La confiance est un \u00e9l\u00e9ment tr\u00e8s souvent \u00e9voqu\u00e9. Elle est en lien avec la communication et avec le besoin de solidarit\u00e9 d\u00e9j\u00e0 \u00e9voqu\u00e9s plus haut. Pour moi, en tant qu\u2019animateur, elle est \u00e9galement tr\u00e8s importante en ce sens qu\u2019elle me permet de proposer de nouvelles mani\u00e8res de proc\u00e9der. J\u2019ai confiance dans la capacit\u00e9 du groupe \u00e0 les accueillir et \u00e0 r\u00e9guler si n\u00e9cessaire. C\u2019est elle qui m\u2019a aid\u00e9 notamment dans mon choix de m\u2019appuyer ainsi sur les ressources du groupe pour l\u2019int\u00e9gration d\u2019une nouvelle personne.<\/p>\n<h4 style=\"text-align: justify;\"><strong>5. Quelques r\u00e9flexions pour conclure<\/strong><\/h4>\n<p style=\"text-align: justify;\">\u00c0 partir des deux questions et des d\u00e9fis que pose pour moi l\u2019int\u00e9gration d\u2019une nouvelle personne dans un groupe d\u2019APP, j\u2019ai \u00e9voqu\u00e9 cinq activit\u00e9s types que j\u2019ai utilis\u00e9es au fil du temps, depuis plus de 20 ans, dans les diverses situations rencontr\u00e9es. J\u2019ai ensuite d\u00e9velopp\u00e9 plus particuli\u00e8rement l\u2019activit\u00e9 que je privil\u00e9gie actuellement et ce qu\u2019elle produit.<\/p>\n<h6 style=\"text-align: justify;\"><strong>5.1. En lien avec l\u2019activit\u00e9 d\u2019int\u00e9gration mobilisant les ressources des participants<\/strong><\/h6>\n<p style=\"text-align: justify;\">Quatre aspects me paraissent notamment int\u00e9ressants \u00e0 mettre en exergue\u00a0:<\/p>\n<ul style=\"text-align: justify;\">\n<li>Cette activit\u00e9 est simple \u00e0 mettre en \u0153uvre, elle prend peu de temps et elle permet de faire d\u2019une pierre deux coups (d\u00e9velopper les liens et aborder les \u00e9l\u00e9ments cl\u00e9s de l\u2019APP). Elle aide la personne nouvelle \u00e0 se sentir \u00e0 l\u2019aise et en communication avec le groupe (ce qu\u2019elle exprime souvent au moment de prendre son tour de parole et de partager ses attentes, et parfois les v\u00e9cus qu\u2019elle a d\u00e9j\u00e0 eus dans des APP ailleurs). Elle contribue \u00e9galement \u00e0 valoriser l\u2019exp\u00e9rience acquise par les participants durant les s\u00e9ances pr\u00e9c\u00e9dentes, exp\u00e9rience qu\u2019ils partagent sans chercher \u00e0 \u00eatre des experts, mais d\u2019une mani\u00e8re qui inclut la personne arrivante.<\/li>\n<li>Elle donne \u00e0 voir \u00e0 la fois comment les membres du groupe peuvent partager des v\u00e9cus similaires et apporter une diversit\u00e9 de points de vue et de b\u00e9n\u00e9fices (une m\u00eame s\u00e9ance d\u2019APP peut r\u00e9pondre \u00e0 des besoins diff\u00e9rents chez les participants ; voir Thi\u00e9baud, 2013).<\/li>\n<li>La mani\u00e8re dont cette activit\u00e9 se d\u00e9roule peut \u00eatre mise en parall\u00e8le avec le processus d\u2019analyse en APP, dans sa dynamique de mutualisation avec la mise en lien des apports et des subjectivit\u00e9s. C\u2019est par le partage des repr\u00e9sentations de tous les participants que se d\u00e9gage une image globale riche de l\u2019APP, comme c\u2019est le cas par rapport \u00e0 une analyse de pratique \u00e9clair\u00e9e par le travail de tout le collectif<\/li>\n<li>Les mots-cl\u00e9s relev\u00e9s sont ce que j\u2019ai not\u00e9 lors des s\u00e9ances que j\u2019ai eu l\u2019occasion de vivre avec les groupes que j\u2019anime. Ils me semblent bien caract\u00e9riser le travail que nous faisons et je n\u2019\u00e9prouve que rarement le besoin de m\u2019exprimer pour y ajouter un \u00e9l\u00e9ment. Tout au plus je pr\u00e9cise \u00e0 l\u2019attention de la personne arrivante mon r\u00f4le de facilitation. Il serait int\u00e9ressant de mettre en perspective les aspects relev\u00e9s avec les exp\u00e9riences apport\u00e9es par des animateurs d\u2019APP dans d\u2019autres groupes et contextes. Je n\u2019ai pas eu l\u2019occasion \u00e0 ce jour de le faire.<\/li>\n<\/ul>\n<h6 style=\"text-align: justify;\"><strong>5.2. De mani\u00e8re plus g\u00e9n\u00e9rale, par rapport \u00e0 l\u2019ensemble des activit\u00e9s d\u2019int\u00e9gration<\/strong><\/h6>\n<p style=\"text-align: justify;\">Le fait de pouvoir choisir entre plusieurs activit\u00e9s nous donne une libert\u00e9 et me permet d\u2019adapter le processus \u00e0 chaque situation et \u00e0 la relation que j\u2019ai avec le groupe. M\u00eame si je privil\u00e9gie souvent une forme qui mobilise les ressources de tous les participants, je reste attentif \u00e0 ajuster la mani\u00e8re de proc\u00e9der en tenant compte des rep\u00e8res que j\u2019ai mentionn\u00e9s au d\u00e9but du point 3.<\/p>\n<p style=\"text-align: justify;\">Ces mani\u00e8res de faire ne sont pas les seules. Ce sont celles que j\u2019ai d\u00e9velopp\u00e9es au fil du temps, en accord avec mon \u00e9thique d\u2019accompagnement et d\u2019\u00e9mancipation des acteurs. Elles continuent \u00e0 \u00e9voluer.<\/p>\n<p style=\"text-align: justify;\">Cela est possible gr\u00e2ce aux participants des groupes que j\u2019anime, ce sont eux qui m\u2019ouvrent \u00e0 d\u2019autres chemins possibles, qui m\u2019aident \u00e0 en voir les fruits potentiels et \u00e0 r\u00e9guler les fa\u00e7ons de proc\u00e9der. Leur confiance, leur bienveillance font que ces \u00e9volutions ont toujours \u00e9t\u00e9 apprenantes pour moi. Elles m\u2019ont conduit, ann\u00e9e apr\u00e8s ann\u00e9e, \u00e0 valoriser l\u2019approche exp\u00e9rientielle et \u00e0 mobiliser davantage les ressources du groupe, \u00e0 prendre moins de place et \u00e0 faire davantage confiance dans l\u2019\u00e9mergence. Ce que les participants peuvent apporter, avec leurs diff\u00e9rents v\u00e9cus et leurs interactions, est toujours plus porteur que ce que je pourrais moi-m\u00eame dire, seul. Cette conviction s\u2019est forg\u00e9e avec le temps, \u00e0 mesure que j\u2019ai pu faire l\u2019exp\u00e9rience des b\u00e9n\u00e9fices d\u2019une posture accompagnante de la dynamique collective.<\/p>\n<h6 style=\"text-align: justify;\"><strong>5.3. En prolongement<\/strong><\/h6>\n<p style=\"text-align: justify;\">Apr\u00e8s avoir exp\u00e9riment\u00e9 \u00e0 plusieurs reprises des formes d\u2019int\u00e9gration d\u2019une nouvelle personne plus simples (voire minimalistes) et mobilisant les participants, j\u2019ai eu envie d\u2019explorer des mani\u00e8res similaires de proc\u00e9der cette fois pour la premi\u00e8re s\u00e9ance lors du d\u00e9marrage d\u2019un groupe d\u2019APP. J\u2019ai \u00e0 cet effet propos\u00e9, r\u00e9cemment, \u00e0 deux occasions, de commencer par un tour de table pour que chacun partage, soit un v\u00e9cu qu\u2019il a eu avec un groupe d\u2019APP ailleurs, soit une repr\u00e9sentation qu\u2019il se fait de l\u2019APP. Il s\u2019en est suivi un court \u00e9change autour de questions de clarification que cela a suscit\u00e9s et de nos r\u00e8gles de fonctionnement. Puis nous avons pass\u00e9 rapidement \u00e0 une premi\u00e8re analyse de pratiques.<\/p>\n<p style=\"text-align: justify;\">S\u2019il est trop t\u00f4t pour moi d\u2019en faire le bilan, j\u2019ai \u00e9t\u00e9 frapp\u00e9 par la richesse de cette mise en commun et par la qualit\u00e9 des \u00e9changes auxquels elle a donn\u00e9 lieu. Avec un double b\u00e9n\u00e9fice que j\u2019ai retrouv\u00e9, comme dans l\u2019int\u00e9gration d\u2019une personne pr\u00e9sent\u00e9e dans le point 3.5 : cette activit\u00e9 a permis, dans un temps court, \u00e0 la fois une mise en lien de tous les participants et une compr\u00e9hension des \u00e9l\u00e9ments fondamentaux de l\u2019APP. Elle a facilit\u00e9 une entr\u00e9e rapide dans une premi\u00e8re analyse de pratiques, en confiance. Elle \u00e9largit donc pour moi les variantes possibles dans le d\u00e9marrage d\u2019un groupe d\u2019analyse de pratiques. Je continuerai \u00e0 l\u2019utiliser dans les situations o\u00f9 les participants sont tous volontaires et demandeurs pour les s\u00e9ances d\u2019APP et que je n\u2019y vois a priori pas d\u2019obstacle au niveau relationnel.<\/p>\n<h4><strong>R\u00e9f\u00e9rences bibliographiques<\/strong><\/h4>\n<p>Anzieu, D. (1997). <em>La dynamique des groupes restreints. <\/em>PUF.<\/p>\n<p>Bornand, S. &amp; Leguy, C. (2013). Diff\u00e9rentes mani\u00e8res d\u2019appr\u00e9hender la communication.<br \/>\nDans : S. Bornand &amp; C. Leguy (Dir), <em>Anthropologie des pratiques langagi\u00e8res<\/em><br \/>\n(pp. 43-72). Paris : Armand Colin. <a href=\"https:\/\/www.cairn.info\/anthropologie-des-pratiques-langagieres--9782200287788-page-43.htm\">https:\/\/www.cairn.info\/anthropologie-des-pratiques-langagieres&#8211;9782200287788-page-43.htm<\/a><\/p>\n<p>Boucenna, S., Thi\u00e9baud, M. &amp; Vacher, Y. (2022, \u00e0 para\u00eetre). <em>Comment accompagner avec l\u2019analyse de pratiques professionnelles ?<\/em> De Boeck.<\/p>\n<p>Chocat, J. (2016). La place de l\u2019animateur comme chef d\u2019orchestre du groupe d\u2019analyse de pratiques professionnelles. <em>Revue de l\u2019analyse de pratiques professionnelles<\/em>, 7, 54-65.\u00a0 <a href=\"https:\/\/www.analysedepratique.org\/?p=2054\">https:\/\/www.analysedepratique.org\/?p=2054<\/a>.<\/p>\n<p>Gr\u00e9goire, E. (2019). <em>Lib\u00e9rez le pouvoir d\u2019agir<\/em>. Editions Qui plus est.<\/p>\n<p>Gr\u00e9goire, E. (2014). Le cadre de l\u2019analyse de pratique. <em>Revue de l\u2019analyse de pratiques professionnelles<\/em>, 2, 11-19.\u00a0<a href=\"https:\/\/www.analysedepratique.org\/?p=1046\">https:\/\/www.analysedepratique.org\/?p=1046<\/a>.<\/p>\n<p>Gouze, B. (2005). La prise en compte de la dimension groupale dans l\u2019animation d\u2019un groupe d\u2019Analyse de Pratiques Professionnelles. In Robo, P. &amp; Thi\u00e9baud, M. (dir.). <em>(Se) former \u00e0 l\u2019analyse de pratiques professionnelles.<\/em>\u00a0<em>(In)novatio\u00a0<\/em>\u00a0: r<em>evue de l\u2019innovation p\u00e9dagogique \u00e0 Paris.<\/em>\u00a0Hors-s\u00e9rie No 3.<\/p>\n<p>Kolb, D. (1984).\u00a0<em>Experiential learning: Experience as the source of learning and development<\/em>. Englewood Cliffs, N.J.: Prentice Hall.<\/p>\n<p>Marzano, M. (2010). Qu&rsquo;est-ce que la confiance ?. <em>\u00c9tudes<\/em>, 412, 53-63. <a href=\"https:\/\/www.cairn.info\/revue-etudes-2010-1-page-53.htm\">https:\/\/www.cairn.info\/revue-etudes-2010-1-page-53.htm<\/a><\/p>\n<p>Paul, M. (2009). Autour du mot accompagnement.<em>\u00a0Recherche et Formation,\u00a0<\/em>62, 91-107.\u00a0<a href=\"https:\/\/ife.ens-lyon.fr\/publications\/edition-electronique\/recherche-et-formation\/RR062-8.pdf\">https:\/\/ife.ens-lyon.fr\/publications\/edition-electronique\/recherche-et-formation\/RR062-8.pdf<\/a>.<\/p>\n<p>Rebetez, F. (2014). Le r\u00f4le de l\u2019animateur sur le climat socio-affectif comme condition d\u2019apprentissage lors d\u2019une APP.\u00a0<em>Revue de l\u2019analyse de pratiques professionnelles<\/em>, 4, 42-53. <a href=\"https:\/\/www.analysedepratique.org\/?p=1383\">https:\/\/www.analysedepratique.org\/?p=1383<\/a>.<\/p>\n<p>Rogers, C. (2006).\u00a0<em>Les groupes de rencontres\u00a0: Animation et conduite de groupes.\u00a0<\/em>Paris\u00a0: InterEditions.<\/p>\n<p>Thi\u00e9baud, M. (2018). Accompagnement et analyse de pratiques professionnelles en groupe. <em>Revue de l\u2019analyse de pratiques professionnelles<\/em>, 12, 13-30. <a href=\"https:\/\/www.analysedepratique.org\/?p=2862\">https:\/\/www.analysedepratique.org\/?p=2862<\/a>.<\/p>\n<p>Thi\u00e9baud, M. (coord.) (2017). Mettre en place et d\u00e9marrer un groupe d\u2019analyse de pratiques professionnelles.\u00a0<em>Revue de l\u2019analyse de pratiques professionnelles<\/em>, 10. 165 pages.\u00a0\u00a0<a href=\"https:\/\/www.analysedepratique.org\/?p=2461\">https:\/\/www.analysedepratique.org\/?p=2461<\/a>.<\/p>\n<p>Thi\u00e9baud, M. (2013). Multiples b\u00e9n\u00e9fices de l\u2019analyse de pratiques professionnelles en groupe : quels \u00e9l\u00e9ments cl\u00e9s les favorisent ? <em>Revue de l\u2019analyse de pratiques professionnelles,\u00a0<\/em>1, 61-72.\u00a0<a href=\"https:\/\/www.analysedepratique.org\/?p=54\">https:\/\/www.analysedepratique.org\/?p=54<\/a>.<\/p>\n<p>Thi\u00e9baud, M. (2001). <em>Groupes d\u2019analyse de pratiques professionnelles. Pr\u00e9sentation r\u00e9sum\u00e9e.<\/em>\u00a0\u00a0<a href=\"https:\/\/www.formaction.ch\/wp-content\/uploads\/thiebaud-groupe-analyse-de-pratiques-presentation-resumee.pdf\">https:\/\/www.formaction.ch\/wp-content\/uploads\/thiebaud-groupe-analyse-de-pratiques-presentation-resumee.pdf<\/a><\/p>\n<p>Thi\u00e9baud, M. &amp; Bichsel, J. (2019a). Animer un groupe d\u2019analyse de pratique professionnelles\u00a0: mobiliser diverses formes de r\u00e9gulation. <em>Revue de l\u2019analyse de pratiques professionnelles<\/em>, 14, 74-96. <a href=\"https:\/\/www.analysedepratique.org\/?p=3188\">https:\/\/www.analysedepratique.org\/?p=3188<\/a>.<\/p>\n<p>Thi\u00e9baud, M. &amp; Bichsel, J. (2019b). Temps \u00ab m\u00e9ta \u00bb dans les groupes d\u2019analyse de pratiques. <em>Revue de l\u2019analyse de pratiques professionnelles<\/em>, 14, 97-111. <a href=\"https:\/\/www.analysedepratique.org\/?p=3190\">https:\/\/www.analysedepratique.org\/?p=3190<\/a>.<\/p>\n<p>Thi\u00e9baud, M. &amp; Vacher, Y. (2021). Quelle analyse en cod\u00e9veloppement ?<br \/>\nDans\u00a0: C. Champagne (2021).\u00a0<em>Le cod\u00e9veloppement. L\u2019intelligence collective au service de l\u2019individu et du groupe<\/em>. \u00c9dition Eyrolles.<\/p>\n<p>Thi\u00e9baud, M. &amp; Vacher, Y. (2020). L\u2019analyse de pratiques professionnelles dans une perspective d\u2019accompagnement, d\u2019intelligence collective et de r\u00e9flexivit\u00e9. <em>Revue de l\u2019analyse de pratiques professionnelles<\/em>, 18, 43-69. <a href=\"https:\/\/www.analysedepratique.org\/?p=3716\">https:\/\/www.analysedepratique.org\/?p=3716<\/a>.<\/p>\n<p>Thi\u00e9baud, M. &amp; Vacher, Y. (2018). Explorer les dynamiques d\u2019intelligence collective en APP favorisant l\u2019\u00e9mergence de l\u2019in\u00e9dit et de plus-values qui d\u00e9passent les apports individuels. <em>Revue de l\u2019analyse de pratiques professionnelles<\/em>, 13, 4-17. <a href=\"https:\/\/www.analysedepratique.org\/?p=3042\">https:\/\/www.analysedepratique.org\/?p=3042<\/a>.<\/p>\n<p>Vachon, J-L. (2021). Analyse des pratiques professionnelles et qualit\u00e9 de vie au travail. <em>Revue de l\u2019analyse de pratiques professionnelles<\/em>, 21, pp. 5-12. <a href=\"https:\/\/www.analysedepratique.org\/?p=5102\">https:\/\/www.analysedepratique.org\/?p=5102<\/a>.<\/p>\n<p>Watzlawick, P., Helmick Beavin, J. &amp; Jackson, Don D. (1979). <em>Une logique de la communication.<\/em> Points.<\/p>\n<p>&nbsp;<\/p>\n<p>&nbsp;<\/p>\n<a href=\"#\" class=\"shortcode button  \" style=\"background-color: silver;\" target=\"\" onclick=\"\"> Haut de page<\/a>\n<p><a href=\"#_ftnref1\" name=\"_ftn1\"><\/a><\/p>\n<p>&nbsp;<\/p>\n<p><a href=\"#_ftnref1\" name=\"_ftn1\"><\/a><\/p>\n<p>&nbsp;<\/p>\n<div id=\"themify_builder_content-5179\" data-postid=\"5179\" class=\"themify_builder_content themify_builder_content-5179 themify_builder themify_builder_front\">\n\n\t<\/div>\n<!-- \/themify_builder_content -->","protected":false},"excerpt":{"rendered":"<p>&nbsp; Marc Thi\u00e9baud Psychologue, sp\u00e9cialiste de l&rsquo;accompagnement et de l&rsquo;animation de groupe, Suisse thiebaud[arobase]formaction.ch R\u00e9sum\u00e9 Comment int\u00e9grer de nouvelles personnes dans un groupe d\u2019analyse de pratiques professionnelles (APP)\u00a0? Ce texte \u00e9voque, \u00e0 partir des exp\u00e9riences de l\u2019auteur, en premier lieu le contexte dans lequel se produit ce renouvellement, les d\u00e9fis que cela pose et diff\u00e9rentes [&hellip;]<\/p>\n","protected":false},"author":2,"featured_media":0,"comment_status":"open","ping_status":"open","sticky":false,"template":"","format":"standard","meta":{"_jetpack_newsletter_access":"","_jetpack_dont_email_post_to_subs":false,"_jetpack_newsletter_tier_id":0,"_jetpack_memberships_contains_paywalled_content":false,"_jetpack_memberships_contains_paid_content":false,"footnotes":""},"categories":[8,10,19],"tags":[42,546,52,547,545],"class_list":["post-5179","post","type-post","status-publish","format-standard","hentry","category-thiebaud","category-1texte","category-10temoignage","tag-accompagnement","tag-accueil","tag-confiance","tag-demarche-dapp","tag-renouvellement-du-groupe","has-post-title","no-post-date","has-post-category","has-post-tag","has-post-comment","has-post-author"],"jetpack_featured_media_url":"","jetpack_shortlink":"https:\/\/wp.me\/p3VXfJ-1lx","jetpack_sharing_enabled":true,"_links":{"self":[{"href":"https:\/\/www.analysedepratique.org\/index.php?rest_route=\/wp\/v2\/posts\/5179","targetHints":{"allow":["GET"]}}],"collection":[{"href":"https:\/\/www.analysedepratique.org\/index.php?rest_route=\/wp\/v2\/posts"}],"about":[{"href":"https:\/\/www.analysedepratique.org\/index.php?rest_route=\/wp\/v2\/types\/post"}],"author":[{"embeddable":true,"href":"https:\/\/www.analysedepratique.org\/index.php?rest_route=\/wp\/v2\/users\/2"}],"replies":[{"embeddable":true,"href":"https:\/\/www.analysedepratique.org\/index.php?rest_route=%2Fwp%2Fv2%2Fcomments&post=5179"}],"version-history":[{"count":24,"href":"https:\/\/www.analysedepratique.org\/index.php?rest_route=\/wp\/v2\/posts\/5179\/revisions"}],"predecessor-version":[{"id":5385,"href":"https:\/\/www.analysedepratique.org\/index.php?rest_route=\/wp\/v2\/posts\/5179\/revisions\/5385"}],"wp:attachment":[{"href":"https:\/\/www.analysedepratique.org\/index.php?rest_route=%2Fwp%2Fv2%2Fmedia&parent=5179"}],"wp:term":[{"taxonomy":"category","embeddable":true,"href":"https:\/\/www.analysedepratique.org\/index.php?rest_route=%2Fwp%2Fv2%2Fcategories&post=5179"},{"taxonomy":"post_tag","embeddable":true,"href":"https:\/\/www.analysedepratique.org\/index.php?rest_route=%2Fwp%2Fv2%2Ftags&post=5179"}],"curies":[{"name":"wp","href":"https:\/\/api.w.org\/{rel}","templated":true}]}}