{"id":5137,"date":"2021-10-31T18:33:12","date_gmt":"2021-10-31T17:33:12","guid":{"rendered":"https:\/\/www.analysedepratique.org\/?p=5137"},"modified":"2021-11-04T13:42:03","modified_gmt":"2021-11-04T12:42:03","slug":"le-developpement-dun-savoir-analyser-en-formation-infirmiere-et-aide-soignante","status":"publish","type":"post","link":"https:\/\/www.analysedepratique.org\/?p=5137","title":{"rendered":"T\u00e9moignage sur la mise en place de dispositifs d\u2019Analyse de Pratiques Professionnelles dans le cadre de la formation initiale de professeur.e.s"},"content":{"rendered":"<p>&nbsp;<\/p>\n<h3><\/h3>\n<h3><em><b>Sara Creissen<\/b><\/em><\/h3>\n<p><em>Adjointe de direction \u2013 Responsable de formation Master (ISFEC, Montpellier)<\/em><br \/>\n<em>Docteure en psychologie du d\u00e9veloppement<\/em><br \/>\n<em>Membre associ\u00e9e du laboratoire EA 4556 EPSYLON Universit\u00e9 Paul-Val\u00e9ry Montpellier 3<\/em><\/p>\n<p><em><a href=\"mailto:sara.creissen@gmail.com\">sara.creissen[arobase]gmail.com<\/a><\/em><br \/>\n<em><br \/>\n<\/em><\/p>\n<p><i>R\u00e9sum\u00e9<\/i><\/p>\n<p style=\"text-align: justify;\">Cet \u00e9crit relate la mise en \u0153uvre d\u2019un dispositif d\u2019APP nomm\u00e9 \u00ab L\u2019Analyse de Pratiques Professionnelles \u00bb ainsi que d\u2019une variante, men\u00e9s aupr\u00e8s d\u2019\u00e9tudiant.e.s en formation initiale de professeur.e.s du premier et du second degr\u00e9. Ce dispositif prend appui sur la technique des \u00ab Trois colonnes \u00bb (Robo, 2018). Deux principaux objectifs ont motiv\u00e9 sa mise en place. D\u2019une part de permettre aux \u00e9tudiant.e.s de revenir sur des situations observ\u00e9es ou v\u00e9cues sur le terrain, ayant ou non pos\u00e9 probl\u00e8me, de mani\u00e8re individuelle ou en bin\u00f4me\u2009et d\u2019autre part de mettre en route une certaine r\u00e9flexion n\u00e9cessaire \u00e0 court terme \u00e0 l\u2019obtention du concours de professeur.e et \u00e0 plus long terme \u00e0 l\u2019exercice de leur m\u00e9tier.<\/p>\n<h5><em>Mots-cl\u00e9s\u00a0<\/em><\/h5>\n<p>formation initiale, \u00ab\u00a0trois colonnes\u00a0\u00bb, posture d\u2019auteur.e, posture r\u00e9flexive, multi-dimensionnalit\u00e9<\/p>\n<h5><em>Cat\u00e9gorie d&rsquo;article\u00a0<\/em><\/h5>\n<p>T\u00e9moignage<\/p>\n<h5><em>R\u00e9f\u00e9rencement\u00a0<\/em><\/h5>\n<p>Creissen, S. (2021). T\u00e9moignage sur la mise en place de dispositifs d\u2019Analyse de Pratiques Professionnelles dans le cadre de la formation initiale de professeur.e.s. <em>Revue de l\u2019analyse de pratiques professionnelles<\/em>, No 21, pp. 49-71. <u><a href=\"https:\/\/www.analysedepratique.org\/?p=5137\">https:\/\/www.analysedepratique.org\/?p=5137<\/a><\/u>.<\/p>\n<hr class=\"shortcode hr light-gray\" style=\"border-width:1px;\" \/>\n<p class=\"alignnone\"><a href=\"http:\/\/www.analysedepratique.org\/wp-content\/uploads\/sara-creissen-revue-app-novembre2021.pdf\"><img loading=\"lazy\" decoding=\"async\" class=\"alignleft\" src=\"https:\/\/www.analysedepratique.org\/wp-content\/uploads\/download-icon.png\" alt=\"download-icon\" width=\"24\" height=\"29\" \/><\/a>\u00a0<a href=\"http:\/\/www.analysedepratique.org\/wp-content\/uploads\/sara-creissen-revue-app-novembre2021.pdf\">Article en PDF<\/a> \u00a0 \u00a0 \u00a0\u00a0 \u00a0\u00a0 \u00a0\u00a0 \u00a0\u00a0 \u00a0\u00a0 \u00a0\u00a0 \u00a0\u00a0 <a href=\"#co\"><img loading=\"lazy\" decoding=\"async\" src=\"https:\/\/www.analysedepratique.org\/wp-content\/uploads\/et-info-comment.png\" alt=\"et-info-comment\" width=\"30\" height=\"31\" \/><\/a>\u00a0<a href=\"#co\">Commentaires<\/a><\/p>\n<hr \/>\n<h5><strong><em><br \/>\nTestimony on the implementation of Professional Practice Analysis in the framework of initial teacher training<\/em><\/strong><\/h5>\n<h5><em>Abstract<\/em><\/h5>\n<p style=\"text-align: justify;\">This paper reports on the implementation of a APP device called \u00ab\u00a0Analysis of Professional Practices\u00a0\u00bb as well as a variant, conducted with students in initial teacher training in primary and secondary education. This device is based on the \u00ab\u00a0Three Columns\u00a0\u00bb technique (Robo, 2018). Two main objectives motivated its implementation. On the one hand, to allow students to return to situations observed or experienced in the field, whether or not they posed a problem, either individually or in pairs, and on the other hand, to initiate a certain amount of reflection necessary in the short term to obtain the competitive examination for the teaching profession and, in the longer term, to practice their profession.<\/p>\n<h5><em>Keywords<\/em><\/h5>\n<p>initial training, \u00ab\u00a0three columns\u00a0\u00bb, author&rsquo;s posture, reflective posture, multi-dimensionality<\/p>\n<hr \/>\n<p>&nbsp;<\/p>\n<p>[toc]<\/p>\n<p><a href=\"#_ftnref1\" name=\"_ftn1\"><\/a><\/p>\n<h4><strong>1. Contexte<\/strong><\/h4>\n<p style=\"text-align: justify;\">Je travaille en tant qu\u2019Adjointe de Direction \u2013 Responsable de formation et Docteure en Psychologie du d\u00e9veloppement dans un institut de formation qu\u2019est l\u2019ISFEC<a href=\"#_ftn1\" name=\"_ftnref1\">[1]<\/a> de Montpellier. J\u2019\u0153uvre au quotidien \u00e0 la formation des Professeur.e.s des Ecoles et de Professeur.e.s de Lyc\u00e9e et Coll\u00e8ge en devenir, dans le cadre de la Formation Initiale (FI), et de celles et ceux d\u00e9j\u00e0 en poste en Formation Continue (FC).<\/p>\n<p style=\"text-align: justify;\">Dans le cadre de la formation initiale dispens\u00e9e aupr\u00e8s de futur.e.s Professeur.e.s des Ecoles ou Professeur.e.s de Lyc\u00e9e et Coll\u00e8ge\u00a0 qui suivent un Master 1 MEEF<a href=\"#_ftn2\" name=\"_ftnref2\">[2]<\/a>, j\u2019avais pour charge une Unit\u00e9 d\u2019Enseignement (UE) nomm\u00e9e \u00ab\u00a0Observation et analyse pratique de terrain\u00a0\u00bb o\u00f9 il me fallait, sur trois s\u00e9ances de trois heures, non seulement les outiller \u00e0 la d\u00e9marche scientifique de recherche mais \u00e9galement leur permettre d\u2019analyser les balbutiements de leur pratique professionnelle. Balbutiements, car ces \u00e9tudiant.e.s de Master 1 n\u2019avaient, pour la plupart, que quelques jours de stage en pratique accompagn\u00e9e par un.e professeur.e tuteur.rice. Ainsi, tout le d\u00e9fi r\u00e9sidait dans la proposition d\u2019une Analyse de Pratique Professionnelle (APP) adapt\u00e9e \u00e0 une exp\u00e9rience tr\u00e8s restreinte du m\u00e9tier, voire \u00e0 une exp\u00e9rience ne se limitant qu\u2019\u00e0 de l\u2019observation de leur professeur.e tuteur.rice. De surcroit, il fallait composer avec la contrainte d\u2019une proposition d\u2019APP men\u00e9e avec un groupe s\u2019\u00e9levant \u00e0 30-40 \u00e9tudiants.es en pr\u00e9sentiel et en distanciel.<\/p>\n<p style=\"text-align: justify;\">Ces d\u00e9fis qui \u00e9taient les miens m\u2019ont pouss\u00e9e \u00e0 suivre en juin 2018 une formation sur l\u2019APP et les d\u00e9marches d\u2019accompagnement men\u00e9e par Patrick Robo et Maela Paul. D\u00e8s la rentr\u00e9e scolaire 2019, je me suis engag\u00e9e dans l\u2019animation de diff\u00e9rents groupes d\u2019APP. Cette contribution est l\u2019occasion de pr\u00e9senter un dispositif et une variante mis en place dans le cadre de la formation initiale d\u2019\u00e9tudiant.e.s en parcours de professeur.e.s des \u00e9coles ou professeur.e.s de lyc\u00e9e et coll\u00e8ge. Ce dispositif et cette variante prennent appui sur la technique des \u00ab\u00a0trois colonnes\u00a0\u00bb propos\u00e9 par Robo (2018), inspir\u00e9 de GFAPP<a href=\"#_ftn3\" name=\"_ftnref3\">[3]<\/a> (Robo, 2003). Cette technique permet d\u2019exposer des situations professionnelles v\u00e9cues, \u00e0 l\u2019\u00e9crit, via l\u2019utilisation d\u2019un tableau \u00e0 trois colonnes.<\/p>\n<h4><strong>2. La technique des \u00ab trois colonnes \u00bb<\/strong><\/h4>\n<h6 style=\"text-align: justify;\"><strong>2.1 Pr\u00e9sentations de la technique initiale<\/strong><\/h6>\n<p style=\"text-align: justify;\">La technique des \u00ab\u00a0trois colonnes\u00a0\u00bb propos\u00e9e par Robo (2018) est bas\u00e9e sur l\u2019\u00e9crit de situations professionnelles v\u00e9cues ayant ou non pos\u00e9es probl\u00e8me. Elle consiste, en bin\u00f4me, \u00e0 \u00ab\u00a0auto-analyser\u00a0\u00bb (i.e., la personne exposant sa situation \u2013 personne A &#8211; va l\u2019analyser via l\u2019\u00e9mission de questions et d\u2019hypoth\u00e8ses de compr\u00e9hension, tout comme le fera \u00e9galement l\u2019autre membre du bin\u00f4me, la personne B) et \u00ab\u00a0co-analyser\u00a0\u00bb (i.e., la personne A va aussi proposer une analyse de la situation de la personne B, suite \u00e0 sa d\u00e9couverte, en posant des questions et des hypoth\u00e8ses de compr\u00e9hension, tout comme le fera la personne B sur la situation de la personne A) des situations professionnelles v\u00e9cues (Robo, 2018). Ainsi, les membres du bin\u00f4me vont b\u00e9n\u00e9ficier d\u2019une auto-analyse crois\u00e9e.<\/p>\n<p style=\"text-align: justify;\">Quatre phases successives sont propos\u00e9es aux personnes accompagn\u00e9es\u00a0:<\/p>\n<ol style=\"text-align: justify;\">\n<li>Une phase d\u2019exposition, par \u00e9crit, de la situation choisie respectivement par les personnes A et B (chaque membre du bin\u00f4me a un tableau et compl\u00e8te la colonne 1 de celui-ci),<\/li>\n<li>Une phase d\u2019\u00e9laboration de questions et d\u2019hypoth\u00e8ses sur leur propre situation expos\u00e9e (chaque membre du bin\u00f4me renseigne ses colonnes 2 \u2013 questions &#8211; et 3 \u2013 hypoth\u00e8ses de compr\u00e9hension &#8211; du tableau),<\/li>\n<li>Une phase de d\u00e9couverte uniquement du r\u00e9cit de l\u2019autre membre du bin\u00f4me avec pour t\u00e2che de formuler des questions et des hypoth\u00e8ses de compr\u00e9hension (chaque membre du bin\u00f4me renseigne d\u2019autres colonnes 2 \u2013 questions &#8211; et 3 \u2013 hypoth\u00e8ses de compr\u00e9hension &#8211; du tableau),<\/li>\n<li>Une phase de d\u00e9couverte des questions et hypoth\u00e8ses formul\u00e9es par le bin\u00f4me et d\u2019\u00e9change \u00e0 l\u2019oral.<\/li>\n<\/ol>\n<h6 style=\"text-align: justify;\"><strong>2.2 Pourquoi cette technique\u2009?<\/strong><\/h6>\n<p style=\"text-align: justify;\">Quatre principales raisons expliquent le choix de cette technique des \u00ab\u00a0trois colonnes\u00a0\u00bb. Tout d\u2019abord, cette technique est bas\u00e9e sur l\u2019\u00e9crit de situations v\u00e9cues (Robo, 2018). Le passage dans un premier temps par l\u2019\u00e9crit garantit une certaine s\u00e9curit\u00e9 aux \u00e9tudiant.e.s qui ne souhaitent pas exposer oralement, devant le groupe classe enti\u00e8re ou devant moi, leur situation. Le passage par l\u2019\u00e9crit devient un moyen favorable au d\u00e9veloppement de la r\u00e9flexion. Il laisse le temps aux \u00e9tudiant.e.s de se replonger dans la situation, de peser leurs mots, de sonder leurs \u00e9motions\u2026 Aussi, cette technique permet d\u2019aborder la question de l\u2019entr\u00e9e dans l\u2019\u00e9crit, souvent tr\u00e8s difficile pour les \u00e9tudiant.e.s, puisque tr\u00e8s peu pratiqu\u00e9e et enseign\u00e9e dans leurs \u00e9tudes ant\u00e9rieures. Une premi\u00e8re partie du travail porte donc sur le langage d\u00e9contextualis\u00e9, c\u2019est-\u00e0-dire \u00ab\u00a0hors du contexte imm\u00e9diatement v\u00e9cu\u00a0\u00bb<a href=\"#_ftn4\" name=\"_ftnref4\">[4]<\/a> n\u00e9cessitant donc des nombreuses pr\u00e9cisions dans l\u2019\u00e9crit. Ce que j\u2019appelle, plus simplement, la prise en compte du lecteur.rice qui est vierge de connaissance sur la situation expos\u00e9e. La comp\u00e9tence vis\u00e9e chez les \u00e9tudiant.e.s est donc la suivante\u00a0: savoir exposer par \u00e9crit une situation v\u00e9cue.<\/p>\n<p style=\"text-align: justify;\">Deuxi\u00e8mement, cette technique permet d\u2019enclencher un travail sur la posture de r\u00e9flexion entendue comme la \u00ab\u00a0<em>capacit\u00e9 de poser un regard sur [a posteriori] ou dans [en cours d\u2019action] sa pratique\u00a0<\/em>\u00bb (Guillemette &amp; Monette, 2019, p. 32). Pour certain.e.s \u00e9tudiant.e.s, il s\u2019agit de les conduire jusqu\u2019\u00e0 une posture de r\u00e9flexivit\u00e9 qui en plus d\u2019une n\u00e9cessaire r\u00e9flexion doit comporter un autre type de mise \u00e0 distance mobilisant une comp\u00e9tence m\u00e9tacognitive\u00a0: \u00ab\u00a0<em>poser un regard sur sa propre fa\u00e7on de r\u00e9fl\u00e9chir<\/em>\u00a0\u00bb (Guillemette &amp; Monette, 2019, p. 32).<\/p>\n<p style=\"text-align: justify;\">La d\u00e9marche de r\u00e9flexion peut \u00eatre qualifi\u00e9e comme la capacit\u00e9 \u00e0 se mettre \u00e0 distance de la situation en regardant \u00ab\u00a0la situation de l\u2019ext\u00e9rieur\u00a0\u00bb et \u00e0 prendre du recul en se regardant \u00ab\u00a0agir dans la situation\u00a0\u00bb (Donnay &amp; Charlier, 2008, p. 60). Pour Robo (2013, p. 45) c\u2019est aussi \u00ab\u00a0savoir questionner\u00a0\u00bb, \u00ab\u00a0savoir \u00e9mettre des hypoth\u00e8ses de compr\u00e9hension\u00a0\u00bb, \u00ab\u00a0savoir travailler, r\u00e9fl\u00e9chir avec [sur] ses \u00e9motions\u00a0\u00bb et sur celles d\u2019autrui, savoir articuler des savoirs universitaires \u00e0 sa pratique professionnelle, savoir s\u2019adapter aux situations, aux impr\u00e9vus\u2026<\/p>\n<p style=\"text-align: justify;\">La posture de r\u00e9flexion fait d\u2019ailleurs partie du r\u00e9f\u00e9rentiel de comp\u00e9tences communes \u00e0 tous les professeur.e.s et personnels d\u2019\u00e9ducation. La comp\u00e9tence 14 \u00ab\u00a0s&rsquo;engager dans une d\u00e9marche individuelle et collective de d\u00e9veloppement professionnel\u00a0\u00bb stipule que le professeur.e doit\u00a0:<\/p>\n<ul style=\"text-align: justify;\">\n<li>\u00ab\u00a0<em>Compl\u00e9ter et actualiser ses connaissances scientifiques, didactiques et p\u00e9dagogiques,<\/em><\/li>\n<li><em>Se tenir inform\u00e9 des acquis de la recherche afin de pouvoir s&rsquo;engager dans des projets et des d\u00e9marches d&rsquo;innovation p\u00e9dagogique visant \u00e0 l&rsquo;am\u00e9lioration des pratiques,<\/em><\/li>\n<li><em>R\u00e9fl\u00e9chir sur sa pratique &#8211; seul et entre pairs &#8211; et r\u00e9investir les r\u00e9sultats de sa r\u00e9flexion dans l&rsquo;action,<\/em><\/li>\n<li><em>Identifier ses besoins de formation et mettre en \u0153uvre les moyens de d\u00e9velopper ses comp\u00e9tences en utilisant les ressources disponibles.\u00a0<\/em>\u00bb (MEN, BO n\u00b030 du 25 juillet 2013).<\/li>\n<\/ul>\n<p style=\"text-align: justify;\">Ces postures de r\u00e9flexion et de r\u00e9flexivit\u00e9 sont une n\u00e9cessit\u00e9 \u00e0 acqu\u00e9rir par les futur.e.s professeur.e.s durant l\u2019action en classe et \u00e0 la suite de celle-ci. Elles font, bien souvent, l\u2019objet d\u2019un long apprentissage. Elles garantissent \u00ab\u00a0le changement des pratiques\u00a0\u00bb (Perrenoud, 2003, p. 12). Autrement dit, elles sont consid\u00e9r\u00e9es \u00ab\u00a0<em>comme la meilleure garantie de l\u2019adaptabilit\u00e9 de l\u2019enseignant \u00e0 des situations, des publics voire des contenus d\u2019enseignement en \u00e9volution constante.<\/em>\u00a0\u00bb (Blanchard-Laville et al., 2006, p. 2).<\/p>\n<p style=\"text-align: justify;\">Troisi\u00e8mement, la technique des \u00ab\u00a0trois colonnes\u00a0\u00bb semble la plus adapt\u00e9e au public qui m\u2019est confi\u00e9, compos\u00e9 d\u2019\u00e9tudiant.e.s en pr\u00e9sentiel (i.e., physiquement pr\u00e9sents en cours) et en distanciel (i.e., suivant les cours \u00e0 distance et ne venant en formation que deux semaines durant l\u2019ann\u00e9e de formation). En effet, les \u00ab\u00a0trois colonnes\u00a0\u00bb existent en \u00ab\u00a0support num\u00e9rique\u00a0\u00bb, permettant \u00ab\u00a0de travailler \u00e0 distance\u00a0\u00bb (Robo, 2018, p. 33).<\/p>\n<p style=\"text-align: justify;\">Enfin, l\u2019id\u00e9e est de leur livrer \u00ab\u00a0un outil clef en main\u00a0\u00bb (i.e., le tableau avec les trois colonnes), facile d\u2019utilisation pour eux comme pour moi. Il me permet d\u2019exp\u00e9rimenter dans un cadre rigoureux l\u2019animation de mes premi\u00e8res s\u00e9ances d\u2019APP. Stimul\u00e9e par les d\u00e9couvertes de la formation, rassur\u00e9e par les pr\u00e9cieux conseils prodigu\u00e9s, convaincue de l\u2019utilit\u00e9 de la technique des \u00ab\u00a0trois colonnes\u00a0\u00bb dans mon contexte d\u2019activit\u00e9, je me suis donc lanc\u00e9e dans l\u2019appropriation et l\u2019adaptation de cette technique pour animer des groupes d\u2019APP. Cette adaptation \u00e9tait n\u00e9cessaire compte tenu des contraintes qui m\u2019\u00e9taient impos\u00e9es (e.g., nombre d\u2019interventions, nombre d\u2019\u00e9tudiant.e.s) et des objectifs d\u2019apprentissages que je voulais viser chez les \u00e9tudiant.e.s (e.g., entr\u00e9e dans l\u2019\u00e9crit, prise de recul, d\u00e9veloppement d\u2019une r\u00e9flexivit\u00e9). \u00c0 partir de la technique des \u00ab\u00a0trois colonnes\u00a0\u00bb, j\u2019ai donc mis en place et en \u0153uvre un dispositif et une variante.<\/p>\n<h4><strong>3. Description du d\u00e9roulement de la d\u00e9marche adapt\u00e9e \u00e0 partir de la d\u00e9marche initiale<\/strong><\/h4>\n<h6><strong>3.1 Pr\u00e9sentation de la mise en place\u00a0: le cadre \u00e9tabli<\/strong><\/h6>\n<p style=\"text-align: justify;\">Il m\u2019a d\u2019abord fallu r\u00e9fl\u00e9chir au cadre que je souhaitais poser. Ayant pour triple casquette aupr\u00e8s des \u00e9tudiant.e.s celle d\u2019Adjointe de direction \u2013 responsable de formation Master (bien que je ne sois pas charg\u00e9e de la mise en stage et de son suivi), celle de Docteure en Psychologie du d\u00e9veloppement et Psychologue, puis celle de Formatrice, il me fallait r\u00e9fl\u00e9chir \u00e0 ma posture et \u00e0 la pr\u00e9sentation que j\u2019allais en faire.<\/p>\n<p style=\"text-align: justify;\">Les lectures de Castincaud (2003) et de Paul (2009) m\u2019ont \u00e9t\u00e9 d\u2019une grande aide. Intervenant aupr\u00e8s des \u00e9tudiant.e.s en situation de Formation Initiale, pour moi l\u2019APP ne devait pas \u00eatre \u00ab\u00a0<em>men\u00e9e par un sp\u00e9cialiste qui d\u00e9tient des cl\u00e9s, mais par un formateur qui est le garant du cadre pos\u00e9 et le gardien des r\u00e8gles d\u00e9ontologiques<\/em>\u00a0\u00bb (Castincaud, 2003, p. 11).<\/p>\n<p style=\"text-align: justify;\">Ensuite, comme le pr\u00e9conise Robo (2018), je me suis mise \u00e0 la r\u00e9daction d\u2019un contrat des droits et devoirs de l\u2019accompagnateur.trice\u00a0(voir tableau 1) :<\/p>\n<table style=\"border-style: solid;\" border=\"1\" cellpadding=\"3\">\n<tbody>\n<tr>\n<td style=\"vertical-align: top; width: 385px;\" width=\"302\"><strong>Droits<\/strong><\/td>\n<td style=\"vertical-align: top; width: 376px;\" width=\"302\"><strong>Devoirs<\/strong><\/td>\n<\/tr>\n<tr>\n<td style=\"vertical-align: top; width: 385px;\" width=\"302\">\n<ul>\n<li>De rappeler les r\u00e8gles du cadre quand n\u00e9cessaire,<\/li>\n<li>De proposer un temps m\u00e9ta pour \u00e9changer sur la d\u00e9marche pr\u00e9cise d\u2019APP.<\/li>\n<\/ul>\n<\/td>\n<td style=\"vertical-align: top; width: 376px;\" width=\"302\">\n<ul>\n<li>De respecter un refus de participation (clairement explicit\u00e9 par la personne accompagn\u00e9e),<\/li>\n<li>De respecter l\u2019anonymat et la confidentialit\u00e9,<\/li>\n<li>D\u2019une absence de jugement, de ne pas donner de conseils d\u00e9guis\u00e9s,<\/li>\n<li>De ne pas \u00e9valuer ces temps d\u2019APP.<\/li>\n<\/ul>\n<\/td>\n<\/tr>\n<\/tbody>\n<\/table>\n<p style=\"text-align: center;\"><em>Tableau 1. Droits et devoirs de l\u2019accompagnateur.rice<\/em><\/p>\n<p>Et des personnes qui sont accompagn\u00e9es\u00a0(voir tableau 2) :<\/p>\n<table style=\"border-style: solid;\" border=\"1\" cellpadding=\"3\">\n<tbody>\n<tr>\n<td style=\"vertical-align: top; width: 381px;\" width=\"302\"><strong>Droits<\/strong><\/td>\n<td style=\"vertical-align: top; width: 386px;\" width=\"302\"><strong>Devoirs<\/strong><\/td>\n<\/tr>\n<tr>\n<td style=\"vertical-align: top; width: 381px;\" width=\"302\">\n<ul>\n<li>De participer aux propositions d\u2019APP,<\/li>\n<li>De ne pas prendre part \u00e0 la proposition faite (en \u00e9tant du coup dans une posture d\u2019observateur suivant certaines grilles \u00e9labor\u00e9es \u00e0 cet effet),<\/li>\n<li>D\u2019arr\u00eater \u00e0 tout moment d\u2019\u00eatre accompagn\u00e9,<\/li>\n<li>D\u2019\u00e9couter et de comprendre l\u2019autre, de poser des questions et des hypoth\u00e8ses dans ce sens,<\/li>\n<li>De ne pas r\u00e9pondre aux questions pos\u00e9es par les membres du groupe, lorsque l\u2019on est accompagn\u00e9,<\/li>\n<li>De participer \u00e0 des temps m\u00e9ta sur les outils propos\u00e9s.<\/li>\n<\/ul>\n<\/td>\n<td style=\"vertical-align: top; width: 386px;\" width=\"302\">\n<ul>\n<li>De respecter le cadre donn\u00e9, toutes les r\u00e8gles \u00e9nonc\u00e9es et celles pouvant ensuite \u00eatre ajout\u00e9es (anonymat, absence de jugement\u2026),<\/li>\n<li>De faire preuve d\u2019une authenticit\u00e9, d\u2019une \u00ab certaine \u00bb implication,<\/li>\n<li>D\u2019une absence de jugement, de ne pas donner de conseils d\u00e9guis\u00e9s.<\/li>\n<\/ul>\n<\/td>\n<\/tr>\n<\/tbody>\n<\/table>\n<p style=\"text-align: center;\"><em>Tableau 2. Droits et devoirs des personnes accompagn\u00e9es.<\/em><\/p>\n<p style=\"text-align: justify;\">Enfin et dans la continuit\u00e9 de l\u2019\u00e9laboration de ce cadre, des r\u00e8gles inspir\u00e9es de celles \u00e9nonc\u00e9es par Robo (2018) ont \u00e9t\u00e9 pens\u00e9es pour l\u2019accompagnateur.rice et pour les personnes accompagn\u00e9es. L\u2019ensemble du cadre (i.e., les droits et devoirs ainsi que les r\u00e8gles \u00e0 respecter) a \u00e9t\u00e9 pos\u00e9 aupr\u00e8s des personnes accompagn\u00e9es avant de d\u00e9marrer la technique des \u00ab\u00a0trois colonnes\u00a0\u00bb adapt\u00e9e.<\/p>\n<p style=\"text-align: justify;\">Les r\u00e8gles \u00e0 respecter imp\u00e9rativement autant \u00e0 destination de l\u2019accompagnateur.rice que des personnes accompagn\u00e9es sont\u00a0:<\/p>\n<ul style=\"text-align: justify;\">\n<li><em>Confidentialit\u00e9<\/em> (m\u00eame pour son chat\u2009!)\u00a0: ce qui se dit dans le temps d\u2019APP reste confin\u00e9 dans cette salle et dans la m\u00e9moire des membres pr\u00e9sents du groupe. Autrement dit, de ce qui se dit, rien ne doit sortir de la salle et de la bouche des membres pr\u00e9sents du groupe,<\/li>\n<li><em>Anonymat\u00a0<\/em>: utiliser des termes g\u00e9n\u00e9riques pour parler des personnes impliqu\u00e9es dans la situation comme le.a tuteur.rice, l\u2019\u00e9l\u00e8ve,<\/li>\n<li><em>Non \u00e9valuation<\/em>: les trois temps d\u2019APP propos\u00e9s ne feront pas l\u2019objet d\u2019une \u00e9valuation. Seul un \u00e9crit r\u00e9flexif cibl\u00e9 sur le v\u00e9cu de ces temps d\u2019APP sera propos\u00e9 (il ne sera pas not\u00e9),<\/li>\n<li><em>Authenticit\u00e9\u00a0<\/em>: ce temps d\u2019APP n\u2019\u00e9tant pas \u00e9valu\u00e9, not\u00e9\u2026 il est attendu de vous une certaine implication,<\/li>\n<li><em>Non jugement<\/em><strong>: <\/strong>mais empathie, compr\u00e9hension et bienveillance. Deux types d\u2019empathie sont ici \u00e0 consid\u00e9rer\u00a0: l\u2019empathie affective et l\u2019empathie cognitive. \u00ab\u00a0L\u2019empathie affective renvoie \u00e0 la capacit\u00e9 \u00e0 percevoir les \u00e9motions d\u2019autrui \u00e0 travers ses mots, mais aussi (et surtout) \u00e0 travers la communication non verbale (par exemple, le ton de la voix, les gestes)\u00a0\u00bb alors que \u00ab\u00a0L\u2019empathie cognitive rel\u00e8ve de la capacit\u00e9 \u00e0 se repr\u00e9senter les pens\u00e9es de l\u2019autre\u00a0\u00bb (Shankland et al., p. 7). La d\u00e9finition de la bienveillance a aussi \u00e9t\u00e9 emprunt\u00e9e aux travaux de Shankland et al. (2018) et adapt\u00e9e au public concern\u00e9 par l\u2019APP\u00a0: des adultes en formation. En effet, dans leur article, la d\u00e9finition propos\u00e9e concerne les relations entre les enseignants et leurs \u00e9l\u00e8ves<a href=\"#_ftn5\" name=\"_ftnref5\">[5]<\/a>. Pour d\u00e9finir la bienveillance, dans une perspective de psychologie positive, trois dimensions sont \u00e0 consid\u00e9rer\u00a0: (1) <strong>\u00ab\u00a0<\/strong>une dimension cognitive\u00a0\u00bb\u00a0relative \u00e0 une \u00ab\u00a0attitude de non-jugement\u00a0\u00bb, \u00ab\u00a0d\u2019ouverture et d\u2019acceptation d\u2019autrui\u00a0\u00bb, (2) \u00ab\u00a0une dimension affective\u00a0\u00bb\u00a0consistant \u00e0 accueillir les \u00e9motions d\u2019autrui en faisant preuve d\u2019empathie, en prenant \u00ab\u00a0soin d\u2019autrui\u00a0\u00bb, (3) et \u00ab\u00a0une dimension comportementale\u00a0\u00bb impliquant de se surveiller pour rester dans le cadre donn\u00e9 (Shankland et al, 2018, p. 5),<\/li>\n<li><em>Interdiction du conseil et de donner des le\u00e7ons<\/em>: nous allons accompagner autrui pour l\u2019aider \u00e0 trouver ses propres solutions. Nous allons \u00eatre dans l\u2019accompagnement<strong>\u00a0<\/strong>: \u00ab\u00a0\u00eatre avec et aller vers\u00a0\u00bb, \u00ab\u00a0aller o\u00f9 il va\u00a0\u00bb [\u2026] en m\u00eame temps que lui\u00a0: \u00e0 son rythme, \u00e0 sa mesure, \u00e0 sa port\u00e9e\u00a0\u00bb. \u00ab\u00a0L\u2019id\u00e9e de cheminement pr\u00e9vaut sur celle de but \u00e0 atteindre\u00a0\u00bb (Paul, 2009, pp. 96-97),<\/li>\n<li><em>Pas de t\u00e9l\u00e9phone ni d\u2019ordinateur<\/em>: cette r\u00e8gle est ajout\u00e9e lors de la s\u00e9ance 2 d\u2019APP,<\/li>\n<li><em>Ne pas directement s\u2019adresser \u00e0 la personne exposant sa situation lors de la phase d\u2019\u00e9mission d\u2019hypoth\u00e8ses de compr\u00e9hension<\/em>: cette r\u00e8gle est ajout\u00e9e lors de la s\u00e9ance 2 d\u2019APP. C\u2019est-\u00e0-dire\u00a0: ne pas regarder fixement la personne, s\u2019adresser au groupe, ne pas nommer la personne par son pr\u00e9nom mais par sa fonction (e.g., l\u2019\u00e9tudiant.e stagiaire). Par contre, la phase d\u2019\u00e9mission de questions permet une adresse directe \u00e0 l\u2019exposant qui a la possibilit\u00e9 de r\u00e9pondre ou de ne pas r\u00e9pondre aux questions pos\u00e9es.<\/li>\n<\/ul>\n<h6 style=\"text-align: justify;\"><strong>3.2 Description de la mise en \u0153uvre du dispositif \u00ab\u00a0L\u2019Analyse Pratique\u00a0\u00bb<\/strong><\/h6>\n<p style=\"text-align: justify;\">Les deux objectifs principaux de ce dispositif d\u2019APP consistent \u00e0\u00a0:<\/p>\n<ul style=\"text-align: justify;\">\n<li>Permettre aux \u00e9tudiant.e.s de revenir sur des situations observ\u00e9es ou v\u00e9cues sur le terrain, ayant ou non pos\u00e9es probl\u00e8me, \u00e0 l\u2019aide d\u2019une technique pouvant par la suite \u00eatre facilement utilis\u00e9e en autonomie,<\/li>\n<li>Travailler sur leur posture d\u2019auteur.e en \u00e9crivant pour un.e destinataire,<\/li>\n<li>Mettre en route une certaine r\u00e9flexivit\u00e9 n\u00e9cessaire \u00e0 court terme \u00e0 l\u2019obtention du concours et \u00e0 plus long terme \u00e0 l\u2019exercice de leur m\u00e9tier.<\/li>\n<\/ul>\n<p style=\"text-align: justify;\">Le dispositif a donc \u00e9t\u00e9 pens\u00e9 sur trois s\u00e9ances de trois heures \u00e9tal\u00e9es sur environ deux mois. Afin de permettre aux \u00e9tudiant.e.s accompagn\u00e9.e.s d\u2019avoir accumul\u00e9 un certain nombre de jours de stage en classe\u2009; les s\u00e9ances ont eu lieu au second semestre de formation de l\u2019ann\u00e9e universitaire de Master 1 MEEF.<\/p>\n<p style=\"text-align: justify;\">La premi\u00e8re s\u00e9ance a consist\u00e9 \u00e0 d\u00e9finir l\u2019APP, \u00e0 l\u2019ancrer dans les commandes minist\u00e9rielles et \u00e0 en pr\u00e9senter les b\u00e9n\u00e9fices pour la passation du concours et pour la pratique professionnelle (environ 1 heure et 30 minutes de pr\u00e9sentation). Pr\u00e9cisons qu\u2019\u00e0 l\u2019approche du concours, il est n\u00e9cessaire de convaincre les \u00e9tudiant.e.s de l\u2019utilit\u00e9 de ce qui est propos\u00e9 en formation\u2009! Ensuite, le cadre pr\u00e9sent\u00e9 ci-dessus a \u00e9t\u00e9 pos\u00e9 (environ 20 \u00e0 30 minutes de pr\u00e9sentation). La technique des \u00ab\u00a0trois colonnes\u00a0\u00bb propos\u00e9e par Robo (2018), et adapt\u00e9e quelque peu dans les consignes par mes soins (voir les consignes en annexe 1 ainsi que l\u2019ensemble du mat\u00e9riel construit), a \u00e9t\u00e9 pr\u00e9sent\u00e9e. Pour commencer \u00e0 mettre les \u00e9tudiant.e.s en activit\u00e9, la feuille concernant l\u2019\u00e9criture de la situation a \u00e9t\u00e9 distribu\u00e9e. Ce premier travail a \u00e9t\u00e9 mis en lien avec d\u2019autres notions vues dans d\u2019autres cours dispens\u00e9s pas mes soins comme le langage d\u00e9contextualis\u00e9, la prise en compte du lecteur qui est vierge de connaissance, l\u2019explicitation (dans le sens d\u2019une clart\u00e9 de l\u2019\u00e9crit) et la posture d\u2019auteur.e. Ainsi, le premier objectif de cette proposition de travail portait sur l\u2019entr\u00e9e dans l\u2019\u00e9crit d\u2019une situation v\u00e9cue. J\u2019ai laiss\u00e9 environ 20 minutes aux \u00e9tudiant.e.s pour \u00e9crire leur situation (ce temps n\u2019\u00e9tait d\u2019ailleurs pas suffisant pour certain.e.s). \u00c0 l\u2019oral, nous avons ensuite \u00e9chang\u00e9 sur les \u00e9l\u00e9ments mentionn\u00e9s dans le r\u00e9cit afin de prendre en compte un lecteur \u00ab\u00a0na\u00eff\u00a0\u00bb. L\u2019importance de la dimension spatio-temporelle, de la dimension \u00e9motionnelle pour aider le lecteur \u00e0 se mettre \u00e0 la place de la personne qui \u00e9crit a \u00e9merg\u00e9. La bonne utilisation des connecteurs logiques, de la ponctuation a aussi \u00e9t\u00e9 un point d\u2019importance. La s\u00e9ance a \u00e9t\u00e9 cl\u00f4tur\u00e9e en leur demandant de ramener leur \u00e9crit de situation pour la prochaine s\u00e9ance.<\/p>\n<p style=\"text-align: justify;\">La deuxi\u00e8me s\u00e9ance a permis de continuer le travail d\u2019APP \u00e0 l\u2019aide de l\u2019adaptation de la technique des \u00ab\u00a0trois colonnes\u00a0\u00bb (r\u00e9cit \u00e9crit) pour tendre ensuite vers un temps de GAPP<a href=\"#_ftn6\" name=\"_ftnref6\">[6]<\/a> (r\u00e9cit oral).<\/p>\n<p style=\"text-align: justify;\">Concernant la technique des \u00ab\u00a0Trois colonnes\u00a0\u00bb, le cadre a \u00e9t\u00e9 rappel\u00e9 en ayant une insistance toute particuli\u00e8re sur les r\u00e8gles. \u00c0 noter que deux nouvelles r\u00e8gles ont \u00e9t\u00e9 introduites (voir pr\u00e9c\u00e9demment). Puis, les \u00e9tudiant.e.s ont \u00e9t\u00e9 invit\u00e9.e.s \u00e0 repartir de leur \u00e9crit de situation (r\u00e9alis\u00e9 lors de la s\u00e9ance pr\u00e9c\u00e9dente) ou \u00e0 produire un nouvel \u00e9crit (surtout pour les \u00e9tudiant.e.s absent.e.s lors de la s\u00e9ance pr\u00e9c\u00e9dente et les \u00e9tudiant.e.s en distanciel pr\u00e9sent.e.s uniquement \u00e0 cette s\u00e9ance lors d\u2019une semaine de regroupement). Lorsqu\u2019ils repartaient de leur \u00e9crit de situation, ils \u00e9taient invit\u00e9s \u00e0 le relire et \u00e0 le r\u00e9viser en consid\u00e9rant les \u00e9l\u00e9ments mis en exergue lors de la s\u00e9ance pr\u00e9c\u00e9dente concernant la production d\u2019un \u00e9crit explicite pour le lecteur (cette phase a dur\u00e9 environ 20 minutes). Par exemple\u00a0: l\u2019importance de donner des \u00e9l\u00e9ments de contexte, comme en mentionnant des informations spatio-temporelles. \u00c0 la suite de cela, les \u00e9tudiant.e.s ont produit des questions et hypoth\u00e8ses de compr\u00e9hension sur leur situation (cette phase a dur\u00e9 \u00e9galement environ 20 minutes). Ils ont ensuite uniquement transmis \u00e0 leur bin\u00f4me (ou trin\u00f4me puisqu\u2019il y avait un nombre impair de personnes accompagn\u00e9es) leur \u00e9crit de situation. Suite \u00e0 une lecture attentive de la situation de leur bin\u00f4me\/trin\u00f4me, toujours \u00e0 l\u2019\u00e9crit, ils ont \u00e9t\u00e9 invit\u00e9s \u00e0 formuler des questions et hypoth\u00e8ses de compr\u00e9hension sur la situation. L\u2019\u00e9crit de la situation ainsi que les questions et hypoth\u00e8ses de compr\u00e9hension ont \u00e9t\u00e9 finalement \u00e9chang\u00e9s avec leur bin\u00f4me\/trin\u00f4me (environ 25 minutes pour ces \u00e9tapes). Un temps de lecture, en silence, des questions et hypoth\u00e8ses a \u00e9t\u00e9 pr\u00e9vu puis un temps d\u2019\u00e9change entre les bin\u00f4mes et le trin\u00f4me a suivi (environ 10 minutes pour ces deux derni\u00e8res phases). Ce temps d\u2019\u00e9change a n\u00e9cessit\u00e9 un rappel des r\u00e8gles, car les \u00e9tudiant.e.s avaient rapidement tendance \u00e0 retomber dans une posture de conseils, \u00e0 ne plus respecter l\u2019anonymat\u2026 Une pause bien m\u00e9rit\u00e9e a \u00e9t\u00e9 propos\u00e9e, permettant aux \u00e9tudiant.e.s de continuer \u00e0 \u00e9changer, s\u2019ils le souhaitaient. Pour clore cette premi\u00e8re tentative d\u2019APP via l\u2019\u00e9crit, un temps d\u2019\u00e9change m\u00e9ta \u00e0 l\u2019oral, guid\u00e9 par trois questions, a permis de compl\u00e9ter le travail sur la posture d\u2019auteur.e\u00a0:<\/p>\n<ul style=\"text-align: justify;\">\n<li>Quelles sont les diff\u00e9rentes dimensions abord\u00e9es dans les \u00e9crits (dans la description de la situation, les questions et les hypoth\u00e8ses de compr\u00e9hension)\u2009?<\/li>\n<li>Quel est le type de questions pos\u00e9es (cf. cours du semestre 1 sur les diff\u00e9rents types de questions dans un entretien de recherche ou dans un questionnaire comme des QCM, questions ouvertes\u2026)\u2009?<\/li>\n<li>Qu\u2019avez-vous remarqu\u00e9 dans les \u00e9crits de v\u00e9cu professionnel (ellipses, manques de pr\u00e9cisions, pr\u00e9sence d\u2019informations \u00e9motionnelles\u2026)\u2009? Nous revenons ici sur votre posture \u00ab\u00a0d\u2019auteur.e\u00a0\u00bb abord\u00e9e au premier semestre.<\/li>\n<\/ul>\n<p style=\"text-align: justify;\">Concernant le GAPP (r\u00e9cit oral), il s\u2019est agi premi\u00e8rement d\u2019identifier les volontaires pour exposer leur situation \u00e0 l\u2019oral (en prenant appui sur leur situation \u00e9crite). Comme il y en avait plusieurs, je leur ai demand\u00e9 de r\u00e9sumer leur situation en un titre et de le pr\u00e9senter au groupe. Suite \u00e0 la pr\u00e9sentation des titres, une \u00e9tudiante a d\u2019elle-m\u00eame laiss\u00e9 sa place. Il ne restait plus que deux \u00e9tudiants en course, j\u2019ai alors demand\u00e9 s\u2019il y avait une urgence \u00e0 pr\u00e9senter aujourd\u2019hui cette situation. Un \u00e9tudiant a r\u00e9pondu que oui, car il \u00e9tait en distanciel et n\u2019aurait plus la possibilit\u00e9 de participer \u00e0 genre de proposition par la suite. L\u2019autre \u00e9tudiante restant en course s\u2019est tr\u00e8s gentiment retir\u00e9e. J\u2019ai senti la n\u00e9cessit\u00e9 de les avertir qu\u2019une autre proposition de GAPP serait faite lors de la s\u00e9ance suivante et que s\u2019il nous restait assez de temps lors de cette s\u00e9ance, une personne suppl\u00e9mentaire pourrait exposer sa situation. \u00c0 la suite de la pr\u00e9sentation de la situation par l\u2019\u00e9tudiant, qui fut fort int\u00e9ressante, car cibl\u00e9e sur une r\u00e9ussite (ce que je n\u2019avais jamais encore v\u00e9cu), une phase de questions (de 10 minutes) suivie d\u2019une phase d\u2019\u00e9mission d\u2019hypoth\u00e8ses de compr\u00e9hension (de 10 minutes), se sont d\u00e9roul\u00e9es. Le temps restant a permis \u00e0 l\u2019\u00e9tudiante de pr\u00e9senter \u00e9galement sa situation, qui elle \u00e9tait probl\u00e9matique.<\/p>\n<p style=\"text-align: justify;\">Je pr\u00e9cise qu\u2019une organisation particuli\u00e8re avait \u00e9t\u00e9 pens\u00e9e compte tenu du nombre \u00e9lev\u00e9 d\u2019\u00e9tudiant.e.s \u00e0 accompagner. Premi\u00e8rement, une organisation spatiale de la classe avait \u00e9t\u00e9 anticip\u00e9e. Un petit cercle de tables avait \u00e9t\u00e9 pr\u00e9vu au milieu de la salle, pouvant accueillir 15 personnes environ (moi y compris puisque mon r\u00f4le \u00e9tait de superviser le bon d\u00e9roulement de ce temps d\u2019analyse). Un grand arc de cercle \u00e9tait organis\u00e9 autour du cercle, permettant de placer le reste des \u00e9tudiant.e.s. Le petit cercle \u00e9tait pr\u00e9vu pour les \u00e9tudiant.e.s souhaitant directement participer \u00e0 ce temps de GAPP en \u00e9tant acteur dans la pr\u00e9sentation\/\u00e9coute de la situation, dans l\u2019\u00e9mission des questions et hypoth\u00e8ses de compr\u00e9hension. L\u2019arc de cercle comprenait les \u00e9tudiant.e.s\u00a0: (1) souhaitant \u00eatre garant.e.s du bon d\u00e9roulement du GAPP en prenant \u00e0 leur charge le contr\u00f4le du respect du cadre (voir l\u2019annexe 2.1 sur la grille d\u2019observation 1 sur le respect du cadre), ou du respect du temps des diff\u00e9rentes phases, ou de la distribution de la parole (voir en annexe 2.3. la grille d\u2019observation 3 concernant la distribution de la parole et du temps)\u2009; (2) d\u00e9sirant \u00eatre en situation de m\u00e9ta-analyse (voir en annexe 2.3. le tableau d\u2019observation de la multi-dimensionnalit\u00e9). Ainsi, une r\u00e9partition des responsabilit\u00e9s a \u00e9t\u00e9 op\u00e9r\u00e9e selon les pr\u00e9f\u00e9rences des \u00e9tudiant.e.s. La s\u00e9ance s\u2019est cl\u00f4tur\u00e9e sur un d\u00e9bat, non anticip\u00e9 au d\u00e9part, sur la question de la responsabilit\u00e9 et les possibilit\u00e9s d\u2019actions de l\u2019enseignant.e face \u00e0 la maltraitance d\u2019un \u00e9l\u00e8ve par un membre familial.<\/p>\n<p style=\"text-align: justify;\">La troisi\u00e8me s\u00e9ance a consist\u00e9, apr\u00e8s une phase de rappel du cadre et des objectifs de la s\u00e9ance, en un GAPP sans un passage par la technique des \u00ab\u00a0trois colonnes\u00a0\u00bb, au pr\u00e9alable. Deux \u00e9tudiant.e.s ont pu pr\u00e9senter leur situation. La m\u00eame organisation spatiale et temporelle a \u00e9t\u00e9 utilis\u00e9e que lors de la s\u00e9ance 2. \u00c0 la suite de cela, 1heure et 30 minutes ont port\u00e9 sur un temps de m\u00e9ta-analyse cibl\u00e9e sur les deux techniques v\u00e9cues (i.e., \u00ab\u00a0trois colonnes\u00a0\u00bb et GAPP).<\/p>\n<p style=\"text-align: justify;\">Dans un premier temps, un retour a \u00e9t\u00e9 fait sur la signification de la pratique r\u00e9flexive et sur ce que signifiait \u00eatre un praticien r\u00e9flexif. La pratique r\u00e9flexive a \u00e9t\u00e9 d\u00e9finie comme \u00ab\u00a0<em>un moyen de r\u00e9fl\u00e9chir \u00e0 sa pratique pendant et apr\u00e8s l\u2019action<\/em>\u00a0\u00bb (Buysse et al., 2019, p. 46). Le praticien r\u00e9flexif ne se limite pas au \u00ab\u00a0<em>simple fait de faire une observation, d\u2019agir ou de vivre une exp\u00e9rience\u00a0\u00bb qui serait \u00ab\u00a0suffisant pour se former une opinion, ou une croyance<\/em>\u00a0\u00bb, mais \u00ab\u00a0<em>insuffisant pour construire un savoir. Dans ce but, le sujet doit faire preuve de <\/em><em>r\u00e9flexivit\u00e9.<\/em>\u00a0\u00bb (Buysse &amp; Vanhulle, 2010, p. 89). \u00ab\u00a0<em>Un praticien r\u00e9flexif ne se contente pas de ce qu&rsquo;il a appris en formation initiale, ni de ce qu&rsquo;il a d\u00e9couvert dans ses premi\u00e8res ann\u00e9es de pratique. Il r\u00e9examine constamment ses objectifs, ses d\u00e9marches, ses \u00e9vidences, ses savoirs. Il entre dans une boucle sans fin de perfectionnement, parce qu&rsquo;il th\u00e9orise lui-m\u00eame sa pratique, seul ou au sein d&rsquo;une \u00e9quipe p\u00e9dagogique. Il se pose des questions, tente de comprendre ses \u00e9checs, se projette dans l&rsquo;avenir\u2009; il pr\u00e9voit de faire autrement la prochaine fois, ou l&rsquo;ann\u00e9e suivante, il se donne des objectifs clairs, il explicite ses attentes et ses d\u00e9marches.\u00a0<\/em>\u00bb (Blanchard, 2002, p. 4).<\/p>\n<p style=\"text-align: justify;\">Ces d\u00e9finitions apport\u00e9es, il a fallu ensuite accompagner les \u00e9tudiant.e.s \u00e0 enclencher une certaine r\u00e9flexivit\u00e9. Pour cela, il \u00e9tait n\u00e9cessaire de leur apporter un outil permettant de mieux cerner les indicateurs qui les feraient entrer dans un \u00e9crit r\u00e9flexif. Une grille inspir\u00e9e de Robo (2013, p. 45) a \u00e9t\u00e9 transmise aux \u00e9tudiant.e.s\u00a0: capacit\u00e9 \u00e0 \u00ab\u00a0savoir mettre \u00e0 distance puis prendre du recul\u00a0\u00bb (i.e., \u00ab\u00a0poser un regard sur [a posteriori] ou dans [en cours d\u2019action] sa pratique\u00a0\u00bb, Guillemette &amp; Monette, 2019, p. 32), \u00ab\u00a0savoir questionner\u00a0\u00bb (i.e., poser des questions d\u2019\u00e9claircissement, de pr\u00e9cision sur la situation expos\u00e9e), \u00ab\u00a0savoir \u00e9mettre des hypoth\u00e8ses de compr\u00e9hension\u00a0\u00bb (i.e., ne pas tomber dans le conseil d\u00e9guis\u00e9 ou dans la proposition d\u2019une solution mais aider la personne accompagn\u00e9e \u00e0 prendre du recul face \u00e0 la situation v\u00e9cue et \u00e0 trouver ses propres solutions), \u00ab\u00a0savoir travailler, r\u00e9fl\u00e9chir avec [sur] ses \u00e9motions\u00a0\u00bb et sur celles d\u2019autrui, savoir articuler des savoirs universitaires \u00e0 sa pratique professionnelle, savoir s\u2019adapter aux situations, aux impr\u00e9vus\u2026 Ils devaient v\u00e9rifier que leur \u00e9crit comprenait certains de ces indicateurs.<\/p>\n<p style=\"text-align: justify;\">Ensuite est venu le temps de la r\u00e9daction de l\u2019\u00e9crit r\u00e9flexif suivant ces deux questions\u00a0:<\/p>\n<ul style=\"text-align: justify;\">\n<li>Que m\u2019ont apport\u00e9 ces deux techniques (\u00ab\u00a0trois colonnes\u00a0\u00bb et GAPP)\u2009?<\/li>\n<li>Comment puis-je envisager de m\u2019en ressaisir\u2009?<\/li>\n<\/ul>\n<p style=\"text-align: justify;\">L\u2019\u00e9crit a \u00e9t\u00e9 limit\u00e9 \u00e0 20 lignes, de sorte \u00e0 les obliger \u00e0 aller \u00e0 l\u2019essentiel et \u00e0 ne pas digresser en pr\u00e9sentant de mani\u00e8re descriptive les deux techniques.<\/p>\n<p style=\"text-align: justify;\">En fin de s\u00e9ance, il a \u00e9t\u00e9 propos\u00e9 \u00e0 des \u00e9tudiant.e.s volontaires de faire part de leur \u00e9crit, \u00e0 toute la promotion, \u00e0 haute voix, de sorte \u00e0 v\u00e9rifier si l\u2019\u00e9crit \u00e9tait ou non r\u00e9flexif. Cette v\u00e9rification a \u00e9t\u00e9 r\u00e9alis\u00e9e suivant la grille susmentionn\u00e9e. De nombreux.ses \u00e9tudiant.e.s ont fait l\u2019apologie de ces deux techniques, n\u2019entrant donc pas dans un \u00e9crit r\u00e9flexif en parlant d\u2019eux-m\u00eames. De ce fait et \u00e0 la demande g\u00e9n\u00e9rale des \u00e9tudiant.e.s, une quatri\u00e8me intervention, non pr\u00e9vue initialement a \u00e9t\u00e9 propos\u00e9e. Lors de celle-ci, pendant 1h30, les \u00e9tudiant.e.s ont pu r\u00e9viser leur \u00e9crit, au vu des \u00e9l\u00e9ments mis \u00e0 jour lors de la s\u00e9ance pr\u00e9c\u00e9dente, et pr\u00e9senter \u00e0 l\u2019oral, leur \u00e9crit, toujours en consid\u00e9rant la grille propos\u00e9e. Ainsi, ce premier dispositif s\u2019est achev\u00e9 sur la finalisation d\u2019un court \u00e9crit r\u00e9flexif.<\/p>\n<h6 style=\"text-align: justify;\"><strong>3.3 Description de la mise en \u0153uvre d\u2019une variante<\/strong><\/h6>\n<p style=\"text-align: justify;\">Cette variante, toujours inspir\u00e9e de la technique des \u00ab\u00a0trois colonnes\u00a0\u00bb, avait pour principaux objectifs d\u2019aider les \u00e9tudiant.e.s \u00e0 prendre un peu de recul et \u00e0 se d\u00e9charger de ce qu\u2019ils pouvaient vivre en stage.<\/p>\n<p style=\"text-align: justify;\">M\u00eame si cette variante est pr\u00e9sent\u00e9e en deuxi\u00e8me position dans cet article, celle-ci a \u00e9t\u00e9 mise en place bien en amont du dispositif pr\u00e9sent\u00e9. Elle a \u00e9t\u00e9 propos\u00e9e, toujours \u00e0 la promotion d\u2019\u00e9tudiant.e.s de M1, au premier semestre universitaire, au mois de novembre. Elle a \u00e9t\u00e9 pr\u00e9sent\u00e9e comme un atelier d\u2019une dur\u00e9e d\u2019une heure et trente minutes, sur la base du volontariat (cette proposition \u00e9tait faite dans la continuit\u00e9 d\u2019autres ateliers propos\u00e9s sur d\u2019autres th\u00e9matiques, comme la collaboration avec un temps de jeux collaboratifs).<\/p>\n<p style=\"text-align: justify;\">Cette variante a \u00e9t\u00e9 pens\u00e9e \u00e0 destination d\u2019un groupe compos\u00e9 d\u2019un maximum de dix \u00e9tudiant.e.s. J\u2019ai opt\u00e9 pour un espace qui avait d\u00e9j\u00e0 vocation \u00e0 apaisement et \u00e0 r\u00e9flexion, permettant aussi de s\u2019asseoir en cercle sur des coussins. Une fois l\u2019objectif de cet atelier rappel\u00e9 et pr\u00e9cis\u00e9 aux \u00e9tudiant.e.s, les r\u00e8gles \u00e0 respecter ont \u00e9t\u00e9 pr\u00e9sent\u00e9es. Ensuite, les \u00e9tudiant.e.s ont \u00e9t\u00e9 invit\u00e9.e.s \u00e0 \u00e9crire la situation choisie (m\u00eames consignes que dans le dispositif pr\u00e9c\u00e9dent). \u00c0 la suite de cela, un.e \u00e9tudiant.e \u00e9tait invit\u00e9.e \u00e0 pr\u00e9senter sa situation (sur la base du volontariat) et \u00e0 tirer une carte dans le tas contenant trois types de cartes\u00a0: sur une \u00e9motion ressentie par l\u2019\u00e9tudiant.e stagiaire ou par un autre membre impliqu\u00e9 dans la situation, sur une question suscit\u00e9e par la situation (au moment du v\u00e9cu de cette situation ou a posteriori) ou sur une hypoth\u00e8se de compr\u00e9hension de la situation (Je fais l\u2019hypoth\u00e8se que cette situation en est arriv\u00e9e l\u00e0 parce que\u2026). Ces trois types de carte \u00e9taient pr\u00e9sent\u00e9s de mani\u00e8re al\u00e9atoire dans le tas. Une fois la carte tir\u00e9e, l\u2019\u00e9tudiant.e avait le choix de r\u00e9pondre soit pour lui\/elle-m\u00eame, soit de faire part \u00e0 l\u2019oral de sa r\u00e9ponse au reste du groupe. En outre, il\/elle pouvait aussi autoriser les membres du groupe \u00e0 \u00e9mettre \u00e9galement une r\u00e9ponse. Bien entendu, dans ce dernier cas, il fallait au pr\u00e9alable que l\u2019\u00e9tudiant.e ait choisi de pr\u00e9senter sa situation. Si un.e \u00e9tudiant.e choisissait de garder sa situation pour elle, alors il\/elle continuait tout l\u2019atelier en r\u00e9pondant aux cartes pour lui\/elle-m\u00eame, sans b\u00e9n\u00e9ficier des questions et hypoth\u00e8ses formul\u00e9es par le groupe. Voir l\u2019annexe 3 pour les consignes pr\u00e9cises et les cartes propos\u00e9es.<\/p>\n<h4 style=\"text-align: justify;\"><strong>4. M\u00e9ta-analyse de la mise \u0153uvre du dispositif L\u2019AP inspir\u00e9 de la technique des \u00ab trois colonnes \u00bb<\/strong><\/h4>\n<p style=\"text-align: justify;\">Cette derni\u00e8re partie sera organis\u00e9e en deux sous-parties\u00a0: (1) il s\u2019agira d\u2019\u00e9noncer les effets positifs constat\u00e9s sur les \u00e9tudiant.e.s\u2009; (2) les apports de la mise en place du dispositif sur ma posture de formatrice et d\u2019accompagnatrice seront expos\u00e9s.<\/p>\n<h6 style=\"text-align: justify;\"><strong>4.1 Qu\u2019en ont-ils\/elles retir\u00e9\u2009?<\/strong><\/h6>\n<p style=\"text-align: justify;\">Les s\u00e9ances d\u2019APP propos\u00e9es dans le cadre du dispositif L\u2019AP ont particuli\u00e8rement \u00e9t\u00e9 appr\u00e9ci\u00e9es par les \u00e9tudiant.e.s. Un calme, presque olympien, \u00e9tait remarquable durant celles-ci et perdurait m\u00eame sur le temps du d\u00e9jeuner et du cours de l\u2019apr\u00e8s-midi (aux dires d\u2019autres formateurs.rices).<\/p>\n<p style=\"text-align: justify;\">A l\u2019aide des observations que j\u2019ai pu faire durant ces s\u00e9ances et des \u00e9crits r\u00e9flexifs r\u00e9dig\u00e9s par les \u00e9tudiant.e.s, deux types d\u2019apports d\u2019une telle proposition sont \u00e0 retenir\u00a0: (1) un cadre s\u00e9curisant permettant de prendre confiance en soi et de mieux interagir avec autrui\u2009; (2) une prise de recul face aux situations expos\u00e9es conduisant certain.e.s \u00e9tudiant.e.s \u00e0 une r\u00e9flexivit\u00e9\u2009; illustr\u00e9 ici par les \u00e9crits r\u00e9flexifs des \u00e9tudiant.e.s.<\/p>\n<ul style=\"text-align: justify;\">\n<li>Les \u00e9tudiant.e.s ont relev\u00e9 une r\u00e9elle authenticit\u00e9 et bienveillance durant ces s\u00e9ances. \u00ab\u00a0<em>La bienveillance qui r\u00e9gnait lors de ces \u00e9changes me semble essentielle et r\u00e9confortante pour les participants qui se confient sur des exp\u00e9riences qui peuvent \u00eatre difficiles \u00e0 vivre.<\/em>\u00bb.<\/li>\n<li>Ils ont aussi not\u00e9 que ce genre de dispositif participait \u00e0 la constitution du groupe classe\u00a0: \u00ab\u00a0<em>La classe passe de lieu de peur de jugement \u00e0 un lieu de d\u00e9voilement commun, lieu fraternel. Ce travail, en plus d\u2019aider \u00e0 un d\u00e9veloppement personnel et professionnel, aide \u00e0 souder la classe.<\/em>\u00bb<\/li>\n<li>En outre, il a particip\u00e9 \u00e0 soulager individuellement certain.e.s \u00e9tudiant.e.s\u00a0: \u00ab\u00a0<em>Elle permet de mettre en lumi\u00e8re que le droit \u00e0 l\u2019erreur existe, m\u00eame en tant que professionnel, et qu\u2019il est possible d\u2019\u00e9voluer et de progresser<\/em>\u00bb, \u00ab\u00a0<em>le fait d\u2019avoir eu un avis ext\u00e9rieur, m\u2019a soulag\u00e9e, et m\u2019a m\u00eame enlev\u00e9 une sorte de culpabilit\u00e9.<\/em>\u00a0\u00bb<\/li>\n<li>Terminons ce premier apport par les mots clefs propos\u00e9s par un \u00e9tudiant dans son \u00e9crit r\u00e9flexif, qui me semblent illustrer assez fid\u00e8lement ce qui a pu se vivre\u00a0: \u00ab\u00a0<em>Les mots-cl\u00e9s\u00a0que je retiendrai sur ces temps d\u2019Analyse de la Pratique Professionnelle sont\u00a0: l\u2019\u00e9coute, la neutralit\u00e9, le discernement.<\/em>\u00bb<\/li>\n<li>Le travail d\u2019entr\u00e9e dans l\u2019\u00e9crit sur les situations a permis \u00e0 certains \u00e9tudiant.e.s de structurer davantage leur \u00e9crit et discours et \u00e0 prendre du recul\u00a0: \u00ab\u00a0<em>L\u2019avantage de cette technique est de passer par l\u2019\u00e9crit et de devoir \u00eatre le plus pr\u00e9cis possible dans le r\u00e9cit de la situation. Ainsi, des \u00e9l\u00e9ments essentiels qui ont jou\u00e9 un r\u00f4le lors de cette situation, auxquels je n\u2019avais pas fait attention au moment des faits, me sont apparus et m\u2019ont permis une analyse diff\u00e9rente.\u00a0\u00bb, \u00ab\u00a0l\u2019exercice des trois colonnes m\u2019a incit\u00e9 \u00e0 mettre \u00e0 plat par \u00e9crit le contexte, ce qui s\u2019est pass\u00e9 en d\u00e9tails, les acteurs de la situation et les enjeux. Ce travail m\u2019a permis d\u2019une part de ne pas oublier de d\u00e9tails, et d\u2019autre part de faire remonter certains questionnements que j\u2019aurais pu oublier. L\u2019exhaustivit\u00e9 de cet \u00e9crit m\u2019a pouss\u00e9 \u00e0 faire \u00e9merger un maximum d\u2019hypoth\u00e8ses explicatives, posant la base d\u2019une recherche de solutions plus appropri\u00e9es au contexte v\u00e9cu, voire m\u00eame transf\u00e9rables dans d\u2019autres contextes.\u00a0\u00bb<\/em><\/li>\n<li>De plus, des \u00e9tudiant.e.s ont point\u00e9 l\u2019importance d\u2019analyser \u00e9galement des situations positives\u00a0: \u00ab\u00a0<em>Cette d\u00e9marche d\u2019auto-analyse de la pratique professionnelle \u00e0 partir de situations v\u00e9cues m\u2019a fait comprendre qu\u2019il est important de me servir de mes \u00e9checs sans oublier les r\u00e9ussites lorsque je suis sur le terrain.<\/em>\u00bb<\/li>\n<li>Les \u00e9tudiant.e.s ont accept\u00e9 de repartir avec des questions, de trouver leur propre solution\u00a0: \u00ab\u00a0<em>J&rsquo;ai donc appris que l&rsquo;on peut \u00ab s&rsquo;obliger \u00bb \u00e0 prendre du recul vis-\u00e0-vis d&rsquo;une situation en incluant des \u00e9tapes de questionnements et d&rsquo;\u00e9changes avec les autres avant de chercher \u00e0 r\u00e9soudre ce qui appara\u00eet comme un probl\u00e8me.<\/em>\u00bb<\/li>\n<li>La compr\u00e9hension de la notion de multi-dimensionnalit\u00e9 (e.g., espace, temps, \u00e9thique, psychologique, institutionnelle, r\u00e8glementaire) est \u00e9galement un des apports de la mise en place de ce dispositif\u00a0: \u00ab\u00a0<em>Cette technique m\u2019a permis dans un premier temps d\u2019\u00eatre observateur externe et non acteur de la situation, la classe \u00e9tait s\u00e9par\u00e9e en deux grand groupes, le cercle interne o\u00f9 les questions sont pos\u00e9es ainsi que les \u00e9missions d\u2019hypoth\u00e8se et le cercle externe qui prend les notes par rapport \u00e0 la grille d\u2019observation.<\/em>\u00bb \u00ab\u00a0<em>La grille d\u2019observation permet de garder un cadre identique pour chacun, et assure un sentiment de s\u00e9curit\u00e9 \u00e0 tous ces participants lors de GAPP. Elle permet d\u2019\u00eatre dans de bonnes conditions d\u2019\u00e9coute et de communication saine. Elle permet \u00e9galement de couvrir le sujet dans sa totalit\u00e9 gr\u00e2ce \u00e0 la colonne de la multi-dimensionnalit\u00e9. Mais elle permet aussi \u00e0 tous d\u2019y prendre appui pour, personnellement, prendre le temps de la r\u00e9flexion et s\u2019auto-poser un cadre favorable \u00e0 une r\u00e9flexion saine et utile.<\/em>\u00a0\u00bb<\/li>\n<li>Enfin, ce dispositif a profit\u00e9 \u00e0 certain.e.s pour faire du lien avec des concepts vus dans d\u2019autres cours (multi-r\u00e9f\u00e9rentialit\u00e9)\u00a0: \u00ab\u00a0<em>Ces techniques m\u2019ont aussi permis de continuer \u00e0 tisser des liens avec diff\u00e9rents concepts rencontr\u00e9s lors de ma formation universitaire et de faire des liens disciplinaires pour avoir une meilleure compr\u00e9hension de ce qui se joue et se vit sur le terrain. Pr\u00e9cis\u00e9ment, j\u2019ai repens\u00e9 \u00e0 nos cours sur l\u2019autorit\u00e9 \u00e9ducative et \u00e0 la posture de l\u2019enseignant.<\/em>\u00bb<\/li>\n<\/ul>\n<h6 style=\"text-align: justify;\"><strong>4.2. Qu\u2019en ai-je retir\u00e9\u2009?<\/strong><\/h6>\n<p style=\"text-align: justify;\">La mise en place et en \u0153uvre de ce dispositif L\u2019AP et de la variante furent pour moi l\u2019occasion d\u2019une r\u00e9flexion sur ma posture de formatrice en situation d\u2019APP qu\u2019il me semble int\u00e9ressant de partager.<\/p>\n<p style=\"text-align: justify;\">Ainsi, il appara\u00eet :<\/p>\n<ul style=\"text-align: justify;\">\n<li><em>Une posture de coordonnatrice<\/em><strong>: <\/strong>la mise en place de ces s\u00e9ances d\u2019APP m\u2019a permis de nourrir ma r\u00e9flexion sur le m\u00e9tier de formateur.rice, particuli\u00e8rement sur la n\u00e9cessit\u00e9 d\u2019organiser, d\u2019anticiper le temps et l\u2019espace, de construire des consignes tr\u00e8s pr\u00e9cises, des outils (comme les tableaux, grilles) pour structurer de mani\u00e8re rigoureuse l\u2019accompagnement et garantir la s\u00e9curit\u00e9 de tous. Cet apprentissage a pu \u00eatre transf\u00e9r\u00e9 dans d\u2019autres interventions,<\/li>\n<li><em>Une posture d\u2019accompagnatrice<\/em><strong>: <\/strong>dans la m\u00eame veine, la mise en place du dispositif L\u2019AP m\u2019a engag\u00e9e \u00e0 \u00e9mettre une r\u00e9flexion sur la progression propos\u00e9e aux \u00e9tudiant.e.s (en partant de la technique des \u00ab\u00a0trois colonnes\u00a0\u00bb adapt\u00e9e, suivie d\u2019un GAPP pour terminer sur un \u00e9crit de r\u00e9flexion voire r\u00e9flexif). Cette progression a vraiment \u00e9t\u00e9 pens\u00e9e pour les \u00e9tudiant.e.s et non pas au service d\u2019un contenu d\u2019enseignement \u00e0 dispenser. J\u2019ai aussi pu me d\u00e9tacher d\u2019un contenu d\u2019enseignement dense et r\u00e9aliser que ma posture et l\u2019int\u00e9r\u00eat des \u00e9tudiant.e.s n\u2019\u00e9taient pas relatifs \u00e0 la quantit\u00e9 et \u00e0 l\u2019exhaustivit\u00e9 du contenu pr\u00e9sent\u00e9. Autrement dit, mener des s\u00e9ances d\u2019APP ne n\u00e9cessite pas un apport consid\u00e9rable de connaissances aux \u00e9tudiant.e.s, mais un accompagnement structur\u00e9 dans l\u2019action et dans la mise en place d\u2019une certaine r\u00e9flexion, voire r\u00e9flexivit\u00e9 ensuite,<\/li>\n<li><em>Une posture de m\u00e9diation<\/em><strong>: <\/strong>puisque je me d\u00e9tachais d\u2019un contenu et d\u2019une posture plut\u00f4t magistrale, la gestion des impr\u00e9vus s\u2019est \u00e9galement trouv\u00e9e \u00eatre l\u2019une de mes grandes probl\u00e9matiques. Je n\u2019ai jamais autant navigu\u00e9 \u00e0 vue que dans ces s\u00e9ances d\u2019APP, en prenant en compte des indices chez mes \u00e9tudiant.e.s pour r\u00e9guler mes propositions. Cet exercice m\u2019a permis de r\u00e9aliser que j\u2019\u00e9tais tout \u00e0 fait capable de naviguer entre le pr\u00e9vu et les adaptations au fil de l\u2019eau, sans m\u00eame que les \u00e9tudiant.e.s ne s\u2019en rendent compte, la plupart du temps. J\u2019ai pu exp\u00e9rimenter un accompagnement d\u00e9nou\u00e9 de tout conseil, un accompagnement permettant aux \u00e9tudiant.e.s de trouver leurs propres solutions, conseils. Du fait de mes diff\u00e9rentes casquettes (Adjointe de direction, Docteure en psychologie\u2026), cette posture n\u2019est pas facile \u00e0 tenir en dehors de ces s\u00e9ances d\u2019APP. J\u2019accompagne aussi les \u00e9tudiant.e.s en m\u00e9thodologie du travail universitaire, lors de baisse de motivation\u2026 et dans cette situation il est souvent indispensable de prodiguer des conseils ou d\u2019apporter des solutions,<\/li>\n<li><em>Une posture de ma\u00eetrise de soi<\/em><strong>: <\/strong>enfin, m\u00eame ma posture physique (pour une ancienne danseuse, j\u2019y suis tr\u00e8s sensible) a \u00e9galement pu \u00e9voluer. En cours, de nature dynamique, blagueuse, avec un d\u00e9bit de parole soutenu, et un souffle parfois coup\u00e9, ces temps d\u2019APP m\u2019ont \u00e9galement apais\u00e9e. Ma voix est devenue plus douce et pos\u00e9e. Je me suis aussi retenue de faire des blagues, sentant qu\u2019elles n\u2019y avaient pas leur place. L\u2019humour n\u2019a pas toujours des effets positifs sur les apprentissages (e.g., Ziv &amp; Ziv, 2002).<\/li>\n<\/ul>\n<h4 style=\"text-align: justify;\"><strong>5. En conclusion<\/strong><\/h4>\n<p style=\"text-align: justify;\">M\u00eame si les retomb\u00e9es de cette exp\u00e9rience sont plut\u00f4t positives pour les \u00e9tudiant.e.s comme pour moi, il me reste de nombreuses questions principalement bas\u00e9es sur la nature des questions et hypoth\u00e8ses de compr\u00e9hension ainsi que sur la notion de multi-r\u00e9f\u00e9rentialit\u00e9.<\/p>\n<p style=\"text-align: justify;\">J\u2019ai pu remarquer que la nature de certaines questions pouvait tendre vers des hypoth\u00e8ses de compr\u00e9hension (du type\u00a0: \u00ab\u00a0Est-ce que tu penses que si tu avais agi ainsi alors\u2026\u00a0\u00bb). Pour pallier cette difficult\u00e9, j\u2019avais d\u00e9cid\u00e9 de circonscrire la nature des questions que pouvaient poser les \u00e9tudiant.e.s\u00a0: des questions d\u2019\u00e9claircissement, de pr\u00e9cision. En effet, je pense que cette phase d\u2019\u00e9mission de questions doit rester en surface et permettre uniquement la bonne compr\u00e9hension de la situation expos\u00e9e, afin d\u2019accompagner en douceur les \u00e9tudiant.e.s dans celle des hypoth\u00e8ses de compr\u00e9hension, touchant beaucoup plus en profondeur.<\/p>\n<p style=\"text-align: justify;\">La phase d\u2019\u00e9mission d\u2019hypoth\u00e8ses de compr\u00e9hension attire particuli\u00e8rement ma vigilance. Il n\u2019a vraiment pas \u00e9t\u00e9 \u00e9vident pour les \u00e9tudiant.e.s de formuler des hypoth\u00e8ses de compr\u00e9hension permettant de conduire la personne accompagn\u00e9e \u00e0 une prise de recul et \u00e0 trouver ses propres solutions. Par mon accompagnement, les \u00e9tudiant.e.s ont petit \u00e0 petit commenc\u00e9 \u00e0 prendre conscience des formulations maladroites de leurs hypoth\u00e8ses de compr\u00e9hension qui d\u00e9bordaient vers la mise en avant de solutions. Certain.e.s ont m\u00eame pu d\u00e9velopper une capacit\u00e9 d\u2019auto-contr\u00f4le en s\u2019auto-corrigeant. Afin d\u2019\u00e9viter aux \u00e9tudiant.e.s de tomber dans le conseil, j\u2019avais fait le choix d\u2019amorcer le d\u00e9but de la formulation des hypoth\u00e8ses de compr\u00e9hension par une formule toute pr\u00eate emprunt\u00e9e \u00e0 Robo (2018, p. 34)\u00a0: <em>je fais l\u2019hypoth\u00e8se que cette situation en est arriv\u00e9e l\u00e0 parce que\u2026)<\/em>. Seulement, cette amorce de formulation me semble limiter la nature des hypoth\u00e8ses pouvant \u00eatre formul\u00e9es.<\/p>\n<p style=\"text-align: justify;\">Par ailleurs, j\u2019ai \u00e9t\u00e9 particuli\u00e8rement \u00e9tonn\u00e9e de la capacit\u00e9 de certain.e.s \u00e9tudiant.e.s \u00e0 faire du lien avec des concepts, th\u00e9ories\u2026 abord\u00e9es dans d\u2019autres cours. Il semble donc n\u00e9cessaire que je r\u00e9fl\u00e9chisse \u00e0 une certaine diff\u00e9renciation afin de permettre aux \u00e9tudiant.e.s, de travailler \u00e9galement sur la multi-r\u00e9f\u00e9rentialit\u00e9\u00a0: \u00ab\u00a0<em>l\u2019\u00e9coute des autres situations m\u2019a aussi apport\u00e9 un \u00e9clairage int\u00e9ressant, en particulier dans la mise en lien des situations avec les apports th\u00e9oriques du Master\u00a0: l\u2019autorit\u00e9 \u00e9ducative, la psychologie du d\u00e9veloppement, ou encore le concept de r\u00e9silience travaill\u00e9 en anthropologie.<\/em>\u00a0\u00bb (extrait d\u2019un \u00e9crit r\u00e9flexif d\u2019un.e \u00e9tudiant.e.).<\/p>\n<p style=\"text-align: justify;\">Pour terminer, cette contribution me semble permettre d\u2019apporter un exemple concret de l\u2019utilisation de la technique des \u00ab\u00a0trois colonnes\u00a0\u00bb, en bin\u00f4me, compl\u00e9tant ainsi sa description dans l\u2019article de Robo (2018). Cette contribution devrait ainsi permettre \u00e0 des personnes voulant se lancer dans la mise en place et en \u0153uvre de cette technique d\u2019en trouver un expos\u00e9 d\u00e9taill\u00e9 dans cet \u00e9crit.<\/p>\n<p style=\"text-align: justify;\">Le dispositif mis en place nomm\u00e9 L\u2019Analyse Pratique me semble s\u2019\u00eatre diff\u00e9renci\u00e9 de la technique des \u00ab\u00a0trois colonnes\u00a0\u00bb de Robo (2018) en deux endroits. Premi\u00e8rement, la technique des \u00ab\u00a0trois colonnes\u00a0\u00bb adapt\u00e9e a \u00e9t\u00e9 utilis\u00e9e comme une porte d\u2019entr\u00e9e pour arriver \u00e0 un temps de GAPP. Elle n\u2019a donc pas \u00e9t\u00e9 utilis\u00e9e pour se suffire \u00e0 elle-m\u00eame. Deuxi\u00e8mement, je rappelle que cette technique a \u00e9t\u00e9 mise en \u0153uvre aupr\u00e8s d\u2019un groupe cons\u00e9quent en nombre d\u2019\u00e9tudiant.e.s (30 \u00e0 40) n\u2019ayant qu\u2019une toute petite exp\u00e9rience du m\u00e9tier qu\u2019ils souhaitent embrasser \u00a0en \u00e9mettant l\u2019hypoth\u00e8se que l\u2019entr\u00e9e par l\u2019\u00e9crit serait un d\u00e9part s\u00e9curisant, permettant d\u2019initier une prise de recul.<\/p>\n<h4><strong>R\u00e9f\u00e9rences bibliographiques<\/strong><\/h4>\n<p>Blanchard, S. (2002). D\u00e9velopper la pratique r\u00e9flexive dans le m\u00e9tier d\u2019enseignant. <em>L\u2019orientation scolaire et professionnelle<\/em>, <em>31<\/em>(1), 1-4.<\/p>\n<p>Buysse, A., &amp; Vanhulle, S. (2010). Le portfolio\u202f: Une m\u00e9diation contr\u00f4lante et structurante des savoirs professionnels. <em>Revue suisse des sciences de l\u2019\u00e9ducation<\/em>, <em>31<\/em>(3), 87\u2013104.<\/p>\n<p>Buysse, A., P\u00e9risset, D. &amp; Renaulaud, C. (2019). Apport potentiel des cours th\u00e9oriques \u00e0 la pratique r\u00e9flexive en formation \u00e0 l\u2019enseignement. <em>Nouveaux cahiers de la recherche en \u00e9ducation<\/em>, <em>21<\/em>(2), 43\u201363. <a href=\"https:\/\/doi.org\/10.7202\/1061839ar%20\">https:\/\/doi.org\/10.7202\/1061839ar <\/a><\/p>\n<p>Minist\u00e8re de l\u2019Education Nationale, BO n\u00b030 du 25 juillet 2013. R\u00e9f\u00e9rentiel des comp\u00e9tences professionnelles des m\u00e9tiers du professorat et de l\u2019\u00e9ducation. <a href=\"https:\/\/www.education.gouv.fr\/pid285\/bulletin_officiel.html?pid_bo=29743\">https:\/\/www.education.gouv.fr\/pid285\/bulletin_officiel.html?pid_bo=29743<\/a><\/p>\n<p>Castincaud, F. (2003). L\u2032analyse de pratiques, \u00e0 quelles conditions. <em>Cahiers P\u00e9dagogiques, Analysons nos Pratiques<\/em> <em>2, <\/em>(416), 9\u201311.<\/p>\n<p>Donnay, J., &amp; Charlier, E. (2008). <em>Apprendre par l\u2019analyse de pratiques<\/em><em>\u202f<\/em><em>: Initiation au compagnonnage r\u00e9flexif. <\/em>Presses universitaires de Namur.<\/p>\n<p>Guillemette, S., &amp; Monette, K. (2019). Le questionnement pour soutenir le passage de la r\u00e9flexion \u00e0 la r\u00e9flexivit\u00e9.<em> Formation et profession<\/em>, <em>27 <\/em>(2), 32\u201144. <a href=\"https:\/\/doi.org\/10.18162\/fp.2019.493\">https:\/\/doi.org\/10.18162\/fp.2019.493<\/a>.<\/p>\n<p>Paul, M. (2009). Accompagnement. <em>Recherche et formation<\/em>, <em>62<\/em>, 91\u2011108. <a href=\"https:\/\/doi.org\/10.4000\/rechercheformation.435\">https:\/\/doi.org\/10.4000\/rechercheformation.435<\/a><\/p>\n<p>Perrenoud, P. (2003). L\u2019analyse de pratiques en questions. <em>Cahiers p\u00e9dagogiques<\/em>, <em>416<\/em>, 12\u201315.<\/p>\n<p>Robo, P. (2003). Groupes de Formation \u00e0 l\u2019Analyse de Pratiques Professionnelles (GFAPP). <a href=\"http:\/\/probo.free.fr\/ecrits_app\/fiche_technique_presentation_gfapp.pdf\">http:\/\/probo.free.fr\/ecrits_app\/fiche_technique_presentation_gfapp.pdf<\/a>.<\/p>\n<p>Robo, P. (2013). D\u00e9velopper le \u00absavoir analyser\u00bb pour analyser sa pratique professionnelle. <em>Revue de l\u2019analyse de pratiques professionnelles<\/em>, <em>1<\/em>, 39\u201348. <a href=\"http:\/\/www.analysedepratique.org\/?p=435\">http:\/\/www.analysedepratique.org\/?p=435<\/a>.<\/p>\n<p>Robo, P. (2018). \u00abTrois colonnes\u00bb, modes d\u2019emploi Pratiques auto\/co-analys\u00e9es par \u00e9crit. <em>Revue de l\u2019analyse de pratiques professionnelles<\/em>, <em>12<\/em>, 31\u201339. <a href=\"https:\/\/www.analysedepratique.org\/?p=2871\">https:\/\/www.analysedepratique.org\/?p=2871<\/a>.<\/p>\n<p>Shankland, R., Bressoud, N., Tessier, D., &amp; Gay, P. (2018). La bienveillance\u202f: Une comp\u00e9tence socio-\u00e9motionnelle de l\u2019enseignant au service du bien-\u00eatre et des apprentissages\u2009? <em>Questions Vives. Recherches en \u00e9ducation<\/em>, <em>29<\/em>, 1\u201124. <a href=\"https:\/\/doi.org\/10.4000\/questionsvives.3601\">https:\/\/doi.org\/10.4000\/questionsvives.3601<\/a>.<\/p>\n<p>Ziv, A. &amp; Ziv, N. (2002). <em>Humour et cr\u00e9ativit\u00e9 en \u00e9ducation<\/em><em>\u202f<\/em><em>: Approche psychologique<\/em>. Creaxion.<\/p>\n<h4><strong>Annexe 1<\/strong><\/h4>\n<p>Mat\u00e9riel adapt\u00e9 de la technique des \u00ab\u00a0trois colonnes\u00a0\u00bb (Robo, 2018). Ce mat\u00e9riel a \u00e9t\u00e9 propos\u00e9 en format paysage.<\/p>\n<p><strong>Colonne 1\u00a0: <\/strong>r\u00e9cit (personne A).<\/p>\n<table style=\"border-style: solid; width: 604px;\" border=\"1\" width=\"604\" cellpadding=\"3\">\n<tbody>\n<tr style=\"height: 133px;\">\n<td style=\"vertical-align: top; height: 133px; width: 786px;\" width=\"604\"><strong>Consigne 1\u00a0:<\/strong> \u00ab\u00a0<em>D\u00e9crire librement, par \u00e9crit, une situation<a href=\"#_ftn7\" name=\"_ftnref7\"><strong>[7]<\/strong><\/a>, un moment de v\u00e9cu professionnel quel qu\u2019il soit, r\u00e9ussi ou non. D\u00e9crire ce que vous avez v\u00e9cu, rep\u00e9r\u00e9, ressenti\u2026 et que vous souhaitez interroger, revisiter, analyser, comprendre\u2026 Le r\u00e9cit doit \u00eatre anonymis\u00e9 (pas de r\u00e9f\u00e9rence explicite permettant de conna\u00eetre l\u2019\u00e9tablissement, le.a tuteur.rice\u2026). \u00c0 noter que ce r\u00e9cit sera ensuite lu par le bin\u00f4me.\u00a0\u00bb<\/em><\/td>\n<\/tr>\n<tr style=\"height: 282px;\">\n<td style=\"vertical-align: top; height: 282px; width: 786px;\" width=\"604\">\n<p>&nbsp;<\/p>\n<p>&nbsp;<\/p>\n<p>&nbsp;<\/p>\n<p>&nbsp;<\/p>\n<p>&nbsp;<\/p>\n<p>&nbsp;<\/p>\n<p>&nbsp;<\/td>\n<\/tr>\n<\/tbody>\n<\/table>\n<p><strong><br \/>\n<\/strong><strong>Colonnes 2 et 3\u00a0: <\/strong>questions et hypoth\u00e8ses (personne A).<\/p>\n<table class=\"aligncenter\" style=\"border-style: solid; width: 604px;\" border=\"1\" width=\"604\" cellpadding=\"3\">\n<tbody>\n<tr>\n<td style=\"vertical-align: top; width: 317px; text-align: left;\" width=\"324\"><strong>Consigne 2\u00a0:<\/strong> \u00ab\u00a0<em>Ecrire les questions qui ont \u00e9merg\u00e9 pendant et apr\u00e8s ce v\u00e9cu, sans y r\u00e9pondre. N\u2019h\u00e9sitez pas \u00e0 varier vos questions en explorant diff\u00e9rents facteurs, points de vue, dimensions\u2026\u00a0\u00bb<\/em><\/td>\n<td style=\"vertical-align: top; width: 356px; text-align: left;\" width=\"281\"><strong>Consigne 3\u00a0: <\/strong>\u00ab\u00a0<em>Formuler des hypoth\u00e8ses de compr\u00e9hension, autrement dit des essais de r\u00e9ponses qui vont dans le sens de la compr\u00e9hension de ce qui s&rsquo;est pass\u00e9 et non dans le sens de r\u00e9solution de probl\u00e8mes, de conseils d\u00e9guis\u00e9s (utilisez syst\u00e9matiquement la formulation suivante\u00a0: je fais l\u2019hypoth\u00e8se que cette situation est arriv\u00e9e l\u00e0 parce que\u2026)<\/em>. <em>Je vous invite \u00e0 tenter d\u2019ouvrir les hypoth\u00e8ses \u00e0 diff\u00e9rentes dimensions (e.g., les \u00e9l\u00e8ves, vous-m\u00eames, la m\u00e9t\u00e9o du jour, le.a tuteur.rice\u2026)<\/em>. <em>Cette notion d\u2019hypoth\u00e8se est ici bien diff\u00e9rente de celle abord\u00e9e au premier semestre dans le cadre d\u2019une d\u00e9marche de recherche hypoth\u00e9tico-d\u00e9ductive.\u00a0\u00bb<\/em><\/td>\n<\/tr>\n<tr>\n<td style=\"vertical-align: top; width: 317px;\" width=\"324\"><\/td>\n<td style=\"vertical-align: top; width: 356px;\" width=\"281\">\n<p>&nbsp;<\/p>\n<p>&nbsp;<\/p>\n<p>&nbsp;<\/p>\n<p>&nbsp;<\/p>\n<p>&nbsp;<\/p>\n<p>&nbsp;<\/p>\n<p>&nbsp;<\/p>\n<p>&nbsp;<\/td>\n<\/tr>\n<\/tbody>\n<\/table>\n<p style=\"text-align: left;\"><strong><br \/>\nColonnes 4 et 5\u00a0: <\/strong>questions et hypoth\u00e8ses (personne B, une fois le r\u00e9cit du bin\u00f4me d\u00e9couvert.<br \/>\nD\u00e9couverte uniquement du r\u00e9cit du bin\u00f4me, pas des questions et hypoth\u00e8ses de compr\u00e9hension).<\/p>\n<table class=\"aligncenter\" style=\"border-style: solid; width: 603px;\" border=\"1\" width=\"603\" cellpadding=\"3\">\n<tbody>\n<tr>\n<td style=\"border-style: solid; vertical-align: top; width: 308px; text-align: left;\" width=\"313\"><strong>Consigne 4\u00a0: <\/strong>\u00ab\u00a0<em>\u00c0 partir du r\u00e9cit de votre bin\u00f4me, \u00e9crire les questions qui ont \u00e9merg\u00e9 \u00e0 sa d\u00e9couverte. Des questions d\u2019explicitations peuvent \u00eatre pos\u00e9es. N\u2019h\u00e9sitez pas \u00e0 varier vos questions en explorant diff\u00e9rents facteurs, points de vue, dimensions\u2026\u00a0\u00bb<\/em><\/td>\n<td style=\"border-style: solid; vertical-align: top; width: 369px; text-align: left;\" width=\"289\"><strong>Consigne 5\u00a0: <\/strong>\u00ab\u00a0<em>\u00c0 partir du r\u00e9cit de votre bin\u00f4me, formuler des hypoth\u00e8ses de compr\u00e9hension, autrement dit des essais de r\u00e9ponses qui vont dans le sens de la compr\u00e9hension de ce qui s&rsquo;est pass\u00e9 et non dans le sens de r\u00e9solution de probl\u00e8mes, de conseils d\u00e9guis\u00e9s (e.g., je fais l\u2019hypoth\u00e8se que cette situation est arriv\u00e9e l\u00e0 parce que\u2026). Je vous invite \u00e0 tenter d\u2019ouvrir les hypoth\u00e8ses \u00e0 diff\u00e9rentes dimensions (e.g., les \u00e9l\u00e8ves, vous-m\u00eames, la m\u00e9t\u00e9o du jour, le.a tuteur.rice\u2026).\u00a0\u00bb<\/em><\/td>\n<\/tr>\n<tr>\n<td style=\"border-style: solid; vertical-align: top; width: 308px;\" width=\"313\"><\/td>\n<td style=\"border-style: solid; vertical-align: top; width: 369px;\" width=\"289\">\n<p>&nbsp;<\/p>\n<p>&nbsp;<\/p>\n<p>&nbsp;<\/p>\n<p>&nbsp;<\/p>\n<p>&nbsp;<\/p>\n<p>&nbsp;<\/p>\n<p>&nbsp;<\/td>\n<\/tr>\n<\/tbody>\n<\/table>\n<p style=\"text-align: center;\"><strong>\u00a0<\/strong><\/p>\n<h4><strong>Annexe 2<\/strong><\/h4>\n<p>Grilles d\u2019observation<\/p>\n<p><strong>Annexe 2.1. Grille d\u2019observation 1 sur le respect du cadre<\/strong><\/p>\n<p><strong>Consigne<\/strong>. V\u00e9rifier le respect de ces diff\u00e9rentes r\u00e8gles. Vous devez stopper le d\u00e9roul\u00e9 de l\u2019APP lorsque l\u2019une de ces r\u00e8gles est transgress\u00e9e afin de la rappeler\u00a0:<\/p>\n<ul>\n<li>Confidentialit\u00e9 (m\u00eame pour son chat\u2009!) et anonymat,<\/li>\n<li>Authenticit\u00e9,<\/li>\n<li>Non jugement mais empathie, compr\u00e9hension et bienveillance,<\/li>\n<li>Interdiction du conseil et de donner des le\u00e7ons,<\/li>\n<li>Non \u00e9valuation,<\/li>\n<li>Pas de t\u00e9l\u00e9phone ni d\u2019ordinateur (r\u00e8gle ajout\u00e9e lors de la s\u00e9ance 2 d\u2019APP),<\/li>\n<li>Ne pas directement s\u2019adresser \u00e0 la personne exposant sa situation lors des questions et des hypoth\u00e8ses (r\u00e8gle ajout\u00e9e lors de la s\u00e9ance 2 d\u2019APP).<\/li>\n<\/ul>\n<p><strong>Annexe 2.2. Grille d\u2019observation 2 sur la distribution de la parole et du temps.<\/strong><\/p>\n<p style=\"text-align: justify;\"><strong>Consigne<\/strong>. Noter le pr\u00e9nom des personnes levant la main, les uns dessous les autres. La parole doit \u00eatre distribu\u00e9e suivant l\u2019ordre chronologique du lev\u00e9 de la main, d\u2019o\u00f9 la n\u00e9cessit\u00e9 de noter les pr\u00e9noms les uns dessous les autres sur la feuille.<\/p>\n<p style=\"text-align: justify;\"><strong>Consigne<\/strong>. Avec le chronom\u00e8tre de votre t\u00e9l\u00e9phone portable, il s\u2019agira de d\u00e9limiter les phases d\u2019\u00e9mission de questions (entre 10 et 20 minutes) et d\u2019hypoth\u00e8ses de compr\u00e9hension (entre 10 et 20 minutes). A l\u2019approche des 10 minutes, faire un petit signe \u00e0 la personne responsable de la distribution de la parole pour lui signifier la fin de la phase. Celle-ci signifiera \u00e0 l\u2019ensemble du groupe qu\u2019une ou deux questions\/hypoth\u00e8ses de compr\u00e9hension (suivant la phase) pourrons \u00eatre pos\u00e9es avant de cl\u00f4turer cette phase.<\/p>\n<p><strong>Annexe 2.3. Tableau d\u2019observation sur la multi-dimensionnalit\u00e9<\/strong><\/p>\n<p><strong>Consigne<\/strong>. Identifier lors des diff\u00e9rents temps de l\u2019APP les diff\u00e9rentes dimensions abord\u00e9es.<\/p>\n<table style=\"border-style: solid;\" border=\"1\" cellpadding=\"3\">\n<tbody>\n<tr>\n<td style=\"text-align: center;\" width=\"205\">Dans le r\u00e9cit<\/td>\n<td style=\"text-align: center;\" width=\"205\">Dans les questions<\/td>\n<td style=\"text-align: center;\" width=\"205\">Dans les hypoth\u00e8ses de compr\u00e9hension<\/td>\n<\/tr>\n<tr>\n<td style=\"text-align: center;\" width=\"205\">\n<p>&#8211;<\/p>\n<p>&#8211;<\/p>\n<p>&#8211;<\/td>\n<td style=\"text-align: center;\" width=\"205\">\n<p>&#8211;<\/p>\n<p>&#8211;<\/p>\n<p>&#8211;<\/td>\n<td style=\"text-align: center;\" width=\"205\">\n<p>&#8211;<\/p>\n<p>&#8211;<\/p>\n<p>&#8211;<\/td>\n<\/tr>\n<\/tbody>\n<\/table>\n<p>&nbsp;<\/p>\n<h4><strong>Annexe 3<\/strong><\/h4>\n<p><strong>Pr\u00e9sentation de l\u2019atelier APP<\/strong><\/p>\n<p style=\"text-align: justify;\"><strong>Consigne 1.<\/strong> D\u00e9crire librement, par \u00e9crit, une situation observ\u00e9e ou v\u00e9cue en stage qu\u2019elle soit r\u00e9ussie ou non. D\u00e9crire ce que vous avez v\u00e9cu, rep\u00e9r\u00e9, ressenti\u2026 et que vous souhaitez interroger, revisiter, analyser, comprendre\u2026 Le r\u00e9cit doit \u00eatre anonymis\u00e9 (pas de r\u00e9f\u00e9rence explicite permettant de conna\u00eetre l\u2019\u00e9tablissement, le.a tuteur.rice\u2026). \u00c0 noter que ce r\u00e9cit sera ensuite lu au reste des personnes du groupe.<\/p>\n<p style=\"text-align: justify;\"><strong>Consigne 2.<\/strong> Lire cet \u00e9crit au groupe et suite \u00e0 cette lecture tirer une carte (<em>\u00e9motion ressentie, question pos\u00e9e, hypoth\u00e8se de compr\u00e9hension<\/em>). Apporter une r\u00e9ponse pour soi ou \u00e0 haute voix \u00e0 la carte tir\u00e9e (voir \u00e0 la page suivante les cartes \u00e0 d\u00e9couper pr\u00eates \u00e0 \u00eatre utilis\u00e9es).<\/p>\n<p style=\"text-align: justify;\"><strong>Consigne 3.<\/strong> Si la personne exposant sa situation l\u2019autorise, les personnes du groupe qui le souhaitent pourront \u00e9galement apporter \u00e0 l\u2019oral<a href=\"#_ftn8\" name=\"_ftnref8\"><sup>[8]<\/sup><\/a> une r\u00e9ponse \u00e0 la carte tir\u00e9e. Les r\u00e9ponses apport\u00e9es devront \u00eatre formul\u00e9es de la mani\u00e8re suivante\u00a0:<\/p>\n<ul>\n<li>Carte \u00e9motion ressentie par l\u2019\u00e9tudiant.e stagiaire\/autre membre de la situation\u00a0: \u00ab\u00a0<em>je fais l\u2019hypoth\u00e8se que dans cette situation l\u2019\u00e9tudiant.e stagiaire\/autre membre de la situation a pu ressentir\u2026\u00a0\u00bb, <\/em><\/li>\n<li>Carte question suscit\u00e9e par l\u2019\u00e9coute de la situation\u00a0: ces questions doivent cibler une explicitation de la situation, autrement dit ces questions doivent \u00eatre pos\u00e9es dans le but d\u2019obtenir des pr\u00e9cisions sur la situation. Par exemple\u00a0: <em>\u00ab\u00a0\u00c0 quelle heure s\u2019est d\u00e9roul\u00e9e la situation\u2009?\u00a0<\/em>\u00bb,<\/li>\n<li>Carte hypoth\u00e8se de compr\u00e9hension\u00a0: ce sont des tentatives de r\u00e9ponses qui vont dans le sens de la compr\u00e9hension de ce qui s&rsquo;est pass\u00e9 et non dans le sens de r\u00e9solution de probl\u00e8mes, de conseils d\u00e9guis\u00e9s. Chaque \u00e9mission d\u2019hypoth\u00e8se de compr\u00e9hension doit d\u00e9marrer par la phrase suivante\u00a0<em>: \u00ab\u00a0je fais l\u2019hypoth\u00e8se que cette situation est arriv\u00e9e l\u00e0 parce que\u2026\u00a0\u00bb.<\/em><\/li>\n<\/ul>\n<p>Voici un exemple de chaque cat\u00e9gorie de carte utilis\u00e9e pour cet atelier (elles ont \u00e9t\u00e9 plastifi\u00e9es)\u00a0:<\/p>\n<p><em><a href=\"https:\/\/www.analysedepratique.org\/wp-content\/uploads\/creissen.png\" rel=\"prettyPhoto[5137]\"><img loading=\"lazy\" decoding=\"async\" class=\"alignnone size-full wp-image-5150\" src=\"https:\/\/www.analysedepratique.org\/wp-content\/uploads\/creissen.png\" alt=\"\" width=\"625\" height=\"289\" srcset=\"https:\/\/www.analysedepratique.org\/wp-content\/uploads\/creissen.png 625w, https:\/\/www.analysedepratique.org\/wp-content\/uploads\/creissen-300x139.png 300w\" sizes=\"auto, (max-width: 625px) 100vw, 625px\" \/><\/a>\u00a0<\/em><\/p>\n<p>&nbsp;<\/p>\n<a href=\"#\" class=\"shortcode button  \" style=\"background-color: silver;\" target=\"\" onclick=\"\"> Haut de page<\/a>\n<p>&nbsp;<\/p>\n<h4><strong>Notes<\/strong><\/h4>\n<p><a href=\"#_ftnref1\" name=\"_ftn1\">[1]<\/a> Institut Sup\u00e9rieur de Formation de l\u2019Enseignement Catholique, sous contrat avec l\u2019\u00c9tat.<\/p>\n<p><a href=\"#_ftnref2\" name=\"_ftn2\">[2]<\/a> M\u00e9tiers de l\u2019Enseignement, de l\u2019\u00e9ducation et de la Formation.<\/p>\n<p><a href=\"#_ftnref3\" name=\"_ftn3\">[3]<\/a> Groupes de Formation \u00e0 l\u2019Analyse de Pratiques Professionnelles.<\/p>\n<p><a href=\"#_ftnref4\" name=\"_ftn4\">[4]<\/a>\u00a0<a href=\"https:\/\/cache.media.eduscol.education.fr\/file\/Langage\/42\/3\/Ress_c1_langage_oral_cadrage_456423.pdf\">https:\/\/cache.media.eduscol.education.fr\/file\/Langage\/42\/3\/Ress_c1_langage_oral_cadrage_456423.pdf<\/a>.<\/p>\n<p style=\"text-align: justify;\"><a href=\"#_ftnref5\" name=\"_ftn5\">[5]<\/a> Shankland, Bressoud, Tessier et Gay (2018, p. 1) pr\u00e9sentent la bienveillance comme une \u00ab\u00a0<em>comp\u00e9tence socio\u00e9motionnelle d\u00e9terminante \u00e0 d\u00e9velopper chez l\u2019enseignant qui cherche non seulement \u00e0 favoriser de mani\u00e8re durable l\u2019apprentissage de ses \u00e9l\u00e8ves, mais \u00e9galement leur bien-\u00eatre.<\/em>\u00a0\u00bb<\/p>\n<p style=\"text-align: justify;\"><a href=\"#_ftnref6\" name=\"_ftn6\">[6]<\/a> Groupe d\u2019Analyse de Pratiques Professionnelles.<\/p>\n<p style=\"text-align: justify;\"><a href=\"#_ftnref7\" name=\"_ftn7\">[7]<\/a> Le terme de situation ayant \u00e9t\u00e9 pr\u00e9alablement d\u00e9fini\u00a0: \u00ab\u00a0Par situation professionnelle il s&rsquo;agit de tout acte, activit\u00e9, action v\u00e9cue dans le cadre professionnel, en pr\u00e9sence d&rsquo;\u00e9l\u00e8ves, de stagiaires, de formateurs, de pairs, de partenaires, de parents, de sup\u00e9rieurs hi\u00e9rarchiques, etc. au cours desquels des faits, des ph\u00e9nom\u00e8nes, des relations, des repr\u00e9sentations, des ressentis posent question voire probl\u00e8me.\u00a0\u00bb (Robo, 2003, p. 1).<\/p>\n<p style=\"text-align: justify;\"><a href=\"#_ftnref8\" name=\"_ftn8\">[8]<\/a> Une variante peut \u00eatre propos\u00e9e, consistant \u00e0 ne pas donner une r\u00e9ponse \u00e0 l\u2019oral aux cartes mais \u00e0 l\u2019\u00e9crit. A cet effet, il suffit d\u2019utiliser des cartes non plastifi\u00e9es et dans un format plus grand, afin que les personnes participantes puissent inscrire une r\u00e9ponse au dos de la carte et la transmettre \u00e0 la personne exposant sa situation.<\/p>\n<p><a href=\"#_ftnref1\" name=\"_ftn1\"><\/a><\/p>\n<p>&nbsp;<\/p>\n<p><a href=\"#_ftnref1\" name=\"_ftn1\"><\/a><\/p>\n<p>&nbsp;<\/p>\n<p><a href=\"#_ftnref1\" name=\"_ftn1\"><\/a><\/p>\n<p>&nbsp;<\/p>\n<div id=\"themify_builder_content-5137\" data-postid=\"5137\" class=\"themify_builder_content themify_builder_content-5137 themify_builder themify_builder_front\">\n\n\t<\/div>\n<!-- \/themify_builder_content -->","protected":false},"excerpt":{"rendered":"<p>&nbsp; Sara Creissen Adjointe de direction \u2013 Responsable de formation Master (ISFEC, Montpellier) Docteure en psychologie du d\u00e9veloppement Membre associ\u00e9e du laboratoire EA 4556 EPSYLON Universit\u00e9 Paul-Val\u00e9ry Montpellier 3 sara.creissen[arobase]gmail.com R\u00e9sum\u00e9 Cet \u00e9crit relate la mise en \u0153uvre d\u2019un dispositif d\u2019APP nomm\u00e9 \u00ab L\u2019Analyse de Pratiques Professionnelles \u00bb ainsi que d\u2019une variante, men\u00e9s aupr\u00e8s d\u2019\u00e9tudiant.e.s [&hellip;]<\/p>\n","protected":false},"author":2,"featured_media":0,"comment_status":"open","ping_status":"open","sticky":false,"template":"","format":"standard","meta":{"_jetpack_newsletter_access":"","_jetpack_dont_email_post_to_subs":false,"_jetpack_newsletter_tier_id":0,"_jetpack_memberships_contains_paywalled_content":false,"_jetpack_memberships_contains_paid_content":false,"footnotes":""},"categories":[526,19],"tags":[339,543,541,542,357],"class_list":["post-5137","post","type-post","status-publish","format-standard","hentry","category-sara-creissen","category-10temoignage","tag-formation-initiale","tag-multi-dimensionnalite","tag-posture-dauteur-e","tag-posture-reflexive","tag-trois-colonnes","has-post-title","no-post-date","has-post-category","has-post-tag","has-post-comment","has-post-author"],"jetpack_featured_media_url":"","jetpack_shortlink":"https:\/\/wp.me\/p3VXfJ-1kR","jetpack_sharing_enabled":true,"_links":{"self":[{"href":"https:\/\/www.analysedepratique.org\/index.php?rest_route=\/wp\/v2\/posts\/5137","targetHints":{"allow":["GET"]}}],"collection":[{"href":"https:\/\/www.analysedepratique.org\/index.php?rest_route=\/wp\/v2\/posts"}],"about":[{"href":"https:\/\/www.analysedepratique.org\/index.php?rest_route=\/wp\/v2\/types\/post"}],"author":[{"embeddable":true,"href":"https:\/\/www.analysedepratique.org\/index.php?rest_route=\/wp\/v2\/users\/2"}],"replies":[{"embeddable":true,"href":"https:\/\/www.analysedepratique.org\/index.php?rest_route=%2Fwp%2Fv2%2Fcomments&post=5137"}],"version-history":[{"count":18,"href":"https:\/\/www.analysedepratique.org\/index.php?rest_route=\/wp\/v2\/posts\/5137\/revisions"}],"predecessor-version":[{"id":5212,"href":"https:\/\/www.analysedepratique.org\/index.php?rest_route=\/wp\/v2\/posts\/5137\/revisions\/5212"}],"wp:attachment":[{"href":"https:\/\/www.analysedepratique.org\/index.php?rest_route=%2Fwp%2Fv2%2Fmedia&parent=5137"}],"wp:term":[{"taxonomy":"category","embeddable":true,"href":"https:\/\/www.analysedepratique.org\/index.php?rest_route=%2Fwp%2Fv2%2Fcategories&post=5137"},{"taxonomy":"post_tag","embeddable":true,"href":"https:\/\/www.analysedepratique.org\/index.php?rest_route=%2Fwp%2Fv2%2Ftags&post=5137"}],"curies":[{"name":"wp","href":"https:\/\/api.w.org\/{rel}","templated":true}]}}