{"id":5095,"date":"2021-10-31T13:20:26","date_gmt":"2021-10-31T12:20:26","guid":{"rendered":"https:\/\/www.analysedepratique.org\/?p=5095"},"modified":"2021-11-08T13:42:02","modified_gmt":"2021-11-08T12:42:02","slug":"numero-21-novembre-2021","status":"publish","type":"post","link":"https:\/\/www.analysedepratique.org\/?p=5095","title":{"rendered":"Num\u00e9ro 21 &#8211; novembre 2021"},"content":{"rendered":"<p>&nbsp;<\/p>\n<hr \/>\n<p style=\"text-align: center;\"><span style=\"color: #821212;\">Vous appr\u00e9ciez les articles publi\u00e9s dans la revue ?<\/span><\/p>\n<p style=\"text-align: center;\"><span style=\"color: #821212;\">Les t\u00e2ches requises pour la parution de la revue sont assur\u00e9es b\u00e9n\u00e9volement, cependant<\/span><br \/>\n<span style=\"color: #821212;\">des frais doivent \u00eatre assum\u00e9s pour la diffusion et l&rsquo;h\u00e9bergement des textes sur Internet.<\/span><\/p>\n<p style=\"text-align: center;\"><span style=\"color: #821212;\">Si vous souhaitez soutenir l&rsquo;existence de la revue, vous avez la possibilit\u00e9<\/span><br \/>\n<span style=\"color: #821212;\">de faire parvenir un don, m\u00eame modeste, via la page\u00a0\u00a0<a style=\"color: #821212;\" href=\"http:\/\/www.analysedepratique.org\/?page_id=27\">SOUTIEN<\/a>.<\/span><\/p>\n<hr \/>\n<p style=\"text-align: center;\"><strong>\u00a0<\/strong><\/p>\n<p>&nbsp;<\/p>\n<p><a href=\"https:\/\/www.analysedepratique.org\/?p=5097\">Editorial<\/a><\/p>\n<p><a href=\"https:\/\/www.analysedepratique.org\/?p=5102\">Jean-Loup Vachon<\/a><\/p>\n<p><em>Analyse des pratiques professionnelles et qualit\u00e9 de vie au travail<\/em><\/p>\n<p><a href=\"https:\/\/www.analysedepratique.org\/?p=5109\">Beno\u00eet Saugeron et Pierre Sonnier<\/a><\/p>\n<p><em>L\u2019analyse de pratiques professionnelles en \u00e9ducation th\u00e9rapeutique : une d\u00e9marche au service du d\u00e9veloppement des professionnels du champ sanitaire<\/em><\/p>\n<p><a href=\"https:\/\/www.analysedepratique.org\/?p=5126\">Ren\u00e9e Lacroix<\/a><\/p>\n<p><em>L\u2019analyse des pratiques professionnelles : accompagner, pour faire \u00e9merger<\/em><\/p>\n<p><a href=\"https:\/\/www.analysedepratique.org\/?p=5137\">Sara Creissen<\/a><\/p>\n<p><em>T\u00e9moignage sur la mise en place de dispositifs d\u2019Analyse de Pratiques Professionnelles dans le cadre de la formation initiale de professeur.e.s<\/em><\/p>\n<p><a href=\"https:\/\/www.analysedepratique.org\/?p=5173\">Patrick Robo<\/a><\/p>\n<p><em>Supervision de cadres de sant\u00e9 &#8211; formateurs pratiquant des temps d\u2019analyse de pratiques professionnelles<\/em><\/p>\n<p><a href=\"https:\/\/www.analysedepratique.org\/?p=5146\">Patricia Kergoat<\/a><\/p>\n<p><em>Le d\u00e9veloppement d\u2019un savoir analyser en formation infirmi\u00e8re et aide-soignante<\/em><\/p>\n<p><a href=\"https:\/\/www.analysedepratique.org\/?p=5179\">Marc Thi\u00e9baud<\/a><\/p>\n<p><em>Int\u00e9grer de nouvelles personnes dans un groupe d\u2019APP. Quand l\u2019ABC de l\u2019APP est pr\u00e9sent\u00e9 par les participants&#8230;<\/em><\/p>\n<p><a href=\"https:\/\/www.analysedepratique.org\/?p=5181\">Michaela Knuchel-Bossel et Anne-Marie Coste<\/a><\/p>\n<p><em>Compte-rendu du s\u00e9minaire GFAPP des 26 et 27 juin \u00e0 Lyon : int\u00e9gration de techniques issues de l\u2019Entretien d\u2019Explicitation \u00e0 l\u2019Analyse de pratiques professionnelles<\/em><\/p>\n<p>&nbsp;<\/p>\n<div id=\"themify_builder_content-5095\" data-postid=\"5095\" class=\"themify_builder_content themify_builder_content-5095 themify_builder themify_builder_front\">\n\n\t<\/div>\n<!-- \/themify_builder_content -->","protected":false},"excerpt":{"rendered":"<p>&nbsp; Vous appr\u00e9ciez les articles publi\u00e9s dans la revue ? Les t\u00e2ches requises pour la parution de la revue sont assur\u00e9es b\u00e9n\u00e9volement, cependant des frais doivent \u00eatre assum\u00e9s pour la diffusion et l&rsquo;h\u00e9bergement des textes sur Internet. Si vous souhaitez soutenir l&rsquo;existence de la revue, vous avez la possibilit\u00e9 de faire parvenir un don, m\u00eame [&hellip;]<\/p>\n","protected":false},"author":2,"featured_media":0,"comment_status":"open","ping_status":"open","sticky":false,"template":"","format":"standard","meta":{"_jetpack_newsletter_access":"","_jetpack_dont_email_post_to_subs":false,"_jetpack_newsletter_tier_id":0,"_jetpack_memberships_contains_paywalled_content":false,"_jetpack_memberships_contains_paid_content":false,"footnotes":""},"categories":[1],"tags":[],"class_list":["post-5095","post","type-post","status-publish","format-standard","hentry","category-non-classe","has-post-title","no-post-date","has-post-category","has-post-tag","has-post-comment","has-post-author"],"jetpack_featured_media_url":"","jetpack_shortlink":"https:\/\/wp.me\/p3VXfJ-1kb","jetpack_sharing_enabled":true,"_links":{"self":[{"href":"https:\/\/www.analysedepratique.org\/index.php?rest_route=\/wp\/v2\/posts\/5095","targetHints":{"allow":["GET"]}}],"collection":[{"href":"https:\/\/www.analysedepratique.org\/index.php?rest_route=\/wp\/v2\/posts"}],"about":[{"href":"https:\/\/www.analysedepratique.org\/index.php?rest_route=\/wp\/v2\/types\/post"}],"author":[{"embeddable":true,"href":"https:\/\/www.analysedepratique.org\/index.php?rest_route=\/wp\/v2\/users\/2"}],"replies":[{"embeddable":true,"href":"https:\/\/www.analysedepratique.org\/index.php?rest_route=%2Fwp%2Fv2%2Fcomments&post=5095"}],"version-history":[{"count":11,"href":"https:\/\/www.analysedepratique.org\/index.php?rest_route=\/wp\/v2\/posts\/5095\/revisions"}],"predecessor-version":[{"id":5264,"href":"https:\/\/www.analysedepratique.org\/index.php?rest_route=\/wp\/v2\/posts\/5095\/revisions\/5264"}],"wp:attachment":[{"href":"https:\/\/www.analysedepratique.org\/index.php?rest_route=%2Fwp%2Fv2%2Fmedia&parent=5095"}],"wp:term":[{"taxonomy":"category","embeddable":true,"href":"https:\/\/www.analysedepratique.org\/index.php?rest_route=%2Fwp%2Fv2%2Fcategories&post=5095"},{"taxonomy":"post_tag","embeddable":true,"href":"https:\/\/www.analysedepratique.org\/index.php?rest_route=%2Fwp%2Fv2%2Ftags&post=5095"}],"curies":[{"name":"wp","href":"https:\/\/api.w.org\/{rel}","templated":true}]}}