{"id":4624,"date":"2021-05-11T07:26:50","date_gmt":"2021-05-11T06:26:50","guid":{"rendered":"https:\/\/www.analysedepratique.org\/?p=4624"},"modified":"2021-08-23T23:10:14","modified_gmt":"2021-08-23T22:10:14","slug":"developper-dans-une-app-a-distance-de-nouvelles-modalites-de-communication-pour-favoriser-des-dynamiques-dintelligence-collective-et-de-reflexivite","status":"publish","type":"post","link":"https:\/\/www.analysedepratique.org\/?p=4624","title":{"rendered":"D\u00e9velopper dans une APP \u00e0 distance de nouvelles modalit\u00e9s de communication et de travail pour favoriser des dynamiques d\u2019intelligence collective et de r\u00e9flexivit\u00e9"},"content":{"rendered":"<p>&nbsp;<\/p>\n<h3><\/h3>\n<h3><em><b><a href=\"http:\/\/www.analysedepratique.org\/?page_id=117#mt\">Marc Thi\u00e9baud<\/a><\/b><\/em><\/h3>\n<p><em>Psychologue, sp\u00e9cialiste de l&rsquo;accompagnement et de l&rsquo;animation de groupe, Suisse<br \/>\n<a href=\"mailto:thiebaud@formaction.ch\">thiebaud[arobase]formaction.ch<\/a><\/em><br \/>\n<em><br \/>\n<\/em><\/p>\n<h4><i>R\u00e9sum\u00e9<\/i><\/h4>\n<p style=\"text-align: justify;\">Les analyses de pratiques professionnelles (APP) \u00e0 distance pr\u00e9sentent des contraintes significatives qui n\u00e9cessitent la mise en \u0153uvre de diff\u00e9rentes adaptations. Ces derni\u00e8res apparaissent d\u2019autant plus importantes que la d\u00e9marche d\u2019APP mobilis\u00e9e vise \u00e0 favoriser des dynamiques d\u2019intelligence collective et de r\u00e9flexivit\u00e9. Ce texte aborde les d\u00e9fis pos\u00e9s par ces APP et divers moyens qui ont \u00e9t\u00e9 exp\u00e9riment\u00e9s pour y faire face.<\/p>\n<h5><em>Mots-cl\u00e9s\u00a0<\/em><\/h5>\n<p>visioconf\u00e9rence, communication, animation, intelligence collective, r\u00e9flexivit\u00e9<\/p>\n<h5><em>Cat\u00e9gorie d&rsquo;article\u00a0<\/em><\/h5>\n<p>T\u00e9moignage ; synth\u00e8se et mise en perspective<\/p>\n<h5><em>R\u00e9f\u00e9rencement\u00a0<\/em><\/h5>\n<p style=\"text-align: justify;\">Thi\u00e9baud, M. (2021). D\u00e9velopper dans un groupe d\u2019analyse de pratiques \u00e0 distance de nouvelles modalit\u00e9s de communication et de travail pour favoriser des dynamiques d\u2019intelligence collective et de r\u00e9flexivit\u00e9. In <em>Revue de l\u2019analyse de pratiques professionnelles<\/em>, No 20, pp. 60-79. <a href=\"http:\/\/www.analysedepratique.org\/?p=4624\">http:\/\/www.analysedepratique.org\/?p=4624<\/a>.<\/p>\n<hr class=\"shortcode hr light-gray\" style=\"border-width:1px;\" \/>\n<p class=\"alignnone\"><a href=\"http:\/\/www.analysedepratique.org\/wp-content\/uploads\/marc-thiebaud-revue-app-mai2021.pdf\"><img loading=\"lazy\" decoding=\"async\" class=\"alignleft\" src=\"https:\/\/www.analysedepratique.org\/wp-content\/uploads\/download-icon.png\" alt=\"download-icon\" width=\"24\" height=\"29\" \/><\/a>\u00a0<a href=\"http:\/\/www.analysedepratique.org\/wp-content\/uploads\/marc-thiebaud-revue-app-mai2021.pdf\">Article en PDF<\/a> \u00a0 \u00a0 \u00a0\u00a0 \u00a0\u00a0 \u00a0\u00a0 \u00a0\u00a0 \u00a0\u00a0 \u00a0\u00a0 \u00a0\u00a0 <a href=\"#co\"><img loading=\"lazy\" decoding=\"async\" src=\"https:\/\/www.analysedepratique.org\/wp-content\/uploads\/et-info-comment.png\" alt=\"et-info-comment\" width=\"30\" height=\"31\" \/><\/a>\u00a0<a href=\"#co\">Commentaires<\/a><\/p>\n<p>&nbsp;<\/p>\n<hr \/>\n<p><strong><em>Developing new methods of communication and work in a remote practice analysis group to encourage dynamics of collective intelligence and reflexivity<\/em><\/strong><\/p>\n<h5><em>Abstract<\/em><\/h5>\n<p style=\"text-align: justify;\">Remote professional practices analysis (PPA) present important constraints which require the implementation of various adaptations. These are all the more important as the PPA approach mobilised aims to encourage dynamics of collective intelligence and reflexivity. This article discusses the challenges posed by these PPAs and various means that have been experimented with to deal with them.<\/p>\n<h5><em>Keywords<\/em><\/h5>\n<p>videoconference, communication, facilitation, collective intelligence, reflexivity<\/p>\n<hr \/>\n<p>&nbsp;<\/p>\n<p>[toc]<\/p>\n<p>&nbsp;<\/p>\n<p><a href=\"#_ftnref1\" name=\"_ftn1\"><\/a><\/p>\n<p style=\"text-align: justify;\">Les analyses de pratiques professionnelles (APP) \u00e0 distance \u00e9taient rares jusqu\u2019en 2020 et concernaient avant tout des groupes tr\u00e8s dispers\u00e9s g\u00e9ographiquement (voir par exemple la d\u00e9marche relat\u00e9e dans Thi\u00e9baud, 2020c). Depuis le d\u00e9but de la pand\u00e9mie, l\u2019usage de la visioconf\u00e9rence en APP a \u00e9t\u00e9 de plus en plus fr\u00e9quent. De nombreux t\u00e9moignages mettent en \u00e9vidence les contraintes significatives auxquelles il faut faire face. Ils montrent \u00e9galement qu\u2019il est possible d\u2019assurer un travail de qualit\u00e9, moyennant pr\u00e9paration et adaptations (voir Thi\u00e9baud, 2020a). Durant l\u2019ann\u00e9e \u00e9coul\u00e9e, j\u2019ai eu l\u2019occasion de faire la m\u00eame exp\u00e9rience en animant plusieurs s\u00e9ances d\u2019APP \u00e0 distance avec diff\u00e9rents groupes. Cependant, j\u2019ai constat\u00e9 que favoriser des dynamiques d\u2019intelligence collective et de r\u00e9flexivit\u00e9 repr\u00e9sente un d\u00e9fi important qui n\u00e9cessite de d\u00e9ployer diverses ressources. Ce texte a pour but de d\u00e9crire et discuter des moyens sp\u00e9cifiques au travail en visio (modalit\u00e9s de communication, espace \u00ab <em>chat<\/em>\u00a0\u00bb, salles virtuelles, partage d\u2019\u00e9cran, etc.) que nous avons pu exp\u00e9rimenter \u00e0 cet effet avec les participants de ces groupes.<\/p>\n<p style=\"text-align: justify;\">Ci-apr\u00e8s, je pr\u00e9senterai tout d\u2019abord des \u00e9l\u00e9ments g\u00e9n\u00e9raux en lien avec le d\u00e9veloppement de dynamiques d\u2019intelligence collective et de r\u00e9flexivit\u00e9 au service de l\u2019analyse de pratiques, puis le contexte des s\u00e9ances d\u2019APP auxquelles je ferai r\u00e9f\u00e9rence. J\u2019aborderai ensuite les difficult\u00e9s et d\u00e9fis rencontr\u00e9s pour un tel travail d\u2019analyse de pratiques \u00e0 distance. J\u2019exposerai enfin des modalit\u00e9s de communication et de travail que nous avons exp\u00e9riment\u00e9es pour y faire face, avec leurs apports potentiels et je proposerai une petite synth\u00e8se de mes exp\u00e9riences et constats.<\/p>\n<h4 style=\"text-align: justify;\"><strong>1. Dynamiques d\u2019intelligence collective et de r\u00e9flexivit\u00e9 au service de l\u2019APP<\/strong><\/h4>\n<p style=\"text-align: justify;\">Je r\u00e9sumerai ici quelques sp\u00e9cificit\u00e9s d\u2019une d\u00e9marche d\u2019APP qui valorise un travail en intelligence collective et dans la r\u00e9flexivit\u00e9 en m\u2019appuyant notamment sur les articles parus dans Thi\u00e9baud &amp; Vacher (2018a) et les \u00e9crits de Thi\u00e9baud &amp; Bichsel (2019a\u00a0; 2019b).<\/p>\n<p style=\"text-align: justify;\">En pr\u00e9ambule, je mentionnerai ce que je consid\u00e8re comme des conditions pr\u00e9alables, qui avaient \u00e9t\u00e9 d\u00e9velopp\u00e9es lors des premi\u00e8res s\u00e9ances en pr\u00e9sentiel dans les groupes que j\u2019\u00e9voque, en particulier :<\/p>\n<ul style=\"text-align: justify;\">\n<li>le travail de constitution du collectif, avec la mise en lien des personnes, leur inclusion ainsi que l\u2019\u00e9laboration de r\u00e8gles et de processus concert\u00e9s pour l\u2019APP (premi\u00e8re \u00e9tape d\u2019\u00e9volution du groupe) ;<\/li>\n<li>le d\u00e9veloppement d\u2019un sentiment de s\u00e9curit\u00e9 et de confiance entre les participants et avec l\u2019animateur ;<\/li>\n<li>la participation volontaire et l\u2019implication des personnes dans le travail d\u2019APP dans une perspective d\u2019accompagnement mutuel et d\u2019apprentissage collectif ;<\/li>\n<li>l\u2019exploration de la singularit\u00e9 des pratiques (celles de l\u2019exposant et les siennes propres) ;<\/li>\n<li>l\u2019accueil de l\u2019autre dans sa subjectivit\u00e9 et l\u2019acceptation de la sienne, dans une \u00e9thique de l\u2019alt\u00e9rit\u00e9 ;<\/li>\n<li>l\u2019attention \u00e0 la communication et \u00e0 une \u00e9coute empathique au sein du groupe ;<\/li>\n<li>la reconnaissance des ressources de chacun et de la richesse des diff\u00e9rences pr\u00e9sentes ;<\/li>\n<li>une animation incarnant une posture d\u2019accompagnement permettant au groupe d\u2019exp\u00e9rimenter et de prendre confiance dans ses comp\u00e9tences collectives.<\/li>\n<\/ul>\n<p style=\"text-align: justify;\">Je consid\u00e8re l\u2019intelligence collective comme un ensemble de processus en interaction caract\u00e9ris\u00e9s par \u00ab des dynamiques et une capacit\u00e9 de dialogue et de co-construction au sein du groupe susceptibles de favoriser l\u2019\u00e9mergence de l\u2019in\u00e9dit et de plus-values qui d\u00e9passent l\u2019apport de chacun \u00bb (Thi\u00e9baud et Vacher, 2018b, p. 6). Dans cette perspective, l\u2019attention est port\u00e9e notamment sur la mobilisation de processus synergiques et sur des ph\u00e9nom\u00e8nes d\u2019\u00e9mergence qui permettent d\u2019aller au-del\u00e0 d\u2019un simple assemblage d\u2019apports individuels. Cette \u00e9mergence d\u2019in\u00e9dit concerne en premier lieu les analyses et l\u2019\u00e9largissement des \u00e9clairages produits et des perspectives envisag\u00e9es. Elle concerne \u00e9galement le fonctionnement du groupe et les modalit\u00e9s de travail qui peuvent \u00eatre \u00e9labor\u00e9es.<\/p>\n<p style=\"text-align: justify;\">Plusieurs dynamiques sont susceptibles de favoriser de tels processus. Pour mon propos ici, j\u2019en retiendrai particuli\u00e8rement cinq :<\/p>\n<ol style=\"text-align: justify;\">\n<li><em>Une pr\u00e9sence, une ouverture, une forte implication de chacun<\/em> : elles se manifestent entre autres par le partage des \u00e9motions v\u00e9cues et une disponibilit\u00e9 \u00e0 se questionner et \u00e0 apprendre\u00a0et n\u00e9cessitent \u00e0 la fois confiance et reconnaissance mutuelles et accueil des besoins, doutes, interrogations de chacun au sein du groupe ;<\/li>\n<li><em>Le d\u00e9veloppement d\u2019une reliance et d\u2019interconnexions dans le collectif<\/em> : cette dynamique se fonde sur des processus d\u2019empathie et de compr\u00e9hension r\u00e9ciproque et des ph\u00e9nom\u00e8nes de r\u00e9sonance sur les plans autant affectif, qu\u2019intuitif et cognitif. Les participants prennent en compte ce qui a \u00e9t\u00e9 dit et ce qui fait \u00e9cho pour eux, ils rebondissent, approfondissent et mettent en lien diff\u00e9rents \u00e9clairages. Ils nourrissent leur r\u00e9flexion \u00e0 la fois des similitudes et des diff\u00e9rences per\u00e7ues, des d\u00e9calages, des surprises, des \u00e9l\u00e9ments de controverse, en \u00e9tant ouverts \u00e0 ce qui peut en \u00e9merger. L\u2019analyse se construit collectivement par assemblage et transformation progressive de toutes les repr\u00e9sentations et r\u00e9flexions mises en commun.<\/li>\n<li><em>Une conscience collective<\/em> : elle est li\u00e9e \u00e0 la mani\u00e8re dont les membres du groupe observent ce qui \u00e9merge du collectif et fonctionnent de plus en plus en conscience du \u00ab\u00a0nous \u00bb. Cela implique qu\u2019ils d\u00e9veloppent, au-del\u00e0 du sentiment d\u2019appartenance, une capacit\u00e9 \u00e0 percevoir ce qui se passe au niveau de l\u2019ensemble et \u00e0 \u00e9laborer un sens partag\u00e9 de de ce qui fait objet commun pour poursuivre l\u2019analyse en \u00e9tant en phase avec le groupe.<\/li>\n<li><em>Des r\u00e9gulations concert\u00e9es<\/em>: elles rel\u00e8vent d\u2019une comp\u00e9tence du groupe \u00e0 conscientiser et ajuster son propre fonctionnement et ses modes de communication en continu. Les participants peuvent, selon besoin, questionner ou clarifier les processus en cours sans que l\u2019animateur doive assurer seul ce r\u00f4le. Dans le cours de la r\u00e9flexion collective, ils rep\u00e8rent la mani\u00e8re dont ils s\u2019accordent ou se d\u00e9saccordent et peuvent se coordonner, par exemple pour approfondir ensemble certains aspects dans l\u2019analyse ou pour adapter les processus de travail, d\u2019une \u00e9tape \u00e0 l\u2019autre.<\/li>\n<li><em>Des processus de co-cr\u00e9ativit\u00e9<\/em>: ceux-ci se manifestent \u00e0 mesure que les participants investissent un espace de libert\u00e9\u00a0pour imaginer, produire de nouvelles r\u00e9flexions et perspectives, en mobilisant diff\u00e9rentes formes d\u2019expression (verbalisation d\u2019hypoth\u00e8ses de compr\u00e9hension, partage d\u2019images, de m\u00e9taphores, co-construction de sch\u00e9mas, r\u00e9alisation de mise en sc\u00e8ne utilisant le corps, etc.). Dans cet espace, avec la confiance d\u00e9velopp\u00e9e et des \u00e9nergies de stimulation mutuelle, ils ouvrent de nouvelles possibilit\u00e9s en faisant des associations sur ce qui a \u00e9t\u00e9 exprim\u00e9 par d\u2019autres, en combinant ou renversant les points de vue en mettant en perspective les cadres de r\u00e9f\u00e9rence, en alternant pens\u00e9es divergente et convergente au sein du groupe.<\/li>\n<\/ol>\n<p style=\"text-align: justify;\">Ces dynamiques d\u2019intelligence collective sont en lien \u00e9troit avec la comp\u00e9tence r\u00e9flexive. \u00c0 mesure que les participants la d\u00e9veloppent, ils sont capables de se concevoir comme sujet analysant et d\u2019en faire un objet d\u2019analyse afin d\u2019\u00e9laborer un recul, une distance \u00ab m\u00e9ta \u00bb correspondant \u00e0 un saut qualitatif. La r\u00e9flexivit\u00e9 est source de prises de conscience essentielles qui permettent d\u2019enrichir et de renouveler l\u2019appr\u00e9hension de son environnement et de ses pratiques. Elle peut porter sur plusieurs \u00ab objets \u00bb, notamment\u00a0: les analyses produites, les logiques de repr\u00e9sentation, d\u2019action et d\u2019apprentissage, les cadres de r\u00e9f\u00e9rence privil\u00e9gi\u00e9e, les processus de travail et les relations v\u00e9cues dans le groupe, les principes et les objectifs de l\u2019APP. L\u2019animation peut jouer un r\u00f4le important pour activer les possibilit\u00e9s de r\u00e9flexivit\u00e9 pr\u00e9sentes dans le groupe. Des moments d\u00e9di\u00e9s \u00e0 une prise de recul, des t\u00e2ches r\u00e9flexives, des temps \u00ab\u00a0m\u00e9ta\u00a0\u00bb et de bilan y contribuent de mani\u00e8re significative.<\/p>\n<p style=\"text-align: justify;\">Les dynamiques d\u2019intelligence collective et de r\u00e9flexivit\u00e9 se soutiennent mutuellement. Selon mon exp\u00e9rience, elles se d\u00e9veloppent progressivement, dans un apprentissage au fil du temps, et requi\u00e8rent une relative intensit\u00e9 de travail, avec des s\u00e9ances d\u2019une dur\u00e9e d\u2019au moins trois heures id\u00e9alement. Elles ne se d\u00e9ploient pas de mani\u00e8re programm\u00e9e, mais peuvent \u00eatre favoris\u00e9es par un accompagnement sur-mesure, selon les potentialit\u00e9s pr\u00e9sentes. Dans les groupes d\u2019APP avec lesquels nous avons \u00e9t\u00e9 conduits \u00e0 faire des s\u00e9ances \u00e0 distance, ces dynamiques \u00e9taient d\u00e9j\u00e0 enclench\u00e9es \u00e0 des degr\u00e9s divers. Dans les s\u00e9ances en visio, il s\u2019agissait de les conserver et de les stimuler. Avant d\u2019\u00e9voquer les d\u00e9fis que cela repr\u00e9sente, je pr\u00e9ciserai bri\u00e8vement ci-apr\u00e8s le contexte de ces APP.<\/p>\n<h4 style=\"text-align: justify;\"><strong>2. Caract\u00e9ristiques et contexte des s\u00e9ances d\u2019APP \u00e0 distance v\u00e9cues<\/strong><\/h4>\n<p style=\"text-align: justify;\">Les exp\u00e9riences sur lesquelles je m\u2019appuierai ici concernent des s\u00e9ances d\u2019une dur\u00e9e g\u00e9n\u00e9ralement de trois heures, v\u00e9cues avec sept groupes d\u2019analyse de pratiques stables et de taille r\u00e9duite. Ils comprenaient entre 6 et 10 professionnels des milieux de l\u2019\u00e9ducation, de la sant\u00e9, du travail social et de la formation d\u2019adultes. Chaque groupe avait d\u00e9j\u00e0 v\u00e9cu plusieurs rencontres en pr\u00e9sentiel auparavant et avait pu d\u00e9velopper des dynamiques d\u2019intelligence collective et de r\u00e9flexivit\u00e9, que je favorise dans la mesure du possible (voir Thi\u00e9baud, 2018a et 2018b). Le d\u00e9roulement des APP avait suivi les \u00e9tapes et les principes propos\u00e9s dans Thi\u00e9baud (2013) et Thi\u00e9baud &amp; Vacher (2020), avec des analyses centr\u00e9es sur la pratique d\u2019une personne exposante. Les participants de ces groupes souhaitaient poursuivre dans l\u2019approche adopt\u00e9e malgr\u00e9 les difficult\u00e9s li\u00e9es \u00e0 la visio. Je rel\u00e8verai que ce n\u2019est pas toujours le cas. J\u2019ai aussi v\u00e9cu, dans d\u2019autres groupes, des s\u00e9ances \u00e0 distance avec des participants qui ont pr\u00e9f\u00e9r\u00e9, en contexte de pand\u00e9mie, privil\u00e9gier par exemple un partage d\u2019exp\u00e9riences dans le but avant tout de garder ou de renforcer leurs liens.<\/p>\n<p style=\"text-align: justify;\">Dans les lignes qui suivent, j\u2019\u00e9voquerai des modalit\u00e9s de communication que nous avons utilis\u00e9es pour soutenir un travail d\u2019APP sans en modifier les objectifs et la d\u00e9marche g\u00e9n\u00e9rale. Ces moyens ont \u00e9t\u00e9 mobilis\u00e9s de mani\u00e8re variable, en concertation avec les participants, dans des ajustements sur mesure, selon les besoins sp\u00e9cifiques qui sont apparus. Les APP par visio n\u2019avaient pas \u00e9t\u00e9 pr\u00e9vues initialement, c\u2019est la situation de pand\u00e9mie qui nous y a conduits. \u00c0 chaque fois, seules une ou deux s\u00e9ances \u00e0 distance ont eu lieu, avant que ne reprenne le pr\u00e9sentiel. Comme nous n\u2019avons pas recouru syst\u00e9matiquement \u00e0 l\u2019ensemble de ces moyens et avec seulement une douzaine de s\u00e9ances \u00e0 distance au total, le recul manque pour \u00e9valuer de mani\u00e8re plus g\u00e9n\u00e9rale les apports de ces adaptations. Je me limiterai donc \u00e0 les d\u00e9crire et \u00e0 mentionner mes observations et des feedbacks partag\u00e9s dans les groupes.<\/p>\n<p style=\"text-align: justify;\">Par ailleurs, je pr\u00e9cise que la mobilisation de ces moyens suppose qu\u2019il n\u2019y ait pas de probl\u00e8me technique et que l\u2019on recourt \u00e0 un programme de visioconf\u00e9rence performant (voir Thi\u00e9baud, 2020b). C\u2019\u00e9tait le cas dans les groupes concern\u00e9s. Nous avons utilis\u00e9 Zoom et j\u2019ai \u00e0 chaque fois propos\u00e9 un essai pr\u00e9alable aux participants qui pouvaient craindre de rencontrer des difficult\u00e9s \u00e0 cet \u00e9gard. En outre, toutes les personnes \u00e9taient connect\u00e9es via ordinateur (plut\u00f4t qu\u2019une tablette ou un smartphone qui limitent les possibilit\u00e9s) et disposaient d\u2019un lieu tranquille, sans d\u00e9rangement. Chacun se trouvait dans la m\u00eame configuration et disposait d\u2019une connexion individuelle performante, avec son et image vid\u00e9o et la possibilit\u00e9 d\u2019avoir un affichage en mosa\u00efque avec \u00e0 l\u2019\u00e9cran les visages de tous (ce qui facilite le \u00ab balayage \u00bb rapide des participants).<\/p>\n<p style=\"text-align: justify;\">Les d\u00e9fis que j\u2019\u00e9voquerai en lien avec les s\u00e9ances en visio ne concernent donc pas des questions techniques, mais des aspects li\u00e9s essentiellement \u00e0 la communication et au travail d\u2019analyse par \u00e9crans interpos\u00e9s. Je les aborderai maintenant avant de d\u00e9crire les moyens utilis\u00e9s pour y faire face.<\/p>\n<h4 style=\"text-align: justify;\"><strong>3. D\u00e9fis \u00e0 relever dans des APP en visio visant \u00e0 favoriser des dynamiques d\u2019intelligence collective et de r\u00e9flexivit\u00e9<\/strong><\/h4>\n<p style=\"text-align: justify;\">Lorsque dans une APP, la r\u00e9flexion s\u2019effectue uniquement par l\u2019addition des analyses apport\u00e9es par chaque participant, les contraintes de la visio sont relativement limit\u00e9es. Cela peut \u00eatre le cas par exemple lorsque chacun d\u00e9veloppe sa r\u00e9flexion pour soi, puis la partage oralement dans un tour de table ou par \u00e9crit via l\u2019envoi de ses hypoth\u00e8ses de compr\u00e9hension dans un espace virtuel de conversation (<em>\u00ab\u00a0chat\u00a0\u00bb<\/em>). Une telle APP \u00e0 distance ne pr\u00e9sente pas de difficult\u00e9s majeures au niveau de la communication. Dans une \u00e9laboration en intelligence collective, en revanche, l\u2019\u00e9mergence est davantage que l\u2019apposition ou la combinaison des apports de chacun\u00a0: il y a un processus de dialogue, un travail de co construction, et une transformation progressive des regards qui s\u2019op\u00e8re. Dans une telle perspective, une s\u00e9ance d\u2019APP en visio pose d\u2019autres probl\u00e8mes, plus ardus \u00e0 surmonter.<\/p>\n<p style=\"text-align: justify;\">J\u2019en \u00e9voquerai quelques aspects sous la forme de d\u00e9fis \u00e0 relever.<\/p>\n<p style=\"text-align: justify;\">Un premier d\u00e9fi concerne les appr\u00e9hensions\u00a0: inconfort par rapport \u00e0 l&rsquo;\u00e9cran, difficult\u00e9 \u00e0 prendre la parole dans ce format. <em>Comment g\u00e9n\u00e9rer de la confiance, en d\u00e9pit de la nouveaut\u00e9 d\u2019une s\u00e9ance d\u2019APP \u00e0 distance et des inconforts qu\u2019elle engendre ?<\/em> Tout le monde n\u2019a pas les m\u00eames r\u00e9actions, certaines personnes peuvent avoir d\u00e9velopp\u00e9 une aisance dans le travail en visio alors que c\u2019est nouveau et d\u00e9s\u00e9curisant pour d\u2019autres. Certains participants, tout au moins au d\u00e9but, sont sur la retenue, ont tendance \u00e0 rester en retrait par rapport \u00e0 leur implication en pr\u00e9sentiel et peuvent \u00eatre habit\u00e9s par des croyances inhibitrices\u00a0: <em>\u00ab\u00a0une APP par \u00e9crans interpos\u00e9s n\u2019a pas la m\u00eame valeur\u00a0\u00bb<\/em>\u00a0; \u00ab<em>\u00a0je ne suis pas s\u00fbr que \u00e7a vaille la peine, c\u2019est tellement bizarre de ne voir que nos visages <\/em>\u00bb.<\/p>\n<p style=\"text-align: justify;\">Un autre d\u00e9fi se situe au niveau des \u00e9nergies du groupe. <em>Comment soutenir la concentration et l\u2019implication dans l\u2019APP sur une longue p\u00e9riode durant une s\u00e9ance en visio\u00a0?<\/em> Les risques de fatigue et de dispersion de l\u2019attention sont accrus, d\u2019autant que la stimulation des liens physiques et les possibilit\u00e9s de bouger font d\u00e9faut. Ces risques sont pr\u00e9sents dans toute APP \u00e0 distance. Ils le sont en particulier sur une dur\u00e9e de trois heures (correspondant aux s\u00e9ances que nous avons v\u00e9cues).<\/p>\n<p style=\"text-align: justify;\">Un troisi\u00e8me d\u00e9fi a trait \u00e0 la limitation de la communication, qui passe essentiellement par le verbal et l\u2019expression des visages. <em>Comment compenser les manques li\u00e9s \u00e0 la communication non verbale ?<\/em> Les \u00e9motions v\u00e9cues peuvent \u00eatre r\u00e9prim\u00e9es et elles sont plus difficiles \u00e0 percevoir, m\u00eame si elles sont pr\u00e9sentes. La dimension affective vient moins nourrir les analyses. Les mouvements du corps et du regard (qui donnent \u00e0 voir \u00e0 qui on s\u2019adresse par exemple) ne sont plus l\u00e0 en visio.<\/p>\n<p style=\"text-align: justify;\">Dans le prolongement, la circulation de la parole repr\u00e9sente un autre d\u00e9fi. <em>Comment favoriser dans une APP \u00e0 distance une prise de parole souple, dynamique ?<\/em> Le travail en intelligence collective est facilit\u00e9 par la capacit\u00e9 du groupe \u00e0 rebondir sur les propos des autres, \u00e0 approfondir, \u00e9largir, multiplier et assembler des analyses\u00a0; ou parfois aussi \u00e0 observer un moment de silence r\u00e9flexif. Selon Vacher (2018, p. 58), la dynamique collective s\u2019incarne dans une interd\u00e9pendance des apports\u00a0: \u00ab<em>\u00a0en donnant \u00e0 voir sa compr\u00e9hension ou en interrogeant pour comprendre, le participant enrichit la compr\u00e9hension potentielle de l\u2019autre qui, par empathie, cherche \u00e0 son tour \u00e0 le comprendre.<\/em>\u00a0\u00bb En visio, les participants peuvent h\u00e9siter \u00e0 s\u2019exprimer, ne sachant pas quand c\u2019est le moment ou ne voulant pas trop complexifier la r\u00e9flexion collective. Le d\u00e9veloppement d\u2019un dialogue en co construction, avec la f\u00e9condation des apports mutuels, est plus difficile. Les micro-r\u00e9gulations continues du pr\u00e9sentiel ne sont plus l\u00e0 pour aider \u00e0 la fluidit\u00e9 des \u00e9changes, qui risquent d\u2019\u00eatre appauvris.<\/p>\n<p style=\"text-align: justify;\">Un cinqui\u00e8me d\u00e9fi, li\u00e9 au pr\u00e9c\u00e9dent, concerne les liens entre participants et la conscience du collectif. <em>Comment d\u00e9velopper la reliance au sein du groupe ?<\/em> \u00a0A distance, il n\u2019y a plus le contact physique, les \u00e9changes informels avant la s\u00e9ance, etc. Ainsi que l\u2019\u00e9voque Rebetez (2018, p. 48), \u00ab\u00a0<em>l\u2019intelligence collective pourrait correspondre \u00e0 une pi\u00e8ce \u00e0 deux faces\u00a0: \u00e0 la fois la dimension cognitive (nouvelle repr\u00e9sentation partag\u00e9e) et la dimension socio-affective (lien et stabilit\u00e9).<\/em>\u00a0\u00bb Dans une APP en pr\u00e9sentiel, la disposition physique, en cercle, permet \u00e0 chacun de se voir ensemble, de sentir plus imm\u00e9diatement ce qui est partag\u00e9. \u00c0 distance, la vision des visages align\u00e9s sur l\u2019\u00e9cran, le fait de regarder sa cam\u00e9ra, l\u2019absence de l\u2019espace commun et des sensations qu\u2019il peut produire, rendent plus difficile le sens du collectif.<\/p>\n<p style=\"text-align: justify;\">Je mentionnerai encore un sixi\u00e8me d\u00e9fi, qui concerne plus particuli\u00e8rement l\u2019animation et la posture d\u2019accompagnement. <em>Comment \u00eatre, en tant qu\u2019animateur, contenant pour le groupe sans prendre trop de place ?<\/em> \u00c0 distance, il m\u2019est difficile d\u2019observer et de sentir la dynamique globale du groupe, de percevoir finement les besoins et potentialit\u00e9s pr\u00e9sentes, d\u2019apporter s\u00e9curit\u00e9 et encouragement d\u2019un regard ou d\u2019un geste. Je peux compenser en verbalisant davantage les processus en cours, en distribuant la parole, en faisant des synth\u00e8ses lorsque je crains que le groupe ne parvienne plus \u00e0 travailler au diapason, etc. Ce faisant, je risque cependant de freiner la libert\u00e9 de parole et de limiter la mobilisation des ressources des participants. Le travail en intelligence collective proc\u00e8de par des \u00e9mergences (tant en ce qui concerne les objets d\u2019analyse que les compr\u00e9hensions partag\u00e9es) et par une \u00e9laboration et une reconstruction continues de sens qui n\u00e9cessitent \u00e0 la fois libert\u00e9 et cadre s\u00e9curisant, moments de divergences et de convergences. L\u2019\u00e9quilibre \u00e0 trouver au niveau des interventions d\u2019animation \u00e0 cet \u00e9gard est toujours d\u00e9licat. Il l\u2019est particuli\u00e8rement dans une s\u00e9ance d\u2019APP en visio. Face \u00e0 la nouveaut\u00e9, cet apprentissage requiert une confiance importante, en soi et dans le groupe.<\/p>\n<p style=\"text-align: justify;\">En ce qui concerne la r\u00e9flexivit\u00e9, elle peut \u00eatre favoris\u00e9e dans le distanciel, avec le recul que celui-ci offre. L\u2019introspection peut \u00eatre facilit\u00e9e du fait que chacun se trouve dans son espace propre. C\u2019est le cas notamment durant les temps \u00ab\u00a0m\u00e9ta\u00a0\u00bb individuels. En revanche, le travail de mise en lien entre les diff\u00e9rentes analyses (de la pratique de la personne exposante et de la sienne propre) exige une attention soutenue. Les risques de fatigue et les difficult\u00e9s li\u00e9es \u00e0 la communication \u00e9voqu\u00e9s ci-dessus en lien avec la visio peuvent donc limiter la richesse de ces mises en commun r\u00e9flexives.<\/p>\n<p style=\"text-align: justify;\">Les d\u00e9fis qui viennent d\u2019\u00eatre abord\u00e9s sont en bonne partie li\u00e9s. Un manque de confiance dans la possibilit\u00e9 d\u2019un travail fructueux \u00e0 distance va affecter la circulation de la parole et vice versa. Les manques li\u00e9s \u00e0 la communication non verbale vont r\u00e9duire ma capacit\u00e9 en tant qu\u2019animateur \u00e0 me fier aux comp\u00e9tences et \u00e0 la conscience collectives, ce qui peut r\u00e9duire la mobilisation des ressources pr\u00e9sentes chez les participants. Etc. Par ailleurs, ces d\u00e9fis sont plus ou moins importants selon les groupes. Lorsque ces derniers sont de taille r\u00e9duite et qu\u2019ils ont d\u00e9j\u00e0 d\u00e9velopp\u00e9 une exp\u00e9rience significative des APP et des dynamiques d\u2019intelligence collective, la t\u00e2che est plus ais\u00e9e. Abordons maintenant des moyens susceptibles d\u2019aider \u00e0 g\u00e9rer les difficult\u00e9s relev\u00e9es.<\/p>\n<h4 style=\"text-align: justify;\"><strong>4. Modalit\u00e9s de communication et de travail exp\u00e9riment\u00e9es dans les APP \u00e0 distance<\/strong><\/h4>\n<p style=\"text-align: justify;\">Les moyens pr\u00e9sent\u00e9s ci-apr\u00e8s ont \u00e9t\u00e9 utilis\u00e9s \u00e0 des degr\u00e9s variables, en concertation, durant les s\u00e9ances d\u2019APP \u00e9voqu\u00e9es au d\u00e9but de ce texte. Souvent (mais pas toujours), la proposition de les utiliser est venue de moi, dans un r\u00f4le d\u2019accompagnant, qui ajuste les processus en fonction des besoins et des demandes, ainsi que des contextes particuliers qui peuvent \u00eatre v\u00e9cus par les participants et le groupe. Le temps d\u2019\u00e9change d\u00e9velopp\u00e9 dans chaque groupe \u00e0 propos de la situation particuli\u00e8re de l\u2019APP \u00e0 distance a \u00e9t\u00e9 porteur de r\u00e9gulations et d\u2019apprentissages qui se sont r\u00e9v\u00e9l\u00e9s tr\u00e8s aidants. J\u2019y reviendrai dans le point 4.1.<\/p>\n<p style=\"text-align: justify;\">J\u2019aborderai ici uniquement des moyens sp\u00e9cifiques \u00e0 un travail en visio. Ils sont compl\u00e9mentaires aux points d\u2019attention g\u00e9n\u00e9raux relev\u00e9s dans Thi\u00e9baud (2020a) pour pr\u00e9parer et animer une s\u00e9ance d\u2019analyse de pratiques \u00e0 distance.<\/p>\n<h6 style=\"text-align: justify;\"><strong>4.1. Activit\u00e9s de mise en lien des participants et de d\u00e9marrage de la s\u00e9ance en visio<\/strong><\/h6>\n<p style=\"text-align: justify;\">Je commencerai par les activit\u00e9s de d\u00e9but de s\u00e9ance. Dans une rencontre en pr\u00e9sentiel, il est courant de proposer un partage du type \u00ab quoi de neuf ? \u00bb et de demander un retour suite \u00e0 la s\u00e9ance pr\u00e9c\u00e9dente, notamment aux personnes qui avaient \u00e9t\u00e9 exposantes. A distance, je cherche de pr\u00e9f\u00e9rence \u00e0 favoriser des liens plus forts, une connexion plus directe au collectif, et une parole davantage ancr\u00e9e dans le v\u00e9cu pr\u00e9sent. A cet effet, nous avons exp\u00e9riment\u00e9 les activit\u00e9s suivantes, qui peuvent \u00eatre mobilis\u00e9s en compl\u00e9mentarit\u00e9.<\/p>\n<p style=\"text-align: justify;\"><strong>4.1.1 Tour de parole des ressentis par rapport \u00e0 une analyse de pratiques en visio<\/strong><\/p>\n<p style=\"text-align: justify;\">Comment chacun vit\u00a0cette situation nouvelle ? Quelles appr\u00e9hensions, quels besoins et quels souhaits y a-t-il par rapport \u00e0 son d\u00e9roulement\u00a0? Etc. La plupart du temps, les participants partagent volontiers leurs v\u00e9cus et font part au groupe de la mani\u00e8re dont ils se repr\u00e9sentent ce travail \u00e0 distance\u2026 avec des diff\u00e9rences importantes entre eux. Cela cr\u00e9e du lien, permet de reconna\u00eetre simultan\u00e9ment chacun avec ses v\u00e9cus et ouvre vers une concertation pour la mise en place de la s\u00e9ance, \u00e0 partir de tout ce qui a \u00e9t\u00e9 exprim\u00e9. Que ce soit sur le moment m\u00eame ou dans le bilan de fin de rencontre, les participants disent qu\u2019un tel moment de partage les a aid\u00e9s \u00e0 prendre confiance. Ils appr\u00e9cient aussi le fait que j\u2019exprime les pr\u00e9occupations que cela suscite pour moi par rapport \u00e0 l\u2019animation, en m\u00eame temps que les ressources que je per\u00e7ois dans le groupe et les exp\u00e9riences de succ\u00e8s que j\u2019ai pu vivre dans des APP \u00e0 distance.<\/p>\n<p style=\"text-align: justify;\"><strong>4.1.2 Echanges brefs, deux \u00e0 deux, sur des sujets que je peux proposer <\/strong><\/p>\n<p style=\"text-align: justify;\">Les logiciels de visio permettent facilement de diviser le groupe dans autant de salles virtuelles que souhait\u00e9. J\u2019y reviendrai dans le point 4.5. De tels \u00e9changes ont pour but de faciliter la mise en lien et la prise de parole. En duos, les participants s\u2019expriment tr\u00e8s spontan\u00e9ment, dialoguent facilement, ce qui d\u00e9veloppe la confiance. Le plus souvent, je propose des sujets qui invitent \u00e0 la r\u00e9flexion mais ne posent pas de difficult\u00e9s et peuvent \u00eatre abord\u00e9s en quelques minutes. Par exemple, je propose aux participants de partager sur un aspect abord\u00e9 durant la s\u00e9ance pr\u00e9c\u00e9dente, ou sur une r\u00e9alit\u00e9 professionnelle qui leur est commune\u00a0; ou encore, pendant le temps de pand\u00e9mie, sur les contraintes v\u00e9cues, la mani\u00e8re dont cela les a impact\u00e9s les ressources qu\u2019ils ont mobilis\u00e9es. Souvent, les participants trouvent des similitudes dans leurs exp\u00e9riences et r\u00e9flexions, cela les rapproche. D\u2019une certaine mani\u00e8re, ces \u00e9changes compensent les contacts informels qui se d\u00e9veloppent en pr\u00e9sentiel au moment d\u2019arriver \u00e0 la s\u00e9ance et de s\u2019installer. Parfois, je mets en relation des personnes qui me paraissent avoir des v\u00e9cus similaires \u00e0 partager. D\u2019autres fois, je laisse le hasard composer les duos\u2026 Les participants disent aimer aussi se retrouver avec une personne du groupe qu\u2019ils connaissent moins.<\/p>\n<p style=\"text-align: justify;\">De mani\u00e8re g\u00e9n\u00e9rale, ces \u00e9changes sont tr\u00e8s appr\u00e9ci\u00e9s et v\u00e9cus comme mobilisateurs. Ils donnent confiance et impliquent imm\u00e9diatement tout le monde. Parfois, deux brefs moments successifs du m\u00eame type peuvent \u00eatre propos\u00e9s, en modifiant les duos. A l\u2019issue de ces \u00e9changes, il n\u2019y a pas de mise en commun en pl\u00e9num. La possibilit\u00e9 est simplement donn\u00e9e, si une personne a besoin ou envie d\u2019exprimer quelque chose au groupe, de le faire.<\/p>\n<p style=\"text-align: justify;\"><strong>4.1.3 Concertation collective par rapport au d\u00e9roulement de la s\u00e9ance<\/strong><\/p>\n<p style=\"text-align: justify;\">J\u2019invite les participants \u00e0 partager leurs souhaits \u00e0 ce propos. Qu\u2019est-ce qu\u2019ils ont envie d\u2019exposer comme pratique pour l\u2019analyse ? Quels besoins et suggestions ont-ils par rapport au d\u00e9roulement de la s\u00e9ance\u00a0? J\u2019\u00e9coute ce qui est dit et je v\u00e9rifie \u00e9ventuellement la compr\u00e9hension. Lorsque toutes les personnes qui le d\u00e9sirent se sont exprim\u00e9es, je fais une petite synth\u00e8se qui permet de relever \u00e0 la fois les exposants potentiels pour l\u2019APP et les d\u00e9fis pour le travail \u00e0 distance. Je fais \u00e9galement des propositions. Le plus souvent, cela permet une rapide concertation sur les choix \u00e0 faire. De mani\u00e8re g\u00e9n\u00e9rale, il en ressort que la situation particuli\u00e8re de la visio nous engage \u00e0 \u00eatre dans une posture d\u2019apprentissage collectif et d\u2019exp\u00e9rimentation. Les participants disent par exemple\u00a0: \u00ab\u00a0<em>nous sommes tous dans le m\u00eame bateau<\/em> \u00bb\u00a0; \u00ab\u00a0<em>on ne va pas trop se prendre la t\u00eate, on se dira au fur et \u00e0 mesure comment cela va et on ajustera\u00a0<\/em>\u00bb, etc. Ce moment de concertation donne de la s\u00e9curit\u00e9, enl\u00e8ve de la pression. Il permet aux participants de se sentir entendus par rapport \u00e0 leurs craintes. Il m\u2019aide aussi \u00e0 proposer des formes de travail et de communication adapt\u00e9es (voir ci-apr\u00e8s). Le groupe tend d\u00e8s lors \u00e0 aborder la s\u00e9ance avec humour et \u00e0 se donner l\u2019autorisation de ne pas \u00eatre toujours \u00ab\u00a0au top\u00a0\u00bb, tout en convenant d\u2019ajuster les processus et de r\u00e9guler autant que n\u00e9cessaire.<\/p>\n<p style=\"text-align: justify;\">Ces trois moyens au d\u00e9marrage d\u2019une s\u00e9ance d\u2019APP \u00e0 distance ont \u00e9t\u00e9 \u00e0 chaque fois utilis\u00e9s dans la mesure o\u00f9 ils servent \u00e0 construire la base pour les adaptations qui pourront \u00eatre mises en \u0153uvre. Ils permettent d\u2019aider les participants \u00e0 se sentir reconnus et \u00e0 s\u2019impliquer et ils offrent la possibilit\u00e9 de penser un processus sur mesure pour la s\u00e9ance.<\/p>\n<h6 style=\"text-align: justify;\"><strong>4.2. Modalit\u00e9s de travail et organisation temporelle de la s\u00e9ance<\/strong><\/h6>\n<p style=\"text-align: justify;\">D\u2019apr\u00e8s mon exp\u00e9rience, plusieurs adaptations gagnent \u00e0 \u00eatre mises en place avec le groupe pour une APP \u00e0 distance. J\u2019en rel\u00e8verai ici de quatre ordres.<\/p>\n<p style=\"text-align: justify;\"><strong>4.2.1 Adaptations du rythme<\/strong><\/p>\n<p style=\"text-align: justify;\">En visio, je propose g\u00e9n\u00e9ralement un travail plus rythm\u00e9, avec des \u00e9tapes plus courtes. Par exemple, on divise par deux le moment des questions pos\u00e9es \u00e0 l\u2019exposant (qui en pr\u00e9sentiel peut durer parfois jusqu\u2019\u00e0 45 minutes)\u00a0; ou j\u2019invite le groupe \u00e0 proc\u00e9der \u00e0 la mise en commun des analyses en plusieurs temps (en la subdivisant d\u2019embl\u00e9e en diff\u00e9rents th\u00e8mes qui se d\u00e9gagent ou en variant les modalit\u00e9s et formes (voir ci-apr\u00e8s). Les processus et \u00e9tapes de d\u00e9roulement de l\u2019APP gagnent souvent \u00e0 \u00eatre plus simples et plus structur\u00e9s qu\u2019en pr\u00e9sentiel. Les participants, dans les bilans, disent que cela les aide \u00e0 soutenir leur attention, compte tenu de la dur\u00e9e des s\u00e9ances. De mani\u00e8re g\u00e9n\u00e9rale, ils \u00e9voquent une richesse dans les analyses et les apprentissages similaires aux APP en pr\u00e9sentiel.<\/p>\n<p style=\"text-align: justify;\"><strong>4.2.2 Vari\u00e9t\u00e9 des formes de travail<\/strong><\/p>\n<p style=\"text-align: justify;\">Le plus souvent, le groupe a d\u00e9j\u00e0 eu l\u2019occasion d\u2019une rencontre \u00e0 l\u2019autre d\u2019exp\u00e9rimenter avant la s\u00e9ance en visio diff\u00e9rentes modalit\u00e9s de travail. Je privil\u00e9gie en effet un ajustement des processus aux besoins (en lien notamment avec l\u2019attention requise des participants) et aux potentialit\u00e9s et ressources pr\u00e9sentes dans le groupe. Durant la s\u00e9ance d\u2019APP \u00e0 distance, sur une dur\u00e9e de trois heures par exemple, je propose une alternance de formes\u00a0:<\/p>\n<ul style=\"text-align: justify;\">\n<li>temps en grand groupe, en sous-groupes, en r\u00e9flexion individuelle (voir 4.5)\u00a0;<\/li>\n<li>apport d\u2019hypoth\u00e8ses selon\u00a0: divers points de vue (acteurs)\u00a0; diff\u00e9rentes temporalit\u00e9s (pass\u00e9, pr\u00e9sent, futur) ou dimensions (individu, relations, groupe, institution, etc.)\u00a0;<\/li>\n<li>utilisation d\u2019une vari\u00e9t\u00e9 de moyens d\u2019expression des \u00e9clairages apport\u00e9s : associations (analogies, m\u00e9taphores) ; \u00e9crits (voir 4.6) ; sch\u00e9mas, cartes conceptuelles (voir 4.7) ; supports (images, objets ; voir 4.7).<\/li>\n<\/ul>\n<p style=\"text-align: justify;\">Les participants disent appr\u00e9cier cette diversit\u00e9 de formes et aiment d\u00e9couvrir de nouvelles fa\u00e7ons de travailler, qui les maintiennent en \u00e9veil et mobilisent leur cr\u00e9ativit\u00e9.<\/p>\n<p style=\"text-align: justify;\"><strong>4.2.3 Moments de pause<\/strong><\/p>\n<p style=\"text-align: justify;\">En v\u00e9rifiant fr\u00e9quemment o\u00f9 en sont les \u00e9nergies dans le groupe, nous convenons de pauses plus fr\u00e9quentes qu\u2019en pr\u00e9sentiel, mais de courte dur\u00e9e. Elles permettent de bouger et de r\u00e9duire la fatigue li\u00e9e notamment \u00e0 l\u2019\u00e9cran. Elles peuvent \u00eatre assorties d\u2019une t\u00e2che r\u00e9flexive, comme dans un temps \u00ab m\u00e9ta \u00bb individuel (voir Thi\u00e9baud &amp; Bichsel (2019b).<\/p>\n<p style=\"text-align: justify;\"><strong>4.2.4 Synth\u00e8ses, mises en perspective et r\u00e9gulations<\/strong><\/p>\n<p style=\"text-align: justify;\">Dans une APP \u00e0 distance, je suscite davantage de r\u00e9gulations (voir Thi\u00e9baud &amp; Bichsel, 2019a). J\u2019interviens plus souvent dans le groupe pour demander si le d\u00e9roulement convient et l\u2019ajuster au besoin, r\u00e9sumer ce qui a \u00e9t\u00e9 fait, pr\u00e9ciser les objectifs de l\u2019\u00e9tape \u00e0 venir. J\u2019ai pu constater qu\u2019en tant qu\u2019animateur, le fait d\u2019expliquer davantage ce que l\u2019on est en train de faire donne des rep\u00e8res aux participants et les aide \u00e0 se situer dans le processus. Cela permet de clarifier aussi parfois le focus d\u2019analyse choisi pour que le groupe reste au diapason, dans des \u00e9changes fluides, sans qu\u2019il y ait besoin d\u2019intervenir ensuite. Ceci est en lien avec la question de la communication que j\u2019aborde ci-apr\u00e8s.<\/p>\n<h6 style=\"text-align: justify;\"><strong>4.3. Modalit\u00e9s de communication et de circulation de la parole<\/strong><\/h6>\n<p style=\"text-align: justify;\">Dans les analyses de pratiques \u00e0 distance, les possibilit\u00e9s de r\u00e9gulation de la communication habituelles sont plus limit\u00e9es, du fait notamment que le non verbal est r\u00e9duit. Par ailleurs, la circulation spontan\u00e9e de la parole est plus difficile (voir le d\u00e9fi d\u2019un dialogue souple, dynamique). Si l\u2019animateur peut toujours distribuer la parole au fur et \u00e0 mesure que celle-ci est demand\u00e9e (\u00e0 l\u2019aide par exemple des signes propos\u00e9s par le logiciel de visioconf\u00e9rence), cela r\u00e9duit cependant la libert\u00e9 d\u2019expression et les possibilit\u00e9s de rebondir et d\u00e9velopper un travail en intelligence collective. Avec les groupes, nous nous concertons donc, en d\u00e9but ou en cours de s\u00e9ance, sur des modalit\u00e9s susceptibles de faciliter une communication plus \u00ab\u00a0naturelle \u00bb. Nous avons notamment exp\u00e9riment\u00e9 les mani\u00e8res de faire suivantes, qui ont \u00e9t\u00e9 jug\u00e9es b\u00e9n\u00e9fiques.<\/p>\n<p style=\"text-align: justify;\"><strong>4.3.1 Utilisation d\u2019un b\u00e2ton de parole symbolique (qui passe d\u2019un participant \u00e0 l\u2019autre)<\/strong><\/p>\n<p style=\"text-align: justify;\">Avec cette modalit\u00e9 de communication qui peut \u00eatre convenue pour tout ou partie de la s\u00e9ance d\u2019APP, lorsqu\u2019une personne a fini de s\u2019exprimer, elle le dit en remettant le b\u00e2ton de parole dans le groupe et une autre personne peut le demander. Cela favorise l\u2019\u00e9coute mutuelle et apporte de la clart\u00e9 dans la communication collective. L\u2019animateur n\u2019a par ailleurs pas besoin de distribuer la parole, en particulier si dans le groupe, il y a une attention pour donner de la place \u00e0 chacun. Cette mani\u00e8re de proc\u00e9der peut \u00eatre utilis\u00e9e aussi notamment dans les activit\u00e9s en sous-groupes (voir 4.5.1).<\/p>\n<p style=\"text-align: justify;\"><strong>4.3.2 Tour de parole<\/strong><\/p>\n<p style=\"text-align: justify;\">En visio, il n\u2019est pas possible de faire un tour de table comme en pr\u00e9sentiel, dans lequel les participants savent quand le moment est venu de s\u2019exprimer, de par leur emplacement physique. Un tour de parole peut \u00eatre utile \u00e0 certains moments, en particulier pour permettre \u00e0 chacun de partager son v\u00e9cu et donn\u00e9 une place plus ou moins \u00e9quivalente \u00e0 tous. Dans ce cas, le principe est que chaque personne ait pu s\u2019exprimer une fois avant qu\u2019un dialogue s\u2019engage par exemple. \u00c0 cet effet, nous pouvons d\u00e9finir une r\u00e8gle\u00a0: que chaque participant soit attentif \u00e0 ne pas reprendre la parole avant que tout le monde ait pu s\u2019exprimer\u00a0; ou qu\u2019un relai se fasse, un membre du groupe transmettant \u00e0 chaque fois la parole \u00e0 un autre qu\u2019il choisit. Cette mani\u00e8re de proc\u00e9der permet \u00e0 l\u2019animateur de ne pas avoir \u00e0 intervenir pour la distribuer et elle mobilise davantage les ressources du collectif.<em>\u00a0<\/em><\/p>\n<p style=\"text-align: justify;\"><strong>4.3.3 Recours \u00e0 des codes de communication<\/strong><\/p>\n<p style=\"text-align: justify;\">Lorsque nous \u00e9voquons diff\u00e9rentes mani\u00e8res de faciliter nos \u00e9changes, les participants proposent souvent d\u2019utiliser un ou l\u2019autre geste de la main pour signifier au groupe un besoin ou une intention de communication. J\u2019en sugg\u00e8re aussi lorsque cela me semble utile. Parfois, certains gestes ont d\u2019ailleurs d\u00e9j\u00e0 \u00e9t\u00e9 utilis\u00e9s par l\u2019un ou l\u2019autre participant dans les s\u00e9ances pr\u00e9c\u00e9dentes en pr\u00e9sentiel, spontan\u00e9ment, sans qu\u2019un code n\u2019ait \u00e9t\u00e9 \u00e9tabli. Nous convenons donc dans le groupe d\u2019adopter certains gestes comme moyen de communication. G\u00e9n\u00e9ralement, ils sont rapidement int\u00e9gr\u00e9s s\u2019ils sont peu nombreux, dans la mesure o\u00f9 ils facilitent les \u00e9changes et l\u2019expression des v\u00e9cus de chacun. Je d\u00e9crirai dans le point ci-apr\u00e8s des gestes que nous avons eu l\u2019occasion d\u2019utiliser dans un groupe ou un autre.<\/p>\n<h6 style=\"text-align: justify;\"><strong>4.4. Gestes sp\u00e9cifiques de communication<\/strong><\/h6>\n<p style=\"text-align: justify;\">Un des avantages d\u2019une APP par \u00e9cran interpos\u00e9, c\u2019est que le haut du corps de chacun est visible simultan\u00e9ment de mani\u00e8re rapproch\u00e9e. Il est facile de rep\u00e9rer un mouvement de la main effectu\u00e9 par n\u2019importe quel participant. Il est ainsi plus pratique de convenir d\u2019un geste de la main plut\u00f4t que d\u2019utiliser les signes ou ic\u00f4nes \u00e0 disposition dans les outils de visio. En effet, les gestes sont plus spontan\u00e9s et il n\u2019est pas n\u00e9cessaire d\u2019employer la souris pour cliquer sur l\u2019ic\u00f4ne appropri\u00e9 (quand il existe). Par ailleurs, les codes de communication peuvent \u00eatre choisis et co-construits avec les participants et les possibilit\u00e9s sont plus nombreuses.<\/p>\n<p style=\"text-align: justify;\">Ces gestes silencieux permettent d\u2019exprimer un ressenti, un besoin, une demande sans qu\u2019il y ait n\u00e9cessit\u00e9 de parler et d\u2019interrompre le cours des \u00e9changes. Ce qui est ainsi manifest\u00e9 peut \u00eatre int\u00e9gr\u00e9 par tout le groupe dans le flux de la communication.<\/p>\n<p style=\"text-align: justify;\">En voici un exemple, que j\u2019utilise d\u2019ailleurs autant en pr\u00e9sentiel qu\u2019\u00e0 distance.\u00a0Dans les groupes que j\u2019anime, je valorise les r\u00e9flexions \u00ab m\u00e9ta \u00bb, que ce soit sur les processus de groupe v\u00e9cus ou sur les analyses produites. Nous sommes donc amen\u00e9s \u00e0 donner de la place \u00e0 des temps \u00ab\u00a0m\u00e9ta\u00a0\u00bb dans le d\u00e9roulement de la s\u00e9ance, qui peuvent \u00eatre initi\u00e9s par n\u2019importe quel participant comme par moi-m\u00eame (voir Thi\u00e9baud &amp; Bichsel, 2019b). Afin que chacun soit bien au clair sur le moment o\u00f9 ce partage \u00ab\u00a0m\u00e9ta\u00a0\u00bb commence et o\u00f9 il se termine, nous convenons d\u2019un signe explicite (g\u00e9n\u00e9ralement sous la forme d\u2019un\u00a0\u00ab\u00a0T\u00a0\u00bb, une main plac\u00e9e \u00e0 plat au-dessus de l\u2019autre dress\u00e9e verticalement). Ce m\u00eame signe peut aussi \u00eatre utilis\u00e9 pour exprimer le souhait d\u2019un \u00ab stop \u00bb dans le cours de l\u2019analyse, pour inviter \u00e0 un temps \u00ab\u00a0m\u00e9ta \u00bb (qui peut \u00eatre court, pour une simple clarification, ou plus long). En visio, il s\u2019est av\u00e9r\u00e9 particuli\u00e8rement utile et ces demandes se sont le plus souvent faites ainsi plut\u00f4t que par une prise de parole.<\/p>\n<p>Le tableau ci-apr\u00e8s pr\u00e9sente diff\u00e9rents gestes que j\u2019ai eu l\u2019occasion d\u2019exp\u00e9rimenter.<\/p>\n<table width=\"604\">\n<tbody>\n<tr>\n<td style=\"border-style: solid; border-color: #a3a3a3; text-align: left; vertical-align: top;\" width=\"113\">Geste<\/td>\n<td style=\"border-style: solid; border-color: #a3a3a3; text-align: left; vertical-align: top;\" width=\"180\">Signification<\/td>\n<td style=\"border-style: solid; border-color: #a3a3a3; text-align: left; vertical-align: top;\" width=\"312\">Remarques<\/td>\n<\/tr>\n<tr>\n<td style=\"border-style: solid; border-color: #a3a3a3; text-align: left; vertical-align: top;\" width=\"113\"><em>Une main lev\u00e9e, \u00e0 plat<\/em><\/td>\n<td style=\"border-style: solid; border-color: #a3a3a3; text-align: left; vertical-align: top;\" width=\"180\">Demande de prendre la parole<\/td>\n<td style=\"border-style: solid; border-color: #a3a3a3; text-align: left; vertical-align: top;\" width=\"312\">Ce geste est le m\u00eame que celui utilis\u00e9 g\u00e9n\u00e9ralement en pr\u00e9sentiel. Les participants manifestent ainsi leur envie de s\u2019exprimer, dans un tour de \u00ab\u00a0table\u00a0\u00bb convenu ou \u00e0 n\u2019importe quel autre moment de la s\u00e9ance.<\/td>\n<\/tr>\n<tr>\n<td style=\"border-style: solid; border-color: #a3a3a3; text-align: left; vertical-align: top;\" width=\"113\"><em>L\u2019index lev\u00e9<\/em><\/td>\n<td style=\"border-style: solid; border-color: #a3a3a3; text-align: left; vertical-align: top;\" width=\"180\">Demande de rebondir, glisser une phrase ou deux dans le processus en cours<\/td>\n<td style=\"border-style: solid; border-color: #a3a3a3; text-align: left; vertical-align: top;\" width=\"312\">Un participant souhaite parfois s\u2019exprimer tr\u00e8s bri\u00e8vement en lien avec ce qui vient d\u2019\u00eatre dit, sans prendre forc\u00e9ment un tour de parole. Dans ce cas, il est pr\u00e9f\u00e9rable qu\u2019il puisse s\u2019ins\u00e9rer dans le cours de ce qui est exprim\u00e9 plut\u00f4t que d\u2019attendre (sa parole n\u2019aurait plus gu\u00e8re de sens ult\u00e9rieurement).<br \/>\nIl ne s\u2019agit pas pour autant d\u2019interrompre la personne qui s\u2019exprime.\u00c0 la diff\u00e9rence d\u2019une demande de parole avec la main lev\u00e9e, il ne s\u2019agit pas ici d\u2019apporter de nouveaux \u00e9l\u00e9ments, une nouvelle question ou analyse, mais uniquement de souligner ou pr\u00e9ciser quelque chose.<\/td>\n<\/tr>\n<tr>\n<td style=\"border-style: solid; border-color: #a3a3a3; text-align: left; vertical-align: top;\" width=\"113\"><em>Une main plac\u00e9e \u00e0 plat au-dessus de l\u2019autre dress\u00e9e verticalement pour former un \u00ab\u00a0T\u00a0\u00bb <\/em><\/td>\n<td style=\"border-style: solid; border-color: #a3a3a3; text-align: left; vertical-align: top;\" width=\"180\">\n<p>Demande d\u2019une pause r\u00e9flexive, d\u2019un temps pour clarifier le processus en cours ou pour partager des observations \u00ab\u00a0m\u00e9ta\u00a0\u00bb<\/p>\n<p>Peut aussi servir \u00e0 indiquer la fin d\u2019une pause r\u00e9flexive et le retour au d\u00e9roulement \u00a0\u00a0\u00ab pr\u00e9vu \u00bb de la s\u00e9ance<\/td>\n<td style=\"border-style: solid; border-color: #a3a3a3; text-align: left; vertical-align: top;\" width=\"312\">\n<p>Ce geste sert \u00e0 signifier l\u2019utilit\u00e9 d\u2019une telle pause (avenir, sans interrompre la personne qui s\u2019exprime, d\u00e8s que cela sera possible).<\/p>\n<p>Il peut \u00eatre utilis\u00e9 aussi s\u2019il y a une demande d\u2019explication (en lien avec le d\u00e9roulement de la s\u00e9ance) ou un souci technique.<\/p>\n<p>Si la demande de clarification porte uniquement sur un mot ou une consigne, le geste du pouce et de l\u2019index joints peut \u00eatre utilis\u00e9.<\/td>\n<\/tr>\n<tr>\n<td style=\"border-style: solid; border-color: #a3a3a3; text-align: left; vertical-align: top;\" width=\"113\"><em>Pouce et index joints, tendus devant soi<\/em><\/td>\n<td style=\"border-style: solid; border-color: #a3a3a3; text-align: left; vertical-align: top;\" width=\"180\">Besoin d\u2019un \u00e9claircissement en lien avec un mot ou une consigne non compris<\/td>\n<td style=\"border-style: solid; border-color: #a3a3a3; text-align: left; vertical-align: top;\" width=\"312\">\n<p>Il s\u2019agit ici d\u2019une demande de clarification, qui porte sur un \u00e9l\u00e9ment pr\u00e9cis.<\/p>\n<p>Alternative : le geste de l\u2019index lev\u00e9 peut aussi \u00eatre utilis\u00e9 pour une telle demande de clarification.<\/td>\n<\/tr>\n<tr>\n<td style=\"border-style: solid; border-color: #a3a3a3; text-align: left; vertical-align: top;\" width=\"113\">\n<p><em>Un pouce en l\u2019air<\/em><\/p>\n<p><em><br \/>\nPouce horizontal<\/em><\/p>\n<p><em>Pouce baiss\u00e9<\/em><\/td>\n<td style=\"border-style: solid; border-color: #a3a3a3; text-align: left; vertical-align: top;\" width=\"180\">\n<p>Quittance, approbation, accord avec ce qui est exprim\u00e9 ou propos\u00e9<\/p>\n<p>&nbsp;<\/p>\n<p>Pr\u00e9occupation<\/p>\n<p>D\u00e9sapprobation<\/td>\n<td style=\"border-style: solid; border-color: #a3a3a3; text-align: left; vertical-align: top;\" width=\"312\">\n<p>Ce geste permet d\u2019avoir un retour imm\u00e9diat de tout ou partie des participants par rapport \u00e0 une proposition.<\/p>\n<p>Il correspond parfois au mouvement de t\u00eate d\u2019approbation ou de d\u00e9saccord que l\u2019on peut recueillir.<\/td>\n<\/tr>\n<tr>\n<td style=\"border-style: solid; border-color: #a3a3a3; text-align: left; vertical-align: top;\" width=\"113\"><em>Les deux avant-bras crois\u00e9s au niveau des poignets<\/em><\/td>\n<td style=\"border-style: solid; border-color: #a3a3a3; text-align: left; vertical-align: top;\" width=\"180\">\n<p>Expression de d\u00e9saccord<\/p>\n<p>(\u00e0 utiliser dans une APP lorsque le partage des d\u00e9saccords est utile)<\/td>\n<td style=\"border-style: solid; border-color: #a3a3a3; text-align: left; vertical-align: top;\" width=\"312\">Il peut \u00eatre n\u00e9cessaire parfois de faire savoir son d\u00e9saccord rapidement, notamment par rapport au processus de travail sugg\u00e9r\u00e9 ou engag\u00e9. Lorsqu\u2019une proposition est faite, ce geste permet facilement de conna\u00eetre les \u00e9ventuels d\u00e9saccords.<\/td>\n<\/tr>\n<tr>\n<td style=\"border-style: solid; border-color: #a3a3a3; text-align: left; vertical-align: top;\" width=\"113\"><em>Une main ouverte contre son oreille<\/em><\/td>\n<td style=\"border-style: solid; border-color: #a3a3a3; text-align: left; vertical-align: top;\" width=\"180\">\n<p>Expression d\u2019une difficult\u00e9 \u00e0 entendre ce qui est dit<\/p>\n<p>Demande d\u2019ouvrir le micro ou d\u2019augmenter le volume du son<\/td>\n<td style=\"border-style: solid; border-color: #a3a3a3; text-align: left; vertical-align: top;\" width=\"312\">En visio, il est difficile de savoir comment notre parole parvient aux autres participants, si l\u2019on parle assez fort, et assez pr\u00e8s du micro, et si la qualit\u00e9 du son suffisante.<\/td>\n<\/tr>\n<tr>\n<td style=\"border-style: solid; border-color: #a3a3a3; text-align: left; vertical-align: top;\" width=\"113\"><em>Rotations des deux mains lev\u00e9es de part et d\u2019autre de la t\u00eate, doigts \u00e9tendus vers le haut et d\u00e9coll\u00e9s <\/em><\/td>\n<td style=\"border-style: solid; border-color: #a3a3a3; text-align: left; vertical-align: top;\" width=\"180\">Expression de r\u00e9jouissance qui correspond aux applaudissements ou au \u00ab\u00a0bravo\u00a0\u00bb utilis\u00e9 par les malentendants pour exprimer et c\u00e9l\u00e9brer leur satisfaction<\/td>\n<td style=\"border-style: solid; border-color: #a3a3a3; text-align: left; vertical-align: top;\" width=\"312\">\n<p>La joie, \u00e9motion du partage, s\u2019exprime d\u2019une certaine mani\u00e8re plus difficilement par visio. Ce geste est l\u2019occasion de faciliter son expression.<\/p>\n<p>&nbsp;<\/td>\n<\/tr>\n<\/tbody>\n<\/table>\n<p style=\"text-align: center;\"><em>Tableau 1\u00a0: gestes de communication<\/em><\/p>\n<p style=\"text-align: justify;\">Certains de ces gestes sont plus naturels et connus que d\u2019autres. Dans mon exp\u00e9rience, seuls trois ou quatre d\u2019entre eux sont utilis\u00e9s simultan\u00e9ment dans une s\u00e9ance. Ils le sont de mani\u00e8re libre, sans obligation. Le fait de convenir de ces signes de communication avec tous les participants facilite cependant les \u00e9changes, comme ils en t\u00e9moignent dans les bilans. Pour moi en tant qu\u2019animateur, l\u2019utilisation de ces gestes par le groupe me permet d\u2019avoir en continu des informations sur ce qui se vit durant l\u2019APP et sur les besoins et intentions de chacun en termes de communication, ce qui est facilitant.<\/p>\n<h6 style=\"text-align: justify;\"><strong>4.5. Travail en diff\u00e9rents formats <\/strong><\/h6>\n<p style=\"text-align: justify;\"><strong>4.5.1 Travail en sous-groupes (en salles virtuelles)<\/strong><\/p>\n<p style=\"text-align: justify;\">Le travail \u00e0 distance offre une opportunit\u00e9 avantageuse de varier les formats de travail. En effet, instantan\u00e9ment, avec les fonctions du logiciel visio, il est possible pour l\u2019animateur de mettre les participants en sous-groupes de travail, pour une dur\u00e9e d\u00e9termin\u00e9e. Il peut \u00e9galement adresser des messages \u00e0 chaque sous-groupe durant ce temps. La facilit\u00e9 de la fonctionnalit\u00e9 permet de varier \u00e9norm\u00e9ment les processus dans le cours d\u2019une s\u00e9ance.<\/p>\n<p style=\"text-align: justify;\">Je l\u2019ai utilis\u00e9e pour les \u00e9changes deux \u00e0 deux \u00e9voqu\u00e9s en 4.1.2. Elle a servi \u00e9galement pour inviter les participants, en cours d\u2019APP, \u00e0 d\u00e9velopper en trio ou en quatuor des r\u00e9flexions et analyses en lien avec la pratique de l\u2019exposant, avant une mise en commun dans le groupe. Dans deux groupes, j\u2019ai propos\u00e9 de nous diviser en deux pour r\u00e9aliser deux APP en parall\u00e8le (l\u2019une d\u2019entre elles \u00e9tant anim\u00e9e par un participant exp\u00e9riment\u00e9 qui \u00e9tait dispos\u00e9 \u00e0 le faire).<\/p>\n<p style=\"text-align: justify;\">Les participants ont toujours appr\u00e9ci\u00e9 ces variations. Elles ont un effet mobilisateur, en redynamisant la parole de chacun, notamment lorsque la taille du groupe est importante. Elles facilitent la communication et le dialogue en co-construction. Pour l\u2019animation, cela requiert de bien d\u00e9finir le focus de ces temps en duo, trio ou quatuor\u2026 et de faire confiance aux ressources du groupe.<\/p>\n<p style=\"text-align: justify;\"><strong>4.5.2 Temps en individuel<\/strong><\/p>\n<p style=\"text-align: justify;\">L\u2019utilisation en alternance des temps de r\u00e9flexion individuelle et de partage en sous-groupe ou en grand groupe est extr\u00eamement b\u00e9n\u00e9fique dans ce que je rel\u00e8ve de mon exp\u00e9rience. Un des avantages de la situation \u00e0 distance, c\u2019est que les participants sont potentiellement plus disponibles pour un travail d\u2019introspection. Le fait de pouvoir \u00e9crire aussi tranquillement ses analyses et prises de conscience est susceptible d\u2019aider \u00e0 la r\u00e9flexivit\u00e9. Il est possible de s\u2019y r\u00e9f\u00e9rer ult\u00e9rieurement, par exemple pour identifier les \u00e9volutions des r\u00e9flexions au fil de la s\u00e9ance. Celles-ci peuvent \u00eatre \u00e9galement partag\u00e9es dans le groupe, \u00e0 un moment ou un autre, soit oralement, soit via l\u2019espace de conversation \u00e9crite, que j\u2019\u00e9voquerai maintenant.<\/p>\n<h6 style=\"text-align: justify;\"><strong>4.6. Espace de conversation \u00e9crite \u00ab<em>\u00a0chat <\/em>\u00bb<\/strong><\/h6>\n<p style=\"text-align: justify;\">Cet espace a \u00e9t\u00e9 utilis\u00e9 avant tout de trois mani\u00e8res\u00a0:<\/p>\n<ol style=\"text-align: justify;\">\n<li>L\u2019exposant peut r\u00e9diger sa demande, en d\u00e9but de s\u00e9quence d\u2019APP, et l\u2019adresser au groupe (sous forme d\u2019une question, d\u2019une attente, d\u2019un titre r\u00e9sum\u00e9, etc.). Cela permet \u00e0 chacun d\u2019avoir l\u2019\u00e9crit sous les yeux et nous pouvons nous y r\u00e9f\u00e9rer ult\u00e9rieurement.<\/li>\n<li>Au sein du groupe, tous les participants peuvent partager \u00e0 un moment ou un autre leur v\u00e9cu de la s\u00e9ance. Chacun prend un temps de r\u00e9flexion individuelle puis transmet simultan\u00e9ment ce qu\u2019il a \u00e9crit au groupe, qui en prend connaissance en une fois. Cela facilite la mise en partage de ces v\u00e9cus. En revanche, au moment de l\u2019analyse par exemple, je n\u2019ai g\u00e9n\u00e9ralement pas sollicit\u00e9 les participants pour un tel partage \u00e9crit. En effet, je privil\u00e9gie un dialogue qui favorise une co-construction. Cependant, si le temps manque, l\u2019exposant peut appr\u00e9cier de recevoir par \u00e9crit des \u00e9clairages de chacun.<\/li>\n<li>En mode de conversation priv\u00e9e, la communication \u00e9crite permet \u00e0 un participant d\u2019adresser une demande \u00e0 l\u2019animateur ou \u00e0 l\u2019inverse, \u00e0 l\u2019animateur de transmettre un message \u00e0 un participant, sans interrompre le flux des \u00e9changes. Ceci peut faciliter certaines r\u00e9gulations.<\/li>\n<\/ol>\n<h6 style=\"text-align: justify;\"><strong>4.7. Partage d\u2019\u00e9cran, de fichiers, etc.<\/strong><\/h6>\n<p style=\"text-align: justify;\">Les logiciels de visio offrent diff\u00e9rentes fonctions qui permettent de varier les formes de communication. Dans les s\u00e9ances d\u2019APP v\u00e9cues \u00e0 distance, nous avons utilis\u00e9 quatre formes de partage.<\/p>\n<p style=\"text-align: justify;\"><strong>4.7.1 Le partage d\u2019\u00e9cran<\/strong><\/p>\n<p style=\"text-align: justify;\">Par exemple, des participants ont spontan\u00e9ment montr\u00e9 une image, provenant de leur ordinateur ou d\u2019un site Internet, pour exprimer une association qui leur est apparue \u00e9clairante par rapport \u00e0 la pratique analys\u00e9e. Dans un autre groupe, lors d\u2019un bilan de s\u00e9ance, j\u2019ai propos\u00e9, via le partage d\u2019\u00e9cran, une s\u00e9rie d\u2019images comme support d\u2019expression pour les participants (cartes Dixit ou photolangage). Ces modalit\u00e9s ont \u00e9veill\u00e9 de l\u2019int\u00e9r\u00eat et de la curiosit\u00e9, ont stimul\u00e9 la cr\u00e9ativit\u00e9 de chacun et ont favoris\u00e9 un partage d\u00e9tendu et \u00e9nergisant au sein du groupe.<\/p>\n<p style=\"text-align: justify;\"><strong>4.7.2 Le tableau interactif<\/strong><\/p>\n<p style=\"text-align: justify;\">Il a \u00e9t\u00e9 utilis\u00e9, pour noter des mots-cl\u00e9s, de dessiner un sch\u00e9ma, etc. (de mani\u00e8re similaire \u00e0 ceux que nous pouvons faire sur un tableau en pr\u00e9sentiel), A distance, il s\u2019est av\u00e9r\u00e9 plus ais\u00e9 de d\u00e9velopper collectivement ce type de production.<\/p>\n<p style=\"text-align: justify;\"><strong>4.7.3 La cam\u00e9ra<\/strong><\/p>\n<p style=\"text-align: justify;\">Dans un groupe, j\u2019ai invit\u00e9 les participants \u00e0 se lever et \u00e0 se d\u00e9placer dans leur environnement proche pour chercher un objet susceptible de symboliser, tel une m\u00e9taphore, un \u00e9clairage qu\u2019ils pouvaient apporter \u00e0 l\u2019exposant. \u00c0 tour de r\u00f4le, ils ont montr\u00e9 via la <em>webcam<\/em> l\u2019objet trouv\u00e9 et explicit\u00e9 leur choix. Cette activit\u00e9 a simultan\u00e9ment servi \u00e0 bouger et \u00e0 prendre une mini pause. \u00c0 une autre occasion, la cam\u00e9ra a servi \u00e0 mettre en commun des dessins produits individuellement sur une feuille.<\/p>\n<p style=\"text-align: justify;\"><strong>4.7.4 Le partage de fichiers<\/strong><\/p>\n<p style=\"text-align: justify;\">Dans la m\u00eame logique, lors d\u2019une APP, les participants ont pu communiquer au groupe, par la fonctionnalit\u00e9 de partage de fichiers, un sch\u00e9ma r\u00e9alis\u00e9 via ordinateur. Apr\u00e8s un travail en sous-groupes, cela peut servir \u00e0 la mise en commun en pl\u00e9num lorsqu\u2019il y a eu prise de notes.<\/p>\n<p style=\"text-align: justify;\">Ces quatre moyens de partage sont mobilisateurs pour les participants, pour autant qu\u2019ils ne repr\u00e9sentent pas un obstacle technique. La plupart du temps, ils sont utilis\u00e9s de mani\u00e8re libre, selon les envies de chacun. Ils servent \u00e0 d\u00e9velopper l\u2019intelligence divergente et \u00e0 dynamiser le groupe, dans un moment de courte dur\u00e9e. Un inconv\u00e9nient, c\u2019est que leur utilisation r\u00e9duite \u00e0 l\u2019\u00e9cran les visages de chacun.<\/p>\n<h4 style=\"text-align: justify;\"><strong>5. Synth\u00e8se<\/strong><\/h4>\n<p style=\"text-align: justify;\">Les retours des participants apr\u00e8s les s\u00e9ances \u00e0 distance ont \u00e9t\u00e9 g\u00e9n\u00e9ralement positifs. Ils m\u2019ont parfois \u00e9tonn\u00e9, notamment de la part de personnes qui avaient exprim\u00e9 initialement de l&rsquo;appr\u00e9hension et qui disaient ensuite : \u00ab <em>c&rsquo;\u00e9tait facile de s&rsquo;exprimer\u00a0<\/em>\u00bb ; \u00ab<em>\u00a0la s\u00e9ance fut riche, et avec de nouvelles mani\u00e8res de travailler que j&rsquo;ai bien aim\u00e9es, c\u2019\u00e9tait dynamique <\/em>\u00bb ; \u00ab<em> je n&rsquo;ai pas vu le temps passer et je ne sens pas de fatigue <\/em>\u00bb ; etc.<\/p>\n<p style=\"text-align: justify;\">Si les participants se sont ensuite r\u00e9jouis de retrouver le pr\u00e9sentiel, ils ont exprim\u00e9 la satisfaction d\u2019avoir pu maintenir la fr\u00e9quence des s\u00e9ances et continuer les APP dans la perspective d\u00e9velopp\u00e9e. Il est int\u00e9ressant de constater que dans les rencontres ult\u00e9rieures, la dynamique de travail s\u2019est poursuivie en pr\u00e9sentiel et qu\u2019elle a parfois \u00e9t\u00e9 nourrie par des adaptations qui avaient \u00e9t\u00e9 mises en \u0153uvre au niveau des processus d\u2019analyse de pratiques \u00e0 distance. Les groupes semblent ainsi avoir plut\u00f4t d\u00e9velopp\u00e9 des comp\u00e9tences et une conscience collectives. Des APP en visio, sur une ou deux s\u00e9ances, ont le potentiel d\u2019inspirer, voire d\u2019aider \u00e0 renouveler, d\u2019une certaine fa\u00e7on, les rencontres d\u2019APP en pr\u00e9sentiel.<\/p>\n<p style=\"text-align: justify;\">Il appara\u00eet donc possible de relever avec succ\u00e8s les d\u00e9fis que cela pose lorsque des conditions favorables peuvent \u00eatre r\u00e9unies et que des moyens sont mobilis\u00e9s \u00e0 cet effet, de mani\u00e8re ajust\u00e9e et dans une coh\u00e9rence, selon les objectifs vis\u00e9s. Dans les groupes que j\u2019ai \u00e9voqu\u00e9s, ces moyens ont \u00e9t\u00e9 mis en \u0153uvre dans une concertation avec les participants, avec une prise en compte de leurs besoins (voir 4.1.) et dans une continuit\u00e9 avec les s\u00e9ances qui avaient eu lieu pr\u00e9c\u00e9demment en pr\u00e9sentiel, ce qui a \u00e9t\u00e9 relev\u00e9 comme b\u00e9n\u00e9fique dans tous les groupes.<\/p>\n<p style=\"text-align: justify;\">Pour r\u00e9sumer, je propose dans le tableau ci-apr\u00e8s, sur la base de mon exp\u00e9rience, quelques liens entre les d\u00e9fis que j\u2019ai \u00e9voqu\u00e9s et diff\u00e9rents moyens que nous avons utilis\u00e9s.<\/p>\n<table width=\"604\">\n<tbody>\n<tr>\n<td style=\"border-style: solid; border-color: #adacac; text-align: left; vertical-align: top;\" width=\"236\">D\u00e9fi li\u00e9 \u00e0 une s\u00e9ance d\u2019APP en visio<\/td>\n<td style=\"border-style: solid; border-color: #adacac; text-align: left; vertical-align: top;\" width=\"369\">Moyens susceptibles d\u2019aider \u00e0 y faire face<\/td>\n<\/tr>\n<tr>\n<td style=\"border-style: solid; border-color: #adacac; text-align: left; vertical-align: top;\" width=\"236\"><em>G\u00e9n\u00e9rer de la confiance, en d\u00e9pit de la nouveaut\u00e9 et des inconforts <\/em><\/td>\n<td style=\"border-style: solid; border-color: #adacac; text-align: left; vertical-align: top;\" width=\"369\">Tour de parole des ressentis (4.1.1)<br \/>\nEchanges brefs, deux \u00e0 deux (4.1.2)<br \/>\nTravail en sous-groupes en salles virtuelles (4.5.1)<br \/>\nConcertation par rapport au d\u00e9roulement (4.1.3)<\/td>\n<\/tr>\n<tr>\n<td style=\"border-style: solid; border-color: #adacac; text-align: left; vertical-align: top;\" width=\"236\"><em>Soutenir la concentration et l\u2019implication dans l\u2019APP<br \/>\nsur une longue p\u00e9riode <\/em><\/td>\n<td style=\"border-style: solid; border-color: #adacac; text-align: left; vertical-align: top;\" width=\"369\">Adaptations du rythme (4.2.1)<br \/>\nVari\u00e9t\u00e9 des formes de travail (4.2.2)<br \/>\nMoments de pause (4.2.3)<br \/>\nTemps en individuel (4.5.2)<br \/>\nEspace de conversation \u00e9crite \u00ab <em>chat<\/em> \u00bb (4.6)<br \/>\nPartage d\u2019\u00e9cran, de fichiers, etc. (4.7)<\/td>\n<\/tr>\n<tr>\n<td style=\"border-style: solid; border-color: #adacac; text-align: left; vertical-align: top;\" width=\"236\"><em>Compenser les manques li\u00e9s \u00e0 la communication non verbale<\/em><\/td>\n<td style=\"border-style: solid; border-color: #adacac; text-align: left; vertical-align: top;\" width=\"369\">Codes et gestes de communication (4.4)<br \/>\nPartage d\u2019\u00e9cran, de fichiers, etc. (4.7)<\/td>\n<\/tr>\n<tr>\n<td style=\"border-style: solid; border-color: #adacac; text-align: left; vertical-align: top;\" width=\"236\"><em>Favoriser une prise de parole souple et dynamique<\/em><\/td>\n<td style=\"border-style: solid; border-color: #adacac; text-align: left; vertical-align: top;\" width=\"369\">Utilisation d\u2019un b\u00e2ton de parole symbolique (4.3.1) Tour de parole (4.3.2)<br \/>\nCodes et gestes de communication (4.4)<\/td>\n<\/tr>\n<tr>\n<td style=\"border-style: solid; border-color: #adacac; text-align: left; vertical-align: top;\" width=\"236\"><em>D\u00e9velopper la reliance et le sens du collectif<\/em><\/td>\n<td style=\"border-style: solid; border-color: #adacac; text-align: left; vertical-align: top;\" width=\"369\">Tour de parole des ressentis (4.1.1 et 4.3.2)<br \/>\nConcertation par rapport au d\u00e9roulement (4.1.3)<br \/>\nSynth\u00e8ses, mises en perspective et r\u00e9gulations (4.2.4)<\/td>\n<\/tr>\n<tr>\n<td style=\"border-style: solid; border-color: #adacac; text-align: left; vertical-align: top;\" width=\"236\"><em>\u00catre, en tant qu\u2019animateur, contenant pour le groupe, sans prendre trop de place<\/em><\/td>\n<td style=\"border-style: solid; border-color: #adacac; text-align: left; vertical-align: top;\" width=\"369\">Concertation par rapport au d\u00e9roulement (4.1.3)<br \/>\nSynth\u00e8ses, mises en perspective et r\u00e9gulations (4.2.4) Modalit\u00e9s de communication (4.3)<br \/>\nCodes et gestes de communication (4.4)<br \/>\nEspace de conversation \u00e9crite \u00ab <em>chat<\/em> \u00bb (4.6)<\/td>\n<\/tr>\n<\/tbody>\n<\/table>\n<p style=\"text-align: center;\"><strong>\u00a0<\/strong><em>Tableau 2\u00a0: quelques moyens pour relever les d\u00e9fis d\u2019une s\u00e9ance d\u2019APP en visio<\/em><\/p>\n<h4><strong>6. Pour conclure<\/strong><\/h4>\n<p style=\"text-align: justify;\">Travailler en APP dans des dynamiques d\u2019intelligence collective et de r\u00e9flexivit\u00e9 n\u2019est jamais une routine. Cela n\u00e9cessite une attention et un ajustement continus aux potentialit\u00e9s pr\u00e9sentes, comme aux contraintes de la situation. \u00c0 distance, ces derni\u00e8res sont nombreuses.<\/p>\n<p style=\"text-align: justify;\">Diff\u00e9rents moyens sont susceptibles d\u2019aider, non pas \u00e0 remplacer le pr\u00e9sentiel, mais \u00e0 compenser les inconv\u00e9nients du distanciel. Ils ne sont \u00e9videmment pas une panac\u00e9e et gagnent \u00e0 \u00eatre employ\u00e9s en combinaison et dans une concertation avec les participants. Il s\u2019agit de veiller \u00e0 la coh\u00e9rence des modalit\u00e9s d\u2019analyse de pratiques mobilis\u00e9es dans une perspective d\u2019intelligence collective. Leur utilisation requiert \u00e0 chaque fois beaucoup d\u2019attention et de v\u00e9rification. Le risque est toujours pr\u00e9sent de produire des effets contraires \u00e0 ceux recherch\u00e9s, par exemple en venant compliquer l\u2019apprentissage par les participants.<\/p>\n<p style=\"text-align: justify;\">Les exp\u00e9riences que j\u2019ai eu l\u2019occasion de vivre, m\u00eames si elles sont limit\u00e9es \u00e0 sept groupes, m\u2019ont convaincu que le jeu en vaut la chandelle lorsqu\u2019il n\u2019y a pas d\u2019alternative au pr\u00e9sentiel. Une s\u00e9ance d\u2019APP en visio ne n\u00e9cessite pas de renoncer \u00e0 d\u00e9velopper des dialogues fructueux en synergie. Elle offre l\u2019occasion d\u2019enrichir les \u00e9changes que le groupe peut d\u00e9velopper sur les mani\u00e8res de travailler en intelligence collective, malgr\u00e9 la distance. Elle permet d\u2019apprendre ensemble \u00e0 r\u00e9guler les processus d\u2019APP et la communication. Elle peut mobiliser des ressources et des potentiels de cr\u00e9ativit\u00e9 pr\u00e9sents dans le groupe.<\/p>\n<h4><strong>R\u00e9f\u00e9rences bibliographiques<\/strong><\/h4>\n<p>Rebetez, F. (2018). Intelligence collective et construction collective de sens dans l\u2019APP. In <em>Revue de l\u2019analyse de pratiques professionnelles<\/em>, 13, pp. 39-50. <a href=\"http:\/\/www.analysedepratique.org\/?p=3044\">http:\/\/www.analysedepratique.org\/?p=3044<\/a>.<\/p>\n<p>Thi\u00e9baud, M. (2020a). Quelques points d\u2019attention pour la pr\u00e9paration et l\u2019animation de s\u00e9ances d\u2019analyse de pratiques en visioconf\u00e9rence. In <em>Revue de l\u2019analyse de pratiques professionnelles<\/em>, pp. 52-61. <a href=\"http:\/\/www.analysedepratique.org\/?p=3742\">http:\/\/www.analysedepratique.org\/?p=3742<\/a>.<\/p>\n<p>Thi\u00e9baud, M. (2020b). Des outils techniques pour travailler en visioconf\u00e9rence. In <em>Revue de l\u2019analyse de pratiques professionnelles<\/em>, pp. 61-66. <a href=\"http:\/\/www.analysedepratique.org\/?p=3745\">http:\/\/www.analysedepratique.org\/?p=3745<\/a>.<\/p>\n<p>Thi\u00e9baud, M. (2020c). Dialoguer entre praticiens des groupes de cod\u00e9veloppement et d\u2019analyse de pratiques professionnelles. In <em>Revue de l\u2019analyse de pratiques professionnelles<\/em>, pp. 5-23 et <em>Le Cod\u00e9veloppeur<\/em>, vol 6, no 3. <a href=\"http:\/\/www.analysedepratique.org\/?p=3875\">http:\/\/www.analysedepratique.org\/?p=3875<\/a> et <a href=\"https:\/\/www.aqcp.org\/wp-content\/uploads\/1-marc-thiebaud-revue-app-21juin2020.pdf\">https:\/\/www.aqcp.org\/wp-content\/uploads\/1-marc-thiebaud-revue-app-21juin2020.pdf<\/a>.<\/p>\n<p>Thi\u00e9baud, M. &amp; Bichsel, J. (2019a). Animer un groupe d\u2019analyse de pratique professionnelles\u00a0: mobiliser diverses formes de r\u00e9gulation. In <em>Revue de l\u2019analyse de pratiques professionnelles<\/em>, pp. 74-96. <a href=\"http:\/\/www.analysedepratique.org\/?p=3188\">http:\/\/www.analysedepratique.org\/?p=3188<\/a>.<\/p>\n<p>Thi\u00e9baud, M. &amp; Bichsel, J. (2019b). Temps \u00ab m\u00e9ta \u00bb dans les groupes d\u2019analyse de pratiques. In <em>Revue de l\u2019analyse de pratiques professionnelles<\/em>, 14, pp 97-111. <a href=\"http:\/\/www.analysedepratique.org\/?p=3190\">http:\/\/www.analysedepratique.org\/?p=3190<\/a>.<\/p>\n<p>Thi\u00e9baud, M. (2018a). Accompagnement et analyse de pratiques professionnelles en groupe. In <em>Revue de l\u2019analyse de pratiques professionnelles<\/em>, 12, pp. 13-30. <a href=\"http:\/\/www.analysedepratique.org\/?p=2862\">http:\/\/www.analysedepratique.org\/?p=2862<\/a>.<\/p>\n<p>Thi\u00e9baud, M. (2018b). Intelligence collective et analyse de pratiques en groupe\u00a0: six dynamiques mobilis\u00e9es. In <em>Revue de l\u2019analyse de pratiques professionnelles<\/em>, pp. 18-38. <a href=\"http:\/\/www.analysedepratique.org\/?p=3048\">http:\/\/www.analysedepratique.org\/?p=3048<\/a>.<\/p>\n<p>Thi\u00e9baud, M. (2013). Multiples b\u00e9n\u00e9fices de l\u2019analyse de pratiques professionnelles en groupe : quels \u00e9l\u00e9ments cl\u00e9s les favorisent ?. In <em>Revue de l\u2019analyse de pratiques professionnelles<\/em>, 1, pp 61-72.\u00a0 <a href=\"http:\/\/www.analysedepratique.org\/?p=54\">http:\/\/www.analysedepratique.org\/?p=54<\/a>.<\/p>\n<p>Thi\u00e9baud, M. &amp; Vacher, Y. (2020). L\u2019analyse de pratiques professionnelles dans une perspective d\u2019accompagnement, d\u2019intelligence collective et de r\u00e9flexivit\u00e9. In <em>Revue de l\u2019analyse de pratiques professionnelles<\/em>, pp. 43-69. <a href=\"http:\/\/www.analysedepratique.org\/?p=3716\">http:\/\/www.analysedepratique.org\/?p=3716<\/a>.<\/p>\n<p>Thi\u00e9baud, M. &amp; Vacher, Y. (coord.) (2018a). Dynamiques d\u2019intelligence collective au sein des groupes d\u2019APP.\u00a0 <em>Revue de l\u2019analyse de pratiques professionnelles<\/em>, 101 pages. <a href=\"http:\/\/www.analysedepratique.org\/?p=3038\">http:\/\/www.analysedepratique.org\/?p=3038<\/a>.<\/p>\n<p>Thi\u00e9baud, M. &amp; Vacher, Y. (2018b). Explorer les dynamiques d\u2019intelligence collective en APP favorisant l\u2019\u00e9mergence de l\u2019in\u00e9dit et de plus-values qui d\u00e9passent les apports individuels. In Revue de l\u2019analyse de pratiques professionnelles, No 13, pp. 4-17. <a href=\"http:\/\/www.analysedepratique.org\/?p=3042\">http:\/\/www.analysedepratique.org\/?p=3042<\/a>.<\/p>\n<p>Vacher, Y. (2018). Dynamiques d\u2019interaction et intelligence collective en APP\u00a0: un regard sur la communication. In <em>Revue de l\u2019analyse de pratiques professionnelles<\/em>, No 13, pp. 51-74. <a href=\"http:\/\/www.analysedepratique.org\/?p=3046\">http:\/\/www.analysedepratique.org\/?p=3046<\/a>.<\/p>\n<p>&nbsp;<\/p>\n<a href=\"#\" class=\"shortcode button  \" style=\"background-color: silver;\" target=\"\" onclick=\"\"> Haut de page<\/a>\n<p>&nbsp;<\/p>\n<p>&nbsp;<\/p>\n<p><a href=\"#_ftnref1\" name=\"_ftn1\"><\/a><\/p>\n<p>&nbsp;<\/p>\n<p><a href=\"#_ftnref1\" name=\"_ftn1\"><\/a><\/p>\n<p>&nbsp;<\/p>\n<div id=\"themify_builder_content-4624\" data-postid=\"4624\" class=\"themify_builder_content themify_builder_content-4624 themify_builder themify_builder_front\">\n\n\t<\/div>\n<!-- \/themify_builder_content -->","protected":false},"excerpt":{"rendered":"<p>&nbsp; Marc Thi\u00e9baud Psychologue, sp\u00e9cialiste de l&rsquo;accompagnement et de l&rsquo;animation de groupe, Suisse thiebaud[arobase]formaction.ch R\u00e9sum\u00e9 Les analyses de pratiques professionnelles (APP) \u00e0 distance pr\u00e9sentent des contraintes significatives qui n\u00e9cessitent la mise en \u0153uvre de diff\u00e9rentes adaptations. Ces derni\u00e8res apparaissent d\u2019autant plus importantes que la d\u00e9marche d\u2019APP mobilis\u00e9e vise \u00e0 favoriser des dynamiques d\u2019intelligence collective et [&hellip;]<\/p>\n","protected":false},"author":2,"featured_media":0,"comment_status":"open","ping_status":"open","sticky":false,"template":"","format":"standard","meta":{"_jetpack_newsletter_access":"","_jetpack_dont_email_post_to_subs":false,"_jetpack_newsletter_tier_id":0,"_jetpack_memberships_contains_paywalled_content":false,"_jetpack_memberships_contains_paid_content":false,"footnotes":""},"categories":[8,10,197],"tags":[48,371,362,31,459],"class_list":["post-4624","post","type-post","status-publish","format-standard","hentry","category-thiebaud","category-1texte","category-techniques-et-outils","tag-animation","tag-communication","tag-intelligence-collective","tag-reflexivite","tag-visioconference","has-post-title","no-post-date","has-post-category","has-post-tag","has-post-comment","has-post-author"],"jetpack_featured_media_url":"","jetpack_shortlink":"https:\/\/wp.me\/p3VXfJ-1cA","jetpack_sharing_enabled":true,"_links":{"self":[{"href":"https:\/\/www.analysedepratique.org\/index.php?rest_route=\/wp\/v2\/posts\/4624","targetHints":{"allow":["GET"]}}],"collection":[{"href":"https:\/\/www.analysedepratique.org\/index.php?rest_route=\/wp\/v2\/posts"}],"about":[{"href":"https:\/\/www.analysedepratique.org\/index.php?rest_route=\/wp\/v2\/types\/post"}],"author":[{"embeddable":true,"href":"https:\/\/www.analysedepratique.org\/index.php?rest_route=\/wp\/v2\/users\/2"}],"replies":[{"embeddable":true,"href":"https:\/\/www.analysedepratique.org\/index.php?rest_route=%2Fwp%2Fv2%2Fcomments&post=4624"}],"version-history":[{"count":30,"href":"https:\/\/www.analysedepratique.org\/index.php?rest_route=\/wp\/v2\/posts\/4624\/revisions"}],"predecessor-version":[{"id":4865,"href":"https:\/\/www.analysedepratique.org\/index.php?rest_route=\/wp\/v2\/posts\/4624\/revisions\/4865"}],"wp:attachment":[{"href":"https:\/\/www.analysedepratique.org\/index.php?rest_route=%2Fwp%2Fv2%2Fmedia&parent=4624"}],"wp:term":[{"taxonomy":"category","embeddable":true,"href":"https:\/\/www.analysedepratique.org\/index.php?rest_route=%2Fwp%2Fv2%2Fcategories&post=4624"},{"taxonomy":"post_tag","embeddable":true,"href":"https:\/\/www.analysedepratique.org\/index.php?rest_route=%2Fwp%2Fv2%2Ftags&post=4624"}],"curies":[{"name":"wp","href":"https:\/\/api.w.org\/{rel}","templated":true}]}}