{"id":4583,"date":"2021-05-04T17:46:53","date_gmt":"2021-05-04T16:46:53","guid":{"rendered":"http:\/\/www.analysedepratique.org\/?p=4583"},"modified":"2021-06-06T17:19:56","modified_gmt":"2021-06-06T16:19:56","slug":"editorial-numero-20","status":"publish","type":"post","link":"https:\/\/www.analysedepratique.org\/?p=4583","title":{"rendered":"Editorial &#8211; num\u00e9ro 20"},"content":{"rendered":"<p>&nbsp;<\/p>\n<h3><em><strong>Durant la pand\u00e9mie,\u00a0comment les APP se sont-elles d\u00e9velopp\u00e9es ?<\/strong><\/em><i><\/i><\/h3>\n<h3><em><strong>\u00a0<\/strong><\/em><\/h3>\n<p style=\"text-align: justify;\">Ce vingti\u00e8me num\u00e9ro de la Revue de l\u2019analyse de pratiques professionnelles para\u00eet apr\u00e8s plus d\u2019un an de pand\u00e9mie qui affecte, voire bouleverse, nos vies et nos pratiques professionnelles.<\/p>\n<p style=\"text-align: justify;\">Douze mois apr\u00e8s la parution d\u2019un premier num\u00e9ro sp\u00e9cial <em>\u00ab\u00a0Faire des s\u00e9ances d\u2019analyse de pratiques \u00e0 distance : exp\u00e9riences, r\u00e9flexions et ressources\u00a0\u00bb<\/em>, nous avons pu observer que les analyses de pratiques ont \u00e9t\u00e9 parfois perturb\u00e9es, mais qu\u2019elles ont continu\u00e9 \u00e0 se d\u00e9velopper, moyennant diverses adaptations, notamment avec le travail \u00e0 distance.<\/p>\n<p style=\"text-align: justify;\">Quels impacts la pand\u00e9mie a-t-elle eus sur les analyses de pratiques\u00a0? A quels besoins, quelles attentes, les APP ont-elles pu r\u00e9pondre durant cette ann\u00e9e \u00e9coul\u00e9e ? Quelles exp\u00e9riences ont \u00e9t\u00e9 v\u00e9cues ? Quels apprentissages peuvent en \u00eatre tir\u00e9s ?<\/p>\n<p style=\"text-align: justify;\">Un appel \u00e0 contributions sur le sujet a \u00e9t\u00e9 adress\u00e9 en mars 2021 et une vingtaine de r\u00e9ponses nous sont parvenues avec des propositions de t\u00e9moignages et de textes.<\/p>\n<p style=\"text-align: justify;\">Les \u00e9crits re\u00e7us ont \u00e9t\u00e9 regroup\u00e9s dans ce num\u00e9ro avec six articles qui offrent un large \u00e9ventail d\u2019exp\u00e9riences et de r\u00e9flexions.<\/p>\n<p style=\"text-align: justify;\">Ils permettent notamment de d\u00e9couvrir, \u00e0 travers les t\u00e9moignages de personnes qui animent des groupes d\u2019APP ou qui y participent :<\/p>\n<ul style=\"text-align: justify;\">\n<li style=\"text-align: left;\">Comment la pand\u00e9mie a affect\u00e9 (ou non) les analyses de pratiques ? Qu\u2019est-ce qui a chang\u00e9 et qu\u2019est-ce qui n\u2019a pas chang\u00e9 ?<\/li>\n<li style=\"text-align: left;\">Quelles adaptations ont \u00e9t\u00e9 mises en \u0153uvre pour la poursuite des activit\u00e9s d\u2019APP ?<\/li>\n<li style=\"text-align: left;\">Quels moyens ont \u00e9t\u00e9 mobilis\u00e9s pour faciliter des APP en visio ?<\/li>\n<li style=\"text-align: left;\">Comment celles-ci ont-elles \u00e9t\u00e9 v\u00e9cues ? Avec quelle aisance\u00a0? Quelles difficult\u00e9s ont \u00e9t\u00e9 rencontr\u00e9es ? Quelles pr\u00e9cautions ont \u00e9t\u00e9 prises ?<\/li>\n<li style=\"text-align: left;\">Quels b\u00e9n\u00e9fices (habituels ou nouveaux) ont-elles produits ? Quelles satisfactions et insatisfactions pour les participant.e.s ? Et pour la personne charg\u00e9e de l\u2019animation ?<\/li>\n<li style=\"text-align: left;\">Quels apprentissages et quels changements cela a-t-il g\u00e9n\u00e9r\u00e9s ?<\/li>\n<li style=\"text-align: left;\">Quelles perspectives de d\u00e9veloppement ? Quelles \u00e9volutions possibles pour l\u2019avenir ?<\/li>\n<\/ul>\n<p style=\"text-align: justify;\">Nous remercions chaleureusement les auteur.e.s pour leurs contributions et nous vous rappelons que nous accueillons tr\u00e8s volontiers, en tout temps, vos t\u00e9moignages, vos propositions d\u2019\u00e9crits en lien avec les sujets relatifs \u00e0 l\u2019APP qui vous int\u00e9ressent.<\/p>\n<p style=\"text-align: justify;\">Suite aux trois num\u00e9ros th\u00e9matiques parus durant les douze mois \u00e9coul\u00e9s, nous aurons le plaisir de publier prochainement un nouveau num\u00e9ro varia.<\/p>\n<p style=\"text-align: justify;\">D\u2019ici l\u00e0, nous vous souhaitons une excellente lecture et un heureux retour vers une vie de post-confinement.<\/p>\n<p>Pour l\u2019\u00e9quipe de la revue de l\u2019APP<\/p>\n<p>Marc Thi\u00e9baud<\/p>\n<p>Coordinateur du num\u00e9ro 20<\/p>\n<p>&nbsp;<\/p>\n<p><strong>Sommaire<\/strong><\/p>\n<p>&nbsp;<\/p>\n<p><a href=\"https:\/\/www.analysedepratique.org\/?p=4585\">Article collectif<\/a><\/p>\n<p><em>T\u00e9moignages d\u2019exp\u00e9riences v\u00e9cues en analyse de pratiques <\/em><em>durant le temps de pand\u00e9mie<\/em><\/p>\n<p><a href=\"https:\/\/www.analysedepratique.org\/?p=4588\">Collectif<\/a><\/p>\n<p><em>Partage d\u2019exp\u00e9riences dans l\u2019animation de groupes d&rsquo;analyse de pratiques professionnelles durant la pand\u00e9mie<\/em><\/p>\n<p><a href=\"https:\/\/www.analysedepratique.org\/?p=4590\">Marie Paule Thollon Behar<\/a><\/p>\n<p><em>L\u2019analyse de la pratique dans les cr\u00e8ches au temps du Covid<\/em><\/p>\n<p><a href=\"https:\/\/www.analysedepratique.org\/?p=4597\">Florence Arnal, Magali Aubac Camelio, C\u00e9cile Pierre et Robert Rubio<\/a><\/p>\n<p><em>Une premi\u00e8re exp\u00e9rience d\u2019APP \u00e0 distance\u00a0pour des cadres de sant\u00e9 formateurs : une exp\u00e9rience paradoxale f\u00e9d\u00e9ratrice<\/em><\/p>\n<p><a href=\"https:\/\/www.analysedepratique.org\/?p=4609\">Sara Creissen<\/a><\/p>\n<p><em>T\u00e9moignage sur l\u2019animation de s\u00e9ances d\u2019APP en visioconf\u00e9rence aupr\u00e8s de professeur.e.s en formation continue<\/em><\/p>\n<p><a href=\"https:\/\/www.analysedepratique.org\/?p=4624\">Marc Thi\u00e9baud<\/a><\/p>\n<p><em>D\u00e9velopper dans un groupe d\u2019analyse de pratiques \u00e0 distance de nouvelles modalit\u00e9s de communication et de travail pour favoriser des dynamiques d\u2019intelligence collective et de r\u00e9flexivit\u00e9<\/em><\/p>\n<p><em><br \/>\nR\u00e9f\u00e9rencement<\/em><\/p>\n<p>Thi\u00e9baud, M. (coord.) (2021). Durant l\u2019ann\u00e9e de pand\u00e9mie, comment les APP se sont-elles d\u00e9velopp\u00e9es ?. <em>Revue de l\u2019analyse de pratiques professionnelles.<\/em> No 20, 79 pages.\u00a0 <a href=\"http:\/\/www.analysedepratique.org\/?p=4581\">http:\/\/www.analysedepratique.org\/?p=4581<\/a>.<\/p>\n<div id=\"themify_builder_content-4583\" data-postid=\"4583\" class=\"themify_builder_content themify_builder_content-4583 themify_builder themify_builder_front\">\n\n\t<\/div>\n<!-- \/themify_builder_content -->","protected":false},"excerpt":{"rendered":"<p>&nbsp; Durant la pand\u00e9mie,\u00a0comment les APP se sont-elles d\u00e9velopp\u00e9es ? \u00a0 Ce vingti\u00e8me num\u00e9ro de la Revue de l\u2019analyse de pratiques professionnelles para\u00eet apr\u00e8s plus d\u2019un an de pand\u00e9mie qui affecte, voire bouleverse, nos vies et nos pratiques professionnelles. Douze mois apr\u00e8s la parution d\u2019un premier num\u00e9ro sp\u00e9cial \u00ab\u00a0Faire des s\u00e9ances d\u2019analyse de pratiques \u00e0 [&hellip;]<\/p>\n","protected":false},"author":2,"featured_media":0,"comment_status":"open","ping_status":"open","sticky":false,"template":"","format":"standard","meta":{"_jetpack_newsletter_access":"","_jetpack_dont_email_post_to_subs":false,"_jetpack_newsletter_tier_id":0,"_jetpack_memberships_contains_paywalled_content":false,"_jetpack_memberships_contains_paid_content":false,"footnotes":""},"categories":[40],"tags":[],"class_list":["post-4583","post","type-post","status-publish","format-standard","hentry","category-editorial","has-post-title","no-post-date","has-post-category","has-post-tag","has-post-comment","has-post-author"],"jetpack_featured_media_url":"","jetpack_shortlink":"https:\/\/wp.me\/p3VXfJ-1bV","jetpack_sharing_enabled":true,"_links":{"self":[{"href":"https:\/\/www.analysedepratique.org\/index.php?rest_route=\/wp\/v2\/posts\/4583","targetHints":{"allow":["GET"]}}],"collection":[{"href":"https:\/\/www.analysedepratique.org\/index.php?rest_route=\/wp\/v2\/posts"}],"about":[{"href":"https:\/\/www.analysedepratique.org\/index.php?rest_route=\/wp\/v2\/types\/post"}],"author":[{"embeddable":true,"href":"https:\/\/www.analysedepratique.org\/index.php?rest_route=\/wp\/v2\/users\/2"}],"replies":[{"embeddable":true,"href":"https:\/\/www.analysedepratique.org\/index.php?rest_route=%2Fwp%2Fv2%2Fcomments&post=4583"}],"version-history":[{"count":16,"href":"https:\/\/www.analysedepratique.org\/index.php?rest_route=\/wp\/v2\/posts\/4583\/revisions"}],"predecessor-version":[{"id":4721,"href":"https:\/\/www.analysedepratique.org\/index.php?rest_route=\/wp\/v2\/posts\/4583\/revisions\/4721"}],"wp:attachment":[{"href":"https:\/\/www.analysedepratique.org\/index.php?rest_route=%2Fwp%2Fv2%2Fmedia&parent=4583"}],"wp:term":[{"taxonomy":"category","embeddable":true,"href":"https:\/\/www.analysedepratique.org\/index.php?rest_route=%2Fwp%2Fv2%2Fcategories&post=4583"},{"taxonomy":"post_tag","embeddable":true,"href":"https:\/\/www.analysedepratique.org\/index.php?rest_route=%2Fwp%2Fv2%2Ftags&post=4583"}],"curies":[{"name":"wp","href":"https:\/\/api.w.org\/{rel}","templated":true}]}}