{"id":4415,"date":"2021-03-07T10:56:34","date_gmt":"2021-03-07T09:56:34","guid":{"rendered":"http:\/\/www.analysedepratique.org\/?p=4415"},"modified":"2021-10-19T11:53:09","modified_gmt":"2021-10-19T10:53:09","slug":"temoignages-sur-le-parcours-de-formation-a-lanimation-de-groupes-danalyse-de-pratiques-professionnelles-dans-lacademie-de-poitiers-2017-2020","status":"publish","type":"post","link":"https:\/\/www.analysedepratique.org\/?p=4415","title":{"rendered":"T\u00e9moignages sur le parcours de formation \u00e0 l\u2019animation de groupes d\u2019analyse de pratiques professionnelles dans l\u2019acad\u00e9mie de Poitiers (2017-2020)"},"content":{"rendered":"<p>&nbsp;<\/p>\n<table style=\"height: 138px; width: 599px;\" border=\"0\" width=\"599\" cellspacing=\"0\" cellpadding=\"0\">\n<tbody>\n<tr>\n<td style=\"width: 303px;\" valign=\"top\" width=\"319\">\n<h3><em><strong>Emmanuel Marzi<\/strong><\/em><\/h3>\n<p><em>Professeur-formateur\u00a0<\/em><\/p>\n<p><em><a href=\"mailto:Emmanuel.Marzi@ac-poitiers.fr\">Emmanuel.Marzi[arobase]ac-poitiers.fr<\/a><\/em><\/td>\n<td style=\"width: 294px;\" valign=\"top\" width=\"307\">\n<h3><em><strong>Joelle Souchaud<\/strong><\/em><\/h3>\n<p><em>Professeure formatrice<\/em><\/p>\n<p><em><a href=\"mailto:Joelle.Souchaud@ac-poitiers.fr\">Joelle.Souchaud[arobase]ac-poitiers.fr<\/a><\/em><\/td>\n<\/tr>\n<\/tbody>\n<\/table>\n<h3><\/h3>\n<h3 class=\"Standard\" style=\"line-height: normal; tab-stops: 21.3pt;\"><em><b><span lang=\"FR\" style=\"font-size: 11.0pt; font-family: 'Lucida Sans Unicode',sans-serif; color: windowtext;\">Virginie Roche<\/span><\/b><\/em><\/h3>\n<p><em><span lang=\"FR\">Professeure formatrice<\/span><\/em><\/p>\n<p><em><span lang=\"FR\"><a href=\"mailto:virginie.roche@ac-poitiers.fr\">virginie.roche[arobase]ac-poitiers.fr<\/a><\/span><\/em><\/p>\n<h5><\/h5>\n<p>&nbsp;<\/p>\n<h4><i>R\u00e9sum\u00e9<\/i><\/h4>\n<p style=\"text-align: justify;\">Cet article pr\u00e9sente trois t\u00e9moignages de formateurs ayant particip\u00e9 \u00e0 un dispositif de formation modulaire \u00e0 l\u2019animation de groupes d\u2019analyse de pratiques professionnelles (APP). Ils t\u00e9moignent de l\u2019importance de la ma\u00eetrise des techniques de questionnement propres \u00e0 l\u2019explicitation et des effets de cette formation tant sur les savoirs professionnels (au-del\u00e0 m\u00eame de la formation) que sur l\u2019identit\u00e9 professionnelle, sans oublier le r\u00f4le soutenant de l\u2019environnement professionnel.<\/p>\n<h5><em>Mots-cl\u00e9s\u00a0<\/em><\/h5>\n<p>prise de conscience, entretien d\u2019explicitation, supervision<\/p>\n<h5><em>Cat\u00e9gorie d&rsquo;article\u00a0<\/em><\/h5>\n<p>T\u00e9moignage<\/p>\n<h5><em>R\u00e9f\u00e9rencement\u00a0<\/em><\/h5>\n<p>Marzi, E., Souchaud, J. et Roche, V. (2021). T\u00e9moignages sur le parcours de formation \u00e0 l\u2019animation de groupes d\u2019analyse de pratiques professionnelles dans l\u2019acad\u00e9mie de Poitiers (2017-2020). In <em>Revue de l\u2019analyse de pratiques professionnelles<\/em>, No 19, pp. 163-167. <u>http:\/\/www.analysedepratique.org\/?p=4415<\/u>.<\/p>\n<hr class=\"shortcode hr light-gray\" style=\"border-width:1px;\" \/> <a href=\"http:\/\/www.analysedepratique.org\/wp-content\/uploads\/marzi-souchaud-roche-revue-app-mars2021.pdf\"><img loading=\"lazy\" decoding=\"async\" class=\"alignnone\" src=\"https:\/\/www.analysedepratique.org\/wp-content\/uploads\/download-icon.png\" alt=\"download-icon\" width=\"24\" height=\"29\" \/><\/a>\u00a0<a href=\"http:\/\/www.analysedepratique.org\/wp-content\/uploads\/marzi-souchaud-roche-revue-app-mars2021.pdf\">Article en PDF<\/a>\u00a0\u00a0\u00a0 \u00a0\u00a0 \u00a0\u00a0 \u00a0\u00a0 <a href=\"#co\"><img loading=\"lazy\" decoding=\"async\" src=\"https:\/\/www.analysedepratique.org\/wp-content\/uploads\/et-info-comment.png\" alt=\"et-info-comment\" width=\"30\" height=\"31\" \/><\/a>\u00a0<a href=\"#co\">Commentaires<\/a><\/p>\n<p>&nbsp;<\/p>\n<hr \/>\n<h5><strong><em>Testimonies on the training course for facilitating professional practice analysis groups in the Poitiers academy (2017-2020)<\/em><\/strong><\/h5>\n<h5><em>Abstract<\/em><\/h5>\n<p style=\"text-align: justify;\">This article presents three testimonies from trainers who participated in a modular training program for facilitating professional practice analysis groups (APP). They testify to the importance of mastering the questioning techniques specific to explicitation and the effects of this training both on professional knowledge (beyond the training itself) and on professional identity, without forgetting the supporting role of the professional environment.<\/p>\n<h5><em>Keywords<\/em><\/h5>\n<p>awareness, explanatory interview, supervision<\/p>\n<hr \/>\n<p>&nbsp;<\/p>\n<p>[toc]<\/p>\n<h4><strong>Le t\u00e9moignage d\u2019Emmanuel Marzi<\/strong><\/h4>\n<p style=\"text-align: justify;\">Entre 2017 et 2019, dans l\u2019acad\u00e9mie de Poitiers, j\u2019ai \u00e9t\u00e9 form\u00e9 par P. P\u00e9aud \u00e0 plusieurs dispositifs d\u2019analyse de pratiques qui utilisent la technique de questionnement de l\u2019entretien d\u2019explicitation\u00a0: entretiens individuels d\u2019explicitation, techniques de changement, groupes d\u2019analyse de pratiques, jeux de r\u00f4le (voir P\u00e9aud, 2021). Connaissant d\u00e9j\u00e0 des dispositifs d\u2019analyse de pratiques d\u00e9riv\u00e9s de la psychanalyse, c\u2019\u00e9tait pour moi une v\u00e9ritable d\u00e9couverte et un v\u00e9ritable enrichissement dans la mesure o\u00f9 ces processus sont davantage orient\u00e9s vers l\u2019action. J\u2019ai utilis\u00e9 en tant que formateur ces techniques d\u2019analyse de pratiques dans le cadre de la formation des n\u00e9o-titulaires, mais \u00e9galement l\u2019explicitation en entretien individuel, en tant que professeur, avec certains \u00e9tudiants en demande de m\u00e9thodes de travail.<\/p>\n<p style=\"text-align: justify;\">Je vois d\u2019embl\u00e9e deux grandes lignes de force de ces dispositifs. D\u2019abord, le caract\u00e8re hautement subjectif et singulier des prises de conscience qu\u2019ils peuvent produire, et ce dans un grand respect de la personne et avec une grande d\u00e9licatesse. La m\u00e9thode employ\u00e9e dans tous ces dispositifs am\u00e8ne en effet la personne qui en est le centre \u00e0 prendre conscience de \u00ab\u00a0r\u00e8gles d\u2019action\u00a0\u00bb qui lui sont sp\u00e9cifiques et particuli\u00e8res, et qu\u2019elle d\u00e9gage par ailleurs elle-m\u00eame, orient\u00e9e seulement par des questions dans le registre descriptif. On est tr\u00e8s loin de listes de \u00ab\u00a0recettes\u00a0\u00bb \u00e0 appliquer. La seconde force de ces dispositifs, \u00e0 mon avis, c\u2019est que leurs protocoles, orient\u00e9s vers la dimension de l\u2019action, sont faits de sorte \u00e0 court-circuiter\u00a0la \u00ab\u00a0plainte\u00a0\u00bb. Si celle-ci peut avoir son importance en d\u00e9but d\u2019analyse de pratiques, il s\u2019agit en effet, pour avancer, de ne pas y rester enferm\u00e9, de ne pas rester confin\u00e9 (!) dans des repr\u00e9sentations mentales ou des affects ayant une fonction d\u00e9fensive, et permettant au sujet d\u2019\u00e9viter le c\u0153ur du probl\u00e8me.<\/p>\n<p style=\"text-align: justify;\">Une difficult\u00e9 rencontr\u00e9e avec certains groupes fut de faire entrer tous les stagiaires dans le dispositif, jug\u00e9 trop technique. Autre difficult\u00e9 plus personnelle, le \u00ab\u00a0service apr\u00e8s-vente\u00a0\u00bb, c\u2019est-\u00e0-dire l\u2019accompagnement de la mise en \u0153uvre d\u2019un tel dispositif. L\u2019apprentissage et la ma\u00eetrise des protocoles (dont certains sont complexes) n\u00e9cessite une \u00e9tude approfondie, mais surtout entretien et entra\u00eenement qui n\u2019ont pas pu se mat\u00e9rialiser. L\u2019impl\u00e9mentation de ces dispositifs demande en effet \u00e0 l\u2019animateur de bien conna\u00eetre ces protocoles, d\u2019animer le groupe, enfin de savoir rep\u00e9rer les moments-cl\u00e9s du travail o\u00f9 les prises de conscience vont se faire.<\/p>\n<p style=\"text-align: justify;\">On se r\u00e9jouit apr\u00e8s-coup, suite \u00e0 la r\u00e9p\u00e9tition de questions portant sur la description de l\u2019action, d\u2019avoir vu progressivement le sujet faire appara\u00eetre, mettre au jour, certaines de ses \u00ab\u00a0r\u00e8gles d\u2019action\u00a0\u00bb, ou certains enjeux d\u2019une situation, initialement cach\u00e9s. Dans tous les cas, une information nouvelle appara\u00eet, qui permet au sujet de \u00ab\u00a0changer de regard\u00a0\u00bb par rapport au probl\u00e8me apport\u00e9 initialement.<\/p>\n<h4 style=\"text-align: justify;\"><strong>Le t\u00e9moignage de Joelle Souchaud<\/strong><\/h4>\n<p style=\"text-align: justify;\">Depuis 20017, j&rsquo;ai suivi plusieurs formations\u00a0: analyses de pratiques en groupe, jeux de r\u00f4les, entretiens vid\u00e9o et entretiens d&rsquo;explicitation.Ces formations m&rsquo;ont permis d&rsquo;une part d&rsquo;approfondir ma r\u00e9flexion sur le m\u00e9tier d&rsquo;enseignant, sur ses implications dans les domaines p\u00e9dagogique et didactique, sur ses difficult\u00e9s, sur la n\u00e9cessit\u00e9 d&rsquo;y r\u00e9fl\u00e9chir collectivement, en groupe.<\/p>\n<p style=\"text-align: justify;\">Les probl\u00e9matiques abord\u00e9es en analyse de pratiques reviennent de fa\u00e7on r\u00e9currente dans l&rsquo;exercice du m\u00e9tier (probl\u00e8mes de discipline, probl\u00e8mes relationnels avec l&rsquo;administration, les coll\u00e8gues, les \u00e9l\u00e8ves, les parents d&rsquo;\u00e9l\u00e8ves&#8230;). Le cadre strict et s\u00e9curisant des m\u00e9thodes d&rsquo;analyse de pratiques permet une exploration collective, et donc riche, de la complexit\u00e9 des situations abord\u00e9es tout en proposant des solutions concr\u00e8tes aux situations de conflit.<\/p>\n<p style=\"text-align: justify;\">Ces m\u00e9thodes permettent \u00e9galement une prise de conscience de la complexit\u00e9 de la t\u00e2che de l&rsquo;enseignant et un regard r\u00e9flexif critique sur ses propres fa\u00e7ons de faire. En ce sens, elles ont modifi\u00e9 mes pratiques et mon regard sur le m\u00e9tier. Elles m&rsquo;ont permis, entre autres, d&rsquo;\u00eatre davantage attentive \u00e0 l&rsquo;organisation mat\u00e9rielle de la classe. Elles ont aussi canalis\u00e9 mon sens de l&rsquo;\u00e9coute en m&rsquo;apprenant, d&rsquo;une part \u00e0 \u00e9laborer un questionnement pertinent pour obtenir des informations utiles \u00e0 la compr\u00e9hension d&rsquo;une situation, d&rsquo;autre part \u00e0 rep\u00e9rer quels points devaient prioritairement retenir mon attention. De ce fait, elles m&rsquo;ont aid\u00e9e \u00e0 mieux cibler l&rsquo;aide \u00e0 apporter et \u00e0 prendre conscience que, dans ce domaine, la simple bonne volont\u00e9 ne suffit pas.<\/p>\n<p style=\"text-align: justify;\">En tant que formatrice, j&rsquo;ai utilis\u00e9 ces techniques (sauf la vid\u00e9o) avec des groupes du DAP (dispositif d\u2019accompagnement professionnel\u00a0; voir P\u00e9aud, 2021) et dans la formation des titulaires premi\u00e8re ann\u00e9e et deuxi\u00e8me ann\u00e9e (T1\/T2). \u00c0 chaque fois, les participants ont trouv\u00e9 l&rsquo;exp\u00e9rience enrichissante, particuli\u00e8rement les personnes du DAP qui appr\u00e9ciaient l&rsquo;apport du groupe, la solidarit\u00e9 qui en \u00e9manait et qui contrastait avec le sentiment d&rsquo;isolement dans lequel leurs difficult\u00e9s les plongeaient. En outre, l&rsquo;analyse men\u00e9e par le groupe autorise divers points de vue sur une m\u00eame situation et permet donc \u00e0 chacun, particuli\u00e8rement au narrateur qui l&rsquo;a v\u00e9cue, de d\u00e9centrer son regard. Ceci a pour effet louable de d\u00e9dramatiser le sentiment d&rsquo;\u00e9chec (ou de faire partager un moment de r\u00e9ussite) et de prendre conscience de nos attitudes et de nos r\u00e9flexes. Pour exemple, un participant, s&rsquo;est rendu compte lors d&rsquo;une analyse de pratiques \u00e0 quel point son propre rapport \u00e0 l&rsquo;autorit\u00e9 \u00e9tait probl\u00e9matique et combien cela avait des r\u00e9percussions dommageables sur sa fa\u00e7on d&rsquo;enseigner.<\/p>\n<p style=\"text-align: justify;\">J&rsquo;ai, par ailleurs, men\u00e9 quelques entretiens d&rsquo;explicitation avec des \u00e9l\u00e8ves qui se heurtaient \u00e0 des difficult\u00e9s d&rsquo;apprentissage, pour qu&rsquo;ils prennent conscience de ce qui les bloquait. J&rsquo;ai \u00e9galement utilis\u00e9 cette technique, de fa\u00e7on plus l\u00e9g\u00e8re, dans les entretiens pr\u00e9alables \u00e0 l&rsquo;entr\u00e9e au DAP men\u00e9s conjointement avec l&rsquo;assistante sociale du rectorat. Les prises de conscience qui en r\u00e9sultent, m\u00eame partielles, sont toujours int\u00e9ressantes pour les personnes interview\u00e9es. Pour mon propre compte, je trouve passionnant d&rsquo;accompagner l&rsquo;autre dans le cheminement de sa pens\u00e9e. Ce compagnonnage m&rsquo;apprend sur mon fonctionnement personnel, quand je le compare \u00e0 celui de la personne que j&rsquo;interroge, et m&rsquo;invite \u00e0 en \u00e9valuer la pertinence.<\/p>\n<p style=\"text-align: justify;\">Je n&rsquo;ai pas utilis\u00e9 la vid\u00e9o parce que le dispositif m&rsquo;a sembl\u00e9 lourd et intimidant pour les publics auxquels j&rsquo;ai eu affaire, et parce que, sans doute, c&rsquo;est celui qui m&rsquo;a le moins convaincue quand je l&rsquo;ai exp\u00e9riment\u00e9 en tant que stagiaire.<\/p>\n<p style=\"text-align: justify;\">En ce qui concerne les diff\u00e9rentes modalit\u00e9s de l&rsquo;analyse de pratiques, il faut parfois faire face aux r\u00e9ticences des personnes qui supportent mal leurs r\u00e8gles strictes. Mais, pass\u00e9 un temps d&rsquo;adaptation, elles en voient g\u00e9n\u00e9ralement l&rsquo;utilit\u00e9 protectrice.<\/p>\n<p style=\"text-align: justify;\">Pour conclure, je dirais que me former en analyse de pratiques a consid\u00e9rablement affin\u00e9 ma compr\u00e9hension de l&rsquo;acte d&rsquo;enseigner, a attir\u00e9 mon attention sur l&rsquo;exigence de pr\u00e9cision dans la compr\u00e9hension des situations, a orient\u00e9 de fa\u00e7on plus efficace mon sens de l&rsquo;\u00e9coute et m&rsquo;a permis, en confrontant mon exp\u00e9rience \u00e0 celle des autres, d&rsquo;avoir une pratique r\u00e9flexive de mon m\u00e9tier. Je ne vois d&rsquo;ailleurs pas comment j&rsquo;aurais pu pr\u00e9tendre exercer la t\u00e2che de formatrice sans ces apports.<\/p>\n<h4 style=\"text-align: justify;\"><strong>Le t\u00e9moignage de Virginie Roche<\/strong><\/h4>\n<p style=\"text-align: justify;\">Dans le cadre de mon parcours professionnel et dans l\u2019objectif de mieux accompagner mes \u00e9l\u00e8ves, j\u2019ai suivi trois stages de formation \u00e0 l\u2019entretien d\u2019explicitation (niveaux 1 et 2 puis renforcement). Ils m\u2019ont donn\u00e9 l\u2019occasion de faire \u00e9voluer ma pratique d\u2019enseignante\u00a0; ils m\u2019ont aussi ouvert de nouvelles perspectives en tant que formatrice. Dans le cadre de ma formation de tutrice, j\u2019ai compl\u00e9t\u00e9 ces diff\u00e9rents acquis par un stage sur l\u2019entretien dit de formation. Ces diff\u00e9rents dispositifs m\u2019ont permis de d\u00e9velopper ma pratique du questionnement et de faire \u00e9voluer ma posture de tutrice et de formatrice du guidage vers davantage d\u2019accompagnement.<\/p>\n<p style=\"text-align: justify;\">Par ailleurs, mon engagement en tant que formatrice dans le dispositif d\u2019accompagnement des n\u00e9o-titulaires (T1-T2) m\u2019a amen\u00e9e \u00e0 suivre deux modules de formation \u00e0 l\u2019analyse de pratique\u00a0: \u00ab\u00a0analyse de pratique en groupe\u00a0\u00bb et \u00ab\u00a0analyse de pratique et jeux de r\u00f4les\u00a0\u00bb (ann\u00e9e scolaire 2017-2018). Ces dispositifs permettaient de r\u00e9pondre \u00e0 un besoin nouveau\u00a0: accompagner un groupe. En effet, les outils de l\u2019entretien d\u2019explicitation (techniques de questionnement, informations satellites de l\u2019action notamment) me donnaient des cl\u00e9s pour l\u2019analyse mais j\u2019avais besoin de conna\u00eetre des dispositifs formalis\u00e9s pour travailler avec un collectif.<\/p>\n<p style=\"text-align: justify;\">Le stage \u00ab\u00a0analyse de pratique en groupe\u00a0\u00bb m\u2019a permis de retravailler les techniques de questionnement, ainsi que le dispositif du GEASE (groupe d\u2019entra\u00eenement \u00e0 l\u2019analyse de situations \u00e9ducatives), que j\u2019avais par ailleurs d\u00e9j\u00e0 d\u00e9couvert en tant que stagiaire. Cela m\u2019a confort\u00e9e dans l\u2019id\u00e9e que le cadre tr\u00e8s rigoureux d\u2019un dispositif est un \u00e9l\u00e9ment-cl\u00e9 pour prot\u00e9ger le professionnel qui expose sa pratique et pour permettre une v\u00e9ritable d\u00e9marche d\u2019analyse, et non un simple d\u00e9bat d\u2019id\u00e9es (le formateur, garant du cadre, a autorit\u00e9 pour mettre en place tous les \u00e9l\u00e9ments de mise en s\u00e9curit\u00e9 et pour canaliser les interventions). C\u2019est ainsi que l\u2019analyse peut ensuite ouvrir la voie \u00e0 une autre \u00e9tape de travail (apport th\u00e9orique, controverse professionnelle \u00e9tay\u00e9e, recherche de solutions\u2026). J\u2019ai \u00e9galement pu v\u00e9rifier que l\u2019analyse de pratique est aussi une aide au d\u00e9veloppement professionnel individuel dans le cadre d\u2019un collectif, en ce sens qu\u2019elle permet \u00e0 chacun des acteurs d\u2019effectuer un retour sur soi et d\u2019identifier ses besoins.<\/p>\n<p style=\"text-align: justify;\">La formation \u00e0 l\u2019analyse de pratique par les jeux de r\u00f4le m\u2019a donn\u00e9 acc\u00e8s \u00e0 de nouveaux dispositifs mais surtout m\u2019a permis de mieux comprendre le fonctionnement de la m\u00e9moire concr\u00e8te. A travers les diff\u00e9rents jeux de r\u00f4les v\u00e9cus au cours de cette formation, j\u2019ai \u00e9galement, mieux appr\u00e9hend\u00e9 l\u2019importance de l\u2019espace et du corps dans une situation professionnelle. C\u2019est \u00e9galement au cours de ce stage que j\u2019ai compris la diff\u00e9rence entre l\u2019analyse d\u2019une pratique, tourn\u00e9e vers la prise de conscience de ses mani\u00e8res de faire, et l\u2019analyse d\u2019une situation, tourn\u00e9e vers l\u2019\u00e9tude d\u00e9taill\u00e9e des diff\u00e9rentes dimensions d\u2019un contexte professionnel.<\/p>\n<p style=\"text-align: justify;\">Au-del\u00e0 de l\u2019accompagnement des n\u00e9o-titulaires, les apports de ces diff\u00e9rents dispositifs trouvent place aujourd\u2019hui dans chacune des formations que j\u2019anime, sous diff\u00e9rentes formes, pour des rep\u00e8res th\u00e9oriques mais plus souvent en termes de temps de formation ou de modalit\u00e9 pour un atelier.<\/p>\n<p style=\"text-align: justify;\">Il me reste toutefois une difficult\u00e9 \u00e0 surmonter\u00a0: ne pas m\u2019installer dans des approximations involontaires, ne pas m\u2019\u00e9carter de la d\u00e9marche rigoureuse de l\u2019analyse de pratique. Une supervision est n\u00e9cessaire\u00a0: je l\u2019ai trouv\u00e9e \u00e0 chaque fois que je suivais un dispositif en tant que stagiaire mais elle me fait d\u00e9faut aujourd\u2019hui. Il me semble indispensable, en termes d\u2019\u00e9thique, de se soumettre soi-m\u00eame \u00e0 l\u2019analyse de sa propre pratique. J\u2019ai tent\u00e9 de le faire le plus souvent possible de mani\u00e8re plus ou moins informelle mais l\u2019absence de dispositif pour m\u2019y pr\u00eater moi-m\u00eame est aujourd\u2019hui probl\u00e9matique.<\/p>\n<h4><strong>R\u00e9f\u00e9rence bibliographique<\/strong><\/h4>\n<p>P\u00e9aud, P. (2021). Un parcours de formation \u00e0 l\u2019animation de groupes d\u2019analyse de pratiques professionnelles dans l\u2019acad\u00e9mie de Poitiers (2017-2020). In <em>Revue de l\u2019analyse de pratiques professionnelles<\/em>, No 19, pp. 149-162. <u><a href=\"http:\/\/www.analysedepratique.org\/?p=4413\">http:\/\/www.analysedepratique.org\/?p=4413<\/a><\/u>.<\/p>\n<p>&nbsp;<\/p>\n<a href=\"#\" class=\"shortcode button  \" style=\"background-color: silver;\" target=\"\" onclick=\"\"> Haut de page<\/a>\n<p>&nbsp;<\/p>\n<p style=\"text-align: justify;\"><a href=\"#_ftnref1\" name=\"_ftn1\"><\/a><\/p>\n<p style=\"text-align: justify;\"><a href=\"#_ftnref1\" name=\"_ftn1\"><\/a><\/p>\n<p style=\"text-align: justify;\">\n<div id=\"themify_builder_content-4415\" data-postid=\"4415\" class=\"themify_builder_content themify_builder_content-4415 themify_builder themify_builder_front\">\n\n\t<\/div>\n<!-- \/themify_builder_content -->","protected":false},"excerpt":{"rendered":"<p>&nbsp; Emmanuel Marzi Professeur-formateur\u00a0 Emmanuel.Marzi[arobase]ac-poitiers.fr Joelle Souchaud Professeure formatrice Joelle.Souchaud[arobase]ac-poitiers.fr Virginie Roche Professeure formatrice virginie.roche[arobase]ac-poitiers.fr &nbsp; R\u00e9sum\u00e9 Cet article pr\u00e9sente trois t\u00e9moignages de formateurs ayant particip\u00e9 \u00e0 un dispositif de formation modulaire \u00e0 l\u2019animation de groupes d\u2019analyse de pratiques professionnelles (APP). Ils t\u00e9moignent de l\u2019importance de la ma\u00eetrise des techniques de questionnement propres \u00e0 l\u2019explicitation [&hellip;]<\/p>\n","protected":false},"author":2,"featured_media":0,"comment_status":"open","ping_status":"open","sticky":false,"template":"","format":"standard","meta":{"_jetpack_newsletter_access":"","_jetpack_dont_email_post_to_subs":false,"_jetpack_newsletter_tier_id":0,"_jetpack_memberships_contains_paywalled_content":false,"_jetpack_memberships_contains_paid_content":false,"footnotes":""},"categories":[504,506,19,505],"tags":[390,24,177],"class_list":["post-4415","post","type-post","status-publish","format-standard","hentry","category-emmanuel-marzi","category-joelle-souchaud","category-10temoignage","category-virginie-roche","tag-entretien-dexplicitation","tag-prise-de-conscience","tag-supervision","has-post-title","no-post-date","has-post-category","has-post-tag","has-post-comment","has-post-author"],"jetpack_featured_media_url":"","jetpack_shortlink":"https:\/\/wp.me\/p3VXfJ-19d","jetpack_sharing_enabled":true,"_links":{"self":[{"href":"https:\/\/www.analysedepratique.org\/index.php?rest_route=\/wp\/v2\/posts\/4415","targetHints":{"allow":["GET"]}}],"collection":[{"href":"https:\/\/www.analysedepratique.org\/index.php?rest_route=\/wp\/v2\/posts"}],"about":[{"href":"https:\/\/www.analysedepratique.org\/index.php?rest_route=\/wp\/v2\/types\/post"}],"author":[{"embeddable":true,"href":"https:\/\/www.analysedepratique.org\/index.php?rest_route=\/wp\/v2\/users\/2"}],"replies":[{"embeddable":true,"href":"https:\/\/www.analysedepratique.org\/index.php?rest_route=%2Fwp%2Fv2%2Fcomments&post=4415"}],"version-history":[{"count":11,"href":"https:\/\/www.analysedepratique.org\/index.php?rest_route=\/wp\/v2\/posts\/4415\/revisions"}],"predecessor-version":[{"id":5068,"href":"https:\/\/www.analysedepratique.org\/index.php?rest_route=\/wp\/v2\/posts\/4415\/revisions\/5068"}],"wp:attachment":[{"href":"https:\/\/www.analysedepratique.org\/index.php?rest_route=%2Fwp%2Fv2%2Fmedia&parent=4415"}],"wp:term":[{"taxonomy":"category","embeddable":true,"href":"https:\/\/www.analysedepratique.org\/index.php?rest_route=%2Fwp%2Fv2%2Fcategories&post=4415"},{"taxonomy":"post_tag","embeddable":true,"href":"https:\/\/www.analysedepratique.org\/index.php?rest_route=%2Fwp%2Fv2%2Ftags&post=4415"}],"curies":[{"name":"wp","href":"https:\/\/api.w.org\/{rel}","templated":true}]}}