{"id":4362,"date":"2021-02-25T09:24:52","date_gmt":"2021-02-25T08:24:52","guid":{"rendered":"http:\/\/www.analysedepratique.org\/?p=4362"},"modified":"2021-10-19T12:01:42","modified_gmt":"2021-10-19T11:01:42","slug":"apprentissage-experientiel-retour-sur-huit-formations-a-lanimation-de-groupes-dapp","status":"publish","type":"post","link":"https:\/\/www.analysedepratique.org\/?p=4362","title":{"rendered":"Comment apprendre \u00e0 animer des groupes d\u2019analyse de pratiques professionnelles ? Quelques \u00e9l\u00e9ments  issus de t\u00e9moignages en lien avec huit formations"},"content":{"rendered":"<p>&nbsp;<\/p>\n<h3><\/h3>\n<h3><em><b><a href=\"http:\/\/www.analysedepratique.org\/?page_id=117#mt\">Marc Thi\u00e9baud<\/a><\/b><\/em><\/h3>\n<p><em>Psychologue, sp\u00e9cialiste de l&rsquo;accompagnement et de l&rsquo;animation de groupe, Suisse<br \/>\n<a href=\"mailto:thiebaud@formaction.ch\">thiebaud[arobase]formaction.ch<\/a><\/em><br \/>\n<em><br \/>\n<\/em><\/p>\n<h4><i>R\u00e9sum\u00e9<\/i><\/h4>\n<p style=\"text-align: justify;\">Ce texte a pour but de mettre en \u00e9vidence quelques \u00e9l\u00e9ments saillants \u00e0 partir de t\u00e9moignages et r\u00e9flexions r\u00e9dig\u00e9s par des participant\u00b7e\u00b7s \u00e0 huit formations \u00e0 l\u2019animation de groupes d\u2019analyse de pratiques. Ces formations de longue dur\u00e9e ont \u00e9t\u00e9 d\u00e9velopp\u00e9es depuis de nombreuses ann\u00e9es en France, en Suisse et en Belgique. Leurs caract\u00e9ristiques g\u00e9n\u00e9rales sont tout d\u2019abord pr\u00e9sent\u00e9es. Puis des points de convergence dans les exp\u00e9riences des apprenant\u00b7e\u00b7s sont d\u00e9gag\u00e9s, en lien avec leurs processus d\u2019apprentissage, les dynamiques d\u2019\u00e9volution v\u00e9cues (au niveau individuel et du groupe), les \u00e9l\u00e9ments facilitants, les obstacles rencontr\u00e9s ainsi que les effets de la formation.<\/p>\n<h5><em>Mots-cl\u00e9s\u00a0<\/em><\/h5>\n<p>formation, animation, processus d\u2019apprentissage, exp\u00e9rience, r\u00e9flexivit\u00e9<\/p>\n<h5><em>Cat\u00e9gorie d&rsquo;article\u00a0<\/em><\/h5>\n<p>T\u00e9moignage ; synth\u00e8se et mise en perspective<\/p>\n<h5><em>R\u00e9f\u00e9rencement\u00a0<\/em><\/h5>\n<p>Thi\u00e9baud, M. (2019). Comment apprendre \u00e0 animer des groupes d\u2019analyse de pratiques professionnelles ? Quelques \u00e9l\u00e9ments issus de t\u00e9moignages en lien avec huit formations.<br \/>\nIn <em>Revue de l\u2019analyse de pratiques professionnelles<\/em>, No 19, pp. 5-18. <a href=\"http:\/\/www.analysedepratique.org\/?p=4362\">http:\/\/www.analysedepratique.org\/?p=4362<\/a>.<\/p>\n<hr class=\"shortcode hr light-gray\" style=\"border-width:1px;\" \/>\n<p class=\"alignnone\"><a href=\"http:\/\/www.analysedepratique.org\/wp-content\/uploads\/marc-thiebaud-revue-app-mars2021.pdf\"><img loading=\"lazy\" decoding=\"async\" class=\"alignleft\" src=\"https:\/\/www.analysedepratique.org\/wp-content\/uploads\/download-icon.png\" alt=\"download-icon\" width=\"24\" height=\"29\" \/><\/a>\u00a0<a href=\"http:\/\/www.analysedepratique.org\/wp-content\/uploads\/marc-thiebaud-revue-app-mars2021.pdf\">Article en PDF<\/a> \u00a0 \u00a0 \u00a0\u00a0 \u00a0\u00a0 \u00a0\u00a0 \u00a0\u00a0 \u00a0\u00a0 \u00a0\u00a0 \u00a0\u00a0 <a href=\"#co\"><img loading=\"lazy\" decoding=\"async\" src=\"https:\/\/www.analysedepratique.org\/wp-content\/uploads\/et-info-comment.png\" alt=\"et-info-comment\" width=\"30\" height=\"31\" \/><\/a>\u00a0<a href=\"#co\">Commentaires<\/a><\/p>\n<p>&nbsp;<\/p>\n<hr \/>\n<h5><strong><em>How to learn how to facilitate professional practice analysis groups? Some elements from testimonies related to eight training courses<\/em><\/strong><\/h5>\n<h5><em>Abstract<\/em><\/h5>\n<p style=\"text-align: justify;\">The aim of this text is to highlight some salient elements based on testimonies and reflections written by participants in eight training courses in the facilitation of practice analysis groups. These long-term training courses have been developed for many years in France, Switzerland and Belgium. Their general characteristics are first presented. Then points of convergence in the learners&rsquo; experiences are identified, in relation to their learning processes, the dynamics of evolution experienced (at the individual and group levels), the facilitating elements, the obstacles encountered and the effects of the training.<\/p>\n<h5><em>Keywords<\/em><\/h5>\n<p>training, animation, learning process, experience, reflexivity<\/p>\n<hr \/>\n<p>&nbsp;<\/p>\n<p><a href=\"#_ftnref1\" name=\"_ftn1\"><\/a><\/p>\n<p style=\"text-align: justify;\">[toc]<\/p>\n<p style=\"text-align: justify;\">Deux num\u00e9ros th\u00e9matiques parus dans la revue de l\u2019analyse de pratiques professionnelles (Thi\u00e9baud, 2019a, 2021) pr\u00e9sentent huit formations de longue dur\u00e9e \u00e0 l\u2019animation de groupes d\u2019analyse de pratiques professionnelles (APP). Suite \u00e0 un large appel \u00e0 contributions que j\u2019ai fait d\u00e8s 2017 en tant que coordinateur de publication, les concepteurs et conceptrices de ces formations ont r\u00e9dig\u00e9 un texte de pr\u00e9sentation et r\u00e9flexion de chacune d\u2019elles. Ils et elles ont adress\u00e9 simultan\u00e9ment un appel aupr\u00e8s de participant\u00b7e\u00b7s, lesquel\u00b7le\u00b7s ont \u00e0 leur tour produit au total 10 articles de t\u00e9moignages et r\u00e9flexions en lien avec leurs v\u00e9cus d\u2019apprenant\u00b7e\u00b7s. Par ailleurs, deux chercheuses ont eu l\u2019occasion de rendre compte dans un article d\u2019une \u00e9tude qu\u2019elles ont men\u00e9e en lien avec une de ces formations<a href=\"#_ftn1\" name=\"_ftnref1\">[1]<\/a>.<\/p>\n<p style=\"text-align: justify;\">Le propos des lignes qui suivent est modeste\u00a0: d\u00e9gager quelques \u00e9l\u00e9ments ressortant des t\u00e9moignages et r\u00e9flexions partag\u00e9s par les participant\u00b7e\u00b7s \u00e0 ces formations. Dans une premi\u00e8re partie, je pr\u00e9sente quelques caract\u00e9ristiques g\u00e9n\u00e9rales de ces formations. Dans la seconde partie, je m\u2019attache aux points de convergence apparaissant dans les v\u00e9cus rapport\u00e9s par les apprenant\u00b7e\u00b7s. Ceux-ci sont en lien avec les aspects pour lesquels ils et elles ont \u00e9t\u00e9 sollicit\u00e9\u00b7e\u00b7s dans l\u2019appel \u00e0 contributions :<\/p>\n<ul style=\"text-align: justify;\">\n<li>leurs processus d\u2019apprentissage durant la formation\u00a0;<\/li>\n<li>les dynamiques et \u00e9volutions v\u00e9cues ;<\/li>\n<li>les \u00e9l\u00e9ments facilitants\u00a0;<\/li>\n<li>les obstacles rencontr\u00e9s durant la formation\u00a0;<\/li>\n<li>les r\u00e9sultats (comp\u00e9tences d\u00e9velopp\u00e9es, pratiques d\u2019animation mises en \u0153uvre, etc.).<\/li>\n<\/ul>\n<h4 style=\"text-align: justify;\"><strong>1. Quelques caract\u00e9ristiques g\u00e9n\u00e9rales des huit formations<\/strong><\/h4>\n<p style=\"text-align: justify;\">J\u2019\u00e9voquerai ci-apr\u00e8s des points communs, pr\u00e9sents dans les huit formations consid\u00e9r\u00e9es (voir les \u00e9crits de leurs concepteurs et conceptrices dans Thi\u00e9baud, 2019a, 2021 ainsi que le tableau figurant en annexe, en fin de texte). Il est frappant de constater qu\u2019en ce qui concerne l\u2019apprentissage de l\u2019animation de groupes d\u2019APP, ces formations comportent de nombreuses similitudes, m\u00eame si elles ont \u00e9t\u00e9 \u00e9labor\u00e9es dans des environnements vari\u00e9s pour une diversit\u00e9 de destinataires et qu\u2019elles pr\u00e9sentent, pour une partie d\u2019entre elles, plusieurs diff\u00e9rences en termes d\u2019objectifs, d\u2019\u00e9pist\u00e9mologies, de pr\u00e9requis pour l\u2019inscription, de formes et de contenus de travail. J\u2019exposerai ici ces caract\u00e9ristiques g\u00e9n\u00e9rales de mani\u00e8re br\u00e8ve (en compl\u00e9ment d\u2019un texte ant\u00e9rieur ; voir Thi\u00e9baud, 2019b) dans le but principalement de faciliter la compr\u00e9hension des v\u00e9cus rapport\u00e9s par les apprenant\u00b7e\u00b7s qui seront l\u2019objet de la deuxi\u00e8me partie.<\/p>\n<p style=\"text-align: justify;\"><em>Priorit\u00e9 donn\u00e9e au d\u00e9veloppement <\/em><em>d\u2019<\/em><em>une posture d\u2019accompagnement \u2013 facilitation<\/em><\/p>\n<p style=\"text-align: justify;\">Ces formations \u00e0 l\u2019animation de groupes d\u2019APP visent en priorit\u00e9 le d\u00e9veloppement chez les participant\u00b7e\u00b7s de comp\u00e9tences relatives aux processus qu\u2019il s\u2019agit d\u2019observer, accompagner, faciliter et r\u00e9guler. Si la connaissance de m\u00e9thodes ou de dispositifs sp\u00e9cifiques n\u2019est pas n\u00e9glig\u00e9e, elle n\u2019est cependant pas centrale. Cinq d\u2019entre elles comportent par ailleurs dans leur cursus des modules ou des unit\u00e9s d\u2019enseignement consacr\u00e9es plus particuli\u00e8rement \u00e0 l\u2019accompagnement.<\/p>\n<p style=\"text-align: justify;\"><em>D<\/em><em>es <\/em><em>formation<\/em><em>s<\/em><em> cons\u00e9quentes et de longue dur\u00e9e<\/em><\/p>\n<p style=\"text-align: justify;\">Une posture d\u2019accompagnement \u2013 facilitation ne s\u2019acquiert pas sans un travail dans la dur\u00e9e (un an \u00e0 deux ans et demi pour les formations consid\u00e9r\u00e9es). Cela requiert un investissement important en r\u00e9flexion personnelle et en temps. Entre 80 et 150 heures de cours sont consacr\u00e9es sp\u00e9cifiquement \u00e0 l\u2019analyse de pratiques. Les formations comprennent par ailleurs plusieurs centaines d\u2019heures de cours si elles d\u00e9veloppent des comp\u00e9tences plus larges (voir tableau en annexe).<\/p>\n<p style=\"text-align: justify;\"><em>Apprentissage exp\u00e9rientiel et implication<\/em><\/p>\n<p style=\"text-align: justify;\">Ces formations reposent sur une logique exp\u00e9rientielle : se former \u00e0 l\u2019animation de groupes d\u2019APP implique de se former par l\u2019APP, et en particulier dans les diff\u00e9rentes positions de personne animatrice, participante, exposante et observatrice. Ces apprentissages se d\u00e9veloppent \u00e0 partir de l\u2019exp\u00e9rience et avec l\u2019exp\u00e9rience, elle-m\u00eame objet d\u2019analyses. Toutes les formations mettent \u00e0 disposition, \u00e0 des degr\u00e9s divers, divers espaces d\u2019apprentissage et d\u2019entra\u00eenement dans ce but. Qui plus est, l\u2019APP est utilis\u00e9e dans plusieurs d\u2019entre elles comme ressource pour d\u2019autres modules ou unit\u00e9s d\u2019enseignement (portant sur l\u2019accompagnement, l\u2019analyse de l\u2019activit\u00e9, la posture d\u2019intervenant\u00b7e, etc.)<\/p>\n<p style=\"text-align: justify;\"><em>D\u00e9veloppement de la r\u00e9flexivit\u00e9<\/em><\/p>\n<p style=\"text-align: justify;\">Le travail r\u00e9flexif est au c\u0153ur de ces formations. Il porte \u00e0 la fois sur les processus d\u2019animation et de groupe v\u00e9cus, sur la posture de facilitation \u2013 accompagnement et sur les apprentissages effectu\u00e9s (la mani\u00e8re dont les participant\u00b7e\u00b7s d\u00e9veloppent leurs comp\u00e9tences, les mettent en \u0153uvre et la fa\u00e7on dont la formation y contribue). Ce travail est favoris\u00e9 notamment par les temps de m\u00e9ta-analyse durant lesquels les apprenant\u00b7e\u00b7s entra\u00eenent leurs capacit\u00e9s \u00e0 analyser leurs propres pratiques d\u2019animation.<\/p>\n<p style=\"text-align: justify;\"><em>V<\/em><em>ari\u00e9t\u00e9 d\u2019approches <\/em><em>et m<\/em><em>ulti r\u00e9f\u00e9rentialit\u00e9<\/em><\/p>\n<p style=\"text-align: justify;\">Ces formations proposent l\u2019exp\u00e9rimentation de diff\u00e9rents dispositifs, protocoles et m\u00e9thodes en analyse de pratiques. Elles visent le d\u00e9veloppement chez les participant\u00b7e\u00b7s d\u2019une capacit\u00e9 \u00e0 se situer dans cette diversit\u00e9 et \u00e0 ajuster les modalit\u00e9s d\u2019animation d\u2019APP en fonction des caract\u00e9ristiques des groupes et de leurs contextes. Pour certaines d\u2019entre elles, les approches consid\u00e9r\u00e9es s\u2019inscrivent dans un spectre particuli\u00e8rement large (m\u00e9thodes d\u2019intervention en formation, accompagnement, analyse de l\u2019activit\u00e9, conduite de projet, facilitation du changement, analyse organisationnelle, etc.). Parall\u00e8lement, les huit formations privil\u00e9gient les analyses de pratiques multi r\u00e9f\u00e9rentielles et ne proposent pas l\u2019apprentissage d\u2019un cadre de r\u00e9f\u00e9rence sp\u00e9cifique (psychanalytique, syst\u00e9mique, etc.).<\/p>\n<p style=\"text-align: justify;\"><em>Accompagnement, pr\u00e9sence et implication des formateurs et formatrices<\/em><\/p>\n<p style=\"text-align: justify;\">Les intervenant\u00b7e\u00b7s, et particuli\u00e8rement les responsables de ces formations, offrent sur toute leur dur\u00e9e une disponibilit\u00e9 et un suivi aux participant\u00b7e\u00b7s. Ces derniers et derni\u00e8res leur posent des questions, sollicitent leur accompagnement de mani\u00e8re informelle ou dans des espaces pr\u00e9vus \u00e0 cet effet (s\u00e9minaire d\u2019int\u00e9gration, groupe d\u2019accompagnement et d\u2019approfondissement, etc.)<\/p>\n<p style=\"text-align: justify;\"><em>D<\/em><em>es <\/em><em>formation<\/em><em>s<\/em><em> certifiant<\/em><em>es<\/em><\/p>\n<p style=\"text-align: justify;\">Sept formations (sur huit) d\u00e9livrent un dipl\u00f4me suite \u00e0 la validation de travaux de certification. Ceux-ci sont pens\u00e9s pour favoriser l\u2019int\u00e9gration des apprentissages, dans la logique exp\u00e9rientielle de la formation. Ils comportent g\u00e9n\u00e9ralement une \u00e9tude r\u00e9flexive (\u00e9labor\u00e9e individuellement et\/ou en groupe) d\u2019une analyse de pratiques men\u00e9e.<\/p>\n<h4 style=\"text-align: justify;\"><strong>2. Quelques \u00e9l\u00e9ments issus des \u00e9crits des participants au<\/strong><strong>x<\/strong><strong> huit formations<\/strong><\/h4>\n<p style=\"text-align: justify;\">Dans la suite de ce texte, je pr\u00e9sente les th\u00e8mes qui apparaissent le plus souvent dans les 10 articles t\u00e9moignant des v\u00e9cus et r\u00e9flexions des 26 participant\u00b7e\u00b7s qui ont apport\u00e9 leur contribution. J\u2019ai proc\u00e9d\u00e9 \u00e0 une analyse de leurs contenus en identifiant les occurrences de diff\u00e9rents th\u00e8mes. Pour le but vis\u00e9 dans cet article, je n\u2019ai retenu que ceux qui sont pr\u00e9sents dans une majorit\u00e9 des \u00e9crits.<\/p>\n<p style=\"text-align: justify;\">Je pr\u00e9cise que cette analyse de contenu n\u2019a pas \u00e9t\u00e9 con\u00e7ue dans une vis\u00e9e de recherche. L\u2019id\u00e9e en a \u00e9merg\u00e9 suite \u00e0 la lecture des textes r\u00e9unis, comme un moyen de refl\u00e9ter certaines convergences qui sont apparues. L\u2019objectif n\u2019est pas celui d\u2019une \u00e9tude scientifique ou d\u2019une comparaison des formations, qui aurait n\u00e9cessit\u00e9 qu\u2019un cadre soit d\u00e9fini pour la r\u00e9colte de donn\u00e9es. Les participant\u00b7e\u00b7s ont \u00e9labor\u00e9, en r\u00e9ponse \u00e0 l\u2019appel \u00e0 contributions, leurs t\u00e9moignages et r\u00e9flexions de mani\u00e8re libre. Les productions \u00e9crites sont de formes diverses, d\u2019ampleur variable. Elles d\u00e9veloppent parfois une analyse d\u00e9taill\u00e9e \u00e0 partir des v\u00e9cus, d\u2019autres fois non. Elles sont tant\u00f4t cibl\u00e9es sur des aspects sp\u00e9cifiques et tant\u00f4t plus globales (voir tableau ci-apr\u00e8s).<\/p>\n<p style=\"text-align: justify;\">Le corpus de donn\u00e9es est donc h\u00e9t\u00e9rog\u00e8ne. Il permet cependant de d\u00e9gager plusieurs \u00e9l\u00e9ments communs \u00e9clairant les dynamiques d\u2019apprentissage v\u00e9cues.<\/p>\n<table class=\"aligncenter\" style=\"width: 608px;\" border=\"1\" width=\"608\" cellpadding=\"5\">\n<tbody>\n<tr>\n<td style=\"vertical-align: top; border-style: solid; border-color: #000000; text-align: left;\" width=\"160\">Lieu de formation<\/td>\n<td style=\"vertical-align: top; border-style: solid; border-color: #000000; text-align: left;\" width=\"208\">Textes des participants<\/td>\n<td style=\"vertical-align: top; border-style: solid; border-color: #000000; text-align: left;\" width=\"239\">Remarques<\/td>\n<\/tr>\n<tr>\n<td style=\"vertical-align: top; border-style: solid; border-color: #000000; text-align: left;\" width=\"160\">A.<br \/>\nHaute Ecole P\u00e9dagogique du canton de Vaud, Suisse<\/td>\n<td style=\"vertical-align: top; border-style: solid; border-color: #000000; text-align: left;\" width=\"208\">\n<p>Un texte r\u00e9dig\u00e9 conjointement<\/p>\n<p>par 4 participant\u00b7e\u00b7s<\/p>\n<p>(Gemmiti &amp; al., 2019)<\/td>\n<td style=\"vertical-align: top; border-style: solid; border-color: #000000; text-align: left;\" width=\"239\">Comprend<br \/>\na) 4 t\u00e9moignages individuels<br \/>\nb) une analyse men\u00e9e en commun portant particuli\u00e8rement sur les processus de changement v\u00e9cus<\/td>\n<\/tr>\n<tr>\n<td style=\"vertical-align: top; border-style: solid; border-color: #000000; text-align: left;\" width=\"160\">B.<br \/>\nUniversit\u00e9 de Cergy-Pontoise, France<\/td>\n<td style=\"vertical-align: top; border-style: solid; border-color: #000000; text-align: left;\" width=\"208\">\n<p>Deux textes r\u00e9dig\u00e9s conjointement\u00a0:<\/p>\n<p>1) par 7 participant\u00b7e\u00b7s<\/p>\n<p>(Buchet Molfessis &amp; al., 2019)<br \/>\n2) par 3 participant\u00b7e\u00b7s<br \/>\n(Collin B\u00e9theuil &amp; al., 2019)<\/td>\n<td style=\"vertical-align: top; border-style: solid; border-color: #000000; text-align: left;\" width=\"239\">\n<p>1) apporte des t\u00e9moignages suivis d\u2019une analyse des changements v\u00e9cus en formation<\/p>\n<p>2) analyse des apprentissages effectu\u00e9s \u00e0 la lumi\u00e8re d\u2019une s\u00e9ance d\u2019APP anim\u00e9e par une participante durant la formation<\/td>\n<\/tr>\n<tr>\n<td style=\"vertical-align: top; border-style: solid; border-color: #000000; text-align: left;\" width=\"160\">C.<br \/>\nHaute Ecole P\u00e9dagogique de Berne, Jura et Neuch\u00e2tel, Suisse<\/td>\n<td style=\"vertical-align: top; border-style: solid; border-color: #000000; text-align: left;\" width=\"208\">\n<p>Deux textes r\u00e9dig\u00e9s individuellement, chacun par une participante<\/p>\n<p>(Knuchel-Bossel, 2019 et<\/p>\n<p>Ch\u00e8vre, 2019)<\/td>\n<td style=\"vertical-align: top; border-style: solid; border-color: #000000; text-align: left;\" width=\"239\">Deux t\u00e9moignages et analyses sur un plan global<\/td>\n<\/tr>\n<tr>\n<td style=\"vertical-align: top; border-style: solid; border-color: #000000; text-align: left;\" width=\"160\">D.<br \/>\nINSPE de l\u2019Universit\u00e9 de Bourgogne, Dijon<\/td>\n<td style=\"vertical-align: top; border-style: solid; border-color: #000000; text-align: left;\" width=\"208\">Un texte r\u00e9dig\u00e9 individuellement par un participant<br \/>\n(Amp\u00e8re, 2021)<\/td>\n<td style=\"vertical-align: top; border-style: solid; border-color: #000000; text-align: left;\" width=\"239\">T\u00e9moignage sur un plan global et analyse d\u2019une exp\u00e9rience d\u2019animation d\u2019APP<\/td>\n<\/tr>\n<tr>\n<td style=\"vertical-align: top; border-style: solid; border-color: #000000; text-align: left;\" width=\"160\">E.<br \/>\nUniversit\u00e9 Paul Val\u00e9ry, Montpellier 2<\/td>\n<td style=\"vertical-align: top; border-style: solid; border-color: #000000; text-align: left;\" width=\"208\">Un texte r\u00e9dig\u00e9 individuellement par un participant<br \/>\n(Fremaux, 2021)<\/td>\n<td style=\"vertical-align: top; border-style: solid; border-color: #000000; text-align: left;\" width=\"239\">T\u00e9moignage et analyse sur un plan global<\/td>\n<\/tr>\n<tr>\n<td style=\"vertical-align: top; border-style: solid; border-color: #000000; text-align: left;\" width=\"160\">F.<br \/>\nHaute Ecole de Travail Social de Suisse occidentale, Gen\u00e8ve<\/td>\n<td style=\"vertical-align: top; border-style: solid; border-color: #000000; text-align: left;\" width=\"208\">Un texte avec des t\u00e9moignages de 2 participantes<br \/>\n(Avet L\u2019Oiseau &amp; al., 2021)<\/td>\n<td style=\"vertical-align: top; border-style: solid; border-color: #000000; text-align: left;\" width=\"239\">\n<p>Porte plus sp\u00e9cifiquement sur l\u2019exp\u00e9rience v\u00e9cue durant un stage d\u2019observation d\u2019APP<\/p>\n<p>Ecrit en partie conjointement avec les concepteur et conceptrice<\/td>\n<\/tr>\n<tr>\n<td style=\"vertical-align: top; border-style: solid; border-color: #000000; text-align: left;\" width=\"160\">G.<br \/>\nUniversit\u00e9 de Namur<\/td>\n<td style=\"vertical-align: top; border-style: solid; border-color: #000000; text-align: left;\" width=\"208\">Un texte r\u00e9unissant trois t\u00e9moignages produits individuellement<br \/>\nDenis &amp; al., 2021)<\/td>\n<td style=\"vertical-align: top; border-style: solid; border-color: #000000; text-align: left;\" width=\"239\">Trois t\u00e9moignages sur un plan global<\/td>\n<\/tr>\n<tr>\n<td style=\"vertical-align: top; border-style: solid; border-color: #000000; text-align: left;\" width=\"160\">H.<br \/>\nRectorat de l\u2019acad\u00e9mie de Poitiers<\/td>\n<td style=\"vertical-align: top; border-style: solid; border-color: #000000; text-align: left;\" width=\"208\">Un texte r\u00e9unissant trois t\u00e9moignages produits individuellement<br \/>\n(Marzi &amp; al., 2021)<\/td>\n<td style=\"vertical-align: top; border-style: solid; border-color: #000000; text-align: left;\" width=\"239\">Trois t\u00e9moignages sur les r\u00e9sultats de la formation<\/td>\n<\/tr>\n<\/tbody>\n<\/table>\n<p style=\"text-align: center;\"><em><br \/>\nTableau 1\u00a0: caract\u00e9ristiques g\u00e9n\u00e9rales des textes des participants<\/em><\/p>\n<p style=\"text-align: justify;\">Ci-apr\u00e8s, je pr\u00e9senterai successivement les th\u00e8mes les plus pr\u00e9sents dans ces textes, en lien avec les aspects mentionn\u00e9s dans l\u2019appel \u00e0 contribution. Je pr\u00e9cise que tous les \u00e9crits n\u2019ont pas trait\u00e9 de l\u2019ensemble de ces aspects, ce qui ne signifie pas que leurs auteur\u00b7e\u00b7s n\u2019auraient pas pu en t\u00e9moigner. Par ailleurs, certains articles ont \u00e9t\u00e9 r\u00e9dig\u00e9s collectivement et il n\u2019est pas possible de diff\u00e9rencier les v\u00e9cus des auteurs. En cons\u00e9quence, il ne serait pas pertinent de pr\u00e9ciser \u00e0 chaque fois le nombre de contributions dans lesquelles les diff\u00e9rents th\u00e8mes sont \u00e9voqu\u00e9s.<\/p>\n<p style=\"text-align: justify;\">Par ailleurs, je ne d\u00e9taillerai et je n\u2019illustrerai pas avec des extraits de textes chaque \u00e9l\u00e9ment identifi\u00e9. J\u2019invite les lecteurs et lectrices \u00e0 lire et explorer la richesse des \u00e9crits (qui sont tous accessibles en ligne\u00a0; voir <a href=\"http:\/\/www.analysedepratique.org\/?p=3333\">http:\/\/www.analysedepratique.org\/?p=3333<\/a> en ce qui concerne les formations A, B et C\u00a0; et <a href=\"http:\/\/www.analysedepratique.org\/?p=4362\">http:\/\/www.analysedepratique.org\/?p=4362<\/a> pour les autres).<\/p>\n<h6 style=\"text-align: justify;\"><strong>2.1 Processus d\u2019apprentissage v\u00e9cu durant la formation<\/strong><\/h6>\n<p style=\"text-align: justify;\"><em>Apprendre dans l\u2019action <\/em><\/p>\n<p style=\"text-align: justify;\">Le principal processus mis en avant par les participant\u00b7e\u00b7s est exp\u00e9rientiel. L\u2019apprentissage passe par l\u2019action, la confrontation \u00e0 des situations dans lesquelles il s\u2019agit d\u2019animer, d\u2019\u00eatre exposant\u00b7e, de participer \u00e0 l\u2019APP. En s\u2019impliquant, en vivant ce que peuvent vivre des participant\u00b7e\u00b7s \u00e0 des groupes d\u2019APP qu\u2019ils et elles animeront, en \u00e9tant parfois pris\u00b7e\u00b7s par les \u00e9motions, remis\u00b7e\u00b7s en question dans leurs a priori, etc., les apprenant\u00b7e\u00b7s d\u00e9veloppent une compr\u00e9hension intime de la d\u00e9marche d\u2019analyse de pratiques. Autrement dit, cela passe par le fait d\u2019\u00e9prouver, de se trouver en situation potentiellement impr\u00e9vue, de vivre des exp\u00e9riences singuli\u00e8res et r\u00e9elles d\u2019APP dans toute leur complexit\u00e9.<\/p>\n<p style=\"text-align: justify;\"><em>R\u00e9fl\u00e9chir sur l\u2019action <\/em><\/p>\n<p style=\"text-align: justify;\">Le travail de m\u00e9ta-analyse va de pair avec ce processus exp\u00e9rientiel : il permet de r\u00e9fl\u00e9chir aux v\u00e9cus, de prendre du recul sur les dynamiques en jeu, d\u2019affiner sa compr\u00e9hension par rapport \u00e0 la mani\u00e8re d\u2019intervenir \u00e0 tel ou tel moment de l\u2019APP, de d\u00e9velopper sa capacit\u00e9 \u00e0 r\u00e9fl\u00e9chir sur soi. Les participant\u00b7e\u00b7s d\u00e9couvrent, avec le temps, que l\u2019apprentissage de l\u2019animation se situe au niveau d\u2019une comp\u00e9tence \u00e0 naviguer dans la complexit\u00e9 plut\u00f4t qu\u2019\u00e0 utiliser un protocole et v\u00e9rifier qu\u2019il est respect\u00e9 dans le d\u00e9roulement de l\u2019APP. Les notions th\u00e9oriques viennent soutenir ce travail de r\u00e9flexion. Elles peuvent servir de points de rep\u00e8re, aider \u00e0 s\u2019orienter dans l\u2019action, mais elles ne sont pas consid\u00e9r\u00e9es comme devant la pr\u00e9c\u00e9der et la guider.<\/p>\n<p style=\"text-align: justify;\"><em>Apprendre collectivement <\/em><\/p>\n<p style=\"text-align: justify;\">Les participant\u00b7e\u00b7s rel\u00e8vent dans leurs \u00e9crits l\u2019importance des interactions dans le groupe de formation. Les \u00e9changes collectifs durant les s\u00e9ances de formation, dans des rencontres informelles, dans les entra\u00eenements en groupe de pairs, dans la r\u00e9alisation de travaux r\u00e9flexifs demand\u00e9s, etc. apportent de multiples b\u00e9n\u00e9fices. Ils sont une source continue de stimulations et de mises en questionnement en m\u00eame temps qu\u2019ils permettent de clarifier des doutes et des interrogations. Ils sont pour chacun\u00b7e l\u2019occasion de confronter son exp\u00e9rience \u00e0 celle des autres. Ces dynamiques sont rendues possibles par le cadre de s\u00e9curit\u00e9 construit dans le groupe d\u2019apprenant\u00b7e\u00b7s. La s\u00e9curisation de l\u2019espace d\u2019interaction est tr\u00e8s souvent relev\u00e9e comme cruciale. Le travail de constitution du groupe de formation et le d\u00e9veloppement de la confiance en son sein font d\u2019ailleurs partie des exp\u00e9riences et des \u00e9prouv\u00e9s qui sont v\u00e9cus comme tr\u00e8s formateurs par les participants\u00b7e\u00b7s.<\/p>\n<p style=\"text-align: justify;\"><em>Une multiplicit\u00e9 d\u2019exp\u00e9riences et de modalit\u00e9s de travail<\/em><\/p>\n<p style=\"text-align: justify;\">Pour les apprenant\u00b7e\u00b7s, le fait de pouvoir vivre de nombreuses APP, dans les diff\u00e9rents r\u00f4les, aide \u00e0 progressivement int\u00e9grer les apprentissages, \u00e0 prendre un certain recul dans l\u2019activit\u00e9 d\u2019animation, \u00e0 trouver une relative aisance par rapport aux bases \u00e0 assurer (garantie du cadre, soutien \u00e0 la prise de parole dans le groupe, organisation de la s\u00e9ance, etc.). Ceci leur permet de s\u2019impliquer de plus en plus dans l\u2019approfondissement de leur posture d\u2019accompagnement \u2013 facilitation. Parall\u00e8lement, la diversit\u00e9 des protocoles et dispositifs qu\u2019ils et elles peuvent d\u00e9couvrir et exp\u00e9rimenter est consid\u00e9r\u00e9e comme une source importante d\u2019enrichissement. Elle leur permet d\u2019\u00e9laborer une vision \u00ab m\u00e9ta \u00bb de l\u2019APP, de ses diff\u00e9rentes approches, de ses enjeux et des possibilit\u00e9s de d\u00e9veloppement de l\u2019analyse de pratiques en fonction des caract\u00e9ristiques des groupes et des contextes d\u2019intervention.<\/p>\n<h6 style=\"text-align: justify;\"><strong>2.2 Dynamiques et \u00e9volutions v\u00e9cues<\/strong><\/h6>\n<p style=\"text-align: justify;\"><em>Remises en question avec des moments plus ou moins d\u00e9stabilisants<\/em><\/p>\n<p style=\"text-align: justify;\">Les participante\u00b7e\u00b7s t\u00e9moignent pour la plupart de changements importants v\u00e9cus progressivement dans le cours de la formation. Ceux-ci sont associ\u00e9s \u00e0 un travail de remise en question personnelle notamment au niveau de leurs comportements et de leur posture en tant qu\u2019intervenant\u00b7e. Au d\u00e9but de la formation, ils et elles peuvent vivre certaines difficult\u00e9s li\u00e9es aux incertitudes et impr\u00e9vus rencontr\u00e9s dans l\u2019animation d\u2019une APP. Ils et elles apprennent peu \u00e0 peu \u00e0 les accepter.<\/p>\n<p style=\"text-align: justify;\"><em>Transition<\/em><\/p>\n<p style=\"text-align: justify;\">Plusieurs t\u00e9moignages \u00e9voquent des processus de transition par \u00e9tapes, par exemple pour passer d\u2019une posture d\u2019enseignant-e ou de guidance \u00e0 celle d\u2019accompagnant-e. Cette transition peut-\u00eatre plus ou moins longue, avec parfois des d\u00e9placements identitaires, un travail au niveau des valeurs et de l\u2019approche de la complexit\u00e9, etc.<\/p>\n<p style=\"text-align: justify;\"><em>Construction de rep\u00e8res<\/em><\/p>\n<p style=\"text-align: justify;\">Les participant\u00b7e\u00b7s peuvent tendre parfois \u00e0 se s\u00e9curiser dans un premier temps avec des techniques sur lesquelles ils et elles souhaitent pouvoir s\u2019appuyer. Progressivement, ils et elles d\u00e9veloppent, en m\u00eame temps que des exp\u00e9riences r\u00e9fl\u00e9chies, une compr\u00e9hension plus large des d\u00e9marches mobilis\u00e9es et de leur sens. Ils deviennent capables d\u2019en int\u00e9grer les diff\u00e9rents \u00e9l\u00e9ments (cadre, m\u00e9thode, dynamique du groupe, etc.) et de se servir de r\u00e9f\u00e9rences th\u00e9oriques pour s\u2019orienter et prendre du recul (par exemple, en diff\u00e9renciant analyse de pratiques, analyse de situations et analyse de l\u2019activit\u00e9).<\/p>\n<h6 style=\"text-align: justify;\"><strong>2.3 El\u00e9ments facilitants<\/strong><\/h6>\n<p style=\"text-align: justify;\">Parmi les \u00e9l\u00e9ments facilitants souvent relev\u00e9s par les participant\u00b7e\u00b7s figurent :<\/p>\n<ul style=\"text-align: justify;\">\n<li>La pluralit\u00e9 de personnes intervenant dans la formation, qui permet de b\u00e9n\u00e9ficier de diff\u00e9rents regards et apports, d\u2019aborder diff\u00e9rentes m\u00e9thodes, par rapport auxquelles il sera possible d\u2019apprendre peu \u00e0 peu \u00e0 se situer.<\/li>\n<li>L\u2019\u00e9laboration d\u2019un journal d\u2019apprentissage personnel, l\u2019utilisation de l\u2019\u00e9criture pour d\u00e9velopper la r\u00e9flexion sur soi, noter les questions sur lesquelles il sera utile de revenir, d\u00e9velopper une prise de recul par rapport aux apprentissages.<\/li>\n<li>La confiance v\u00e9cue dans le groupe d\u2019apprenant\u00b7s et avec les formateurs et formatrices, qui permet notamment de partager ses doutes et ses difficult\u00e9s, de solliciter des \u00e9claircissements, de l\u2019accompagnement, du soutien selon besoin, etc.<\/li>\n<li>La multiplicit\u00e9 des possibilit\u00e9s d\u2019entra\u00eenement, entre apprenant\u00b7e\u00b7s et en dehors de la formation.<\/li>\n<li>Les occasions de travail en profondeur, dans des moments exp\u00e9rientiels et de m\u00e9ta-analyse sur un jour entier voire deux jours cons\u00e9cutifs.<\/li>\n<\/ul>\n<h6 style=\"text-align: justify;\"><strong>2.4 Obstacles rencontr\u00e9s durant la formation<\/strong><\/h6>\n<p style=\"text-align: justify;\">Si l\u2019on fait abstraction des moments \u00e9voqu\u00e9s qui peuvent \u00eatre v\u00e9cus comme d\u00e9stabilisants dans le cours de la formation, essentiellement trois \u00e9l\u00e9ments freins ressortent des propos des participant\u00b7e\u00b7s.<\/p>\n<p style=\"text-align: justify;\"><em>Le manque de temps et de disponibilit\u00e9 <\/em><\/p>\n<p style=\"text-align: justify;\">La plupart des participant\u00b7e\u00b7s \u00e9voquent une lourde charge de travail professionnel \u00e0 laquelle s\u2019ajoute l\u2019intensit\u00e9 de la formation. Le rythme exig\u00e9 par celle-ci peut rarement \u00eatre adapt\u00e9 et la disponibilit\u00e9 pour les apprentissages est parfois insuffisante.<\/p>\n<p style=\"text-align: justify;\"><em>La pratique dans le groupe de formation et ses limites <\/em><\/p>\n<p style=\"text-align: justify;\">Les APP dans le groupe de formation ont l\u2019avantage de permettre des exp\u00e9rimentations dans la s\u00e9curit\u00e9. Avec le temps cependant, elles r\u00e9v\u00e8lent aussi des limites : le groupe des apprenant\u00b7e\u00b7s est trop \u00ab\u00a0parfait\u00a0\u00bb, bienveillant, exp\u00e9riment\u00e9 par rapport \u00e0 d\u2019autres groupes qu\u2019il faudra animer, dans lesquels peuvent se manifester diff\u00e9rentes formes de r\u00e9ticences, d\u2019enjeux et de dynamiques d\u2019influence.<\/p>\n<p style=\"text-align: justify;\"><em>Difficult\u00e9 de pratiquer dans le milieu professionnel <\/em><\/p>\n<p style=\"text-align: justify;\">Un autre \u00e9l\u00e9ment revient \u00e0 plusieurs reprises, qui n\u2019est pas li\u00e9 directement \u00e0 la formation mais \u00e0 la possibilit\u00e9 d\u2019animer des APP en dehors de celle-ci. L\u2019obstacle r\u00e9side souvent dans le manque de compr\u00e9hension du milieu professionnel par rapport \u00e0 l\u2019int\u00e9r\u00eat et aux conditions requises pour les APP. Si la formation offre des occasions de pratiquer l\u2019animation, elles ne sont souvent plus l\u00e0 au terme de celle-ci. Cet \u00e9l\u00e9ment s\u2019av\u00e8re critique pour l\u2019int\u00e9gration des comp\u00e9tences en APP, selon des enqu\u00eates effectu\u00e9es par Muller &amp; Thi\u00e9baud (2019) et Thi\u00e9baud (2016). De mani\u00e8re g\u00e9n\u00e9rale, le manque de soutien de l\u2019environnement professionnel est relev\u00e9 par certain\u00b7e\u00b7s participant\u00b7e\u00b7s comme un frein au transfert et \u00e0 la consolidation des apprentissages et des changements de posture.<\/p>\n<h6 style=\"text-align: justify;\"><strong>2.5 R\u00e9sultats (comp\u00e9tences d\u00e9velopp\u00e9es, pratiques d\u2019animation mises en \u0153uvre)<\/strong><\/h6>\n<p style=\"text-align: justify;\"><em>Mise en \u0153uvre des acquis en APP<\/em><\/p>\n<p style=\"text-align: justify;\">L\u2019utilisation des acquis (capacit\u00e9 de facilitation, m\u00e9thodes d\u2019APP, etc.) dans des groupes d\u2019APP anim\u00e9s est mentionn\u00e9e comme r\u00e9sultat principal. Les participant\u00b7e\u00b7s soulignent \u00e0 cet effet l\u2019importance d\u2019un entra\u00eenement pr\u00e9alable suffisant pour \u00eatre en mesure d\u2019assurer l\u2019animation dans des groupes qui ne comprennent pas toujours les exigences de la d\u00e9marche et d\u2019ajuster les modalit\u00e9s travail en fonction des groupes et du contexte. La n\u00e9cessit\u00e9 d\u2019une supervision est \u00e9galement mise en avant par certain\u00b7e\u00b7s.<\/p>\n<p style=\"text-align: justify;\"><em>Changement de posture et de regard <\/em><\/p>\n<p style=\"text-align: justify;\">Les participante\u00b7e\u00b7s mettent en \u00e9vidence des apprentissages qui d\u00e9passent l\u2019activit\u00e9 d\u2019animation de groupe d\u2019APP : les aspects en lien avec le d\u00e9veloppement de l\u2019\u00e9coute, de l\u2019art du questionnement, de la posture d\u2019accompagnement reviennent \u00e0 chaque fois comme des \u00e9l\u00e9ments qui sont transf\u00e9r\u00e9s dans la pratique professionnelle quotidienne, quel qu\u2019elle soit. Est \u00e9voqu\u00e9 \u00e9galement un changement de regard sur son m\u00e9tier (d\u2019enseignant\u00b7e, de soignant\u00b7e, d\u2019\u00e9ducateur \u00b7rice, de gestionnaire, etc.) avec une compr\u00e9hension plus fine de la pratique et une prise en compte renouvel\u00e9e de ses dimensions notamment humaines et relationnelles. La capacit\u00e9 \u00e0 adopter plus facilement une position \u00ab m\u00e9ta \u00bb va de pair avec une prise de recul et de distance ainsi qu\u2019une plus grande assurance face aux situations complexes rencontr\u00e9es.<\/p>\n<p style=\"text-align: justify;\"><em>Changements identitaires et professionnels<\/em><\/p>\n<p style=\"text-align: justify;\">Certain\u00b7e\u00b7s participante\u00b7e\u00b7s mentionnent que la formation a \u00e9t\u00e9 un soutien \u00e0 une reconversion professionnelle. Ils et elles t\u00e9moignent non seulement d\u2019ajustements dans leur pratique, mais aussi de changements plus profonds au niveau de leur identit\u00e9 professionnelle et de la mani\u00e8re dont ils et elles mobilisent les comp\u00e9tences acquises dans les heures consacr\u00e9es \u00e0 l\u2019APP comme dans d\u2019autres unit\u00e9s d\u2019enseignement transversales voire dans d\u2019autres formations.<\/p>\n<p style=\"text-align: justify;\"><em>Pratiques d\u2019animation et d\u00e9veloppement de groupes d\u2019APP<\/em><\/p>\n<p style=\"text-align: justify;\">Le d\u00e9veloppement de nouveaux groupes d\u2019analyse de pratiques professionnelles est \u00e9voqu\u00e9 dans une partie des contributions par les participant\u00b7e\u00b7s qui ont l\u2019occasion d\u2019animer des groupes d\u2019APP. D\u2019autres \u00e9voquent des projets dans ce sens ou s\u2019activent pour cr\u00e9er de telles possibilit\u00e9s, m\u00eame si leur milieu ne soutient pas toujours a priori ces initiatives.<\/p>\n<h4 style=\"text-align: justify;\"><strong>3. Pour conclure<\/strong><\/h4>\n<p style=\"text-align: justify;\">Le corpus constitu\u00e9 par l\u2019ensemble des textes publi\u00e9s en lien avec ces huit formations est riche d\u2019enseignements. Il permet de mettre en \u00e9vidence de nombreux points de convergences relativement aux processus d\u2019apprentissage d\u00e9velopp\u00e9s. S\u2019il n\u2019a pas \u00e9t\u00e9 r\u00e9uni dans une perspective de recherche, il pourrait lui servir de base, soit dans une vis\u00e9e de m\u00e9ta-analyse (moyennant enqu\u00eate compl\u00e9mentaire), soit pour inspirer des \u00e9tudes cibl\u00e9es, telles que celle r\u00e9alis\u00e9e par Muller et Thi\u00e9baud (2019). L\u2019importance de la professionnalisation des animateurs et animatrices et des formations \u00e0 l\u2019APP a \u00e9t\u00e9 mise en avant par plusieurs auteur\u00b7e\u00b7s tel\u00b7le\u00b7s que Faingold (2006), Blanchard-Laville (2008), Lepage, Robo &amp; Calmejane-Gauzins (2014) Thi\u00e9baud (2015) ou Chocat (2018). Cependant, des recherches \u00e0 leur propos n\u2019ont \u00e0 ma connaissance pas encore \u00e9t\u00e9 men\u00e9es.<\/p>\n<p style=\"text-align: justify;\">La lecture de ces textes montre la complexit\u00e9 \u00e0 la fois de l\u2019animation de groupes d\u2019APP et des apprentissages requis \u00e0 cet effet. Les \u00e9l\u00e9ments qui en ressortent sont susceptibles d\u2019inspirer les personnes d\u00e9sirant se former \u00e0 l\u2019APP comme les concepteurs, conceptrices et intervenant\u00b7e\u00b7s de ces formations. Ils montrent clairement des chemins \u00e0 valoriser.<\/p>\n<h4><strong>R\u00e9f\u00e9rences bibliographiques<\/strong><\/h4>\n<p>Amp\u00e8re, F. (2021). Retour d\u2019exp\u00e9rience sur la formation \u00e0 l\u2019animation d\u2019un groupe d\u2019APP en master \u00ab Accompagnement et Analyse des pratiques professionnelles \u00bb. In <em>Revue de l\u2019analyse de pratiques professionnelles<\/em>, No 19, 40-52. <a href=\"http:\/\/www.analysedepratique.org\/?p=4372\">http:\/\/www.analysedepratique.org\/?p=4372<\/a>.<\/p>\n<p>Avet L\u2019Oiseau, S., Loser, F., Vittori, E. &amp; Stabile-Zbaeren, V. (2021). Stage d\u2019observation dans un dispositif d\u2019analyse des pratiques professionnelles : regard crois\u00e9 entre stagiaires, animatrice et animateur. In <em>Revue de <\/em><em>l\u2019analyse de pratiques professionnelles<\/em>, No 19, pp. 93-117. <a href=\"http:\/\/www.analysedepratique.org\/?p=4407\">http:\/\/www.analysedepratique.org\/?p=4407<\/a>.<\/p>\n<p>Blanchard-Laville, C. (2008). Vers une professionnalisation des analystes de la pratique pro-fessionnelle. <em>La nouvelle revue de l\u2019adaptation et de la scolarisation, <\/em>41, pp. 135-144.<\/p>\n<p>Buchet Molfessis, C., Dubost, S., Figarol, M., Force, F., Grenadou, C., Lanata, P. &amp; Le T\u00e9no, F., (2019). Des exp\u00e9riences crois\u00e9es vers la prise en charge d\u2019un dispositif ouvrant l\u2019acc\u00e8s au sujet professionnel. In <em>Revue de l\u2019analyse de pratiques professionnelles<\/em>, 15, pp. 78-95. <a href=\"http:\/\/www.analysedepratique.org\/?p=3368\">http:\/\/www.analysedepratique.org\/?p=3368<\/a>.<\/p>\n<p>Ch\u00e8vre, A. (2019). T\u00e9moignage d\u2019une formation \u00e0 l\u2019animation de groupes d\u2019APP. Apprendre par la pratique d\u2019animation de diff\u00e9rentes formes d\u2019APP. In <em>Revue de l\u2019analyse de pratiques professionnelles<\/em>, 15, pp. 147-154. <a href=\"http:\/\/www.analysedepratique.org\/?p=3375\">http:\/\/www.analysedepratique.org\/?p=3375<\/a>.<\/p>\n<p>Chocat, J. (2018). Se former \u00e0 animer un groupe d\u2019APP : proposition d\u2019un cadre pour un programme de formation. In <em>Revue de l\u2019analyse de pratiques professionnelles<\/em>, 12,<br \/>\npp. 40-52. <a href=\"http:\/\/www.analysedepratique.org\/?p=2867\">http:\/\/www.analysedepratique.org\/?p=2867<\/a>.<\/p>\n<p>Collin B\u00e9theuil, N., Farhat Diot, C. &amp; Jusot, I. (2019). Emotion, contenance et mise en sens en Analyse R\u00e9flexive des Pratiques Professionnelles. In <em>Revue de l\u2019analyse de pratiques professionnelles<\/em>, 15, pp. 96-115. <a href=\"http:\/\/www.analysedepratique.org\/?p=3367\">http:\/\/www.analysedepratique.org\/?p=3367<\/a>.<\/p>\n<p>Denis, G., Duerinckx, E. &amp; Duvivier, S. (2021). T\u00e9moignages en lien avec la formation du MAPEMASS. In <em>Revue de l\u2019analyse de pratiques professionnelles<\/em>, No 19, pp. 136-148. <a href=\"http:\/\/www.analysedepratique.org\/?p=4411\">http:\/\/www.analysedepratique.org\/?p=4411<\/a>.<\/p>\n<p>Faingold, N. (2006). Formation de formateurs \u00e0 l\u2019analyse des pratiques.\u00a0<em>Recherche et formation, <\/em>151, 89-104<em>.<\/em><\/p>\n<p>Fremaux, C. (2021). Se former \u00e0 l\u2019animation d\u2019analyse de la pratique \u00e0 l\u2019Universit\u00e9. In <em>Revue de l\u2019analyse de pratiques professionnelles<\/em>, No 19, pp. 66-71. <a href=\"http:\/\/www.analysedepratique.org\/?p=4382\">http:\/\/www.analysedepratique.org\/?p=4382<\/a>.<\/p>\n<p>Gemmiti, L., Mounerat, M-C., Roch, C. &amp; Weber, S. (2019). T\u00e9moignages autour de la formation \u00e0 l\u2019accompagnement et \u00e0 l\u2019analyse de pratiques professionnelles. In <em>Revue de l\u2019analyse de pratiques professionnelles<\/em>, 15, pp. 31-48. <a href=\"http:\/\/www.analysedepratique.org\/?p=3349\">http:\/\/www.analysedepratique.org\/?p=3349<\/a>.<\/p>\n<p>Knuchel-Bossel, M. (2019). La formation \u00e0 l\u2019animation de groupes d\u2019APP : une initiation au macram\u00e9. In <em>Revue de l\u2019analyse de pratiques professionnelles<\/em>, 15, pp. 138-146. <a href=\"http:\/\/www.analysedepratique.org\/?p=3373\">http:\/\/www.analysedepratique.org\/?p=3373<\/a>.<\/p>\n<p>Lepage, J.-P., Robo, P. &amp; Calmejane-Gauzins, C. (2014). L\u2019analyse de pratiques professionnelles. Trois questions \u00e0 Jean Pierre Lepage et Patrick Robo. <em>Revue de l\u2019analyse de pratiques professionnelles<\/em>, 4, pp. 35-41. <a href=\"http:\/\/www.analysedepratique.org\/?p=1381\">http:\/\/www.analysedepratique.org\/?p=1381<\/a>.<\/p>\n<p>Marzi, E., Souchaud, J. et Roche, V. (2021). T\u00e9moignages sur le parcours de formation \u00e0 l\u2019animation de groupes d\u2019analyse de pratiques professionnelles dans l\u2019acad\u00e9mie de Poitiers (2017-2020). In <em>Revue de l\u2019analyse de pratiques professionnelles<\/em>, No 19, pp. 163-167. <a href=\"http:\/\/www.analysedepratique.org\/?p=4415\">http:\/\/www.analysedepratique.org\/?p=4415<\/a>.<\/p>\n<p>Muller, N. &amp; Thi\u00e9baud, L. (2019). APP, identit\u00e9 et pratiques\u00a0: deux recherches autour d\u2019une formation en accompagnement individuel et collectif. In <em>Revue de l\u2019analyse de pratiques professionnelles<\/em>, 15, pp. 49-59. <a href=\"http:\/\/www.analysedepratique.org\/?p=3351\">http:\/\/www.analysedepratique.org\/?p=3351<\/a>.<\/p>\n<p>Thi\u00e9baud, M. (coord.) (2021). Se former \u00e0 l\u2019animation de groupes d\u2019APP : processus et exp\u00e9riences (2\u00e8me partie). <em>Revue de l\u2019analyse de pratiques professionnelles<\/em>. No 19. <a href=\"http:\/\/www.analysedepratique.org\/?p=4359\">http:\/\/www.analysedepratique.org\/?p=4359<\/a>.<\/p>\n<p>Thi\u00e9baud, M. (coord.) (2019a). Se former \u00e0 l\u2019animation de groupes d\u2019APP\u00a0: processus et exp\u00e9riences. <em>Revue de l\u2019analyse de pratiques professionnelles.<\/em> 15. 154 pages. <a href=\"http:\/\/www.analysedepratique.org\/?p=3333\">http:\/\/www.analysedepratique.org\/?p=3333<\/a>.<\/p>\n<p>Thi\u00e9baud, M. (2019b). Se former pour animer des groupes d\u2019analyse de pratiques. In <em>Revue de l\u2019analyse de pratiques professionnelles<\/em>, No 15, pp. 4-11. <a href=\"http:\/\/www.analysedepratique.org\/?p=3377\">http:\/\/www.analysedepratique.org\/?p=3377<\/a>.<\/p>\n<p>Thi\u00e9baud, M. (2016). Devenir comp\u00e9tent dans l\u2019animation de groupe d\u2019APP.\u00a0 In <em>Revue de l\u2019analyse de pratiques professionnelles<\/em>, 7, pp 28-53.<br \/>\n<a href=\"http:\/\/www.analysedepratique.org\/?p=2051\">http:\/\/www.analysedepratique.org\/?p=2051<\/a>.<\/p>\n<p>Thi\u00e9baud, M. (2015). Animer un groupe d\u2019APP, \u00e7a s\u2019apprend. Oui mais comment ? Retour sur les formations et l\u2019exp\u00e9rience d\u00e9velopp\u00e9es en Suisse. In <em>Revue de l\u2019analyse de pratiques professionnelles,<\/em> 5, pp. 31-47. <a href=\"http:\/\/www.analysedepratique.org\/?p=1681\">http:\/\/www.analysedepratique.org\/?p=1681<\/a>.<\/p>\n<p><strong>\u00a0<\/strong><\/p>\n<h4><strong>Annexe<\/strong><\/h4>\n<p><strong>Quelques donn\u00e9es g\u00e9n\u00e9rales relatives \u00e0 chacune des formations<\/strong><\/p>\n<table style=\"width: 604px;\" border=\"1\" width=\"604\">\n<tbody>\n<tr>\n<td style=\"vertical-align: top; border-style: solid; border-color: #000000;\" width=\"236\">Formation<\/td>\n<td style=\"vertical-align: top; border-style: solid; border-color: #000000;\" width=\"186\">Dur\u00e9e, nombre d\u2019heures de cours<a href=\"#_ftn2\" name=\"_ftnref2\">[2]<\/a>, cr\u00e9dits ECTS<\/td>\n<td style=\"vertical-align: top; border-style: solid; border-color: #000000;\" width=\"183\">Remarques<\/td>\n<\/tr>\n<tr>\n<td style=\"vertical-align: top; border-style: solid; border-color: #000000;\" width=\"236\">A.<br \/>\nDipl\u00f4me d\u2019\u00e9tude avanc\u00e9e \u00ab Accompagnement individuel et collectif : coaching et analyse de pratiques professionnelles \u00bb(Haute Ecole P\u00e9dagogique du canton de Vaud, Suisse)<\/td>\n<td style=\"vertical-align: top; border-style: solid; border-color: #000000;\" width=\"186\">\n<p>Depuis 2006<\/p>\n<p>Dur\u00e9e\u00a0: 2 ans et demi<br \/>\nEnviron 120 heures de cours consacr\u00e9es \u00e0 l\u2019APP (sur un total de 320)<\/p>\n<p>30 cr\u00e9dits ECTS<\/p>\n<p>Formation certifiante<\/td>\n<td style=\"vertical-align: top; border-style: solid; border-color: #000000;\" width=\"183\">Formation liant \u00e9troitement l\u2019apprentissage de l\u2019accompagnement (individuel et collectif) et de l\u2019animation de groupe d\u2019APP. L\u2019APP est utilis\u00e9e comme ressource tout au long de la formation<\/td>\n<\/tr>\n<tr>\n<td style=\"vertical-align: top; border-style: solid; border-color: #000000;\" width=\"236\">B.<br \/>\nMaster \u00ab Formation de Formateurs \u00e0 l\u2019Accompagnement Professionnel \u00bb. Unit\u00e9 d\u2019Enseignement (UE) \u00ab Analyse de pratiques et identit\u00e9 professionnelle \u00bb(Universit\u00e9 de Cergy-Pontoise, France)<\/td>\n<td style=\"vertical-align: top; border-style: solid; border-color: #000000;\" width=\"186\">\n<p>Depuis 2010<\/p>\n<p>Dur\u00e9e : 2 ans<\/p>\n<p>2 UE, soit plus de 50 heures de cours consacr\u00e9es sp\u00e9cifiquement \u00e0 l\u2019APP<br \/>\n(sur un total de 312)<\/p>\n<p>Formation certifiante<\/td>\n<td style=\"vertical-align: top; border-style: solid; border-color: #000000;\" width=\"183\">Formation \u00e0 l\u2019accompagnement et \u00e0 l\u2019APP<\/td>\n<\/tr>\n<tr>\n<td style=\"vertical-align: top; border-style: solid; border-color: #000000;\" width=\"236\">C.<br \/>\nCertificat d\u2019\u00e9tude avanc\u00e9e \u00ab Animation de groupes d\u2019analyse de pratiques professionnelles \u00bb(Haute Ecole P\u00e9dagogique de Berne, Jura et Neuch\u00e2tel, Suisse)<\/td>\n<td style=\"vertical-align: top; border-style: solid; border-color: #000000;\" width=\"186\">\n<p>Depuis 2016<\/p>\n<p>Dur\u00e9e : 18 mois<\/p>\n<p>120 heures de cours (enti\u00e8rement consacr\u00e9es \u00e0 l\u2019APP)<\/p>\n<p>12 cr\u00e9dits ECTS<br \/>\nFormation certifiante<\/td>\n<td style=\"vertical-align: top; border-style: solid; border-color: #000000;\" width=\"183\">Formation centr\u00e9e sur l\u2019animation de groupes d\u2019APP<\/td>\n<\/tr>\n<tr>\n<td style=\"vertical-align: top; border-style: solid; border-color: #000000;\" width=\"236\">D.<br \/>\nMaster \u00ab Accompagnement et Analyse de Pratiques Professionnelles \u00bb, Institut National Sup\u00e9rieur du Professorat et de l\u2019\u00c9ducation de l\u2019Universit\u00e9 de Bourgogne, Dijon<\/td>\n<td style=\"vertical-align: top; border-style: solid; border-color: #000000;\" width=\"186\">\n<p>Depuis 2017<\/p>\n<p>Dur\u00e9e : deux ans<\/p>\n<p>Environ 75 heures de cours sp\u00e9cifiquement pour l\u2019APP<br \/>\n(sur un total de 300)<\/p>\n<p>Formation certifiante<\/td>\n<td style=\"vertical-align: top; border-style: solid; border-color: #000000;\" width=\"183\">Formation \u00e0 l\u2019accompagnement et \u00e0 l\u2019APP<\/td>\n<\/tr>\n<tr>\n<td style=\"vertical-align: top; border-style: solid; border-color: #000000;\" width=\"236\">E.<br \/>\nMaster 2 \u00ab Analyses et Conception en \u00c9ducation et Formation (ACEF) \u00bb,Universit\u00e9 Paul Val\u00e9ry, Montpellier 2, d\u00e9partement Sciences de l\u2019\u00c9ducation<\/td>\n<td style=\"vertical-align: top; border-style: solid; border-color: #000000;\" width=\"186\">\n<p>Dur\u00e9e : un an<\/p>\n<p>Plus de 50 heures de cours consacr\u00e9es sp\u00e9cifiquement \u00e0 l\u2019APP<\/p>\n<p>(sur un total d\u2019env. 600)<\/p>\n<p>60 cr\u00e9dits ECTS<\/p>\n<p>Formation certifiante<\/td>\n<td style=\"vertical-align: top; border-style: solid; border-color: #000000;\" width=\"183\">Formation comprenant diff\u00e9rents enseignements articul\u00e9s (APP, analyse de l\u2019activit\u00e9, identit\u00e9 professionnelle et rapport au travail, etc.)<\/td>\n<\/tr>\n<tr>\n<td style=\"vertical-align: top; border-style: solid; border-color: #000000;\" width=\"236\">F.<br \/>\nCertificat d\u2019\u00e9tude avanc\u00e9e de sp\u00e9cialiste en analyse des pratiques professionnelles dans le domaine de l\u2019action sociale, \u00e9ducative, psychosociale et de la sant\u00e9,Haute Ecole de Travail Social de Suisse occidentale, Gen\u00e8ve<\/td>\n<td style=\"vertical-align: top; border-style: solid; border-color: #000000;\" width=\"186\">\n<p>Depuis 2016<\/p>\n<p>Dur\u00e9e : un an<\/p>\n<p>Plus de 50 heures de cours consacr\u00e9es sp\u00e9cifiquement \u00e0 l\u2019APP (sur un total de 150)<\/p>\n<p>15 cr\u00e9dits ETCS<\/p>\n<p>Formation certifiante<\/td>\n<td style=\"vertical-align: top; border-style: solid; border-color: #000000;\" width=\"183\">Formation comprenant trois modules\u00a0(\u00e9volution des m\u00e9tiers et des conditions de travail, construction identitaire et postures d\u2019intervenants, analyse de la pratique)<\/td>\n<\/tr>\n<tr>\n<td style=\"vertical-align: top; border-style: solid; border-color: #000000;\" width=\"236\">G.<br \/>\nMaster de sp\u00e9cialisation en Accompagnement des Professionnels de l\u2019Education, du Management, de l\u2019Action Sociale et de la Sant\u00e9 (MAPEMASS), Universit\u00e9 de Namur(D\u00e9partement \u00e9ducation et technologie)<\/td>\n<td style=\"vertical-align: top; border-style: solid; border-color: #000000;\" width=\"186\">\n<p>Depuis 2017<\/p>\n<p>Dur\u00e9e : deux ans<\/p>\n<p>Environ 110 heures de cours consacr\u00e9es sp\u00e9cifiquement \u00e0 l\u2019APP (sur un total de 330)<\/p>\n<p>60 cr\u00e9dits ECTS<\/p>\n<p>Formation certifiante<\/td>\n<td style=\"vertical-align: top; border-style: solid; border-color: #000000;\" width=\"183\">Formation comprenant 16 unit\u00e9s d\u2019enseignement dont six sont d\u00e9di\u00e9es \u00e0 l\u2019APP ou utilisent l\u2019APP comme ressource<\/td>\n<\/tr>\n<tr>\n<td style=\"vertical-align: top; border-style: solid; border-color: #000000;\" width=\"236\">H.<br \/>\nFormation de formateurs \u2013 Dispositif de formation : analyse de pratiques et travail r\u00e9flexif (plan acad\u00e9mique de formation continue du Rectorat de l\u2019acad\u00e9mie de Poitiers)<\/td>\n<td style=\"vertical-align: top; border-style: solid; border-color: #000000;\" width=\"186\">\n<p>Depuis 2017<\/p>\n<p>Dur\u00e9e\u00a0: un an environ<\/p>\n<p>78 heures enti\u00e8rement consacr\u00e9es \u00e0 l\u2019APP Formation<\/p>\n<p>non certifiante<\/td>\n<td style=\"vertical-align: top; border-style: solid; border-color: #000000;\" width=\"183\">Formation centr\u00e9e sur l\u2019animation de groupes d\u2019APP<\/td>\n<\/tr>\n<\/tbody>\n<\/table>\n<p>&nbsp;<\/p>\n<p>&nbsp;<\/p>\n<a href=\"#\" class=\"shortcode button  \" style=\"background-color: silver;\" target=\"\" onclick=\"\"> Haut de page<\/a>\n<p>&nbsp;<\/p>\n<p>&nbsp;<\/p>\n<h4><strong>Notes<\/strong><\/h4>\n<p>&nbsp;<\/p>\n<p><a href=\"#_ftnref1\" name=\"_ftn1\">[1]<\/a> Des contacts ont eu lieu avec les concepteurs de deux autres formations, qui n&rsquo;ont pas (encore) pu r\u00e9diger une contribution, en raison d\u2019un manque de disponibilit\u00e9 et de temps.<\/p>\n<p><a href=\"#_ftnref2\" name=\"_ftn2\">[2]<\/a> Il s\u2019agit d\u2019heures en pr\u00e9sentiel, auxquelles s\u2019ajoutent g\u00e9n\u00e9ralement le double de temps en travail personnel. Seules les heures de cours sp\u00e9cifiquement centr\u00e9 sur l&rsquo;apprentissage de l&rsquo;APP sont indiqu\u00e9es. Dans plusieurs formations, l&rsquo;APP peut \u00eatre \u00e9galement mobilis\u00e9e dans d&rsquo;autres unit\u00e9s d&rsquo;enseignement aux modules, comme ressource ou elle peut \u00eatre l&rsquo;objet de r\u00e9flexions et mises en articulation. Ces heures ne sont pas compt\u00e9es ici.<\/p>\n<p>&nbsp;<\/p>\n<p><a href=\"#_ftnref1\" name=\"_ftn1\"><\/a><\/p>\n<p>&nbsp;<\/p>\n<p><a href=\"#_ftnref1\" name=\"_ftn1\"><\/a><\/p>\n<p>&nbsp;<\/p>\n<div id=\"themify_builder_content-4362\" data-postid=\"4362\" class=\"themify_builder_content themify_builder_content-4362 themify_builder themify_builder_front\">\n\n\t<\/div>\n<!-- \/themify_builder_content -->","protected":false},"excerpt":{"rendered":"<p>&nbsp; Marc Thi\u00e9baud Psychologue, sp\u00e9cialiste de l&rsquo;accompagnement et de l&rsquo;animation de groupe, Suisse thiebaud[arobase]formaction.ch R\u00e9sum\u00e9 Ce texte a pour but de mettre en \u00e9vidence quelques \u00e9l\u00e9ments saillants \u00e0 partir de t\u00e9moignages et r\u00e9flexions r\u00e9dig\u00e9s par des participant\u00b7e\u00b7s \u00e0 huit formations \u00e0 l\u2019animation de groupes d\u2019analyse de pratiques. Ces formations de longue dur\u00e9e ont \u00e9t\u00e9 d\u00e9velopp\u00e9es [&hellip;]<\/p>\n","protected":false},"author":2,"featured_media":0,"comment_status":"open","ping_status":"open","sticky":false,"template":"","format":"standard","meta":{"_jetpack_newsletter_access":"","_jetpack_dont_email_post_to_subs":false,"_jetpack_newsletter_tier_id":0,"_jetpack_memberships_contains_paywalled_content":false,"_jetpack_memberships_contains_paid_content":false,"footnotes":""},"categories":[8,11,19],"tags":[48,99,26,413,31],"class_list":["post-4362","post","type-post","status-publish","format-standard","hentry","category-thiebaud","category-2synthese","category-10temoignage","tag-animation","tag-experience","tag-formation","tag-processus-dapprentissage","tag-reflexivite","has-post-title","no-post-date","has-post-category","has-post-tag","has-post-comment","has-post-author"],"jetpack_featured_media_url":"","jetpack_shortlink":"https:\/\/wp.me\/p3VXfJ-18m","jetpack_sharing_enabled":true,"_links":{"self":[{"href":"https:\/\/www.analysedepratique.org\/index.php?rest_route=\/wp\/v2\/posts\/4362","targetHints":{"allow":["GET"]}}],"collection":[{"href":"https:\/\/www.analysedepratique.org\/index.php?rest_route=\/wp\/v2\/posts"}],"about":[{"href":"https:\/\/www.analysedepratique.org\/index.php?rest_route=\/wp\/v2\/types\/post"}],"author":[{"embeddable":true,"href":"https:\/\/www.analysedepratique.org\/index.php?rest_route=\/wp\/v2\/users\/2"}],"replies":[{"embeddable":true,"href":"https:\/\/www.analysedepratique.org\/index.php?rest_route=%2Fwp%2Fv2%2Fcomments&post=4362"}],"version-history":[{"count":23,"href":"https:\/\/www.analysedepratique.org\/index.php?rest_route=\/wp\/v2\/posts\/4362\/revisions"}],"predecessor-version":[{"id":5072,"href":"https:\/\/www.analysedepratique.org\/index.php?rest_route=\/wp\/v2\/posts\/4362\/revisions\/5072"}],"wp:attachment":[{"href":"https:\/\/www.analysedepratique.org\/index.php?rest_route=%2Fwp%2Fv2%2Fmedia&parent=4362"}],"wp:term":[{"taxonomy":"category","embeddable":true,"href":"https:\/\/www.analysedepratique.org\/index.php?rest_route=%2Fwp%2Fv2%2Fcategories&post=4362"},{"taxonomy":"post_tag","embeddable":true,"href":"https:\/\/www.analysedepratique.org\/index.php?rest_route=%2Fwp%2Fv2%2Ftags&post=4362"}],"curies":[{"name":"wp","href":"https:\/\/api.w.org\/{rel}","templated":true}]}}