{"id":4359,"date":"2021-02-25T09:19:22","date_gmt":"2021-02-25T08:19:22","guid":{"rendered":"http:\/\/www.analysedepratique.org\/?p=4359"},"modified":"2021-06-20T20:42:01","modified_gmt":"2021-06-20T19:42:01","slug":"numero-19-mars-2021","status":"publish","type":"post","link":"https:\/\/www.analysedepratique.org\/?p=4359","title":{"rendered":"Num\u00e9ro 19 &#8211; mars 2021"},"content":{"rendered":"<p>&nbsp;<\/p>\n<hr \/>\n<p style=\"text-align: center;\"><span style=\"color: #821212;\">Vous appr\u00e9ciez les articles publi\u00e9s dans la revue ?<\/span><\/p>\n<p style=\"text-align: center;\"><span style=\"color: #821212;\">Les t\u00e2ches requises pour la parution de la revue sont assur\u00e9es b\u00e9n\u00e9volement, cependant<\/span><br \/>\n<span style=\"color: #821212;\">des frais doivent \u00eatre assum\u00e9s pour la diffusion et l&rsquo;h\u00e9bergement des textes sur Internet.<\/span><\/p>\n<p style=\"text-align: center;\"><span style=\"color: #821212;\">Si vous souhaitez soutenir l&rsquo;existence de la revue, vous avez la possibilit\u00e9<\/span><br \/>\n<span style=\"color: #821212;\">de faire parvenir un don, m\u00eame modeste, via la page\u00a0\u00a0<a style=\"color: #821212;\" href=\"http:\/\/www.analysedepratique.org\/?page_id=27\">SOUTIEN<\/a>.<\/span><\/p>\n<hr \/>\n<p style=\"text-align: center;\"><strong>\u00a0<\/strong><\/p>\n<h3><em><strong><br \/>\nFormations \u00e0 l\u2019animation de groupes d\u2019APP : processus et exp\u00e9riences<br \/>\n<\/strong><\/em><em><strong>(2\u00e8me partie)<\/strong><\/em><\/h3>\n<p>&nbsp;<\/p>\n<p style=\"text-align: center;\"><a href=\"https:\/\/www.analysedepratique.org\/?p=3333\" class=\"shortcode button  \" style=\"background-color: silver;\" target=\"\" onclick=\"\"> <span style=\"color: #800000;\"><em>1\u00e8re partie : voir N\u00b0 15 \u2013 juin 2019<\/em><\/span><\/a>\n<p>&nbsp;<\/p>\n<p><a href=\"http:\/\/www.analysedepratique.org\/?p=4354\">Editorial<\/a><\/p>\n<p><a href=\"http:\/\/www.analysedepratique.org\/?p=4362\">Marc Thi\u00e9baud<\/a><br \/>\n<em>Comment apprendre \u00e0 animer des groupes d\u2019analyse de pratiques professionnelles ?<\/em><br \/>\n<em>Quelques \u00e9l\u00e9ments issus de t\u00e9moignages en lien avec huit formations<\/em><\/p>\n<p>D.<\/p>\n<p>Master \u00ab Accompagnement et Analyse de Pratiques Professionnelles \u00bb, Institut National Sup\u00e9rieur du Professorat et de l&rsquo;\u00c9ducation de l\u2019Universit\u00e9 de Bourgogne, Dijon<\/p>\n<p style=\"padding-left: 40px;\"><a href=\"https:\/\/www.analysedepratique.org\/?p=4364\">Denis Loizon<\/a><br \/>\n<em>Former \u00e0 l\u2019animation de groupe d\u2019APP en master<\/em><\/p>\n<p style=\"padding-left: 40px;\"><a href=\"https:\/\/www.analysedepratique.org\/?p=4372\">Franck Amp\u00e8re<\/a><br \/>\n<em>Retour d\u2019exp\u00e9rience sur la formation \u00e0 l\u2019animation d\u2019un groupe d\u2019APP en master<\/em><br \/>\n<em>\u00ab Accompagnement et Analyse des pratiques professionnelles \u00bb<\/em><\/p>\n<p>E.<\/p>\n<p>Master 2 \u00ab Analyses et Conception en \u00c9ducation et Formation (ACEF) \u00bb,<br \/>\nUniversit\u00e9 Paul Val\u00e9ry, Montpellier 2, d\u00e9partement Sciences de l\u2019\u00c9ducation<\/p>\n<p style=\"padding-left: 40px;\"><a href=\"https:\/\/www.analysedepratique.org\/?p=4378\">Th\u00e9r\u00e8se Perez-Roux<\/a><br \/>\n<em>L\u2019APP comme dispositif professionnalisant dans une formation universitaire :<\/em><br \/>\n<em>quels enjeux, quelles strat\u00e9gies, quels effets ?<\/em><\/p>\n<p style=\"padding-left: 40px;\"><a href=\"https:\/\/www.analysedepratique.org\/?p=4382\">Charly Fremaux<\/a><br \/>\n<em>Se former \u00e0 l\u2019animation d\u2019analyse de la pratique \u00e0 l\u2019Universit\u00e9<\/em><\/p>\n<p>F.<\/p>\n<p>Certificat d\u2019\u00e9tude avanc\u00e9e de sp\u00e9cialiste en analyse des pratiques professionnelles dans le domaine de l\u2019action sociale, \u00e9ducative, psychosociale et de la sant\u00e9,<br \/>\nHaute Ecole de Travail Social, Gen\u00e8ve<\/p>\n<p style=\"padding-left: 40px;\"><a href=\"https:\/\/www.analysedepratique.org\/?p=4405\">Sylvie Avet L\u2019Oiseau et Francis Loser<\/a><br \/>\n<em>Formation \u00e0 l\u2019animation des groupes d\u2019analyse de pratiques professionnelles :<\/em><br \/>\n<em>le dispositif mis en place dans le cadre de la HES-SO<\/em><br \/>\n<em>(Haute Ecole de Travail Social de Suisse occidentale)<\/em><\/p>\n<p style=\"padding-left: 40px;\"><a href=\"https:\/\/www.analysedepratique.org\/?p=4407\">Sylvie Avet L\u2019Oiseau, Francis Loser, Emmanuelle Vittori et Valentine Stabile-Zbaeren<\/a><br \/>\n<em>Stage d\u2019observation dans un dispositif d\u2019analyse de pratiques professionnelles : regard crois\u00e9 entre stagiaires, animatrice et animateur<\/em><\/p>\n<p>G.<\/p>\n<p>Master de sp\u00e9cialisation en Accompagnement des Professionnels de l\u2019Education, du Management, de l\u2019Action Sociale et de la Sant\u00e9 (MAPEMASS), Universit\u00e9 de Namur<br \/>\n(D\u00e9partement \u00e9ducation et technologie)<\/p>\n<p style=\"padding-left: 40px;\"><a href=\"https:\/\/www.analysedepratique.org\/?p=4409\">Sephora Boucenna et Long Pham Quang<\/a><br \/>\n<em>Le MAPEMASS, un master de sp\u00e9cialisation qui forme \u00e0 l\u2019accompagnement<\/em><br \/>\n<em>avec les ressources de l\u2019analyse des pratiques professionnelles<\/em><\/p>\n<p style=\"padding-left: 40px;\"><a href=\"https:\/\/www.analysedepratique.org\/?p=4411\">Geoffroy Denis, Elodie Duerinckx et St\u00e9phane Duvivier<\/a><br \/>\n<em>T\u00e9moignages en lien avec la formation du MAPEMASS<\/em><\/p>\n<p>H.<\/p>\n<p>Formation de formateurs &#8211; Dispositif de formation : analyse de pratiques et travail r\u00e9flexif (plan acad\u00e9mique de formation continue du Rectorat de l&rsquo;acad\u00e9mie de Poitiers)<\/p>\n<p style=\"padding-left: 40px;\"><a href=\"https:\/\/www.analysedepratique.org\/?p=4413\">Philippe P\u00e9aud<\/a><br \/>\n<em>Un parcours de formation \u00e0 l\u2019animation de groupes d\u2019analyse de pratiques professionnelles dans l\u2019acad\u00e9mie de Poitiers (2017-2020)<\/em><\/p>\n<p style=\"padding-left: 40px;\"><a href=\"https:\/\/www.analysedepratique.org\/?p=4415\">Emmanuel Marzi, Virginie Roche et Joelle Souchaud<\/a><br \/>\n<em>T\u00e9moignages sur le parcours de formation \u00e0 l\u2019animation de groupes d\u2019analyse de pratiques professionnelles dans l\u2019acad\u00e9mie de Poitiers (2017-2020)<\/em><\/p>\n<p><em><br \/>\nR\u00e9f\u00e9rencement<\/em><\/p>\n<p>Thi\u00e9baud, M. (coord.) (2021). Se former \u00e0 l\u2019animation de groupes d\u2019APP : processus et exp\u00e9riences (2\u00e8me partie). <em>Revue de l\u2019analyse de pratiques professionnelles.<\/em> No 19. 167 pages. <a href=\"http:\/\/www.analysedepratique.org\/?p=4359\">http:\/\/www.analysedepratique.org\/?p=4359<\/a>.<\/p>\n<div id=\"themify_builder_content-4359\" data-postid=\"4359\" class=\"themify_builder_content themify_builder_content-4359 themify_builder themify_builder_front\">\n\n\t<\/div>\n<!-- \/themify_builder_content -->","protected":false},"excerpt":{"rendered":"<p>&nbsp; Vous appr\u00e9ciez les articles publi\u00e9s dans la revue ? Les t\u00e2ches requises pour la parution de la revue sont assur\u00e9es b\u00e9n\u00e9volement, cependant des frais doivent \u00eatre assum\u00e9s pour la diffusion et l&rsquo;h\u00e9bergement des textes sur Internet. Si vous souhaitez soutenir l&rsquo;existence de la revue, vous avez la possibilit\u00e9 de faire parvenir un don, m\u00eame [&hellip;]<\/p>\n","protected":false},"author":2,"featured_media":0,"comment_status":"open","ping_status":"open","sticky":false,"template":"","format":"standard","meta":{"_jetpack_newsletter_access":"","_jetpack_dont_email_post_to_subs":false,"_jetpack_newsletter_tier_id":0,"_jetpack_memberships_contains_paywalled_content":false,"_jetpack_memberships_contains_paid_content":false,"footnotes":""},"categories":[1],"tags":[],"class_list":["post-4359","post","type-post","status-publish","format-standard","hentry","category-non-classe","has-post-title","no-post-date","has-post-category","has-post-tag","has-post-comment","has-post-author"],"jetpack_featured_media_url":"","jetpack_shortlink":"https:\/\/wp.me\/p3VXfJ-18j","jetpack_sharing_enabled":true,"_links":{"self":[{"href":"https:\/\/www.analysedepratique.org\/index.php?rest_route=\/wp\/v2\/posts\/4359","targetHints":{"allow":["GET"]}}],"collection":[{"href":"https:\/\/www.analysedepratique.org\/index.php?rest_route=\/wp\/v2\/posts"}],"about":[{"href":"https:\/\/www.analysedepratique.org\/index.php?rest_route=\/wp\/v2\/types\/post"}],"author":[{"embeddable":true,"href":"https:\/\/www.analysedepratique.org\/index.php?rest_route=\/wp\/v2\/users\/2"}],"replies":[{"embeddable":true,"href":"https:\/\/www.analysedepratique.org\/index.php?rest_route=%2Fwp%2Fv2%2Fcomments&post=4359"}],"version-history":[{"count":20,"href":"https:\/\/www.analysedepratique.org\/index.php?rest_route=\/wp\/v2\/posts\/4359\/revisions"}],"predecessor-version":[{"id":4748,"href":"https:\/\/www.analysedepratique.org\/index.php?rest_route=\/wp\/v2\/posts\/4359\/revisions\/4748"}],"wp:attachment":[{"href":"https:\/\/www.analysedepratique.org\/index.php?rest_route=%2Fwp%2Fv2%2Fmedia&parent=4359"}],"wp:term":[{"taxonomy":"category","embeddable":true,"href":"https:\/\/www.analysedepratique.org\/index.php?rest_route=%2Fwp%2Fv2%2Fcategories&post=4359"},{"taxonomy":"post_tag","embeddable":true,"href":"https:\/\/www.analysedepratique.org\/index.php?rest_route=%2Fwp%2Fv2%2Ftags&post=4359"}],"curies":[{"name":"wp","href":"https:\/\/api.w.org\/{rel}","templated":true}]}}