{"id":3933,"date":"2020-06-22T11:54:34","date_gmt":"2020-06-22T10:54:34","guid":{"rendered":"http:\/\/www.analysedepratique.org\/?p=3933"},"modified":"2025-01-20T14:11:54","modified_gmt":"2025-01-20T13:11:54","slug":"editorial-numero-18","status":"publish","type":"post","link":"https:\/\/www.analysedepratique.org\/?p=3933","title":{"rendered":"Editorial &#8211; num\u00e9ro 18"},"content":{"rendered":"<p>&nbsp;<\/p>\n<h3><em><strong>Groupe d\u2019analyse de pratiques et <\/strong><\/em><em><strong>groupe de cod\u00e9veloppement<\/strong><\/em><\/h3>\n<h3><em><strong>\u00a0<\/strong><\/em><\/h3>\n<p style=\"text-align: justify;\">Ch\u00e8res abonn\u00e9es, chers abonn\u00e9s,<\/p>\n<p style=\"text-align: justify;\">Le nouveau num\u00e9ro qui para\u00eet aujourd&rsquo;hui est particulier \u00e0 plus d&rsquo;un titre.<\/p>\n<p style=\"text-align: justify;\">D\u2019une part, il pr\u00e9sente et met en perspective deux approches voisines ou cousines d\u00e9velopp\u00e9es de part et d&rsquo;autre de l&rsquo;Atlantique\u00a0: le groupe de cod\u00e9veloppement et le groupe d\u2019analyse de pratiques professionnelles.<\/p>\n<p style=\"text-align: justify;\">Une r\u00e9flexion conjointe sur ces deux approches n&rsquo;avait encore jamais \u00e9t\u00e9 r\u00e9alis\u00e9e. Elle a \u00e9t\u00e9 men\u00e9e en 2019 par l\u2019interm\u00e9diaire d\u2019une exp\u00e9rimentation de chacune des deux d\u00e9marches, \u00e0 distance, au sein d&rsquo;un groupe de huit personnes, suivie d&rsquo;un dialogue et de l&rsquo;analyse de leurs similitudes et diff\u00e9rences.<\/p>\n<p style=\"text-align: justify;\">Cette exp\u00e9rimentation n\u2019aurait pas pu se concr\u00e9tiser sans la participation active et bienveillante de nos coll\u00e8gues Louise-H\u00e9l\u00e8ne Lefebvre, Nicole Vachon, Mich\u00e8le Knuchel-Bossel et J\u00e9r\u00e9my Calendini. Nous les remercions vivement de leurs contributions.<\/p>\n<p style=\"text-align: justify;\">D\u2019autre part, pour la premi\u00e8re fois, un num\u00e9ro commun est publi\u00e9 par la Revue de l&rsquo;analyse de pratiques professionnelles et par la revue Le Cod\u00e9veloppeur.<\/p>\n<p style=\"text-align: justify;\">Il en r\u00e9sulte un riche corpus de textes qui comprend\u00a0:<\/p>\n<ul style=\"text-align: justify;\">\n<li>la pr\u00e9sentation de l&rsquo;exp\u00e9rimentation et du dialogue d\u00e9velopp\u00e9,<\/li>\n<li>l\u2019expos\u00e9 de chacune des d\u00e9marches utilis\u00e9es, avec leur gen\u00e8se\u00a0 et leurs sp\u00e9cificit\u00e9s,<\/li>\n<li>des t\u00e9moignages qui mettent en exergue les v\u00e9cus et observations des participants,<\/li>\n<li>un texte de mise en perspective qui fournit non seulement une comparaison des deux approches, mais encore des pistes concr\u00e8tes d\u2019ouverture et d\u2019enrichissement r\u00e9ciproque.<\/li>\n<\/ul>\n<p style=\"text-align: justify;\">Le cod\u00e9veloppement et l&rsquo;analyse de pratiques s\u2019inscrivent tous deux dans une logique d\u2019apprentissage exp\u00e9rientiel et partagent l&rsquo;une de leurs vis\u00e9es : le soutien au d\u00e9veloppement professionnel. Ce num\u00e9ro th\u00e9matique sp\u00e9cial poursuit un objectif du m\u00eame ordre\u00a0: mettre en perspective ces approches pour favoriser leurs enrichissements et \u00e9volutions.<\/p>\n<p style=\"text-align: justify;\">Enfin, la parution de ce num\u00e9ro sp\u00e9cial va de pair avec la mise en \u0153uvre d&rsquo;un partenariat entre la Revue de l\u2019analyse de pratiques professionnelles et l\u2019Association qu\u00e9b\u00e9coise de cod\u00e9veloppement professionnel qui publie la revue Le Cod\u00e9veloppeur. \u00a0Cette entente vise \u00e0 faciliter la publication et la diffusion de leurs textes respectifs aupr\u00e8s des lecteurs des deux c\u00f4t\u00e9s de l&rsquo;Atlantique.<\/p>\n<p style=\"text-align: justify;\">En esp\u00e9rant que ces regards crois\u00e9s seront sources d\u2019inspiration pour vos pratiques, nous vous souhaitons bonne lecture.<\/p>\n<p>Cordialement<\/p>\n<p>Pour l\u2019\u00e9quipe de la Revue de l\u2019analyse de pratiques professionnelles et<br \/>\nde la revue Le Cod\u00e9veloppeur<\/p>\n<p>Marc Thi\u00e9baud, Yann Vacher, Claude Champagne et Michel Desjardins<\/p>\n<p>Coordonnateurs<\/p>\n<p>&nbsp;<\/p>\n<p><strong>Sommaire<\/strong><\/p>\n<p>&nbsp;<\/p>\n<p><a href=\"http:\/\/www.analysedepratique.org\/?p=3875\">Marc Thi\u00e9baud<\/a><\/p>\n<p>Dialoguer entre praticiens des groupes de cod\u00e9veloppement et d\u2019analyse de pratiques professionnelles<\/p>\n<p><a href=\"http:\/\/www.analysedepratique.org\/?p=3721\">Claude Champagne<\/a><\/p>\n<p>Le groupe de cod\u00e9veloppement professionnel<\/p>\n<p><a href=\"http:\/\/www.analysedepratique.org\/?p=3716\">Marc Thi\u00e9baud et Yann Vacher<\/a><\/p>\n<p>L\u2019analyse de pratiques professionnelles dans une perspective d\u2019accompagnement, d\u2019intelligence collective et de r\u00e9flexivit\u00e9<\/p>\n<p><a href=\"http:\/\/www.analysedepratique.org\/?p=3879\">Michel Desjardins<\/a> (avec la collaboration de Claude Champagne)<\/p>\n<p>Mon exp\u00e9rience de groupes de cod\u00e9veloppement professionnel et d\u2019analyse de pratiques professionnelles<\/p>\n<p><a href=\"http:\/\/www.analysedepratique.org\/?p=3881\">J\u00e9r\u00e9my Calendini et Yann Vacher<\/a><\/p>\n<p>Groupes d\u2019analyse de pratiques et de cod\u00e9veloppement professionnel : t\u00e9moignages<\/p>\n<p><a href=\"http:\/\/www.analysedepratique.org\/?p=3756\">Yann Vacher et Marc Thi\u00e9baud<\/a><\/p>\n<p>Groupes d\u2019analyse de pratiques et de cod\u00e9veloppement professionnel : mise en perspective<\/p>\n<p>&nbsp;<\/p>\n<p><em>ainsi qu\u2019un article publi\u00e9 en avril dernier qui compl\u00e8te ce num\u00e9ro th\u00e9matique : <\/em><\/p>\n<p><a href=\"http:\/\/www.analysedepratique.org\/?p=3712\">Michaela Knuchel-Bossel<\/a><br \/>\nAnalyse de pratiques \u00e0 distance : t\u00e9moignage et r\u00e9flexions<\/p>\n<p>&nbsp;<\/p>\n<p>&nbsp;<\/p>\n<p>Thi\u00e9baud, M., Vacher, Y., Champagne, C. &amp; Desjardins, M. (Coord.) (2020).<br \/>\nGroupe d\u2019analyse de pratiques et groupe de cod\u00e9veloppement. In <em>Revue de l\u2019analyse<br \/>\nde pratiques professionnelles<\/em>, num\u00e9ro th\u00e9matique 18, 116 pages,<br \/>\net <em>Le Cod\u00e9veloppeur<\/em>, vol 6, no 3.<br \/>\n<a href=\"https:\/\/www.analysedepratique.org\/?p=3765\">https:\/\/www.analysedepratique.org\/?p=3765<\/a><br \/>\net <a href=\"https:\/\/www.aqcp.org\/wp-content\/uploads\/2022\/02\/Codeveloppeur_v6_n3_06-2020.pdf\">https:\/\/www.aqcp.org\/wp-content\/uploads\/2022\/02\/Codeveloppeur_v6_n3_06-2020.pdf<\/a>.<\/p>\n<p>&nbsp;<\/p>\n<div id=\"themify_builder_content-3933\" data-postid=\"3933\" class=\"themify_builder_content themify_builder_content-3933 themify_builder themify_builder_front\">\n\n\t<\/div>\n<!-- \/themify_builder_content -->","protected":false},"excerpt":{"rendered":"<p>&nbsp; Groupe d\u2019analyse de pratiques et groupe de cod\u00e9veloppement \u00a0 Ch\u00e8res abonn\u00e9es, chers abonn\u00e9s, Le nouveau num\u00e9ro qui para\u00eet aujourd&rsquo;hui est particulier \u00e0 plus d&rsquo;un titre. D\u2019une part, il pr\u00e9sente et met en perspective deux approches voisines ou cousines d\u00e9velopp\u00e9es de part et d&rsquo;autre de l&rsquo;Atlantique\u00a0: le groupe de cod\u00e9veloppement et le groupe d\u2019analyse de [&hellip;]<\/p>\n","protected":false},"author":2,"featured_media":0,"comment_status":"open","ping_status":"open","sticky":false,"template":"","format":"standard","meta":{"_jetpack_newsletter_access":"","_jetpack_dont_email_post_to_subs":false,"_jetpack_newsletter_tier_id":0,"_jetpack_memberships_contains_paywalled_content":false,"_jetpack_memberships_contains_paid_content":false,"footnotes":""},"categories":[40],"tags":[],"class_list":["post-3933","post","type-post","status-publish","format-standard","hentry","category-editorial","has-post-title","no-post-date","has-post-category","has-post-tag","has-post-comment","has-post-author"],"jetpack_featured_media_url":"","jetpack_shortlink":"https:\/\/wp.me\/p3VXfJ-11r","jetpack_sharing_enabled":true,"_links":{"self":[{"href":"https:\/\/www.analysedepratique.org\/index.php?rest_route=\/wp\/v2\/posts\/3933","targetHints":{"allow":["GET"]}}],"collection":[{"href":"https:\/\/www.analysedepratique.org\/index.php?rest_route=\/wp\/v2\/posts"}],"about":[{"href":"https:\/\/www.analysedepratique.org\/index.php?rest_route=\/wp\/v2\/types\/post"}],"author":[{"embeddable":true,"href":"https:\/\/www.analysedepratique.org\/index.php?rest_route=\/wp\/v2\/users\/2"}],"replies":[{"embeddable":true,"href":"https:\/\/www.analysedepratique.org\/index.php?rest_route=%2Fwp%2Fv2%2Fcomments&post=3933"}],"version-history":[{"count":15,"href":"https:\/\/www.analysedepratique.org\/index.php?rest_route=\/wp\/v2\/posts\/3933\/revisions"}],"predecessor-version":[{"id":6060,"href":"https:\/\/www.analysedepratique.org\/index.php?rest_route=\/wp\/v2\/posts\/3933\/revisions\/6060"}],"wp:attachment":[{"href":"https:\/\/www.analysedepratique.org\/index.php?rest_route=%2Fwp%2Fv2%2Fmedia&parent=3933"}],"wp:term":[{"taxonomy":"category","embeddable":true,"href":"https:\/\/www.analysedepratique.org\/index.php?rest_route=%2Fwp%2Fv2%2Fcategories&post=3933"},{"taxonomy":"post_tag","embeddable":true,"href":"https:\/\/www.analysedepratique.org\/index.php?rest_route=%2Fwp%2Fv2%2Ftags&post=3933"}],"curies":[{"name":"wp","href":"https:\/\/api.w.org\/{rel}","templated":true}]}}