{"id":3875,"date":"2020-06-04T17:38:21","date_gmt":"2020-06-04T16:38:21","guid":{"rendered":"http:\/\/www.analysedepratique.org\/?p=3875"},"modified":"2025-01-20T14:12:31","modified_gmt":"2025-01-20T13:12:31","slug":"dialogue","status":"publish","type":"post","link":"https:\/\/www.analysedepratique.org\/?p=3875","title":{"rendered":"Dialoguer entre praticiens des groupes de cod\u00e9veloppement et d\u2019analyse de pratiques professionnelles"},"content":{"rendered":"<p>&nbsp;<\/p>\n<h3><\/h3>\n<h3><em><b><a href=\"http:\/\/www.analysedepratique.org\/?page_id=117#mt\">Marc Thi\u00e9baud<\/a><\/b><\/em><\/h3>\n<p><em>Psychologue, sp\u00e9cialiste de l&rsquo;accompagnement et de l&rsquo;animation de groupe, Suisse<br \/>\n<a href=\"mailto:thiebaud@formaction.ch\">thiebaud[arobase]formaction.ch<\/a><\/em><br \/>\n<em><br \/>\n<\/em><\/p>\n<h4><i>R\u00e9sum\u00e9<\/i><\/h4>\n<p style=\"text-align: justify;\">Le cod\u00e9veloppement professionnel et l&rsquo;analyse de pratique professionnelle en groupe sont deux approches voisines ou cousines. L&rsquo;une et l&rsquo;autre se d\u00e9ploient selon une d\u00e9marche d\u2019accompagnement qui mobilise les ressources collectives. Si elles se distinguent par certains objectifs sp\u00e9cifiques et des modalit\u00e9s de travail qui peuvent varier, la plupart de leurs finalit\u00e9s g\u00e9n\u00e9rales et de leurs principes sont similaires. Ce texte a pour objectifs a) de pr\u00e9senter une exp\u00e9rimentation mise en \u0153uvre en 2019 pour les mettre en perspective et b) de partager quelques reflets du dialogue d\u00e9velopp\u00e9 par ses initiateurs et entre quelques praticiens des deux approches au cours des 25 derni\u00e8res ann\u00e9es.<\/p>\n<h5><em>Mots-cl\u00e9s\u00a0<\/em><\/h5>\n<p class=\"Standard\" style=\"text-align: justify; line-height: normal; tab-stops: 21.3pt;\"><span lang=\"FR\" style=\"font-size: 10.0pt; font-family: 'Lucida Sans Unicode',sans-serif;\">cod\u00e9veloppement professionnel, dialogue, apprentissages, exp\u00e9rimentation, contexte <\/span><\/p>\n<h5><em>Cat\u00e9gorie d&rsquo;article\u00a0<\/em><\/h5>\n<p>Texte de r\u00e9flexion sur les pratiques<\/p>\n<h5><em>R\u00e9f\u00e9rencement\u00a0<\/em><\/h5>\n<p>Thi\u00e9baud, M. (2020). Dialoguer entre praticiens des groupes de cod\u00e9veloppement et d\u2019analyse de pratiques professionnelles. In <em>Revue de l\u2019analyse de pratiques professionnelles<\/em>, No 18, pp. 5-23 et <em>Le Cod\u00e9veloppeur<\/em>, vol 6, no 3. <a href=\"http:\/\/www.analysedepratique.org\/?p=3875\">http:\/\/www.analysedepratique.org\/?p=3875<\/a> et <a href=\"https:\/\/www.aqcp.org\/wp-content\/uploads\/2022\/02\/Codeveloppeur_v6_n3_06-2020.pdf\">https:\/\/www.aqcp.org\/wp-content\/uploads\/2022\/02\/Codeveloppeur_v6_n3_06-2020.pdf<\/a>.<\/p>\n<hr class=\"shortcode hr light-gray\" style=\"border-width:1px;\" \/> <a href=\"http:\/\/www.analysedepratique.org\/wp-content\/uploads\/marc-thiebaud-revue-app-juin2020.pdf\"><img loading=\"lazy\" decoding=\"async\" class=\"alignnone\" src=\"https:\/\/www.analysedepratique.org\/wp-content\/uploads\/download-icon.png\" alt=\"download-icon\" width=\"24\" height=\"29\" \/><\/a><a href=\"http:\/\/www.analysedepratique.org\/wp-content\/uploads\/marc-thiebaud-revue-app-juin2020.pdf\">Article en PDF<\/a> \u00a0\u00a0 \u00a0\u00a0 \u00a0\u00a0\u00a0\u00a0 \u00a0\u00a0 \u00a0\u00a0 \u00a0\u00a0 \u00a0\u00a0 \u00a0\u00a0 <a href=\"#co\"><img loading=\"lazy\" decoding=\"async\" src=\"https:\/\/www.analysedepratique.org\/wp-content\/uploads\/et-info-comment.png\" alt=\"et-info-comment\" width=\"30\" height=\"31\" \/><\/a>\u00a0<a href=\"#co\">Commentaires<\/a><\/p>\n<p>&nbsp;<\/p>\n<hr \/>\n<h5><strong><em>Dialoguing among practitioners in <\/em><em>codevel<\/em>o<em>pment and professional practices analysis groups<\/em><\/strong><\/h5>\n<h5><em>Abstract<\/em><\/h5>\n<p style=\"text-align: justify;\">Professional codevelopment group and professional practice analysis are two related or cousin approaches. Both are deployed according to a coaching approach that mobilizes collective resources. While they differ in some specific objectives and working modalities that may vary, most of their general aims and principles are similar. The purpose of this text is a) to present an experiment implemented in 2019 to put them into perspective and b) to share some reflections of the dialogue developed by its initiators and between some practitioners of the two approaches over the last 25 years.<\/p>\n<h5><em>Keywords<\/em><\/h5>\n<p><em>professional codevelopment, dialogue, learning, experimentation<\/em><\/p>\n<hr \/>\n<p>&nbsp;<\/p>\n<p style=\"text-align: justify;\">[toc]<br \/>\nCe texte comprend deux parties principales, qui seront trait\u00e9es successivement :<\/p>\n<ol style=\"text-align: justify;\">\n<li>la pr\u00e9sentation de l\u2019exp\u00e9rimentation pratique conduite pour explorer conjointement les approches des groupes de cod\u00e9veloppement professionnel et d\u2019analyse de pratiques\u00a0;<\/li>\n<li>des reflets du dialogue d\u00e9velopp\u00e9 entre quelques praticiens des deux approches (en lien avec l\u2019exp\u00e9rimentation men\u00e9e et durant les 25 derni\u00e8res ann\u00e9es).<\/li>\n<\/ol>\n<p style=\"text-align: justify;\">En annexe est propos\u00e9 un tableau r\u00e9sumant les diff\u00e9rentes \u00e9tapes suivies, d\u2019une part pour l\u2019analyse de pratiques professionnelles (APP) et d\u2019autre part pour le groupe de cod\u00e9veloppement professionnel (GCP).<\/p>\n<h4 style=\"text-align: justify;\"><strong>1. L\u2019exp\u00e9rimentation pratique<\/strong><\/h4>\n<p style=\"text-align: justify;\">Les lignes qui suivent ont pour but principal de d\u00e9crire le contexte, les objectifs et le d\u00e9roulement de la d\u00e9marche mise en \u0153uvre. Elles servent \u00e9galement d\u2019introduction aux textes auxquels elle a donn\u00e9 lieu, publi\u00e9s simultan\u00e9ment dans ce num\u00e9ro th\u00e9matique conjoint de la Revue de l\u2019analyse de pratiques professionnelles de de la revue Le Cod\u00e9veloppeur (voir Thi\u00e9baud, Vacher, Champagne &amp; Desjardins, 2020). C\u2019est dans ces textes que les lecteurs int\u00e9ress\u00e9s pourront prendre connaissance en d\u00e9tail des r\u00e9sultats produits et de leur analyse.<\/p>\n<h6 style=\"text-align: justify;\"><strong>1.1. Contexte\u00a0: deux approches qui se d\u00e9veloppent parall\u00e8lement<\/strong><\/h6>\n<p style=\"text-align: justify;\">Le GCP et l\u2019APP pr\u00e9sentent \u00e0 la fois des caract\u00e9ristiques similaires et des sp\u00e9cificit\u00e9s propres (voir Vacher &amp; Thi\u00e9baud, 2020). Ils se sont d\u00e9velopp\u00e9s parall\u00e8lement, sans se croiser pour ainsi dire, ni se nourrir vraiment mutuellement. Il pourrait \u00eatre int\u00e9ressant que des recherches en \u00e9tudient les raisons. Je constate que c\u2019est le m\u00eame cas avec d\u2019autres pratiques telles que la supervision en groupe et l\u2019APP\u00a0: elles \u00ab\u00a0s<em>e c\u00f4toient mais il est rare qu\u2019elles se parlent<\/em> \u00bb (Thi\u00e9baud, 2020).<\/p>\n<p style=\"text-align: justify;\">Pourtant, certains praticiens appr\u00e9cient de pouvoir animer des s\u00e9ances de GCP et d\u2019APP. Un int\u00e9r\u00eat est parfois manifest\u00e9 pour \u00e9changer \u00e0 leur propos. Avec Michel Desjardins<a href=\"#_ftn1\" name=\"_ftnref1\">[1]<\/a>, nous souhaitions d\u00e9velopper ce dialogue (Desjardins, 2020). Si nous avions d\u00e9j\u00e0 eu plusieurs occasions de partage (voir plus bas la partie 2.2), notre d\u00e9sir \u00e9tait d\u2019aller plus loin.\u00a0 Lors d\u2019une rencontre \u00e0 Montr\u00e9al en octobre 2018, nous avons d\u00e9cid\u00e9 avec enthousiasme de concr\u00e9tiser ce projet, en imaginant plusieurs formes de collaboration, au premier rang desquelles figure une exp\u00e9rimentation pratique des deux approches.<\/p>\n<p style=\"text-align: justify;\">Les groupes de cod\u00e9veloppement professionnel ont \u00e9t\u00e9 \u00e9labor\u00e9s dans les ann\u00e9es 90 au Qu\u00e9bec selon une m\u00e9thodologie assez pr\u00e9cise qui fait toujours r\u00e9f\u00e9rence (voir Payette &amp; Champagne, 1997). Ils visent des apprentissages professionnels et le d\u00e9veloppement de la pratique \u00e0 partir d\u2019un \u00e9change en groupe centr\u00e9 sur des situations et des v\u00e9cus pr\u00e9sent\u00e9s par les participants, dans une logique d\u2019enqu\u00eate et d\u2019entraide. Claude Champagne (2020) en d\u00e9crit les fondements, les principes et le d\u00e9roulement en d\u00e9tail.<\/p>\n<p style=\"text-align: justify;\">L\u2019analyse de pratiques professionnelles a pris forme d\u00e8s les ann\u00e9es 70, plus particuli\u00e8rement en France, \u00e0 partir de diff\u00e9rentes origines\u00a0: groupes Balint, qui en constituent les pr\u00e9mices, groupes de \u00ab\u00a0<em>Soutien au soutien<\/em>\u00a0\u00bb (Levine &amp; Moll, 2000)\u00a0et d\u2019analyse de pratiques d\u2019inspiration psychanalytique (Blanchard-Laville &amp; Fablet, 2000), groupes d\u2019approfondissement professionnel (de Peretti, 1996). L\u2019APP repr\u00e9sente aujourd\u2019hui un champ largement h\u00e9t\u00e9rog\u00e8ne. Ses objectifs sont vari\u00e9s\u00a0: d\u00e9veloppement d\u2019une pratique r\u00e9flexive, prise de recul par rapport aux motifs et logiques de ses actions, construction d\u2019un savoir analyser, etc. Ils peuvent servir diff\u00e9rentes finalit\u00e9s (professionnalisation, \u00e9volution de la pratique professionnelle, am\u00e9lioration du bien-\u00eatre au travail, etc.).<\/p>\n<h6 style=\"text-align: justify;\"><strong>1.2. Objectifs\u00a0: exp\u00e9rimenter et dialoguer<\/strong><\/h6>\n<p style=\"text-align: justify;\">En nous engageant dans cette exp\u00e9rimentation pratique, avec Michel, nous nous sommes inscrits d\u2019embl\u00e9e dans une approche exp\u00e9rientielle, que nous privil\u00e9gions par ailleurs dans nos formations et accompagnement. Notre premier but consistait \u00e0 explorer les formes de groupes d\u00e9velopp\u00e9es de chaque c\u00f4t\u00e9 de l\u2019Atlantique. Nous avions \u00e9galement pour objectif de les mettre en perspective \u00e0 partir de l\u2019exp\u00e9rience v\u00e9cue, dans une d\u00e9marche inductive susceptible de nous permettre de d\u00e9gager des \u00e9l\u00e9ments cl\u00e9s en termes de similitudes et de diff\u00e9rences. Notre ambition \u00e9tait aussi d\u2019en partager les fruits dans des textes. Pour le reste, nous nous en remettions \u00e0 l\u2019\u00e9mergence, laissant la porte ouverte aux d\u00e9veloppements qui pourraient \u00e9ventuellement s\u2019ensuivre. L\u2019essentiel \u00e9tait d\u2019initier et de nourrir un dialogue entre praticiens. J\u2019y reviendrai ult\u00e9rieurement.<\/p>\n<h6 style=\"text-align: justify;\"><strong>1.3. D\u00e9roulement\u00a0: un processus d\u2019apprentissage exp\u00e9rientiel en plusieurs \u00e9tapes<\/strong><\/h6>\n<p style=\"text-align: justify;\">Suite \u00e0 la d\u00e9cision prise, nous avons, Michel et moi, assez rapidement cherch\u00e9 \u00e0 structurer une d\u00e9marche concert\u00e9e avec deux coll\u00e8gues, Claude Champagne<a href=\"#_ftn2\" name=\"_ftnref2\">[2]<\/a> et Yann Vacher<a href=\"#_ftn3\" name=\"_ftnref3\">[3]<\/a>. C\u2019est avec eux que nous avons ainsi organis\u00e9 l\u2019exp\u00e9rimentation qui s\u2019est d\u00e9roul\u00e9e en quatre \u00e9tapes principales\u00a0:<\/p>\n<p style=\"text-align: justify; padding-left: 30px;\">a) conception\u00a0et planification,<\/p>\n<p style=\"text-align: justify; padding-left: 30px;\">b) concr\u00e9tisation\u00a0par l\u2019exp\u00e9rience,<\/p>\n<p style=\"text-align: justify; padding-left: 30px;\">c) observations et discussion (retour sur l\u2019exp\u00e9rience),<\/p>\n<p style=\"text-align: justify; padding-left: 30px;\">d) mise en perspective et mod\u00e9lisation d\u2019\u00e9l\u00e9ments cl\u00e9s,<\/p>\n<p style=\"text-align: justify;\">Ces \u00e9tapes ont \u00e9t\u00e9 suivies d\u2019un temps d\u2019exploitation, avec\u00a0:<\/p>\n<p style=\"text-align: justify; padding-left: 30px;\">e) la production d\u2019\u00e9crits et de nouvelles collaborations.<\/p>\n<p style=\"text-align: justify;\">Voici quelques pr\u00e9cisions en lien avec chacune de ces \u00e9tapes.<\/p>\n<p style=\"text-align: justify;\"><em>a) C<\/em><em>onception et planification<\/em><\/p>\n<p style=\"text-align: justify;\">En d\u00e9cembre 2018 et janvier 2019, nous avons, \u00e0 quatre, pr\u00e9cis\u00e9 notre projet. Un fort int\u00e9r\u00eat \u00e9tait partag\u00e9 pour donner la priorit\u00e9 \u00e0 l\u2019exp\u00e9rience. Nous avons fait le pari de commencer imm\u00e9diatement par vivre une s\u00e9ance de GCP puis une s\u00e9ance d\u2019APP, dans un groupe constitu\u00e9 de huit personnes (quatre en provenance du Qu\u00e9bec, connaissant bien le GCP et quatre d\u2019Europe, connaissant bien l\u2019APP). Autrement dit, chaque s\u00e9ance allait permettre \u00e0 une partie des membres du groupe la d\u00e9couverte par l\u2019exp\u00e9rience d\u2019une approche encore inconnue. Pour les personnes int\u00e9ress\u00e9es \u00e0 en conna\u00eetre l\u2019essentiel pr\u00e9alablement, nous avons convenu de se transmettre seulement un court texte. Une date a par ailleurs \u00e9t\u00e9 planifi\u00e9e juste apr\u00e8s pour \u00e9changer sur ces exp\u00e9riences.<\/p>\n<p style=\"text-align: justify;\"><em>b) Concr\u00e9tisation par l\u2019exp\u00e9rience du GCP et de l\u2019APP\u00a0 <\/em><\/p>\n<p style=\"text-align: justify;\">Toutes les s\u00e9ances ont eu lieu par visioconf\u00e9rence sur une dur\u00e9e de 2h30 \u00e0 3 heures. \u00c0 chaque fois, l\u2019animateur a bri\u00e8vement expliqu\u00e9 la d\u00e9marche qu\u2019il proposait. La premi\u00e8re rencontre a d\u00e9but\u00e9 avec un temps de pr\u00e9sentation personnelle afin que le groupe puisse se constituer <em>a minima<\/em>. Celle-ci a donn\u00e9 lieu \u00e0 une s\u00e9ance de GCP. Elle a \u00e9t\u00e9 anim\u00e9e par Claude Champagne selon l\u2019approche con\u00e7ue par ses initiateurs (Payette &amp; Champagne, 1997 ; Champagne, 2020). Le choix de l\u2019exposant\/client a \u00e9t\u00e9 d\u00e9termin\u00e9 pr\u00e9alablement parmi les personnes participantes du Qu\u00e9bec famili\u00e8res avec le cod\u00e9veloppement.<\/p>\n<p style=\"text-align: justify;\">J\u2019ai anim\u00e9 lors de la deuxi\u00e8me s\u00e9ance l\u2019APP selon une perspective qui met l\u2019accent sur les aspects d\u2019accompagnement, d\u2019intelligence collective et de r\u00e9flexivit\u00e9 (Thi\u00e9baud, 2013\u00a0; 2018a\u00a0; Thi\u00e9baud &amp; Vacher, 2018\u00a0; 2020). Le choix de l\u2019exposant\/client s\u2019est fait au d\u00e9but de la rencontre parmi les participants europ\u00e9ens qui connaissaient d\u00e9j\u00e0 l\u2019APP. Un bref retour sur les v\u00e9cus de la premi\u00e8re s\u00e9ance a eu lieu, qui a permis notamment \u00e0 la personne exposante\/cliente de partager l\u2019\u00e9volution de ses r\u00e9flexions et de sa pratique durant l\u2019inter s\u00e9ance.<\/p>\n<p style=\"text-align: justify;\">Dans les deux rencontres, tous les participants ont relev\u00e9 la richesse des apprentissages d\u00e9velopp\u00e9s en lien avec les pratiques professionnelles de chacun. En d\u2019autres termes, ils ont pu sans difficult\u00e9 majeure vivre pleinement le GCP et l\u2019APP tout en restant conscients que l\u2019objectif premier, qui donnait la raison d\u2019\u00eatre de ce groupe \u00e9ph\u00e9m\u00e8re, r\u00e9sidait dans l\u2019exp\u00e9rimentation men\u00e9e.<\/p>\n<p style=\"text-align: justify;\"><em>c) Observations et discussion (retour sur l\u2019exp\u00e9rience)<\/em><\/p>\n<p style=\"text-align: justify;\">En avril 2019, la troisi\u00e8me s\u00e9ance planifi\u00e9e fut consacr\u00e9e \u00e0 un bref retour de l\u2019exposant (comme cela avait \u00e9t\u00e9 r\u00e9alis\u00e9 pour la cliente de la premi\u00e8re s\u00e9ance) et \u00e0 un \u00e9change sur les v\u00e9cus des deux premi\u00e8res. Elle fut l\u2019occasion notamment de clarifier pour les uns et les autres \u00e0 la fois les sp\u00e9cificit\u00e9s de chaque approche et la mani\u00e8re dont, sur le moment, se sont op\u00e9r\u00e9s les diff\u00e9rents choix d\u2019animation ainsi que les r\u00e9gulations et ajustements du d\u00e9roulement d\u00e9velopp\u00e9s au sein du groupe.<\/p>\n<p style=\"text-align: justify;\"><em>d) Mise en perspective et mod\u00e9lisation d\u2019\u00e9l\u00e9ments cl\u00e9s <\/em><\/p>\n<p style=\"text-align: justify;\">Cette s\u00e9ance fut suivie de nombreux autres \u00e9changes entre les quatre personnes en charge de la d\u00e9marche, men\u00e9s tant par visioconf\u00e9rence que par courriel. Ils ont permis d\u2019approfondir le dialogue, la recherche de compr\u00e9hension r\u00e9ciproque et la mise en perspective de nombreux \u00e9l\u00e9ments de similitudes et de diff\u00e9rences entre les deux approches.<\/p>\n<p style=\"text-align: justify;\"><em>e) Production d\u2019\u00e9crits<\/em><\/p>\n<p style=\"text-align: justify;\">Le mat\u00e9riel de r\u00e9flexion issu des \u00e9tapes pr\u00e9c\u00e9dentes a \u00e9t\u00e9 consid\u00e9r\u00e9 comme suffisamment riche pour permettre l\u2019organisation du travail d\u2019\u00e9criture, qui s\u2019est concr\u00e9tis\u00e9 entre l\u2019\u00e9t\u00e9 2019 et le printemps 2020. L\u2019ensemble des productions a fait l\u2019objet de plusieurs lectures et \u00e9changes partag\u00e9s entre les quatre auteurs principaux.<\/p>\n<p style=\"text-align: justify;\">Cette d\u00e9marche peut \u00eatre mise en parall\u00e8le avec le cycle d\u2019apprentissage exp\u00e9rientiel de Kolb (1984). Nous sommes en effet successivement pass\u00e9 de la planification \u00e0 l\u2019exp\u00e9rience, puis \u00e0 la r\u00e9flexion sur celle-ci avant de proc\u00e9der \u00e0 la mod\u00e9lisation de la mise en perspective (voir figure 1 ci-apr\u00e8s). En d\u00e9taillant les choses, nous pouvons consid\u00e9rer que nous sommes aussi, chacun de nous, pass\u00e9 par des microcycles d\u2019apprentissage exp\u00e9rientiel. Ainsi, \u00e0 chaque s\u00e9ance v\u00e9cue, nous avons fait l\u2019exp\u00e9rience d\u2019une approche, puis y avons r\u00e9fl\u00e9chi et nous avons pu enrichir nos conceptions et mettre en application certains \u00e9l\u00e9ments qui en sont ressortis.<\/p>\n<p style=\"text-align: center;\"><a href=\"http:\/\/www.analysedepratique.org\/wp-content\/uploads\/thiebaud-2020.png\" rel=\"prettyPhoto[3875]\"><img loading=\"lazy\" decoding=\"async\" class=\"alignnone size-full wp-image-3944\" src=\"http:\/\/www.analysedepratique.org\/wp-content\/uploads\/thiebaud-2020.png\" alt=\"\" width=\"632\" height=\"362\" srcset=\"https:\/\/www.analysedepratique.org\/wp-content\/uploads\/thiebaud-2020.png 632w, https:\/\/www.analysedepratique.org\/wp-content\/uploads\/thiebaud-2020-300x172.png 300w\" sizes=\"auto, (max-width: 632px) 100vw, 632px\" \/><\/a><\/p>\n<p style=\"text-align: center;\">Figure 1 : le cycle d\u2019apprentissage exp\u00e9rientiel (adapt\u00e9 de Kolb, 1984)<\/p>\n<h6><strong>1.4. R\u00e9sultats\u00a0: des \u00e9l\u00e9ments cl\u00e9s et des possibilit\u00e9s de f\u00e9condation mutuelle<\/strong><\/h6>\n<p style=\"text-align: justify;\">La d\u00e9marche mise en \u0153uvre a permis d\u2019atteindre les objectifs vis\u00e9s, tant en termes d\u2019exp\u00e9rience v\u00e9cue, de d\u00e9veloppement du dialogue et d\u2019une mise en perspective que de r\u00e9daction d\u2019\u00e9crits. Il n\u2019est pas dans le but de ce texte de pr\u00e9senter et de discuter des r\u00e9sultats. Ils figurent dans les articles publi\u00e9s (voir Thi\u00e9baud, Vacher, Champagne &amp; Desjardins, 2020). En reprenant une figure de Vacher &amp; Thi\u00e9baud (2020), je mentionnerai ici seulement cinq \u00e9l\u00e9ments cl\u00e9s qui sont au c\u0153ur de l\u2019analyse effectu\u00e9e (voir figure 2).<\/p>\n<p style=\"text-align: center;\"><a href=\"http:\/\/www.analysedepratique.org\/wp-content\/uploads\/vacher-thiebaud-2020.png\" rel=\"prettyPhoto[3875]\"><img loading=\"lazy\" decoding=\"async\" class=\"alignnone size-full wp-image-3945 aligncenter\" src=\"http:\/\/www.analysedepratique.org\/wp-content\/uploads\/vacher-thiebaud-2020.png\" alt=\"\" width=\"562\" height=\"377\" srcset=\"https:\/\/www.analysedepratique.org\/wp-content\/uploads\/vacher-thiebaud-2020.png 562w, https:\/\/www.analysedepratique.org\/wp-content\/uploads\/vacher-thiebaud-2020-300x201.png 300w\" sizes=\"auto, (max-width: 562px) 100vw, 562px\" \/><\/a>Figure 2\u00a0: points saillants de la mise en perspective des deux approches<\/p>\n<p style=\"text-align: justify;\">Pour chacun de ces \u00e9l\u00e9ments, plusieurs similitudes et diff\u00e9rences ont \u00e9t\u00e9 mises en \u00e9vidence. Celles-ci sont \u00e9galement \u00e9clair\u00e9es par les t\u00e9moignages r\u00e9dig\u00e9s (Desjardins, 2020\u00a0; Calendini &amp; Vacher, 2020). Un autre aspect int\u00e9ressant des r\u00e9sultats de cette exp\u00e9rimentation r\u00e9side dans l\u2019identification de potentialit\u00e9s de d\u00e9veloppement de chacune des approches \u00e0 partir de l\u2019exploration de leurs compl\u00e9mentarit\u00e9s. Il appara\u00eet ainsi que les accents particuliers de chacune d\u2019elles pourraient \u00eatre, au moins en partie, int\u00e9gr\u00e9s. Par exemple, l\u2019accent mis en APP sur l\u2019analyse et l\u2019importance accord\u00e9e en GCP \u00e0 l\u2019\u00e9laboration d\u2019un projet d\u2019action peuvent s\u2019inscrire dans une boucle de r\u00e9ciprocit\u00e9 dans laquelle l\u2019action nourrit la r\u00e9flexion et la r\u00e9flexion nourrit l\u2019action. Les b\u00e9n\u00e9fices comme les risques et les limites qui peuvent d\u00e9couler de telles articulations ont \u00e9t\u00e9 analys\u00e9s.<\/p>\n<p style=\"text-align: justify;\">En r\u00e9sum\u00e9, m\u00eame si la dur\u00e9e des trois s\u00e9ances d\u00e9di\u00e9es \u00e0 l\u2019exp\u00e9rience et aux \u00e9changes dans le groupe de huit personnes a \u00e9t\u00e9 trop courte (nous avons toujours manqu\u00e9 de temps), la richesse des r\u00e9flexions et des productions qui en sont issues met en \u00e9vidence tout l\u2019int\u00e9r\u00eat de la d\u00e9marche adopt\u00e9e. Celle-ci pr\u00e9sente cependant des particularit\u00e9s qu\u2019il importe de souligner pour en comprendre la nature et la port\u00e9e.<\/p>\n<h6 style=\"text-align: justify;\"><strong>1.5. Discussion : quelques singularit\u00e9s de la d\u00e9marche<\/strong><\/h6>\n<p style=\"text-align: justify;\">Dans une APP comme dans un GCP, le travail \u00e9labor\u00e9 par le groupe est en permanence inscrit dans un contexte sp\u00e9cifique, dans la singularit\u00e9 des pratiques, objets de r\u00e9flexion, et dans l\u2019intersubjectivit\u00e9 des relations interpersonnelles. Il en est de m\u00eame avec l\u2019exp\u00e9rimentation, le dialogue et la mise en perspective d\u00e9velopp\u00e9s. J\u2019aimerais \u00e9voquer ici bri\u00e8vement sept caract\u00e9ristiques qui ont \u00e9t\u00e9 \u00e0 plusieurs reprises relev\u00e9es dans nos \u00e9changes \u00e0 ce propos.<\/p>\n<p><em>1. Le groupe constitu\u00e9 pour l\u2019exp\u00e9rimentation<\/em><\/p>\n<p style=\"text-align: justify;\">Il s\u2019agit d\u2019un groupe constitu\u00e9 par un choix des quatre personnes en charge de la d\u00e9marche (chacune d\u2019elles a propos\u00e9 un participant en fonction de l\u2019int\u00e9r\u00eat pr\u00e9sum\u00e9 qu\u2019il pourrait avoir pour celle-ci). Seuls les quatre concepteurs avaient eu des \u00e9changes pr\u00e9alablement entre eux, les autres participants ne connaissaient qu&rsquo;une ou deux personnes. Le groupe a rapidement d\u00e9velopp\u00e9 une confiance remarquable qui a favoris\u00e9 la qualit\u00e9 du travail. Tous ses membres \u00e9taient unis par le m\u00eame objectif de d\u00e9couverte et d\u2019exp\u00e9rimentation, m\u00eame si l\u2019investissement n\u2019\u00e9tait pas semblable entre les quatre concepteurs et les autres.<\/p>\n<p><em>2. Le caract\u00e8re \u00e9ph\u00e9m\u00e8re du groupe<\/em><\/p>\n<p style=\"text-align: justify;\">Le groupe des huit personnes a \u00e9t\u00e9 constitu\u00e9 pour une dur\u00e9e de trois rencontres, avec une seule s\u00e9ance de cod\u00e9veloppement et d\u2019APP pr\u00e9vue. Habituellement, ces approches se pratiquent sur une plus longue dur\u00e9e, ce qui permet un approfondissement des appren-tissages. Il aurait \u00e9t\u00e9 b\u00e9n\u00e9fique pour l\u2019exp\u00e9rimentation de pouvoir analyser plusieurs s\u00e9ances, mais cela n\u2019a pas \u00e9t\u00e9 possible pour des raisons de disponibilit\u00e9 des personnes.<\/p>\n<p><em>3. Le travail par visioconf\u00e9rence<\/em><\/p>\n<p style=\"text-align: justify;\">Le travail \u00e0 distance a repr\u00e9sent\u00e9 une difficult\u00e9 suppl\u00e9mentaire \u00e0 plusieurs \u00e9gards. Sauf pour deux personnes, la visioconf\u00e9rence \u00e9tait une exp\u00e9rience nouvelle pour ce type de groupe. Les limites techniques ont \u00e9t\u00e9 relativement bien ma\u00eetris\u00e9es, m\u00eame si cela n\u2019a pas \u00e9t\u00e9 \u00e9vident pour tous, notamment en ce qui concerne l\u2019appauvrissement de la communication que cela peut engendrer (voir Knuchel-Bossel, 2020). Claude Champagne avait d\u00e9j\u00e0 anim\u00e9 un GCP \u00e0 distance, mais c\u2019\u00e9tait la premi\u00e8re fois en ce qui me concerne pour de l\u2019APP. Les nombreuses r\u00e9gulations effectu\u00e9es en souplesse et la bienveillance pr\u00e9sente au sein du groupe ont grandement facilit\u00e9 le d\u00e9roulement et ont permis que chaque s\u00e9ance soit tr\u00e8s profitable pour tous.<\/p>\n<p><em>4. Les aspects culturels<\/em><\/p>\n<p style=\"text-align: justify;\">Quatre personnes du Qu\u00e9bec et quatre d\u2019Europe ont particip\u00e9 aux s\u00e9ances, ce qui a favoris\u00e9 un \u00e9quilibre dans les \u00e9changes, notamment lorsqu\u2019il s\u2019agissait de s\u2019approprier des modalit\u00e9s de travail inconnues pour certains. Cependant, il est apparu rapidement que chacune des deux approches a \u00e9t\u00e9 \u00e9labor\u00e9e dans des contextes sp\u00e9cifiques\u00a0: les milieux de la gestion en ce qui concerne le GCP et l\u2019\u00e9ducation et la sant\u00e9 en ce qui concerne l\u2019APP. Qui plus est, la plupart des participants eux-m\u00eames ont d\u00e9velopp\u00e9 leurs pratiques professionnelles dans des environnements correspondants, donc tr\u00e8s diff\u00e9rents entre qu\u00e9b\u00e9cois et europ\u00e9ens. Ainsi, la premi\u00e8re personne exposante\/cliente travaille dans un poste de gestion \u00e0 la t\u00eate d\u2019une entit\u00e9 de grande taille alors que le second exposant\/client pratique dans une institution de formation pr\u00e9sentant des caract\u00e9ristiques propres \u00e0 une culture europ\u00e9enne. Ceci a eu pour cons\u00e9quence qu\u2019un temps tr\u00e8s important pour des questions de clarification a \u00e9t\u00e9 n\u00e9cessaire, \u00e0 tel point qu\u2019il a \u00e9t\u00e9 difficile de r\u00e9aliser toutes les \u00e9tapes pr\u00e9vues dans le GCP comme durant l\u2019APP. \u00c0 cela s\u2019ajoute certaines diff\u00e9rences de langage. Si la compr\u00e9hension r\u00e9ciproque a \u00e9t\u00e9 parfois d\u00e9licate \u00e0 d\u00e9velopper pour les raisons \u00e9voqu\u00e9es, nous avons observ\u00e9 combien, dans le groupe, chacun a fait preuve d\u2019ouverture \u00e0 apprendre, de patience et d\u2019empathie.<\/p>\n<p><em>5. La perspective adopt\u00e9e dans l\u2019approche de l\u2019APP<\/em><\/p>\n<p style=\"text-align: justify;\">Le d\u00e9roulement adopt\u00e9 pour le GCP \u00e9tait bien connu de six participants sur les huit. Il correspond en effet pr\u00e9cis\u00e9ment \u00e0 la m\u00e9thodologie propos\u00e9e par ses concepteurs. En revanche, en ce qui concerne l\u2019APP, un choix devait \u00eatre fait entre plusieurs dispositifs possibles. D\u2019entente avec Yann, nous avons propos\u00e9 une analyse de pratiques qui s\u2019inscrit dans une perspective d\u2019accompagnement, d\u2019intelligence collective et de r\u00e9flexivit\u00e9 qui nous tient \u00e0 c\u0153ur. Elle a comme caract\u00e9ristique d\u2019\u00eatre mise en \u0153uvre de mani\u00e8re souple et d\u2019impliquer les participants dans des moments r\u00e9flexifs et des r\u00e9gulations de groupe. Son inconv\u00e9nient, c\u2019est qu\u2019elle n\u00e9cessite du temps pour pouvoir se d\u00e9ployer r\u00e9ellement. Dans les \u00e9changes que nous avons eus ult\u00e9rieurement avec Michel Desjardins et Claude Champagne, l\u2019h\u00e9t\u00e9rog\u00e9n\u00e9it\u00e9 des pratiques d\u2019APP a suscit\u00e9 beaucoup de questions, d\u2019autant que leurs informations et leurs repr\u00e9sentations sur l\u2019APP ne correspondaient pas toujours \u00e0 l\u2019approche adopt\u00e9e. Il est clair que l\u2019exp\u00e9rience et la mise en perspective d\u00e9velopp\u00e9e auraient donn\u00e9 partiellement d\u2019autres r\u00e9sultats avec le choix d\u2019un dispositif diff\u00e9rent d\u2019analyse de pratiques.<\/p>\n<p><em>6. Le double objectif <\/em><\/p>\n<p style=\"text-align: justify;\">Pour les participants, et particuli\u00e8rement pour les quatre concepteurs de la d\u00e9marche d\u2019exp\u00e9rimentation, chercher \u00e0 vivre et d\u00e9couvrir une approche, et parall\u00e8lement \u00e9laborer une r\u00e9flexion et un dialogue en prise de recul demande une double attention exigeante. Le fait que les s\u00e9ances ont toutes \u00e9t\u00e9 enregistr\u00e9es et que des temps cons\u00e9quents avaient \u00e9t\u00e9 pr\u00e9vus pour les retours sur l\u2019exp\u00e9rience les \u00e9changes a facilit\u00e9 l\u2019exp\u00e9rience. La pratique que nous avons les quatre de l\u2019animation nous a aussi bien aid\u00e9 dans cet exercice.<\/p>\n<p><em>7. Le caract\u00e8re empirique et inductif de la d\u00e9marche adopt\u00e9e<\/em><\/p>\n<p style=\"text-align: justify;\">Il existe divers travaux qui ont cherch\u00e9 \u00e0 faire une \u00e9tude comparative de diff\u00e9rentes approches, \u00e0 partir des \u00e9crits produits \u00e0 leur sujet ou de leurs fondements th\u00e9oriques. Nous avons d\u00e9lib\u00e9r\u00e9ment opt\u00e9 pour un autre chemin, laissant de c\u00f4t\u00e9 ces connaissances, jusqu\u2019au moment venu de l\u2019\u00e9criture, pour privil\u00e9gier l\u2019exp\u00e9rience. Tous les participants \u00e0 la d\u00e9marche ont appr\u00e9ci\u00e9 ce choix et le fait que celle-ci, bien que structur\u00e9e en plusieurs \u00e9tapes, se construisait chemin faisant. Ceci a grandement favoris\u00e9 une ouverture d\u2019esprit et la recherche d\u2019un dialogue qui se sont av\u00e9r\u00e9s tr\u00e8s apprenants. J\u2019y reviendrai ci-dessous.<\/p>\n<p style=\"text-align: justify;\">Ces six caract\u00e9ristiques ont toutes donn\u00e9 une couleur particuli\u00e8re aux \u00e9laborations v\u00e9cues en GCP et en APP. Cela a \u00e9galement impact\u00e9 la mise en perspective qui en a \u00e9t\u00e9 d\u00e9gag\u00e9e, m\u00eame si durant les \u00e9changes, nos r\u00e9flexions ont aussi port\u00e9 sur ces particularit\u00e9s afin d\u2019en tenir compte et de les mettre en relation.<\/p>\n<p style=\"text-align: justify;\">Par ailleurs, notre d\u00e9marche, avec la mani\u00e8re dont elle a \u00e9t\u00e9 r\u00e9alis\u00e9e, doit elle-m\u00eame \u00eatre mise en lien, de fa\u00e7on plus large, avec deux aspects\u00a0importants : 1) l\u2019esprit du dialogue qui l\u2019a habit\u00e9e et 2) le fait qu\u2019elle s\u2019inscrit dans une collaboration de longue dur\u00e9e. Je les \u00e9voquerai maintenant dans la seconde partie de ce texte.<\/p>\n<h4><strong> 2. Dialogue entre praticiens<\/strong><\/h4>\n<p style=\"text-align: justify;\">Dans cette partie, je pr\u00e9senterai quelques \u00e9l\u00e9ments de mon v\u00e9cu plus personnel, relatifs \u00e0 la mani\u00e8re dont les \u00e9changes que nous avons eus ont pris la forme d\u2019un dialogue apprenant. Je me r\u00e9f\u00e9rerai ici tout d\u2019abord \u00e0 la d\u00e9marche que je viens de d\u00e9crire. Puis j\u2019\u00e9voquerai bri\u00e8vement des collaborations que nous avons eues ces 25 derni\u00e8res ann\u00e9es avec des coll\u00e8gues qu\u00e9b\u00e9cois autour de nos pratiques de GCP et d\u2019APP.<\/p>\n<h6 style=\"text-align: justify;\"><strong>2.1. Esprit et pratique du dialogue<\/strong><\/h6>\n<p style=\"text-align: justify;\">Tout au long de cette exp\u00e9rimentation, ce qui m\u2019a particuli\u00e8rement frapp\u00e9, c\u2019est la mani\u00e8re avec laquelle nous avons cherch\u00e9 \u00e0 aller \u00e0 la rencontre les uns des autres, dans un esprit de curiosit\u00e9 et une recherche de compr\u00e9hension de ce que nous pouvons apprendre et nous apporter mutuellement. J\u2019ai ressenti une ouverture \u00e0 explorer et \u00e0 apprendre, quelles que soient les difficult\u00e9s sur lesquelles nous pouvions buter, voire les inconforts que cela pouvait susciter. Je l\u2019ai v\u00e9cue dans le cours d\u2019une s\u00e9ance o\u00f9, par exemple, nous nous efforcions, avec patience, de comprendre les particularit\u00e9s culturelles de l\u2019environnement professionnel de la personne exposante\/cliente. Je l\u2019ai retrouv\u00e9e durant nos \u00e9changes visant \u00e0 expliciter nos approches, qui nous conduisaient \u00e0 d\u00e9construire ou \u00e9largir ensemble certaines de nos repr\u00e9sentations. Tr\u00e8s souvent, cela a d\u00e9bouch\u00e9 sur de nouvelles questions, qui ont produit des prises de conscience. Cela a pris diff\u00e9rentes formes\u00a0: un \u00ab\u00a0d\u00e9tour\u00a0\u00bb par le partage de m\u00e9taphores, l\u2019expression authentique d\u2019un \u00e9tonnement, une m\u00e9ta-communication.<\/p>\n<p style=\"text-align: justify;\">Parfois, pour moi, ces moments sont venus en r\u00e9sonance avec des v\u00e9cus ant\u00e9rieurs dans des APP que j\u2019ai anim\u00e9es. Le fait de les vivre dans une s\u00e9ance de GCP est venu amplifier ma compr\u00e9hension. Par exemple je per\u00e7ois mieux l\u2019importance que j\u2019accorde \u00e0 d\u00e9velopper l\u2019analyse de pratiques dans le tissage des v\u00e9cus affectifs, relationnels partag\u00e9s dans le groupe. L\u2019expression des ressentis construit la confiance entre nous tout en ouvrant ou r\u00e9v\u00e9lant de nouvelles portes \u00e0 notre perception.<\/p>\n<p style=\"text-align: justify;\">Parfois, ces moments sont venus m\u2019interpeller par rapport \u00e0 certaines de mes repr\u00e9sentations bien ancr\u00e9es. Ainsi, au fil des \u00e9changes, j\u2019ai r\u00e9fl\u00e9chi \u00e0 la mani\u00e8re avec laquelle j\u2019investis fortement, durant les APP, la recherche de compr\u00e9hension, et cela pr\u00e9alablement \u00e0 toute r\u00e9flexion sur les actions qui peuvent \u00eatre \u00e9voqu\u00e9es et explor\u00e9es par les participants. Dans cette optique, j\u2019ai tendance \u00e0 penser que la prise de conscience doit pr\u00e9c\u00e9der l\u2019\u00e9laboration d\u2019actions pour que celles-ci se renouvellent. Cette approche peut favoriser des apprentissages de second ordre, par le recul sur ses cadres de r\u00e9f\u00e9rence (Bateson, 1995). Elle comporte aussi ses limites\u00a0: souvent, nos perceptions, nos \u00e9motions, nos repr\u00e9sentations, nos analyses, nos motivations \u00e0 agir et nos actions sont entrem\u00eal\u00e9es. Elles forment syst\u00e8me. En GCP, la formulation de projets d\u2019action est encourag\u00e9e et accueillie. Leur expression devient potentiellement aussi une porte d\u2019entr\u00e9e \u00e0 des prises de conscience. Pour mes animations, m\u00eame si je continue \u00e0 privil\u00e9gier le travail en r\u00e9flexivit\u00e9, je r\u00e9alise qu\u2019il y a mati\u00e8re \u00e0 exploration\u00a0: je veux ouvrir les possibilit\u00e9s d\u2019\u00e9laboration aussi en lien avec les aspects de motivation et d\u2019actions en APP<\/p>\n<p style=\"text-align: justify;\">L\u2019attention, l\u2019ouverture aux autres est un \u00e9l\u00e9ment central dans ce que nous avons exp\u00e9riment\u00e9 durant ces s\u00e9ances. Cette attention int\u00e8gre bienveillance et invitation \u00e0 se questionner ou \u00e0 remettre en question ses id\u00e9es, sans d\u00e9bat ou argumentation qui chercherait \u00e0 privil\u00e9gier un point de vue plut\u00f4t qu\u2019un autre. Une attention qui \u00e9largit les perspectives. C\u2019est pour moi l\u2019esprit du dialogue. Il est au c\u0153ur de l\u2019analyse de pratiques que je d\u00e9veloppe comme il l\u2019est dans le GCP. Il a \u00e9t\u00e9 pr\u00e9sent dans notre groupe durant la d\u00e9marche que nous avons v\u00e9cue.<\/p>\n<p style=\"text-align: justify;\">J\u2019utilise ici ce terme \u00ab\u00a0dialogue\u00a0\u00bb dans une optique que j\u2019aimerais bri\u00e8vement pr\u00e9ciser. Il Vient du grec\u00a0: \u00ab\u00a0<em>\u03b4\u03b9\u03ac<\/em>\u00a0\u00bb\u00a0: \u00ab\u00a0au travers, entre\u00a0\u00bb, et \u00ab\u00a0<em>\u03bb\u03cc\u03b3\u03bf\u03c2<\/em>\u00a0\u00bb\u00a0: la parole. Il renvoie \u00e0 l\u2019id\u00e9e d\u2019un flux qui passe \u00e0 travers et entre les membres du groupe. Selon Senge (1990), \u00ab\u00a0<em>pour les Grecs, dia-logos signifiait une libre circulation du sens au sein d&rsquo;un groupe, permettant \u00e0 ce dernier de d\u00e9couvrir des perceptions ou id\u00e9es [\u00ab\u00a0insights\u00a0\u00bb] impossibles \u00e0 atteindre individuellement.\u00a0\u00bb<\/em> Le dialogue est nourri par l\u2019ouverture \u00e0 apprendre. Il questionne, il explore, il confronte en cherchant \u00e0 approfondir la compr\u00e9hension selon diff\u00e9rents points de vue, \u00e0 mettre en lien les \u00e9l\u00e9ments et \u00e0 \u00e9largir la vision. Il se diff\u00e9rencie d\u2019une discussion ou d\u2019un d\u00e9bat qui tend \u00e0 s\u00e9parer et qui vise \u00e0 identifier les arguments pour \u00e9laborer une position, confirmer une repr\u00e9sentation ou faire un choix entre diff\u00e9rentes perspectives. Pour des auteurs tels que Bohm (1996) ou Isaacs (1999), le dialogue n\u00e9cessite de suspendre ses jugements (pour \u00e9couter les autres) et de d\u00e9velopper une attitude d\u2019enqu\u00eate ouverte, \u00e0 la fois envers les autres, envers soi et envers les \u00e9mergences potentielles dans le collectif.<\/p>\n<p style=\"text-align: justify;\">C\u2019est ce que nous avons privil\u00e9gi\u00e9 tant dans nos s\u00e9ances \u00e0 huit personnes que dans nos communications \u00e0 quatre, en nous \u00e9coutant, en cherchant \u00e0 d\u00e9couvrir, \u00e0 partir de nos diff\u00e9rences, de nouvelles potentialit\u00e9s. Ce dialogue a \u00e9t\u00e9 un \u00e9l\u00e9ment cl\u00e9 pour notre d\u00e9marche et pour les apprentissages qui en ont r\u00e9sult\u00e9. Il est aussi le reflet de la mani\u00e8re dont nous mettons en \u0153uvre le GCP et l\u2019APP. Il a ainsi r\u00e9v\u00e9l\u00e9 un point commun central de nos pratiques.<\/p>\n<h6 style=\"text-align: justify;\"><strong>2.2. Un dialogue commenc\u00e9 dans les ann\u00e9es 1990&#8230; encore \u00e0 d\u00e9velopper<\/strong><\/h6>\n<p style=\"text-align: justify;\">En 2018, avec Michel, c\u2019est un soir dans un restaurant de la rue Fleury \u00e0 Montr\u00e9al que nous avons d\u00e9cid\u00e9 de lancer cette exp\u00e9rimentation. Au milieu des ann\u00e9es 1990, c\u2019\u00e9tait dans le quartier d\u2019Outremont que j\u2019ai rencontr\u00e9 pour la premi\u00e8re fois la pratique du GCP en prenant un petit d\u00e9jeuner avec Adrien Payette. \u00c0 cette occasion, nous avions d\u00e9couvert avec \u00e9tonnement et beaucoup de plaisir comment nos parcours et nos int\u00e9r\u00eats se croisaient de multiples mani\u00e8res. Entre autres, nous explorions tous deux, depuis plusieurs ann\u00e9es, les potentialit\u00e9s d\u2019une approche exp\u00e9rientielle dans nos formations en gestion. Vers la fin des ann\u00e9es 80, Adrien exp\u00e9rimentait \u00e0 l\u2019ENAP \u00e0 Montr\u00e9al des ateliers sur une dur\u00e9e globale de 45 heures qui permettaient \u00e0 des gestionnaires de r\u00e9fl\u00e9chir avec d\u2019autres \u00e0 leurs pratiques et je d\u00e9veloppais \u00e0 l\u2019Universit\u00e9 de Neuch\u00e2tel en Suisse des \u00ab\u00a0cercles de management\u00a0\u00bb qui avaient le m\u00eame but et comprenaient 10 s\u00e9ances de 4 heures. Nous nous inspirions tous deux notamment de l\u2019apprentissage exp\u00e9rientiel (Kolb, 1984), de <em>l\u2019action learning <\/em>(Revans, 1982) et des approches de dynamique des groupes restreints.<\/p>\n<p style=\"text-align: justify;\">Une telle rencontre ne s\u2019oublie pas. En ce qui me concerne, elle a notamment amplifi\u00e9 ma curiosit\u00e9 et mon engagement pour diverses formes d\u2019accompagnement et d\u2019apprentissage en groupe. Nos diff\u00e9rences ont aussi \u00e9t\u00e9 sources d\u2019apprentissages (elles se manifestent entre autres par le fait que je viens du monde de la psychologie et de la syst\u00e9mique, Adrien du monde de l\u2019administration publique). Nos chemins se sont en partie \u00e9loign\u00e9s. Je suis en effet retourn\u00e9 en Suisse au terme de l\u2019ann\u00e9e que j\u2019ai pass\u00e9e \u00e0 Montr\u00e9al et j\u2019ai orient\u00e9 mes activit\u00e9s davantage dans le milieu de l\u2019\u00e9ducation. Stimul\u00e9 par les d\u00e9couvertes faites au Qu\u00e9bec, j\u2019ai d\u00e8s lors mis en \u0153uvre de nombreux d\u00e9veloppements dans l\u2019apprentissage en groupe, notamment pour les directions d\u2019\u00e9tablissements scolaires.<\/p>\n<p style=\"text-align: justify;\">Nous avons eu d\u2019autres rencontres et occasions d\u2019\u00e9changes. En 2001, un num\u00e9ro de la revue <em>Interactions<\/em> est paru, \u00e9dit\u00e9 sous la direction d\u2019Adrien Payette (2001), qui rend compte d\u2019une grande vari\u00e9t\u00e9 d\u2019exp\u00e9riences en cod\u00e9veloppement et autres formes d\u2019apprentissage-action. Cette publication a nourri ma r\u00e9flexion, notamment sur les multiples possibilit\u00e9s et b\u00e9n\u00e9fices de ces d\u00e9marches. Dans ma contribution \u00e0 ce num\u00e9ro, j\u2019ai pr\u00e9sent\u00e9 les d\u00e9veloppements que j\u2019ai men\u00e9s en Suisse au niveau de la formation des animateurs de groupes d\u2019action-formation et j\u2019ai \u00e9voqu\u00e9 des \u00e9l\u00e9ments de comparaison entre le GCP et l\u2019approche que je privil\u00e9giais. Notamment\u00a0: \u00ab\u00a0<em>La\u00a0\u00a0 diff\u00e9rence\u00a0\u00a0 la\u00a0\u00a0 plus\u00a0\u00a0 significative\u00a0\u00a0 me\u00a0\u00a0 semble\u00a0\u00a0 r\u00e9sider\u00a0\u00a0 cependant\u00a0\u00a0 dans\u00a0\u00a0 le\u00a0\u00a0 d\u00e9roulement de l\u2019analyse.\u00a0\u00bb <\/em>(Thi\u00e9baud, 2001). Cette question reste un sujet d\u2019actualit\u00e9, d\u2019exploration et de dialogue (voir Vacher &amp; Thi\u00e9baud, 2020) !<\/p>\n<p style=\"text-align: justify;\">A la fin des ann\u00e9es 90, j\u2019ai rencontr\u00e9 divers praticiens de l\u2019APP. Ma pratique s\u2019est d\u00e9velopp\u00e9e de plus en plus dans une perspective de r\u00e9flexivit\u00e9. Nous en avons largement parl\u00e9 lors d\u2019un s\u00e9minaire au Qu\u00e9bec auquel j\u2019ai \u00e9t\u00e9 invit\u00e9 en 2003 au bord du Saint-Laurent. Adrien, Michel et d\u2019autres animateurs de GCP ont manifest\u00e9 \u00e9norm\u00e9ment d\u2019ouverture \u00e0 mon \u00e9gard et \u00e0 l\u2019\u00e9gard de mes r\u00e9flexions et exp\u00e9riences, concernant en particulier l\u2019int\u00e9gration des \u00ab\u00a0arr\u00eats sur image\u00a0\u00bb et des pauses r\u00e9flexive dans le travail en groupe. De mon c\u00f4t\u00e9, ces \u00e9changes m\u2019ont de plus en plus stimul\u00e9 \u00e0 r\u00e9fl\u00e9chir \u00e0 des aspects qui tiennent particuli\u00e8rement \u00e0 c\u0153ur aux praticiens du GCP et qui m\u2019ont beaucoup apport\u00e9 : les effets des groupes que nous animons, le d\u00e9veloppement de ces groupes dans un contexte organisationnel, les aspects de contractualisation. Par exemple, le fait qu\u2019en GCP, une \u00e9tape (la troisi\u00e8me) est d\u00e9di\u00e9e sp\u00e9cifiquement au contrat avec la personne exposante\/cliente m\u2019a inspir\u00e9 \u00e0 marquer, dans ma pratique d\u2019animation, un temps particulier au d\u00e9but de la d\u00e9marche et \u00e0 chaque transition d\u2019\u00e9tape pour \u00e9laborer cet aspect de contrat (lequel peut \u00eatre r\u00e9actualis\u00e9 tout au long de la s\u00e9ance selon besoin\u00a0; voir Thi\u00e9baud &amp; Vacher, 2020).<\/p>\n<p style=\"text-align: justify;\">Je pourrais \u00e9voquer de nombreux autres \u00e9changes fructueux, nourris de nos sp\u00e9cificit\u00e9s, compl\u00e9mentarit\u00e9s et r\u00e9sonances. L\u2019essentiel pour moi r\u00e9side dans la qualit\u00e9 du dialogue que j\u2019ai pu vivre \u00e0 chaque fois et dans l\u2019ouverture \u00e0 apprendre les uns des autres. Ceci compte \u00e9norm\u00e9ment et s\u2019inscrit directement dans le d\u00e9veloppement de l\u2019intelligence collective \u00e0 laquelle je suis de plus en plus attach\u00e9 (voir Thi\u00e9baud, 2018b).<\/p>\n<p style=\"text-align: justify;\">Dans le futur, de nouvelles riches perspectives de dialogue me semblent pouvoir \u00eatre concr\u00e9tis\u00e9es. La d\u00e9marche d\u2019exp\u00e9rimentation men\u00e9e nous y invite en tous les cas. Je pense notamment\u00a0:<\/p>\n<ul style=\"text-align: justify;\">\n<li>\u00e0 d\u2019autres productions conjointes dans la Revue de l\u2019analyse de pratiques professionnelles et la revue Le Cod\u00e9veloppeur (qui ont chacune publi\u00e9 des articles par le pass\u00e9 de praticiens d\u2019outre-Atlantique\u00a0; voir par exemple Lauzon &amp; Desjardins, 2018\u00a0; Guillemette, 2017\u00a0; Thi\u00e9baud, 2015)\u00a0;<\/li>\n<li>aux contributions \u00e9crites que Claude nous a demand\u00e9es r\u00e9cemment, \u00e0 Yann et \u00e0 moi, pour son ouvrage en cours de r\u00e9daction\u00a0;<\/li>\n<li>\u00e0 la poursuite d\u2019\u00e9changes r\u00e9flexifs et d\u2019exp\u00e9riences en GCP et APP \u00e0 distance ;<\/li>\n<li>\u00e0 la co-organisation de s\u00e9ances d\u2019\u00e9tude et de r\u00e9flexion autour de th\u00e9matiques communes qui pourraient \u00eatre abord\u00e9es dans une double perspective (GCP et APP) ;<\/li>\n<li>\u00e0 la participation \u00e0 des s\u00e9minaires organis\u00e9s de part et d\u2019autre.<\/li>\n<\/ul>\n<h4><strong> 3. Pour conclure\u00a0: une d\u00e9marche qui pourrait \u00eatre remobilis\u00e9e<\/strong><\/h4>\n<p style=\"text-align: justify;\">L\u2019exp\u00e9rimentation et le dialogue d\u00e9velopp\u00e9s ont \u00e9t\u00e9 extr\u00eamement profitables pour tous les participants. Les r\u00e9sultats obtenus ouvrent des perspectives tr\u00e8s int\u00e9ressantes pour l\u2019enrichissement mutuel de nos pratiques, tant de GCP que d\u2019APP.<\/p>\n<p style=\"text-align: justify;\">En conclusion, j\u2019aimerais souligner un autre b\u00e9n\u00e9fice potentiel de la d\u00e9marche mise en \u0153uvre\u00a0: le fait que celle-ci peut servir \u00e0 d\u2019autres exp\u00e9rimentations du m\u00eame ordre, que ce soit avec les approches du GCP et de l\u2019APP ou avec d\u2019autres. Il appara\u00eet en effet fructueux de s\u2019en inspirer. Son d\u00e9roulement s\u2019est av\u00e9r\u00e9 pertinent, du point de vue tant de l\u2019approche exp\u00e9rientielle utilis\u00e9e que des \u00e9tapes suivies et du dialogue \u00e9labor\u00e9.<\/p>\n<p style=\"text-align: justify;\">Je vois principalement quatre d\u00e9veloppements qu\u2019il serait utile d\u2019envisager\u00a0:<\/p>\n<ol style=\"text-align: justify;\">\n<li>pr\u00e9voir davantage de temps pour les s\u00e9ances\u00a0;<\/li>\n<li>vivre l\u2019exp\u00e9rience de chacune des approches au moins \u00e0 deux reprises\u00a0;<\/li>\n<li>\u00e9laborer un protocole pour l\u2019exp\u00e9rimentation, susceptible de faciliter des m\u00e9ta-analyses ;<\/li>\n<li>approfondir et \u00e9largir la mise en perspective, notamment au niveau de la mod\u00e9lisation et de la r\u00e9f\u00e9renciation th\u00e9orique.<\/li>\n<\/ol>\n<p style=\"text-align: justify;\">De tes d\u00e9veloppements n\u00e9cessitent bien s\u00fbr un temps assez cons\u00e9quent. Si je consid\u00e8re l\u2019exp\u00e9rience v\u00e9cue, celui-ci en vaut la peine\u2026 et comme souvent, c\u2019est l\u2019\u00e9tape de production des \u00e9crits qui est la plus chronophage (un an en l\u2019occurrence pour l\u2019ensemble des textes) \u2026 mais non moins apprenante.<\/p>\n<p style=\"text-align: justify;\">Pour terminer, je tiens encore \u00e0 exprimer ma reconnaissance \u00e0 mes coll\u00e8gues des deux c\u00f4t\u00e9s de l\u2019Atlantique et le plaisir que j\u2019ai eu \u00e0 partager cette exploration avec eux.<\/p>\n<h4><strong>R\u00e9f\u00e9rences bibliographiques<\/strong><\/h4>\n<p>Bateson, G. (1995). <em>Vers une \u00e9cologie de l&rsquo;esprit<\/em>. Paris\u00a0: Le Seuil. Tome 1 (1<sup>\u00e8re<\/sup> \u00e9dition 1977).<\/p>\n<p>Blanchard-Laville, C. &amp; Fablet, D. (dir.) (2000). <em>L\u2019analyse des pratiques professionnelles<\/em>, nouvelle \u00e9dition revue et corrig\u00e9e. Paris\u00a0: L\u2019Harmattan.<\/p>\n<p>Bohm, D. (1996). <em>On dialogue.<\/em> New York\u00a0: Routledge.<\/p>\n<p>Calendini, J. &amp; Vacher, Y. (2020). Groupe d\u2019analyse de pratiques et de cod\u00e9veloppement professionnel\u00a0: t\u00e9moignages. In Revue de l\u2019analyse de pratiques professionnelles, No 18, pp. 80-84. <a href=\"http:\/\/www.analysedepratique.org\/?p=3881\">http:\/\/www.analysedepratique.org\/?p=3881<\/a>.<\/p>\n<p>Champagne, C. (2020). Le groupe de cod\u00e9veloppement professionnel. In <em>Revue de l\u2019analyse de pratiques professionnelles<\/em>, 18, pp. 24-42.\u00a0 <a href=\"http:\/\/www.analysedepratique.org\/?p=3721\">http:\/\/www.analysedepratique.org\/?p=3721<\/a>.<\/p>\n<p>de Peretti, A. (1996). Le groupe d\u2019approfondissement personnel. <em>Cahiers p\u00e9dagogiques.<\/em><br \/>\nN\u00b0 346, p. 45.<\/p>\n<p>Desjardins, M. (2020). Mon exp\u00e9rience de groupes de cod\u00e9veloppement professionnel et d\u2019analyse de pratiques professionnelles. In <em>Revue de l\u2019analyse de pratiques professionnelles<\/em>, No 18, pp. 70-79. <a href=\"http:\/\/www.analysedepratique.org\/?p=3879\">http:\/\/www.analysedepratique.org\/?p=3879<\/a>.<\/p>\n<p>Guillemette, S. (2017). Modalit\u00e9s pour le d\u00e9marrage d\u2019une d\u00e9marche d\u2019analyse de pratique et de r\u00e9flexivit\u00e9 selon une perspective de bienveillance. In <em>Revue de l\u2019analyse de pratiques professionnelles<\/em>, 10, pp 119-132. <a href=\"http:\/\/www.analysedepratique.org\/?p=2452\"><u>http:\/\/www.analysedepratique.org\/?p=2452<\/u><\/a>.<\/p>\n<p>Isaacs, W. N. (1999). <em>Dialogue : The Art Of Thinking Together. <\/em>New York : Currency.<\/p>\n<p>Knuchel-Bossel, M. (2020). Analyse de pratiques \u00e0 distance : t\u00e9moignage et r\u00e9flexions. In <em>Revue de l\u2019analyse de pratiques professionnelles<\/em>, No 17, pp. 33-43. <a href=\"http:\/\/www.analysedepratique.org\/?p=3712\">http:\/\/www.analysedepratique.org\/?p=3712<\/a>.<\/p>\n<p>Kolb, D. (1984). <em>Experiential learning: Experience as the source of learning and development<\/em>. Englewood Cliffs, N.J.: Prentice Hall.<\/p>\n<p>Lauzon, N. &amp; Desjardins, M. (2018). Analyse de la pratique dans un groupe de cod\u00e9veloppement, In <em>Revue de l\u2019analyse de <\/em><em>pratiques professionnelles<\/em>, No 14, pp. 63-73. <a href=\"http:\/\/www.analysedepratique.org\/?p=3186\">http:\/\/www.analysedepratique.org\/?p=3186<\/a>.<\/p>\n<p>Levine, J. &amp; Moll, J. (2000). <em>Je est un autre, Pour un dialogue p\u00e9dagogie-psychanalyse<\/em>. E.S.F.<\/p>\n<p>Payette, A. et Champagne, C. (1997). <em>Le groupe de cod\u00e9veloppement professionnel<\/em>.<br \/>\nSte-Foy : les Presses de l\u2019Universit\u00e9 du Qu\u00e9bec.<\/p>\n<p>Payette, A. (Dir.). (2001). Le cod\u00e9veloppement et autres formes d\u2019apprentissage-action. <em>Interactions<\/em> (Sherbrooke), Vol. 5, no 2. <a href=\"https:\/\/www.usherbrooke.ca\/psychologie\/recherche\/publications\/volume-5-no-2\/\">https:\/\/www.usherbrooke.ca\/psychologie\/recherche\/publications\/volume-5-no-2\/<\/a>.<\/p>\n<p>Revans, R. W. (1982). <em>The origin and growth of action learning<\/em>. Brickley, UK : Chartwell-Bratt.<\/p>\n<p>Senge, P. (1990). <em>The Fifth discipline. <\/em><em>The art and practice of the learning organization.<\/em><br \/>\nNew York : Doubleday \/ Currency<\/p>\n<p>Thi\u00e9baud, M. (2001). Action-formation. <em>Interactions<\/em> (Sherbrooke), Vol. 5, no 2, pp. 173-189. <a href=\"https:\/\/www.usherbrooke.ca\/psychologie\/fileadmin\/sites\/psychologie\/espace-etudiant\/Revue_Interactions\/Volume_5_no_2\/V5N2_THIEBAUD_Marc_p163-178.pdf\">https:\/\/www.usherbrooke.ca\/psychologie\/fileadmin\/sites\/psychologie\/espace-etudiant\/Revue_Interactions\/Volume_5_no_2\/V5N2_THIEBAUD_Marc_p163-178.pdf<\/a>.<\/p>\n<p>Thi\u00e9baud, M. (2013). Multiples b\u00e9n\u00e9fices de l\u2019analyse de pratiques professionnelles en groupe : quels \u00e9l\u00e9ments cl\u00e9s les favorisent ? In<em>\u00a0Revue de l\u2019analyse de pratiques professionnelles, <\/em>1, pp 61-72.\u00a0\u00a0 <a href=\"http:\/\/www.analysedepratique.org\/?p=54\">http:\/\/www.analysedepratique.org\/?p=54<\/a>.<\/p>\n<p>Thi\u00e9baud, M. (2015). Comment acqu\u00e9rir les comp\u00e9tences en animation de groupe de cod\u00e9veloppement professionnel ? Des perspectives multiples. <em>Num\u00e9ro th\u00e9matique de l\u2019AQCP<\/em>. Vol. 1, No 2, 1-4. <a href=\"http:\/\/www.aqcp.org\/wp-content\/uploads\/2018\/05\/2-No-thematique-Vol_1_No_2-art_2-Marc-Thiebaud_Apprendre-a-faciliter-des-groupes-de-codeveloppement-Pourquoi-et-comment.pdf\">http:\/\/www.aqcp.org\/wp-content\/uploads\/2018\/05\/2-No-thematique-Vol_1_No_2-art_2-Marc-Thiebaud_Apprendre-a-faciliter-des-groupes-de-codeveloppement-Pourquoi-et-comment.pdf<\/a>.<\/p>\n<p>Thi\u00e9baud, M. (2018a). Accompagnement et analyse de pratiques professionnelles en groupe. In <em>Revue de l\u2019analyse de pratiques professionnelles,<\/em> 12, pp. 13-30. <a href=\"http:\/\/www.analysedepratique.org\/?p=2862\">http:\/\/www.analysedepratique.org\/?p=2862<\/a>.<\/p>\n<p>Thi\u00e9baud, M. (2018b). Intelligence collective et analyse de pratiques en groupe : six dynamiques mobilis\u00e9es. In <em>Revue de l\u2019analyse de pratiques professionnelles<\/em>, 13, pp. 18-38. <a href=\"http:\/\/www.analysedepratique.org\/?p=3048\">http:\/\/www.analysedepratique.org\/?p=3048<\/a>.<\/p>\n<p>Thi\u00e9baud, M. (2020). Analyse de pratiques &lt;-&gt; supervision. Similitudes, diff\u00e9rences : quelques r\u00e9flexions pour aider \u00e0 s\u2019y rep\u00e9rer. In <em>Revue de l\u2019analyse de pratiques professionnelles<\/em>, 16, pp. 81-103. <a href=\"http:\/\/www.analysedepratique.org\/?p=3631\">http:\/\/www.analysedepratique.org\/?p=3631<\/a>.<\/p>\n<p>Thi\u00e9baud, M. et Vacher, Y. (coord.) (2018). Dynamiques d\u2019intelligence collective au sein des groupes d\u2019APP.\u00a0\u00a0<em>Revue de l\u2019analyse de pratiques professionnelles<\/em>, 13, 101 pages. <a href=\"http:\/\/www.analysedepratique.org\/?p=3038\">http:\/\/www.analysedepratique.org\/?p=3038<\/a>.<\/p>\n<p>Thi\u00e9baud, M. &amp; Vacher, M. (2020). L\u2019analyse de pratiques professionnelles dans une perspective d\u2019accompagnement, d\u2019intelligence collective et de r\u00e9flexivit\u00e9.<br \/>\nIn <em>Revue de l\u2019analyse de pratiques professionnelles<\/em>, 18, pp. 85-115. \u00a0<a href=\"http:\/\/www.analysedepratique.org\/?p=3716\">http:\/\/www.analysedepratique.org\/?p=3716<\/a>.<\/p>\n<p>Thi\u00e9baud, M., Vacher, Y., Champagne, C. &amp; Desjardins, M. (coord.). (2020).<br \/>\nGroupes d\u2019analyse de pratiques et de cod\u00e9veloppement professionnel.<br \/>\nIn <em>Revue de l\u2019analyse de pratiques <\/em><em>professionnelles<\/em>, Num\u00e9ro th\u00e9matique 18. <a href=\"http:\/\/www.analysedepratique.org\/?p=3765\">http:\/\/www.analysedepratique.org\/?p=3765<\/a>.<\/p>\n<p>Vacher, Y. (2015). <em>Construire une pratique r\u00e9flexive<\/em>. Bruxelles : De Boeck.<\/p>\n<p>Vacher, Y. et Thi\u00e9baud, M. (2020). Groupes d\u2019analyse de pratiques et de cod\u00e9veloppement professionnel : mise en perspective. In <em>Revue de l\u2019analy<\/em><em>se de pratiques professionnelles<\/em>, No 18, pp. 43-69. <a href=\"http:\/\/www.analysedepratique.org\/?p=3756\">http:\/\/www.analysedepratique.org\/?p=3756<\/a>.<\/p>\n<p>&nbsp;<\/p>\n<h4><strong>Annexe<\/strong><\/h4>\n<p><strong>D\u00e9roulements propos\u00e9s pour une s\u00e9ance d\u2019analyse de pratiques (APP) selon une approche d\u2019accompagnement, d\u2019intelligence collective et de r\u00e9flexivit\u00e9 et pour une s\u00e9ance de cod\u00e9veloppement professionnel (GCP)<\/strong><\/p>\n<p><strong>\u00a0<\/strong>Une mise en perspective d\u00e9taill\u00e9e des deux d\u00e9marches est d\u00e9velopp\u00e9e dans Vacher &amp; Thi\u00e9baud, 2020. Voir\u00a0: <a href=\"http:\/\/www.analysedepratique.org\/?p=3756\">http:\/\/www.analysedepratique.org\/?p=3756<\/a>.<\/p>\n<p>&nbsp;<\/p>\n<table style=\"border-collapse: collapse; width: 100%;\" border=\"1\">\n<tbody>\n<tr>\n<td style=\"width: 50.5664%; padding-left: 120px;\" width=\"309\"><strong>APP<\/strong><\/td>\n<td style=\"width: 49.4336%; padding-left: 120px;\" width=\"302\"><strong>GCP<\/strong><\/td>\n<\/tr>\n<\/tbody>\n<\/table>\n<table style=\"border-collapse: collapse; width: 100%;\" border=\"1\">\n<tbody>\n<tr>\n<td style=\"width: 24.4078%;\" width=\"149\"><strong>Etapes<\/strong><\/td>\n<td style=\"width: 26.1586%;\" width=\"160\"><strong>Caract\u00e9ristiques<\/strong><\/td>\n<td style=\"width: 24.7168%;\" width=\"151\"><strong>Etapes<\/strong><\/td>\n<td style=\"width: 24.7168%;\" width=\"151\"><strong>Caract\u00e9ristiques<\/strong><\/td>\n<\/tr>\n<\/tbody>\n<\/table>\n<p>&nbsp;<\/p>\n<p><strong>A) En d\u00e9but de d\u00e9marche<\/strong><\/p>\n<table style=\"border-collapse: collapse; width: 100%;\" border=\"1\">\n<tbody>\n<tr>\n<td style=\"width: 24.4078%; text-align: left; vertical-align: top;\" width=\"149\"><strong>Mise en place<\/strong> de la d\u00e9marche g\u00e9n\u00e9rale<\/td>\n<td style=\"width: 26.1586%; text-align: left; vertical-align: top;\" width=\"160\">\n<p>Constitution du groupe \u2013 \u00ab\u00a0contrat\u00a0\u00bb<\/p>\n<p>D\u00e9termination des r\u00e8gles de fonctionnement<\/td>\n<td style=\"width: 24.7168%; text-align: left; vertical-align: top;\" width=\"151\"><strong>Mise en place<\/strong> de la d\u00e9marche\u00a0: adoption d\u2019un contrat de groupe, partage d\u2019objectifs individuels<\/td>\n<td style=\"width: 24.7168%; text-align: left; vertical-align: top;\" width=\"151\">D\u00e9monstration par une session de sensibilisation -pr\u00e9paration des participants \u00e0 leurs r\u00f4les de client et de consultant<\/td>\n<\/tr>\n<\/tbody>\n<\/table>\n<p>&nbsp;<\/p>\n<p><strong>B) Avant la s\u00e9ance<\/strong><\/p>\n<table style=\"border-collapse: collapse; width: 100%;\" border=\"1\">\n<tbody>\n<tr>\n<td style=\"width: 24.4078%; text-align: left; vertical-align: top;\" width=\"149\"><strong>Pr\u00e9paration personnelle<\/strong> des participants<\/td>\n<td style=\"width: 26.1586%; text-align: left; vertical-align: top;\" width=\"160\">R\u00e9flexion sur ses besoins (apprentissages et demandes)<br \/>\net sur le groupe (o\u00f9 en est-on ?)<\/td>\n<td style=\"width: 24.7168%; text-align: left; vertical-align: top;\" width=\"151\"><strong>Identification du client<\/strong><br \/>\nPr\u00e9paration personnelle du client et \u00e9change avec l\u2019animateur<\/td>\n<td style=\"width: 24.7168%; text-align: left; vertical-align: top;\" width=\"151\">Pr\u00e9paration \u00e9crite d&rsquo;un expos\u00e9 (recommand\u00e9e mais non obligatoire)<\/td>\n<\/tr>\n<\/tbody>\n<\/table>\n<p>&nbsp;<\/p>\n<p><strong>C) En d\u00e9but de s\u00e9ance<\/strong><\/p>\n<table style=\"border-collapse: collapse; width: 100%;\" border=\"1\">\n<tbody>\n<tr>\n<td style=\"width: 24.4078%; text-align: left; vertical-align: top;\" width=\"149\"><strong>Tour de table<\/strong>\u00a0: quels sont les besoins du jour pour chacun des participants\u00a0?<\/td>\n<td style=\"width: 26.1586%; text-align: left; vertical-align: top;\" width=\"160\">\u00c9changes pour renouer les liens<br \/>\nIdentification et tri des attentesChoix de l\u2019exposant<\/td>\n<td style=\"width: 24.7168%; text-align: left; vertical-align: top;\" width=\"151\"><strong>Tour de table<\/strong> et confirmation du choix du participant qui sera client<\/td>\n<td style=\"width: 24.7168%; text-align: left; vertical-align: top;\" width=\"151\">Activit\u00e9 d\u2019inclusion, retour sur la s\u00e9ance pr\u00e9c\u00e9dente, partage des intentions d\u2019apprentissages<\/td>\n<\/tr>\n<\/tbody>\n<\/table>\n<p><strong>\u00a0<\/strong><\/p>\n<p><strong>D) Pendant une s\u00e9quence de travail de groupe avec un exposant ou un client<\/strong><\/p>\n<table style=\"border-collapse: collapse; width: 100%;\" border=\"1\">\n<tbody>\n<tr>\n<td style=\"width: 24.4078%; text-align: left; vertical-align: top;\" width=\"149\">\n<p>1.\u00a0 <strong>Cadre g\u00e9n\u00e9ral\u00a0\u00a0\u00a0\u00a0\u00a0\u00a0\u00a0\u00a0 <\/strong><\/p>\n<p>Quelle question expos\u00e9e ?<br \/>\nQuelle attente ?<\/td>\n<td style=\"width: 25.8496%; text-align: left; vertical-align: top;\" width=\"158\">\n<p>Clarification de la demande<\/p>\n<p>V\u00e9rification de sa pertinence<\/p>\n<p>Accord \/ contrat<br \/>\ndans le groupe<\/td>\n<td style=\"width: 24.7168%; text-align: left; vertical-align: top;\" width=\"151\"><strong>1. Expos\u00e9 du sujet par le client<\/strong><\/td>\n<td style=\"width: 24.9228%; text-align: left; vertical-align: top;\" width=\"152\">Mise \u00e0 disposition d&rsquo;informations par le client (qui expose et s&rsquo;expose)<\/td>\n<\/tr>\n<tr>\n<td style=\"width: 24.4078%; text-align: left; vertical-align: top;\" width=\"149\">\n<p>2.\u00a0\u00a0 <strong>Pr\u00e9sentation de la pratique<\/strong><\/p>\n<p>Que se passe-t-il ?<br \/>\nQu\u2019est-ce qui a \u00e9t\u00e9 fait ?<\/td>\n<td style=\"width: 25.8496%; text-align: left; vertical-align: top;\" width=\"158\">\n<p>Apport par l&rsquo;exposant de faits et de v\u00e9cus<\/p>\n<p>Questions par les participants (sans faire part d\u2019analyses)<\/td>\n<td style=\"width: 24.7168%; text-align: left; vertical-align: top;\" width=\"151\"><strong>2. Clarification de la probl\u00e9matique ou du projet<\/strong><\/td>\n<td style=\"width: 24.9228%; text-align: left; vertical-align: top;\" width=\"152\">\n<p>Questions d\u2019information (probl\u00e8me, contexte, personne)<\/p>\n<p>Questions d\u2019exploration par les consultations et r\u00e9ponse par le client (sans proposition d\u2019actions)<\/p>\n<p>Explicitation de l&rsquo;implicite<\/td>\n<\/tr>\n<tr>\n<td style=\"width: 24.4078%; text-align: left; vertical-align: top;\" width=\"149\">\n<p><strong>3. Analyse<\/strong><\/p>\n<p>Comment comprendre ce qui se passe ?<br \/>\nQuelles hypoth\u00e8ses\u00a0?<\/td>\n<td style=\"width: 25.8496%; text-align: left; vertical-align: top;\" width=\"158\">\n<p>Analyses, hypoth\u00e8ses de compr\u00e9hension par les participants<\/p>\n<p>Questionnement en commun, ouverture de diff\u00e9rents angles de vue<\/p>\n<p>Retour de l\u2019exposant<br \/>\n(plusieurs allers-retours possibles)<\/td>\n<td style=\"width: 24.7168%; text-align: left; vertical-align: top;\" width=\"151\"><strong>3. Contrat de consultation<\/strong><\/td>\n<td style=\"width: 24.9228%; text-align: left; vertical-align: top;\" width=\"152\">Lecture de la compr\u00e9hension et de la demande par les participants.<br \/>\nFormulation de la demande et des attentes du clientContrat d\u00e9fini par le client<\/td>\n<\/tr>\n<tr>\n<td style=\"width: 24.4078%; text-align: left; vertical-align: top;\" width=\"149\">\n<p><strong>4.\u00a0 Mise en perspective<\/strong><\/p>\n<p>Quelle synth\u00e8se\u00a0?<br \/>\nQuels objectifs viser\u00a0?<\/td>\n<td style=\"width: 25.8496%; text-align: left; vertical-align: top;\" width=\"158\">\n<p>Partage de liens<\/p>\n<p>R\u00e9flexions \u00ab\u00a0m\u00e9ta\u00a0\u00bb<\/p>\n<p>Apprentissages d\u00e9velopp\u00e9s durant l\u2019analyse (sans d\u00e9bat ni recherche de consensus)<\/p>\n<p>Retour de l\u2019exposant<\/td>\n<td style=\"width: 24.7168%; text-align: left; vertical-align: top;\" width=\"151\"><strong>4. Partage : r\u00e9actions, commentaires, suggestions, partage d\u2019exp\u00e9rience<\/strong><\/td>\n<td style=\"width: 24.9228%; text-align: left; vertical-align: top;\" width=\"152\">Communication par les consultants de ce qui peut aider le client qui \u00e9coute (en lien avec les besoins d\u00e9finis) sans d\u00e9bat entre eux<\/td>\n<\/tr>\n<tr>\n<td style=\"width: 24.4078%; text-align: left; vertical-align: top;\" width=\"149\">\n<p><strong>5.\u00a0 <\/strong><strong><em>Options, pistes d\u2019action (facultatif)<\/em><\/strong><\/p>\n<p><em>Qu\u2019est ce qui peut \u00eatre fait ?<br \/>\nQuelles ressources mobiliser ?<\/em><\/td>\n<td style=\"width: 25.8496%; text-align: left; vertical-align: top;\" width=\"158\">\n<p><em>D\u00e9finition d\u2019objectifs par l\u2019exposant Recherche en commun de diff\u00e9rentes pistes d\u2019action et d\u2019\u00e9volution de la pratique<\/em><\/p>\n<p><em>Retour de l\u2019exposant<\/em><\/td>\n<td style=\"width: 24.7168%; text-align: left; vertical-align: top;\" width=\"151\"><strong>5. Synth\u00e8se et projet<br \/>\nd\u2019action(s)<\/strong><\/td>\n<td style=\"width: 24.9228%; text-align: left; vertical-align: top;\" width=\"152\">Tri, r\u00e9actions, formulation d&rsquo;hypoth\u00e8ses d&rsquo;actions concr\u00e8tes, r\u00e9alisables \u00e0 court terme par le client qui s&rsquo;engage \u00e0 l\u2019action)<\/td>\n<\/tr>\n<tr>\n<td style=\"width: 24.4078%; text-align: left; vertical-align: top;\" width=\"149\">\n<p><strong>6.\u00a0 Bilan et prolongements<\/strong><\/p>\n<p>Quels<br \/>\napprentissages ?<\/p>\n<p>Comment ont \u00e9t\u00e9 v\u00e9cus les \u00e9changes ?<\/td>\n<td style=\"width: 25.8496%; text-align: left; vertical-align: top;\" width=\"158\">\n<p>Partage de v\u00e9cus et apprentissages par tous<\/p>\n<p><em>Parfois\u00a0: prolongements (p. ex. partage sur des liens possibles entre les pratiques)<\/em><\/td>\n<td style=\"width: 24.7168%; text-align: left; vertical-align: top;\" width=\"151\"><strong>6. Conclusion : \u00e9valuation et int\u00e9gration des apprentissages par chacun des participants<\/strong><\/td>\n<td style=\"width: 24.9228%; text-align: left; vertical-align: top;\" width=\"152\">\n<p>Expression de l\u2019appr\u00e9ciation, des apprentissages et des applications envisag\u00e9es par tous les participants, incluant l\u2019animateur<\/p>\n<p>R\u00e9gulation du groupe<\/td>\n<\/tr>\n<\/tbody>\n<\/table>\n<p><strong>Autres aspects plus transversaux\u00a0<\/strong><\/p>\n<table style=\"border-collapse: collapse; width: 100%;\" border=\"1\">\n<tbody>\n<tr>\n<td style=\"width: 50.5664%; text-align: left; vertical-align: top;\" width=\"309\">\n<p>Un retour \u00e0 la demande de l\u2019exposant est fait r\u00e9guli\u00e8rement (pour un ajustement si celle-ci \u00e9volue).<\/p>\n<p>Des temps \u00ab m\u00e9ta \u00bb plus ou moins brefs ou longs, individuels ou collectifs, peuvent \u00eatre introduits \u00e0 diff\u00e9rents moments.<\/td>\n<td style=\"width: 49.4336%; text-align: left; vertical-align: top;\" width=\"302\">\u00c0 tout moment, des temps d\u2019arr\u00eat sont permis pour porter un regard m\u00e9ta sur ce qui est en train de se produire au sein du groupe ou pour recadrer des interventions.<\/td>\n<\/tr>\n<\/tbody>\n<\/table>\n<p>&nbsp;<\/p>\n<p><strong>E) Apr\u00e8s la s\u00e9ance\u00a0<\/strong><\/p>\n<table style=\"border-collapse: collapse; width: 100%;\" border=\"1\">\n<tbody>\n<tr>\n<td style=\"width: 24.4078%; text-align: left; vertical-align: top;\" width=\"149\">\n<p><strong>Mise en \u0153uvre<\/strong> d\u2019actions<\/p>\n<p><strong>R\u00e9flexions<\/strong> personnelles<\/p>\n<p>&nbsp;<\/td>\n<td style=\"width: 26.1586%; text-align: left; vertical-align: top;\" width=\"160\">Exp\u00e9rimentation<br \/>\nR\u00e9flexions, mises en perspective<em>Parfois\u00a0: prolongement des r\u00e9flexions, \u00e9changes informels<\/em><\/td>\n<td style=\"width: 24.7168%; text-align: left; vertical-align: top;\" width=\"151\">Exp\u00e9rimentation et mise en \u0153uvre d\u2019actions<\/td>\n<td style=\"width: 24.7168%; text-align: left; vertical-align: top;\" width=\"151\">Poursuite du travail et r\u00e9alisation des actions par le client et les participants<\/td>\n<\/tr>\n<\/tbody>\n<\/table>\n<p>&nbsp;<\/p>\n<p><strong>F) Lors d\u2019une s\u00e9ance ult\u00e9rieure (apr\u00e8s le d\u00e9veloppement de r\u00e9flexions et la mobilisation d\u2018actions \u00e9ventuelles)<\/strong><\/p>\n<table style=\"border-collapse: collapse; width: 100%;\" border=\"1\">\n<tbody>\n<tr>\n<td style=\"width: 24.4078%; text-align: left; vertical-align: top;\" width=\"149\">\n<p><strong>Suivi d\u2019actions\u00a0:<\/strong> retour d\u2019information<\/p>\n<p><em>Parfois\u00a0: nouvelle demande<\/em><\/td>\n<td style=\"width: 26.1586%; text-align: left; vertical-align: top;\" width=\"160\">\n<p>Partage par l\u2019exposant des r\u00e9flexions et actions d\u00e9velopp\u00e9es dans l\u2019entre-s\u00e9ance.<\/p>\n<p>Liens, prolongements<\/p>\n<p>Renforcement des acquis<\/p>\n<p><em>Parfois\u00a0: nouvelle s\u00e9quence si demande de l\u2019exposant.<\/em><\/td>\n<td style=\"width: 24.7168%; text-align: left; vertical-align: top;\" width=\"151\">\n<p>Retour d\u2019information \u00e0 propos des actions entreprises<\/p>\n<p>&nbsp;<\/td>\n<td style=\"width: 24.7168%; text-align: left; vertical-align: top;\" width=\"151\">G\u00e9n\u00e9ralisation des apprentissages<\/td>\n<\/tr>\n<\/tbody>\n<\/table>\n<p>&nbsp;<\/p>\n<p><strong>G) A la fin de l\u2019ensemble de la d\u00e9marche\u00a0(apr\u00e8s plusieurs s\u00e9ances)<\/strong><\/p>\n<table style=\"border-collapse: collapse; width: 100%;\" border=\"1\">\n<tbody>\n<tr>\n<td style=\"width: 24.3048%; text-align: left; vertical-align: top;\" width=\"149\"><strong>Bilan de l\u2019ensemble\u00a0:<\/strong><br \/>\nqu\u2019est-ce qu\u2019on en retire ?<strong>Conclusion et s\u00e9paration<\/strong> du groupe<\/td>\n<td style=\"width: 26.2616%; text-align: left; vertical-align: top;\" width=\"161\">Partage de feed-back sur toutes les dimensions du v\u00e9cu\u00a0: sens &#8211;<br \/>\nimplication \u2013 relations \u2013 organisation &#8211; animation \u2013 r\u00e9sultats, apprentissages<\/td>\n<td style=\"width: 24.6138%; text-align: left; vertical-align: top;\" width=\"151\">Bilan personnel, de groupe et, dans certains cas, organisationnel<\/td>\n<td style=\"width: 24.6138%; text-align: left; vertical-align: top;\" width=\"151\">Appr\u00e9ciation de l\u2019\u00e9volution des participants dans leurs apprentissages en lien avec leur pratique, leurs objectifs et le fonctionnement<br \/>\nen GCP<\/td>\n<\/tr>\n<\/tbody>\n<\/table>\n<p>&nbsp;<\/p>\n<p>&nbsp;<\/p>\n<a href=\"#\" class=\"shortcode button  \" style=\"background-color: silver;\" target=\"\" onclick=\"\"> Haut de page<\/a>\n<p>&nbsp;<\/p>\n<p>&nbsp;<\/p>\n<h4><strong>Notes<\/strong><\/h4>\n<p>&nbsp;<\/p>\n<p><a href=\"#_ftnref1\" name=\"_ftn1\">[1]<\/a> Michel Desjardins a \u00e9t\u00e9 le pr\u00e9sident fondateur de l\u2019Association qu\u00e9b\u00e9coise du cod\u00e9veloppe-ment professionnel (<a href=\"http:\/\/www.aqcp.org\">www.aqcp.org<\/a>) et il anime notamment des GCP depuis plus de 25 ans.<\/p>\n<p><a href=\"#_ftnref2\" name=\"_ftn2\">[2]<\/a> Claude Champagne a cr\u00e9\u00e9 avec Adrien Payette la m\u00e9thode du GCP. Il est formateur et animateur de GCP depuis une trentaine d&rsquo;ann\u00e9es.<\/p>\n<p><a href=\"#_ftnref3\" name=\"_ftn3\">[3]<\/a> Yann vacher est formateur et chercheur \u00e0 l&rsquo;universit\u00e9 de Corse. Il a cr\u00e9\u00e9 le dispositif ARPPEGE (Analyse R\u00e9flexive de Pratiques Professionnelles En Groupe d\u2019Echange\u00a0; Vacher, 2015).<\/p>\n<p>&nbsp;<\/p>\n<div id=\"themify_builder_content-3875\" data-postid=\"3875\" class=\"themify_builder_content themify_builder_content-3875 themify_builder themify_builder_front\">\n\n\t<\/div>\n<!-- \/themify_builder_content -->","protected":false},"excerpt":{"rendered":"<p>&nbsp; Marc Thi\u00e9baud Psychologue, sp\u00e9cialiste de l&rsquo;accompagnement et de l&rsquo;animation de groupe, Suisse thiebaud[arobase]formaction.ch R\u00e9sum\u00e9 Le cod\u00e9veloppement professionnel et l&rsquo;analyse de pratique professionnelle en groupe sont deux approches voisines ou cousines. L&rsquo;une et l&rsquo;autre se d\u00e9ploient selon une d\u00e9marche d\u2019accompagnement qui mobilise les ressources collectives. Si elles se distinguent par certains objectifs sp\u00e9cifiques et des [&hellip;]<\/p>\n","protected":false},"author":2,"featured_media":0,"comment_status":"open","ping_status":"open","sticky":false,"template":"","format":"standard","meta":{"_jetpack_newsletter_access":"","_jetpack_dont_email_post_to_subs":false,"_jetpack_newsletter_tier_id":0,"_jetpack_memberships_contains_paywalled_content":false,"_jetpack_memberships_contains_paid_content":false,"footnotes":""},"categories":[8,10],"tags":[472,408,478,314,444],"class_list":["post-3875","post","type-post","status-publish","format-standard","hentry","category-thiebaud","category-1texte","tag-apprentissages","tag-codeveloppement-professionnel","tag-contexte","tag-dialogue","tag-experimentation","has-post-title","no-post-date","has-post-category","has-post-tag","has-post-comment","has-post-author"],"jetpack_featured_media_url":"","jetpack_shortlink":"https:\/\/wp.me\/s3VXfJ-dialogue","jetpack_sharing_enabled":true,"_links":{"self":[{"href":"https:\/\/www.analysedepratique.org\/index.php?rest_route=\/wp\/v2\/posts\/3875","targetHints":{"allow":["GET"]}}],"collection":[{"href":"https:\/\/www.analysedepratique.org\/index.php?rest_route=\/wp\/v2\/posts"}],"about":[{"href":"https:\/\/www.analysedepratique.org\/index.php?rest_route=\/wp\/v2\/types\/post"}],"author":[{"embeddable":true,"href":"https:\/\/www.analysedepratique.org\/index.php?rest_route=\/wp\/v2\/users\/2"}],"replies":[{"embeddable":true,"href":"https:\/\/www.analysedepratique.org\/index.php?rest_route=%2Fwp%2Fv2%2Fcomments&post=3875"}],"version-history":[{"count":31,"href":"https:\/\/www.analysedepratique.org\/index.php?rest_route=\/wp\/v2\/posts\/3875\/revisions"}],"predecessor-version":[{"id":6061,"href":"https:\/\/www.analysedepratique.org\/index.php?rest_route=\/wp\/v2\/posts\/3875\/revisions\/6061"}],"wp:attachment":[{"href":"https:\/\/www.analysedepratique.org\/index.php?rest_route=%2Fwp%2Fv2%2Fmedia&parent=3875"}],"wp:term":[{"taxonomy":"category","embeddable":true,"href":"https:\/\/www.analysedepratique.org\/index.php?rest_route=%2Fwp%2Fv2%2Fcategories&post=3875"},{"taxonomy":"post_tag","embeddable":true,"href":"https:\/\/www.analysedepratique.org\/index.php?rest_route=%2Fwp%2Fv2%2Ftags&post=3875"}],"curies":[{"name":"wp","href":"https:\/\/api.w.org\/{rel}","templated":true}]}}