{"id":3756,"date":"2020-04-22T10:39:39","date_gmt":"2020-04-22T09:39:39","guid":{"rendered":"http:\/\/www.analysedepratique.org\/?p=3756"},"modified":"2025-01-20T14:16:35","modified_gmt":"2025-01-20T13:16:35","slug":"groupes-danalyse-de-pratiques-et-de-codeveloppement-professionnel-mise-en-perspective","status":"publish","type":"post","link":"https:\/\/www.analysedepratique.org\/?p=3756","title":{"rendered":"Groupes d\u2019analyse de pratiques et de cod\u00e9veloppement professionnel : mise en perspective"},"content":{"rendered":"<p>&nbsp;<\/p>\n<table border=\"0\" width=\"626\" cellspacing=\"0\" cellpadding=\"0\">\n<tbody>\n<tr>\n<td valign=\"top\" width=\"319\">\n<h3><em><a href=\"http:\/\/www.analysedepratique.org\/?page_id=117#yv\">Yann Vacher<\/a><\/em><\/h3>\n<p><em>Formateur et chercheur, Universit\u00e9 de Corse,\u00a0<\/em><em>France<br \/>\n<\/em><em><a href=\"mailto:vacher@univ-corse.fr\">vacher[arobase]univ-corse.fr<\/a><\/em><\/td>\n<td valign=\"top\" width=\"307\">\n<h3><em><a href=\"http:\/\/www.analysedepratique.org\/?page_id=117#mt\"><b>Marc Thi\u00e9baud<\/b><\/a><\/em><\/h3>\n<p><em>Psychologue, animateur, formateur,<br \/>\nSuisse<br \/>\n<\/em><em><a href=\"mailto:thiebaud@formaction.ch\">thiebaud[arobase]formaction.ch<\/a><\/em><\/td>\n<\/tr>\n<\/tbody>\n<\/table>\n<p>&nbsp;<\/p>\n<h4><i>R\u00e9sum\u00e9<\/i><\/h4>\n<p style=\"text-align: justify;\">Ce texte vise \u00e0 mettre en perspective deux approches\u00a0&#8211; le groupe d\u2019analyse de pratiques professionnelles et le groupe de cod\u00e9veloppement professionnel &#8211; en s\u2019appuyant sur une exp\u00e9rimentation pratique. Il propose une analyse de leurs similitudes et de leurs sp\u00e9cificit\u00e9s. Cette mise en perspective met plus particuli\u00e8rement en \u00e9vidence les aspects relevant du cadre et des principes, du d\u00e9roulement de chaque d\u00e9marche, de la place de l\u2019analyse et de l\u2019action, de la mani\u00e8re dont les apprentissages sont con\u00e7us et favoris\u00e9s ainsi que du d\u00e9veloppement de la dynamique de groupe et d\u2019intelligence collective. Il discute par ailleurs de la compl\u00e9mentarit\u00e9 des deux approches et des b\u00e9n\u00e9fices et risques qui peuvent d\u00e9couler d\u2019une int\u00e9gration des apports de chacune d\u2019elles.<\/p>\n<h5><em>Mots-cl\u00e9s\u00a0<\/em><\/h5>\n<p>apprentissages, analyse et action, intelligence collective, m\u00e9ta-analyse, cod\u00e9veloppement<\/p>\n<h5><em>Cat\u00e9gorie d&rsquo;article\u00a0<\/em><\/h5>\n<p>Synth\u00e8se et mise en perspective<\/p>\n<h5><em>R\u00e9f\u00e9rencement\u00a0<\/em><\/h5>\n<p>Vacher, Y. et Thi\u00e9baud, M. (2020). Groupes d\u2019analyse de pratiques et de cod\u00e9veloppement professionnel : mise en perspective. In <em>Revue de l\u2019analy<\/em><em>se de pratiques professionnelles<\/em>, No 18, pp. 86-116 et <em>Le Cod\u00e9veloppeur<\/em>, Vol. 6 no 3. <a href=\"http:\/\/www.analysedepratique.org\/?p=3756\">http:\/\/www.analysedepratique.org\/?p=3756<\/a> et <a href=\"https:\/\/www.aqcp.org\/wp-content\/uploads\/2022\/02\/Codeveloppeur_v6_n3_06-2020.pdf\">https:\/\/www.aqcp.org\/wp-content\/uploads\/2022\/02\/Codeveloppeur_v6_n3_06-2020.pdf<\/a>.<\/p>\n<hr class=\"shortcode hr light-gray\" style=\"border-width:1px;\" \/> <a href=\"http:\/\/www.analysedepratique.org\/wp-content\/uploads\/vacher-thiebaud-revue-app-juin2020.pdf\"><img loading=\"lazy\" decoding=\"async\" src=\"https:\/\/www.analysedepratique.org\/wp-content\/uploads\/download-icon.png\" alt=\"download-icon\" width=\"24\" height=\"29\" \/>Article en PDF<\/a> \u00a0\u00a0 \u00a0\u00a0 \u00a0\u00a0 \u00a0\u00a0 \u00a0\u00a0 \u00a0\u00a0 \u00a0\u00a0 \u00a0\u00a0 <a href=\"#co\"><img loading=\"lazy\" decoding=\"async\" src=\"https:\/\/www.analysedepratique.org\/wp-content\/uploads\/et-info-comment.png\" alt=\"et-info-comment\" width=\"30\" height=\"31\" \/><\/a>\u00a0<a href=\"#co\">Commentaires<\/a><\/p>\n<p>&nbsp;<\/p>\n<hr \/>\n<h5><strong><em>Practice analysis and professional codevelopment groups: putting things into perspective<\/em><\/strong><\/h5>\n<h5><em>Abstract<\/em><\/h5>\n<p style=\"text-align: justify;\"><em>This text aims to put into perspective two approaches &#8211; the professional practice analysis group and the professional codevelopment group &#8211; based on practical experimentation. It proposes an analysis of their similarities and their specificities. More specifically, this perspective highlights aspects relating to the framework and principles, the way each approach is carried out, the place of analysis and action, the way learning is designed and promoted, and the development of group dynamics and collective intelligence. It also discusses the complementarity of the two approaches and the benefits and risks that can result from integrating the contributions of each.<\/em><\/p>\n<h5><em>Keywords<\/em><\/h5>\n<p><em>learning, analysis and action, collective intelligence, meta-analysis, professional codevelopment<\/em><\/p>\n<hr \/>\n<p>&nbsp;<\/p>\n<p style=\"text-align: justify;\">[toc]<\/p>\n<h4 style=\"text-align: justify;\"><strong>Introduction<\/strong><\/h4>\n<p style=\"text-align: justify;\">La mise en perspective des d\u00e9marches de groupe de cod\u00e9veloppement professionnel (GCP) et d\u2019analyse de pratiques professionnelles (APP) en groupe propos\u00e9e dans le pr\u00e9sent texte s\u2019appuie sur une exp\u00e9rimentation et un dialogue \u00e9labor\u00e9s avec huit personnes en 2019 (voir Thi\u00e9baud, 2020 ; Thi\u00e9baud, Vacher, Champagne &amp; Desjardins, 2020). Elle porte sur les approches sp\u00e9cifiques utilis\u00e9es dans le cadre de notre \u00e9tude : pour le GCP, il s\u2019agit de la d\u00e9marche \u00e9labor\u00e9e \u00e0 l\u2019origine par Payette &amp; Champagne (1997) ; en ce qui concerne l\u2019APP, l\u2019approche utilis\u00e9e met l\u2019accent sur l\u2019accompagnement, l\u2019intelligence collective et la r\u00e9flexivit\u00e9 (voir Thi\u00e9baud, 2013 ; Thi\u00e9baud &amp; Vacher, 2020).<\/p>\n<p><a href=\"http:\/\/www.analysedepratique.org\/wp-content\/uploads\/vacher-thiebaud-2020.png\" rel=\"prettyPhoto[3756]\"><img loading=\"lazy\" decoding=\"async\" class=\"alignnone size-full wp-image-3945 aligncenter\" src=\"http:\/\/www.analysedepratique.org\/wp-content\/uploads\/vacher-thiebaud-2020.png\" alt=\"\" width=\"562\" height=\"377\" srcset=\"https:\/\/www.analysedepratique.org\/wp-content\/uploads\/vacher-thiebaud-2020.png 562w, https:\/\/www.analysedepratique.org\/wp-content\/uploads\/vacher-thiebaud-2020-300x201.png 300w\" sizes=\"auto, (max-width: 562px) 100vw, 562px\" \/><\/a><\/p>\n<p style=\"text-align: center;\"><em>Figure 1\u00a0: points saillants de notre mise en perspective des deux d\u00e9marches<\/em><\/p>\n<p style=\"text-align: justify;\">En lien avec chacun de ces \u00e9l\u00e9ments, nous discuterons aussi des apports mutuels de chaque d\u00e9marche ainsi que des risques et b\u00e9n\u00e9fices potentiels de ces apports.<\/p>\n<p style=\"text-align: justify;\">Avant d\u2019entrer dans le vif du sujet, il nous appara\u00eet pertinent de pr\u00e9ciser quelques aspects de l\u2019exp\u00e9rimentation men\u00e9e (voir Thi\u00e9baud, 2020). Celle-ci a \u00e9t\u00e9 r\u00e9alis\u00e9e en 2019 en quatre temps :<\/p>\n<ol style=\"text-align: justify;\">\n<li>conception de l\u2019exp\u00e9rimentation en collaboration entre deux praticiens du GCP (Michel Desjardins et Claude Champagne) et deux animateurs de groupes d\u2019APP (Marc Thi\u00e9baud et Yann Vacher)\u00a0;<\/li>\n<li>mise en \u0153uvre successivement d\u2019une s\u00e9ance de GCP\u00a0et d\u2019une s\u00e9ance d\u2019APP avec un groupe de huit personnes;<\/li>\n<li>dialogue entre ces huit personnes sur les v\u00e9cus de chaque s\u00e9ance\u00a0;<\/li>\n<li>discussion et mise en perspective des deux d\u00e9marches entre les quatre concepteurs.<\/li>\n<\/ol>\n<p style=\"text-align: justify;\">Le cod\u00e9veloppement professionnel a \u00e9t\u00e9 anim\u00e9 par Claude Champagne selon l\u2019approche con\u00e7ue par ses initiateurs (voir Payette &amp; Champagne, 1997) inspir\u00e9s particuli\u00e8rement par les travaux de Lewin (1948) en dynamique de groupe et science-action, de Revans (1982) en <em>action learning<\/em>, de Rogers (1968) en d\u00e9marche centr\u00e9e sur le client et de St-Arnaud (2003) en prax\u00e9ologie.<\/p>\n<p style=\"text-align: justify;\">L\u2019approche du cod\u00e9veloppement est rest\u00e9e relativement unifi\u00e9e depuis sa gen\u00e8se, m\u00eame si des diff\u00e9rences sont apparues au cours de la derni\u00e8re d\u00e9cennie (Champagne, 2020). L\u2019animation a permis la mise en place d\u2019un cadre visant \u00e0 favoriser la confiance et l\u2019ouverture \u00e0 l\u2019apprentissage. Elle a \u00e9t\u00e9 assur\u00e9e avec souplesse, laissant de la place aux propositions des consultants\/participants (ce qui a permis des analyses suppl\u00e9mentaires par rapport \u00e0 la pratique habituelle).<\/p>\n<p style=\"text-align: justify;\">Parmi les diff\u00e9rentes formes d\u2019APP, celle qui a \u00e9t\u00e9 choisie et anim\u00e9e par Marc Thi\u00e9baud a mis l\u2019accent sur les aspects d\u2019accompagnement, d\u2019intelligence collective et de r\u00e9flexivit\u00e9. Cette approche privil\u00e9gie un travail collectif et r\u00e9flexif qui favorise la multiplicit\u00e9 des lectures et subjectivit\u00e9s, le partage des ressources et compr\u00e9hensions ainsi que l\u2019apprentissage et le questionnement de toutes les personnes pr\u00e9sentes dans le groupe (voir Thi\u00e9baud, 2013 ; Vacher, 2018\u00a0; Thi\u00e9baud &amp; Vacher, 2018).<\/p>\n<p style=\"text-align: justify;\">Elle est inspir\u00e9e par des auteurs et intervenants tels que Rogers et le courant de la psychologie humaniste (1968)\u00a0; Morin (2005) et Bateson (1995) pour leurs travaux sur la complexit\u00e9 et la syst\u00e9mique\u00a0; et encore Sch\u00f6n (1983), Argyris &amp; Sch\u00f6n (2002) et Kolb (1984) concernant la r\u00e9flexivit\u00e9 et les apprentissages exp\u00e9rientiels, entre autres.<\/p>\n<p style=\"text-align: justify;\">Les lecteurs trouveront en annexe une pr\u00e9sentation synth\u00e9tique des \u00e9l\u00e9ments cl\u00e9s de l\u2019approche utilis\u00e9e, qui est expos\u00e9e plus en d\u00e9tail dans Thi\u00e9baud et Vacher (2020)<a href=\"#_ftn1\" name=\"_ftnref1\">[1]<\/a>.<\/p>\n<p style=\"text-align: justify;\">Compte tenu de la tr\u00e8s grande diversit\u00e9 de pratiques qui peut \u00eatre observ\u00e9e en APP, il faut donc souligner que la mise en perspective du GCP et de l\u2019APP produirait des r\u00e9sultats diff\u00e9rents avec une autre approche de l\u2018APP.<\/p>\n<p style=\"text-align: justify;\">Nous reviendrons plus en d\u00e9tail sur certains de ces aspects dans les lignes qui suivent au fur et \u00e0 mesure que nous comparerons les d\u00e9marches du GCP et de l\u2019APP. Nous utiliserons pour simplifier le terme d\u2019APP, \u00e9tant entendu que nous nous r\u00e9f\u00e9rerons \u00e0 chaque fois \u00e0 de l\u2019analyse de pratiques d\u00e9velopp\u00e9e dans une perspective d\u2019accompagnement, d\u2019intelligence collective et de r\u00e9flexivit\u00e9. Pr\u00e9cisons encore que les \u00e9l\u00e9ments pr\u00e9sent\u00e9s se fondent sur une \u00ab pratique st\u00e9r\u00e9otyp\u00e9e \u00bb de l\u2019une et l\u2019autre des approches. En s\u00e9ance, les ajustements effectivement produits et les styles d\u2019animation rel\u00e8vent de dosages singuliers et contextualis\u00e9s. La \u00ab mise en case \u00bb que nous op\u00e9rons par la suite dans le texte ne peut rendre compte de cette r\u00e9alit\u00e9.<\/p>\n<p style=\"text-align: justify;\">Ce texte n\u2019aurait pas pu \u00eatre produit sans les riches \u00e9changes d\u00e9velopp\u00e9s avec Claude Champagne et Michel Desjardins et leurs regards avis\u00e9s. Nous les en remercions vivement.<\/p>\n<h4 style=\"text-align: justify;\"><strong> 1. Le dispositif g\u00e9n\u00e9ral, les principes et les objectifs<\/strong><\/h4>\n<p style=\"text-align: justify;\">Nous commen\u00e7ons cette mise en perspective de la mani\u00e8re la plus courante qui consiste \u00e0 consid\u00e9rer les aspects du dispositif sur un plan plut\u00f4t formel. Ce sont d\u2019ailleurs ces aspects qui ont \u00e9t\u00e9 \u00e0 chaque fois explicit\u00e9s et clarifi\u00e9s \u00e0 l\u2019avance dans l\u2019exp\u00e9rimentation des deux approches (voir Thi\u00e9baud, 2020c).<\/p>\n<p style=\"text-align: justify;\">Il appara\u00eet tout d\u2019abord que, quels que soient les termes utilis\u00e9s (par exemple \u00ab exposant \u00bb ou \u00ab client \u00bb ; participants ou consultants), la structuration du travail est identique en ce qui concerne l\u2019organisation des r\u00f4les et le contrat de fonctionnement g\u00e9n\u00e9ral.<\/p>\n<p style=\"text-align: justify;\">Les r\u00e8gles de groupe sont similaires (confidentialit\u00e9, respect des personnes, bienveillance, attention \u00e0 l\u2019autre, \u00e9coute active).<\/p>\n<p style=\"text-align: justify;\">Il en va de m\u00eame concernant les principes sur lesquels repose chaque d\u00e9marche : travail sur un v\u00e9cu et une pratique professionnelle, contractualisation avec le groupe, dynamique d\u2019\u00e9laboration en collectif, prise de recul par chacun sur les apprentissages r\u00e9alis\u00e9s, posture accompagnante de l\u2019animateur et des participants, accueil et empathie \u00e0 l\u2019\u00e9gard de l\u2019exposant\/client , mobilisation des ressources et des savoirs d\u2019action de chacun, alternance dans les r\u00f4les d\u2019exposant\/client et de participant\/consultant d\u2019une s\u00e9ance \u00e0 l\u2019autre (voir Thi\u00e9baud &amp; Vacher, 2020 et Champagne, 2020).<\/p>\n<p style=\"text-align: justify;\">Pour ce qui est des objectifs vis\u00e9s, ils sont vari\u00e9s et peuvent relever globalement de la construction identitaire, de la recherche et de l\u2019am\u00e9lioration du bien-\u00eatre comme de l\u2019accroissement de l\u2019efficacit\u00e9 professionnelle. Ils peuvent viser la construction d\u2019un savoir analyser et l\u2019explicitation des savoirs tacites. Ils s\u2019inscrivent dans une perspective de d\u00e9veloppement professionnel allant de l\u2019\u00e9laboration d\u2019une pratique r\u00e9flexive \u00e0 la recherche de nouvelles possibilit\u00e9s d\u2019action. En GCP, l\u2019accent est davantage mis sur l\u2019\u00e9volution de la pratique par l\u2019\u00e9laboration d\u2019un projet d\u2019action.<\/p>\n<p style=\"text-align: justify;\">Le tableau suivant r\u00e9sume les principales similitudes et diff\u00e9rences entre les deux d\u00e9marches. Il met en lumi\u00e8re en particulier que sur les aspects pr\u00e9cit\u00e9s, aucune diff\u00e9rence notable n\u2019est \u00e0 relever selon nous, si ce n\u2019est au niveau de certains accents des objectifs. A noter que seuls les \u00e9l\u00e9ments les plus significatifs sont ici mis en avant. Nous tenons aussi \u00e0 souligner que ce tableau (et les suivants) n\u2019est pas exhaustif ; nous avons ainsi laiss\u00e9 en bas une ligne libre (\u00ab\u00a0\u2026 \u00bb) pour inviter les lecteurs \u00e0 le compl\u00e9ter par leurs propres analyses.<\/p>\n<p style=\"text-align: center;\"><strong>Dispositif g\u00e9n\u00e9ral, principes et objectifs<\/strong><\/p>\n<table style=\"border-collapse: collapse; width: 100%;\" border=\"1\">\n<tbody>\n<tr>\n<td style=\"width: 26.1586%; text-align: left; vertical-align: top;\" width=\"160\"><\/td>\n<td style=\"width: 36.8692%; text-align: left; vertical-align: top;\" width=\"227\"><strong>Similitudes<\/strong><\/td>\n<td style=\"width: 36.8692%; text-align: left; vertical-align: top;\" width=\"227\"><strong>Diff\u00e9rences<\/strong><\/td>\n<\/tr>\n<tr>\n<td style=\"width: 26.1586%; text-align: left; vertical-align: top;\" width=\"160\"><strong>Structure et r\u00f4les <\/strong><\/td>\n<td style=\"width: 36.8692%; text-align: left; vertical-align: top;\" width=\"227\">\n<p>Contractualisation de la d\u00e9marche g\u00e9n\u00e9rale<\/p>\n<p>Travail en groupe<\/p>\n<p>Trois r\u00f4les\u00a0: exposant\/client, participants\/consultants et animateur<\/p>\n<p>Alternance des r\u00f4les d\u2019une s\u00e9ance \u00e0 l\u2019autre<\/td>\n<td style=\"width: 36.8692%; text-align: left; vertical-align: top;\" width=\"227\"><\/td>\n<\/tr>\n<tr>\n<td style=\"width: 26.1586%; text-align: left; vertical-align: top;\" width=\"160\"><strong>Cadre, principes <\/strong><\/td>\n<td style=\"width: 36.8692%; text-align: left; vertical-align: top;\" width=\"227\">\n<p>R\u00e8gles de fonctionnement<\/p>\n<p>Travail sur un v\u00e9cu et une pratique professionnelle<\/p>\n<p>Invitation \u00e0 une prise de recul de chacun sur les apprentissages r\u00e9alis\u00e9s<\/td>\n<td style=\"width: 36.8692%; text-align: left; vertical-align: top;\" width=\"227\"><\/td>\n<\/tr>\n<tr>\n<td style=\"width: 26.1586%; text-align: left; vertical-align: top;\" width=\"160\"><strong>Objectifs et finalit\u00e9s<\/strong><\/td>\n<td style=\"width: 36.8692%; text-align: left; vertical-align: top;\" width=\"227\">Soutien au d\u00e9veloppement professionnel de tous les membres du groupe<br \/>\n(avec priorit\u00e9 au client \/<br \/>\n\u00e0 l\u2019exposant)D\u00e9veloppement d\u2019apprentissages<\/td>\n<td style=\"width: 36.8692%; text-align: left; vertical-align: top;\" width=\"227\">\n<p>GCP\u00a0: accent sur l\u2019efficacit\u00e9 professionnelle<\/p>\n<p>APP\u00a0: accent sur le d\u00e9veloppement de la capacit\u00e9 r\u00e9flexive<\/td>\n<\/tr>\n<tr>\n<td style=\"width: 26.1586%; text-align: left; vertical-align: top;\" width=\"160\"><strong>\u2026<\/strong><\/td>\n<td style=\"width: 36.8692%; text-align: left; vertical-align: top;\" width=\"227\"><\/td>\n<td style=\"width: 36.8692%; text-align: left; vertical-align: top;\" width=\"227\"><\/td>\n<\/tr>\n<\/tbody>\n<\/table>\n<p style=\"text-align: center;\"><em>Tableau 1 : similitudes et diff\u00e9rences concernant<\/em> <em>dispositif g\u00e9n\u00e9ral, les principes et les objectifs<\/em><\/p>\n<h4><strong> 2. D\u00e9roulement par \u00e9tapes<\/strong><\/h4>\n<h6><strong>2.1 D\u00e9roulement des deux d\u00e9marches : similitudes et diff\u00e9rences<\/strong><\/h6>\n<p style=\"text-align: justify;\">Au niveau de la mise en place du travail en d\u00e9but de s\u00e9ance, on peut mentionner certaines similitudes et diff\u00e9rences. Cela concerne le choix de l\u2019exposant ou du client et de ce qu\u2019il va apporter au groupe (pr\u00e9occupations, situation probl\u00e8me, projet, etc. en lien avec un aspect de la pratique professionnelle). Dans le GCP, ce choix est souvent fait avant la s\u00e9ance, ce qui permet au client (et \u00e9ventuellement \u00e0 l\u2019animateur), de se pr\u00e9parer. C\u2019est plus rarement le cas en APP.<\/p>\n<p style=\"text-align: justify;\">Diff\u00e9rents crit\u00e8res peuvent \u00eatre utilis\u00e9s : la motivation pour \u00eatre exposant ou client, le degr\u00e9 d\u2019actualit\u00e9 (voire d\u2019urgence) de la situation propos\u00e9e au groupe, l\u2019int\u00e9r\u00eat ou les r\u00e9sonances que peuvent y trouver les participants, une alternance par rotation, etc.<\/p>\n<p style=\"text-align: justify;\">En ce qui concerne les \u00e9tapes du d\u00e9roulement propos\u00e9 par chaque d\u00e9marche, elles n\u00e9cessitent un examen plus d\u00e9taill\u00e9. Dans l\u2019exp\u00e9rimentation, nous y avons \u00e0 chaque fois port\u00e9 une attention particuli\u00e8re, notamment en le pr\u00e9sentant \u00e0 l\u2019avance et en explicitant clairement la transition entre chacune des \u00e9tapes (voir tableau ci-apr\u00e8s construit sur les \u00e9l\u00e9ments expos\u00e9s dans Thi\u00e9baud &amp; Vacher, 2020 et Champagne, 2020).<\/p>\n<p style=\"text-align: justify;\">Nous avons constat\u00e9 qu\u2019au-del\u00e0 des diff\u00e9rences pr\u00e9sentes entre les deux approches, chaque participant a pu globalement s\u2019y retrouver au fil des \u00e9tapes suivies.<\/p>\n<p style=\"text-align: justify;\"><strong>Tableau 1\u00a0: d\u00e9roulements propos\u00e9s pour une s\u00e9ance d\u2019analyse de pratiques (APP) selon une approche d\u2019accompagnement, de r\u00e9flexivit\u00e9 et d\u2019intelligence collective et pour une s\u00e9ance de cod\u00e9veloppement professionnel (GCP)<\/strong><\/p>\n<table style=\"border-collapse: collapse; width: 100%;\" border=\"1\">\n<tbody>\n<tr>\n<td style=\"width: 50%; padding-left: 120px;\"><strong>APP<\/strong><\/td>\n<td style=\"width: 50%; padding-left: 120px;\"><strong>GCP<\/strong><\/td>\n<\/tr>\n<\/tbody>\n<\/table>\n<table style=\"border-collapse: collapse; width: 100%;\" border=\"1\">\n<tbody>\n<tr>\n<td style=\"width: 24.4078%;\" width=\"149\"><strong>Etapes<\/strong><\/td>\n<td style=\"width: 26.1586%;\" width=\"160\"><strong>Caract\u00e9ristiques<\/strong><\/td>\n<td style=\"width: 24.7168%;\" width=\"151\"><strong>Etapes<\/strong><\/td>\n<td style=\"width: 24.7168%;\" width=\"151\"><strong>Caract\u00e9ristiques<\/strong><\/td>\n<\/tr>\n<\/tbody>\n<\/table>\n<p>&nbsp;<\/p>\n<p><strong>A) En d\u00e9but de d\u00e9marche<\/strong><\/p>\n<table style=\"border-collapse: collapse; width: 100%;\" border=\"1\">\n<tbody>\n<tr>\n<td style=\"width: 24.4078%; text-align: left; vertical-align: top;\" width=\"149\"><strong>Mise en place<\/strong> de la d\u00e9marche g\u00e9n\u00e9rale<\/td>\n<td style=\"width: 26.1586%; text-align: left; vertical-align: top;\" width=\"160\">\n<p>Constitution du groupe \u2013 \u00ab contrat \u00bb<\/p>\n<p>D\u00e9termination des r\u00e8gles de fonctionnement<\/td>\n<td style=\"width: 24.7168%; text-align: left; vertical-align: top;\" width=\"151\"><strong>Mise en place<\/strong> de la d\u00e9marche : adoption d\u2019un contrat de groupe, partage d\u2019objectifs individuels<\/td>\n<td style=\"width: 24.7168%; text-align: left; vertical-align: top;\" width=\"151\">D\u00e9monstration par une session de sensibilisation -pr\u00e9paration des participants \u00e0 leurs r\u00f4les de client et de consultant<\/td>\n<\/tr>\n<\/tbody>\n<\/table>\n<p>&nbsp;<\/p>\n<p><strong>B) Avant la s\u00e9ance<\/strong><\/p>\n<table style=\"border-collapse: collapse; width: 100%;\" border=\"1\">\n<tbody>\n<tr>\n<td style=\"width: 24.4078%; text-align: left; vertical-align: top;\" width=\"149\"><strong>Pr\u00e9paration personnelle<\/strong> des participants<\/td>\n<td style=\"width: 26.1586%; text-align: left; vertical-align: top;\" width=\"160\">R\u00e9flexion sur ses besoins (apprentissages et demandes)<br \/>\net sur le groupe (o\u00f9 en est-on ?)<\/td>\n<td style=\"width: 24.7168%; text-align: left; vertical-align: top;\" width=\"151\"><strong>Identification du client<\/strong><br \/>\nPr\u00e9paration personnelle du client et \u00e9change avec l\u2019animateur<\/td>\n<td style=\"width: 24.7168%; text-align: left; vertical-align: top;\" width=\"151\">Pr\u00e9paration \u00e9crite d&rsquo;un expos\u00e9 (recommand\u00e9e mais non obligatoire)<\/td>\n<\/tr>\n<\/tbody>\n<\/table>\n<p>&nbsp;<\/p>\n<p><strong>C) En d\u00e9but de s\u00e9ance<\/strong><\/p>\n<table style=\"border-collapse: collapse; width: 100%;\" border=\"1\">\n<tbody>\n<tr>\n<td style=\"width: 24.4078%; text-align: left; vertical-align: top;\" width=\"149\"><strong>Tour de table<\/strong> : quels sont les besoins du jour pour chacun des participants ?<\/td>\n<td style=\"width: 26.1586%; text-align: left; vertical-align: top;\" width=\"160\">\u00c9changes pour renouer les liens<br \/>\nIdentification et tri des attentesChoix de l\u2019exposant<\/td>\n<td style=\"width: 24.7168%; text-align: left; vertical-align: top;\" width=\"151\"><strong>Tour de table<\/strong> et confirmation du choix du participant qui sera client<\/td>\n<td style=\"width: 24.7168%; text-align: left; vertical-align: top;\" width=\"151\">Activit\u00e9 d\u2019inclusion, retour sur la s\u00e9ance pr\u00e9c\u00e9dente, partage des intentions d\u2019apprentissages<\/td>\n<\/tr>\n<\/tbody>\n<\/table>\n<p>&nbsp;<\/p>\n<p><strong>D) Pendant une s\u00e9quence de travail de groupe avec un exposant ou un client<\/strong><\/p>\n<table style=\"border-collapse: collapse; width: 100%;\" border=\"1\">\n<tbody>\n<tr>\n<td style=\"width: 24.4078%; text-align: left; vertical-align: top;\" width=\"149\">\n<p>1. <strong>Cadre g\u00e9n\u00e9ral <\/strong><\/p>\n<p>Quelle question expos\u00e9e ?<br \/>\nQuelle attente ?<\/td>\n<td style=\"width: 25.8496%; text-align: left; vertical-align: top;\" width=\"158\">\n<p>Clarification de la demande<\/p>\n<p>V\u00e9rification de sa pertinence<\/p>\n<p>Accord \/ contrat<br \/>\ndans le groupe<\/td>\n<td style=\"width: 24.7168%; text-align: left; vertical-align: top;\" width=\"151\"><strong>1. Expos\u00e9 du sujet par le client<\/strong><\/td>\n<td style=\"width: 24.9228%; text-align: left; vertical-align: top;\" width=\"152\">Mise \u00e0 disposition d&rsquo;informations par le client (qui expose et s&rsquo;expose)<\/td>\n<\/tr>\n<tr>\n<td style=\"width: 24.4078%; text-align: left; vertical-align: top;\" width=\"149\">\n<p>2. <strong>Pr\u00e9sentation de la pratique<\/strong><\/p>\n<p>Que se passe-t-il ?<br \/>\nQu\u2019est-ce qui a \u00e9t\u00e9 fait ?<\/td>\n<td style=\"width: 25.8496%; text-align: left; vertical-align: top;\" width=\"158\">\n<p>Apport par l&rsquo;exposant de faits et de v\u00e9cus<\/p>\n<p>Questions par les participants (sans faire part d\u2019analyses)<\/td>\n<td style=\"width: 24.7168%; text-align: left; vertical-align: top;\" width=\"151\"><strong>2. Clarification de la probl\u00e9matique ou du projet<\/strong><\/td>\n<td style=\"width: 24.9228%; text-align: left; vertical-align: top;\" width=\"152\">\n<p>Questions d\u2019information (probl\u00e8me, contexte, personne)<\/p>\n<p>Questions d\u2019exploration par les consultations et r\u00e9ponse par le client (sans proposition d\u2019actions)<\/p>\n<p>Explicitation de l&rsquo;implicite<\/td>\n<\/tr>\n<tr>\n<td style=\"width: 24.4078%; text-align: left; vertical-align: top;\" width=\"149\">\n<p><strong>3. Analyse<\/strong><\/p>\n<p>Comment comprendre ce qui se passe ?<br \/>\nQuelles hypoth\u00e8ses ?<\/td>\n<td style=\"width: 25.8496%; text-align: left; vertical-align: top;\" width=\"158\">\n<p>Analyses, hypoth\u00e8ses de compr\u00e9hension par les participants<\/p>\n<p>Questionnement en commun, ouverture de diff\u00e9rents angles de vue<\/p>\n<p>Retour de l\u2019exposant<br \/>\n(plusieurs allers-retours possibles)<\/td>\n<td style=\"width: 24.7168%; text-align: left; vertical-align: top;\" width=\"151\"><strong>3. Contrat de consultation<\/strong><\/td>\n<td style=\"width: 24.9228%; text-align: left; vertical-align: top;\" width=\"152\">Lecture de la compr\u00e9hension et de la demande par les participants.<br \/>\nFormulation de la demande et des attentes du clientContrat d\u00e9fini par le client<\/td>\n<\/tr>\n<tr>\n<td style=\"width: 24.4078%; text-align: left; vertical-align: top;\" width=\"149\">\n<p><strong>4. Mise en perspective<\/strong><\/p>\n<p>Quelle synth\u00e8se ?<br \/>\nQuels objectifs viser ?<\/td>\n<td style=\"width: 25.8496%; text-align: left; vertical-align: top;\" width=\"158\">\n<p>Partage de liens<\/p>\n<p>R\u00e9flexions \u00ab m\u00e9ta \u00bb<\/p>\n<p>Apprentissages d\u00e9velopp\u00e9s durant l\u2019analyse (sans d\u00e9bat ni recherche de consensus)<\/p>\n<p>Retour de l\u2019exposant<\/td>\n<td style=\"width: 24.7168%; text-align: left; vertical-align: top;\" width=\"151\"><strong>4. Partage : r\u00e9actions, commentaires, suggestions, partage d\u2019exp\u00e9rience<\/strong><\/td>\n<td style=\"width: 24.9228%; text-align: left; vertical-align: top;\" width=\"152\">Communication par les consultants de ce qui peut aider le client qui \u00e9coute (en lien avec les besoins d\u00e9finis) sans d\u00e9bat entre eux<\/td>\n<\/tr>\n<tr>\n<td style=\"width: 24.4078%; text-align: left; vertical-align: top;\" width=\"149\">\n<p><strong>5. <\/strong><strong><em>Options, pistes d\u2019action (facultatif)<\/em><\/strong><\/p>\n<p><em>Qu\u2019est ce qui peut \u00eatre fait ?<br \/>\nQuelles ressources mobiliser ?<\/em><\/td>\n<td style=\"width: 25.8496%; text-align: left; vertical-align: top;\" width=\"158\">\n<p><em>D\u00e9finition d\u2019objectifs par l\u2019exposant Recherche en commun de diff\u00e9rentes pistes d\u2019action et d\u2019\u00e9volution de la pratique<\/em><\/p>\n<p><em>Retour de l\u2019exposant<\/em><\/td>\n<td style=\"width: 24.7168%; text-align: left; vertical-align: top;\" width=\"151\"><strong>5. Synth\u00e8se et projet<br \/>\nd\u2019action(s)<\/strong><\/td>\n<td style=\"width: 24.9228%; text-align: left; vertical-align: top;\" width=\"152\">Tri, r\u00e9actions, formulation d&rsquo;hypoth\u00e8ses d&rsquo;actions concr\u00e8tes, r\u00e9alisables \u00e0 court terme par le client qui s&rsquo;engage \u00e0 l\u2019action)<\/td>\n<\/tr>\n<tr>\n<td style=\"width: 24.4078%; text-align: left; vertical-align: top;\" width=\"149\">\n<p><strong>6. Bilan et prolongements<\/strong><\/p>\n<p>Quels<br \/>\napprentissages ?<\/p>\n<p>Comment ont \u00e9t\u00e9 v\u00e9cus les \u00e9changes ?<\/td>\n<td style=\"width: 25.8496%; text-align: left; vertical-align: top;\" width=\"158\">\n<p>Partage de v\u00e9cus et apprentissages par tous<\/p>\n<p><em>Parfois : prolongements (p. ex. partage sur des liens possibles entre les pratiques)<\/em><\/td>\n<td style=\"width: 24.7168%; text-align: left; vertical-align: top;\" width=\"151\"><strong>6. Conclusion : \u00e9valuation et int\u00e9gration des apprentissages par chacun des participants<\/strong><\/td>\n<td style=\"width: 24.9228%; text-align: left; vertical-align: top;\" width=\"152\">\n<p>Expression de l\u2019appr\u00e9ciation, des apprentissages et des applications envisag\u00e9es par tous les participants, incluant l\u2019animateur<\/p>\n<p>R\u00e9gulation du groupe<\/td>\n<\/tr>\n<\/tbody>\n<\/table>\n<p><strong>Autres aspects plus transversaux <\/strong><\/p>\n<table style=\"border-collapse: collapse; width: 100%;\" border=\"1\">\n<tbody>\n<tr>\n<td style=\"width: 50.5664%; text-align: left; vertical-align: top;\" width=\"309\">\n<p>Un retour \u00e0 la demande de l\u2019exposant est fait r\u00e9guli\u00e8rement (pour un ajustement si celle-ci \u00e9volue).<\/p>\n<p>Des temps \u00ab m\u00e9ta \u00bb plus ou moins brefs ou longs, individuels ou collectifs, peuvent \u00eatre introduits \u00e0 diff\u00e9rents moments.<\/td>\n<td style=\"width: 49.4336%; text-align: left; vertical-align: top;\" width=\"302\">\u00c0 tout moment, des temps d\u2019arr\u00eat sont permis pour porter un regard m\u00e9ta sur ce qui est en train de se produire au sein du groupe ou pour recadrer des interventions.<\/td>\n<\/tr>\n<\/tbody>\n<\/table>\n<p>&nbsp;<\/p>\n<p><strong>E) Apr\u00e8s la s\u00e9ance <\/strong><\/p>\n<table style=\"border-collapse: collapse; width: 100%;\" border=\"1\">\n<tbody>\n<tr>\n<td style=\"width: 24.4078%; text-align: left; vertical-align: top;\" width=\"149\">\n<p><strong>Mise en \u0153uvre<\/strong> d\u2019actions<\/p>\n<p><strong>R\u00e9flexions<\/strong> personnelles<\/p>\n<p>&nbsp;<\/td>\n<td style=\"width: 26.1586%; text-align: left; vertical-align: top;\" width=\"160\">Exp\u00e9rimentation<br \/>\nR\u00e9flexions, mises en perspective<em>Parfois : prolongement des r\u00e9flexions, \u00e9changes informels<\/em><\/td>\n<td style=\"width: 24.7168%; text-align: left; vertical-align: top;\" width=\"151\">Exp\u00e9rimentation et mise en \u0153uvre d\u2019actions<\/td>\n<td style=\"width: 24.7168%; text-align: left; vertical-align: top;\" width=\"151\">Poursuite du travail et r\u00e9alisation des actions par le client et les participants<\/td>\n<\/tr>\n<\/tbody>\n<\/table>\n<p>&nbsp;<\/p>\n<p><strong>F) Lors d\u2019une s\u00e9ance ult\u00e9rieure (apr\u00e8s le d\u00e9veloppement de r\u00e9flexions et la mobilisation d\u2018actions \u00e9ventuelles)<\/strong><\/p>\n<table style=\"border-collapse: collapse; width: 100%;\" border=\"1\">\n<tbody>\n<tr>\n<td style=\"width: 24.4078%; text-align: left; vertical-align: top;\" width=\"149\">\n<p><strong>Suivi d\u2019actions :<\/strong> retour d\u2019information<\/p>\n<p><em>Parfois : nouvelle demande<\/em><\/td>\n<td style=\"width: 26.1586%; text-align: left; vertical-align: top;\" width=\"160\">\n<p>Partage par l\u2019exposant des r\u00e9flexions et actions d\u00e9velopp\u00e9es dans l\u2019entre-s\u00e9ance.<\/p>\n<p>Liens, prolongements<\/p>\n<p>Renforcement des acquis<\/p>\n<p><em>Parfois : nouvelle s\u00e9quence si demande de l\u2019exposant.<\/em><\/td>\n<td style=\"width: 24.7168%; text-align: left; vertical-align: top;\" width=\"151\">\n<p>Retour d\u2019information \u00e0 propos des actions entreprises<\/p>\n<p>&nbsp;<\/td>\n<td style=\"width: 24.7168%; text-align: left; vertical-align: top;\" width=\"151\">G\u00e9n\u00e9ralisation des apprentissages<\/td>\n<\/tr>\n<\/tbody>\n<\/table>\n<p>&nbsp;<\/p>\n<p><strong>G) A la fin de l\u2019ensemble de la d\u00e9marche (apr\u00e8s plusieurs s\u00e9ances)<\/strong><\/p>\n<table style=\"border-collapse: collapse; width: 100%;\" border=\"1\">\n<tbody>\n<tr>\n<td style=\"width: 24.3048%; text-align: left; vertical-align: top;\" width=\"149\"><strong>Bilan de l\u2019ensemble :<\/strong><br \/>\nqu\u2019est-ce qu\u2019on en retire ?<strong>Conclusion et s\u00e9paration<\/strong> du groupe<\/td>\n<td style=\"width: 26.2616%; text-align: left; vertical-align: top;\" width=\"161\">Partage de feed-back sur toutes les dimensions du v\u00e9cu : sens &#8211;<br \/>\nimplication \u2013 relations \u2013 organisation &#8211; animation \u2013 r\u00e9sultats, apprentissages<\/td>\n<td style=\"width: 24.6138%; text-align: left; vertical-align: top;\" width=\"151\">Bilan personnel, de groupe et, dans certains cas, organisationnel<\/td>\n<td style=\"width: 24.6138%; text-align: left; vertical-align: top;\" width=\"151\">Appr\u00e9ciation de l\u2019\u00e9volution des participants dans leurs apprentissages en lien avec leur pratique, leurs objectifs et le fonctionnement<br \/>\nen GCP<\/td>\n<\/tr>\n<\/tbody>\n<\/table>\n<p style=\"text-align: center;\"><em>Tableau 2\u00a0: d\u00e9roulement des d\u00e9marches d\u2019APP et de GCP propos\u00e9es<\/em><\/p>\n<p style=\"text-align: justify;\">Il appara\u00eet \u00e0 l\u2019examen de ce tableau qu\u2019il est possible de mettre en regard chacune des \u00e9tapes des deux d\u00e9marches. On observe qu\u2019elles s\u2019ordonnancent de mani\u00e8re similaire, m\u00eame s\u2019il y a d\u00e9calage \u00e0 un moment ou un autre au niveau de leur num\u00e9rotation. Cependant, des diff\u00e9rences apparaissent, principalement dans\u00a0:<\/p>\n<ul>\n<li>les modalit\u00e9s de choix de la pratique travaill\u00e9e, en d\u00e9but de s\u00e9ance\u00a0;<\/li>\n<li>la nature et la place des (re)contractualisations faites durant la s\u00e9ance\u00a0;<\/li>\n<li>la dur\u00e9e et l\u2019importance des \u00e9tapes consacr\u00e9es \u00e0 l\u2019analyse et \u00e0 la formulation de pistes d\u2019action (nous y reviendrons plus loin dans le point 3).<\/li>\n<\/ul>\n<p>Le tableau suivant r\u00e9sume les principales similitudes et diff\u00e9rences entre les deux d\u00e9marches.<\/p>\n<p style=\"text-align: center;\"><strong>D\u00e9roulement des \u00e9tapes dans les deux d\u00e9marches<\/strong><\/p>\n<table style=\"border-collapse: collapse; width: 100%;\" border=\"1\">\n<tbody>\n<tr>\n<td style=\"width: 23.4809%; text-align: left; vertical-align: top;\" width=\"141\"><\/td>\n<td style=\"width: 37.4871%; text-align: left; vertical-align: top;\" width=\"227\"><strong>Similitudes<\/strong><\/td>\n<td style=\"width: 38.9289%; text-align: left; vertical-align: top;\" width=\"236\"><strong>Diff\u00e9rences<\/strong><\/td>\n<\/tr>\n<tr>\n<td style=\"width: 23.4809%; text-align: left; vertical-align: top;\" width=\"141\"><strong>Structuration des \u00e9tapes<\/strong><\/td>\n<td style=\"width: 37.4871%; text-align: left; vertical-align: top;\" width=\"227\">\n<p>D\u00e9marrage par la pr\u00e9sentation d\u2019une pratique<\/p>\n<p>\u00c9tape d\u2019\u00e9change et de clarification sur cette derni\u00e8re<\/p>\n<p>Etape de prise de recul sur les v\u00e9cus de la s\u00e9ance et les apprentissages r\u00e9alis\u00e9s<\/td>\n<td style=\"width: 38.9289%; text-align: left; vertical-align: top;\" width=\"236\">\n<p>GCP\u00a0: pr\u00e9paration de la pr\u00e9sentation avant la s\u00e9ance<\/p>\n<p>GCP\u00a0: Contractualisation formelle \u00e0 l\u2019\u00e9tape 3 avec le client<\/p>\n<p>APP\u00a0: accueil\/clarification de la demande de l\u2019exposant et contractualisation initiale, puis au fur et \u00e0 mesure durant la s\u00e9ance<\/p>\n<p>GCP\u00a0: partage de commentaires, \u00e9chos, \u00e9clairages et pistes d\u2019action dans une seule et m\u00eame \u00e9tape (\u00e9tape 4)<\/p>\n<p>APP\u00a0: partage des analyses et hypoth\u00e8ses de compr\u00e9hension dans une \u00e9tape 3 diff\u00e9renci\u00e9e, puis mise en perspective ainsi qu\u2019\u00e9ventuelles pistes d\u2019action dans des \u00e9tapes s\u00e9par\u00e9es<\/p>\n<p>GCP\u00a0: formulation syst\u00e9matiquement par le client d\u2019un projet d&rsquo;action concret en \u00e9tape 5 (facultatif en APP)<\/td>\n<\/tr>\n<tr>\n<td style=\"width: 23.4809%; text-align: left; vertical-align: top;\" width=\"141\"><strong>Flexibilit\u00e9<\/strong><\/td>\n<td style=\"width: 37.4871%; text-align: left; vertical-align: top;\" width=\"227\">Dur\u00e9es des \u00e9tapes r\u00e9gul\u00e9es en fonction des besoins et de la progression du groupe<\/td>\n<td style=\"width: 38.9289%; text-align: left; vertical-align: top;\" width=\"236\"><\/td>\n<\/tr>\n<tr>\n<td style=\"width: 23.4809%; text-align: left; vertical-align: top;\" width=\"141\"><strong>R\u00f4le de l\u2019animateur<\/strong><\/td>\n<td style=\"width: 37.4871%; text-align: left; vertical-align: top;\" width=\"227\">\n<p>Facilitation de la mise en \u0153uvre de chaque \u00e9tape<\/p>\n<p>Posture accompagnante de l\u2019animateur, qui facilite les processus mais intervient peu ou pas sur les contenus<\/p>\n<p>R\u00e9gulation au service du groupe<\/td>\n<td style=\"width: 38.9289%; text-align: left; vertical-align: top;\" width=\"236\"><\/td>\n<\/tr>\n<tr>\n<td style=\"width: 23.4809%; text-align: left; vertical-align: top;\" width=\"141\"><strong>\u2026<\/strong><\/td>\n<td style=\"width: 37.4871%; text-align: left; vertical-align: top;\" width=\"227\"><\/td>\n<td style=\"width: 38.9289%; text-align: left; vertical-align: top;\" width=\"236\"><\/td>\n<\/tr>\n<\/tbody>\n<\/table>\n<p style=\"text-align: center;\"><em>Tableau 3\u00a0: similitudes et diff\u00e9rences au niveau du d\u00e9roulement par \u00e9tapes<\/em><\/p>\n<h6><strong>2.2. Discussion\u00a0: compl\u00e9mentarit\u00e9s, risques, b\u00e9n\u00e9fices potentiels qui peuvent d\u00e9couler d\u2019une int\u00e9gration des apports mutuels de chaque d\u00e9marche<\/strong><\/h6>\n<p style=\"text-align: justify;\">En ce qui concerne les diff\u00e9rences, il ressort deux \u00e9l\u00e9ments principaux<a href=\"#_ftn2\" name=\"_ftnref2\">[2]<\/a> de cette comparaison des sp\u00e9cificit\u00e9s au niveau des aspects formels et du d\u00e9roulement :<\/p>\n<ul style=\"text-align: justify;\">\n<li>l\u2019APP diff\u00e9rencie davantage les \u00e9tapes de partage des \u00e9clairages et analyses produites au sein du groupe ;<\/li>\n<li>le GCP sp\u00e9cifie plus en d\u00e9tail la d\u00e9marche de contrat entre client et participants \/ consultants, en mettant l\u2019accent sur des r\u00e9sultats en termes d\u2019efficacit\u00e9.<\/li>\n<\/ul>\n<p style=\"text-align: justify;\">De ce fait, les compl\u00e9mentarit\u00e9s entre les deux approches apparaissent avant tout dans la valorisation de ces \u00e9l\u00e9ments. Ainsi, il est possible d&rsquo;envisager des hybridations entre ces d\u00e9roulements afin de tirer b\u00e9n\u00e9fice de ces diff\u00e9rences. Par exemple, cela pourrait impliquer\u00a0:<\/p>\n<ul style=\"text-align: justify;\">\n<li style=\"text-align: justify;\">Pour l\u2019APP : de d\u00e9velopper les aspects de contractualisation avec l\u2019exposant pour clarifier son engagement dans l\u2019analyse et l\u2019\u00e9volution de sa pratique et s\u2019assurer de la coh\u00e9rence des apports du groupe \u00e0 cet \u00e9gard (incluant l\u2019\u00e9laboration d\u2019un lien plus explicite avec les retours sur l\u2019action que pourrait faire l\u2019exposant).<\/li>\n<li style=\"text-align: justify;\">Pour le GCP\u00a0: de d\u00e9velopper les aspects d\u2019analyse, par exemple la formulation d\u2019hypoth\u00e8ses de compr\u00e9hension, en amont de la production de pistes d\u2019action (laquelle s\u2019en trouverait \u00e9tay\u00e9e plus finement<a href=\"#_ftn3\" name=\"_ftnref3\">[3]<\/a>.<\/li>\n<\/ul>\n<p style=\"text-align: justify;\">Nous pouvons d\u00e9j\u00e0 relever que de tels d\u00e9veloppements sont susceptibles d\u2019enrichir chacune des d\u00e9marches. Il en d\u00e9coulerait \u00e9galement, pour l\u2019animateur et le groupe int\u00e9ress\u00e9s \u00e0 travailler avec ces \u00e9l\u00e9ments, la possibilit\u00e9 de proc\u00e9der \u00e0 des variations dans le d\u00e9roulement, en tenant compte des demandes et besoins ainsi que des capacit\u00e9s pr\u00e9sentes. Une limite de telles hybridations r\u00e9side dans la n\u00e9cessit\u00e9 pour l\u2019animateur de bien en identifier (et contractualiser avec tous, \u00e0 commencer par l\u2019exposant\/client, puis avec les autres participants) les objectifs de mani\u00e8re \u00e0 ce qu\u2019ils s\u2019inscrivent clairement dans la coh\u00e9rence globale de la d\u00e9marche et de ses principes \u00e9thiques. Relevons \u00e9galement la n\u00e9cessit\u00e9 que ces objectifs et les modalit\u00e9s choisies soient adapt\u00e9s aux participants et \u00e0 l\u2019\u00e9volution du groupe dans le temps. Ces variations peuvent par exemple gagner \u00e0 \u00eatre introduites progressivement.<\/p>\n<p style=\"text-align: justify;\">D\u2019autres \u00e9l\u00e9ments pourraient \u00eatre valoris\u00e9s \u00e0 partir de la comparaison de ces d\u00e9marches. Ainsi, en APP, une pr\u00e9paration \u00e9crite, plus ou moins syst\u00e9matique, du r\u00e9cit en amont de la s\u00e9ance favoriserait un travail pr\u00e9alable de l\u2019exposant et permettrait une analyse ult\u00e9rieure de cette pr\u00e9paration, en tant que composante de sa pratique. Avec l\u2019inconv\u00e9nient d\u2019une certaine perte de spontan\u00e9it\u00e9 dans l\u2019expression.<\/p>\n<p style=\"text-align: justify;\">Nous avons vu les sp\u00e9cificit\u00e9s de chaque d\u00e9marche en lien avec le cadre et le d\u00e9roulement qu\u2019elles proposent. Cependant, leurs particularit\u00e9s vont au-del\u00e0 de ces aspects plus ou moins formels. Elles r\u00e9sident aussi dans des aspects plus dynamiques que nous explorons dans les points suivants<\/p>\n<h4><strong>3. La place donn\u00e9e \u00e0 l\u2019analyse et \u00e0 l\u2019action (ainsi qu\u2019\u00e0 leur compl\u00e9mentarit\u00e9)\u00a0<\/strong><\/h4>\n<h6 style=\"text-align: justify;\"><strong>3.1. Nature et forme de la place donn\u00e9e \u00e0 l\u2019analyse et \u00e0 l\u2019action : similitudes et diff\u00e9rences<\/strong><\/h6>\n<p style=\"text-align: justify;\">L\u2019APP et le GCP mettent au centre le travail sur les pratiques de l\u2019exposant\/client et des participants. Ces pratiques sont faites de repr\u00e9sentations, de croyances, de valeurs, de v\u00e9cus affectifs, de savoirs professionnels, d\u2019actions, etc. Les deux approches s\u2019int\u00e9ressent donc, mais \u00e0 des degr\u00e9s et sous des angles diff\u00e9rents, aux actions des participants, afin de mieux les comprendre et\/ou les enrichir selon la finalit\u00e9 vis\u00e9e : accompagnement, formation, compr\u00e9hension, r\u00e9solution, etc. Quels que soient les objectifs, un accent est mis, dans le GCP comme dans l&rsquo;APP, sur l&rsquo;information et la compr\u00e9hension lors des phases d&rsquo;\u00e9coute et de questionnement de l&rsquo;exposant ou client.<\/p>\n<p style=\"text-align: justify;\">La diff\u00e9rence principale est li\u00e9e \u00e0 la place et \u00e0 l\u2019importance plus ou moins grande des \u00e9tapes consacr\u00e9es \u00e0 l&rsquo;investigation, \u00e0 l&rsquo;analyse du r\u00e9cit et de la pratique par rapport \u00e0 celles allou\u00e9es \u00e0 l&rsquo;\u00e9laboration de projets et pistes d&rsquo;action. Cette diff\u00e9rence renvoie directement aux finalit\u00e9s privil\u00e9gi\u00e9es dans chaque d\u00e9marche. Ainsi, dans une vis\u00e9e d\u00e9veloppementale (comprendre, se construire), le temps d&rsquo;analyse serait prioris\u00e9, et dans une orientation pragmatique (agir, transformer son action), l\u2019accent privil\u00e9gi\u00e9 serait celui de l&rsquo;action. Ces deux orientations ne s\u2019opposent pas. Elles se positionnent en compl\u00e9mentarit\u00e9 potentielle.<\/p>\n<p style=\"text-align: justify;\">Notons que dans le GCP, si le regard se tourne plus qu\u2019en APP vers le projet d\u2019action, ceci est fait dans une optique \u00ab\u00a0solution\u00a0\u00bb et non r\u00e9solution de probl\u00e8me, en ce sens que c\u2019est le pouvoir d\u2019agir de l\u2019individu qui est encourag\u00e9. Cette approche se fonde en effet sur l\u2019id\u00e9e qu\u2019il n&rsquo;est pas n\u00e9cessaire de conna\u00eetre la cause profonde ou la fonction d\u2019un sympt\u00f4me pour le r\u00e9soudre\u00a0: il importe d&rsquo;inciter le client \u00e0 \u00ab\u00a0faire quelque chose\u00a0\u00bb, de trouver un filon vers un changement positif et de le soutenir.<\/p>\n<p style=\"text-align: justify;\">En cons\u00e9quence, en GCP comme en APP, l\u2019analyse et l\u2019\u00e9laboration de projets action explorent les \u00ab\u00a0comment\u00a0\u00bb plut\u00f4t que les \u00ab\u00a0pourquoi\u00a0\u00bb. Les \u00ab\u00a0pourquoi\u00a0\u00bb, qui cherchent des explications \u00e0 une situation actuelle, comportent le risque de conduire \u00e0 des justifications, ce qui n\u2019est pas le but vis\u00e9. En revanche, un questionnement sur le \u00ab\u00a0pour quoi\u00a0\u00bb (en deux mots) permet de s\u2019interroger sur le sens, sur les enjeux de l\u2019acteur. Cependant, les \u00ab\u00a0comment\u00a0\u00bb s\u2019appuient davantage sur une enqu\u00eate partant d\u2019un travail de description, de documentation, d\u2019exploration et d\u2019explicitation des v\u00e9cus et de la pratique (correspondant \u00e0 la question \u00ab comment cela se passe ?\u00a0\u00bb). Puis, le travail se poursuit vers la mise en lien, la prise de recul de ceux-ci (\u00ab comment comprendre ? \u00bb) et des futurs possibles (\u00ab comment agir ? \u00bb)<\/p>\n<p>Le tableau suivant reprend les principales similitudes et diff\u00e9rences selon plusieurs indicateurs.<\/p>\n<p style=\"text-align: center;\"><strong>Place donn\u00e9e \u00e0 l\u2019analyse et \u00e0 l\u2019action dans les deux d\u00e9marches<\/strong><\/p>\n<table style=\"border-collapse: collapse; width: 100%;\" border=\"1\">\n<tbody>\n<tr>\n<td style=\"width: 25.0257%; text-align: left; vertical-align: top;\" width=\"151\"><strong>\u00a0<\/strong><\/td>\n<td style=\"width: 37.3841%; text-align: left; vertical-align: top;\" width=\"227\"><strong>Similitudes<\/strong><\/td>\n<td style=\"width: 37.3841%; text-align: left; vertical-align: top;\" width=\"227\"><strong>Diff\u00e9rences<\/strong><\/td>\n<\/tr>\n<tr>\n<td style=\"width: 25.0257%; text-align: left; vertical-align: top;\" width=\"151\"><strong>Donn\u00e9es pour l\u2019analyse et l\u2019\u00e9laboration d\u2019actions<\/strong><\/td>\n<td style=\"width: 37.3841%; text-align: left; vertical-align: top;\" width=\"227\">Les v\u00e9cus et la pratique, qui sont d\u00e9crits et explor\u00e9s, et qui constituent la base pour l\u2019analyse et la recherche de nouvelles perspectives d\u2019action<\/td>\n<td style=\"width: 37.3841%; text-align: left; vertical-align: top;\" width=\"227\"><\/td>\n<\/tr>\n<tr>\n<td style=\"width: 25.0257%; text-align: left; vertical-align: top;\" width=\"151\"><strong>Place donn\u00e9e<br \/>\n\u00e0 l\u2019analyse <\/strong><\/td>\n<td style=\"width: 37.3841%; text-align: left; vertical-align: top;\" width=\"227\">Pr\u00e9sente syst\u00e9matiquement dans les deux d\u00e9marches (plus forte cependant en APP)<\/td>\n<td style=\"width: 37.3841%; text-align: left; vertical-align: top;\" width=\"227\">\n<p>GCP\u00a0: \u00e9tape 4 consacr\u00e9e \u00e0 la mise en commun de tout ce qui peut aider le client, \u00e0 sa demande (r\u00e9actions, r\u00e9flexions, suggestions d\u2019actions, etc.)<\/p>\n<p>APP\u00a0: \u00e9tape 3 enti\u00e8rement d\u00e9di\u00e9e \u00e0 l\u2019analyse dans une logique de compr\u00e9hension<\/p>\n<p>APP\u00a0: \u00e9tape 4 consacr\u00e9e \u00e0 une mise en lien des analyses d\u00e9velopp\u00e9es<\/td>\n<\/tr>\n<tr>\n<td style=\"width: 25.0257%; text-align: left; vertical-align: top;\" width=\"151\"><strong>Place donn\u00e9e<br \/>\n\u00e0 l\u2019action<\/strong><\/td>\n<td style=\"width: 37.3841%; text-align: left; vertical-align: top;\" width=\"227\">Pr\u00e9sente comme \u00e9l\u00e9ment de la pratique analys\u00e9e<br \/>\n(plus forte cependant en GCP)R\u00e9investissement des fruits du travail collectif par les participants dans leur pratique<\/td>\n<td style=\"width: 37.3841%; text-align: left; vertical-align: top;\" width=\"227\">\n<p>GCP\u00a0: globalement dans toute la d\u00e9marche qui inclut l\u2019inter-s\u00e9ance. Plus sp\u00e9cifiquement dans l\u2019\u00e9tape 4 (partage de pistes d\u2019action) et l\u2019\u00e9tape 5 (formalisation d\u2019un projet d\u2019action par la personne cliente)<\/p>\n<p>APP\u00a0: \u00e9tape 5 de partage de pistes d\u2019action facultative (selon la demande de la personne exposante)<\/td>\n<\/tr>\n<tr>\n<td style=\"width: 25.0257%; text-align: left; vertical-align: top;\" width=\"151\"><strong>Compl\u00e9mentarit\u00e9 de l\u2019analyse et de l\u2019action<\/strong><\/td>\n<td style=\"width: 37.3841%; text-align: left; vertical-align: top;\" width=\"227\">Mise en lien lors de l\u2019\u00e9tape de l\u2019\u00e9tape 6 de bilan<\/td>\n<td style=\"width: 37.3841%; text-align: left; vertical-align: top;\" width=\"227\">\n<p>GCP\u00a0: mise en lien parfois des \u00e9l\u00e9ments d\u2019analyse et des pistes d\u2019action<\/p>\n<p>APP\u00a0: mise en lien possible dans l\u2019\u00e9tape 4 et syst\u00e9matique dans l\u2019\u00e9tape 5<\/td>\n<\/tr>\n<tr>\n<td style=\"width: 25.0257%; text-align: left; vertical-align: top;\" width=\"151\"><strong>R\u00f4le de l\u2019animateur<\/strong><\/td>\n<td style=\"width: 37.3841%; text-align: left; vertical-align: top;\" width=\"227\">\n<p>Encourage la recherche et le partage dans le groupe de nouvelles compr\u00e9hensions en lien avec la pratique (dont l\u2019action) de l\u2019exposant ou client<\/p>\n<p>Favorise des \u00e9changes qui aident \u00e0 mieux comprendre et possiblement mieux agir<\/td>\n<td style=\"width: 37.3841%; text-align: left; vertical-align: top;\" width=\"227\">\n<p>GCP\u00a0: sollicite explicitement le client pour formuler un projet d\u2019action (\u00e9tape 5), dont il sera fait retour \u00e0 la prochaine rencontre<\/p>\n<p>APP\u00a0: prend en compte la demande de l\u2019exposant pour la mise en \u0153uvre ou non de l\u2019\u00e9tape 5 (pistes d\u2019action), en concertation avec le groupe<\/p>\n<p>APP\u00a0: ajuste, de moments en moments, la place donn\u00e9e \u00e0 l\u2019analyse et \u00e0 l\u2019action en fonction des potentialit\u00e9s d\u2019apprentissage et de d\u00e9veloppement du groupe<\/td>\n<\/tr>\n<tr>\n<td style=\"width: 25.0257%; text-align: left; vertical-align: top;\" width=\"151\"><strong>Travail inter-s\u00e9ance<\/strong><\/td>\n<td style=\"width: 37.3841%; text-align: left; vertical-align: top;\" width=\"227\">Favorise la maturation possible des analyses et projets d\u2019action<\/td>\n<td style=\"width: 37.3841%; text-align: left; vertical-align: top;\" width=\"227\">GCP\u00a0: engage le client dans la mise en place de son plan d\u2019action<\/td>\n<\/tr>\n<tr>\n<td style=\"width: 25.0257%; text-align: left; vertical-align: top;\" width=\"151\"><strong>\u2026<\/strong><\/td>\n<td style=\"width: 37.3841%; text-align: left; vertical-align: top;\" width=\"227\"><\/td>\n<td style=\"width: 37.3841%; text-align: left; vertical-align: top;\" width=\"227\"><\/td>\n<\/tr>\n<\/tbody>\n<\/table>\n<p style=\"text-align: center;\"><em>Tableau 4\u00a0: similitudes et diff\u00e9rences dans la place donn\u00e9e \u00e0 l\u2019analyse et \u00e0 l\u2019action<\/em><\/p>\n<h6><strong>3.2. Discussion\u00a0: compl\u00e9mentarit\u00e9s, risques, b\u00e9n\u00e9fices qui peuvent d\u00e9couler d&rsquo;une int\u00e9gration des apports mutuels de chaque d\u00e9marche<\/strong><\/h6>\n<p style=\"text-align: justify;\">Si les enjeux de l\u2019analyse et de l\u2019action peuvent appara\u00eetre comme diff\u00e9rents, voire contradictoires, il est profitable, judicieux d&rsquo;en envisager une potentielle compl\u00e9mentarit\u00e9. Il est en effet possible\u00a0que l\u2019analyse puisse \u00eatre au service de l\u2019action, ou plus exactement d\u2019un projet d\u2019action, qui lui-m\u00eame peut \u00eatre objet d\u2019analyse. L\u2019analyse peut ainsi \u00eatre consid\u00e9r\u00e9e comme un moyen de \u00ab\u00a0pr\u00e9parer\u00a0\u00bb \u00e0 l\u2019action. De mani\u00e8re similaire, les r\u00e9flexions sur les pistes d&rsquo;action peuvent \u00eatre vues comme une mati\u00e8re \u00e0 analyser\u00a0: parfois une suggestion (orient\u00e9e vers l\u2019action) peut susciter de nouvelles r\u00e9flexions dont le groupe \u00ab\u00a0s&#8217;empare\u00a0\u00bb pour relancer son cheminement d&rsquo;analyse. De tels d\u00e9veloppements peuvent se faire selon les demandes du client ou de l\u2019exposant et \u00eatre contractualis\u00e9s avec le groupe. Ils concernent et stimulent, en fin de compte, la capacit\u00e9 \u00e0 mettre en \u0153uvre, de fa\u00e7on continue, le cycle action-r\u00e9flexion et r\u00e9flexion-action.<\/p>\n<p style=\"text-align: justify;\">La compl\u00e9mentarit\u00e9 des deux orientations (vers l\u2019analyse et vers l\u2019action) peut \u00eatre utilis\u00e9e de mani\u00e8re \u00e0 tenir compte des caract\u00e9ristiques des participants et des demandes du client. Ainsi, dans une logique d\u2019apprentissage exp\u00e9rientiel, il est utile de prendre en consid\u00e9ration par exemple des capacit\u00e9s ou sensibilit\u00e9s pr\u00e9sentes dans le groupe en lien avec l\u2019opportunit\u00e9 de favoriser plut\u00f4t un travail d\u2019introspection sur le v\u00e9cu ou de mod\u00e9lisation ou d\u2019\u00e9laboration de pistes d\u2019action. Une telle perspective permet, en fonction des objectifs poursuivis, de valoriser tant\u00f4t un passage par l\u2019action pour arriver \u00e0 l\u2019analyse et tant\u00f4t un cheminement inverse.<\/p>\n<p style=\"text-align: justify;\">La place respective de l&rsquo;analyse et de l&rsquo;action peut \u00eatre d\u00e9crite selon quatre configurations &#8211; types\u00a0:<\/p>\n<ul style=\"text-align: justify;\">\n<li>l&rsquo;analyse au service de l&rsquo;action,<\/li>\n<li>l&rsquo;action au service de l&rsquo;analyse,<\/li>\n<li>une ind\u00e9pendance des deux processus,<\/li>\n<li>une boucle de r\u00e9ciprocit\u00e9 (interd\u00e9pendance) dans laquelle l\u2019action nourrit la r\u00e9flexion et la r\u00e9flexion nourrit l\u2019action.<\/li>\n<\/ul>\n<p style=\"text-align: justify;\">Si la quatri\u00e8me configuration para\u00eet la plus riche dans une logique d&rsquo;apprentissage exp\u00e9rientiel, des interf\u00e9rences n\u00e9gatives pourraient cependant surgir si les pistes d&rsquo;action sont propos\u00e9es dans une m\u00eame \u00e9tape que le d\u00e9veloppement de l\u2019analyse. Le souci d\u2019\u00e9laborer des solutions serait potentiellement parasitant si par exemple certains participants orientent leurs interventions vers cette vis\u00e9e d\u2019action alors que d\u2019autres explorent encore la compr\u00e9hension des \u00e9l\u00e9ments apport\u00e9s par l\u2019exposant ou le client. La maturation et l\u2019ouverture de l\u2019analyse \u00e0 des angles multiples pourraient s\u2019en trouver r\u00e9duites dans la mesure o\u00f9 l\u2019\u00e9laboration de pistes d\u2019action viendrait interrompre un processus d\u2019exploration fructueux. Cette situation nous para\u00eet susceptible de se manifester particuli\u00e8rement lorsque l\u2019objet d\u2019analyse est un probl\u00e8me et que la demande de l\u2019exposant ou du client (comme la tendance des participants dans le groupe) conduit \u00e0 penser qu\u2019il faut apporter une solution sans \u00e9lucider, avec la personne accompagn\u00e9e, ce qui maintient par exemple le probl\u00e8me. Le collectif, dans ce cas, risque de ne pas identifier les modes de pens\u00e9e, les logiques d\u2019action ou les syst\u00e8mes d\u2019interaction qui peuvent contribuer \u00e0 la situation. Les id\u00e9es de solution, inscrites dans une vision potentiellement r\u00e9ductrice, pourraient d\u00e8s lors ne pas atteindre le but vis\u00e9 (voire renforcer le probl\u00e8me).<\/p>\n<p style=\"text-align: justify;\">A contrario, une d\u00e9connexion compl\u00e8te des deux dynamiques pourrait conduire aux risques suivants\u00a0:<\/p>\n<ul style=\"text-align: justify;\">\n<li>une boucle de l\u2019analyse qui ne d\u00e9bouche jamais sur l\u2019action ni ne permet la transformation ou le d\u00e9veloppement du professionnel\u00a0;<\/li>\n<li>une boucle de l\u2019action (enferm\u00e9e sur elle-m\u00eame), qui conduit \u00e0 divers ajustements des actions sans r\u00e9flexion sur les cadres de r\u00e9f\u00e9rence et les logiques qui guident l\u2019action\u00a0: l&rsquo;apprentissage reste au niveau 1 d\u00e9crit par Bateson (1995) et Argyris &amp; Sch\u00f6n (2002). Il y a production de r\u00e9gulations des actions mais de fa\u00e7on non \u00e9volutive ni transformative.<\/li>\n<\/ul>\n<h4 style=\"text-align: justify;\"><strong>4. La mani\u00e8re dont les apprentissages sont con\u00e7us et favoris\u00e9s dans les deux d\u00e9marches<\/strong><\/h4>\n<h6 style=\"text-align: justify;\"><strong>4.1. Formes et leviers d\u2019apprentissage\u00a0: <\/strong><strong>similitudes et diff\u00e9rences<\/strong><\/h6>\n<p style=\"text-align: justify;\">Dans les deux d\u00e9marches (GCP et APP), l&rsquo;apprentissage se fonde sur un \u00ab\u00a0dialogue entre deux v\u00e9cus\u00a0\u00bb\u00a0: le v\u00e9cu de la pratique de chacun et celui du travail \u00e9labor\u00e9 par le groupe d\u2019analyse\/cod\u00e9veloppement. De ce fait, les apprentissages d\u00e9velopp\u00e9s diff\u00e8rent de ceux pr\u00e9sents dans les mod\u00e8les transmissifs ou comportementalistes. En effet, le contenu des apprentissages est <em>a priori<\/em> ind\u00e9termin\u00e9 puisque d\u00e9pendant des objets de travail (la pratique analys\u00e9e d\u2019une part et les objets \u00e9mergents dans les \u00e9changes d\u2019autre part). Les mod\u00e8les de l&rsquo;apprentissage exp\u00e9rientiel se fondant sur un cycle qui lie r\u00e9flexion et action (Kolb, 1984) apparaissent ainsi comme les plus \u00e0 m\u00eame d&rsquo;\u00e9clairer les dynamiques pr\u00e9sentes dans le GCP comme dans l&rsquo;APP. Notons que la nature des objets d&rsquo;apprentissage est tr\u00e8s h\u00e9t\u00e9rog\u00e8ne. Il peut en effet s&rsquo;agir d&rsquo;\u00e9l\u00e9ments de communication, de savoirs d\u2019action, de grilles de lecture, de connaissance de soi, de strat\u00e9gies et mod\u00e8les d\u2019action, etc.<\/p>\n<p style=\"text-align: justify;\">Plusieurs leviers et formes d&rsquo;apprentissage sont susceptibles d\u2019\u00eatre activ\u00e9s en APP ou en GCP. Nous pouvons \u00e9voquer notamment les quatre suivants\u00a0:<\/p>\n<ol style=\"text-align: justify;\">\n<li><em>Activation du cycle exp\u00e9rientiel<\/em>: l\u2019alternance et la compl\u00e9mentarit\u00e9 entre 1) les v\u00e9cus de la pratique, 2) leur observation &#8211; conscientisation &#8211; verbalisation, 3) leur conceptualisation &#8211; mod\u00e9lisation et 4) la planification pour l\u2019exp\u00e9rimentation de nouvelles actions permet d\u2019activer les apprentissages. Ceux-ci se valident et s&rsquo;ancrent \u00e0 la fois dans le temps des s\u00e9ances et entre les s\u00e9ances.<\/li>\n<li><em>R\u00e9flexion et r\u00e9flexivit\u00e9<\/em>: les apprentissages peuvent se d\u00e9clencher et s&rsquo;entretenir par l&rsquo;\u00e9mergence, l&rsquo;acceptation et l&rsquo;analyse des r\u00e9actions cognitives (consonances, dissonances) et affectives (r\u00e9sonance, plaisir, contrari\u00e9t\u00e9) qui mobilisent la m\u00e9moire (sensorielle, \u00e9motionnelle, etc.) et favorisent la qualit\u00e9 de l&rsquo;apprentissage. A un premier niveau, une activit\u00e9 de r\u00e9flexion (Vacher, 2014, 2015) permet une \u00e9laboration des perceptions r\u00e9actives. A un second niveau, la r\u00e9flexivit\u00e9 permet une prise de distance \u00ab\u00a0m\u00e9ta \u00bb correspondant \u00e0 un saut qualitatif. Selon Bateson (1995) ou Argyris &amp; Sch\u00f6n (2002), l&rsquo;acteur peut ainsi identifier ses sch\u00e8mes d\u2019action, modifier ses cadres de r\u00e9f\u00e9rence et d\u00e9velopper de l\u2019apprendre \u00e0 apprendre (apprentissage de deuxi\u00e8me ordre).<\/li>\n<li><em>Mutualisation et co-construction d\u2019\u00e9clairages, de grilles de lecture, de pistes d\u2019action<\/em>: par le jeu de l\u2019alt\u00e9rit\u00e9 dans le groupe, des d\u00e9calages offrent une opportunit\u00e9 de prise de conscience de la multitude d\u2019angles d&rsquo;analyse et de r\u00e9f\u00e9rences possibles. Chaque \u00ab\u00a0autre\u00a0\u00bb devient ainsi un miroir de tous les possibles non explor\u00e9s qui permettent de prendre du recul et d&rsquo;envisager de sortir de ses cadres personnels d&rsquo;interpr\u00e9tation. A un premier degr\u00e9, le processus de partage permet un enrichissement, par mutualisation ou apposition des apports de chacun (Vacher, 2018). A un second degr\u00e9, les \u00e9changes peuvent conduire, par co-construction, \u00e0 des analyses in\u00e9dites et des apprentissages \u00e9mergents. Selon la th\u00e9orie socio-constructiviste du d\u00e9veloppement (Vygotski, 1997), on peut non seulement apprendre davantage \u00e0 plusieurs mais on peut encore construire ensemble ce qu\u2019aucun des apprenants ne savait initialement. De tels processus n\u00e9cessitent des conditions favorables, notamment en termes de communication et dynamique de groupe (Vacher, 2018), sur lesquelles nous reviendrons dans le point 5.<\/li>\n<li><em>Inscription dans une continuit\u00e9 temporelle<\/em>: les apprentissages sont de l&rsquo;ordre du d\u00e9veloppement. Ils sont continus et spiralaires. Ils ne sont pas seulement li\u00e9s \u00e0 une s\u00e9ance, ils s&rsquo;inscrivent dans les temps diffus de l&rsquo;exp\u00e9rience. Autrement dit, ils sont difficilement d\u00e9clinables en une s\u00e9rie d&rsquo;\u00e9ch\u00e9ances et d&rsquo;objectifs. C\u2019est le travail de r\u00e9trospection qui permet d\u2019en saisir la chronologie et le processus. En ce sens, l&rsquo;activit\u00e9 professionnelle est tout autant constructive que productive<a href=\"#_ftn4\" name=\"_ftnref4\">[4]<\/a>.<\/li>\n<\/ol>\n<p style=\"text-align: justify;\">Par ailleurs, dans un groupe d\u2019APP comme de GCP, ces apprentissages peuvent \u00eatre v\u00e9cus de mani\u00e8res diverses d\u2019un participant \u00e0 l\u2019autre. Il est \u00e0 noter \u00e9galement que la personne qui est exposante\/cliente est impliqu\u00e9e diff\u00e9remment, m\u00eame si tous les participants\/consultants sont simultan\u00e9ment en apprentissage, dans la mesure o\u00f9 ils \u00e9laborent des liens avec leurs propres pratiques ainsi qu\u2019avec les processus de groupe \u00e0 l\u2019\u0153uvre. Dans la dur\u00e9e, par l\u2019alternance d\u2019une s\u00e9ance \u00e0 l\u2019autre, tous les membres du groupe ont l\u2019occasion d\u2019\u00eatre client\/exposant, de s\u2019apporter un accompagnement r\u00e9ciproque et de d\u00e9velopper leurs apprentissages dans les diff\u00e9rents r\u00f4les.<\/p>\n<p style=\"text-align: center;\"><strong>Formes et leviers d\u2019apprentissage dans les deux d\u00e9marches<\/strong><\/p>\n<table style=\"border-collapse: collapse; width: 100%;\" border=\"1\">\n<tbody>\n<tr>\n<td style=\"width: 25.0257%; text-align: left; vertical-align: top;\" width=\"151\"><strong>\u00a0<\/strong><\/td>\n<td style=\"width: 37.3841%; text-align: left; vertical-align: top;\" width=\"227\"><strong>Similitudes<\/strong><\/td>\n<td style=\"width: 37.3841%; text-align: left; vertical-align: top;\" width=\"227\"><strong>Diff\u00e9rences<\/strong><\/td>\n<\/tr>\n<tr>\n<td style=\"width: 25.0257%; text-align: left; vertical-align: top;\" width=\"151\"><strong>Leviers d\u2019apprentissage<\/strong><\/td>\n<td style=\"width: 37.3841%; text-align: left; vertical-align: top;\" width=\"227\">\n<p>D\u00e9veloppement de r\u00e9flexions \u00e0 partir des perceptions<\/p>\n<p>Recherche de r\u00e9flexivit\u00e9 Int\u00e9gration dans le cycle d\u2019apprentissage exp\u00e9rientiel<\/p>\n<p>Travail de mutualisation<\/td>\n<td style=\"width: 37.3841%; text-align: left; vertical-align: top;\" width=\"227\">\n<p>GCP\u00a0: apprentissages en lien avec l\u2019action et les pistes de solution aux probl\u00e8mes<\/p>\n<p>APP\u00a0: travail sp\u00e9cifiquement d\u00e9di\u00e9 \u00e0 une mobilisation de la r\u00e9flexivit\u00e9<\/p>\n<p>APP : \u00e9laboration en co-construction et intelligence collective (voir plus bas sous 5.1)<\/td>\n<\/tr>\n<tr>\n<td style=\"width: 25.0257%; text-align: left; vertical-align: top;\" width=\"151\"><strong>Moments d\u2019apprentissage<\/strong><\/td>\n<td style=\"width: 37.3841%; text-align: left; vertical-align: top;\" width=\"227\">\n<p>Pr\u00e9sents sous forme diffuse dans toutes les \u00e9tapes et dans l\u2019inter- et l\u2019apr\u00e8s-s\u00e9ance<\/p>\n<p>Inscrits dans une continuit\u00e9 d\u00e9veloppementale d\u00e9passant la s\u00e9ance<\/p>\n<p>Mat\u00e9rialis\u00e9s dans une \u00e9tape 6 en fin de s\u00e9ance consacr\u00e9e \u00e0 une prise de recul sur ceux-ci<\/td>\n<td style=\"width: 37.3841%; text-align: left; vertical-align: top;\" width=\"227\">GCP\u00a0: partage syst\u00e9matique par les participants des apprentissages r\u00e9alis\u00e9s<br \/>\n(\u00e9tape 6)GCP\u00a0: parfois arr\u00eat r\u00e9flexif entre les \u00e9tapesGCP\u00a0: retour syst\u00e9matique, lors d\u2019une s\u00e9ance ult\u00e9rieure, sur les apprentissages et actions \u00e9labor\u00e9s entre les s\u00e9ancesAPP\u00a0: pr\u00e9sence de temps \u00ab\u00a0m\u00e9ta\u00a0\u00bb, au fil de la s\u00e9ance, permettant la conscientisation, le d\u00e9veloppement et le partage de certains apprentissagesAPP\u00a0: parfois, retour lors d\u2019une s\u00e9ance ult\u00e9rieure sur les apprentissages d\u00e9velopp\u00e9s<\/td>\n<\/tr>\n<tr>\n<td style=\"width: 25.0257%; text-align: left; vertical-align: top;\" width=\"151\"><strong>Qui est en travail<br \/>\n(exposant\/client et autres participants<br \/>\n\/consultants)<\/strong><\/td>\n<td style=\"width: 37.3841%; text-align: left; vertical-align: top;\" width=\"227\">\n<p>Tout le monde, avec des degr\u00e9s d\u2019implication variables<\/p>\n<p>Client\/exposant et autres participants invit\u00e9s \u00e0 exprimer leurs apprentissages \u00e0 des moments distincts<\/p>\n<p>Groupe qui accompagne le client\/exposant en lien avec la situation ou la pratique apport\u00e9e, laquelle repr\u00e9sente un objet central de travail en commun<br \/>\n(dissym\u00e9trie partielle des r\u00f4les dans la s\u00e9ance)<\/td>\n<td style=\"width: 37.3841%; text-align: left; vertical-align: top;\" width=\"227\">GCP\u00a0: \u00e9tape 6 explicitement d\u00e9di\u00e9e \u00e0 la formulation et \u00e0 la mise en commun des apprentissages r\u00e9alis\u00e9s par<br \/>\ntous les membres du groupeAPP\u00a0: \u00e0 diff\u00e9rents moments, processus explicitement au service d\u2019un accompagnement mutuel et des apprentissages \u00e0 la fois individuels et collectifs<br \/>\n(temps \u00ab\u00a0m\u00e9ta\u00a0\u00bb, r\u00e9gulations de groupe, etc.)<\/td>\n<\/tr>\n<tr>\n<td style=\"width: 25.0257%; text-align: left; vertical-align: top;\" width=\"151\"><strong>Mani\u00e8re dont les membres du groupe d\u00e9veloppent les apprentissages<\/strong><\/td>\n<td style=\"width: 37.3841%; text-align: left; vertical-align: top;\" width=\"227\">\n<p>Multiplicit\u00e9 de formes et supports d\u2019apprentissages (oralit\u00e9, \u00e9criture, prise de parole, \u00e9coute, \u00e9changes, introspection, r\u00e9flexivit\u00e9, etc.)<\/p>\n<p>Compl\u00e9mentarit\u00e9 entre les moments d\u2019\u00e9coute et de prise de parole<\/td>\n<td style=\"width: 37.3841%; text-align: left; vertical-align: top;\" width=\"227\"><\/td>\n<\/tr>\n<tr>\n<td style=\"width: 25.0257%; text-align: left; vertical-align: top;\" width=\"151\"><strong>Objets d\u2019apprentissage<\/strong><\/td>\n<td style=\"width: 37.3841%; text-align: left; vertical-align: top;\" width=\"227\">Vari\u00e9s, d\u2019ordres et de domaines diff\u00e9rents\u00a0: l\u2019analyse, l\u2019action,<br \/>\nla communication,<br \/>\nle d\u00e9veloppement professionnel, etc.<\/td>\n<td style=\"width: 37.3841%; text-align: left; vertical-align: top;\" width=\"227\">\n<p>GCP\u00a0: accent sur les actions, projets et logiques d\u2019action mobilis\u00e9es (non exclusivement\u00a0; voir plus haut sous 3.1)<\/p>\n<p>APP\u00a0: accent sur les sch\u00e8mes de repr\u00e9sentation, grilles de lecture, cadres de r\u00e9f\u00e9rence utilis\u00e9s et sur la mani\u00e8re dont les apprentissages se font<br \/>\n(non exclusivement\u00a0; voir plus haut sous 3.1)<\/td>\n<\/tr>\n<tr>\n<td style=\"width: 25.0257%; text-align: left; vertical-align: top;\"><strong>\u00a0R\u00f4le de l\u2019animateur<\/strong><\/td>\n<td style=\"width: 37.3841%; text-align: left; vertical-align: top;\" width=\"227\">Facilite les apprentissages et<br \/>\nles temps pour leur conscientisation et verbalisation<\/td>\n<td style=\"width: 37.3841%; text-align: left; vertical-align: top;\">\n<p>GCP\u00a0: favorise les apprentissages en mutualisation<\/p>\n<p>APP\u00a0: favorise les apprentissages en mutualisation et<br \/>\nen co-construction<a href=\"#_ftn5\" name=\"_ftnref5\">[5]<\/a><br \/>\n(selon les opportunit\u00e9s<br \/>\nqui peuvent se pr\u00e9senter<br \/>\nau fil de la s\u00e9ance)<\/td>\n<\/tr>\n<tr>\n<td style=\"width: 25.0257%; text-align: left; vertical-align: top;\"><strong>Pr\u00e9paration des participants \/ consultants<\/strong><\/td>\n<td style=\"width: 37.3841%; text-align: left; vertical-align: top;\">\n<p>Pas d\u2019apprentissages pr\u00e9alables ou de pr\u00e9 requis avant le d\u00e9but du groupe<\/p>\n<p>&nbsp;<\/p>\n<p>Apprentissage exp\u00e9rientiel en cours de s\u00e9ances<\/td>\n<td style=\"width: 37.3841%; text-align: left; vertical-align: top;\"><\/td>\n<\/tr>\n<tr>\n<td style=\"width: 25.0257%; text-align: left; vertical-align: top;\"><strong>\u2026<\/strong><\/td>\n<td style=\"width: 37.3841%; text-align: left; vertical-align: top;\"><\/td>\n<td style=\"width: 37.3841%; text-align: left; vertical-align: top;\"><\/td>\n<\/tr>\n<\/tbody>\n<\/table>\n<p style=\"text-align: center;\"><em>Tableau 5\u00a0: similitudes et diff\u00e9rences dans les formes et leviers d\u2019apprentissage<\/em><\/p>\n<h6><strong>4.2. Discussion\u00a0: compl\u00e9mentarit\u00e9s, risques, b\u00e9n\u00e9fices qui peuvent d\u00e9couler d&rsquo;une int\u00e9gration des apports mutuels de chaque d\u00e9marche<\/strong><\/h6>\n<p style=\"text-align: justify;\">Plusieurs compl\u00e9mentarit\u00e9s \u00ab\u00a0dans les deux sens\u00a0\u00bb peuvent \u00eatre \u00e9voqu\u00e9es concernant les apprentissages. Notamment :<\/p>\n<ul>\n<li style=\"text-align: justify;\">Pour le GCP\u00a0: le d\u00e9veloppement plus syst\u00e9matique et approfondi de moments de r\u00e9flexivit\u00e9, avec l&rsquo;int\u00e9gration de temps \u00ab\u00a0m\u00e9ta\u00a0\u00bb comme en APP, serait susceptible de favoriser des apprentissages de second niveau (Bateson, 1995). L\u2019usage de tels temps en cod\u00e9veloppement pourrait ainsi pr\u00e9parer, amplifier ou compl\u00e9ter par exemple les apprentissages verbalis\u00e9s lors de l\u2019\u00e9tape 6.<\/li>\n<li style=\"text-align: justify;\">Pour l\u2019APP\u00a0: les d\u00e9marches d\u2019apprentissage pourraient gagner \u00e0 se \u00ab\u00a0confronter\u00a0\u00bb \u00e0 l\u2019exigence de formulation de pistes d\u2019action pour r\u00e9interroger la port\u00e9e op\u00e9rationnelle et pragmatique des apprentissages li\u00e9s \u00e0 l\u2019analyse (telle que d\u00e9velopp\u00e9e en GCP).<\/li>\n<\/ul>\n<p style=\"text-align: justify;\">Comme nous l\u2019avons vu pr\u00e9c\u00e9demment (voir 2.2 et 3.2) pour les hybridations possibles entre les \u00e9l\u00e9ments de chacune des d\u00e9marches, la limite se situe dans l\u2019ad\u00e9quation de tels enrichissements par rapport aux besoins, demandes et profils \u00e9volutifs des participants et du groupe. \u00a0Pour optimiser les apprentissages r\u00e9flexifs, il est possible de privil\u00e9gier la r\u00e9gulation, en concertation avec l\u2019ensemble des participants. Celle-ci passe notamment par l\u2019explicitation des moments d\u2019apprentissage et des accents port\u00e9s sur diff\u00e9rents objets de r\u00e9flexion. Ces \u00e9changes r\u00e9gulateurs peuvent aussi constituer des occasions de d\u00e9veloppement et d\u2019int\u00e9gration. Les apprentissages seraient alors d\u2019un second niveau car portant sur les apprentissages eux-m\u00eames, leurs objets et leur r\u00e9gulation. Lors de nos exp\u00e9rimentations, nous avons constat\u00e9 que la dur\u00e9e contrainte des s\u00e9ances \u00e9tait souvent un facteur limitant de ce passage aux apprentissages d\u2019un second ordre. La r\u00e9duction, voire l\u2019absence des \u00e9tapes de m\u00e9ta-analyse et de bilan (\u00e9tape 6) en est une cause assez fr\u00e9quemment \u00e9voqu\u00e9e en GCP. De telles ouvertures pourraient \u00eatre favoris\u00e9es, en fonction des int\u00e9r\u00eats des participants, dans des groupes ayant acquis une certaine maturit\u00e9 au fil du temps, qui est li\u00e9e notamment \u00e0 la dynamique collective. C\u2019est sur ce quatri\u00e8me aspect que nous d\u00e9velopperons encore ci-apr\u00e8s notre mise en perspective du GCP et de l\u2019APP.<\/p>\n<h4 style=\"text-align: justify;\"><strong> 5. Le d\u00e9veloppement de la dynamique de groupe et de l\u2019intelligence collective<\/strong><\/h4>\n<h6 style=\"text-align: justify;\"><strong>5.1. Place et nature des dynamiques de groupe et d\u2019intelligence collective\u00a0: similitudes et diff\u00e9rences<\/strong><\/h6>\n<p style=\"text-align: justify;\">Le GCP comme l\u2019APP mobilisent les ressources du collectif. Ainsi, les dynamiques de groupe, et d\u2019intelligence collective (IC\u00a0; voir ci-apr\u00e8s) qui sont susceptibles d\u2019en \u00e9merger, sont favoris\u00e9es par plusieurs \u00e9l\u00e9ments. Ceux qui ont \u00e9t\u00e9 \u00e9tudi\u00e9s dans les parties pr\u00e9c\u00e9dentes (d\u00e9roulement de la d\u00e9marche, modalit\u00e9s d\u2019apprentissage, place de l\u2019analyse et de l\u2019action) agissent ainsi fortement sur les dynamiques de groupe. Nous pr\u00e9senterons \u00e0 titre d\u2019exemple deux de ces interd\u00e9pendances potentielles en GCP et APP\u00a0:<\/p>\n<ol style=\"text-align: justify;\">\n<li>La mise en place d\u2019une dynamique de confiance. Les \u00e9tapes de contractualisation comme les r\u00e9gulations produites par l\u2019animateur sont de nature \u00e0 s\u00e9curiser l\u2019espace et le temps du travail. La dynamique de groupe qui en d\u00e9coule favorise l\u2019\u00e9laboration d\u2019un climat de confiance et ainsi l\u2019\u00e9coute et la prise de parole qui composent et rythment les diff\u00e9rentes \u00e9tapes.<\/li>\n<li>Les modalit\u00e9s d\u2019apprentissage. Comme nous l\u2018avons pr\u00e9cis\u00e9 sous 4.1, l\u2019alt\u00e9rit\u00e9 est au c\u0153ur des processus d\u2019apprentissage. En GCP comme en APP, la structuration du groupe en un collectif constructif est un facteur d\u00e9cisif. C\u2019est dans la co-\u00e9laboration en cours de s\u00e9ance d\u2019interactions f\u00e9condes entre participants que se construisent les apprentissages, l&rsquo;\u00e9largissement de leur compr\u00e9hension en regard de leurs pratiques et \u2026 l\u2019\u00e9laboration de nouvelles perspectives potentielles d\u2019action.<\/li>\n<\/ol>\n<p style=\"text-align: justify;\"><em>En ce qui concerne les interactions de groupe\u00a0:<\/em><\/p>\n<p style=\"text-align: justify;\">Plusieurs aspects peuvent \u00eatre relev\u00e9s, que l\u2019on retrouve tant dans les approches du GCP que de l\u2019APP, qui y portent toutes deux une attention particuli\u00e8re : travail de constitution du collectif (par des activit\u00e9s de mise en lien)\u00a0; d\u00e9veloppement du climat, de la s\u00e9curit\u00e9 et de la confiance entre les membres du groupe (par le cadre, les principes partag\u00e9s, l\u2019accueil des besoins et v\u00e9cus de chacun)\u00a0; soutien de la croissance du groupe et de la reconnaissance des diverses repr\u00e9sentations et \u00e9motions \u00e0 la fois individuelles et groupales ; apprentissage et valorisation de l\u2019intersubjectivit\u00e9 et de l\u2019alt\u00e9rit\u00e9 ; d\u00e9veloppement des capacit\u00e9s communicationnelles (\u00e9coute, expression sans jugement, questionnement ouvert, circulation fluide de la parole, etc.).<\/p>\n<p style=\"text-align: justify;\"><em>En ce qui concerne l\u2019intelligence collective (IC)\u00a0:<\/em><\/p>\n<p style=\"text-align: justify;\">Nous avons propos\u00e9 dans un article r\u00e9cent, de la d\u00e9finir comme \u00ab\u00a0<em>l\u2019\u00e9mergence d\u2019un \u00ab plus \u00bb li\u00e9 aux interactions entre les individus participant au collectif<\/em>\u00a0\u00bb (Thi\u00e9baud &amp; Vacher, 2018). \u00ab\u00a0<em>Les apports de tous les participants conduisent \u00e0 ce qu\u2019individuellement et collectivement les analyses r\u00e9alis\u00e9es par chacun soient in\u00e9dites, en ce sens qu\u2019elles sont le fruit des interactions singuli\u00e8res et impr\u00e9visibles des membres du groupe.<\/em> [\u2026 Elles] <em>constituent une plus-value du type 1+1=3<\/em> \u00bb (Vacher, 2018, p. 6). L\u2019IC est donc un processus en \u00e9mergence, non programmable, auquel contribuent un certain nombre de dynamiques sp\u00e9cifiques. En APP, Thi\u00e9baud (2018) en rel\u00e8ve six qui nous semblent pouvoir aussi appara\u00eetre dans une certaine mesure en GCP\u00a0:<\/p>\n<ul style=\"text-align: justify;\">\n<li>D\u00e9veloppement d\u2019un sens partag\u00e9 en lien avec la d\u00e9marche. Ce processus renvoie \u00e0 la compr\u00e9hension d\u00e9velopp\u00e9e par les membres du groupe par rapport au travail entrepris en tant que d\u00e9marche collective\u00a0et par rapport aux objectifs poursuivis.<\/li>\n<li>Co-\u00e9laboration de focus de travail en lien avec la pratique expos\u00e9e. La pratique analys\u00e9e \u00ab\u00a0<em>focalise l\u2019attention de tous. Elle devient objet concret pour l\u2019analyse et le d\u00e9veloppement de l\u2019intelligence collective, qui s\u2019en trouve facilit\u00e9e. \u00bb <\/em>(Thi\u00e9baud, 2013, p. 65).<\/li>\n<li>Pr\u00e9sence, ouverture, \u00e9coute, questionnement des personnes au sein du collectif. Cette dynamique comporte trois facteurs\u00a0: un fort engagement des participants sous plusieurs formes\u00a0; un partage d\u2019\u00e9motions dans le groupe\u00a0; un questionnement et un apprentissage personnel. Aussi une attitude empathique, non-jugeante.<\/li>\n<li>Reliance et interconnexion. Cette dynamique se fonde sur\u00a0: des processus d\u2019empathie et de compr\u00e9hension r\u00e9ciproque\u00a0; une \u00e9laboration en commun de l\u2019analyse\u00a0; des ph\u00e9nom\u00e8nes de r\u00e9sonance sur les plans autant affectif, qu\u2019intuitif et cognitif\u00a0; un accueil des diff\u00e9rences, des d\u00e9calages, des surprises, d\u2019\u00e9l\u00e9ments de controverse\u00a0; une dialectique entre le semblable et le diff\u00e9rent\u00a0; une suspension du d\u00e9bat (sans recherche de consensus).<\/li>\n<li>Autor\u00e9gulations, comp\u00e9tences et conscience collectives. Cette dynamique a trait \u00e0 la mani\u00e8re dont le groupe d\u00e9veloppe une capacit\u00e9 \u00e0 conscientiser et r\u00e9guler son propre fonctionnement.<\/li>\n<li>Co-cr\u00e9ativit\u00e9. La libert\u00e9 ressentie favorise une autorisation \/ auteurisation<a href=\"#_ftn6\" name=\"_ftnref6\">[6]<\/a> des participants qui leur permet d\u2019explorer un espace collectif de cr\u00e9ativit\u00e9 et de co-construction.<\/li>\n<\/ul>\n<p style=\"text-align: justify;\">Ces dynamiques se d\u00e9veloppent progressivement avec l\u2019\u00e9volution du groupe et dans la mesure o\u00f9 l\u2019animateur les favorise. A cet effet, celui-ci peut notamment encourager les participants \u00e0 conscientiser leur fonctionnement et leurs comp\u00e9tences en tant que collectif et privil\u00e9gier des interventions d\u2019accompagnement et de r\u00e9gulation qui mobilisent leurs ressources. Il peut solliciter la capacit\u00e9 de r\u00e9flexivit\u00e9 des participants dans des m\u00e9ta-analyses et veiller \u00e0 \u0153uvrer avec l\u2019\u00e9mergence, en \u00e9tant attentif aux potentialit\u00e9s pr\u00e9sentes \u00e0 chaque moment et en explicitant la vis\u00e9e et les processus de travail en intelligence collective. Ces r\u00e9gulations de l\u2019animateur se font au rythme des participants et en apportant une attention particuli\u00e8re \u00e0 leurs souhaits, capacit\u00e9s et disponibilit\u00e9s du moment.<\/p>\n<p style=\"text-align: justify;\">Les dynamiques de groupe et l\u2019intelligence collective sont donc au c\u0153ur d\u2019un syst\u00e8me complexe que constituent les s\u00e9ances (ou les s\u00e9quences de s\u00e9ances). L\u2019APP et le GCP pr\u00e9sentent de nombreuses similitudes ainsi que quelques diff\u00e9rences, en particulier en ce qui concerne l\u2019IC et les six dynamiques \u00e9voqu\u00e9es.<\/p>\n<p style=\"text-align: center;\"><strong>Dynamiques de groupe et d\u2019intelligence collective dans les deux d\u00e9marche <\/strong><\/p>\n<table style=\"border-collapse: collapse; width: 100%;\" border=\"1\">\n<tbody>\n<tr>\n<td style=\"width: 26.5705%; text-align: left; vertical-align: top;\" width=\"160\"><strong>\u00a0<\/strong><\/td>\n<td style=\"width: 35.9423%; text-align: left; vertical-align: top;\" width=\"217\"><strong>Similitudes<\/strong><\/td>\n<td style=\"width: 37.3841%; text-align: left; vertical-align: top;\" width=\"226\"><strong>Diff\u00e9rences<\/strong><\/td>\n<\/tr>\n<tr>\n<td style=\"width: 26.5705%; text-align: left; vertical-align: top;\" width=\"160\"><strong>Constitution du groupe<\/strong><\/td>\n<td style=\"width: 35.9423%; text-align: left; vertical-align: top;\" width=\"217\">D\u00e9veloppement de l\u2019identit\u00e9 du collectif, de la s\u00e9curit\u00e9, d\u2019un cadre, de principes et d\u2019objectifs partag\u00e9s<\/td>\n<td style=\"width: 37.3841%; text-align: left; vertical-align: top;\" width=\"226\"><\/td>\n<\/tr>\n<tr>\n<td style=\"width: 26.5705%; text-align: left; vertical-align: top;\" width=\"160\"><strong>Interaction de groupe<\/strong><\/td>\n<td style=\"width: 35.9423%; text-align: left; vertical-align: top;\" width=\"217\">D\u00e9veloppement de capacit\u00e9s communicationnelles et d\u2019une circulation de la parole favorisant les \u00e9changes<\/td>\n<td style=\"width: 37.3841%; text-align: left; vertical-align: top;\" width=\"226\">\n<p>GCP\u00a0: partage entre participants, sans d\u00e9bat, de tout ce qui peut aider le client (les interactions s\u2019adressent au client, pas directement aux autres participants\/consultants)<\/p>\n<p>APP\u00a0: partage et \u00e9change entre participants, sans vis\u00e9e de consensus, et mobilisation r\u00e9guli\u00e8re d\u2019un travail en commun de co-construction<br \/>\ndes analyses<\/td>\n<\/tr>\n<tr>\n<td style=\"width: 26.5705%; text-align: left; vertical-align: top;\" width=\"160\"><strong>Travail en intelligence collective (en lien avec les six dynamiques)<\/strong><\/td>\n<td style=\"width: 35.9423%; text-align: left; vertical-align: top;\" width=\"217\">D\u00e9veloppement d\u2019un climat d\u2019ouverture susceptible de favoriser l\u2019\u00e9mergence de l\u2019IC.<\/td>\n<td style=\"width: 37.3841%; text-align: left; vertical-align: top;\" width=\"226\">\n<p>GCP\u00a0: variable\u00a0; IC non explicitement vis\u00e9e<\/p>\n<p>APP\u00a0: \u00e9changes co-constructifs vis\u00e9s dans les \u00e9tapes 3 et 4<\/p>\n<p>APP\u00a0: travail sur des apports en rebonds, dans la reliance, et identification de questionnements collectifs<\/p>\n<p>APP\u00a0: r\u00e9gulations et temps \u00ab\u00a0m\u00e9ta\u00a0\u00bb visant la mise en mouvement des dynamiques d\u2019IC<\/td>\n<\/tr>\n<tr>\n<td style=\"width: 26.5705%; text-align: left; vertical-align: top;\" width=\"160\"><strong>R\u00f4le de l\u2019animateur<\/strong><\/td>\n<td style=\"width: 35.9423%; text-align: left; vertical-align: top;\" width=\"217\">Facilite par la contractualisation et ses interventions le d\u00e9veloppement d\u2019une dynamique de groupe favorable \u00e0 la d\u00e9marche d\u2019accompa-gnement ou de consultation et aux apprentissages<\/td>\n<td style=\"width: 37.3841%; text-align: left; vertical-align: top;\" width=\"226\">\n<p>GCP\u00a0: favorise les mutualisations dans le groupe<\/p>\n<p>APP\u00a0: en plus de favoriser les mutualisations, il saisit les opportunit\u00e9s pour stimuler les six dynamiques d\u2019IC<\/td>\n<\/tr>\n<tr>\n<td style=\"width: 26.5705%; text-align: left; vertical-align: top;\" width=\"160\"><strong>\u2026<\/strong><\/td>\n<td style=\"width: 35.9423%; text-align: left; vertical-align: top;\" width=\"217\"><\/td>\n<td style=\"width: 37.3841%; text-align: left; vertical-align: top;\" width=\"226\"><\/td>\n<\/tr>\n<\/tbody>\n<\/table>\n<p style=\"text-align: center;\"><em>Tableau 6\u00a0: similitudes et diff\u00e9rences dans les dynamiques de groupe et d\u2019IC<\/em><\/p>\n<h6><strong>5.2. Discussion\u00a0: compl\u00e9mentarit\u00e9s, risques, b\u00e9n\u00e9fices qui peuvent d\u00e9couler d&rsquo;une int\u00e9gration des apports mutuels de chaque d\u00e9marche<\/strong><\/h6>\n<p style=\"text-align: justify;\">Ceci va de pair avec l\u2019importance accord\u00e9e au travail de questionnement et d\u2019apprentissage collectif par rapport aux apprentissages individuels. Dans l\u2019APP, nous pr\u00e9cisons parfois que le r\u00e9cit de l\u2019exposant est un support qui est \u00ab\u00a0pr\u00eat\u00e9\u00a0\u00bb au groupe pour travailler l\u2019analyse et la r\u00e9flexivit\u00e9 en groupe (ainsi que l\u2019IC). Cet objectif s\u2019ajoute donc \u00e0 l\u2019objectif d\u2019accompagnement de l\u2019exposant. Cela renvoie \u00e0 plusieurs interrogations. Le groupe est-il uniquement ou prioritairement au service du client\/exposant ? Comment la r\u00e9ciprocit\u00e9 de l\u2019accompagnement s\u2019\u00e9tablit-elle\u00a0? Ce processus de mutualit\u00e9 est-il un ph\u00e9nom\u00e8ne incident ou recherch\u00e9 et finalisant\u00a0?<\/p>\n<p style=\"text-align: justify;\">En GCP comme en APP, l\u2019intention est de valoriser la copr\u00e9sence et donc la r\u00e9ciprocit\u00e9. Cependant, cela peut prendre des formes qui privil\u00e9gient plus ou moins l\u2019\u00e9laboration d\u2019apports et d\u2019apprentissages individuels ou\/et en co-construction collective. Dans la mise en \u0153uvre de chaque approche, un \u00e9quilibre diff\u00e9rent peut \u00eatre d\u00e9velopp\u00e9, qui est susceptible de varier aussi en fonction des besoins et des objectifs du groupe.<\/p>\n<p style=\"text-align: justify;\">Outre les questions du temps \u00e0 disposition et des objectifs vis\u00e9s, cela interroge aussi la mani\u00e8re dont se construit la dynamique collective et le r\u00f4le de l\u2019animateur \u00e0 cet \u00e9gard. Quelles capacit\u00e9s dans le groupe peuvent y contribuer ? Quelles motivations sont pr\u00e9sentes chez les participants ? Comment rester en connexion, au diapason, pour travailler en intelligence collective, quand se m\u00e9langent diff\u00e9rents niveaux d\u2019analyse et de pistes d\u2019action\u00a0? Quelles r\u00e9gulations peuvent s\u2019av\u00e9rer n\u00e9cessaires \u00e0 cet effet\u00a0? Par exemple, dans quelle mesure une logique plut\u00f4t ordonn\u00e9e peut-elle favoriser la progression de l\u2019analyse collective, en la complexifiant, en passant peu \u00e0 peu \u00e0 un niveau plus \u00ab\u00a0m\u00e9ta\u00a0\u00bb progressivement\u2026 avant une synth\u00e8se et le choix d\u2019objectifs (que peut se fixer l\u2019exposant), lesquels seront ensuite travaill\u00e9s par le groupe dans une recherche d\u2019options, de ressources \u00e0 mobiliser et finalement dans la formulation d\u2019un plan d\u2019action\u00a0? Des diff\u00e9rences et compl\u00e9mentarit\u00e9s au niveau de cette progression de la r\u00e9flexion peuvent \u00eatre ici aussi trouv\u00e9es entre le GCP et l\u2019APP telle que nous l\u2019avons pr\u00e9sent\u00e9e.<\/p>\n<h4 style=\"text-align: justify;\"><strong>Mise en lien et conclusion\u00a0: port\u00e9e et limites de cette mise en perspective<\/strong><\/h4>\n<p style=\"text-align: justify;\">Dans cet article, nous avons mis en perspective les \u00e9l\u00e9ments du GCP et de l\u2019APP qui nous semblaient les plus marquants. A cet effet, notre avons port\u00e9 notre attention sur cinq aspects\u00a0: 1) le dispositif g\u00e9n\u00e9ral, les principes et les objectifs, 2) le d\u00e9roulement des \u00e9tapes des deux d\u00e9marches, 3) la place qu\u2019elles donnent \u00e0 l\u2019analyse et l\u2019action, 4) les formes et leviers d\u2019apprentissage et 5) les dynamiques de groupe et d\u2019intelligence collective mobilis\u00e9es. Cette mise en perspective, qui demeure non exhaustive, nous conduit \u00e0 consid\u00e9rer que les similitudes sont plus nombreuses que les diff\u00e9rences.<\/p>\n<p style=\"text-align: justify;\">Cependant, nous nous sommes r\u00e9f\u00e9r\u00e9s pour ce travail \u00e0 des modalit\u00e9s sp\u00e9cifiques du GCP et, particuli\u00e8rement, de l\u2019APP. Avec d\u2019autres approches, notamment en analyse de pratiques, on peut imaginer que nos observations auraient montr\u00e9 d\u2019autres r\u00e9sultats, et possiblement des diff\u00e9rences plus importantes. De plus, \u00e0 l\u2019int\u00e9rieur m\u00eame des deux approches \u00e9tudi\u00e9es, une prise en compte de diverses variantes dans leur mise en \u0153uvre am\u00e8nerait \u00e0 nuancer certaines similitudes et diff\u00e9rences mises en \u00e9vidence.<\/p>\n<p style=\"text-align: justify;\">Au terme de cette analyse, nous pensons que les deux d\u00e9marches gagneraient \u00e0 \u00eatre davantage utilis\u00e9es en compl\u00e9mentarit\u00e9. Cela peut se faire pour une partie ou l\u2019autre selon diverses formes d\u2019hybridations que nous avons \u00e9voqu\u00e9es. Possiblement aussi en alternance, d\u2019une s\u00e9ance \u00e0 l\u2019autre, selon des objectifs qui peuvent \u00eatre plus ou moins accentu\u00e9s. Il est \u00e9galement possible d\u2019envisager une forme de continuit\u00e9, un groupe pouvant choisir de commencer avec une d\u00e9marche de cod\u00e9veloppement professionnel et d\u00e9velopper ensuite un travail plus orient\u00e9 vers une analyse de pratiques avec une vis\u00e9e d\u2019accompagnement, d\u2019intelligence collective et de r\u00e9flexivit\u00e9 \u2026 ou inversement.<\/p>\n<p style=\"text-align: justify;\">Si de telles utilisations en compl\u00e9mentarit\u00e9 peuvent \u00eatre fructueuses, elles nous semblent devoir \u00eatre d\u00e9ploy\u00e9es en fonction de la maturit\u00e9 du groupe, des capacit\u00e9s et des souhaits des participants. En effet, avec le temps et l\u2019\u00e9volution du groupe, la s\u00e9curisation de l\u2019espace relationnel s\u2019accro\u00eet et avec elle, apparaissent des possibilit\u00e9s de flexibilit\u00e9 dans le fonctionnement.<\/p>\n<p style=\"text-align: justify;\">La m\u00e9thode (par exp\u00e9rimentation) et les cinq axes de comparaison utilis\u00e9s pour cette mise en perspective semblent profitables pour une telle \u00e9tude. Ils gagneraient sans doute \u00e0 \u00eatre employ\u00e9s \u00e9galement pour comparer le GCP et l\u2019APP \u00e0 d\u2019autres d\u00e9marches de groupe plus ou moins proches telles que les ateliers r\u00e9flexifs, <em>l\u2019action learning<\/em>, la supervision de groupe, ou encore l\u2019\u00e9change de pratiques (voir Thi\u00e9baud, 2020a, 2020b).<\/p>\n<p style=\"text-align: justify;\">Pour terminer, mentionnons que d\u2019autres \u00e9l\u00e9ments de mise en perspective auraient bien s\u00fbr pu \u00eatre explor\u00e9s. Pensons aux avantages de chaque d\u00e9marche (en termes par exemple de r\u00e9sultats, de simplicit\u00e9 de mise en \u0153uvre, etc.), aux vis\u00e9es formatives privil\u00e9gi\u00e9es, aux \u00e9volutions possibles du travail sur une longue dur\u00e9e, aux questions relevant de la formation de l\u2019animateur, etc. que nous avons \u00e0 peine effleur\u00e9es.<\/p>\n<p style=\"text-align: justify;\">C\u2019est dire que ce champ d\u2019\u00e9tudes, encore peu explor\u00e9, m\u00e9rite d\u2019autres d\u00e9veloppements dans le futur\u00a0!<\/p>\n<h4 style=\"text-align: justify;\"><strong>Annexe<\/strong><\/h4>\n<p style=\"text-align: justify;\"><strong>Trois \u00e9l\u00e9ments cl\u00e9s d\u2019une analyse de pratiques mettant l\u2019accent sur l\u2019accompagnement, l\u2019intelligence collective et la r\u00e9flexivit\u00e9<\/strong><\/p>\n<p style=\"text-align: justify;\">Voir pour davantage de pr\u00e9cisions\u00a0:<\/p>\n<p style=\"text-align: justify;\">Thi\u00e9baud, M. &amp; Vacher, M. (2020). L\u2019analyse de pratiques professionnelles dans une perspective d\u2019accompagnement, d\u2019intelligence collective et de r\u00e9flexivit\u00e9. In <em>Revue de l\u2019analyse de pratiques professionnelles<\/em>, 18, pp. 43-69. <a href=\"http:\/\/www.analysedepratique.org\/?p=3716\">http:\/\/www.analysedepratique.org\/?p=3716<\/a>.<\/p>\n<ol style=\"text-align: justify;\">\n<li><em>Accompagnement par le questionnement et recherche en commun en lien avec les pratiques<a href=\"#_ftn7\" name=\"_ftnref7\"><sup><strong>[7]<\/strong><\/sup><\/a> v\u00e9cues<\/em>: l\u2019accent est mis sur la mani\u00e8re dont peuvent \u00eatre probl\u00e9matis\u00e9s les \u00e9l\u00e9ments expos\u00e9s, les repr\u00e9sentations \u00e0 l\u2019\u0153uvre, les grilles de lecture utilis\u00e9es, par une r\u00e9flexion visant \u00e0 \u00e9lucider plut\u00f4t qu\u2019\u00e0 r\u00e9soudre ce qui est apport\u00e9 par l\u2019exposant (ou le client). Celui-ci est accompagn\u00e9 par le groupe dans l\u2019\u00e9laboration et la mobilisation de ses ressources.<\/li>\n<li><em>Dynamique et intelligence collectives<\/em>: les questionnements et r\u00e9flexions d\u00e9velopp\u00e9s se f\u00e9condent mutuellement dans une d\u00e9marche qui multiplie les \u00e9clairages, puis cherche \u00e0 les relier en valorisant toutes les ressources pr\u00e9sentes. L\u2019intelligence collective dans cette approche permet l\u2019\u00e9mergence de l\u2019in\u00e9dit et de plus-values qui vont au-del\u00e0 des apports de chacun. Selon les termes de Vacher (2018), celles-ci sont \u00ab\u00a0<em>du type 1+1 =3<\/em>\u00a0\u00bb, le \u00ab\u00a03\u00a0\u00bb correspondant au fruit d\u2019une co-construction. Le groupe d\u00e9veloppe cette capacit\u00e9 progressivement (voir Thi\u00e9baud, 2018).<\/li>\n<li><em>R\u00e9flexivit\u00e9 et regard \u00ab\u00a0m\u00e9ta<\/em>\u00bb\u00a0: la d\u00e9marche favorise simultan\u00e9ment la prise de recul sur soi, sur le fonctionnement du groupe, sur les analyses produites et sur la mani\u00e8re dont elles ont \u00e9t\u00e9 d\u00e9velopp\u00e9es. \u00c0 cet effet, des temps \u00ab\u00a0m\u00e9ta\u00a0\u00bb sont propos\u00e9s \u00e0 diff\u00e9rents moments qui ne se limitent pas au seul temps de bilan en fin de s\u00e9ance (voir Thi\u00e9baud &amp; Bichsel, 2019). En d\u00e9veloppant progressivement cette pratique, les participants dans le groupe acqui\u00e8rent une capacit\u00e9 de prise de du recul, de prise de conscience de leur cadre de r\u00e9f\u00e9rence et mod\u00e8le d\u2019action dans une perspective d\u2019approche multir\u00e9fl\u00e9chie (Vacher, 2015).<\/li>\n<\/ol>\n<p style=\"text-align: justify;\">Chacun de ces \u00e9l\u00e9ments est stimul\u00e9 et entretenu, dans une temporalit\u00e9 qui englobe et d\u00e9passe celle de la s\u00e9ance. Dans la logique exp\u00e9rientielle des apprentissages et du d\u00e9veloppement qui est au c\u0153ur de la d\u00e9marche (voir Kolb, 1984), la s\u00e9ance d&rsquo;APP constitue un temps r\u00e9flexif dans une continuit\u00e9. Un processus de maturation se produit ainsi apr\u00e8s une s\u00e9ance d\u2019analyse de pratiques ; l\u2019exposant (le client) et poursuit ses r\u00e9flexions, \u00e9labore de nouvelles actions et exp\u00e9riences, qu\u2019il pourra rapporter au groupe lors d\u2019une s\u00e9ance ult\u00e9rieure (voir Thi\u00e9baud, 2013). Cette inscription dans la dur\u00e9e concerne les v\u00e9cus individuels des participants et l\u2019ensemble du groupe, qui d\u00e9veloppe progressivement ses processus de travail et ses comp\u00e9tences collectives.<\/p>\n<p style=\"text-align: justify;\">Dans le champ de l\u2019APP, cette approche peut \u00eatre situ\u00e9e de la mani\u00e8re suivante (en reprenant des \u00e9l\u00e9ments de diff\u00e9renciation propos\u00e9s par Thi\u00e9baud, 2020b)<\/p>\n<ul>\n<li style=\"text-align: justify;\"><em>Finalit\u00e9s<\/em> : d\u00e9veloppement professionnel et \u00e9volution de la pratique.<\/li>\n<li style=\"text-align: justify;\"><em>Contexte et destinataires<\/em>: groupe ou \u00e9quipe de professionnels\u00a0; accompagnement de la pratique et formation continue avant tout (parfois formation initiale).<\/li>\n<li style=\"text-align: justify;\"><em>Ce qui est plus particuli\u00e8rement mis en travail<\/em> : les pratiques et la r\u00e9flexivit\u00e9.<\/li>\n<li style=\"text-align: justify;\"><em>Objectifs privil\u00e9gi\u00e9s<\/em> : multiples b\u00e9n\u00e9fices possibles, avec des objectifs sp\u00e9cifiques parfois contractualis\u00e9s avec les participants en amont, parfois r\u00e9gul\u00e9s en cours de route.<\/li>\n<li style=\"text-align: justify;\"><em>R\u00e9f\u00e9rentiels utilis\u00e9s<\/em>: aucun privil\u00e9gi\u00e9, travail dans la multi r\u00e9f\u00e9rentialit\u00e9, selon les ressources pr\u00e9sentes dans le collectif.<\/li>\n<li style=\"text-align: justify;\"><em>M\u00e9thodes et modalit\u00e9s<\/em>: vari\u00e9es, favorisant la mobilisation des ressources cognitives, \u00e9motionnelles et cr\u00e9atives pr\u00e9sentes et valorisant les dynamiques d\u2019intelligence collective et de co-construction (f\u00e9condation mutuelle entre les apports des participants).<\/li>\n<li><em>Animation <\/em>: dans une recherche d&rsquo;\u00e9quilibre entre le cadre de travail d\u00e9fini et l\u2019\u00e9mergence des potentialit\u00e9s au sein du collectif\u00a0; r\u00e9gulations continues des processus avec les participants.<\/li>\n<\/ul>\n<h4><strong>R\u00e9f\u00e9rences bibliographiques<\/strong><\/h4>\n<p>Ardoino, J. (1992). Dialogue \u00e0 plusieurs voies \u00e0 propos du sujet, <em>Pratiques de formation-analyses<\/em>, \u00ab\u00a0P\u00e9dagogie et psychanalyse\u00a0\u00bb, formation permanente, Universit\u00e9 Paris VIII, 23, \u00e9ditorial.<\/p>\n<p>Argyris, C. &amp; Sch\u00f6n, D. (2002). <em>Apprentissage organisationnel. Th\u00e9orie, m\u00e9thode pratique<\/em>. Bruxelles\u00a0: De Boeck.<\/p>\n<p>Bateson, G. (1995). <em>Vers une \u00e9cologie de l&rsquo;esprit<\/em>. Paris\u00a0: Le Seuil. Tome 1 (1<sup>\u00e8re<\/sup> \u00e9dition 1977).<\/p>\n<p>Blanchard-Laville, C. (1998).\u00a0 L\u2019apport du groupe d\u2019inspiration Balint aux enseignants et aux formateurs d\u2019enseignants. Travail psychique et professionnalit\u00e9.\u00a0 In C. Blanchard-Laville &amp; D. Fablet. <em>Analyser <\/em><em>les pratiques professionnelles<\/em>. Paris\u00a0: L\u2019Harmattan,<br \/>\np. 27-55. <a href=\"https:\/\/www.cairn.info\/revue-de-psychotherapie-psychanalytique-de-groupe-2008-1-page-33.htm\">https:\/\/www.cairn.info\/revue-de-psychotherapie-psychanalytique-de-groupe-2008-1-page-33.htm<\/a>.<\/p>\n<p>Champagne, C. (2020). Le groupe de cod\u00e9veloppement professionnel. In <em>Revue de l\u2019analyse <\/em><em>de pratiques professionnelles<\/em>, 18, pp. 24-42. \u00a0<a href=\"http:\/\/www.analysedepratique.org\/?p=3721\">http:\/\/www.analysedepratique.org\/?p=3721<\/a>.<\/p>\n<p>Kolb, D. (1984). <em>Experiential learning: Experience as the source of learning and development<\/em>. Englewood Cliffs, N.J.: Prentice Hall.<\/p>\n<p>Lewin, K. (1948). <em>Resolving social conflicts; selected papers on group dynamics<\/em>. Gertrude W. Lewin (ed.). New York: Harper &amp; Row, 1948.<\/p>\n<p>Morin, E. (2005). <em>Introduction \u00e0 la pens\u00e9e complexe<\/em>. Paris\u00a0: \u00c9d. du Seuil.<\/p>\n<p>Payette, A. &amp; Champagne, C. (1997). <em>Le groupe de cod\u00e9veloppement professionnel<\/em>. Ste-Foy : les Presses de l\u2019Universit\u00e9 du Qu\u00e9bec.<\/p>\n<p>Revans, R. W. 1982. <em>The origin and growth of action learning<\/em>. Brickley, UK: Chartwell-Bratt.<\/p>\n<p>Rogers, C. (1968).\u00a0<em>Le d\u00e9veloppement de la personne<\/em>. Paris\u00a0: Dunod.<\/p>\n<p>Sch\u00f6n, D. A. (1983). <em>The reflective practitioner<\/em>. New York, NY : Basic books. (<em>Le praticien r\u00e9flexif. <\/em>Montr\u00e9al : Les Editions Logiques, 1994).<\/p>\n<p>St-Arnaud, Y. (2003). <em>L\u2019interaction professionnelle<\/em>. Les Presses de l\u2019Universit\u00e9 de Montr\u00e9al.<\/p>\n<p>Thi\u00e9baud, M. (2001). Action-formation. <em>Revue Interactions<\/em>, Vol. 5, 2, pp. 173-189. <a href=\"https:\/\/www.usherbrooke.ca\/psychologie\/fileadmin\/sites\/psychologie\/espace-etudiant\/Revue_Interactions\/Volume_5_no_2\/V5N2_THIEBAUD_Marc_p163-178.pdf\">https:\/\/www.usherbrooke.ca\/psychologie\/fileadmin\/sites\/psychologie\/espace-etudiant\/Revue_Interactions\/Volume_5_no_2\/V5N2_THIEBAUD_Marc_p163-178.pdf<\/a>.<\/p>\n<p>Thi\u00e9baud, M. (2003). Action-formation\u00a0: coaching, supervision et analyse de pratiques professionnelles, <em>Education Permanente,<\/em> Berne, 2003, 1, 32-34. <a href=\"http:\/\/www.animer.ch\/wp-content\/uploads\/action-formation-EP.pdf\">http:\/\/www.animer.ch\/wp-content\/uploads\/action-formation-EP.pdf<\/a>.<\/p>\n<p>Thi\u00e9baud, M. (2013). Multiples b\u00e9n\u00e9fices de l\u2019analyse de pratiques professionnelles en groupe : quels \u00e9l\u00e9ments cl\u00e9s les favorisent ? In<em>\u00a0Revue de l\u2019analyse de pratiques professionnelles, <\/em>1, pp 61-72.\u00a0\u00a0 <a href=\"http:\/\/www.analysedepratique.org\/?p=54\">http:\/\/www.analysedepratique.org\/?p=54<\/a>.<\/p>\n<p>Thi\u00e9baud, M. (2018). Intelligence collective et analyse de pratiques en groupe\u00a0: six dynamiques mobilis\u00e9es. In <em>Revue de l\u2019analyse de pratiques professionnelles<\/em>, 13, pp. 18-38. <a href=\"http:\/\/www.analysedepratique.org\/?p=3048\">http:\/\/www.analysedepratique.org\/?p=3048<\/a>.<\/p>\n<p>Thi\u00e9baud, M. (2020a). Analyse de pratiques &lt;-&gt; \u00e9change de pratiques. Quels points communs\u00a0? Quelles diff\u00e9rences\u00a0? Quelles compl\u00e9mentarit\u00e9s\u00a0?<br \/>\nIn <em>Revue de l\u2019analyse de pratiques professionnelles<\/em>, 16, pp. 51-80. <a href=\"http:\/\/www.analysedepratique.org\/?p=3629\">http:\/\/www.analysedepratique.org\/?p=3629<\/a>.<\/p>\n<p>Thi\u00e9baud, M. (2020b). Analyse de pratiques &lt;-&gt; supervision. Similitudes, diff\u00e9rences\u00a0: quelques r\u00e9flexions pour aider \u00e0 s\u2019y rep\u00e9rer. In <em>Revue de l\u2019analyse de pratiques professionnelles<\/em>, 16, pp. 81-103. <a href=\"http:\/\/www.analysedepratique.org\/?p=3631\">http:\/\/www.analysedepratique.org\/?p=3631<\/a>.<\/p>\n<p>Thi\u00e9baud, M. (2020c). Dialoguer entre praticiens de groupes de cod\u00e9veloppement et d\u2019analyse de pratiques professionnelles. In <em>Revue de l\u2019analyse de pratiques professionnelles<\/em>, 18, pp. 5-23. <a href=\"http:\/\/www.analysedepratique.org\/?p=3875\">http:\/\/www.analysedepratique.org\/?p=3875<\/a>.<\/p>\n<p>Thi\u00e9baud, M. &amp; Bichsel, J. (2015). <em>Faciliter la coop\u00e9ration au sein de groupes et d\u2019\u00e9quipes professionnelles.<\/em> Communication pr\u00e9sent\u00e9e \u00e0 la Biennale de l\u2019\u00e9ducation au CNAM \u00e0 Paris. <a href=\"http:\/\/www.cooperer.org\/wp-content\/uploads\/faciliter-cooperation-thiebaud-bichsel.pdf\">http:\/\/www.cooperer.org\/wp-content\/uploads\/faciliter-cooperation-thiebaud-bichsel.pdf<\/a>.<\/p>\n<p>Thi\u00e9baud, M. &amp; Bichsel, J. (2019). Temps \u00ab m\u00e9ta \u00bb dans les groupes d\u2019analyse de pratique. In <em>Revue de l\u2019analyse de pratiques <\/em><em>professionnelles<\/em>, 14, pp. 97-112. <a href=\"http:\/\/www.analysedepratique.org\/?p=3190\">http:\/\/www.analysedepratique.org\/?p=3190<\/a>.<\/p>\n<p>Thi\u00e9baud, M. &amp; Vacher, M. (2020). L\u2019analyse de pratiques professionnelles dans une perspective d\u2019accompagnement, d\u2019intelligence collective et de r\u00e9flexivit\u00e9.<br \/>\nIn <em>Revue de l\u2019analyse de pratiques professionnelles<\/em>, 18, pp. 43-69. \u00a0<a href=\"http:\/\/www.analysedepratique.org\/?p=3716\">http:\/\/www.analysedepratique.org\/?p=3716<\/a>.<\/p>\n<p>Thi\u00e9baud, M., Vacher, Y., Champagne, C. &amp; Desjardins, M. (coord.). (2020).<br \/>\nGroupes d\u2019analyse de pratiques et de cod\u00e9veloppement professionnel.<br \/>\nIn <em>Revue de l\u2019analyse de pratiques <\/em><em>professionnelles<\/em>, Num\u00e9ro th\u00e9matique 18. <a href=\"http:\/\/www.analysedepratique.org\/?p=3765\">http:\/\/www.analysedepratique.org\/?p=3765<\/a>.<\/p>\n<p>Vacher, Y. (2014). Phase m\u00e9ta en APP\u2026 quels contenus, quelles fonctions ?<br \/>\nIn <em>Revue de l\u2019analyse de pratiques professionnelles<\/em>, 4, pp. 23-34. <a href=\"http:\/\/www.analysedepratique.org\/?p=1379\">http:\/\/www.analysedepratique.org\/?p=1379<\/a>.<\/p>\n<p>Vacher, Y. (2015). <em>Construire une pratique r\u00e9flexive<\/em>. Bruxelles : De Boeck.<\/p>\n<p>Vacher, Y. (2018). 1+1 \u00e7a fait combien en APP\u00a0? Effets possibles du groupe sur la dynamique de l\u2019analyse. In <em>Revue de l\u2019analyse de pratiques professionnelles<\/em>, 12, pp. 4-12. <a href=\"http:\/\/www.analysedepratique.org\/?p=2864\">http:\/\/www.analysedepratique.org\/?p=2864<\/a>.<\/p>\n<p>&nbsp;<\/p>\n<a href=\"#\" class=\"shortcode button  \" style=\"background-color: silver;\" target=\"\" onclick=\"\"> Haut de page<\/a>\n<p>&nbsp;<\/p>\n<p>&nbsp;<\/p>\n<p>&nbsp;<\/p>\n<h4><strong>Notes<\/strong><\/h4>\n<p>&nbsp;<\/p>\n<p style=\"text-align: justify;\"><a href=\"#_ftnref1\" name=\"_ftn1\">[1]<\/a> Marc Thi\u00e9baud a \u00e9labor\u00e9 au cours des vingt derni\u00e8res ann\u00e9es diverses formes d\u2019accompagnement individuel et collectif. Le d\u00e9veloppement de la capacit\u00e9 \u00e0 r\u00e9fl\u00e9chir \u00e0 sa pratique et \u00e0 mobiliser des processus de coop\u00e9ration au sein des collectifs est au centre de ses int\u00e9r\u00eats. Ceci l\u2019a conduit \u00e0 proposer diff\u00e9rentes modalit\u00e9s de travail en particulier en APP (Thi\u00e9baud, 2001\u00a0; 2003\u00a0; Thi\u00e9baud &amp; Bichsel, 2015). Yann Vacher a quant \u00e0 lui travaill\u00e9 depuis quinze ans \u00e0 la conception de dispositifs en formation initiale des enseignants. Il y d\u00e9veloppe des strat\u00e9gies pour faciliter la construction d\u2019une pratique r\u00e9flexive. Le dispositif ARPPEGE (Analyse R\u00e9flexive de Pratiques Professionnelles En Groupe d\u2019Echange) a \u00e9t\u00e9 con\u00e7u pour r\u00e9pondre \u00e0 ce d\u00e9fi (Vacher, 2015).<\/p>\n<p><a href=\"#_ftnref2\" name=\"_ftn2\">[2]<\/a> Nous invitons les lecteurs \u00e0 garder \u00e0 l\u2019esprit notre remarque pr\u00e9alable sur la complexit\u00e9 des ph\u00e9nom\u00e8nes et des ajustements produits par l\u2019animateur dont les \u00e9l\u00e9ments macroscopiques pr\u00e9sent\u00e9s ici ne peuvent rendre compte.<\/p>\n<p><a href=\"#_ftnref3\" name=\"_ftn3\">[3]<\/a> Nous reviendrons plus en d\u00e9tail dans le point 3 sur la place de l\u2019analyse et de l\u2019action dans le GCP et dans l\u2019APP.<\/p>\n<p><a href=\"#_ftnref4\" name=\"_ftn4\">[4]<\/a> \u00ab\u00a0Constructive\u00a0\u00bb parce que l\u2019activit\u00e9 participe \u00e0 la transformation de l\u2019identit\u00e9 professionnelle et \u00ab\u00a0productive\u00a0\u00bb parce qu\u2019elle est orient\u00e9e vers l\u2019action et ses \u00e9volutions.<\/p>\n<p><a href=\"#_ftnref5\" name=\"_ftn5\">[5]<\/a> Voir Thi\u00e9baud &amp; Vacher, 2020 (chapitre 4.4) pour la diff\u00e9rence entre les processus de mutualisation et de co-construction.<\/p>\n<p><a href=\"#_ftnref6\" name=\"_ftn6\">[6]<\/a> Ardoino (1992) d\u00e9veloppe l\u2019id\u00e9e que lorsque les conditions sont favorables, l\u2019acteur peut s\u2019autoriser \u00e0 s\u2019engager et devenir ainsi auteur, c\u2019est \u00e0 dire cr\u00e9atif.<\/p>\n<p><a href=\"#_ftnref7\" name=\"_ftn7\">[7]<\/a> La pratique est plus qu\u2019une situation ou une activit\u00e9. \u00ab\u00a0<em>Celle-ci est \u00e0 comprendre comme un ensemble d\u2019activit\u00e9s, de v\u00e9cus, de repr\u00e9sentations, de mod\u00e8les de pens\u00e9e et d\u2019actions \u00e9labor\u00e9es par la personne dans la singularit\u00e9 de son contexte et de sa subjectivit\u00e9. En APP, la pratique analys\u00e9e correspond \u00e0 ce que la personne apporte au groupe<\/em>\u00a0\u00bb (extrait de Thi\u00e9baud &amp; Vacher, 2020).<\/p>\n<p>&nbsp;<\/p>\n<div id=\"themify_builder_content-3756\" data-postid=\"3756\" class=\"themify_builder_content themify_builder_content-3756 themify_builder themify_builder_front\">\n\n\t<\/div>\n<!-- \/themify_builder_content -->","protected":false},"excerpt":{"rendered":"<p>&nbsp; Yann Vacher Formateur et chercheur, Universit\u00e9 de Corse,\u00a0France vacher[arobase]univ-corse.fr Marc Thi\u00e9baud Psychologue, animateur, formateur, Suisse thiebaud[arobase]formaction.ch &nbsp; R\u00e9sum\u00e9 Ce texte vise \u00e0 mettre en perspective deux approches\u00a0&#8211; le groupe d\u2019analyse de pratiques professionnelles et le groupe de cod\u00e9veloppement professionnel &#8211; en s\u2019appuyant sur une exp\u00e9rimentation pratique. Il propose une analyse de leurs similitudes et [&hellip;]<\/p>\n","protected":false},"author":2,"featured_media":0,"comment_status":"open","ping_status":"open","sticky":false,"template":"","format":"standard","meta":{"_jetpack_newsletter_access":"","_jetpack_dont_email_post_to_subs":false,"_jetpack_newsletter_tier_id":0,"_jetpack_memberships_contains_paywalled_content":false,"_jetpack_memberships_contains_paid_content":false,"footnotes":""},"categories":[8,11,9],"tags":[365,364,362,363,221],"class_list":["post-3756","post","type-post","status-publish","format-standard","hentry","category-thiebaud","category-2synthese","category-vacher","tag-co-construction","tag-emergence","tag-intelligence-collective","tag-interactions-de-groupe","tag-plus-values","has-post-title","no-post-date","has-post-category","has-post-tag","has-post-comment","has-post-author"],"jetpack_featured_media_url":"","jetpack_shortlink":"https:\/\/wp.me\/p3VXfJ-YA","jetpack_sharing_enabled":true,"_links":{"self":[{"href":"https:\/\/www.analysedepratique.org\/index.php?rest_route=\/wp\/v2\/posts\/3756","targetHints":{"allow":["GET"]}}],"collection":[{"href":"https:\/\/www.analysedepratique.org\/index.php?rest_route=\/wp\/v2\/posts"}],"about":[{"href":"https:\/\/www.analysedepratique.org\/index.php?rest_route=\/wp\/v2\/types\/post"}],"author":[{"embeddable":true,"href":"https:\/\/www.analysedepratique.org\/index.php?rest_route=\/wp\/v2\/users\/2"}],"replies":[{"embeddable":true,"href":"https:\/\/www.analysedepratique.org\/index.php?rest_route=%2Fwp%2Fv2%2Fcomments&post=3756"}],"version-history":[{"count":32,"href":"https:\/\/www.analysedepratique.org\/index.php?rest_route=\/wp\/v2\/posts\/3756\/revisions"}],"predecessor-version":[{"id":6066,"href":"https:\/\/www.analysedepratique.org\/index.php?rest_route=\/wp\/v2\/posts\/3756\/revisions\/6066"}],"wp:attachment":[{"href":"https:\/\/www.analysedepratique.org\/index.php?rest_route=%2Fwp%2Fv2%2Fmedia&parent=3756"}],"wp:term":[{"taxonomy":"category","embeddable":true,"href":"https:\/\/www.analysedepratique.org\/index.php?rest_route=%2Fwp%2Fv2%2Fcategories&post=3756"},{"taxonomy":"post_tag","embeddable":true,"href":"https:\/\/www.analysedepratique.org\/index.php?rest_route=%2Fwp%2Fv2%2Ftags&post=3756"}],"curies":[{"name":"wp","href":"https:\/\/api.w.org\/{rel}","templated":true}]}}