{"id":3740,"date":"2020-04-21T11:07:46","date_gmt":"2020-04-21T10:07:46","guid":{"rendered":"http:\/\/www.analysedepratique.org\/?p=3740"},"modified":"2020-11-03T13:58:40","modified_gmt":"2020-11-03T12:58:40","slug":"experiences-vecues-en-analyse-de-pratiques-a-distance-temoignages-et-partages-sur-le-reseau-gfapp","status":"publish","type":"post","link":"https:\/\/www.analysedepratique.org\/?p=3740","title":{"rendered":"Exp\u00e9riences v\u00e9cues en analyse de pratiques \u00e0 distance : t\u00e9moignages et partages sur le r\u00e9seau GFAPP"},"content":{"rendered":"<p>&nbsp;<\/p>\n<h3 style=\"text-align: left;\" align=\"center\"><strong><em>Article collectif<\/em><\/strong><\/h3>\n<p><em>Avec les contributions de Laurent Lebrun, Dominique Lefeuvre, Caroline Bell, Blandine Bousquet, Marc Thi\u00e9baud, Alain Cartigny, Marie France Soubrier, Pierre Cieutat, Guillaume Villain<br \/>\n<\/em><\/p>\n<p>&nbsp;<\/p>\n<h5><i>R\u00e9sum\u00e9<\/i><\/h5>\n<p style=\"text-align: justify;\">Ce texte pr\u00e9sente des t\u00e9moignages et r\u00e9flexions en lien avec des s\u00e9ances d\u2019analyse de pratiques (APP) \u00e0 distance. Ils sont issus d\u2019\u00e9changes d\u00e9velopp\u00e9s au sein du r\u00e9seau GFAPP (groupe de formation \u00e0 et par l\u2019analyse de pratiques professionnelles). Ils mettent en \u00e9vidence l\u2019utilit\u00e9 d\u2019offrir des possibilit\u00e9s d\u2019APP par visioconf\u00e9rence notamment lorsque les rencontres en pr\u00e9sentiel ne sont pas possibles. Les t\u00e9moignages \u00e9voquent en particulier les pr\u00e9cautions utiles \u00e0 prendre et les am\u00e9nagements qu\u2019il peut \u00eatre n\u00e9cessaire et profitable d\u2019op\u00e9rer par rapport aux APP en pr\u00e9sentiel.<\/p>\n<h5><em>Mots-cl\u00e9s\u00a0<\/em><\/h5>\n<p>visioconf\u00e9rence, distance, animation, communication<\/p>\n<h5><em>Cat\u00e9gorie d&rsquo;article\u00a0<\/em><\/h5>\n<p>T\u00e9moignage<\/p>\n<h5><em>R\u00e9f\u00e9rencement\u00a0<\/em><\/h5>\n<p style=\"text-align: justify;\">Collectif (2020). Exp\u00e9riences v\u00e9cues en analyse de pratiques \u00e0 distance : t\u00e9moignages et partages sur le r\u00e9seau GFAPP. In Revue de l\u2019analyse de pratiques professionnelles, No 17, pp. 5-22. http:\/\/www.analysedepratique.org\/?p=3740.<\/p>\n<p>&nbsp;<\/p>\n<hr class=\"shortcode hr light-gray\" style=\"border-width:1px;\" \/>\n<p><a href=\"http:\/\/www.analysedepratique.org\/wp-content\/uploads\/article-collectif-revue-app-avril2020.pdf\"><img loading=\"lazy\" decoding=\"async\" class=\"alignnone\" src=\"https:\/\/www.analysedepratique.org\/wp-content\/uploads\/download-icon.png\" alt=\"download-icon\" width=\"24\" height=\"29\" \/><\/a><a href=\"http:\/\/www.analysedepratique.org\/wp-content\/uploads\/article-collectif-revue-app-avril2020.pdf\">Article en PDF<\/a>\u00a0 \u00a0\u00a0 \u00a0\u00a0 \u00a0\u00a0 \u00a0\u00a0 \u00a0\u00a0 <a href=\"#co\"><img loading=\"lazy\" decoding=\"async\" src=\"https:\/\/www.analysedepratique.org\/wp-content\/uploads\/et-info-comment.png\" alt=\"et-info-comment\" width=\"30\" height=\"31\" \/><\/a>\u00a0<a href=\"#co\">Commentaires<\/a><\/p>\n<p>&nbsp;<\/p>\n<hr \/>\n<h3><\/h3>\n<h3><em><strong>Experiences in remote practice analysis: testimonies and shares on the GFAPP network<\/strong><\/em><\/h3>\n<h5><em>Abstract<\/em><\/h5>\n<p style=\"text-align: justify;\">This text presents testimonies and reflections related to remote practice analysis sessions (PPA). They are the result of exchanges developed within the GFAPP network (group for training in and through the analysis of professional practices). They highlight the usefulness of offering PPA opportunities through videoconferencing, especially when face-to-face meetings are not possible. In particular, the testimonies mention the useful precautions to be taken and the adjustments that it may be necessary and beneficial to make in relation to face-to-face PPAs.<\/p>\n<h5><em>Keywords<\/em><\/h5>\n<p>videoconferencing, distance, animation, communication<\/p>\n<hr \/>\n<p>&nbsp;<\/p>\n<p style=\"text-align: justify;\">Les t\u00e9moignages et r\u00e9flexions ci-apr\u00e8s sont constitu\u00e9s d\u2019\u00e9changes d\u00e9velopp\u00e9s en avril 2020 au sein du r\u00e9seau GFAPP autour de l\u2019analyse de pratiques professionnelles (APP) \u00e0 distance. Ces \u00e9changes ont \u00e9t\u00e9 initi\u00e9s par des questions soulev\u00e9es par Laurent Lebrun. Ils sont pr\u00e9sent\u00e9s dans le respect de leur chronologie et quasi sans modification (si ce n\u2019est la suppression des formules de politesse ou de propos abordant d\u2019autres aspects). Les contributeurs en ont accept\u00e9 apr\u00e8s coup la publication telle quelle, alors qu\u2019ils avaient produit leurs r\u00e9flexions sans penser que celles-ci pourraient \u00eatre publi\u00e9es. L\u2019\u00e9quipe \u00e9ditoriale a souhait\u00e9 conserver un texte qui t\u00e9moigne de la spontan\u00e9it\u00e9 qui a pr\u00e9valu dans l\u2019\u00e9criture, \u00e9tant entendu qu\u2019un soin diff\u00e9rent aurait pu y \u00eatre apport\u00e9 si l\u2019id\u00e9e d\u2019une publication avait \u00e9t\u00e9 envisag\u00e9e au moment o\u00f9 les \u00e9changes ont \u00e9t\u00e9 initi\u00e9s.<\/p>\n<p style=\"text-align: justify;\"><strong>Laurent Lebrun<br \/>\n<\/strong><a href=\"mailto:laurent.lebrun27@gmail.com\">laurent.lebrun27@gmail.com<\/a><\/p>\n<p style=\"text-align: justify;\">Je suppose que comme moi, une grosse partie, voire la totalit\u00e9, de votre activit\u00e9 APP est annul\u00e9e depuis presque un mois.<\/p>\n<p style=\"text-align: justify;\">Cette semaine, je pressentais que le temps et le besoin de la parole allaient revenir apr\u00e8s un mois o\u00f9 les organisations, les directions et les \u00e9quipes de terrain ont d\u00fb s&rsquo;organiser en urgence, assurer la continuit\u00e9 du service et trouver des nouveaux rep\u00e8res dans les postures professionnelles. Et hier, un collectif que j&rsquo;accompagne m&rsquo;a demand\u00e9 d&rsquo;organiser \u00e0 distance une s\u00e9ance APP. Je ne suis pas un sp\u00e9cialiste et encore moins un adepte de cette forme de communication et d&rsquo;accompagnement. Depuis des ann\u00e9es, je refuse m\u00eame de m&rsquo;y int\u00e9resser.<\/p>\n<p style=\"text-align: justify;\">Je me suis familiaris\u00e9 un peu avec zoom et je dois admettre et reconna\u00eetre que les deux s\u00e9ances ont \u00e9t\u00e9 de qualit\u00e9. Cela fait bouger les lignes chez moi et c&rsquo;est tr\u00e8s bien.<\/p>\n<p style=\"text-align: justify;\">Pour autant, je me pose quelques questions sur la fa\u00e7on d&rsquo;animer et guider le groupe \u00e0 travers l&rsquo;\u00e9cran. C&rsquo;est pourquoi je vous sollicite. Avez-vous des exp\u00e9riences APP men\u00e9es \u00e0 distance ?<\/p>\n<p style=\"text-align: justify;\">Si oui, quelles sont les vigilances et protections \u00e0 mettre en place ? Quelles seraient les \u00ab\u00a0erreurs\u00a0\u00bb \u00e0 ne pas faire ? Comment faire l&rsquo;inclusion en d\u00e9but de s\u00e9ance ?<\/p>\n<p style=\"text-align: justify;\"><strong>Dominique Lefeuvre<br \/>\n<\/strong><a href=\"mailto:dolefeuvre@orange.fr\">dolefeuvre@orange.fr<\/a><\/p>\n<p style=\"text-align: justify;\">La situation actuelle am\u00e8ne \u00e0 reconsid\u00e9rer certaines positions comme l\u2019utilisation de la visio-conf\u00e9rence en p\u00e9riode de confinement. J\u2019ai une exp\u00e9rience limit\u00e9e en APP \u00e0 distance et quelques r\u00e9unions \u00e0 distance.<\/p>\n<p style=\"text-align: justify;\">Des r\u00e8gles simples de prise de parole sont \u00e0 poser ou convenir pour s\u2019adapter \u00e0 ce mode de communication moins fluide : lever la main pour solliciter la parole avec des interventions courtes.<\/p>\n<p style=\"text-align: justify;\">Les deux premiers temps de l\u2019APP ont une grande importance : le temps de la technique afin que tous les participants aient pu se poser dans un endroit o\u00f9 la lumi\u00e8re, le cadrage, l\u2019audition, le fonctionnement de l\u2019application soient apprivois\u00e9s. Puis ce premier temps que vous nommez peut-\u00eatre \u00ab inclusion \u00bb, ces premiers \u00e9changes plus ou moins formels o\u00f9 chacun s\u2019exprime et fait groupe.<\/p>\n<p style=\"text-align: justify;\">J\u2019ai \u00e9t\u00e9 surpris de la facilit\u00e9 de certaines personnes \u00e0 d\u00e9crocher et s\u2019absenter des \u00e9changes et quitter le champ de la web cam. De fait, porter une attention constante exige une concentration que chacun maintien ou non.<\/p>\n<p style=\"text-align: justify;\">En p\u00e9riode de confinement, la visio-conf\u00e9rence s\u2019impose comme une \u00e9vidence pour ne pas \u00ab laisser tomber \u00bb ou de c\u00f4t\u00e9 des \u00e9quipes en attente et en demande de paroles sur leur pratique. L\u2019envisager en relai ponctuel avec un groupe qui a d\u00e9j\u00e0 travaill\u00e9 ensemble est une \u00e9tape, j\u2019h\u00e9siterai face \u00e0 une demande d\u2019usage exclusif de visioconf\u00e9rence. C\u2019est un outil amen\u00e9 \u00e0 \u00eatre apprivois\u00e9 dans d\u2019autres contextes que l\u2019APP.<\/p>\n<p style=\"text-align: justify;\"><strong>Caroline Bell<br \/>\n<\/strong><a href=\"mailto:catheo@icloud.com\">catheo@icloud.com<\/a><\/p>\n<p style=\"text-align: justify;\">L\u2019utilisation de la visioconf\u00e9rence pose le probl\u00e8me de la confidentialit\u00e9 et de la gestion des donn\u00e9es\u2026 Tout est archivable, tra\u00e7able sur la toile\u2026 Il convient de choisir des outils institutionnels, s\u2019ils existent, afin de garantir que le flux des donn\u00e9es soit crypt\u00e9 et que ces donn\u00e9es ne soient pas conserv\u00e9es. Du coup, \u00e9ventuellement des soucis avec Zoom ou d\u2019autres, sauf s&rsquo;ils sont int\u00e9gr\u00e9s et autoris\u00e9s par votre institution. Les outils doivent \u00eatre conformes au R\u00e8glement G\u00e9n\u00e9ral sur la Protection des Donn\u00e9es (RGPD).<\/p>\n<p style=\"text-align: justify;\">Voici quelques points posant questions de la politique RGPD de Zoom\u00a0:<\/p>\n<ul style=\"text-align: justify;\">\n<li>Les donn\u00e9es ne sont pas vendues<\/li>\n<li>Possibilit\u00e9 d\u2019enregistrer les donn\u00e9es et de les stocker sur leur Cloud<\/li>\n<li>Collecte de l\u2019adresse IP et des caract\u00e9ristiques du syst\u00e8me d\u2019exploitation<\/li>\n<li>Ils se disent conformes \u00e0 la loi am\u00e9ricaine quant \u00e0 la protection des donn\u00e9es<\/li>\n<\/ul>\n<p style=\"text-align: justify;\">Ces derni\u00e8res semaines, il semble que cette soci\u00e9t\u00e9 ait \u00e9t\u00e9 la cible de hackeurs qui revendent ensuite sur le <em>dark web<\/em> les donn\u00e9es recueillies.<\/p>\n<p style=\"text-align: justify;\">M\u00eame si un outil est conforme, le fait d\u2019adresser un lien de connexion par message priv\u00e9 ouvre le risque du piratage\u2026<\/p>\n<p style=\"text-align: justify;\">Autre question soulev\u00e9e : le cadre donn\u00e9 \u00e0 l\u2019APP peut se faire dans un milieu non professionnel, et du coup se pose la question de la confidentialit\u00e9 \u00e9galement.<\/p>\n<p style=\"text-align: justify;\">Il est possible \u00e0 chaque utilisateur d\u2019enregistrer la visio. Bien s\u00fbr, cela peut se faire si l\u2019ensemble des participants sont inform\u00e9s et donnent leur accord, \u00e9ventuellement dans l\u2019optique de la m\u00e9ta-analyse\u2026<\/p>\n<p style=\"text-align: justify;\"><strong>Blandine Bousquet<br \/>\n<\/strong><a href=\"mailto:b.l.bousquet@wanadoo.fr\">b.l.bousquet@wanadoo.fr<\/a><\/p>\n<p style=\"text-align: justify;\">\u00c9tant donn\u00e9 le contexte, j&rsquo;ai anim\u00e9 quelques s\u00e9ances d&rsquo;APP et supervision en \u00ab\u00a0visio\u00a0\u00bb ces derniers temps. J&rsquo;ai \u00e9t\u00e9 surprise que cela fonctionne aussi bien, venant ainsi bousculer quelques-unes de mes croyances.<\/p>\n<p style=\"text-align: justify;\">J&rsquo;ai utilis\u00e9 Zoom et Skype et ajout\u00e9 10 minutes en amont des s\u00e9ances pour les ajustements techniques. J&rsquo;\u00e9tais assez tendue au d\u00e9marrage des deux premi\u00e8res s\u00e9ances, craignant de ne rien maitriser de ces aspects techniques, or Zoom est tr\u00e8s facile d&rsquo;utilisation (payant). Maintenant je me sens \u00e0 l&rsquo;aise.<\/p>\n<p style=\"text-align: justify;\">J&rsquo;ai pris un peu de temps pour poser le cadre en rappelant que ces syst\u00e8mes ne sont pas s\u00e9curis\u00e9s mais que les informations que nous allions \u00e9changer avaient sans doute peu d\u2019int\u00e9r\u00eat l\u00e0-bas dans la Silicon Valley\u00a0; toutefois il est sans doute pr\u00e9f\u00e9rable de fermer toutes les applications ouvertes et d&rsquo;utiliser un PC pro. Mais \u00e0 lire le mail tr\u00e8s \u00e9clairant de Caroline cela me donne des infos plus pr\u00e9cises.<\/p>\n<p style=\"text-align: justify;\">Je conseille aux participants de s&rsquo;installer \u00e0 l&rsquo;\u00e9cart, au calme et demande de fermer les micros lorsque l&rsquo;on ne s&rsquo;exprime pas. Je propose \u00e0 ceux qui le souhaitent de fermer de temps en temps leur cam\u00e9ra si celle-ci les d\u00e9range en envoyant un message \u00e9crit au groupe pour pr\u00e9venir (facile dans la barre de Zoom sous les images). \u00ab\u00a0Je coupe mon image quelques instants mais je suis pr\u00e9sent\u00a0\u00bb. Il est arriv\u00e9 deux fois que des personnes aient souhait\u00e9 s&rsquo;exprimer cam\u00e9ra \u00e9teinte, pour moi c&rsquo;est ok.<\/p>\n<p style=\"text-align: justify;\">J&rsquo;ai eu de 2 \u00e0 10 personnes dans mes groupes et cela s&rsquo;est tr\u00e8s bien pass\u00e9. Les participants se coupent beaucoup moins la parole qu&rsquo;en pr\u00e9sentiel. Mais je dois dire que toutes les personnes que j&rsquo;ai eues jusqu&rsquo;\u00e0 pr\u00e9sent \u00e9taient volontaires. Je pense que je n&rsquo;animerai pas un groupe d&rsquo;APP en visioconf\u00e9rence avec des personnes ne souhaitant pas \u00eatre l\u00e0.<\/p>\n<p style=\"text-align: justify;\">Un peu de cr\u00e9ativit\u00e9 est n\u00e9cessaire pour les inclusions\u00a0; pour ma part j&rsquo;ai fait appel aux m\u00e9taphores : \u00ab\u00a0si j&rsquo;\u00e9tais un paysage aujourd\u2019hui, \u00e0 l&rsquo;instant o\u00f9 je parle, ce serait &#8230; et pourquoi\u00a0\u00bb (par exemple).<\/p>\n<p style=\"text-align: justify;\">Sur une s\u00e9ance d&rsquo;APP o\u00f9 les personnes \u00e9taient surtout tr\u00e8s heureuses de se retrouver entre coll\u00e8gues et n&rsquo;avaient pas de sujet autre que l&rsquo;envie de partager, j&rsquo;ai propos\u00e9 une \u00ab\u00a0inclusion inclusive\u00a0\u00bb qui a dur\u00e9 l&rsquo;ensemble du temps de la s\u00e9ance.<\/p>\n<p style=\"text-align: justify;\">Quelques minutes au narrateur A pour s&rsquo;exprimer sur son \u00e9tat, sa situation &#8211; les autres \u00e9coutent sans intervenir &#8211; puis chacun r\u00e9agit tour \u00e0 tour sur les propos de A sans jugement, sans opinion mais en disant ce qui l&rsquo;a touch\u00e9, ce qui a capt\u00e9 l&rsquo;attention et ce que cela nous dit de ce \u00e0 quoi A accorde de la valeur dans sa vie.<\/p>\n<p style=\"text-align: justify;\">Puis, qu&rsquo;est-ce que ces mots et expressions entendus ont \u00e9veill\u00e9 en nous dans notre propre histoire personnelle.<\/p>\n<p style=\"text-align: justify;\">Puis A exprime ce qui l&rsquo;a \u00e9mu, touch\u00e9, int\u00e9ress\u00e9 dans ce qu&rsquo;il a entendu.<\/p>\n<p style=\"text-align: justify;\">C&rsquo;est un tr\u00e8s bel exercice mais il faut \u00eatre vigilant sur le cadre, sur la gestion du temps aussi. Tout le monde s&rsquo;exprime. La formulation des questions au collectif doit \u00eatre claire. Les r\u00e8gles sont pos\u00e9es en amont. Cet exercice est inspir\u00e9 des Pratiques Narratives et plus particuli\u00e8rement des questions pos\u00e9es aux t\u00e9moins ext\u00e9rieurs dans les c\u00e9r\u00e9monies d\u00e9finitionnelles (White, M. (2009). <em>Cartes des pratiques narratives<\/em>. Le Germe pp. 195-196).<\/p>\n<p style=\"text-align: justify;\">Si l&rsquo;exercice int\u00e9resse certains d&rsquo;entre vous, je peux le partager avec plus de pr\u00e9cision mais encore une fois cela prend beaucoup de temps et donc oubli\u00e9e l&rsquo;APP !!! C&rsquo;est possible dans certaines situations avec un groupe assez avanc\u00e9 et pas nombreux (pas plus de 6 personnes). C&rsquo;est la description de ton groupe, Laurent, qui m&rsquo;a fait penser \u00e0 cela.<\/p>\n<p style=\"text-align: justify;\">Dans le cas d&rsquo;une simple inclusion, le Covid \u00e9tant dans tous les esprits, je lui laisse une place en d\u00e9but de r\u00e9union. En APP, le covid est au c\u0153ur des \u00e9changes par le biais du confinement ou la peur des personnes sur le terrain ou leur difficult\u00e9 \u00e0 travailler ou le manque de mat\u00e9riel de protection etc. Et le deuil aussi parfois.<\/p>\n<p style=\"text-align: justify;\">L\u2019accueil des \u00e9motions est plus difficile \u00e0 distance.<\/p>\n<p style=\"text-align: justify;\"><strong>Marc Thi\u00e9baud<br \/>\n<\/strong><a href=\"mailto:marc.thiebaud@net2000.ch\">marc.thiebaud@net2000.ch<\/a><\/p>\n<p style=\"text-align: justify;\">Mon exp\u00e9rience des s\u00e9ances d&rsquo;APP \u00e0 distance date d&rsquo;il y a un an\u2026 et je me demandais, avant le chamboulement que l&rsquo;on vit actuellement, si j&rsquo;allais les d\u00e9velopper davantage. J&rsquo;\u00e9tais h\u00e9sitant, je d\u00e9sirais explorer certaines possibilit\u00e9s (d\u00e9j\u00e0 pour r\u00e9duire mon\/notre empreinte CO2), mais je ne sentais pas encore que c\u2019\u00e9tait m\u00fbr, ni \u00e0 mon niveau, ni en ce qui concerne les participants des groupes que j&rsquo;anime. Maintenant, avec le Covid-19, cette question ne se pose plus. J\u2019ai eu des s\u00e9ances d\u2019APP \u00e0 distance r\u00e9cemment et des s\u00e9ances sont pr\u00e9vues dans les semaines \u00e0 venir.<\/p>\n<p style=\"text-align: justify;\">Mais cela soul\u00e8ve pour moi d&rsquo;autres questions.<\/p>\n<p style=\"text-align: justify;\">1)<\/p>\n<p style=\"text-align: justify;\">Dans une APP en pr\u00e9sentiel, beaucoup de choses peuvent \u00eatre v\u00e9cues, communiqu\u00e9es, r\u00e9alis\u00e9es, qui ne sont pas possibles \u00e0 distance.<\/p>\n<p style=\"text-align: justify;\"><em>Qu&rsquo;est-ce que cela implique\u00a0? Qu\u2019est-ce qui sera diff\u00e9rent que je dois apprendre \u00e0 accepter ?<\/em><\/p>\n<p style=\"text-align: justify;\">Dans les groupes que j&rsquo;anime, on travaille beaucoup en intelligence collective, la parole circule librement entre les participants, elle rebondit fr\u00e9quemment, ouvrant de nouvelles perspectives\u2026 il est difficile de vivre la m\u00eame exp\u00e9rience \u00e0 distance, d\u00e8s que l&rsquo;on est davantage que trois ou quatre personnes. On peut cependant se concerter sur diff\u00e9rentes mani\u00e8res de proc\u00e9der, faire un geste pour signaler que l&rsquo;on veut prendre la parole. On peut aussi convenir que l&rsquo;on va s&rsquo;exprimer, pour commencer, chacun une fois, dans une parole en tour \u00ab\u00a0de table\u00a0\u00bb qui peut se prendre au moment o\u00f9 chacun le sent.<\/p>\n<p style=\"text-align: justify;\">On mobilise bien davantage que la parole : le mouvement dans l&rsquo;espace, le jeu de r\u00f4le, l&rsquo;utilisation de dessins, sch\u00e9mas, cartes-images, objets, ainsi que des \u00e9changes en duos ou en sous-groupe, etc. Il faut pratiquement aussi y renoncer en travail \u00e0 distance.<\/p>\n<p style=\"text-align: justify;\">Nous nous rencontrons g\u00e9n\u00e9ralement sur une demi-journ\u00e9e ou une journ\u00e9e pleine\u2026 pas envisageable \u00e0 distance. Je propose deux heures \u00e0 2h30, c&rsquo;est un maximum je trouve.<\/p>\n<p style=\"text-align: justify;\">Un travail sur une certaine dur\u00e9e en pr\u00e9sentiel favorise une intensit\u00e9, une implication \u00e9motionnelle, des approfondissements, des mises en lien, des analyses \u00ab m\u00e9ta \u00bb. Cela me tient \u00e0 c\u0153ur et tient \u00e0 c\u0153ur aussi aux participants. Il nous faut accepter que c\u2019est plus limit\u00e9 en visioconf\u00e9rence.<\/p>\n<p style=\"text-align: justify;\">Dans mes animations, je me fie beaucoup \u00e0 la dynamique du groupe, \u00e0 ce que je sens qui passe comme \u00e9nergie dans le groupe (c\u2019est un ressenti physique), \u00e0 toutes les communications non verbales avec et entre les participants, qui vivent beaucoup de libert\u00e9 et de spontan\u00e9it\u00e9 dans le groupe. En travail \u00e0 distance, je dois y renoncer en partie, mon animation est plus structur\u00e9e, guid\u00e9e. Nous pouvons cependant aussi r\u00e9guler au fur et \u00e0 mesure et nous m\u00e9ta-communiquons davantage par la parole.<\/p>\n<p style=\"text-align: justify;\">On s\u2019adapte. Pour moi, ce cheminement se fait peu \u00e0 peu\u2026 je vois que les s\u00e9ances d&rsquo;APP \u00e0 distance ne permettent pas seulement de rester en lien, elles ont aussi des aspects positifs\u00a0; \u00e0 mesure que j\u2019en accepte les limites, cela laisse de la place pour d\u00e9velopper d&rsquo;autres choses\u2026<\/p>\n<p style=\"text-align: justify;\">2)<\/p>\n<p style=\"text-align: justify;\">Cette situation totalement in\u00e9dite que nous vivons est aussi une opportunit\u00e9 pour explorer d&rsquo;autres mani\u00e8res de faire. C\u2019est tr\u00e8s stimulant d&rsquo;exp\u00e9rimenter des modalit\u00e9s de travail que l&rsquo;on n\u2019aurait peut-\u00eatre pas imagin\u00e9es dans les groupes que j&rsquo;anime.<\/p>\n<p style=\"text-align: justify;\"><em>Qu&rsquo;est-ce qu&rsquo;il est b\u00e9n\u00e9fique de d\u00e9velopper autrement dans une s\u00e9ance \u00e0 distance ?<br \/>\nEn quoi vaut-il la peine d\u2019innover ?<\/em><\/p>\n<p style=\"text-align: justify;\">Ma r\u00e9flexion fait \u00e9cho notamment \u00e0 ton t\u00e9moignage Blandine. J&rsquo;ai bien appr\u00e9ci\u00e9 de lire l\u2019exp\u00e9rience de partage et d&rsquo;\u00e9coute, \u00e0 tour de r\u00f4le, que tu as propos\u00e9e dans ton groupe ! Il y a beaucoup de mani\u00e8res d&rsquo;envisager une s\u00e9ance \u00e0 distance\u2026 d&rsquo;improviser aussi en fonction de ce que les participants apportent comme pr\u00e9occupations. Cela rejoint mon int\u00e9r\u00eat pour travailler diff\u00e9rentes modalit\u00e9s en compl\u00e9mentarit\u00e9 dans les groupes que j&rsquo;anime. Notamment en combinant l&rsquo;accompagnement d&rsquo;un exposant (qui reste la mani\u00e8re la plus fr\u00e9quente pour moi, en visio comme en pr\u00e9sentiel) + les \u00e9changes de pratiques et d&rsquo;exp\u00e9riences.<\/p>\n<p style=\"text-align: justify;\">J\u2019animais l&rsquo;autre jour en visioconf\u00e9rence un groupe de cinq accompagnants d&rsquo;\u00e9l\u00e8ves en difficult\u00e9s en milieu scolaire. Les participants ont appr\u00e9ci\u00e9 de pouvoir exprimer, chacun, les pr\u00e9occupations qui les habitent par rapport \u00e0 la mani\u00e8re dont ils peuvent envisager leur r\u00f4le maintenant \u00e0 distance. Cela a commenc\u00e9 par une demande apport\u00e9e par une participante. Nous l\u2019avons \u00e9cout\u00e9e. Puis apr\u00e8s deux ou trois questions de clarification, cela s&rsquo;est poursuivi dans un partage entre tous, qui a suscit\u00e9 de nombreuses ouvertures. Nous n\u2019avons pas proc\u00e9d\u00e9 \u00e0 une analyse sp\u00e9cifique de la pratique d\u2019une exposante. Mais apr\u00e8s l\u2019\u00e9change, chacun a apport\u00e9 un retour r\u00e9flexif sur sa pratique.<\/p>\n<p style=\"text-align: justify;\">A un autre moment, par rapport \u00e0 une situation difficile apport\u00e9e par une participante \u00e0 distance, nous avons pass\u00e9 beaucoup moins de temps qu&rsquo;habituellement \u00e0 explorer ses v\u00e9cus et sa pratique\u2026 mais nous avons plut\u00f4t \u00ab brainstorm\u00e9 \u00bb. D&rsquo;abord sur tous les d\u00e9fis que pose cette situation\u00a0; puis sur diff\u00e9rentes options qui pourraient \u00eatre explor\u00e9es et exp\u00e9riment\u00e9es. Moins d\u2019hypoth\u00e8ses de compr\u00e9hension approfondies, mais davantage de partages cr\u00e9atifs je dirais. Les participants \u00e9taient tr\u00e8s satisfaits et leurs r\u00e9flexions en fin de s\u00e9ance montraient que cela les avait \u00e9galement conduits \u00e0 analyser leur pratique.<\/p>\n<p style=\"text-align: justify;\">Pour faciliter la communication, j\u2019ai tendance en visioconf\u00e9rence \u00e0 inviter les participants \u00e0 identifier rapidement des angles ou des dimensions d&rsquo;analyse que l&rsquo;on va privil\u00e9gier\u2026 ce qui donne des points de rep\u00e8re pour le partage des hypoth\u00e8ses et analyse. Dans ce travail \u00e0 distance, je per\u00e7ois aussi que des pauses r\u00e9flexives, quelques minutes, en individuel, sont bienvenues, elles reposent aussi par rapport \u00e0 la communication.<\/p>\n<p style=\"text-align: justify;\">Cela peut prendre d\u2019autres formes parfois, riches, apprenantes, \u00e0 d\u00e9velopper, \u00e0 inventer\u2026<\/p>\n<p style=\"text-align: justify;\">3)<\/p>\n<p style=\"text-align: justify;\">J&rsquo;en viens progressivement \u00e0 me dire que le travail \u00e0 distance ne fait pas qu&rsquo;enlever quelque chose au pr\u00e9sentiel. Il pourrait s&rsquo;inscrire en compl\u00e9mentarit\u00e9. Quand je pense au futur, je me pose maintenant la question :<\/p>\n<p style=\"text-align: justify;\"><em>Qu&rsquo;est-ce qui peut favoriser un enrichissement mutuel entre analyse de pratique en pr\u00e9sentiel et \u00e0 distance ? \u00a0Comment penser leurs potentielles compl\u00e9mentarit\u00e9s ?<\/em><\/p>\n<p style=\"text-align: justify;\"><strong>Laurent Lebrun<br \/>\n<\/strong><a href=\"mailto:laurent.lebrun27@gmail.com\">laurent.lebrun27@gmail.com<\/a><\/p>\n<p style=\"text-align: justify;\">Merci \u00e0 ceux et celles qui ont r\u00e9pondu \u00e0 ma sollicitation. Elle portait sur les vigilances \u00e0 avoir pour animer une s\u00e9ance APP \u00e0 distance. Je vous fais maintenant un retour de ma s\u00e9ance \u00e0 distance.\u00a0 J&rsquo;ai senti que j&rsquo;avais autant \u00e0 partager sur mon propre cheminement avant la s\u00e9ance que de la s\u00e9ance elle-m\u00eame. Pas pour parler de moi \u00e0 partir d&rsquo;un endroit d&rsquo;\u00e9go mais pour partager comment j&rsquo;ai chemin\u00e9 afin d\u2019effectuer la bascule et trouver une posture ok.<\/p>\n<p style=\"text-align: justify;\">Un collectif de travailleurs sociaux m\u2019a demand\u00e9 il y a deux semaines s\u2019il \u00e9tait possible de mettre en place une s\u00e9ance d\u2019APP \u00e0 distance. Le groupe est compos\u00e9 de 7 professionnels que les accompagne depuis six mois \u00e0 raison d\u2019une s\u00e9ance toutes les 6 semaines. Je ne m\u2019attendais pas \u00e0 cette sollicitation. Pourtant, j\u2019ai r\u00e9pondu : \u00ab volontiers, j\u2019organise cela via la plateforme Zoom \u00bb. Je ne m\u2019y attendais d\u2019autant pas car je suis au d\u00e9part quelqu\u2019un qui ne con\u00e7oit pas l\u2019accompagnement \u00e0 distance et encore moins lorsqu\u2019il s\u2019agit d\u2019un groupe. Une croyance forte chez moi depuis longtemps est que seul un accompagnement physique, de proximit\u00e9, peut \u00eatre de qualit\u00e9. N\u00e9anmoins, j\u2019ai accompagn\u00e9 deux personnes pour une s\u00e9ance de coaching \u00e0 travers l\u2019\u00e9cran et elles \u00e9taient satisfaites du travail r\u00e9alis\u00e9. Moi, pas totalement.<\/p>\n<p style=\"text-align: justify;\">Au-del\u00e0 de mes limites techniques li\u00e9es \u00e0 l\u2019informatique et du peu d\u2019int\u00e9r\u00eat que je porte \u00e0 l\u2019outil ordinateur, je faisais une liste de tout ce qui peut manquer dans le distanciel et ce \u00e0 quoi je suis particuli\u00e8rement sensible\u00a0:<\/p>\n<ul style=\"text-align: justify;\">\n<li>le travail plus fin sur la gestion des \u00e9motions lorsqu\u2019elles s\u2019expriment\u00a0;<\/li>\n<li>l\u2019expression corporelle et la communication non verbale qui donnent des indications lorsque les mots ne viennent pas ou ne suffisent plus\u00a0;<\/li>\n<li>la dimension transf\u00e9rentielle et contre-transf\u00e9rentielle\u00a0;<\/li>\n<li>les regards qui s\u2019appellent et qui parlent de la constitution du groupe et de sa dynamique\u00a0;<\/li>\n<li>les diff\u00e9rentes interactions entre les participants et moi-m\u00eame ;<\/li>\n<li>les indices de saturations et de d\u00e9crochage ;<\/li>\n<li>ne pas pouvoir utiliser les outils tels que le photolangage, les figurines, les jeux de r\u00f4le ;<\/li>\n<li>et si la connexion est mauvaise et qu\u2019il y a des <em>bugs<\/em>.<\/li>\n<\/ul>\n<p style=\"text-align: justify;\">Et aussi tout simplement :<\/p>\n<ul style=\"text-align: justify;\">\n<li>se dire bonjour en se serrant la main ;<\/li>\n<li>boire le caf\u00e9 et le th\u00e9 ensemble ;<\/li>\n<li>partager les chouquettes en d\u00e9but de s\u00e9ance ;<\/li>\n<li>sentir l\u2019ambiance et les odeurs du lieu ;<\/li>\n<li>faire le trajet entre chez moi et l\u2019\u00e9tablissement (moment si important de centrage et de pr\u00e9paration pour moi) ;<\/li>\n<li>etc.<\/li>\n<\/ul>\n<p style=\"text-align: justify;\">M\u00eame si je r\u00e9ponds vite positivement, je sais que je le fais aussi pour certaines raisons\u00a0:<\/p>\n<ul style=\"text-align: justify;\">\n<li>la demande vient de l\u2019\u00e9quipe et montre l\u2019int\u00e9r\u00eat qu\u2019elle porte au dispositif\u00a0;<\/li>\n<li>l\u2019effectif de 7 personnes est raisonnable\u00a0;<\/li>\n<li>j\u2019ai un bon lien avec chacune d\u2019entre elles, l\u2019alliance s\u2019est vite construite avec ce collectif\u00a0;<\/li>\n<li>je sais qu\u2019ils me font confiance\u00a0;<\/li>\n<li>ils vivent depuis quelques mois dans un contexte difficile et ils ressentent du d\u00e9couragement par rapport \u00e0 certaines situations qu\u2019ils rencontrent de plus en plus souvent.<\/li>\n<\/ul>\n<p style=\"text-align: justify;\">Nous avons donc programm\u00e9 la s\u00e9ance, j\u2019ai pris un abonnement professionnel chez Zoom\u2026 puis, j\u2019ai vite \u00e9t\u00e9 rattrap\u00e9 par une forme d\u2019appr\u00e9hension. Je me suis mis une pression forte. Mon mental m\u2019a ramen\u00e9 plusieurs fois \u00e0 la rencontre de mon censeur int\u00e9rieur. Et qu\u2019est-ce qu\u2019il me disait mon censeur ?<\/p>\n<ul style=\"text-align: justify;\">\n<li>Laurent, tu ne ma\u00eetrises pas assez bien toutes les fonctionnalit\u00e9s de Zoom\u00a0; tu ne sauras pas les guider s\u2019ils rencontrent des probl\u00e8mes techniques.<\/li>\n<li>Tu vas rater plein de petits moments essentiels auxquels tu n\u2019auras pas acc\u00e8s \u00e0 travers l\u2019\u00e9cran et qui sont tellement r\u00e9v\u00e9lateurs.<\/li>\n<li>Tu dois pr\u00e9parer et travailler davantage la s\u00e9ance en amont pour g\u00e9rer la r\u00e9union de fa\u00e7on optimale.<\/li>\n<\/ul>\n<p style=\"text-align: justify;\">Et mon syndrome de l\u2019imposteur qui en rajoute un peu du genre : \u00ab et tu es qui toi pour t\u2019autoriser \u00e0 accompagner \u00e0 distance. Tu n\u2019as ni la comp\u00e9tence, ni l\u2019exp\u00e9rience \u00bb.<\/p>\n<p style=\"text-align: justify;\">Bref, quelques moments entre moi et moi pas faciles et dont j\u2019avais du mal \u00e0 m\u2019extraire. Qu\u2019est ce qui m\u2019a fait basculer ? Une balade en for\u00eat avec mon \u00e9pouse \u00e0 qui j\u2019ai demand\u00e9 de l\u2019aide et du soutien. J\u2019avais \u00e0 l\u00e2cher prise. Je devais accepter que la s\u00e9ance puisse \u00eatre diff\u00e9rente, que je ne ma\u00eetrisais pas grand-chose \u00e0 l\u2019avance. Accepter que je ne vais peut-\u00eatre pas \u00eatre au top mais un excellent d\u00e9butant dans ce mode d\u2019accompagnement. Accepter de faire des erreurs, les reconna\u00eetre et les partager si n\u00e9cessaire. Accepter que la s\u00e9ance sera ce qu\u2019elle sera, \u00e0 savoir, soit un r\u00e9el temps d\u2019APP mais peut-\u00eatre seulement (et c\u2019est suffisant) un temps de partage entre eux sur l\u2019actualit\u00e9, la situation li\u00e9e \u00e0 la crise sanitaire, leur fa\u00e7on de vivre et traverser cette p\u00e9riode.<\/p>\n<p style=\"text-align: justify;\">\u00catre pr\u00eat et dispos\u00e9 \u00e0 tout accueillir finalement et laisser de c\u00f4t\u00e9 le protocole et la structuration \u00ab classique \u00bb des s\u00e9ances. \u00catre ok avec le fait que le cadre \u00ab habituel \u00ab que je pose ne serait peut-\u00eatre pas respect\u00e9 voire m\u00eame bouscul\u00e9. L\u00e2cher avec mes attentes, ne pas me fixer d\u2019objectifs. \u00catre l\u00e0 et pleinement l\u00e0, pr\u00e9sent et disponible \u00e0 eux.<\/p>\n<p style=\"text-align: justify;\">J\u2019ai de la gratitude pour cette balade et de la reconnaissance pour mon \u00e9pouse qui \u00e9tait au jute endroit pour m\u2019accompagner et me faire <em>switcher<\/em> dans une perspective agr\u00e9able et joyeuse de retrouver ce groupe et de me mettre \u00e0 sa disposition.<\/p>\n<p style=\"text-align: justify;\">Une fois cette bascule op\u00e9r\u00e9e chez moi, mes id\u00e9es \u00e9taient claires. Je leur ai envoy\u00e9 un mail pour leur signifier combien j\u2019\u00e9tais ravi de les retrouver et les f\u00e9liciter d\u2019avoir pris cette initiative et formuler leur demande. Je leur ai pr\u00e9cis\u00e9 que c\u2019\u00e9tait une premi\u00e8re pour moi et que j\u2019avais confiance que nous r\u00e9aliserions une bonne s\u00e9ance quel que soit les sujets et ou th\u00e9matiques abord\u00e9es. J\u2019ai rappel\u00e9 le 4\u00e8me accord Tolt\u00e8ques nous invitant \u00e0 faire de notre mieux.<\/p>\n<p style=\"text-align: justify;\">Je les ai invit\u00e9s \u00e0 se mettre dans les meilleures conditions possibles pour cette s\u00e9ance (deux \u00e9taient sur leur lieu professionnel et les cinq autres \u00e0 leur domicile).<\/p>\n<p style=\"text-align: justify;\">Je leur ai propos\u00e9 de prendre un temps en d\u00e9but de s\u00e9ance pour poser quelques r\u00e8gles facilitant la fluidit\u00e9 et la circulation de la parole. Je les ai invit\u00e9s aussi \u00e0 se munir d\u2019une feuille et d\u2019un stylo (ce que je ne fais jamais) et de me contacter s\u2019ils avaient des probl\u00e8mes techniques. C\u2019est vous dire les autorisations que je me suis donn\u00e9es.<\/p>\n<p style=\"text-align: justify;\">Le jour dit\u00a0: je lance la r\u00e9union pour \u00eatre le premier et accueillir les participants.\u00a0 Deux personnes sont d\u00e9j\u00e0 l\u00e0 en attente. Nous nous saluons et nous nous sourions. Quatre autres arrivent tr\u00e8s rapidement. La derni\u00e8re a des soucis de connexion. Nous l\u2019entendons mais sa cam\u00e9ra ne s\u2019active pas. Le groupe lui donne quelques conseils techniques en vain. 15 minutes passent \u00e0 r\u00e9gler cette difficult\u00e9. Accepter de \u00ab perdre \u00ab et prendre le temps pour que tous soient l\u00e0, visibles \u00e0 travers l\u2019\u00e9cran.<\/p>\n<p style=\"text-align: justify;\">La technique \u00e9tant r\u00e9solue, je leur propose un temps d\u2019inclusion et de m\u00e9t\u00e9o du jour orient\u00e9 autour des points suivants :<\/p>\n<ul style=\"text-align: justify;\">\n<li>Comment allez-vous ?<\/li>\n<li>Comment vivez-vous la situation actuelle (sans pr\u00e9ciser si c\u2019est dans le cadre professionnel ou personnel) ?<\/li>\n<li>D\u2019o\u00f9 parlez-vous (ce n\u2019est pas neutre d\u2019entrer en partie dans l\u2019intimit\u00e9 du domicile) ?<\/li>\n<li>Qu\u2019attendez-vous de cette s\u00e9ance ? Quels sont vos besoins et attentes ?<\/li>\n<\/ul>\n<p style=\"text-align: justify;\">Volontairement, je d\u00e9cide de ne pas donner d\u2019indications de temps pour cette premi\u00e8re \u00e9tape, pr\u00eat \u00e0 laisser chacun s\u2019exprimer sans se sentir limit\u00e9 ni dans ses propos, ni dans la dur\u00e9e. Finalement, chacun s\u2019exprime \u00e0 tour de r\u00f4le assez facilement et rapidement. Je sens d\u00e9j\u00e0 que chacun est pr\u00e9sent, disponible et \u00e0 l\u2019\u00e9coute. Ils expriment tous le plaisir qu\u2019ils ont de se voir et de s\u2019entendre. Il y a trois sujets de travail exprim\u00e9s dont un qui est prioritaire car il porte sur l\u2019ins\u00e9curit\u00e9 que vivent plusieurs d\u2019entre eux dans le cadre de leurs missions et des diff\u00e9rentes formes d\u2019agressions qu\u2019ils ont v\u00e9cues.<\/p>\n<p style=\"text-align: justify;\">Je prends la parole pour proposer une synth\u00e8se de ce que j\u2019ai entendu (feed-back groupal). Avant de laisser chacun s\u2019exprimer, je leur propose de poser quelques r\u00e8gles pour que nos \u00e9changes et modes de communication soient dynamiques et agr\u00e9ables pour chacun. Nous retenons les r\u00e8gles suivantes :<\/p>\n<ul style=\"text-align: justify;\">\n<li>chacun s\u2019exprimera s\u2019il le souhaite ;<\/li>\n<li>la personne qui veut prendre la parole l\u00e8ve la main pour le signifier ;<\/li>\n<li>quand j\u2019ai termin\u00e9 de parler, je dis \u00ab j\u2019ai fini\u00a0\u00bb ;<\/li>\n<li>le groupe demande \u00e0 ce que ce soit moi qui \u00ab dispatche \u00bb la parole ;<\/li>\n<li>nous ferons au moins deux pauses de 10 minutes.<\/li>\n<\/ul>\n<p style=\"text-align: justify;\">Je fais ensuite un rapide retour sur la question de la confidentialit\u00e9 partageant, entre autres, que cette plateforme n\u2019est pas la plus r\u00e9put\u00e9e pour sa s\u00e9curit\u00e9 et qu\u2019en m\u00eame temps le risque est faible.<\/p>\n<p style=\"text-align: justify;\">Le sujet apport\u00e9, li\u00e9 au v\u00e9cu et au sentiment d\u2019ins\u00e9curit\u00e9 sur le lieu de travail, m\u00e9rite que chacun partage concr\u00e8tement les formes d\u2019agression qu\u2019il a subi. Je leur propose tour \u00e0 tour de mettre en mots (et d\u2019une certaine fa\u00e7on en maux) leurs exp\u00e9riences respectives. A partir de l\u00e0, la s\u00e9ance s\u2019installe dans un protocole assez classique (dans une perspective proche du cod\u00e9veloppement que j\u2019utilise volontiers). Cela s&rsquo;est mis en place presque naturellement.<\/p>\n<ul style=\"text-align: justify;\">\n<li>Expression individuelle libre sans r\u00e9action des membres du groupe<\/li>\n<li>D\u00e9finition collective de ce que le groupe souhaite questionner \u00e0 partir de ce th\u00e8me<\/li>\n<li>R\u00e9flexion, analyse, hypoth\u00e8se, confrontations partag\u00e9es collectivement<\/li>\n<li>Incidences sur les pratiques et postures professionnelles<\/li>\n<li>Pistes et options d\u2019actions possibles<\/li>\n<\/ul>\n<p style=\"text-align: justify;\">La parole circule facilement et tous participent. Ils sont concentr\u00e9s, respectueux les uns des autres et bienveillants entre eux. Je sers de chef d\u2019orchestre certainement comme un r\u00e9alisateur aux manettes dans son car-r\u00e9gie pour la retransmission d\u2019un \u00e9v\u00e8nement sportif. Mon \u0153il balaie rapidement et constamment les diff\u00e9rents \u00e9crans afin de m\u2019assurer que ceux qui veulent t\u00e9moigner puisse le faire. Je relance par une question ouverte \u00e0 partir des mots et expressions entendues en les invitant \u00e0 utiliser le \u00ab je \u00ab et non le \u00ab nous \u00ab ou le \u00ab on \u00bb.<\/p>\n<p style=\"text-align: justify;\">La s\u00e9ance se d\u00e9roule bien et vite. En fonction du temps qui passe, je reste vigilant \u00e0 ce que les diff\u00e9rentes \u00e9tapes de mon protocole s&rsquo;articulent et s&rsquo;enchainent logiquement. Finalement, nous ferons qu\u2019une seule pause de cinq minutes, personne n\u2019en r\u00e9clamant une seconde et moi n\u2019y pensant m\u00eame plus \u00e0 la proposer. Le travail et la r\u00e9flexion sont de qualit\u00e9. Ils envisagent plusieurs d\u00e9marches \u00e0 mettre en place et se mettent d\u2019accord sur la mani\u00e8re dont ils vont interpeler leur responsable.<\/p>\n<p style=\"text-align: justify;\">Je leur signifie que l\u2019heure avan\u00e7ant, nous allons bient\u00f4t cl\u00f4turer la s\u00e9ance. Je leur demande de partager comment et avec quoi ils repartent. Ils sont tous satisfaits, surpris qu\u2019il soit d\u00e9j\u00e0 le temps de se s\u00e9parer. Ils ont tous senti la solidit\u00e9 de l\u2019\u00e9quipe et sont rassur\u00e9s sur leurs capacit\u00e9s d\u2019entre aide m\u00eame \u00e0 distance. Ils ont appr\u00e9ci\u00e9 que je ne les laisse pas s\u2019engouffrer dans la plainte et la critique envers leur direction pour pouvoir se responsabiliser de nouveau, \u00eatre acteur et force de propositions. Cinq d\u2019entre eux disent qu\u2019ils appr\u00e9hendaient finalement la s\u00e9ance \u00e0 distance mais qu\u2019ils l\u2019ont bien v\u00e9cue. Il y a des sourires sur chaque visage et ils prennent le temps de se dire au revoir en faisant des signes de la main.<\/p>\n<p style=\"text-align: justify;\">Et en ce qui me concerne : j&rsquo;\u00e9tais particuli\u00e8rement fatigu\u00e9 \u00e0 l&rsquo;issue de la s\u00e9ance alors que dans le m\u00eame temps il me semble que je suis rest\u00e9 davantage en retrait, laissant encore plus que d&rsquo;habitude le groupe cheminer et r\u00e9fl\u00e9chir sur la th\u00e9matique abord\u00e9e. Je ne me suis pas senti stress\u00e9. Je me sentais de mieux en mieux au fur et \u00e0 mesure du d\u00e9roulement de la s\u00e9ance.<\/p>\n<p style=\"text-align: justify;\">O\u00f9 j\u2019en suis trois jours apr\u00e8s\u00a0?<\/p>\n<p style=\"text-align: justify;\">D\u00e9j\u00e0, j\u2019appr\u00e9hende diff\u00e9remment la s\u00e9ance avec un autre groupe qui aura lieu prochainement. Je vais rester dans le m\u00eame \u00e9tat d\u2019esprit tout en accueillant l\u2019id\u00e9e que cela pourrait se passer diff\u00e9remment. J\u2019appr\u00e9cie le chemin que cela me fait faire et de m\u2019ouvrir \u00e0 des possibles que je n\u2019imaginais pas. Je n\u2019ai pas l\u2019intention de devenir un \u00ab expert \u00bb de la relation et de l\u2019accompagnement \u00e0 distance. En revanche, je suis en train de faire de la place \u00e0 cette fa\u00e7on de faire et de l\u2019int\u00e9grer comme un outil, une technique, une approche suppl\u00e9mentaire et compl\u00e9mentaire \u00e0 ma pratique et ma posture professionnelle.<\/p>\n<p style=\"text-align: justify;\">Je mets de l\u2019int\u00e9r\u00eat, du sens et de la valeur \u00e0 cette forme d\u2019accompagnement. Et je sais qu\u2019en faisant ce travail pour moi, \u00e0 l\u2019int\u00e9rieur de moi, les autres s\u2019y engageront d\u2019autant plus ais\u00e9ment.<\/p>\n<p style=\"text-align: justify;\">La r\u00e9solution du probl\u00e8me est d\u2019abord \u00e0 faire chez moi plut\u00f4t que d\u2019imaginer, cogiter comment les personnes accompagn\u00e9es vont vivre ces moments. Je serai d\u2019autant plus disponible et en capacit\u00e9 d\u2019\u00e9couter leurs r\u00e9serves et r\u00e9sistances, une fois que j\u2019aurai travers\u00e9 les miennes.<\/p>\n<p style=\"text-align: justify;\"><strong>Alain Cartigny<br \/>\n<\/strong><a href=\"mailto:alaincartigny@orange.fr\">alaincartigny@orange.fr<\/a><\/p>\n<p style=\"text-align: justify;\">Bonjour Laurent,<\/p>\n<p style=\"text-align: justify;\">Merci pour ce t\u00e9moignage qui me semble apporter des r\u00e9ponses aux questions que je me pose en ce qui concerne une s\u00e9ance d\u2019APP \u00e0 distance. Avec les \u00e9tudiants de l\u2019\u00e9cole d\u2019IBODE, qui sont presque tous mobilis\u00e9s sur le front du COVI 19 depuis plus de 4 semaines, nous envisageons la reprise du cours de la formation (en 18 mois) \u00e0 distance, \u00e0 l\u2019aide de plusieurs outils num\u00e9riques. L\u2019analyse des pratiques professionnelles fait partie int\u00e9grante de notre dispositif de formation, se posait le probl\u00e8me de la reprise de cette activit\u00e9, avec la limite de la distance.<\/p>\n<p style=\"text-align: justify;\">Comment organiser une s\u00e9ance \u00e0 distance, en gardant la coh\u00e9sion du groupe, en permettant \u00e0 chacun de s\u2019exprimer, en faisant confiance \u00e0 la technologie, comment distribuer la parole, en \u00e9vitant la cacophonie, en \u00e9vitant l\u2019isolement de l\u2019un ou de l\u2019autre, etc. Il est clair qu\u2019une telle organisation n\u00e9cessite de pr\u00e9ciser les r\u00e8gles qui doivent pr\u00e9sider \u00e0 la s\u00e9ance, ces r\u00e8gles varient donc quelque peu dans leur mani\u00e8re de se manifester, notamment la demande de prise de parole et la distribution de celle-ci par l\u2019animateur.<\/p>\n<p style=\"text-align: justify;\">Nous allons vivre cette exp\u00e9rience bient\u00f4t. Ce que je peux partager d\u2019ores et d\u00e9j\u00e0, ce sont mes doutes, mes craintes et mes certitudes.<\/p>\n<p style=\"text-align: justify;\">Mes certitudes se situent au niveau du besoin de faire de l\u2019APP, surtout dans la situation de crise sanitaire actuelle. Mes \u00e9l\u00e8ves sont des adultes, professionnels de la sant\u00e9, \u00e0 priori pr\u00e9par\u00e9s aux situations difficiles, qui ont \u00e9t\u00e9 \u00ab sortis manu militari \u00bb du contexte de la formation pour \u00eatre \u00ab vers\u00e9s \u00bb dans un dispositif de soin compl\u00e8tement improvis\u00e9 et impr\u00e9par\u00e9 aux situations qui ont dues \u00eatre v\u00e9cues. La violence de ces situations, la violence du contexte, la peur de vivre des exp\u00e9riences de mort, de mourir, de porter la mort aupr\u00e8s de sa famille, n\u00e9cessite \u00e0 mon avis, de partager ses exp\u00e9riences pour prendre du recul, pour comprendre mieux, pour analyser et sans doute pour mieux faire.<\/p>\n<p style=\"text-align: justify;\">Mes craintes se situent autour du dispositif que je n\u2019ai exp\u00e9riment\u00e9 que dans des circonstances de r\u00e9union, d\u2019\u00e9changes, de conversation, ainsi la distribution de la parole, l\u2019\u00e9coute, la disponibilit\u00e9, vivre les \u00e9motions, voir l\u2019autre, les autres, sera plus difficile, peut \u00eatre impossible par moment !<\/p>\n<p style=\"text-align: justify;\">Mes doutes se situent autour du bienfond\u00e9 de \u00ab le faire quand m\u00eame \u00bb, mais impossible de le savoir sans vivre cette exp\u00e9rience, sans l\u2019analyser ensuite, sans en tirer des enseignements \u00e0 l\u2019issue de la s\u00e9ance !<\/p>\n<p style=\"text-align: justify;\">Je suis donc partag\u00e9, mais r\u00e9solu, tout en restant sur mes gardes afin de ne pas me faire d\u00e9passer par l\u2019\u00e9v\u00e8nement et r\u00e9ussir \u00e0 mener une s\u00e9ance qui permet \u00e0 chacun d\u2019\u00eatre avec l\u2019autre, d\u2019\u00eatre au service de l\u2019autre, et ensuite de partager l\u2019exp\u00e9rience.<\/p>\n<p style=\"text-align: justify;\"><strong>Marie France Soubrier<br \/>\n<\/strong><a href=\"mailto:mariefrance.s@dbmail.com\">mariefrance.s@dbmail.com<\/a><\/p>\n<p style=\"text-align: justify;\">Bonjour Laurent,<\/p>\n<p style=\"text-align: justify;\">Je viens de lire le r\u00e9cit que tu as eu le courage de partager au sein du r\u00e9seau, sur ton engagement professionnel, via des s\u00e9ances d&rsquo;APP \u00e0 distance. Je n&rsquo;ai rien \u00e0 en dire parce que je salue avant tout la confiance en amont.<\/p>\n<p style=\"text-align: justify;\">Je me permettrai simplement ces r\u00e9flexions en vrac et sur le moment, que ton r\u00e9cit a certainement amen\u00e9es, en esp\u00e9rant qu&rsquo;elles soient bien adress\u00e9es pour te servir.<\/p>\n<p style=\"text-align: justify;\">L&rsquo;analyse de situation et de pratique \u00e9tant une faible part de mes activit\u00e9s, je la trouve toutefois toujours int\u00e9ressante pour am\u00e9liorer l&rsquo;ensemble de ma pratique et de mes actions &#8211; je suis psychologue. En fait, comme l&rsquo;ensemble de pratiques groupales que j&rsquo;ai pu animer o\u00f9 dans lesquelles j&rsquo;\u00e9tais invit\u00e9e \u00e0 participer, c&rsquo;est la part du malentendu, le d\u00e9calage, le loup\u00e9, ce auquel je ne m&rsquo;attendais pas avec son lot d&rsquo;agr\u00e9able, pas agr\u00e9able, qui semble favoriser ce que je nomme la co-\u00e9laboration, de v\u00e9ritables nouveaux savoirs; la contrepartie \u00e9tant, ce me semble, d&rsquo;accepter ce qui ne sera pas saisi, la part du \u00ab\u00a0je ne me l&rsquo;explique pas pour le moment\u00a0\u00bb\u00a0 ou du \u00ab\u00a0je ne comprends* pas\u00a0\u00bb qui sera ressentie durant l&rsquo;APP ou dans l&rsquo;apr\u00e8s coup.<\/p>\n<p style=\"text-align: justify;\">* comprendre = \u00e9tymologiquement, \u00ab\u00a0prendre avec\u00a0\u00bb, induit toujours d&rsquo;int\u00e9grer l&rsquo;autre dans son format pr\u00e9\u00e9tabli de penser.<\/p>\n<p style=\"text-align: justify;\">Je connais cette part (surmoi ? moi id\u00e9al ? id\u00e9al du moi ?) que tu nommes le censeur ^^ et qui comme toutes les instances en chacun.e de nous, se manifestent au singulier et rev\u00eatent par l&rsquo;affect qui les porte sur le moment, un r\u00f4le diff\u00e9rent.<\/p>\n<p style=\"text-align: justify;\">Autrement dit, ce\/cette censeur.e qui nous emp\u00eache d&rsquo;un c\u00f4t\u00e9, cache de l&rsquo;autre peut-\u00eatre ce qui veut se dire, de ce quelque chose qui nous r\u00e9siste encore &#8211; et heureusement, autrement tout s&rsquo;arr\u00eaterait l\u00e0 !<\/p>\n<p style=\"text-align: justify;\">Voil\u00e0, Laurent, je m&rsquo;arr\u00eate sur ces propos en esp\u00e9rant que la part manquante sur un autre moment sera espace de nouveaux possibles pour nos pratiques, puisque tout repose sur des repr\u00e9sentations et des mots !<\/p>\n<p style=\"text-align: justify;\">L&rsquo;inconstance et l&rsquo;inattendu sont le versant n\u00e9cessaire aux mod\u00e8les et aux cadres, afin que de cet ensemble \u00e9merge une dynamique qui tende vers la co-\u00e9laboration de nouveaux savoirs.<\/p>\n<p style=\"text-align: justify;\"><strong>Pierre Cieutat<br \/>\n<\/strong><a href=\"mailto:pierre.cieutat@gmail.com\">pierre.cieutat@gmail.com<\/a><\/p>\n<p style=\"text-align: justify;\">J&rsquo;utilise comme vous plusieurs plateformes depuis un certain temps et intensivement depuis cinq semaines. Je partage mes r\u00e9flexions. Je r\u00e9siste \u00e0 l&rsquo;APP distancielle. Cependant chaque situation est unique et je trouve l\u00e9gitime d&rsquo;accompagner un groupe qui se connait surtout quand les membres en expriment le besoin. Ce sera diff\u00e9rent qu&rsquo;habituellement mais pas forc\u00e9ment moins bien. Pour la s\u00e9curit\u00e9 du groupe, le t\u00e9moignage de Laurent me fait croire que c&rsquo;est le questionnement pr\u00e9liminaire qui, du point de vue de l&rsquo;animateur, en est le meilleur garant.<\/p>\n<p style=\"text-align: justify;\">Techniquement chaque plateforme a ses sp\u00e9cificit\u00e9s. Un point m\u00e9riterait selon moi une attention sp\u00e9cifique : c&rsquo;est la question de \u00ab\u00a0se voir\u00a0\u00bb et, pour l&rsquo;animateur, de voir le visage et le corps de l&rsquo;exposant. Chaque plateforme est diff\u00e9rente et, selon le nombre de participants, on ne voit que celui qui parle et les derniers qui ont parl\u00e9 (les 4 derniers parfois plus). Ainsi, il se peut que l&rsquo;animateur ne voie plus le visage de l&rsquo;exposant pendant de longs moments s\u2019il ne parle pas. C&rsquo;est \u00e0 prendre en compte. Personnellement cela m&rsquo;ins\u00e9curise en tant qu&rsquo;animateur\u00a0; l&rsquo;exposant \u00ab\u00a0se dissout\u00a0\u00bb, on d\u00e9bat de sa situation, c&rsquo;est intellectuel&#8230; Cela arrive aussi parfois en pr\u00e9sentiel mais la corporalit\u00e9 de l&rsquo;exposant me rappelle \u00e0 lui (c&rsquo;est pourquoi je fais attention \u00e0 ce qu&rsquo;il soit en face de moi).<\/p>\n<p style=\"text-align: justify;\">Plus techniquement, Alain, dans Teams il n&rsquo;y a rien de pr\u00e9vu pour demander la parole, un \u00ab\u00a0lever la main\u00a0\u00bb (comme dans Zoom). Il faudrait pr\u00e9voir une modalit\u00e9 en d\u00e9but de s\u00e9ance (tu peux essayer avec \u00ab\u00a0la conversation\u00a0\u00bb, ce <em>chat<\/em> qui permet d&rsquo;\u00e9crire sur le c\u00f4t\u00e9 \u00ab\u00a0parole\u00a0\u00bb par exemple, l&rsquo;animateur voit qui a \u00e9crit \u00ab\u00a0parole\u00a0\u00bb).<\/p>\n<p style=\"text-align: justify;\">Je me dis que tout le monde d\u00e9bute et cela augmente la vigilance de tous les membres du groupe ; cela a donc toutes les chances de bien se passer. Si cette modalit\u00e9 devient routini\u00e8re \u00e0 l&rsquo;avenir, cela poserait des probl\u00e8mes plus aigus selon moi.<\/p>\n<p style=\"text-align: justify;\"><strong>Guillaume Villain<br \/>\n<\/strong><a href=\"mailto:guillos@hotmail.fr\">guillos@hotmail.fr<\/a><\/p>\n<p style=\"text-align: justify;\">Ces \u00e9changes font \u00e9chos tant sur le fonctionnement d&rsquo;un APP en mode virtuel que sur cette transition impos\u00e9e en t\u00e9l\u00e9travail et en vie-virtuelle.<\/p>\n<p style=\"text-align: justify;\">Pour l&rsquo;APP je suis, comme le pr\u00e9cise aussi Laurent, un adepte peut \u00eatre obtus pour ma part du pr\u00e9sentiel et plus particuli\u00e8rement pour tout ce qui n&rsquo;est pas de l&rsquo;ordre du visible, tous ces rien, ces mouvements, ces regards, l\u2019atmosph\u00e8re qui me semble \u00eatre des indicateurs de la vie du groupe et des r\u00e9gulations souhaitables, ce qui chez moi me permet d&rsquo;\u00eatre parfois sur le fil du rasoir mais en s\u00e9curit\u00e9. Est-il possible de transf\u00e9rer les habitudes ou les rep\u00e8res sensoriels de la proximit\u00e9 vers d&rsquo;autres \u00e9l\u00e9ments qui informeraient su l&rsquo;\u00e9tat psychologique des uns et des autres\u00a0?<\/p>\n<p style=\"text-align: justify;\">Pour le t\u00e9l\u00e9travail, j&rsquo;ai pu exp\u00e9rimenter l&rsquo;organisation par l&rsquo;\u00e9ducation nationale dans le domaine et plus particuli\u00e8rement la gestion d&rsquo;une r\u00e9union professionnelle. Et l\u00e0, surprise, rien ne nous \u00e9chappe, encore moins puisque tous les interlocuteurs \u00e9taient visibles et audibles et donc les souffles, rires et autres communications non verbales \u00e9taient bien pr\u00e9sents ce qui amplifie les jeux d&rsquo;acteurs qui \u00e9chappent parfois dans une r\u00e9union. Ce qui aurait pu \u00eatre non-pris en compte dans un contexte de r\u00e9union pr\u00e9sentielle avec une proximit\u00e9 humaine (une salle de r\u00e9union dans un \u00e9tablissement scolaire ou un lieu habituel de r\u00e9union ou de formation), devient, dans un espace virtuel \u00ab\u00a0invit\u00e9\u00a0\u00bb dans l&rsquo;intimit\u00e9 domestique, \u00e0 savoir mon salon, exacerb\u00e9. Ici, chez moi, il n&rsquo;y a pas d\u2019espace symbolique professionnel filtrant les habituelles relations intrins\u00e8ques \u00e0 l\u2019\u00e9ducation nationale. Ma question alors sera\u00a0: suis-je \u00e0 m\u00eame de construire une bulle professionnelle dans un espace habituellement d\u00e9volu au priv\u00e9\u00a0? Pour ma part il semble que le besoin d&rsquo;espace d\u00e9di\u00e9 prenne le pas sur l&rsquo;espace cr\u00e9\u00e9.<\/p>\n<p style=\"text-align: justify;\">Donc ma question pour ceux qui pratiquent l&rsquo;APP en virtuel\u00a0: quels ressentis, quelles impressions retrouvez-vous et\/ou d\u00e9couvrez-vous ?<\/p>\n<p style=\"text-align: justify;\"><strong>Marc Thi\u00e9baud<br \/>\n<\/strong><a href=\"mailto:marc.thiebaud@net2000.ch\">marc.thiebaud@net2000.ch<\/a><\/p>\n<p style=\"text-align: justify;\">Merci pour vos partages. Je viens de (re)lire les messages. Plusieurs choses r\u00e9sonnent pour moi et m\u2019inspirent.<\/p>\n<p style=\"text-align: justify;\">D&rsquo;abord, la confiance que je peux avoir dans le groupe\u00a0; comme en pr\u00e9sentiel, chaque personne a des ressources et est l\u00e0 pour s&rsquo;entraider ; je peux compter dessus au cas o\u00f9 cela deviendrait plus difficile, on r\u00e9gulera les \u00e9changes \u00e0 distance.<\/p>\n<p style=\"text-align: justify;\">Ensuite, l\u2019esprit d\u2019exploration, la curiosit\u00e9 pour d\u00e9couvrir ce que peut apporter une APP \u00e0 distance (beaucoup de personnes dans les groupes que j&rsquo;anime sont dans cet \u00e9tat d\u2019esprit d&rsquo;ailleurs).<\/p>\n<p style=\"text-align: justify;\">La question du sens aussi : voir si cela correspond \u00e0 une demande, \u00e0 un besoin, si c&rsquo;est coh\u00e9rent par rapport \u00e0 l&rsquo;histoire du groupe, au v\u00e9cu collectif, \u00e0 la s\u00e9curit\u00e9 d\u00e9velopp\u00e9e\u2026 (sinon, il n&rsquo;y a rien \u00e0 forcer, ce n&rsquo;est pas une obligation de faire de l\u2019APP en visioconf\u00e9rence).<\/p>\n<p style=\"text-align: justify;\">J\u2019aimerais encore partager un bout de l\u2019exp\u00e9rience faite l&rsquo;an dernier sur trois s\u00e9ances \u00e0 distance avec un groupe qui comprenait huit personnes (quatre provenant du Qu\u00e9bec, deux de France et deux de Suisse).<\/p>\n<p style=\"text-align: justify;\">Lorsque nous avons imagin\u00e9 ce projet avec un coll\u00e8gue qu\u00e9b\u00e9cois, il \u00e9tait d&#8217;embl\u00e9e clair, vu les distances, que nous ne pourrions pas le r\u00e9aliser autrement que par visioconf\u00e9rence. Nous souhaitions pouvoir vivre avec un groupe chacune des d\u00e9marches que nous pratiquons habituellement\u00a0: pour lui, le cod\u00e9veloppement professionnel et pour moi, l\u2019analyse de pratiques (dans une orientation d&rsquo;accompagnement r\u00e9flexif).<\/p>\n<p style=\"text-align: justify;\">La r\u00e9alisation de ce projet fut riche en enseignements pour la mise en perspective de nos approches (ce sera d&rsquo;ailleurs l&rsquo;objet d&rsquo;un num\u00e9ro th\u00e9matique \u00e0 para\u00eetre cet \u00e9t\u00e9 dans la revue de l\u2019APP). Et aussi tr\u00e8s apprenant pour faire des APP \u00e0 distance.<\/p>\n<p style=\"text-align: justify;\">Il y a eu toute la pr\u00e9paration, n\u00e9cessaire pour s&rsquo;accorder, pour trouver les six personnes pour faire le groupe, pour que la d\u00e9marche fasse sens pour tout le monde. \u00c9galement pour que le processus par \u00e9tapes propos\u00e9 soit connu \u00e0 l&rsquo;avance de tous (envoy\u00e9 par envoi e-mail).<\/p>\n<p style=\"text-align: justify;\">Si nous avions pris soin de bien informer chaque personne, tout le monde ne se connaissait pas, nous avons donc commenc\u00e9, durant la premi\u00e8re s\u00e9ance, par un moment de d\u00e9couverte r\u00e9ciproque, en proc\u00e9dant par un tour de parole (ce que nous avons souvent fait dans nos rencontres). Ce qui nous a d&#8217;embl\u00e9e li\u00e9, c&rsquo;est l&rsquo;int\u00e9r\u00eat pour la d\u00e9marche.<\/p>\n<p style=\"text-align: justify;\">Nous avions pr\u00e9vu 2h30 \u00e0 chaque fois, et il a toujours manqu\u00e9 du temps. Plusieurs raisons \u00e0 cela :<\/p>\n<ul style=\"text-align: justify;\">\n<li>Pour la premi\u00e8re s\u00e9ance (de cod\u00e9veloppement), l&rsquo;exposant a \u00e9t\u00e9 choisi pr\u00e9alablement\u00a0(par concertation entre les quatre qu\u00e9b\u00e9cois) ; pour la deuxi\u00e8me (APP), il a fallu 30 minutes pour le choix en visioconf\u00e9rence\u2026 il m&rsquo;a sembl\u00e9 qu\u2019\u00e0 distance, la d\u00e9cision est plus difficile, l\u2019implication sans doute aussi (m\u00eame si elle fut importante durant les deux s\u00e9ances en fin de compte\u2026 mais il y avait comme besoin de se \u00ab\u00a0chauffer\u00a0\u00bb en d\u00e9but de s\u00e9ance).<\/li>\n<li>\u00c0 chaque fois, il nous a fallu beaucoup communiquer pour nous comprendre : la diff\u00e9rence culturelle \u00e9tait tr\u00e8s importante, r\u00e9v\u00e9l\u00e9e par les r\u00e9alit\u00e9s des deux exposants (milieu de travail + culture qu\u00e9b\u00e9coise versus europ\u00e9enne). Cela rajoutait une distance au\u2026 travail \u00e0 distance\u2026 que nous cherchions \u00e0 r\u00e9duire. Chacun dans le groupe \u00e9tait soucieux de bien comprendre l&rsquo;exposant dans sa r\u00e9alit\u00e9 professionnelle. Comme par pr\u00e9caution\u2026 avant de pouvoir passer \u00e0 une \u00e9tape de partage d&rsquo;hypoth\u00e8ses.<\/li>\n<li>Chaque participant avait \u00e9norm\u00e9ment d&rsquo;\u00e9clairages \u00e0 apporter \u00e0 chaque fois par rapport \u00e0 la pratique analys\u00e9e\u2026 si bien que des \u00e9changes se sont poursuivis ensuite par e-mail.<\/li>\n<\/ul>\n<p style=\"text-align: justify;\">Le fait que les d\u00e9marches utilis\u00e9es \u00e9taient en partie nouvelles pour la plupart des participants n&rsquo;a pas vraiment pos\u00e9 de difficult\u00e9s. \u00c0 chaque fois, l\u2019animateur a veill\u00e9 \u00e0 expliciter le plus possible l&rsquo;objectif de l&rsquo;\u00e9tape en cours. Ce qui a \u00e9t\u00e9 particuli\u00e8rement apprenant, ce sont les questions pos\u00e9es concernant le processus\u00a0; les \u00e9tonnements exprim\u00e9s parfois, les d\u00e9calages (vu les diff\u00e9rences d&rsquo;approche et de culture)\u00a0; ainsi que les r\u00e9gulations qui ont \u00e9t\u00e9 faites en concertation au sein du groupe. Si cela a demand\u00e9 du temps, cela a aussi favoris\u00e9 des prises de recul, des ouvertures\u2026<\/p>\n<p style=\"text-align: justify;\">En fait, nous avons travaill\u00e9 souvent en \u00ab\u00a0multi pistes\u00a0\u00bb (en portant notre attention \u00e0 la pratique analys\u00e9e, \u00e0 notre processus de groupe et \u00e0 nos propres r\u00e9sonances et r\u00e9flexions personnelles). La distance et la visioconf\u00e9rence ne l\u2019ont pas emp\u00each\u00e9.<\/p>\n<p style=\"text-align: justify;\">Nous n\u2019avions pas forc\u00e9ment conscience \u00e0 l&rsquo;avance du nombre de d\u00e9fis simultan\u00e9s auxquels nous allions faire face\u2026 nous les avons accueillis avec curiosit\u00e9 \u2026 et joie finalement\u2026 au fur et \u00e0 mesure o\u00f9 ils se r\u00e9v\u00e9laient \u00e0 nous. M\u00eame si en tant qu&rsquo;animateur (je l&rsquo;ai v\u00e9cu lors de la deuxi\u00e8me s\u00e9ance), cela demande une \u00e9norme attention : \u00e0 l&rsquo;accompagnement de l&rsquo;exposant, \u00e0 la circulation de la parole, aux signes et besoins exprim\u00e9s par les uns et les autres, \u00e0 la clarification du processus, \u00e0 la gestion du temps, etc.<\/p>\n<p style=\"text-align: justify;\">Comme cela a \u00e9t\u00e9 exprim\u00e9 par plusieurs d&rsquo;entre vous dans les \u00e9changes sur le r\u00e9seau\u00a0: j&rsquo;ai \u00e9t\u00e9 frapp\u00e9 lors de ces s\u00e9ances par la bienveillance et l&rsquo;entraide pr\u00e9sentes au sein du groupe. Il y avait beaucoup d&rsquo;\u00e9coute et d&rsquo;int\u00e9r\u00eat \u00e0 se comprendre. J&rsquo;ai observ\u00e9 aussi que nous avons pris le temps n\u00e9cessaire pour m\u00e9ta-communiquer.<\/p>\n<p style=\"text-align: justify;\">Il n&rsquo;est bien s\u00fbr pas possible de savoir comment cela se serait pass\u00e9 en pr\u00e9sentiel. Pendant les 2h30 de la troisi\u00e8me s\u00e9ance, nous avons eu un bref retour des exposants sur les deux premi\u00e8res analyses et nous avons \u00e9chang\u00e9 sur nos apprentissages. Pour chacun, l&rsquo;exp\u00e9rience a \u00e9t\u00e9 tr\u00e8s positive\u00a0; singuli\u00e8re par rapport \u00e0 une rencontre en pr\u00e9sentiel (particuli\u00e8rement au niveau de la communication et de la dynamique de groupe, moins riche)\u00a0; mais tr\u00e8s propice pour la r\u00e9flexivit\u00e9 (avec plut\u00f4t davantage de facilit\u00e9 \u00e0 b\u00e9n\u00e9ficier chacun des temps m\u00e9ta que nous nous sommes accord\u00e9s et \u00e0 \u00eatre en introspection).<\/p>\n<p style=\"text-align: justify;\">Cette exp\u00e9rience a \u00e9t\u00e9 v\u00e9cue dans un contexte tr\u00e8s diff\u00e9rent de ce que nous connaissons aujourd\u2019hui et des autres groupes que j\u2019anime, mais elle m\u2019a aussi bien inspir\u00e9 et pr\u00e9par\u00e9 aux d\u00e9fis \u00e0 relever aujourd\u2019hui&#8230;<\/p>\n<p><a href=\"#_ftnref1\" name=\"_ftn1\"><\/a><\/p>\n<p>&nbsp;<\/p>\n<p><b><br \/>\n<\/b><a href=\"#\" class=\"shortcode button  \" style=\"background-color: silver;\" target=\"\" onclick=\"\"> Haut de page<\/a>\n<p>&nbsp;<\/p>\n<p>&nbsp;<\/p>\n<p><strong>\u00a0<\/strong><\/p>\n<p>&nbsp;<\/p>\n<p>&nbsp;<\/p>\n<div id=\"themify_builder_content-3740\" data-postid=\"3740\" class=\"themify_builder_content themify_builder_content-3740 themify_builder themify_builder_front\">\n\n\t<\/div>\n<!-- \/themify_builder_content -->","protected":false},"excerpt":{"rendered":"<p>&nbsp; Article collectif Avec les contributions de Laurent Lebrun, Dominique Lefeuvre, Caroline Bell, Blandine Bousquet, Marc Thi\u00e9baud, Alain Cartigny, Marie France Soubrier, Pierre Cieutat, Guillaume Villain &nbsp; R\u00e9sum\u00e9 Ce texte pr\u00e9sente des t\u00e9moignages et r\u00e9flexions en lien avec des s\u00e9ances d\u2019analyse de pratiques (APP) \u00e0 distance. Ils sont issus d\u2019\u00e9changes d\u00e9velopp\u00e9s au sein du r\u00e9seau [&hellip;]<\/p>\n","protected":false},"author":2,"featured_media":0,"comment_status":"open","ping_status":"open","sticky":false,"template":"","format":"standard","meta":{"_jetpack_newsletter_access":"","_jetpack_dont_email_post_to_subs":false,"_jetpack_newsletter_tier_id":0,"_jetpack_memberships_contains_paywalled_content":false,"_jetpack_memberships_contains_paid_content":false,"footnotes":""},"categories":[462,367,385,378,461,114,460,8,463,153,19],"tags":[48,371,458,459],"class_list":["post-3740","post","type-post","status-publish","format-standard","hentry","category-alain-cartigny","category-blandine-bousquet","category-caroline-bell","category-collectif","category-dominique-lefeuvre","category-guillaume-villain","category-laurent-lebrun","category-thiebaud","category-marie-france-soubrier","category-pierre-cieutat","category-10temoignage","tag-animation","tag-communication","tag-distance","tag-visioconference","has-post-title","no-post-date","has-post-category","has-post-tag","has-post-comment","has-post-author"],"jetpack_featured_media_url":"","jetpack_shortlink":"https:\/\/wp.me\/p3VXfJ-Yk","jetpack_sharing_enabled":true,"_links":{"self":[{"href":"https:\/\/www.analysedepratique.org\/index.php?rest_route=\/wp\/v2\/posts\/3740","targetHints":{"allow":["GET"]}}],"collection":[{"href":"https:\/\/www.analysedepratique.org\/index.php?rest_route=\/wp\/v2\/posts"}],"about":[{"href":"https:\/\/www.analysedepratique.org\/index.php?rest_route=\/wp\/v2\/types\/post"}],"author":[{"embeddable":true,"href":"https:\/\/www.analysedepratique.org\/index.php?rest_route=\/wp\/v2\/users\/2"}],"replies":[{"embeddable":true,"href":"https:\/\/www.analysedepratique.org\/index.php?rest_route=%2Fwp%2Fv2%2Fcomments&post=3740"}],"version-history":[{"count":9,"href":"https:\/\/www.analysedepratique.org\/index.php?rest_route=\/wp\/v2\/posts\/3740\/revisions"}],"predecessor-version":[{"id":3776,"href":"https:\/\/www.analysedepratique.org\/index.php?rest_route=\/wp\/v2\/posts\/3740\/revisions\/3776"}],"wp:attachment":[{"href":"https:\/\/www.analysedepratique.org\/index.php?rest_route=%2Fwp%2Fv2%2Fmedia&parent=3740"}],"wp:term":[{"taxonomy":"category","embeddable":true,"href":"https:\/\/www.analysedepratique.org\/index.php?rest_route=%2Fwp%2Fv2%2Fcategories&post=3740"},{"taxonomy":"post_tag","embeddable":true,"href":"https:\/\/www.analysedepratique.org\/index.php?rest_route=%2Fwp%2Fv2%2Ftags&post=3740"}],"curies":[{"name":"wp","href":"https:\/\/api.w.org\/{rel}","templated":true}]}}