{"id":3509,"date":"2019-08-01T12:20:31","date_gmt":"2019-08-01T11:20:31","guid":{"rendered":"http:\/\/www.analysedepratique.org\/?p=3509"},"modified":"2023-10-03T07:19:18","modified_gmt":"2023-10-03T06:19:18","slug":"seminaires-du-reseau-gfapp","status":"publish","type":"post","link":"https:\/\/www.analysedepratique.org\/?p=3509","title":{"rendered":"S\u00e9minaires du r\u00e9seau GFAPP"},"content":{"rendered":"<p>&nbsp;<\/p>\n<p>Le r\u00e9seau GFAPP (Groupes de formation \u00e0 et par l\u2019analyse de pratiques professionnelles), ouvert \u00e0 des animateurs\u00b7trices de groupes d\u2019APP, organise des rencontres sous forme de s\u00e9minaires et des \u00e9changes \u00e0 distance pour les membres du r\u00e9seau.<\/p>\n<p>Les personnes int\u00e9ress\u00e9es par ces s\u00e9minaires et ces \u00e9changes peuvent demander \u00e0 devenir membres du r\u00e9seau en adressant un message \u00e0 Patrick Robo, responsable du r\u00e9seau,<br \/>\n\u00e0 l\u2019adresse : <strong><a href=\"mailto:patrick.robo@laposte.net\">patrick.robo@laposte.net<\/a><\/strong>.<\/p>\n<p>&nbsp;<\/p>\n<p><strong><span lang=\"FR\">Prochain s\u00e9minaire<\/span><\/strong><\/p>\n<p><span lang=\"FR\">Le 15<sup>\u00e8me<\/sup> s\u00e9minaire est programm\u00e9 \u00e0 Lyon les 11 et 12 mai 2024. <\/span><\/p>\n<p>&nbsp;<\/p>\n<p><strong>S\u00e9minaires pass\u00e9s<\/strong><\/p>\n<p>Entre 2004 et 2023, le GFAPP a organis\u00e9 14s\u00e9minaires qui sont d\u00e9crits ci-apr\u00e8s.\u00a0<span lang=\"FR\">Pour certains d\u2019entre eux, les communications pr\u00e9sent\u00e9es et les comptes-rendus sont directement accessibles.<\/span><\/p>\n<p><strong><br \/>\n1er s\u00e9minaire GFAPP 2004<\/strong><\/p>\n<p><a href=\"http:\/\/www.analysedepratique.org\/wp-content\/uploads\/gfapp-annonce-seminaire-2004.pdf\" target=\"_blank\" rel=\"noopener noreferrer\">Plaquette d&rsquo;annonce du s\u00e9minaire<\/a><\/p>\n<p><a href=\"http:\/\/www.analysedepratique.org\/wp-content\/uploads\/gfapp-actes-seminaire-2004.pdf\" target=\"_blank\" rel=\"noopener noreferrer\">Publication : actes du 1er s\u00e9minaire GFAPP<\/a><br \/>\n76 pages &#8211; fichier PDF avec 14 textes du s\u00e9minaire (sur un total 24)<br \/>\n<i>(In)novatio\u00a0<\/i>\u00a0: r<i>evue de l\u2019innovation p\u00e9dagogique \u00e0 Paris.<\/i><i>\u00a0<\/i>(2005).<br \/>\nRobo, P. &amp; Thi\u00e9baud, M. (dir.). (Se) former \u00e0 l\u2019analyse de pratiques professionnelles.<br \/>\nHors s\u00e9rie No 3.<\/p>\n<p><strong><br \/>\n2\u00e8me s\u00e9minaire GFAPP\u00a02005<\/strong><\/p>\n<p><a href=\"http:\/\/www.analysedepratique.org\/wp-content\/uploads\/gfapp-annonce-seminaire-2005.pdf\" target=\"_blank\" rel=\"noopener noreferrer\">Plaquette d&rsquo;annonce du s\u00e9minaire<\/a><\/p>\n<p><a href=\"http:\/\/www.analysedepratique.org\/wp-content\/uploads\/gfapp-textes-seminaire-lyon-2005.pdf\" target=\"_blank\" rel=\"noopener noreferrer\">Actes du 2\u00e8me s\u00e9minaire GFAPP<br \/>\n<\/a>48 pages &#8211; fichier PDF avec 11 textes du s\u00e9minaire (sur un total de 12)<br \/>\nRon\u00e9otyp\u00e9<\/p>\n<p><strong><br \/>\n3\u00e8me s\u00e9minaire\u00a0GFAPP juin\u00a02007<\/strong><\/p>\n<p><a href=\"http:\/\/www.analysedepratique.org\/wp-content\/uploads\/gfapp-annonce-seminaire-juin2007.pdf\" target=\"_blank\" rel=\"noopener noreferrer\">Plaquette d&rsquo;annonce du s\u00e9minaire<\/a><\/p>\n<p><strong><br \/>\n4\u00e8me s\u00e9minaire\u00a0GFAPP d\u00e9cembre\u00a02007<\/strong><\/p>\n<p><a href=\"http:\/\/www.analysedepratique.org\/wp-content\/uploads\/gfapp-annonce-seminaire-decembre2007.pdf\" target=\"_blank\" rel=\"noopener noreferrer\">Plaquette d&rsquo;annonce du s\u00e9minaire<\/a><\/p>\n<p><strong><br \/>\n5\u00e8me s\u00e9minaire\u00a0GFAPP\u00a02008<\/strong><\/p>\n<p><a href=\"http:\/\/www.analysedepratique.org\/wp-content\/uploads\/gfapp-annonce-seminaire-2008.pdf\" target=\"_blank\" rel=\"noopener noreferrer\">Plaquette d&rsquo;annonce du s\u00e9minaire<\/a><\/p>\n<p><strong><br \/>\n6\u00e8me s\u00e9minaire\u00a0GFAPP\u00a02011<\/strong><\/p>\n<p><a href=\"http:\/\/www.analysedepratique.org\/wp-content\/uploads\/gfapp-annonce-seminaire-2011.pdf\" target=\"_blank\" rel=\"noopener noreferrer\">Plaquette d&rsquo;annonce du s\u00e9minaire<\/a><\/p>\n<p><strong><br \/>\n7\u00e8me s\u00e9minaire GFAPP 2014<\/strong><\/p>\n<p><a href=\"http:\/\/www.analysedepratique.org\/wp-content\/uploads\/annonce-seminaire-GFAPP-20-21juin-2014.pdf\" target=\"_blank\" rel=\"noopener noreferrer\">Plaquette d&rsquo;annonce du s\u00e9minaire<\/a><\/p>\n<p><a href=\"http:\/\/www.analysedepratique.org\/?p=1389\" target=\"_blank\" rel=\"noopener noreferrer\">Compte-rendu g\u00e9n\u00e9ral du s\u00e9minaire de Eric Drutel et C\u00e9line Calmejane-Gauzins<\/a><br \/>\nRetour sur un s\u00e9minaire<\/p>\n<p><strong><br \/>\n8\u00e8me s\u00e9minaire GFAPP 2015<\/strong><\/p>\n<p><a title=\"S\u00e9minaire GFAPP 2015\" href=\"http:\/\/www.analysedepratique.org\/wp-content\/uploads\/annonce-seminaire-GFAPP-6-7juin2015.pdf\" target=\"_blank\" rel=\"noopener noreferrer\">Plaquette d&rsquo;annonce du s\u00e9minaire<\/a><\/p>\n<p><a href=\"http:\/\/www.analysedepratique.org\/?p=1839\" target=\"_blank\" rel=\"noopener noreferrer\">Compte-rendu g\u00e9n\u00e9ral du s\u00e9minaire de Eric Drutel et C\u00e9line Calmejane-Gauzins<\/a><br \/>\nRetour sur le 8\u00e8me s\u00e9minaire GFAPP des 6 et 7 juin 2015 \u00e0 Lyon<\/p>\n<p><a href=\"http:\/\/www.analysedepratique.org\/?p=1996\">Compte-rendu de Marc Thi\u00e9baud sur le th\u00e8me :<br \/>\n<\/a>Travailler avec des hypoth\u00e8ses dans l\u2019analyse de pratiques professionnelles en groupe<\/p>\n<p><a href=\"http:\/\/www.analysedepratique.org\/?p=2149\" target=\"_blank\" rel=\"noopener noreferrer\">Compte-rendu de\u00a0Eric Drutel et Pierre Cieutat\u00a0sur le th\u00e8me<\/a> :<br \/>\nLes \u00e9motions sont-elles une ressource pour l\u2019animateur de dispositifs d\u2019analyse de pratiques professionnelles ?<\/p>\n<p><strong><br \/>\n9\u00e8me s\u00e9minaire\u00a0GFAPP 2016<\/strong><\/p>\n<p><a href=\"http:\/\/www.analysedepratique.org\/wp-content\/uploads\/annonce-seminaire-GFAPP-4-5juin2016.pdf\" target=\"_blank\" rel=\"noopener noreferrer\">Plaquette d&rsquo;annonce du s\u00e9minaire<\/a><\/p>\n<p><a href=\"http:\/\/www.analysedepratique.org\/?p=2181\" target=\"_blank\" rel=\"noopener noreferrer\">Compte-rendu g\u00e9n\u00e9ral du s\u00e9minaire de Marc Thi\u00e9baud, Patrick Robo et Jean Chocat<\/a><br \/>\nPerspectives sur la diversit\u00e9 dans l\u2019analyse de pratiques en groupe : reflets du 9\u00e8me s\u00e9minaire GFAPP<\/p>\n<p>&nbsp;<\/p>\n<p><strong>10\u00e8me s\u00e9minaire\u00a0GFAPP 2017<\/strong><\/p>\n<p><a href=\"http:\/\/www.analysedepratique.org\/wp-content\/uploads\/annonce-dixi%C3%A8me-seminaire-GFAPP-13-14mai2017-v4.pdf\" target=\"_blank\" rel=\"noopener noreferrer\">Plaquette d&rsquo;annonce du s\u00e9minaire<\/a><\/p>\n<p><a href=\"http:\/\/www.analysedepratique.org\/?p=2759\">Compte-rendu de Francis Kaftel<br \/>\n<\/a>L\u2019APP : un \u00e9ternel recommencement qui s\u2019interroge<\/p>\n<p>&nbsp;<\/p>\n<p><strong>11\u00e8me s\u00e9minaire\u00a0GFAPP 2018<\/strong><\/p>\n<p><a href=\"http:\/\/www.analysedepratique.org\/wp-content\/uploads\/annonce-onzieme-seminaire-GFAPP-2et3-juin2018.pdf\" target=\"_blank\" rel=\"noopener noreferrer\">Plaquette d&rsquo;annonce du s\u00e9minaire<\/a><\/p>\n<p><a href=\"http:\/\/www.analysedepratique.org\/?p=3053\">Compte-rendu de C\u00e9line Calmejane-Gauzins<br \/>\n<\/a>Compte rendu du s\u00e9minaire GFAPP des 2 et 3 juin 2018 \u00e0 Lyon :<br \/>\nr\u00e9flexions partag\u00e9es sur l\u2019intelligence collective en APP<\/p>\n<p>&nbsp;<\/p>\n<p><strong>12\u00e8me s\u00e9minaire\u00a0GFAPP 2019<\/strong><\/p>\n<p><a href=\"http:\/\/www.analysedepratique.org\/wp-content\/uploads\/annonce-douzi\u00e8me-seminaire-GFAPP-Lyon-15et16juin2019.pdf\" target=\"_blank\" rel=\"noopener noreferrer\">Plaquette d&rsquo;annonce du s\u00e9minaire<\/a><\/p>\n<p><a href=\"http:\/\/www.analysedepratique.org\/?p=3612\">Compte-rendu de Caroline Bell<\/a><br \/>\nLes temps et la posture m\u00e9ta en APP : compte-rendu du12\u00e8me s\u00e9minaire GFAPP<\/p>\n<p>&nbsp;<\/p>\n<p><strong>13\u00e8me s\u00e9minaire GFAPP 2021<\/strong><\/p>\n<p><a href=\"https:\/\/www.analysedepratique.org\/wp-content\/uploads\/annonce-treizieme-seminaire-GFAPP-Lyon-26et27juin2021.pdf\" target=\"_blank\" rel=\"noopener noreferrer\">Plaquette d&rsquo;annonce du s\u00e9minaire<\/a><\/p>\n<p><a href=\"https:\/\/www.analysedepratique.org\/?p=5181\">Compte-rendu de Mich\u00e9le Knuchel-Bossel et Anne-Marie Coste<\/a><br \/>\nR\u00e9flexion sur l&rsquo;utilisation des techniques de questionnement de l&rsquo;entretien d\u2019explicitation au service de l&rsquo;APP<\/p>\n<p>&nbsp;<\/p>\n<p><strong>14\u00e8me s\u00e9minaire GFAPP 2023<\/strong><\/p>\n<p><a href=\"https:\/\/www.analysedepratique.org\/?p=5623\">Compte-rendu de Blandine Bousquet et Mich\u00e8le Knuchel-Bossel<\/a><br \/>\nCompte rendu du s\u00e9minaire GFAPP N\u00b0 14 des 13 et 14 mai 2023<\/p>\n<p>&nbsp;<\/p>\n<p>&nbsp;<\/p>\n<div id=\"themify_builder_content-3509\" data-postid=\"3509\" class=\"themify_builder_content themify_builder_content-3509 themify_builder themify_builder_front\">\n\n\t<\/div>\n<!-- \/themify_builder_content -->","protected":false},"excerpt":{"rendered":"<p>&nbsp; Le r\u00e9seau GFAPP (Groupes de formation \u00e0 et par l\u2019analyse de pratiques professionnelles), ouvert \u00e0 des animateurs\u00b7trices de groupes d\u2019APP, organise des rencontres sous forme de s\u00e9minaires et des \u00e9changes \u00e0 distance pour les membres du r\u00e9seau. Les personnes int\u00e9ress\u00e9es par ces s\u00e9minaires et ces \u00e9changes peuvent demander \u00e0 devenir membres du r\u00e9seau en [&hellip;]<\/p>\n","protected":false},"author":2,"featured_media":0,"comment_status":"open","ping_status":"open","sticky":false,"template":"","format":"standard","meta":{"_jetpack_newsletter_access":"","_jetpack_dont_email_post_to_subs":false,"_jetpack_newsletter_tier_id":0,"_jetpack_memberships_contains_paywalled_content":false,"_jetpack_memberships_contains_paid_content":false,"footnotes":""},"categories":[23],"tags":[],"class_list":["post-3509","post","type-post","status-publish","format-standard","hentry","category-ressources","has-post-title","no-post-date","has-post-category","has-post-tag","has-post-comment","has-post-author"],"jetpack_featured_media_url":"","jetpack_shortlink":"https:\/\/wp.me\/p3VXfJ-UB","jetpack_sharing_enabled":true,"_links":{"self":[{"href":"https:\/\/www.analysedepratique.org\/index.php?rest_route=\/wp\/v2\/posts\/3509","targetHints":{"allow":["GET"]}}],"collection":[{"href":"https:\/\/www.analysedepratique.org\/index.php?rest_route=\/wp\/v2\/posts"}],"about":[{"href":"https:\/\/www.analysedepratique.org\/index.php?rest_route=\/wp\/v2\/types\/post"}],"author":[{"embeddable":true,"href":"https:\/\/www.analysedepratique.org\/index.php?rest_route=\/wp\/v2\/users\/2"}],"replies":[{"embeddable":true,"href":"https:\/\/www.analysedepratique.org\/index.php?rest_route=%2Fwp%2Fv2%2Fcomments&post=3509"}],"version-history":[{"count":13,"href":"https:\/\/www.analysedepratique.org\/index.php?rest_route=\/wp\/v2\/posts\/3509\/revisions"}],"predecessor-version":[{"id":5628,"href":"https:\/\/www.analysedepratique.org\/index.php?rest_route=\/wp\/v2\/posts\/3509\/revisions\/5628"}],"wp:attachment":[{"href":"https:\/\/www.analysedepratique.org\/index.php?rest_route=%2Fwp%2Fv2%2Fmedia&parent=3509"}],"wp:term":[{"taxonomy":"category","embeddable":true,"href":"https:\/\/www.analysedepratique.org\/index.php?rest_route=%2Fwp%2Fv2%2Fcategories&post=3509"},{"taxonomy":"post_tag","embeddable":true,"href":"https:\/\/www.analysedepratique.org\/index.php?rest_route=%2Fwp%2Fv2%2Ftags&post=3509"}],"curies":[{"name":"wp","href":"https:\/\/api.w.org\/{rel}","templated":true}]}}