{"id":3365,"date":"2019-06-22T09:54:58","date_gmt":"2019-06-22T08:54:58","guid":{"rendered":"http:\/\/www.analysedepratique.org\/?p=3365"},"modified":"2021-10-14T09:34:17","modified_gmt":"2021-10-14T08:34:17","slug":"un-dispositif-danalyse-de-pratiques-en-formation-universitaire-de-formateurs-et-ses-effets-sur-leur-professionnalisation","status":"publish","type":"post","link":"https:\/\/www.analysedepratique.org\/?p=3365","title":{"rendered":"Un dispositif d\u2019analyse de pratiques en formation universitaire de formateurs et ses effets sur leur professionnalisation"},"content":{"rendered":"<p>&nbsp;<\/p>\n<table style=\"height: 95px;\" border=\"0\" width=\"667\" cellspacing=\"0\" cellpadding=\"0\">\n<tbody>\n<tr>\n<td valign=\"top\" width=\"319\">\n<h3><em><b>Nicole Clerc<\/b><\/em><\/h3>\n<p><em>Docteure en Sciences de l\u2019Education, clinicienne, ex maitre de conf\u00e9rences,<br \/>\nUniversit\u00e9 de Cergy-Pontoise, ESP\u00c9<br \/>\n<a href=\"mailto:clercpnp@free.fr\">clercpnp[arobase]free.fr<\/a><\/em><\/td>\n<td valign=\"top\" width=\"307\">\n<h3><em><b>Martine Agogu\u00e9<br \/>\n<\/b><\/em><\/h3>\n<p><em>Enseignante, psychosociologue clinicienne, Universit\u00e9 de Cergy-Pontoise,<br \/>\nESP\u00c9<br \/>\n<a href=\"mailto:martine.agogue@wanadoo.fr\">martine.agogue[arobase]wanadoo.fr<\/a> <\/em><\/td>\n<\/tr>\n<\/tbody>\n<\/table>\n<p>&nbsp;<\/p>\n<h4><i>R\u00e9sum\u00e9<\/i><\/h4>\n<p style=\"text-align: justify;\">Les auteures questionnent un dispositif d\u2019analyse de pratiques dans son effet de transmission de la posture r\u00e9flexive. Elles s\u2019appuient sur leur exp\u00e9rience et sur les fondements th\u00e9oriques de la psychosociologie. Apr\u00e8s avoir pr\u00e9sent\u00e9 le dispositif, ses enjeux et les comp\u00e9tences associ\u00e9es, elles d\u00e9cryptent les m\u00e9canismes de transmission. Une place centrale est donn\u00e9e \u00e0 la puissance de la \u00ab reprise transformatrice \u00bb activ\u00e9e dans le temps de \u00ab m\u00e9ta-analyse \u00bb depuis les principes d\u2019\u00ab isomorphie \u00bb et de \u00ab congruence \u00bb. \u00bb La \u00ab reprise \u00bb porte sur des objets de travail dans la formation, pris dans un maillage \u00e9motionnel et permettant de d\u00e9velopper des comp\u00e9tences r\u00e9flexives dans le partage et la reconnaissance de ce qu\u2019elles nomment \u00ab concepts \u00e9prouv\u00e9s \u00bb.<\/p>\n<h5><em>Mots-cl\u00e9s\u00a0<\/em><\/h5>\n<p><span lang=\"FR\">professionnalisation, processus de transmission, r\u00e9flexivit\u00e9, m\u00e9ta-analyse, concepts \u00e9prouv\u00e9s<\/span><\/p>\n<h5><em>Cat\u00e9gorie d&rsquo;article\u00a0<\/em><\/h5>\n<p>Texte de r\u00e9flexion en lien avec des pratiques<\/p>\n<h5><em>R\u00e9f\u00e9rencement\u00a0<\/em><\/h5>\n<p>Clerc, N. &amp; Agogu\u00e9, M. (2019). Un dispositif d\u2019analyse de pratiques en formation universitaire de formateurs et ses effets sur leur professionnalisation. In <em>Revue de l\u2019analyse de pratiques professionnelles<\/em>, No 15, pp. 60-77. <u>http:\/\/www.analysedepratique.org\/?p=3363<\/u>.<\/p>\n<hr class=\"shortcode hr light-gray\" style=\"border-width:1px;\" \/>\n<p><a href=\"http:\/\/www.analysedepratique.org\/wp-content\/uploads\/clerc-agogue-revue-app-juin2019.pdf\"><img loading=\"lazy\" decoding=\"async\" class=\"alignnone\" src=\"https:\/\/www.analysedepratique.org\/wp-content\/uploads\/download-icon.png\" alt=\"download-icon\" width=\"24\" height=\"29\" \/><\/a><a href=\"http:\/\/www.analysedepratique.org\/wp-content\/uploads\/clerc-agogue-revue-app-juin2019.pdf\">Article en PDF<\/a> \u00a0\u00a0 \u00a0\u00a0 \u00a0\u00a0 \u00a0\u00a0 <a href=\"#co\"><img loading=\"lazy\" decoding=\"async\" src=\"https:\/\/www.analysedepratique.org\/wp-content\/uploads\/et-info-comment.png\" alt=\"et-info-comment\" width=\"30\" height=\"31\" \/><\/a>\u00a0<a href=\"#co\">Commentaires<\/a><\/p>\n<p>&nbsp;<\/p>\n<hr \/>\n<h5><em>A training to APP groups animation to develop a new posture and professional identity<\/em><\/h5>\n<h5><em>Abstract<\/em><\/h5>\n<p style=\"text-align: justify;\">The training hereby presented take place in a certificate of advanced studies of 900 hours preparing to the analysis of professionnal practices (APP) animation and to the individual and collective guidance\u00a0; it is granted by the Haute \u00e9cole p\u00e9dagogique of the canton of Vaud (Switzerland). The fundamental principle wich leads the formation stands in the coherence between content and form. The device lies on a complex logic made of different spaces of training and varied modalities, wich allows to developp skills in APP animation and a transformation of the identity of the participants. To ensure a such logic, the trainers team has to mobilize an important investment, a specific posture and solid cooperation and regulation skills.<\/p>\n<h5><em>Keywords<\/em><\/h5>\n<p>training, animation, guidance, learning process, experience<\/p>\n<hr \/>\n<p>&nbsp;<\/p>\n<p>[toc]<\/p>\n<h4><strong>1. Le processus de transmission d\u2019une posture r\u00e9flexive dans une d\u00e9marche d\u2019accompagnement psychosociologique<\/strong><\/h4>\n<p style=\"text-align: justify;\">Dans cette contribution, nous allons nous situer depuis notre exp\u00e9rience de responsables d\u2019un parcours universitaire de formation de formateurs int\u00e9grant des modules de formation \u00e0 l\u2019analyse de pratiques professionnelles. Nous avons intitul\u00e9 l\u2019Unit\u00e9 d\u2019Enseignement\u00a0(U.E.) \u00ab\u00a0Analyse de pratiques et identit\u00e9 professionnelle\u00a0\u00bb.<\/p>\n<p style=\"text-align: justify;\">Apr\u00e8s avoir pr\u00e9sent\u00e9 nos enjeux universitaires et les questions organisant notre parcours de formation, nous avons ici pour ambition de revenir sur le processus de transmission d\u2019une posture r\u00e9flexive dans le cadre du master que nous avons conduit durant huit ann\u00e9es.<\/p>\n<p style=\"text-align: justify;\">Pour y parvenir, nous situerons cette exp\u00e9rience dans notre dispositif de formation, puis nous reviendrons sur les comp\u00e9tences vis\u00e9es en s\u00e9ances. Les t\u00e9moignages \u00e9crits de certains de nos \u00e9tudiants<a href=\"#_ftn1\" name=\"_ftnref1\">[1]<\/a> qui accompagnent cet article pr\u00e9ciseront, de leur place, l\u2019\u00e9volution de la mise en \u0153uvre de ces comp\u00e9tences.<\/p>\n<p style=\"text-align: justify;\">Pour inviter le lecteur \u00e0 approfondir la compr\u00e9hension du processus de transmission en jeu dans le d\u00e9veloppement de ces comp\u00e9tences, nous identifierons comment la \u00ab\u00a0m\u00e9ta-analyse\u00a0\u00bb a trouv\u00e9 une place pr\u00e9pond\u00e9rante dans l&rsquo;accompagnement professionnel des formateurs, permettant l\u2019appropriation d\u2019une posture professionnelle r\u00e9flexive et facilitant des comp\u00e9tences psychosociales propices \u00e0 l\u2019\u00e9volution de cette posture. Nous analyserons ensuite le cheminement qui nous a conduites \u00e0 th\u00e9oriser la notion de \u00ab\u00a0concepts \u00e9prouv\u00e9s\u00a0\u00bb. Chemin faisant, nous aborderons la fa\u00e7on dont, lors des s\u00e9ances d\u2019analyse de pratiques professionnelles, nous facilitons l\u2019implication de nos \u00e9tudiants, formateurs d\u00e9butants ou experts, selon une approche psychosociologique propice \u00e0 valoriser la relation relevant du \u00ab\u00a0principe d\u2019isomorphie\u00a0\u00bb<a href=\"#_ftn2\" name=\"_ftnref2\">[2]<\/a> (Ka\u00ebs, 1993) entre des savoir-faire exp\u00e9riment\u00e9s en s\u00e9ances et l\u2019appropriation des gestes professionnels. Nous reviendrons ici sur les fondements scientifiques de cette d\u00e9marche.<\/p>\n<h4 style=\"text-align: justify;\"><strong>2. Le dispositif de formation int\u00e9gr\u00e9 dans une formation universitaire de formateurs<\/strong><\/h4>\n<p style=\"text-align: justify;\">Nous avons \u0153uvr\u00e9, depuis 2010 \u00e0 l\u2019Universit\u00e9 de Cergy-Pontoise, pour que le parcours de master<a href=\"#_ftn3\" name=\"_ftnref3\">[3]<\/a> \u00ab\u00a0Formation de Formateurs \u00e0 l\u2019Accompagnement Professionnel\u00a0\u00bb ciblant des professionnels des domaines de l\u2019enseignement, de l\u2019\u00e9ducation, de la formation<a href=\"#_ftn4\" name=\"_ftnref4\">[4]<\/a>, du social et de la sant\u00e9, contribue \u00e0 clarifier le positionnement des formateurs d\u2019adultes et \u00e0 d\u00e9velopper leur posture dans une orientation relevant de\u00a0la psychologie sociale clinique. Un de nos enjeux visait la professionnalisation d\u2019experts capables de mener des s\u00e9ances d\u2019analyse de pratiques et de r\u00e9pondre ainsi aux besoins professionnels des formateurs identifi\u00e9s par les instituts de formation comme les ESP\u00e9<a href=\"#_ftn5\" name=\"_ftnref5\">[5]<\/a>, les IFSI<a href=\"#_ftn6\" name=\"_ftnref6\">[6]<\/a> ou les IFTS<a href=\"#_ftn7\" name=\"_ftnref7\">[7]<\/a>.<\/p>\n<p style=\"text-align: justify;\">Notre public compos\u00e9 de professionnels, hommes et femmes, a pour projet d\u2019acqu\u00e9rir des comp\u00e9tences d\u2019expert comme formateurs et formatrices, afin de gagner en reconnaissance (Giust-Desprairies, 2002) ou en l\u00e9gitimit\u00e9 dans leurs missions actuelles mais \u00e9galement de s\u2019impliquer dans\u00a0de nouvelles orientations et responsabilit\u00e9s professionnelles permettant d\u2019ouvrir leur champ d\u2019expertise dans leur domaine ou un nouveau domaine professionnel vis\u00e9.<\/p>\n<p style=\"text-align: justify;\">La n\u00e9cessit\u00e9 professionnelle d\u2019acqu\u00e9rir \u00e0 l\u2019universit\u00e9 un dipl\u00f4me de niveau 1, associ\u00e9e aux perspectives d\u2019accompagner au changement des professionnels qu\u2019ils forment ou encadrent, s&rsquo;accorde avec leur d\u00e9sir de renouer avec les \u00e9tudes. Dipl\u00f4m\u00e9s d\u2019un master, nombreux sont ceux et celles qui endossent de nouvelles missions de conseil, de tutorat, de coordination ou de management et qui, dans leurs nouvelles responsabilit\u00e9s, conduisent des dispositifs d\u2019analyse de pratiques professionnelles.<\/p>\n<p style=\"text-align: justify;\">Dans ce contexte, un des modules d\u2019enseignement\u00a0de premi\u00e8re ann\u00e9e du master, intitul\u00e9 \u00ab\u00a0Analyse r\u00e9flexive des pratiques et identit\u00e9 professionnelle\u00a0\u00bb, inscrit dans l\u2019unit\u00e9 d\u2019enseignement \u00ab\u00a0La fonction d\u2019accompagnement\u00a0\u00bb, se d\u00e9roule sur 24 heures. Il est prolong\u00e9 l\u2019ann\u00e9e suivante par un module de 18 heures intitul\u00e9 \u00ab\u00a0Analyse r\u00e9flexive des pratiques\u00a0\u2013 approfondissement \u00bb inscrit dans l\u2019unit\u00e9 d\u2019enseignement \u00ab\u00a0Dispositifs et enjeux de la formation\u00a0\u00bb. Ainsi, en deux ann\u00e9es, et sur 42 heures, nos deux modules de formation soutiennent la temporalit\u00e9 n\u00e9cessaire pour l\u2019acquisition des comp\u00e9tences. En tant que formatrices, nous posons le cadre relatif aux r\u00e8gles de fonctionnement, au d\u00e9roulement de la s\u00e9ance selon un protocole pr\u00e9cis,<a href=\"#_ftn8\" name=\"_ftnref8\">[8]<\/a> puis animons les premi\u00e8res s\u00e9ances d\u2019analyse de pratiques. Les \u00e9tudiants pr\u00e9sentent des situations professionnelles qui leur ont pos\u00e9 question. Sous notre guidance, le groupe s\u2019exp\u00e9rimente \u00e0 co-penser dans le respect des repr\u00e9sentations et hypoth\u00e8ses d\u2019analyse de chacun. A chaque fin de s\u00e9ance, un espace de m\u00e9ta-analyse permet de revenir ensemble sur le processus du groupe au travail et d\u2019analyser les effets de l\u2019animation, puis la posture du formateur en g\u00e9n\u00e9ral et ses gestes professionnels en interaction avec l\u2019espace intersubjectif du groupe. C\u2019est un temps que nous estimons repr\u00e9senter\u00a0un espace performant de trans-formation du sujet professionnel, tel un <em>\u00ab\u00a0<\/em><em>moment d\u2019\u00e9change collectif privil\u00e9gi\u00e9 dans l\u2019apr\u00e8s-coup de l\u2019exp\u00e9rience partag\u00e9e qui tend, selon nos observations, \u00e0 acc\u00e9l\u00e9rer le processus de d\u00e9placement des repr\u00e9sentations et dynamiser l\u2019acquisition de nouvelles comp\u00e9tences\u00a0\u00bb<\/em> (Agogu\u00e9 &amp; Clerc, 2016a).<\/p>\n<p style=\"text-align: justify;\">Petit \u00e0 petit, lorsque les \u00e9tudiants se sentent pr\u00eats, ils sont invit\u00e9s \u00e0 animer une s\u00e9ance d\u2019analyse de pratiques mettant alors \u00e0 l\u2019\u0153uvre et \u00e0 l\u2019\u00e9preuve une posture nouvelle. Ainsi, chaque \u00e9tudiant peut prendre alternativement la place de l\u2019exposant ou celle d\u2019animateur.\u00a0 En tant que formatrices, notre r\u00f4le consiste \u00e0 maintenir un espace d\u2019analyse suffisamment contenant et s\u00e9cure pour l\u2019animateur, l\u2019exposant et pour chaque membre du groupe.<\/p>\n<p style=\"text-align: justify;\">Nos enjeux de transmission, qui s\u2019illustrent ainsi dans notre dispositif d\u2019analyse de pratiques, servent l\u2019\u00e9volution de la posture r\u00e9flexive en appui d\u2019une approche compr\u00e9hensive et exp\u00e9rientielle. Nous avons nomm\u00e9 ce dispositif \u00ab\u00a0Analyse R\u00e9flexive de Pratiques Professionnelles\u00a0\u00bb<a href=\"#_ftn9\" name=\"_ftnref9\">[9]<\/a> en ajoutant dans cet intitul\u00e9 le qualificatif\u00a0de\u00a0r\u00e9flexive\u00a0avec l\u2019intention d\u2019insister \u00e0 la fois sur la n\u00e9cessaire implication du sujet professionnel mais \u00e9galement sur sa propre comp\u00e9tence \u00e0 enrichir sa posture r\u00e9flexive. Nous consid\u00e9rons comme relevant d\u2019une conception innovante, ce type de dispositif \u00e9galement exp\u00e9riment\u00e9 sous notre responsabilit\u00e9 dans d\u2019autres contextes de la formation initiale et continue des \u00ab\u00a0m\u00e9tiers de la relation\u00a0\u00bb (Cifali &amp; P\u00e9rilleux, 2012).<\/p>\n<p style=\"text-align: justify;\">Dans cet esprit nous sommes vigilantes \u00e0 accompagner la dynamique et l\u2019\u00e9volution des d\u00e9placements des repr\u00e9sentations et le processus de construction de l\u2019identit\u00e9 du professionnel en formation. Pour nous, en tant que psychosociologues, accompagner ces aides au changement exige une sensibilit\u00e9 clinique mise \u00e0 l\u2019\u00e9preuve dans l\u2019instance groupale et sa dynamique intersubjective.<\/p>\n<p style=\"text-align: justify;\">Dans cette perspective, nous constatons les effets trans-formateurs d\u2019un accompagnement port\u00e9 par une approche psychosociale clinique propre \u00e0 notre cadre th\u00e9orique et dans laquelle s\u2019inscrivent nos gestes professionnels. La particularit\u00e9 de cet accompagnement invite les sujets professionnels \u00e0 interroger leurs pratiques, en \u00e9lucidant les m\u00e9canismes inconscients dont ils sont l\u2019objet et \u00ab\u00a0<em>\u00e0 pouvoir raisonner, vivre et parler autrement, c\u2019est \u00e0 dire avec leurs sentiments, leurs pulsions et leur parole propre\u00a0<\/em>\u00bb (Enriquez, 1978 p.106). La sensibilit\u00e9 clinique, ainsi convoqu\u00e9e, s\u2019int\u00e9resse pr\u00e9cis\u00e9ment \u00e0 ce sujet assujetti \u00e0 son histoire (de Gaulejac, 1999), d\u00e9termin\u00e9 par ses appartenances et ses identit\u00e9s multiples, impliqu\u00e9 et impact\u00e9 par l\u2019imaginaire social dont il est aussi le produit.<\/p>\n<h6 style=\"text-align: justify;\"><strong>2.1 Cadre d\u2019une s\u00e9ance<\/strong><\/h6>\n<p style=\"text-align: justify;\">L\u2019animateur \u00e9nonce le cadre de la s\u00e9ance et en pr\u00e9sente les r\u00e8gles\u00a0de fonctionnement, celles du respect de la confidentialit\u00e9, du non jugement, de la non-\u00e9valuation et de la bienveillance sans complaisance. Il est responsable de la mise en place du cadre et annonce s\u2019en porter garant. Il veille ainsi \u00e0 garantir la s\u00e9curit\u00e9 psychique procur\u00e9e par le respect des r\u00e8gles et \u00e0 maintenir la force symbolique \u00e9manant de ce cadre. Nous soutenons en effet que \u00ab\u00a0<em>L\u2019animateur est garant de la force du \u00ab\u00a0cadre\u00a0\u00bb de travail, permettant une implication \u00e0 l\u2019analyse de chaque participant dans un espace cadre suffisamment protecteur et contenant, activant les alliances structurantes (Ka\u00ebs, 2008, p.41)<\/em> <em>vers une posture collaborative des membres du groupe<\/em>\u00a0\u00bb (Clerc &amp; Roche, 2017, p.109). Portant seul la responsabilit\u00e9 de la guidance du processus d\u2019analyse,\u00a0il accompagne \u00e9galement la mise au travail des r\u00e9sistances<em>. <\/em>Ainsi d\u00e8s la premi\u00e8re s\u00e9ance, l\u2019animateur tend \u00e0 donner du sens au travail groupal tout en permettant\u00a0l\u2019acc\u00e8s \u00e0 une s\u00e9curit\u00e9 psychique.<em>\u00a0<\/em>Suivant cette d\u00e9marche, nous affirmons que ce qui \u00ab\u00a0fait cadre\u00a0\u00bb d\u00e9passe la seule pr\u00e9sentation des r\u00e8gles de fonctionnement du dispositif. Ainsi nous \u00e9crivons que<em> \u00ab\u00a0la ritualisation que nous mettons en place assouplit les doutes et ouvre \u00e0 la pens\u00e9e groupale<\/em>\u00a0\u00bb (Clerc &amp; Roche, 2017, p.106) car dans cet espace collaboratif, les liaisons effectu\u00e9es lors de la co-pens\u00e9e engagent vers une posture respectueuse des repr\u00e9sentations, des doutes et certitudes de chacun.<\/p>\n<h6 style=\"text-align: justify;\"><strong>2.2 Dispositif et protocole visant l\u2019analyse de situations impliquantes <\/strong><\/h6>\n<p style=\"text-align: justify;\">Nous distinguons ici le dispositif du protocole.<\/p>\n<p style=\"text-align: justify;\">Si la sp\u00e9cificit\u00e9 de notre dispositif pose clairement notre adossement aux enjeux de la psychologie sociale clinique, cette appartenance induit pour le formateur la mise en apprentissage de la posture du psychosociologue dans ses positionnements et ses gestes professionnels particuliers. Au-del\u00e0 d\u2019une attention port\u00e9e au \u00ab\u00a0cadre<em>\u00bb,<\/em><a href=\"#_ftn10\" name=\"_ftnref10\">[10]<\/a> comme nous l\u2019avons vu pr\u00e9c\u00e9demment, mais \u00e9galement \u00e0 l\u2019\u00a0<em>\u00ab\u00a0<\/em>objet\u00a0<em>\u00bb <\/em>de ce qui est mis au travail, le formateur psychosociologue consid\u00e8re aussi le \u00ab\u00a0processus\u00a0<em>\u00bb<\/em> d\u2019\u00e9laboration comme source d\u2019informations pr\u00e9cieuses \u00e0 analyser pour faciliter les d\u00e9placements des repr\u00e9sentations.<\/p>\n<p style=\"text-align: justify;\">Ce type de formation ne repose pas simplement sur la transmission th\u00e9orique de notions sur les processus du changement mais devient, par sa conception m\u00eame, un outil de changement et le formateur, lui, un agent de changement. Cette vis\u00e9e suppose des modalit\u00e9s impliquantes de travail o\u00f9 les \u00e9tudiants sont en situation d\u2019exp\u00e9rimenter, de prendre de la distance, puis d\u2019analyser ces processus \u00e9prouv\u00e9s.<\/p>\n<p style=\"text-align: justify;\">Le formateur prend appui sur le dispositif qu\u2019il met en place et l\u2019incarne avec son style (Clot &amp; Faita, 2000) qui produira des effets sur les participants. Il propose ensuite un espace de questionnement sur les effets dans la relation entre ses propres gestes professionnels et les perceptions subjectives et intersubjectives du groupe. Dans l\u2019apr\u00e8s-coup, cette possibilit\u00e9 offerte d\u2019analyse de la dynamique du processus de communication \u00e9prouv\u00e9 invite les participants \u00e0 entrer dans un espace de pens\u00e9e o\u00f9 la capacit\u00e9 \u00e0 se remettre en question fait acte\u00a0de d\u00e9monstration quant \u00e0 la transmission de la posture clinique engag\u00e9e.<\/p>\n<p style=\"text-align: justify;\">A ce propos, nous \u00e9crivions\u00a0: \u00ab\u00a0<em>Lorsque le formateur psychosociologue met en sc\u00e8ne ses interrogations, questionne sa pratique et ses effets in situ, il autorise les stagiaires, par un effet d\u2019isomorphie, \u00e0 l\u00e9gitimement questionner \u00e0 leur tour leurs pratiques. Ce faisant, il expose sa capacit\u00e9 \u00e0 se remettre en question, \u00e0 exprimer ses \u00e9motions, ses doutes, ses d\u00e9sirs. Pr\u00e9cis\u00e9ment dans un contexte de transmission de la posture r\u00e9flexive, lorsque le formateur situe son expertise sur le processus d\u2019accompagnement, il maintient sa l\u00e9gitimit\u00e9 face \u00e0 son objet\u00a0\u00bb <\/em>(Agogu\u00e9 &amp; Clerc,\u00a02016a). On peut dire ici, que le principe d\u2019isomorphie est central pour donner du sens au processus de transmission, permettant l\u2019acc\u00e8s aux fondations de la posture du psychosociologue. Par son orientation clinique, et pour faire avancer la compr\u00e9hension de ce qui se joue, l\u2019animateur peut d\u00e9cider de faire le choix de manifester en s\u00e9ance ses propres \u00e9motions lorsque celles-ci apparaissent. Cette autorisation, dans un m\u00e9canisme relevant du principe de congruence (Rogers, 1968\/1998), pourra faciliter et ensuite autoriser l\u2019expression des dynamiques psychiques individuelles et groupales.<\/p>\n<p style=\"text-align: justify;\">Ces deux principes identifi\u00e9s en s\u00e9ance comme moteurs du processus de transmission concourent \u00e0 \u00e9clairer\u00a0avec tact (Mosconi, 2005) et \u00e0 reconna\u00eetre les dynamiques psychiques comme objets d\u2019attention et objets de travail l\u00e9gitimes. Le moment de la m\u00e9ta-analyse est l\u2019instant privil\u00e9gi\u00e9 de cette mise au travail.<\/p>\n<p style=\"text-align: justify;\">Notre dispositif (Clerc &amp; Agogu\u00e9, 2014)\u00a0pr\u00e9sente les \u00e9tapes retenues en ARPP au service de nos enjeux de formation. Nous identifions six \u00e9tapes :<\/p>\n<ol style=\"text-align: justify;\">\n<li>Pr\u00e9sentation du dispositif d\u2019ARPP, du cadre de r\u00e9f\u00e9rence th\u00e9orique, de la place et du r\u00f4le de l\u2019animateur et de la fonction du groupe.<\/li>\n<li>Pr\u00e9sentation des enjeux de formation et des comp\u00e9tences d\u00e9velopp\u00e9es.<\/li>\n<li>Pr\u00e9sentation du protocole et de ses r\u00e8gles de fonctionnement\u00a0:<\/li>\n<\/ol>\n<p style=\"padding-left: 60px; text-align: justify;\">&#8211; Pr\u00e9sentation succincte et individuelle de diff\u00e9rentes situations professionnelles v\u00e9cues par des participants,<br \/>\n&#8211; Choix d\u2019une situation professionnelle,<br \/>\n&#8211; Expos\u00e9 de la situation professionnelle choisie,<br \/>\n&#8211; Questions factuelles du groupe \u00e0 destination de l\u2019exposant et r\u00e9ponses de celui-ci,<br \/>\n&#8211; Hypoth\u00e8ses interpr\u00e9tatives exprim\u00e9es par tous les participants et hypoth\u00e8ses de l\u2019exposant.<\/p>\n<ol style=\"text-align: justify;\" start=\"4\">\n<li>Distanciation, retour vers l\u2019exposant.<\/li>\n<li>Distanciation, retour vers le groupe.<\/li>\n<li>M\u00e9ta-analyse, retour sur le processus du groupe en formation.<\/li>\n<\/ol>\n<p style=\"text-align: justify;\">Cette d\u00e9marche de formation situe donc le protocole \u00e0 une place de technique op\u00e9ratoire, au service des enjeux du dispositif et de l\u2019accompagnement du processus de transformation.<\/p>\n<h6 style=\"text-align: justify;\"><strong>2.3 Les comp\u00e9tences vis\u00e9es par le dispositif de formation<\/strong><\/h6>\n<p style=\"text-align: justify;\">Nous avan\u00e7ons, en appui de notre exp\u00e9rience et de celle de nos ex-\u00e9tudiantes ici en t\u00e9moignage \u00e0 la suite de cet article, et aujourd\u2019hui en tant que formatrices en ESP\u00e9, en IFSI ou en situation lib\u00e9rale, que notre dispositif d\u2019analyse de pratiques int\u00e9gr\u00e9 dans une formation professionnelle dipl\u00f4mante facilite le d\u00e9veloppement d\u2019une posture r\u00e9flexive transmissible, en g\u00e9n\u00e9rant l\u2019acquisition de nouvelles connaissances et comp\u00e9tences. Les comp\u00e9tences concern\u00e9es sont li\u00e9es aux missions de tutorat, de conseil, de coordination, de direction et d\u2019ing\u00e9nierie en formation d\u2019adultes.<\/p>\n<p style=\"text-align: justify;\">Dans un article intitul\u00e9 \u00ab\u00a0Analyse r\u00e9flexive de pratiques et d\u00e9veloppement de nouvelles comp\u00e9tences\u00a0\u00bb (Clerc &amp; Agogu\u00e9, 2014), nous avons centr\u00e9 notre propos sur l\u2019identification des comp\u00e9tences du formateur en ARPP. Nous souhaitions alors rendre lisible cette expertise et identifier les sources de d\u00e9placements actives vers l\u2019acquisition d\u2019une comp\u00e9tence r\u00e9flexive.<\/p>\n<p style=\"text-align: justify;\">En lien avec notre approche th\u00e9orique, nous avons distingu\u00e9 les comp\u00e9tences sur l\u2019objet<a href=\"#_ftn11\" name=\"_ftnref11\">[11]<\/a> de celles sur le processus en \u00e9crivant : \u00ab\u00a0<em>Alors que le professionnel, dans son quotidien, se r\u00e9alise gr\u00e2ce au d\u00e9veloppement de ce que nous nommerons les\u00a0\u00ab comp\u00e9tences sur l\u2019objet \u00bb relevant d\u2019une expertise scientifique, le dispositif que nous d\u00e9fendons s\u2019appuie sur des \u00ab\u00a0comp\u00e9tences sur le processus\u00a0\u00bb. \u00ab\u00a0Processus\u00a0\u00bb signifiant ici les m\u00e9canismes conscients et inconscients qui sont en jeu pour les individus en situations sociales, et \u00e9voquant l\u2019implication des personnes, consid\u00e9r\u00e9es alors comme des \u00ab\u00a0sujets professionnels\u00a0\u00bb\u00a0\u00bb <\/em>(Clerc &amp; Agogu\u00e9, 2014, p.2).<\/p>\n<p style=\"text-align: justify;\">Nous avons ainsi identifi\u00e9 six comp\u00e9tences, d\u00e9velopp\u00e9es ci-dessous, sur le processus que nous consid\u00e9rons aujourd\u2019hui encore comme indispensables. Nous en pr\u00e9sentons ici, succinctement les sp\u00e9cificit\u00e9s\u00a0:<\/p>\n<ul style=\"text-align: justify;\">\n<li>\u00ab\u00a0<em>Savoir \u00e9couter et rencontrer l\u2019alt\u00e9rit\u00e9\u00a0<\/em>\u00bb se rapproche de la comp\u00e9tence d\u2019\u00e9coute active (Rogers, 1970) invitant \u00e0 un effort d\u2019attention et de bienveillance associ\u00e9e \u00e0 la posture empathique difficile \u00e0 soutenir, car des jugements latents sont souvent pr\u00eats \u00e0 surgir dans les propos ou dans les postures.<\/li>\n<li>\u00ab\u00a0<em>Savoir l\u00e2cher prise\u00a0<\/em>\u00bb entraine le formateur \u00e0 mettre \u00e0 l\u2019\u00e9preuve sa possible posture d\u2019expert sur l\u2019objet dans son \u00ab\u00a0rapport au savoir\u00a0\u00bb (Beillerot, Blanchard-Laville, Mosconi, 1996) et dans ce qui construit son identit\u00e9 professionnelle \u00e9prouv\u00e9e et stabilis\u00e9e. S\u2019\u00e9loigner de cette position d\u2019expert sur l\u2019objet suppose une mise en risque, voire une mise en danger pour certains formateurs et constitue en cela un v\u00e9ritable \u00ab\u00a0l\u00e2cher-prise\u00a0\u00bb.<\/li>\n<li><em>\u00ab\u00a0Savoir associer et produire de nouvelles compr\u00e9hensions\u00a0<\/em>\u00bb, est une comp\u00e9tence li\u00e9e plus pr\u00e9cis\u00e9ment \u00e0 l\u2019\u00e9tape des hypoth\u00e8ses interpr\u00e9tatives\u00a0; elle introduit le ph\u00e9nom\u00e8ne de co-pens\u00e9e. Construire collectivement une nouvelle intelligibilit\u00e9 de la situation et de nouvelles perspectives de sens implique le renoncement \u00e0 exprimer une id\u00e9e si celle-ci est d\u00e9pass\u00e9e par l\u2019\u00e9volution de la r\u00e9flexion collective. Mais en compl\u00e9mentarit\u00e9, cela n\u00e9cessite une vraie aptitude \u00e0 co-penser dans un principe de mise en \u00e9cho qui exige de chacun une \u00e9coute active dense, mobilisant dans le groupe le principe d\u2019associativit\u00e9 (Ka\u00ebs, 2010).<\/li>\n<li>\u00ab\u00a0<em>Prendre de la distance vers de nouveaux d\u00e9placements<\/em>\u00bb consiste \u00e0 formaliser dans \u00ab l\u2019apr\u00e8s-coup\u00a0\u00bb lors de la m\u00e9ta-analyse, puis apr\u00e8s la s\u00e9ance ce que chacun a rep\u00e9r\u00e9 de diff\u00e9rent dans la connaissance de soi et de ses pratiques professionnelles.<\/li>\n<li>\u00ab\u00a0<em>Parler de soi et penser en groupe\u00a0<\/em>\u00bb rappelle que produire une parole r\u00e9flexive singuli\u00e8re en groupe invite \u00e0 s\u2019exposer au regard des autres, \u00e0 oser \u00e9noncer ses doutes, ses questions, exposer ses remaniements alors qu\u2019ils sont en d\u00e9placement. La posture du non-jugement s\u2019\u00e9prouve en groupe dans le respect des rythmes de chacun.<\/li>\n<li>\u00ab\u00a0<em>Penser en groupe et d\u00e9velopper sa fonction contenante<\/em>\u00bb renvoie \u00e0 la conduite d\u2019un espace psychique bienveillant et empathique o\u00f9 la confiance se construit dans une acceptation et une reconnaissance des alt\u00e9rit\u00e9s. Les \u00e9motions comme les fragilit\u00e9s peuvent s\u2019exprimer et le formateur aura \u00e0 accueillir et nommer avec empathie ce qui peut d\u00e9ranger et perturber ; il autorisera ainsi chacun \u00e0 penser que la fragilit\u00e9 expos\u00e9e ne repr\u00e9sente pas un danger insurmontable dans l\u2019estime de soi ou dans son d\u00e9sir d\u2019existence, mais bien un nouvel objet de travail, complexe susceptible d\u2019engager une analyse originale, fine et d\u00e9gag\u00e9e des confusions ou blocages psychiques ant\u00e9rieurs. Nous sommes l\u00e0 dans la m\u00eame fonction th\u00e9oris\u00e9e par Bion (1962\/1983) et nomm\u00e9e \u00ab\u00a0fonction contenante\u00a0\u00bb.<\/li>\n<\/ul>\n<h4 style=\"text-align: justify;\"><strong> 3. La m\u00e9ta-analyse comme espace de transmission de professionnalit\u00e9 <\/strong><\/h4>\n<p style=\"text-align: justify;\">Nous avons identifi\u00e9 la m\u00e9ta-analyse comme \u00ab\u00a0espace transitionnel \u00bb (Clerc &amp; Agogu\u00e9, 2015) ouvrant l\u2019acc\u00e8s \u00e0 l\u2019approche compr\u00e9hensive en facilitant l\u2019analyse des processus psychiques d\u2019o\u00f9 \u00e9mergent prises de conscience et d\u00e9placements des repr\u00e9sentations vers de nouvelles compr\u00e9hensions.<\/p>\n<p style=\"text-align: justify;\">C\u2019est un temps qui accueille l\u2019expression des sentiments \u00e9prouv\u00e9s et \u00e9motions partag\u00e9es pendant l\u2019analyse de la situation.\u00a0 En formation de formateurs, le formateur qui conduit la m\u00e9ta-analyse, utilise le geste professionnel de \u00ab\u00a0la reprise\u00a0\u00bb dans l\u2019apr\u00e8s-coup. C\u2019est une reprise que nous avons qualifi\u00e9e de \u00ab\u00a0transformatrice\u00a0\u00bb comme l\u2019ont nomm\u00e9e Ka\u00ebs, Missenard, Anzieu, Kaspi et al. (2013, p.10). En effet, un mouvement d\u2019ouverture et de d\u00e9gagement est conduit \u00e0 ce moment-l\u00e0, dans un projet de transformation sans anticiper sur l\u2019objet m\u00eame du d\u00e9placement.<\/p>\n<p style=\"text-align: justify;\">Ainsi, l\u2019analyse de notre exp\u00e9rience de m\u00e9ta-analyse, dans cette perspective d\u2019accompagnement au\u00a0 changement, nous a aid\u00e9es \u00e0 rep\u00e9rer en quoi le rapport au savoir du sujet exposant une situation influence l\u2019interpr\u00e9tation subjective qu\u2019il a de l\u2019\u00e9v\u00e9nement, en quoi son histoire de vie d\u00e9termine sa trajectoire professionnelle (De Gaulejac,\u00a01999) et ses positionnements, son rapport \u00e0 l\u2019autorit\u00e9, \u00e0 la loi, et en quoi la singularit\u00e9 de ses perceptions influence \u00a0sensiblement et malgr\u00e9 lui la relation \u00e9motionnelle qu\u2019il entretient avec l\u2019Autre. Ce sont des m\u00e9canismes psychiques dans lesquels, en plus de l\u2019exposant, les sujets du groupe d\u2019analyse sont \u00e9galement pris \u00e0 leur insu.<\/p>\n<p style=\"text-align: justify;\">Pour nous, en m\u00e9ta-analyse, la question de la transmission professionnelle est centrale. Nous accompagnons dans ce temps pr\u00e9cis le passage n\u00e9cessaire d\u2019un v\u00e9cu subjectif \u00e0 la compr\u00e9hension de concepts th\u00e9oriques.<\/p>\n<p style=\"text-align: justify;\">Les d\u00e9gagements ainsi v\u00e9cus dans le groupe par les sujets professionnels permettent de revisiter et s\u2019approprier des concepts psychosociaux et cliniques consid\u00e9r\u00e9s au premier abord comme abstraits tels que par exemple l\u2019imaginaire groupal, la dynamique trans-subjective, la relation transf\u00e9rentielle, le processus de contamination, les r\u00e9sistances au changement ou encore le style et la posture du formateur.\u00a0 Autant de concepts th\u00e9oriques, alors repris en m\u00e9ta-analyse et appr\u00e9hend\u00e9s ensuite comme \u00ab\u00a0concepts \u00e9prouv\u00e9s\u00a0\u00bb. Car c\u2019est bien, en formation de formateurs, la question de la transmission et son subtil passage du concept th\u00e9orique au \u00ab\u00a0concept \u00e9prouv\u00e9\u00a0\u00bb qui nous mobilise dans nos pratiques et nos recherches.<\/p>\n<h4 style=\"text-align: justify;\"><strong> 4. Observation et analyse de la transformation de la posture professionnelle<\/strong><\/h4>\n<p style=\"text-align: justify;\">En situation de formation, au sein de notre dispositif universitaire, nous avons \u00e9t\u00e9 sensibles aux \u00e9volutions et transformations de nos \u00e9tudiants. Nous les avons vus, de s\u00e9ance en s\u00e9ance, parvenir petit \u00e0 petit \u00e0 s\u2019engager personnellement\u00a0dans les \u00e9changes, \u00e0 s\u2019autoriser \u00e0 exprimer ce qui trouble intimement leur perception des situations v\u00e9cues, \u00e0 prendre de la distance et d\u00e9placer leurs repr\u00e9sentations initiales, \u00e0 acc\u00e9der \u00e0 de nouvelles compr\u00e9hensions dans leur rapport \u00e0 l\u2019\u00e9v\u00e9nement puis, dans leur milieu professionnel, \u00e0 assumer de nouvelles responsabilit\u00e9s port\u00e9es par la constante \u00e9volution d\u2019une posture d\u2019analyse psychosociale clinique.<\/p>\n<p style=\"text-align: justify;\">Nous reprendrons dans ce chapitre les paroles choisies dans les deux contributions de nos ex-\u00e9tudiantes en les consid\u00e9rant comme des verbatims au service de notre analyse (voir Buchet Molfessis &amp; al., 2019\u00a0; Collin B\u00e9theuil, Farhat Diot &amp; Jusot, 2019). En effet, depuis leurs t\u00e9moignages, \u00e0 l\u2019occasion de leur participation \u00e9crite \u00e0 ce num\u00e9ro, nous pouvons rep\u00e9rer et analyser plus pr\u00e9cis\u00e9ment en quoi le v\u00e9cu d\u2019un dispositif suffisamment contenant et s\u00e9cure a particip\u00e9 \u00e0 la transformation et \u00e0 l\u2019enrichissement de leur posture professionnelle.<\/p>\n<p style=\"text-align: justify;\">La lecture de leurs deux contributions laisse appara\u00eetre leur capacit\u00e9 \u00e0 observer, prendre de la distance et analyser, puis laisse percevoir leur volont\u00e9 d\u2019engager une pens\u00e9e clinique. Il s\u2019av\u00e8re, dans leurs analyses, que leurs positionnements et leurs postures s\u2019ajustent en m\u00eame temps que leur sensibilit\u00e9 clinique se d\u00e9ploie. Nos analyses s\u2019appuient sur de nombreuses observations illustrant\u00a0leurs d\u00e9placements. Celles-ci nous conduisent \u00e0 avancer que leurs \u00e9critures individuelles et collectives font \u0153uvre de d\u00e9monstration d\u00e9voilant avec subtilit\u00e9 et authenticit\u00e9 leurs d\u00e9gagements et leurs nouvelles compr\u00e9hensions.<\/p>\n<p style=\"text-align: justify;\">Les implications individuelles et groupales v\u00e9cues les conduisent\u00a0in\u00e9vitablement \u00e0 se situer dans des approches tissant espaces subjectif et intersubjectif.<em>\u00a0 <\/em>Selon la nature des propos avanc\u00e9s, elles \u00e9crivent en \u00ab\u00a0je\u00a0\u00bb ou en \u00ab\u00a0nous\u00a0\u00bb. Elles nomment avec pr\u00e9cision les \u00e9v\u00e8nements qu\u2019elles ont v\u00e9cus, les sentiments qu\u2019elles ont \u00e9prouv\u00e9s, les questions qu\u2019elles se sont pos\u00e9es et identifient chemin faisant les avanc\u00e9es de leurs hypoth\u00e8ses \u00e9labor\u00e9es dans la co-pens\u00e9e de leur r\u00e9flexion.<\/p>\n<p style=\"text-align: justify;\">Leurs t\u00e9moignages reviennent sur leurs \u00e9prouv\u00e9s et questionnent ceux-ci sans complaisance faisant \u00e9cho \u00e0 \u00ab\u00a0<em>un espace de pens\u00e9e o\u00f9 la capacit\u00e9 \u00e0 se remettre en question fait figure de d\u00e9monstration quant \u00e0 la transmission de la posture clinique engag\u00e9e<\/em>\u00a0\u00bb (Agogu\u00e9 &amp; Clerc,\u00a02016a).<\/p>\n<p style=\"text-align: justify;\">S\u2019impliquer, prendre de la distance, se remettre en question, mettre au travail ses r\u00e9sistances constituent des comp\u00e9tences qui ne peuvent s\u2019acqu\u00e9rir sans des conditions favorables, celles du respect et de la s\u00e9curit\u00e9 psychique n\u00e9cessaires au maintien du lien de confiance construit avec elles et entre elles. Les auteures affirment\u00a0cette n\u00e9cessit\u00e9 en ces mots\u00a0:<em> \u00ab\u00a0Nous avons per\u00e7u d\u00e8s le d\u00e9but de la formation de nos groupes combien le besoin de s\u00e9curit\u00e9 \u00e9tait important\u00a0\u00bb. <\/em>Elles qualifient l\u2019espace offert par le cadre de travail comme \u00ab\u00a0<em>un espace de confiance assez contenant pour recevoir les doutes, les h\u00e9sitations et \u00e9motions de chacun\u00a0\u00bb.<\/em><\/p>\n<p style=\"text-align: justify;\">Leur posture clinique favorise\u00a0et soutient les capacit\u00e9s singuli\u00e8res \u00e0 mettre au travail leurs doutes, \u00e0 affronter avec tact leurs fragilit\u00e9s d\u00e9ployant alors une analyse singuli\u00e8re vers une posture r\u00e9flexive sans cesse d\u00e9velopp\u00e9e au sein de notre processus d\u2019accompagnement. Lorsqu\u2019elles choisissent d\u2019\u00e9crire cette phrase charg\u00e9e de sens\u00a0et d\u2019\u00e9motion\u00a0: \u00ab\u00a0<em>On peut dire que l\u2019exp\u00e9rience d\u2019un accompagnement clinique a jou\u00e9 pour nous le r\u00f4le d\u2019une mise \u00e0 l\u2019\u00e9preuve intime\u00a0\u00bb, <\/em>nous supposons\u00a0qu\u2019elles se reconnaissent\u00a0comme sujets touch\u00e9s dans leur corps, leur histoire, leur espace psychique et qu\u2019elles d\u00e9voilent d\u2019elles une sensibilit\u00e9 personnelle impliqu\u00e9e\u00a0dans une dynamique transf\u00e9rentielle.<\/p>\n<h4 style=\"text-align: justify;\"><strong>5. Vers <\/strong><strong>une posture \u00e0 orientation clinique <\/strong><\/h4>\n<p style=\"text-align: justify;\">Ces ex-\u00e9tudiantes relient\u00a0l\u2019\u00e9volution de leurs d\u00e9placements aux engagements personnels et professionnels de leurs ex-formatrices<a href=\"#_ftn12\" name=\"_ftnref12\">[12]<\/a> renfor\u00e7ant\u00a0ainsi plusieurs points de notre cadre th\u00e9orique\u00a0tels que la notion clinique de congruence, la notion psychosociale de relation d\u2019isomorphie et le concept de transmission subjective\u00a0du geste partag\u00e9. Aujourd\u2019hui, auteures, elles \u00e9crivent : \u00ab\u00a0<em>Le travail sur notre posture a transform\u00e9 l\u2019attitude initialement inqui\u00e8te, laissant place \u00e0 un l\u00e2cher-prise plus confortable. La formatrice peut assumer de se montrer authentique sans fard, ni masque et accompagner l\u2019\u00e9tudiant \u00e0 adopter la m\u00eame attitude. En abandonnant une illusion de toute puissance face aux apprenants, nous leur laissons une place et nous nous sentons bien \u00ab\u00a0\u00e0 notre place\u00a0\u00bb de formatrice [\u2026]\u00a0\u00bb<\/em>. Ainsi abord\u00e9e, la question de la place r\u00e9elle, comme celle de la place symbolique, t\u00e9moigne par ces propos des puissants effets du geste partag\u00e9 qui autorise\u00a0et accompagne\u00a0la construction de leur nouvelle identit\u00e9 de formatrice. \u00a0Dans cette perspective, nous pouvons en d\u00e9duire\u00a0qu\u2019un jeu de miroirs successifs aura pu contribuer \u00e0 exp\u00e9rimenter, confirmer et enfin assurer la transmission d\u2019une posture sensible de clinicienne.<\/p>\n<p style=\"text-align: justify;\">Ce dispositif d\u2019analyse r\u00e9flexive des pratiques professionnelles a fait histoire pour chaque groupe. Nous consid\u00e9rons que notre r\u00e9elle conviction \u00e0 faire confiance en leurs d\u00e9placements se transmet dans notre posture professionnelle et nous estimons qu\u2019elle influence la qualit\u00e9 de la confiance en soi alors stimul\u00e9e. Ainsi, les auteures associent dans leur contribution confiance et d\u00e9placement possible\u00a0en ces termes :<em> \u00ab\u00a0<\/em><em>Il semblerait que ce soit un climat de confiance install\u00e9 depuis deux a<\/em>ns<em> de formation universitaire, maintes fois test\u00e9 et \u00e9prouv\u00e9 qui a permis cette transition pour l\u2019exposante<\/em>\u00a0\u00bb.<\/p>\n<h4 style=\"text-align: justify;\"><strong> 6. Vers une \u00e9criture \u00e0 orientation clinique en qu\u00eate de sens<\/strong><\/h4>\n<p style=\"text-align: justify;\">En appui des propos d\u2019Enriquez, \u00ab\u00a0<em>pouvoir raisonner, vivre et parler autrement, c\u2019est \u00e0 dire avec leurs sentiments, leurs pulsions et leur parole propre\u00a0<\/em>\u00bb (Enriquez, 1978 p.106, cit\u00e9 p.4 dans ce texte), nous qualifions ici leur \u00e9criture de \u00ab\u00a0clinique\u00a0\u00bb. Le cadre th\u00e9orique clinique, v\u00e9cu et th\u00e9oris\u00e9 lors de leur formation universitaire, s\u2019exprime dans la pr\u00e9cision scientifique de leur propos. Il se retrouve dans cette \u00e9criture sensible aux interrogations, doutes et remises en question et nous pouvons penser qu\u2019il fait lien et renforce le partage d\u2019une identit\u00e9 professionnelle commune. Il participe selon nous \u00e0 la construction d\u2019une culture partag\u00e9e stimulante pour la pens\u00e9e et pour leur engagement en termes de responsabilit\u00e9s.<\/p>\n<p style=\"text-align: justify;\">De cette culture partag\u00e9e \u00e9manent l\u2019identification et la reconnaissance d\u2019une posture professionnelle sp\u00e9cifique aux m\u00e9tiers de la relation.\u00a0 Ainsi, nous pouvons rep\u00e9rer de leurs questionnements une qu\u00eate de sens incessante qui interroge et montre comment le sujet est infiniment interpell\u00e9 et continument en introspection. Les auteures \u00e9crivent\u00a0: \u00ab\u00a0<em>Quand nous nous heurtons aux jugements, aux r\u00e9sistances, aux demandes de solutions, aux attaques, nous qu\u00eatons le sens. Que repr\u00e9sente ce sentiment pour le sujet\u00a0? Que se passe-t-il pour le groupe\u00a0? Qu\u2019est-ce qui fait que cela me d\u00e9range\u00a0? \u00bb. <\/em>Nous reconnaissons, dans leur propos, les pr\u00e9occupations du psychosociologue portant sur le \u00ab\u00a0processus\u00a0\u00bb de d\u00e9placement des accompagn\u00e9s mais \u00e9galement de l\u2019accompagnant. Cette double attention aux ph\u00e9nom\u00e8nes de r\u00e9sistances psychiques de chacun se r\u00e9v\u00e8le riche en nouvelles prises de consciences.<\/p>\n<p style=\"text-align: justify;\">\u00c0 ces avanc\u00e9es, elles ajoutent, dans leurs articles, l\u2019appr\u00e9hension de nouveaux concepts ainsi \u00e9prouv\u00e9s \u00ab\u00a0<em>notre aptitude grandissante \u00e0 l\u2019analyse des processus, a pu permettre de transformer les sentiments ressentis en nouvelles interpr\u00e9tations, mettre des mots sur ce que nous avions v\u00e9cu ensemble et saisir en les identifiant les concepts cliniques ainsi \u00e9prouv\u00e9s<\/em> \u00bb.<\/p>\n<p style=\"text-align: justify;\">Ces nouvelles connaissances semblent permettre de r\u00e9inventer de nouvelles pratiques sans cesse en transformation. Elles \u00e9crivent\u00a0: \u00ab\u00a0<em>Il nous semble, et le fait est, qu\u2019ici et maintenant, nous continuons encore \u00e0 transformer notre v\u00e9cu, que ce dispositif permet aussi le r\u00e9investissement de ces outils de transformation au-del\u00e0 de lui-m\u00eame\u00a0\u00bb.\u00a0 <\/em><\/p>\n<h4 style=\"text-align: justify;\"><strong> 7. Les liens subjectifs et intersubjectifs et leurs effets en formation<\/strong><\/h4>\n<p style=\"text-align: justify;\">L\u2019utilisation de gestes professionnels propres \u00e0 une d\u00e9marche clinique convoquerait ainsi des d\u00e9placements aux investissements psychiques singuliers et inattendus. Dans les deux contributions nous relevons selon les auteures, ici par exemple une attente curieuse de bouleversements\u00a0: \u00ab\u00a0<em>La stupeur de percevoir les liens entre l\u2019histoire du sujet\u00a0et la situation d\u00e9crite, le saisissement de voir se d\u00e9nouer les probl\u00e9matiques de l\u2019existence sont tangibles. L\u2019analyse permet d\u2019acc\u00e9der \u00e0 des parties de soi que le sujet n\u2019a pas l\u2019habitude de questionner\u00a0\u00bb. <\/em>De leur place de formatrices, leurs convictions th\u00e9oriques semblent se confronter\u00a0\u00e0 leurs dynamiques internes charg\u00e9es de peur, de doute et d\u2019incertitude. Elles expriment cette \u00e9preuve de la fa\u00e7on suivante\u00a0: <em>\u00ab\u00a0Et nous avons conscience, en charge d\u2019un groupe de professionnels d\u00e9munis de la force \u00e9voqu\u00e9e ante, que nous aurons \u00e0 \u00e9prouver notre propre solidit\u00e9, intellectuelle et psychique dans cette nouvelle responsabilit\u00e9\u00a0\u00bb.<\/em><\/p>\n<p style=\"text-align: justify;\">Leurs analyses li\u00e9es \u00e0 leur cadre de pens\u00e9e, explorent avec leurs r\u00e9f\u00e9rences th\u00e9oriques choisies, l\u2019\u00e9volution des dynamiques psychiques groupales faisant r\u00e9guli\u00e8rement l\u2019objet de reprises dans les temps de m\u00e9ta-analyse. Le groupe, comme elles le con\u00e7oivent d\u00e9sormais, repr\u00e9sente plus qu\u2019un regroupement de personnes li\u00e9es par une t\u00e2che. Ces formatrices affichent une sensibilit\u00e9 particuli\u00e8re \u00e0 identifier les qualit\u00e9s du lien intersubjectif et \u00e0 soutenir la force cr\u00e9ative et l\u2019\u00e9mergence de nouvelles productions collectives qui s\u2019en d\u00e9gagent\u00a0: \u00ab\u00a0<em>dans le cadre de notre formation et de nos pratiques professionnelles, nos exp\u00e9riences d\u2019accompagnement ont souvent fait \u00e9merger un certain d\u00e9sir ou une certaine volont\u00e9 de se positionner dans l\u2019espace du lien et de prendre en compte les singularit\u00e9s tout en facilitant l\u2019\u00e9mergence de projets communs\u00a0\u00bb.<\/em> C\u2019est un groupe vivant, r\u00e9actif, sensible et d\u00e9sirant qu\u2019elles convoquent dans leur analyse\u00a0: \u00ab\u00a0<em>Je formule l\u2019hypoth\u00e8se que la bienveillance du groupe m\u2019aurait aid\u00e9e dans cette transition difficile <\/em>[\u2026] <em>le soutien du groupe permettant de rester \u00e0 un certain niveau de pens\u00e9e faciliterait le d\u00e9gagement au fur et \u00e0 mesure de l\u2019\u00e9motion intense vers une \u00e9motion plus diffuse\u00a0\u00bb.<\/em> Ainsi, elles situent, en risquant une interpr\u00e9tation inattendue, le d\u00e9sir de rencontre et de partage au-del\u00e0 des places et r\u00f4les assign\u00e9s dans le groupe\u00a0: \u00ab\u00a0<em>il serait envisageable que le formateur ait autant besoin du groupe que l\u2019exposant lui-m\u00eame\u00a0\u00bb. <\/em>Dans le prolongement de cette hypoth\u00e8se, elles \u00e9crivent, tissant des liens entre leurs exp\u00e9riences professionnelles et leurs exp\u00e9riences en formation\u00a0: <em>\u00ab\u00a0Nous nous sentons souvent reconnaissantes vis-\u00e0-vis des groupes au sein desquels nous travaillons. Probablement, dans nos exp\u00e9riences d\u2019animatrices, nous sommes dans l\u2019attente de retrouver la relation au groupe telle que nous l\u2019avons connue avec notre formatrice en formation \u00e0 l\u2019universit\u00e9\u00a0\u00bb <\/em>reconnaissant ainsi au sujet professionnel en g\u00e9n\u00e9ral des besoins psychiques secr\u00e8tement enfouis influen\u00e7ant l\u2019espace de formation. Pour un psychosociologue, ces influences inconscientes m\u00e9ritent toute attention.<\/p>\n<p style=\"text-align: justify;\">C\u2019est dans cette perspective que les auteures s\u2019engagent, avec sensibilit\u00e9 et prise de risque, \u00e0 franchir dans leurs analyses le niveau symbolique des hypoth\u00e8ses conduisant vers la prise en compte des m\u00e9canismes groupaux propre \u00e0 l\u2019orientation psychosociologique. Elles \u00e9crivent\u00a0: \u00ab\u00a0<em>S\u2019inspirant des travaux de Ren\u00e9 Ka\u00ebs, elle <\/em>(l\u2019exposante de l\u2019analyse \u00e9voqu\u00e9e par les auteures) <em>prendrait appui sur l\u2019 \u00ab\u00a0appareil psychique groupal\u00a0\u00bb pour cr\u00e9er des espaces de s\u00e9curit\u00e9 contrant l\u2019angoisse latente\u00a0\u00bb. <\/em>Comme formatrices, leur nouvelle posture professionnelle s\u2019affirme et se renforce quand elles \u00e9voquent leur concentration et leur attention soutenue \u00e0 contenir les d\u00e9bordements d\u2019\u00e9motions par leur \u00ab\u00a0<em>pr\u00e9occupation de contenance du groupe et de ce que pouvait d\u00e9clencher dans l\u2019espace psychique groupal cette \u00e9motion surgissant tout \u00e0 coup\u00a0\u00bb.<\/em><\/p>\n<p style=\"text-align: justify;\">Nous ajoutons ici que notre retour sur les \u00e9crits des auteures, attentif \u00e0 pointer les indices de leurs transformations, nous semble relever d\u2019un mouvement de reprise convoqu\u00e9 dans certains temps de la formation, comme celui privil\u00e9gi\u00e9 de la m\u00e9ta-analyse.<\/p>\n<h4 style=\"text-align: justify;\"><strong> 8. La m\u00e9ta-analyse et sa relation \u00e0 la notion de \u00ab\u00a0concept \u00e9prouv\u00e9\u00a0\u00bb<\/strong><\/h4>\n<p style=\"text-align: justify;\">Lorsque nous nous sommes interrog\u00e9es sur la question de la transmission en formation de formateurs, nous nous sommes appuy\u00e9es sur le concept de \u00ab\u00a0transmission subjective du geste partag\u00e9\u00a0\u00bb (Blanchard-Laville, 2008).<\/p>\n<p style=\"text-align: justify;\">Autrement dit, les trans-formations des \u00e9tudiants \u00e9voluent dans la rencontre et le partage d\u2019exp\u00e9riences communes au cours desquelles les gestes, les attitudes, les paroles du formateur, ses postures singuli\u00e8res pour s\u2019adresser au groupe et conduire les \u00e9changes sont per\u00e7ues par les participants de fa\u00e7on, dans un premier temps, intuitive et sensible. De ces perceptions, \u00e9manent des transmissions subjectives, \u00e0 l\u2019insu du sujet.\u00a0 Lorsque le formateur installe un espace pour \u00e9voquer ces perceptions individuelles qui flottent \u00e9galement dans l\u2019imaginaire groupal, il autorise le groupe \u00e0 transformer ses intuitions en objets devenus identifiables dans un cadre th\u00e9orique. Dans un deuxi\u00e8me temps, c\u2019est en laissant advenir \u00e0 la parole les \u00e9motions et les troubles que le formateur permet au groupe de mettre au travail ses perceptions, ses sensations fugaces accueillies par une posture d\u2019\u00e9coute ouverte et flottante de la part des participants \u00e0 l\u2019analyse. Nous rejoignons ce qu\u2019\u00e9crit Enriquez (2015, p.31) \u00e0 propos du psychanalyste\u00a0: \u00ab<em>\u00a0il ne lui faut pas simplement \u00eatre dans une libre attention flottante mais dans une libre \u00ab\u00a0th\u00e9orisation flottante\u00a0\u00bb<\/em>.\u00a0\u00bb En revenant alors sur ces perceptions qui les ont travers\u00e9es, en nommant les concepts auxquels ces premi\u00e8res perceptions peuvent \u00eatre associ\u00e9es nous participons, dans le cadre du dispositif d\u2019analyse de pratiques, \u00e0 une appropriation conceptuelle des ph\u00e9nom\u00e8nes v\u00e9cus. Nous nous appuyons sur l\u2019image de \u00ab\u00a0pens\u00e9e sans penseur\u00a0\u00bb<a href=\"#_ftn13\" name=\"_ftnref13\">[13]<\/a>, nomm\u00e9e ainsi par N\u00e9ri (2007, p.109) pour \u00e9voquer ces pens\u00e9es qui \u00ab\u00a0flottent\u00a0\u00bb dans la co-pens\u00e9e du groupe et qui \u00ab\u00a0attendent\u00a0\u00bb d\u2019\u00eatre reprises pour \u00eatre \u00e9labor\u00e9es.<\/p>\n<p style=\"text-align: justify;\">Le processus de cette \u00e9laboration, en passant ainsi par l\u2019\u00e9prouv\u00e9 des \u00e9motions partag\u00e9es, puis la mise en parole de cet \u00e9prouv\u00e9, permet de s\u2019approprier de nouveaux savoirs, d\u2019int\u00e9grer dans une nouvelle compr\u00e9hension des concepts cliniques parfois difficiles \u00e0 se repr\u00e9senter et \u00e0 appr\u00e9hender, si l\u2019on ne passe pas par ce processus d\u2019\u00e9laboration.<\/p>\n<p style=\"text-align: justify;\">Ce processus particulier de transmission de notions cliniques s\u2019appuie sur une modalit\u00e9 int\u00e9grant ce que nous nommons \u00ab\u00a0concept \u00e9prouv\u00e9\u00a0\u00bb. L\u2019espace de la m\u00e9ta-analyse, dans l\u2019apr\u00e8s-coup de l\u2019analyse, est selon nous un moment privil\u00e9gi\u00e9 pour mettre au travail les \u00ab\u00a0concepts \u00e9prouv\u00e9s\u00a0\u00bb ainsi identifi\u00e9s.<\/p>\n<h4 style=\"text-align: justify;\"><strong>9. Conclusion<\/strong><\/h4>\n<p style=\"text-align: justify;\">Nous affirmerons pour conclure que le groupe \u00e9volue gr\u00e2ce \u00e0 une conviction partag\u00e9e\u00a0: \u00a0l\u2019implication ne se d\u00e9cr\u00e8te pas. L\u2019implication se tente et d\u00e8s la premi\u00e8re rencontre s\u2019entretient dans une co-\u00e9laboration guid\u00e9e. Elle alimente la puissance de la \u00ab\u00a0m\u00e9ta-analyse\u00a0\u00bb qui revient sur la dynamique du processus de co-\u00e9laboration, identifie les d\u00e9placements des repr\u00e9sentations, pr\u00e9cise les nouvelles compr\u00e9hensions des concepts mis en jeu et nomme les acquisitions des nouvelles comp\u00e9tences psychosociales cliniques.<\/p>\n<p style=\"text-align: justify;\">Ces nouvelles compr\u00e9hensions deviennent, selon les t\u00e9moignages de nos ex-\u00e9tudiants aujourd\u2019hui formatrices et formateurs, des savoir-faire incorpor\u00e9s qui enrichissent leur posture professionnelle en ARPP. C\u2019est aussi cette posture professionnelle que ces professionnels de la formation transmettent, \u00e0 leur tour, \u00e0 leurs publics respectifs.<\/p>\n<h4><strong>R\u00e9f\u00e9rences bibliographiques<\/strong><\/h4>\n<p>Agogu\u00e9, M. &amp; Clerc, N. (2016a). De 2006 \u00e0 2016, l\u2019\u00e9volution d\u2019un processus d\u2019accompagnement professionnel en formation de formateurs et en r\u00e9f\u00e9rence \u00e0 la psychologie sociale clinique. Colloque\u00a0: 2006 \u2013 2016, sc\u00e9narios de formation 10 ans apr\u00e8s \u2013 UCP \u2013 ESP\u00e9.<\/p>\n<p>Agogu\u00e9, M. &amp; Clerc, N. (2016b). Co-r\u00e9flexivit\u00e9 et m\u00e9ta-analyse en formation de formateurs \u00e0 l\u2019accompagnement professionnel, Colloque\u00a0: Ethique de l\u2019accompagnement et agir coop\u00e9ratif, Tours -26-28 mai.<\/p>\n<p>Beillerot, J., Blanchard-Laville, C. et Mosconi, N., (1996). (dir.). <em>Pour une clinique du rapport au savoir<\/em>. L\u2019Harmattan\u00a0: Savoir et Formation.<\/p>\n<p>Bion, W.R. (1962\/1983). Une th\u00e9orie de l\u2019activit\u00e9 de pens\u00e9e, 1962, trad. fr., dans <em>R\u00e9flexion faite<\/em>, Paris\u00a0: PUF, 125-135.<\/p>\n<p>Blanchard-Laville, C. (2008). Vers une professionnalisation des analystes de la pratique professionnelle. <em>La nouvelle revue de l\u2019adaptation et de la scolarisation, <\/em>Comment faire\u00a0? Le d\u00e9fi de l\u2019analyse de pratiques, <em>41<\/em>, 135-144.<\/p>\n<p>Blanchard-Laville, C. (2013b).\u00a0 Accompagnement clinique et capacit\u00e9 n\u00e9gative. <em>Cahiers de psychologie clinique<\/em>, 2013\/2 41, 63-80.\u00a0 DOI :10.3917\/cpc.041.0063.<\/p>\n<p>Buchet Molfessis, C., Dubost, S., Figarol, M., Force, F., Grenadou, C., Lanata, P., Le T\u00e9no, F., (2019). Des exp\u00e9riences crois\u00e9es vers la prise en charge d\u2019un dispositif ouvrant l\u2019acc\u00e8s au sujet professionnel. In <em>Revue de l\u2019analyse de pratiques professionnelles<\/em>, No 15, pp. 78-95. <u><a href=\"http:\/\/www.analysedepratique.org\/?p=3368\">http:\/\/www.analysedepratique.org\/?p=3368<\/a><\/u>.<\/p>\n<p>Cifali, M. et P\u00e9rilleux, T. (2012). <em>Les m\u00e9tiers de la relation malmen\u00e9s. R\u00e9pliques cliniques<\/em>. Paris\u00a0: L\u2019harmattan, Col. Savoir et formation.<\/p>\n<p>Clerc, N. et Agogu\u00e9, M. (2014). Analyse r\u00e9flexive de pratiques et d\u00e9veloppement de nouvelles comp\u00e9tences. <em>Recherche en Soins Infirmiers<\/em>, septembre 2014,118, 7-16.<\/p>\n<p>Clerc, N. et Agogu\u00e9, M. (2015). La m\u00e9ta-analyse, espace transitionnel en formation de formateurs\u00a0dans T. Roux-Perez (coord.). Accompagnement des transitions professionnelles et dispositifs r\u00e9flexifs en formation initiale et continue, <em>Questions vives<\/em> : n\u00b0 24, 197-214.<a href=\"#_ftnref1\" name=\"_ftn1\"><\/a><a href=\"#_ftnref1\" name=\"_ftn1\"><\/a><\/p>\n<p>Clerc, N. et Roche, D. (2017). Les atouts et les limites de la ritualisation dans la mise en place d\u2019un dispositif d\u2019analyse de pratiques professionnelles, in <em>Revue de l\u2019analyse de pratiques professionnelles<\/em>, 10, pp. 106-118. <a href=\"http:\/\/www.analysedepratique.org\/?p=2450\">http:\/\/www.analysedepratique.org\/?p=2450<\/a>.<\/p>\n<p>Clot, Y. et Fa\u00efta, D. (2000).\u00a0 Genres et styles en analyse du travail, concepts et m\u00e9thodes, <em>Travailler, 4, pp.\u00a07-42.<\/em><\/p>\n<p>Collin B\u00e9theuil, N., Fahrat Diot, C. et Jusot, I. (2019). Emotion, contenance et mise en sens en Analyse R\u00e9flexive des Pratiques Professionnelles. In <em>Revue de l\u2019analyse de pratiques professionnelles<\/em>, No 15, pp. 96-116.\u00a0<a href=\"http:\/\/www.analysedepratique.org\/?p=3367\">http:\/\/www.analysedepratique.org\/?p=3367<\/a>.<\/p>\n<p>De Gaul\u00e9jac, V.\u00a0 (1999). <em>L&rsquo;histoire en h\u00e9ritage. Roman familial et trajectoire sociale<\/em><em>.<\/em> Paris, Descl\u00e9e de Brouwer, coll. \u00ab Sociologie clinique \u00bb.<\/p>\n<p>Dubost, J. (1987). <em>L\u2019intervention psycho-sociologique<\/em>. Paris : PUF.<\/p>\n<p>Enriquez E. (1978). Analyse sociale et intervention, <em>Connexions<\/em> N\u00b0 24, \u00e9dition EPI, Chapitre : Rapport au travail et pratiques psychosociologiques, pp. 85-108.<\/p>\n<p>Enriquez, E. (2015).\u00a0 Entretien avec E. Enriquez,\u00a0une pens\u00e9e \u00ab\u00a0exotique\u00a0\u00bb entre sociologie et psychanalyse. Sociologie et psychanalyse, de l\u2019\u00e9change de vues \u00e0 la transformation du regard<em>, Clinique<\/em> <em>et changement social<\/em>. Paris\u00a0: l\u2019Harmattan.<\/p>\n<p>Giust-Desprairies, F. (2002). L&rsquo;identit\u00e9\u0301 professionnelle du point de vue de la psychologie sociale clinique, Universit\u00e9 d&rsquo;automne : \u00ab Analyse de pratiques et professionnalit\u00e9 des enseignants \u00bb.<\/p>\n<p>Ka\u00ebs, R., Missenard, A., Anzieu, D., Kaspi, A., et al. (1984\/2013).<em> Crise, rupture et d\u00e9passement<\/em>. Paris\u00a0: Dunod, Collection : Inconscient et Culture.<\/p>\n<p>Ka\u00ebs, R. (1993). <em>Le groupe et le sujet du groupe.<\/em> Paris, Dunod.<\/p>\n<p>Ka\u00ebs, R. (2008). \u00ab Reconnaissance et m\u00e9connaissance dans les liens intersubjectifs. Une introduction, <em>Le Divan familial <\/em>2008\/1 (N\u00b0 20), p. 29-46. DOI 10.3917\/difa.020.0029<\/p>\n<p>Ka\u00ebs, R. (2010). Chapitre 10, Les chaines associatives et les processus qui les organisent dans le groupe. Dans R. Kaes <em>La parole et le lien, associativit\u00e9 et travail psychique dans les groupes. <\/em>Paris\u00a0: Dunod<em>.<\/em><\/p>\n<p>Laplanche, J. et Pontalis, J.-B. (1990\/1967). <em>Vocabulaire de psychanalyse<\/em>. Paris\u00a0: PUF.<\/p>\n<p>Mosconi, N. (2005). Tact et groupes d\u2019analyse des pratiques professionnelles, Actes de la journ\u00e9e d\u2019\u00e9tudes du 25 mai 2005\u00a0: <em>Qu\u2019est ce que le tact p\u00e9dagogique\u00a0?<\/em> IUFM Nord, Pas de Calais.<\/p>\n<p>N\u00e9ri, C. (2007). Des pens\u00e9es sans penseur. Dans F. Guignard et T. Bokanowski (dir.) <em>Actualit\u00e9 de la pens\u00e9e de Bion.<\/em> Paris\u00a0: In Press\u00a0: col. De la SEPEA.<\/p>\n<p>Rogers, C. R. (1942\/1970). <em>La relation d&rsquo;aide et la psychoth\u00e9rapie<\/em>. Paris\u00a0: ESF.<\/p>\n<p>Rogers, C. R. (1968\/1998). <em>Le d\u00e9veloppement de la personne<\/em>. Paris\u00a0: Dunod.<\/p>\n<p>&nbsp;<\/p>\n<h4><strong>Annexe<\/strong><\/h4>\n<p><strong>Pr\u00e9sentation du dispositif d\u2019analyse de pratiques en Formation de Formateurs \u00e0 l\u2019Accompagnement Professionnel<\/strong><\/p>\n<hr \/>\n<p style=\"text-align: center;\"><strong>Analyse R\u00e9flexive des Pratiques Professionnelles<\/strong><\/p>\n<p style=\"text-align: center;\">Clerc et M. Agogu\u00e9<\/p>\n<p style=\"text-align: center;\"><strong>Formation de formateurs <\/strong><\/p>\n<p style=\"text-align: center;\">Cadre de r\u00e9f\u00e9rence en psychosociologie clinique<\/p>\n<p><strong>Objectif<\/strong><\/p>\n<p style=\"text-align: justify;\">Permettre \u00e0 un professionnel \u00e0 partir de l\u2019expos\u00e9, puis l\u2019analyse d\u2019une situation professionnelle v\u00e9cue, de d\u00e9placer ses points de vue gr\u00e2ce \u00e0 la richesse des diverses interpr\u00e9tations \u00e9mises par le groupe. Ainsi la co-construction groupale peut r\u00e9v\u00e9ler des modes de fonctionnement personnel et professionnel souvent r\u00e9p\u00e9titifs et qui ont pu orienter implicitement les attitudes et comportements professionnels rapport\u00e9s. Le passage d\u2019une approche explicative vers une approche compr\u00e9hensive est vis\u00e9.<\/p>\n<p style=\"text-align: justify;\"><strong>Modalit\u00e9s et r\u00e8gles de fonctionnement<\/strong><\/p>\n<p style=\"text-align: justify;\">Un groupe stable, compos\u00e9 de 15 professionnels environ se r\u00e9unit r\u00e9guli\u00e8rement dans l\u2019ann\u00e9e. Chaque s\u00e9ance dure de 2 \u00e0 3 heures. Le groupe est conduit par un formateur\/animateur form\u00e9 \u00e0 ce type de dispositif. Le cadre pos\u00e9 permet \u00e0 une parole singuli\u00e8re de s\u2019exprimer dans un registre professionnel et facilite la co-\u00e9laboration du groupe dans un climat de confiance partag\u00e9e. L\u2019animateur est garant des r\u00e8gles de fonctionnement\u00a0: confidentialit\u00e9, bienveillance sans complaisance, non jugement \u2013 non \u00e9valuation. Le cadre de travail suppose un engagement personnel et une pr\u00e9sence r\u00e9guli\u00e8re.<\/p>\n<p style=\"text-align: justify;\"><strong>R\u00f4le de l\u2019animateur<\/strong><\/p>\n<p style=\"text-align: justify;\">L\u2019animateur, garant du cadre, permet \u00e0 chacun de s\u2019exprimer. Il facilite la confrontation dans le respect des id\u00e9es et des personnes qui les expriment. Il conduit et accompagne l\u2019analyse en reformulant et en synth\u00e9tisant si besoin. Il incite le groupe \u00e0 poursuivre l\u2019\u00e9laboration de sa r\u00e9flexion en exploitant ses diff\u00e9rentes ressources. En mettant \u00e0 l\u2019\u00e9preuve l\u2019\u00e9coute active et l\u2019implication personnelle de chacun, il permet \u00e0 chaque membre du groupe de prendre de la distance et de d\u00e9velopper une posture r\u00e9flexive. Il d\u00e9veloppe lui-m\u00eame en s\u00e9ance une \u00ab\u00a0posture contenante\u00a0\u00bb. Le retour \u00e0 une m\u00e9ta-analyse qu\u2019il propose en fin de s\u00e9ance, accompagne les prises de conscience en facilitant les d\u00e9placements des professionnels.<\/p>\n<p style=\"text-align: justify;\"><strong>Dispositif<\/strong><\/p>\n<ul>\n<li style=\"text-align: justify;\">Pr\u00e9sentation du cadre de r\u00e9f\u00e9rence, de la place et du r\u00f4le de l\u2019animateur, de la fonction du groupe.<\/li>\n<li style=\"text-align: justify;\">Pr\u00e9sentation du dispositif, des enjeux de la formation et des comp\u00e9tences d\u00e9velopp\u00e9es.<\/li>\n<li style=\"text-align: justify;\">Pr\u00e9sentation du protocole, des r\u00e8gles de fonctionnement, des diff\u00e9rentes \u00e9tapes\u00a0:<\/li>\n<li style=\"text-align: justify;\">Pr\u00e9sentation succincte et individuelle de situations v\u00e9cues par les participants\u00a0: L\u2019animateur invite les membres du groupe \u00e0 pr\u00e9senter une situation professionnelle v\u00e9cue et qui questionne<em>.<\/em><\/li>\n<li style=\"text-align: justify;\">Expos\u00e9 de la situation professionnelle choisie<em>: <\/em>l\u2019animateur pose le cadre de la pr\u00e9sentation\u00a0: r\u00e9cit oral d\u2019un moment professionnel v\u00e9cu dans un espace temps d\u00e9limit\u00e9. Il sollicite de chaque participant une \u00e9coute active centr\u00e9e sur la parole de l\u2019exposant.<\/li>\n<li style=\"text-align: justify;\">Questions factuelles du groupe \u00e0 destination de l\u2019exposant et r\u00e9ponses de celui-ci. L\u2019animateur est particuli\u00e8rement attentif \u00e0 l\u2019\u00e9nonc\u00e9 des questions factuelles. Ce faisant, il conduit les membres du groupe \u00e0 se d\u00e9gager de leurs positions d\u2019expert et \u00e0 \u00ab\u00a0l\u00e2cher prise\u00a0\u00bb sur leurs repr\u00e9sentations et points de vue initiaux pour se centrer sur ce que dit l\u2019exposant de sa relation singuli\u00e8re \u00e0 la situation<em>.<\/em><\/li>\n<li style=\"text-align: justify;\">Hypoth\u00e8ses interpr\u00e9tatives expos\u00e9es par les participants: l\u2019animateur accompagne le groupe \u00e0 mettre en lien les hypoth\u00e8ses \u00e9mises et d\u00e9velopper ainsi la capacit\u00e9 \u00e0 associer, en renfor\u00e7ant le \u00ab\u00a0l\u00e2cher- prise\u00a0\u00bb et en stimulant la cr\u00e9ativit\u00e9 groupale.<\/li>\n<li style=\"text-align: justify;\">Distanciation, retour vers l\u2019exposant.<\/li>\n<li style=\"text-align: justify;\">Distanciation, retour vers le groupe.<\/li>\n<li style=\"text-align: justify;\">M\u00e9ta-analyse, retour sur le processus du groupe en formation.<\/li>\n<\/ul>\n<p><strong>Sources th\u00e9oriques <\/strong><\/p>\n<p>Blanchard-Laville, C., Fablet, D., 1998. <em>Analyser les pratiques professionnelles,<\/em> Paris, l\u2019Harmattan.<\/p>\n<p>Cifali, M., Perilleux, T., 2012. <em>Les m\u00e9tiers de la relation malmen\u00e9s. R\u00e9pliques cliniques<\/em>. Paris, l\u2019Harmattan.<\/p>\n<p>Giust-Desprairies, F. (sous la direction de) 2005. \u00a0<em>Analyser ses pratiques professionnelles en formation<\/em>, Editions Sc\u00e9ren, CRDP de Cr\u00e9teil.<\/p>\n<p>Giust-Ollivier, A-C., Oualid, F., (sous la direction de) 2011. <em>Les groupes d\u2019analyse des pratiques.<\/em> Paris, \u00c9R\u00c8S.<\/p>\n<p>Rogers, C. R., 1968\/1998. \u00a0<em>Le d\u00e9veloppement de la personne<\/em>, Paris, Dunod.<\/p>\n<hr \/>\n<p>&nbsp;<\/p>\n<p><b><br \/>\n<\/b><a href=\"#\" class=\"shortcode button  \" style=\"background-color: silver;\" target=\"\" onclick=\"\"> Haut de page<\/a>\n<p>&nbsp;<\/p>\n<p>&nbsp;<\/p>\n<h4><strong>Notes<\/strong><\/h4>\n<p>&nbsp;<\/p>\n<p><a href=\"#_ftnref1\" name=\"_ftn1\">[1]<\/a> Dans cette contribution, nous emploierons, pour des facilit\u00e9s de lecture, le masculin\u00a0 pour d\u00e9signer \u00e0 la fois les sujets professionnels f\u00e9minins et masculins.<\/p>\n<p><a href=\"#_ftnref2\" name=\"_ftn2\">[2]<\/a>\u00a0 Principe d\u2019isomorphie entre ce que je dis et ce que je fais.<\/p>\n<p><a href=\"#_ftnref3\" name=\"_ftn3\">[3]<\/a> Master M\u00e9tiers de l&rsquo;Enseignement, de l&rsquo;\u00c9ducation et de la Formation, mention\u00a0: pratiques et ing\u00e9nierie de la formation. Universit\u00e9 de Cergy Pontoise.<\/p>\n<p><a href=\"#_ftnref4\" name=\"_ftn4\">[4]<\/a> Des secteurs public et priv\u00e9.<\/p>\n<p><a href=\"#_ftnref5\" name=\"_ftn5\">[5]<\/a> ESPE : Ecole Sup\u00e9rieure du Professorat et de l\u2019Education.<\/p>\n<p><a href=\"#_ftnref6\" name=\"_ftn6\">[6]<\/a> IFSI : Institut de Formation en Soins Infirmiers.<\/p>\n<p><a href=\"#_ftnref7\" name=\"_ftn7\">[7]<\/a> IFTS : Institut de Formation en Travail Social.<\/p>\n<p><a href=\"#_ftnref8\" name=\"_ftn8\">[8]<\/a> Voir en annexe la pr\u00e9sentation du protocole inscrit dans le dispositif de formation.<\/p>\n<p><a href=\"#_ftnref9\" name=\"_ftn9\">[9]<\/a> Acronyme ARPP \u00e0 pr\u00e9sent adopt\u00e9 dans l\u2019acad\u00e9mie de Versailles pour d\u00e9signer le dispositif de formation d\u2019Analyse de pratiques des personnels de l\u2019Education nationale.<\/p>\n<p><a href=\"#_ftnref10\" name=\"_ftn10\">[10]<\/a> Nous mentionnons cadre, objet et processus entre guillemets pour renvoyer le lecteur aux th\u00e9ories du cadre, de l\u2019objet et du processus selon les travaux de Jean Dubost (1987).<\/p>\n<p><a href=\"#_ftnref11\" name=\"_ftn11\">[11]<\/a> \u00ab\u00a0Les comp\u00e9tences sur l\u2019objet\u00a0\u00bb entendu ici comme capacit\u00e9 \u00e0 analyser les d\u00e9terminants d&rsquo;une situation professionnelle complexe.<\/p>\n<p><a href=\"#_ftnref12\" name=\"_ftn12\">[12]<\/a> Ici les deux auteures.<\/p>\n<p><a href=\"#_ftnref13\" name=\"_ftn13\">[13]<\/a> C&rsquo;est-\u00e0-dire des pens\u00e9es qui flottent dans l\u2019espace d\u2019\u00e9laboration mais que le sujet ne peut pas reconna\u00eetre encore comme sa pens\u00e9e.<\/p>\n<div id=\"themify_builder_content-3365\" data-postid=\"3365\" class=\"themify_builder_content themify_builder_content-3365 themify_builder themify_builder_front\">\n\n\t<\/div>\n<!-- \/themify_builder_content -->","protected":false},"excerpt":{"rendered":"<p>&nbsp; Nicole Clerc Docteure en Sciences de l\u2019Education, clinicienne, ex maitre de conf\u00e9rences, Universit\u00e9 de Cergy-Pontoise, ESP\u00c9 clercpnp[arobase]free.fr Martine Agogu\u00e9 Enseignante, psychosociologue clinicienne, Universit\u00e9 de Cergy-Pontoise, ESP\u00c9 martine.agogue[arobase]wanadoo.fr &nbsp; R\u00e9sum\u00e9 Les auteures questionnent un dispositif d\u2019analyse de pratiques dans son effet de transmission de la posture r\u00e9flexive. Elles s\u2019appuient sur leur exp\u00e9rience et sur les [&hellip;]<\/p>\n","protected":false},"author":2,"featured_media":0,"comment_status":"open","ping_status":"open","sticky":false,"template":"","format":"standard","meta":{"_jetpack_newsletter_access":"","_jetpack_dont_email_post_to_subs":false,"_jetpack_newsletter_tier_id":0,"_jetpack_memberships_contains_paywalled_content":false,"_jetpack_memberships_contains_paid_content":false,"footnotes":""},"categories":[430,122,10],"tags":[424,127,423,59,31],"class_list":["post-3365","post","type-post","status-publish","format-standard","hentry","category-martine-agogue","category-nicole-clerc","category-1texte","tag-concepts-eprouves","tag-meta-analyse","tag-processus-de-transmission","tag-professionnalisation","tag-reflexivite","has-post-title","no-post-date","has-post-category","has-post-tag","has-post-comment","has-post-author"],"jetpack_featured_media_url":"","jetpack_shortlink":"https:\/\/wp.me\/p3VXfJ-Sh","jetpack_sharing_enabled":true,"_links":{"self":[{"href":"https:\/\/www.analysedepratique.org\/index.php?rest_route=\/wp\/v2\/posts\/3365","targetHints":{"allow":["GET"]}}],"collection":[{"href":"https:\/\/www.analysedepratique.org\/index.php?rest_route=\/wp\/v2\/posts"}],"about":[{"href":"https:\/\/www.analysedepratique.org\/index.php?rest_route=\/wp\/v2\/types\/post"}],"author":[{"embeddable":true,"href":"https:\/\/www.analysedepratique.org\/index.php?rest_route=\/wp\/v2\/users\/2"}],"replies":[{"embeddable":true,"href":"https:\/\/www.analysedepratique.org\/index.php?rest_route=%2Fwp%2Fv2%2Fcomments&post=3365"}],"version-history":[{"count":17,"href":"https:\/\/www.analysedepratique.org\/index.php?rest_route=\/wp\/v2\/posts\/3365\/revisions"}],"predecessor-version":[{"id":5025,"href":"https:\/\/www.analysedepratique.org\/index.php?rest_route=\/wp\/v2\/posts\/3365\/revisions\/5025"}],"wp:attachment":[{"href":"https:\/\/www.analysedepratique.org\/index.php?rest_route=%2Fwp%2Fv2%2Fmedia&parent=3365"}],"wp:term":[{"taxonomy":"category","embeddable":true,"href":"https:\/\/www.analysedepratique.org\/index.php?rest_route=%2Fwp%2Fv2%2Fcategories&post=3365"},{"taxonomy":"post_tag","embeddable":true,"href":"https:\/\/www.analysedepratique.org\/index.php?rest_route=%2Fwp%2Fv2%2Ftags&post=3365"}],"curies":[{"name":"wp","href":"https:\/\/api.w.org\/{rel}","templated":true}]}}