{"id":3343,"date":"2019-05-28T08:27:37","date_gmt":"2019-05-28T07:27:37","guid":{"rendered":"http:\/\/www.analysedepratique.org\/?p=3343"},"modified":"2019-06-28T15:00:51","modified_gmt":"2019-06-28T14:00:51","slug":"editorial-numero-15","status":"publish","type":"post","link":"https:\/\/www.analysedepratique.org\/?p=3343","title":{"rendered":"Editorial &#8211; num\u00e9ro 15"},"content":{"rendered":"<p>&nbsp;<\/p>\n<h3><em><strong>Formations \u00e0 l\u2019animation de groupes d\u2019APP : <\/strong><strong>processus et exp\u00e9riences<\/strong><\/em><\/h3>\n<p><strong>\u00a0<\/strong><\/p>\n<p>Ch\u00e8res abonn\u00e9es, chers abonn\u00e9s,<\/p>\n<p style=\"text-align: justify;\">En ce d\u00e9but d\u2019\u00e9t\u00e9, nous avons le plaisir de vous annoncer la parution d\u2019un nouveau num\u00e9ro th\u00e9matique de la Revue de l\u2019analyse de pratiques professionnelles.<\/p>\n<p style=\"text-align: justify;\">Vous y trouverez dix textes qui visent \u00e0 d\u00e9crire, expliciter et analyser des formations \u00e0 l\u2019animation de groupes d\u2019analyse de pratiques professionnelles (APP).<\/p>\n<p style=\"text-align: justify;\">Ces textes concernent trois formations certifiantes. Ils ont \u00e9t\u00e9 r\u00e9dig\u00e9s par les personnes qui ont con\u00e7u et anim\u00e9 ces formations ainsi que par des professionnels apprenants qui y ont particip\u00e9 et des chercheuses qui les ont \u00e9tudi\u00e9es.<\/p>\n<p style=\"text-align: justify;\">Ces articles donnent \u00e0 voir par quels dispositifs et modalit\u00e9s d\u2019apprentissage peuvent \u00eatre d\u00e9velopp\u00e9es les comp\u00e9tences d\u2019animation de groupes d\u2019APP.<\/p>\n<p style=\"text-align: justify;\">D\u2019ici \u00e0 l\u2019\u00e9t\u00e9 2020, nous aurons l\u2019occasion de publier de nouveaux articles sur d\u2019autres formations existantes, qui enrichiront le panorama des approches de formation \u00e0 l\u2019animation de groupes d\u2019APP.<\/p>\n<p style=\"text-align: justify;\">Nous remercions chaleureusement les auteur-e-s qui contribuent \u00e0 l\u2019existence de la Revue ainsi que les lecteurs et lectrices qui soutiennent son d\u00e9veloppement par leurs suggestions et commentaires ou par leur don.<\/p>\n<p style=\"text-align: justify;\">Pour l\u2019\u00e9quipe de la revue de l\u2019APP<\/p>\n<p style=\"text-align: justify;\">Marc Thi\u00e9baud<\/p>\n<p>Coordinateur du num\u00e9ro 15<\/p>\n<p>&nbsp;<\/p>\n<p><a href=\"http:\/\/www.analysedepratique.org\/?p=3377\">1. Marc Thi\u00e9baud<\/a><br \/>\nSe former pour animer des groupes d\u2019analyse de pratiques<\/p>\n<p><em>Dipl\u00f4me d\u2019\u00e9tude avanc\u00e9e \u00ab Accompagnement individuel et collectif : coaching et analyse de pratiques professionnelles \u00bb (Haute Ecole P\u00e9dagogique du canton de Vaud, Suisse)<\/em><\/p>\n<p style=\"padding-left: 30px;\"><a href=\"http:\/\/www.analysedepratique.org\/?p=3345\">2. Fr\u00e9d\u00e9rique Rebetez et Marc Thi\u00e9baud<\/a><br \/>\nUne formation \u00e0 l\u2019animation de groupes d&rsquo;APP pour d\u00e9velopper une nouvelle posture et identit\u00e9 professionnelles<\/p>\n<p style=\"padding-left: 30px;\"><a href=\"http:\/\/www.analysedepratique.org\/?p=3349\">3. Lyne Gemmiti, Marie-Claude Moun\u00e9rat, Carmen Roch et Serge Weber<\/a><br \/>\nT\u00e9moignages autour de la formation \u00e0 l\u2019accompagnement et \u00e0 l\u2019analyse de pratiques professionnelles<\/p>\n<p style=\"padding-left: 30px;\"><a href=\"http:\/\/www.analysedepratique.org\/?p=3351\">4. Nora Muller et Laurence Thi\u00e9baud<\/a><br \/>\nAPP, identit\u00e9 et pratiques : deux recherches autour d\u2019une formation en accompagnement individuel et collectif<\/p>\n<p><em>Master \u00ab Formation de Formateurs \u00e0 l\u2019Accompagnement Professionnel \u00bb. Unit\u00e9 d\u2019Enseignement \u00ab Analyse de pratiques et identit\u00e9 professionnelle \u00bb (Universit\u00e9 de Cergy-Pontoise, France)<\/em><\/p>\n<p style=\"padding-left: 30px;\"><a href=\"http:\/\/www.analysedepratique.org\/?p=3365\">5. Nicole Clerc et Martine Agogu\u00e9<\/a><br \/>\nUn dispositif d\u2019analyse de pratiques en formation universitaire de formateurs et ses effets sur leur professionnalisation<\/p>\n<p style=\"padding-left: 30px;\"><a href=\"http:\/\/www.analysedepratique.org\/?p=3368\">6. Christine Buchet Molfessis, Sylvie Dubost, Monique Figarol, Florence Force, Christel Grenadou, Patricia Lanata et Fr\u00e9d\u00e9rique Le T\u00e9no<\/a><br \/>\nDes exp\u00e9riences crois\u00e9es vers la prise en charge d\u2019un dispositif ouvrant l\u2019acc\u00e8s au sujet professionnel<\/p>\n<p style=\"padding-left: 30px;\"><a href=\"http:\/\/www.analysedepratique.org\/?p=3367\">7. Nathalie Collin B\u00e9theuil, Chefia Farhat Diot et Isabelle Jusot<\/a><br \/>\n\u00c9motion, contenance et mise en sens en Analyse R\u00e9flexive des Pratiques Professionnelles<\/p>\n<p><em>Certificat d\u2019\u00e9tude avanc\u00e9e \u00ab\u00a0Animation de groupes d\u2019analyse de pratiques professionnelles\u00a0\u00bb<br \/>\n(Haute Ecole P\u00e9dagogique de Berne, Jura et Neuch\u00e2tel, Suisse)<\/em><\/p>\n<p style=\"padding-left: 30px;\"><a href=\"http:\/\/www.analysedepratique.org\/?p=3371\">8. J\u00fcrg Bichsel, Pierre Petignat et Marc Thi\u00e9baud<\/a><br \/>\nApprendre \u00e0 animer des groupes d&rsquo;analyse de pratiques selon une approche exp\u00e9rientielle<\/p>\n<p style=\"padding-left: 30px;\"><a href=\"http:\/\/www.analysedepratique.org\/?p=3373\">9. Mich\u00e8le Knuchel-Bossel<\/a><br \/>\nLa formation \u00e0 l\u2019animation de groupes d\u2019APP : une initiation au macram\u00e9<\/p>\n<p style=\"padding-left: 30px;\"><a href=\"http:\/\/www.analysedepratique.org\/?p=3375\">10. Audrey Ch\u00e8vre<\/a><br \/>\nT\u00e9moignage d\u2019une formation \u00e0 l\u2019animation de groupes d\u2019APP. Apprendre par la pratique d\u2019animation de diff\u00e9rentes formes d\u2019APP<\/p>\n<div id=\"themify_builder_content-3343\" data-postid=\"3343\" class=\"themify_builder_content themify_builder_content-3343 themify_builder themify_builder_front\">\n\n\t<\/div>\n<!-- \/themify_builder_content -->","protected":false},"excerpt":{"rendered":"<p>&nbsp; Formations \u00e0 l\u2019animation de groupes d\u2019APP : processus et exp\u00e9riences \u00a0 Ch\u00e8res abonn\u00e9es, chers abonn\u00e9s, En ce d\u00e9but d\u2019\u00e9t\u00e9, nous avons le plaisir de vous annoncer la parution d\u2019un nouveau num\u00e9ro th\u00e9matique de la Revue de l\u2019analyse de pratiques professionnelles. Vous y trouverez dix textes qui visent \u00e0 d\u00e9crire, expliciter et analyser des formations [&hellip;]<\/p>\n","protected":false},"author":2,"featured_media":0,"comment_status":"open","ping_status":"open","sticky":false,"template":"","format":"standard","meta":{"_jetpack_newsletter_access":"","_jetpack_dont_email_post_to_subs":false,"_jetpack_newsletter_tier_id":0,"_jetpack_memberships_contains_paywalled_content":false,"_jetpack_memberships_contains_paid_content":false,"footnotes":""},"categories":[40],"tags":[],"class_list":["post-3343","post","type-post","status-publish","format-standard","hentry","category-editorial","has-post-title","no-post-date","has-post-category","has-post-tag","has-post-comment","has-post-author"],"jetpack_featured_media_url":"","jetpack_shortlink":"https:\/\/wp.me\/p3VXfJ-RV","jetpack_sharing_enabled":true,"_links":{"self":[{"href":"https:\/\/www.analysedepratique.org\/index.php?rest_route=\/wp\/v2\/posts\/3343","targetHints":{"allow":["GET"]}}],"collection":[{"href":"https:\/\/www.analysedepratique.org\/index.php?rest_route=\/wp\/v2\/posts"}],"about":[{"href":"https:\/\/www.analysedepratique.org\/index.php?rest_route=\/wp\/v2\/types\/post"}],"author":[{"embeddable":true,"href":"https:\/\/www.analysedepratique.org\/index.php?rest_route=\/wp\/v2\/users\/2"}],"replies":[{"embeddable":true,"href":"https:\/\/www.analysedepratique.org\/index.php?rest_route=%2Fwp%2Fv2%2Fcomments&post=3343"}],"version-history":[{"count":5,"href":"https:\/\/www.analysedepratique.org\/index.php?rest_route=\/wp\/v2\/posts\/3343\/revisions"}],"predecessor-version":[{"id":3456,"href":"https:\/\/www.analysedepratique.org\/index.php?rest_route=\/wp\/v2\/posts\/3343\/revisions\/3456"}],"wp:attachment":[{"href":"https:\/\/www.analysedepratique.org\/index.php?rest_route=%2Fwp%2Fv2%2Fmedia&parent=3343"}],"wp:term":[{"taxonomy":"category","embeddable":true,"href":"https:\/\/www.analysedepratique.org\/index.php?rest_route=%2Fwp%2Fv2%2Fcategories&post=3343"},{"taxonomy":"post_tag","embeddable":true,"href":"https:\/\/www.analysedepratique.org\/index.php?rest_route=%2Fwp%2Fv2%2Ftags&post=3343"}],"curies":[{"name":"wp","href":"https:\/\/api.w.org\/{rel}","templated":true}]}}