{"id":3174,"date":"2018-12-23T17:42:25","date_gmt":"2018-12-23T16:42:25","guid":{"rendered":"http:\/\/www.analysedepratique.org\/?p=3174"},"modified":"2019-08-01T13:09:07","modified_gmt":"2019-08-01T12:09:07","slug":"numero-14-janvier-2019","status":"publish","type":"post","link":"https:\/\/www.analysedepratique.org\/?p=3174","title":{"rendered":"Num\u00e9ro 14 &#8211; janvier 2019"},"content":{"rendered":"<p>&nbsp;<\/p>\n<p><a href=\"http:\/\/www.analysedepratique.org\/?p=3176\">Editorial<\/a><\/p>\n<p style=\"text-align: left;\"><a href=\"http:\/\/www.analysedepratique.org\/?p=3178\">Bertrand Lessault, Jean Chocat et Sophie Leymarie<\/a><br \/>\n<em>Le langage comme support au travail de l\u2019analyse de pratiques professionnelles<\/em><\/p>\n<p style=\"text-align: left;\"><a href=\"http:\/\/www.analysedepratique.org\/?p=3180\">V\u00e9ronique Bruyere, Florence Larsen et Val\u00e9rie Nagy<\/a><br \/>\n<em>15 ans d\u2019analyse de pratiques avec des enseignants et par des enseignants dans le canton de Gen\u00e8ve<\/em><\/p>\n<p style=\"text-align: left;\"><a href=\"http:\/\/www.analysedepratique.org\/?p=3182\">Philippe P\u00e9aud<\/a><br \/>\n<em>Former des formateurs \u00e0 l\u2019analyse des pratiques, l\u2019histoire d\u2019un enracinement<\/em><\/p>\n<p style=\"text-align: left;\"><a href=\"http:\/\/www.analysedepratique.org\/?p=3184\">Patrick Robo<\/a><br \/>\n<em>L\u2019autorisation, frein ou levier pour l\u2019implication en analyse de pratiques professionnelles<\/em><\/p>\n<p style=\"text-align: left;\"><a href=\"http:\/\/www.analysedepratique.org\/?p=3186\">Nancy Lauzon et Michel Desjardins<\/a><br \/>\n<em>Analyse de la pratique professionnelle dans un groupe de cod\u00e9veloppement <\/em><\/p>\n<p style=\"text-align: left;\"><a href=\"http:\/\/www.analysedepratique.org\/?p=3188\">Marc Thi\u00e9baud et J\u00fcrg Bichsel<\/a><br \/>\n<em>Animer un groupe d\u2019analyse de pratiques professionnelles : mobiliser diverses formes de r\u00e9gulation<\/em><\/p>\n<p style=\"text-align: left;\"><a href=\"http:\/\/www.analysedepratique.org\/?p=3190\">Marc Thi\u00e9baud et J\u00fcrg Bichsel<\/a><br \/>\n<em>Temps \u00ab\u00a0m\u00e9ta\u00a0\u00bb dans les groupes d\u2019analyse de pratiques<\/em><\/p>\n<p><a href=\"http:\/\/www.analysedepratique.org\/?p=3192\">Mich\u00e8le Knuchel-Bossel<\/a><br \/>\n<em>Compte-rendu de la Journ\u00e9e d\u2019Antenne Suisse Explicitation\u00a0du 17 novembre 2018<\/em><\/p>\n<p><a href=\"http:\/\/www.analysedepratique.org\/?p=3200\">Collectif<\/a><br \/>\n<em>Echanges en lien avec l\u2019utilisation de techniques de l&rsquo;entretien d&rsquo;explicitation en APP<\/em><\/p>\n<p>&nbsp;<\/p>\n<div id=\"themify_builder_content-3174\" data-postid=\"3174\" class=\"themify_builder_content themify_builder_content-3174 themify_builder themify_builder_front\">\n\n\t<\/div>\n<!-- \/themify_builder_content -->","protected":false},"excerpt":{"rendered":"<p>&nbsp; Editorial Bertrand Lessault, Jean Chocat et Sophie Leymarie Le langage comme support au travail de l\u2019analyse de pratiques professionnelles V\u00e9ronique Bruyere, Florence Larsen et Val\u00e9rie Nagy 15 ans d\u2019analyse de pratiques avec des enseignants et par des enseignants dans le canton de Gen\u00e8ve Philippe P\u00e9aud Former des formateurs \u00e0 l\u2019analyse des pratiques, l\u2019histoire d\u2019un [&hellip;]<\/p>\n","protected":false},"author":2,"featured_media":0,"comment_status":"open","ping_status":"open","sticky":false,"template":"","format":"standard","meta":{"_jetpack_newsletter_access":"","_jetpack_dont_email_post_to_subs":false,"_jetpack_newsletter_tier_id":0,"_jetpack_memberships_contains_paywalled_content":false,"_jetpack_memberships_contains_paid_content":false,"footnotes":""},"categories":[1],"tags":[],"class_list":["post-3174","post","type-post","status-publish","format-standard","hentry","category-non-classe","has-post-title","no-post-date","has-post-category","has-post-tag","has-post-comment","has-post-author"],"jetpack_featured_media_url":"","jetpack_shortlink":"https:\/\/wp.me\/p3VXfJ-Pc","jetpack_sharing_enabled":true,"_links":{"self":[{"href":"https:\/\/www.analysedepratique.org\/index.php?rest_route=\/wp\/v2\/posts\/3174","targetHints":{"allow":["GET"]}}],"collection":[{"href":"https:\/\/www.analysedepratique.org\/index.php?rest_route=\/wp\/v2\/posts"}],"about":[{"href":"https:\/\/www.analysedepratique.org\/index.php?rest_route=\/wp\/v2\/types\/post"}],"author":[{"embeddable":true,"href":"https:\/\/www.analysedepratique.org\/index.php?rest_route=\/wp\/v2\/users\/2"}],"replies":[{"embeddable":true,"href":"https:\/\/www.analysedepratique.org\/index.php?rest_route=%2Fwp%2Fv2%2Fcomments&post=3174"}],"version-history":[{"count":26,"href":"https:\/\/www.analysedepratique.org\/index.php?rest_route=\/wp\/v2\/posts\/3174\/revisions"}],"predecessor-version":[{"id":3516,"href":"https:\/\/www.analysedepratique.org\/index.php?rest_route=\/wp\/v2\/posts\/3174\/revisions\/3516"}],"wp:attachment":[{"href":"https:\/\/www.analysedepratique.org\/index.php?rest_route=%2Fwp%2Fv2%2Fmedia&parent=3174"}],"wp:term":[{"taxonomy":"category","embeddable":true,"href":"https:\/\/www.analysedepratique.org\/index.php?rest_route=%2Fwp%2Fv2%2Fcategories&post=3174"},{"taxonomy":"post_tag","embeddable":true,"href":"https:\/\/www.analysedepratique.org\/index.php?rest_route=%2Fwp%2Fv2%2Ftags&post=3174"}],"curies":[{"name":"wp","href":"https:\/\/api.w.org\/{rel}","templated":true}]}}