{"id":3051,"date":"2018-07-30T18:07:24","date_gmt":"2018-07-30T17:07:24","guid":{"rendered":"http:\/\/www.analysedepratique.org\/?p=3051"},"modified":"2021-10-07T12:14:10","modified_gmt":"2021-10-07T11:14:10","slug":"cinq-temoignages-danimateurs-et-animatrices-de-groupes-dapp-sur-la-maniere-dont-cette-intelligence-collective-se-manifeste","status":"publish","type":"post","link":"https:\/\/www.analysedepratique.org\/?p=3051","title":{"rendered":"T\u00e9moignages de dynamiques d\u2019intelligence collective dans des groupes d\u2019APP"},"content":{"rendered":"<p>&nbsp;<\/p>\n<h3 style=\"text-align: left;\" align=\"center\"><strong><em>Collectif<\/em><\/strong><\/h3>\n<p><em>Avec les contributions de Nir Zalts, J\u00fcrg Bichsel, Nancy Lauzon et Michel Desjardins,\u00a0Blandine Bousquet, Michaela Knuchel-Bossel et Santina Ieronimo Tikhomirov<\/em><\/p>\n<p>&nbsp;<\/p>\n<h4><i>R\u00e9sum\u00e9<\/i><\/h4>\n<p style=\"text-align: justify;\">Ce texte pr\u00e9sente cinq contributions de personnes qui t\u00e9moignent de leurs observations et r\u00e9flexions issues de leurs pratiques d\u2019animation de groupes d\u2019APP qui travaillent en intelligence collective. Nir Zalts s\u2019interroge sur la magie qui op\u00e8re parfois quand les \u00ab\u00a0esprits se rejoignent\u00a0\u00bb. J\u00fcrg Bichsel souligne l\u2019importance de l\u2019\u00e9mergence, de l\u2019espace et de l\u2019accueil pour de l\u2019inattendu. Nancy Lauzon et Michel Desjardins mettent en \u00e9vidence la capacit\u00e9 du groupe \u00e0 mobiliser et \u00e0 coordonner les ressources de chacun au service du d\u00e9veloppement d\u2019une compr\u00e9hension commune. Blandine Bousquet \u00e9voque divers mots cl\u00e9s tels que\u00a0: \u00e9nergie, lien, ouverture, reconnaissance, enthousiasme&#8230; Michaela Knuchel-Bossel et Santina Ieronimo Tikhomirov parlent dans leur t\u00e9moignage de connexion et d\u2019accordage tant \u00e9motionnel que cognitif.<\/p>\n<h5><em>Mots-cl\u00e9s\u00a0<\/em><\/h5>\n<p>intelligence collective, synchronicit\u00e9, \u00e9mergence, \u00e9nergie, accordage<\/p>\n<h5><em>Cat\u00e9gorie d&rsquo;article\u00a0<\/em><\/h5>\n<p>T\u00e9moignage<\/p>\n<h5><em>R\u00e9f\u00e9rencement\u00a0<\/em><\/h5>\n<p>Collectif. (2018). T\u00e9moignages de dynamiques d\u2019intelligence collective dans des groupes d\u2019APP. In <em>Revue de l\u2019analyse de pratiques professionnelles<\/em>, No 13, pp. 82-92. http:\/\/www.analysedepratique.org\/?p=3051.<\/p>\n<hr class=\"shortcode hr light-gray\" style=\"border-width:1px;\" \/>\n<p><a href=\"http:\/\/www.analysedepratique.org\/wp-content\/uploads\/collectif-revue-app-septembre2018.pdf\"><img loading=\"lazy\" decoding=\"async\" class=\"alignnone\" src=\"https:\/\/www.analysedepratique.org\/wp-content\/uploads\/download-icon.png\" alt=\"download-icon\" width=\"24\" height=\"29\" \/><\/a><a href=\"http:\/\/www.analysedepratique.org\/wp-content\/uploads\/collectif-revue-app-septembre2018.pdf\">Article en PDF<\/a> \u00a0\u00a0 \u00a0\u00a0 \u00a0\u00a0 \u00a0\u00a0 <a href=\"#co\"><img loading=\"lazy\" decoding=\"async\" src=\"https:\/\/www.analysedepratique.org\/wp-content\/uploads\/et-info-comment.png\" alt=\"et-info-comment\" width=\"30\" height=\"31\" \/><\/a>\u00a0<a href=\"#co\">Commentaires<\/a><\/p>\n<p>&nbsp;<\/p>\n<hr \/>\n<h5><strong><em>Testimonies of collective intelligence dynamic in groups of Professionnal Practice Analysis<\/em><\/strong><\/h5>\n<h5><em>Abstract<\/em><\/h5>\n<p style=\"text-align: justify;\">This text presents five contributions from people who testify to their observations and reflections resulting from their practices of animation of groups of Professionnal Practice Analysis working in collective intelligence. Nir Zalts wonders about the magic that sometimes happens when \u00ab\u00a0minds meet\u00a0\u00bb. J\u00fcrg Bichsel underlines the importance of emergence, space and hospitality for the unexpected. Nancy Lauzon and Michel Desjardins highlight the group&rsquo;s ability to mobilize and coordinate each other&rsquo;s resources to develop a common understanding. Blandine Bousquet evokes various keywords such as : energy, connection, openness, recognition, enthusiasm &#8230; Michaela Knuchel-Bossel and Santina Leronimo Tikhomirov speak in their testimony of connection and emotional and cognitive matching.<\/p>\n<h5><em>Keywords<\/em><\/h5>\n<p>collective intelligence, synchronicity, emergence, energy, matching<\/p>\n<hr \/>\n<p>&nbsp;<\/p>\n<p>[toc]<\/p>\n<p>&nbsp;<\/p>\n<h4><strong>L\u2019intelligence collective\u2026un ph\u00e9nom\u00e8ne magique ?<\/strong><\/h4>\n<p><strong><br \/>\nNir Zalts<br \/>\n<\/strong><em>Formateur, HEP Vaud\u00a0; coach et animateur d\u2019APP en entreprise, Suisse<\/em><br \/>\n<em><a href=\"mailto:nir-haim.zalts@hepl.ch\">nir-haim.zalts[arobase]hepl.ch<\/a><\/em><\/p>\n<p style=\"text-align: justify;\">Lorsque Marc Thi\u00e9baud m\u2019a propos\u00e9 de penser \u00e0 une exp\u00e9rience v\u00e9cue qui est pour moi un exemple de l\u2019intelligence collective en action, je me suis surpris \u00e0 penser directement \u00e0 mon groupe d\u2019intervision dont je suis membre depuis 15 ans. J\u2019aurais imagin\u00e9 pouvoir donner un exemple des groupes APP que j\u2019anime en entreprise ou dans le domaine scolaire, mais mon cerveau s\u2019est avant tout, imm\u00e9diatement, connect\u00e9 \u00e0 mes exp\u00e9riences en tant que participant. Pendant les rencontres d\u2019intervision, j\u2019ai fr\u00e9quemment cette sensation que le groupe devient transcendant et produit une dynamique particuli\u00e8re rarement v\u00e9cue ailleurs. Le r\u00e9sultat prend la forme d\u2019un \u00e9clairage nouveau \u00e0 la fois pour l\u2019exposant et les autres participants. Qu\u2019est-ce qui se passe dans le groupe ? Je r\u00e9alise qu\u2019il n\u2019est pas simple d\u2019\u00e9voquer ce qui se produit pendant ces moments qu\u2019on peut appeler d\u2019intelligence collective. C\u2019est comme si c\u2019\u00e9tait de l\u2019ordre de la magie\u2026 de l\u2019indescriptible.<\/p>\n<p style=\"text-align: justify;\">En revanche, il est plus facile d\u2019identifier les facteurs qui favorisent l\u2019\u00e9mergence de ce ph\u00e9nom\u00e8ne. Ce qui caract\u00e9rise le travail de ce groupe d\u2019intervision est un assemblage rare d\u2019une m\u00e9thode tr\u00e8s structur\u00e9e, presque rigide, et d\u2019une cr\u00e9ativit\u00e9 qui d\u00e9passe souvent les limites du rationnel. Dans la m\u00e9thode, un \u00e9l\u00e9ment reste constant : la prise de recul de l\u2019exposant lors des analyses. Celui-ci reste silencieux et prend des notes. Le groupe ne s\u2019adresse \u00e0 lui que pour v\u00e9rifier si les \u00e9changes lui apportent quelque chose. Les discussions prennent alors, souvent, une tournure surprenante car non influenc\u00e9es par la vision de l\u2019exposant.<\/p>\n<p style=\"text-align: justify;\">Afin de favoriser la cr\u00e9ativit\u00e9, nous utilisons des m\u00e9thodes diverses comme la m\u00e9taphore, les images mentales, le dessin, les jeux de r\u00f4le, etc. A l\u2019int\u00e9rieur de chaque \u00e9tape d\u00e9finie par le processus de l\u2019APP, tous les possibles, voire tous les \u00ab\u00a0d\u00e9lires\u00a0\u00bb, sont n\u00e9anmoins permis. Se peut-il que ce climat de permission lib\u00e8re les ressources de chacun, les membres se sentant \u00e0 l\u2019aise pour jouer sans limites avec les hypoth\u00e8ses, m\u00eames celles qui pourraient appara\u00eetre de prime abord farfelues\u00a0? Nous nous sentons aussi libre de rebondir, sans aucune inhibition, en associant sur les id\u00e9es des autres.<\/p>\n<p style=\"text-align: justify;\">En outre, il faut prendre en consid\u00e9ration le fait que ce groupe d\u2019intervision est constitu\u00e9 de personnes qui s\u2019appuient sur une importante exp\u00e9rience \u00e0 la fois professionnelle et personnelle.\u00a0 Nous nous connaissons depuis longtemps et une amiti\u00e9 s\u2019est tiss\u00e9e au fil des ann\u00e9es. Le niveau de confiance et de s\u00e9curit\u00e9 personnelle est, par cons\u00e9quent, tr\u00e8s \u00e9lev\u00e9\u00a0; beaucoup plus que dans les groupes d\u2019APP que j\u2019anime en entreprise. Enfin, le dernier \u00e9l\u00e9ment qui me semble favoriser l\u2019intelligence collective dans ce groupe est l\u2019engagement. Nous sommes fortement impliqu\u00e9s dans la joie de \u00ab\u00a0d\u00e9cortiquer\u00a0\u00bb la situation. Cette \u00abmission\u00bb passionnante pousse le groupe \u00e0 donner le meilleur de son potentiel. Lors de nos bilans, nous partageons souvent le sentiment d\u2019avoir v\u00e9cu un moment de travail intense et d\u2019une grande efficacit\u00e9.<\/p>\n<p style=\"text-align: justify;\">Finalement, quelles formes peut prendre cette intelligence collective en r\u00e9alit\u00e9 ? Malgr\u00e9 les difficult\u00e9s que je rencontre pour les identifier, je tenterai cependant de d\u00e9crire cette dynamique \u00ab myst\u00e9rieuse \u00bb. L\u2019image qui me vient est celle des \u00ab esprits qui se rejoignent \u00bb. Le premier \u00e9l\u00e9ment qui peut \u00eatre ressenti, voire observ\u00e9, est une \u00e9coute profonde de ce qui se passe \u00e0 l\u2019int\u00e9rieur de chacun de nous et des id\u00e9es exprim\u00e9es par les autres. Le groupe cherche constamment des angles de vue qui n\u2019ont pas encore \u00e9t\u00e9 mobilis\u00e9s. Ce processus du groupe produit des associations d\u2019id\u00e9es originales. Mon hypoth\u00e8se est qu\u2019il existe une communication \u00e0 multi-niveaux lors de ces moments. Mises \u00e0 part les paroles \u00e9chang\u00e9es, nos inconscients communiquent et leur contenu devient partiellement collectif. J\u2019ai le sentiment que nous restons aussi connect\u00e9s \u00e0 l\u2019exposant qui reste silencieux.<\/p>\n<p style=\"text-align: justify;\">Le concept de la synchronicit\u00e9 propos\u00e9 Carl Gustav Jung peut aussi \u00eatre \u00e9clairant. Jung parle de \u00ab <em>l&rsquo;occurrence simultan\u00e9e d&rsquo;au moins deux \u00e9v\u00e9nements qui ne pr\u00e9sentent pas de lien de causalit\u00e9, mais dont l&rsquo;association prend un sens pour la personne qui les per\u00e7oit<\/em> \u00bb. Le r\u00e9sultat tangible est souvent une nouvelle clart\u00e9, une lumi\u00e8re qui s\u2019allume soudain chez l\u2019exposant. Cet effet peut \u00eatre visible pour l\u2019observateur et il est clairement v\u00e9cu. J\u2019en ai fait l\u2019exp\u00e9rience personnelle \u00e0 de nombreuses reprises. \u00a0Alors je vois ma situation autrement, des perspectives s\u2019ouvrent \u00e0 moi et je trouve un nouveau sens \u00e0 ce que je vis, pas toujours compris par le groupe d\u2019ailleurs.<\/p>\n<p style=\"text-align: justify;\">L\u2019intelligence collective, est-ce de la magie ? Cette dynamique reste pour moi difficile \u00e0 d\u00e9crire et compliqu\u00e9e \u00e0 expliquer, mais elle est belle, bien humaine et r\u00e9elle.<\/p>\n<p style=\"text-align: justify;\"><strong>R\u00e9f\u00e9rence bibliographique<\/strong><\/p>\n<p style=\"text-align: justify;\">Jung, C. G. (1988). La synchronicit\u00e9, principe de relations acausales. In <em>Synchronicit\u00e9 et Paracelsica.<\/em> Paris\u00a0: Albin Michel, coll. \u00ab \u0152uvres in\u00e9dites de C. G. Jung \u00bb, pp. 19-119.<\/p>\n<p>&nbsp;<\/p>\n<h4 style=\"text-align: justify;\"><strong>\u00ab Seul on va plus vite\u2026 ensemble on va plus loin ! \u00bb<a href=\"#_ftn1\" name=\"_ftnref1\">[1]<\/a><\/strong><strong>\u00a0<\/strong><\/h4>\n<p style=\"text-align: justify;\"><strong><br \/>\nJ\u00fcrg Bichsel<br \/>\n<\/strong><em>Psychologue, animateur de groupes d\u2019APP, Suisse<\/em><br \/>\n<em><a href=\"mailto:j@bichsel.net\">j[arobase]bichsel.net<\/a><\/em><\/p>\n<p style=\"text-align: justify;\">Ce que l\u2019intelligence collective \u00e9voque pour moi dans la dynamique d\u2019un groupe d\u2019APP, c\u2019est de l\u2019\u00e9mergence, de la cr\u00e9ativit\u00e9, de l\u2019inattendu, un cadeau\u2026<\/p>\n<p style=\"text-align: justify;\">Tout se passe comme si, dans des conditions favorables, peuvent \u00e9merger des id\u00e9es, des analyses, des pistes nouvelles qui sont le fruit d\u2019un partage confiant.<\/p>\n<p style=\"text-align: justify;\">Ces conditions doivent permettre au \u00ab nous \u00bb de prendre le dessus sur le \u00ab je \u00bb et le \u00ab tu \u00bb qui peuvent glisser dans la rivalit\u00e9 et la comp\u00e9tition o\u00f9 chacun veut \u00e9mettre les meilleures hypoth\u00e8ses, celles qui seront retenues par l\u2019exposant.<\/p>\n<p style=\"text-align: justify;\">Cela veut dire qu\u2019il faut v\u00e9rifier le caract\u00e8re volontaire de la pr\u00e9sence de chacun, clarifier les r\u00e8gles de fonctionnement, permettre que se cr\u00e9e la confiance r\u00e9ciproque, laisser la parole circuler librement, s\u2019arr\u00eater pour m\u00e9tacommuniquer selon le besoin, etc.<\/p>\n<p style=\"text-align: justify;\">Une des cl\u00e9s de l\u2019intelligence collective, c\u2019est d\u2019apposer des visions diff\u00e9rentes. Cela devrait permettre d\u2019\u00e9largir le regard de toutes les personnes impliqu\u00e9es dans une APP. L\u2019intelligence collective, c\u2019est plus que la somme des parties, c\u2019est une forme de catalyse des id\u00e9es qui fait que l\u2019id\u00e9e de X et celle de Y vont aider \u00e0 l\u2019apparition d\u2019une troisi\u00e8me id\u00e9e chez Z. C\u2019est l\u00e0 que se produit l\u2019\u00e9mergence !<\/p>\n<p style=\"text-align: justify;\">Pour lui laisser la place, il faut du vide, de l\u2019espace, du doute, du temps ! On est \u00e0 l\u2019oppos\u00e9 des certitudes, du savoir absolu, du d\u00e9bat visant \u00e0 d\u00e9fendre des id\u00e9es, du \u00ab \u00e9coutez-moi \u00bb. Ainsi, assiste-t-on r\u00e9ellement \u00e0 l\u2019\u00e9laboration d\u2019id\u00e9es qui ne sont plus \u00e0 l\u2019actif d\u2019individus mais du groupe tout entier.<\/p>\n<p style=\"text-align: justify;\">Cela n\u2019est pas toujours \u00e9vident. Certaines tendances peuvent venir freiner, voire emp\u00eacher une telle production collective. Ainsi, ce qui me frappe souvent dans les APP que j\u2019anime, c\u2019est combien chaque personne a sa grille de lecture et de compr\u00e9hension unique de la situation pr\u00e9sent\u00e9e. Cette grille est perceptible autant dans les questions pos\u00e9es, dans les analyses produites, que dans les pistes d\u2019actions propos\u00e9es quand cette \u00e9tape fait partie du processus. Tout se passe donc comme si chaque participant refl\u00e8te sa vision de la pratique pr\u00e9sent\u00e9e avec peut-\u00eatre, parfois, l\u2019impression qu\u2019elle est, sinon la meilleure, du moins tr\u00e8s pertinente. Il peut y avoir pour les membres du groupe comme une pression, un d\u00e9fi, consistant \u00e0 \u00eatre \u00e0 la fois pertinent, original et valid\u00e9 par les autres et particuli\u00e8rement par l\u2019exposant. Il m\u2019est arriv\u00e9 de donner quittance \u00e0 une personne qui revenait \u00e0 de trop nombreuses reprises sur sa mani\u00e8re de comprendre la r\u00e9alit\u00e9 en la priant de laisser place aussi \u00e0 d\u2019autres compr\u00e9hensions.<\/p>\n<p style=\"text-align: justify;\">C\u2019est ainsi que je vois le r\u00f4le de la personne qui anime, \u00e0 savoir : cr\u00e9er le vide, l\u2019espace, l\u2019accueil pour de l\u2019inattendu, l\u00e2cher ses convictions, ses repr\u00e9sentations, ses certitudes\u2026 douter, \u00e9couter, d\u00e9construire pour reconstruire autrement. Rappeler que le but est de multiplier les analyses et non de trouver les meilleures, \u00eatre ouvert aux propos des autres plut\u00f4t que de pr\u00e9parer sa prochaine intervention\u2026<\/p>\n<p style=\"text-align: justify;\">Il n\u2019est pas rare que les participants, lors du bilan de l\u2019APP, rel\u00e8vent combien il s\u2019est produit chez eux des d\u00e9cadrages et recadrages, des visions nouvelles et combien le processus collectif est apprenant, surprenant et performant.<\/p>\n<p>&nbsp;<\/p>\n<h4 style=\"text-align: justify;\"><strong>Une exp\u00e9rience de cod\u00e9veloppement en milieu universitaire<\/strong><\/h4>\n<p style=\"text-align: justify;\"><strong><br \/>\nNancy Lauzon<br \/>\n<\/strong><em>Professeure, Universit\u00e9 de Sherbrooke, Qu\u00e9bec<\/em><br \/>\n<em><a href=\"mailto:nancy.lauzon@usherbrooke.ca\">nancy.lauzon[arobase]usherbrooke.ca<\/a><\/em><\/p>\n<p style=\"text-align: justify;\"><strong>Michel Desjardins<br \/>\n<\/strong><em>Coach, formateur et animateur de Groupe de cod\u00e9veloppement professionnel, Qu\u00e9bec<\/em><br \/>\n<em><u><a href=\"mailto:micheldesjardins22@videotron.ca\">micheldesjardins22[arobase]videotron.ca<\/a><\/u><\/em><\/p>\n<p style=\"text-align: justify;\">Notre t\u00e9moignage est tir\u00e9 d\u2019une exp\u00e9rience de groupe de cod\u00e9veloppement <a href=\"#_ftn2\" name=\"_ftnref2\">[2]<\/a> v\u00e9cue dans le cadre du master en \u00e9ducation dans une universit\u00e9 du Qu\u00e9bec. Le groupe est compos\u00e9 de directeurs et de directeurs adjoints d\u2019\u00e9tablissement scolaire en exercice comptant au moins cinq ann\u00e9es d\u2019exp\u00e9rience. Dans le cadre de la d\u00e9marche, un membre expose \u00e0 ses coll\u00e8gues une situation probl\u00e9matique associ\u00e9e \u00e0 la gestion des ressources humaines \u00e0 laquelle il est confront\u00e9. Les lignes qui suivent proposent des \u00e9l\u00e9ments de r\u00e9flexion portant sur l\u2019intelligence collective que nous avons \u00e9labor\u00e9s au fur et \u00e0 mesure de l\u2019accompagnement de ce groupe.<\/p>\n<p style=\"text-align: justify;\">Au fil de la d\u00e9marche, nous constatons qu\u2019une complicit\u00e9 se cr\u00e9e graduellement entre les membres du groupe. Les participants s\u2019approprient collectivement la situation probl\u00e9matique qu\u2019un des membres du groupe a d\u00e9pos\u00e9e. D\u00e9nouer cette probl\u00e9matique et en tirer des apprentissages deviennent ainsi des objectifs communs. Avec g\u00e9n\u00e9rosit\u00e9 et bienveillance, chacun partage avec ses pairs ses savoirs d\u2019exp\u00e9rience, ses connaissances et son savoir-faire, et ce, tout en demeurant vigilant de ne pas \u00ab\u2009jouer \u00e0 l\u2019expert\u2009\u00bb au sein du groupe. Ce dernier veille aussi \u00e0 soutenir \u00e9motivement le membre qui a d\u00e9pos\u00e9 la probl\u00e9matique et \u00e0 l\u00e9gitimer ses interventions \u00e0 certains moments. Sa vuln\u00e9rabilit\u00e9 est reconnue et accueillie.<\/p>\n<p style=\"text-align: justify;\">Le groupe d\u00e9veloppe ainsi une capacit\u00e9 \u00e0 mobiliser et \u00e0 coordonner les ressources de chacun en vue d\u2019atteindre une compr\u00e9hension commune de la situation expos\u00e9e et de ses enjeux. Les membres consolident collectivement leurs capacit\u00e9s d\u2019analyse, notamment en multipliant les perspectives suivant lesquelles la situation probl\u00e9matique est envisag\u00e9e, \u00e0 savoir\u00a0: la probl\u00e9matique amen\u00e9e, son contexte et la personne qui la porte. De plus, ils s\u2019investissent afin d\u2019\u00e9laborer des strat\u00e9gies pour d\u00e9nouer la situation et faire l\u2019examen de leur efficacit\u00e9 relative et effective, une fois les strat\u00e9gies mises \u00e0 l\u2019\u00e9preuve. Autant d\u2019apprentissages qui t\u00e9moignent \u00e0 notre avis de l\u2019\u00e9mergence d\u2019une intelligence collective.<\/p>\n<p style=\"text-align: justify;\">Anim\u00e9s d\u2019une volont\u00e9 de saisir les leviers qui favorisent cette \u00e9mergence, nous nous interrogeons. Diff\u00e9rents \u00e9l\u00e9ments de r\u00e9ponse s\u2019invitent alors. Ainsi, nous pensons que la composition du groupe pourrait ici avoir une incidence favorable. Les membres sont tous des gestionnaires d\u2019\u00e9tablissement scolaire appel\u00e9s \u00e0 vivre ou ayant v\u00e9cu de telles situations probl\u00e9matiques associ\u00e9es \u00e0 la gestion des ressources humaines. Ils se sentent donc interpell\u00e9s par les situations probl\u00e9matiques introduites par leurs pairs. Nous croyons \u00e9galement que le fait de d\u00e9terminer collectivement, d\u00e8s le d\u00e9but, des principes de fonctionnement tels que le respect et la confidentialit\u00e9 favorise l\u2019engagement des membres du groupe dans la d\u00e9marche\u00a0; une condition essentielle selon nous. \u00c0 cela s\u2019ajoutent diff\u00e9rents \u00e9l\u00e9ments du dispositif qui balise la d\u00e9marche d\u2019apprentissage \u00e0 laquelle sont invit\u00e9s les membres du groupe\u00a0: la d\u00e9finition des \u00e9tapes de la d\u00e9marche, leur respect rigoureux, le r\u00f4le de chacun.<\/p>\n<p style=\"text-align: justify;\"><strong>R\u00e9f\u00e9rences bibliographiques<\/strong><\/p>\n<p style=\"text-align: justify;\">Payette, A. &amp; Champagne C. (1997). <em>Le groupe de cod\u00e9veloppement professionnel<\/em>, Qu\u00e9bec, Presses de l\u2019Universit\u00e9 du Qu\u00e9bec.<\/p>\n<p style=\"text-align: justify;\">Association Qu\u00e9b\u00e9coise du cod\u00e9veloppement professionnel, <a href=\"http:\/\/www.aqcp.org\">www.aqcp.org<\/a>.<\/p>\n<p>&nbsp;<\/p>\n<h4 style=\"text-align: justify;\"><strong>L\u2019Intelligence Collective en APP, une lumineuse \u00e9nergie\u00a0?<\/strong><\/h4>\n<p style=\"text-align: justify;\"><strong><br \/>\nBlandine Bousquet<br \/>\n<\/strong><em>Coach professionnelle, animatrice et formatrice en APP<\/em><br \/>\n<em><a href=\"mailto:b.l.bousquet@wanadoo.fr\">b.l.bousquet[arobase]wanadoo.fr<\/a><\/em><\/p>\n<p style=\"text-align: justify;\">A la suite de l\u2019appel \u00e0 t\u00e9moignage, j\u2019ai retourn\u00e9 le sujet de l\u2019intelligence collective (IC) dans ma t\u00eate pendant quelques semaines. Finalement, j\u2019ai choisi d\u2019interroger des \u00e9quipes dans lesquelles j\u2019interviens comme animatrice d\u2019APP.<\/p>\n<p style=\"text-align: justify;\"><em>1<sup>er<\/sup> groupe, situation n\u00b01\u00a0: apr\u00e8s une APP, nous avons encore du temps devant nous.<\/em><\/p>\n<p style=\"text-align: justify;\">Je pose la question suivante au groupe\u00a0: \u00ab\u00a0A votre avis Intelligence Collective (que j\u2019ai voulu exprimer sans article) \u00e9tait-elle pr\u00e9sente au cours de notre s\u00e9ance\u00a0?\u00a0\u00bb<\/p>\n<p style=\"text-align: justify;\">\u00ab\u00a0C\u2019est quoi\u00a0?\u00a0\u00bb\u00a0 \u00ab\u00a0Que veux-tu dire\u00a0?\u00a0\u00bb\u00a0\u00ab\u00a0A quel moment\u00a0?\u00a0\u00bb\u2026<\/p>\n<p style=\"text-align: justify;\">Sans r\u00e9pondre \u00e0 ces questions, je garde mon cap et redemande si, \u00e0 leur avis, IC \u00e9tait pr\u00e9sente au cours de nos \u00e9changes. Or, \u00e0 interroger son \u00e9ventuelle pr\u00e9sence, voici qu\u2019IC pointe son nez. En r\u00e9fl\u00e9chissant chacun des participants alors r\u00e9fl\u00e9chit l\u2019autre.<\/p>\n<p style=\"text-align: justify;\">Anna se lance\u00a0: \u00ab\u00a0Oui je crois qu\u2019elle \u00e9tait l\u00e0, j\u2019ai eu l\u2019impression de monter un escalier avec Jeanne. Ce qu\u2019elle disait r\u00e9sonnait en moi.\u00a0\u00bb<\/p>\n<p style=\"text-align: justify;\">Jeanne\u00a0: \u00ab\u00a0Oui c\u2019est exactement cela. Je me suis sentie comprise.\u00a0\u00bb<\/p>\n<p style=\"text-align: justify;\">Anna\u00a0:\u00a0\u00ab\u00a0D\u2019avoir le sentiment de te comprendre m\u2019a aid\u00e9 \u00e0 aller plus loin.\u00a0\u00bb<\/p>\n<p style=\"text-align: justify;\">Jeanne\u00a0: \u00ab\u00a0On a escalad\u00e9 un truc.\u00a0\u00bb<\/p>\n<p style=\"text-align: justify;\">Aur\u00e9lien\u00a0(rigolant) : \u00ab\u00a0C\u2019\u00e9tait un petit collectif \u00e0 vous deux\u00a0!\u00a0\u00bb<\/p>\n<p style=\"text-align: justify;\">Anna (rigolant)\u00a0: \u00ab\u00a0Tu aurais pu monter l\u2019escalier si tu avais suivi\u00a0!\u00a0\u00bb<\/p>\n<p style=\"text-align: justify;\">Carla\u00a0: \u00ab\u00a0Si on n\u2019a pas envie, \u00e7a ne marche pas.\u00a0\u00bb<\/p>\n<p style=\"text-align: justify;\">J\u2019observe l\u2019\u00e9nergie du groupe, le dynamisme des \u00e9changes. Il m\u2019apparait que IC est aussi une \u00e9nergie. Elle n\u2019est pas que cognitive. Elle permet que des mots soient prononc\u00e9s, que l\u2019humour s\u2019invite. A proposer IC, celle-ci s\u2019empare de nous. Elle semble \u00e9voluer en nous mais surtout entre nous. Je pourrais la voir comme des boucles qui passent en nous puis entre nous. Des boucles qui nous lient et nous relient\u00a0: je t\u2019\u00e9coute\u00a0; ce que tu dis m\u2019int\u00e9resse.<\/p>\n<p style=\"text-align: justify;\">Carole\u00a0: \u00ab\u00a0Intelligence c\u2019est quand m\u00eame un grand mot\u00a0!\u00a0\u00bb<\/p>\n<p style=\"text-align: justify;\">Aur\u00e9lien (rigolant)\u00a0: \u00ab\u00a012 lettres\u00a0\u00bb<\/p>\n<p style=\"text-align: justify;\">J\u2019\u00e9cris alors au <em>paperboard<\/em>, verticalement, les lettres INTELLIGENCE COLLECTIVE et je propose \u00e0 chacun de donner un mot par lettre. Les r\u00e9ponses fusent\u00a0:<\/p>\n<table>\n<tbody>\n<tr>\n<td style=\"width: 253px; vertical-align: top;\" width=\"253\">\n<p>I \u00a0\u00a0intelligence<\/p>\n<p>N \u00a0nous<\/p>\n<p>T \u00a0toi<\/p>\n<p>E \u00a0\u00a0\u00e9laborer<\/p>\n<p>L \u00a0\u00a0lumi\u00e8re<\/p>\n<p>L \u00a0\u00a0loin<\/p>\n<p>I \u00a0\u00a0invisible<\/p>\n<p>G \u00a0grand<\/p>\n<p>E \u00a0\u00a0ensemble<\/p>\n<p>N \u00a0nuage<\/p>\n<p>C \u00a0collectif<\/p>\n<p>E \u00a0\u00e9vidence<\/td>\n<td style=\"width: 253px; vertical-align: top;\" width=\"361\">\n<p>C \u00a0coeur<\/p>\n<p>O \u00a0ouverture<\/p>\n<p>L \u00a0\u00a0l\u00e9g\u00e8re<\/p>\n<p>L \u00a0\u00a0lien<\/p>\n<p>E \u00a0\u00a0\u00e9nergie<\/p>\n<p>C \u00a0\u00a0complexe<\/p>\n<p>T \u00a0\u00a0tenir<\/p>\n<p>I \u00a0\u00a0\u00a0invitation<\/p>\n<p>V \u00a0\u00a0volute<\/p>\n<p>E \u00a0\u00a0envol\u00e9e<\/p>\n<p>&nbsp;<\/td>\n<\/tr>\n<\/tbody>\n<\/table>\n<p style=\"text-align: justify;\">De mon c\u00f4t\u00e9, je me sens cr\u00e9ative. IC nous rendrait-elle cr\u00e9ative\u00a0? Ou bien cr\u00e9e-t-elle une relation \u00e0 soi et aux autres suffisamment confiante pour nous lib\u00e9rer d\u2019un formalisme. Ou est-ce parce que la confiance est \u00e9tablie qu\u2019elle peut se d\u00e9ployer\u00a0? Des boucles\u2026 encore\u00a0!<\/p>\n<p style=\"text-align: justify;\">En quittant le groupe je note sans les classer les mots suivants\u00a0: \u00e9nergie, silence, \u00e9coute, humour, m\u00e9taphore, po\u00e9sie, envie (en-vie\u00a0?). Je pressens l\u00e0 un des fondamentaux \u00e0 l\u2019\u00e9mergence d\u2019IC\u00a0: l\u2019envie, l\u2019enthousiasme. Et si j\u2019\u00e9cris l\u2019en-vie, me vient alors l\u2019id\u00e9e de \u00ab\u00a0n\u00e9cessit\u00e9 vitale\u00a0\u00bb comme celle de se relier les uns aux autres pour avancer vers un but dont on ne sait pas encore que c\u2019est un but commun, ni \u00e0 quoi il ressemble.<\/p>\n<p style=\"text-align: justify;\"><em>Situation n\u00b02\u00a0: 2<sup>\u00e8me<\/sup> groupe, dans lequel aucune situation n\u2019est apport\u00e9e ce jour-l\u00e0<\/em><\/p>\n<p style=\"text-align: justify;\">Je pose la question au groupe\u00a0: \u00ab\u00a0quand peut-on parler d\u2019intelligence collective\u00a0en APP ?\u00a0\u00bb<br \/>\nLa discussion s\u2019engage entre les participants (je r\u00e9sume ici leurs \u00e9changes).\u00a0 L\u2019expression des besoins de certains participants (cadre, temps, compr\u00e9hension, etc.) introduit une prise en compte de l\u2019autre. Satisfaire ces besoins semble n\u00e9cessaire \u00e0 une future coop\u00e9ration. Cette prise en compte initie une forme de reconnaissance. S\u00e9curis\u00e9, on peut participer aux \u00e9changes et, en participant aux \u00e9changes, on se s\u00e9curise. Le groupe nourrit et on peut nourrir le groupe. Belle spirale vertueuse. Lorsque chacun accepte la place de l\u2019autre et se sent reconnu dans la sienne, les \u00e9changes peuvent s\u2019envoler vers plus d\u2019ouverture. Chacun est reconnu dans ses comp\u00e9tences, dans ses besoins et dans sa vision du monde. Une forme d\u2019\u00e9quilibre s\u2019installe\u00a0; l\u2019injonction de r\u00e9ussir s\u2019estompe.<\/p>\n<p style=\"text-align: justify;\">Depuis ces \u00e9changes, je me pose des questions relatives au r\u00f4le de l&rsquo;animateur : l\u2019Intelligence Collective a-t-elle besoin d\u2019une personne qui anime, dirige, organise\u00a0? Un leader pour mener\u00a0? Comment chacun trouve-t-il sa place dans cette construction\u00a0? Je garde aussi cette id\u00e9e en moi-m\u00eame\u00a0: et si la comp\u00e9tence de l\u2019animateur d\u2019APP \u00e9tait sa capacit\u00e9 \u00e0 faire \u00e9merger l\u2019Intelligence Collective\u00a0?<\/p>\n<p>&nbsp;<\/p>\n<h4 style=\"text-align: justify;\"><strong>Accordage et intelligence collective dans un groupe d\u2019APP<\/strong><\/h4>\n<p style=\"text-align: justify;\"><em><strong><br \/>\nMichaela Knuchel-Bossel et Santina Ieronimo Tikhomirov<br \/>\n<\/strong><\/em><em>Enseignantes, formatrices, animatrices de groupes d\u2019APP<br \/>\n<\/em><em><u><a href=\"mailto:michaela.knuchel-bossel@hep-bejune.ch\">michaela.knuchel-bossel[arobase]hep-bejune.ch<\/a><\/u>\u00a0 &#8211;\u00a0\u00a0 <u><a href=\"mailto:santina.jeronimo@erz.be.ch\">santina.jeronimo[arobase]erz.be.ch<\/a> <\/u><\/em><\/p>\n<p style=\"text-align: justify;\">Avec notre t\u00e9moignage, nous souhaitons souligner quelques aspects qui nous semblent relever de l\u2019intelligence collective, sans chercher \u00e0 d\u00e9finir celle-ci. Nous les illustrerons par des exemples v\u00e9cus dans un groupe d\u2019APP avec des enseignants que nous avons co-anim\u00e9.<\/p>\n<p style=\"text-align: justify;\">Un premier aspect qui nous a frapp\u00e9es est un\u00a0accordage \u00e9motionnel\u00a0entre les participants. Il est li\u00e9 au fait que chacun est sensible aux \u00e9motions des autres et \u00e9prouve de l\u2019empathie. Il faut relever que cet accordage \u00e9motionnel peut trouver son origine en dehors du groupe d\u2019APP. En effet, les participants du collectif que nous avons anim\u00e9 s\u2019entendent tr\u00e8s bien et se soutiennent dans le cadre de la formation qu\u2019ils suivent en commun. L\u2019accordage \u00e9motionnel est pour nous un constituant de l\u2019intelligence collective dans le sens o\u00f9 chacun, ressentant l\u2019empathie et la bienveillance des autres, peut \u00e9mettre ses questions et hypoth\u00e8ses de mani\u00e8re plus libre, sachant que l\u2019autre y sera ouvert et ne risquera pas d\u2019\u00eatre bless\u00e9.<\/p>\n<p style=\"text-align: justify;\">Un deuxi\u00e8me aspect que nous avons constat\u00e9 r\u00e9side dans un accordage cognitif\u00a0: chaque participant ne suit pas seulement son propre cheminement cognitif mais int\u00e8gre celui des autres. Concr\u00e8tement, cela se manifeste \u00e0 la fois par des questions de clarification pos\u00e9es au sein du groupe qui sont en lien les unes avec les autres et par des hypoth\u00e8ses, des id\u00e9es, qui s\u2019appuient les unes sur les autres. Cela am\u00e8ne une plus grande profondeur de r\u00e9flexion et la construction d\u2019une compr\u00e9hension commune de la situation et de la pratique analys\u00e9e. Le bref exemple de la s\u00e9quence ci-apr\u00e8s montre comment les diff\u00e9rentes questions sont li\u00e9es, avec pour objectif de cerner au mieux le ressenti de l\u2019exposante (E).<\/p>\n<ul style=\"text-align: justify;\">\n<li>X\u00a0: \u00ab\u00a0Quel effet te font les billets qu\u2019elle te laisse\u00a0?\u00a0\u00bb<\/li>\n<li>E\u00a0: \u00ab\u00a0\u00c7a m\u2019\u00e9nerve\u00a0! je me sens bless\u00e9e, comme un enfant.\u00a0\u00bb<\/li>\n<li>Y\u00a0: \u00ab\u00a0Est-ce que ce probl\u00e8me est important pour toi\u00a0?\u00a0\u00bb<\/li>\n<li>E\u00a0: \u00ab\u00a0Non, je me d\u00e9brouille.\u00a0\u00bb<\/li>\n<li>Z\u00a0: \u00ab\u00a0Pourquoi tu n\u2019as pas essay\u00e9 d\u2019en parler\u00a0?\u00a0\u00bb<\/li>\n<li>E\u00a0: \u00ab\u00a0C\u2019est tellement charg\u00e9, je n\u2019ai pas voulu prendre le temps.\u00a0\u00bb<\/li>\n<\/ul>\n<p style=\"text-align: justify;\">Nous \u00e9voquerons encore un troisi\u00e8me aspect qui illustre \u00e0 notre sens le d\u00e9veloppement d\u2019une intelligence collective. Il a trait \u00e0 la multidimensionnalit\u00e9 dans les questions et les hypoth\u00e8ses de compr\u00e9hension partag\u00e9es au sein du groupe. Lors des premi\u00e8res s\u00e9ances de ce groupe d\u2019APP, celles-ci portaient essentiellement sur le contexte et souvent sur l\u2019\u00e9l\u00e8ve impliqu\u00e9 dans la situation. Les participants restaient en surface. La multidimensionnalit\u00e9 s\u2019est d\u00e9velopp\u00e9e au fur et \u00e0 mesure que les participants ont os\u00e9, les uns apr\u00e8s les autres, se pencher sur l\u2019exposant lui-m\u00eame et sa pratique avec toutes ses facettes. Durant la cinqui\u00e8me s\u00e9ance d\u2019APP, les questions et les hypoth\u00e8ses concernaient\u00a0\u00e0 la fois le contexte\u00a0(protagonistes, circonstances), ce qui avait \u00e9t\u00e9 fait et dit par l\u2019exposante, la mani\u00e8re de communiquer de celle-ci, ses ressentis ainsi que ses intentions. Cela t\u00e9moigne de la d\u00e9marche de co-construction \u00e9labor\u00e9e dans le collectif. La compr\u00e9hension multidimensionnelle a \u00e9t\u00e9 d\u00e9velopp\u00e9e par l\u2019ensemble du groupe\u00a0avec les hypoth\u00e8ses qui se compl\u00e9taient, apportant \u00e0 chaque fois une lecture \u00e9largie et des pistes d\u2019action qui allaient de l\u2019exploration de ses \u00e9motions aux moyens d\u2019am\u00e9liorer la situation.<\/p>\n<p style=\"text-align: justify;\">Si nous examinons l\u2019ensemble des six s\u00e9ances d\u2019APP v\u00e9cues avec ce groupe, il nous appara\u00eet que certains \u00e9l\u00e9ments ont favoris\u00e9 l\u2019\u00e9mergence de l\u2019intelligence collective. En premier lieu, nous \u00e9voquerons le sentiment de s\u00e9curit\u00e9 des participants. Divers incidents durant les premi\u00e8res rencontres ont ainsi donn\u00e9 lieu \u00e0 une r\u00e9affirmation des r\u00e8gles et des principes en vigueur. De m\u00eame, le rappel de \u00ab\u00a0l\u2019APP au service de qui\u00a0?\u00a0\u00bb a rassembl\u00e9 les participants autour de la demande de l\u2019exposant et donn\u00e9 du sens \u00e0 l\u2019analyse en cours. Cela s\u2019est ensuite prolong\u00e9 dans les s\u00e9ances suivantes. La confiance dans le processus est un autre \u00e9l\u00e9ment aidant qui permet \u00e9galement l\u2019implication de chacun. Par processus, nous entendons les \u00e9tapes (on sait o\u00f9 on en est dans le d\u00e9roulement de l\u2019APP), le cadre respect\u00e9, le sens partag\u00e9 de ce que l\u2019on fait ensemble, ainsi que le travail des animatrices qui garantissent la s\u00e9curit\u00e9 et la d\u00e9marche. Par ailleurs, notre appui dans l\u2019analyse est aussi un \u00e9l\u00e9ment potentiellement facilitant. Par exemple, la multidimensionnalit\u00e9 n\u2019est pas un acquis pour les participants. La proposition que nous avons faite, sous forme de support visuel, du sch\u00e9ma des satellites de l\u2019action inspir\u00e9 de Nadine Faingold<a href=\"#_ftn3\" name=\"_ftnref3\"><sup>[3]<\/sup><\/a>, a incit\u00e9 les participants \u00e0 \u00e9largir leur r\u00e9flexion et les a aid\u00e9 \u00e0 co-construire une r\u00e9flexion commune.<strong>\u00a0<\/strong><\/p>\n<p style=\"text-align: justify;\">Pour conclure, l\u2019intelligence collective, favoris\u00e9e par divers \u00e9l\u00e9ments, se r\u00e9v\u00e8le \u00e0 nous par le lien qui se cr\u00e9e durant les APP entre les participants (et les animatrices). Tant au niveau \u00e9motionnel que cognitif, les intelligences individuelles se \u00ab\u00a0connectent\u00a0\u00bb\u00a0; elles ne fonctionnent plus seules mais en relation les unes avec les autres. Et elles font ainsi progresser de mani\u00e8re coh\u00e9rente la compr\u00e9hension partag\u00e9e de la pratique analys\u00e9e.<\/p>\n<p><strong>R\u00e9f\u00e9rence bibliographique<\/strong><\/p>\n<p>Faingold, N. (1998). De l\u2019explicitation des pratiques \u00e0 la probl\u00e9matique de l\u2019identit\u00e9 professionnelle : d\u00e9crypter les messages structurants. <em>Expliciter,<\/em>\u00a026, pp 17-20.<br \/>\n<a href=\"http:\/\/www.grex2.com\">http:\/\/www.grex2.com<\/a>.<\/p>\n<p>&nbsp;<\/p>\n<p><b><br \/>\n<\/b><a href=\"#\" class=\"shortcode button  \" style=\"background-color: silver;\" target=\"\" onclick=\"\"> Haut de page<\/a>\n<p>&nbsp;<\/p>\n<p>&nbsp;<\/p>\n<p><strong>Notes<\/strong><\/p>\n<p>&nbsp;<\/p>\n<p><a href=\"#_ftnref1\" name=\"_ftn1\">[1]<\/a> Proverbe africain<\/p>\n<p><a href=\"#_ftnref2\" name=\"_ftn2\">[2]<\/a> Le groupe de cod\u00e9veloppement professionnel est une m\u00e9thode qui a \u00e9t\u00e9 \u00e9labor\u00e9e au Qu\u00e9bec pour apprendre et s\u2019entraider entre pairs \u00e0 partir d\u2019\u00e9l\u00e9ments tir\u00e9s de la pratique de chacun (voir Payette et Champagne, 1997).<\/p>\n<p><a href=\"#_ftnref3\" name=\"_ftn3\">[3]<\/a> Nous utilisons les satellites de l&rsquo;action de Vermersch tels que repris par Faingold (1998)<br \/>\nen formulant simplement le contenu des satellites de l\u2019action et en mettant en \u00e9vidence comment les informations de chaque satellite peuvent intervenir dans la pratique.<\/p>\n<p>&nbsp;<\/p>\n<div id=\"themify_builder_content-3051\" data-postid=\"3051\" class=\"themify_builder_content themify_builder_content-3051 themify_builder themify_builder_front\">\n\n\t<\/div>\n<!-- \/themify_builder_content -->","protected":false},"excerpt":{"rendered":"<p>&nbsp; Collectif Avec les contributions de Nir Zalts, J\u00fcrg Bichsel, Nancy Lauzon et Michel Desjardins,\u00a0Blandine Bousquet, Michaela Knuchel-Bossel et Santina Ieronimo Tikhomirov &nbsp; R\u00e9sum\u00e9 Ce texte pr\u00e9sente cinq contributions de personnes qui t\u00e9moignent de leurs observations et r\u00e9flexions issues de leurs pratiques d\u2019animation de groupes d\u2019APP qui travaillent en intelligence collective. Nir Zalts s\u2019interroge sur [&hellip;]<\/p>\n","protected":false},"author":2,"featured_media":0,"comment_status":"open","ping_status":"open","sticky":false,"template":"","format":"standard","meta":{"_jetpack_newsletter_access":"","_jetpack_dont_email_post_to_subs":false,"_jetpack_newsletter_tier_id":0,"_jetpack_memberships_contains_paywalled_content":false,"_jetpack_memberships_contains_paid_content":false,"footnotes":""},"categories":[367,378,49,368,370,237,366,369,19],"tags":[381,364,380,362,379],"class_list":["post-3051","post","type-post","status-publish","format-standard","hentry","category-blandine-bousquet","category-collectif","category-jurg-bichsel","category-michel-desjardins","category-michele-knuchel-bossel","category-nancy-lauzon","category-nir-zalts","category-santina-ieronimo-tikhomirov","category-10temoignage","tag-accordage","tag-emergence","tag-energie","tag-intelligence-collective","tag-synchronicite","has-post-title","no-post-date","has-post-category","has-post-tag","has-post-comment","has-post-author"],"jetpack_featured_media_url":"","jetpack_shortlink":"https:\/\/wp.me\/p3VXfJ-Nd","jetpack_sharing_enabled":true,"_links":{"self":[{"href":"https:\/\/www.analysedepratique.org\/index.php?rest_route=\/wp\/v2\/posts\/3051","targetHints":{"allow":["GET"]}}],"collection":[{"href":"https:\/\/www.analysedepratique.org\/index.php?rest_route=\/wp\/v2\/posts"}],"about":[{"href":"https:\/\/www.analysedepratique.org\/index.php?rest_route=\/wp\/v2\/types\/post"}],"author":[{"embeddable":true,"href":"https:\/\/www.analysedepratique.org\/index.php?rest_route=\/wp\/v2\/users\/2"}],"replies":[{"embeddable":true,"href":"https:\/\/www.analysedepratique.org\/index.php?rest_route=%2Fwp%2Fv2%2Fcomments&post=3051"}],"version-history":[{"count":17,"href":"https:\/\/www.analysedepratique.org\/index.php?rest_route=\/wp\/v2\/posts\/3051\/revisions"}],"predecessor-version":[{"id":5009,"href":"https:\/\/www.analysedepratique.org\/index.php?rest_route=\/wp\/v2\/posts\/3051\/revisions\/5009"}],"wp:attachment":[{"href":"https:\/\/www.analysedepratique.org\/index.php?rest_route=%2Fwp%2Fv2%2Fmedia&parent=3051"}],"wp:term":[{"taxonomy":"category","embeddable":true,"href":"https:\/\/www.analysedepratique.org\/index.php?rest_route=%2Fwp%2Fv2%2Fcategories&post=3051"},{"taxonomy":"post_tag","embeddable":true,"href":"https:\/\/www.analysedepratique.org\/index.php?rest_route=%2Fwp%2Fv2%2Ftags&post=3051"}],"curies":[{"name":"wp","href":"https:\/\/api.w.org\/{rel}","templated":true}]}}