{"id":2753,"date":"2017-09-20T08:22:18","date_gmt":"2017-09-20T07:22:18","guid":{"rendered":"http:\/\/www.analysedepratique.org\/?p=2753"},"modified":"2021-10-03T09:24:21","modified_gmt":"2021-10-03T08:24:21","slug":"les-cadres-de-sante-formateurs-et-lanalyse-de-pratiques-professionnelles","status":"publish","type":"post","link":"https:\/\/www.analysedepratique.org\/?p=2753","title":{"rendered":"Les cadres de sant\u00e9 formateurs et l&rsquo;analyse de pratiques professionnelles"},"content":{"rendered":"<p>&nbsp;<\/p>\n<table border=\"0\" width=\"626\" cellspacing=\"0\" cellpadding=\"0\">\n<tbody>\n<tr>\n<td valign=\"top\" width=\"319\">\n<h3><em><strong>Delphine Rivier<\/strong><\/em><\/h3>\n<p><em>Cadre de sant\u00e9 formateur, IFSI<br \/>\n<a href=\"mailto:rivier_delphine@yahoo.fr\">rivier_delphine[arobase]yahoo.fr<\/a><\/em><\/td>\n<td valign=\"top\" width=\"307\">\n<h3><em><strong>Jean-Louis Boutte<\/strong><\/em><\/h3>\n<p><em>Ma\u00eetre de conf\u00e9rences en Sciences de l\u2019Education, Aix-Marseille Universit\u00e9<br \/>\n<\/em><em><a href=\"mailto:jean-louis.boutte@univ-amu.fr\">jean-louis.boutte[arobase]univ-amu.fr\u00a0<\/a><\/em><\/td>\n<\/tr>\n<\/tbody>\n<\/table>\n<h4><em>R\u00e9sum\u00e9<\/em><\/h4>\n<p style=\"text-align: justify;\">La mise en place des s\u00e9quences d&rsquo;analyse de situations et\/ou d&rsquo;activit\u00e9s professionnelles par les cadres de sant\u00e9 formateurs semble complexe de par des approches diff\u00e9rentes, ce qui entra\u00eene des difficult\u00e9s d&rsquo;harmonisation dans les pratiques des formateurs au sein des Instituts de Formation en Soins Infirmiers (IFSI). Cet article vise \u00e0 mieux comprendre ce qui se joue actuellement lors de ces s\u00e9quences pour les \u00e9tudiants infirmiers et les cadres de sant\u00e9 formateurs. L&rsquo;approche psychosociale de l&rsquo;analyse de pratiques professionnelles nous a sembl\u00e9 int\u00e9ressante pour la recherche que nous avons men\u00e9e en lien avec ces dispositifs qui doivent permettre d&rsquo;accompagner au mieux les \u00e9tudiants dans leur professionnalisation et la construction de leur identit\u00e9 professionnelle.<\/p>\n<h5><em>Mots-cl\u00e9s\u00a0<\/em><\/h5>\n<p>cadres de sant\u00e9, formation, \u00e9tudiants infirmiers, professionnalisation, identit\u00e9 professionnelle<\/p>\n<h5><em>Cat\u00e9gorie d&rsquo;article\u00a0<\/em><\/h5>\n<p>Travail de recherche<\/p>\n<h5><em>R\u00e9f\u00e9rencement\u00a0<\/em><\/h5>\n<p>Rivier, D. &amp; Boutte, J.-L. (2017). Les cadres de sant\u00e9 formateurs et l&rsquo;analyse de pratiques professionnelles. In <em>Revue de l\u2019analyse de pratiques professionnelles<\/em>, No 11, pp. 18-29. <span style=\"text-decoration: underline;\">http:\/\/www.analysedepratique.org\/?p=2753<\/span>.<\/p>\n<hr class=\"shortcode hr light-gray\" style=\"border-width:1px;\" \/> <a href=\"http:\/\/www.analysedepratique.org\/wp-content\/uploads\/rivier-boutte-revue-app-octobre2017.pdf\"><img loading=\"lazy\" decoding=\"async\" src=\"https:\/\/www.analysedepratique.org\/wp-content\/uploads\/download-icon.png\" alt=\"download-icon\" width=\"24\" height=\"29\" \/><\/a>\u00a0<a href=\"http:\/\/www.analysedepratique.org\/wp-content\/uploads\/rivier-boutte-revue-app-octobre2017.pdf\">Article en PDF<\/a>\u00a0\u00a0 \u00a0\u00a0 \u00a0\u00a0 \u00a0\u00a0 <a href=\"#co\"><img loading=\"lazy\" decoding=\"async\" src=\"https:\/\/www.analysedepratique.org\/wp-content\/uploads\/et-info-comment.png\" alt=\"et-info-comment\" width=\"30\" height=\"31\" \/><\/a>\u00a0<a href=\"#co\">Commentaires<\/a> <hr class=\"shortcode hr light-gray\" style=\"border-width:1px;\" \/>\n<p>&nbsp;<\/p>\n<p style=\"text-align: justify;\">[toc]<\/p>\n<p style=\"text-align: justify;\">La formation initiale infirmi\u00e8re s&rsquo;est engag\u00e9e dans une r\u00e9ing\u00e9nierie de son dipl\u00f4me depuis septembre 2009. Elle s&rsquo;inscrit dans le cadre du dispositif Licence, Master et Doctorat (LMD) initi\u00e9 par les accords de Bologne. La mise en place du r\u00e9f\u00e9rentiel de formation en Institut de formation en soins infirmiers suscite des r\u00e9flexions notamment par rapport \u00e0 la r\u00e9alisation des s\u00e9quences d&rsquo;analyse de pratiques accompagn\u00e9es par les cadres de sant\u00e9 formateurs, qu&rsquo;elles soient en lien avec des situations professionnelles v\u00e9cues en stage et\/ou des activit\u00e9s, en particulier li\u00e9es \u00e0 la pratique professionnelle des \u00e9tudiants.<\/p>\n<h4 style=\"text-align: justify;\"><strong>1. Le contexte de la formation infirmi\u00e8re et l&rsquo;analyse de situations ou d&rsquo;activit\u00e9s rencontr\u00e9es <\/strong><\/h4>\n<p style=\"text-align: justify;\">L\u2019universitarisation du programme infirmier na\u00eet le 31 juillet 2009 par un arr\u00eat\u00e9<a href=\"#_ftn1\" name=\"_ftnref1\">[1]<\/a>. Il se compose d\u2019un r\u00e9f\u00e9rentiel de formation, d\u2019activit\u00e9s et de comp\u00e9tences, avec un syst\u00e8me Licence Master Doctorat. Il permet la mobilit\u00e9 des infirmiers au niveau Europ\u00e9en.<\/p>\n<p style=\"text-align: justify;\">C&rsquo;est une formation par alternance sur trois ann\u00e9es au cours de laquelle l&rsquo;\u00e9tudiant r\u00e9alise en Institut de formation en soins infirmiers (IFSI) 2100 heures de cours qui peuvent \u00eatre des cours magistraux, des travaux dirig\u00e9s ou des temps personnels guid\u00e9s. Puis 2100 heures de stages pour appr\u00e9hender cette profession infirmi\u00e8re, en passant dans diff\u00e9rents services de soins o\u00f9 il va c\u00f4toyer des professionnels de la sant\u00e9 et notamment des infirmiers.<\/p>\n<p style=\"text-align: justify;\">L\u2019objectif de ce programme \u00ab <em>est de placer l\u2019\u00e9tudiant dans une dynamique d\u2019acquisition de connaissances \u00e0 mobiliser en situations de soins<\/em> \u00bb (Weber, 2009). Il vise \u00e0 permettre une \u00ab\u00a0<em>alternance entre l\u2019acquisition des connaissances et des savoir-faire reli\u00e9s \u00e0 des situations professionnelles<\/em>\u00a0\u00bb (Rivier, 2017, p.31). Il lui permet aussi de mobiliser ses connaissances et savoir-faire dans des situations de soins tout en s\u2019appuyant sur des concepts et sur l\u2019analyse r\u00e9guli\u00e8re de situations professionnelles, en favorisant l\u2019\u00e9mergence d\u2019une certaine r\u00e9flexivit\u00e9. Pour cela, les formateurs doivent donner la possibilit\u00e9 aux \u00e9tudiants de travailler selon trois paliers d\u2019apprentissage \u00ab <em>comprendre, agir, et transf\u00e9rer <\/em>\u00bb (L\u00e9gifrance, 2016). Dans ce programme <em>\u00ab le formateur va aider l&rsquo;\u00e9tudiant \u00e0 cat\u00e9goriser, \u00e0 structurer sa pens\u00e9e (sch\u00e9mas structurants) et \u00e0 \u00e9tablir des liens<\/em> \u00bb (Kozlowski et Muller, 2008).<\/p>\n<p style=\"text-align: justify;\">L\u2019\u00e9tudiant, lorsqu&rsquo;il est en stage, est doublement encadr\u00e9 dans les services de soins par un ma\u00eetre de stage qui est, la plupart du temps, un cadre de sant\u00e9 garant de l\u2019organisation et par un tuteur de stage qui est souvent un infirmier expert connaissant particuli\u00e8rement bien le service d\u2019affectation et int\u00e9ress\u00e9 par l&rsquo;encadrement p\u00e9dagogique des \u00e9tudiants. Enfin, il travaille l&rsquo;essentiel de son temps de stage avec des professionnels de proximit\u00e9 infirmiers, pour les soins quotidiens relatifs au service de soins dans lequel il est. Le cadre formateur infirmier est r\u00e9guli\u00e8rement en lien avec le tuteur pour intervenir sur le lieu de stage lors de r\u00e9ajustements. Il l&rsquo;est aussi pour accompagner l\u2019\u00e9tudiant dans sa professionnalisation et notamment lors de temps d\u00e9di\u00e9s \u00e0 l&rsquo;analyse de situations et\/ou d&rsquo;activit\u00e9s \u00e0 partir de <em>\u00ab situations r\u00e9elles de travail qui servent de r\u00e9f\u00e9rence pour apprendre \u00e0 raisonner et \u00e0 agir dans des situations complexes <\/em>\u00bb (No\u00ebl-Hureaux, 2005) et d\u00e9velopper ainsi sa r\u00e9flexivit\u00e9.<\/p>\n<p style=\"text-align: justify;\">Le programme infirmier en 2009 \u00e9voque une terminologie diff\u00e9rente de celle que l&rsquo;on retrouve pour la nouvelle version du portfolio en 2015. En effet, en 2009, dans le r\u00e9f\u00e9rentiel de formation, nous retrouvons le terme \u00ab\u00a0analyse de la pratique\u00a0\u00bb alors qu&rsquo;en 2015, les termes ont chang\u00e9 car il est \u00e9crit \u00ab\u00a0analyse de situations et\/ou d&rsquo;activit\u00e9s rencontr\u00e9es en stage\u00a0\u00bb. Pour autant, dans le portfolio, il est pr\u00e9cis\u00e9 que l&rsquo;\u00e9tudiant doit se questionner sur sa pratique. Celle-ci ne peut pas s&rsquo;envisager sans un contexte, une situation relative \u00e0 une profession, ici infirmier\u00b7\u00e8re, car elle va de fait l&rsquo;influencer. Nous parlons donc d&rsquo;une pratique professionnelle. Alors est-ce une erreur de terminologie, ou bien est ce que les attentes vis-\u00e0-vis des \u00e9tudiants en termes d&rsquo;analyse ont chang\u00e9 entre 2009 et 2015 ?<\/p>\n<p style=\"text-align: justify;\">Ce qui est certain, c&rsquo;est que le formateur doit permettre \u00e0 l&rsquo;\u00e9tudiant de cr\u00e9er du lien entre les diff\u00e9rentes unit\u00e9s d\u2019enseignements (UE), les stages et les s\u00e9quences d&rsquo;analyse de situations et\/ou d&rsquo;activit\u00e9s voire d&rsquo;analyses de pratiques retranscrites dans le portfolio qui, jusqu&rsquo;en f\u00e9vrier 2015, servaient dans la validation du stage. Cette \u00e9volution est tr\u00e8s importante au regard de la logique de l&rsquo;\u00e9valuation car nous sommes pass\u00e9s du contr\u00f4le avec l&rsquo;obligation d&rsquo;\u00e9valuer les analyses de situations<a href=\"#_ftn2\" name=\"_ftnref2\">[2]<\/a> en vue de la validation du stage \u00e0 de l&rsquo;accompagnement pour aider l&rsquo;\u00e9tudiant \u00e0 cheminer afin d&rsquo;adopter une posture r\u00e9flexive.<\/p>\n<p style=\"text-align: justify;\">Le portfolio, outil p\u00e9dagogique propre \u00e0 chaque \u00e9tudiant, a \u00e9t\u00e9 mis en place lors de la r\u00e9forme du programme infirmier en 2009. Il leur permet de s&rsquo;auto-\u00e9valuer, de tracer leur progression \u00e0 partir des acquisitions aussi bien au niveau des comp\u00e9tences que des activit\u00e9s rencontr\u00e9es en stage.<\/p>\n<p style=\"text-align: justify;\">Pour les formateurs, ce programme est un vrai changement dans le sens o\u00f9 \u00ab <em>il ne sera plus construit \u00e0 partir des champs disciplinaires qui sont impliqu\u00e9s, et sera fond\u00e9 sur les comp\u00e9tences \u00e0 acqu\u00e9rir pour exercer la profession d\u2019infirmier. Il s&rsquo;agira de passer d&rsquo;une logique de formation centr\u00e9e sur \u00bb <\/em>les connaissances<em> \u00ab \u00e0 une autre centr\u00e9e sur les situations professionnelles infirmiers<\/em> \u00bb (Proust-Monsaingeon, 2008) par le biais notamment des analyses de situations rencontr\u00e9es en stage qui peuvent \u00eatre \u00e9galement des analyses de pratiques professionnelles, centr\u00e9es sur la pratique des \u00e9tudiants en situation afin de les aider \u00e0 d\u00e9velopper leur r\u00e9flexivit\u00e9 tel que l&rsquo;envisage ce programme infirmier.<\/p>\n<h4 style=\"text-align: justify;\"><strong>2. L<\/strong><strong>e contexte de la<\/strong><strong> formation des cadres de sant\u00e9 et l&rsquo;analyse de pratiques professionnelles<\/strong><\/h4>\n<p style=\"text-align: justify;\">Le dipl\u00f4me de cadre de sant\u00e9 est d\u00e9fini par un d\u00e9cret<a href=\"#_ftn3\" name=\"_ftnref3\">[3]<\/a>, avec la sp\u00e9cificit\u00e9 d\u2019\u00eatre commun \u00e0 toutes les formations param\u00e9dicales ; il int\u00e8gre un module 3 intitul\u00e9 \u00ab\u00a0analyse des pratiques et initiation \u00e0 la recherche\u00a0\u00bb. L&rsquo;analyse des pratiques et de situations de travail apparait donc dans le contenu de la formation des cadres de sant\u00e9. C&rsquo;est m\u00eame indispensable car les formateurs \u00ab\u00a0<em>doivent d\u00e9velopper des comp\u00e9tences sp\u00e9cifiques, notamment en mati\u00e8re de gestion de l&rsquo;alternance et d&rsquo;analyse des situations de travail, afin d&rsquo;aider les \u00e9tudiants \u00e0 g\u00e9rer l&rsquo;\u00e9cart entre le travail prescrit et le travail r\u00e9el <\/em>\u00bb (Siebert, 2003, p. 37).<\/p>\n<p style=\"text-align: justify;\">Les cadres formateurs infirmiers s\u2019inscrivent en parall\u00e8le de leur formation en Institut de formation des cadres de sant\u00e9 (IFCS) dans un cursus universitaire au niveau Licence ou Master 1 ou Master 2 en fonction des IFCS o\u00f9 ils font leurs \u00e9tudes et en fonction des projets p\u00e9dagogiques des IFCS. Cette inscription \u00e0 une formation universitaire n&rsquo;est pas obligatoire dans tous les IFCS mais semble \u00eatre tr\u00e8s b\u00e9n\u00e9fique car le rapprochement avec l&rsquo;universit\u00e9 permet notamment aux formateurs de \u00ab <em>d\u00e9velopper une expertise sp\u00e9cifique et incontestable, fond\u00e9e sur la p\u00e9dagogie, la connaissance et la capacit\u00e9 \u00e0 analyser les situations de travail des professionnels infirmiers <\/em>\u00bb (Siebert, 2003, p. 37) ou \u00e0 se questionner sur leur propre pratique en tant que faisant fonction de cadre de sant\u00e9 et\/ou d&rsquo;infirmier. Mais ces formations universitaires peuvent \u00eatre centr\u00e9es sur divers contenus : sur le management, sur la sant\u00e9 publique, sur les sciences de l&rsquo;\u00e9ducation&#8230; Il y a donc diff\u00e9rentes orientations, diff\u00e9rentes cultures pour les \u00e9tudiants cadres de sant\u00e9 en fonction des IFCS o\u00f9 ils effectuent leur formation et cela peut entrainer des pratiques diverses notamment lors de ces temps d&rsquo;analyses de situations, voire d&rsquo;analyses de pratiques.<\/p>\n<p style=\"text-align: justify;\">Ces derniers, passent tout comme les \u00e9tudiants en IFSI, par un processus de professionnalisation gr\u00e2ce \u00e0 cette formation en alternance entre la formation en IFCS, la formation universitaire et les stages professionnels.<\/p>\n<h4 style=\"text-align: justify;\"><strong>3. Les cadres formateurs, la formation infirmi\u00e8re et l&rsquo;analyse de pratiques<\/strong><\/h4>\n<p style=\"text-align: justify;\">Si l\u2019on compare les deux vis\u00e9es des programmes de 1992<a href=\"#_ftn4\" name=\"_ftnref4\">[4]<\/a> et de 2009, le cadre formateur infirmier passe d\u2019une logique de transmissions de savoirs \u00e0 des \u00e9tudiants plus en lien avec des connaissances \u00e0 faire acqu\u00e9rir, \u00e0 une logique de relations entre les savoirs qui s\u2019appuie sur l\u2019analyse r\u00e9flexive des \u00e9tudiants infirmiers et sur leur accompagnement personnalis\u00e9. Ainsi la posture de l\u2019\u00e9tudiant est amen\u00e9e \u00e0 \u00e9voluer en m\u00eame temps que celle du formateur. Les cadres formateurs infirmiers semblent donc devenir plus des accompagnateurs alors qu\u2019\u00a0\u00ab\u00a0<em>un nombre important d\u2019enseignements est d\u00e9sormais apport\u00e9 par les m\u00e9decins<\/em>\u00a0\u00bb\u00a0(Clavagnier, 2010), notamment pour les UE contributives au m\u00e9tier d&rsquo;infirmier qui correspondent aux champs des sciences humaines (social et droit) et aux sciences biologiques et m\u00e9dicales. Le cadre formateur est invit\u00e9 \u00e0 \u00ab <em>entrer dans une dynamique de travail diff\u00e9rente, \u00e0 se questionner sur sa propre pratique et \u00e0 se former<\/em> \u00bb (Clavagnier, 2010). Tout cela laisse entrevoir \u00ab <em>l&rsquo;\u00e9mergence d&rsquo;une autre identit\u00e9 des infirmi\u00e8res mais aussi des formateurs dans les IFSI<\/em> \u00bb (Kozlowski et Muller, 2008).<\/p>\n<p style=\"text-align: justify;\">Aujourd&rsquo;hui nous nous interrogeons sur la formation aux analyses de pratiques pour les cadres de sant\u00e9 formateurs qui les mettent en place pour les \u00e9tudiants dans les IFSI. Ces cadres de sant\u00e9 sont form\u00e9s dans des IFCS diff\u00e9rents, avec des formations diff\u00e9rentes comme nous l\u2019avons \u00e9voqu\u00e9 pr\u00e9c\u00e9demment et pour autant ils devront harmoniser leurs pratiques pour r\u00e9aliser des s\u00e9quences d&rsquo;analyses de situations voire d&rsquo;analyses de pratiques en stage avec les \u00e9tudiants des IFSI. De plus, il apparait que les cadres de sant\u00e9 formateurs sont peu nombreux \u00e0 se former aujourd&rsquo;hui en formation continue dans les IFSI et \u00ab <em>\u00e0 avoir acc\u00e8s \u00e0 des formations universitaires. Les obstacles sont nombreux : disponibilit\u00e9, co\u00fbt, enseignements propos\u00e9s, volont\u00e9 institutionnelle de promouvoir les formations universitaires..<\/em>. \u00bb (Bouveret, Lima, Michon &amp; Grangeat, 2012).<\/p>\n<p style=\"text-align: justify;\">A ce stade de l&rsquo;analyse du contexte vis \u00e0 vis de l&rsquo;universitarisation du programme infirmier et plus particuli\u00e8rement de la mise en place des dispositifs d&rsquo;analyses de situations voire d&rsquo;analyses de pratiques par les cadres de sant\u00e9 formateur, il nous a paru int\u00e9ressant dans le cadre d&rsquo;un master 2 recherche en sciences de l&rsquo;\u00e9ducation de r\u00e9aliser une enqu\u00eate exploratoire pour recueillir les sensibilit\u00e9s de diff\u00e9rents professionnels quant \u00e0 cette analyse de situations.<\/p>\n<p style=\"text-align: justify;\">Lors de cette enqu\u00eate exploratoire nous avons pu relever des probl\u00e9matiques int\u00e9ressantes telles que la difficult\u00e9 pour les cadres de sant\u00e9 formateurs de se former tout simplement et plus particuli\u00e8rement de se former \u00e0 ces modalit\u00e9s d&rsquo;analyse de situations pour mieux accompagner ces \u00e9tudiants. Quelle posture adopter durant ces temps d&rsquo;analyse ? La difficult\u00e9 \u00e9galement \u00e0 se retrouver pour \u00e9changer autour des pratiques professionnelles des formateurs en analyse de pratiques professionnelles (APP) avec les \u00e9tudiants et proposer des r\u00e9ajustements int\u00e9ressants face aux pratiques divergentes, diff\u00e9rentes des formateurs mises en \u0153uvre au sein d&rsquo;un IFSI, li\u00e9es tr\u00e8s certainement \u00e0 leurs parcours ant\u00e9rieurs, \u00e0 leur formation&#8230; Alors face \u00e0 ces diff\u00e9rentes remarques nous pouvons clairement envisager que notre sujet concernant les cadres formateurs et l&rsquo;APP dans les IFSI est bien en lien avec une question vive, une question d&rsquo;actualit\u00e9 dans les IFSI et nous nous sommes donc centr\u00e9s sur la question de recherche suivante : en quoi l&rsquo;analyse de pratiques questionne la professionnalisation, l&rsquo;identit\u00e9 professionnelle et personnelle ainsi que la posture des cadres de sant\u00e9 formateurs au sein des IFSI ?<\/p>\n<h4 style=\"text-align: justify;\"><strong>4. L&rsquo;approche th\u00e9orique<\/strong><\/h4>\n<p style=\"text-align: justify;\"><strong>L&rsquo;approche psychosociale de l&rsquo;analyse de pratiques<\/strong><\/p>\n<p style=\"text-align: justify;\">L&rsquo;analyse des pratiques professionnelles s&rsquo;int\u00e9resse dans cette approche \u00e0 la dynamique du sujet en tant qu&rsquo;acteur social et plus particuli\u00e8rement \u00e0 sa professionnalisation, qu&rsquo;il s&rsquo;inscrive dans une formation initiale ou continue, approche qui nous am\u00e8ne donc \u00e0 penser l&rsquo;analyse de pratiques comme ayant une \u00ab <em>vis\u00e9e avant tout formative <\/em>\u00bb (Fablet, 2009, p. 8). Cette approche vise particuli\u00e8rement une \u00e9volution de l&rsquo;identit\u00e9 professionnelle des personnes pr\u00e9sentes dans ces s\u00e9ances d&rsquo;analyse de pratiques en groupe, mais aussi un d\u00e9veloppement personnel et professionnel par l&rsquo;am\u00e9lioration des comp\u00e9tences de par le r\u00e9cit que le professionnel apporte au groupe, les interactions pr\u00e9sentes dans le groupe et une meilleure connaissance des contraintes et des enjeux inh\u00e9rents \u00e0 l&rsquo;institution dans laquelle le sujet travaille.<\/p>\n<p style=\"text-align: justify;\">Cette approche psychosociale de l&rsquo;analyse de pratiques semble donc particuli\u00e8rement int\u00e9ressante pour nous par les diff\u00e9rentes dimensions qu&rsquo;elle aborde en lien avec la professionnalisation, avec l&rsquo;\u00e9volution de l&rsquo;identit\u00e9 professionnelle gr\u00e2ce aux interactions et avec la posture attendue pour animer des s\u00e9ances d&rsquo;APP.<\/p>\n<p style=\"text-align: justify;\"><strong>La professionnalisation\u00a0 <\/strong><\/p>\n<p style=\"text-align: justify;\">La professionnalisation peut \u00eatre vue de diff\u00e9rentes fa\u00e7ons en fonction des approches que nous pouvons convoquer, notamment par rapport \u00e0 notre question de recherche en lien avec l&rsquo;analyse de pratiques. En effet, dans l&rsquo;approche clinique, la professionnalisation se fait par la prise de conscience du professionnel de \u00ab <em>sa propre strat\u00e9gie d&rsquo;action <\/em>\u00bb et par \u00ab <em>l&rsquo;\u00e9lucidation de ses implications personnelles dans les interactions <\/em>\u00bb (Marcel, Olry, Rothier-Bautzer &amp; Sonntag, 2002). Lorsque les professionnels ou les \u00e9tudiants, par le biais de la formation, r\u00e9alisent des analyses de pratiques, ce qui est attendu c&rsquo;est un questionnement sur leur propre fa\u00e7on de faire, sur leurs comportements, sur leurs postures pour favoriser la construction identitaire et avant tout sur les pratiques et attitudes professionnelles qui permettront au professionnel ou \u00e0 l&rsquo;\u00e9tudiant de se professionnaliser.<\/p>\n<p style=\"text-align: justify;\"><strong>L&rsquo;identit\u00e9 et l&rsquo;identit\u00e9 sociale et professionnelle<\/strong><\/p>\n<p style=\"text-align: justify;\">Le concept d&rsquo;identit\u00e9 est dynamique, relatif \u00e0 une certaine singularit\u00e9 li\u00e9e \u00e0 la personne elle-m\u00eame int\u00e9grant la conscience de soi et l\u2019identit\u00e9 \u00e9volue dans le temps au gr\u00e9 de toutes les rencontres personnelles et professionnelles. Elle est impr\u00e9gn\u00e9e de la culture d&rsquo;une communaut\u00e9 car, l\u2019individu lui-m\u00eame se construit \u00e0 partir de l&rsquo;image que les autres lui renvoient et de l&rsquo;image qu&rsquo;il se construit personnellement en se comparant aux autres, \u00e0 ceux qui pour lui repr\u00e9sentent un mod\u00e8le. L&rsquo;approche psychologique de l&rsquo;identit\u00e9 s\u2019efforce de mettre en lien le social avec la construction identitaire. Nous sommes donc plus particuli\u00e8rement dans une approche psychosociale.<\/p>\n<p style=\"text-align: justify;\">Les formateurs animent ces analyses de pratiques \u00e0 partir de ce qu&rsquo;ils sont, de ce qui les porte professionnellement et \u00e0 partir de ce qu&rsquo;ils ont construit en groupe, notamment \u00e0 travers toutes les interactions. Lipiansky (2008, p. 43) rejoint les propos de George Mead, pr\u00e9curseur de l&rsquo;orientation psychosociale, par rapport \u00e0 l&rsquo;identit\u00e9 en pr\u00e9cisant que <em>\u00ab le soi est essentiellement une structure sociale qui na\u00eet des interactions quotidiennes : il se d\u00e9veloppe chez un individu donn\u00e9 comme r\u00e9sultat des relations que ce dernier soutient avec la totalit\u00e9 des processus sociaux\u00bb<\/em>.<\/p>\n<p style=\"text-align: justify;\">L&rsquo;identit\u00e9 professionnelle se construit au cours de toutes nos exp\u00e9riences professionnelles, par le biais de nos diff\u00e9rentes rencontres, ce qui pourrait venir \u00e9clairer notre question en lien avec les diff\u00e9rentes approches des formateurs lors de ces temps d&rsquo;analyses de pratiques. Cette identit\u00e9 professionnelle ou plut\u00f4t \u00ab <em>identit\u00e9 collective au travail <\/em>\u00bb pour Sainsaulieu (2014, p. 575) repose aussi sur les \u00e9changes et c&rsquo;est effectivement ce qui nous int\u00e9resse particuli\u00e8rement dans notre recherche sur l&rsquo;analyse de pratiques. L\u2019identit\u00e9 collective peut donc s&rsquo;exprimer durant les diff\u00e9rents temps de r\u00e9flexion entre les \u00e9tudiants lors des s\u00e9quences d&rsquo;APP ainsi que dans les temps de pr\u00e9paration de ces s\u00e9quences entre les formateurs.<\/p>\n<p style=\"text-align: justify;\">Enfin, pour Sainsaulieu, l&rsquo;identit\u00e9 collective, repose sur trois \u00e9l\u00e9ments culturels : l&rsquo;adh\u00e9sion aux valeurs, les normes et les repr\u00e9sentations. Cela nous renvoie donc aux dispositifs que les cadres formateurs utilisent en formation initiale, dans les temps d&rsquo;analyses de pratiques o\u00f9 circulent, durant la s\u00e9ance, ces \u00e9l\u00e9ments culturels (normes, valeurs professionnelles, culture&#8230;) dont nous parlent Sainsaulieu (2014) mais aussi Baeriswyl (2012). C&rsquo;est gr\u00e2ce notamment \u00e0 tous ces \u00e9l\u00e9ments culturels que le professionnel ou le futur professionnel va pouvoir se construire, se professionnaliser et d\u00e9velopper son identit\u00e9 professionnelle.<\/p>\n<p style=\"text-align: justify;\"><strong>L&rsquo;analyse de pratiques, l&rsquo;identit\u00e9 et la professionnalisation<\/strong><\/p>\n<p style=\"text-align: justify;\">L&rsquo;analyse de pratiques semble indispensable aujourd&rsquo;hui notamment dans le milieu de la formation qui nous int\u00e9resse de pr\u00e8s car elle permet d&rsquo;accompagner en profondeur la transformation du travail. En formation initiale, ce qui est vis\u00e9 par le biais des dispositifs d&rsquo;analyse de pratiques, c&rsquo;est la construction d&rsquo;une identit\u00e9 professionnelle alors que dans les formations continues le professionnel a d\u00e9j\u00e0 une identit\u00e9 professionnelle, qui va \u00e9voluer. Nous pouvons faire r\u00e9f\u00e9rence \u00e0 ce niveau aux cadres formateurs qui pourraient se former au sein de leur institution ou par le biais des s\u00e9quences d&rsquo;analyse de pratiques entre eux. Aussi nous parlerons <em>de \u00ab d\u00e9 \u00bb ou de \u00ab trans-formation \u00bb de la \u00ab<\/em> <em>personnalit\u00e9 professionnelle \u00bb \u00bb<\/em> (Fablet, 2009, p. 38) en fonction des situations.<\/p>\n<p style=\"text-align: justify;\">Nous pouvons dire que <em>\u00ab\u00a0<\/em><em>d<\/em><em>ans tous les cas, le processus de formation professionnelle apparait impliqu\u00e9 dans la constitution des identit\u00e9s individuelle<\/em><em>s<\/em><em> et collectives<\/em><em>\u00a0<\/em>\u00bb (Vasconcellos, 2008, p. 158), notamment dans le cas de formation par alternance, comme celle de la formation des infirmiers ou des cadres de sant\u00e9, o\u00f9 l&rsquo;alternance est v\u00e9cue d&rsquo;abord comme une transition professionnelle puis identitaire. Enfin, cela permet au professionnel ou futur professionnel d&rsquo;acqu\u00e9rir les \u00e9l\u00e9ments, attitudes, qualit\u00e9s, capacit\u00e9s et comp\u00e9tences qui sont propres \u00e0 un m\u00e9tier.<\/p>\n<p style=\"text-align: justify;\">Dans une approche plus psychosociologique, l&rsquo;analyse de pratiques est un espace qui semble indispensable pour r\u00e9fl\u00e9chir sur son identit\u00e9 professionnelle. En effet, d&rsquo;apr\u00e8s Bardeau-Br\u00e9dillot (2011, p. 60), l&rsquo;analyse de pratiques permet de \u00ab <em>mettre au travail son \u00e9coute et co-construire du sens en groupe de pairs <\/em>\u00bb en \u00e9tant guid\u00e9 par un animateur\u00a0; mais elle favorise aussi la r\u00e9flexivit\u00e9 sur son activit\u00e9 professionnelle et permet ainsi aux personnes de se d\u00e9velopper professionnellement, gr\u00e2ce \u00e0 cette d\u00e9marche particuli\u00e8re.<\/p>\n<p style=\"text-align: justify;\">Par ailleurs, ce dispositif d&rsquo;analyses de pratiques interroge \u00e9galement le formateur notamment dans son \u00ab <em>implication professionnelle et personnelle dans le processus de construction des identit\u00e9s professionnelles des stagiaires \u00bb<\/em> (Kaddouri, 2008, p. 184), mais pas seulement, car il le questionne aussi dans sa posture professionnelle.<\/p>\n<p style=\"text-align: justify;\"><strong>La posture du formateur et l&rsquo;\u00e9valuation<\/strong><\/p>\n<p style=\"text-align: justify;\">Lors de ces temps d&rsquo;analyses de pratiques, la posture du formateur peut s&rsquo;inscrire dans de l&rsquo;accompagnement pour essayer d&rsquo;amener l&rsquo;\u00e9tudiant \u00e0 cheminer lors des temps d&rsquo;APP. Toutefois, nous pensons que pour un formateur issu de la profession infirmi\u00e8re pour lequel \u00ab la <em>logique de l&rsquo;\u00e9valuation contr\u00f4le<\/em> \u00bb (Vial, 2009, p. 67) est tr\u00e8s pr\u00e9gnante de par la qualit\u00e9 attendue en termes de soins, il est compliqu\u00e9 pour lui d&rsquo;\u00eatre dans une posture d&rsquo;accompagnateur. Pour autant, c&rsquo;est bien ainsi que nous envisageons de mener les APP. D&rsquo;apr\u00e8s Chocat (2013), <em>\u00ab le formateur prend progressivement une nouvelle place au sein du dispositif de formation. Il devient penseur de formation, un accompagnateur du sens se faisant. Il cr\u00e9e le fil conducteur sur lequel se construit le futur professionnel \u00bb<\/em>.<\/p>\n<p style=\"text-align: justify;\">L&rsquo;\u00e9valuation telle qu&rsquo;elle a \u00e9t\u00e9 envisag\u00e9e par Michel Vial permet en formation d&rsquo;aborder deux \u00e9l\u00e9ments importants\u00a0: \u00a0v\u00e9rifier une conformit\u00e9 face \u00e0 un r\u00e9f\u00e9rentiel de formation par exemple et \u00e9voluer, se d\u00e9velopper professionnellement et personnellement tout en respectant une certaine culture du soin, une norme de qualit\u00e9. Nous comprenons donc, au fur et \u00e0 mesure que nous avan\u00e7ons dans notre probl\u00e9matique th\u00e9orique, ce qui peut se jouer pour les cadres formateurs infirmiers pour lesquels il est compliqu\u00e9, m\u00eame s&rsquo;ils reconnaissent qu&rsquo;il ne faut pas \u00eatre dans une logique d&rsquo;\u00e9valuation en lien avec le contr\u00f4le, de s&rsquo;en \u00e9carter durant ces temps d&rsquo;APP car cela est culturellement et professionnellement inscrit dans la profession infirmi\u00e8re. Deux logiques s&rsquo;entrecroisent donc de fait de par la formation initiale des formateurs\u00a0: celle de l&rsquo;\u00e9valuation contr\u00f4le et celle de la \u00ab <em>logique du reste<\/em> \u00bb (Vial, 2009, p. 69) avec l&rsquo;\u00e9valuation formative puis formatrice et l&rsquo;accompagnement qui va conduire \u00e0 une dynamique de changement, d&rsquo;\u00e9volution, de professionnalisation par le biais de ces temps d&rsquo;APP.<\/p>\n<h4 style=\"text-align: justify;\"><strong>5. Les r\u00e9sultats de notre recherche<\/strong><\/h4>\n<p style=\"text-align: justify;\">Notre recherche est en lien avec le champ psychosocial et plus particuli\u00e8rement les repr\u00e9sentations sociales, puisque nous nous sommes orient\u00e9s vers cet angle de vue d\u00e8s notre enqu\u00eate exploratoire et lors de l&rsquo;\u00e9tude de la revue de litt\u00e9rature \u00e0 travers les diff\u00e9rents concepts. Nous avons questionn\u00e9 huit cadres de sant\u00e9 formateurs infirmiers de la r\u00e9gion Occitanie\/ Pyr\u00e9n\u00e9es-M\u00e9diterran\u00e9e, ayant au moins trois ans d&rsquo;exp\u00e9rience professionnelle dans la formation, pour mieux cerner qu&rsquo;elles \u00e9taient leurs repr\u00e9sentations sociales de l&rsquo;analyse de pratiques et plus particuli\u00e8rement appr\u00e9cier si ce dispositif avait des effets sur la professionnalisation, sur l&rsquo;identit\u00e9 et la posture du formateur.<\/p>\n<p style=\"text-align: justify;\">Nous avons pu constater de mani\u00e8re g\u00e9n\u00e9rale, que l\u2019APP permet aux cadres de sant\u00e9 qui participent \u00e0 ces dispositifs de se construire \u00e0 partir des pratiques des professionnels ou des situations expos\u00e9es. Elle les am\u00e8ne \u00e0 cette r\u00e9flexivit\u00e9 et \u00e0 devenir des experts capables de se questionner. Elle joue donc un r\u00f4le dans l&rsquo;\u00e9volution professionnelle et personnelle des acteurs engag\u00e9s dans ces d\u00e9marches.<\/p>\n<p style=\"text-align: justify;\">Nous avons mis en \u00e9vidence \u00e9galement, que m\u00eame s&rsquo;il existe des projets p\u00e9dagogiques dans les IFSI qui pr\u00f4nent une orientation particuli\u00e8re en termes d&rsquo;analyse de pratiques, pour autant en fonction de l&rsquo;histoire du cadre de sant\u00e9 formateur, de ses habitudes, de ses diff\u00e9rentes exp\u00e9riences, de ses orientations&#8230; sa mani\u00e8re d&rsquo;animer les s\u00e9quences d&rsquo;analyse de pratiques sera diff\u00e9rente. Nous faisons donc bien r\u00e9f\u00e9rence au concept d&rsquo;identit\u00e9 et \u00e9galement au concept d&rsquo;identit\u00e9 professionnelle. De plus, vu que l&rsquo;analyse de pratiques joue un r\u00f4le dans l&rsquo;\u00e9volution professionnelle et personnelle de l&rsquo;\u00e9tudiant mais aussi du formateur, elle influence donc bien l&rsquo;identit\u00e9 et l&rsquo;identit\u00e9 professionnelle de la personne engag\u00e9e dans ces dispositifs.<\/p>\n<p style=\"text-align: justify;\">Nous avons pu mettre en \u00e9vidence par le biais des repr\u00e9sentations sociales des cadres de sant\u00e9 formateurs que l&rsquo;analyse de pratiques influen\u00e7ait la professionnalisation, et cela \u00e0 plusieurs niveaux \u00e0 savoir la professionnalisation des acteurs et des activit\u00e9s comme nous avons pu l&rsquo;\u00e9voquer pr\u00e9c\u00e9demment puisqu&rsquo;elle influence l&rsquo;\u00e9volution des personnes engag\u00e9es dans ces dispositifs dans le sens ou ils peuvent acqu\u00e9rir de nouvelles comp\u00e9tences professionnelles.<\/p>\n<p style=\"text-align: justify;\">Ainsi, dans les repr\u00e9sentations sociales des formateurs, nous retrouvons un lien fort entre l&rsquo;analyse des pratiques, la professionnalisation et l\u2019identit\u00e9 ; de plus, pour la majorit\u00e9 d&rsquo;entre eux, sept sur huit, le concept d&rsquo;identit\u00e9 mais aussi d&rsquo;identit\u00e9 professionnelle et\/ou collective telle qu&rsquo;elle a \u00e9t\u00e9 envisag\u00e9e par Sainsaulieu (2014) est bien pr\u00e9sent.<\/p>\n<p style=\"text-align: justify;\">Enfin, les formateurs abordent la notion de posture dans l&rsquo;analyse de pratiques dans le sens o\u00f9 elle doit relever de l\u2019accompagnement ; pour autant il semblerait qu&rsquo;il soit difficile pour certains formateurs de se d\u00e9tacher de l&rsquo;\u00e9valuation. Serait-ce en relation avec le fait que nous sommes dans une formation initiale o\u00f9 le lien avec la qualit\u00e9 des soins est tr\u00e8s pr\u00e9sent ? Nous n&rsquo;avons pas pu aller plus loin \u00e0 ce stade de la recherche.<\/p>\n<p style=\"text-align: justify;\">Au terme de cette recherche, nous avons r\u00e9ussi \u00e0 mieux cerner les repr\u00e9sentations sociales des formateurs vis-\u00e0-vis de l&rsquo;APP et nous avons constat\u00e9 qu&rsquo;elles se structurent autour d&rsquo;un noyau central comprenant des th\u00e9matiques telles que la professionnalisation, la r\u00e9flexivit\u00e9, la prise de recul, le stage, ce qui est en accord avec notre probl\u00e9matique th\u00e9orique. De plus, nous avons per\u00e7u tout au long de ce travail de recherche plusieurs ouvertures notamment sur l&rsquo;int\u00e9r\u00eat de mettre en place la formation continue pour les cadres formateurs infirmiers afin qu&rsquo;ils puissent participer eux-m\u00eames \u00e0 des dispositifs d&rsquo;analyse de pratiques et \u00e9voluer dans leurs pratiques. Mais nous avons aussi relev\u00e9 dans les r\u00e9sultats de l&rsquo;enqu\u00eate une certaine singularit\u00e9 chez les cadres formateurs infirmiers, pr\u00e9sente lors de ces temps d&rsquo;analyses de pratiques, singularit\u00e9 qui semble \u00eatre en lien avec le parcours, la formation, l&rsquo;exp\u00e9rience personnelle et professionnelle de chacun ; pour autant, celle-ci n&rsquo;est pas r\u00e9ellement \u00e9voqu\u00e9e comme \u00e9l\u00e9ment d\u00e9terminant. Cela nous semble \u00eatre une piste \u00e0 explorer pour la suite de ce travail de recherche. Est-ce cela que nous avions per\u00e7u d\u00e8s notre question de d\u00e9part qui fait que dans les IFSI les pratiques sont diff\u00e9rentes ?<\/p>\n<p style=\"text-align: justify;\">Est-ce la formation en IFCS et \u00e0 l\u2019Universit\u00e9 qui leur a apport\u00e9 des r\u00e9f\u00e9rences diverses les influen\u00e7ant dans leur mani\u00e8re d&rsquo;animer et d&rsquo;accompagner lors des temps d&rsquo;APP ? Est-ce l&rsquo;institution dans laquelle ils exercent qui les influence par le choix d&rsquo;une orientation particuli\u00e8re pour l&rsquo;analyse de pratiques\u00a0?<\/p>\n<h4><strong>6. Conclusion<\/strong><\/h4>\n<p>Ce travail de recherche est une r\u00e9flexion personnelle, construite autour de nos exp\u00e9riences de cadres de sant\u00e9 formateurs, m\u00eame si aujourd&rsquo;hui notre fonction au niveau professionnel nous permet de prendre davantage de distance et d&rsquo;\u00eatre plus objectifs quant \u00e0 ces diff\u00e9rentes pratiques que nous avons pu observer notamment lors de s\u00e9quences d&rsquo;analyses de pratiques professionnelles. Ce travail de recherche nous a permis \u00e9galement d&rsquo;aborder diff\u00e9rents concepts qui sont tr\u00e8s li\u00e9s \u00e0 l&rsquo;APP et de nous positionner dans une approche psychosociale au regard des divers entretiens que nous avons pu mener. Au final, cette recherche nous a permis d&rsquo;aboutir \u00e0 quelques r\u00e9flexions qui m\u00e9riteraient d&rsquo;\u00eatre approfondies et en particulier \u00e0 cette question de la singularit\u00e9 du formateur qui de fait entraine des pratiques diff\u00e9rentes lors de ces s\u00e9quences aupr\u00e8s des \u00e9tudiants infirmiers.<\/p>\n<h4><strong>R\u00e9f\u00e9rences bibliographiques<\/strong><\/h4>\n<p>Baeriswyl, C. (2012). <em>L&rsquo;analyse de pratique, une opportunit\u00e9 de transmettre. <\/em>Communication pr\u00e9sent\u00e9e \u00e0 la Biennale internationale de l&rsquo;\u00e9ducation, de la formation et des pratiques professionnelles. En ligne <a href=\"https:\/\/www.sidiief.org\/wp-content\/uploads\/Baeriswyl-Analyse-Pratique-Opportunite-Transmettre.pdf\">https:\/\/www.sidiief.org\/wp-content\/uploads\/Baeriswyl-Analyse-Pratique-Opportunite-Transmettre.pdf<\/a>.<\/p>\n<p>Barbeau-Br\u00e9dillot, M. (2011). L&rsquo;analyse de la pratique comme espace de socialisation professionnelle et de reconnaissance identitaire par ses pairs ? In J. Chamy &amp; D. Fablet (coord.), <em>Professionnels de sant\u00e9 et analyse des pratiques<\/em> (pp. 59-73). Paris : l&rsquo;Harmattan.<\/p>\n<p>Bouveret, A., Grangeat, M., Lima, L. &amp; Michon, M. (2012). Au c\u0153ur de la r\u00e9forme des \u00e9tudes en soins infirmiers : enqu\u00eate aupr\u00e8s des enseignants formateurs en IFSI. <em>ARSI, N\u00b0 108<\/em>, 95-105. doi : 10.3917\/rsi.108.0095.<\/p>\n<p>Chocat, J. (2013). Du r\u00e9f\u00e9rentiel de formation en soins infirmiers au dispositif d&rsquo;analyse de pratiques professionnelles. Quel parcours \u00e0 explorer ? In <em>Revue de l\u2019analyse de pratiques professionnelles<\/em>, n\u00b01, 14-33. En ligne <a href=\"http:\/\/www.analysedepratique.org\/?p=343\">http:\/\/www.analysedepratique.org\/?p=343<\/a>.<\/p>\n<p>Clavagnier, I. (2010). La formation initiale en soins infirmiers, un an apr\u00e8s. <em>Info c\u00e9fiec, 22<\/em>, 9.<\/p>\n<p>Fablet, D. (2009). <em>Animer des groupes d&rsquo;analyse des pratiques. Pour une clinique des institutions sociales et \u00e9ducatives<\/em>. Paris : l&rsquo;Harmattan.<\/p>\n<p>Kaddouri, M. (2008). Les formations en alternance entre transition, socialisation et constructions identitaires. In M. Kaddouri, C. Lespessailles, M. Maillebouis &amp; M. Vasconcellos (eds.), <em>La question identitaire dans le travail et la formation<\/em> (pp. 173-191). Paris : l&rsquo;Harmattan.<\/p>\n<p>Kozlowski, J., &amp; Muller. (2008). Le r\u00e9f\u00e9rentiel de formation infirmi\u00e8re, une \u00e9volution n\u00e9cessaire. <em>Soins cadres, suppl\u00e9ment au n\u00b068<\/em>, S6-S8.<\/p>\n<p>L\u00e9gifrance. (2016). Arr\u00eat\u00e9 du 31 Juillet 2009 relatif au dipl\u00f4me d&rsquo;Etat d&rsquo;infirmier. En ligne <a href=\"https:\/\/www.legifrance.gouv.fr\/affichTexte.do?cidTexte=JORFTEXT000020961044\">https:\/\/www.legifrance.gouv.fr\/affichTexte.do?cidTexte=JORFTEXT000020961044<\/a>.<\/p>\n<p>Lipiansky, E.M. (2008). L&rsquo;identit\u00e9 en psychologie. In M. Kaddouri, C. Lespessailles, M. Maillebouis &amp; M. Vasconcellos (eds.), <em>La question identitaire dans le travail et la formation<\/em> (pp. 35-49). Paris : l&rsquo;Harmattan.<\/p>\n<p>Marcel, J.F., Olry, P., Rothier-Bautzer., &amp; Sonntag, M. (2002). Note de synth\u00e8se. Les pratiques comme objet d&rsquo;analyse. <em>Revue fran\u00e7aise de p\u00e9dagogie, volume 138<\/em>, 135-170. doi : 10.3406\/rpf.2002.2872.<\/p>\n<p>No\u00ebl-Hureaux, E. (2005). Quelles perspectives pour les formateurs en soins infirmiers ? <em>Education permanente, 165<\/em>,188-200.<\/p>\n<p>Proust-Monsaingeon, D. (2008). Quel accompagnement au changement de p\u00e9dagogie pour les \u00e9quipes des IFSI. <em>Soins cadres, suppl\u00e9ment au n\u00b068<\/em>, S15-S19.<\/p>\n<p>Rivier, D. (2017). <em>L\u2019analyse des pratiques professionnelles en institut de formation en soins infirmiers. Expression de la singularit\u00e9 des cadres de sant\u00e9 formateurs.<\/em> Paris\u00a0: L\u2019harmattan, Logiques sociales.<\/p>\n<p>Sainsaulieu, R. (2014). <em>L&rsquo;identit\u00e9 au travail<\/em>. (4\u00e8me \u00e9d. augment\u00e9e).\u00a0 Presses de la Fondation Nationale des sciences politiques.<\/p>\n<p>Sieber, C. (2003). L&rsquo;\u00e9volution du r\u00f4le de formateur. In A. Goudeaux, N. Loraux &amp; C. Sliwka (dir.), <em>Formateurs et formation professionnelle<\/em> (pp. 19-42). Rueil-Malmaison : Lamarre.<\/p>\n<p>Vasconcellos, M. (2008). Identit\u00e9,professionnalisation et formation. In M. Kaddouri, C. Lespessailles, M. Maillebouis &amp; M. Vasconcellos (eds.), <em>La question identitaire dans le travail et la formation<\/em> (pp. 149-172). Paris : l&rsquo;Harmattan.<\/p>\n<p>Vial, M. (2009). <em>Se former pour \u00e9valuer. Se donner une probl\u00e9matique et \u00e9laborer des concepts.<\/em> (2\u00e8me \u00e9d.). Bruxelles : De Boeck.<\/p>\n<p>Weber, M.T. (2009). Historique de la formation infirmi\u00e8re. <em>Soins, 733<\/em>, 3-4.<\/p>\n<p>&nbsp;<\/p>\n<a href=\"#\" class=\"shortcode button  \" style=\"background-color: silver;\" target=\"\" onclick=\"\"> Haut de page<\/a><b><\/b><\/p>\n<p>&nbsp;<\/p>\n<h4><strong>Notes<\/strong><\/h4>\n<p>&nbsp;<\/p>\n<p><a href=\"#_ftnref1\" name=\"_ftn1\">[1]<\/a> \u00a0Arr\u00eat\u00e9 du 31 juillet 2009 relatif au dipl\u00f4me d&rsquo;Etat d&rsquo;infirmiers.<\/p>\n<p><a href=\"#_ftnref2\" name=\"_ftn2\">[2]<\/a>\u00a0Les termes \u00ab\u00a0analyse de situations\u00a0\u00bb renvoient aux mots \u00e9crits dans le r\u00e9f\u00e9rentiel (analyse de situations et\/ou d&rsquo;activit\u00e9s).<\/p>\n<p><a href=\"#_ftnref3\" name=\"_ftn3\">[3]<\/a> D\u00e9cret n\u00b095-926 du 18 ao\u00fbt 1995 portant cr\u00e9ation d&rsquo;un dipl\u00f4me de cadre de sant\u00e9<\/p>\n<p><a href=\"#_ftnref4\" name=\"_ftn4\">[4]<\/a> Arr\u00eat\u00e9 du 23 Mars 1992 relatif au programme des \u00e9tudes conduisant au dipl\u00f4me d&rsquo;Etat d&rsquo;infirmier<\/p>\n<p>&nbsp;<\/p>\n<p><a href=\"#_ftnref1\" name=\"_ftn1\"><\/a><\/p>\n<div id=\"themify_builder_content-2753\" data-postid=\"2753\" class=\"themify_builder_content themify_builder_content-2753 themify_builder themify_builder_front\">\n\n\t<\/div>\n<!-- \/themify_builder_content -->","protected":false},"excerpt":{"rendered":"<p>&nbsp; Delphine Rivier Cadre de sant\u00e9 formateur, IFSI rivier_delphine[arobase]yahoo.fr Jean-Louis Boutte Ma\u00eetre de conf\u00e9rences en Sciences de l\u2019Education, Aix-Marseille Universit\u00e9 jean-louis.boutte[arobase]univ-amu.fr\u00a0 R\u00e9sum\u00e9 La mise en place des s\u00e9quences d&rsquo;analyse de situations et\/ou d&rsquo;activit\u00e9s professionnelles par les cadres de sant\u00e9 formateurs semble complexe de par des approches diff\u00e9rentes, ce qui entra\u00eene des difficult\u00e9s d&rsquo;harmonisation dans les [&hellip;]<\/p>\n","protected":false},"author":2,"featured_media":0,"comment_status":"open","ping_status":"open","sticky":false,"template":"","format":"standard","meta":{"_jetpack_newsletter_access":"","_jetpack_dont_email_post_to_subs":false,"_jetpack_newsletter_tier_id":0,"_jetpack_memberships_contains_paywalled_content":false,"_jetpack_memberships_contains_paid_content":false,"footnotes":""},"categories":[324,325,13],"tags":[342,343,26,344,59],"class_list":["post-2753","post","type-post","status-publish","format-standard","hentry","category-delphine-rivier","category-jean-louis-boutte","category-4travail","tag-cadres-de-sante","tag-etudiants-infirmiers","tag-formation","tag-identite-professionnelle","tag-professionnalisation","has-post-title","no-post-date","has-post-category","has-post-tag","has-post-comment","has-post-author"],"jetpack_featured_media_url":"","jetpack_shortlink":"https:\/\/wp.me\/p3VXfJ-Ip","jetpack_sharing_enabled":true,"_links":{"self":[{"href":"https:\/\/www.analysedepratique.org\/index.php?rest_route=\/wp\/v2\/posts\/2753","targetHints":{"allow":["GET"]}}],"collection":[{"href":"https:\/\/www.analysedepratique.org\/index.php?rest_route=\/wp\/v2\/posts"}],"about":[{"href":"https:\/\/www.analysedepratique.org\/index.php?rest_route=\/wp\/v2\/types\/post"}],"author":[{"embeddable":true,"href":"https:\/\/www.analysedepratique.org\/index.php?rest_route=\/wp\/v2\/users\/2"}],"replies":[{"embeddable":true,"href":"https:\/\/www.analysedepratique.org\/index.php?rest_route=%2Fwp%2Fv2%2Fcomments&post=2753"}],"version-history":[{"count":13,"href":"https:\/\/www.analysedepratique.org\/index.php?rest_route=\/wp\/v2\/posts\/2753\/revisions"}],"predecessor-version":[{"id":4977,"href":"https:\/\/www.analysedepratique.org\/index.php?rest_route=\/wp\/v2\/posts\/2753\/revisions\/4977"}],"wp:attachment":[{"href":"https:\/\/www.analysedepratique.org\/index.php?rest_route=%2Fwp%2Fv2%2Fmedia&parent=2753"}],"wp:term":[{"taxonomy":"category","embeddable":true,"href":"https:\/\/www.analysedepratique.org\/index.php?rest_route=%2Fwp%2Fv2%2Fcategories&post=2753"},{"taxonomy":"post_tag","embeddable":true,"href":"https:\/\/www.analysedepratique.org\/index.php?rest_route=%2Fwp%2Fv2%2Ftags&post=2753"}],"curies":[{"name":"wp","href":"https:\/\/api.w.org\/{rel}","templated":true}]}}