{"id":2461,"date":"2017-04-22T11:17:44","date_gmt":"2017-04-22T10:17:44","guid":{"rendered":"http:\/\/www.analysedepratique.org\/?p=2461"},"modified":"2017-05-11T17:29:18","modified_gmt":"2017-05-11T16:29:18","slug":"numero-10-mai-2017","status":"publish","type":"post","link":"https:\/\/www.analysedepratique.org\/?p=2461","title":{"rendered":"Num\u00e9ro 10 &#8211; mai 2017"},"content":{"rendered":"<p>&nbsp;<\/p>\n<h3><strong><em>Mettre en place et d\u00e9marrer un groupe d\u2019analyse de pratiques professionnelles<\/em><\/strong><\/h3>\n<p>&nbsp;<\/p>\n<h5><a href=\"http:\/\/www.analysedepratique.org\/?p=2429\">Editorial<\/a><\/h5>\n<h5><a href=\"http:\/\/www.analysedepratique.org\/?p=2417\">Sommaire avec les r\u00e9sum\u00e9s des articles<\/a><\/h5>\n<h5><a href=\"http:\/\/www.analysedepratique.org\/?p=2421\">Tableaux de cat\u00e9gorisation des articles<\/a><\/h5>\n<h5><a href=\"http:\/\/www.analysedepratique.org\/?p=2423\">Liste de mots cl\u00e9s<\/a><\/h5>\n<h5><strong><br \/>\nMettre en place et d\u00e9marrer un groupe d\u2019APP : mises en perspective<\/strong><\/h5>\n<p><a href=\"http:\/\/www.analysedepratique.org\/?p=2427\"><br \/>\nMarc Thi\u00e9baud, Jean Chocat, Patrick Robo et Yann Vacher<\/a><br \/>\n<em>Mettre en place et d\u00e9marrer un groupe d\u2019APP : une probl\u00e9matique complexe <\/em><br \/>\n<em>avec de multiples facettes et processus en interaction<\/em><\/p>\n<p><a href=\"http:\/\/www.analysedepratique.org\/?p=2431\">Marc Thi\u00e9baud<\/a><br \/>\n<em>Mettre en place un groupe d&rsquo;analyse de pratiques qui fasse sens et inspire confiance. <\/em><br \/>\n<em>Quels d\u00e9fis ? Quels rep\u00e8res ? Quels chemins ?<\/em><\/p>\n<p><a href=\"http:\/\/www.analysedepratique.org\/?p=2433\">Patrick Robo<\/a><br \/>\n<em>Vers un m\u00e9mento pour mettre en place et d\u00e9marrer un groupe d\u2019APP\u2026<\/em><\/p>\n<h5><strong><br \/>\nDe la mise en place au d\u00e9marrage d\u2019un groupe d\u2019APP : t\u00e9moignages<\/strong><\/h5>\n<p><a href=\"http:\/\/www.analysedepratique.org\/?p=2435\"><br \/>\nC\u00e9line Calmejane-Gauzins<\/a><br \/>\n<em>Premiers pas dans la mise en place d\u2019une analyse de pratiques<\/em><\/p>\n<p><a href=\"http:\/\/www.analysedepratique.org\/?p=2438\">Nancy Lauzon<\/a><br \/>\n<em>Obstacles et strat\u00e9gies relatives \u00e0 la mise en place de l\u2019analyse <\/em><br \/>\n<em>de pratiques professionnelles en contexte universitaire<\/em><\/p>\n<p><a href=\"http:\/\/www.analysedepratique.org\/?p=2440\">St\u00e9phanie Mauduit<\/a><br \/>\n<em>Retour d\u2019exp\u00e9rience de mise en place d\u2019un dispositif APP <\/em><br \/>\n<em>en sant\u00e9 mentale destin\u00e9 aux stagiaires infirmiers<\/em><\/p>\n<p><a href=\"http:\/\/www.analysedepratique.org\/?p=2442\">Isabelle Gentilhomme<\/a><br \/>\n<em>Mise en place d\u2019un dispositif d\u2019APP aupr\u00e8s d\u2019infirmi\u00e8res <\/em><br \/>\n<em>pu\u00e9ricultrices de Protection Maternelle et Infantile<\/em><\/p>\n<p><a href=\"http:\/\/www.analysedepratique.org\/?p=2446\">Catherine Bourdet<\/a><br \/>\n<em>Glissement de l&rsquo;\u00e9change de pratiques vers l&rsquo;analyse de pratiques professionnelles :<br \/>\nl&rsquo;exp\u00e9rience du groupe des conseill\u00e8res VAE de \u00ab R\u00e9univa 4 \u00bb<\/em><\/p>\n<h5><strong><br \/>\nPremi\u00e8res s\u00e9ances d\u2019APP : d\u00e9fis et d\u00e9marches pour favoriser le d\u00e9marrage<\/strong><\/h5>\n<p><a href=\"http:\/\/www.analysedepratique.org\/?p=2448\"><br \/>\nFr\u00e9d\u00e9rique Rebetez<\/a><br \/>\n<em>D\u00e9marrer de l\u2019APP dans une formation continue : le d\u00e9fi du climat <\/em><br \/>\n<em>de s\u00e9curit\u00e9 psychologique et du d\u00e9veloppement du savoir-analyser<\/em><\/p>\n<p><a href=\"http:\/\/www.analysedepratique.org\/?p=2450\">Nicole Clerc et Delphine Roche<\/a><br \/>\n<em>Les atouts et les limites de la ritualisation dans la mise en place <\/em><br \/>\n<em>d\u2019un dispositif d\u2019analyse de pratiques professionnelles<\/em><\/p>\n<p><a href=\"http:\/\/www.analysedepratique.org\/?p=2452\">Suzanne Guillemette<\/a><br \/>\n<em>Modalit\u00e9s pour le d\u00e9marrage d\u2019une d\u00e9marche d\u2019analyse <\/em><br \/>\n<em>de pratique et de r\u00e9flexivit\u00e9 selon une perspective de bienveillance<\/em><\/p>\n<h5><strong><br \/>\nD\u00e9velopper l\u2019APP \u00e0 l\u2019interne d\u2019une organisation :\u00a0enjeux et processus sp\u00e9cifiques<\/strong><\/h5>\n<p><a href=\"http:\/\/www.analysedepratique.org\/?p=2455\"><br \/>\nMarco Allenbach<\/a><br \/>\n<em>Construction d\u2019une d\u00e9marche d&rsquo;analyse de pratiques au sein d\u2019une organisation<\/em><\/p>\n<p><a href=\"http:\/\/www.analysedepratique.org\/?p=2457\">Paola Rugo Graber<\/a><br \/>\n<em>Mise en place d\u2019un groupe d\u2019APP au sein de son organisation de travail : <\/em><br \/>\n<em>analyse des facteurs humains \u00e0 prendre en compte pour la r\u00e9ussite du projet<\/em><\/p>\n<p>&nbsp;<\/p>\n<h5><strong>Mettre en place et d\u00e9marrer un groupe d\u2019APP : vers une poursuite des r\u00e9flexions<\/strong><\/h5>\n<h5><\/h5>\n<p><a href=\"http:\/\/www.analysedepratique.org\/?p=2459\">Marc Thi\u00e9baud, Jean Chocat, Patrick Robo et Yann Vacher<\/a><br \/>\n<em>Mettre en place et d\u00e9marrer un groupe d\u2019APP : perspectives\u00a0<\/em><br \/>\n<em>et ouvertures pour la poursuite des r\u00e9flexions<\/em><\/p>\n<p>&nbsp;<\/p>\n<p><em>R\u00e9f\u00e9rencement<br \/>\n<\/em><\/p>\n<p>Thi\u00e9baud, M. (coord.) (2017). Mettre en place et d\u00e9marrer un groupe d\u2019analyse de pratiques professionnelles.\u00a0<em>Revue de l\u2019analyse de pratiques professionnelles<\/em>, No 10, 165 pages.\u00a0 <a href=\"http:\/\/www.analysedepratique.org\/?p=2461\">http:\/\/www.analysedepratique.org\/?p=2461<\/a>.<\/p>\n<div id=\"themify_builder_content-2461\" data-postid=\"2461\" class=\"themify_builder_content themify_builder_content-2461 themify_builder themify_builder_front\">\n\n\t<\/div>\n<!-- \/themify_builder_content -->","protected":false},"excerpt":{"rendered":"<p>&nbsp; Mettre en place et d\u00e9marrer un groupe d\u2019analyse de pratiques professionnelles &nbsp; Editorial Sommaire avec les r\u00e9sum\u00e9s des articles Tableaux de cat\u00e9gorisation des articles Liste de mots cl\u00e9s Mettre en place et d\u00e9marrer un groupe d\u2019APP : mises en perspective Marc Thi\u00e9baud, Jean Chocat, Patrick Robo et Yann Vacher Mettre en place et d\u00e9marrer [&hellip;]<\/p>\n","protected":false},"author":2,"featured_media":0,"comment_status":"open","ping_status":"open","sticky":false,"template":"","format":"standard","meta":{"_jetpack_newsletter_access":"","_jetpack_dont_email_post_to_subs":false,"_jetpack_newsletter_tier_id":0,"_jetpack_memberships_contains_paywalled_content":false,"_jetpack_memberships_contains_paid_content":false,"footnotes":""},"categories":[1],"tags":[],"class_list":["post-2461","post","type-post","status-publish","format-standard","hentry","category-non-classe","has-post-title","no-post-date","has-post-category","has-post-tag","has-post-comment","has-post-author"],"jetpack_featured_media_url":"","jetpack_shortlink":"https:\/\/wp.me\/p3VXfJ-DH","jetpack_sharing_enabled":true,"_links":{"self":[{"href":"https:\/\/www.analysedepratique.org\/index.php?rest_route=\/wp\/v2\/posts\/2461","targetHints":{"allow":["GET"]}}],"collection":[{"href":"https:\/\/www.analysedepratique.org\/index.php?rest_route=\/wp\/v2\/posts"}],"about":[{"href":"https:\/\/www.analysedepratique.org\/index.php?rest_route=\/wp\/v2\/types\/post"}],"author":[{"embeddable":true,"href":"https:\/\/www.analysedepratique.org\/index.php?rest_route=\/wp\/v2\/users\/2"}],"replies":[{"embeddable":true,"href":"https:\/\/www.analysedepratique.org\/index.php?rest_route=%2Fwp%2Fv2%2Fcomments&post=2461"}],"version-history":[{"count":25,"href":"https:\/\/www.analysedepratique.org\/index.php?rest_route=\/wp\/v2\/posts\/2461\/revisions"}],"predecessor-version":[{"id":2707,"href":"https:\/\/www.analysedepratique.org\/index.php?rest_route=\/wp\/v2\/posts\/2461\/revisions\/2707"}],"wp:attachment":[{"href":"https:\/\/www.analysedepratique.org\/index.php?rest_route=%2Fwp%2Fv2%2Fmedia&parent=2461"}],"wp:term":[{"taxonomy":"category","embeddable":true,"href":"https:\/\/www.analysedepratique.org\/index.php?rest_route=%2Fwp%2Fv2%2Fcategories&post=2461"},{"taxonomy":"post_tag","embeddable":true,"href":"https:\/\/www.analysedepratique.org\/index.php?rest_route=%2Fwp%2Fv2%2Ftags&post=2461"}],"curies":[{"name":"wp","href":"https:\/\/api.w.org\/{rel}","templated":true}]}}