{"id":2459,"date":"2017-04-22T03:54:36","date_gmt":"2017-04-22T02:54:36","guid":{"rendered":"http:\/\/www.analysedepratique.org\/?p=2459"},"modified":"2021-10-03T09:14:55","modified_gmt":"2021-10-03T08:14:55","slug":"mettre-en-place-et-demarrer-un-groupe-dapp-mise-en-perspective-et-ouvertures-pour-la-poursuite-des-reflexions","status":"publish","type":"post","link":"https:\/\/www.analysedepratique.org\/?p=2459","title":{"rendered":"Mettre en place et d\u00e9marrer un groupe d\u2019APP : perspectives et ouvertures pour la poursuite des r\u00e9flexions"},"content":{"rendered":"<p>&nbsp;<\/p>\n<table style=\"height: 127px;\" border=\"0\" width=\"681\" cellspacing=\"0\" cellpadding=\"0\">\n<tbody>\n<tr>\n<td valign=\"top\" width=\"319\">\n<h3><em><a href=\"http:\/\/www.analysedepratique.org\/?page_id=117#mt\"><b>Marc Thi\u00e9baud<\/b><\/a><\/em><\/h3>\n<p><em>Psychologue, animateur, formateur, Suisse<br \/>\n<\/em><em><a href=\"mailto:thiebaud@formaction.ch\">thiebaud[arobase]formaction.ch<\/a><\/em><\/td>\n<td valign=\"top\" width=\"307\">\n<h3><em><a href=\"http:\/\/www.analysedepratique.org\/?page_id=117#jc\"><b>Jean Chocat<\/b><\/a><\/em><\/h3>\n<p><em>Cadre de sant\u00e9 \u2013 I.F.S.I<br \/>\n<\/em><em><a href=\"mailto:jean.chocat@orange.fr\">jean.chocat[arobase]orange.fr<\/a><\/em><\/td>\n<\/tr>\n<\/tbody>\n<\/table>\n<table style=\"height: 110px;\" border=\"0\" width=\"680\" cellspacing=\"0\" cellpadding=\"0\">\n<tbody>\n<tr>\n<td valign=\"top\" width=\"319\">\n<h3><em><b><a href=\"http:\/\/www.analysedepratique.org\/?page_id=117#pr\">Patrick Robo<\/a><\/b><\/em><\/h3>\n<p><em>Formateur Consultant, B\u00e9ziers<br \/>\n<\/em><em><a href=\"mailto:patrick.robo@laposte.net\">patrick.robo[arobase]laposte.net<\/a><\/em><\/td>\n<td valign=\"top\" width=\"307\">\n<h3><em><a href=\"http:\/\/www.analysedepratique.org\/?page_id=117#yv\">Yann Vacher<\/a><\/em><\/h3>\n<p><em>Formateur et chercheur, Universit\u00e9 de Corse<br \/>\n<\/em><em><a href=\"mailto:vacher@univ-corse.fr\">vacher[arobase]univ-corse.fr<\/a><\/em><\/td>\n<\/tr>\n<\/tbody>\n<\/table>\n<h4><i>R\u00e9sum\u00e9<\/i><\/h4>\n<p style=\"text-align: justify;\">Ce texte vise \u00e0 mettre en perspective quelques \u00e9l\u00e9ments saillants en lien avec ce num\u00e9ro th\u00e9matique sur la mise en place et le d\u00e9marrage d\u2019un groupe d\u2019APP. Il s\u2019appuie sur les apports des diff\u00e9rents articles qui composent cette publication. Il ne vise pas \u00e0 donner une conclusion qu\u2019il serait peu pertinent d\u2019envisager compte tenu de la complexit\u00e9 de la probl\u00e9matique, mais il soul\u00e8ve des questions et propose des ouvertures et des pistes pour une poursuite des riches r\u00e9flexions d\u00e9j\u00e0 d\u00e9velopp\u00e9es.<\/p>\n<h5><em>Mots-cl\u00e9s\u00a0<\/em><\/h5>\n<p>perspectives, formation, complexit\u00e9, accompagnement, synth\u00e8se, incontournables, projet<\/p>\n<h5><em>Cat\u00e9gorie d&rsquo;article\u00a0<\/em><\/h5>\n<p>Synth\u00e8se et mise en perspective<\/p>\n<h5><em>R\u00e9f\u00e9rencement\u00a0<\/em><\/h5>\n<p>Thi\u00e9baud, M., Chocat, J., Robo, P., Vacher, Y. (2017).\u00a0Mettre en place et d\u00e9marrer un groupe d\u2019APP: perspectives et ouvertures pour la poursuite des r\u00e9flexions. In <em>Revue de l\u2019analyse de pratiques professionnelles<\/em>, 10, pp 158-165.\u00a0<span style=\"text-decoration: underline;\">http:\/\/www.analysedepratique.org\/?p=2459<\/span>.<\/p>\n<hr class=\"shortcode hr light-gray\" style=\"border-width:1px;\" \/>\n<p><a href=\"http:\/\/www.analysedepratique.org\/wp-content\/uploads\/thiebaud-chocat-robo-vacher-2-revue-app-mai2017.pdf\"><img loading=\"lazy\" decoding=\"async\" class=\"alignleft\" src=\"https:\/\/www.analysedepratique.org\/wp-content\/uploads\/download-icon.png\" alt=\"download-icon\" width=\"24\" height=\"29\" \/><\/a>\u00a0<a href=\"http:\/\/www.analysedepratique.org\/wp-content\/uploads\/thiebaud-chocat-robo-vacher-2-revue-app-mai2017.pdf\">Article<\/a> \u00a0\u00a0 \u00a0\u00a0 \u00a0\u00a0 \u00a0\u00a0 <a href=\"#co\"><img loading=\"lazy\" decoding=\"async\" src=\"https:\/\/www.analysedepratique.org\/wp-content\/uploads\/et-info-comment.png\" alt=\"et-info-comment\" width=\"30\" height=\"31\" \/><\/a>\u00a0<a href=\"#co\">Commentaires<\/a><br \/>\n<hr class=\"shortcode hr light-gray\" style=\"border-width:1px;\" \/>\n<p>&nbsp;<\/p>\n<p>[toc]<\/p>\n<h4><strong>1. Introduction<\/strong><\/h4>\n<p style=\"text-align: justify;\">Les propos qui suivent visent \u00e0 mettre en \u00e9vidence les ouvertures et les d\u00e9veloppements possibles plut\u00f4t que donner une conclusion \u00e0 ce num\u00e9ro th\u00e9matique. Ils n\u2019ont par ailleurs pas pour but de faire une synth\u00e8se des probl\u00e9matiques soulev\u00e9es ou d\u2019en extraire des mod\u00e9lisations. La r\u00e9flexion entam\u00e9e demandera encore un temps de prise de recul et gagnera \u00e0 se nourrir des \u00e9changes qui vont se d\u00e9velopper suite \u00e0 cette publication, dans des s\u00e9minaires, des partages dans des r\u00e9seaux tels que la GFAPP<a href=\"#_ftn1\" name=\"_ftnref1\">[1]<\/a> et via les commentaires r\u00e9dig\u00e9s sur le site internet de la revue\u2026 jusqu\u2019\u00e0 de futurs articles compl\u00e9mentaires.<\/p>\n<p style=\"text-align: justify;\">Avec ces textes et les premiers \u00e9changes auxquels ils ont donn\u00e9 lieu, un vaste chantier s\u2019est ouvert. Il met en \u00e9vidence tout l\u2019int\u00e9r\u00eat qu\u2019il y a \u00e0 penser la mise en place et le d\u00e9marrage d\u2019un groupe d\u2019APP comme une r\u00e9elle d\u00e9marche de projet, n\u00e9cessitant une r\u00e9flexion qui va bien au-del\u00e0 de la seule envie ou volont\u00e9 d\u2019initier de l\u2019APP. Nous nous proposons d\u2019en explorer ici quelques aspects en prenant appui sur l\u2019ensemble des contributions de ce num\u00e9ro th\u00e9matique<a href=\"#_ftn2\" name=\"_ftnref2\">[2]<\/a>. Pour simplifier, nous nous y r\u00e9f\u00e9rerons en mentionnant uniquement le nom de l\u2019auteur, \u00e9tant entendu qu\u2019il s\u2019agit \u00e0 chaque fois d\u2019un article de cette m\u00eame publication.<\/p>\n<p style=\"text-align: justify;\">Nous pr\u00e9senterons tout d\u2019abord quelques \u00e9l\u00e9ments qui peuvent \u00eatre mis en exergue de l\u2019ensemble des textes, sans chercher \u00e0 \u00eatre exhaustifs. Puis nous exposerons des questionnements qui ressortent de leur lecture et analyse avant de terminer en \u00e9voquant quelques ouvertures et pistes pour la poursuite des r\u00e9flexions.<\/p>\n<h4 style=\"text-align: justify;\"><strong>2. Quelques \u00e9l\u00e9ments saillants<\/strong><\/h4>\n<p style=\"text-align: justify;\">Quels \u00e9l\u00e9ments forts se d\u00e9gagent \u00e0 la lecture des textes qui composent ce num\u00e9ro ?<\/p>\n<h6 style=\"text-align: justify;\"><strong>2.1 En lien avec la mise en place d\u2019un groupe d\u2019APP\u00a0<\/strong><\/h6>\n<p style=\"text-align: justify;\">Tout d&rsquo;abord, nous rel\u00e8verons l&rsquo;importance de la phase de mise en place d&rsquo;un groupe d\u2019APP. La plupart des textes montrent qu&rsquo;il s&rsquo;agit de l&rsquo;envisager comme une v\u00e9ritable intervention en amont du d\u00e9marrage proprement dit. Cela comprend \u00e0 la fois des aspects de construction du sens de l&rsquo;APP, de d\u00e9veloppement d&rsquo;une relation de collaboration et de n\u00e9gociation par rapport aux conditions favorables, voire n\u00e9cessaires pour une analyse de pratiques. Elle peut s&rsquo;av\u00e9rer extr\u00eamement complexe selon le contexte, demander du temps, de la patience, du travail pour int\u00e9grer la diversit\u00e9 des enjeux, le nombre d&rsquo;acteurs impliqu\u00e9s et la vari\u00e9t\u00e9 et les diff\u00e9rences possibles dans leurs repr\u00e9sentations et objectifs. Cette phase n\u00e9cessite dans les faits beaucoup d&rsquo;attention, m\u00eame si parfois, la mise en place d\u2019un groupe d\u2019APP, en amont, peut se faire assez simplement.<\/p>\n<p style=\"text-align: justify;\">Par ailleurs, la mise en place du groupe peut r\u00e9v\u00e9ler l&rsquo;existence de nombreuses divergences voire tensions qu\u2019il est possible de clarifier et faire \u00e9voluer avant le d\u00e9marrage de l\u2019analyse de pratiques, mais qui gagnent parfois \u00e0 rester un objet de vigilance et de travail dans la dur\u00e9e. Allenbach, par exemple, pr\u00e9conise dans ce but que la mise en place d&rsquo;un groupe d\u2019APP comprenne aussi, au besoin, le d\u00e9veloppement de r\u00e9gulations et d\u2019un canal de communication entre les acteurs impliqu\u00e9s \u00e0 l&rsquo;interne d\u2019une organisation.<\/p>\n<p style=\"text-align: justify;\">Dans cette phase en amont, plusieurs articles attirent l\u2019attention sur la contractualisation de l\u2019APP qui n\u00e9cessite souvent une communication intense et d\u00e9licate (voir notamment Robo, Thi\u00e9baud, Calmejane-Gauzins, Rugo Graber) ou un travail de projet (pour le d\u00e9veloppement d&rsquo;un partenariat entre professionnels et \u00e9tudiants par exemple tel que l&rsquo;\u00e9voque le texte de Mauduit). On peut relever, \u00e0 la lecture des r\u00e9flexions et t\u00e9moignages r\u00e9colt\u00e9s, l&rsquo;importance qu&rsquo;il y a \u00e0 ce que l&rsquo;animateur du groupe soit impliqu\u00e9 d\u00e8s le d\u00e9part dans ce processus, de m\u00eame que l\u2019organisme prestataire de l\u2019APP \u00e9ventuellement concern\u00e9.<\/p>\n<p style=\"text-align: justify;\">Un autre \u00e9l\u00e9ment frappant \u00e0 la lecture de ces textes r\u00e9side dans la vari\u00e9t\u00e9 des cas de figure rencontr\u00e9s, tant en ce qui concerne les types de groupes et de contextes que les d\u00e9marches de mise en place de l&rsquo;APP (voir Robo ou Thi\u00e9baud). On constate d\u00e9j\u00e0 diff\u00e9rentes origines dans la mise en place d\u2019un groupe d\u2019APP\u00a0: demande de la part de participants ou de sup\u00e9rieurs hi\u00e9rarchiques, offre en provenance d&rsquo;une institution ou d\u2019un animateur \u2013 formateur, \u00ab\u00a0glissement \u00bb vers de l\u2019APP \u00e0 partir d\u2019un autre fonctionnement de groupe ou d\u2019\u00e9quipe, etc.<\/p>\n<p style=\"text-align: justify;\">S&rsquo;il y a plusieurs chemins possibles pour cette mise en place, il appara\u00eet que chaque chemin se construit avec les acteurs concern\u00e9s en fonction des configurations pr\u00e9sentes, un peu \u00e0 l&rsquo;image d&rsquo;une escalade qui se fait en fonction des asp\u00e9rit\u00e9s du terrain.\u00a0 Tant\u00f4t il s&rsquo;agit de travailler sur des questions d&rsquo;obligation de participer impos\u00e9e aux personnes et sur la possibilit\u00e9 d&rsquo;une co-animation (voir Calmejane-Gauzins ou Lauzon). Tant\u00f4t il est question de clarifier les attentes institutionnelles et le cahier des charges (voir Gentilhomme). Tant\u00f4t, il s\u2019agit de faire \u00e9voluer l\u2019offre de d\u00e9part et de proposer des formations compl\u00e9mentaires (r\u00e9alis\u00e9es par l\u2019animateur ou non) relatives par exemple \u00e0 l\u2019\u00e9coute, au questionnement, \u00e0 des savoirs professionnels, etc.) pour la mise en place du groupe ou avant son d\u00e9marrage (voir Bourdet ou Lauzon).<\/p>\n<p style=\"text-align: justify;\">Au-del\u00e0 de ses variations et diff\u00e9rences, on constate aussi d&rsquo;un article \u00e0 l&rsquo;autre quelques \u00e9l\u00e9ments invariants ou incontournables dans cette phase de mise en place. Ils ont trait notamment \u00e0\u00a0:<\/p>\n<ul style=\"text-align: justify;\">\n<li>la n\u00e9cessaire concertation pour travailler l\u2019\u00e9ventuelle demande initiale et \u00e9laborer un contrat clair et solide (voir deux exemples de contrat-type pr\u00e9sent\u00e9s par Robo),<\/li>\n<li>la mise en place d\u2019un climat de confiance pour mener cette concertation,<\/li>\n<li>l\u2019importance de s\u2019assurer avec l\u2019ensemble des acteurs de la bonne compr\u00e9hension du projet, de sa finalit\u00e9 et des conditions de mise en \u0153uvre.<\/li>\n<\/ul>\n<h6 style=\"text-align: justify;\"><strong>2.2 En lien avec le d\u00e9marrage et la ou les premi\u00e8re(s) s\u00e9ance(s) du groupe<\/strong><\/h6>\n<p style=\"text-align: justify;\">En ce qui concerne les aspects plus sp\u00e9cifiquement en lien avec le d\u00e9marrage proprement dit du groupe, on rel\u00e8vera le soin qu\u2019il s\u2019agit d\u2019apporter \u00e0 la premi\u00e8re s\u00e9ance ou aux premi\u00e8res s\u00e9ances. C&rsquo;est le moment o\u00f9 se construit la relation humaine et o\u00f9 s\u2019installe le climat n\u00e9cessaire \u00e0 son bon d\u00e9roulement (voir Rebetez ou Gentilhomme) avec l\u2019aide de l\u2019animateur et en particulier par le biais de rituels (voir Clerc et Roche). Le moment aussi o\u00f9 l\u2019APP prend g\u00e9n\u00e9ralement sens pour les participants novices et, \u00e0 partir d\u2019un possible id\u00e9al projet\u00e9, devient r\u00e9alit\u00e9.<\/p>\n<p style=\"text-align: justify;\">Au-del\u00e0 du cadre, avec ses objectifs, ses principes et ses r\u00e8gles de fonctionnement propos\u00e9s par l\u2019animateur, ce sont une relation et une d\u00e9marche impliquantes pour chacun, qui devraient se construire en coop\u00e9ration. Le choix des situations analys\u00e9es et donc des exposants (avec la perspective qu\u2019un maximum de participants puisse l\u2019\u00eatre \u00e0 son tour au fil du temps) est \u00e0 ce titre un \u00e9l\u00e9ment relev\u00e9 comme strat\u00e9gique pour favoriser d\u2019embl\u00e9e une bonne compr\u00e9hension de la d\u00e9marche, de m\u00eame que la possibilit\u00e9 d\u2019offrir aux apprenants, d\u00e8s le d\u00e9part, des outils d\u2019accompagnement (cahier du participant, liste de lectures, etc.) qui peuvent faciliter l\u2019implication et la cr\u00e9ation du climat de confiance (voir\u00a0Lauzon).<\/p>\n<p style=\"text-align: justify;\">Diff\u00e9rents facteurs facilitant ou freinant le bon d\u00e9roulement de la premi\u00e8re s\u00e9ance avec le groupe d&rsquo;APP sont identifi\u00e9s. Ils rel\u00e8vent notamment de la clarification des attentes et craintes avec les diff\u00e9rents acteurs impliqu\u00e9s, du recueil des repr\u00e9sentations de chacun et de la construction progressive d&rsquo;un sens partag\u00e9 (voir entre autres Gentilhomme, Lauzon, Robo, Thi\u00e9baud). Un autre point qui semble significatif, c\u2019est l\u2019articulation entre un dispositif d\u2019analyse, avec un cadre et des phases bien pr\u00e9cises, et la vie du groupe avec sa dynamique. Le travail d\u2019analyse se nourrit de la confiance d\u00e9velopp\u00e9e, de la permanence du groupe et des adaptations qui peuvent s\u2019av\u00e9rer n\u00e9cessaires dans son fonctionnement (voir Clerc et Roche).<\/p>\n<h4 style=\"text-align: justify;\"><strong>3. Questionnements <\/strong><\/h4>\n<p style=\"text-align: justify;\">A la lecture de l&rsquo;ensemble des textes, une impression se d\u00e9gage assez rapidement\u00a0: il ne suffit pas de (penser) savoir animer un groupe pour avoir la capacit\u00e9 et les comp\u00e9tences pour mettre en place et d\u00e9marrer efficacement un groupe d\u2019APP dans divers contextes, d\u2019autant plus si ceux-ci comportent des enjeux relationnels, institutionnels, hi\u00e9rarchiques, ou financiers, d\u00e9licats \u00e0 g\u00e9rer. Cela interroge ainsi l\u2019existence potentielle et la mobilisation de comp\u00e9tences sp\u00e9cifiques de l\u2019animateur pour travailler l\u2019ensemble des aspects concern\u00e9s ici (voir Robo). Est-il pertinent de proposer de l\u2019APP sans avoir \u00e9t\u00e9 form\u00e9 en ce sens ?. Cela soul\u00e8ve \u00e0 l&rsquo;\u00e9vidence la question de la formation sp\u00e9cifique des animateurs \u00e0 la mise en place et \u00e0 la contractualisation d&rsquo;une d\u00e9marche d\u2019APP ainsi qu\u2019au d\u00e9marrage d\u2019un groupe. Nous y reviendrons un peu plus loin.<\/p>\n<p style=\"text-align: justify;\">Parall\u00e8lement, une autre question \u00e9merge qui renvoie au fait que les d\u00e9marches d\u2019APP restent encore largement m\u00e9connues dans de nombreux milieux professionnels. En ce sens, ce n\u2019est pas la qualit\u00e9 des dispositifs et de leur animation qui est interrog\u00e9e par cette m\u00e9connaissance, mais plut\u00f4t les strat\u00e9gies requises pour les rendre compr\u00e9hensibles et en montrer la validit\u00e9 face aux demandes des diff\u00e9rents acteurs (voir Calmejane-Gauzins). La mise en place d&rsquo;APP est d&rsquo;autant plus difficile si les acteurs la confondent avec d&rsquo;autres formes de travail telles que l\u2019\u00e9change de pratiques, le partage d&rsquo;exp\u00e9riences, l&rsquo;\u00e9tude de cas, la r\u00e9solution de probl\u00e8mes, la r\u00e9gulation d\u2019\u00e9quipe, etc. (voir Bourdet, Lauzon, Thi\u00e9baud). La question \u00e0 traiter nous para\u00eet \u00eatre alors\u00a0: quelles strat\u00e9gies et actions pourraient permettre de d\u00e9velopper une meilleure connaissance de l\u2019APP aupr\u00e8s de diff\u00e9rents milieux concern\u00e9s ?<\/p>\n<p style=\"text-align: justify;\">La mise en place de tels groupes questionne parfois la d\u00e9finition du champ m\u00eame de l\u2019APP\u00a0: qu\u2019est-ce qu\u2019on entend par \u00ab\u00a0analyse de pratiques professionnelles\u00a0\u00bb ? Quelles approches peuvent \u00eatre envisag\u00e9es ? Dans quel cadre institutionnel, spatial, temporel\u00a0? \u00c0 quelles fins ? Pour quels objectifs ? Avec la difficult\u00e9 suppl\u00e9mentaire que tous les animateurs et les auteurs n&rsquo;ont pas pr\u00e9cis\u00e9ment la m\u00eame vision de l\u2019APP et que sous le m\u00eame terme, on retrouve en r\u00e9alit\u00e9 une assez grande vari\u00e9t\u00e9 de pratiques. Pour autant, des invariants semblent se dessiner\u00a0avec la mobilisation du groupe en tant que collectif apprenant ou accompagnant et la centration sur le sujet exposant confront\u00e9 \u00e0 de nombreuses probl\u00e9matiques dans une perspective de d\u00e9veloppement professionnel au service du milieu dans lequel il exerce et pour lui-m\u00eame en tant que sujet acteur et vivant au plus pr\u00e8s son quotidien.<\/p>\n<p style=\"text-align: justify;\">Lorsque les demandes qui sont faites ne s&rsquo;inscrivent pas d&#8217;embl\u00e9e pr\u00e9cis\u00e9ment dans l\u2019APP, les animateurs sont par ailleurs amen\u00e9s \u00e0 r\u00e9fl\u00e9chir \u00e0 la mani\u00e8re dont celles-ci peuvent \u00eatre travaill\u00e9es afin d\u2019\u00e9voluer vers de l\u2019analyse de pratiques et aux articulations \u00e9ventuelles entre l\u2019APP et d\u2019autres formes de travail collectif qui peuvent \u00eatre souhait\u00e9es (voir Thi\u00e9baud). Parfois, les demandes portent par ailleurs sur l&rsquo;utilisation de techniques sp\u00e9cifiques susceptibles d&rsquo;\u00eatre int\u00e9gr\u00e9es dans de l\u2019APP (jeu de r\u00f4le, questionnement d\u2019explicitation, etc.). Dans quelle mesure les animateurs sont-ils \u00e0 m\u00eame de travailler cette articulation avec les demandeurs ? Jusqu\u2019o\u00f9 sont-ils form\u00e9s pour ajuster, moduler leur animation pour prendre en compte certaines attentes (par exemple concernant les modalit\u00e9s utilis\u00e9es dans l&rsquo;analyse de pratiques). Dans quelles limites est-il possible pour un animateur de s\u2019engager dans un contrat avec le m\u00eame groupe qui demanderait de varier les formes de travail collectif utilis\u00e9es pour l\u2019analyse\u00a0?<\/p>\n<p style=\"text-align: justify;\">Cela rejoint, au-del\u00e0 de la mise en place initiale, la question de l\u2019\u00e9volution dans le temps d\u2019un groupe qui peut \u00eatre amen\u00e9 \u00e0 se transformer, viser de nouveaux objectifs, voire passer d\u2019une forme de travail \u00e0 une autre (voir Bourdet, Lauzon, Thi\u00e9baud). Ces cas de figure se produisent notamment lorsque les enjeux \u00e9voluent et n\u00e9cessitent une clarification ou \u00e0 mesure que progressent les comp\u00e9tences d\u00e9velopp\u00e9es dans le groupe en lien avec l\u2019APP. Comment favoriser de telles \u00e9volutions\u00a0? A quel moment\u00a0? Avec quelles incidences, quelles modifications par rapport \u00e0 la mise en place de d\u00e9part et au contrat initial\u00a0?<\/p>\n<p style=\"text-align: justify;\">L&rsquo;analyse de pratiques n\u00e9cessite un apprentissage pour les participants, en particulier s\u2019ils sont novices. Apprentissage de l&rsquo;\u00e9coute, du questionnement, de la r\u00e9flexivit\u00e9, de l&rsquo;analyse, etc. (voir Bourdet, Guillemette, Lauzon, Rebetez). Comment favoriser cet apprentissage d\u00e8s la premi\u00e8re s\u00e9ance (ou en amont voire en parall\u00e8le des s\u00e9ances d\u2019APP), afin qu&rsquo;il soutienne le sens \u00e0 construire pour les participants et contribue au \u00ab\u00a0savoir analyser\u00a0\u00bb ? Quels liens par ailleurs avec la capacit\u00e9 des participants et de l\u2019animateur \u00e0 mobiliser des savoirs professionnels qui rel\u00e8vent non seulement de l\u2019exp\u00e9rience mais aussi de concepts et de th\u00e9ories ?<\/p>\n<p style=\"text-align: justify;\">D&rsquo;autres questions peuvent \u00eatre \u00e9voqu\u00e9es, notamment en lien avec\u00a0:<\/p>\n<ul style=\"text-align: justify;\">\n<li>Le volontariat versus l&rsquo;obligation de participer qui est faite \u00e0 certaines personnes. Comment g\u00e9rer les difficult\u00e9s que ce dilemme pose en termes d&rsquo;implication et de confiance notamment ? Quelles strat\u00e9gies mettre en \u0153uvre pour d\u00e9velopper de l\u2019int\u00e9r\u00eat pour l\u2019APP chez des personnes qui n\u2019en voient pas, voire qui y sont r\u00e9fractaires ? Comment donner la possibilit\u00e9 aux participants de faire une exp\u00e9rience de l\u2019APP pour d\u00e9cider de mani\u00e8re libre de poursuivre ou non ?<\/li>\n<li>La constitution des groupes et leur degr\u00e9 d\u2019h\u00e9t\u00e9rog\u00e9n\u00e9it\u00e9 (personnes novices et exp\u00e9riment\u00e9es dans l&rsquo;analyse de pratiques, personnes de diff\u00e9rents niveaux hi\u00e9rarchiques, divers m\u00e9tiers et milieux professionnels, etc.). Comment penser le d\u00e9marrage de tels groupes ? Quels avantages et inconv\u00e9nients diverses formes d\u2019h\u00e9t\u00e9rog\u00e9n\u00e9it\u00e9 pr\u00e9sentent-elles ? Quelles limites ?<\/li>\n<li>Les rapports institutionnels. Par exemple, quels impacts peut avoir la pr\u00e9sence impos\u00e9e ou n\u00e9goci\u00e9e de sup\u00e9rieurs hi\u00e9rarchiques dans un groupe d\u2019APP, le fait que l&rsquo;animateur fasse partie de la m\u00eame institution que les participants ou le manque de soutien apport\u00e9 par la hi\u00e9rarchie \u00e0 la mise en place d&rsquo;un groupe d&rsquo;APP \u00e0 l\u2019interne (voir Calmejane-Gauzins, Rugo Graber ou Allenbach) ?<\/li>\n<\/ul>\n<h4 style=\"text-align: justify;\"><strong>4. Ouvertures vers l\u2019avenir<\/strong><\/h4>\n<p style=\"text-align: justify;\">Ces questions, parmi d&rsquo;autres, montrent tout l&rsquo;int\u00e9r\u00eat qu&rsquo;il y a \u00e0 poursuivre et approfondir les r\u00e9flexions d\u00e9velopp\u00e9es dans ce num\u00e9ro th\u00e9matique.<\/p>\n<p style=\"text-align: justify;\">Dans cette perspective, nous esp\u00e9rons que les questions \u00e9voqu\u00e9es ci-dessus, entre autres, susciteront l\u2019\u00e9laboration et le partage d\u2019autres d\u00e9veloppements. Qu\u2019elles puissent donner lieu \u00e0 des \u00e9changes, des mises en confrontation et de nouvelles compr\u00e9hensions fructueuses. Et \u00e0 leur suite, que d&rsquo;autres articles puissent \u00eatre r\u00e9dig\u00e9s et publi\u00e9s \u00a0concernant la mise en place et le d\u00e9marrage d\u2019un groupe d\u2019APP.<\/p>\n<p style=\"text-align: justify;\">Il faut souhaiter aussi que davantage de recherches dans ce domaine puissent \u00eatre men\u00e9es. Les travaux de Guillemette ouvrent la voie. Il sera n\u00e9cessaire \u00e9galement que d&rsquo;autres t\u00e9moignages, d&rsquo;autres exp\u00e9riences v\u00e9cues soient partag\u00e9es et analys\u00e9es afin de disposer de donn\u00e9es sur des situations et contextes \u00e0 la fois similaires et diff\u00e9rents. Comme le mettent en \u00e9vidence des textes tels que ceux de Robo, Thi\u00e9baud ou Allenbach, la nature des groupes ou \u00e9quipes susceptibles de \u00ab\u00a0faire\u00a0\u00bb de l&rsquo;APP est tr\u00e8s vari\u00e9e. Nous manquons de t\u00e9moignages \u00e9tay\u00e9s sur cette vari\u00e9t\u00e9. Quelles incidences peut avoir une d\u00e9marche donn\u00e9e de mise en place d&rsquo;un groupe d\u2019APP dans des contextes vari\u00e9s et avec des groupes diff\u00e9rents ?<\/p>\n<p style=\"text-align: justify;\">Il serait int\u00e9ressant aussi de pouvoir \u00e9tudier dans la dur\u00e9e les effets de la mise en place d&rsquo;un groupe d\u2019APP et ceux de la premi\u00e8re s\u00e9ance de d\u00e9marrage. Dans quelle mesure cela conditionne certains processus de groupes et le d\u00e9veloppement de l\u2019APP \u00e0 long terme ? Comment un groupe parvient-il, au besoin, \u00e0 surmonter certains probl\u00e8mes rencontr\u00e9s en amont qui n&rsquo;auraient pas pu \u00eatre identifi\u00e9s et clarifi\u00e9s au d\u00e9but ? La plupart des informations disponibles actuellement portent avant tout sur la satisfaction ressentie par les participants. Des \u00e9tudes longitudinales et qualitatives seraient de nature \u00e0 permettre une appr\u00e9hension plus fine de ces aspects.<\/p>\n<p style=\"text-align: justify;\">La th\u00e9matique \u00e9tudi\u00e9e ici devrait \u00e9galement pouvoir \u00eatre r\u00e9fl\u00e9chie en relation avec d\u2019autres th\u00e9matiques avec lesquelles elle est en lien plus ou moins \u00e9troit. Pensons entre autres aux aspects \u00e9thiques impliqu\u00e9s dans l\u2019APP, \u00e0 la vari\u00e9t\u00e9 des contextes de mise en \u0153uvre de l\u2019APP avec leurs similitudes et diff\u00e9rences ou encore \u00e0 l\u2019\u00e9volution dans la dur\u00e9e d\u2019un groupe d\u2019APP, avec les crises et transformations qu\u2019il peut conna\u00eetre.<\/p>\n<p style=\"text-align: justify;\">Les questions \u00e9voqu\u00e9es ci-dessus mettent par ailleurs en \u00e9vidence la n\u00e9cessit\u00e9 d\u2019\u00e9tudier aussi la mani\u00e8re dont les probl\u00e8mes susceptibles d\u2019\u00eatre rencontr\u00e9s dans ces d\u00e9marches peuvent \u00eatre g\u00e9r\u00e9s et r\u00e9solus. Nombreux sont les animateurs qui rapportent les difficult\u00e9s et les \u00e9cueils \u00e9prouv\u00e9s parfois dans la mise en place et le d\u00e9marrage de groupe d\u2019APP. Confront\u00e9s \u00e0 ce que l\u2019on pourrait nommer des grains de sable jusqu\u2019\u00e0 des rat\u00e9s au d\u00e9marrage (cela peut arriver), ils ont besoin de moyens non seulement pour pr\u00e9venir, mais encore pour rem\u00e9dier \u00e0 de telles situations.<\/p>\n<p style=\"text-align: justify;\">Cela nous conduit \u00e0 \u00e9voquer enfin l\u2019importance de d\u00e9velopper des formations et des accompagnements pour r\u00e9pondre \u00e0 des besoins sp\u00e9cifiquement en lien avec les probl\u00e9matiques \u00e9tudi\u00e9es ici. Quelles sont les comp\u00e9tences requises pour les animateurs \u00e0 cet \u00e9gard ? Comment se former ? Comment r\u00e9pondre \u00e0 des demandes d\u2019animateurs qui peuvent se trouver isol\u00e9s, sans recours et qui aimeraient pouvoir partager leurs v\u00e9cus et les analyser?<\/p>\n<p style=\"text-align: justify;\">Il s\u2019agirait d\u2019\u00e9tudier ces questions et de rassembler les informations disponibles sur les actions de formation et d\u2019accompagnement existantes dans ce domaine particulier. Et au-del\u00e0, il importe de d\u00e9velopper des stages de formation \u00e0 la mise en place et au d\u00e9marrage d\u2019un groupe d&rsquo;APP ainsi que les possibilit\u00e9s d\u2019\u00e9changes et de mise en r\u00e9seau entre animateurs (voir le r\u00e9seau GFAPP). \u00c9galement de favoriser l\u2019int\u00e9gration de ces questions au sein des formations existantes. Cela rejoint \u00e0 l\u2019\u00e9vidence la probl\u00e9matique plus g\u00e9n\u00e9rale de la formation des animateurs de groupe d\u2019APP, maintes fois \u00e9voqu\u00e9e, et qui reste essentielle pour le d\u00e9veloppement de la qualit\u00e9 des analyses de pratiques.<\/p>\n<p style=\"text-align: justify;\">Un vaste chantier est ouvert qui est important pour l\u2019APP. Nous nous en r\u00e9jouissons. Nous sommes engag\u00e9s \u00e0 poursuivre ce travail et \u00e0 collaborer avec les personnes qui s\u2019y int\u00e9ressent.<\/p>\n<h4><strong>R\u00e9f\u00e9rences bibliographiques<\/strong><\/h4>\n<p>Toutes les r\u00e9f\u00e9rences cit\u00e9es sont r\u00e9unies dans la publication ci-apr\u00e8s\u00a0:<\/p>\n<p>Thi\u00e9baud, M. (coord.) (2017). Mettre en place et d\u00e9marrer un groupe d\u2019analyse de pratiques professionnelles. <em>Revue de l\u2019analyse de pratiques professionnelles<\/em>, No 10, 165 pages. <a href=\"http:\/\/www.analysedepratique.org\/?p=2461\">http:\/\/www.analysedepratique.org\/?p=2461<\/a>.<\/p>\n<p>&nbsp;<\/p>\n<a href=\"#\" class=\"shortcode button  \" style=\"background-color: silver;\" target=\"\" onclick=\"\"> Haut de page<\/a>\n<p>&nbsp;<\/p>\n<p>&nbsp;<\/p>\n<h4><b>Notes<\/b><\/h4>\n<p>&nbsp;<\/p>\n<p><a href=\"#_ftnref1\" name=\"_ftn1\">[1]<\/a> Groupe de formation \u00e0 l\u2019analyse de pratiques professionnelles ; voir <a href=\"https:\/\/www.analysedepratique.org\/?p=3509\">https:\/\/www.analysedepratique.org\/?p=3509<\/a>.<\/p>\n<p><a href=\"#_ftnref2\" name=\"_ftn2\">[2]<\/a> Thi\u00e9baud, M. (coord.) (2017). Mettre en place et d\u00e9marrer un groupe d\u2019analyse de pratiques professionnelles. <em>Revue de l\u2019analyse de pratiques professionnelles<\/em>, No 10, 165 pages.<\/p>\n<div id=\"themify_builder_content-2459\" data-postid=\"2459\" class=\"themify_builder_content themify_builder_content-2459 themify_builder themify_builder_front\">\n\n\t<\/div>\n<!-- \/themify_builder_content -->","protected":false},"excerpt":{"rendered":"<p>&nbsp; Marc Thi\u00e9baud Psychologue, animateur, formateur, Suisse thiebaud[arobase]formaction.ch Jean Chocat Cadre de sant\u00e9 \u2013 I.F.S.I jean.chocat[arobase]orange.fr Patrick Robo Formateur Consultant, B\u00e9ziers patrick.robo[arobase]laposte.net Yann Vacher Formateur et chercheur, Universit\u00e9 de Corse vacher[arobase]univ-corse.fr R\u00e9sum\u00e9 Ce texte vise \u00e0 mettre en perspective quelques \u00e9l\u00e9ments saillants en lien avec ce num\u00e9ro th\u00e9matique sur la mise en place et le [&hellip;]<\/p>\n","protected":false},"author":2,"featured_media":0,"comment_status":"open","ping_status":"open","sticky":false,"template":"","format":"standard","meta":{"_jetpack_newsletter_access":"","_jetpack_dont_email_post_to_subs":false,"_jetpack_newsletter_tier_id":0,"_jetpack_memberships_contains_paywalled_content":false,"_jetpack_memberships_contains_paid_content":false,"footnotes":""},"categories":[4,8,7,11,227,9],"tags":[42,265,26,267,264,268,266],"class_list":["post-2459","post","type-post","status-publish","format-standard","hentry","category-chocat","category-thiebaud","category-robo","category-2synthese","category-synth","category-vacher","tag-accompagnement","tag-complexite","tag-formation","tag-incontournables","tag-perspectives","tag-projet","tag-synthese","has-post-title","no-post-date","has-post-category","has-post-tag","has-post-comment","has-post-author"],"jetpack_featured_media_url":"","jetpack_shortlink":"https:\/\/wp.me\/p3VXfJ-DF","jetpack_sharing_enabled":true,"_links":{"self":[{"href":"https:\/\/www.analysedepratique.org\/index.php?rest_route=\/wp\/v2\/posts\/2459","targetHints":{"allow":["GET"]}}],"collection":[{"href":"https:\/\/www.analysedepratique.org\/index.php?rest_route=\/wp\/v2\/posts"}],"about":[{"href":"https:\/\/www.analysedepratique.org\/index.php?rest_route=\/wp\/v2\/types\/post"}],"author":[{"embeddable":true,"href":"https:\/\/www.analysedepratique.org\/index.php?rest_route=\/wp\/v2\/users\/2"}],"replies":[{"embeddable":true,"href":"https:\/\/www.analysedepratique.org\/index.php?rest_route=%2Fwp%2Fv2%2Fcomments&post=2459"}],"version-history":[{"count":12,"href":"https:\/\/www.analysedepratique.org\/index.php?rest_route=\/wp\/v2\/posts\/2459\/revisions"}],"predecessor-version":[{"id":4973,"href":"https:\/\/www.analysedepratique.org\/index.php?rest_route=\/wp\/v2\/posts\/2459\/revisions\/4973"}],"wp:attachment":[{"href":"https:\/\/www.analysedepratique.org\/index.php?rest_route=%2Fwp%2Fv2%2Fmedia&parent=2459"}],"wp:term":[{"taxonomy":"category","embeddable":true,"href":"https:\/\/www.analysedepratique.org\/index.php?rest_route=%2Fwp%2Fv2%2Fcategories&post=2459"},{"taxonomy":"post_tag","embeddable":true,"href":"https:\/\/www.analysedepratique.org\/index.php?rest_route=%2Fwp%2Fv2%2Ftags&post=2459"}],"curies":[{"name":"wp","href":"https:\/\/api.w.org\/{rel}","templated":true}]}}