{"id":2341,"date":"2016-12-18T08:14:58","date_gmt":"2016-12-18T07:14:58","guid":{"rendered":"http:\/\/www.analysedepratique.org\/?p=2341"},"modified":"2016-12-18T11:33:51","modified_gmt":"2016-12-18T10:33:51","slug":"editorial-numero-9","status":"publish","type":"post","link":"https:\/\/www.analysedepratique.org\/?p=2341","title":{"rendered":"Editorial &#8211; num\u00e9ro 9"},"content":{"rendered":"<p>&nbsp;<\/p>\n<p style=\"text-align: justify;\">Ch\u00e8res lectrices, chers lecteurs,<\/p>\n<p style=\"text-align: justify;\">En cette p\u00e9riode o\u00f9 les cadeaux sont de coutume, nous avons le plaisir de vous offrir un peu de lecture et de r\u00e9flexion avec ce 9<sup>\u00e8me<\/sup> num\u00e9ro de notre revue.<\/p>\n<p style=\"text-align: justify;\">Comme les pr\u00e9c\u00e9dents il aborde de mani\u00e8re diversifi\u00e9e l\u2019analyse de pratiques professionnelles par diff\u00e9rentes approches dans diff\u00e9rents milieux qu\u2019ils soient \u00e9tudiants ou professionnels.<\/p>\n<p style=\"text-align: justify;\">Tout d\u2019abord, dans un troisi\u00e8me entretien, Yann Vacher et Fabienne Comp\u00e8re\u00a0\u00e9voquent pour nous la posture de l\u2019animateur autour des notions de centration sur soi et autrui, de coh\u00e9rence, de congruence et d\u2019altruisme comme structurants de l\u2019animation.<\/p>\n<p style=\"text-align: justify;\">Puis avec B\u00e9n\u00e9dicte Bourson nous d\u00e9couvrirons une pratique de l\u2019APP en asynchrone, \u00e0 distance et par \u00e9crit mise en place pour accompagner dans leur r\u00e9flexivit\u00e9 des \u00e9tudiants en soins Infirmiers partis en stages \u00e0 l\u2019\u00e9tranger.<\/p>\n<p style=\"text-align: justify;\">Avec Corinne Rougerie nous aborderons une sensibilisation \u00e0 l\u2019analyse de la pratique \u00e0 l\u2019universit\u00e9 avec un dispositif singulier\u00a0: comment assurer la mise en place de cet enseignement pour des \u00e9tudiants en Sciences de l\u2019Education\u00a0en tenant compte de leur grande h\u00e9t\u00e9rog\u00e9n\u00e9it\u00e9 ?<\/p>\n<p style=\"text-align: justify;\">Marc Thi\u00e9baud quant \u00e0 lui nous conduira \u00e0 r\u00e9fl\u00e9chir sur la co-animation d&rsquo;un groupe d\u2019APP, ses plus-values et ses limites, tant du point de vue des participants que de celui des co-animateurs, ainsi que sur diff\u00e9rentes modalit\u00e9s de pr\u00e9paration et de mise en \u0153uvre de la co-animation avec leurs effets potentiels.<\/p>\n<p style=\"text-align: justify;\">Puis, avec Myriam Martin, nous verrons comment utiliser un outil d\u2019APP par l\u2019\u00e9crit, simple \u00e0 partager, et exp\u00e9riment\u00e9 afin de sensibiliser \u00e0 l\u2019analyse de pratiques des professionnels d\u2019une m\u00eame structure peu enclins au d\u00e9part \u00e0 entrer dans cette d\u00e9marche.<\/p>\n<p style=\"text-align: justify;\">Dans la suite de ce 9<sup>\u00e8me<\/sup> num\u00e9ro se profile d\u00e9j\u00e0 le 10<sup>\u00e8me<\/sup> qui paraitra au printemps avec une douzaine d\u2019articles abordant la mise en place et le d\u00e9marrage d\u2019un groupe d\u2019APP. Des articles riches et vari\u00e9s, apportant des regards crois\u00e9s sur cette th\u00e9matique pour laquelle nous avions fait en mai dernier un appel \u00e0 contributions qui a eu beaucoup de succ\u00e8s.<\/p>\n<p style=\"text-align: justify;\">Nous nous r\u00e9jouissons de constater que le site de la revue est toujours plus visit\u00e9.\u00a0D\u00e9but d\u00e9cembre, nous avons pass\u00e9 un nouveau cap symbolique\u00a0avec la 300&rsquo;000<sup>\u00e8me<\/sup> page consult\u00e9e depuis la cr\u00e9ation de la revue en automne 2013.<\/p>\n<p style=\"text-align: justify;\">Bien entendu, nous vous sollicitons pour entrer avec nous dans le partage et pour nous envoyer des textes qui pourront alimenter les num\u00e9ros suivants. Passer par l\u2019\u00e9criture n\u2019est pas toujours chose ais\u00e9e. Le sachant, nous proposons un accompagnement \u00e0 l\u2019\u00e9criture\u2026\u00a0 Alors, chiche\u00a0?<\/p>\n<p style=\"text-align: justify;\">Nous accueillerons avec int\u00e9r\u00eat et plaisir des textes de t\u00e9moignage, de r\u00e9flexion, de recherche et m\u00eame des notes de lecture de livres que vous avez lus et que vous souhaiteriez faire d\u00e9couvrir \u00e0 d\u2019autres acteurs de l\u2019APP.<\/p>\n<p style=\"text-align: justify;\">D\u2019ici l\u00e0, nous vous souhaitons de passer de belles et bonnes f\u00eates de fin d\u2019ann\u00e9e 2016\u00a0!<br \/>\nRendez-vous en 2017.<\/p>\n<p style=\"text-align: center;\" align=\"center\">Coop\u00e9rativement v\u00f4tres,<\/p>\n<p style=\"text-align: center;\" align=\"center\">les r\u00e9dacteurs en chef,<\/p>\n<p style=\"text-align: center;\" align=\"center\">Philippe P\u00e9aud &amp; Patrick Robo<\/p>\n<div id=\"themify_builder_content-2341\" data-postid=\"2341\" class=\"themify_builder_content themify_builder_content-2341 themify_builder themify_builder_front\">\n\n\t<\/div>\n<!-- \/themify_builder_content -->","protected":false},"excerpt":{"rendered":"<p>&nbsp; Ch\u00e8res lectrices, chers lecteurs, En cette p\u00e9riode o\u00f9 les cadeaux sont de coutume, nous avons le plaisir de vous offrir un peu de lecture et de r\u00e9flexion avec ce 9\u00e8me num\u00e9ro de notre revue. Comme les pr\u00e9c\u00e9dents il aborde de mani\u00e8re diversifi\u00e9e l\u2019analyse de pratiques professionnelles par diff\u00e9rentes approches dans diff\u00e9rents milieux qu\u2019ils soient [&hellip;]<\/p>\n","protected":false},"author":2,"featured_media":0,"comment_status":"open","ping_status":"open","sticky":false,"template":"","format":"standard","meta":{"_jetpack_newsletter_access":"","_jetpack_dont_email_post_to_subs":false,"_jetpack_newsletter_tier_id":0,"_jetpack_memberships_contains_paywalled_content":false,"_jetpack_memberships_contains_paid_content":false,"footnotes":""},"categories":[40],"tags":[],"class_list":["post-2341","post","type-post","status-publish","format-standard","hentry","category-editorial","has-post-title","no-post-date","has-post-category","has-post-tag","has-post-comment","has-post-author"],"jetpack_featured_media_url":"","jetpack_shortlink":"https:\/\/wp.me\/p3VXfJ-BL","jetpack_sharing_enabled":true,"_links":{"self":[{"href":"https:\/\/www.analysedepratique.org\/index.php?rest_route=\/wp\/v2\/posts\/2341","targetHints":{"allow":["GET"]}}],"collection":[{"href":"https:\/\/www.analysedepratique.org\/index.php?rest_route=\/wp\/v2\/posts"}],"about":[{"href":"https:\/\/www.analysedepratique.org\/index.php?rest_route=\/wp\/v2\/types\/post"}],"author":[{"embeddable":true,"href":"https:\/\/www.analysedepratique.org\/index.php?rest_route=\/wp\/v2\/users\/2"}],"replies":[{"embeddable":true,"href":"https:\/\/www.analysedepratique.org\/index.php?rest_route=%2Fwp%2Fv2%2Fcomments&post=2341"}],"version-history":[{"count":10,"href":"https:\/\/www.analysedepratique.org\/index.php?rest_route=\/wp\/v2\/posts\/2341\/revisions"}],"predecessor-version":[{"id":2373,"href":"https:\/\/www.analysedepratique.org\/index.php?rest_route=\/wp\/v2\/posts\/2341\/revisions\/2373"}],"wp:attachment":[{"href":"https:\/\/www.analysedepratique.org\/index.php?rest_route=%2Fwp%2Fv2%2Fmedia&parent=2341"}],"wp:term":[{"taxonomy":"category","embeddable":true,"href":"https:\/\/www.analysedepratique.org\/index.php?rest_route=%2Fwp%2Fv2%2Fcategories&post=2341"},{"taxonomy":"post_tag","embeddable":true,"href":"https:\/\/www.analysedepratique.org\/index.php?rest_route=%2Fwp%2Fv2%2Ftags&post=2341"}],"curies":[{"name":"wp","href":"https:\/\/api.w.org\/{rel}","templated":true}]}}