{"id":2270,"date":"2016-12-10T12:17:13","date_gmt":"2016-12-10T11:17:13","guid":{"rendered":"http:\/\/www.analysedepratique.org\/?p=2270"},"modified":"2016-12-18T11:27:03","modified_gmt":"2016-12-18T10:27:03","slug":"numero-9-decembre-2016","status":"publish","type":"post","link":"https:\/\/www.analysedepratique.org\/?p=2270","title":{"rendered":"Num\u00e9ro 9 \u2013 d\u00e9cembre 2016"},"content":{"rendered":"<p>&nbsp;<\/p>\n<p><a href=\"http:\/\/www.analysedepratique.org\/?p=2341\">Editorial<\/a><\/p>\n<p><a href=\"http:\/\/www.analysedepratique.org\/?p=2293\">Fabienne Comp\u00e8re et Yann Vacher<\/a><br \/>\n<em>S\u00e9minaire d\u2019Analyse de Pratiques P\u00e9dagogiques : la posture de l\u2019animateur<\/em><\/p>\n<p><a href=\"http:\/\/www.analysedepratique.org\/?p=2276\">B\u00e9n\u00e9dicte Bourson<\/a><br \/>\n<em>Analyse de pratiques en communaut\u00e9 virtuelle d\u2019apprentissage : quelles conditions de r\u00e9ussite ?<\/em><\/p>\n<p><a href=\"http:\/\/www.analysedepratique.org\/?p=2328\">Corinne Rougerie<\/a><br \/>\n<em>Sensibilisation \u00e0 l\u2019analyse de la pratique \u00e0 l\u2019universit\u00e9 : pr\u00e9sentation d\u2019un dispositif singulier<\/em><\/p>\n<p><a href=\"http:\/\/www.analysedepratique.org\/?p=2271\">Marc Thi\u00e9baud<\/a><br \/>\n<em>Co-animer un groupe d&rsquo;APP : 1+1=&#8230;?<\/em><\/p>\n<p><a href=\"http:\/\/www.analysedepratique.org\/?p=2303\">Myriam Martin<\/a><br \/>\n<em>Un outil d\u2019APP simple \u00e0 partager<\/em><\/p>\n<div id=\"themify_builder_content-2270\" data-postid=\"2270\" class=\"themify_builder_content themify_builder_content-2270 themify_builder themify_builder_front\">\n\n\t<\/div>\n<!-- \/themify_builder_content -->","protected":false},"excerpt":{"rendered":"<p>&nbsp; Editorial Fabienne Comp\u00e8re et Yann Vacher S\u00e9minaire d\u2019Analyse de Pratiques P\u00e9dagogiques : la posture de l\u2019animateur B\u00e9n\u00e9dicte Bourson Analyse de pratiques en communaut\u00e9 virtuelle d\u2019apprentissage : quelles conditions de r\u00e9ussite ? Corinne Rougerie Sensibilisation \u00e0 l\u2019analyse de la pratique \u00e0 l\u2019universit\u00e9 : pr\u00e9sentation d\u2019un dispositif singulier Marc Thi\u00e9baud Co-animer un groupe d&rsquo;APP : 1+1=&#8230;? [&hellip;]<\/p>\n","protected":false},"author":2,"featured_media":0,"comment_status":"open","ping_status":"open","sticky":false,"template":"","format":"standard","meta":{"_jetpack_newsletter_access":"","_jetpack_dont_email_post_to_subs":false,"_jetpack_newsletter_tier_id":0,"_jetpack_memberships_contains_paywalled_content":false,"_jetpack_memberships_contains_paid_content":false,"footnotes":""},"categories":[1],"tags":[],"class_list":["post-2270","post","type-post","status-publish","format-standard","hentry","category-non-classe","has-post-title","no-post-date","has-post-category","has-post-tag","has-post-comment","has-post-author"],"jetpack_featured_media_url":"","jetpack_shortlink":"https:\/\/wp.me\/p3VXfJ-AC","jetpack_sharing_enabled":true,"_links":{"self":[{"href":"https:\/\/www.analysedepratique.org\/index.php?rest_route=\/wp\/v2\/posts\/2270","targetHints":{"allow":["GET"]}}],"collection":[{"href":"https:\/\/www.analysedepratique.org\/index.php?rest_route=\/wp\/v2\/posts"}],"about":[{"href":"https:\/\/www.analysedepratique.org\/index.php?rest_route=\/wp\/v2\/types\/post"}],"author":[{"embeddable":true,"href":"https:\/\/www.analysedepratique.org\/index.php?rest_route=\/wp\/v2\/users\/2"}],"replies":[{"embeddable":true,"href":"https:\/\/www.analysedepratique.org\/index.php?rest_route=%2Fwp%2Fv2%2Fcomments&post=2270"}],"version-history":[{"count":10,"href":"https:\/\/www.analysedepratique.org\/index.php?rest_route=\/wp\/v2\/posts\/2270\/revisions"}],"predecessor-version":[{"id":2369,"href":"https:\/\/www.analysedepratique.org\/index.php?rest_route=\/wp\/v2\/posts\/2270\/revisions\/2369"}],"wp:attachment":[{"href":"https:\/\/www.analysedepratique.org\/index.php?rest_route=%2Fwp%2Fv2%2Fmedia&parent=2270"}],"wp:term":[{"taxonomy":"category","embeddable":true,"href":"https:\/\/www.analysedepratique.org\/index.php?rest_route=%2Fwp%2Fv2%2Fcategories&post=2270"},{"taxonomy":"post_tag","embeddable":true,"href":"https:\/\/www.analysedepratique.org\/index.php?rest_route=%2Fwp%2Fv2%2Ftags&post=2270"}],"curies":[{"name":"wp","href":"https:\/\/api.w.org\/{rel}","templated":true}]}}