{"id":2193,"date":"2016-06-29T10:41:38","date_gmt":"2016-06-29T09:41:38","guid":{"rendered":"http:\/\/www.analysedepratique.org\/?p=2193"},"modified":"2016-06-29T15:36:05","modified_gmt":"2016-06-29T14:36:05","slug":"editorial-numero-8","status":"publish","type":"post","link":"https:\/\/www.analysedepratique.org\/?p=2193","title":{"rendered":"Editorial &#8211; num\u00e9ro 8"},"content":{"rendered":"<p>&nbsp;<\/p>\n<p style=\"text-align: justify;\">Voici le huiti\u00e8me num\u00e9ro de notre revue\u2026 A nouveau, nous vous proposons des contributions vari\u00e9es apportant des regards crois\u00e9s sur l\u2019analyse de pratiques professionnelles\u00a0: la suite de l\u2019entretien entre Yann Vacher et Fabienne Comp\u00e8re\u00a0sur le S\u00e9minaire d\u2019Analyse de Pratiques P\u00e9dagogiques (SAPP), une synth\u00e8se de r\u00e9flexions de th\u00e9oriciens et de praticiens sur l\u2019expression \u00ab\u00a0analyse de pratiques professionnelles\u00a0\u00bb (Jean Chocat), la fin du compte-rendu des travaux du 8<span style=\"font-size: 13.3333px; line-height: 20px;\">\u00e8me<\/span>\u00a0s\u00e9minaire GFAPP (Les \u00e9motions sont-elles une ressource pour l\u2019animateur de dispositifs d\u2019analyse de pratiques professionnelles\u00a0?) ainsi qu\u2019une pr\u00e9sentation des travaux conduits lors du 9<span style=\"font-size: 13.3333px; line-height: 20px;\">\u00e8me<\/span>\u00a0s\u00e9minaire.<\/p>\n<p style=\"text-align: justify;\">Nous continuons \u00e0 \u00e9largir la palette des types d\u2019articles\u00a0avec une nouvelle cat\u00e9gorie\u00a0: techniques et\u00a0outils au service de l\u2019analyse des pratiques professionnelles. C\u2019est ainsi que vous trouverez \u00e9galement dans ce num\u00e9ro un article sur des utilisations possibles du jeu de r\u00f4le dans l\u2019analyse de pratiques professionnelles (par Jean-Loup Muller, J\u00fcrg Bichsel et Marc Thi\u00e9baud).<\/p>\n<p style=\"text-align: justify;\">Sur le site de la revue, vous trouvez un appel \u00e0 contributions pour un num\u00e9ro th\u00e9matique qui para\u00eetra au printemps 2017\u00a0: \u00ab\u00a0Mettre en place et d\u00e9marrer un groupe d\u2019analyse de pratiques professionnelles\u00a0\u00bb. Vos contributions sont attendues jusqu\u2019au 30 novembre 2016.<\/p>\n<p style=\"text-align: justify;\">Une fois de plus, nous vous invitons \u00e0 \u00e9changer, \u00e0 partager, \u00e0 coop\u00e9rer en utilisant l\u2019espace des commentaires en bas de chaque page sur le site Internet et en nous faisant parvenir vos propositions d\u2019articles et d\u2019informations en lien avec l\u2019analyse de pratiques professionnelles.<\/p>\n<p style=\"text-align: justify;\">Nous vous souhaitons une lecture enrichissante.<\/p>\n<p align=\"center\">Coop\u00e9rativement v\u00f4tres,<\/p>\n<p align=\"center\">les r\u00e9dacteurs en chef,<\/p>\n<p align=\"center\">Philippe P\u00e9aud &amp; Patrick Robo<\/p>\n<div id=\"themify_builder_content-2193\" data-postid=\"2193\" class=\"themify_builder_content themify_builder_content-2193 themify_builder themify_builder_front\">\n\n\t<\/div>\n<!-- \/themify_builder_content -->","protected":false},"excerpt":{"rendered":"<p>&nbsp; Voici le huiti\u00e8me num\u00e9ro de notre revue\u2026 A nouveau, nous vous proposons des contributions vari\u00e9es apportant des regards crois\u00e9s sur l\u2019analyse de pratiques professionnelles\u00a0: la suite de l\u2019entretien entre Yann Vacher et Fabienne Comp\u00e8re\u00a0sur le S\u00e9minaire d\u2019Analyse de Pratiques P\u00e9dagogiques (SAPP), une synth\u00e8se de r\u00e9flexions de th\u00e9oriciens et de praticiens sur l\u2019expression \u00ab\u00a0analyse de [&hellip;]<\/p>\n","protected":false},"author":2,"featured_media":0,"comment_status":"open","ping_status":"open","sticky":false,"template":"","format":"standard","meta":{"_jetpack_newsletter_access":"","_jetpack_dont_email_post_to_subs":false,"_jetpack_newsletter_tier_id":0,"_jetpack_memberships_contains_paywalled_content":false,"_jetpack_memberships_contains_paid_content":false,"footnotes":""},"categories":[1],"tags":[],"class_list":["post-2193","post","type-post","status-publish","format-standard","hentry","category-non-classe","has-post-title","no-post-date","has-post-category","has-post-tag","has-post-comment","has-post-author"],"jetpack_featured_media_url":"","jetpack_shortlink":"https:\/\/wp.me\/p3VXfJ-zn","jetpack_sharing_enabled":true,"_links":{"self":[{"href":"https:\/\/www.analysedepratique.org\/index.php?rest_route=\/wp\/v2\/posts\/2193","targetHints":{"allow":["GET"]}}],"collection":[{"href":"https:\/\/www.analysedepratique.org\/index.php?rest_route=\/wp\/v2\/posts"}],"about":[{"href":"https:\/\/www.analysedepratique.org\/index.php?rest_route=\/wp\/v2\/types\/post"}],"author":[{"embeddable":true,"href":"https:\/\/www.analysedepratique.org\/index.php?rest_route=\/wp\/v2\/users\/2"}],"replies":[{"embeddable":true,"href":"https:\/\/www.analysedepratique.org\/index.php?rest_route=%2Fwp%2Fv2%2Fcomments&post=2193"}],"version-history":[{"count":11,"href":"https:\/\/www.analysedepratique.org\/index.php?rest_route=\/wp\/v2\/posts\/2193\/revisions"}],"predecessor-version":[{"id":2204,"href":"https:\/\/www.analysedepratique.org\/index.php?rest_route=\/wp\/v2\/posts\/2193\/revisions\/2204"}],"wp:attachment":[{"href":"https:\/\/www.analysedepratique.org\/index.php?rest_route=%2Fwp%2Fv2%2Fmedia&parent=2193"}],"wp:term":[{"taxonomy":"category","embeddable":true,"href":"https:\/\/www.analysedepratique.org\/index.php?rest_route=%2Fwp%2Fv2%2Fcategories&post=2193"},{"taxonomy":"post_tag","embeddable":true,"href":"https:\/\/www.analysedepratique.org\/index.php?rest_route=%2Fwp%2Fv2%2Ftags&post=2193"}],"curies":[{"name":"wp","href":"https:\/\/api.w.org\/{rel}","templated":true}]}}