{"id":2054,"date":"2016-01-17T17:17:16","date_gmt":"2016-01-17T16:17:16","guid":{"rendered":"http:\/\/www.analysedepratique.org\/?p=2054"},"modified":"2021-10-01T10:50:30","modified_gmt":"2021-10-01T09:50:30","slug":"la-place-de-lanimateur-comme-chef-dorchestre-du-groupe-danalyse-de-pratiques-professionnelles","status":"publish","type":"post","link":"https:\/\/www.analysedepratique.org\/?p=2054","title":{"rendered":"La place de l\u2019animateur comme chef d\u2019orchestre du groupe d\u2019analyse de pratiques professionnelles"},"content":{"rendered":"<h3><em><br \/>\n<strong>Jean Chocat<\/strong><\/em><\/h3>\n<p><em>Cadre de sant\u00e9 \u2013 Formateur en soins infirmiers en IFSI<br \/>\n<\/em><em><a href=\"mailto:jean.chocat@orange.fr\">jean.chocat@orange.fr<\/a><\/em><\/p>\n<h4><i><br \/>\nR\u00e9sum\u00e9<\/i><\/h4>\n<p style=\"text-align: justify;\">Quand nous nous projetons dans un dispositif d\u2019analyse de pratiques, nous centrons essentiellement notre attention sur l\u2019aspect m\u00e9thodologique de la d\u00e9marche et notamment sur les diff\u00e9rentes \u00e9tapes \u00e0 respecter. Cependant, sans occulter l\u2019importance de ces \u00e9tapes, il est capital de prendre en consid\u00e9ration et d\u2019explorer l\u2019influence de la dynamique de groupe sur le processus d\u2019analyse et le r\u00f4le de l\u2019animateur comme chef d\u2019orchestre de la s\u00e9ance d\u2019analyse de pratiques professionnelles (APP). Cet article, partant de l\u2019exp\u00e9rience de l\u2019animation de groupes d\u2019APP, \u00e9clair\u00e9 par diff\u00e9rentes approches th\u00e9oriques, propose des r\u00e9flexions pour la compr\u00e9hension de cette dynamique de groupe et sa conduite et il apporte des points de rep\u00e8re pratiques pour l\u2019animateur.<\/p>\n<h5><em>Mots-cl\u00e9s\u00a0<\/em><\/h5>\n<p>animateur, dynamique de groupe, r\u00f4le, posture<\/p>\n<h5><em>Cat\u00e9gorie d&rsquo;article\u00a0<\/em><\/h5>\n<p>Texte de r\u00e9flexion en lien avec des\u00a0pratiques<\/p>\n<h5><em>R\u00e9f\u00e9rencement\u00a0<\/em><\/h5>\n<p>Chocat, J. (2016). La place de l\u2019animateur comme chef d\u2019orchestre du groupe d\u2019analyse de pratiques professionnelles. In <em>Revue de l\u2019analyse de pratiques professionnelles<\/em>, 7, pp 54-65.\u00a0 http:\/\/www.analysedepratique.org\/?p=2054.<\/p>\n<hr class=\"shortcode hr light-gray\" style=\"border-width:1px;\" \/> <a href=\"http:\/\/www.analysedepratique.org\/wp-content\/uploads\/jean-chocat-revue-app-janvier2016.pdf\"><img loading=\"lazy\" decoding=\"async\" class=\"alignleft\" src=\"https:\/\/www.analysedepratique.org\/wp-content\/uploads\/download-icon.png\" alt=\"download-icon\" width=\"24\" height=\"29\" \/><\/a>\u00a0<a href=\"http:\/\/www.analysedepratique.org\/wp-content\/uploads\/jean-chocat-revue-app-janvier2016.pdf\">Article en PDF<\/a>\u00a0 \u00a0\u00a0 \u00a0\u00a0 \u00a0\u00a0 <a href=\"#co\"><img loading=\"lazy\" decoding=\"async\" src=\"https:\/\/www.analysedepratique.org\/wp-content\/uploads\/et-info-comment.png\" alt=\"et-info-comment\" width=\"30\" height=\"31\" \/><\/a>\u00a0<a href=\"#co\">Commentaires<\/a> <hr class=\"shortcode hr light-gray\" style=\"border-width:1px;\" \/>\n<p>&nbsp;<\/p>\n<p style=\"text-align: justify;\">[toc]<\/p>\n<p style=\"text-align: justify;\">Qui n\u2019a pas r\u00eav\u00e9 une fois dans sa vie d\u2019animateur<sup class='footnote'><a href='#fn-2054-1' id='fnref-2054-1' onclick='return fdfootnote_show(2054)'>1<\/a><\/sup>\u00a0de groupe d\u2019analyse de pratiques avec des \u00e9tudiants en formation d\u2019avoir le groupe id\u00e9al\u00a0! Un groupe dans lequel les \u00e9tudiants arriveraient en avance, s\u2019installeraient rapidement conform\u00e9ment aux attentes de l\u2019animateur, en prenant soin d\u2019\u00e9teindre leur t\u00e9l\u00e9phone portable ou tout autre objet connect\u00e9, pr\u00eats \u00e0 d\u00e9buter le travail, avec une situation \u00e0 proposer imm\u00e9diatement sans laisser un temps de silence parfois pesant amenant un riche partage de r\u00e9flexions au service de l\u2019analyse en groupe\u00a0! Sans oublier en fin de s\u00e9ance ou lors de bilans, un retour de la part des \u00e9tudiants plus que positif sur le dispositif d\u2019analyse de pratiques et sur la qualit\u00e9 de la prestation de l\u2019animateur\u00a0! Donc, en quelque sorte pour l\u2019animateur, un sentiment de pl\u00e9nitude et de satisfaction quasi indescriptibles\u00a0! Mais, la r\u00e9alit\u00e9 dans cette dynamique de groupe est bien diff\u00e9rente et m\u00e9rite qu\u2019on l\u2019interroge afin de la repositionner dans un certain rapport au r\u00e9el et la rendre plus efficiente.<\/p>\n<p style=\"text-align: justify;\">Dans cet article, diff\u00e9rents points vont \u00eatre abord\u00e9s. Ma volont\u00e9 n\u2019est pas de proposer des approches th\u00e9oriques en mati\u00e8re de dynamique de groupe<sup class='footnote'><a href='#fn-2054-2' id='fnref-2054-2' onclick='return fdfootnote_show(2054)'>2<\/a><\/sup>, largement abord\u00e9es par de nombreux auteurs, mais des r\u00e9flexions et rep\u00e8res li\u00e9es \u00e0 mon exp\u00e9rience en tant qu\u2019animateur de groupes d\u2019analyse afin de susciter chez le lecteur, un retour sur sa propre exp\u00e9rience en tant qu\u2019animateur et peut-\u00eatre l\u2019amener \u00e0 approfondir la perception qu\u2019il a en mati\u00e8re de conduite de groupes d\u2019APP.<\/p>\n<h4 style=\"text-align: justify;\"><strong>1. Quelques questions introductives issues de mon exp\u00e9rience d\u2019animateur<\/strong><\/h4>\n<p style=\"text-align: justify;\">Au terme de plusieurs ann\u00e9es durant lesquelles des groupes d\u2019analyse de pratiques de type \u00ab\u00a0groupe d\u2019entrainement \u00e0 l\u2019analyse de situations \u00e9ducatives\u00a0\u00bb (GEASE) ont \u00e9t\u00e9 conduits aupr\u00e8s d\u2019\u00e9tudiants<sup class='footnote'><a href='#fn-2054-3' id='fnref-2054-3' onclick='return fdfootnote_show(2054)'>3<\/a><\/sup>\u00a0en formation en soins infirmiers, et apr\u00e8s de nombreux \u00e9changes avec d\u2019autres animateurs<sup class='footnote'><a href='#fn-2054-4' id='fnref-2054-4' onclick='return fdfootnote_show(2054)'>4<\/a><\/sup>, l\u2019exp\u00e9rience du rapport au groupe para\u00eet \u00eatre ce qui interroge le plus les animateurs, sans pour autant se situer dans un ressenti n\u00e9gatif. Revenons ainsi \u00e0 ce qui peut \u00eatre v\u00e9cu ou observ\u00e9 en tant qu\u2019animateur de s\u00e9ance d\u2019analyse de pratiques. Quelques points de r\u00e9flexion ressortent de ces \u00e9changes.<\/p>\n<p style=\"text-align: justify;\">La confrontation au r\u00e9el du groupe dans son fonctionnement, peut pousser l\u2019animateur dans ses incertitudes et dans une zone d\u2019inconfort. En ma\u00eetrisant l\u2019ensemble des \u00e9tapes (par exemple celles du GEASE), on pourrait penser que cela peut \u00eatre suffisant pour \u00eatre performant. Il est effectivement important de les respecter, mais tr\u00e8s rapidement j\u2019assiste \u00e0 l\u2019\u00e9mergence d\u2019un autre facteur, \u00e0 savoir, la puissance potentielle du groupe\u00a0avec plusieurs modes d\u2019engagement de la part des \u00e9tudiants dans le travail d\u2019analyse. J\u2019ai pu observer diff\u00e9rents fonctionnements, par exemple\u00a0: soit un groupe dynamique (qui produit un travail d\u2019analyse), soit un groupe \u00ab\u00a0destructeur<sup class='footnote'><a href='#fn-2054-5' id='fnref-2054-5' onclick='return fdfootnote_show(2054)'>5<\/a><\/sup>\u00a0\u00bb (apathique, sur la d\u00e9fensive, absent, accapar\u00e9 par d\u2019autres pr\u00e9occupations\u2026). Dans le cours d\u2019une m\u00eame s\u00e9ance, le fonctionnement d\u2019un groupe peut changer, passant d\u2019un groupe apathique \u00e0 celui qui se dynamise ou inversement. En outre, les \u00e9tudiants peuvent ne pas \u00eatre \u00e0 l\u2019endroit o\u00f9 nous souhaiterions qu\u2019ils soient, c\u2019est-\u00e0-dire pr\u00e9sents physiquement et psychiquement durant le temps de l\u2019analyse de pratiques\u00a0; certains arrivent un peu en retard, ont oubli\u00e9 le travail demand\u00e9, montrent clairement l\u2019envie d\u2019\u00eatre ailleurs, gardent leur manteau sur eux\u2026<\/p>\n<p style=\"text-align: justify;\">Ces attitudes prennent valeur de sens pour l\u2019animateur, et lui renvoient que les deux heures trente \u00e0 venir risquent d\u2019\u00eatre longues et \u00ab\u00a0pesantes\u00a0\u00bb ou bien \u00ab\u00a0agr\u00e9ables\u00a0\u00bb\u00a0! \u00c0 bien y r\u00e9fl\u00e9chir, les termes \u00ab\u00a0destructeur\u00a0\u00bb, \u00ab\u00a0agr\u00e9able\u00a0\u00bb et \u00ab\u00a0pesant\u00a0\u00bb montrent la dimension \u00e9motionnelle, peut-\u00eatre induite par ma propre mani\u00e8re d\u2019entrer en relation avec le groupe, mes attentes et les ph\u00e9nom\u00e8nes intra et inter-psychiques qui s\u2019y d\u00e9roulent. C\u2019est une question qui peut \u00eatre travaill\u00e9e lors de temps de supervision.<\/p>\n<p style=\"text-align: justify;\">Cependant, l\u2019animateur ne vit pas que des moments difficiles. Au contraire, cette r\u00e9alit\u00e9 per\u00e7ue laisse place \u00e0 d\u2019incroyables souvenirs de temps d\u2019analyse. Je suis toujours stup\u00e9fait par les capacit\u00e9s des \u00e9tudiants \u00e0 analyser, \u00e0 poser des questions pertinentes et proposer \u00e0 l\u2019exposant des hypoth\u00e8ses compr\u00e9hensives. Bien souvent, ces temps d\u2019analyse m\u2019ont permis de les percevoir sous un autre \u00ab\u00a0jour\u00a0\u00bb.<\/p>\n<p style=\"text-align: justify;\">Cependant, la dynamique instaur\u00e9e par le groupe d\u2019\u00e9tudiants questionne nos limites et, au final, en y r\u00e9fl\u00e9chissant bien, nous aide \u00e0 progresser dans cette fonction d\u2019animateur. Comment peut-on penser autrement le groupe pour le conduire vers un haut degr\u00e9 de performance et quelle est la place et le r\u00f4le de l\u2019animateur dans cette dynamique de groupe\u00a0?<\/p>\n<h4 style=\"text-align: justify;\"><strong>2. Rep\u00e8res th\u00e9oriques et pratiques sur la \u00ab\u00a0vie\u00a0\u00bb du groupe en analyse de pratiques et sur la place de l\u2019animateur<\/strong><\/h4>\n<p style=\"text-align: justify;\">Cette r\u00e9flexion se situe dans le cadre d\u2019APP en formation initiale aupr\u00e8s d\u2019\u00e9tudiants infirmiers, et non aupr\u00e8s de professionnels. Les groupes sont constitu\u00e9s de quinze \u00e9tudiants avec un animateur de s\u00e9ance. Les groupes demeurent les m\u00eames durant les trois ann\u00e9es de formation, et les temps d\u2019analyse sont syst\u00e9matiquement r\u00e9alis\u00e9s au retour de chaque stage clinique soit environ 3 \u00e0 4 s\u00e9ances par ann\u00e9e de formation. Ce qui en soi est peu mais tient compte des contraintes institutionnelles. Au cours de chaque s\u00e9ance, chaque \u00e9tudiant rapporte une situation qu\u2019il a v\u00e9cue au cours de son stage et qu\u2019il souhaite proposer au groupe pour analyse.<\/p>\n<p style=\"text-align: justify;\">Pour faciliter l\u2019\u00e9mergence de rep\u00e8res pour la pratique d\u2019animateur, je vais emprunter \u00e0 diff\u00e9rents courants th\u00e9oriques des \u00e9l\u00e9ments conceptuels\u00a0relevant de la psycho-sociologie clinique, de l\u2019approche humaniste relative \u00e0 la dynamique des groupes avec un petit d\u00e9tour vers la psychanalyse. Certes, il n\u2019est pas toujours judicieux de combiner des approches diff\u00e9rentes, mais voyons plut\u00f4t cette d\u00e9marche en termes de compl\u00e9mentarit\u00e9 de grilles de lecture.<\/p>\n<h6 style=\"text-align: justify;\"><strong>2.1 La sp\u00e9cificit\u00e9 du groupe d\u2019analyse de pratiques, sa naissance et son d\u00e9veloppement<\/strong><\/h6>\n<p><a href=\"#_ftnref1\" name=\"_ftn1\"><\/a><\/p>\n<p style=\"text-align: justify;\"><strong>2.1.1<\/strong> <strong>La sp\u00e9cificit\u00e9 du groupe d\u2019analyse de pratiques<\/strong>\u00a0<strong>: un dispositif \u00e0 part\u00a0?<\/strong><\/p>\n<p style=\"text-align: justify;\">Existe-t-il dans les Instituts de Formation en Soins Infirmiers (IFSI), en dehors du temps d\u2019analyse de pratiques, un groupe qui serait semblable\u00a0? Si oui, \u00e0 quel(s) moment(s)\u00a0? L\u2019animateur peut-il avoir v\u00e9cu, ailleurs, avec les m\u00eames \u00e9tudiants, un moment de formation similaire\u00a0? En consid\u00e9rant les diff\u00e9rents temps de travail en groupe (travaux dirig\u00e9s, retour de stage, guidance collective pour les travaux de fin d\u2019\u00e9tudes\u2026), il semble que la dynamique et l\u2019animation du groupe en APP ne pr\u00e9sentent pas les m\u00eames caract\u00e9ristiques, hormis, peut-\u00eatre, sur des temps de suivi p\u00e9dagogique o\u00f9 l\u2019\u00e9quipe p\u00e9dagogique aide l\u2019\u00e9tudiant \u00e0 explorer certaines probl\u00e9matiques v\u00e9cues et au cours desquels nous mettons en place une approche \u00e0 dimension r\u00e9flexive. Ainsi, nous pourrions citer comme caract\u00e9ristiques principales du groupe d\u2019APP\u00a0:<\/p>\n<ul style=\"text-align: justify;\">\n<li>la place toute particuli\u00e8re accord\u00e9e \u00e0 la dimension r\u00e9flexive o\u00f9 la recherche d\u2019une solution \u00e0 une situation v\u00e9cue n\u2019est pas le but poursuivi,<\/li>\n<li>le r\u00f4le du groupe dans le travail d\u2019analyse et ce qui est attendu par l\u2019animateur<sup class='footnote'><a href='#fn-2054-6' id='fnref-2054-6' onclick='return fdfootnote_show(2054)'>6<\/a><\/sup>.<\/li>\n<\/ul>\n<p style=\"text-align: justify;\">Faut-il pour autant en faire un dispositif \u00e0 part\u00a0? J\u2019ai quand m\u00eame l\u2019impression d\u2019\u00eatre lors des s\u00e9ances d\u2019APP dans un lieu et dans un moment particuliers, singuliers, en dehors des temps de formation habituels. Il y a plus que dans tout autre type de travail en groupe un certain ressenti avec un avant, un pendant, et un apr\u00e8s pour chaque s\u00e9ance d\u2019analyse de pratiques. L\u2019une des premi\u00e8res hypoth\u00e8ses \u00e0 ce ressenti, est peut-\u00eatre la raret\u00e9 relative de ces temps d\u2019analyse. En effet, et malheureusement compte tenu des contraintes (de temps, d\u2019effectifs en tant qu\u2019animateurs, de quota d\u2019\u00e9tudiants des diff\u00e9rentes promotions, de programme de formation), le groupe d\u2019APP ne se retrouve r\u00e9uni qu\u2019\u00e9pisodiquement sur 3 \u00e0 4 s\u00e9ances annuelles. Il existe aussi l\u2019effet novateur de ces approches en formation (au m\u00eame titre que l\u2019apprentissage par simulation actuellement). Mais je pourrais aussi mentionner que durant et par ce travail d\u2019analyse, ce rapport particulier accord\u00e9 \u00e0 la pratique r\u00e9elle, son articulation avec des approches th\u00e9oriques, la volont\u00e9 d\u2019ouverture vers de multiples compr\u00e9hension d\u2019une situation v\u00e9cue.<\/p>\n<p style=\"text-align: justify;\">Ce qui est int\u00e9ressant, pour l\u2019animateur, du fait de son exp\u00e9rience acquise durant les temps d\u2019analyse, c\u2019est de pouvoir transposer sur d\u2019autres approches en formation (par exemple lors de travaux dirig\u00e9s) certains principes qui guident notre pratique d\u2019animateur\u00a0lors d\u2019APP : favoriser la d\u00e9marche r\u00e9flexive, le questionnement, la mobilisation de diff\u00e9rents savoirs professionnels, les articuler avec la pratique r\u00e9elle, en appr\u00e9cier leur efficience, accorder \u00e0 l\u2019\u00e9tudiant une place qui le positionne non pas en tant que \u00ab\u00a0receveur\u00a0\u00bb d\u2019un savoir mais capable de le co-construire, la dynamique du groupe.<\/p>\n<p style=\"text-align: justify;\"><strong>2.1.2 Sa naissance et son d\u00e9veloppement<\/strong><\/p>\n<p style=\"text-align: justify;\">Un groupe d\u2019analyse \u00e9volue dans le temps. En effet, de nombreux facteurs coexistent\u00a0: les comp\u00e9tences de l\u2019animateur, des participants et du groupe, le rythme des s\u00e9ances, le lien avec le projet p\u00e9dagogique qui donne sens \u00e0 ce genre de travail, etc. Le groupe na\u00eet, se transforme et se s\u00e9pare (du moins physiquement) au terme de la formation initiale en soins infirmiers. Quel temps faut-il donner pour cette naissance, ce d\u00e9veloppement, et pour le travail de s\u00e9paration\u00a0? La premi\u00e8re ann\u00e9e<sup class='footnote'><a href='#fn-2054-7' id='fnref-2054-7' onclick='return fdfootnote_show(2054)'>7<\/a><\/sup>, le groupe d\u00e9couvre ce travail, s\u2019installe, exp\u00e9rimente les diff\u00e9rentes \u00e9tapes. Une \u00e9tudiante interrog\u00e9e \u00e0 ce sujet, explique que, lors des premi\u00e8res s\u00e9ances, le questionnement est celui du sens de ce dispositif. La seconde ann\u00e9e, le groupe devient progressivement producteur d\u2019un objet analys\u00e9 et la troisi\u00e8me ann\u00e9e, il prend son autonomie en devenant de plus en plus acteur. Je garde le souvenir positif de ce moment o\u00f9, en troisi\u00e8me ann\u00e9e, une \u00e9tudiante, lors du tour de table en d\u00e9but de s\u00e9ance, demande spontan\u00e9ment au groupe de l\u2019aider \u00e0 mieux comprendre et \u00e0 appr\u00e9hender une situation v\u00e9cue lors d\u2019un stage clinique<sup class='footnote'><a href='#fn-2054-8' id='fnref-2054-8' onclick='return fdfootnote_show(2054)'>8<\/a><\/sup>\u00a0! L\u2019animateur s\u2019efface \u00ab\u00a0doucement\u00a0\u00bb (mais ne disparait pas pour autant) et ne se situe plus dans un rapport \u00ab\u00a0de force<sup class='footnote'><a href='#fn-2054-9' id='fnref-2054-9' onclick='return fdfootnote_show(2054)'>9<\/a><\/sup>\u00a0\u00bb pour faire \u00e9merger la situation qui sera analys\u00e9e.<\/p>\n<p style=\"text-align: justify;\">Il me para\u00eet ainsi important que la constitution d\u2019un groupe reste identique. Le facteur stabilit\u00e9 dans le temps est essentiel \u00e0 prendre en compte. En pratique, le groupe de formateurs conserve le m\u00eame groupe sur les trois ann\u00e9es de formation. Nous voyons ainsi que le r\u00f4le et la place de l\u2019animateur \u00e9voluent au fil de ces diff\u00e9rentes ann\u00e9es. D\u2019un guide au d\u00e9but, il va progressivement laisser une place de plus en plus grande aux membres du groupe. C\u2019est presque en fin de troisi\u00e8me ann\u00e9e, quand la s\u00e9paration devient officielle du fait de l\u2019obtention du dipl\u00f4me d\u2019\u00c9tat, que le groupe atteint une certaine maturit\u00e9. Ceci est \u00e0 mettre en parall\u00e8le avec le fait que, l\u2019\u00e9tudiant \u00e0 lui-m\u00eame progress\u00e9, a acquis des connaissances et de l\u2019exp\u00e9rience clinique et entre bient\u00f4t dans la vie professionnelle. On observe ainsi au cours de la formation, un double mouvement qui se nourrit mutuellement\u00a0: par le biais du processus de formation, l\u2019\u00e9tudiant d\u00e9veloppe des comp\u00e9tences, acquiert une certaine maturit\u00e9 pour la d\u00e9marche d\u2019analyse de pratiques et cette derni\u00e8re influence en retour les acquisitions professionnelles.<\/p>\n<p style=\"text-align: justify;\">Ce que je peux relever, c\u2019est que l\u2019animateur va devoir s\u2019adapter au niveau d\u2019\u00e9volution et de maturation de chaque groupe qu\u2019il anime<sup class='footnote'><a href='#fn-2054-10' id='fnref-2054-10' onclick='return fdfootnote_show(2054)'>10<\/a><\/sup>. Il doit prendre en compte ce param\u00e8tre dans son travail, c\u2019est-\u00e0-dire moduler son animation suivant la sp\u00e9cificit\u00e9 de chaque groupe dans l\u2019optique de son d\u00e9veloppement. De plus, l\u2019animateur doit par son attitude, par ses capacit\u00e9s \u00e0 questionner, \u00e0 mobiliser diff\u00e9rents savoirs, les articuler, montrer au groupe les comp\u00e9tences \u00e0 d\u00e9velopper en mati\u00e8re d\u2019APP. En outre, un travail de supervision aide l\u2019animateur \u00e0 s\u2019interroger sur ce qu\u2019il projette sur le groupe en termes d\u2019attentes, \u00e0 appr\u00e9cier l\u2019efficience de ses interventions et \u00e0 prendre conscience que ses capacit\u00e9s \u00e0 \u00e9couter le groupe sont d\u00e9terminantes.<\/p>\n<h6 style=\"text-align: justify;\"><strong>2.2 Les ph\u00e9nom\u00e8nes de groupe\u00a0et les processus de construction-r\u00e9gulation<\/strong><\/h6>\n<p style=\"text-align: justify;\">Le second point\u00a0de r\u00e9flexion pose un postulat\u00a0: les ph\u00e9nom\u00e8nes de groupe observ\u00e9s et pr\u00e9sent\u00e9s pr\u00e9c\u00e9demment (l\u2019absence spontan\u00e9e de situations, le retard de certains \u00e9tudiants, la place aujourd\u2019hui des objets connect\u00e9s parasitant le travail en cours, la non-\u00e9volution du travail d\u2019analyse, l\u2019absence de participation de certains \u00e9tudiants, les silences\u2026) et v\u00e9cus par l\u2019animateur parfois de fa\u00e7on n\u00e9gative, ne sont pas \u00e0 rejeter comme \u00e9tant des ph\u00e9nom\u00e8nes d\u00e9viants. Ils t\u00e9moignent d\u2019un fonctionnement de certains groupes. De ce fait, en comprenant ces ph\u00e9nom\u00e8nes, l\u2019animateur ne se situe plus dans une position de rejet, de d\u00e9fense ou de r\u00e9action n\u00e9gative, mais il les int\u00e8gre dans ce qu\u2019il doit normalement g\u00e9rer, pour que le groupe passe d\u2019un d\u00e9sordre apparent \u00e0 une implication propice au travail d\u2019analyse. Ces ph\u00e9nom\u00e8nes observ\u00e9s et v\u00e9cus interrogent alors la mani\u00e8re dont se structure le groupe et la dynamique qui s\u2019y d\u00e9veloppe. Comment faire \u00e9voluer le groupe vers une plus grande ma\u00eetrise de cette dynamique, qui doit \u00eatre au service du travail d\u2019analyse\u00a0? Diff\u00e9rents rep\u00e8res sont pr\u00e9sent\u00e9s ici.<\/p>\n<p style=\"text-align: justify;\">Tout d\u2019abord, j\u2019aborderai la question du contenant groupal, souvent mentionn\u00e9e dans les ph\u00e9nom\u00e8nes de groupe. Comme l\u2019\u00e9voque Christian Michelot (2015, p\u00a020) citant Balint\u00a0: \u00ab\u00a0<em>la dynamique du groupe est \u00e0 chaque moment essentielle\u00a0: elle constitue la condition de la progression de chacun, permettant de supporter les in\u00e9vitables tensions et crises\u00a0; celles-ci peuvent \u00eatre travers\u00e9es, car elles constituent \u00e9galement des ph\u00e9nom\u00e8nes de groupe et ne concernent pas uniquement l\u2019individu\u00a0<\/em>\u00bb. Claudine Blanchard Laville (cit\u00e9e par Danielle Hans, 2015, p\u00a061-62) explique quant \u00e0 elle que\u00a0: \u00ab\u00a0<em>lorsqu\u2019il est pos\u00e9 de mani\u00e8re assez souple et non rigide, le cadre offre une s\u00e9curit\u00e9 pour penser, il assure une fonction de contenance o\u00f9 la fluidit\u00e9 et la mobilit\u00e9 des repr\u00e9sentations faciliteront la circulation intrapsychique et intersubjective des objets mis en travail dans tout dispositif\u00a0<\/em>\u00bb. Nous voyons ainsi l\u2019importance \u00e0 accorder au contenant groupal, pour le travail d\u2019analyse. Danielle Hans (2015) consid\u00e8re ce contenant groupal comme \u00e9tant la d\u00e9limitation d\u2019un dedans et d\u2019un dehors, ce qui rejoint ce que j\u2019\u00e9voquais plus haut, dans le ressenti de l\u2019animateur et des participants, d\u2019un avant, d\u2019un pendant, et d\u2019un apr\u00e8s la s\u00e9ance d\u2019analyse.<\/p>\n<p style=\"text-align: justify;\">Mais comment l\u2019animateur peut-il travailler ce contenant groupal\u00a0? Avant tout, le point basique mais primordial et qui rel\u00e8ve de la psychologie humaniste<sup class='footnote'><a href='#fn-2054-11' id='fnref-2054-11' onclick='return fdfootnote_show(2054)'>11<\/a><\/sup>, porte sur la conviction que doit avoir tout animateur sur les potentialit\u00e9s du groupe (et de chaque \u00e9tudiant). Le groupe n\u2019est pas la somme des individus, mais un tout diff\u00e9rent de cette somme<sup class='footnote'><a href='#fn-2054-12' id='fnref-2054-12' onclick='return fdfootnote_show(2054)'>12<\/a><\/sup>. Il n\u2019y a pas de bons ou de mauvais groupes (ni de bons ou de mauvais \u00e9tudiants). Ils sont certainement diff\u00e9rents, et le travail d\u2019analyse doit pouvoir normalement se r\u00e9aliser.<\/p>\n<p style=\"text-align: justify;\">Selon Chantal Humbert (2012), diff\u00e9rents \u00e9l\u00e9ments engagent la dynamique du groupe\u00a0; notamment son histoire, la succession des situations pr\u00e9sent\u00e9es et son cadre d\u2019application. Nous allons les pr\u00e9ciser.<\/p>\n<p><strong>2.2.1 Cr\u00e9er l\u2019histoire du groupe et la succession des situations pr\u00e9sent\u00e9es<\/strong><\/p>\n<p style=\"text-align: justify;\">Le contenant est issu d\u2019un sentiment d\u2019unicit\u00e9 et de permanence dans le temps des trois ann\u00e9es de formation. Le travail d\u2019analyse cr\u00e9e une histoire qui se construit et s\u2019enrichit au fil du temps, avec des r\u00e9cits possibles sur la vie du groupe. Pour ma part, j\u2019ai pris l\u2019habitude de retracer chaque s\u00e9ance par \u00e9crit sur un carnet personnel et confidentiel. Je relate la date, le contexte, sa dur\u00e9e, la situation analys\u00e9e, les \u00e9l\u00e9ments de compr\u00e9hension qui ont \u00e9merg\u00e9 et pour finir, mon ressenti sur ce travail en m\u2019autorisant une note sur mon v\u00e9cu. Au fil du temps, gr\u00e2ce \u00e0 des relectures \u00e9pisodiques, je cr\u00e9e mon histoire d\u2019animateur en parall\u00e8le de celle du groupe. En outre, \u00e0 la fin de chaque atelier d\u2019analyse avec le groupe, une derni\u00e8re phase m\u00e9ta<sup class='footnote'><a href='#fn-2054-13' id='fnref-2054-13' onclick='return fdfootnote_show(2054)'>13<\/a><\/sup> peut cr\u00e9er ce sentiment d\u2019existence, par un retour sur le v\u00e9cu du groupe et le travail accompli. En effet, il semble essentiel de d\u00e9velopper en son sein ce sentiment et cette r\u00e9alit\u00e9 du travail produit. De cette prise de conscience, un ressenti positif (et parfois n\u00e9gatif si le groupe est insatisfait) peut na\u00eetre et amorcer la cr\u00e9ation d\u2019une empreinte mn\u00e9sique. M\u00eame apr\u00e8s plusieurs ann\u00e9es, en tant qu\u2019animateur, mes souvenirs des diff\u00e9rents groupes persistent comme \u00e9tant une pr\u00e9sence permanente.<\/p>\n<p style=\"text-align: justify;\">Quand commence cette histoire\u00a0? Pour le groupe d\u2019APP, elle d\u00e9bute certainement lors de la pr\u00e9sentation du dispositif au semestre\u00a01 du programme de formation<sup class='footnote'><a href='#fn-2054-14' id='fnref-2054-14' onclick='return fdfootnote_show(2054)'>14<\/a><\/sup> en premi\u00e8re ann\u00e9e. En effet, avant cette p\u00e9riode, les \u00e9tudiants ont rarement exp\u00e9riment\u00e9 ce type de dispositif d\u2019analyse, voire m\u00eame ils ne savent pas que cela existe\u00a0! Une premi\u00e8re repr\u00e9sentation cognitive, conative<sup class='footnote'><a href='#fn-2054-15' id='fnref-2054-15' onclick='return fdfootnote_show(2054)'>15<\/a><\/sup> et op\u00e9ratoire appara\u00eet alors. Il est important de soigner la pr\u00e9sentation du dispositif, que cela soit le plus concret possible, de pr\u00e9senter le programme tel qu\u2019il va se d\u00e9rouler, sans l\u2019enfermer dans un cadre trop rigide et r\u00e9pondre \u00e0 des questionnements. Pour ma part, je pr\u00e9vois aussi lors de cette \u00e9tape de pr\u00e9sentation quelques exercices d\u2019apprentissage permettant de travailler le rapport \u00e0 sa pratique (\u00ab\u00a0le savoir capter une situation v\u00e9cue\u00a0\u00bb), revisiter \u00e0 distance la situation, la mettre en r\u00e9cit, la questionner, apprendre \u00e0 mobiliser des cadres d\u2019analyse de la pratique et des savoirs et en appr\u00e9cier le r\u00e9sultat obtenu pour son propre apprentissage. Puis au fil de chaque s\u00e9ance d\u2019APP, un rappel du dispositif peut \u00eatre n\u00e9cessaire suivant les points \u00e0 am\u00e9liorer au sein du groupe.<\/p>\n<p style=\"text-align: justify;\">C\u2019est aussi la succession des situations analys\u00e9es qui cr\u00e9e un fil d\u2019attache des diff\u00e9rentes s\u00e9ances, dans le sens d\u2019une projection dans une s\u00e9ance d\u2019analyse \u00e0 venir, charg\u00e9e d\u2019un potentiel de formation pour l\u2019\u00e9tudiant. J\u2019incite ainsi les \u00e9tudiants, notamment lors des stages cliniques, \u00e0 anticiper les situations \u00e0 pr\u00e9senter, en les invitant \u00e0 r\u00e9fl\u00e9chir \u00e0 une situation actuelle, \u00e0 la mani\u00e8re dont ils la vivent et dont ils aimeraient, le cas \u00e9ch\u00e9ant, la pr\u00e9senter au groupe dans le but de mieux la comprendre. Cependant cette anticipation s\u2019acquiert gr\u00e2ce \u00e0 l\u2019\u00e9volution du groupe, \u00e0 sa maturit\u00e9 et \u00e0 l\u2019\u00e9volution des \u00e9tudiants dans leur parcours de formation. De plus, au d\u00e9but de chaque s\u00e9ance, je reviens sur la s\u00e9ance pr\u00e9c\u00e9dente et sur l\u2019inter-s\u00e9ance, en demandant \u00e0 l&rsquo;\u00e9tudiant qui a expos\u00e9 une situation d&rsquo;exprimer, s&rsquo;il le souhaite, comment il a chemin\u00e9 depuis la derni\u00e8re rencontre. J\u2019invite \u00e9galement le groupe \u00e0 exprimer un \u00ab\u00a0quoi de neuf\u00a0pour eux-m\u00eames\u00a0?\u00a0\u00bb, sans revenir sur l\u2019analyse r\u00e9alis\u00e9e sur la situation pr\u00e9sent\u00e9e.<\/p>\n<p><strong>2.2.2 La question du cadre : \u00ab\u00a0un cadre pour dire et s\u2019entendre dire\u00a0\u00bb<\/strong><\/p>\n<p style=\"text-align: justify;\">Par d\u00e9finition, en analyse de pratiques, l\u2019\u00e9tudiant qui expose est oblig\u00e9 de se d\u00e9couvrir pour faire part de son v\u00e9cu, de ses d\u00e9faillances \u00e9ventuelles, de ses doutes, d\u2019o\u00f9 l\u2019importance d\u2019apporter au groupe une s\u00e9curit\u00e9. Ce qui est primordial, c\u2019est justement de pouvoir faire l\u2019exp\u00e9rience d\u2019une groupalit\u00e9 positive. Selon C. Humbert (2012), il s\u2019agit de d\u00e9velopper l\u2019ouverture \u00e0 \u00ab\u00a0<em>un fonctionnement de groupe o\u00f9 la conflictualit\u00e9 est possible sans courir le risque de la destruction\u00a0: une conflictualit\u00e9 positive et source de cr\u00e9ativit\u00e9<\/em>\u00a0\u00bb. Ceci est rendu possible si plusieurs conditions sont pr\u00e9sentes\u00a0: un dispositif d\u2019analyse bien identifi\u00e9 par rapport aux autres moments de formation, avec des principes qui r\u00e9gissent les \u00e9changes et les positions de chacun. En tout premier lieu importe le respect des principes de fonctionnement du groupe, que nous ne d\u00e9velopperons pas dans cet article, \u00e0 savoir\u00a0: le non-jugement, la confidentialit\u00e9, le respect de chacun, une bienveillance et le souci d\u2019accompagner l\u2019autre dans sa propre compr\u00e9hension. Les r\u00e8gles sont \u00e0 \u00e9noncer en tout d\u00e9but de chaque s\u00e9ance, mais surtout les \u00e9tudiants doivent les sentir appliqu\u00e9es et respect\u00e9es. C\u2019est \u00e0 l\u2019animateur que revient la t\u00e2che d\u2019en \u00eatre le garant, pour ne pas courir le risque de faire perdre au groupe la confiance et de cr\u00e9er un manque de lisibilit\u00e9. Il m\u2019est arriv\u00e9 lors d\u2019une APP d\u2019arr\u00eater la s\u00e9ance en cours et exprimer les observations relatives \u00e0 un manque de pr\u00e9sence psychique de la part du groupe (non-\u00e9coute, attitude qui d\u00e9montre un manque d\u2019int\u00e9r\u00eat\u2026) envers l\u2019exposant ainsi que de recadrer des \u00e9changes ou prises de position ne respectant plus l\u2019exposant.<\/p>\n<h6 style=\"text-align: justify;\"><strong>2.3 La question de l\u2019\u00e9coute de l\u2019animateur au sein du groupe d\u2019analyse<\/strong><\/h6>\n<p style=\"text-align: justify;\">Pour ma part, au-del\u00e0 des principes qui guident la vie du groupe et des \u00e9changes, je m\u2019attache \u00e0 d\u00e9velopper simultan\u00e9ment trois \u00e9coutes au sein du groupe\u00a0:<\/p>\n<ul style=\"text-align: justify;\">\n<li>une \u00e9coute du groupe, dans sa globalit\u00e9, dans la plus ou moins grande fluidit\u00e9 de la parole et des mouvements psychiques, dans ses silences (qui peuvent aussi traduire un temps de r\u00e9flexion et pas forc\u00e9ment un d\u00e9sint\u00e9r\u00eat pour le travail en cours),<\/li>\n<li>une \u00e9coute de l\u2019exposant dans sa mani\u00e8re d\u2019investir cet espace qui lui est d\u00e9di\u00e9 et<\/li>\n<li>une \u00e9coute de moi-m\u00eame en tant qu\u2019animateur\u00a0: quelle r\u00e9sonance en moi produit la vie du groupe, sa dynamique, ce qui est propos\u00e9 et \u00e9chang\u00e9. Par exemple, lors d\u2019une s\u00e9ance d\u2019analyse, une \u00e9tudiante pr\u00e9sente une situation v\u00e9cue lors d\u2019un stage. Je ressens un inconfort \u00e0 garder cette situation, une envie de la changer. Qu\u2019allons-nous pouvoir en dire\u00a0? Je ressens un doute. Cependant, je m\u2019autorise un arr\u00eat dans ma r\u00e9flexion qui, me semble-t-il, ne respecte pas le fait que, ce qui est important, c\u2019est ce qui l\u2019est pour l\u2019\u00e9tudiant et non pour moi-m\u00eame en tant qu\u2019animateur. Je me rends compte en direct que je censure l\u2019exposant. Au final, je laisse le travail se faire autour de cette situation, en \u00e9tant convaincu que le chemin \u00e0 parcourir durant cette s\u00e9ance n\u2019est pas encore inscrit, mais qu\u2019il va l\u2019\u00eatre au fur et \u00e0 mesure. Il faut accepter l\u2019incertitude et croire dans les potentialit\u00e9s de l\u2019exposant et du groupe. Je retrouve l\u00e0 une sensibilit\u00e9 rog\u00e9rienne.<\/li>\n<\/ul>\n<p style=\"text-align: justify;\">Ce travail n\u00e9cessaire d\u2019\u00e9coute m\u2019apporte des renseignements sur cette dynamique groupale en cours et m\u2019aide dans des prises de d\u00e9cisions. Il inscrit le travail de l\u2019animateur dans de la souplesse d\u2019action et non dans des attitudes st\u00e9r\u00e9otyp\u00e9es face au groupe. Dans le cadre des groupes de parole, M.\u00a0Ruszniewski (1999) pr\u00e9cise\u00a0que \u00ab\u00a0<em>le leader<\/em><sup class='footnote'><a href='#fn-2054-16' id='fnref-2054-16' onclick='return fdfootnote_show(2054)'>16<\/a><\/sup><em>\u00a0doit en permanence r\u00e9inventer. Ses interventions, pour \u00eatre efficaces, doivent avoir le go\u00fbt de la nouveaut\u00e9\u2026 On est leader dans l\u2019action, dans le pr\u00e9sent du groupe de parole, quand, au sein du groupe, on occupe, on tient, on prot\u00e8ge, on assure la place de leader\u00a0<\/em>\u00bb. (1999, p\u00a097).<\/p>\n<h6 style=\"text-align: justify;\"><strong>2.4 La question du transfert du groupe sur l\u2019animateur et sa zone d\u2019activit\u00e9<\/strong><\/h6>\n<p style=\"text-align: justify;\">Dans l\u2019\u00e9tude des groupes de parole \u00e0 l\u2019h\u00f4pital, J. Ruszniewski (1999) aborde la place du leader. Nous allons nous en inspirer. Elle explique, avec un regard psychanalytique, que le groupe va investir en son sein un leader ayant une mission, et que pour que le groupe soit f\u00e9cond, il faut \u00ab\u00a0<em>qu\u2019une relation transf\u00e9rentielle se tisse entre les membres et le leader<\/em>\u00a0\u00bb (1999, p\u00a0112). Point important, le leader est investi d\u2019un suppos\u00e9 savoir professionnel et pouvoir, ce qui est protecteur pour le groupe. Nous voyons ainsi que la position octroy\u00e9e \u00e0 l\u2019animateur n\u2019est pas une position neutre. De ce fait, cette position lui conf\u00e8re une certaine solitude au sein du groupe (pas au sens d\u2019\u00eatre seul, car il fait aussi partie du groupe d\u2019analyse). En partie, c\u2019est \u00e0 ce prix que le groupe se sent en s\u00e9curit\u00e9 et suffisamment \u00e0 l\u2019aise pour le travail demand\u00e9.<\/p>\n<p style=\"text-align: justify;\">Cependant, selon l\u2019approche de J. Ruszniewski, cette position demande que l\u2019animateur ne montre pas ce savoir professionnel qui lui est attribu\u00e9. En effet, exposer un savoir sur la situation, c\u2019est forc\u00e9ment d\u00e9montrer au groupe qu\u2019au final, il a aussi des doutes, des incertitudes. Dans ce cas, l\u2019animateur perd en partie la position qui lui est attribu\u00e9e. Ce qui pose alors comme question, de quelle nature est cette attribution\u00a0? Comment le groupe d\u2019\u00e9tudiants per\u00e7oit-il l\u2019animateur\u00a0? En tant qu\u2019animateur, formateur ou autre\u00a0? Quelle figure d\u2019autorit\u00e9 repr\u00e9sente-t-il\u00a0? En effet, il n\u2019est pas rare lors de s\u00e9ances d\u2019APP, que l\u2019animateur intervienne sur le fond, avec le risque de revenir en partie sur la posture habituelle du formateur. A titre personnel, j\u2019ai pu le ressentir et y r\u00e9fl\u00e9chir en \u00e9tant moi-m\u00eame participant d\u2019un groupe d\u2019analyse. Quelle figure repr\u00e9sentait pour moi l\u2019animateur, en quoi cela a pu influencer ma place au sein du groupe\u00a0? \u00a0Il est utile de pouvoir la travailler lors de temps de supervision afin de la clarifier.<\/p>\n<p style=\"text-align: justify;\">Par contre, l\u2019animateur est celui qui permet de clarifier les \u00e9changes entre les participants\u00a0; il stimule l\u2019intelligence collective (reformule sur ce qui est \u00e9chang\u00e9, r\u00e9alise des synth\u00e8ses, suscite des questions d\u2019\u00e9claircissement, engage une exploration de la situation expos\u00e9e sur des axes de compr\u00e9hension non abord\u00e9s). Il favorise des relations authentiques entre les membres du groupe et il accompagne la croissance du groupe, \u00e0 partir des ph\u00e9nom\u00e8nes de r\u00e9sistance que l\u2019on peut observer jusqu\u2019\u00e0 la phase de travail o\u00f9 les m\u00e9canismes de d\u00e9sintrication<sup class='footnote'><a href='#fn-2054-17' id='fnref-2054-17' onclick='return fdfootnote_show(2054)'>17<\/a><\/sup>\u00a0sont \u00e0 l\u2019\u0153uvre et o\u00f9 chacun peut parler de sa propre place.<\/p>\n<h4 style=\"text-align: justify;\"><strong>3. Pour conclure\u00a0: l\u2019importance de la formation de l\u2019animateur \u00e0 l\u2019APP en groupe et l\u2019ouverture vers la supervision<\/strong><strong>\u00a0<\/strong><\/h4>\n<p style=\"text-align: justify;\">Au terme de cet article, il est essentiel de retenir qu\u2019il ne suffit pas de respecter une succession d\u2019\u00e9tapes d\u2019une modalit\u00e9 d\u2019APP (ici le GEASE) pour que \u00ab\u00a0cela marche\u00a0\u00bb. Il faut aussi int\u00e9grer la vie du groupe en tant que telle. Un double travail attend l\u2019animateur, un travail portant sur la place de l\u2019APP dans le dispositif global de formation et un travail sur le processus d\u2019analyse, notamment en l\u2019interrogeant du c\u00f4t\u00e9 de la dynamique du groupe. Prendre conscience de ce qui se \u00ab\u00a0joue\u00a0\u00bb, c\u2019est repositionner notre place d\u2019animateur, notre v\u00e9cu, dans un certain rapport \u00e0 la r\u00e9alit\u00e9, et passer d\u2019un id\u00e9al \u00e0 une sensation de vivre r\u00e9ellement et pleinement une histoire de formation qui se construit.<\/p>\n<p style=\"text-align: justify;\">Cependant, cela pose diff\u00e9rentes questions, notamment celles relatives \u00e0 la formation initiale des animateurs<sup class='footnote'><a href='#fn-2054-18' id='fnref-2054-18' onclick='return fdfootnote_show(2054)'>18<\/a><\/sup>\u00a0et au travail n\u00e9cessaire en supervision. Ce travail pouvant \u00eatre engag\u00e9 suivant diff\u00e9rents dispositifs. Pour ma part, cela passe par \u00eatre soi-m\u00eame impliqu\u00e9 comme participant \u00e0 un groupe d\u2019APP, exp\u00e9rimenter cette dynamique de groupe et pouvoir analyser \u00e0 distance mes propres s\u00e9ances d\u2019analyse en tant qu\u2019animateur. En effet, il faut s\u2019inscrire dans cette n\u00e9cessit\u00e9 de pouvoir travailler \u00e0 distance autour de diff\u00e9rentes probl\u00e9matiques. Par exemple, ce que l\u2019animateur projette sur la finalit\u00e9 attendue, sur le groupe, la port\u00e9e de ses interventions au sein du groupe ainsi que ses propres m\u00e9canismes intrapsychiques qui influencent son accompagnement du groupe.<\/p>\n<p style=\"text-align: justify;\">Je termine ici en souhaitant que cette r\u00e9flexion sur la dynamique du groupe et la place de l\u2019animateur puisse se poursuivre sous forme de compl\u00e9ments, d\u2019\u00e9changes et de d\u00e9bats dans l\u2019espace des\u00a0commentaires sur le site de la revue. Tout n\u2019a pas \u00e9t\u00e9 dit, aucune v\u00e9rit\u00e9 immuable n\u2019est prononc\u00e9e.<\/p>\n<h4><strong>R\u00e9f\u00e9rences bibliographiques<\/strong><\/h4>\n<p>Etienne, R. &amp; Fumat. Y. (2014). <em>Comment analyser les pratiques \u00e9ducatives pour se former et agir\u00a0?<\/em> \u00a0Bruxelles\u00a0: De Boeck.<\/p>\n<p>Gouze, B. (2005). La prise en compte de la dimension groupale dans l\u2019animation d\u2019un groupe d\u2019Analyse de Pratiques Professionnelles. In Robo, P. &amp; Thi\u00e9baud, M. (dir.). (Se) former \u00e0 l\u2019analyse de pratiques professionnelles. <em>(In)novatio\u00a0<\/em>\u00a0: r<em>evue de l\u2019innovation p\u00e9dagogique \u00e0 Paris.<\/em> Hors-s\u00e9rie No 3.<\/p>\n<p>Hans, D. (2015). D\u00e9placements et immobilisations dans un groupe d\u2019analyse des pratiques. In Giust-Ollivier, A.-M. &amp; Oualid, F. (sous la direction de). <em>Les groupes d\u2019analyse des pratiques<\/em> (pp.\u00a053 \u2013 76). Toulouse\u00a0: \u00c9ditions Er\u00e8s.<\/p>\n<p>Michelot, C. (2015). Analyse de pratiques et \u00e9tude de probl\u00e8mes In Giust-Ollivier, A.-M. &amp; Oualid, F. (sous la direction de). <em>Les groupes d\u2019analyse des pratiques<\/em> (pp.\u00a014 \u2013 29). Toulouse\u00a0: \u00c9ditions Er\u00e8s.<\/p>\n<p>Perls, F. (2005). <em>Manuel de Gestalt-th\u00e9rapie. <\/em>Paris\u00a0: ESF.<\/p>\n<p>Rogers, C. (2006). <em>Les groupes de rencontres\u00a0: Animation et conduite de groupes. <\/em>Paris\u00a0: InterEditions.<\/p>\n<p>Ruszniewski, M. (1999). <em>Le groupe de parole \u00e0 l\u2019h\u00f4pital. <\/em>Paris\u00a0: Dunod.<\/p>\n<p>Thi\u00e9baud, M. (2015). Animer un groupe d\u2019APP, \u00e7a s\u2019apprend. Oui mais comment ?<br \/>\nRetour sur des formations et l\u2019exp\u00e9rience d\u00e9velopp\u00e9es en Suisse. In <em>Revue de l\u2019analyse de pratiques professionnelles,<\/em> 5, pp. 31-47. <a href=\"http:\/\/www.analysedepratique.org\/?p=1681\">http:\/\/www.analysedepratique.org\/?p=1681<\/a>.<\/p>\n<p><a href=\"#_ftnref1\" name=\"_ftn1\"><\/a><\/p>\n<div><\/div>\n<div><\/div>\n<a href=\"#\" class=\"shortcode button  \" style=\"background-color: silver;\" target=\"\" onclick=\"\"> Haut de page<\/a><b><\/b><\/p>\n<p>&nbsp;<\/p>\n<h4><strong>Notes<\/strong><\/h4>\n<div class='footnotes' id='footnotes-2054'>\n<div class='footnotedivider'><\/div>\n<ol>\n<li id='fn-2054-1'> Dans cet article j\u2019\u00e9voquerai l\u2019animateur qui est aussi formateur en Institut de Formation en Soins Infirmiers. Je n\u2019\u00e9voquerai pas les animateurs qui seraient ext\u00e9rieurs \u00e0 l\u2019institution et de formation en psychologie. Ainsi, mes propos s\u2019int\u00e9ressent davantage \u00e0 ceux qui n\u2019ont pas b\u00e9n\u00e9fici\u00e9 d\u2019une formation approfondie en mati\u00e8re de dynamique de groupe avec des temps de supervision. <span class='footnotereverse'><a href='#fnref-2054-1'>&#8617;<\/a><\/span><\/li>\n<li id='fn-2054-2'> Voir notamment le texte de Bernard Gouze (2005) qui d\u00e9gage trois approches dans la prise en compte de la dimension groupale\u00a0: humaniste, psychosociologique et psychanalytique. <span class='footnotereverse'><a href='#fnref-2054-2'>&#8617;<\/a><\/span><\/li>\n<li id='fn-2054-3'> Cette r\u00e9flexion concerne des analyses de pratiques aupr\u00e8s d\u2019\u00e9tudiants des trois ann\u00e9es de formation initiale. <span class='footnotereverse'><a href='#fnref-2054-3'>&#8617;<\/a><\/span><\/li>\n<li id='fn-2054-4'> Apr\u00e8s chaque s\u00e9ance d\u2019analyse, les formateurs en soins infirmiers \u00e9changent sur le d\u00e9roulement de la s\u00e9ance, avec des points portant sur l\u2019engagement, le comportement des \u00e9tudiants et la port\u00e9e du travail d\u2019analyse, tout en respectant la confidentialit\u00e9 sur la situation expos\u00e9e, sur les \u00e9changes au sein du groupe. Il faut noter que ce retour d\u2019exp\u00e9rience \u00ab\u00a0\u00e0 chaud\u00a0\u00bb est g\u00e9n\u00e9ralement positif, ce qui am\u00e8ne \u00e0 s\u2019interroger si ce n\u2019est pas la dynamique institu\u00e9e au sein du groupe qui cr\u00e9e cette qualit\u00e9 d\u2019analyse. <span class='footnotereverse'><a href='#fnref-2054-4'>&#8617;<\/a><\/span><\/li>\n<li id='fn-2054-5'> Au sens de groupe qui retarde le travail attendu, met en difficult\u00e9 l\u2019animateur peu habitu\u00e9 \u00e0 g\u00e9rer ce genre de situation. Cela rel\u00e8ve ainsi plut\u00f4t d\u2019un ressenti de la part de l\u2019animateur. <span class='footnotereverse'><a href='#fnref-2054-5'>&#8617;<\/a><\/span><\/li>\n<li id='fn-2054-6'> Pour aller plus loin dans les caract\u00e9ristiques du groupe d\u2019APP, voir l\u2019ouvrage de Etienne &amp; Fumat (2014). <span class='footnotereverse'><a href='#fnref-2054-6'>&#8617;<\/a><\/span><\/li>\n<li id='fn-2054-7'> Il faut aussi tenir compte du nombre de s\u00e9ances, de la r\u00e9p\u00e9tition dans le temps. <span class='footnotereverse'><a href='#fnref-2054-7'>&#8617;<\/a><\/span><\/li>\n<li id='fn-2054-8'> La formation en soins infirmiers se d\u00e9roule par alternance\u00a0: temps de formation en IFSI, temps de formation sur des terrains professionnels sous la forme de stages clinique o\u00f9 l\u2019\u00e9tudiant va \u00eatre confront\u00e9 \u00e0 la r\u00e9alit\u00e9 du m\u00e9tier. <span class='footnotereverse'><a href='#fnref-2054-8'>&#8617;<\/a><\/span><\/li>\n<li id='fn-2054-9'> Dans le sens d\u2019adopter une attitude insistante aupr\u00e8s des \u00e9tudiants pour qu\u2019ils proposent des situations \u00e0 analyser. Face \u00e0 un groupe peu participant, la non pr\u00e9sentation d\u2019une situation, si elle est r\u00e9p\u00e9titive, peut par ailleurs devenir un objet d\u2019analyse pour le groupe et l\u2019animateur. <span class='footnotereverse'><a href='#fnref-2054-9'>&#8617;<\/a><\/span><\/li>\n<li id='fn-2054-10'> Dans notre cas, le m\u00eame formateur suit en APP plusieurs groupes d\u2019\u00e9tudiants en parall\u00e8le, chaque groupe \u00e9tant dans une autre ann\u00e9e de la formation. <span class='footnotereverse'><a href='#fnref-2054-10'>&#8617;<\/a><\/span><\/li>\n<li id='fn-2054-11'> En r\u00e9f\u00e9rence \u00e0 l\u2019approche humaniste de Carl Rogers, psychologue nord-am\u00e9ricain. Selon son approche, l\u2019individu poss\u00e8de suffisamment de ressources pour se comprendre, se percevoir diff\u00e9remment, prendre des d\u00e9cisions qui lui conviennent. Un climat facilitateur doit l\u2019accompagner dans cette d\u00e9marche\u00a0; voir \u00e0 ce sujet son ouvrage portant sur les groupes de rencontres (Rogers, 2006). <span class='footnotereverse'><a href='#fnref-2054-11'>&#8617;<\/a><\/span><\/li>\n<li id='fn-2054-12'> El\u00e9ment th\u00e9orique relevant de l\u2019approche de la Gestalt d\u00e9velopp\u00e9e par Fritz Perls, psychiatre et psychanalyste allemand\u00a0; voir Perls (2005). <span class='footnotereverse'><a href='#fnref-2054-12'>&#8617;<\/a><\/span><\/li>\n<li id='fn-2054-13'> Phase m\u00e9ta qui consiste en fin de s\u00e9ance \u00e0 analyser le fonctionnement du groupe. <span class='footnotereverse'><a href='#fnref-2054-13'>&#8617;<\/a><\/span><\/li>\n<li id='fn-2054-14'> Formation propos\u00e9e lors de l\u2019Unit\u00e9 d\u2019Enseignement\u00a06.1.S1.\u00a0: m\u00e9thodes de travail. <span class='footnotereverse'><a href='#fnref-2054-14'>&#8617;<\/a><\/span><\/li>\n<li id='fn-2054-15'> C&rsquo;est-\u00e0-dire : de l\u2019effort \u00e0 fournir. <span class='footnotereverse'><a href='#fnref-2054-15'>&#8617;<\/a><\/span><\/li>\n<li id='fn-2054-16'> En APP, le terme leader est tr\u00e8s rarement utilis\u00e9. Il est plut\u00f4t pr\u00e9sent\u00e9 comme \u00e9tant un animateur de s\u00e9ance. Cependant, ces deux appellations sont compl\u00e9mentaires. Celui qui donne une direction, qui dynamise un groupe et celui qui r\u00e9gule la vie du groupe. Pour autant, nous garderons le terme animateur qui peut regrouper ces deux notions. <span class='footnotereverse'><a href='#fnref-2054-16'>&#8617;<\/a><\/span><\/li>\n<li id='fn-2054-17'> Phase qui consiste \u00e0 explorer la situation, la d\u00e9m\u00ealer. <span class='footnotereverse'><a href='#fnref-2054-17'>&#8617;<\/a><\/span><\/li>\n<li id='fn-2054-18'> Au sujet de la formation, lire l\u2019article de Marc Thi\u00e9baud (2015). <span class='footnotereverse'><a href='#fnref-2054-18'>&#8617;<\/a><\/span><\/li>\n<\/ol>\n<\/div>\n<div id=\"themify_builder_content-2054\" data-postid=\"2054\" class=\"themify_builder_content themify_builder_content-2054 themify_builder themify_builder_front\">\n\n\t<\/div>\n<!-- \/themify_builder_content -->","protected":false},"excerpt":{"rendered":"<p>Jean Chocat Cadre de sant\u00e9 \u2013 Formateur en soins infirmiers en IFSI jean.chocat@orange.fr R\u00e9sum\u00e9 Quand nous nous projetons dans un dispositif d\u2019analyse de pratiques, nous centrons essentiellement notre attention sur l\u2019aspect m\u00e9thodologique de la d\u00e9marche et notamment sur les diff\u00e9rentes \u00e9tapes \u00e0 respecter. Cependant, sans occulter l\u2019importance de ces \u00e9tapes, il est capital de prendre [&hellip;]<\/p>\n","protected":false},"author":2,"featured_media":0,"comment_status":"open","ping_status":"open","sticky":false,"template":"","format":"standard","meta":{"_jetpack_newsletter_access":"","_jetpack_dont_email_post_to_subs":false,"_jetpack_newsletter_tier_id":0,"_jetpack_memberships_contains_paywalled_content":false,"_jetpack_memberships_contains_paid_content":false,"footnotes":""},"categories":[4,10],"tags":[192,149,62,193],"class_list":["post-2054","post","type-post","status-publish","format-standard","hentry","category-chocat","category-1texte","tag-animateur","tag-dynamique-de-groupe","tag-posture","tag-role","has-post-title","no-post-date","has-post-category","has-post-tag","has-post-comment","has-post-author"],"jetpack_featured_media_url":"","jetpack_shortlink":"https:\/\/wp.me\/p3VXfJ-x8","jetpack_sharing_enabled":true,"_links":{"self":[{"href":"https:\/\/www.analysedepratique.org\/index.php?rest_route=\/wp\/v2\/posts\/2054","targetHints":{"allow":["GET"]}}],"collection":[{"href":"https:\/\/www.analysedepratique.org\/index.php?rest_route=\/wp\/v2\/posts"}],"about":[{"href":"https:\/\/www.analysedepratique.org\/index.php?rest_route=\/wp\/v2\/types\/post"}],"author":[{"embeddable":true,"href":"https:\/\/www.analysedepratique.org\/index.php?rest_route=\/wp\/v2\/users\/2"}],"replies":[{"embeddable":true,"href":"https:\/\/www.analysedepratique.org\/index.php?rest_route=%2Fwp%2Fv2%2Fcomments&post=2054"}],"version-history":[{"count":26,"href":"https:\/\/www.analysedepratique.org\/index.php?rest_route=\/wp\/v2\/posts\/2054\/revisions"}],"predecessor-version":[{"id":4945,"href":"https:\/\/www.analysedepratique.org\/index.php?rest_route=\/wp\/v2\/posts\/2054\/revisions\/4945"}],"wp:attachment":[{"href":"https:\/\/www.analysedepratique.org\/index.php?rest_route=%2Fwp%2Fv2%2Fmedia&parent=2054"}],"wp:term":[{"taxonomy":"category","embeddable":true,"href":"https:\/\/www.analysedepratique.org\/index.php?rest_route=%2Fwp%2Fv2%2Fcategories&post=2054"},{"taxonomy":"post_tag","embeddable":true,"href":"https:\/\/www.analysedepratique.org\/index.php?rest_route=%2Fwp%2Fv2%2Ftags&post=2054"}],"curies":[{"name":"wp","href":"https:\/\/api.w.org\/{rel}","templated":true}]}}