{"id":2041,"date":"2016-01-17T14:48:27","date_gmt":"2016-01-17T13:48:27","guid":{"rendered":"http:\/\/www.analysedepratique.org\/?p=2041"},"modified":"2016-01-17T16:53:28","modified_gmt":"2016-01-17T15:53:28","slug":"editorial-numero-7","status":"publish","type":"post","link":"https:\/\/www.analysedepratique.org\/?p=2041","title":{"rendered":"Editorial &#8211; num\u00e9ro 7"},"content":{"rendered":"<p>&nbsp;<\/p>\n<p style=\"text-align: justify;\">Avec ce septi\u00e8me num\u00e9ro, nous vous pr\u00e9sentons tous nos v\u0153ux pour cette nouvelle ann\u00e9e en esp\u00e9rant qu\u2019elle sera aussi fructueuse que possible.<\/p>\n<p style=\"text-align: justify;\">Dans ce nouveau num\u00e9ro, le premier texte pr\u00e9sente, sous la forme d\u2019un dialogue entre Fabienne Comp\u00e8re et Yann Vacher un dispositif particulier d\u2019analyse de pratiques, mis en place dans un institut de promotion sociale en Belgique.<\/p>\n<p style=\"text-align: justify;\">Le deuxi\u00e8me texte est bas\u00e9 sur des \u00e9changes qui ont eu lieu lors d\u2019un r\u00e9cent s\u00e9minaire organis\u00e9 par des membres du r\u00e9seau GFAPP (groupe de formation \u00e0 l\u2019analyse de pratiques professionnelles)\u00a0; il aborde la question des hypoth\u00e8ses dans le travail d\u2019analyse de pratiques.<\/p>\n<p style=\"text-align: justify;\">Le troisi\u00e8me texte pr\u00e9sente les r\u00e9sultats d\u2019une \u00e9tude men\u00e9e par Marc Thi\u00e9baud sur le d\u00e9veloppement des comp\u00e9tences d\u2019animation de groupes d\u2019analyse de pratiques professionnelles (APP)\u00a0; cette \u00e9tude exploite les t\u00e9moignages de 20 personnes.<\/p>\n<p style=\"text-align: justify;\">Le quatri\u00e8me texte est une r\u00e9flexion sur la pratique de l\u2019animation de groupes d\u2019APP dans laquelle l\u2019auteur, Jean Chocat, s\u2019appuie sur son exp\u00e9rience \u00e9clair\u00e9e par diff\u00e9rentes approches th\u00e9oriques.<\/p>\n<p style=\"text-align: justify;\">Pour clore ce num\u00e9ro, Bernard Lessault traite des conceptions qu\u2019ont les intervenants quand ils travaillent avec des sujets sur leurs exp\u00e9riences v\u00e9cues.<\/p>\n<p style=\"text-align: justify;\">Une nouvelle fois, nous avons cherch\u00e9 \u00e0 croiser les regards sur l\u2019usage de l\u2019analyse des pratiques professionnelles. Ce nouveau num\u00e9ro, comme les pr\u00e9c\u00e9dents, est une invitation au partage et \u00e0 la poursuite des r\u00e9flexions d\u00e9j\u00e0 entam\u00e9es. Cette revue n\u2019existe que par les articles que nous adressent des lecteurs. Nous faisons appel \u00e0 de nouvelles \u00ab\u00a0plumes\u00a0\u00bb. Il nous semble plus que jamais n\u00e9cessaire de t\u00e9moigner, de faire conna\u00eetre ce qui se fait ici ou l\u00e0, quel que soit le milieu professionnel. Alors\u2026 pourquoi pas vous\u00a0!<\/p>\n<p style=\"text-align: justify;\">Nous remercions les lecteurs de leurs encouragements \u00e0 poursuivre cette publication.<\/p>\n<p style=\"text-align: justify;\">Bonne lecture, bon partage et\u2026 suite au prochain num\u00e9ro\u00a0!<\/p>\n<p align=\"center\">Coop\u00e9rativement v\u00f4tres,<\/p>\n<p align=\"center\">les r\u00e9dacteurs en chef,<\/p>\n<p align=\"center\">Philippe P\u00e9aud &amp; Patrick Robo<\/p>\n<div id=\"themify_builder_content-2041\" data-postid=\"2041\" class=\"themify_builder_content themify_builder_content-2041 themify_builder themify_builder_front\">\n\n\t<\/div>\n<!-- \/themify_builder_content -->","protected":false},"excerpt":{"rendered":"<p>&nbsp; Avec ce septi\u00e8me num\u00e9ro, nous vous pr\u00e9sentons tous nos v\u0153ux pour cette nouvelle ann\u00e9e en esp\u00e9rant qu\u2019elle sera aussi fructueuse que possible. Dans ce nouveau num\u00e9ro, le premier texte pr\u00e9sente, sous la forme d\u2019un dialogue entre Fabienne Comp\u00e8re et Yann Vacher un dispositif particulier d\u2019analyse de pratiques, mis en place dans un institut de [&hellip;]<\/p>\n","protected":false},"author":2,"featured_media":0,"comment_status":"open","ping_status":"open","sticky":false,"template":"","format":"standard","meta":{"_jetpack_newsletter_access":"","_jetpack_dont_email_post_to_subs":false,"_jetpack_newsletter_tier_id":0,"_jetpack_memberships_contains_paywalled_content":false,"_jetpack_memberships_contains_paid_content":false,"footnotes":""},"categories":[1],"tags":[],"class_list":["post-2041","post","type-post","status-publish","format-standard","hentry","category-non-classe","has-post-title","no-post-date","has-post-category","has-post-tag","has-post-comment","has-post-author"],"jetpack_featured_media_url":"","jetpack_shortlink":"https:\/\/wp.me\/p3VXfJ-wV","jetpack_sharing_enabled":true,"_links":{"self":[{"href":"https:\/\/www.analysedepratique.org\/index.php?rest_route=\/wp\/v2\/posts\/2041","targetHints":{"allow":["GET"]}}],"collection":[{"href":"https:\/\/www.analysedepratique.org\/index.php?rest_route=\/wp\/v2\/posts"}],"about":[{"href":"https:\/\/www.analysedepratique.org\/index.php?rest_route=\/wp\/v2\/types\/post"}],"author":[{"embeddable":true,"href":"https:\/\/www.analysedepratique.org\/index.php?rest_route=\/wp\/v2\/users\/2"}],"replies":[{"embeddable":true,"href":"https:\/\/www.analysedepratique.org\/index.php?rest_route=%2Fwp%2Fv2%2Fcomments&post=2041"}],"version-history":[{"count":5,"href":"https:\/\/www.analysedepratique.org\/index.php?rest_route=\/wp\/v2\/posts\/2041\/revisions"}],"predecessor-version":[{"id":2048,"href":"https:\/\/www.analysedepratique.org\/index.php?rest_route=\/wp\/v2\/posts\/2041\/revisions\/2048"}],"wp:attachment":[{"href":"https:\/\/www.analysedepratique.org\/index.php?rest_route=%2Fwp%2Fv2%2Fmedia&parent=2041"}],"wp:term":[{"taxonomy":"category","embeddable":true,"href":"https:\/\/www.analysedepratique.org\/index.php?rest_route=%2Fwp%2Fv2%2Fcategories&post=2041"},{"taxonomy":"post_tag","embeddable":true,"href":"https:\/\/www.analysedepratique.org\/index.php?rest_route=%2Fwp%2Fv2%2Ftags&post=2041"}],"curies":[{"name":"wp","href":"https:\/\/api.w.org\/{rel}","templated":true}]}}