{"id":1791,"date":"2015-06-13T17:01:55","date_gmt":"2015-06-13T16:01:55","guid":{"rendered":"http:\/\/www.analysedepratique.org\/?p=1791"},"modified":"2021-09-30T21:58:24","modified_gmt":"2021-09-30T20:58:24","slug":"pourquoi-un-groupe-danalyse-de-situations-personnelles-gasp","status":"publish","type":"post","link":"https:\/\/www.analysedepratique.org\/?p=1791","title":{"rendered":"Pourquoi un Groupe d\u2019Analyse de Situations Personnelles (GASP) ?"},"content":{"rendered":"<p>&nbsp;<\/p>\n<h3><em><strong>Annette Ramplou<\/strong><\/em><\/h3>\n<p style=\"text-align: left;\" align=\"center\"><em>Conseill\u00e8re p\u00e9dagogique retrait\u00e9e, B\u00e9darieux (H\u00e9rault)\u00a0<\/em><\/p>\n<p>&nbsp;<\/p>\n<h4><i>R\u00e9sum\u00e9<\/i><\/h4>\n<p style=\"text-align: justify;\">Dans cet article, l\u2019auteure t\u00e9moigne du transfert de son exp\u00e9rience professionnelle vers une modalit\u00e9 d\u2019analyse de situations au service de parents qu\u2019elle a d\u00e9velopp\u00e9 dans sa ville. \u00c0 partir de groupes de formation \u00e0 et par l\u2019analyse de pratiques professionnelles (GFAPP), elle a mis en \u0153uvre des groupes d\u2019analyse de situations parentales puis des groupes d\u2019analyse de situations personnelles sous le m\u00eame sigle\u00a0: GASP. Apr\u00e8s un court historique, elle en d\u00e9voile le fonctionnement, les objectifs et les principes fondamentaux afin d\u2019expliciter ce qu\u2019est cette modalit\u00e9. Puis, elle narre comment s\u2019est produite l\u2019\u00e9volution concert\u00e9e de cette exp\u00e9rience \u00e9tal\u00e9e sur une dizaine d\u2019ann\u00e9es en donnant quelques exemples de situations analys\u00e9es.<\/p>\n<h5><em>Mots-cl\u00e9s\u00a0<\/em><\/h5>\n<p>accompagnement, situations parentales, parentalit\u00e9, GFAPP<\/p>\n<h5><em>Cat\u00e9gorie d&rsquo;article\u00a0<\/em><\/h5>\n<p>T\u00e9moignage<\/p>\n<h5><em>R\u00e9f\u00e9rencement\u00a0<\/em><\/h5>\n<p>Ramplou, A. (2015). Pourquoi un Groupe d\u2019Analyse de Situations Personnelles (GASP)\u00a0?<br \/>\nIn <em>Revue de l\u2019analyse de pratiques professionnelles<\/em>, No\u00a06, pp. 3-10. http:\/\/www.analysedepratique.org\/?p=1791.<\/p>\n<hr class=\"shortcode hr light-gray\" style=\"border-width:1px;\" \/>\n<a href=\"http:\/\/www.analysedepratique.org\/wp-content\/uploads\/annette-ramplou-revue-app-juin2015.pdf\"><img loading=\"lazy\" decoding=\"async\" class=\"alignleft\" src=\"https:\/\/www.analysedepratique.org\/wp-content\/uploads\/download-icon.png\" alt=\"download-icon\" width=\"24\" height=\"29\" \/><\/a><br \/>\n<a href=\"http:\/\/www.analysedepratique.org\/wp-content\/uploads\/annette-ramplou-revue-app-juin2015.pdf\">Article en PDF<\/a>\u00a0 \u00a0 \u00a0 \u00a0\u00a0 <a href=\"#co\"><img loading=\"lazy\" decoding=\"async\" src=\"https:\/\/www.analysedepratique.org\/wp-content\/uploads\/et-info-comment.png\" alt=\"et-info-comment\" width=\"30\" height=\"31\" \/><\/a>\u00a0<a href=\"#co\">Commentaires<\/a><br \/>\n<hr class=\"shortcode hr light-gray\" style=\"border-width:1px;\" \/>\n<p>&nbsp;<\/p>\n<p style=\"text-align: justify;\">[toc]<\/p>\n<p style=\"text-align: justify;\">Tous les parents, \u00e0 un moment donn\u00e9, dans des circonstances donn\u00e9es, \u00e9prouvent certaines difficult\u00e9s, s\u2019interrogent et peuvent parfois se sentir d\u00e9munis dans l\u2019exercice de leur \u00ab m\u00e9tier de parents \u00bb.<\/p>\n<p style=\"text-align: justify;\">Les probl\u00e9matiques sont diverses. Qu\u2019elles soient anodines ou plus complexes, un parent peut ressentir, sans forc\u00e9ment savoir pourquoi, une incapacit\u00e9 \u00e0 trouver ses r\u00e9ponses \u00e0 celles-ci.<\/p>\n<p style=\"text-align: justify;\">Il est fr\u00e9quent d\u2019entendre certaines personnes dans notre entourage \u00e9noncer un questionnement sur leur capacit\u00e9 \u00e0 \u00eatre de \u00ab\u00a0bons parents\u00a0\u00bb. Bien s\u00fbr, la r\u00e9ponse est complexe puisque leurs enfants ne sont pas parfaits (ils sont comme ceci ou pas assez comme cela\u00a0!)<\/p>\n<p style=\"text-align: justify;\">Ces interrogations, ces sentiments d\u2019incomp\u00e9tence, peuvent emp\u00eacher toute lucidit\u00e9 pour, justement, se poser les bonnes questions, pour analyser et comprendre. Une prise de distance et un certain recul aident \u00e0 apporter de l\u2019intelligibilit\u00e9 aux difficult\u00e9s rencontr\u00e9es dans le v\u00e9cu du quotidien.<\/p>\n<p style=\"text-align: justify;\">Cette distanciation peut, certes, s\u2019effectuer seul\u00a0; mais elle est bien plus riche d\u00e8s lors qu\u2019elle est conduite \u00e0 plusieurs, que l\u2019on r\u00e9fl\u00e9chit, que l\u2019on essaie de comprendre avec d\u2019autres et gr\u00e2ce \u00e0 d\u2019autres. Cette mise en commun, ce partage, cette mutualisation, peuvent se faire de diff\u00e9rentes fa\u00e7ons.<\/p>\n<p style=\"text-align: justify;\">Avec le Groupe d\u2019Analyse de Situations Personnelles (GASP), nous avons choisi de donner la possibilit\u00e9 \u00e0 plusieurs personnes ayant un point commun (celui d\u2019\u00eatre parent) de se r\u00e9unir autour d\u2019un dispositif sp\u00e9cifique \u00e0 l\u2019analyse des pratiques prenant ses racines dans les Groupes de Formation \u00e0 et par l\u2019Analyse de Pratiques Professionnelles (GFAPP).<\/p>\n<h4 style=\"text-align: justify;\"><strong>1. Comment se d\u00e9veloppe un GASP ?<\/strong><\/h4>\n<h6 style=\"text-align: justify;\"><strong>1.1 Historique\u00a0<\/strong><\/h6>\n<p style=\"text-align: justify;\">Dans l\u2019exercice de ma profession de conseill\u00e8re p\u00e9dagogique au sein de l\u2019\u00c9ducation nationale, j\u2019ai particip\u00e9, sur une dur\u00e9e d\u2019une dizaine d\u2019ann\u00e9es, \u00e0 diff\u00e9rents groupes d\u2019analyse de pratiques professionnelles avec Patrick Robo, et ceci avec des publics divers\u00a0: professeurs d\u2019\u00e9coles primaires, professeurs du second degr\u00e9, conseillers p\u00e9dagogiques notamment.<\/p>\n<p style=\"text-align: justify;\">Cette exp\u00e9rience dans divers GFAPP m\u2019a fait toucher du doigt \u00e0 quel point les m\u00e9tiers autour de l\u2019humain suscitent des questionnements, des t\u00e2tonnements, des doutes.<\/p>\n<p style=\"text-align: justify;\">Mais deux ans apr\u00e8s mon d\u00e9part \u00e0 la retraite (il y a 10 ans), un jour, une enseignante qui avait particip\u00e9 aux GFAPP de ma circonscription m\u2019a contact\u00e9e pour me soumettre une proposition. Elle \u00e9tait devenue maman et discutait beaucoup de ce nouveau \u00ab\u00a0m\u00e9tier\u00a0\u00bb avec des amis qui se trouvaient dans sa situation. C\u2019est ainsi qu\u2019elle a pens\u00e9 \u00e0 son exp\u00e9rience dans le GFAPP et qu\u2019elle m\u2019a demand\u00e9 si je serais d\u2019accord pour accompagner un groupe de parents \u00e0 r\u00e9fl\u00e9chir gr\u00e2ce au dispositif qu\u2019elle avait pratiqu\u00e9. Comme j\u2019ai r\u00e9pondu positivement \u00e0 sa demande, le premier GASP est n\u00e9 \u00e0 la rentr\u00e9e\u00a02006.<\/p>\n<h6 style=\"text-align: justify;\"><strong>1.2 Fonctionnement\u00a0<\/strong><\/h6>\n<p style=\"text-align: justify;\">Bien s\u00fbr, il s\u2019agit d\u2019un groupe qui n\u2019entre pas dans un cadre institutionnel. Il fonctionne \u00e0 titre priv\u00e9, de fa\u00e7on tout \u00e0 fait autonome et sur le mode du b\u00e9n\u00e9volat. Le GASP est constitu\u00e9 de personnes volontaires qui se r\u00e9unissent \u00e0 raison d\u2019une s\u00e9ance par mois (sauf en juillet et ao\u00fbt).<\/p>\n<p style=\"text-align: justify;\">La premi\u00e8re s\u00e9ance \u00e0 la reprise en septembre est ouverte \u00e0 tous en sachant que toute personne qui d\u00e9cide de participer au GASP s\u2019engage pour toutes les s\u00e9ances de l\u2019ann\u00e9e, sauf cas de force majeure bien entendu (principes de volontariat et d\u2019assiduit\u00e9).<\/p>\n<p style=\"text-align: justify;\">Un animateur-r\u00e9gulateur est garant du respect des principes fondamentaux qui assurent la s\u00e9curit\u00e9 des personnes et permettent au travail d\u2019analyse pr\u00e9vu d\u2019avoir lieu. C\u2019est lui qui anime la s\u00e9ance\u00a0: distribution de la parole, gestion du temps, respect du protocole et des personnes. Comme ce groupe fonctionne depuis plusieurs ann\u00e9es et qu\u2019il est constitu\u00e9 d\u2019un noyau de cinq ou six membres r\u00e9guliers, une formation \u00e0 l\u2019animation s\u2019est faite petit \u00e0 petit et, aujourd\u2019hui, l\u2019animateur est diff\u00e9rent \u00e0 chaque s\u00e9ance (sur la base du volontariat bien-s\u00fbr).<\/p>\n<p style=\"text-align: justify;\">\u00c0 la fin de la derni\u00e8re phase de chaque s\u00e9ance sont d\u00e9finis la date de la prochaine s\u00e9ance et le nom de son animateur.<\/p>\n<h4 style=\"text-align: justify;\"><strong>2. Objectifs et principes fondamentaux<\/strong><\/h4>\n<p style=\"text-align: justify;\">Le GASP vise certains objectifs g\u00e9n\u00e9raux, \u00e0 savoir\u00a0:<\/p>\n<ul>\n<li>aider \u00e0 y voir plus clair,<\/li>\n<li>aider \u00e0 mieux comprendre,<\/li>\n<li>aider \u00e0 se construire du savoir personnel.<\/li>\n<\/ul>\n<p style=\"text-align: justify;\">Il poursuit aussi deux objectifs sp\u00e9cifiques, vis\u00e9s \u00e0 chaque s\u00e9ance\u00a0:<\/p>\n<ul style=\"text-align: justify;\">\n<li>accompagner une personne, impliqu\u00e9e dans une probl\u00e9matique, \u00e0 mieux comprendre pour l\u2019aider \u00e0 se trouver elle-m\u00eame des pistes de solution\u00a0; cette personne est l\u2019exposant de la s\u00e9ance.<\/li>\n<li>permettre aux autres personnes du groupe, non impliqu\u00e9es dans la probl\u00e9matique de l\u2019exposant, d\u2019\u00e9tudier une situation et mieux comprendre des situations semblables (pass\u00e9es ou \u00e0 venir)\u00a0: ces personnes sont les participants.<\/li>\n<\/ul>\n<p style=\"text-align: justify;\">La question se pose alors : comment faire pour atteindre ces objectifs\u00a0?<\/p>\n<p style=\"text-align: justify;\">Le travail d\u2019un tel groupe, qui fonctionne avec, par et pour de l\u2019humain ne peut \u00eatre effectif si des principes fondamentaux de fonctionnement ne sont pos\u00e9s au pr\u00e9alable. Ces principes de base sont incontournables et soumis \u00e0 l\u2019adh\u00e9sion de chaque participant qui s\u2019engage dans le GASP. Ce sont, outre le volontariat et l\u2019assiduit\u00e9\u00a0:<\/p>\n<ul>\n<li>la confidentialit\u00e9,<\/li>\n<li>le respect de la parole de l\u2019autre,<\/li>\n<li>la libert\u00e9 d\u2019expression dans le cadre adopt\u00e9,<\/li>\n<li>le respect du dispositif.<\/li>\n<\/ul>\n<p style=\"text-align: justify;\">Ce dispositif est d\u00e9coup\u00e9 en cinq phases\u00a0(voir tableau en annexe). Le travail d\u2019analyse r\u00e9alis\u00e9 au cours de ces cinq phases\u00a0:<\/p>\n<ul style=\"text-align: justify;\">\n<li>permet la mise en r\u00e9seau d\u2019\u00e9l\u00e9ments faisant partie d\u2019un tout (la situation expos\u00e9e)\u00a0;<\/li>\n<li>est au service d\u2019un autre pour l\u2019aider \u00e0 mieux comprendre et agir lui-m\u00eame sur la recherche du modifiable\u00a0: \u00ab\u00a0qu\u2019est-ce qui, en amont, a fait qu\u2019on en soit l\u00e0 aujourd\u2019hui\u00a0?\u00a0\u00bb\u00a0;<\/li>\n<li>est au service de soi, en aidant chaque participant \u00e0 y voir plus clair, s\u2019am\u00e9liorer et construire du \u00ab\u00a0savoir analyser\u00a0\u00bb.<\/li>\n<\/ul>\n<p style=\"text-align: justify;\">Un GASP n\u2019est pas\u00a0:<\/p>\n<ul style=\"text-align: justify;\">\n<li>un groupe de dynamique de groupe <sup class='footnote'><a href='#fn-1791-1' id='fnref-1791-1' onclick='return fdfootnote_show(1791)'>1<\/a><\/sup>,<\/li>\n<li>un groupe de th\u00e9rapie,<\/li>\n<li>un groupe de conseils (donn\u00e9s),<\/li>\n<li>un groupe de parole libre,<\/li>\n<li>le \u00ab\u00a0SAMU\u00a0\u00bb qu\u2019on appelle au secours quand on a un probl\u00e8me personnel.<\/li>\n<\/ul>\n<p style=\"text-align: justify;\">Un GASP est \u00e0 la fois un groupe d\u2019analyse et un groupe de formation \u00e0 l\u2019analyse. Des comp\u00e9tences s\u2019y construisent et se structurent au fur et \u00e0 mesure, par exemple\u00a0:<\/p>\n<ul>\n<li>accepter d\u2019\u00eatre responsable et non coupable,<\/li>\n<li>accepter la confrontation \u00e0 soi, \u00e0 l\u2019autre, aux autres,<\/li>\n<li>admettre l\u2019incertitude,<\/li>\n<li>savoir \u00e9couter,<\/li>\n<li>savoir \u00e9mettre des hypoth\u00e8ses de compr\u00e9hension de ce qui s\u2019est pass\u00e9,<\/li>\n<li>bannir le conseil (\u00ab\u00a0tu aurais d\u00fb\u00a0\u00bb\u2026\u00a0; \u00ab\u00a0\u00e0 ta place je\u2026\u00a0\u00bb),<\/li>\n<li>renoncer \u00e0 vouloir modifier l\u2019autre mais plut\u00f4t rechercher avec lui ce qui est modifiable,<\/li>\n<li>faire le deuil de la toute-puissance,<\/li>\n<li>etc.<\/li>\n<\/ul>\n<h4 style=\"text-align: justify;\"><strong>3. \u00c9volution de ce GASP<\/strong><\/h4>\n<p style=\"text-align: justify;\">Ce GASP a fonctionn\u00e9 suivant le m\u00eame protocole, \u00e0 savoir l\u2019analyse de situations inh\u00e9rentes au m\u00e9tier de parent, pendant environ 5 ans. Puis au fur et \u00e0 mesure du travail et du v\u00e9cu, a \u00e9t\u00e9 mis en avant un principe plus g\u00e9n\u00e9ral. En effet, \u00e0 force d\u2019analyser des situations parentales, nous avons \u00e9t\u00e9 confront\u00e9s \u00e0 la r\u00e9alit\u00e9 suivante\u00a0: si on est parent de nos enfants c\u2019est qu\u2019ils ont, en principe, un p\u00e8re et une m\u00e8re (ou beau-p\u00e8re ou belle-m\u00e8re)\u00a0; donc des probl\u00e9matiques de la famille originelle ou recompos\u00e9e ont \u00e9t\u00e9 expos\u00e9es. Puis des situations d\u2019ordre professionnel ont \u00e9t\u00e9 aussi propos\u00e9es.<\/p>\n<p style=\"text-align: justify;\">Donc le Groupe d\u2019Analyse de Situations <em>Parentales<\/em> a \u00e9t\u00e9 \u00e9largi pour devenir, depuis trois ans, avec le m\u00eame sigle, le Groupe d\u2019Analyse de Situations <em>Personnelles<\/em>, qui peut travailler sur des situations qui ont par exemple un lien avec une activit\u00e9 professionnelle.<\/p>\n<h4 style=\"text-align: justify;\"><strong>4. Exemples de situations analys\u00e9es<\/strong><\/h4>\n<ul style=\"text-align: justify;\">\n<li>Ma m\u00e8re ne fait plus partie de ma vie depuis quatre ans. Elle dit de moi que je suis une malade mentale, une mauvaise m\u00e8re. Moi, \u00e7a ne me pose pas de probl\u00e8mes de ne pas avoir de relations avec ma m\u00e8re mais je me demande si \u00e7a ne risque pas de perturber mes enfants. Donc je r\u00e9fl\u00e9chis sur un \u00e9ventuel rapprochement pour limiter les d\u00e9g\u00e2ts.<\/li>\n<li>J\u2019avais propos\u00e9 \u00e0 mon fils a\u00een\u00e9 de 11 ans de partir en colo cet \u00e9t\u00e9. Il n\u2019avait pas envie, disait non. J\u2019ai fait preuve de fermet\u00e9 malgr\u00e9 ses refus mais c\u2019\u00e9tait toujours \u00ab\u00a0non\u00a0\u00bb. Enfin il a eu un coup de blues et m\u2019a demand\u00e9 de le forcer. Il est donc parti mais \u00e0 son arriv\u00e9e \u00e7a n\u2019a plus march\u00e9, il n\u2019a pas voulu rester. Il a tellement paniqu\u00e9 que nous sommes retourn\u00e9s \u00e0 la maison. Moi j\u2019\u00e9tais tr\u00e8s en col\u00e8re de ce comportement, j\u2019avais envie de le frapper et tr\u00e8s envie de pleurer. Je suis une mauvaise m\u00e8re qui a tout loup\u00e9.<\/li>\n<li>J\u2019ai eu un fils de 30 ans, une fille de 28 ans, un fils de 10 ans puis une fille de 8 ans. Mon fils a\u00een\u00e9 ne travaille pas, il est \u00ab\u00a0accro\u00a0\u00bb aux \u00e9crans et \u00e0 la drogue. Au d\u00e9but je suis intervenu mais je n\u2019interviens plus, j\u2019ai du mal \u00e0 m\u2019investir. Je laisse faire la maman. Est-ce de la l\u00e2chet\u00e9\u00a0? C\u2019est pareil avec mon fils de 10 ans. Quel est le r\u00f4le d\u2019un p\u00e8re\u00a0?<\/li>\n<li>S\u00e9par\u00e9e du p\u00e8re de mes deux enfants depuis un mois. \u00c7a ne se passe pas trop mal entre nous mais il y a des probl\u00e8mes caus\u00e9s par la m\u00e8re de mon ex-compagnon\u00a0: c\u2019est la \u00ab\u00a0mama\u00a0\u00bb qui ne comprend pas notre s\u00e9paration car chez elle on ne se quitte pas. Pour elle, c\u2019est la crise, le drame. Je suis agac\u00e9e parce qu\u2019elle prend toute la place, m\u00eame si \u00e7a part d\u2019un bon sentiment. C\u2019est un poids \u00e9norme pour moi car je me sens culpabilis\u00e9e.<\/li>\n<\/ul>\n<h4 style=\"text-align: justify;\"><strong>5. Conclusion<\/strong><\/h4>\n<p style=\"text-align: justify;\">Apr\u00e8s neuf ann\u00e9es de vie, le GASP en est l\u00e0 aujourd\u2019hui. Il a t\u00e2tonn\u00e9, \u00e9volu\u00e9, mais sans perdre de vue les objectifs premiers ni les principes fondamentaux.<\/p>\n<p style=\"text-align: justify;\">Cette ann\u00e9e il fonctionne avec 13 personnes parmi lesquelles on compte un \u00ab\u00a0noyau dur\u00a0\u00bb, pr\u00e9sent depuis le d\u00e9but et des nouveaux venus. Parmi les personnes qui ont quitt\u00e9 le GASP, la plupart l\u2019on fait pour des raisons professionnelles ou familiales, en particulier lors d\u2019un d\u00e9m\u00e9nagement.<\/p>\n<p style=\"text-align: justify;\">Rendez-vous est pris pour un bilan \u00e0 la fin de l\u2019ann\u00e9e\u00a02014\/2015.<\/p>\n<p>&nbsp;<\/p>\n<h4><strong>Annexe\u00a0: les phases du GASP \u00a0(inspir\u00e9 de Robo, 2012)<\/strong><\/h4>\n<p>&nbsp;<\/p>\n<p><img loading=\"lazy\" decoding=\"async\" class=\"alignnone size-full wp-image-1797\" src=\"http:\/\/www.analysedepratique.org\/wp-content\/uploads\/a-ramplou.jpg\" alt=\"a-ramplou\" width=\"565\" height=\"688\" srcset=\"https:\/\/www.analysedepratique.org\/wp-content\/uploads\/a-ramplou.jpg 565w, https:\/\/www.analysedepratique.org\/wp-content\/uploads\/a-ramplou-246x300.jpg 246w\" sizes=\"auto, (max-width: 565px) 100vw, 565px\" \/><\/p>\n<p>&nbsp;<\/p>\n<h4><strong>R\u00e9f\u00e9rences bibliographiques<\/strong><\/h4>\n<p>Robo, P. (2003). Les GFAPP. En ligne\u00a0: <a href=\"http:\/\/probo.free.fr\/ecrits_app\/les_gfapp.pdf\">http:\/\/probo.free.fr\/ecrits_app\/les_gfapp.pdf<\/a>.<\/p>\n<p>Robo, P. (2012). Grille des phases du GFAPP. En ligne\u00a0: <a href=\"http:\/\/probo.free.fr\/ecrits_app\/grille_phases_gfapp_v_19.pdf\">http:\/\/probo.free.fr\/ecrits_app\/grille_phases_gfapp_v_19.pdf<\/a>.<\/p>\n<p>&nbsp;<\/p>\n<div><\/div>\n<div><\/div>\n<a href=\"#\" class=\"shortcode button  \" style=\"background-color: silver;\" target=\"\" onclick=\"\"> Haut de page<\/a>\n<b><\/b><\/p>\n<p>&nbsp;<\/p>\n<p>&nbsp;<\/p>\n<h4><strong>Notes<\/strong><\/h4>\n<div class='footnotes' id='footnotes-1791'>\n<div class='footnotedivider'><\/div>\n<ol>\n<li id='fn-1791-1'> L\u2019objectif n\u2019est pas de comprendre les m\u00e9canismes, les ph\u00e9nom\u00e8nes, les effets inh\u00e9rents aux groupes restreints, ni de travailler sp\u00e9cifiquement au d\u00e9veloppement et \u00e0 l\u2019\u00e9volution du groupe pr\u00e9sent. <span class='footnotereverse'><a href='#fnref-1791-1'>&#8617;<\/a><\/span><\/li>\n<\/ol>\n<\/div>\n<div id=\"themify_builder_content-1791\" data-postid=\"1791\" class=\"themify_builder_content themify_builder_content-1791 themify_builder themify_builder_front\">\n\n\t<\/div>\n<!-- \/themify_builder_content -->","protected":false},"excerpt":{"rendered":"<p>&nbsp; Annette Ramplou Conseill\u00e8re p\u00e9dagogique retrait\u00e9e, B\u00e9darieux (H\u00e9rault)\u00a0 &nbsp; R\u00e9sum\u00e9 Dans cet article, l\u2019auteure t\u00e9moigne du transfert de son exp\u00e9rience professionnelle vers une modalit\u00e9 d\u2019analyse de situations au service de parents qu\u2019elle a d\u00e9velopp\u00e9 dans sa ville. \u00c0 partir de groupes de formation \u00e0 et par l\u2019analyse de pratiques professionnelles (GFAPP), elle a mis en [&hellip;]<\/p>\n","protected":false},"author":2,"featured_media":0,"comment_status":"open","ping_status":"open","sticky":false,"template":"","format":"standard","meta":{"_jetpack_newsletter_access":"","_jetpack_dont_email_post_to_subs":false,"_jetpack_newsletter_tier_id":0,"_jetpack_memberships_contains_paywalled_content":false,"_jetpack_memberships_contains_paid_content":false,"footnotes":""},"categories":[169,19],"tags":[42,107,159,175],"class_list":["post-1791","post","type-post","status-publish","format-standard","hentry","category-annette-ramplou","category-10temoignage","tag-accompagnement","tag-gfapp","tag-parentalite","tag-situations-parentales","has-post-title","no-post-date","has-post-category","has-post-tag","has-post-comment","has-post-author"],"jetpack_featured_media_url":"","jetpack_shortlink":"https:\/\/wp.me\/p3VXfJ-sT","jetpack_sharing_enabled":true,"_links":{"self":[{"href":"https:\/\/www.analysedepratique.org\/index.php?rest_route=\/wp\/v2\/posts\/1791","targetHints":{"allow":["GET"]}}],"collection":[{"href":"https:\/\/www.analysedepratique.org\/index.php?rest_route=\/wp\/v2\/posts"}],"about":[{"href":"https:\/\/www.analysedepratique.org\/index.php?rest_route=\/wp\/v2\/types\/post"}],"author":[{"embeddable":true,"href":"https:\/\/www.analysedepratique.org\/index.php?rest_route=\/wp\/v2\/users\/2"}],"replies":[{"embeddable":true,"href":"https:\/\/www.analysedepratique.org\/index.php?rest_route=%2Fwp%2Fv2%2Fcomments&post=1791"}],"version-history":[{"count":16,"href":"https:\/\/www.analysedepratique.org\/index.php?rest_route=\/wp\/v2\/posts\/1791\/revisions"}],"predecessor-version":[{"id":4933,"href":"https:\/\/www.analysedepratique.org\/index.php?rest_route=\/wp\/v2\/posts\/1791\/revisions\/4933"}],"wp:attachment":[{"href":"https:\/\/www.analysedepratique.org\/index.php?rest_route=%2Fwp%2Fv2%2Fmedia&parent=1791"}],"wp:term":[{"taxonomy":"category","embeddable":true,"href":"https:\/\/www.analysedepratique.org\/index.php?rest_route=%2Fwp%2Fv2%2Fcategories&post=1791"},{"taxonomy":"post_tag","embeddable":true,"href":"https:\/\/www.analysedepratique.org\/index.php?rest_route=%2Fwp%2Fv2%2Ftags&post=1791"}],"curies":[{"name":"wp","href":"https:\/\/api.w.org\/{rel}","templated":true}]}}