{"id":1700,"date":"2015-03-18T14:49:22","date_gmt":"2015-03-18T13:49:22","guid":{"rendered":"http:\/\/www.analysedepratique.org\/?p=1700"},"modified":"2021-11-25T10:57:29","modified_gmt":"2021-11-25T09:57:29","slug":"disparition-de-jacques-ardoino","status":"publish","type":"post","link":"https:\/\/www.analysedepratique.org\/?p=1700","title":{"rendered":"Disparition de Jacques Ardoino"},"content":{"rendered":"<p>&nbsp;<\/p>\n<table border=\"0\" width=\"626\" cellspacing=\"0\" cellpadding=\"0\">\n<tbody>\n<tr>\n<td valign=\"top\" width=\"319\">\n<h3><em><a href=\"http:\/\/www.analysedepratique.org\/?page_id=117#pp\"><b>Philippe P\u00e9aud<\/b><\/a><\/em><\/h3>\n<p><em>ESPE de l\u2019universit\u00e9 de Poitiers<br \/>\n<\/em><em><a href=\"mailto:philippe.peaud@univ-poitiers.fr\">philippe.peaud[arobase]univ-poitiers.fr<\/a><\/em><\/td>\n<td valign=\"top\" width=\"307\">\n<h3><em><a href=\"http:\/\/www.analysedepratique.org\/?page_id=117#pr\"><b>Patrick Robo<\/b><\/a><\/em><\/h3>\n<p><em>Formateur Consultant, B\u00e9ziers<br \/>\n<\/em><em><a href=\"mailto:patrick.robo@laposte.net\">patrick.robo[arobase]laposte.net<\/a><\/em><\/td>\n<\/tr>\n<\/tbody>\n<\/table>\n<h3><em><a href=\"http:\/\/www.analysedepratique.org\/?page_id=117#mt\"><b>Marc Thi\u00e9baud<\/b><\/a><\/em><\/h3>\n<p><em>Psychologue, animateur de groupe, Suisse<br \/>\n<\/em><em><a href=\"mailto:thiebaud@formaction.ch\">thiebaud[arobase]formaction.ch<\/a><\/em><\/p>\n<h5><strong><i><br \/>\n<\/i><\/strong><i>R\u00e9sum\u00e9<\/i><\/h5>\n<p style=\"text-align: justify;\">Cette br\u00e8ve a \u00e9t\u00e9 r\u00e9dig\u00e9e en hommage \u00e0 Jacques Ardoino, professeur en sciences de l&rsquo;\u00e9ducation \u00e0 l&rsquo;Universit\u00e9 de Paris VIII, figure marquante dans le champ de l\u2019\u00e9ducation, fondateur de la \u00ab\u00a0multir\u00e9f\u00e9rentialit\u00e9\u00a0\u00bb, d\u00e9c\u00e9d\u00e9 le 20 f\u00e9vrier 2015 dans sa 88<sup>\u00e8me <\/sup>ann\u00e9e. Elle \u00e9voque des aspects clefs de ses apports pour la recherche et la pratique.<\/p>\n<h5><em>Mots-cl\u00e9s\u00a0<\/em><\/h5>\n<p>hommage, multir\u00e9f\u00e9rentialit\u00e9<\/p>\n<h5><em>Cat\u00e9gorie d&rsquo;article\u00a0<\/em><\/h5>\n<p>Br\u00e8ve; hommage<\/p>\n<h5><em>R\u00e9f\u00e9rencement\u00a0<\/em><\/h5>\n<p>P\u00e9aud, P., Robo, P. et Thi\u00e9baud, M. (2015). Disparition de Jacques Ardoino. In <em>Revue de l\u2019analyse de pratiques professionnelles<\/em>, 5, pp. 79-82. http:\/\/www.analysedepratique.org\/?p=1700.<\/p>\n<p>&nbsp;<\/p>\n<hr class=\"shortcode hr light-gray\" style=\"border-width:1px;\" \/>\n<p><a href=\"http:\/\/www.analysedepratique.org\/wp-content\/uploads\/chocat-vacher-peaud-robo-thiebaud-revue-app-fevrier2014.pdf\"><img loading=\"lazy\" decoding=\"async\" src=\"https:\/\/www.analysedepratique.org\/wp-content\/uploads\/download-icon.png\" alt=\"download-icon\" width=\"24\" height=\"29\" \/><\/a>\u00a0<a href=\"http:\/\/www.analysedepratique.org\/wp-content\/uploads\/jacques-ardoino-revue-app-mars2015.pdf\">Article en PDF<\/a> \u00a0\u00a0 \u00a0\u00a0 \u00a0\u00a0 \u00a0\u00a0 \u00a0\u00a0 \u00a0\u00a0 <a href=\"#co\"><img loading=\"lazy\" decoding=\"async\" src=\"https:\/\/www.analysedepratique.org\/wp-content\/uploads\/et-info-comment.png\" alt=\"et-info-comment\" width=\"30\" height=\"31\" \/><\/a>\u00a0<a href=\"#co\">Commentaires<\/a><br \/>\n<hr class=\"shortcode hr light-gray\" style=\"border-width:1px;\" \/>\n<p>&nbsp;<\/p>\n<p style=\"text-align: justify;\">Jacques Ardoino nous a quitt\u00e9s le 20 f\u00e9vrier dernier. Sa formation et sa carri\u00e8re montrent la f\u00e9condit\u00e9 du croisement entre plusieurs mondes, ce qu\u2019il mod\u00e9lisa avec la \u00ab\u00a0multir\u00e9f\u00e9rentialit\u00e9\u00a0\u00bb dont il fut le fondateur.<\/p>\n<p style=\"text-align: justify;\">Ses apports ont marqu\u00e9 les sciences humaines. Licenci\u00e9 en droit, en psychologie, en philosophie, docteur en \u00ab\u00a0administration des entreprises\u00a0\u00bb, il mena une r\u00e9flexion qui s\u2019est traduite par de nombreuses publications sur la formation permanente et la formation d\u2019adultes, et particuli\u00e8rement pour l\u2019\u00e9ducation.<\/p>\n<p style=\"text-align: justify;\">Pour reprendre les propos de Christian Verrier (2015) qui a \u00e9crit un ouvrage sur Jacques Ardoino\u00a0: <strong><em>\u00ab<\/em><\/strong><em>\u00a0Il est p<\/em><em>roche, entre autres, de Corn\u00e9lius Castoriadis et d\u2019Edgar Morin, qu\u2019il avait fait contribuer \u00e0 plusieurs num\u00e9ros de la revue Pratiques de formation\/Analyse, il partageait avec eux ce penchant, rendu in\u00e9luctable par l\u2019avanc\u00e9e des sciences de l\u2019homme et de la soci\u00e9t\u00e9, pour le pluri et le multidisciplinaire, la complexit\u00e9, et m\u00eame ce qu\u2019il nommait l\u2019hyper-complexit\u00e9 de l\u2019\u00e9ducation.\u00bb<\/em><\/p>\n<p style=\"text-align: justify;\">Dans son travail de l\u2019appr\u00e9hension de la complexit\u00e9, il a mis en \u00e9vidence notamment deux notions : la \u00ab multi-dimensionnalit\u00e9 \u00bb qui distingue des aspects, des dimensions, dans un ensemble homog\u00e8ne et la \u00ab multir\u00e9f\u00e9rentialit\u00e9 \u00bb qui vise \u00e0 faire coexister, s\u2019articuler des perspectives h\u00e9t\u00e9rog\u00e8nes entre elles et venues de champs diff\u00e9rents. Jacques Ardoino prenait en compte le fait que les acteurs qui sont impliqu\u00e9s dans une situation donnent des sens diff\u00e9rents \u00e0 ce qu\u2019ils vivent.<\/p>\n<p style=\"text-align: justify;\">Laissons-lui la parole (Ardoino, 1986)\u00a0:<\/p>\n<p style=\"text-align: justify;\"><em>\u00ab\u00a0Reconna\u00eetre la complexit\u00e9 comme fondamentale dans un domaine de connaissance donn\u00e9, c&rsquo;est donc, tout \u00e0 la fois, postuler le caract\u00e8re \u00ab\u00a0molaire\u00a0\u00bb, holistique, de la r\u00e9alit\u00e9 \u00e9tudi\u00e9e et l&rsquo;impossibilit\u00e9 de sa r\u00e9duction par d\u00e9coupage, par d\u00e9composition en \u00e9l\u00e9ments plus simples. Toutefois cette impossibilit\u00e9 de s\u00e9parer ou de d\u00e9composer les \u00ab\u00a0constituants\u00a0\u00bb d&rsquo;une r\u00e9alit\u00e9 complexe n&rsquo;interdit nullement le rep\u00e9rage ou la distinction, effectu\u00e9s par l&rsquo;intelligence, au sein de tels ensembles, \u00e0 partir de m\u00e9thodes appropri\u00e9es. Cela suppose une \u00ab\u00a0vision\u00a0\u00bb, tout \u00e0 la fois \u00ab\u00a0syst\u00e9mique\u00a0\u00bb, compr\u00e9hensive et herm\u00e9neutique des choses, pour laquelle les ph\u00e9nom\u00e8nes de relations, d&rsquo;interd\u00e9pendance, d&rsquo;alt\u00e9ration, de r\u00e9currence, fondant \u00e9ventuellement des propri\u00e9t\u00e9s quasi-holographiques, deviennent pr\u00e9\u00e9minentes pour l&rsquo;intelligibilit\u00e9. Reconna\u00eetre et postuler la complexit\u00e9 d&rsquo;une r\u00e9alit\u00e9, c&rsquo;est, en outre, admettre sa nature, \u00e0 la fois homog\u00e8ne et h\u00e9t\u00e9rog\u00e8ne, son opacit\u00e9, sa multi-dimensionnalit\u00e9, exigeant, alors, pour une compr\u00e9hension plus fine, une \u00ab\u00a0multir\u00e9f\u00e9rentialit\u00e9. [\u2026]<\/em><\/p>\n<p style=\"text-align: justify;\"><em>\u00ab\u00a0La complexit\u00e9 se donne souvent \u00e0 conna\u00eetre en tant que \u00ab\u00a0multi\u00a0\u00bb ou \u00ab\u00a0pluri\u00a0\u00bb dimensionnalit\u00e9, ainsi pr\u00eat\u00e9es \u00e0 l&rsquo;objet. Du c\u00f4t\u00e9 du ou des regards qui pr\u00e9tendent en rendre compte, il est, alors, pr\u00e9f\u00e9rable de parler de \u00ab\u00a0multir\u00e9ferentialit\u00e9\u00a0\u00bb. Ces deux notions ne doivent pas \u00eatre confondues. Pour expliquer bri\u00e8vement la diff\u00e9rence, l&rsquo;une comme l&rsquo;autre peuvent se r\u00e9clamer \u00e9galement de l&rsquo;id\u00e9e de \u00ab\u00a0compl\u00e9mentarit\u00e9\u00a0\u00bb. Mais cette derni\u00e8re, elle-m\u00eame, recouvre des contenus tr\u00e8s diff\u00e9rents. Si je parle de deux \u00ab\u00a0angles compl\u00e9mentaires\u00a0\u00bb dont la somme donne un angle droit, la compl\u00e9mentarit\u00e9 que j&rsquo;\u00e9voque est celle de deux sous-ensembles homog\u00e8nes l&rsquo;un \u00e0 l&rsquo;autre. Lorsque nous disons que les diff\u00e9rents \u00ab\u00a0sens\u00a0\u00bb (la vue, l&rsquo;ou\u00efe, le toucher, etc.) sont compl\u00e9mentaires, nous parlons d\u00e9j\u00e0 de r\u00e9alit\u00e9s plus h\u00e9t\u00e9rog\u00e8nes entre elles, mais restant toutefois pr\u00e9- coordonn\u00e9es, \u00ab\u00a0pilot\u00e9es\u00a0\u00bb, par un syst\u00e8me nerveux central. <\/em><\/p>\n<p style=\"text-align: justify;\"><em>Lorsque, enfin, nous voulons souligner l&rsquo;importance de perspectives \u00ab\u00a0compl\u00e9mentaristes\u00a0\u00bb pour l&rsquo;intelligibilit\u00e9 des ph\u00e9nom\u00e8nes, dans le cadre des sciences anthropo-sociales, faisant, par exemple, appel \u00e0 des syst\u00e8mes de r\u00e9f\u00e9rence, \u00e0 des grilles de lecture, diff\u00e9rents, (psychologiques, psychosociaux, sociologiques), la \u00ab\u00a0compl\u00e9mentarit\u00e9\u00a0\u00bb est, ici, celle d&rsquo;ensembles fonci\u00e8rement, sinon irr\u00e9ductiblement h\u00e9t\u00e9rog\u00e8nes. Le travail d&rsquo;analyse consiste moins \u00e0 tenter de les homog\u00e9n\u00e9iser, au prix d&rsquo;une r\u00e9duction in\u00e9vitable, qu&rsquo;\u00e0 chercher \u00e0 les articuler, sinon \u00e0 les conjuguer. Cette perspective suppose \u00e9videmment de faire le deuil d&rsquo;un \u00ab\u00a0monisme\u00a0\u00bb tenace dans notre culture. Nous avons, ainsi, d\u00e9velopp\u00e9 un mod\u00e8le d&rsquo;intelligibilit\u00e9 des pratiques \u00e9ducatives, en distinguant des \u00ab\u00a0regards\u00a0\u00bb centr\u00e9s sur les individus ou les personnes (perspective psychologique), sur les interactions et sur le groupe (perspectives psychosociales), sur les organisations et les institutions (perspectives plus sociologiques), assortis de leur syst\u00e8mes de r\u00e9f\u00e9rences propres . Il s&rsquo;agit, ici, de \u00ab\u00a0perspectives\u00a0\u00bb, et non de \u00ab\u00a0niveaux\u00a0\u00bb, comme on l&rsquo;a, parfois, cru.\u00a0\u00bb<\/em><\/p>\n<p style=\"text-align: justify;\">Selon Guy Berger (1998), pour Jacques Ardoino, \u00ab\u00a0<em>la multir\u00e9f\u00e9rentialit\u00e9 n&rsquo;est pas la mobilisation d&rsquo;un certain nombre de champs de connaissances, de champs de comp\u00e9tences qui, \u00e0 un moment donn\u00e9, seraient appel\u00e9s, en quelque sorte, de mani\u00e8re incantatoire, au secours de l&rsquo;analyse d&rsquo;une situation par ailleurs plurielle et h\u00e9t\u00e9rog\u00e8ne. Elle est dans la d\u00e9marche m\u00eame de la pens\u00e9e, dans cette mobilisation de la pens\u00e9e se faisant. \u00bb <\/em><\/p>\n<p style=\"text-align: justify;\">Jacques Ardoino fut un formateur, un intervenant, un psychosociologue, ancr\u00e9 dans la pratique. Pour reprendre les propos de Guy Berger (1998), <em>\u00ab la pratique chez Jacques Ardoino est toujours praxis, c&rsquo;est-\u00e0-dire : elle est une pratique qui n&rsquo;est pas l&rsquo;action d&rsquo;un sujet transformant le monde mais l&rsquo;action d&rsquo;un sujet se transformant en transformant le monde et, par l\u00e0, Jacques est aussi de son \u00e9poque. Cette notion de praxis, dans son pragmatisme, permet d&rsquo;introduire deux autres dimensions, m\u00eame si ce mot ne me pla\u00eet pas, pas plus qu&rsquo;il ne pla\u00eet \u00e0 Jacques, qui sont \u00e0 la fois la question du sujet, puisque le sujet se fait en faisant, se transforme en agissant sur le monde, et du politique. Car agir sur le monde, c&rsquo;est du politique. Et le politique, par d\u00e9finition, est praxis. \u00bb<br \/>\n<\/em><\/p>\n<p style=\"text-align: justify;\">Cette perspective dynamique se retrouve dans l\u2019approche de l\u2019\u00e9valuation propos\u00e9e par Jacques Ardoino (voir l\u2019enregistrement vid\u00e9o de 4 minutes d\u2019Ardoino, 2001)\u00a0: <em>\u00ab\u00a0Alors que le contr\u00f4le <\/em><em>est un dispositif mettant en jeu des proc\u00e9dures pour v\u00e9rifier<\/em><em>, dans une p\u00e9riode d\u00e9limit\u00e9e, <\/em><em>une conformit\u00e9 par rapport \u00e0 un<\/em><em>e <\/em><em>norme et a besoin d\u2019u<\/em><em>n r\u00e9f\u00e9rentiel unique<\/em><em>, ant\u00e9rieur et ext\u00e9rieur \u00e0 l\u2019op\u00e9ration de contr\u00f4le, l\u2019\u00e9valuation est une d\u00e9marche qui s\u2019inscrit dans une temporalit\u00e9 <\/em><em>et fait appel \u00e0 des r\u00e9f\u00e9rentiels multiples, <\/em><em>pluriels, qui ne sont pas r\u00e9ductibles les uns aux autres et <\/em><em>qui s&rsquo;\u00e9laborent dans le cours du processus<\/em><em>, au fur et \u00e0 mesure du processus m\u00eame de l\u2019\u00e9valuation<\/em><em>.<\/em><em>\u00a0\u00bb<\/em><\/p>\n<p style=\"text-align: justify;\">Dans l\u2019analyse de pratiques en groupe, le travail autour de la \u00ab\u00a0multi-dimensionnalit\u00e9\u00a0\u00bb et de la \u00ab\u00a0multir\u00e9f\u00e9rentialit\u00e9\u00a0\u00bb des ph\u00e9nom\u00e8nes et situations est souvent utilis\u00e9 pour enrichir notamment les phases de questionnement et d\u2019analyse.<\/p>\n<p style=\"text-align: justify;\">Terminons cette <em>Br\u00e8ve <\/em>en laissant encore la parole \u00e0 Jacques Ardoino (1986)\u00a0:<\/p>\n<p style=\"text-align: justify;\"><em>\u00ab\u00a0Tant\u00f4t l&rsquo;analyse multir\u00e9f\u00e9rentielle s&rsquo;appliquera \u00e0 l&rsquo;intelligibilit\u00e9 des concepts et des notions, tant\u00f4t \u00e0 celle des situations. Il faut, en effet \u00eatre bien consci<\/em><em>ent que la majeure partie des \u00ab\u00a0<\/em><em>recherches ins<\/em><em>titutionnelles\u00a0\u00bb portent sur des \u00ab\u00a0<\/em><em>pratiques sociales<\/em><em>\u00a0\u00bb<\/em><em>, beaucoup plus que sur des ph\u00e9nom\u00e8nes ou des <\/em><em>\u00ab\u00a0<\/em><em>faits<\/em><em>\u00a0\u00bb<\/em><em>, usuellement entendus. De ce fait, l&rsquo;analyse ne se d\u00e9finit plus, comme traditionnellement, par sa capacit\u00e9 de d\u00e9coupage, de d\u00e9composition, de division-r\u00e9duction en <\/em><em>\u00e9l\u00e9ments<\/em><em> plus simpl<\/em><em>es, mais par ses propri\u00e9t\u00e9s de \u00ab\u00a0<\/em><em>compr\u00e9hension<\/em><em>\u00a0\u00bb<\/em><em>, <\/em><em>\u00ab\u00a0<\/em><em>d&rsquo;accompagnement<\/em><em>\u00a0\u00bb<\/em><em> des ph\u00e9nom\u00e8nes vivants et dynamiques auxquels elle s&rsquo;<\/em><em>int\u00e9resse<\/em><em>. C&rsquo;est bien pourquoi ce type d&rsquo;analyse convient tout <\/em><em>particuli\u00e8rement<\/em><em> aux recherches <\/em><em>actions (R. Barbier) et aux <\/em><em>\u00ab\u00a0<\/em><em>interventions<\/em><em>\u00a0\u00bb<\/em><em>, soci<\/em><em>o<\/em><em>analytiques ou autres (R. Hess).<\/em><em>\u00a0\u00bb<\/em><\/p>\n<p><strong><br \/>\nR\u00e9f\u00e9rences bibliographiques<\/strong><\/p>\n<p>Ardoino, J. (1986). <em>L\u2019analyse multir\u00e9f\u00e9rentielle<\/em>. Communication. Mai 1986. <a href=\"http:\/\/probo.free.fr\/textes_amis\/analyse_multireferentielle_j_ardoino.pdf\">http:\/\/probo.free.fr\/textes_amis\/analyse_multireferentielle_j_ardoino.pdf<\/a>.<\/p>\n<p>Ardoino, J. (2001). <em>Contr\u00f4le et \u00e9valuation<\/em>. Canal U. Vid\u00e9o accessible sur\u00a0:<br \/>\n<a href=\"http:\/\/www.canal-u.tv\/video\/profession_formateur\/controle_et_evaluation.370\">http:\/\/www.canal-u.tv\/video\/profession_formateur\/controle_et_evaluation.370<\/a>.<\/p>\n<p>Berger, G. (1998). Ardoino et la multir\u00e9f\u00e9rentialit\u00e9. Communication dans le cadre du colloque <em>Approche plurielle en \u00e9ducation, questionnements et perspectives. <\/em>30 mai &#8211; 1 juin. 1998.\u00a0<a href=\"http:\/\/www.barbier-rd.nom.fr\/Introduction.html\">http:\/\/www.barbier-rd.nom.fr\/Introduction.html<\/a>.<\/p>\n<p>Verrier, C. (2015).<em> Hommage \u00e0 Jacques Ardoino.<br \/>\n<\/em><a href=\"http:\/\/www.barbier-rd.nom.fr\/journal\/spip.php?article348\">http:\/\/www.barbier-rd.nom.fr\/journal\/spip.php?article348<\/a>.<\/p>\n<p>Verrier, C. (2010).\u00a0<em>Jacques Ardoino, p\u00e9dagogue au fil du temps<\/em><em>.<\/em> Paris\u00a0: T\u00e9ra\u00e8dre.<\/p>\n<p>Page d\u2019accueil du site de Jacques Ardoino\u00a0:<br \/>\n<a href=\"http:\/\/www.barbier-rd.nom.fr\/jacques.ardoino.accueil.html\">http:\/\/www.barbier-rd.nom.fr\/jacques.ardoino.accueil.html<\/a><i>.<\/i><\/p>\n<div><\/div>\n<div>\n<p>&nbsp;<\/p>\n<div><\/div>\n<\/div>\n<a href=\"#\" class=\"shortcode button  \" style=\"background-color: silver;\" target=\"\" onclick=\"\"> Haut de page<\/a>\n<div id=\"themify_builder_content-1700\" data-postid=\"1700\" class=\"themify_builder_content themify_builder_content-1700 themify_builder themify_builder_front\">\n\n\t<\/div>\n<!-- \/themify_builder_content -->","protected":false},"excerpt":{"rendered":"<p>&nbsp; Philippe P\u00e9aud ESPE de l\u2019universit\u00e9 de Poitiers philippe.peaud[arobase]univ-poitiers.fr Patrick Robo Formateur Consultant, B\u00e9ziers patrick.robo[arobase]laposte.net Marc Thi\u00e9baud Psychologue, animateur de groupe, Suisse thiebaud[arobase]formaction.ch R\u00e9sum\u00e9 Cette br\u00e8ve a \u00e9t\u00e9 r\u00e9dig\u00e9e en hommage \u00e0 Jacques Ardoino, professeur en sciences de l&rsquo;\u00e9ducation \u00e0 l&rsquo;Universit\u00e9 de Paris VIII, figure marquante dans le champ de l\u2019\u00e9ducation, fondateur de la \u00ab\u00a0multir\u00e9f\u00e9rentialit\u00e9\u00a0\u00bb, [&hellip;]<\/p>\n","protected":false},"author":2,"featured_media":0,"comment_status":"open","ping_status":"open","sticky":false,"template":"","format":"standard","meta":{"_jetpack_newsletter_access":"","_jetpack_dont_email_post_to_subs":false,"_jetpack_newsletter_tier_id":0,"_jetpack_memberships_contains_paywalled_content":false,"_jetpack_memberships_contains_paid_content":false,"footnotes":""},"categories":[17,323,8,7,6],"tags":[96,161],"class_list":["post-1700","post","type-post","status-publish","format-standard","hentry","category-8breve","category-hommage","category-thiebaud","category-robo","category-peaud","tag-hommage","tag-multireferentialite","has-post-title","no-post-date","has-post-category","has-post-tag","has-post-comment","has-post-author"],"jetpack_featured_media_url":"","jetpack_shortlink":"https:\/\/wp.me\/p3VXfJ-rq","jetpack_sharing_enabled":true,"_links":{"self":[{"href":"https:\/\/www.analysedepratique.org\/index.php?rest_route=\/wp\/v2\/posts\/1700","targetHints":{"allow":["GET"]}}],"collection":[{"href":"https:\/\/www.analysedepratique.org\/index.php?rest_route=\/wp\/v2\/posts"}],"about":[{"href":"https:\/\/www.analysedepratique.org\/index.php?rest_route=\/wp\/v2\/types\/post"}],"author":[{"embeddable":true,"href":"https:\/\/www.analysedepratique.org\/index.php?rest_route=\/wp\/v2\/users\/2"}],"replies":[{"embeddable":true,"href":"https:\/\/www.analysedepratique.org\/index.php?rest_route=%2Fwp%2Fv2%2Fcomments&post=1700"}],"version-history":[{"count":18,"href":"https:\/\/www.analysedepratique.org\/index.php?rest_route=\/wp\/v2\/posts\/1700\/revisions"}],"predecessor-version":[{"id":5266,"href":"https:\/\/www.analysedepratique.org\/index.php?rest_route=\/wp\/v2\/posts\/1700\/revisions\/5266"}],"wp:attachment":[{"href":"https:\/\/www.analysedepratique.org\/index.php?rest_route=%2Fwp%2Fv2%2Fmedia&parent=1700"}],"wp:term":[{"taxonomy":"category","embeddable":true,"href":"https:\/\/www.analysedepratique.org\/index.php?rest_route=%2Fwp%2Fv2%2Fcategories&post=1700"},{"taxonomy":"post_tag","embeddable":true,"href":"https:\/\/www.analysedepratique.org\/index.php?rest_route=%2Fwp%2Fv2%2Ftags&post=1700"}],"curies":[{"name":"wp","href":"https:\/\/api.w.org\/{rel}","templated":true}]}}