{"id":1683,"date":"2015-03-15T14:38:45","date_gmt":"2015-03-15T13:38:45","guid":{"rendered":"http:\/\/www.analysedepratique.org\/?p=1683"},"modified":"2021-09-26T14:22:11","modified_gmt":"2021-09-26T13:22:11","slug":"une-actualite-de-lanalyse-de-pratiques-professionnelles-en-formation","status":"publish","type":"post","link":"https:\/\/www.analysedepratique.org\/?p=1683","title":{"rendered":"Une actualit\u00e9 de l\u2019analyse de pratiques professionnelles en formation"},"content":{"rendered":"<h3><\/h3>\n<h3><em><strong><br \/>\nPatrick Robo<\/strong><\/em><\/h3>\n<p><em>Formateur-consultant, B\u00e9ziers<br \/>\n<a href=\"mailto:patrick.robo@laposte.net\">patrick.robo[arobase]laposte.net<\/a><\/em><\/p>\n<h3 align=\"center\"><\/h3>\n<h4><i><br \/>\nR\u00e9sum\u00e9<\/i><\/h4>\n<p style=\"text-align: justify;\">Dans cet article, j\u2019apporterai un regard sur l\u2019actualit\u00e9 de l\u2019APP telle que je la per\u00e7ois \u00e0 travers mes contacts, lectures et interventions notamment dans les milieux de l\u2019\u00c9ducation nationale et de la Sant\u00e9. Qu\u2019en est-il pr\u00e9cis\u00e9ment de sa pr\u00e9sence dans les textes en vigueur relatifs \u00e0 la formation\u00a0? Apr\u00e8s avoir signal\u00e9 diff\u00e9rents types d\u2019analyse, d\u2019objets d\u2019analyse et d\u2019objectifs, j\u2019indiquerai les modalit\u00e9s les plus cit\u00e9es ou mises en \u0153uvre\u00a0aujourd\u2019hui. J\u2019\u00e9voquerai aussi la modalit\u00e9 que je d\u00e9veloppe majoritairement, le Groupe de Formation \u00e0 et par l\u2019analyse de pratiques professionnelles (GFAPP). Enfin je soulignerai la n\u00e9cessit\u00e9 de prudence et de clairvoyance indispensables \u00e0 l\u2019APP en listant quelques pr\u00e9cautions qui me paraissent incontournables pour le d\u00e9veloppement efficient de ce processus de formation au service des acteurs.<\/p>\n<h5><em>Mots-cl\u00e9s\u00a0<\/em><\/h5>\n<p class=\"WW-Standard\">modalit\u00e9s, injonctions, Sant\u00e9, formation, institution<\/p>\n<h5><em>Cat\u00e9gorie d&rsquo;article\u00a0<\/em><\/h5>\n<p>Texte de r\u00e9flexion en lien avec des pratiques<\/p>\n<h5><em>R\u00e9f\u00e9rencement\u00a0<\/em><\/h5>\n<p>Robo, P. (2015). Une actualit\u00e9 de l\u2019analyse de pratiques professionnelles en formation.<br \/>\nIn <em>Revue de l\u2019analyse de pratiques professionnelles<\/em>, No 5, pp. 48-59. http:\/\/www.analysedepratique.org\/?p=1683<\/p>\n<hr class=\"shortcode hr light-gray\" style=\"border-width:1px;\" \/> <a href=\"http:\/\/www.analysedepratique.org\/wp-content\/uploads\/guillaume-villain-revue-app-juin2014.pdf\"><img loading=\"lazy\" decoding=\"async\" class=\"alignleft\" src=\"https:\/\/www.analysedepratique.org\/wp-content\/uploads\/download-icon.png\" alt=\"download-icon\" width=\"24\" height=\"29\" \/><\/a>\u00a0<a href=\"http:\/\/www.analysedepratique.org\/wp-content\/uploads\/patrick-robo-revue-app-mars2015.pdf\">Article en PDF<\/a>\u00a0\u00a0\u00a0 \u00a0\u00a0 \u00a0\u00a0 \u00a0\u00a0 \u00a0\u00a0 \u00a0\u00a0 <a href=\"#co\"><img loading=\"lazy\" decoding=\"async\" src=\"https:\/\/www.analysedepratique.org\/wp-content\/uploads\/et-info-comment.png\" alt=\"et-info-comment\" width=\"30\" height=\"31\" \/><\/a>\u00a0<a href=\"#co\">Commentaires<\/a> <hr class=\"shortcode hr light-gray\" style=\"border-width:1px;\" \/>\n<p>&nbsp;<\/p>\n<p style=\"text-align: justify;\">[toc]<\/p>\n<p style=\"text-align: justify;\">L\u2019analyse de pratiques professionnelles (APP)\u2026 serpent de mer, concept valise, effet de mode, perte de temps, investissement professionnalisant, psychanalyse groupale, outil de management, dispositif de formation, modalit\u00e9 d\u2019accompagnement professionnalisant, r\u00e9ponse \u00e0 des besoins non pris en compte par l\u2019Institution, etc. Bien des all\u00e9gations fond\u00e9es ou non que l\u2019on peut entendre quant \u00e0 cet objet pas toujours bien identifi\u00e9.<\/p>\n<p style=\"text-align: justify;\">L\u2019APP, on en parle, on en entend parler, des formateurs y font r\u00e9f\u00e9rence, des responsables institutionnels l\u2019\u00e9voquent\u2026 mais quelles politiques de formation \u00e0 cet effet sont d\u00e9velopp\u00e9es\u00a0? Qui la met r\u00e9ellement et de mani\u00e8re efficiente en \u0153uvre\u00a0? Quels dispositifs concrets et pertinents sont d\u00e9velopp\u00e9s dans des programmes et plans de formations initiales et continues\u00a0? Avec quelles modalit\u00e9s, quels protocoles ? Avec quel(s) objectif(s)\u00a0? Pour quels types d\u2019acteurs professionnels\u00a0? Quelles formations sp\u00e9cifiques de formateurs \u00e0 cet effet ?<\/p>\n<p style=\"text-align: justify;\">\u00c0 cette premi\u00e8re s\u00e9rie de questions pourraient s\u2019ajouter celles-ci entendues lors de formations<sup class='footnote'><a href='#fn-1683-1' id='fnref-1683-1' onclick='return fdfootnote_show(1683)'>1<\/a><\/sup> : D\u2019o\u00f9 vient ce concept\u00a0? \u00c0 quelles th\u00e9ories des sciences humaines s\u2019adosse-t-il\u00a0? Quels sont les diff\u00e9rents courants d\u2019APP ? Quelle l\u00e9gitimit\u00e9 pour mettre en \u0153uvre de tels dispositifs, pour animer des ateliers, des groupes d\u2019APP\u00a0? Existe-t-il une (des) certification(s) sp\u00e9cifique(s)\u00a0? Etc.<\/p>\n<p style=\"text-align: justify;\">Cet article n\u2019apportera pas des \u00e9l\u00e9ments de r\u00e9ponses<sup class='footnote'><a href='#fn-1683-2' id='fnref-1683-2' onclick='return fdfootnote_show(1683)'>2<\/a><\/sup> \u00e0 toutes ces questions mais il tentera par des \u00e9clairages et des questionnements, dans un premier temps d\u2019apporter un regard sur la place de l\u2019APP dans des injonctions de formation de l\u2019\u00c9ducation nationale et des Instituts de Formation en Soins Infirmiers\u00a0; dans un deuxi\u00e8me temps il sera question de rep\u00e8res, de jalons sur l\u2019actualit\u00e9, de d\u00e9clinaisons de l\u2019APP ou de ce qui s\u2019en rapproche avant d\u2019inviter <em>in fine<\/em> \u00e0 de la prudence et de la clairvoyance dans la mise en \u0153uvre et\/ou la participation \u00e0 des dispositifs d\u2019APP.<\/p>\n<h4 style=\"text-align: justify;\"><strong>1. Des injonctions institutionnelles<\/strong><\/h4>\n<h6 style=\"text-align: justify;\"><strong>1.1 Dans l\u2019\u00c9ducation nationale<\/strong><\/h6>\n<p style=\"text-align: justify;\">Que dit par exemple la circulaire de pr\u00e9paration de la rentr\u00e9e 2014<sup class='footnote'><a href='#fn-1683-3' id='fnref-1683-3' onclick='return fdfootnote_show(1683)'>3<\/a><\/sup> concernant l\u2019APP\u00a0? Elle stipule\u00a0: \u00ab\u00a0<em>La formation doit rester une pr\u00e9occupation de l&rsquo;ensemble des \u00e9chelons de pilotage concern\u00e9s. <strong>Il convient d&rsquo;aller davantage vers l&rsquo;analyse de<\/strong> <strong>pratique<\/strong>s<sup class='footnote'><a href='#fn-1683-4' id='fnref-1683-4' onclick='return fdfootnote_show(1683)'>4<\/a><\/sup>\u00a0pour renforcer les comp\u00e9tences didactiques, les gestes professionnels des acteurs du dispositif ainsi que la formalisation des avanc\u00e9es \u00e0 partir du projet. <\/em><em>\u00c0 l&rsquo;\u00e9chelon acad\u00e9mique ou d\u00e9partemental, <strong>la mise en place d&rsquo;une formation de formateurs, prenant appui sur<\/strong> <strong>l&rsquo;ESP<\/strong>E<sup class='footnote'><a href='#fn-1683-5' id='fnref-1683-5' onclick='return fdfootnote_show(1683)'>5<\/a><\/sup><\/em><strong><em>\u00a0est n\u00e9cessaire<\/em><\/strong><em>.\u00a0\u00c0 l&rsquo;\u00e9chelon des circonscriptions, le suivi exerc\u00e9 par l&rsquo;IEN<sup class='footnote'><a href='#fn-1683-6' id='fnref-1683-6' onclick='return fdfootnote_show(1683)'>6<\/a><\/sup>\u00a0et les conseillers p\u00e9dagogiques prend appui sur <strong>des observations r\u00e9guli\u00e8res de classes privil\u00e9giant ainsi l&rsquo;analyse de pratiques.<\/strong><\/em>\u00a0\u00bb<\/p>\n<p style=\"text-align: justify;\">Dans le \u00ab\u00a0<em>dossier de rentr\u00e9e 2014-2015<\/em> \u00bb du Minist\u00e8re de l\u2019Education nationale on pouvait lire que la formation en alternance permettra \u00e0 chaque stagiaire \u00ab\u00a0<em>d\u2019<strong>apprendre \u00e0 analyser sa pratique<\/strong> pour l\u2019am\u00e9liorer au cours de l\u2019ann\u00e9e<\/em>\u00a0\u00bb et que \u00ab\u00a0<strong><em>des groupes d\u2019analyses de pratiques<\/em><\/strong><em> et des conf\u00e9rences de consensus r\u00e9unissant \u00e9tudiants, chercheurs et professionnels de l\u2019\u00e9ducation <strong>seront organis\u00e9s<\/strong>.<\/em>\u00a0\u00bb<\/p>\n<p style=\"text-align: justify;\">Ces intentions viennent en \u00e9cho \u00e0 une circulaire plus ancienne de 2001 intitul\u00e9e <em>\u00ab\u00a0Accompagnement de l&rsquo;entr\u00e9e dans le m\u00e9tier et formation continu<\/em>e<sup class='footnote'><a href='#fn-1683-7' id='fnref-1683-7' onclick='return fdfootnote_show(1683)'>7<\/a><\/sup><em><em>\u00a0<\/em>\u00bb\u00a0<\/em>qui \u00e9voque l\u2019analyse de pratiques comme une d\u00e9marche \u00e0 privil\u00e9gier, n\u00e9cessitant une organisation particuli\u00e8re (\u00e9talement dans le temps, groupes restreints et travail de proximit\u00e9), faisant appel \u00e0 de fortes comp\u00e9tences et ne devant pas \u00eatre confondue avec de simples \u00e9changes de pratiques.\u00a0Elles viennent aussi en \u00e9cho \u00e0 un s\u00e9minaire et \u00e0 une Universit\u00e9 d\u2019automne (voir Actes DESCO, 2002 et Actes DESCO, 2003 en bibliographie) organis\u00e9s par le\u00a0 Minist\u00e8re de l\u2019\u00c9ducation nationale en 2002 et 2003 pour que l\u2019APP se d\u00e9veloppe dans la formation des enseignants.<\/p>\n<p style=\"text-align: justify;\">Plus d\u2019une d\u00e9cade donc que la volont\u00e9 existe ou du moins est affich\u00e9e de d\u00e9velopper et utiliser l\u2019APP au service des professionnels de l\u2019\u00c9ducation nationale\u2026 Force est de constater, que contrairement \u00e0 d\u2019autres milieux (Sant\u00e9, Travail social, Petite enfance, Aides \u00e0 domicile, etc.) cette d\u00e9marche de formation accompagnante s\u2019est peu r\u00e9pandue malgr\u00e9 un semblant de pic dans les ann\u00e9es 2001\u00e0 2005, voire a \u00e9t\u00e9 laiss\u00e9e de c\u00f4t\u00e9 en formation initiale, et reste quasi inexistante aujourd\u2019hui dans la formation continue de ces personnels, qu\u2019ils soient professeurs des \u00e9coles, conseillers p\u00e9dagogiques, ma\u00eetres formateurs, IEN, tuteurs second degr\u00e9, Conseillers Principaux d\u2019\u00c9ducation, Personnels de Direction, Inspecteurs d&rsquo;Acad\u00e9mie-Inspecteurs P\u00e9dagogiques R\u00e9gionaux, etc. L\u2019APP n\u2019\u00e9tant bien entendu pas r\u00e9serv\u00e9e \u00e0 des personnels d\u00e9butants et\/ou en difficult\u00e9 comme certains le pr\u00e9tendent \u00e0 tort.<\/p>\n<p style=\"text-align: justify;\">Force est de constater \u00e9galement que tr\u00e8s peu de formations \u00e0 l\u2019APP ont \u00e9t\u00e9 mises en \u0153uvre depuis toutes ces ann\u00e9es pour des formateurs et des cadres de l\u2019\u00c9ducation nationale. Par exemple l\u2019ESEN<sup class='footnote'><a href='#fn-1683-8' id='fnref-1683-8' onclick='return fdfootnote_show(1683)'>8<\/a><\/sup> apr\u00e8s 2001 avait programm\u00e9 dans son plan de formation des Inspecteurs et personnels de direction des passages oblig\u00e9s d\u00e9di\u00e9s \u00e0 des pratiques d\u2019APP. Depuis peu ces temps-l\u00e0 ne sont plus programm\u00e9s si ce n\u2019est, \u00e0 la marge, pour quelques personnels, peu nombreux, dans le cadre de leur formation continue.<\/p>\n<h6 style=\"text-align: justify;\"><strong>1.2 <\/strong><strong>Dans l\u2019Enseignement sup\u00e9rieur<\/strong><\/h6>\n<p style=\"text-align: justify;\">Au niveau des ESPE, les textes officiels ne sont pas prolixes quant \u00e0 l\u2019APP. Le r\u00e9f\u00e9rentiel des comp\u00e9tences professionnelles des m\u00e9tiers du professorat et de l&rsquo;\u00e9ducation<sup class='footnote'><a href='#fn-1683-9' id='fnref-1683-9' onclick='return fdfootnote_show(1683)'>9<\/a><\/sup> n\u2019\u00e9voque pas une seule fois le \u00ab\u00a0savoir analyser sa pratique\u00a0\u00bb comme comp\u00e9tence \u00e0 acqu\u00e9rir. Il est simplement sp\u00e9cifi\u00e9 que l\u2019enseignant doit <em>\u00ab\u00a0<strong>r\u00e9fl\u00e9chir sur sa pratique<\/strong> &#8211; seul et entre pairs &#8211; et r\u00e9investir les r\u00e9sultats de sa r\u00e9flexion dans l&rsquo;action\u00a0\u00bb.<\/em><\/p>\n<p style=\"text-align: justify;\">Il est \u00e0 remarquer au passage la r\u00e9gression entre ce r\u00e9f\u00e9rentiel de 2013 et celui de 1994 pour le premier degr\u00e9, le \u00ab\u00a0R\u00e9f\u00e9rentiel des comp\u00e9tences professionnelles du Professeur des \u00c9coles stagiaire\u00a0 en fin de formation initiale\u00a0\u00bb<sup class='footnote'><a href='#fn-1683-10' id='fnref-1683-10' onclick='return fdfootnote_show(1683)'>10<\/a><\/sup> qui stipulait :<\/p>\n<p style=\"text-align: justify;\">\u00ab\u00a0<em>C&rsquo;est un enjeu fondamental de la formation initiale que de s&rsquo;attacher \u00e0 d\u00e9velopper chez tous les futurs enseignants \u00e0 la fois les capacit\u00e9s \u00e0 <strong>analyser<\/strong> et \u00e0 \u00e9valuer <strong>sa pratique professionnelle<\/strong> et le go\u00fbt de poursuivre sa propre formation. Ceci implique que l&rsquo;acquisition des comp\u00e9tences professionnelles se fasse selon des modalit\u00e9s qui permettent au stagiaire de prendre le recul n\u00e9cessaire \u00e0 <strong>l&rsquo;analyse de son activit\u00e9<\/strong> (analyse de son action, analyse du public destinataire, analyse du contexte dans lequel se situe l&rsquo;action). (\u2026) Il doit avoir \u00e9t\u00e9 <strong>mis en situation d&rsquo;analyser sa pratique individuellement et collectivement<\/strong><\/em>.\u00a0\u00bb<\/p>\n<p style=\"text-align: justify;\">\u00c0 noter que la comp\u00e9tence \u00ab\u00a0<em>R\u00e9fl\u00e9chir sur sa pratique\u00a0\u00bb<\/em> du r\u00e9f\u00e9rentiel de 2013 n\u2019est pas synonyme d\u2019analyser sa pratique. Il est tout \u00e0 fait possible de r\u00e9fl\u00e9chir sur sa pratique ne serait-ce que pour l\u2019anticiper mais sans forc\u00e9ment entrer dans une d\u00e9marche d\u2019analyse tourn\u00e9e vers la compr\u00e9hension. Et, comme le pr\u00e9cisent Jean Donnay et Evelyne Charlier (2008), on peut \u00eatre un praticien qui r\u00e9fl\u00e9chit sur ses pratiques sans pour autant \u00eatre un praticien r\u00e9flexif capable d\u2019adopter une posture d\u2019ext\u00e9riorit\u00e9 et ainsi d\u2019apprendre \u00e0 partir d\u2019une analyse r\u00e9flexive de ses pratiques.<\/p>\n<p style=\"text-align: justify;\">Pourrait alors se poser ici la question de savoir, en mati\u00e8re de formation initiale des enseignants, comment leur permettre d\u2019acqu\u00e9rir et d\u00e9velopper cette comp\u00e9tence les aidant \u00e0 r\u00e9fl\u00e9chir sur et analyser leurs pratiques, seuls (auto-analyse) et entre pairs\u2026 d\u2019autant qu\u2019ils auront peu de chance de trouver une offre de formation continue des dispositifs d\u2019APP. Ce qui au passage peut interroger l\u2019incoh\u00e9rence d\u2019un syst\u00e8me dans lequel on montre en formation initiale l\u2019int\u00e9r\u00eat d\u2019analyser ses pratiques dans des groupes de pairs tout en sachant pertinemment qu\u2019il n\u2019existe pratiquement pas cette possibilit\u00e9 apr\u00e8s la prise de fonction\u00a0!<\/p>\n<p style=\"text-align: justify;\">Par ailleurs, l\u2019Arr\u00eat\u00e9 du 27 ao\u00fbt 2013 fixant le cadre national des formations dispens\u00e9es au sein des masters \u00ab m\u00e9tiers de l&rsquo;enseignement, de l&rsquo;\u00e9ducation et de la formation \u00bb\u00a0 (MEEF) \u00e9voque seulement deux fois l\u2019APP en stipulant que\u00a0:<\/p>\n<ul style=\"text-align: justify;\">\n<li>\u00ab\u00a0<em>Le cursus de master \u00ab MEEF \u00bb int\u00e8gre des stages d&rsquo;observation et de pratique accompagn\u00e9e, le cas \u00e9ch\u00e9ant en milieu scolaire, des p\u00e9riodes d&rsquo;alternance et <strong>des temps d&rsquo;analyses de pratiques<\/strong><\/em><strong><em>.<\/em><\/strong>\u00a0\u00bb (Art. 6)<\/li>\n<li>\u00ab\u00a0<em>La formation s&rsquo;appuie sur une activit\u00e9 d&rsquo;initiation \u00e0 la recherche, qui permet de se familiariser avec les diff\u00e9rents aspects de la d\u00e9marche scientifique. L&rsquo;activit\u00e9 de recherche doit, au-del\u00e0 du contenu disciplinaire, permettre l&rsquo;acquisition de comp\u00e9tences en lien avec le m\u00e9tier d&rsquo;enseignant ou de personnel d&rsquo;\u00e9ducation, <strong>notamment par<\/strong> l&rsquo;observation et <strong>l&rsquo;analyse des pratiques professionnelles<\/strong><\/em>.\u00a0\u00bb (Art. 7)<\/li>\n<li>\u00ab\u00a0<em>Les stages donnent lieu \u00e0 un temps de pr\u00e9paration, une phase d&rsquo;accompagnement par le ou les tuteurs et <strong>une phase<\/strong> d&rsquo;exploitation et <strong>d&rsquo;analyse r\u00e9flexive<\/strong><\/em>.\u00a0\u00bb (Art. 11)<\/li>\n<\/ul>\n<p style=\"text-align: justify;\">Reste \u00e0 savoir selon l\u2019article 6, comment sont organis\u00e9s ces temps d\u2019APP, par qui et comment, avec quels objectifs, quelles modalit\u00e9s.<\/p>\n<p style=\"text-align: justify;\">Se demander \u00e9galement avec l\u2019article 7 comment, dans l\u2019activit\u00e9 de recherche est utilis\u00e9e l\u2019APP, mise en \u0153uvre par qui et comment, et quelles acquisitions de comp\u00e9tences sont vis\u00e9es \u00e0 travers ces d\u00e9marches\u00a0?<\/p>\n<p style=\"text-align: justify;\">Quant \u00e0 l\u2019article 11, il est question d\u2019analyse r\u00e9flexive sans pr\u00e9ciser ce qui est analys\u00e9\u2026 une d\u00e9marche didactique\u00a0? Une situation\u00a0? Une activit\u00e9\u00a0? Une pratique\u00a0? Des pratiques\u00a0? Etc.<\/p>\n<p style=\"text-align: justify;\">De mani\u00e8re plus g\u00e9n\u00e9rale, \u00e0 la lumi\u00e8re de ce qui s\u2019est fait (ou pas) dans les IUFM<sup class='footnote'><a href='#fn-1683-11' id='fnref-1683-11' onclick='return fdfootnote_show(1683)'>11<\/a><\/sup>, se pose aujourd\u2019hui un triple questionnement au niveau des ESPE\u00a0:<\/p>\n<ul style=\"text-align: justify;\">\n<li>Quelle place r\u00e9elle est d\u00e9di\u00e9e \u00e0 l\u2019APP dans les plans de formation\u00a0? Place id\u00e9ologique d\u2019abord\u00a0: les concepteurs des plans de formation sont-ils convaincus de l\u2019int\u00e9r\u00eat de l\u2019APP et font-ils des choix politiques et andragogiques permettant de la mettre en \u0153uvre\u00a0? Place concr\u00e8te ensuite\u00a0: quelle dur\u00e9e d\u00e9di\u00e9e aux temps d\u2019APP, avec quelle organisation\u00a0? En m\u00eame temps comment lever les obstacles et les freins au d\u00e9veloppement de l\u2019APP\u00a0(voir Lepage et Robo, 2014) ?<\/li>\n<li>D\u00e9j\u00e0 en 2002 le Directeur de l\u2019enseignement scolaire, dans sa conclusion du s\u00e9minaire pr\u00e9c\u00e9demment cit\u00e9, \u00e9voquait l\u2019obstacle majeur au d\u00e9veloppement de l\u2019APP dans les IUFM et en formation continue, \u00e0 savoir le manque patent de formateurs form\u00e9s \u00e0 ces pratiques de formation et il insistait sur l\u2019importance de mettre en \u0153uvre des formations de formateurs en ce sens.<\/li>\n<li>La question qui peut se poser aujourd\u2019hui dans les ESPE est de savoir quels sont les formateurs, universitaires ou pas, qui ont \u00e9t\u00e9 ou qui se sont form\u00e9s aux pratiques d\u2019APP avant de les proposer aux stagiaires en formation\u00a0?<\/li>\n<li>L\u2019autre questionnement est\u00a0le suivant : quelles formations de formateurs \u00e0 ces pratiques sont mises en \u0153uvre et par qui, avec qui\u00a0? En effet un titre universitaire ou professionnel n\u2019est pas la garantie d\u2019une comp\u00e9tence en la mati\u00e8re\u2026 Combien de d\u00e9g\u00e2ts sont constat\u00e9s quand des formateurs, m\u00eame de bonne volont\u00e9 mais non form\u00e9s, s\u2019autorisent \u00e0 proposer, voire imposer, de l\u2019APP \u00e0 des stagiaires. Animer un atelier d\u2019APP n\u2019est pas du tout la m\u00eame chose que faire un cours sur une th\u00e9matique universitaire ou professionnelle.<\/li>\n<\/ul>\n<h6 style=\"text-align: justify;\"><strong>1.3 Dans le milieu de la Sant\u00e9<\/strong><\/h6>\n<p style=\"text-align: justify;\">Le nouveau programme<sup class='footnote'><a href='#fn-1683-12' id='fnref-1683-12' onclick='return fdfootnote_show(1683)'>12<\/a><\/sup>\u00a0de formation qui s\u2019applique depuis septembre 2009 dans les Instituts de Formation en Soins Infirmiers (IFSI) est bas\u00e9 sur un r\u00e9f\u00e9rentiel de comp\u00e9tences qui a pour objectif de conduire l\u2019\u00e9tudiant\u00a0 \u00ab\u00a0\u00e0 <em>devenir un praticien autonome, responsable et r\u00e9flexif, c&rsquo;est-\u00e0-dire un professionnel <strong>capable d\u2019analyser toute situation<\/strong> en sant\u00e9, de prendre des d\u00e9cisions dans les limites de son r\u00f4le et de mener des interventions seul et en \u00e9quipe pluri professionnelle.<sup class='footnote'><a href='#fn-1683-13' id='fnref-1683-13' onclick='return fdfootnote_show(1683)'>13<\/a><\/sup><\/em>\u00a0\u00bb<\/p>\n<p style=\"text-align: justify;\">Ce qui se traduit au niveau du cursus de formation initiale par le d\u00e9veloppement de pratiques (dites) d\u2019APP dans le cadre d\u2019un chapitre du portfolio des \u00e9tudiants et lors de leurs stages sur le terrain au cours desquels \u00ab\u00a0<em>le formateur de l\u2019IFSI r\u00e9f\u00e9rent du stage organise, en lien avec l\u2019\u00e9quipe p\u00e9dagogique, le tuteur et le ma\u00eetre de stage, soit sur les lieux de stage, soit en IFSI, des regroupements des \u00e9tudiants d\u2019un ou de quelques jours. Ces regroupements entre les \u00e9tudiants, les formateurs et les professionnels permettent de r\u00e9aliser <strong>des analyses de la pratique<\/strong> <strong>professionnell<\/strong>e<sup class='footnote'><a href='#fn-1683-14' id='fnref-1683-14' onclick='return fdfootnote_show(1683)'>14<\/a><\/sup>\u00a0<\/em>\u00bb. Ces d\u00e9marches devant contribuer \u00e0\u00a0 \u00ab <em>d\u00e9velopper chez\u00a0\u00a0 l\u2019\u00e9tudiant\u00a0\u00a0 la\u00a0\u00a0 pratique\u00a0\u00a0 r\u00e9flexive\u00a0\u00a0 n\u00e9cessaire\u00a0\u00a0 au\u00a0\u00a0 d\u00e9veloppement\u00a0\u00a0 de\u00a0\u00a0 la\u00a0\u00a0 comp\u00e9tence infirmi\u00e8re<sup class='footnote'><a href='#fn-1683-15' id='fnref-1683-15' onclick='return fdfootnote_show(1683)'>15<\/a><\/sup><\/em>\u00a0\u00bb.<\/p>\n<p style=\"text-align: justify;\">Le constat actuel est que dans les IFSI, l\u2019APP est mise en \u0153uvre avec des modalit\u00e9s diverses et par des formateurs plus ou moins form\u00e9s \u00e0 ces d\u00e9marches, ce qui les met parfois en difficult\u00e9 personnelle ou d\u2019\u00e9quipe et les conduit \u00e0 souhaiter de la part de leur Institution la possibilit\u00e9 d\u2019\u00eatre eux-m\u00eames accompagn\u00e9s, d\u2019aucuns disent supervis\u00e9s, au niveau de leurs fonctions et postures d\u2019animateurs d\u2019ateliers d\u2019APP. Difficult\u00e9 li\u00e9e aussi en partie au manque de clarification et de compr\u00e9hension relatif \u00e0 ce qu\u2019est ou devrait \u00eatre l\u2019APP et aux objectifs vis\u00e9s par son utilisation.<\/p>\n<h6 style=\"text-align: justify;\"><strong>1.4 Des injonctions suffisantes\u00a0?<\/strong><\/h6>\n<p style=\"text-align: justify;\">Au-del\u00e0 d\u2019une comparaison int\u00e9ressante des orientations, pratiques et effets li\u00e9es \u00e0 l\u2019APP entre \u00c9ducation nationale et milieu de la Sant\u00e9, il est donc \u00e9vident que dans les trois niveaux ci-dessus \u00e9voqu\u00e9s, il existe des injonctions institutionnelles pour que soit d\u00e9velopp\u00e9e de l\u2019APP mais que, bien que n\u00e9cessaires, elles ne sont pas suffisantes pour la mise en \u0153uvre de pratiques d\u2019APP efficientes au service des (futurs) acteurs professionnels. Il ne suffit pas de d\u00e9cr\u00e9ter de faire (faire) de l\u2019APP\u00a0; celle-ci n\u00e9cessite, au-del\u00e0 de choix de politique de formation,\u00a0 un choix d\u00e9lib\u00e9r\u00e9 d\u2019accompagnement de sa mise en \u0153uvre et d\u2019actions de formations de formateurs avec, notamment\u00a0:<\/p>\n<ul style=\"text-align: justify;\">\n<li>Un accompagnement par de l\u2019information initiale en direction des acteurs potentiellement concern\u00e9s pour pr\u00e9ciser ce qu\u2019est l\u2019APP, son int\u00e9r\u00eat, ses objectifs, ses d\u00e9clinaisons&#8230; Un accompagnement par des temps et des lieux clairement notifi\u00e9s dans des plans de formation initiale et continue, dans des emplois du temps. Mais aussi un accompagnement par l\u2019information et la formation des cadres et des responsables d\u00e9cideurs des formations initiale et continue afin qu\u2019ils facilitent, voire appuient et accompagnent eux-m\u00eames ces mises en \u0153uvre, convaincus de l\u2019int\u00e9r\u00eat que cela repr\u00e9sente.<\/li>\n<li>Un accompagnement indispensable par de la formation de formateurs \u00ab\u00a0\u00e0 et par l\u2019APP\u00a0\u00bb. D\u2019abord une formation initiale bas\u00e9e sur le principe de la formation-action permettant de d\u00e9couvrir et vivre pour soi une (des) modalit\u00e9(s) d\u2019APP. En effet, le fait de lire des ouvrages, des articles et\/ou de participer \u00e0 des conf\u00e9rences d\u2019experts de l\u2019APP, et\/ou d\u2019assister \u00e0 un seul atelier d\u2019APP est fort utile pour s\u2019y rep\u00e9rer mais insuffisant pour comprendre ce qui peut se jouer sur les plans humains et professionnels lorsque l\u2019on est amen\u00e9 \u00e0 analyser sa pratique avec d\u2019autres, ou amen\u00e9 \u00e0 aider d\u2019autres \u00e0 analyser leurs pratiques.<\/li>\n<li>Un accompagnement par une formation accompagnante d\u00e8s lors que l\u2019on d\u00e9veloppe de l\u2019APP pour des acteurs professionnels, formation r\u00e9unissant des formateurs acteurs de l\u2019APP afin d\u2019analyser, avec les m\u00eames modalit\u00e9s qu\u2019ils mettent en \u0153uvre, leurs pratiques en la mati\u00e8re. L\u00e0 aussi, si une formation initiale est n\u00e9cessaire, indispensable, elle est loin d\u2019\u00eatre suffisante car l\u2019APP rel\u00e8ve de l\u2019humain et de la complexit\u00e9.<\/li>\n<\/ul>\n<h4 style=\"text-align: justify;\"><strong>2. L\u2019APP, un processus d\u00e9clin\u00e9 en proc\u00e9dures diverses et vari\u00e9es<\/strong><\/h4>\n<h6 style=\"text-align: justify;\"><strong>2.1 Quelques jalons pour tenter de s\u2019y rep\u00e9rer dans l\u2019existant, en ou autour de l\u2019APP<\/strong><\/h6>\n<p style=\"text-align: justify;\">Lorsque l\u2019on s\u2019int\u00e9resse plus finement \u00e0 l\u2019APP, trois questions peuvent, doivent se poser, que l\u2019on soit cadre, formateur, animateur ou participant.<\/p>\n<p style=\"text-align: justify;\"><em>1. De quel(s) type(s) d\u2019analyse(s) est-il question\u00a0?<\/em><\/p>\n<p style=\"text-align: justify;\">D\u2019analyse institutionnelle, syst\u00e9mique, psychosociologique, psychop\u00e9dagogique, sociologique, organisationnelle, de psychanalyse, de socio-psychanalyse, de socio-analyse, d\u2019analyse transactionnelle, interactionnelle, didactique (professionnelle, disciplinaire ou psychanalytique\u00a0?), clinique, r\u00e9flexive,\u00a0 typologique\u2026<\/p>\n<p style=\"text-align: justify;\"><em>2. Qu\u2019est-ce qui est analys\u00e9\u00a0?<\/em><\/p>\n<p style=\"text-align: justify;\">Un m\u00e9tier, une profession, une personne (mais laquelle\u00a0? l\u2019individu et\/ou le professionnel\u00a0?), un groupe, une situation, une (des) pratique(s), le travail, une t\u00e2che, des gestes, une activit\u00e9, une discipline, un syst\u00e8me, une institution, une organisation, un probl\u00e8me, des comportements, des relations, la p\u00e9dagogie, des \u00e9motions, des affects, des r\u00e9ussites, des difficult\u00e9s\u2026<\/p>\n<p style=\"text-align: justify;\"><em>3. Dans, avec quel(s) objectif(s)\u00a0?<\/em><\/p>\n<p style=\"text-align: justify;\">Suivant les courants existants de l\u2019APP\u00a0on trouvera, par exemple, des objectifs d&rsquo;\u00e9lucidation, de connaissance, de rem\u00e9diation, d&rsquo;approfondissement, de r\u00e9solution de probl\u00e8me, de formation, de co-d\u00e9veloppement professionnel, d&rsquo;aide au changement personnel, d&rsquo;intervention, de transformation, de recherche, d&rsquo;\u00e9valuation, de th\u00e9rapie,\u00a0 de construction de l\u2019identit\u00e9 professionnelle, d\u2019accompagnement\u2026 ou encore de d\u00e9veloppement de comp\u00e9tences telles le \u00ab\u00a0savoir animer\u00a0\u00bb des ateliers d\u2019APP, de m\u00e9tacomp\u00e9tences telles le \u00ab\u00a0savoir-analyser\u00a0\u00bb (Robo, 2013)\u2026<\/p>\n<p style=\"text-align: justify;\">Dans un souci de coh\u00e9rence, ce n\u2019est, en principe, qu\u2019apr\u00e8s avoir trouv\u00e9, fourni des r\u00e9ponses \u00e0 ces questions que devrai(en)t \u00eatre choisie(s) la (les) modalit\u00e9(s) \u00e0 mettre en \u0153uvre pour analyser des pratiques professionnelles, car il n\u2019existe pas \u00ab\u00a0LA\u00a0\u00bb modalit\u00e9 passe-partout pour ce faire. Cette qu\u00eate de coh\u00e9rence conduisant corollairement \u00e0 s\u2019interroger sur ce qui est r\u00e9ellement de l\u2019APP, ce qui n\u2019en est pas et qui pourrait \u00eatre ou non au service de l\u2019APP, \u00e0 s\u2019interroger sur des strat\u00e9gies \u00e0 d\u00e9velopper pour, par exemple \u00e0 partir de l\u2019\u00e9tude de cas, faire d\u00e9couvrir progressivement \u00e0 des \u00e9tudiants non volontaires l\u2019int\u00e9r\u00eat de la pratique de l\u2019APP en groupe \u00e0 partir d\u2019une situation apport\u00e9e par l\u2019un d\u2019eux.<\/p>\n<h6 style=\"text-align: justify;\"><strong>2.2 Des modalit\u00e9s d\u2019APP ou dites d\u2019APP<\/strong><\/h6>\n<p style=\"text-align: justify;\">Que trouve-t-on aujourd\u2019hui dans les faits et dans la litt\u00e9rature comme modalit\u00e9s ou proc\u00e9dures affich\u00e9es sous l\u2019\u00e9tiquette APP<sup class='footnote'><a href='#fn-1683-16' id='fnref-1683-16' onclick='return fdfootnote_show(1683)'>16<\/a><\/sup>?<\/p>\n<p style=\"text-align: justify;\">On pourra notamment trouver p\u00eale-m\u00eale, des groupes de parole, des \u00e9tudes de cas,\u00a0 l\u2019instruction au sosie, l\u2019auto-confrontation simple ou crois\u00e9e, les entretiens en visite formative,\u00a0 l\u2019\u00e9criture clinique, la vid\u00e9oformation, les histoires de vie, les simulations, les jeux de r\u00f4le, l\u2019entretien d\u2019explication, les groupes Balint, les groupes Balint enseignants, les GEASE (Groupe d\u2019Entra\u00eenement \u00e0 l\u2019Analyse de Situations \u00c9ducatives), les GEASP (Groupe d\u2019Entra\u00eenement \u00e0 l\u2019Analyse de Situations Professionnelles ou Parentales), les GAP (Groupe d\u2019Approfondissement Professionnel ou Groupe d\u2019Accompagnement Professionnel ou des Pratiques), les GSAS (Groupe de Soutien Au Soutien), l\u2019APPR (Analyse de Pratiques Professionnelles R\u00e9flexive),\u00a0 l\u2019ARPPEGE (Analyse R\u00e9flexive de Pratiques Professionnelles en Groupe d\u2019\u00c9change\u00a0; voir Vacher, 2015), les SASCO (S\u00e9minaires d\u2019Analyse de Situations de Communication), les GMS (Groupes de Mise en Simulation), etc.<\/p>\n<p style=\"text-align: justify;\">Dans cette liste non exhaustive certaines modalit\u00e9s sont directement ax\u00e9es sur de l\u2019analyse de pratique, d\u2019autres non. Ainsi, \u00e0 titre d\u2019exemples, on peut analyser une situation sans analyser la pratique de l\u2019acteur de cette situation, on peut mener un entretien d\u2019explicitation et se contenter de faire \u00e9merger \u00ab\u00a0l\u2019insu<sup class='footnote'><a href='#fn-1683-17' id='fnref-1683-17' onclick='return fdfootnote_show(1683)'>17<\/a><\/sup> \u00bb d\u2019un v\u00e9cu professionnel sans analyser la pratique mise en \u0153uvre, on peut faire un jeu de r\u00f4le et se contenter de faire jouer des r\u00f4les sans mener ensuite une analyse, etc. Il est int\u00e9ressant, utile, n\u00e9cessaire de s\u2019y rep\u00e9rer entre ces modalit\u00e9s afin de savoir ce que l\u2019on propose et ainsi d\u2019\u00e9tablir un contrat didactique pr\u00e9cis avec les participants\u2026 et ne pas dire que l\u2019on fait de l\u2019APP alors que l\u2019on fait de la r\u00e9solution de probl\u00e8me ou encore de l\u2019apport de savoirs professionnels ou th\u00e9oriques.<\/p>\n<p style=\"text-align: justify;\">A titre personnel, apr\u00e8s en avoir exp\u00e9riment\u00e9 plusieurs modalit\u00e9s ci-dessus, je d\u00e9veloppe depuis de nombreuses ann\u00e9es maintenant des GFAPP (Groupes de Formation \u00e0 et par l\u2019Analyse de Pratiques Professionnelles\u00a0; voir Robo, 2003) dans une perspective d\u2019affranchissement des acteurs afin de les aider, par l\u2019acquisition et le d\u00e9veloppement d\u2019un \u00ab\u00a0savoir analyser\u00a0\u00bb, \u00e0 \u00eatre en mesure progressivement de pouvoir analyser de mani\u00e8re plus efficiente leurs pratiques, quelles qu\u2019elles soient et sans avoir besoin de faire syst\u00e9matiquement appel \u00e0 un groupe, \u00e0 un expert de l\u2019APP qu\u2019il soit \u00ab\u00a0psy\u00a0\u00bb ou non, voire \u00e0 un coach ou \u00e0 un pseudo gourou comme on peut en trouver sur le march\u00e9 et qui font de l\u2019APP (ou pseudo APP) leur fonds de commerce.<\/p>\n<p style=\"text-align: justify;\">Ainsi, dans ma d\u00e9marche, analyser, savoir analyser des pratiques est un processus li\u00e9 \u00e0 un objectif de professionnalisation et d\u2019accompagnement professionnel par une approche clinique collective consistant \u00e0 ANALYSER avec des dimensions syst\u00e9mique, interactionniste et multir\u00e9f\u00e9rentielle, pour t\u00e2cher de COMPRENDRE \u00e0 partir d\u2019une situation v\u00e9cue dans un pass\u00e9 plus ou moins r\u00e9cent, pour DISCERNER entre toutes les informations recueillies gr\u00e2ce \u00e0 cette d\u00e9marche, pour D\u00c9CIDER individuellement de celles que l\u2019on garde comme pertinentes, pour d\u00e9cider de ce que l\u2019on fera dans un \u00e0-venir plus ou moins proche afin d\u2019AGIR au niveau de sa pratique professionnelle. Plut\u00f4t que d\u2019une simple d\u00e9marche de r\u00e9solution imm\u00e9diate de probl\u00e8me, il s\u2019agit donc davantage d\u2019une dynamique de \u00ab\u00a0projet-vis\u00e9e\u00a0\u00bb et non de \u00ab\u00a0projet-programmatique\u00a0\u00bb au sens o\u00f9 le d\u00e9veloppait Jacques Ardoino (1984), c&rsquo;est \u00e0 dire de \u00ab\u00a0jets en avant\u00a0\u00bb, de \u00ab\u00a0pr\u00e9-visions\u00a0\u00bb, de projections, de perspectives que l&rsquo;on tentera d&rsquo;atteindre et non de programmations pr\u00e9-\u00e9tablies. Il s\u2019agit donc, en quelque sorte, davantage d\u2019une obligation de moyen que d\u2019une obligation de r\u00e9sultat.<\/p>\n<p style=\"text-align: justify;\">Ces diff\u00e9rents jalons, rep\u00e8res faisant partie de l\u2019actualit\u00e9 de l\u2019APP pourraient, devraient permettre \u00e0 tout un chacun de savoir, de comprendre, de choisir pourquoi il pratique ou fait pratiquer de l\u2019APP, ou autre chose qui s\u2019en rapproche. D\u2019o\u00f9 l\u2019insistance r\u00e9p\u00e9t\u00e9e d\u2019une formation de formateurs qui veulent (doivent) \u00ab\u00a0faire de l\u2019APP\u00a0\u00bb afin d\u2019\u00e9viter certaines erreurs, voire d\u00e9rives involontaires.<\/p>\n<h4 style=\"text-align: justify;\"><strong>3. Prudence et clairvoyance<\/strong><\/h4>\n<p style=\"text-align: justify;\">A la lumi\u00e8re de ce qui pr\u00e9c\u00e8de et face \u00e0 ce que l\u2019on pourrait nommer \u00ab\u00a0la jungle de l\u2019APP\u00a0\u00bb, des pr\u00e9cautions s\u2019imposent. Quitte \u00e0 me r\u00e9p\u00e9ter j\u2019insisterai sur plusieurs aspects ici, parce qu\u2019il s\u2019agit d\u2019une d\u00e9marche sensible ax\u00e9e sur des m\u00e9tiers de l\u2019humain\u00a0:<\/p>\n<ul style=\"text-align: justify;\">\n<li>toute analyse de pratiques professionnelles est singuli\u00e8re car unique\u00a0; toute analyse devrait \u00eatre op\u00e9ratoire car objet de raisonnement sp\u00e9culatif, compr\u00e9hensive et non explicative, formative et non normative, \u00e9mancipatrice et non conditionnante, s\u2019inscrire dans la \u00ab\u00a0cr\u00e9-action\u00a0\u00bb et non dans la reproduction\u00a0;<\/li>\n<li>toute modalit\u00e9 d\u2019APP mise en \u0153uvre en formation ne devrait l\u2019\u00eatre que par des formateurs ayant particip\u00e9 ou participant \u00e0 des dispositifs d\u2019analyse de leurs propres pratiques de formateurs-animateurs, et ayant b\u00e9n\u00e9fici\u00e9 ou b\u00e9n\u00e9ficiant de formations sp\u00e9cifiques de formateurs \u00e0 cet effet\u00a0;<\/li>\n<li>tout formateur-animateur de dispositifs d\u2019APP devrait pouvoir participer avec des pairs \u00e0 des dispositifs souvent appel\u00e9s \u00ab\u00a0groupes de supervision\u00a0\u00bb qui sont des groupes d\u2019accompagnement et de co-formation \u00e0 l\u2019animation au cours desquels, en m\u00eame temps que sont analys\u00e9es des pratiques d\u2019animation de groupes, d\u2019ateliers d\u2019APP, un travail de r\u00e9flexion en \u00ab\u00a0m\u00e9ta\u00a0\u00bb permet de cheminer et de faire \u00e9voluer de telles pratiques, de se professionnaliser, de d\u00e9velopper une l\u00e9gitimit\u00e9 en la mati\u00e8re\u00a0;<\/li>\n<li>tout acteur professionnel participant \u00e0 un dispositif d\u2019APP devrait \u00eatre inform\u00e9 au pr\u00e9alable pour savoir ce qui est analys\u00e9, dans quel(s) objectif(s), dans quelle approche, avec quelle(s) modalit\u00e9(s) et quelles sont les r\u00e9f\u00e9rences du formateur en la mati\u00e8re\u00a0;<\/li>\n<li>tout acteur participant devrait pouvoir d\u00e9cider, en connaissance de cause, de participer ou non \u00e0 une (des) modalit\u00e9(s) d\u2019APP\u00a0;<\/li>\n<li>tout responsable, d\u00e9cideur institutionnel, convaincu du bienfond\u00e9 de l\u2019APP et l\u2019inscrivant dans des formations, devrait accompagner sa mise en \u0153uvre ne serait-ce que par un appui institutionnel, et en conna\u00eetre les effets fournis par les participants lors d\u2019un bilan final.<\/li>\n<\/ul>\n<p style=\"text-align: justify;\">Je conclurai simplement ici en disant et redisant\u00a0: l&rsquo;analyse de pratiques professionnelles rel\u00e8ve de la complexit\u00e9, de l\u2019humain et donc demande prudence et clairvoyance notamment de la part de ceux qui veulent la mettre en \u0153uvre.<\/p>\n<p>&nbsp;<\/p>\n<h4><strong>R\u00e9f\u00e9rences bibliographiques<\/strong><\/h4>\n<p>Actes DESCO (2002). <em>Analyse de pratiques professionnelles et entr\u00e9e dans le m\u00e9tier.<\/em> Versailles\u00a0: CRDP. T\u00e9l\u00e9chargeable sur<a href=\"http:\/\/eduscol.education.fr\/cid46625\/actes-du-seminairel-analyse-de-pratiques-professionnelles-et-l-entree-dans-le-metier-les-23-et-24-janvier-2002-a-paris.html\">http:\/\/eduscol.education.fr\/cid46625\/actes-du-seminairel-analyse-de-pratiques-professionnelles-et-l-entree-dans-le-metier-les-23-et-24-janvier-2002-a-paris.html<\/a>.<\/p>\n<p>Actes DESCO (2003). <em>Analyse de pratiques et professionnalit\u00e9 des enseignants<\/em>. Versailles\u00a0: CRDP. T\u00e9l\u00e9chargeable sur <a href=\"http:\/\/eduscol.education.fr\/cid46605\/actes-de-l-universite-d-automne-analyse-de-pratiques-et-professionnalite-des-enseignants-les-28-29-30-et-31-octobre-2002-a-paris.html\">http:\/\/eduscol.education.fr\/cid46605\/actes-de-l-universite-d-automne-analyse-de-pratiques-et-professionnalite-des-enseignants-les-28-29-30-et-31-octobre-2002-a-paris.html<\/a>.<\/p>\n<p>Ardoino, J. (1984). P\u00e9dagogie du projet ou projet \u00e9ducatif. In revue <em>Pour<\/em> : Mars\/avril.<\/p>\n<p>Cahiers p\u00e9dagogiques (2003). <em>Analysons nos pratiques professionnelles 2<\/em>. N\u00b0 416. Paris\u00a0: CRAP.<\/p>\n<p>Cahiers p\u00e9dagogiques (1996). <em>Analysons nos pratiques professionnelles<\/em>. N\u00b0 346. Paris\u00a0: CRAP.<\/p>\n<p>Donnay, J. &amp; Charlier, E. (2008). <em>Apprendre par l\u2019analyse des pratiques. Initiation au compagnonnage r\u00e9flexif<\/em>. 2<sup>\u00e8me<\/sup> \u00e9dition revue et augment\u00e9e.\u00a0 CRP. Presses Universit\u00e9 de Namur.<\/p>\n<p>Lepage, J.-P. et Robo, P. \u00ab\u00a03 questions \u00e0\u00a0\u00bb in revue <em>DIVERSIT\u00c9S<\/em> n\u00b0 177, 3<sup>\u00e8me<\/sup> trimestre 2014, Canop\u00e9.<\/p>\n<p>Robo, P. (2002). L\u2019analyse de pratiques professionnelles\u00a0: diff\u00e9rentes modalit\u00e9s. <a href=\"http:\/\/probo.free.fr\/ecrits_app\/differents_types_d_app.htm\">http:\/\/probo.free.fr\/ecrits_app\/differents_types_d_app.htm<\/a>.<\/p>\n<p>Robo, P. (2003). Le GFAPP\u00a0: d\u00e9finition. <a href=\"http:\/\/probo.free.fr\/ecrits_app\/gfapp_definition.pdf\">http:\/\/probo.free.fr\/ecrits_app\/gfapp_definition.pdf<\/a>.<\/p>\n<p><em>Robo, P. (2013).<\/em><em>D\u00e9velopper le \u00ab\u00a0savoir analyser\u00a0\u00bb pour analyser sa pratique professionnelle.\u00a0In <\/em><em>Revue de l\u2019analyse de pratiques professionnelles<\/em><em>, 1, pp 39-48. <a href=\"http:\/\/www.analysedepratique.org\/?p=435\">http:\/\/www.analysedepratique.org\/?p=435<\/a>.<\/em><\/p>\n<p>Vacher, Y. (2015). <em>Construire une pratique r\u00e9flexive.\u00a0Comprendre et agir<\/em>. Bruxelles\u00a0:\u00a0De Boeck.<\/p>\n<p>Viollet, P. (dir). (2013).<em> Construire la comp\u00e9tence par l\u2019analyse des pratiques professionnelles.<\/em> Paris\u00a0: De Boeck.<\/p>\n<p>&nbsp;<\/p>\n<p>&nbsp;<\/p>\n<a href=\"#\" class=\"shortcode button  \" style=\"background-color: silver;\" target=\"\" onclick=\"\"> Haut de page<\/a>\n<p>&nbsp;<\/p>\n<p>&nbsp;<\/p>\n<h4><strong>Notes<\/strong><\/h4>\n<div class='footnotes' id='footnotes-1683'>\n<div class='footnotedivider'><\/div>\n<ol>\n<li id='fn-1683-1'> Formations pour lesquelles je suis sollicit\u00e9 plus particuli\u00e8rement dans les milieux de l\u2019Education nationale et de la Sant\u00e9. <span class='footnotereverse'><a href='#fnref-1683-1'>&#8617;<\/a><\/span><\/li>\n<li id='fn-1683-2'> Certains \u00e9l\u00e9ments de r\u00e9ponse sont consultables sur le site <a href=\"http:\/\/gfapp.fr\/\">http:\/\/gfapp.fr<\/a>. <span class='footnotereverse'><a href='#fnref-1683-2'>&#8617;<\/a><\/span><\/li>\n<li id='fn-1683-3'> Minist\u00e8re de l\u2019\u00c9ducation nationale &#8211; circulaire n\u00b0 2014-068 du 20-5-2014. <span class='footnotereverse'><a href='#fnref-1683-3'>&#8617;<\/a><\/span><\/li>\n<li id='fn-1683-4'> Mis volontairement en gras dans les extraits de textes officiels pour souligner les termes utilis\u00e9s pour \u00e9voquer l\u2019APP. <span class='footnotereverse'><a href='#fnref-1683-4'>&#8617;<\/a><\/span><\/li>\n<li id='fn-1683-5'> Ecoles sup\u00e9rieures du professorat et de l&rsquo;\u00e9ducation qui ont remplac\u00e9 les Instituts Universitaires de Formation des Ma\u00eetres. <span class='footnotereverse'><a href='#fnref-1683-5'>&#8617;<\/a><\/span><\/li>\n<li id='fn-1683-6'> Inspecteur de l\u2019\u00c9ducation Nationale. <span class='footnotereverse'><a href='#fnref-1683-6'>&#8617;<\/a><\/span><\/li>\n<li id='fn-1683-7'> Circulaire n\u00b02001-150 du 27-7-2001. <span class='footnotereverse'><a href='#fnref-1683-7'>&#8617;<\/a><\/span><\/li>\n<li id='fn-1683-8'> \u00c9cole sup\u00e9rieure de l\u2019\u00c9ducation nationale aujourd\u2019hui appel\u00e9e ESENESR (Enseignement sup\u00e9rieur et recherche). <span class='footnotereverse'><a href='#fnref-1683-8'>&#8617;<\/a><\/span><\/li>\n<li id='fn-1683-9'> Arr\u00eat\u00e9 du 1-7-2013 &#8211; J.O. du 18-7-2013. <span class='footnotereverse'><a href='#fnref-1683-9'>&#8617;<\/a><\/span><\/li>\n<li id='fn-1683-10'> Extrait de la Note de service n\u00b0 94271 du 16-11-1994. <span class='footnotereverse'><a href='#fnref-1683-10'>&#8617;<\/a><\/span><\/li>\n<li id='fn-1683-11'> Instituts universitaires de formation des ma\u00eetres. <span class='footnotereverse'><a href='#fnref-1683-11'>&#8617;<\/a><\/span><\/li>\n<li id='fn-1683-12'> Arr\u00eat\u00e9 du 31 juillet 2009 relatif au dipl\u00f4me d\u2019\u00c9tat d\u2019infirmier. <span class='footnotereverse'><a href='#fnref-1683-12'>&#8617;<\/a><\/span><\/li>\n<li id='fn-1683-13'> R\u00e9f\u00e9rentiel de formation profession infirmier, p.69. <span class='footnotereverse'><a href='#fnref-1683-13'>&#8617;<\/a><\/span><\/li>\n<li id='fn-1683-14'> Ibid p.81. \u00a0 <span class='footnotereverse'><a href='#fnref-1683-14'>&#8617;<\/a><\/span><\/li>\n<li id='fn-1683-15'> Ibid p.77. <span class='footnotereverse'><a href='#fnref-1683-15'>&#8617;<\/a><\/span><\/li>\n<li id='fn-1683-16'> Cf. en bibliographie deux n\u00b0 des cahiers p\u00e9dagogiques, Viollet (2013) et Robo (2002). <span class='footnotereverse'><a href='#fnref-1683-16'>&#8617;<\/a><\/span><\/li>\n<li id='fn-1683-17'> Ce qui n\u2019est pas su de la personne, consciemment ou inconsciemment. En ergonomie du travail on parle de l\u2019inconscient de la pratique. <span class='footnotereverse'><a href='#fnref-1683-17'>&#8617;<\/a><\/span><\/li>\n<\/ol>\n<\/div>\n<div id=\"themify_builder_content-1683\" data-postid=\"1683\" class=\"themify_builder_content themify_builder_content-1683 themify_builder themify_builder_front\">\n\n\t<\/div>\n<!-- \/themify_builder_content -->","protected":false},"excerpt":{"rendered":"<p>Patrick Robo Formateur-consultant, B\u00e9ziers patrick.robo[arobase]laposte.net R\u00e9sum\u00e9 Dans cet article, j\u2019apporterai un regard sur l\u2019actualit\u00e9 de l\u2019APP telle que je la per\u00e7ois \u00e0 travers mes contacts, lectures et interventions notamment dans les milieux de l\u2019\u00c9ducation nationale et de la Sant\u00e9. Qu\u2019en est-il pr\u00e9cis\u00e9ment de sa pr\u00e9sence dans les textes en vigueur relatifs \u00e0 la formation\u00a0? Apr\u00e8s [&hellip;]<\/p>\n","protected":false},"author":2,"featured_media":0,"comment_status":"open","ping_status":"open","sticky":false,"template":"","format":"standard","meta":{"_jetpack_newsletter_access":"","_jetpack_dont_email_post_to_subs":false,"_jetpack_newsletter_tier_id":0,"_jetpack_memberships_contains_paywalled_content":false,"_jetpack_memberships_contains_paid_content":false,"footnotes":""},"categories":[7,10],"tags":[26,147,118,146,145],"class_list":["post-1683","post","type-post","status-publish","format-standard","hentry","category-robo","category-1texte","tag-formation","tag-injonctions","tag-institutions","tag-modalites","tag-sante","has-post-title","no-post-date","has-post-category","has-post-tag","has-post-comment","has-post-author"],"jetpack_featured_media_url":"","jetpack_shortlink":"https:\/\/wp.me\/p3VXfJ-r9","jetpack_sharing_enabled":true,"_links":{"self":[{"href":"https:\/\/www.analysedepratique.org\/index.php?rest_route=\/wp\/v2\/posts\/1683","targetHints":{"allow":["GET"]}}],"collection":[{"href":"https:\/\/www.analysedepratique.org\/index.php?rest_route=\/wp\/v2\/posts"}],"about":[{"href":"https:\/\/www.analysedepratique.org\/index.php?rest_route=\/wp\/v2\/types\/post"}],"author":[{"embeddable":true,"href":"https:\/\/www.analysedepratique.org\/index.php?rest_route=\/wp\/v2\/users\/2"}],"replies":[{"embeddable":true,"href":"https:\/\/www.analysedepratique.org\/index.php?rest_route=%2Fwp%2Fv2%2Fcomments&post=1683"}],"version-history":[{"count":24,"href":"https:\/\/www.analysedepratique.org\/index.php?rest_route=\/wp\/v2\/posts\/1683\/revisions"}],"predecessor-version":[{"id":4931,"href":"https:\/\/www.analysedepratique.org\/index.php?rest_route=\/wp\/v2\/posts\/1683\/revisions\/4931"}],"wp:attachment":[{"href":"https:\/\/www.analysedepratique.org\/index.php?rest_route=%2Fwp%2Fv2%2Fmedia&parent=1683"}],"wp:term":[{"taxonomy":"category","embeddable":true,"href":"https:\/\/www.analysedepratique.org\/index.php?rest_route=%2Fwp%2Fv2%2Fcategories&post=1683"},{"taxonomy":"post_tag","embeddable":true,"href":"https:\/\/www.analysedepratique.org\/index.php?rest_route=%2Fwp%2Fv2%2Ftags&post=1683"}],"curies":[{"name":"wp","href":"https:\/\/api.w.org\/{rel}","templated":true}]}}