{"id":1658,"date":"2015-03-07T12:57:13","date_gmt":"2015-03-07T11:57:13","guid":{"rendered":"http:\/\/www.analysedepratique.org\/?p=1658"},"modified":"2015-03-18T15:23:10","modified_gmt":"2015-03-18T14:23:10","slug":"numero-4-mars-2015","status":"publish","type":"post","link":"https:\/\/www.analysedepratique.org\/?p=1658","title":{"rendered":"Num\u00e9ro 5 &#8211; mars 2015"},"content":{"rendered":"<p>&nbsp;<br \/>\n<strong><br \/>\n<\/strong><a title=\"Editorial\" href=\"http:\/\/www.analysedepratique.org\/?p=1707\">Editorial<\/a><\/p>\n<p><a title=\"L\u2019analyse des pratiques en formation initiale d\u2019enseignants. Quelles perceptions, quelles mises en perspective ?\" href=\"http:\/\/www.analysedepratique.org\/?p=1585\">Pierre Petignat<\/a><br \/>\n<em>L\u2019analyse des pratiques en formation initiale d\u2019enseignants.<br \/>\nQuelles perceptions, quelles mises en perspective ?<\/em><\/p>\n<p><a title=\"L\u2019intervention en APP dans les groupes institu\u00e9s : objets mobilis\u00e9s\" href=\"http:\/\/www.analysedepratique.org\/?p=1584\">Eric Drutel<\/a><br \/>\n<em>L\u2019intervention en APP dans les groupes institu\u00e9s : objets mobilis\u00e9s<\/em><\/p>\n<p><a title=\"Animer un groupe d\u2019APP.\" href=\"http:\/\/www.analysedepratique.org\/?p=1681\">Marc Thi\u00e9baud<\/a><br \/>\n<em>Animer un groupe d\u2019APP, \u00e7a s\u2019apprend. Oui mais comment ?<br \/>\nRetour sur des formations et l\u2019exp\u00e9rience d\u00e9velopp\u00e9es en Suisse\u00a0<\/em><\/p>\n<p><a title=\"Une actualit\u00e9 de l\u2019analyse de pratiques professionnelles en formation\" href=\"http:\/\/www.analysedepratique.org\/?p=1683\">Patrick Robo<\/a><br \/>\n<em>Une actualit\u00e9 de l\u2019analyse de pratiques professionnelles en formation<\/em><\/p>\n<p><a title=\"Un Groupe d\u2019Analyse de Situations Parentales\" href=\"http:\/\/www.analysedepratique.org\/?p=1567\">Pierre Cieutat<\/a><br \/>\n<em>Un Groupe d\u2019Analyse de Situations Parentales<\/em><\/p>\n<p><a title=\"Lecture d\u2019un ouvrage : \u00ab Construire une pratique r\u00e9flexive \u00bb\" href=\"http:\/\/www.analysedepratique.org\/?p=1639\">Marc Thi\u00e9baud<\/a><br \/>\n<em>Lecture d\u2019un ouvrage : \u00ab Construire une pratique r\u00e9flexive \u00bb<\/em><\/p>\n<p><a title=\"Disparition de Jacques Ardoino\" href=\"http:\/\/www.analysedepratique.org\/?p=1700\">Philippe P\u00e9aud, Patrick Robo et Marc Thi\u00e9baud<\/a><br \/>\n<em>Disparition de Jacques Ardoino<\/em><\/p>\n<p>&nbsp;<\/p>\n<div id=\"themify_builder_content-1658\" data-postid=\"1658\" class=\"themify_builder_content themify_builder_content-1658 themify_builder themify_builder_front\">\n\n\t<\/div>\n<!-- \/themify_builder_content -->","protected":false},"excerpt":{"rendered":"<p>&nbsp; Editorial Pierre Petignat L\u2019analyse des pratiques en formation initiale d\u2019enseignants. Quelles perceptions, quelles mises en perspective ? Eric Drutel L\u2019intervention en APP dans les groupes institu\u00e9s : objets mobilis\u00e9s Marc Thi\u00e9baud Animer un groupe d\u2019APP, \u00e7a s\u2019apprend. Oui mais comment ? Retour sur des formations et l\u2019exp\u00e9rience d\u00e9velopp\u00e9es en Suisse\u00a0 Patrick Robo Une actualit\u00e9 [&hellip;]<\/p>\n","protected":false},"author":2,"featured_media":0,"comment_status":"open","ping_status":"open","sticky":false,"template":"","format":"standard","meta":{"_jetpack_newsletter_access":"","_jetpack_dont_email_post_to_subs":false,"_jetpack_newsletter_tier_id":0,"_jetpack_memberships_contains_paywalled_content":false,"_jetpack_memberships_contains_paid_content":false,"footnotes":""},"categories":[44],"tags":[],"class_list":["post-1658","post","type-post","status-publish","format-standard","hentry","category-numeros","has-post-title","no-post-date","has-post-category","has-post-tag","has-post-comment","has-post-author"],"jetpack_featured_media_url":"","jetpack_shortlink":"https:\/\/wp.me\/p3VXfJ-qK","jetpack_sharing_enabled":true,"_links":{"self":[{"href":"https:\/\/www.analysedepratique.org\/index.php?rest_route=\/wp\/v2\/posts\/1658","targetHints":{"allow":["GET"]}}],"collection":[{"href":"https:\/\/www.analysedepratique.org\/index.php?rest_route=\/wp\/v2\/posts"}],"about":[{"href":"https:\/\/www.analysedepratique.org\/index.php?rest_route=\/wp\/v2\/types\/post"}],"author":[{"embeddable":true,"href":"https:\/\/www.analysedepratique.org\/index.php?rest_route=\/wp\/v2\/users\/2"}],"replies":[{"embeddable":true,"href":"https:\/\/www.analysedepratique.org\/index.php?rest_route=%2Fwp%2Fv2%2Fcomments&post=1658"}],"version-history":[{"count":9,"href":"https:\/\/www.analysedepratique.org\/index.php?rest_route=\/wp\/v2\/posts\/1658\/revisions"}],"predecessor-version":[{"id":1720,"href":"https:\/\/www.analysedepratique.org\/index.php?rest_route=\/wp\/v2\/posts\/1658\/revisions\/1720"}],"wp:attachment":[{"href":"https:\/\/www.analysedepratique.org\/index.php?rest_route=%2Fwp%2Fv2%2Fmedia&parent=1658"}],"wp:term":[{"taxonomy":"category","embeddable":true,"href":"https:\/\/www.analysedepratique.org\/index.php?rest_route=%2Fwp%2Fv2%2Fcategories&post=1658"},{"taxonomy":"post_tag","embeddable":true,"href":"https:\/\/www.analysedepratique.org\/index.php?rest_route=%2Fwp%2Fv2%2Ftags&post=1658"}],"curies":[{"name":"wp","href":"https:\/\/api.w.org\/{rel}","templated":true}]}}