{"id":1585,"date":"2015-02-18T08:02:52","date_gmt":"2015-02-18T07:02:52","guid":{"rendered":"http:\/\/www.analysedepratique.org\/?p=1585"},"modified":"2021-09-26T13:48:35","modified_gmt":"2021-09-26T12:48:35","slug":"lanalyse-des-pratiques-en-formation-initiale-denseignants-quelles-perceptions-quelles-mises-en-perspective","status":"publish","type":"post","link":"https:\/\/www.analysedepratique.org\/?p=1585","title":{"rendered":"L\u2019analyse des pratiques en formation initiale d\u2019enseignants. Quelles perceptions, quelles mises en perspective ?"},"content":{"rendered":"<h3><\/h3>\n<h3><strong><em><br \/>\nPierre Petignat<\/em><\/strong><\/h3>\n<p><em>Haute Ecole P\u00e9dagogique BEJUNE, Bienne, Suisse<br \/>\n<\/em><a href=\"mailto:Pierre.Petignat@hep-bejune.ch\"><em>Pierre.Petignat[arobase]hep-bejune.ch<\/em><\/a><\/p>\n<h3 align=\"center\"><\/h3>\n<h4><i>R\u00e9sum\u00e9<\/i><\/h4>\n<p style=\"text-align: justify;\">Cet article pr\u00e9sente un r\u00e9sum\u00e9 de la recherche men\u00e9e dans le cadre de trois Hautes Ecoles P\u00e9dagogiques (HEP) de Suisse romande. Cette recherche porte sur la perception globale des \u00e9tudiants quant aux s\u00e9minaires d\u2019analyse de pratique v\u00e9cus en formation initiale ainsi qu\u2019aux effets qu\u2019ils produisent. Apr\u00e8s une d\u00e9finition des concepts en usage dans les HEP et de la m\u00e9thodologie de la recherche, quelques r\u00e9sultats, conclusions et mises en perspective sont pr\u00e9sent\u00e9s. Les perceptions des \u00e9tudiants quant au d\u00e9veloppement de leur pratique r\u00e9flexive, axe sp\u00e9cifique mis en \u00e9vidence dans la plupart des r\u00e9f\u00e9rentiels de comp\u00e9tences dans la formation des enseignants, sont plus particuli\u00e8rement abord\u00e9es.<\/p>\n<h5><em>Mots-cl\u00e9s\u00a0<\/em><\/h5>\n<p>pratique r\u00e9flexive, professionnalisation, formation d\u2019enseignants<\/p>\n<h5><em>Cat\u00e9gorie d&rsquo;article\u00a0<\/em><\/h5>\n<p>Travail de recherche<\/p>\n<h5><em>R\u00e9f\u00e9rencement\u00a0<\/em><\/h5>\n<p>Petignat, P. (2015). L\u2019analyse des pratiques en formation initiale d\u2019enseignants. Quelles perceptions, quelles mises en perspective\u00a0?<em>\u00a0<em>Revue de l\u2019analyse de pratiques professionnelles<\/em>, No 5,<\/em>\u00a0pp. 3-15. http:\/\/www.analysedepratique.org\/?p=1585.<\/p>\n<hr class=\"shortcode hr light-gray\" style=\"border-width:1px;\" \/>\n<a href=\"http:\/\/www.analysedepratique.org\/wp-content\/uploads\/guillaume-villain-revue-app-juin2014.pdf\"><img loading=\"lazy\" decoding=\"async\" class=\"alignleft\" src=\"https:\/\/www.analysedepratique.org\/wp-content\/uploads\/download-icon.png\" alt=\"download-icon\" width=\"24\" height=\"29\" \/><\/a><br \/>\n<a href=\"http:\/\/www.analysedepratique.org\/wp-content\/uploads\/pierre-petignat-revue-app-mars2015.pdf\">Article en PDF<\/a> \u00a0\u00a0 \u00a0\u00a0 \u00a0\u00a0 \u00a0\u00a0 \u00a0\u00a0 \u00a0\u00a0 <a href=\"#co\"><img loading=\"lazy\" decoding=\"async\" src=\"https:\/\/www.analysedepratique.org\/wp-content\/uploads\/et-info-comment.png\" alt=\"et-info-comment\" width=\"30\" height=\"31\" \/><\/a>\u00a0<a href=\"#co\">Commentaires<\/a><br \/>\n<hr class=\"shortcode hr light-gray\" style=\"border-width:1px;\" \/>\n<p>&nbsp;<\/p>\n<p style=\"text-align: justify;\">[toc]<\/p>\n<h4 style=\"text-align: justify;\"><strong>1. Introduction<\/strong><\/h4>\n<p style=\"text-align: justify;\">La n\u00e9cessit\u00e9 de d\u00e9velopper des comp\u00e9tences \u00e0 l\u2019analyse et par l\u2019analyse des pratiques professionnelles (APP) semble aujourd\u2019hui un principe assez largement reconnu et accept\u00e9 par la plupart des acteurs de la formation des enseignants aussi bien en Europe qu\u2019en Am\u00e9rique. En ce sens, bon nombre de dispositifs mis en place visent \u00e0 accompagner les \u00e9tudiants dans le cadre de l\u2019alternance tout en favorisant leur capacit\u00e9 d\u2019analyse et de prise de d\u00e9cision face \u00e0 des situations de classe difficilement pr\u00e9visibles. La multiplicit\u00e9 des dispositifs d\u00e9velopp\u00e9s s\u2019inscrit sans doute \u00e9galement dans un contexte socio-historique li\u00e9 \u00e0 la question de la professionnalisation des enseignants, qu\u2019il s\u2019agisse d\u2019une exigence accrue de comp\u00e9tences instrumentales, du mod\u00e8le de l\u2019enseignant expert, du d\u00e9veloppement professionnel tout au long de la vie, etc.<\/p>\n<p style=\"text-align: justify;\">Toutefois, dans le cadre des dispositifs d\u2019analyse des pratiques, il a \u00e9t\u00e9 fort peu analys\u00e9 la perception du caract\u00e8re formateur que peuvent avoir ces pratiques aupr\u00e8s des acteurs eux-m\u00eames, les \u00e9tudiants en formation. C\u2019est cet axe qu\u2019un groupe de formateurs des IUFM<sup class='footnote'><a href='#fn-1585-1' id='fnref-1585-1' onclick='return fdfootnote_show(1585)'>1<\/a><\/sup> du p\u00f4le Nord-est des IUFM de France a \u00e9tudi\u00e9 entre 2008 et 2009 (Levain et Minary, 2010).<\/p>\n<p style=\"text-align: justify;\">Associ\u00e9 \u00e0 la phase finale de r\u00e9flexion de l\u2019\u00e9quipe fran\u00e7aise, j\u2019ai d\u00e9velopp\u00e9 cette \u00e9tude en Suisse romande avec des recueils de donn\u00e9es dans les HEP de Fribourg, Vaud et BEJUNE, entre 2009 et 2011. Dans le cadre de l\u2019\u00e9tude fran\u00e7aise, la recherche a \u00e9t\u00e9 men\u00e9e aupr\u00e8s de futurs professeurs des \u00e9coles (enseignement primaire) et de futurs professeurs de lyc\u00e9e et coll\u00e8ge (secondaire 1 et 2). Mon travail en Suisse romande s\u2019est limit\u00e9 \u00e0 des \u00e9tudiants en HEP visant le dipl\u00f4me d\u2019enseignement pr\u00e9scolaire et primaire (maternel et primaire).<\/p>\n<h4 style=\"text-align: justify;\"><strong>2. Etat de la question<\/strong><\/h4>\n<h6 style=\"text-align: justify;\"><strong>2.1 Une d\u00e9marche r\u00e9flexive\u00a0<\/strong><\/h6>\n<p style=\"text-align: justify;\">\u00ab <em>La r\u00e9flexivit\u00e9, fer de lance de la professionnalisation de la formation des enseignants, semble devenue tout \u00e0 la fois pratique de pens\u00e9e, mani\u00e8re de penser sa pratique et mani\u00e8re d\u2019agir tout en pensant \u00e0 ce que l\u2019on fait.<\/em> \u00bb (Wentzel, 2010, p. 17).<\/p>\n<p style=\"text-align: justify;\">Les formations des enseignants, confi\u00e9es au niveau tertiaire aux Hautes Ecoles P\u00e9dagogiques en Suisse ou en Belgique, aux fili\u00e8res universitaires en France ou aux Universit\u00e9s au Canada, ne peuvent, au regard du contexte socio-historique signal\u00e9, renoncer au processus de professionnalisation. Dans cette perspective, il convient de mettre en \u00e9vidence la volont\u00e9 des institutions de formation de viser au d\u00e9veloppement d\u2019un professionnel r\u00e9flexif, capable de \u00ab <em>s\u2019engager dans une d\u00e9marche individuelle et collective de d\u00e9veloppement professionnel<\/em> \u00bb selon le r\u00e9f\u00e9rentiel de comp\u00e9tences de la HEP-BEJUNE et, donc, de \u00ab <em>mener une d\u00e9marche d\u2019analyse r\u00e9flexive de mani\u00e8re rigoureuse sur des aspects pr\u00e9cis de son enseignement<\/em> \u00bb (R\u00e9f\u00e9rentiel, 2010, p. 20).<\/p>\n<p style=\"text-align: justify;\">L\u2019orientation de la formation vers un d\u00e9veloppement r\u00e9flexif du futur professionnel implique d\u00e8s lors le recours, durant la formation, \u00e0 des outils qui visent \u00e0 cette finalit\u00e9. Nous pouvons citer, de fa\u00e7on non exhaustive, la recherche, le portfolio, la vid\u00e9oscopie, le journal de formation, l\u2019entretien d\u2019explicitation, la supervision et l\u2019analyse des pratiques professionnelles. Ces outils ne sont pas interchangeables ou \u00e9quivalents, ils ne rel\u00e8vent pas tous du m\u00eame niveau d\u2019implication pour le futur professionnel et peuvent souvent se montrer compl\u00e9mentaires. L\u2019analyse des pratiques professionnelles a donc, dans ce sens, toute sa place dans la formation des enseignants.<\/p>\n<p style=\"text-align: justify;\">\u00ab <em>L\u2019analyse des pratiques est un levier important \u00e0 utiliser pour faire passer la formation des enseignants d\u2019une logique d\u2019enseignement \u00e0 une logique de formation d\u2019adultes.<\/em> \u00bb (Meirieu, 2005, p. 6). C\u2019est le sens m\u00eame de l\u2019introduction des analyses des pratiques professionnelles dans la formation des futurs enseignants. Dans le cadre de la tertiarisation de la formation, il est \u00e9vident pour les formateurs et les concepteurs des programmes de mettre l\u2019accent, pour une part, sur le d\u00e9veloppement professionnel dans une perspective r\u00e9flexive. Le m\u00e9tier ou la profession selon la d\u00e9finition de Dubar et Tripier (1998) ne s\u2019apprend pas seulement par imitation ou par reproduction. Il s\u2019apprend aussi et largement par reconstruction, par r\u00e9interpr\u00e9tation, par r\u00e9appropriation mais \u00e9galement par une mise \u00e0 distance qui permet un regard neuf sur les \u00e9v\u00e9nements v\u00e9cus : le d\u00e9veloppement r\u00e9flexif est le concept qui sous-tend cette vis\u00e9e professionnalisante.<\/p>\n<p style=\"text-align: justify;\">Le but de tout formateur, d\u00e8s lors qu\u2019il s\u2019inscrit dans la perspective d\u2019une pratique r\u00e9fl\u00e9chie, est de d\u00e9velopper, chez le futur professionnel, des comp\u00e9tences d\u2019analyse, d\u2019observation, d\u2019interrogation et de compr\u00e9hension de l\u2019acte \u00e9ducatif. Ces comp\u00e9tences sp\u00e9cifiques permettent la prise de distance affective et la capacit\u00e9 d\u2019un regard \u00ab\u00a0m\u00e9ta\u00a0\u00bb sur les \u00e9v\u00e9nements. Dans ce sens, le dispositif d\u2019APP peut \u00eatre un outil puissant dans la mesure o\u00f9 il conjugue la dimension groupale du travail, la co-analyse au sein du groupe de formation et l\u2019accompagnement par un professionnel expert dans le champ des pratiques analys\u00e9es et dans le domaine de l\u2019animation de dispositif d\u2019accompagnement.\u00a0Il permet une r\u00e9flexion approfondie sur sa pratique et une autor\u00e9gulation de celle-ci en \u00ab\u00a0se regardant de l\u2019ext\u00e9rieur\u00a0\u00bb par un positionnement m\u00e9tacognitif.<\/p>\n<h6 style=\"text-align: justify;\"><strong>2.2 D\u00e9finition des concepts\u00a0<\/strong><\/h6>\n<p style=\"text-align: justify;\">S\u2019agissant de l\u2019analyse des pratiques professionnelles, ce concept recouvre des pratiques tr\u00e8s diverses et c\u2019est souvent la source de nombreux malentendus entre formateurs et entre formateurs et form\u00e9s. La m\u00e9thodologie d\u2019APP d\u00e9ploy\u00e9e dans les s\u00e9minaires est largement tributaire de l\u2019approche choisie par les formateurs-animateurs, de leurs r\u00e9f\u00e9rences th\u00e9oriques ou de leur formation quand ils en ont une. J\u2019emprunte la d\u00e9finition g\u00e9n\u00e9rale de l\u2019analyse des pratiques professionnelles \u00e0 Blanchard-Laville et Fablet (1999) :<\/p>\n<p style=\"text-align: justify;\">\u00ab\u00a0<em>Ce sont des activit\u00e9s qui, sous cette appellation <\/em>[analyse des pratiques]<em> ou une appellation similaire,<\/em><\/p>\n<p style=\"text-align: justify;\">&#8211; \u00a0 <em>sont organis\u00e9es dans un cadre institu\u00e9 de formation professionnelle, initiale ou continue, <\/em><\/p>\n<p style=\"text-align: justify;\">&#8211; \u00a0 <em>concernent notamment les professionnels qui exercent des m\u00e9tiers (formateurs, enseignants, travailleurs sociaux, psychologues, th\u00e9rapeutes, m\u00e9decins, responsables de ressources humaines,\u2026) ou des fonctions comportant des dimensions relationnelles importantes dans des champs diversifi\u00e9s (de l\u2019\u00e9ducation, du social, de l\u2019entreprise,\u2026)<\/em><\/p>\n<p style=\"text-align: justify;\">&#8211; \u00a0<em>[\u2026] les sujets participant \u00e0 un dispositif de ce type sont invit\u00e9s \u00e0 s\u2019impliquer dans l\u2019analyse, c\u2019est-\u00e0-dire \u00e0 travailler \u00e0 la co-contruction du sens de leurs pratiques et \/ou \u00e0 l\u2019am\u00e9lioration des techniques professionnelles. Cette \u00e9laboration en situation interindividuelle, le plus souvent groupale, s\u2019inscrit dans une certaine dur\u00e9e et n\u00e9cessite la pr\u00e9sence d\u2019un animateur, en g\u00e9n\u00e9ral professionnel lui-m\u00eame dans le domaine des pratiques analys\u00e9es, garant du dispositif en lien avec des r\u00e9f\u00e9rences th\u00e9oriques affirm\u00e9es.\u00a0\u00bb<br \/>\n<\/em>(Blanchard-Laville et Fablet, 1999, p. 285-286).<\/p>\n<p style=\"text-align: justify;\">Leur d\u00e9finition rel\u00e8ve globalement de cinq grandes tendances th\u00e9oriques :<\/p>\n<p style=\"text-align: justify;\">a) \u00a0La premi\u00e8re bas\u00e9e sur l\u2019analyse d\u2019une pratique per\u00e7ue, relevant de la th\u00e9orie de l\u2019action situ\u00e9e (Theureau, 2004).<\/p>\n<p style=\"text-align: justify;\">b) \u00a0La seconde, essentiellement orient\u00e9e vers la personne en formation dans sa globalit\u00e9 fait plut\u00f4t r\u00e9f\u00e9rence au courant humaniste et invite l\u2019interview\u00e9 \u00e0 livrer son ressenti par rapport \u00e0 son v\u00e9cu (courant rog\u00e9rien).<\/p>\n<p style=\"text-align: justify;\">c) \u00a0La troisi\u00e8me tendance se rapporte \u00e0 une approche didactique des savoirs analys\u00e9s. Elle est essentiellement ax\u00e9e sur l\u2019\u00e9pist\u00e9mologie des savoirs et renvoie \u00e0 une didactique disciplinaire sp\u00e9cifique (Maubant et al., 2009).<\/p>\n<p style=\"text-align: justify;\">d) \u00a0La quatri\u00e8me tendance est orient\u00e9e sur une approche psychanalytique dont les principaux repr\u00e9sentants sont L\u00e9vine (2011), Blanchard-Laville (2001) et Cifali (1994). Ils se sont inspir\u00e9s de Balint (2003) pour conceptualiser cette approche. L&rsquo;objectif est \u00a0<em>\u00ab de faire prendre conscience intellectuellement et affectivement des processus inconscients en jeu. \u00bb<\/em> (Blanchard-Laville, 2001).<\/p>\n<p style=\"text-align: justify;\">e) \u00a0La derni\u00e8re rel\u00e8ve de la didactique professionnelle\u00a0: elle conjugue trois composantes g\u00e9n\u00e9ralement d\u00e9crites dans l\u2019analyse du travail (Pastr\u00e9, Mayen et Vergnaud, 2006, p. 182)\u00a0: \u00ab\u00a0<em>un objet technique, g\u00e9n\u00e9ralement un savoir\u00a0; un objet d\u2019usage, qui correspond au processus d\u2019apprentissage des \u00e9l\u00e8ves quant \u00e0 ce savoir ; des formes conversationnelles admises dans le site, ici dans une \u00e9cole<\/em>\u00a0\u00bb.<\/p>\n<h6 style=\"text-align: justify;\"><strong>2.3. Des r\u00e8gles strictes<\/strong><\/h6>\n<p style=\"text-align: justify;\">Cependant, quelle que soit l\u2019approche th\u00e9orique sous-jacente, ces dispositifs d\u2019analyse des pratiques professionnelles visent tous au d\u00e9veloppement d\u2019une meilleure conscience de l\u2019enseignant en tant qu\u2019acteur dans sa propre classe, face \u00e0 ses \u00e9l\u00e8ves. Ils aident l\u2019enseignant \u00e0 faire des choix avec une conscience accrue et \u00e0 r\u00e9fl\u00e9chir, <em>a posteriori<\/em>, aux actes pos\u00e9s et \u00e0 leurs effets dans l\u2019enseignement et, dans une temporalit\u00e9 plus longue, ils visent au d\u00e9veloppement professionnel de l\u2019enseignant.<\/p>\n<p style=\"text-align: justify;\">Ces dispositifs exigent toutefois des conditions minimales pour \u00eatre valablement d\u00e9velopp\u00e9s dans la formation des enseignants : l\u2019espace prot\u00e9g\u00e9 de communication et d\u2019apprentissage doit \u00eatre garanti. Des r\u00e8gles de confidentialit\u00e9, d\u2019\u00e9coute, de respect sont pos\u00e9es pour assurer un travail collectif porteur. La dimension groupale est stable et s\u2019inscrit dans la dur\u00e9e\u00a0: le nombre restreint de participants se r\u00e9unit plusieurs fois dans l\u2019ann\u00e9e, durant une p\u00e9riode pr\u00e9alablement fix\u00e9e. Les s\u00e9minaires d\u2019analyse des pratiques sont li\u00e9s \u00e0 une pratique professionnelle. Les situations sont librement apport\u00e9es par les participants. L\u2019animateur dispose de comp\u00e9tences particuli\u00e8res li\u00e9es \u00e0 l\u2019APP, \u00e0 la communication et \u00e0 l\u2019animation de groupe. Sa relation avec les participants est clarifi\u00e9e et il doit \u00eatre \u00e9loign\u00e9 le plus possible de tout type d\u2019\u00e9valuation directe des participants de son groupe, d\u2019objectifs th\u00e9rapeutiques ou de conseil p\u00e9dagogique. L\u2019animateur devrait \u00eatre form\u00e9 au \u00ab\u00a0savoir-analyser\u00a0\u00bb (Altet, 1996). Pour viser \u00e0 la probl\u00e9matisation des processus analys\u00e9s, l\u2019animateur apporte des r\u00e9f\u00e9rents th\u00e9oriques compl\u00e9mentaires. Nous le verrons plus loin, ces conditions sont rarement remplies dans les institutions de formation.<\/p>\n<h4 style=\"text-align: justify;\"><strong>3. Questions de recherche<\/strong><\/h4>\n<p style=\"text-align: justify;\">Les dispositifs d\u2019analyse des pratiques sont actuellement largement pl\u00e9biscit\u00e9s dans les formations des enseignants en Suisse. Toutefois ils sont rarement questionn\u00e9s s\u2019agissant des impacts sur la pratique r\u00e9flexive des futurs enseignants. Pour des questions de faisabilit\u00e9, il ne nous est pas possible de montrer les effets de cette formation sur les pratiques quotidiennes des enseignants dans leur classe. Toutefois, il est envisageable de s\u2019approcher de l\u2019impact probable en \u00e9tudiant les perceptions que les futurs enseignants ont du dispositif durant la formation. On peut raisonnablement induire qu\u2019une perception fortement positive aura un effet \u00e9galement positif dans la pratique professionnelle quotidienne. Ce lien direct ne saura \u00eatre d\u00e9montr\u00e9 par cette \u00e9tude. Aussi me suis-je limit\u00e9 \u00e0 questionner la perception que les \u00e9tudiants ont de ce dispositif.<\/p>\n<p style=\"text-align: justify;\">D\u00e8s lors mes questions de recherche \u00e9taient\u00a0:<\/p>\n<p style=\"text-align: left;\">&#8211; \u00a0 Quelles perceptions ont les \u00e9tudiants du dispositif d\u2019APP d\u00e9ploy\u00e9 dans leur institution de formation\u00a0?<\/p>\n<p style=\"text-align: left;\">&#8211; \u00a0 Quelles sont les int\u00e9r\u00eats majeurs relev\u00e9s dans les dispositifs et quelles en sont les limites\u00a0?<\/p>\n<p style=\"text-align: left;\">&#8211; \u00a0 Quels sont les attentes attribu\u00e9es aux APP par les enseignants en formation\u00a0?<\/p>\n<p style=\"text-align: justify;\">Les r\u00e9ponses \u00e0 ces diff\u00e9rentes questions nous permettront de mieux comprendre l\u2019impact des s\u00e9minaires d\u2019APP sur les pratiques enseignantes, de faire \u00e9voluer les dispositifs en fonction des r\u00e9f\u00e9rentiels de comp\u00e9tences en usage et de proposer des formations pertinentes aux formateurs-animateurs, formations qui font encore largement d\u00e9faut actuellement dans les HEP.<\/p>\n<h4 style=\"text-align: justify;\"><strong>4. La recherche\u00a0: \u00e9l\u00e9ments contextuels et recueil de donn\u00e9es<\/strong><\/h4>\n<p style=\"text-align: justify;\">La recherche a \u00e9t\u00e9 men\u00e9e dans trois institutions romandes de formation des enseignants\u00a0: la Haute \u00e9cole p\u00e9dagogique de Fribourg (HEP-FR), la Haute \u00e9cole p\u00e9dagogique vaudoise (HEP-Vaud) et la Haute \u00e9cole p\u00e9dagogique de Berne, Jura et Neuch\u00e2tel (HEP-BEJUNE) entre 2009 et 2011. Elle a \u00e9t\u00e9 men\u00e9e aupr\u00e8s d\u2019\u00e9tudiants de troisi\u00e8me ann\u00e9e de formation, ann\u00e9e de certification. Un questionnaire, \u00e9labor\u00e9 par l\u2019\u00e9quipe de Levain et adapt\u00e9 \u00e0 la situation suisse, a \u00e9t\u00e9 administr\u00e9 aux \u00e9tudiants des trois institutions de formation de Suisse romande\u00a0:<\/p>\n<p style=\"text-align: justify;\">&#8211; \u00a0122 \u00e9tudiants de la HEP-BEJUNE<\/p>\n<p style=\"text-align: justify;\">&#8211; \u00a049 \u00e9tudiants de la HEP-Fribourg<\/p>\n<p style=\"text-align: justify;\">&#8211; \u00a072 \u00e9tudiants de la HEP-Vaud<\/p>\n<p style=\"text-align: justify;\">Afin de documenter les diff\u00e9rentes proc\u00e9dures d\u2019analyse des pratiques mises en place dans les trois institutions, des entretiens ont eu lieu avec des formateurs impliqu\u00e9s dans les d\u00e9marches au moment du recueil de donn\u00e9es. Le tableau ci-apr\u00e8s refl\u00e8te la diversit\u00e9 des pratiques de l\u2019APP dans les trois institutions, dont trois sites pour la HEP-BEJUNE.<\/p>\n<p>&nbsp;<\/p>\n<table>\n<tbody>\n<tr>\n<td width=\"123\"><strong>Institutions<\/strong><\/td>\n<td width=\"123\"><strong>Nbre de s\u00e9ances APP en 3<sup>\u00e8me<\/sup> ann\u00e9e<\/strong><\/td>\n<td width=\"102\"><strong>Nbre d\u2019\u00e9tudiants par groupe<\/strong><\/td>\n<td width=\"95\"><strong>Cadre de r\u00e9f\u00e9rence<\/strong><\/td>\n<td width=\"172\"><strong>Formation des animateurs<\/strong><\/td>\n<\/tr>\n<tr>\n<td width=\"123\"><strong>HEP-BEJUNE \/ Site de Bienne<\/strong><\/td>\n<td width=\"123\">6 x 1h30<\/td>\n<td width=\"102\">7-8<\/td>\n<td width=\"95\">GEASE<sup class='footnote'><a href='#fn-1585-2' id='fnref-1585-2' onclick='return fdfootnote_show(1585)'>2<\/a><\/sup><\/td>\n<td width=\"172\">2 sur 3 ont une formation reconnue<\/td>\n<\/tr>\n<tr>\n<td width=\"123\"><strong>HEP-BEJUNE \/ Site de Porrentruy<\/strong><\/td>\n<td width=\"123\">6 x 1h30<\/td>\n<td width=\"102\">7-8<\/td>\n<td width=\"95\">Incident critique<\/td>\n<td width=\"172\">Pas de formation sp\u00e9cifique pour les 3 animateurs<\/td>\n<\/tr>\n<tr>\n<td width=\"123\"><strong>HEP-BEJUNE \/ Site de La Chx-de-Fonds<\/strong><\/td>\n<td width=\"123\">7 x 1h30<\/td>\n<td width=\"102\">10-12<\/td>\n<td width=\"95\">Au choix de l\u2019animateur<\/td>\n<td width=\"172\">3 sur 6 ont une formation courte<\/td>\n<\/tr>\n<tr>\n<td width=\"123\"><strong>HEP-Fribourg<\/strong><\/td>\n<td width=\"123\">ind\u00e9termin\u00e9<\/td>\n<td width=\"102\">5-8<\/td>\n<td width=\"95\">Au choix du mentor<\/td>\n<td width=\"172\">Formation pour une partie des animateurs<\/td>\n<\/tr>\n<tr>\n<td width=\"123\"><strong>HEP-Vaud<\/strong><\/td>\n<td width=\"123\">12 x 1h30<\/td>\n<td width=\"102\">10-12<\/td>\n<td width=\"95\">GEASE<\/td>\n<td width=\"172\">Pas de formation sp\u00e9cifique<\/td>\n<\/tr>\n<\/tbody>\n<\/table>\n<p style=\"text-align: center;\"><em><br \/>\nTableau 1\u00a0: Synth\u00e8se des pratiques<\/em><\/p>\n<p>&nbsp;<\/p>\n<h4 style=\"text-align: justify;\"><strong>5. Le questionnaire<\/strong><\/h4>\n<p style=\"text-align: justify;\">L\u2019enqu\u00eate se fonde sur un questionnaire. Pour mettre les \u00e9tudiants en condition favorable, le remplissage de ce dernier est pr\u00e9c\u00e9d\u00e9 de la pr\u00e9sentation d\u2019une situation classique de gestion de classe (entre centration sur le collectif et centration sur l\u2019individuel). Cette situation sert de point d\u2019ancrage \u00e0 la r\u00e9flexion des futurs enseignants qui vont \u00eatre questionn\u00e9s.<\/p>\n<p style=\"text-align: justify;\"><em>\u00ab\u00a0Dans le cadre du dispositif d\u2019analyse des pratiques professionnelles, \u00c9lodie expose la situation suivante :<\/em><\/p>\n<p style=\"text-align: justify;\"><em>\u00ab J\u2019enseigne dans une classe de 3P<sup class='footnote'><a href='#fn-1585-3' id='fnref-1585-3' onclick='return fdfootnote_show(1585)'>3<\/a><\/sup>\u00a0\u00a0de centre-ville compos\u00e9e de 23 \u00e9l\u00e8ves. Julien est un \u00e9l\u00e8ve r\u00e9put\u00e9 difficile et nouvellement arriv\u00e9 dans l\u2019\u00e9cole.<\/em><\/p>\n<p style=\"text-align: justify;\"><em>Apr\u00e8s 15 jours de classe sans histoire, Julien change de comportement et devient perturbateur. Sa situation familiale est difficile puisqu\u2019il est actuellement en famille d\u2019accueil.<\/em><\/p>\n<p style=\"text-align: justify;\"><em>J\u2019ai le sentiment qu\u2019il peut exploser du jour au lendemain. Il supporte difficilement les remarques et les frustrations. Il est tr\u00e8s col\u00e9rique et hurle fr\u00e9quemment. Toute intervention avec lui tourne vite \u00e0 la surench\u00e8re. J\u2019ai pass\u00e9 un contrat avec lui : il a le droit d\u2019aller dans le couloir pour se calmer puis de revenir.<\/em><\/p>\n<p style=\"text-align: justify;\"><em>Apr\u00e8s 3 semaines, je constate que les temps pass\u00e9s dans le couloir deviennent de plus en plus longs (jusqu\u2019\u00e0 une heure). Julien refuse m\u00eame de rentrer en classe. Il d\u00e9pend et jette les manteaux de ses camarades, puis se sauve dans la cour\u2026 J\u2019abandonne alors ma classe pour le poursuivre et le ramener.<\/em><\/p>\n<p style=\"text-align: justify;\"><em>Cette s\u00e9quence tend \u00e0 se r\u00e9p\u00e9ter depuis\u2026 \u00bb<\/em><\/p>\n<p style=\"text-align: justify;\">Seules deux questions sur quatre (les questions 3 et 4) sont pr\u00e9sent\u00e9es et analys\u00e9es dans le cadre de cet article\u00a0:<\/p>\n<p style=\"text-align: justify;\">Question 3\u00a0:<em> \u00ab\u00a0En fonction de votre exp\u00e9rience, que pensez-vous de l\u2019int\u00e9r\u00eat qu\u2019il y a \u00e0 travailler ainsi (en s\u00e9minaire APP) ?\u00a0\u00bb<\/em><\/p>\n<p style=\"text-align: justify;\">et<\/p>\n<p style=\"text-align: justify;\">Question 4\u00a0: <em>\u00ab\u00a0Au-del\u00e0 de cette situation, de fa\u00e7on plus g\u00e9n\u00e9rale, dans le cadre du dispositif que vous suivez en ce moment, comment \u00e9valuez-vous l\u2019int\u00e9r\u00eat et la pertinence des dispositifs d\u2019analyse des pratiques professionnelles mis en \u0153uvre \u00e0 la HEP, au regard de vos propres besoins et attentes de futur enseignant ? <\/em><\/p>\n<p style=\"text-align: justify;\"><em>Parmi les huit items suivants, retenez-en quatre qui vous semblent les plus significatifs et classez-les par ordre d\u2019importance de 1 (le plus important) \u00e0 4 (le moins important).<\/em><\/p>\n<p style=\"text-align: justify;\">Ces items issus des textes officiels et de recherches (Levain et Minary, 2010) sont list\u00e9s dans le tableau 3 qui figure en page 10.<\/p>\n<h4 style=\"text-align: justify;\"><strong>6. Analyse des r\u00e9sultats<\/strong><\/h4>\n<h6 style=\"text-align: justify;\"><strong>6.1. Analyse des r\u00e9sultats en lien avec la question 3<\/strong><\/h6>\n<p style=\"text-align: justify;\"><em>\u00ab\u00a0Que pensez-vous de l\u2019int\u00e9r\u00eat qu\u2019il y a \u00e0 travailler ainsi\u00a0?\u00a0\u00bb<\/em><\/p>\n<p><em>\u00a0<\/em><\/p>\n<table width=\"603\">\n<tbody>\n<tr>\n<td width=\"104\"><strong>Items<\/strong><\/td>\n<td width=\"94\"><strong>HEP-BEJUNE Bienne<\/strong><\/td>\n<td width=\"104\"><strong>HEP-BEJUNE Porrentruy<\/strong><\/td>\n<td width=\"91\"><strong>HEP-BEJUNE<br \/>\nLa Chaux-<br \/>\nde-Fonds<\/strong><\/td>\n<td width=\"79\"><strong>HEP-Fribourg<\/strong><\/td>\n<td width=\"58\"><strong>HEP- Vaud<\/strong><\/td>\n<td width=\"73\"><strong>Moyenne<\/strong><\/td>\n<\/tr>\n<tr>\n<td width=\"104\">Int\u00e9r\u00eat pour le dispositif<\/td>\n<td width=\"94\">62.4<\/td>\n<td width=\"104\">69.2<\/td>\n<td width=\"91\">75.6<\/td>\n<td width=\"79\">60.4<\/td>\n<td width=\"58\">64.6<\/td>\n<td width=\"73\">66.4<\/td>\n<\/tr>\n<tr>\n<td width=\"104\">Limites du dispositif<\/td>\n<td width=\"94\">37.6<\/td>\n<td width=\"104\">30.8<\/td>\n<td width=\"91\">24.4<\/td>\n<td width=\"79\">35.6<\/td>\n<td width=\"58\">33.5<\/td>\n<td width=\"73\">32.4<\/td>\n<\/tr>\n<tr>\n<td width=\"104\">Sans r\u00e9ponse<\/td>\n<td width=\"94\">0<\/td>\n<td width=\"104\">0<\/td>\n<td width=\"91\">0<\/td>\n<td width=\"79\">4<\/td>\n<td width=\"58\">1.9<\/td>\n<td width=\"73\">1.2<\/td>\n<\/tr>\n<\/tbody>\n<\/table>\n<p style=\"text-align: center;\"><em><br \/>\nTableau 2\u00a0: Perception des APP (en %)<\/em><\/p>\n<p>&nbsp;<\/p>\n<p style=\"text-align: justify;\"><strong>Commentaires\u00a0: perception des APP<\/strong><\/p>\n<p style=\"text-align: justify;\">Dans les trois institutions, les \u00e9tudiants rel\u00e8vent plus d\u2019aspects positifs que d\u2019aspects n\u00e9gatifs : on peut affirmer que le dispositif est donc bien per\u00e7u par les \u00e9tudiants en formation dans ces trois HEP romandes.<\/p>\n<p style=\"text-align: justify;\">Dans le cas des r\u00e9ponses mettant en avant les limites du dispositif, certaines r\u00e9ponses rel\u00e8vent aussi des aspects positifs. Il ne s\u2019agit donc pas de personnes oppos\u00e9es au dispositif, mais plut\u00f4t d\u2019une perception nuanc\u00e9e et d\u2019un regard critique pour certains. On ne peut affirmer que les \u00e9tudiants du site de La Chaux-de-Fonds de la HEP-BEJUNE acceptent mieux le dispositif, on peut seulement dire qu\u2019ils sont peut-\u00eatre moins critiques face \u00e0 celui-ci que les autres r\u00e9pondants.<\/p>\n<p style=\"text-align: justify;\">L\u2019aspect formatif du dispositif est largement per\u00e7u et les points forts sont, en g\u00e9n\u00e9ral, relev\u00e9s. Dans l\u2019int\u00e9r\u00eat pour le dispositif, il ressort principalement le fait qu\u2019il permet la mutualisation de ses exp\u00e9riences en groupe, dans un espace s\u00e9curis\u00e9 et la recherche de solutions nouvelles auxquelles on n\u2019avait pas pens\u00e9 dans le feu de l\u2019action.<\/p>\n<p style=\"text-align: justify;\">Au plan des limites relev\u00e9es, la distance avec l\u2019\u00e9v\u00e9nement et le fait qu\u2019on ne retournera pas dans la classe ou que toutes les situations ne sont pas trait\u00e9es, sont signal\u00e9s.<\/p>\n<p style=\"text-align: justify;\">Aucun \u00e9tudiant ne rejette totalement le dispositif d\u2019APP.<\/p>\n<h6 style=\"text-align: justify;\"><strong>6.2. Analyse des r\u00e9sultats en lien avec la question 4<\/strong><\/h6>\n<p style=\"text-align: justify;\">Cette question analyse l\u2019int\u00e9r\u00eat et la pertinence des dispositifs d\u2019analyse des pratiques professionnelles mis en \u0153uvre dans les HEP concern\u00e9es en regard des attentes et besoins des futurs enseignants. Les r\u00e9pondants sont invit\u00e9s \u00e0 se prononcer sur les objectifs attribu\u00e9s aux APP selon la perception qu\u2019ils en ont eue dans leur formation.<\/p>\n<p style=\"text-align: justify;\"><strong>Poids relatif attribu\u00e9 \u00e0 chaque item<\/strong><\/p>\n<p style=\"text-align: justify;\">De mani\u00e8re \u00e0 d\u00e9gager plus pr\u00e9cis\u00e9ment les diff\u00e9rentes tendances dans la diversit\u00e9 des choix et classements retenus par l\u2019ensemble des \u00e9tudiants, une pond\u00e9ration \u00e9t\u00e9 effectu\u00e9e. Le poids respectif de chaque item propos\u00e9 dans le questionnaire peut \u00eatre d\u00e9gag\u00e9 afin de permettre quelques comparaisons entre les trois institutions \u00e9tudi\u00e9es. Le r\u00e9sultat final pour chaque item est standardis\u00e9 en score de 0 \u00e0 100.<\/p>\n<p style=\"text-align: justify;\"><strong>Commentaires<\/strong><\/p>\n<p style=\"text-align: justify;\">L\u2019analyse du tableau 3 figurant en page suivante nous montre que la dimension r\u00e9flexive de la formation, selon notre d\u00e9finition, n\u2019est pas prioritaire pour les \u00e9tudiants. Cependant, cet item (\u00ab\u00a0<em>permet de structurer un ensemble d\u2019hypoth\u00e8ses susceptible d\u2019\u00e9clairer et d\u2019am\u00e9liorer le fonctionnement de la classe\u00a0<\/em>\u00bb) remporte tout de m\u00eame un score de 19.5 points en moyenne et arrive en deuxi\u00e8me position derri\u00e8re l\u2019item relatif \u00e0 la dimension relationnelle du m\u00e9tier. Les r\u00e9pondants sont plus orient\u00e9s sur des r\u00e9ponses imm\u00e9diates \u00e0 leurs questions d\u2019enseignants en formation, sur les aspects relationnels de la fonction enseignante et sur l\u2019am\u00e9lioration du fonctionnement de la classe. Pour eux, la d\u00e9marche d\u2019analyse des pratiques vise avant tout \u00e0 se doter de r\u00e9ponses pour des faits pass\u00e9s qui les ont interpel\u00e9s. En regard des th\u00e9ories de Sch\u00f6n (1994), la r\u00e9flexion sur l\u2019action est une condition menant au d\u00e9veloppement d\u2019une pratique r\u00e9flexive.<\/p>\n<p style=\"text-align: justify;\">Il est \u00e0 relever les r\u00e9ponses en d\u00e9calage entre les institutions \u00e9tudi\u00e9es\u00a0:<\/p>\n<ul style=\"text-align: justify;\">\n<li>Les \u00e9tudiants vaudois signalent une repr\u00e9sentation plus ax\u00e9e sur la dimension didactique et p\u00e9dagogique, qui peut s\u2019expliquer par le fait que les s\u00e9minaires d\u2019APP \u00e9taient port\u00e9s par l\u2019unit\u00e9 d\u2019enseignement qui a pour objectif de permettre aux \u00e9tudiants d&rsquo;\u00e9prouver les effets de leurs pratiques sur l&rsquo;apprentissage des \u00e9l\u00e8ves.<\/li>\n<li>Les \u00e9tudiants fribourgeois relient et mettent en perspective leurs apprentissages r\u00e9alis\u00e9s sur les lieux de formation gr\u00e2ce aux APP, ce qui peut \u00eatre li\u00e9 au fait que les APP font partie int\u00e9grante du s\u00e9minaire d\u2019int\u00e9gration qui a lieu apr\u00e8s chaque stage.<\/li>\n<\/ul>\n<p style=\"text-align: justify;\">Ce d\u00e9calage n\u2019est, en soi, pas surprenant, dans la mesure o\u00f9 les dispositifs d\u00e9ploy\u00e9s r\u00e9pondent \u00e0 des orientations sp\u00e9cifiques des formations et ne sont pas ici analys\u00e9s dans ce sens.<\/p>\n<p>&nbsp;<\/p>\n<table width=\"612\">\n<tbody>\n<tr>\n<td width=\"215\"><strong>Le dispositif d\u2019analyse des pratiques permet\u00a0:<\/strong><\/td>\n<td width=\"64\"><strong>HEP-BEJUNE Bi<\/strong><\/td>\n<td width=\"64\"><strong>HEP-BEJUNE Po<\/strong><\/td>\n<td width=\"64\"><strong>HEP-BEJUNE LCF<\/strong><\/td>\n<td width=\"64\"><strong>HEP-Fribourg<\/strong><\/td>\n<td width=\"64\"><strong>HEP-Vaud<\/strong><\/td>\n<td width=\"76\"><strong>Moyenne<\/strong><\/td>\n<\/tr>\n<tr>\n<td width=\"215\">&#8211; d\u2019analyser et de r\u00e9soudre des probl\u00e8mes professionnels touchant aux dimensions plus relationnelles du m\u00e9tier\u00a0 (conduite de la classe, \u00e9l\u00e8ves difficiles, communication\u2026)<\/td>\n<td width=\"64\">27.4<\/td>\n<td width=\"64\">33.6<\/td>\n<td width=\"64\">32.7<\/td>\n<td width=\"64\">27.7<\/td>\n<td width=\"64\">25.8<\/td>\n<td width=\"76\">29.4<\/td>\n<\/tr>\n<tr>\n<td width=\"215\">&#8211; de structurer un ensemble d\u2019hypoth\u00e8ses susceptible d\u2019\u00e9clairer et d\u2019am\u00e9liorer le fonctionnement de la classe<\/td>\n<td width=\"64\"><strong>18.5<\/strong><\/td>\n<td width=\"64\"><strong>18.5<\/strong><\/td>\n<td width=\"64\">20.3<\/td>\n<td width=\"64\">19.1<\/td>\n<td width=\"64\"><strong>21.1<\/strong><\/td>\n<td width=\"76\"><strong>19.5<\/strong><\/td>\n<\/tr>\n<tr>\n<td width=\"215\">&#8211; d\u2019analyser et de r\u00e9soudre des probl\u00e8mes professionnels touchant aux dimensions plus p\u00e9dagogiques\u00a0 (obstacles didactiques, progression p\u00e9dagogique, etc.)<\/td>\n<td width=\"64\">8.8<\/td>\n<td width=\"64\">12.4<\/td>\n<td width=\"64\">9.5<\/td>\n<td width=\"64\">15.0<\/td>\n<td width=\"64\">23.4<\/td>\n<td width=\"76\">13.8<\/td>\n<\/tr>\n<tr>\n<td width=\"215\">&#8211; de d\u00e9gager le caract\u00e8re multiple et h\u00e9t\u00e9rog\u00e8ne du m\u00e9tier d\u2019enseignant et d\u2019appr\u00e9hender sa complexit\u00e9<\/td>\n<td width=\"64\">15.0<\/td>\n<td width=\"64\">10.0<\/td>\n<td width=\"64\">8.6<\/td>\n<td width=\"64\">7.3<\/td>\n<td width=\"64\">7.1<\/td>\n<td width=\"76\">9.6<\/td>\n<\/tr>\n<tr>\n<td width=\"215\">&#8211; de se doter de rep\u00e8res conceptuels, m\u00e9thodologiques, \u00e9thiques<br \/>\nen vue de faire des choix<\/td>\n<td width=\"64\">8.8<\/td>\n<td width=\"64\">13.1<\/td>\n<td width=\"64\">7.6<\/td>\n<td width=\"64\">7.7<\/td>\n<td width=\"64\">6.8<\/td>\n<td width=\"76\">8.8<\/td>\n<\/tr>\n<tr>\n<td width=\"215\">&#8211; d\u2019\u00e9tayer davantage l\u2019identit\u00e9 professionnelle en favorisant un climat d\u2019\u00e9coute mutuelle et d\u2019entraide<\/td>\n<td width=\"64\">10.0<\/td>\n<td width=\"64\">5.8<\/td>\n<td width=\"64\">9.3<\/td>\n<td width=\"64\">6.1<\/td>\n<td width=\"64\">6.9<\/td>\n<td width=\"76\">7.6<\/td>\n<\/tr>\n<tr>\n<td width=\"215\">&#8211; de relier les apprentissages faits sur les lieux de formation et de les mettre en perspective<\/td>\n<td width=\"64\">6.5<\/td>\n<td width=\"64\">4.6<\/td>\n<td width=\"64\">3.9<\/td>\n<td width=\"64\">10.5<\/td>\n<td width=\"64\">4.8<\/td>\n<td width=\"76\">6.1<\/td>\n<\/tr>\n<tr>\n<td width=\"215\">&#8211; de mieux conna\u00eetre mes modes de fonctionnement, mon style p\u00e9dagogique<\/td>\n<td width=\"64\">5.0<\/td>\n<td width=\"64\">1.9<\/td>\n<td width=\"64\">8.0<\/td>\n<td width=\"64\">6.6<\/td>\n<td width=\"64\">4.2<\/td>\n<td width=\"76\">5.1<\/td>\n<\/tr>\n<\/tbody>\n<\/table>\n<p style=\"text-align: center;\"><em><br \/>\nTableau 3\u00a0: Perception du dispositif par les r\u00e9pondants\u00a0: poids relatif de chaque item<\/em><\/p>\n<h4 style=\"text-align: justify;\"><strong>7. Conclusion<\/strong><\/h4>\n<p style=\"text-align: justify;\">Les enseignants en formation au degr\u00e9 pr\u00e9scolaire et primaire ont une perception tr\u00e8s positive du dispositif d\u2019analyse de pratiques. Il est prioritairement per\u00e7u comme un outil de formation personnelle, orient\u00e9 vers la pratique permettant \u00ab\u00a0<em>d\u2019analyser et de r\u00e9soudre des probl\u00e8mes professionnels touchant aux dimensions plus relationnelles du m\u00e9tier\u00a0 (conduite de la classe, \u00e9l\u00e8ves difficiles, communication\u2026)<\/em>\u00a0\u00bb et \u00ab\u00a0<em>de structurer un ensemble d\u2019hypoth\u00e8ses susceptible d\u2019\u00e9clairer et d\u2019am\u00e9liorer le fonctionnement de la classe. Le dispositif permet de comprendre, en groupe, comment faire pour ajuster ses conduites en tant qu\u2019enseignant pour \u00e9viter au mieux les situations conflictuelles<\/em>\u00a0\u00bb.<\/p>\n<p style=\"text-align: justify;\">D\u2019autres dimensions positives apparaissent dans la pratique de l\u2019APP\u00a0: le travail en groupe restreint, un espace prot\u00e9g\u00e9, la prise de conscience que d\u2019autres ont v\u00e9cu des exp\u00e9riences similaires ou encore la qualit\u00e9 d\u2019\u00e9coute et d\u2019empathie des pairs.<\/p>\n<p style=\"text-align: justify;\">On pourrait \u00eatre surpris par le manque de perception du d\u00e9veloppement r\u00e9flexif vis\u00e9 par le dispositif. Toutefois il convient de relativiser nettement cette option dans la mesure o\u00f9 les \u00e9tudiants sont en formation de base et visent clairement, dans les d\u00e9lais impartis, \u00e0 obtenir leur dipl\u00f4me, comme signal\u00e9 d\u00e9j\u00e0 dans un travail de th\u00e8se (Petignat, 2011). Ils font leur <em>\u00ab\u00a0m\u00e9tier d\u2019\u00e9l\u00e8ve\u00a0\u00bb<\/em> (Perrenoud, 2004), ils n\u2019auront de cesse de reproduire ce qu\u2019ils ont vu faire, ce qu\u2019ils croient \u00eatre \u00ab\u00a0la\u00a0\u00bb bonne solution, le bon geste, le plus souvent dans une d\u00e9marche de \u00ab soumission \u00bb (ou d\u2019adh\u00e9sion mim\u00e9tique ou encore dans un souci d\u2019\u00e9conomie) \u00e0 celui que l\u2019institution a pr\u00e9sent\u00e9 comme l\u2019expert\u00a0: le formateur en \u00e9tablissement. Ce dispositif est donc per\u00e7u prioritairement comme un acte de formation qui permet de r\u00e9pondre aux questions et aux \u00e9v\u00e9nements li\u00e9s directement aux stages.<\/p>\n<p style=\"text-align: justify;\">La professionnalisation vis\u00e9e par les institutions de formation des enseignants implique que cette exp\u00e9rience en APP, bonne ou mauvaise, soit capitalis\u00e9e, serve au futur enseignant comme point d\u2019ancrage de sa future pratique, alors qu\u2019il sera seul dans sa classe, sans regard externe. L\u2019articulation th\u00e9orie\/pratique, pr\u00f4n\u00e9e par les r\u00e9f\u00e9rentiels de comp\u00e9tences, n\u00e9cessite un retour sur les situations plus ou moins obscures des pratiques quotidiennes de l\u2019enseignant pour d\u00e9passer les injonctions applicationistes : \u00ab\u00a0Il faut\u2026, il n\u2019y a qu\u2019\u00e0\u2026 !\u00a0\u00bb<\/p>\n<p style=\"text-align: justify;\">Le dispositif d\u2019analyse des pratiques professionnelles est une r\u00e9ponse pertinente que l\u2019institution a op\u00e9rationnalis\u00e9 pour permettre au futur enseignant de se r\u00e9approprier son exp\u00e9rience et pour la mettre en perspective, dans une vis\u00e9e r\u00e9flexive et de professionnalisation. Toutefois, pour v\u00e9ritablement r\u00e9pondre aux attentes des futurs enseignants et de l\u2019institution qui entend les former, le dispositif d\u2019APP doit occuper une place particuli\u00e8re dans le cursus de formation en coh\u00e9rence avec le reste du programme afin qu\u2019il puisse relier transversalement l\u2019ensemble des contenus abord\u00e9s.<\/p>\n<p style=\"text-align: justify;\">Enfin, il est n\u00e9cessaire de passer d\u2019une formation \u00ab contr\u00f4lante \u00bb \u00e0 une formation \u00ab responsabilisante \u00bb. Cette option concerne tous les actes de la formation professionnelle et consiste, pour Altet (2005) dans un va-et-vient \u00ab pratique \u2013 th\u00e9orie \u2013 pratique \u00bb.<\/p>\n<h4>R\u00e9f\u00e9rences bibliographiques<\/h4>\n<p style=\"text-align: justify;\">Altet, M. (1996). Les dispositifs d&rsquo;analyse des pratiques p\u00e9dagogiques en formation d&rsquo;enseignants : une d\u00e9marche d&rsquo;articulation pratique-th\u00e9orie-pratique. In C. Blanchard-Laville &amp; D. Fablet (eds), <em>L&rsquo;Analyse des pratiques professionnelles<\/em> (pp. 15-32). Paris\u00a0: L&rsquo;Harmattan.<\/p>\n<p style=\"text-align: justify;\">Altet, M. (2005). <em>L\u2019analyse des pratiques en formation initiale des enseignants pour d\u00e9velopper une pratique r\u00e9flexive sur et pour l\u2019action<\/em>. IUFM des Pays de Loire, Nantes : Collections Ressources, 8, 28-34.<\/p>\n<p style=\"text-align: justify;\">Balint, M. (2003). <em>Le m\u00e9decin, son patient et la maladie.<\/em> Paris\u00a0: Payot et Rivages.<\/p>\n<p style=\"text-align: justify;\">Blanchard-Laville, C. &amp; Fablet, D. (1999<em>). D\u00e9velopper l\u2019analyse des pratiques professionnelles dans le champ des interventions socio-\u00e9ducatives<\/em>. Paris: L&rsquo;Harmattan.<\/p>\n<p style=\"text-align: justify;\">Blanchard-Laville C. (2001). <em>Les enseignants entre plaisir et souffrance<\/em>. Paris\u00a0: PUF.<\/p>\n<p style=\"text-align: justify;\">Cifali, M. (1994). <em>Le lien \u00e9ducatif : contre-jour psychanalytique.<\/em> Paris\u00a0: PUF.<\/p>\n<p style=\"text-align: justify;\">Dubar, C. &amp; Tripier, P. (1998) <em>Sociologie des professions<\/em>. Paris: A. Colin.<\/p>\n<p style=\"text-align: justify;\">Levain, J.P. &amp; Minary, J.P. (2010). L\u2019analyse de pratiques professionnelles en IUFM, dispositifs et niveaux d\u2019institutionnalisation. <em>Recherche et Formation<\/em>, 65, 125-138.<\/p>\n<p style=\"text-align: justify;\">Maubant, P., Roger, L., Dhahbi Jemel, S. &amp; Chouinard, I. (2009). La didactique professionnelle, un nouveau regard pour analyser les pratiques d&rsquo;enseignement. In\u00a0: <em>Qu\u2019est-ce qu\u2019une formation professionnelle universitaire des enseignants ?<\/em>, (p. 375-383). Lille\u00a0: IUFM Nord-Pas de Calais.<\/p>\n<p style=\"text-align: justify;\">Meirieu, P. (2005). Quelques r\u00e9flexions relatives \u00e0 la place de l\u2019analyse des pratiques dans la formation des enseignants. In <em>(In)novatio\u00a0<\/em>\u00a0: r<em>evue de l\u2019innovation p\u00e9dagogique.<\/em><br \/>\nRobo, P. &amp; Thi\u00e9baud, M. (dir.). (Se) former \u00e0 l\u2019analyse de pratiques professionnelles.<br \/>\nActes du s\u00e9minaire GFAPP, Lyon, juin 2004. Hors-s\u00e9rie. (pp. 5-6).<br \/>\n<a href=\"http:\/\/www.analysedepratique.org\/wp-content\/uploads\/gfapp-actes-seminaire-2004.pdf\">http:\/\/www.analysedepratique.org\/wp-content\/uploads\/gfapp-actes-seminaire-2004.pdf<\/a>.<\/p>\n<p style=\"text-align: justify;\">Perrenoud, P. (2004). <em>M\u00e9tier d\u2019\u00e9l\u00e8ve et sens du travail scolaire<\/em> (5e \u00e9d.). Paris: ESF.<\/p>\n<p style=\"text-align: justify;\">Petignat, P. (2011). <em>La contribution des stages \u00e0 la formation des enseignants : \u00e9tudes des repr\u00e9sentations de formateurs praticiens et de leurs anciens stagiaires<\/em>. Berlin: Editions universitaires europ\u00e9ennes.<\/p>\n<p style=\"text-align: justify;\">R\u00e9f\u00e9rentiel de comp\u00e9tences pour la formation initiale des enseignants du niveau primaire de la HEP-BEJUNE et son utilisation pour la conception du programme du 2 ao\u00fbt 2010. Document interne.<\/p>\n<p style=\"text-align: justify;\">Sch\u00f6n, D-A. (1994). <em>Le praticien r\u00e9flexif: \u00e0 la recherche du savoir cach\u00e9 dans l&rsquo;agir personnel<\/em>. Montr\u00e9al : Editions Logiques.<\/p>\n<p style=\"text-align: justify;\">Theureau, J. (2004) <em>Le cours d\u2019action. M\u00e9thode \u00e9l\u00e9mentaire.<\/em> Toulouse\u00a0: Octar\u00e8s.<\/p>\n<p style=\"text-align: justify;\">Wentzel, B. (2010). Le praticien r\u00e9flexif : entre recherche, formation et comp\u00e9tences professionnelles. In <em>Recherche et formation \u00e0 l\u2019enseignement : sp\u00e9cificit\u00e9s et interd\u00e9pendance<\/em>. Bienne :\u00a0Actes de la recherche de la HEP-BEJUNE, 8, pp. 15-35.<\/p>\n<p>&nbsp;<\/p>\n<div><\/div>\n<div><\/div>\n<a href=\"#\" class=\"shortcode button  \" style=\"background-color: silver;\" target=\"\" onclick=\"\"> Haut de page<\/a>\n<b><\/b><\/p>\n<p>&nbsp;<\/p>\n<h4><strong>Notes<\/strong><\/h4>\n<div class='footnotes' id='footnotes-1585'>\n<div class='footnotedivider'><\/div>\n<ol>\n<li id='fn-1585-1'> Institut Universitaire de Formation des Ma\u00eetres. <span class='footnotereverse'><a href='#fnref-1585-1'>&#8617;<\/a><\/span><\/li>\n<li id='fn-1585-2'> Groupe d&rsquo;entrainement \u00e0 l&rsquo;analyse de situations \u00e9ducatives <span class='footnotereverse'><a href='#fnref-1585-2'>&#8617;<\/a><\/span><\/li>\n<li id='fn-1585-3'> CE2 dans le syst\u00e8me fran\u00e7ais <span class='footnotereverse'><a href='#fnref-1585-3'>&#8617;<\/a><\/span><\/li>\n<\/ol>\n<\/div>\n<div id=\"themify_builder_content-1585\" data-postid=\"1585\" class=\"themify_builder_content themify_builder_content-1585 themify_builder themify_builder_front\">\n\n\t<\/div>\n<!-- \/themify_builder_content -->","protected":false},"excerpt":{"rendered":"<p>Pierre Petignat Haute Ecole P\u00e9dagogique BEJUNE, Bienne, Suisse Pierre.Petignat[arobase]hep-bejune.ch R\u00e9sum\u00e9 Cet article pr\u00e9sente un r\u00e9sum\u00e9 de la recherche men\u00e9e dans le cadre de trois Hautes Ecoles P\u00e9dagogiques (HEP) de Suisse romande. Cette recherche porte sur la perception globale des \u00e9tudiants quant aux s\u00e9minaires d\u2019analyse de pratique v\u00e9cus en formation initiale ainsi qu\u2019aux effets qu\u2019ils produisent. [&hellip;]<\/p>\n","protected":false},"author":2,"featured_media":0,"comment_status":"open","ping_status":"open","sticky":false,"template":"","format":"standard","meta":{"_jetpack_newsletter_access":"","_jetpack_dont_email_post_to_subs":false,"_jetpack_newsletter_tier_id":0,"_jetpack_memberships_contains_paywalled_content":false,"_jetpack_memberships_contains_paid_content":false,"footnotes":""},"categories":[152,13],"tags":[156,77,59],"class_list":["post-1585","post","type-post","status-publish","format-standard","hentry","category-pierre-petignat","category-4travail","tag-formation-denseignants","tag-pratique-reflexive","tag-professionnalisation","has-post-title","no-post-date","has-post-category","has-post-tag","has-post-comment","has-post-author"],"jetpack_featured_media_url":"","jetpack_shortlink":"https:\/\/wp.me\/p3VXfJ-pz","jetpack_sharing_enabled":true,"_links":{"self":[{"href":"https:\/\/www.analysedepratique.org\/index.php?rest_route=\/wp\/v2\/posts\/1585","targetHints":{"allow":["GET"]}}],"collection":[{"href":"https:\/\/www.analysedepratique.org\/index.php?rest_route=\/wp\/v2\/posts"}],"about":[{"href":"https:\/\/www.analysedepratique.org\/index.php?rest_route=\/wp\/v2\/types\/post"}],"author":[{"embeddable":true,"href":"https:\/\/www.analysedepratique.org\/index.php?rest_route=\/wp\/v2\/users\/2"}],"replies":[{"embeddable":true,"href":"https:\/\/www.analysedepratique.org\/index.php?rest_route=%2Fwp%2Fv2%2Fcomments&post=1585"}],"version-history":[{"count":26,"href":"https:\/\/www.analysedepratique.org\/index.php?rest_route=\/wp\/v2\/posts\/1585\/revisions"}],"predecessor-version":[{"id":4927,"href":"https:\/\/www.analysedepratique.org\/index.php?rest_route=\/wp\/v2\/posts\/1585\/revisions\/4927"}],"wp:attachment":[{"href":"https:\/\/www.analysedepratique.org\/index.php?rest_route=%2Fwp%2Fv2%2Fmedia&parent=1585"}],"wp:term":[{"taxonomy":"category","embeddable":true,"href":"https:\/\/www.analysedepratique.org\/index.php?rest_route=%2Fwp%2Fv2%2Fcategories&post=1585"},{"taxonomy":"post_tag","embeddable":true,"href":"https:\/\/www.analysedepratique.org\/index.php?rest_route=%2Fwp%2Fv2%2Ftags&post=1585"}],"curies":[{"name":"wp","href":"https:\/\/api.w.org\/{rel}","templated":true}]}}