{"id":1255,"date":"2014-06-09T15:30:54","date_gmt":"2014-06-09T14:30:54","guid":{"rendered":"http:\/\/www.analysedepratique.org\/?p=1255"},"modified":"2014-06-15T10:01:56","modified_gmt":"2014-06-15T09:01:56","slug":"numero-3-juin-2014","status":"publish","type":"post","link":"https:\/\/www.analysedepratique.org\/?p=1255","title":{"rendered":"Num\u00e9ro 3 &#8211; juin 2014"},"content":{"rendered":"<p>&nbsp;<\/p>\n<p><strong><a title=\"Editorial \u2013 num\u00e9ro 1\" href=\"http:\/\/www.analysedepratique.org\/?p=1251\">Editorial<\/a><\/strong><\/p>\n<p><a title=\"Un dispositif d\u2019analyse de pratiques centr\u00e9 sur la question que se pose le narrateur\" href=\"http:\/\/www.analysedepratique.org\/?p=1221\"><strong>Nadine Faingold<\/strong><br \/>\n<\/a><em>Un dispositif d\u2019analyse de pratiques centr\u00e9 sur la question que se pose le narrateur<\/em><\/p>\n<p><strong><a href=\"http:\/\/www.analysedepratique.org\/?p=1223\">Suzanne Guillemette et Louise Simon<\/a><\/strong><br \/>\n<em>Dispositifs d\u2019un mod\u00e8le d\u2019accompagnement collectif qui guident\u00a0<span style=\"font-size: 13px;\">la r\u00e9flexivit\u00e9 chez des directions d\u2019\u00e9tablissement en milieu scolaire<\/span><\/em><\/p>\n<p><strong><a href=\"http:\/\/www.analysedepratique.org\/?p=1225\">Jean-Pierre Lepage<\/a><\/strong><br \/>\n<em>Analyse de pratiques, neurosciences et la question des \u00e9motions<\/em><\/p>\n<p><strong><a href=\"http:\/\/www.analysedepratique.org\/?p=1227\">Guillaume Villain<\/a><\/strong><br \/>\n<em>Une exp\u00e9rience de groupe d\u2019analyse de pratiques professionnelles hors institution<\/em><\/p>\n<p><strong><a href=\"http:\/\/www.analysedepratique.org\/?p=1229\">Philippe P\u00e9aud<\/a><\/strong><br \/>\n<em>Disparition de Jacques Nimier<\/em><\/p>\n<p><strong>\u00a0<\/strong><\/p>\n<p>&nbsp;<\/p>\n<p>&nbsp;<\/p>\n<p>&nbsp;<\/p>\n<p>&nbsp;<\/p>\n<p>&nbsp;<\/p>\n<div id=\"themify_builder_content-1255\" data-postid=\"1255\" class=\"themify_builder_content themify_builder_content-1255 themify_builder themify_builder_front\">\n\n\t<\/div>\n<!-- \/themify_builder_content -->","protected":false},"excerpt":{"rendered":"<p>&nbsp; Editorial Nadine Faingold Un dispositif d\u2019analyse de pratiques centr\u00e9 sur la question que se pose le narrateur Suzanne Guillemette et Louise Simon Dispositifs d\u2019un mod\u00e8le d\u2019accompagnement collectif qui guident\u00a0la r\u00e9flexivit\u00e9 chez des directions d\u2019\u00e9tablissement en milieu scolaire Jean-Pierre Lepage Analyse de pratiques, neurosciences et la question des \u00e9motions Guillaume Villain Une exp\u00e9rience de groupe [&hellip;]<\/p>\n","protected":false},"author":2,"featured_media":0,"comment_status":"open","ping_status":"open","sticky":false,"template":"","format":"standard","meta":{"_jetpack_newsletter_access":"","_jetpack_dont_email_post_to_subs":false,"_jetpack_newsletter_tier_id":0,"_jetpack_memberships_contains_paywalled_content":false,"_jetpack_memberships_contains_paid_content":false,"footnotes":""},"categories":[1],"tags":[],"class_list":["post-1255","post","type-post","status-publish","format-standard","hentry","category-non-classe","has-post-title","no-post-date","has-post-category","has-post-tag","has-post-comment","has-post-author"],"jetpack_featured_media_url":"","jetpack_shortlink":"https:\/\/wp.me\/p3VXfJ-kf","jetpack_sharing_enabled":true,"_links":{"self":[{"href":"https:\/\/www.analysedepratique.org\/index.php?rest_route=\/wp\/v2\/posts\/1255","targetHints":{"allow":["GET"]}}],"collection":[{"href":"https:\/\/www.analysedepratique.org\/index.php?rest_route=\/wp\/v2\/posts"}],"about":[{"href":"https:\/\/www.analysedepratique.org\/index.php?rest_route=\/wp\/v2\/types\/post"}],"author":[{"embeddable":true,"href":"https:\/\/www.analysedepratique.org\/index.php?rest_route=\/wp\/v2\/users\/2"}],"replies":[{"embeddable":true,"href":"https:\/\/www.analysedepratique.org\/index.php?rest_route=%2Fwp%2Fv2%2Fcomments&post=1255"}],"version-history":[{"count":7,"href":"https:\/\/www.analysedepratique.org\/index.php?rest_route=\/wp\/v2\/posts\/1255\/revisions"}],"predecessor-version":[{"id":1346,"href":"https:\/\/www.analysedepratique.org\/index.php?rest_route=\/wp\/v2\/posts\/1255\/revisions\/1346"}],"wp:attachment":[{"href":"https:\/\/www.analysedepratique.org\/index.php?rest_route=%2Fwp%2Fv2%2Fmedia&parent=1255"}],"wp:term":[{"taxonomy":"category","embeddable":true,"href":"https:\/\/www.analysedepratique.org\/index.php?rest_route=%2Fwp%2Fv2%2Fcategories&post=1255"},{"taxonomy":"post_tag","embeddable":true,"href":"https:\/\/www.analysedepratique.org\/index.php?rest_route=%2Fwp%2Fv2%2Ftags&post=1255"}],"curies":[{"name":"wp","href":"https:\/\/api.w.org\/{rel}","templated":true}]}}