{"id":1227,"date":"2014-06-01T15:26:06","date_gmt":"2014-06-01T14:26:06","guid":{"rendered":"http:\/\/www.analysedepratique.org\/?p=1227"},"modified":"2021-09-09T20:27:13","modified_gmt":"2021-09-09T19:27:13","slug":"une-experience-de-groupe-danalyse-de-pratiques-professionnelles-hors-institution","status":"publish","type":"post","link":"https:\/\/www.analysedepratique.org\/?p=1227","title":{"rendered":"Une exp\u00e9rience de groupe d\u2019analyse de pratiques professionnelles hors institution"},"content":{"rendered":"<p>&nbsp;<\/p>\n<h3 style=\"text-align: left;\" align=\"center\"><strong><em>Guillaume Villain<\/em><\/strong><\/h3>\n<p><em>Enseignant sp\u00e9cialis\u00e9, Montpellier<\/em><br \/>\n<em><a href=\"mailto:guillos@hotmail.fr\">guillos[arobase]hotmail.fr<\/a><\/em><\/p>\n<p>&nbsp;<\/p>\n<h4><i>R\u00e9sum\u00e9<\/i><\/h4>\n<p style=\"text-align: justify;\">Cet article retrace la cr\u00e9ation d\u2019un groupe d\u2019analyse de pratiques professionnelles, hors institution. Il s\u2019agit de t\u00e9moigner de l\u2019histoire commune d\u2019un groupe qui rassemble des enseignants d\u2019\u00e9tablissements et de niveaux d\u2019enseignement diff\u00e9rents. L\u2019article montre le cheminement, l\u2019accompagnement qui permet \u00e0 ce groupe de devenir rapidement autonome, sans \u00ab\u00a0expert\u00a0\u00bb, en m\u00eame temps qu\u2019il d\u00e9crit la modalit\u00e9 utilis\u00e9e, le groupe de formation \u00e0 l\u2019analyse de pratiques professionnelles (GFAPP), et qu\u2019il expose les questions rencontr\u00e9es, en particulier dans l\u2019animation, au cours de ce travail, de cette co-formation accompagnante.<\/p>\n<h5><em>Mots-cl\u00e9s\u00a0<\/em><\/h5>\n<p>accompagnement, animation, autonomie, GFAPP<\/p>\n<h5><em>Cat\u00e9gorie d&rsquo;article\u00a0<\/em><\/h5>\n<p>T\u00e9moignage<\/p>\n<h5><em>R\u00e9f\u00e9rencement\u00a0<\/em><\/h5>\n<p>Villain, G. (2014). Une exp\u00e9rience de groupe d\u2019analys\u00e9 de pratiques professionnelles hors institution. In\u00a0<em>Revue de l\u2019analyse de pratiques professionnelles<\/em>, 3, pp 37-43. http:\/\/www.analysedepratique.org\/?p=1227.<\/p>\n<hr class=\"shortcode hr light-gray\" style=\"border-width:1px;\" \/>\n<a href=\"http:\/\/www.analysedepratique.org\/wp-content\/uploads\/guillaume-villain-revue-app-juin2014.pdf\"><img loading=\"lazy\" decoding=\"async\" class=\"alignleft\" src=\"https:\/\/www.analysedepratique.org\/wp-content\/uploads\/download-icon.png\" alt=\"download-icon\" width=\"24\" height=\"29\" \/><\/a><br \/>\n<a href=\"http:\/\/www.analysedepratique.org\/wp-content\/uploads\/guillaume-villain-revue-app-juin2014.pdf\">Article en PDF<\/a>\u00a0\u00a0\u00a0 \u00a0\u00a0 \u00a0\u00a0 \u00a0\u00a0 <a href=\"#co\"><img loading=\"lazy\" decoding=\"async\" src=\"https:\/\/www.analysedepratique.org\/wp-content\/uploads\/et-info-comment.png\" alt=\"et-info-comment\" width=\"30\" height=\"31\" \/><\/a>\u00a0<a href=\"#co\">Commentaires<\/a><br \/>\n<hr class=\"shortcode hr light-gray\" style=\"border-width:1px;\" \/>\n<p>&nbsp;<\/p>\n<p style=\"text-align: justify;\">[toc]<\/p>\n<p style=\"text-align: justify;\">L&rsquo;un des dangers de notre m\u00e9tier d\u2019enseignant est la solitude \u00e0 la fois physique (seul adulte en classe), psychologique et intellectuelle (seul dans nos r\u00e9flexions). Nous avan\u00e7ons souvent accompagn\u00e9s par le doute professionnel qui se m\u00eale parfois au doute personnel. Le groupe par ses questions, ses hypoth\u00e8ses nous aide individuellement et collectivement \u00e0 contenir \u00e0 sa juste place le doute n\u00e9cessaire tout en d\u00e9veloppant une capacit\u00e9 d&rsquo;analyse plus juste et plus professionnelle permettant ou favorisant la compr\u00e9hension de nos v\u00e9cus professionnels.<\/p>\n<h4 style=\"text-align: justify;\"><strong>1. Le lancement<\/strong><\/h4>\n<p style=\"text-align: justify;\">Confront\u00e9 \u00e0 des difficult\u00e9s professionnelles, j\u2019ai cherch\u00e9 comment aborder cela avec des coll\u00e8gues qui eux aussi rencontraient des difficult\u00e9s. Apr\u00e8s une exp\u00e9rience peu concluante avec une \u00ab experte \u00bb, j\u2019ai propos\u00e9 \u00e0 mes coll\u00e8gues de se lancer dans un groupe de formation \u00e0 l\u2019analyse de pratiques professionnelles (GFAPP)<sup class='footnote'><a href='#fn-1227-1' id='fnref-1227-1' onclick='return fdfootnote_show(1227)'>1<\/a><\/sup>. Vu l\u2019impossibilit\u00e9 de trouver ou de cr\u00e9er un tel dispositif dans le cadre de la formation continue, j\u2019ai demand\u00e9 \u00e0 Patrick Robo s\u2019il acceptait de nous aider \u00e0 mettre en \u0153uvre un GFAPP hors institution. Il accepta. En octobre 2013, notre groupe entame sa deuxi\u00e8me ann\u00e9e de vie\u2026<\/p>\n<p style=\"text-align: justify;\">L\u2019exp\u00e9rience que j&rsquo;avais de mon m\u00e9tier d&rsquo;enseignant sp\u00e9cialis\u00e9 en EREA<sup class='footnote'><a href='#fn-1227-2' id='fnref-1227-2' onclick='return fdfootnote_show(1227)'>2<\/a><\/sup> peut se r\u00e9sumer en une phrase\u00a0qui sans cesse orientait mon travail en classe\u00a0: la p\u00e9dagogie est soumise \u00e0 la vie de la classe. Sans en faire une v\u00e9rit\u00e9 absolue et la seule variable du m\u00e9tier d\u2019enseignant, dans mon travail j\u2019ai bien plus \u00e9t\u00e9 confront\u00e9 aux interactions \u00e9l\u00e8ve(s)-\u00e9l\u00e8ve(s) ou \u00e9l\u00e8ve(s)-adulte(s) qu&rsquo;aux contraintes d\u2019une programmation tr\u00e8s pr\u00e9cise du d\u00e9roulement d&rsquo;une s\u00e9ance. Un jour je fus confront\u00e9 \u00e0 une situation de crise\u00a0; bouscul\u00e9 physiquement par des \u00e9l\u00e8ves je n&rsquo;ai pas trouv\u00e9 dans l&rsquo;encadrement de l\u2019\u00e9tablissement ni un soutien, ni une r\u00e9ponse adapt\u00e9e au ressenti personnel de ce v\u00e9cu d\u00e9sagr\u00e9able. N&rsquo;\u00e9tant pas le seul \u00e0 vivre des situations violentes dans cet \u00e9tablissement, d&rsquo;autres enseignants cherchaient comme moi un soutien que la direction n&rsquo;apportait pas.<\/p>\n<p style=\"text-align: justify;\">Face \u00e0 nos difficult\u00e9s, nous avons commenc\u00e9 par nous r\u00e9unir chez les uns, chez les autres. Ces premiers moments ont permis d&rsquo;\u00e9vacuer beaucoup de tensions et de nous rapprocher. Mais il manquait quelque chose \u00e0 ces temps d&rsquo;\u00e9changes. Je ressortais sans projets, sans avoir r\u00e9solu mes probl\u00e8mes. Que faire\u00a0? Nous avons tent\u00e9 diff\u00e9rentes solutions : formation par une personne ext\u00e9rieure \u00e0 l&rsquo;Education nationale, formation interne \u00e0 l&rsquo;Education nationale&#8230; Dans un cas la personne semblait avoir des comptes \u00e0 r\u00e9gler, dans l&rsquo;autre les intervenants \u00e9taient \u00ab\u00a0coinc\u00e9s\u00a0\u00bb entre une \u00e9quipe sous tension et une direction absente.<\/p>\n<p style=\"text-align: justify;\">Dans ce groupe, j&rsquo;ai senti que certains seraient sensibles \u00e0 une r\u00e9flexion plus riche sur nos exp\u00e9riences, \u00e0 une mise en commun. Les \u00e9changes que nous avions portaient sur le m\u00e9tier, notre observation des \u00e9v\u00e9nements, une analyse s\u00e9rieuse de ces derniers. Je leur ai parl\u00e9 des GFAPP<sup class='footnote'><a href='#fn-1227-3' id='fnref-1227-3' onclick='return fdfootnote_show(1227)'>3<\/a><\/sup>. J&rsquo;avais exp\u00e9riment\u00e9 les GFAPP lors de ma formation d&rsquo;enseignant sp\u00e9cialis\u00e9 et je connaissais par ailleurs Patrick Robo lui-m\u00eame formateur \u00e0 l\u2019animation de GFAPP. Ils ont \u00e9t\u00e9 d\u2019accord pour se lancer dans cette d\u00e9marche et nous avons donc d\u00e9marr\u00e9 cette aventure hors de l\u2019institution scolaire vu qu\u2019il \u00e9tait impossible d\u2019avoir, dans le cadre de notre formation continue, ce type d\u2019accompagnement.<\/p>\n<p style=\"text-align: justify;\">Il nous fallut d&rsquo;abord r\u00e9unir un groupe d&rsquo;environ douze personnes que l&rsquo;on contacta\u00a0: des coll\u00e8gues de l&rsquo;EREA et d&rsquo;autres \u00e9tablissements, des coll\u00e8gues suivant la formation du Certificat d\u2019aptitude professionnelle pour les aides sp\u00e9cialis\u00e9es, les enseignements adapt\u00e9s et la scolarisation des \u00e9l\u00e8ves en situation de handicap (CAPASH), et des contacts de Patrick. Puis vint le premier GFAPP.Accompagn\u00e9 par Patrick nous pr\u00eemes connaissance tous ensemble des implications individuelles et collectives et du contrat moral qui nous liait (assiduit\u00e9, confidentialit\u00e9, respect).Les premiers GFAPP furent riches car nombre d&rsquo;entre nous avions des situations critiques \u00e0 exposer. Nous p\u00fbmes prendre conscience de la lourdeur de nos \u00ab\u00a0bagages\u00a0\u00bb charg\u00e9s d&rsquo;exp\u00e9riences \u00e0 la fois complexes, riches, douloureuses et parfois difficiles \u00e0 partager.<\/p>\n<p style=\"text-align: justify;\">Pourquoi alors les avoir partag\u00e9es\u00a0? Tout d&rsquo;abord, tr\u00e8s rapidement un climat de confiance s\u2019est install\u00e9. Les CEMEA<sup class='footnote'><a href='#fn-1227-4' id='fnref-1227-4' onclick='return fdfootnote_show(1227)'>4<\/a><\/sup> du Languedoc Roussillon nous avaient propos\u00e9 une salle disponible le soir \u00e0 titre gracieux car nous \u00e9tions dans une d\u00e9marche de r\u00e9flexion professionnelle<sup class='footnote'><a href='#fn-1227-5' id='fnref-1227-5' onclick='return fdfootnote_show(1227)'>5<\/a><\/sup>. Il nous a paru \u00e9vident que ce lieu et les participants permettaient\u00a0 d\u2019exposer ces analyses en toute confiance. Le lieu \u00e9tait hors institution. La fa\u00e7on dont les uns et les autres intervenaient, posaient les questions, se regardaient \u00e9taient autant d&rsquo;indicateurs rassurants. Ensuite le cadre du GFAPP en lui-m\u00eame, propos\u00e9 par Patrick, garantissait la protection de l&rsquo;int\u00e9grit\u00e9 de chacun.<\/p>\n<p style=\"text-align: justify;\">Chaque mois, nous nous retrouvions volontairement, apr\u00e8s le travail, de 19h \u00e0 22h, parfois 23h, pour mettre en commun et \u00e9clairer une situation nouvelle expos\u00e9e par l&rsquo;un d&rsquo;entre nous. Chaque GFAPP venait enrichir le pr\u00e9c\u00e9dent. Il y eut des moments de tensions o\u00f9 des prises de paroles ont \u00e9t\u00e9 discut\u00e9es car mal ressenties par certains. Le cadre permettait alors des \u00e9changes \u00e0 la fois sinc\u00e8res, sereins et constructifs pour la suite.Les deux premi\u00e8res s\u00e9ances de GFAPP furent accompagn\u00e9es par Patrick avec l\u2019objectif de rendre le groupe autonome assez rapidement.<\/p>\n<h4 style=\"text-align: justify;\"><strong>2. La premi\u00e8re s\u00e9ance pilot\u00e9e<\/strong><\/h4>\n<p style=\"text-align: justify;\">Patrick a anim\u00e9 seul la s\u00e9ance apr\u00e8s nous avoir distribu\u00e9 des documents reprenant le d\u00e9roul\u00e9 d&rsquo;une s\u00e9ance. En suivant les diff\u00e9rentes \u00e9tapes, nous pouvions anticiper. Ces \u00e9tapes sont\u00a0:<br \/>\n&#8211; quoi de neuf,<br \/>\n&#8211; \u00e9mergence et choix du sujet,<br \/>\n&#8211; expos\u00e9,<br \/>\n&#8211; questions,<br \/>\n&#8211; hypoth\u00e8ses de compr\u00e9hension,<br \/>\n&#8211; conclusion et m\u00e9ta-analyse.<\/p>\n<p style=\"text-align: justify;\">L&rsquo;\u00e9tape du quoi de neuf est essentielle car elle permet \u00e0 chacun et au groupe d&rsquo;entrer progressivement dans une posture d&rsquo;\u00e9change, d&rsquo;\u00e9coute, d\u2019empathie. Le calme et la concentration s&rsquo;installent lors de cette \u00e9tape. Les diff\u00e9rentes \u00e9tapes qui suivent d\u00e9pendent pour beaucoup de celle-ci. Un groupe agit\u00e9 perdrait en efficacit\u00e9, en disponibilit\u00e9 et la s\u00e9ance pourrait devenir lourde, son issue frustrante car inaboutie.<\/p>\n<p style=\"text-align: justify;\">Ensuite, un temps relativement court permet de choisir la situation qui sera pr\u00e9sent\u00e9e. Chacun, s\u2019il le souhaite, propose librement sous forme d&rsquo;un titre court son sujet. Seuls ceux qui ont une proposition discutent ensemble de l&rsquo;opportunit\u00e9 de pr\u00e9senter la leur ou pas. Rapidement, entre ceux qui se retirent et les \u00e9changes qui s\u2019en suivent, une situation est retenue par les proposants.<\/p>\n<p style=\"text-align: justify;\">Commence alors la pr\u00e9sentation par l&rsquo;exposant de sa situation telle qui l&rsquo;a v\u00e9cue. Il a entre 5 et 10 minutes, temps \u00e0 la fois court et long. Court si l\u2019exposant \u00e0 tendance \u00e0 parler. Long car parfois ce qu&rsquo;il a \u00e0 dire est dit en quelques phrases. Mais il n\u2019y a aucune obligation de meubler s\u2019il reste du temps.<\/p>\n<p style=\"text-align: justify;\">\u00c0 l&rsquo;issue de cette pr\u00e9sentation, le groupe pose des questions \u00e0 l&rsquo;exposant. Il doit se garder dans ses formulations d&rsquo;induire dans la question une forme de jugement ou de r\u00e9ponse attendue, voire de conseil. L&rsquo;exposant r\u00e9pond librement et peut ne pas r\u00e9pondre s&rsquo;il le souhaite.<\/p>\n<p style=\"text-align: justify;\">Suite aux questions, le groupe est amen\u00e9 \u00e0 \u00e9mettre des hypoth\u00e8ses de compr\u00e9hension. Ce temps permet \u00e0 l&rsquo;exposant de prendre du recul en gardant le silence et en \u00e9coutant le travail de r\u00e9flexion du groupe. Les hypoth\u00e8ses doivent uniquement concerner l&rsquo;amont et le temps de la situation expos\u00e9e. Elles ne doivent pas comporter de jugement ou d&rsquo;avis sur l&rsquo;exposant, ni de conseils, de solutions. Bien souvent, nous utilisions l\u2019adresse \u00ab\u00a0<em>J\u2019\u00e9mets l\u2019hypoth\u00e8se que&#8230;<\/em>\u00a0\u00bb facilitant ainsi la formulation qui suit. Cette partie permet d&rsquo;envisager encore une fois la situation sous diff\u00e9rents angles\u00a0: l&rsquo;exposant, le ou les acteurs impliqu\u00e9s, le cadre, l&rsquo;absence de l&rsquo;un ou de l&rsquo;autre, la famille, l&rsquo;institution, etc.<\/p>\n<p style=\"text-align: justify;\">\u00c0 l&rsquo;issue de cette partie, l&rsquo;exposant, s\u2019il le souhaite, reprend la parole pour dire ce qu\u2019il veut, par exemple pour faire part de ce que les hypoth\u00e8ses et les questions ont \u00e9voqu\u00e9 chez lui, dans sa r\u00e9flexion et le regard enrichi port\u00e9 sur la situation par le groupe. Il peut aussi garder le silence. Garder le silence est particulier. Cela peut venir d&rsquo;un besoin de temps pour assimiler l&rsquo;ensemble. Peut-\u00eatre que certaines paroles ont \u00e9t\u00e9 troublantes et demandent du temps pour verbaliser\u00a0? Souvent, le quoi de neuf du GFAPP suivant sera l&rsquo;occasion de partager tout cela.<\/p>\n<p style=\"text-align: justify;\">Ici s\u2019arr\u00eate l&rsquo;analyse d\u2019une pratique en tant que telle. Le groupe en profite pour se d\u00e9lasser, fumer une cigarette, manger un g\u00e2teau, d\u00e9compresser&#8230;<\/p>\n<p style=\"text-align: justify;\">Vient ensuite le temps de l&rsquo;analyse de la s\u00e9ance, le temps de la m\u00e9ta-analyse.Pendant l\u2019analyse de la situation, des volontaires avaient observ\u00e9 l&rsquo;animation, le cadre, les th\u00e8mes abord\u00e9s lors des questions et des hypoth\u00e8ses, l\u2019utilisation de la multir\u00e9f\u00e9rentialit\u00e9. Lors de nos \u00e9changes au cours de cette m\u00e9ta-analyse \u00e0 l\u2019issue de cette premi\u00e8re s\u00e9ance, l&rsquo;appui des observations a permis \u00e0 la fois d&rsquo;objectiver notre ressenti mais aussi de prendre conscience des approches que nous avions favoris\u00e9es. La richesse du groupe appara\u00eet particuli\u00e8rement ici. La diversit\u00e9 d\u00e9pend des parcours personnels des participants. Il me semble qu&rsquo;avoir des participants d\u2019horizons divers apporte au groupe des regards et des points de vue enrichissants. L&rsquo;analyse de l&rsquo;animation, crois\u00e9e entre nos ressentis et l&rsquo;analyse constante des observateurs, fut la premi\u00e8re marche vers une future prise en main par le groupe.<\/p>\n<h4 style=\"text-align: justify;\"><strong>3. La deuxi\u00e8me s\u00e9ance co-pilot\u00e9e<\/strong><\/h4>\n<p style=\"text-align: justify;\">La deuxi\u00e8me s\u00e9ance fut co-anim\u00e9e par moi-m\u00eame et Patrick. J&rsquo;avais d\u00e9j\u00e0 v\u00e9cu lors de ma formation d&rsquo;enseignant sp\u00e9cialis\u00e9 \u00e0 l&rsquo;IUFM<sup class='footnote'><a href='#fn-1227-6' id='fnref-1227-6' onclick='return fdfootnote_show(1227)'>6<\/a><\/sup> une animation de groupe d\u2019analyse de pratiques professionnelles. Une grande partie de la r\u00e9ussite d&rsquo;une s\u00e9ance repose sur la pr\u00e9paration. Il est n\u00e9cessaire de penser le cadre, de pr\u00e9voir les diff\u00e9rents r\u00f4les de chacun pour que le groupe rentre dans l&rsquo;analyse parfaitement concentr\u00e9 et disponible. Les responsabilit\u00e9s sont donc celles des diff\u00e9rents postes\u00a0: animation du \u00ab\u00a0Quoi de neuf\u00a0?\u00a0\u00bb, animation du temps d\u2019analyse de pratiques professionnelles, observation du fonctionnement du groupe en analyse de pratiques\u00a0; mais il faut aussi penser aux boissons, au grignotage et \u00e9ventuellement s&rsquo;assurer qu&rsquo;un lieu sera disponible et accessible le jour dit.Une fois tout cela pens\u00e9, il est possible de d\u00e9marrer l&rsquo;analyse.<\/p>\n<p style=\"text-align: justify;\">Je fus donc accompagn\u00e9 par Patrick pour cette deuxi\u00e8me s\u00e9ance. Je mesurais toute la difficult\u00e9 qu&rsquo;il y a \u00e0 engager un groupe, m\u00eame convaincu, dans une pratique d&rsquo;analyse. L&rsquo;une des principales difficult\u00e9s r\u00e9side dans la capacit\u00e9 \u00e0 tenir le cadre tout en laissant la libert\u00e9 au groupe de s&rsquo;exprimer. Autre difficult\u00e9, animer demande une implication qui r\u00e9duit la capacit\u00e9 \u00e0 participer \u00e0 l\u2019analyse proprement dite. Certainement, apr\u00e8s\u00a0 quelques animations, un animateur peut \u00e0 la fois animer et participer \u00e0 l\u2019analyse. Mais au d\u00e9but il m&rsquo;a sembl\u00e9 plus important de donner au groupe la possibilit\u00e9 d\u2019avoir le cadre n\u00e9cessaire plut\u00f4t que d&rsquo;apporter mes r\u00e9flexions. Enfin, lorsqu\u2019un coll\u00e8gue sort du cadre sur une question ou une hypoth\u00e8se, le r\u00f4le de l\u2019animateur est aussi de garantir \u00e0 l&rsquo;exposant une s\u00e9curit\u00e9. M\u00eame s\u2019il est convenu que chacun est co-responsable et peut \u00e0 tout moment intervenir dans ce sens, l&rsquo;animateur a, me semble-t-il, une place essentielle dans le bon d\u00e9roulement des \u00e9changes. L&rsquo;animateur doit alors \u00eatre diplomate. Mal intervenir pourrait bloquer le travail d\u2019analyse. Le coll\u00e8gue exposant pourrait se sentir opprim\u00e9, le groupe pourrait ressentir l\u2019intervention comme s\u2019adressant \u00e0 tous, l&rsquo;intervention pourrait amplifier l&rsquo;effet, etc.<\/p>\n<p style=\"text-align: justify;\">La pr\u00e9sence du co-animateur m\u2019a permis de contenir toutes ces \u00ab\u00a0angoisses\u00a0\u00bb et m&rsquo;a donn\u00e9 la fluidit\u00e9 pour engager la s\u00e9ance. Ses interventions pour rappeler certains de mes oublis s&rsquo;inscrivaient parfaitement dans le rythme de la s\u00e9ance et ne me renvoyaient pas un regard n\u00e9gatif. Bien au contraire, je prenais conscience \u00e0 la fois de la difficult\u00e9 qu&rsquo;il y a \u00e0 tout int\u00e9grer et du fait que sa pr\u00e9sence garantissait le bon d\u00e9roulement des \u00e9v\u00e9nements. Il m&rsquo;a sembl\u00e9 que le groupe aussi se sentait rassur\u00e9 par cette co-animation.<\/p>\n<h4 style=\"text-align: justify;\"><strong>4. Les s\u00e9ances suivantes en autonomie<\/strong><\/h4>\n<p style=\"text-align: justify;\">Au cours des s\u00e9ances suivantes, sans Patrick, les animations furent prises en main par des animateurs volontaires. Ainsi chacun put s&rsquo;exercer \u00e0 l&rsquo;animation et faire ainsi tourner l\u2019exp\u00e9rimentation d&rsquo;une responsabilit\u00e9 importante pour le bon fonctionnement de l&rsquo;analyse. Lors de la troisi\u00e8me s\u00e9ance en autonomie, je fus seul \u00e0 l&rsquo;animation. J&rsquo;avoue avoir mal pr\u00e9par\u00e9 celle-ci. Rassur\u00e9 (trop) par la pr\u00e9c\u00e9dente, je crus pouvoir animer sans risque. \u00c0 ma grande d\u00e9ception, les oublis furent nombreux et le bilan en fin de s\u00e9ance me fit prendre conscience des manques ressentis par les participants. M\u00eame si l&rsquo;ensemble s&rsquo;est bien d\u00e9roul\u00e9, les rappels en d\u00e9but de s\u00e9ance ou lors des changements de phases furent oubli\u00e9s ou incomplets. Ces points sont pourtant essentiels. Ils garantissent un fonctionnement dans le cadre et une s\u00e9curit\u00e9 de l&rsquo;exposant incontournable. Il semble que cette exp\u00e9rience partag\u00e9e permit de prendre conscience du r\u00f4le de l&rsquo;animateur, essentiel mais aussi fragile. Un groupe qui remettrait en cause l&rsquo;animation pourrait faire basculer son atmosph\u00e8re, voire l\u2019arr\u00eater. Un animateur trop autoritaire ou inexistant fragiliserait le groupe.<\/p>\n<p style=\"text-align: justify;\">Un autre point important est le retour, en fin d&rsquo;analyse, par les observateurs. Il enrichit la pratique. En particulier la possibilit\u00e9 de prendre conscience des champs multir\u00e9f\u00e9rentiels abord\u00e9s \u00e0 travers les questions et les hypoth\u00e8ses rend compte des points de vue vari\u00e9s ou non des participants. Cette observation me para\u00eet essentielle mais aussi tr\u00e8s d\u00e9licate \u00e0 mener. Elle demande une capacit\u00e9 d\u2019analyse au fil de l&rsquo;eau et une capacit\u00e9 de classement redoutable. Le retour, lorsqu&rsquo;il est bien conduit fait appara\u00eetre les champs en fonction des situations. Une situation rendant compte d&rsquo;une exp\u00e9rience de classe n&rsquo;abordera pas les m\u00eames champs qu&rsquo;une relation entre deux enseignants ou entre un enseignant et sa hi\u00e9rarchie. Cet aspect du GFAPP m\u00e9rite \u00e0 lui seul une r\u00e9flexion. Les outils qu&rsquo;apportent la psychologie, la sociologie et les sciences de l&rsquo;\u00e9ducation, entre autres, permettraient une meilleure compr\u00e9hension des champs abord\u00e9s.<\/p>\n<h4 style=\"text-align: justify;\"><strong>5. Beaucoup reste \u00e0 faire\u2026<\/strong><\/h4>\n<p style=\"text-align: justify;\">Au bout d&rsquo;un an, apr\u00e8s dix s\u00e9ances, il semble que le groupe ait trouv\u00e9 un \u00e9quilibre et une ma\u00eetrise suffisante tout en ayant conscience qu\u2019il est possible de continuer \u00e0 progresser ensemble.Pour moi, pour d&rsquo;autres, ce groupe a permis de rebondir et de reprendre confiance apr\u00e8s des exp\u00e9riences difficiles. Pour ma part, j&rsquo;\u00e9tais \u00e0 un moment de mon parcours professionnel o\u00f9 se posait la question de continuer ou arr\u00eater. Les \u00e9changes m&rsquo;ont confort\u00e9 dans l&rsquo;id\u00e9e que ce m\u00e9tier avait encore beaucoup \u00e0 m&rsquo;offrir. L\u2019analyse que je faisais des situations professionnelles pouvaient encore s&rsquo;enrichir d&rsquo;autres regards. Le GFAPP offre la possibilit\u00e9 de partager et d&rsquo;ouvrir son regard par d&rsquo;autres approches, de lancer une r\u00e9flexion enrichie des autres, du collectif.<\/p>\n<p style=\"text-align: justify;\">Il reste un point essentiel \u00e0 mes yeux. Quand des enseignants d\u00e9cident de construire un groupe d\u2019analyse de pratiques professionnelles hors institution, ils s&rsquo;engagent sur la dur\u00e9e, ils prennent une soir\u00e9e par mois pendant dix mois sur leur vie personnelle, sur leur vie de famille, sur leur temps de repos, sur leur temps de pr\u00e9paration, sur d&rsquo;autres engagements. Ils le font b\u00e9n\u00e9volement et pourtant l&rsquo;institution en est la premi\u00e8re b\u00e9n\u00e9ficiaire. Ce travail rejaillit sur les comp\u00e9tences professionnelles. Il am\u00e9liore la capacit\u00e9 de compr\u00e9hension de situations parfois complexes et permet, me semble-t-il, d&rsquo;\u00e9viter des r\u00e9ponses inappropri\u00e9es. M\u00eame si \u00e0 ce jour les participants s&rsquo;engagent dans ce processus pour des raisons personnelles, une reconnaissance ou une valorisation de cette implication serait l\u00e9gitime.<\/p>\n<p style=\"text-align: justify;\">A l\u2019issue de cette premi\u00e8re ann\u00e9e, je fais le constat que nos GFAPP n\u2019ont pas permis d\u2019aborder la pr\u00e9paration des s\u00e9quences de classe, qui repr\u00e9sente pourtant \u00e0 mes yeux une part essentielle de la pratique p\u00e9dagogique. Quant \u00e0 moi, ce travail d\u2019analyse de pratiques professionnelles a eu une incidence sur mes \u00e9changes avec la communaut\u00e9 scolaire et les diff\u00e9rents acteurs que nous y croisons. Les temps d&rsquo;\u00e9changes pour l\u2019enseignant sp\u00e9cialis\u00e9 sont nombreux et riches. La parole dans ces moments est lourde de cons\u00e9quence lorsqu&rsquo;elle aborde l&rsquo;enfant et ses besoins p\u00e9dagogiques. Le GFAPP m\u2019a aid\u00e9 \u00e0 avoir une posture, un regard plus distanci\u00e9 pour prendre en compte les enjeux propres \u00e0 la situation v\u00e9cue. Du point de vue de la pratique\u00a0 p\u00e9dagogique, j&rsquo;envisage diff\u00e9remment certains temps de classe. Pour autant cela a influ\u00e9 plus sur mon analyse au fil de l&rsquo;eau, les mains dans le cambouis, plut\u00f4t que sur ma r\u00e9flexion lors de la pr\u00e9paration des s\u00e9quences de classe.<\/p>\n<p style=\"text-align: justify;\">Mais peut-\u00eatre ce domaine reste \u00e0 explorer au travers d\u2019autres situations expos\u00e9es lors de la deuxi\u00e8me ann\u00e9e que nous entamons\u2026<\/p>\n<h4 style=\"text-align: justify;\"><strong>R\u00e9f\u00e9rence bibliographique<\/strong><\/h4>\n<p style=\"text-align: justify;\">Robo, P. (sd). <em>Le GFAPP: d\u00e9finition.<\/em><\/p>\n<p>&nbsp;<\/p>\n<div><\/div>\n<div><\/div>\n<div>\n<div><\/div>\n<\/div>\n<a href=\"#\" class=\"shortcode button  \" style=\"background-color: silver;\" target=\"\" onclick=\"\"> Haut de page<\/a>\n<b><\/b><\/p>\n<p>&nbsp;<\/p>\n<h4><strong>Notes<\/strong><\/h4>\n<div class='footnotes' id='footnotes-1227'>\n<div class='footnotedivider'><\/div>\n<ol>\n<li id='fn-1227-1'> Sur les GFAPP, voir <a href=\"https:\/\/www.analysedepratique.org\/?p=3509\">https:\/\/www.analysedepratique.org\/?p=3509<\/a> <span class='footnotereverse'><a href='#fnref-1227-1'>&#8617;<\/a><\/span><\/li>\n<li id='fn-1227-2'> EREA\u00a0: Etablissement R\u00e9gional d\u2019Enseignement Adapt\u00e9. <span class='footnotereverse'><a href='#fnref-1227-2'>&#8617;<\/a><\/span><\/li>\n<li id='fn-1227-3'> GFAPP\u00a0: Groupes de Formation \u00e0 l\u2019Analyse de Pratiques Professionnelles. <span class='footnotereverse'><a href='#fnref-1227-3'>&#8617;<\/a><\/span><\/li>\n<li id='fn-1227-4'> CEMEA\u00a0: Centres d\u2019Entra\u00eenement aux M\u00e9thodes d\u2019Education Active. <span class='footnotereverse'><a href='#fnref-1227-4'>&#8617;<\/a><\/span><\/li>\n<li id='fn-1227-5'> Cette d\u00e9marche est partag\u00e9e par les CEMEA comme par beaucoup d&rsquo;associations compl\u00e9mentaires de l\u2019\u00c9ducation Nationale <span class='footnotereverse'><a href='#fnref-1227-5'>&#8617;<\/a><\/span><\/li>\n<li id='fn-1227-6'> Institut Universitaire de Formation des Ma\u00eetres. <span class='footnotereverse'><a href='#fnref-1227-6'>&#8617;<\/a><\/span><\/li>\n<\/ol>\n<\/div>\n<div id=\"themify_builder_content-1227\" data-postid=\"1227\" class=\"themify_builder_content themify_builder_content-1227 themify_builder themify_builder_front\">\n\n\t<\/div>\n<!-- \/themify_builder_content -->","protected":false},"excerpt":{"rendered":"<p>&nbsp; Guillaume Villain Enseignant sp\u00e9cialis\u00e9, Montpellier guillos[arobase]hotmail.fr &nbsp; R\u00e9sum\u00e9 Cet article retrace la cr\u00e9ation d\u2019un groupe d\u2019analyse de pratiques professionnelles, hors institution. Il s\u2019agit de t\u00e9moigner de l\u2019histoire commune d\u2019un groupe qui rassemble des enseignants d\u2019\u00e9tablissements et de niveaux d\u2019enseignement diff\u00e9rents. L\u2019article montre le cheminement, l\u2019accompagnement qui permet \u00e0 ce groupe de devenir rapidement autonome, [&hellip;]<\/p>\n","protected":false},"author":2,"featured_media":0,"comment_status":"open","ping_status":"open","sticky":false,"template":"","format":"standard","meta":{"_jetpack_newsletter_access":"","_jetpack_dont_email_post_to_subs":false,"_jetpack_newsletter_tier_id":0,"_jetpack_memberships_contains_paywalled_content":false,"_jetpack_memberships_contains_paid_content":false,"footnotes":""},"categories":[114,19],"tags":[42,48,106,107],"class_list":["post-1227","post","type-post","status-publish","format-standard","hentry","category-guillaume-villain","category-10temoignage","tag-accompagnement","tag-animation","tag-autonomie","tag-gfapp","has-post-title","no-post-date","has-post-category","has-post-tag","has-post-comment","has-post-author"],"jetpack_featured_media_url":"","jetpack_shortlink":"https:\/\/wp.me\/p3VXfJ-jN","jetpack_sharing_enabled":true,"_links":{"self":[{"href":"https:\/\/www.analysedepratique.org\/index.php?rest_route=\/wp\/v2\/posts\/1227","targetHints":{"allow":["GET"]}}],"collection":[{"href":"https:\/\/www.analysedepratique.org\/index.php?rest_route=\/wp\/v2\/posts"}],"about":[{"href":"https:\/\/www.analysedepratique.org\/index.php?rest_route=\/wp\/v2\/types\/post"}],"author":[{"embeddable":true,"href":"https:\/\/www.analysedepratique.org\/index.php?rest_route=\/wp\/v2\/users\/2"}],"replies":[{"embeddable":true,"href":"https:\/\/www.analysedepratique.org\/index.php?rest_route=%2Fwp%2Fv2%2Fcomments&post=1227"}],"version-history":[{"count":21,"href":"https:\/\/www.analysedepratique.org\/index.php?rest_route=\/wp\/v2\/posts\/1227\/revisions"}],"predecessor-version":[{"id":4914,"href":"https:\/\/www.analysedepratique.org\/index.php?rest_route=\/wp\/v2\/posts\/1227\/revisions\/4914"}],"wp:attachment":[{"href":"https:\/\/www.analysedepratique.org\/index.php?rest_route=%2Fwp%2Fv2%2Fmedia&parent=1227"}],"wp:term":[{"taxonomy":"category","embeddable":true,"href":"https:\/\/www.analysedepratique.org\/index.php?rest_route=%2Fwp%2Fv2%2Fcategories&post=1227"},{"taxonomy":"post_tag","embeddable":true,"href":"https:\/\/www.analysedepratique.org\/index.php?rest_route=%2Fwp%2Fv2%2Ftags&post=1227"}],"curies":[{"name":"wp","href":"https:\/\/api.w.org\/{rel}","templated":true}]}}