{"id":1103,"date":"2014-02-01T16:08:32","date_gmt":"2014-02-01T15:08:32","guid":{"rendered":"http:\/\/www.analysedepratique.org\/?p=1103"},"modified":"2021-09-04T13:01:15","modified_gmt":"2021-09-04T12:01:15","slug":"lamy","status":"publish","type":"post","link":"https:\/\/www.analysedepratique.org\/?p=1103","title":{"rendered":"Quels liens entre l&rsquo;Entretien d&rsquo;Explicitation (EDE) et les analyses de pratiques professionnelles (APP) en groupe ?"},"content":{"rendered":"<p>&nbsp;<\/p>\n<h3 style=\"text-align: left;\" align=\"center\"><strong><em>Maurice Lamy<\/em><\/strong><\/h3>\n<p><em>Professeur \u2013 formateur \u00e0 la retraite, 79190 Limalonges<br \/>\n<\/em><a href=\"mailto:maurice.lamy@wanadoo.fr\"><em style=\"font-size: 13px; line-height: 19px;\">maurice.lamy[araobase]wanadoo.fr<\/em><\/a><\/p>\n<h4><i>R\u00e9sum\u00e9<\/i><\/h4>\n<p style=\"text-align: justify;\">L\u2019article<sup class='footnote'><a href='#fn-1103-1' id='fnref-1103-1' onclick='return fdfootnote_show(1103)'>1<\/a><\/sup>\u00a0tente d\u2019apporter des rep\u00e8res fonctionnels venus des techniques d\u2019explicitation dans l\u2019animation des dispositifs d\u2019analyse de pratiques en groupe. Il tente aussi de mettre en \u00e9vidence, lors du fonctionnement de ces dispositifs, la diff\u00e9rence \u00e0 op\u00e9rer entre une analyse de situations et une analyse de pratiques. Il pr\u00e9sente enfin une approche tr\u00e8s concr\u00e8te de la fa\u00e7on dont ces rep\u00e8res, venus de l\u2019explicitation, peuvent \u00eatre d\u00e9volus aux participants afin d\u2019atteindre v\u00e9ritablement la verbalisation par un sujet, de ses pratiques.<\/p>\n<h5><em>Mots-cl\u00e9s\u00a0<\/em><\/h5>\n<p>situation, groupe, grille d\u2019\u00e9coute, entretien, explicitation<\/p>\n<h5><em>Cat\u00e9gorie d&rsquo;article\u00a0<\/em><\/h5>\n<p>Texte de r\u00e9flexion en lien avec des pratiques\u00a0; exp\u00e9rience pratique\u00a0; t\u00e9moignage<\/p>\n<h5><em>R\u00e9f\u00e9rencement\u00a0<\/em><\/h5>\n<p>Lamy, M. (2014). Quels liens entre l&rsquo;Entretien d&rsquo;Explicitation (EDE) et les analyses de pratiques professionnelles (APP) en groupe ? In\u00a0<i>Revue de l\u2019analyse de pratiques professionnelles,\u00a0<\/i>2, pp 50-58.\u00a0http:\/\/www.analysedepratique.org\/?p=?p=1103.<\/p>\n<hr class=\"shortcode hr light-gray\" style=\"border-width:1px;\" \/>\n<a href=\"http:\/\/www.analysedepratique.org\/wp-content\/uploads\/maurice-lamy-revue-app-fevrier2014.pdf\"><img loading=\"lazy\" decoding=\"async\" class=\"alignleft\" src=\"https:\/\/www.analysedepratique.org\/wp-content\/uploads\/download-icon.png\" alt=\"download-icon\" width=\"24\" height=\"29\" \/><\/a><br \/>\n<a href=\"http:\/\/www.analysedepratique.org\/wp-content\/uploads\/maurice-lamy-revue-app-fevrier20141.pdf\">Article en PDF<\/a>\u00a0 \u00a0\u00a0 \u00a0\u00a0 \u00a0\u00a0 <a href=\"#co\"><img loading=\"lazy\" decoding=\"async\" src=\"https:\/\/www.analysedepratique.org\/wp-content\/uploads\/et-info-comment.png\" alt=\"et-info-comment\" width=\"30\" height=\"31\" \/><\/a>\u00a0<a href=\"#co\">Commentaires<\/a><br \/>\n<hr class=\"shortcode hr light-gray\" style=\"border-width:1px;\" \/>\n<p>&nbsp;<\/p>\n<p style=\"text-align: justify;\">[toc]<\/p>\n<p style=\"text-align: justify;\">Lors d\u2019une \u00abjourn\u00e9e p\u00e9dagogique\u00bb au sein de l\u2019Association GREX<sup class='footnote'><a href='#fn-1103-2' id='fnref-1103-2' onclick='return fdfootnote_show(1103)'>2<\/a><\/sup>, il fut \u00e9voqu\u00e9, entre autres choses, le lien entre l&rsquo;analyse de pratiques et l&rsquo;entretien d&rsquo;explicitation. Le sens exact de la question pos\u00e9e \u00e9tait : <b>\u00ab\u00a0<i>Que peut apporter l&rsquo;explicitation \u00e0 l&rsquo;analyse de pratiques ?\u00a0\u00bb<\/i><\/b>. Par cet \u00e9crit je voudrais formaliser ce que j&rsquo;ai signal\u00e9 tr\u00e8s bri\u00e8vement lors de mon intervention sur ce sujet.<\/p>\n<p style=\"text-align: justify;\">En pr\u00e9ambule je voudrais dire que la pratique de l\u2019explicitation n\u2019est nullement obligatoire pour \u00ab\u00a0faire\u00a0\u00bb de l\u2019analyse de pratiques et particuli\u00e8rement en groupe, mais qu&rsquo;elle y contribue de mani\u00e8re efficiente.<\/p>\n<p style=\"text-align: justify;\">Si le lien entre l&rsquo;entretien d&rsquo;explicitation et l&rsquo;entretien de formation (et \/ ou) d&rsquo;accompagnement est \u00e9vident dans les situations duales utilisant la posture d&rsquo;aide \u00e0 l&rsquo;analyse de pratiques, il n&rsquo;en est pas de m\u00eame pour les dispositifs dits d&rsquo;analyses de pratiques en groupe. A noter que les situations duales d&rsquo;entretien permettent de r\u00e9investir compl\u00e8tement la posture et les modes d&rsquo;accompagnement apport\u00e9s par les techniques de l&rsquo;explicitation (Vermersch, 2005), m\u00eame si le travail du sujet \u00ab\u00a0en \u00e9vocation\u00a0\u00bb, n&rsquo;y est utilis\u00e9 que de fa\u00e7on tr\u00e8s discontinue. Lorsqu&rsquo;il s&rsquo;agit d&rsquo;un travail en groupe, le r\u00e9investissement de la technique de l&rsquo;explicitation ne va pas de soi et cela m&rsquo;am\u00e8ne \u00e0 distinguer plusieurs cas, notamment du point de vue de la posture de l\u2019animateur dans le fonctionnement de ces groupes.<\/p>\n<h4 style=\"text-align: justify;\"><b>1. Le cas des groupes d&rsquo;analyse de pratiques, conduits par un expert<\/b><\/h4>\n<p style=\"text-align: justify;\">Ce sont les groupes o\u00f9 l\u2019animateur, le meneur de jeu, est en m\u00eame temps \u00ab\u00a0le questionneur\u00a0\u00bb des situations propos\u00e9es par les participants. Dans cette configuration, s&rsquo;installent entre l&rsquo;animateur et tel ou tel participant du groupe des \u00abdiagonales de communication\u00bb privil\u00e9giant pendant un temps plus ou moins long, un dialogue\u00a0 animateur \/ participant. Il est alors \u00e9vident que dans ce cas, si l&rsquo;animateur du groupe est form\u00e9 \u00e0 l&rsquo;explicitation, il utilisera tout ou partie de cette technique pour rendre son questionnement plus pertinent et amener ainsi, indirectement, les autres participants \u00e0 une r\u00e9flexivit\u00e9 accrue sur leurs pratiques. Et cela, m\u00eame si les participants ne sont pas, eux, form\u00e9s aux techniques d&rsquo;aide par l&rsquo;explicitation, parce que dans ce cas, c\u2019est lui, l\u2019animateur, l\u2019expert, qui m\u00e8ne le questionnement du groupe.<\/p>\n<p style=\"text-align: justify;\">C&rsquo;est l\u00e0 le mode de travail \u00a0de certains animateurs, experts en explicitation, dans des groupes d&rsquo;analyse de pratiques. Je n&rsquo;y reviendrai pas.<\/p>\n<h4 style=\"text-align: justify;\"><b>2. Le cas des dispositifs d\u2019analyse de situations<\/b><\/h4>\n<p style=\"text-align: justify;\">Dans les dispositifs tels que le GEASE (<b>G<\/b>roupe d&rsquo;<b>E<\/b>ntra\u00eenement \u00e0 l&rsquo;<b>A<\/b>nalyse de <b>S<\/b>ituations <b>E<\/b>ducatives)<sup class='footnote'><a href='#fn-1103-3' id='fnref-1103-3' onclick='return fdfootnote_show(1103)'>3<\/a><\/sup>, ou son d\u00e9riv\u00e9 le GEASP (<b>G<\/b>roupe d&rsquo;<b>E<\/b>ntra\u00eenement \u00e0 l&rsquo;<b>A<\/b>nalyse de <b>S<\/b>ituations <b>P<\/b>rofessionnelles), il en va diff\u00e9remment. D&rsquo;abord, comme son appellation l\u2019indique, il s&rsquo;agit de <b>groupes d&rsquo;entra\u00eenement<\/b>, compos\u00e9s le plus souvent de novices en formation \u00e0 l&rsquo;analyse de pratiques. Parfois aussi, ces groupes sont constitu\u00e9s de praticiens exp\u00e9riment\u00e9s, utilisant les cadres du GEASE\u00a0\/ GEASP qu\u2019ils connaissent et ma\u00eetrisent bien, mais cela ne change rien \u00e0 mon propos.<\/p>\n<p style=\"text-align: justify;\">Dans ces groupes, au-del\u00e0 d&rsquo;un int\u00e9r\u00eat \u00e9vident pour les contenus apport\u00e9s par le travail sur les situations pr\u00e9sent\u00e9es, il y a un <b>enjeu formatif<\/b> tout aussi important : celui <b>d&rsquo;amener les participants \u00e0 s&rsquo;approprier progressivement la posture des experts<\/b> <b>dans le questionnement<\/b>. C&rsquo;est-\u00e0-dire qu&rsquo;un des buts de ce travail, c&rsquo;est <b>d&rsquo;entra\u00eener les participants<\/b> <b>\u00e0 d\u00e9velopper d\u2019abord des qualit\u00e9s d&rsquo;\u00e9coute, ainsi qu\u2019une posture particuli\u00e8re pour questionner et d\u00e9velopper aussi\u00a0 leur capacit\u00e9 \u00e0 proposer.<\/b> Nous sommes dans un cas de d\u00e9volution des outils et des capacit\u00e9s \u00e0 analyser, en vue de <b>d\u00e9velopper chez les sujets le \u00ab\u00a0Savoir-Analyser\u00a0\u00bb<\/b>, comme le pr\u00e9conise Marguerite Altet (1994). En raison de cet objectif, ce sont donc les participants eux-m\u00eames du groupe qui vont devoir questionner, avec l\u2019aide de l\u2019animateur, un narrateur (un \u00abA\u00bb)<sup class='footnote'><a href='#fn-1103-4' id='fnref-1103-4' onclick='return fdfootnote_show(1103)'>4<\/a><\/sup>\u00a0volontaire. Or, les participants ne sont pas n\u00e9cessairement form\u00e9s \u00e0 l&rsquo;explicitation\u2026\u00a0 Ils ne le sont d&rsquo;ailleurs que tr\u00e8s rarement.<\/p>\n<p style=\"text-align: justify;\">Ensuite, autre point important selon moi, ces dispositifs permettent avant tout <b>de faire de l&rsquo;analyse de situations<\/b> et <b>pas directement de l&rsquo;analyse de pratiques<\/b>. Dire qu&rsquo;il s&rsquo;agit d&rsquo;un travail \u00abd&rsquo;analyse de pratiques\u00bb, c&rsquo;est \u00e0 mon sens, abusif. En effet, le groupe va aider \u00e0 <b>l&rsquo;\u00e9lucidation <\/b>(analyse)<b> d&rsquo;une situation<\/b> propos\u00e9e par un narrateur \u00ab\u00a0A\u00a0\u00bb, situation \u00e0 \u00abl&rsquo;int\u00e9rieur\u00bb de laquelle, le \u00ab\u00a0A\u00a0\u00bb narrateur, a forc\u00e9ment men\u00e9 des actions, des actes, que ce soit des actions mat\u00e9rialis\u00e9es, mentales ou posturales&#8230; Il a n\u00e9cessairement agi, professionnellement parlant\u00a0: il y a donc de \u00abla pratique\u00bb dans cette situation. Mais cette pratique, si elle est bien contenue, enrob\u00e9e, enferm\u00e9e dans la situation, n&rsquo;est pas directement accessible aux personnes ext\u00e9rieures. Je dirais m\u00eame qu&rsquo;elle repr\u00e9sente la partie des informations fournies par le \u00ab\u00a0A\u00a0\u00bb la plus difficile \u00e0 obtenir. Celui-ci d\u00e9crit spontan\u00e9ment essentiellement le contexte de sa situation, dit ce qu&rsquo;il en pense, mais ne dit que tr\u00e8s peu ce qu&rsquo;il a fait, ou bien il le dit indirectement \u00e0 travers ce qu&rsquo;il pense de ce qu&rsquo;il a fait (commentaires, jugements sur son action)\u2026 De m\u00eame, toujours spontan\u00e9ment, il dit peu de choses de ses buts ou de ses r\u00e9f\u00e9rents, ni m\u00eame ce sur quoi il s&rsquo;appuie pour agir\u2026 Dans ces diff\u00e9rents points que le narrateur garde bien involontairement implicites, on reconna\u00eet l\u00e0, la <b>\u00abgrille des satellites de l&rsquo;action\u00bb<\/b> de Pierre Vermersch (2005).<\/p>\n<h4 style=\"text-align: justify;\"><strong>3. Analyse de situations \/ Analyse de pratiques<\/strong><\/h4>\n<p style=\"text-align: justify;\">Je dois pr\u00e9ciser que dans le r\u00e9f\u00e9rent du GEASE<sup class='footnote'><a href='#fn-1103-5' id='fnref-1103-5' onclick='return fdfootnote_show(1103)'>5<\/a><\/sup>, est propos\u00e9e par les concepteurs, une grille d&rsquo;\u00e9coute des \u00e9nonciations du \u00ab\u00a0A\u00a0\u00bb, le narrateur, en vue de favoriser le questionnement, dite <b>\u00abgrille des cinq champs\u00bb <\/b>(pour m\u00e9moire ce sont les champs ou domaines suivants : la personne, le groupe, l\u2019institutionnel, le social, puis le didactique\u00a0; Fumat, 2003, pp 41- 69). Cette grille permet d&rsquo;identifier relativement \u00e0 ces rep\u00e8res, les contenus de ce que dit \u00ab\u00a0A\u00a0\u00bb\u00a0\u00a0\u00a0 dans la pr\u00e9sentation de sa situation. Et dans la phase suivante, cette grille permet d\u2019avoir pr\u00e9sent \u00e0 l\u2019esprit ces \u00abcinq champs\u00bb,<b> <\/b>afin de questionner compl\u00e9mentairement le \u00ab\u00a0A\u00a0\u00bb sur ces domaines. Nous voyons bien par les \u00e9l\u00e9ments qu\u2019elle contient, que cette grille a toute <b>son utilit\u00e9 pour l&rsquo;analyse de la situation<\/b> propos\u00e9e par \u00ab\u00a0A\u00a0\u00bb, mais elle s&rsquo;av\u00e8re insuffisante pour aider \u00e0 l&rsquo;analyse de la pratique au sens nous l&rsquo;entendons.<\/p>\n<p style=\"text-align: justify;\">Par la pratique, selon Philippe Perrenoud (1995), il convient d\u2019entendre <b>l\u2019ensemble des actions (activit\u00e9s) successives qui constituent <\/b>\u00abl&rsquo;agir professionnel\u00bb<b> <\/b>qu&rsquo;un sujet effectue dans le cadre de son m\u00e9tier, de son travail, le plus souvent sans y penser. C&rsquo;est justement parce que <b>l&rsquo;action est \u00abune connaissance autonome\u00bb, <\/b>comme le dit Pierre Vermersch (2005), que spontan\u00e9ment le sujet n&rsquo;en parle pas ou y fait r\u00e9f\u00e9rence de fa\u00e7on tr\u00e8s peu d\u00e9taill\u00e9e et trop implicite. Restent notamment implicites les multiples op\u00e9rations effectu\u00e9es et les prises d&rsquo;informations r\u00e9alis\u00e9es, pourtant essentielles \u00e0 l&rsquo;action. Tout ce passe comme si le fait d&rsquo;avoir effectu\u00e9 ces op\u00e9rations rendait inutile leur verbalisation. Or, dans une situation donn\u00e9e, quelle qu&rsquo;elle soit, ce que \u00ab\u00a0A\u00a0\u00bb a pu y r\u00e9aliser, en tant qu&rsquo;acteur \u2013 auteur de la situation, que ce soit sous forme d&rsquo;actions mat\u00e9rialis\u00e9es, mentales ou posturales, est \u00e9videmment essentiel \u00e0 la compr\u00e9hension de la situation et surtout essentiel pour <b>le questionner sur<\/b> <b>sa pratique dans cette situation<\/b>.<\/p>\n<p style=\"text-align: justify;\">Lors de s\u00e9ances d&rsquo;analyse de situations par ces groupes d&rsquo;entra\u00eenement, j&rsquo;ai pu observer que le plus souvent les participants questionnent spontan\u00e9ment\u00a0 le \u00ab\u00a0A\u00a0\u00bb, surtout sur les \u00e9l\u00e9ments du contexte de la situation et beaucoup moins facilement sur \u00able faire\u00bb, sur ses actions et ce qui l&rsquo;a conduit \u00e0 agir comme il l&rsquo;a fait\u2026 Ainsi, par manque de rep\u00e9rage dans l&rsquo;\u00e9coute des \u00e9nonciations du narrateur, les participants ne l&rsquo;am\u00e8nent pas suffisamment \u00e0 verbaliser ce qu&rsquo;il a fait et agi dans la situation, c\u2019est-\u00e0-dire \u00e0 le faire parler de \u00absa pratique\u00bb (voir en annexe quelques exemples comment\u00e9s pour illustrer cela).<\/p>\n<h4 style=\"text-align: justify;\"><strong>4. Passer de l&rsquo;analyse de situations \u00e0 l&rsquo;analyse de pratiques<\/strong><\/h4>\n<p style=\"text-align: justify;\">Pour r\u00e9pondre \u00e0 cet objectif de formation des participants aux techniques de questionnement, lorsque j&rsquo;anime ces <b>groupes d&rsquo;entra\u00eenement \u00e0 l&rsquo;analyse de situations<\/b>, ou encore lorsque je forme des formateurs \u00e0 l\u2019animation de groupes d&rsquo;analyse de pratiques, j&rsquo;introduis cette dimension, que j&rsquo;appelle : \u00ab\u00a0<b><i>Passer progressivement de l&rsquo;analyse de situations professionnelles \u00e0 l&rsquo;analyse de pratiques en situation professionnelle\u00a0\u00bb<\/i><\/b><i>. <\/i>Sans vouloir donner une quelconque mod\u00e9lisation, mais plut\u00f4t pour amener un dialogue avec d&rsquo;autres formateurs, je vais expliquer<i> <\/i>comment je proc\u00e8de dans cette approche. Et par l\u00e0, r\u00e9pondre pour partie et en ce qui me concerne, \u00e0 la question pos\u00e9e plus haut : \u00ab\u00a0<i>Que peut apporter l&rsquo;explicitation \u00e0 l&rsquo;analyse de pratiques ?\u00a0\u00bb<\/i><\/p>\n<p style=\"text-align: justify;\">J&rsquo;ai construit une \u00abgrille d&rsquo;\u00e9coute\u00bb des \u00e9nonciations du \u00ab\u00a0A\u00a0\u00bb, inspir\u00e9e des techniques d\u2019explicitation et qui s&rsquo;applique d\u00e8s la phase 1 \u00e0 la narration, mais \u00e9galement et surtout durant toute la phase 2, au questionnement du \u00ab\u00a0A\u00a0\u00bb\u00a0 par le groupe. Cette grille, chacun va la reconna\u00eetre,<b> comme \u00e9tant celle que tout \u00abB\u00bb (participant questionneur) a dans la t\u00eate lorsqu&rsquo;il accompagne un \u00ab\u00a0A \u00a0\u00bb en explicitation.\u00a0 <\/b>Je la propose ci-dessous dans son int\u00e9gralit\u00e9 telle que je la fournis aux participants et formateurs de ces groupes d&rsquo;entra\u00eenement \u00e0 l&rsquo;analyse de situations (GEASE \/ GEASP):<\/p>\n<h4 style=\"text-align: justify;\"><strong>5.\u00a0Description de la \u00abgrille d\u2019\u00e9coute\u00bb des \u00e9nonciations de\u00a0 \u00ab\u00a0A\u00a0\u00bb<\/strong><\/h4>\n<p style=\"text-align: justify;\">L\u2019objectif d\u2019une telle grille d\u2019\u00e9coute est de servir la m\u00e9diation de la verbalisation de \u00ab\u00a0A\u00a0\u00bb, install\u00e9e par le groupe de participants, en\u00a0 facilitant leur questionnement en direction de sa pratique. Cette verbalisation l\u2019aidant \u00e0 \u00ab\u00a0d\u00e9plier\u00a0\u00bb, mettre \u00e0 jour et mettre en ordre bien des actions ou \u00e9l\u00e9ments rest\u00e9s implicites, y compris pour lui-m\u00eame dans la situation pr\u00e9sent\u00e9e\u00a0; ce qui peut aller jusqu\u2019\u00e0 des prises de conscience fortes sur ce qu\u2019il a fait et mis en \u0153uvre r\u00e9ellement\u2026<\/p>\n<p style=\"text-align: justify;\">Les exemples de questions qui pourraient \u00eatre pos\u00e9es \u00e0 \u00ab\u00a0A\u00a0\u00bb (cit\u00e9es en annexe), nous fournissent la plupart des \u00e9l\u00e9ments vis\u00e9s par cette \u00e9coute si particuli\u00e8re visant \u00e0 relancer par des questions, la verbalisation de la pratique de \u00ab\u00a0A\u00a0\u00bb.<\/p>\n<p style=\"text-align: justify;\">Lorsque l&rsquo;on \u00e9coute, que peut-on entendre plus particuli\u00e8rement\u00a0pour relancer \u00ab\u00a0A\u00a0\u00bb et l&rsquo;amener \u00e0 davantage analyser ses propres pratiques dans la situation ?<\/p>\n<ul style=\"text-align: justify;\">\n<li><b style=\"font-size: 13px; line-height: 19px;\">les verbes d\u2019action <\/b><span style=\"font-size: 13px; line-height: 19px;\">et notamment ceux qui contiennent des op\u00e9rations de base rest\u00e9es implicites (ex.\u00a0: \u00ab\u00a0<\/span><i style=\"font-size: 13px; line-height: 19px;\">J\u2019ai essay\u00e9 de leur expliquer\u2026\u00a0\u00bb <\/i><span style=\"font-size: 13px; line-height: 19px;\">\u00a0ou : \u00ab\u00a0<\/span><i style=\"font-size: 13px; line-height: 19px;\">Et l\u00e0, je me suis dit que\u2026\u00a0\u00bb<\/i><span style=\"font-size: 13px; line-height: 19px;\"> \u00a0ou encore\u00a0: \u00ab\u00a0<\/span><i style=\"font-size: 13px; line-height: 19px;\">J&rsquo;ai pr\u00e9f\u00e9r\u00e9 ne pas insister\u2026 \u00bb<\/i><span style=\"font-size: 13px; line-height: 19px;\">)<\/span><\/li>\n<li><b style=\"font-size: 13px; line-height: 19px;\">les prises d&rsquo;informations faites par \u00ab\u00a0A\u00a0\u00bb<\/b><span style=\"font-size: 13px; line-height: 19px;\"> dans sa situation, informations qui ont peut-\u00eatre pes\u00e9 sur ses d\u00e9cisions d&rsquo;action (ex : \u00ab\u00a0<\/span><i style=\"font-size: 13px; line-height: 19px;\">A ce moment-l\u00e0, j&rsquo;ai compris que<\/i><span style=\"font-size: 13px; line-height: 19px;\">\u2026\u00a0\u00bb ou : \u00ab\u00a0<\/span><i style=\"font-size: 13px; line-height: 19px;\">A ce moment-l\u00e0 j&rsquo;ai eu l&rsquo;impression que j&rsquo;avais vu juste\u2026\u00a0\u00bb\u2026 <\/i><span style=\"font-size: 13px; line-height: 19px;\">et encore<\/span><i style=\"font-size: 13px; line-height: 19px;\">\u00a0: \u00ab\u00a0Je sais qu\u2019il faut faire comme \u00e7a\u00a0!&#8230;\u00bb<\/i><span style=\"font-size: 13px; line-height: 19px;\">)<\/span><\/li>\n<li><b style=\"font-size: 13px; line-height: 19px;\">l\u2019\u00e9nonciation des pronoms<\/b><span style=\"font-size: 13px; line-height: 19px;\">, les \u00abon\u00bb les \u00abnous\u00bb, les \u00ab\u00a0ils\u00bb (\u00ab\u00a0A\u00a0\u00bb parle-t-il \u00e0 la premi\u00e8re personne, en \u00ab\u00a0je\u00a0\u00bb\u00a0?\u2026).<\/span><\/li>\n<li><b style=\"font-size: 13px; line-height: 19px;\">les g\u00e9n\u00e9ralisations<\/b><span style=\"font-size: 13px; line-height: 19px;\">\u00a0du style : \u00ab\u00a0<\/span><i style=\"font-size: 13px; line-height: 19px;\">On sait bien qu&rsquo;avec les \u00e9l\u00e8ves, il vaut mieux faire plut\u00f4t comme ci que comme \u00e7a\u2026\u00a0\u00bb <\/i><span style=\"font-size: 13px; line-height: 19px;\">ou encore\u00a0les croyances : \u00ab\u00a0<\/span><i style=\"font-size: 13px; line-height: 19px;\">Il faut pr\u00e9senter aux \u00e9l\u00e8ves des choses extr\u00eamement structur\u00e9es, si on veut qu\u2019ils apprennent bien et correctement\u2026\u00a0\u00bb<\/i><\/li>\n<li><b style=\"font-size: 13px; line-height: 19px;\">le rapport qu\u2019entretient \u00ab\u00a0A\u00a0\u00bb\u00a0 avec ce dont il parle<\/b><span style=\"font-size: 13px; line-height: 19px;\"> et la fa\u00e7on dont il en parle\u00a0: est-ce un rapport enthousiaste, de conviction, d\u2019h\u00e9sitation, distanci\u00e9, de certitude, impliqu\u00e9, etc.\u00a0?<\/span><\/li>\n<li><b style=\"font-size: 13px; line-height: 19px;\">tout ce qui reste implicite dans la narration et les r\u00e9ponses de \u00ab\u00a0A\u00a0\u00bb<\/b><span style=\"font-size: 13px; line-height: 19px;\"> concernant plus particuli\u00e8rement ses actions, son \u00abagir professionnel\u00bb.<\/span><\/li>\n<\/ul>\n<p style=\"text-align: justify;\">A partir de ces diff\u00e9rents points, <b>le questionnement s\u2019ouvre<\/b> pour faire pr\u00e9ciser au \u00ab\u00a0A\u00a0\u00bb tel ou tel aspect de <b>sa pratique<\/b>\u2026 Par exemple pour les prises d\u2019informations, avec des relances du style\u00a0: \u00ab\u00a0<i>A quoi as-tu vu que\u2026\u00a0?\u00a0\u00bb, <\/i>ou<i>\u00a0:\u00a0\u00ab\u00a0Comment as-tu su que\u2026\u00a0?\u00a0\u00bb <\/i>\u00a0Ou encore pour lui faire \u00ab\u00a0d\u00e9plier\u00a0\u00bb davantage ses actions\u00a0: \u00ab\u00a0<i>Comment tu t\u2019y es pris pour leur expliquer\u2026?\u00a0\u00bb<\/i>, ou\u00a0: \u00ab\u00a0<i>Quand tu leur expliques, tu t\u2019y prends comment\u2026\u00a0?\u00a0\u00bb<\/i>, ou bien\u00a0encore : \u00ab\u00a0<i>Pour leur expliquer, par quoi as-tu commenc\u00e9\u2026\u00a0?\u00a0\u00bb<\/i>\u2026<\/p>\n<p style=\"text-align: justify;\">Bien \u00e9videmment, la pertinence et la hi\u00e9rarchie des diff\u00e9rents points de cette grille \u00e9volueront, selon\u00a0 les situations travaill\u00e9es, mais chacune de ces rubriques constitue des rep\u00e8res importants \u00e0 prendre en compte dans le questionnement pour amener le narrateur \u00ab\u00a0A\u00a0\u00bb<b>, \u00e0 d\u00e9plier davantage ses pratiques<\/b>, plut\u00f4t que de rester constamment sur la description du contexte de la situation et sur ses propres commentaires.<\/p>\n<h4 style=\"text-align: justify;\"><strong>6. Mise en place de cette grille de rep\u00e9rage dans l&rsquo;entra\u00eenement des groupes<\/strong><\/h4>\n<p style=\"text-align: justify;\">Un dernier point, qui concerne cette fois ma pratique, relativement \u00e0 la mise en place de cette grille lors des GEASE \/ GEASP que j\u2019anime : il ne s&rsquo;agit aucunement de bombarder les participants d&rsquo;une grille d&rsquo;\u00e9coute aussi complexe et contre intuitive d\u00e8s la premi\u00e8re s\u00e9ance. Personnellement je pr\u00e9conise de la mettre en place \u00e0 la deuxi\u00e8me voire \u00e0 la troisi\u00e8me s\u00e9ance seulement. Et surtout d&rsquo;introduire cette grille \u00e0 la fin d\u2019un GEASE, <i>a posteriori<\/i>\u00a0 donc, dans la \u00abphase m\u00e9ta\u00bb, par des explications donn\u00e9es en d\u00e9briefing.\u00a0 Je vais pr\u00e9ciser mon propos.<\/p>\n<p style=\"text-align: justify;\">Souvent, les animations de GEASE se font \u00e0 deux animateurs\u2013formateurs\u00a0; l&rsquo;un anime, l&rsquo;autre observe et rendra compte de ce qu&rsquo;il juge \u00eatre int\u00e9ressant \u00e0 renvoyer au groupe dans la \u00abphase m\u00e9ta\u00bb justement. Concernant la mise en place de cette grille, les deux animateurs conviennent de la strat\u00e9gie suivante : celui qui observe notera les questions <b>qui ont \u00e9t\u00e9 pos\u00e9es ou<\/b> <b>qui auraient pu \u00eatre pos\u00e9es en fonction de la grille d&rsquo;\u00e9coute<\/b> (qui n&rsquo;a pas encore \u00e9t\u00e9 donn\u00e9e au pr\u00e9alable, j&rsquo;insiste bien). Le formateur-observateur qui rend compte pointera ces questions un peu particuli\u00e8res et les commentera. La grille, m\u00eame partielle, sera remise \u00e0 ce moment-l\u00e0, expliqu\u00e9e en d\u00e9tail et sera \u00e9galement pr\u00e9sent\u00e9e en rapport avec le but recherch\u00e9 : aller progressivement vers plus d&rsquo;analyse de pratiques \u00e0 partir de l&rsquo;analyse de situations. Les questions relev\u00e9es et comment\u00e9es <b>serviront \u00e0 exemplifier un ou plusieurs des rep\u00e8res aidant au questionnement<\/b> de la pratique du \u00ab\u00a0A\u00a0\u00bb. Au d\u00e9but de la s\u00e9ance suivante de GEASE, cette grille sera r\u00e9activ\u00e9e par l\u2019animateur, comment\u00e9e de nouveau rapidement et remise en perspective au cours de la phase de questionnement, autant que n\u00e9cessaire.<\/p>\n<p style=\"text-align: justify;\">Lorsque l&rsquo;animateur est seul, ce qui est souvent mon cas, je pr\u00e9viens en d\u00e9but de s\u00e9ance que je m&rsquo;autoriserai \u00e0 poser quelques questions \u00e0 la fin de la phase 2. Ce que je fais en posant sciemment deux ou trois questions sur les rep\u00e8res pr\u00e9cis\u00e9s plus haut qui me permettront dans la phase m\u00e9ta d&rsquo;illustrer la grille d&rsquo;\u00e9coute.<\/p>\n<p style=\"text-align: justify;\">Comme il s&rsquo;agit de <b>groupes d&rsquo;entra\u00eenement<\/b>, avec 5 \u00e0 6 s\u00e9ances au minimum par an, il me semble n\u00e9cessaire de mettre en place<i>\u00a0<\/i><b>une progression dans l\u2019approche<i> <\/i>de ce passage de l\u2019analyse de situations \u00e0 davantage d\u2019analyse de pratiques<\/b>, passage qui se manifeste par une posture qui ne va pas de soi et qui n\u00e9cessite attention et implication de la part des participants, mais qui enrichit tellement la capacit\u00e9 \u00e0 questionner la pratique<i>.\u00a0S<\/i>urtout <b>cette grille peut constituer \u00ab\u00a0un fil rouge\u00a0\u00bb <\/b>mis en place au cours des s\u00e9ances successives. Personnellement je pratique ainsi\u00a0: je la distille par petits bouts circonstanci\u00e9s \u00e0 la fin de chaque GEASE, de sorte qu\u2019elle se construit compl\u00e8tement sur 3 ou 4 s\u00e9ances.<\/p>\n<h4 style=\"text-align: justify;\"><strong>7. En conclusion<\/strong><\/h4>\n<p style=\"text-align: justify;\">Pour vous faire part de ma position (et de ma pratique\u00a0!), j&rsquo;ai simplement saisi au bond une question pos\u00e9e lors de nos \u00e9changes sur les formations \u00e0 l&rsquo;explicitation, pour tenter d&rsquo;exprimer un des liens importants que personnellement je mets en place, entre explicitation et analyse de pratiques en groupe.<\/p>\n<p style=\"text-align: justify;\">J&rsquo;ajoute, sans vouloir fermer le d\u00e9bat, ni me l&rsquo;approprier, que ce n&rsquo;est l\u00e0 que l&rsquo;expression de mon point de vue et que d\u2019avance, j\u2019admets la controverse.<\/p>\n<p style=\"text-align: justify;\"><b>\u00a0<\/b><\/p>\n<h4 style=\"text-align: justify;\"><b>Annexe<\/b><\/h4>\n<p style=\"text-align: justify;\"><b>Exemples de questionnements du narrateur pour l\u2019aider \u00e0 explorer davantage sa pratique<\/b><\/p>\n<p style=\"text-align: justify;\">Souvent les participants auront tendance \u00e0 questionner le contexte de la situation dans laquelle\u00a0 \u00ab\u00a0A\u00a0\u00bb \u00a0a d\u00e9roul\u00e9 \u00ab\u00a0sa pratique \u00bb.<\/p>\n<p style=\"text-align: justify;\">Par exemple : Si le \u00ab\u00a0A\u00a0\u00bb vient d\u2019expliquer dans sa situation, qu\u2019il a dit \u00e0 son chef qu\u2019il n\u2019\u00e9tait pas d\u2019accord avec lui sur un sujet X ou Y. Tr\u00e8s souvent la question qui lui sera pos\u00e9e par un participant sera du style\u00a0: \u00ab\u00a0<i>Et quand tu as dit \u00e7a, qu\u2019a dit le chef d\u2019\u00e9tablissement\u00a0?\u00a0\u00bb\u2026<\/i> Ou<i>\u00a0: \u00ab\u00a0Qu\u2019a-t-il fait\u00a0?\u00a0\u00bb \u00a0<\/i>Alors qu\u2019il serait plus judicieux et int\u00e9ressant de lui faire d\u00e9crire <b>comment<\/b> il l\u2019a dit et avec quels mots\u2026 Donc, lui faire d\u00e9crire <b>sa proc\u00e9dure d\u2019action<\/b> de\u00a0 \u00ab\u00a0dire\u00a0\u00bb ; et m\u00eame de lui demander ce <b>qu\u2019il a per\u00e7u<\/b> de la r\u00e9action du chef d\u2019\u00e9tablissement, etc., donc l\u2019aider \u00e0 mettre \u00e0 jour <b>ses propres prises d\u2019informations\u2026 <\/b>Autant d\u2019\u00e9l\u00e9ments\u00a0 rest\u00e9s jusque-l\u00e0 implicites (et d\u2019ailleurs le plus souvent pas \u00e0 la conscience de A) et qui ont pu avoir une incidence sur sa pratique, \u00e0 lui, \u00ab\u00a0A\u00a0\u00bb\u2026<\/p>\n<p style=\"text-align: justify;\">Ou encore, lorsque le narrateur raconte que, devant le mauvais travail d\u2019un \u00e9l\u00e8ve, il a d\u00fb d\u00e9chirer la page fautive\u2026 la question souvent pos\u00e9e par le groupe est\u00a0du genre : \u00ab\u00a0<i>Et l\u2019\u00e9l\u00e8ve il l\u2019a recommenc\u00e9e\u00a0?\u00a0\u00bb <\/i>\u00a0ou\u00a0: \u00ab\u00a0<i>L\u2019exercice \u00e9tait-il mieux r\u00e9ussi apr\u00e8s\u00a0?\u00a0\u00bb<\/i>\u00a0 L\u00e0 encore, sans doute des questions concernant ce qu\u2019il a fait et sur le moment o\u00f9 il l\u2019a fait, seraient plus utiles pour l\u2019amener \u00e0 parler de \u00ab\u00a0sa pratique\u00a0\u00bb\u00a0; des questions telle que\u00a0: \u00ab\u00a0<i>Quand tu lui d\u00e9chires sa page, qu\u2019est-ce que tu cherches\u00a0exactement ?\u00a0\u00bb,<\/i> c\u2019est-\u00e0-dire <b>lui faire d\u00e9crire ses buts<\/b> qui restent non-dits et tr\u00e8s implicites pour le \u00ab\u00a0A\u00a0\u00bb\u00a0lui-m\u00eame ; ou encore lui demander <b>ses prises d\u2019informations<\/b>\u00a0: \u00ab\u00a0<i>A quoi as-tu vu que son travail \u00e9tait mauvais\u00a0?\u00a0\u00bb\u2026 <\/i>Admettons, pour notre exemple que \u00ab\u00a0A\u00a0\u00bb nous dise\u00a0: \u00ab\u00a0<i>Et pourtant, je lui avais expliqu\u00e9 et expliqu\u00e9 encore\u00a0!\u00a0\u00bb<\/i> Ce verbe\u00a0: <b>expliquer<\/b>, action magique et qui participe de notre implicite professionnellement partag\u00e9 d\u2019enseignants est rarement \u00ab\u00a0accroch\u00e9\u00a0\u00bb pour\u00a0 permettre de relancer le questionnement \u00e0 \u00ab\u00a0A\u00a0\u00bb. Et pourtant, il suffirait de lui demander\u00a0: \u00ab\u00a0<i>Tu peux nous dire le plus pr\u00e9cis\u00e9ment possible comment tu as expliqu\u00e9\u00a0?\u00a0\u00bb&#8230;<\/i> ou<i>\u00a0<\/i>aussi\u00a0:<i> \u00ab\u00a0Comment tu t\u2019y es pris pour expliquer\u00a0?\u00a0\u00bb&#8230; \u00ab\u00a0Comment tu as fait\u00a0?\u00a0\u00bb&#8230;<\/i> Ceci afin de lui faire d\u00e9plier son action, \u00ab\u00a0d\u2019expliquer\u00a0\u00bb, qui reste une \u00ab\u00a0m\u00e9ga-proc\u00e9dure\u00a0\u00bb qui dit tout, mais ne d\u00e9crit rien de pr\u00e9cis de ce qu\u2019il a fait\u2026<\/p>\n<p style=\"text-align: justify;\">Toujours sur cet exemple on pourrait aussi lui demander\u00a0: \u00ab\u00a0<i>A quel moment pr\u00e9cis prends-tu la d\u00e9cision d\u2019arracher la page\u00a0?\u00a0\u00bb\u2026 <\/i>De fa\u00e7on \u00e0 le faire revenir sur <b>des moments d\u00e9cisionnels<\/b> de sa pratique\u2026 Et si par exemple encore, \u00e0 ce moment-l\u00e0, r\u00e9pondant\u00a0 \u00e0 une des questions, \u00ab\u00a0A\u00a0\u00bb dit\u00a0: \u00ab\u00a0<i>Je sais qu\u2019avec ce type d\u2019\u00e9l\u00e8ves il faut agir comme \u00e7a\u00a0!\u00a0\u00bb, <\/i>\u00a0pour l\u2019aider <b>\u00e0 questionner ces pr\u00e9jug\u00e9s et ces g\u00e9n\u00e9ralisations<\/b> qui guident implicitement la plupart de nos actions, il faudrait alors lui demander de <b>d\u00e9plier ses r\u00e9f\u00e9rences<\/b> en la mati\u00e8re\u00a0: \u00ab\u00a0<i>D\u2019accord, et quand tu dis cela sur quoi tu te fondes pour l\u2019affirmer\u00a0? Tu peux donner des r\u00e9f\u00e9rences \u00e0 ce savoir\u00a0?\u00a0\u00bb\u2026 \u00ab\u00a0Comment tu le sais\u00a0?\u00a0\u00bb\u00a0<\/i><\/p>\n<p style=\"text-align: justify;\">Toute question qui <b>am\u00e8ne <\/b><b>\u00ab\u00a0A\u00a0\u00bb<\/b><b> \u00e0 verbaliser<\/b> ce sur quoi il passe spontan\u00e9ment tr\u00e8s vite dans sa narration\u00a0 et l\u2019amener \u00e0 voir ce qu\u2019il ne voit pas directement seul, est int\u00e9ressante pour \u00ab\u00a0A\u00a0\u00bb. C\u2019est bien l\u00e0, \u00e0 mon avis le sens <b>de la m\u00e9diation<\/b> que nous souhaitons donner dans nos APP \u00e0 un sujet <b>pour qu\u2019il mette en mot \u00ab\u00a0sa pratique\u00a0\u00bb<\/b>.<b><\/b><\/p>\n<div><\/div>\n<p>&nbsp;<\/p>\n<h4><b>R\u00e9f\u00e9rences bibliographiques<\/b><\/h4>\n<p>Altet, M. (1994). <i>La formation professionnelle des enseignants. Analyse de pratiques et situations p\u00e9dagogiques. <\/i>Paris<i> : <\/i>PUF.<\/p>\n<p>Fumat, Y., Vincens, Cl., &amp; Etienne, R. (2003). <i>Analyser les situations \u00e9ducatives<\/i>. <i>Pratiques et enjeux p\u00e9dagogiques<\/i>. Paris : ESF.<\/p>\n<p>Lamy, M. (2008). Quel lien entre l&rsquo;Entretien d&rsquo;Explicitation et Analyse de pratiques en groupe? <i>Expliciter,<\/i> 76, 10-13. <a href=\"http:\/\/www.grex2.com\/assets\/files\/expliciter\/expliciter_76_octobre_2008_1.pdf\">http:\/\/www.grex2.com\/assets\/files\/expliciter\/expliciter_76_octobre_2008_1.pdf<\/a>.<\/p>\n<p>Lamy, M. (2002). Propos sur le GEASE. <i>Expliciter,<\/i> 43, 1-13.<br \/>\n<a href=\"http:\/\/www.grex2.com\/assets\/files\/expliciter\/43_janvier_2002.pdf\">http:\/\/www.grex2.com\/assets\/files\/expliciter\/43_janvier_2002.pdf<\/a>.<\/p>\n<p>Perrenoud, P., (1995). L&rsquo;analyse collective des pratiques p\u00e9dagogiques peut-elle transformer les praticiens ?<i> <\/i>In <i>L&rsquo;analyse des pratiques en vue du transfert des r\u00e9ussites &#8211; Actes de l&rsquo;Universit\u00e9 d&rsquo;\u00e9t\u00e9 de Saint-Jean d&rsquo;Ang\u00e9ly<\/i>, 28 ao\u00fbt -1<sup>er<\/sup> septembre 1995.<\/p>\n<p>Vermersch, P. (2005). <i>L&rsquo;entretien d&rsquo;explication, en formation initiale et continue. <\/i>5<sup>\u00e8me<\/sup> \u00e9dition Paris : ESF.<\/p>\n<p>&nbsp;<\/p>\n<div><\/div>\n<div>\n<p>&nbsp;<\/p>\n<div><\/div>\n<\/div>\n<a href=\"#\" class=\"shortcode button  \" style=\"background-color: silver;\" target=\"\" onclick=\"\"> Haut de page<\/a>\n<h4><b><br \/>\nNotes<\/b><\/h4>\n<div class='footnotes' id='footnotes-1103'>\n<div class='footnotedivider'><\/div>\n<ol>\n<li id='fn-1103-1'> Cet article a \u00e9t\u00e9 \u00e9labor\u00e9 sur la base d&rsquo;un premier texte, moins d\u00e9taill\u00e9, paru ant\u00e9rieurement (Lamy, 2008) <span class='footnotereverse'><a href='#fnref-1103-1'>&#8617;<\/a><\/span><\/li>\n<li id='fn-1103-2'> <b>G<\/b>roupe de\u00a0<b>R<\/b>echerche en\u00a0<b>EX<\/b>plicitation (GREX)\u00a0; voir\u00a0<a href=\"http:\/\/www.expliciter.fr\/\">www.expliciter.fr<\/a>. <span class='footnotereverse'><a href='#fnref-1103-2'>&#8617;<\/a><\/span><\/li>\n<li id='fn-1103-3'> Voir l&rsquo;article \u00ab\u00a0Propos sur le GEASE\u00a0\u00bb o\u00f9 j&rsquo;expose les diff\u00e9rentes phases de ce cadre, et comment j&rsquo;utilise ce dispositif (Lamy, 2002). <span class='footnotereverse'><a href='#fnref-1103-3'>&#8617;<\/a><\/span><\/li>\n<li id='fn-1103-4'> On emprunte ici la m\u00e9thodologie de Pierre Vermersch (2005), o\u00f9 le \u00ab\u00a0A\u00a0\u00bb d\u00e9signe l\u2019interview\u00e9, le narrateur et le \u00ab\u00a0B\u00a0\u00bb d\u00e9signe le (ou les) interviewer(s), le (les) \u00ab\u00a0questionneur(s)\u00a0\u00bb. <span class='footnotereverse'><a href='#fnref-1103-4'>&#8617;<\/a><\/span><\/li>\n<li id='fn-1103-5'> Fumat, Y., Paturet, J.-B. \u2013 Rapport des Universit\u00e9s d&rsquo;\u00e9t\u00e9 de Montpellier \u2013 1992 et 1993 et plus r\u00e9cemment l&rsquo;ouvrage \u00a0\u00ab\u00a0<i>Analyser les situations \u00e9ducatives\u00a0\u00bb<\/i>\u00a0(2003). <span class='footnotereverse'><a href='#fnref-1103-5'>&#8617;<\/a><\/span><\/li>\n<\/ol>\n<\/div>\n<div id=\"themify_builder_content-1103\" data-postid=\"1103\" class=\"themify_builder_content themify_builder_content-1103 themify_builder themify_builder_front\">\n\n\t<\/div>\n<!-- \/themify_builder_content -->","protected":false},"excerpt":{"rendered":"<p>&nbsp; Maurice Lamy Professeur \u2013 formateur \u00e0 la retraite, 79190 Limalonges maurice.lamy[araobase]wanadoo.fr R\u00e9sum\u00e9 L\u2019article1\u00a0tente d\u2019apporter des rep\u00e8res fonctionnels venus des techniques d\u2019explicitation dans l\u2019animation des dispositifs d\u2019analyse de pratiques en groupe. Il tente aussi de mettre en \u00e9vidence, lors du fonctionnement de ces dispositifs, la diff\u00e9rence \u00e0 op\u00e9rer entre une analyse de situations et une [&hellip;]<\/p>\n","protected":false},"author":2,"featured_media":0,"comment_status":"open","ping_status":"open","sticky":false,"template":"","format":"standard","meta":{"_jetpack_newsletter_access":"","_jetpack_dont_email_post_to_subs":false,"_jetpack_newsletter_tier_id":0,"_jetpack_memberships_contains_paywalled_content":false,"_jetpack_memberships_contains_paid_content":false,"footnotes":""},"categories":[18,51,10,19],"tags":[91,92,90,78,89],"class_list":["post-1103","post","type-post","status-publish","format-standard","hentry","category-9experience","category-maurice-lamy","category-1texte","category-10temoignage","tag-entretien","tag-explicitation","tag-grille-decoute","tag-groupe","tag-situation","has-post-title","no-post-date","has-post-category","has-post-tag","has-post-comment","has-post-author"],"jetpack_featured_media_url":"","jetpack_shortlink":"https:\/\/wp.me\/s3VXfJ-lamy","jetpack_sharing_enabled":true,"_links":{"self":[{"href":"https:\/\/www.analysedepratique.org\/index.php?rest_route=\/wp\/v2\/posts\/1103","targetHints":{"allow":["GET"]}}],"collection":[{"href":"https:\/\/www.analysedepratique.org\/index.php?rest_route=\/wp\/v2\/posts"}],"about":[{"href":"https:\/\/www.analysedepratique.org\/index.php?rest_route=\/wp\/v2\/types\/post"}],"author":[{"embeddable":true,"href":"https:\/\/www.analysedepratique.org\/index.php?rest_route=\/wp\/v2\/users\/2"}],"replies":[{"embeddable":true,"href":"https:\/\/www.analysedepratique.org\/index.php?rest_route=%2Fwp%2Fv2%2Fcomments&post=1103"}],"version-history":[{"count":26,"href":"https:\/\/www.analysedepratique.org\/index.php?rest_route=\/wp\/v2\/posts\/1103\/revisions"}],"predecessor-version":[{"id":4901,"href":"https:\/\/www.analysedepratique.org\/index.php?rest_route=\/wp\/v2\/posts\/1103\/revisions\/4901"}],"wp:attachment":[{"href":"https:\/\/www.analysedepratique.org\/index.php?rest_route=%2Fwp%2Fv2%2Fmedia&parent=1103"}],"wp:term":[{"taxonomy":"category","embeddable":true,"href":"https:\/\/www.analysedepratique.org\/index.php?rest_route=%2Fwp%2Fv2%2Fcategories&post=1103"},{"taxonomy":"post_tag","embeddable":true,"href":"https:\/\/www.analysedepratique.org\/index.php?rest_route=%2Fwp%2Fv2%2Ftags&post=1103"}],"curies":[{"name":"wp","href":"https:\/\/api.w.org\/{rel}","templated":true}]}}